{"id":55795,"date":"2024-11-19T09:49:01","date_gmt":"2024-11-19T12:49:01","guid":{"rendered":"https:\/\/jornalfatosenoticias.com.br\/?p=55795"},"modified":"2024-11-19T09:49:05","modified_gmt":"2024-11-19T12:49:05","slug":"duas-pessoas-teriam-se-comunicado-atraves-de-sonhos-dizem-pesquisadores","status":"publish","type":"post","link":"https:\/\/jornalfatosenoticias.com.br\/index.php\/2024\/11\/19\/duas-pessoas-teriam-se-comunicado-atraves-de-sonhos-dizem-pesquisadores\/","title":{"rendered":"Duas pessoas teriam se comunicado atrav\u00e9s de sonhos, dizem pesquisadores"},"content":{"rendered":"\n<p><em><span class=\"has-inline-color has-black-color\">Empresa afirma que os participantes do experimento conseguiram trocar uma mensagem enquanto dormiam<\/span><\/em><\/p>\n\n\n\n<div class=\"wp-block-image\"><figure class=\"aligncenter size-large\"><a href=\"https:\/\/panper.com.br\/\"><img loading=\"lazy\" decoding=\"async\" width=\"1024\" height=\"111\" src=\"https:\/\/jornalfatosenoticias.com.br\/wp-content\/uploads\/2020\/02\/WhatsApp-Image-2022-09-23-at-12.09.18-1024x111.jpeg\" alt=\"\" class=\"wp-image-34527\" srcset=\"https:\/\/jornalfatosenoticias.com.br\/wp-content\/uploads\/2020\/02\/WhatsApp-Image-2022-09-23-at-12.09.18-1024x111.jpeg 1024w, https:\/\/jornalfatosenoticias.com.br\/wp-content\/uploads\/2020\/02\/WhatsApp-Image-2022-09-23-at-12.09.18-300x32.jpeg 300w, https:\/\/jornalfatosenoticias.com.br\/wp-content\/uploads\/2020\/02\/WhatsApp-Image-2022-09-23-at-12.09.18-768x83.jpeg 768w, https:\/\/jornalfatosenoticias.com.br\/wp-content\/uploads\/2020\/02\/WhatsApp-Image-2022-09-23-at-12.09.18.jpeg 1121w\" sizes=\"auto, (max-width: 1024px) 100vw, 1024px\" \/><\/a><\/figure><\/div>\n\n\n\n<p>Imaginar que, durante o sono, seria poss\u00edvel interagir com amigos, resolver problemas ou adquirir novas habilidades parecia, at\u00e9 pouco tempo, um conceito exclusivo da fic\u00e7\u00e3o cient\u00edfica. No entanto, a empresa REMspace afirma que conseguiu fazer com que duas pessoas se comunicassem por meio de sonhos. A t\u00e9cnica promete abrir novos caminhos na compreens\u00e3o dos sonhos l\u00facidos.<br>Esses estados, nos quais o sonhador toma consci\u00eancia de estar sonhando sem acordar, ocorrem na fase REM do sono, caracterizada por intensa atividade cerebral e a viv\u00eancia de sonhos v\u00edvidos. O experimento realizado pela REMspace teria demonstrado que \u00e9 poss\u00edvel aproveitar esse estado para transmitir mensagens complexas entre pessoas que est\u00e3o sonhando.<\/p>\n\n\n\n<div class=\"wp-block-image\"><figure class=\"aligncenter size-large is-resized\"><a href=\"https:\/\/www.ithbrasil.com.br\/\"><img loading=\"lazy\" decoding=\"async\" src=\"https:\/\/jornalfatosenoticias.com.br\/wp-content\/uploads\/2023\/08\/ITH.jpeg\" alt=\"\" class=\"wp-image-44638\" width=\"306\" height=\"249\" srcset=\"https:\/\/jornalfatosenoticias.com.br\/wp-content\/uploads\/2023\/08\/ITH.jpeg 800w, https:\/\/jornalfatosenoticias.com.br\/wp-content\/uploads\/2023\/08\/ITH-300x244.jpeg 300w, https:\/\/jornalfatosenoticias.com.br\/wp-content\/uploads\/2023\/08\/ITH-768x624.jpeg 768w\" sizes=\"auto, (max-width: 306px) 100vw, 306px\" \/><\/a><\/figure><\/div>\n\n\n\n<p>O avan\u00e7o teria sido poss\u00edvel gra\u00e7as ao uso de um equipamento sofisticado de polissonografia, que monitorava as ondas cerebrais e outros par\u00e2metros dos participantes durante o sono. Quando um deles atingia o estado de sonho l\u00facido, o sistema enviava uma palavra em um idioma inventado chamado Remmyo, desenvolvido especificamente para a comunica\u00e7\u00e3o on\u00edrica. Esse idioma se baseia em t\u00e9cnicas eletromiogr\u00e1ficas que registram impulsos nervosos e musculares, permitindo enviar e receber mensagens em um contexto de sonho.<\/p>\n\n\n\n<div class=\"wp-block-image\"><figure class=\"aligncenter size-large is-resized\"><a href=\"https:\/\/hotelmarquetti.com.br\/\"><img loading=\"lazy\" decoding=\"async\" src=\"https:\/\/jornalfatosenoticias.com.br\/wp-content\/uploads\/2023\/03\/nova-logo-Marquetti.jpg\" alt=\"\" class=\"wp-image-40207\" width=\"334\" height=\"224\" srcset=\"https:\/\/jornalfatosenoticias.com.br\/wp-content\/uploads\/2023\/03\/nova-logo-Marquetti.jpg 643w, https:\/\/jornalfatosenoticias.com.br\/wp-content\/uploads\/2023\/03\/nova-logo-Marquetti-300x202.jpg 300w\" sizes=\"auto, (max-width: 334px) 100vw, 334px\" \/><\/a><\/figure><\/div>\n\n\n\n<p>Segundo a REMspace, a primeira palavra transmitida foi \u201cZhilak\u201d, que o primeiro participante processou e repetiu enquanto sonhava. Alguns minutos depois, o segundo sonhador tamb\u00e9m alcan\u00e7ou o estado REM e recebeu a mesma palavra, conseguindo repeti-la em seu pr\u00f3prio sonho. Ao acordar, ambos confirmaram que a transmiss\u00e3o havia sido bem-sucedida. De acordo com a empresa, esse momento representa a primeira comunica\u00e7\u00e3o efetiva entre duas pessoas em sonhos, um passo em dire\u00e7\u00e3o \u00e0 cria\u00e7\u00e3o de um canal on\u00edrico em tempo real, que poderia mudar a forma como interagimos com o subconsciente.<\/p>\n\n\n\n<div class=\"wp-block-image\"><figure class=\"aligncenter size-large is-resized\"><a href=\"https:\/\/www.instagram.com\/ligadossaborespizzaria\/\"><img loading=\"lazy\" decoding=\"async\" src=\"https:\/\/jornalfatosenoticias.com.br\/wp-content\/uploads\/2020\/02\/WhatsApp-Image-2024-10-02-at-08.18.14-819x1024.jpeg\" alt=\"\" class=\"wp-image-54612\" width=\"285\" height=\"356\" srcset=\"https:\/\/jornalfatosenoticias.com.br\/wp-content\/uploads\/2020\/02\/WhatsApp-Image-2024-10-02-at-08.18.14-819x1024.jpeg 819w, https:\/\/jornalfatosenoticias.com.br\/wp-content\/uploads\/2020\/02\/WhatsApp-Image-2024-10-02-at-08.18.14-240x300.jpeg 240w, https:\/\/jornalfatosenoticias.com.br\/wp-content\/uploads\/2020\/02\/WhatsApp-Image-2024-10-02-at-08.18.14-768x960.jpeg 768w, https:\/\/jornalfatosenoticias.com.br\/wp-content\/uploads\/2020\/02\/WhatsApp-Image-2024-10-02-at-08.18.14.jpeg 1024w\" sizes=\"auto, (max-width: 285px) 100vw, 285px\" \/><\/a><\/figure><\/div>\n\n\n\n<p>Segundo a REMspace, a possibilidade de se comunicar em sonhos abre portas para o tratamento de problemas de sa\u00fade mental. Em teoria, pessoas com traumas ou dificuldades emocionais poderiam se beneficiar de sess\u00f5es de sonho l\u00facido para abordar conflitos, praticar habilidades ou melhorar a regula\u00e7\u00e3o emocional em um ambiente controlado. Essa tecnologia, ao permitir experi\u00eancias intensas e v\u00edvidas sem a necessidade de estar acordado, poderia transformar a terapia psicol\u00f3gica e os m\u00e9todos de aprendizado, oferecendo novas ferramentas para o desenvolvimento pessoal.<\/p>\n\n\n\n<div class=\"wp-block-image\"><figure class=\"aligncenter size-large is-resized\"><a href=\"https:\/\/www.instagram.com\/restaurantepegoretti\/\"><img loading=\"lazy\" decoding=\"async\" src=\"https:\/\/jornalfatosenoticias.com.br\/wp-content\/uploads\/2023\/12\/pegoretti-logo-pdf-1024x389.jpg\" alt=\"\" class=\"wp-image-47536\" width=\"401\" height=\"152\" srcset=\"https:\/\/jornalfatosenoticias.com.br\/wp-content\/uploads\/2023\/12\/pegoretti-logo-pdf-1024x389.jpg 1024w, https:\/\/jornalfatosenoticias.com.br\/wp-content\/uploads\/2023\/12\/pegoretti-logo-pdf-300x114.jpg 300w, https:\/\/jornalfatosenoticias.com.br\/wp-content\/uploads\/2023\/12\/pegoretti-logo-pdf-768x291.jpg 768w, https:\/\/jornalfatosenoticias.com.br\/wp-content\/uploads\/2023\/12\/pegoretti-logo-pdf.jpg 1120w\" sizes=\"auto, (max-width: 401px) 100vw, 401px\" \/><\/a><\/figure><\/div>\n\n\n\n<p>No entanto, nem todos veem esse avan\u00e7o de forma positiva. A possibilidade de transformar o sonho em um espa\u00e7o produtivo gerou debates sobre seu impacto no descanso genu\u00edno e na desconex\u00e3o mental. A interven\u00e7\u00e3o da tecnologia no descanso levanta quest\u00f5es sobre o equil\u00edbrio entre produtividade e descanso.<\/p>\n\n\n\n<div class=\"wp-block-image\"><figure class=\"aligncenter size-large is-resized\"><a href=\"https:\/\/www.instagram.com\/serra4x4cambioautomatico\/\"><img loading=\"lazy\" decoding=\"async\" src=\"https:\/\/jornalfatosenoticias.com.br\/wp-content\/uploads\/2024\/08\/Serra-4x4-1-886x1024.jpg\" alt=\"\" class=\"wp-image-53632\" width=\"309\" height=\"357\" srcset=\"https:\/\/jornalfatosenoticias.com.br\/wp-content\/uploads\/2024\/08\/Serra-4x4-1-886x1024.jpg 886w, https:\/\/jornalfatosenoticias.com.br\/wp-content\/uploads\/2024\/08\/Serra-4x4-1-260x300.jpg 260w, https:\/\/jornalfatosenoticias.com.br\/wp-content\/uploads\/2024\/08\/Serra-4x4-1-768x888.jpg 768w, https:\/\/jornalfatosenoticias.com.br\/wp-content\/uploads\/2024\/08\/Serra-4x4-1.jpg 1181w\" sizes=\"auto, (max-width: 309px) 100vw, 309px\" \/><\/a><\/figure><\/div>\n\n\n\n<p><strong><em>Fonte: <a href=\"https:\/\/www.canalhistory.com.br\/ciencia-e-tecnologia\/duas-pessoas-teriam-se-comunicado-atraves-de-sonhos-dizem-pesquisadores\">History Channel Brasil<\/a><\/em><\/strong><\/p>\n","protected":false},"excerpt":{"rendered":"<p>Empresa afirma que os participantes do experimento conseguiram trocar uma mensagem enquanto dormiam Imaginar que, durante o sono, seria poss\u00edvel interagir com amigos, resolver problemas ou adquirir novas habilidades parecia, at\u00e9 pouco tempo, um conceito exclusivo da fic\u00e7\u00e3o cient\u00edfica. No entanto, a empresa REMspace afirma que conseguiu fazer com que duas pessoas se comunicassem por [&hellip;]<\/p>\n","protected":false},"author":2,"featured_media":55796,"comment_status":"open","ping_status":"open","sticky":false,"template":"","format":"standard","meta":{"footnotes":""},"categories":[2],"tags":[3387,2251,1138],"class_list":["post-55795","post","type-post","status-publish","format-standard","has-post-thumbnail","hentry","category-ciencia","tag-comunicacao","tag-sonhos","tag-sono"],"yoast_head":"<!-- This site is optimized with the Yoast SEO plugin v26.5 - https:\/\/yoast.com\/wordpress\/plugins\/seo\/ -->\n<title>Duas pessoas teriam se comunicado atrav\u00e9s de sonhos, dizem pesquisadores - Jornal Fatos e Not\u00edcias<\/title>\n<meta name=\"robots\" content=\"index, follow, max-snippet:-1, max-image-preview:large, max-video-preview:-1\" \/>\n<link rel=\"canonical\" href=\"https:\/\/jornalfatosenoticias.com.br\/index.php\/2024\/11\/19\/duas-pessoas-teriam-se-comunicado-atraves-de-sonhos-dizem-pesquisadores\/\" \/>\n<meta property=\"og:locale\" content=\"pt_BR\" \/>\n<meta property=\"og:type\" content=\"article\" \/>\n<meta property=\"og:title\" content=\"Duas pessoas teriam se comunicado atrav\u00e9s de sonhos, dizem pesquisadores - Jornal Fatos e Not\u00edcias\" \/>\n<meta property=\"og:description\" content=\"Empresa afirma que os participantes do experimento conseguiram trocar uma mensagem enquanto dormiam Imaginar que, durante o sono, seria poss\u00edvel interagir com amigos, resolver problemas ou adquirir novas habilidades parecia, at\u00e9 pouco tempo, um conceito exclusivo da fic\u00e7\u00e3o cient\u00edfica. No entanto, a empresa REMspace afirma que conseguiu fazer com que duas pessoas se comunicassem por [&hellip;]\" \/>\n<meta property=\"og:url\" content=\"https:\/\/jornalfatosenoticias.com.br\/index.php\/2024\/11\/19\/duas-pessoas-teriam-se-comunicado-atraves-de-sonhos-dizem-pesquisadores\/\" \/>\n<meta property=\"og:site_name\" content=\"Jornal Fatos e Not\u00edcias\" \/>\n<meta property=\"article:published_time\" content=\"2024-11-19T12:49:01+00:00\" \/>\n<meta property=\"article:modified_time\" content=\"2024-11-19T12:49:05+00:00\" \/>\n<meta property=\"og:image\" content=\"https:\/\/jornalfatosenoticias.com.br\/wp-content\/uploads\/2024\/11\/conexao-atraves-de-sonhos_istock.jpg\" \/>\n\t<meta property=\"og:image:width\" content=\"612\" \/>\n\t<meta property=\"og:image:height\" content=\"359\" \/>\n\t<meta property=\"og:image:type\" content=\"image\/jpeg\" \/>\n<meta name=\"author\" content=\"Luzimara Fernandes\" \/>\n<meta name=\"twitter:card\" content=\"summary_large_image\" \/>\n<meta name=\"twitter:label1\" content=\"Escrito por\" \/>\n\t<meta name=\"twitter:data1\" content=\"Luzimara Fernandes\" \/>\n\t<meta name=\"twitter:label2\" content=\"Est. tempo de leitura\" \/>\n\t<meta name=\"twitter:data2\" content=\"2 minutos\" \/>\n<script type=\"application\/ld+json\" class=\"yoast-schema-graph\">{\"@context\":\"https:\/\/schema.org\",\"@graph\":[{\"@type\":\"Article\",\"@id\":\"https:\/\/jornalfatosenoticias.com.br\/index.php\/2024\/11\/19\/duas-pessoas-teriam-se-comunicado-atraves-de-sonhos-dizem-pesquisadores\/#article\",\"isPartOf\":{\"@id\":\"https:\/\/jornalfatosenoticias.com.br\/index.php\/2024\/11\/19\/duas-pessoas-teriam-se-comunicado-atraves-de-sonhos-dizem-pesquisadores\/\"},\"author\":{\"name\":\"Luzimara Fernandes\",\"@id\":\"https:\/\/jornalfatosenoticias.com.br\/#\/schema\/person\/d63837fa13ac8666eb9e74e0985d6f81\"},\"headline\":\"Duas pessoas teriam se comunicado atrav\u00e9s de sonhos, dizem pesquisadores\",\"datePublished\":\"2024-11-19T12:49:01+00:00\",\"dateModified\":\"2024-11-19T12:49:05+00:00\",\"mainEntityOfPage\":{\"@id\":\"https:\/\/jornalfatosenoticias.com.br\/index.php\/2024\/11\/19\/duas-pessoas-teriam-se-comunicado-atraves-de-sonhos-dizem-pesquisadores\/\"},\"wordCount\":471,\"commentCount\":0,\"publisher\":{\"@id\":\"https:\/\/jornalfatosenoticias.com.br\/#organization\"},\"image\":{\"@id\":\"https:\/\/jornalfatosenoticias.com.br\/index.php\/2024\/11\/19\/duas-pessoas-teriam-se-comunicado-atraves-de-sonhos-dizem-pesquisadores\/#primaryimage\"},\"thumbnailUrl\":\"https:\/\/jornalfatosenoticias.com.br\/wp-content\/uploads\/2024\/11\/conexao-atraves-de-sonhos_istock.jpg\",\"keywords\":[\"comunica\u00e7\u00e3o\",\"sonhos\",\"sono\"],\"articleSection\":[\"Ci\u00eancia\"],\"inLanguage\":\"pt-BR\",\"potentialAction\":[{\"@type\":\"CommentAction\",\"name\":\"Comment\",\"target\":[\"https:\/\/jornalfatosenoticias.com.br\/index.php\/2024\/11\/19\/duas-pessoas-teriam-se-comunicado-atraves-de-sonhos-dizem-pesquisadores\/#respond\"]}]},{\"@type\":\"WebPage\",\"@id\":\"https:\/\/jornalfatosenoticias.com.br\/index.php\/2024\/11\/19\/duas-pessoas-teriam-se-comunicado-atraves-de-sonhos-dizem-pesquisadores\/\",\"url\":\"https:\/\/jornalfatosenoticias.com.br\/index.php\/2024\/11\/19\/duas-pessoas-teriam-se-comunicado-atraves-de-sonhos-dizem-pesquisadores\/\",\"name\":\"Duas pessoas teriam se comunicado atrav\u00e9s de sonhos, dizem pesquisadores - Jornal Fatos e Not\u00edcias\",\"isPartOf\":{\"@id\":\"https:\/\/jornalfatosenoticias.com.br\/#website\"},\"primaryImageOfPage\":{\"@id\":\"https:\/\/jornalfatosenoticias.com.br\/index.php\/2024\/11\/19\/duas-pessoas-teriam-se-comunicado-atraves-de-sonhos-dizem-pesquisadores\/#primaryimage\"},\"image\":{\"@id\":\"https:\/\/jornalfatosenoticias.com.br\/index.php\/2024\/11\/19\/duas-pessoas-teriam-se-comunicado-atraves-de-sonhos-dizem-pesquisadores\/#primaryimage\"},\"thumbnailUrl\":\"https:\/\/jornalfatosenoticias.com.br\/wp-content\/uploads\/2024\/11\/conexao-atraves-de-sonhos_istock.jpg\",\"datePublished\":\"2024-11-19T12:49:01+00:00\",\"dateModified\":\"2024-11-19T12:49:05+00:00\",\"breadcrumb\":{\"@id\":\"https:\/\/jornalfatosenoticias.com.br\/index.php\/2024\/11\/19\/duas-pessoas-teriam-se-comunicado-atraves-de-sonhos-dizem-pesquisadores\/#breadcrumb\"},\"inLanguage\":\"pt-BR\",\"potentialAction\":[{\"@type\":\"ReadAction\",\"target\":[\"https:\/\/jornalfatosenoticias.com.br\/index.php\/2024\/11\/19\/duas-pessoas-teriam-se-comunicado-atraves-de-sonhos-dizem-pesquisadores\/\"]}]},{\"@type\":\"ImageObject\",\"inLanguage\":\"pt-BR\",\"@id\":\"https:\/\/jornalfatosenoticias.com.br\/index.php\/2024\/11\/19\/duas-pessoas-teriam-se-comunicado-atraves-de-sonhos-dizem-pesquisadores\/#primaryimage\",\"url\":\"https:\/\/jornalfatosenoticias.com.br\/wp-content\/uploads\/2024\/11\/conexao-atraves-de-sonhos_istock.jpg\",\"contentUrl\":\"https:\/\/jornalfatosenoticias.com.br\/wp-content\/uploads\/2024\/11\/conexao-atraves-de-sonhos_istock.jpg\",\"width\":612,\"height\":359,\"caption\":\"Blue space man and woman look at each other on a black background\"},{\"@type\":\"BreadcrumbList\",\"@id\":\"https:\/\/jornalfatosenoticias.com.br\/index.php\/2024\/11\/19\/duas-pessoas-teriam-se-comunicado-atraves-de-sonhos-dizem-pesquisadores\/#breadcrumb\",\"itemListElement\":[{\"@type\":\"ListItem\",\"position\":1,\"name\":\"In\u00edcio\",\"item\":\"https:\/\/jornalfatosenoticias.com.br\/\"},{\"@type\":\"ListItem\",\"position\":2,\"name\":\"Duas pessoas teriam se comunicado atrav\u00e9s de sonhos, dizem pesquisadores\"}]},{\"@type\":\"WebSite\",\"@id\":\"https:\/\/jornalfatosenoticias.com.br\/#website\",\"url\":\"https:\/\/jornalfatosenoticias.com.br\/\",\"name\":\"Jornal Fatos e Not\u00edcias\",\"description\":\"Not\u00edcias em geral\",\"publisher\":{\"@id\":\"https:\/\/jornalfatosenoticias.com.br\/#organization\"},\"potentialAction\":[{\"@type\":\"SearchAction\",\"target\":{\"@type\":\"EntryPoint\",\"urlTemplate\":\"https:\/\/jornalfatosenoticias.com.br\/?s={search_term_string}\"},\"query-input\":{\"@type\":\"PropertyValueSpecification\",\"valueRequired\":true,\"valueName\":\"search_term_string\"}}],\"inLanguage\":\"pt-BR\"},{\"@type\":\"Organization\",\"@id\":\"https:\/\/jornalfatosenoticias.com.br\/#organization\",\"name\":\"Jornal Fatos e Not\u00edcias\",\"url\":\"https:\/\/jornalfatosenoticias.com.br\/\",\"logo\":{\"@type\":\"ImageObject\",\"inLanguage\":\"pt-BR\",\"@id\":\"https:\/\/jornalfatosenoticias.com.br\/#\/schema\/logo\/image\/\",\"url\":\"https:\/\/jornalfatosenoticias.com.br\/wp-content\/uploads\/2020\/02\/logo120.png\",\"contentUrl\":\"https:\/\/jornalfatosenoticias.com.br\/wp-content\/uploads\/2020\/02\/logo120.png\",\"width\":1227,\"height\":120,\"caption\":\"Jornal Fatos e Not\u00edcias\"},\"image\":{\"@id\":\"https:\/\/jornalfatosenoticias.com.br\/#\/schema\/logo\/image\/\"}},{\"@type\":\"Person\",\"@id\":\"https:\/\/jornalfatosenoticias.com.br\/#\/schema\/person\/d63837fa13ac8666eb9e74e0985d6f81\",\"name\":\"Luzimara Fernandes\",\"image\":{\"@type\":\"ImageObject\",\"inLanguage\":\"pt-BR\",\"@id\":\"https:\/\/jornalfatosenoticias.com.br\/#\/schema\/person\/image\/\",\"url\":\"https:\/\/jornalfatosenoticias.com.br\/wp-content\/uploads\/2025\/05\/EU_portal.jpg\",\"contentUrl\":\"https:\/\/jornalfatosenoticias.com.br\/wp-content\/uploads\/2025\/05\/EU_portal.jpg\",\"caption\":\"Luzimara Fernandes\"},\"description\":\"Jornalista MTB 2358-ES\",\"sameAs\":[\"https:\/\/jornalfatosenoticias.com.br\"],\"url\":\"https:\/\/jornalfatosenoticias.com.br\/index.php\/author\/luzimara\/\"}]}<\/script>\n<!-- \/ Yoast SEO plugin. -->","yoast_head_json":{"title":"Duas pessoas teriam se comunicado atrav\u00e9s de sonhos, dizem pesquisadores - Jornal Fatos e Not\u00edcias","robots":{"index":"index","follow":"follow","max-snippet":"max-snippet:-1","max-image-preview":"max-image-preview:large","max-video-preview":"max-video-preview:-1"},"canonical":"https:\/\/jornalfatosenoticias.com.br\/index.php\/2024\/11\/19\/duas-pessoas-teriam-se-comunicado-atraves-de-sonhos-dizem-pesquisadores\/","og_locale":"pt_BR","og_type":"article","og_title":"Duas pessoas teriam se comunicado atrav\u00e9s de sonhos, dizem pesquisadores - Jornal Fatos e Not\u00edcias","og_description":"Empresa afirma que os participantes do experimento conseguiram trocar uma mensagem enquanto dormiam Imaginar que, durante o sono, seria poss\u00edvel interagir com amigos, resolver problemas ou adquirir novas habilidades parecia, at\u00e9 pouco tempo, um conceito exclusivo da fic\u00e7\u00e3o cient\u00edfica. No entanto, a empresa REMspace afirma que conseguiu fazer com que duas pessoas se comunicassem por [&hellip;]","og_url":"https:\/\/jornalfatosenoticias.com.br\/index.php\/2024\/11\/19\/duas-pessoas-teriam-se-comunicado-atraves-de-sonhos-dizem-pesquisadores\/","og_site_name":"Jornal Fatos e Not\u00edcias","article_published_time":"2024-11-19T12:49:01+00:00","article_modified_time":"2024-11-19T12:49:05+00:00","og_image":[{"width":612,"height":359,"url":"https:\/\/jornalfatosenoticias.com.br\/wp-content\/uploads\/2024\/11\/conexao-atraves-de-sonhos_istock.jpg","type":"image\/jpeg"}],"author":"Luzimara Fernandes","twitter_card":"summary_large_image","twitter_misc":{"Escrito por":"Luzimara Fernandes","Est. tempo de leitura":"2 minutos"},"schema":{"@context":"https:\/\/schema.org","@graph":[{"@type":"Article","@id":"https:\/\/jornalfatosenoticias.com.br\/index.php\/2024\/11\/19\/duas-pessoas-teriam-se-comunicado-atraves-de-sonhos-dizem-pesquisadores\/#article","isPartOf":{"@id":"https:\/\/jornalfatosenoticias.com.br\/index.php\/2024\/11\/19\/duas-pessoas-teriam-se-comunicado-atraves-de-sonhos-dizem-pesquisadores\/"},"author":{"name":"Luzimara Fernandes","@id":"https:\/\/jornalfatosenoticias.com.br\/#\/schema\/person\/d63837fa13ac8666eb9e74e0985d6f81"},"headline":"Duas pessoas teriam se comunicado atrav\u00e9s de sonhos, dizem pesquisadores","datePublished":"2024-11-19T12:49:01+00:00","dateModified":"2024-11-19T12:49:05+00:00","mainEntityOfPage":{"@id":"https:\/\/jornalfatosenoticias.com.br\/index.php\/2024\/11\/19\/duas-pessoas-teriam-se-comunicado-atraves-de-sonhos-dizem-pesquisadores\/"},"wordCount":471,"commentCount":0,"publisher":{"@id":"https:\/\/jornalfatosenoticias.com.br\/#organization"},"image":{"@id":"https:\/\/jornalfatosenoticias.com.br\/index.php\/2024\/11\/19\/duas-pessoas-teriam-se-comunicado-atraves-de-sonhos-dizem-pesquisadores\/#primaryimage"},"thumbnailUrl":"https:\/\/jornalfatosenoticias.com.br\/wp-content\/uploads\/2024\/11\/conexao-atraves-de-sonhos_istock.jpg","keywords":["comunica\u00e7\u00e3o","sonhos","sono"],"articleSection":["Ci\u00eancia"],"inLanguage":"pt-BR","potentialAction":[{"@type":"CommentAction","name":"Comment","target":["https:\/\/jornalfatosenoticias.com.br\/index.php\/2024\/11\/19\/duas-pessoas-teriam-se-comunicado-atraves-de-sonhos-dizem-pesquisadores\/#respond"]}]},{"@type":"WebPage","@id":"https:\/\/jornalfatosenoticias.com.br\/index.php\/2024\/11\/19\/duas-pessoas-teriam-se-comunicado-atraves-de-sonhos-dizem-pesquisadores\/","url":"https:\/\/jornalfatosenoticias.com.br\/index.php\/2024\/11\/19\/duas-pessoas-teriam-se-comunicado-atraves-de-sonhos-dizem-pesquisadores\/","name":"Duas pessoas teriam se comunicado atrav\u00e9s de sonhos, dizem pesquisadores - Jornal Fatos e Not\u00edcias","isPartOf":{"@id":"https:\/\/jornalfatosenoticias.com.br\/#website"},"primaryImageOfPage":{"@id":"https:\/\/jornalfatosenoticias.com.br\/index.php\/2024\/11\/19\/duas-pessoas-teriam-se-comunicado-atraves-de-sonhos-dizem-pesquisadores\/#primaryimage"},"image":{"@id":"https:\/\/jornalfatosenoticias.com.br\/index.php\/2024\/11\/19\/duas-pessoas-teriam-se-comunicado-atraves-de-sonhos-dizem-pesquisadores\/#primaryimage"},"thumbnailUrl":"https:\/\/jornalfatosenoticias.com.br\/wp-content\/uploads\/2024\/11\/conexao-atraves-de-sonhos_istock.jpg","datePublished":"2024-11-19T12:49:01+00:00","dateModified":"2024-11-19T12:49:05+00:00","breadcrumb":{"@id":"https:\/\/jornalfatosenoticias.com.br\/index.php\/2024\/11\/19\/duas-pessoas-teriam-se-comunicado-atraves-de-sonhos-dizem-pesquisadores\/#breadcrumb"},"inLanguage":"pt-BR","potentialAction":[{"@type":"ReadAction","target":["https:\/\/jornalfatosenoticias.com.br\/index.php\/2024\/11\/19\/duas-pessoas-teriam-se-comunicado-atraves-de-sonhos-dizem-pesquisadores\/"]}]},{"@type":"ImageObject","inLanguage":"pt-BR","@id":"https:\/\/jornalfatosenoticias.com.br\/index.php\/2024\/11\/19\/duas-pessoas-teriam-se-comunicado-atraves-de-sonhos-dizem-pesquisadores\/#primaryimage","url":"https:\/\/jornalfatosenoticias.com.br\/wp-content\/uploads\/2024\/11\/conexao-atraves-de-sonhos_istock.jpg","contentUrl":"https:\/\/jornalfatosenoticias.com.br\/wp-content\/uploads\/2024\/11\/conexao-atraves-de-sonhos_istock.jpg","width":612,"height":359,"caption":"Blue space man and woman look at each other on a black background"},{"@type":"BreadcrumbList","@id":"https:\/\/jornalfatosenoticias.com.br\/index.php\/2024\/11\/19\/duas-pessoas-teriam-se-comunicado-atraves-de-sonhos-dizem-pesquisadores\/#breadcrumb","itemListElement":[{"@type":"ListItem","position":1,"name":"In\u00edcio","item":"https:\/\/jornalfatosenoticias.com.br\/"},{"@type":"ListItem","position":2,"name":"Duas pessoas teriam se comunicado atrav\u00e9s de sonhos, dizem pesquisadores"}]},{"@type":"WebSite","@id":"https:\/\/jornalfatosenoticias.com.br\/#website","url":"https:\/\/jornalfatosenoticias.com.br\/","name":"Jornal Fatos e Not\u00edcias","description":"Not\u00edcias em geral","publisher":{"@id":"https:\/\/jornalfatosenoticias.com.br\/#organization"},"potentialAction":[{"@type":"SearchAction","target":{"@type":"EntryPoint","urlTemplate":"https:\/\/jornalfatosenoticias.com.br\/?s={search_term_string}"},"query-input":{"@type":"PropertyValueSpecification","valueRequired":true,"valueName":"search_term_string"}}],"inLanguage":"pt-BR"},{"@type":"Organization","@id":"https:\/\/jornalfatosenoticias.com.br\/#organization","name":"Jornal Fatos e Not\u00edcias","url":"https:\/\/jornalfatosenoticias.com.br\/","logo":{"@type":"ImageObject","inLanguage":"pt-BR","@id":"https:\/\/jornalfatosenoticias.com.br\/#\/schema\/logo\/image\/","url":"https:\/\/jornalfatosenoticias.com.br\/wp-content\/uploads\/2020\/02\/logo120.png","contentUrl":"https:\/\/jornalfatosenoticias.com.br\/wp-content\/uploads\/2020\/02\/logo120.png","width":1227,"height":120,"caption":"Jornal Fatos e Not\u00edcias"},"image":{"@id":"https:\/\/jornalfatosenoticias.com.br\/#\/schema\/logo\/image\/"}},{"@type":"Person","@id":"https:\/\/jornalfatosenoticias.com.br\/#\/schema\/person\/d63837fa13ac8666eb9e74e0985d6f81","name":"Luzimara Fernandes","image":{"@type":"ImageObject","inLanguage":"pt-BR","@id":"https:\/\/jornalfatosenoticias.com.br\/#\/schema\/person\/image\/","url":"https:\/\/jornalfatosenoticias.com.br\/wp-content\/uploads\/2025\/05\/EU_portal.jpg","contentUrl":"https:\/\/jornalfatosenoticias.com.br\/wp-content\/uploads\/2025\/05\/EU_portal.jpg","caption":"Luzimara Fernandes"},"description":"Jornalista MTB 2358-ES","sameAs":["https:\/\/jornalfatosenoticias.com.br"],"url":"https:\/\/jornalfatosenoticias.com.br\/index.php\/author\/luzimara\/"}]}},"cc_featured_image_caption":{"caption_text":"(Foto: iStock) ","source_text":"","source_url":""},"jetpack_featured_media_url":"https:\/\/jornalfatosenoticias.com.br\/wp-content\/uploads\/2024\/11\/conexao-atraves-de-sonhos_istock.jpg","_links":{"self":[{"href":"https:\/\/jornalfatosenoticias.com.br\/index.php\/wp-json\/wp\/v2\/posts\/55795","targetHints":{"allow":["GET"]}}],"collection":[{"href":"https:\/\/jornalfatosenoticias.com.br\/index.php\/wp-json\/wp\/v2\/posts"}],"about":[{"href":"https:\/\/jornalfatosenoticias.com.br\/index.php\/wp-json\/wp\/v2\/types\/post"}],"author":[{"embeddable":true,"href":"https:\/\/jornalfatosenoticias.com.br\/index.php\/wp-json\/wp\/v2\/users\/2"}],"replies":[{"embeddable":true,"href":"https:\/\/jornalfatosenoticias.com.br\/index.php\/wp-json\/wp\/v2\/comments?post=55795"}],"version-history":[{"count":0,"href":"https:\/\/jornalfatosenoticias.com.br\/index.php\/wp-json\/wp\/v2\/posts\/55795\/revisions"}],"wp:featuredmedia":[{"embeddable":true,"href":"https:\/\/jornalfatosenoticias.com.br\/index.php\/wp-json\/wp\/v2\/media\/55796"}],"wp:attachment":[{"href":"https:\/\/jornalfatosenoticias.com.br\/index.php\/wp-json\/wp\/v2\/media?parent=55795"}],"wp:term":[{"taxonomy":"category","embeddable":true,"href":"https:\/\/jornalfatosenoticias.com.br\/index.php\/wp-json\/wp\/v2\/categories?post=55795"},{"taxonomy":"post_tag","embeddable":true,"href":"https:\/\/jornalfatosenoticias.com.br\/index.php\/wp-json\/wp\/v2\/tags?post=55795"}],"curies":[{"name":"wp","href":"https:\/\/api.w.org\/{rel}","templated":true}]}}