{"id":5580,"date":"2020-06-17T09:14:31","date_gmt":"2020-06-17T12:14:31","guid":{"rendered":"https:\/\/jornalfatosenoticias.com.br\/?p=5580"},"modified":"2020-06-17T09:14:35","modified_gmt":"2020-06-17T12:14:35","slug":"pesquisa-de-brasileiros-sobre-tratamento-de-avc-repercute-no-exterior","status":"publish","type":"post","link":"https:\/\/jornalfatosenoticias.com.br\/index.php\/2020\/06\/17\/pesquisa-de-brasileiros-sobre-tratamento-de-avc-repercute-no-exterior\/","title":{"rendered":"Pesquisa de brasileiros sobre tratamento de AVC repercute no exterior"},"content":{"rendered":"\n<h6 class=\"wp-block-heading\"><em>Estudo prop\u00f5e uso da trombectomia mec\u00e2nica na rede de sa\u00fade p\u00fablica<\/em><\/h6>\n\n\n\n<p>Um estudo feito por pesquisadores brasileiros para comprovar a seguran\u00e7a e efic\u00e1cia da trombectomia mec\u00e2nica no Sistema \u00danico de Sa\u00fade (SUS) para tratamento de casos agudos de acidente vascular cerebral (AVC) isqu\u00eamico foi publicado pelo <a rel=\"noreferrer noopener\" href=\"https:\/\/www.nejm.org\/doi\/full\/10.1056\/NEJMoa2000120?query=featured_home\" target=\"_blank\"><em>The New England Journal Of Medicine<\/em><\/a>, uma das mais prestigiadas revistas na \u00e1rea da medicina.<br>Resultado de uma parceria entre o Minist\u00e9rio da Sa\u00fade e a Rede Brasil AVC, o estudo Resilient sugere a ado\u00e7\u00e3o do tratamento na sa\u00fade p\u00fablica do Brasil. O <a rel=\"noreferrer noopener\" href=\"https:\/\/agenciabrasil.ebc.com.br\/saude\/noticia\/2020-03\/estudo-no-sus-confirma-eficacia-de-cateter-em-caso-de-avc-isquemico\" target=\"_blank\">acidente vascular cerebral isqu\u00eamico<\/a>\u00a0\u00e9 o tipo mais frequente de AVC e ocorre quando um vaso sangu\u00edneo que irriga o c\u00e9rebro \u00e9 entupido por um co\u00e1gulo ou trombo. Quando esse entupimento provoca a ruptura do vaso, o AVC se torna hemorr\u00e1gico, o que ocorre em 15% dos casos.<br>\u201cEsses resultados e essa publica\u00e7\u00e3o s\u00e3o muito importantes para o Brasil, porque colocam o Pa\u00eds no cen\u00e1rio internacional, na revista m\u00e9dica mais importante do mundo&#8221;, diz a fundadora da Rede Brasil AVC e vice-presidente da Organiza\u00e7\u00e3o Mundial do AVC, Sheila Martins, que coordenou o estudo. Segundo Sheila, a pesquisa mostra que o tratamento funciona no sistema p\u00fablico de um pa\u00eds em desenvolvimento. &#8220;Ele \u00e9 efetivo, ele \u00e9 fact\u00edvel de ser implementado e ele \u00e9 custo-efetivo\u201d, afirmou.<br>\u201cO estudo mostrou para o mundo que outros pa\u00edses em desenvolvimento tamb\u00e9m podem implementar esse tratamento. O estudo teve uma grande repercuss\u00e3o internacional. Grandes universidades e nomes da neurologia vascular do mundo t\u00eam comentado o estudo e falado sobre a import\u00e2ncia dele. Isso mostra a import\u00e2ncia dessa pesquisa n\u00e3o s\u00f3 para o Brasil, mas tamb\u00e9m para outros pa\u00edses\u201d, acrescentou a m\u00e9dica.<br>A trombectomia funciona como um cateterismo, em que um cateter \u00e9 usado no AVC isqu\u00eamico para desobstruir um vaso sangu\u00edneo no c\u00e9rebro de forma mec\u00e2nica, removendo o co\u00e1gulo com o uso de um stent ou por suc\u00e7\u00e3o. O tratamento usado atualmente \u00e9 a tromb\u00f3lise, em que se administra medica\u00e7\u00e3o na veia para dissolver o co\u00e1gulo que interrompe a circula\u00e7\u00e3o cerebral. Os medicamentos s\u00e3o chamados de trombol\u00edticos e s\u00e3o eficazes nos AVCs menores.<br>No entanto, no AVC isqu\u00eamico agudo, quando h\u00e1 obstru\u00e7\u00e3o de grandes vasos, o tratamento por tromb\u00f3lise intravenosa est\u00e1 associado a baixas taxas de efic\u00e1cia. Nesses casos, a trombectomia mec\u00e2nica representa uma alternativa terap\u00eautica mais eficaz.<br>Os pesquisadores conclu\u00edram que, quando comparada aos tratamentos medicamentosos que est\u00e3o no SUS, a trombectomia mec\u00e2nica aumenta de 21% para 35% a independ\u00eancia funcional do paciente, al\u00e9m de diminuir em 16% a mortalidade ou o risco de depend\u00eancia grave. As pessoas que receberam a trombectomia tiveram 2,6 vezes mais chances de ficar independentes, ou seja, sem precisar de outras pessoas para as atividades di\u00e1rias, e tiveram 3,4 vezes mais chances de ficar sem sequela alguma na compara\u00e7\u00e3o com pacientes que fizeram apenas tratamento cl\u00ednico.<br>Segundo a Rede Brasil AVC, o uso do cateter j\u00e1 ocorre em 68 hospitais privados do Pa\u00eds e \u00e9 uma realidade na rede p\u00fablica de outros pa\u00edses, como o Canad\u00e1 e o Chile. A ado\u00e7\u00e3o da trombectomia no SUS depende da aprova\u00e7\u00e3o da Comiss\u00e3o Nacional de Incorpora\u00e7\u00e3o de Tecnologias no Sistema \u00danico de Sa\u00fade (Conitec). O estudo j\u00e1 foi submetido \u00e0 Conitec e aguarda aprova\u00e7\u00e3o.<br>\u201cA aplica\u00e7\u00e3o da trombectomia no SUS depende da aprova\u00e7\u00e3o da Comiss\u00e3o Nacional de Incorpora\u00e7\u00e3o de Tecnologia no Sistema \u00danico de Sa\u00fade (Conitec). Tivemos uma reuni\u00e3o em mar\u00e7o com o Minist\u00e9rio da Sa\u00fade, em um grande evento, no Rio de Janeiro, antes da pandemia e ficou acordado que n\u00f3s submeter\u00edamos, como pesquisadores apoiados por todas as nossas sociedades, a solicita\u00e7\u00e3o de incorpora\u00e7\u00e3o [do procedimento]. Isso foi feito, na \u00faltima semana, junto com a publica\u00e7\u00e3o no renomado The New England Journal Of Medicine, j\u00e1 encaminhando os resultados oficiais\u201d, disse Sheila Martins.<\/p>\n\n\n\n<p><em><strong>Fonte: <a href=\"https:\/\/agenciabrasil.ebc.com.br\/saude\/noticia\/2020-06\/pesquisa-de-brasileiros-sobre-tratamento-de-avc-repercute-no-exterior\">Ag\u00eancia Brasil<\/a><\/strong><\/em><\/p>\n","protected":false},"excerpt":{"rendered":"<p>Estudo prop\u00f5e uso da trombectomia mec\u00e2nica na rede de sa\u00fade p\u00fablica Um estudo feito por pesquisadores brasileiros para comprovar a seguran\u00e7a e efic\u00e1cia da trombectomia mec\u00e2nica no Sistema \u00danico de Sa\u00fade (SUS) para tratamento de casos agudos de acidente vascular cerebral (AVC) isqu\u00eamico foi publicado pelo The New England Journal Of Medicine, uma das mais [&hellip;]<\/p>\n","protected":false},"author":2,"featured_media":5581,"comment_status":"open","ping_status":"open","sticky":false,"template":"","format":"standard","meta":{"footnotes":""},"categories":[11],"tags":[3346,3347,126,3348,3349],"class_list":["post-5580","post","type-post","status-publish","format-standard","has-post-thumbnail","hentry","category-saude","tag-avc-isquemico","tag-rede-brasil-avc","tag-sus","tag-the-new-england-journal-of-medicine","tag-trombectomia-mecanica"],"yoast_head":"<!-- This site is optimized with the Yoast SEO plugin v26.5 - https:\/\/yoast.com\/wordpress\/plugins\/seo\/ -->\n<title>Pesquisa de brasileiros sobre tratamento de AVC repercute no exterior - Jornal Fatos e Not\u00edcias<\/title>\n<meta name=\"robots\" content=\"index, follow, max-snippet:-1, max-image-preview:large, max-video-preview:-1\" \/>\n<link rel=\"canonical\" href=\"https:\/\/jornalfatosenoticias.com.br\/index.php\/2020\/06\/17\/pesquisa-de-brasileiros-sobre-tratamento-de-avc-repercute-no-exterior\/\" \/>\n<meta property=\"og:locale\" content=\"pt_BR\" \/>\n<meta property=\"og:type\" content=\"article\" \/>\n<meta property=\"og:title\" content=\"Pesquisa de brasileiros sobre tratamento de AVC repercute no exterior - Jornal Fatos e Not\u00edcias\" \/>\n<meta property=\"og:description\" content=\"Estudo prop\u00f5e uso da trombectomia mec\u00e2nica na rede de sa\u00fade p\u00fablica Um estudo feito por pesquisadores brasileiros para comprovar a seguran\u00e7a e efic\u00e1cia da trombectomia mec\u00e2nica no Sistema \u00danico de Sa\u00fade (SUS) para tratamento de casos agudos de acidente vascular cerebral (AVC) isqu\u00eamico foi publicado pelo The New England Journal Of Medicine, uma das mais [&hellip;]\" \/>\n<meta property=\"og:url\" content=\"https:\/\/jornalfatosenoticias.com.br\/index.php\/2020\/06\/17\/pesquisa-de-brasileiros-sobre-tratamento-de-avc-repercute-no-exterior\/\" \/>\n<meta property=\"og:site_name\" content=\"Jornal Fatos e Not\u00edcias\" \/>\n<meta property=\"article:published_time\" content=\"2020-06-17T12:14:31+00:00\" \/>\n<meta property=\"article:modified_time\" content=\"2020-06-17T12:14:35+00:00\" \/>\n<meta property=\"og:image\" content=\"https:\/\/jornalfatosenoticias.com.br\/wp-content\/uploads\/2020\/06\/sus.jpg\" \/>\n\t<meta property=\"og:image:width\" content=\"1000\" \/>\n\t<meta property=\"og:image:height\" content=\"598\" \/>\n\t<meta property=\"og:image:type\" content=\"image\/jpeg\" \/>\n<meta name=\"author\" content=\"Luzimara Fernandes\" \/>\n<meta name=\"twitter:card\" content=\"summary_large_image\" \/>\n<meta name=\"twitter:label1\" content=\"Escrito por\" \/>\n\t<meta name=\"twitter:data1\" content=\"Luzimara Fernandes\" \/>\n\t<meta name=\"twitter:label2\" content=\"Est. tempo de leitura\" \/>\n\t<meta name=\"twitter:data2\" content=\"3 minutos\" \/>\n<script type=\"application\/ld+json\" class=\"yoast-schema-graph\">{\"@context\":\"https:\/\/schema.org\",\"@graph\":[{\"@type\":\"Article\",\"@id\":\"https:\/\/jornalfatosenoticias.com.br\/index.php\/2020\/06\/17\/pesquisa-de-brasileiros-sobre-tratamento-de-avc-repercute-no-exterior\/#article\",\"isPartOf\":{\"@id\":\"https:\/\/jornalfatosenoticias.com.br\/index.php\/2020\/06\/17\/pesquisa-de-brasileiros-sobre-tratamento-de-avc-repercute-no-exterior\/\"},\"author\":{\"name\":\"Luzimara Fernandes\",\"@id\":\"https:\/\/jornalfatosenoticias.com.br\/#\/schema\/person\/d63837fa13ac8666eb9e74e0985d6f81\"},\"headline\":\"Pesquisa de brasileiros sobre tratamento de AVC repercute no exterior\",\"datePublished\":\"2020-06-17T12:14:31+00:00\",\"dateModified\":\"2020-06-17T12:14:35+00:00\",\"mainEntityOfPage\":{\"@id\":\"https:\/\/jornalfatosenoticias.com.br\/index.php\/2020\/06\/17\/pesquisa-de-brasileiros-sobre-tratamento-de-avc-repercute-no-exterior\/\"},\"wordCount\":706,\"commentCount\":0,\"publisher\":{\"@id\":\"https:\/\/jornalfatosenoticias.com.br\/#organization\"},\"image\":{\"@id\":\"https:\/\/jornalfatosenoticias.com.br\/index.php\/2020\/06\/17\/pesquisa-de-brasileiros-sobre-tratamento-de-avc-repercute-no-exterior\/#primaryimage\"},\"thumbnailUrl\":\"https:\/\/jornalfatosenoticias.com.br\/wp-content\/uploads\/2020\/06\/sus.jpg\",\"keywords\":[\"AVC isqu\u00eamico\",\"Rede Brasil AVC\",\"SUS\",\"The New England Journal Of Medicine\",\"trombectomia mec\u00e2nica\"],\"articleSection\":[\"Sa\u00fade\"],\"inLanguage\":\"pt-BR\",\"potentialAction\":[{\"@type\":\"CommentAction\",\"name\":\"Comment\",\"target\":[\"https:\/\/jornalfatosenoticias.com.br\/index.php\/2020\/06\/17\/pesquisa-de-brasileiros-sobre-tratamento-de-avc-repercute-no-exterior\/#respond\"]}]},{\"@type\":\"WebPage\",\"@id\":\"https:\/\/jornalfatosenoticias.com.br\/index.php\/2020\/06\/17\/pesquisa-de-brasileiros-sobre-tratamento-de-avc-repercute-no-exterior\/\",\"url\":\"https:\/\/jornalfatosenoticias.com.br\/index.php\/2020\/06\/17\/pesquisa-de-brasileiros-sobre-tratamento-de-avc-repercute-no-exterior\/\",\"name\":\"Pesquisa de brasileiros sobre tratamento de AVC repercute no exterior - Jornal Fatos e Not\u00edcias\",\"isPartOf\":{\"@id\":\"https:\/\/jornalfatosenoticias.com.br\/#website\"},\"primaryImageOfPage\":{\"@id\":\"https:\/\/jornalfatosenoticias.com.br\/index.php\/2020\/06\/17\/pesquisa-de-brasileiros-sobre-tratamento-de-avc-repercute-no-exterior\/#primaryimage\"},\"image\":{\"@id\":\"https:\/\/jornalfatosenoticias.com.br\/index.php\/2020\/06\/17\/pesquisa-de-brasileiros-sobre-tratamento-de-avc-repercute-no-exterior\/#primaryimage\"},\"thumbnailUrl\":\"https:\/\/jornalfatosenoticias.com.br\/wp-content\/uploads\/2020\/06\/sus.jpg\",\"datePublished\":\"2020-06-17T12:14:31+00:00\",\"dateModified\":\"2020-06-17T12:14:35+00:00\",\"breadcrumb\":{\"@id\":\"https:\/\/jornalfatosenoticias.com.br\/index.php\/2020\/06\/17\/pesquisa-de-brasileiros-sobre-tratamento-de-avc-repercute-no-exterior\/#breadcrumb\"},\"inLanguage\":\"pt-BR\",\"potentialAction\":[{\"@type\":\"ReadAction\",\"target\":[\"https:\/\/jornalfatosenoticias.com.br\/index.php\/2020\/06\/17\/pesquisa-de-brasileiros-sobre-tratamento-de-avc-repercute-no-exterior\/\"]}]},{\"@type\":\"ImageObject\",\"inLanguage\":\"pt-BR\",\"@id\":\"https:\/\/jornalfatosenoticias.com.br\/index.php\/2020\/06\/17\/pesquisa-de-brasileiros-sobre-tratamento-de-avc-repercute-no-exterior\/#primaryimage\",\"url\":\"https:\/\/jornalfatosenoticias.com.br\/wp-content\/uploads\/2020\/06\/sus.jpg\",\"contentUrl\":\"https:\/\/jornalfatosenoticias.com.br\/wp-content\/uploads\/2020\/06\/sus.jpg\",\"width\":1000,\"height\":598},{\"@type\":\"BreadcrumbList\",\"@id\":\"https:\/\/jornalfatosenoticias.com.br\/index.php\/2020\/06\/17\/pesquisa-de-brasileiros-sobre-tratamento-de-avc-repercute-no-exterior\/#breadcrumb\",\"itemListElement\":[{\"@type\":\"ListItem\",\"position\":1,\"name\":\"In\u00edcio\",\"item\":\"https:\/\/jornalfatosenoticias.com.br\/\"},{\"@type\":\"ListItem\",\"position\":2,\"name\":\"Pesquisa de brasileiros sobre tratamento de AVC repercute no exterior\"}]},{\"@type\":\"WebSite\",\"@id\":\"https:\/\/jornalfatosenoticias.com.br\/#website\",\"url\":\"https:\/\/jornalfatosenoticias.com.br\/\",\"name\":\"Jornal Fatos e Not\u00edcias\",\"description\":\"Not\u00edcias em geral\",\"publisher\":{\"@id\":\"https:\/\/jornalfatosenoticias.com.br\/#organization\"},\"potentialAction\":[{\"@type\":\"SearchAction\",\"target\":{\"@type\":\"EntryPoint\",\"urlTemplate\":\"https:\/\/jornalfatosenoticias.com.br\/?s={search_term_string}\"},\"query-input\":{\"@type\":\"PropertyValueSpecification\",\"valueRequired\":true,\"valueName\":\"search_term_string\"}}],\"inLanguage\":\"pt-BR\"},{\"@type\":\"Organization\",\"@id\":\"https:\/\/jornalfatosenoticias.com.br\/#organization\",\"name\":\"Jornal Fatos e Not\u00edcias\",\"url\":\"https:\/\/jornalfatosenoticias.com.br\/\",\"logo\":{\"@type\":\"ImageObject\",\"inLanguage\":\"pt-BR\",\"@id\":\"https:\/\/jornalfatosenoticias.com.br\/#\/schema\/logo\/image\/\",\"url\":\"https:\/\/jornalfatosenoticias.com.br\/wp-content\/uploads\/2020\/02\/logo120.png\",\"contentUrl\":\"https:\/\/jornalfatosenoticias.com.br\/wp-content\/uploads\/2020\/02\/logo120.png\",\"width\":1227,\"height\":120,\"caption\":\"Jornal Fatos e Not\u00edcias\"},\"image\":{\"@id\":\"https:\/\/jornalfatosenoticias.com.br\/#\/schema\/logo\/image\/\"}},{\"@type\":\"Person\",\"@id\":\"https:\/\/jornalfatosenoticias.com.br\/#\/schema\/person\/d63837fa13ac8666eb9e74e0985d6f81\",\"name\":\"Luzimara Fernandes\",\"image\":{\"@type\":\"ImageObject\",\"inLanguage\":\"pt-BR\",\"@id\":\"https:\/\/jornalfatosenoticias.com.br\/#\/schema\/person\/image\/\",\"url\":\"https:\/\/jornalfatosenoticias.com.br\/wp-content\/uploads\/2025\/05\/EU_portal.jpg\",\"contentUrl\":\"https:\/\/jornalfatosenoticias.com.br\/wp-content\/uploads\/2025\/05\/EU_portal.jpg\",\"caption\":\"Luzimara Fernandes\"},\"description\":\"Jornalista MTB 2358-ES\",\"sameAs\":[\"https:\/\/jornalfatosenoticias.com.br\"],\"url\":\"https:\/\/jornalfatosenoticias.com.br\/index.php\/author\/luzimara\/\"}]}<\/script>\n<!-- \/ Yoast SEO plugin. -->","yoast_head_json":{"title":"Pesquisa de brasileiros sobre tratamento de AVC repercute no exterior - Jornal Fatos e Not\u00edcias","robots":{"index":"index","follow":"follow","max-snippet":"max-snippet:-1","max-image-preview":"max-image-preview:large","max-video-preview":"max-video-preview:-1"},"canonical":"https:\/\/jornalfatosenoticias.com.br\/index.php\/2020\/06\/17\/pesquisa-de-brasileiros-sobre-tratamento-de-avc-repercute-no-exterior\/","og_locale":"pt_BR","og_type":"article","og_title":"Pesquisa de brasileiros sobre tratamento de AVC repercute no exterior - Jornal Fatos e Not\u00edcias","og_description":"Estudo prop\u00f5e uso da trombectomia mec\u00e2nica na rede de sa\u00fade p\u00fablica Um estudo feito por pesquisadores brasileiros para comprovar a seguran\u00e7a e efic\u00e1cia da trombectomia mec\u00e2nica no Sistema \u00danico de Sa\u00fade (SUS) para tratamento de casos agudos de acidente vascular cerebral (AVC) isqu\u00eamico foi publicado pelo The New England Journal Of Medicine, uma das mais [&hellip;]","og_url":"https:\/\/jornalfatosenoticias.com.br\/index.php\/2020\/06\/17\/pesquisa-de-brasileiros-sobre-tratamento-de-avc-repercute-no-exterior\/","og_site_name":"Jornal Fatos e Not\u00edcias","article_published_time":"2020-06-17T12:14:31+00:00","article_modified_time":"2020-06-17T12:14:35+00:00","og_image":[{"width":1000,"height":598,"url":"https:\/\/jornalfatosenoticias.com.br\/wp-content\/uploads\/2020\/06\/sus.jpg","type":"image\/jpeg"}],"author":"Luzimara Fernandes","twitter_card":"summary_large_image","twitter_misc":{"Escrito por":"Luzimara Fernandes","Est. tempo de leitura":"3 minutos"},"schema":{"@context":"https:\/\/schema.org","@graph":[{"@type":"Article","@id":"https:\/\/jornalfatosenoticias.com.br\/index.php\/2020\/06\/17\/pesquisa-de-brasileiros-sobre-tratamento-de-avc-repercute-no-exterior\/#article","isPartOf":{"@id":"https:\/\/jornalfatosenoticias.com.br\/index.php\/2020\/06\/17\/pesquisa-de-brasileiros-sobre-tratamento-de-avc-repercute-no-exterior\/"},"author":{"name":"Luzimara Fernandes","@id":"https:\/\/jornalfatosenoticias.com.br\/#\/schema\/person\/d63837fa13ac8666eb9e74e0985d6f81"},"headline":"Pesquisa de brasileiros sobre tratamento de AVC repercute no exterior","datePublished":"2020-06-17T12:14:31+00:00","dateModified":"2020-06-17T12:14:35+00:00","mainEntityOfPage":{"@id":"https:\/\/jornalfatosenoticias.com.br\/index.php\/2020\/06\/17\/pesquisa-de-brasileiros-sobre-tratamento-de-avc-repercute-no-exterior\/"},"wordCount":706,"commentCount":0,"publisher":{"@id":"https:\/\/jornalfatosenoticias.com.br\/#organization"},"image":{"@id":"https:\/\/jornalfatosenoticias.com.br\/index.php\/2020\/06\/17\/pesquisa-de-brasileiros-sobre-tratamento-de-avc-repercute-no-exterior\/#primaryimage"},"thumbnailUrl":"https:\/\/jornalfatosenoticias.com.br\/wp-content\/uploads\/2020\/06\/sus.jpg","keywords":["AVC isqu\u00eamico","Rede Brasil AVC","SUS","The New England Journal Of Medicine","trombectomia mec\u00e2nica"],"articleSection":["Sa\u00fade"],"inLanguage":"pt-BR","potentialAction":[{"@type":"CommentAction","name":"Comment","target":["https:\/\/jornalfatosenoticias.com.br\/index.php\/2020\/06\/17\/pesquisa-de-brasileiros-sobre-tratamento-de-avc-repercute-no-exterior\/#respond"]}]},{"@type":"WebPage","@id":"https:\/\/jornalfatosenoticias.com.br\/index.php\/2020\/06\/17\/pesquisa-de-brasileiros-sobre-tratamento-de-avc-repercute-no-exterior\/","url":"https:\/\/jornalfatosenoticias.com.br\/index.php\/2020\/06\/17\/pesquisa-de-brasileiros-sobre-tratamento-de-avc-repercute-no-exterior\/","name":"Pesquisa de brasileiros sobre tratamento de AVC repercute no exterior - Jornal Fatos e Not\u00edcias","isPartOf":{"@id":"https:\/\/jornalfatosenoticias.com.br\/#website"},"primaryImageOfPage":{"@id":"https:\/\/jornalfatosenoticias.com.br\/index.php\/2020\/06\/17\/pesquisa-de-brasileiros-sobre-tratamento-de-avc-repercute-no-exterior\/#primaryimage"},"image":{"@id":"https:\/\/jornalfatosenoticias.com.br\/index.php\/2020\/06\/17\/pesquisa-de-brasileiros-sobre-tratamento-de-avc-repercute-no-exterior\/#primaryimage"},"thumbnailUrl":"https:\/\/jornalfatosenoticias.com.br\/wp-content\/uploads\/2020\/06\/sus.jpg","datePublished":"2020-06-17T12:14:31+00:00","dateModified":"2020-06-17T12:14:35+00:00","breadcrumb":{"@id":"https:\/\/jornalfatosenoticias.com.br\/index.php\/2020\/06\/17\/pesquisa-de-brasileiros-sobre-tratamento-de-avc-repercute-no-exterior\/#breadcrumb"},"inLanguage":"pt-BR","potentialAction":[{"@type":"ReadAction","target":["https:\/\/jornalfatosenoticias.com.br\/index.php\/2020\/06\/17\/pesquisa-de-brasileiros-sobre-tratamento-de-avc-repercute-no-exterior\/"]}]},{"@type":"ImageObject","inLanguage":"pt-BR","@id":"https:\/\/jornalfatosenoticias.com.br\/index.php\/2020\/06\/17\/pesquisa-de-brasileiros-sobre-tratamento-de-avc-repercute-no-exterior\/#primaryimage","url":"https:\/\/jornalfatosenoticias.com.br\/wp-content\/uploads\/2020\/06\/sus.jpg","contentUrl":"https:\/\/jornalfatosenoticias.com.br\/wp-content\/uploads\/2020\/06\/sus.jpg","width":1000,"height":598},{"@type":"BreadcrumbList","@id":"https:\/\/jornalfatosenoticias.com.br\/index.php\/2020\/06\/17\/pesquisa-de-brasileiros-sobre-tratamento-de-avc-repercute-no-exterior\/#breadcrumb","itemListElement":[{"@type":"ListItem","position":1,"name":"In\u00edcio","item":"https:\/\/jornalfatosenoticias.com.br\/"},{"@type":"ListItem","position":2,"name":"Pesquisa de brasileiros sobre tratamento de AVC repercute no exterior"}]},{"@type":"WebSite","@id":"https:\/\/jornalfatosenoticias.com.br\/#website","url":"https:\/\/jornalfatosenoticias.com.br\/","name":"Jornal Fatos e Not\u00edcias","description":"Not\u00edcias em geral","publisher":{"@id":"https:\/\/jornalfatosenoticias.com.br\/#organization"},"potentialAction":[{"@type":"SearchAction","target":{"@type":"EntryPoint","urlTemplate":"https:\/\/jornalfatosenoticias.com.br\/?s={search_term_string}"},"query-input":{"@type":"PropertyValueSpecification","valueRequired":true,"valueName":"search_term_string"}}],"inLanguage":"pt-BR"},{"@type":"Organization","@id":"https:\/\/jornalfatosenoticias.com.br\/#organization","name":"Jornal Fatos e Not\u00edcias","url":"https:\/\/jornalfatosenoticias.com.br\/","logo":{"@type":"ImageObject","inLanguage":"pt-BR","@id":"https:\/\/jornalfatosenoticias.com.br\/#\/schema\/logo\/image\/","url":"https:\/\/jornalfatosenoticias.com.br\/wp-content\/uploads\/2020\/02\/logo120.png","contentUrl":"https:\/\/jornalfatosenoticias.com.br\/wp-content\/uploads\/2020\/02\/logo120.png","width":1227,"height":120,"caption":"Jornal Fatos e Not\u00edcias"},"image":{"@id":"https:\/\/jornalfatosenoticias.com.br\/#\/schema\/logo\/image\/"}},{"@type":"Person","@id":"https:\/\/jornalfatosenoticias.com.br\/#\/schema\/person\/d63837fa13ac8666eb9e74e0985d6f81","name":"Luzimara Fernandes","image":{"@type":"ImageObject","inLanguage":"pt-BR","@id":"https:\/\/jornalfatosenoticias.com.br\/#\/schema\/person\/image\/","url":"https:\/\/jornalfatosenoticias.com.br\/wp-content\/uploads\/2025\/05\/EU_portal.jpg","contentUrl":"https:\/\/jornalfatosenoticias.com.br\/wp-content\/uploads\/2025\/05\/EU_portal.jpg","caption":"Luzimara Fernandes"},"description":"Jornalista MTB 2358-ES","sameAs":["https:\/\/jornalfatosenoticias.com.br"],"url":"https:\/\/jornalfatosenoticias.com.br\/index.php\/author\/luzimara\/"}]}},"cc_featured_image_caption":{"caption_text":"(Foto: Marcello Casal Jr\/Ag\u00eancia Brasil)","source_text":"","source_url":""},"jetpack_featured_media_url":"https:\/\/jornalfatosenoticias.com.br\/wp-content\/uploads\/2020\/06\/sus.jpg","_links":{"self":[{"href":"https:\/\/jornalfatosenoticias.com.br\/index.php\/wp-json\/wp\/v2\/posts\/5580","targetHints":{"allow":["GET"]}}],"collection":[{"href":"https:\/\/jornalfatosenoticias.com.br\/index.php\/wp-json\/wp\/v2\/posts"}],"about":[{"href":"https:\/\/jornalfatosenoticias.com.br\/index.php\/wp-json\/wp\/v2\/types\/post"}],"author":[{"embeddable":true,"href":"https:\/\/jornalfatosenoticias.com.br\/index.php\/wp-json\/wp\/v2\/users\/2"}],"replies":[{"embeddable":true,"href":"https:\/\/jornalfatosenoticias.com.br\/index.php\/wp-json\/wp\/v2\/comments?post=5580"}],"version-history":[{"count":0,"href":"https:\/\/jornalfatosenoticias.com.br\/index.php\/wp-json\/wp\/v2\/posts\/5580\/revisions"}],"wp:featuredmedia":[{"embeddable":true,"href":"https:\/\/jornalfatosenoticias.com.br\/index.php\/wp-json\/wp\/v2\/media\/5581"}],"wp:attachment":[{"href":"https:\/\/jornalfatosenoticias.com.br\/index.php\/wp-json\/wp\/v2\/media?parent=5580"}],"wp:term":[{"taxonomy":"category","embeddable":true,"href":"https:\/\/jornalfatosenoticias.com.br\/index.php\/wp-json\/wp\/v2\/categories?post=5580"},{"taxonomy":"post_tag","embeddable":true,"href":"https:\/\/jornalfatosenoticias.com.br\/index.php\/wp-json\/wp\/v2\/tags?post=5580"}],"curies":[{"name":"wp","href":"https:\/\/api.w.org\/{rel}","templated":true}]}}