{"id":55807,"date":"2024-11-19T11:44:53","date_gmt":"2024-11-19T14:44:53","guid":{"rendered":"https:\/\/jornalfatosenoticias.com.br\/?p=55807"},"modified":"2024-11-19T11:44:54","modified_gmt":"2024-11-19T14:44:54","slug":"militares-usariam-armas-pesadas-e-envenenamento-contra-lula-alckmin-e-moraes","status":"publish","type":"post","link":"https:\/\/jornalfatosenoticias.com.br\/index.php\/2024\/11\/19\/militares-usariam-armas-pesadas-e-envenenamento-contra-lula-alckmin-e-moraes\/","title":{"rendered":"Militares usariam armas pesadas e envenenamento contra Lula, Alckmin e Moraes"},"content":{"rendered":"\n<p><em><span class=\"has-inline-color has-black-color\">Moraes, Lula e Alckmin durante a cerim\u00f4nia de diploma\u00e7\u00e3o em dezembro de 2022, que precederia a suposta execu\u00e7\u00e3o planejada pelos militares<\/span><\/em><\/p>\n\n\n\n<p><span class=\"has-inline-color has-black-color\">Por <strong><a href=\"https:\/\/www.gazetadopovo.com.br\/autor\/guilherme-grandi\/\">Guilherme Grandi,<\/a> <a href=\"https:\/\/www.gazetadopovo.com.br\/autor\/juliet-manfrin\/\">Juliet Manfrin<\/a> <\/strong>e<strong> <a href=\"https:\/\/www.gazetadopovo.com.br\/autor\/renan-ramalho\/\">Renan Ramalho<\/a><\/strong><\/span><\/p>\n\n\n\n<div class=\"wp-block-image\"><figure class=\"aligncenter size-large is-resized\"><a href=\"https:\/\/www.facebook.com\/vetor.vix\/\"><img loading=\"lazy\" decoding=\"async\" src=\"https:\/\/jornalfatosenoticias.com.br\/wp-content\/uploads\/2023\/09\/vetorvix1024_1.jpg\" alt=\"\" class=\"wp-image-44868\" width=\"580\" height=\"154\" srcset=\"https:\/\/jornalfatosenoticias.com.br\/wp-content\/uploads\/2023\/09\/vetorvix1024_1.jpg 1024w, https:\/\/jornalfatosenoticias.com.br\/wp-content\/uploads\/2023\/09\/vetorvix1024_1-300x80.jpg 300w, https:\/\/jornalfatosenoticias.com.br\/wp-content\/uploads\/2023\/09\/vetorvix1024_1-768x205.jpg 768w\" sizes=\"auto, (max-width: 580px) 100vw, 580px\" \/><\/a><\/figure><\/div>\n\n\n\n<p>Os <a href=\"https:\/\/www.gazetadopovo.com.br\/republica\/pf-suposta-tentativa-golpe-estado-envolvendo-militares-3-estados-df\/?ref=link-interno-materia\">quatro militares do Ex\u00e9rcito presos na manh\u00e3 desta ter\u00e7a (19) pela Pol\u00edcia Federal durante a Opera\u00e7\u00e3o Contragolpe,<\/a> al\u00e9m de um policial federal, pretendiam executar Luiz In\u00e1cio Lula da Silva (PT), o vice-presidente Geraldo Alckmin (PSB) e o ministro Alexandre de Moraes, do Supremo Tribunal Federal (STF), com o uso de armamentos pesados e envenenamento em dezembro de 2022.<br>\u00c9 o que revela o relat\u00f3rio da investiga\u00e7\u00e3o que autorizou a opera\u00e7\u00e3o desta manh\u00e3 e que teve o sigilo retirado por Moraes. Segundo o documento, os militares atuavam nas For\u00e7as Especiais \u2014 os chamados \u201ckids pretos\u201d \u2014 e o policial federal chegou a trabalhar na seguran\u00e7a do ent\u00e3o eleito Lula durante a transi\u00e7\u00e3o, vazando informa\u00e7\u00f5es \u201cpara pessoas pr\u00f3ximas ao ent\u00e3o presidente <a href=\"https:\/\/www.gazetadopovo.com.br\/tudo-sobre\/jair-bolsonaro\/?ref=link-interno-materia\">Jair Bolsonaro<\/a> (PL) aderindo de forma direta ao intento golpista\u201d.<\/p>\n\n\n\n<div class=\"wp-block-image\"><figure class=\"aligncenter size-large is-resized\"><a href=\"https:\/\/www.facebook.com\/postobkr\/?locale=pt_BR\"><img loading=\"lazy\" decoding=\"async\" src=\"https:\/\/jornalfatosenoticias.com.br\/wp-content\/uploads\/2023\/08\/BKR-1024x1021.jpg\" alt=\"\" class=\"wp-image-44494\" width=\"335\" height=\"334\" srcset=\"https:\/\/jornalfatosenoticias.com.br\/wp-content\/uploads\/2023\/08\/BKR-1024x1021.jpg 1024w, https:\/\/jornalfatosenoticias.com.br\/wp-content\/uploads\/2023\/08\/BKR-300x300.jpg 300w, https:\/\/jornalfatosenoticias.com.br\/wp-content\/uploads\/2023\/08\/BKR-150x150.jpg 150w, https:\/\/jornalfatosenoticias.com.br\/wp-content\/uploads\/2023\/08\/BKR-768x766.jpg 768w, https:\/\/jornalfatosenoticias.com.br\/wp-content\/uploads\/2023\/08\/BKR.jpg 1080w\" sizes=\"auto, (max-width: 335px) 100vw, 335px\" \/><\/a><\/figure><\/div>\n\n\n\n<p>A PF afirma que documentos relativos \u00e0 execu\u00e7\u00e3o destas autoridades chegaram a ser impressos no Pal\u00e1cio do Planalto na \u00e9poca, e <a href=\"https:\/\/www.gazetadopovo.com.br\/republica\/pf-vincula-bolsonaro-supostos-atos-golpistas-matar-lula-planalto\/?ref=link-interno-materia\">apontou uma liga\u00e7\u00e3o de Bolsonaro com o grupo.<\/a> Ainda classificou as tentativas de homic\u00eddio como \u201ca\u00e7\u00f5es clandestinas\u201d de uma opera\u00e7\u00e3o intitulada \u201cCopa 2022\u201d para \u201cneutralizar o ministro Alexandre de Moraes\u201d e \u201cextinguir a chapa presidencial vencedora\u201d. O nome da opera\u00e7\u00e3o \u00e9 alusiva aos codinomes adotados pelos participantes, com alus\u00e3o a pa\u00edses participantes do mundial.<\/p>\n\n\n\n<div class=\"wp-block-image\"><figure class=\"aligncenter size-large is-resized\"><a href=\"https:\/\/www.instagram.com\/ligadossaborespizzaria\/\"><img loading=\"lazy\" decoding=\"async\" src=\"https:\/\/jornalfatosenoticias.com.br\/wp-content\/uploads\/2024\/09\/WhatsApp-Image-2024-09-14-at-22.46.10-819x1024.jpeg\" alt=\"\" class=\"wp-image-54180\" width=\"325\" height=\"406\" srcset=\"https:\/\/jornalfatosenoticias.com.br\/wp-content\/uploads\/2024\/09\/WhatsApp-Image-2024-09-14-at-22.46.10-819x1024.jpeg 819w, https:\/\/jornalfatosenoticias.com.br\/wp-content\/uploads\/2024\/09\/WhatsApp-Image-2024-09-14-at-22.46.10-240x300.jpeg 240w, https:\/\/jornalfatosenoticias.com.br\/wp-content\/uploads\/2024\/09\/WhatsApp-Image-2024-09-14-at-22.46.10-768x960.jpeg 768w, https:\/\/jornalfatosenoticias.com.br\/wp-content\/uploads\/2024\/09\/WhatsApp-Image-2024-09-14-at-22.46.10.jpeg 1024w\" sizes=\"auto, (max-width: 325px) 100vw, 325px\" \/><\/a><\/figure><\/div>\n\n\n\n<p><strong><span class=\"has-inline-color has-black-color\">Armamento pesado<br><\/span><\/strong>De acordo com o relat\u00f3rio, o general M\u00e1rio Fernandes, que foi ministro interino da Secretaria-Geral da Presid\u00eancia durante o governo Bolsonaro, comandou as For\u00e7as Especiais e chegou a fazer uma lista dos armamentos que seriam utilizados para a execu\u00e7\u00e3o de Lula, Alckmin e Moraes \u2014 uma opera\u00e7\u00e3o que custaria R$ 100 mil.<\/p>\n\n\n\n<div class=\"wp-block-image\"><figure class=\"aligncenter size-large is-resized\"><a href=\"https:\/\/www.legisjuris.com.br\/\"><img loading=\"lazy\" decoding=\"async\" src=\"https:\/\/jornalfatosenoticias.com.br\/wp-content\/uploads\/2024\/09\/Legis-Juris-Consultoria_logo.jpg\" alt=\"\" class=\"wp-image-53915\" width=\"491\" height=\"206\" srcset=\"https:\/\/jornalfatosenoticias.com.br\/wp-content\/uploads\/2024\/09\/Legis-Juris-Consultoria_logo.jpg 969w, https:\/\/jornalfatosenoticias.com.br\/wp-content\/uploads\/2024\/09\/Legis-Juris-Consultoria_logo-300x126.jpg 300w, https:\/\/jornalfatosenoticias.com.br\/wp-content\/uploads\/2024\/09\/Legis-Juris-Consultoria_logo-768x322.jpg 768w\" sizes=\"auto, (max-width: 491px) 100vw, 491px\" \/><\/a><\/figure><\/div>\n\n\n\n<p>Fernandes elencou o uso de armamento \u201cde alto poderio b\u00e9lico\u201d como pistolas e fuzis, uma metralhadora, um lan\u00e7a-granada e 1 lan\u00e7a-roj\u00e3o, que seriam operados por seis pessoas em Bras\u00edlia para causar as mortes. \u201cS\u00e3o armamentos de guerra comumente utilizados por grupos de combate\u201d, revela o documento.<\/p>\n\n\n\n<div class=\"wp-block-image\"><figure class=\"aligncenter size-large\"><a href=\"http:\/\/www.ferrarimaquinas.com.br\/\"><img loading=\"lazy\" decoding=\"async\" width=\"300\" height=\"250\" src=\"https:\/\/jornalfatosenoticias.com.br\/wp-content\/uploads\/2022\/02\/FERRARI_MAQUINAS-E-FERRAMENTAS2.jpg\" alt=\"\" class=\"wp-image-27860\"\/><\/a><\/figure><\/div>\n\n\n\n<h3 class=\"wp-block-heading\"><span class=\"has-inline-color has-black-color\">A Pol\u00edcia Federal detalhou o poderio b\u00e9lico das armas que seriam utilizadas na a\u00e7\u00e3o:<\/span><\/h3>\n\n\n\n<ul class=\"wp-block-list\"><li><strong>Metralhadora M249 \u2014<\/strong> &#8220;metralhadora leve altamente eficaz, projetada para fornecer suporte de fogo em combate. A combina\u00e7\u00e3o de leveza, taxa de disparo e capacidade de alimenta\u00e7\u00e3o a torna uma arma estimada em diversas situa\u00e7\u00f5es t\u00e1ticas&#8221;.<\/li><li><strong>Lan\u00e7a-granada 40mm \u2014<\/strong> &#8220;projetada para disparar granadas de fragmenta\u00e7\u00e3o ou muni\u00e7\u00f5es especiais de 40mm que fornece capacidade de fogo indireto e versatilidade em termos de tipos de muni\u00e7\u00e3o&#8221;.<\/li><li><strong>Lan\u00e7a-roj\u00e3o AT4 \u2014<\/strong> &#8220;utilizado principalmente por for\u00e7as armadas e de seguran\u00e7a para combate a ve\u00edculos blindados e estruturas fortificadas. \u00c9 um lan\u00e7ador de foguetes antitanque. Muni\u00e7\u00e3o \u00e9 um foguete guiado que possui uma ogiva explosiva\u201d.<\/li><\/ul>\n\n\n\n<div class=\"wp-block-image\"><figure class=\"aligncenter size-large is-resized\"><a href=\"https:\/\/www.controlsystems.com.br\/\"><img loading=\"lazy\" decoding=\"async\" src=\"https:\/\/jornalfatosenoticias.com.br\/wp-content\/uploads\/2020\/02\/CONTROL-CS.jpg\" alt=\"\" class=\"wp-image-44991\" width=\"331\" height=\"397\" srcset=\"https:\/\/jornalfatosenoticias.com.br\/wp-content\/uploads\/2020\/02\/CONTROL-CS.jpg 834w, https:\/\/jornalfatosenoticias.com.br\/wp-content\/uploads\/2020\/02\/CONTROL-CS-250x300.jpg 250w, https:\/\/jornalfatosenoticias.com.br\/wp-content\/uploads\/2020\/02\/CONTROL-CS-768x921.jpg 768w\" sizes=\"auto, (max-width: 331px) 100vw, 331px\" \/><\/a><\/figure><\/div>\n\n\n\n<p>Outro trecho aponta, ainda, a possibilidade de envenenamento de Lula ocom o \u201cuso de qu\u00edmicos para causar um colapso org\u00e2nico\u201d, considerando \u201csua vulnerabilidade de sa\u00fade e ida frequente a hospitais\u201d. &#8220;O texto cita que &#8216;sua neutraliza\u00e7\u00e3o abalaria toda a chapa vencedora, colocando-a, dependendo da interpreta\u00e7\u00e3o da Lei Eleitoral, ou da manobra conduzida pelos Tr\u00eas Poderes, sob a tutela principal do PSDB&#8217;. Considerando que o vice-presidente de LULA \u00e9 GERALDO ALCKMIN, que \u00e9 historicamente vinculado ao partido PSDB, em caso de uma \u201cneutraliza\u00e7\u00e3o\u201d de LULA, ALCKMIN assumiria a Presid\u00eancia da Rep\u00fablica, o que faria a chapa vencedora ficar \u201csob a tutela principal do PSDB\u201d, como sugere o autor&#8221;, diz o relat\u00f3rio.<br><strong><em><span class=\"has-inline-color has-black-color\">A Gazeta do Povo procurou o PSDB para se pronunciar sobre a cita\u00e7\u00e3o e aguarda retorno.<\/span><\/em><\/strong><\/p>\n\n\n\n<div class=\"wp-block-image\"><figure class=\"aligncenter size-large is-resized\"><a href=\"https:\/\/www.instagram.com\/serra4x4cambioautomatico\/\"><img loading=\"lazy\" decoding=\"async\" src=\"https:\/\/jornalfatosenoticias.com.br\/wp-content\/uploads\/2024\/08\/Serra-4x4-1-886x1024.jpg\" alt=\"\" class=\"wp-image-53632\" width=\"314\" height=\"362\" srcset=\"https:\/\/jornalfatosenoticias.com.br\/wp-content\/uploads\/2024\/08\/Serra-4x4-1-886x1024.jpg 886w, https:\/\/jornalfatosenoticias.com.br\/wp-content\/uploads\/2024\/08\/Serra-4x4-1-260x300.jpg 260w, https:\/\/jornalfatosenoticias.com.br\/wp-content\/uploads\/2024\/08\/Serra-4x4-1-768x888.jpg 768w, https:\/\/jornalfatosenoticias.com.br\/wp-content\/uploads\/2024\/08\/Serra-4x4-1.jpg 1181w\" sizes=\"auto, (max-width: 314px) 100vw, 314px\" \/><\/a><\/figure><\/div>\n\n\n\n<p><strong><span class=\"has-inline-color has-black-color\">Execu\u00e7\u00e3o de Moraes poderia atingir toda a equipe de seguran\u00e7a<br><\/span><\/strong>J\u00e1 a execu\u00e7\u00e3o de Moraes ocorreria \u201ccom o uso de artefato explosivo e por envenenamento em evento oficial p\u00fablico\u201d, com o \u00e1pice marcado para o dia 15 de dezembro de 2022. O grupo afirma que haveria a chance de \u201cdanos colaterais pass\u00edveis e aceit\u00e1veis\u201d no comboio de seguran\u00e7a do ministro a partir da resid\u00eancia funcional dele em Bras\u00edlia. Moraes teria tido a rotina monitorada pelo grupo entre os dias 21 e 24 de novembro, com o posterior planejamento da a\u00e7\u00e3o \u2014 que acabou sendo abortada.<\/p>\n\n\n\n<div class=\"wp-block-image\"><figure class=\"aligncenter size-large is-resized\"><a href=\"https:\/\/cesconetto.com.br\/\"><img loading=\"lazy\" decoding=\"async\" src=\"https:\/\/jornalfatosenoticias.com.br\/wp-content\/uploads\/2020\/02\/Banner-2.png\" alt=\"\" class=\"wp-image-43787\" width=\"300\" height=\"250\"\/><\/a><\/figure><\/div>\n\n\n\n<p>\u201cClaramente para os investigados a morte n\u00e3o s\u00f3 do ministro, mas tamb\u00e9m de toda a equipe de seguran\u00e7a e at\u00e9 mesmo dos militares envolvidos na a\u00e7\u00e3o era admiss\u00edvel para cumprimento da miss\u00e3o de \u2018neutralizar\u2019 o denominado \u2018centro de gravidade\u2019, que seria um fator de obst\u00e1culo \u00e0 consuma\u00e7\u00e3o do golpe de Estado\u201d, relata o documento.<\/p>\n\n\n\n<div class=\"wp-block-image\"><figure class=\"aligncenter size-large is-resized\"><a href=\"https:\/\/www.facebook.com\/profile.php?id=100069289606145\"><img loading=\"lazy\" decoding=\"async\" src=\"https:\/\/jornalfatosenoticias.com.br\/wp-content\/uploads\/2024\/11\/Guaitolini-Contabilidade-1024x714.jpeg\" alt=\"\" class=\"wp-image-55808\" width=\"430\" height=\"300\" srcset=\"https:\/\/jornalfatosenoticias.com.br\/wp-content\/uploads\/2024\/11\/Guaitolini-Contabilidade-1024x714.jpeg 1024w, https:\/\/jornalfatosenoticias.com.br\/wp-content\/uploads\/2024\/11\/Guaitolini-Contabilidade-300x209.jpeg 300w, https:\/\/jornalfatosenoticias.com.br\/wp-content\/uploads\/2024\/11\/Guaitolini-Contabilidade-768x535.jpeg 768w, https:\/\/jornalfatosenoticias.com.br\/wp-content\/uploads\/2024\/11\/Guaitolini-Contabilidade.jpeg 1280w\" sizes=\"auto, (max-width: 430px) 100vw, 430px\" \/><\/a><\/figure><\/div>\n\n\n\n<p>\u201cA Pol\u00edcia Federal aponta que o documento contendo o planejamento operacional denominado \u2018Punhal verde amarelo\u2019 foi impresso pelo investigado M\u00c1RIO FERNANDES no Pal\u00e1cio do Planalto, no dia 09\/11\/2022, ocasi\u00e3o em que os aparelhos telef\u00f4nicos dos investigados RAFAEL MARTINS DE OLIVEIRA (JOE) e MAURO CESAR CID estavam conectados a ERBS que cobrem o Pal\u00e1cio do Planalto, e posteriormente levado at\u00e9 o pal\u00e1cio do Alvorada, local de resid\u00eancia do presidente da Rep\u00fablica, JAIR BOLSONARO\u201d, revela a autoridade.<\/p>\n\n\n\n<div class=\"wp-block-image\"><figure class=\"aligncenter size-large is-resized\"><a href=\"https:\/\/www.ithbrasil.com.br\/\"><img loading=\"lazy\" decoding=\"async\" src=\"https:\/\/jornalfatosenoticias.com.br\/wp-content\/uploads\/2023\/08\/ITH.jpeg\" alt=\"\" class=\"wp-image-44638\" width=\"341\" height=\"277\" srcset=\"https:\/\/jornalfatosenoticias.com.br\/wp-content\/uploads\/2023\/08\/ITH.jpeg 800w, https:\/\/jornalfatosenoticias.com.br\/wp-content\/uploads\/2023\/08\/ITH-300x244.jpeg 300w, https:\/\/jornalfatosenoticias.com.br\/wp-content\/uploads\/2023\/08\/ITH-768x624.jpeg 768w\" sizes=\"auto, (max-width: 341px) 100vw, 341px\" \/><\/a><\/figure><\/div>\n\n\n\n<p>O major Rafael Martins de Oliveira foi um dos presos pela Pol\u00edcia Federal na manh\u00e3 desta ter\u00e7a (19), e o tenente-coronel Mauro Cesar Cid \u00e9 o ex-ajudante de ordens de Bolsonaro, que fez um acordo de dela\u00e7\u00e3o premiada com a Justi\u00e7a que deu in\u00edcio \u00e0 revela\u00e7\u00e3o de todo o esquema. No entanto, o acordo est\u00e1 sendo revisto ap\u00f3s a autoridade identificar estas novas informa\u00e7\u00f5es que haviam sido apagadas dos dispositivos eletr\u00f4nicos dele, e que n\u00e3o foram citadas na dela\u00e7\u00e3o.<\/p>\n\n\n\n<div class=\"wp-block-image\"><figure class=\"aligncenter size-large is-resized\"><a href=\"https:\/\/panper.com.br\/\"><img loading=\"lazy\" decoding=\"async\" src=\"https:\/\/jornalfatosenoticias.com.br\/wp-content\/uploads\/2023\/03\/logo-Panper_portal.jpg\" alt=\"\" class=\"wp-image-40208\" width=\"313\" height=\"217\" srcset=\"https:\/\/jornalfatosenoticias.com.br\/wp-content\/uploads\/2023\/03\/logo-Panper_portal.jpg 400w, https:\/\/jornalfatosenoticias.com.br\/wp-content\/uploads\/2023\/03\/logo-Panper_portal-300x208.jpg 300w\" sizes=\"auto, (max-width: 313px) 100vw, 313px\" \/><\/a><\/figure><\/div>\n\n\n\n<p>Mauro Cid prestar\u00e1 um novo depoimento \u00e0 Pol\u00edcia Federal na tarde desta ter\u00e7a (19), no mesmo momento em que a autoridade pediu mais 60 dias para a conclus\u00e3o do inqu\u00e9rito sobre os atos de 8 de janeiro de 2023. Al\u00e9m do documento com o detalhamento da execu\u00e7\u00e3o de Lula, Alckmin e Moraes, a Pol\u00edcia Federal tamb\u00e9m apurou que Fernandes imprimiu no Pal\u00e1cio do Planalto duas minutas que instituiriam um &#8220;Gabinete Institucional de Gest\u00e3o de Crise&#8221;.<\/p>\n\n\n\n<div class=\"wp-block-image\"><figure class=\"aligncenter size-large is-resized\"><a href=\"https:\/\/www.instagram.com\/vmais.midias\/\"><img loading=\"lazy\" decoding=\"async\" src=\"https:\/\/jornalfatosenoticias.com.br\/wp-content\/uploads\/2020\/02\/DE-MAIS-DESTAQUE-VMAIS-800X700.png\" alt=\"\" class=\"wp-image-53112\" width=\"338\" height=\"295\" srcset=\"https:\/\/jornalfatosenoticias.com.br\/wp-content\/uploads\/2020\/02\/DE-MAIS-DESTAQUE-VMAIS-800X700.png 800w, https:\/\/jornalfatosenoticias.com.br\/wp-content\/uploads\/2020\/02\/DE-MAIS-DESTAQUE-VMAIS-800X700-300x263.png 300w, https:\/\/jornalfatosenoticias.com.br\/wp-content\/uploads\/2020\/02\/DE-MAIS-DESTAQUE-VMAIS-800X700-768x672.png 768w\" sizes=\"auto, (max-width: 338px) 100vw, 338px\" \/><\/a><\/figure><\/div>\n\n\n\n<p>O gabinete seria chefiado pelo general Augusto Heleno, que comandou o Gabinete de Seguran\u00e7a Institucional (GSI) do governo Bolsonaro; general Braga Netto, que foi vice do ex-presidente na chapa candidata \u00e0 reelei\u00e7\u00e3o, como coordenador-geral; e, entre outros, do ex-assessor de assuntos internacionais Filipe Martins, que foi preso durante a Opera\u00e7\u00e3o Tempus Veritatis, em fevereiro, e solto em agosto.<\/p>\n\n\n\n<div class=\"wp-block-image\"><figure class=\"aligncenter size-large\"><a href=\"https:\/\/www.facebook.com\/vetor.vix\/\"><img loading=\"lazy\" decoding=\"async\" width=\"1024\" height=\"273\" src=\"https:\/\/jornalfatosenoticias.com.br\/wp-content\/uploads\/2023\/09\/vetorvix1024_1.jpg\" alt=\"\" class=\"wp-image-44868\" srcset=\"https:\/\/jornalfatosenoticias.com.br\/wp-content\/uploads\/2023\/09\/vetorvix1024_1.jpg 1024w, https:\/\/jornalfatosenoticias.com.br\/wp-content\/uploads\/2023\/09\/vetorvix1024_1-300x80.jpg 300w, https:\/\/jornalfatosenoticias.com.br\/wp-content\/uploads\/2023\/09\/vetorvix1024_1-768x205.jpg 768w\" sizes=\"auto, (max-width: 1024px) 100vw, 1024px\" \/><\/a><\/figure><\/div>\n\n\n\n<p><em><span class=\"has-inline-color has-black-color\">(<strong>Foto:<\/strong> F\u00e1bio Rodrigues-Pozzebom\/Ag\u00eancia Brasil)<\/span><\/em><\/p>\n\n\n\n<p><strong><em>Fonte: <a href=\"https:\/\/www.gazetadopovo.com.br\/republica\/militares-usariam-armas-pesadas-envenenamento-lula-alckmin-moraes\/\">Gazeta do Povo<\/a><\/em><\/strong><\/p>\n","protected":false},"excerpt":{"rendered":"<p>Moraes, Lula e Alckmin durante a cerim\u00f4nia de diploma\u00e7\u00e3o em dezembro de 2022, que precederia a suposta execu\u00e7\u00e3o planejada pelos militares Por Guilherme Grandi, Juliet Manfrin e Renan Ramalho Os quatro militares do Ex\u00e9rcito presos na manh\u00e3 desta ter\u00e7a (19) pela Pol\u00edcia Federal durante a Opera\u00e7\u00e3o Contragolpe, al\u00e9m de um policial federal, pretendiam executar Luiz [&hellip;]<\/p>\n","protected":false},"author":2,"featured_media":55809,"comment_status":"open","ping_status":"open","sticky":false,"template":"","format":"standard","meta":{"footnotes":""},"categories":[10],"tags":[13889,4011,2423,22607,1795,7580,25455,1900,2146],"class_list":["post-55807","post","type-post","status-publish","format-standard","has-post-thumbnail","hentry","category-politica","tag-alexandre-de-moraes","tag-armas","tag-exercito","tag-geraldo-alckmin","tag-jair-bolsonaro","tag-lula","tag-operacao-contragolpe","tag-palacio-do-planalto","tag-policia-federal"],"yoast_head":"<!-- This site is optimized with the Yoast SEO plugin v26.5 - https:\/\/yoast.com\/wordpress\/plugins\/seo\/ -->\n<title>Militares usariam armas pesadas e envenenamento contra Lula, Alckmin e Moraes - Jornal Fatos e Not\u00edcias<\/title>\n<meta name=\"robots\" content=\"index, follow, max-snippet:-1, max-image-preview:large, max-video-preview:-1\" \/>\n<link rel=\"canonical\" href=\"https:\/\/jornalfatosenoticias.com.br\/index.php\/2024\/11\/19\/militares-usariam-armas-pesadas-e-envenenamento-contra-lula-alckmin-e-moraes\/\" \/>\n<meta property=\"og:locale\" content=\"pt_BR\" \/>\n<meta property=\"og:type\" content=\"article\" \/>\n<meta property=\"og:title\" content=\"Militares usariam armas pesadas e envenenamento contra Lula, Alckmin e Moraes - Jornal Fatos e Not\u00edcias\" \/>\n<meta property=\"og:description\" content=\"Moraes, Lula e Alckmin durante a cerim\u00f4nia de diploma\u00e7\u00e3o em dezembro de 2022, que precederia a suposta execu\u00e7\u00e3o planejada pelos militares Por Guilherme Grandi, Juliet Manfrin e Renan Ramalho Os quatro militares do Ex\u00e9rcito presos na manh\u00e3 desta ter\u00e7a (19) pela Pol\u00edcia Federal durante a Opera\u00e7\u00e3o Contragolpe, al\u00e9m de um policial federal, pretendiam executar Luiz [&hellip;]\" \/>\n<meta property=\"og:url\" content=\"https:\/\/jornalfatosenoticias.com.br\/index.php\/2024\/11\/19\/militares-usariam-armas-pesadas-e-envenenamento-contra-lula-alckmin-e-moraes\/\" \/>\n<meta property=\"og:site_name\" content=\"Jornal Fatos e Not\u00edcias\" \/>\n<meta property=\"article:published_time\" content=\"2024-11-19T14:44:53+00:00\" \/>\n<meta property=\"article:modified_time\" content=\"2024-11-19T14:44:54+00:00\" \/>\n<meta property=\"og:image\" content=\"https:\/\/jornalfatosenoticias.com.br\/wp-content\/uploads\/2024\/11\/qu4drilh4.jpg\" \/>\n\t<meta property=\"og:image:width\" content=\"960\" \/>\n\t<meta property=\"og:image:height\" content=\"540\" \/>\n\t<meta property=\"og:image:type\" content=\"image\/jpeg\" \/>\n<meta name=\"author\" content=\"Luzimara Fernandes\" \/>\n<meta name=\"twitter:card\" content=\"summary_large_image\" \/>\n<meta name=\"twitter:label1\" content=\"Escrito por\" \/>\n\t<meta name=\"twitter:data1\" content=\"Luzimara Fernandes\" \/>\n\t<meta name=\"twitter:label2\" content=\"Est. tempo de leitura\" \/>\n\t<meta name=\"twitter:data2\" content=\"6 minutos\" \/>\n<script type=\"application\/ld+json\" class=\"yoast-schema-graph\">{\"@context\":\"https:\/\/schema.org\",\"@graph\":[{\"@type\":\"Article\",\"@id\":\"https:\/\/jornalfatosenoticias.com.br\/index.php\/2024\/11\/19\/militares-usariam-armas-pesadas-e-envenenamento-contra-lula-alckmin-e-moraes\/#article\",\"isPartOf\":{\"@id\":\"https:\/\/jornalfatosenoticias.com.br\/index.php\/2024\/11\/19\/militares-usariam-armas-pesadas-e-envenenamento-contra-lula-alckmin-e-moraes\/\"},\"author\":{\"name\":\"Luzimara Fernandes\",\"@id\":\"https:\/\/jornalfatosenoticias.com.br\/#\/schema\/person\/d63837fa13ac8666eb9e74e0985d6f81\"},\"headline\":\"Militares usariam armas pesadas e envenenamento contra Lula, Alckmin e Moraes\",\"datePublished\":\"2024-11-19T14:44:53+00:00\",\"dateModified\":\"2024-11-19T14:44:54+00:00\",\"mainEntityOfPage\":{\"@id\":\"https:\/\/jornalfatosenoticias.com.br\/index.php\/2024\/11\/19\/militares-usariam-armas-pesadas-e-envenenamento-contra-lula-alckmin-e-moraes\/\"},\"wordCount\":1115,\"commentCount\":0,\"publisher\":{\"@id\":\"https:\/\/jornalfatosenoticias.com.br\/#organization\"},\"image\":{\"@id\":\"https:\/\/jornalfatosenoticias.com.br\/index.php\/2024\/11\/19\/militares-usariam-armas-pesadas-e-envenenamento-contra-lula-alckmin-e-moraes\/#primaryimage\"},\"thumbnailUrl\":\"https:\/\/jornalfatosenoticias.com.br\/wp-content\/uploads\/2024\/11\/qu4drilh4.jpg\",\"keywords\":[\"Alexandre de Moraes\",\"armas\",\"ex\u00e9rcito\",\"Geraldo Alckmin\",\"Jair Bolsonaro\",\"Lula\",\"Opera\u00e7\u00e3o Contragolpe\",\"Pal\u00e1cio do Planalto\",\"Pol\u00edcia Federal\"],\"articleSection\":[\"Pol\u00edtica\"],\"inLanguage\":\"pt-BR\",\"potentialAction\":[{\"@type\":\"CommentAction\",\"name\":\"Comment\",\"target\":[\"https:\/\/jornalfatosenoticias.com.br\/index.php\/2024\/11\/19\/militares-usariam-armas-pesadas-e-envenenamento-contra-lula-alckmin-e-moraes\/#respond\"]}]},{\"@type\":\"WebPage\",\"@id\":\"https:\/\/jornalfatosenoticias.com.br\/index.php\/2024\/11\/19\/militares-usariam-armas-pesadas-e-envenenamento-contra-lula-alckmin-e-moraes\/\",\"url\":\"https:\/\/jornalfatosenoticias.com.br\/index.php\/2024\/11\/19\/militares-usariam-armas-pesadas-e-envenenamento-contra-lula-alckmin-e-moraes\/\",\"name\":\"Militares usariam armas pesadas e envenenamento contra Lula, Alckmin e Moraes - Jornal Fatos e Not\u00edcias\",\"isPartOf\":{\"@id\":\"https:\/\/jornalfatosenoticias.com.br\/#website\"},\"primaryImageOfPage\":{\"@id\":\"https:\/\/jornalfatosenoticias.com.br\/index.php\/2024\/11\/19\/militares-usariam-armas-pesadas-e-envenenamento-contra-lula-alckmin-e-moraes\/#primaryimage\"},\"image\":{\"@id\":\"https:\/\/jornalfatosenoticias.com.br\/index.php\/2024\/11\/19\/militares-usariam-armas-pesadas-e-envenenamento-contra-lula-alckmin-e-moraes\/#primaryimage\"},\"thumbnailUrl\":\"https:\/\/jornalfatosenoticias.com.br\/wp-content\/uploads\/2024\/11\/qu4drilh4.jpg\",\"datePublished\":\"2024-11-19T14:44:53+00:00\",\"dateModified\":\"2024-11-19T14:44:54+00:00\",\"breadcrumb\":{\"@id\":\"https:\/\/jornalfatosenoticias.com.br\/index.php\/2024\/11\/19\/militares-usariam-armas-pesadas-e-envenenamento-contra-lula-alckmin-e-moraes\/#breadcrumb\"},\"inLanguage\":\"pt-BR\",\"potentialAction\":[{\"@type\":\"ReadAction\",\"target\":[\"https:\/\/jornalfatosenoticias.com.br\/index.php\/2024\/11\/19\/militares-usariam-armas-pesadas-e-envenenamento-contra-lula-alckmin-e-moraes\/\"]}]},{\"@type\":\"ImageObject\",\"inLanguage\":\"pt-BR\",\"@id\":\"https:\/\/jornalfatosenoticias.com.br\/index.php\/2024\/11\/19\/militares-usariam-armas-pesadas-e-envenenamento-contra-lula-alckmin-e-moraes\/#primaryimage\",\"url\":\"https:\/\/jornalfatosenoticias.com.br\/wp-content\/uploads\/2024\/11\/qu4drilh4.jpg\",\"contentUrl\":\"https:\/\/jornalfatosenoticias.com.br\/wp-content\/uploads\/2024\/11\/qu4drilh4.jpg\",\"width\":960,\"height\":540},{\"@type\":\"BreadcrumbList\",\"@id\":\"https:\/\/jornalfatosenoticias.com.br\/index.php\/2024\/11\/19\/militares-usariam-armas-pesadas-e-envenenamento-contra-lula-alckmin-e-moraes\/#breadcrumb\",\"itemListElement\":[{\"@type\":\"ListItem\",\"position\":1,\"name\":\"In\u00edcio\",\"item\":\"https:\/\/jornalfatosenoticias.com.br\/\"},{\"@type\":\"ListItem\",\"position\":2,\"name\":\"Militares usariam armas pesadas e envenenamento contra Lula, Alckmin e Moraes\"}]},{\"@type\":\"WebSite\",\"@id\":\"https:\/\/jornalfatosenoticias.com.br\/#website\",\"url\":\"https:\/\/jornalfatosenoticias.com.br\/\",\"name\":\"Jornal Fatos e Not\u00edcias\",\"description\":\"Not\u00edcias em geral\",\"publisher\":{\"@id\":\"https:\/\/jornalfatosenoticias.com.br\/#organization\"},\"potentialAction\":[{\"@type\":\"SearchAction\",\"target\":{\"@type\":\"EntryPoint\",\"urlTemplate\":\"https:\/\/jornalfatosenoticias.com.br\/?s={search_term_string}\"},\"query-input\":{\"@type\":\"PropertyValueSpecification\",\"valueRequired\":true,\"valueName\":\"search_term_string\"}}],\"inLanguage\":\"pt-BR\"},{\"@type\":\"Organization\",\"@id\":\"https:\/\/jornalfatosenoticias.com.br\/#organization\",\"name\":\"Jornal Fatos e Not\u00edcias\",\"url\":\"https:\/\/jornalfatosenoticias.com.br\/\",\"logo\":{\"@type\":\"ImageObject\",\"inLanguage\":\"pt-BR\",\"@id\":\"https:\/\/jornalfatosenoticias.com.br\/#\/schema\/logo\/image\/\",\"url\":\"https:\/\/jornalfatosenoticias.com.br\/wp-content\/uploads\/2020\/02\/logo120.png\",\"contentUrl\":\"https:\/\/jornalfatosenoticias.com.br\/wp-content\/uploads\/2020\/02\/logo120.png\",\"width\":1227,\"height\":120,\"caption\":\"Jornal Fatos e Not\u00edcias\"},\"image\":{\"@id\":\"https:\/\/jornalfatosenoticias.com.br\/#\/schema\/logo\/image\/\"}},{\"@type\":\"Person\",\"@id\":\"https:\/\/jornalfatosenoticias.com.br\/#\/schema\/person\/d63837fa13ac8666eb9e74e0985d6f81\",\"name\":\"Luzimara Fernandes\",\"image\":{\"@type\":\"ImageObject\",\"inLanguage\":\"pt-BR\",\"@id\":\"https:\/\/jornalfatosenoticias.com.br\/#\/schema\/person\/image\/\",\"url\":\"https:\/\/jornalfatosenoticias.com.br\/wp-content\/uploads\/2025\/05\/EU_portal.jpg\",\"contentUrl\":\"https:\/\/jornalfatosenoticias.com.br\/wp-content\/uploads\/2025\/05\/EU_portal.jpg\",\"caption\":\"Luzimara Fernandes\"},\"description\":\"Jornalista MTB 2358-ES\",\"sameAs\":[\"https:\/\/jornalfatosenoticias.com.br\"],\"url\":\"https:\/\/jornalfatosenoticias.com.br\/index.php\/author\/luzimara\/\"}]}<\/script>\n<!-- \/ Yoast SEO plugin. -->","yoast_head_json":{"title":"Militares usariam armas pesadas e envenenamento contra Lula, Alckmin e Moraes - Jornal Fatos e Not\u00edcias","robots":{"index":"index","follow":"follow","max-snippet":"max-snippet:-1","max-image-preview":"max-image-preview:large","max-video-preview":"max-video-preview:-1"},"canonical":"https:\/\/jornalfatosenoticias.com.br\/index.php\/2024\/11\/19\/militares-usariam-armas-pesadas-e-envenenamento-contra-lula-alckmin-e-moraes\/","og_locale":"pt_BR","og_type":"article","og_title":"Militares usariam armas pesadas e envenenamento contra Lula, Alckmin e Moraes - Jornal Fatos e Not\u00edcias","og_description":"Moraes, Lula e Alckmin durante a cerim\u00f4nia de diploma\u00e7\u00e3o em dezembro de 2022, que precederia a suposta execu\u00e7\u00e3o planejada pelos militares Por Guilherme Grandi, Juliet Manfrin e Renan Ramalho Os quatro militares do Ex\u00e9rcito presos na manh\u00e3 desta ter\u00e7a (19) pela Pol\u00edcia Federal durante a Opera\u00e7\u00e3o Contragolpe, al\u00e9m de um policial federal, pretendiam executar Luiz [&hellip;]","og_url":"https:\/\/jornalfatosenoticias.com.br\/index.php\/2024\/11\/19\/militares-usariam-armas-pesadas-e-envenenamento-contra-lula-alckmin-e-moraes\/","og_site_name":"Jornal Fatos e Not\u00edcias","article_published_time":"2024-11-19T14:44:53+00:00","article_modified_time":"2024-11-19T14:44:54+00:00","og_image":[{"width":960,"height":540,"url":"https:\/\/jornalfatosenoticias.com.br\/wp-content\/uploads\/2024\/11\/qu4drilh4.jpg","type":"image\/jpeg"}],"author":"Luzimara Fernandes","twitter_card":"summary_large_image","twitter_misc":{"Escrito por":"Luzimara Fernandes","Est. tempo de leitura":"6 minutos"},"schema":{"@context":"https:\/\/schema.org","@graph":[{"@type":"Article","@id":"https:\/\/jornalfatosenoticias.com.br\/index.php\/2024\/11\/19\/militares-usariam-armas-pesadas-e-envenenamento-contra-lula-alckmin-e-moraes\/#article","isPartOf":{"@id":"https:\/\/jornalfatosenoticias.com.br\/index.php\/2024\/11\/19\/militares-usariam-armas-pesadas-e-envenenamento-contra-lula-alckmin-e-moraes\/"},"author":{"name":"Luzimara Fernandes","@id":"https:\/\/jornalfatosenoticias.com.br\/#\/schema\/person\/d63837fa13ac8666eb9e74e0985d6f81"},"headline":"Militares usariam armas pesadas e envenenamento contra Lula, Alckmin e Moraes","datePublished":"2024-11-19T14:44:53+00:00","dateModified":"2024-11-19T14:44:54+00:00","mainEntityOfPage":{"@id":"https:\/\/jornalfatosenoticias.com.br\/index.php\/2024\/11\/19\/militares-usariam-armas-pesadas-e-envenenamento-contra-lula-alckmin-e-moraes\/"},"wordCount":1115,"commentCount":0,"publisher":{"@id":"https:\/\/jornalfatosenoticias.com.br\/#organization"},"image":{"@id":"https:\/\/jornalfatosenoticias.com.br\/index.php\/2024\/11\/19\/militares-usariam-armas-pesadas-e-envenenamento-contra-lula-alckmin-e-moraes\/#primaryimage"},"thumbnailUrl":"https:\/\/jornalfatosenoticias.com.br\/wp-content\/uploads\/2024\/11\/qu4drilh4.jpg","keywords":["Alexandre de Moraes","armas","ex\u00e9rcito","Geraldo Alckmin","Jair Bolsonaro","Lula","Opera\u00e7\u00e3o Contragolpe","Pal\u00e1cio do Planalto","Pol\u00edcia Federal"],"articleSection":["Pol\u00edtica"],"inLanguage":"pt-BR","potentialAction":[{"@type":"CommentAction","name":"Comment","target":["https:\/\/jornalfatosenoticias.com.br\/index.php\/2024\/11\/19\/militares-usariam-armas-pesadas-e-envenenamento-contra-lula-alckmin-e-moraes\/#respond"]}]},{"@type":"WebPage","@id":"https:\/\/jornalfatosenoticias.com.br\/index.php\/2024\/11\/19\/militares-usariam-armas-pesadas-e-envenenamento-contra-lula-alckmin-e-moraes\/","url":"https:\/\/jornalfatosenoticias.com.br\/index.php\/2024\/11\/19\/militares-usariam-armas-pesadas-e-envenenamento-contra-lula-alckmin-e-moraes\/","name":"Militares usariam armas pesadas e envenenamento contra Lula, Alckmin e Moraes - Jornal Fatos e Not\u00edcias","isPartOf":{"@id":"https:\/\/jornalfatosenoticias.com.br\/#website"},"primaryImageOfPage":{"@id":"https:\/\/jornalfatosenoticias.com.br\/index.php\/2024\/11\/19\/militares-usariam-armas-pesadas-e-envenenamento-contra-lula-alckmin-e-moraes\/#primaryimage"},"image":{"@id":"https:\/\/jornalfatosenoticias.com.br\/index.php\/2024\/11\/19\/militares-usariam-armas-pesadas-e-envenenamento-contra-lula-alckmin-e-moraes\/#primaryimage"},"thumbnailUrl":"https:\/\/jornalfatosenoticias.com.br\/wp-content\/uploads\/2024\/11\/qu4drilh4.jpg","datePublished":"2024-11-19T14:44:53+00:00","dateModified":"2024-11-19T14:44:54+00:00","breadcrumb":{"@id":"https:\/\/jornalfatosenoticias.com.br\/index.php\/2024\/11\/19\/militares-usariam-armas-pesadas-e-envenenamento-contra-lula-alckmin-e-moraes\/#breadcrumb"},"inLanguage":"pt-BR","potentialAction":[{"@type":"ReadAction","target":["https:\/\/jornalfatosenoticias.com.br\/index.php\/2024\/11\/19\/militares-usariam-armas-pesadas-e-envenenamento-contra-lula-alckmin-e-moraes\/"]}]},{"@type":"ImageObject","inLanguage":"pt-BR","@id":"https:\/\/jornalfatosenoticias.com.br\/index.php\/2024\/11\/19\/militares-usariam-armas-pesadas-e-envenenamento-contra-lula-alckmin-e-moraes\/#primaryimage","url":"https:\/\/jornalfatosenoticias.com.br\/wp-content\/uploads\/2024\/11\/qu4drilh4.jpg","contentUrl":"https:\/\/jornalfatosenoticias.com.br\/wp-content\/uploads\/2024\/11\/qu4drilh4.jpg","width":960,"height":540},{"@type":"BreadcrumbList","@id":"https:\/\/jornalfatosenoticias.com.br\/index.php\/2024\/11\/19\/militares-usariam-armas-pesadas-e-envenenamento-contra-lula-alckmin-e-moraes\/#breadcrumb","itemListElement":[{"@type":"ListItem","position":1,"name":"In\u00edcio","item":"https:\/\/jornalfatosenoticias.com.br\/"},{"@type":"ListItem","position":2,"name":"Militares usariam armas pesadas e envenenamento contra Lula, Alckmin e Moraes"}]},{"@type":"WebSite","@id":"https:\/\/jornalfatosenoticias.com.br\/#website","url":"https:\/\/jornalfatosenoticias.com.br\/","name":"Jornal Fatos e Not\u00edcias","description":"Not\u00edcias em geral","publisher":{"@id":"https:\/\/jornalfatosenoticias.com.br\/#organization"},"potentialAction":[{"@type":"SearchAction","target":{"@type":"EntryPoint","urlTemplate":"https:\/\/jornalfatosenoticias.com.br\/?s={search_term_string}"},"query-input":{"@type":"PropertyValueSpecification","valueRequired":true,"valueName":"search_term_string"}}],"inLanguage":"pt-BR"},{"@type":"Organization","@id":"https:\/\/jornalfatosenoticias.com.br\/#organization","name":"Jornal Fatos e Not\u00edcias","url":"https:\/\/jornalfatosenoticias.com.br\/","logo":{"@type":"ImageObject","inLanguage":"pt-BR","@id":"https:\/\/jornalfatosenoticias.com.br\/#\/schema\/logo\/image\/","url":"https:\/\/jornalfatosenoticias.com.br\/wp-content\/uploads\/2020\/02\/logo120.png","contentUrl":"https:\/\/jornalfatosenoticias.com.br\/wp-content\/uploads\/2020\/02\/logo120.png","width":1227,"height":120,"caption":"Jornal Fatos e Not\u00edcias"},"image":{"@id":"https:\/\/jornalfatosenoticias.com.br\/#\/schema\/logo\/image\/"}},{"@type":"Person","@id":"https:\/\/jornalfatosenoticias.com.br\/#\/schema\/person\/d63837fa13ac8666eb9e74e0985d6f81","name":"Luzimara Fernandes","image":{"@type":"ImageObject","inLanguage":"pt-BR","@id":"https:\/\/jornalfatosenoticias.com.br\/#\/schema\/person\/image\/","url":"https:\/\/jornalfatosenoticias.com.br\/wp-content\/uploads\/2025\/05\/EU_portal.jpg","contentUrl":"https:\/\/jornalfatosenoticias.com.br\/wp-content\/uploads\/2025\/05\/EU_portal.jpg","caption":"Luzimara Fernandes"},"description":"Jornalista MTB 2358-ES","sameAs":["https:\/\/jornalfatosenoticias.com.br"],"url":"https:\/\/jornalfatosenoticias.com.br\/index.php\/author\/luzimara\/"}]}},"cc_featured_image_caption":{"caption_text":"","source_text":"","source_url":""},"jetpack_featured_media_url":"https:\/\/jornalfatosenoticias.com.br\/wp-content\/uploads\/2024\/11\/qu4drilh4.jpg","_links":{"self":[{"href":"https:\/\/jornalfatosenoticias.com.br\/index.php\/wp-json\/wp\/v2\/posts\/55807","targetHints":{"allow":["GET"]}}],"collection":[{"href":"https:\/\/jornalfatosenoticias.com.br\/index.php\/wp-json\/wp\/v2\/posts"}],"about":[{"href":"https:\/\/jornalfatosenoticias.com.br\/index.php\/wp-json\/wp\/v2\/types\/post"}],"author":[{"embeddable":true,"href":"https:\/\/jornalfatosenoticias.com.br\/index.php\/wp-json\/wp\/v2\/users\/2"}],"replies":[{"embeddable":true,"href":"https:\/\/jornalfatosenoticias.com.br\/index.php\/wp-json\/wp\/v2\/comments?post=55807"}],"version-history":[{"count":0,"href":"https:\/\/jornalfatosenoticias.com.br\/index.php\/wp-json\/wp\/v2\/posts\/55807\/revisions"}],"wp:featuredmedia":[{"embeddable":true,"href":"https:\/\/jornalfatosenoticias.com.br\/index.php\/wp-json\/wp\/v2\/media\/55809"}],"wp:attachment":[{"href":"https:\/\/jornalfatosenoticias.com.br\/index.php\/wp-json\/wp\/v2\/media?parent=55807"}],"wp:term":[{"taxonomy":"category","embeddable":true,"href":"https:\/\/jornalfatosenoticias.com.br\/index.php\/wp-json\/wp\/v2\/categories?post=55807"},{"taxonomy":"post_tag","embeddable":true,"href":"https:\/\/jornalfatosenoticias.com.br\/index.php\/wp-json\/wp\/v2\/tags?post=55807"}],"curies":[{"name":"wp","href":"https:\/\/api.w.org\/{rel}","templated":true}]}}