{"id":55811,"date":"2024-11-19T14:48:16","date_gmt":"2024-11-19T17:48:16","guid":{"rendered":"https:\/\/jornalfatosenoticias.com.br\/?p=55811"},"modified":"2024-11-19T14:48:18","modified_gmt":"2024-11-19T17:48:18","slug":"milei-faz-o-terror-da-diplomacia-brasileira-no-g20","status":"publish","type":"post","link":"https:\/\/jornalfatosenoticias.com.br\/index.php\/2024\/11\/19\/milei-faz-o-terror-da-diplomacia-brasileira-no-g20\/","title":{"rendered":"Milei faz o terror da diplomacia brasileira no G20"},"content":{"rendered":"\n<p><em><span class=\"has-inline-color has-black-color\">No encontro do G20 no Rio de Janeiro, o presidente argentino adotou uma postura de confronto ao amea\u00e7ar n\u00e3o assinar a declara\u00e7\u00e3o final<\/span><\/em><\/p>\n\n\n\n<div class=\"wp-block-image\"><figure class=\"aligncenter size-large\"><a href=\"https:\/\/mizu.com.br\/\"><img loading=\"lazy\" decoding=\"async\" width=\"729\" height=\"90\" src=\"https:\/\/jornalfatosenoticias.com.br\/wp-content\/uploads\/2020\/02\/Logo_Mizu.png\" alt=\"\" class=\"wp-image-1441\" srcset=\"https:\/\/jornalfatosenoticias.com.br\/wp-content\/uploads\/2020\/02\/Logo_Mizu.png 729w, https:\/\/jornalfatosenoticias.com.br\/wp-content\/uploads\/2020\/02\/Logo_Mizu-300x37.png 300w\" sizes=\"auto, (max-width: 729px) 100vw, 729px\" \/><\/a><\/figure><\/div>\n\n\n\n<p>O in\u00edcio do encontro foi marcado por tens\u00f5es evidentes. Quando Javier Milei chegou ao Brasil para a c\u00fapula do G20, foi recebido de forma fria pelo anfitri\u00e3o, Luiz In\u00e1cio Lula da Silva. A antipatia m\u00fatua entre os dois l\u00edderes foi capturada em uma foto oficial, que rapidamente se espalhou pelas redes sociais.<br>Ao contr\u00e1rio dos outros l\u00edderes mundiais que posaram sorridentes ao lado do petista com sorrisos, Milei e Lula exibiram express\u00f5es fechadas.<\/p>\n\n\n\n<div class=\"wp-block-image\"><figure class=\"aligncenter size-large is-resized\"><a href=\"https:\/\/www.facebook.com\/postobkr\/?locale=pt_BR\"><img loading=\"lazy\" decoding=\"async\" src=\"https:\/\/jornalfatosenoticias.com.br\/wp-content\/uploads\/2023\/08\/BKR-1024x1021.jpg\" alt=\"\" class=\"wp-image-44494\" width=\"321\" height=\"320\" srcset=\"https:\/\/jornalfatosenoticias.com.br\/wp-content\/uploads\/2023\/08\/BKR-1024x1021.jpg 1024w, https:\/\/jornalfatosenoticias.com.br\/wp-content\/uploads\/2023\/08\/BKR-300x300.jpg 300w, https:\/\/jornalfatosenoticias.com.br\/wp-content\/uploads\/2023\/08\/BKR-150x150.jpg 150w, https:\/\/jornalfatosenoticias.com.br\/wp-content\/uploads\/2023\/08\/BKR-768x766.jpg 768w, https:\/\/jornalfatosenoticias.com.br\/wp-content\/uploads\/2023\/08\/BKR.jpg 1080w\" sizes=\"auto, (max-width: 321px) 100vw, 321px\" \/><\/a><\/figure><\/div>\n\n\n\n<p><strong><span class=\"has-inline-color has-black-color\">\u201cComunista\u201d e \u201cladr\u00e3o\u201d<br><\/span><\/strong>Milei est\u00e1 no cargo h\u00e1 quase um ano, mas ainda n\u00e3o havia se encontrado pessoalmente com Lula. Apesar das rela\u00e7\u00f5es econ\u00f4micas e pol\u00edticas pr\u00f3ximas entre Argentina e Brasil, as tens\u00f5es s\u00e3o evidentes. Durante a campanha eleitoral, Milei n\u00e3o hesitou em chamar Lula de \u201ccomunista\u201d e \u201cladr\u00e3o\u201d, postura que manteve mesmo ap\u00f3s assumir a presid\u00eancia da Argentina. No encontro do G-20 no Rio de Janeiro, Milei adotou uma postura de confronto ao amea\u00e7ar n\u00e3o assinar a declara\u00e7\u00e3o final preparada h\u00e1 um ano. Ele manifestou sua oposi\u00e7\u00e3o a v\u00e1rias iniciativas internacionais.<\/p>\n\n\n\n<div class=\"wp-block-image\"><figure class=\"aligncenter size-large is-resized\"><a href=\"https:\/\/hotelmarquetti.com.br\/\"><img loading=\"lazy\" decoding=\"async\" src=\"https:\/\/jornalfatosenoticias.com.br\/wp-content\/uploads\/2023\/03\/nova-logo-Marquetti.jpg\" alt=\"\" class=\"wp-image-40207\" width=\"356\" height=\"239\" srcset=\"https:\/\/jornalfatosenoticias.com.br\/wp-content\/uploads\/2023\/03\/nova-logo-Marquetti.jpg 643w, https:\/\/jornalfatosenoticias.com.br\/wp-content\/uploads\/2023\/03\/nova-logo-Marquetti-300x202.jpg 300w\" sizes=\"auto, (max-width: 356px) 100vw, 356px\" \/><\/a><\/figure><\/div>\n\n\n\n<p><strong><span class=\"has-inline-color has-black-color\">A pol\u00edtica externa de Milei<br><\/span><\/strong>A atitude de Milei reflete uma mudan\u00e7a radical na pol\u00edtica externa argentina. Recentemente, ele demitiu sua ministra das Rela\u00e7\u00f5es Exteriores por ter votado na ONU pelo fim do embargo dos EUA contra Cuba. Al\u00e9m disso, Milei retirou a delega\u00e7\u00e3o argentina de um encontro clim\u00e1tico em Baku e tamb\u00e9m criticou a Agenda 2030 da ONU como uma imposi\u00e7\u00e3o socialista.<\/p>\n\n\n\n<div class=\"wp-block-image\"><figure class=\"aligncenter size-large is-resized\"><a href=\"https:\/\/www.instagram.com\/esteiochurrascaria\/\"><img loading=\"lazy\" decoding=\"async\" src=\"https:\/\/jornalfatosenoticias.com.br\/wp-content\/uploads\/2022\/02\/LOGO-ESTEIO-1024x730.png\" alt=\"\" class=\"wp-image-27942\" width=\"322\" height=\"229\" srcset=\"https:\/\/jornalfatosenoticias.com.br\/wp-content\/uploads\/2022\/02\/LOGO-ESTEIO-1024x730.png 1024w, https:\/\/jornalfatosenoticias.com.br\/wp-content\/uploads\/2022\/02\/LOGO-ESTEIO-300x214.png 300w, https:\/\/jornalfatosenoticias.com.br\/wp-content\/uploads\/2022\/02\/LOGO-ESTEIO-768x548.png 768w, https:\/\/jornalfatosenoticias.com.br\/wp-content\/uploads\/2022\/02\/LOGO-ESTEIO.png 1123w\" sizes=\"auto, (max-width: 322px) 100vw, 322px\" \/><\/a><\/figure><\/div>\n\n\n\n<p>Durante o fim de semana anterior ao G-20, Milei participou de um evento na Fl\u00f3rida em homenagem a Donald Trump e foi o primeiro chefe de Estado estrangeiro a encontr\u00e1-lo ap\u00f3s sua vit\u00f3ria eleitoral. Em seu discurso, elogiou Trump como modelo pol\u00edtico.<\/p>\n\n\n\n<div class=\"wp-block-image\"><figure class=\"aligncenter size-large is-resized\"><a href=\"https:\/\/www.instagram.com\/restaurantepegoretti\/\"><img loading=\"lazy\" decoding=\"async\" src=\"https:\/\/jornalfatosenoticias.com.br\/wp-content\/uploads\/2023\/12\/pegoretti-logo-pdf-1024x389.jpg\" alt=\"\" class=\"wp-image-47536\" width=\"450\" height=\"171\" srcset=\"https:\/\/jornalfatosenoticias.com.br\/wp-content\/uploads\/2023\/12\/pegoretti-logo-pdf-1024x389.jpg 1024w, https:\/\/jornalfatosenoticias.com.br\/wp-content\/uploads\/2023\/12\/pegoretti-logo-pdf-300x114.jpg 300w, https:\/\/jornalfatosenoticias.com.br\/wp-content\/uploads\/2023\/12\/pegoretti-logo-pdf-768x291.jpg 768w, https:\/\/jornalfatosenoticias.com.br\/wp-content\/uploads\/2023\/12\/pegoretti-logo-pdf.jpg 1120w\" sizes=\"auto, (max-width: 450px) 100vw, 450px\" \/><\/a><\/figure><\/div>\n\n\n\n<p><strong><span class=\"has-inline-color has-black-color\">A diplomacia brasileira<br><\/span><\/strong>A diplomacia brasileira estava preocupada com a possibilidade de Milei adotar uma postura isolacionista semelhante \u00e0 de Trump durante o encontro no Rio. No entanto, no final da tarde do primeiro dia do evento, houve uma reviravolta: Milei decidiu assinar a declara\u00e7\u00e3o final.<\/p>\n\n\n\n<div class=\"wp-block-image\"><figure class=\"aligncenter size-large is-resized\"><a href=\"https:\/\/www.instagram.com\/ligadossaborespizzaria\/\"><img loading=\"lazy\" decoding=\"async\" src=\"https:\/\/jornalfatosenoticias.com.br\/wp-content\/uploads\/2020\/02\/WhatsApp-Image-2024-10-02-at-08.18.14-819x1024.jpeg\" alt=\"\" class=\"wp-image-54612\" width=\"303\" height=\"379\" srcset=\"https:\/\/jornalfatosenoticias.com.br\/wp-content\/uploads\/2020\/02\/WhatsApp-Image-2024-10-02-at-08.18.14-819x1024.jpeg 819w, https:\/\/jornalfatosenoticias.com.br\/wp-content\/uploads\/2020\/02\/WhatsApp-Image-2024-10-02-at-08.18.14-240x300.jpeg 240w, https:\/\/jornalfatosenoticias.com.br\/wp-content\/uploads\/2020\/02\/WhatsApp-Image-2024-10-02-at-08.18.14-768x960.jpeg 768w, https:\/\/jornalfatosenoticias.com.br\/wp-content\/uploads\/2020\/02\/WhatsApp-Image-2024-10-02-at-08.18.14.jpeg 1024w\" sizes=\"auto, (max-width: 303px) 100vw, 303px\" \/><\/a><\/figure><\/div>\n\n\n\n<p>O documento \u00e9 gen\u00e9rico e um tanto superficial e reafirma o compromisso dos pa\u00edses do G-20 com uma tributa\u00e7\u00e3o eficaz dos super-ricos e com o limite do aquecimento global a 1,5 grau Celsius. Apesar de ter assinado o documento, Milei fez quest\u00e3o de expressar suas discord\u00e2ncias.<\/p>\n\n\n\n<div class=\"wp-block-image\"><figure class=\"aligncenter size-large\"><a href=\"https:\/\/cesconetto.com.br\/\"><img loading=\"lazy\" decoding=\"async\" width=\"300\" height=\"250\" src=\"https:\/\/jornalfatosenoticias.com.br\/wp-content\/uploads\/2022\/02\/Banner-2.png\" alt=\"\" class=\"wp-image-27877\"\/><\/a><\/figure><\/div>\n\n\n\n<p><strong><span class=\"has-inline-color has-black-color\">O libert\u00e1rio e o socialista<br><\/span><\/strong>A diferen\u00e7a ideol\u00f3gica entre Milei e Lula ficou evidente quando discutiram o papel do Estado. Enquanto Milei defende solu\u00e7\u00f5es baseadas no livre mercado, Lula destaca a necessidade da interven\u00e7\u00e3o estatal para corrigir os excessos da privatiza\u00e7\u00e3o. Diante das diverg\u00eancias no G-20, permanece incerta a capacidade dos dois l\u00edderes em alcan\u00e7ar um consenso dentro do Mercosul para firmar um acordo com a Uni\u00e3o Europeia e a EFTA ainda este ano.<\/p>\n\n\n\n<div class=\"wp-block-image\"><figure class=\"aligncenter size-large is-resized\"><a href=\" https:\/\/www.facebook.com\/profile.php?id=100069289606145\"><img loading=\"lazy\" decoding=\"async\" src=\"https:\/\/jornalfatosenoticias.com.br\/wp-content\/uploads\/2024\/11\/Guaitolini-Contabilidade-1024x714.jpeg\" alt=\"\" class=\"wp-image-55808\" width=\"343\" height=\"239\" srcset=\"https:\/\/jornalfatosenoticias.com.br\/wp-content\/uploads\/2024\/11\/Guaitolini-Contabilidade-1024x714.jpeg 1024w, https:\/\/jornalfatosenoticias.com.br\/wp-content\/uploads\/2024\/11\/Guaitolini-Contabilidade-300x209.jpeg 300w, https:\/\/jornalfatosenoticias.com.br\/wp-content\/uploads\/2024\/11\/Guaitolini-Contabilidade-768x535.jpeg 768w, https:\/\/jornalfatosenoticias.com.br\/wp-content\/uploads\/2024\/11\/Guaitolini-Contabilidade.jpeg 1280w\" sizes=\"auto, (max-width: 343px) 100vw, 343px\" \/><\/a><\/figure><\/div>\n\n\n\n<p><strong><em>Fonte: <a href=\"https:\/\/oantagonista.com.br\/mundo\/milei-faz-o-terror-da-diplomacia-brasileira-no-g-20\/?utm_source=site&amp;utm_medium=brasil&amp;utm_campaign=mais_lidas\">O Antagonista<\/a><\/em><\/strong><\/p>\n","protected":false},"excerpt":{"rendered":"<p>No encontro do G20 no Rio de Janeiro, o presidente argentino adotou uma postura de confronto ao amea\u00e7ar n\u00e3o assinar a declara\u00e7\u00e3o final O in\u00edcio do encontro foi marcado por tens\u00f5es evidentes. Quando Javier Milei chegou ao Brasil para a c\u00fapula do G20, foi recebido de forma fria pelo anfitri\u00e3o, Luiz In\u00e1cio Lula da Silva. [&hellip;]<\/p>\n","protected":false},"author":2,"featured_media":55812,"comment_status":"open","ping_status":"open","sticky":false,"template":"","format":"standard","meta":{"footnotes":""},"categories":[9,41,10],"tags":[21267,18616,7580,17015,497],"class_list":["post-55811","post","type-post","status-publish","format-standard","has-post-thumbnail","hentry","category-economia","category-internacional","category-politica","tag-g20","tag-javier-milei","tag-lula","tag-mercosul","tag-uniao-europeia"],"yoast_head":"<!-- This site is optimized with the Yoast SEO plugin v26.5 - https:\/\/yoast.com\/wordpress\/plugins\/seo\/ -->\n<title>Milei faz o terror da diplomacia brasileira no G20 - Jornal Fatos e Not\u00edcias<\/title>\n<meta name=\"robots\" content=\"index, follow, max-snippet:-1, max-image-preview:large, max-video-preview:-1\" \/>\n<link rel=\"canonical\" href=\"https:\/\/jornalfatosenoticias.com.br\/index.php\/2024\/11\/19\/milei-faz-o-terror-da-diplomacia-brasileira-no-g20\/\" \/>\n<meta property=\"og:locale\" content=\"pt_BR\" \/>\n<meta property=\"og:type\" content=\"article\" \/>\n<meta property=\"og:title\" content=\"Milei faz o terror da diplomacia brasileira no G20 - Jornal Fatos e Not\u00edcias\" \/>\n<meta property=\"og:description\" content=\"No encontro do G20 no Rio de Janeiro, o presidente argentino adotou uma postura de confronto ao amea\u00e7ar n\u00e3o assinar a declara\u00e7\u00e3o final O in\u00edcio do encontro foi marcado por tens\u00f5es evidentes. Quando Javier Milei chegou ao Brasil para a c\u00fapula do G20, foi recebido de forma fria pelo anfitri\u00e3o, Luiz In\u00e1cio Lula da Silva. [&hellip;]\" \/>\n<meta property=\"og:url\" content=\"https:\/\/jornalfatosenoticias.com.br\/index.php\/2024\/11\/19\/milei-faz-o-terror-da-diplomacia-brasileira-no-g20\/\" \/>\n<meta property=\"og:site_name\" content=\"Jornal Fatos e Not\u00edcias\" \/>\n<meta property=\"article:published_time\" content=\"2024-11-19T17:48:16+00:00\" \/>\n<meta property=\"article:modified_time\" content=\"2024-11-19T17:48:18+00:00\" \/>\n<meta property=\"og:image\" content=\"https:\/\/jornalfatosenoticias.com.br\/wp-content\/uploads\/2024\/11\/Milei-G20_gettyimages.jpg\" \/>\n\t<meta property=\"og:image:width\" content=\"612\" \/>\n\t<meta property=\"og:image:height\" content=\"418\" \/>\n\t<meta property=\"og:image:type\" content=\"image\/jpeg\" \/>\n<meta name=\"author\" content=\"Luzimara Fernandes\" \/>\n<meta name=\"twitter:card\" content=\"summary_large_image\" \/>\n<meta name=\"twitter:label1\" content=\"Escrito por\" \/>\n\t<meta name=\"twitter:data1\" content=\"Luzimara Fernandes\" \/>\n\t<meta name=\"twitter:label2\" content=\"Est. tempo de leitura\" \/>\n\t<meta name=\"twitter:data2\" content=\"3 minutos\" \/>\n<script type=\"application\/ld+json\" class=\"yoast-schema-graph\">{\"@context\":\"https:\/\/schema.org\",\"@graph\":[{\"@type\":\"Article\",\"@id\":\"https:\/\/jornalfatosenoticias.com.br\/index.php\/2024\/11\/19\/milei-faz-o-terror-da-diplomacia-brasileira-no-g20\/#article\",\"isPartOf\":{\"@id\":\"https:\/\/jornalfatosenoticias.com.br\/index.php\/2024\/11\/19\/milei-faz-o-terror-da-diplomacia-brasileira-no-g20\/\"},\"author\":{\"name\":\"Luzimara Fernandes\",\"@id\":\"https:\/\/jornalfatosenoticias.com.br\/#\/schema\/person\/d63837fa13ac8666eb9e74e0985d6f81\"},\"headline\":\"Milei faz o terror da diplomacia brasileira no G20\",\"datePublished\":\"2024-11-19T17:48:16+00:00\",\"dateModified\":\"2024-11-19T17:48:18+00:00\",\"mainEntityOfPage\":{\"@id\":\"https:\/\/jornalfatosenoticias.com.br\/index.php\/2024\/11\/19\/milei-faz-o-terror-da-diplomacia-brasileira-no-g20\/\"},\"wordCount\":527,\"commentCount\":0,\"publisher\":{\"@id\":\"https:\/\/jornalfatosenoticias.com.br\/#organization\"},\"image\":{\"@id\":\"https:\/\/jornalfatosenoticias.com.br\/index.php\/2024\/11\/19\/milei-faz-o-terror-da-diplomacia-brasileira-no-g20\/#primaryimage\"},\"thumbnailUrl\":\"https:\/\/jornalfatosenoticias.com.br\/wp-content\/uploads\/2024\/11\/Milei-G20_gettyimages.jpg\",\"keywords\":[\"G20\",\"Javier Milei\",\"Lula\",\"Mercosul\",\"Uni\u00e3o Europeia\"],\"articleSection\":[\"Economia\",\"Internacional\",\"Pol\u00edtica\"],\"inLanguage\":\"pt-BR\",\"potentialAction\":[{\"@type\":\"CommentAction\",\"name\":\"Comment\",\"target\":[\"https:\/\/jornalfatosenoticias.com.br\/index.php\/2024\/11\/19\/milei-faz-o-terror-da-diplomacia-brasileira-no-g20\/#respond\"]}]},{\"@type\":\"WebPage\",\"@id\":\"https:\/\/jornalfatosenoticias.com.br\/index.php\/2024\/11\/19\/milei-faz-o-terror-da-diplomacia-brasileira-no-g20\/\",\"url\":\"https:\/\/jornalfatosenoticias.com.br\/index.php\/2024\/11\/19\/milei-faz-o-terror-da-diplomacia-brasileira-no-g20\/\",\"name\":\"Milei faz o terror da diplomacia brasileira no G20 - Jornal Fatos e Not\u00edcias\",\"isPartOf\":{\"@id\":\"https:\/\/jornalfatosenoticias.com.br\/#website\"},\"primaryImageOfPage\":{\"@id\":\"https:\/\/jornalfatosenoticias.com.br\/index.php\/2024\/11\/19\/milei-faz-o-terror-da-diplomacia-brasileira-no-g20\/#primaryimage\"},\"image\":{\"@id\":\"https:\/\/jornalfatosenoticias.com.br\/index.php\/2024\/11\/19\/milei-faz-o-terror-da-diplomacia-brasileira-no-g20\/#primaryimage\"},\"thumbnailUrl\":\"https:\/\/jornalfatosenoticias.com.br\/wp-content\/uploads\/2024\/11\/Milei-G20_gettyimages.jpg\",\"datePublished\":\"2024-11-19T17:48:16+00:00\",\"dateModified\":\"2024-11-19T17:48:18+00:00\",\"breadcrumb\":{\"@id\":\"https:\/\/jornalfatosenoticias.com.br\/index.php\/2024\/11\/19\/milei-faz-o-terror-da-diplomacia-brasileira-no-g20\/#breadcrumb\"},\"inLanguage\":\"pt-BR\",\"potentialAction\":[{\"@type\":\"ReadAction\",\"target\":[\"https:\/\/jornalfatosenoticias.com.br\/index.php\/2024\/11\/19\/milei-faz-o-terror-da-diplomacia-brasileira-no-g20\/\"]}]},{\"@type\":\"ImageObject\",\"inLanguage\":\"pt-BR\",\"@id\":\"https:\/\/jornalfatosenoticias.com.br\/index.php\/2024\/11\/19\/milei-faz-o-terror-da-diplomacia-brasileira-no-g20\/#primaryimage\",\"url\":\"https:\/\/jornalfatosenoticias.com.br\/wp-content\/uploads\/2024\/11\/Milei-G20_gettyimages.jpg\",\"contentUrl\":\"https:\/\/jornalfatosenoticias.com.br\/wp-content\/uploads\/2024\/11\/Milei-G20_gettyimages.jpg\",\"width\":612,\"height\":418,\"caption\":\"Argentina's President Javier Milei attends the opening session of the G20 Summit in Rio de Janeiro, Brazil, on November 18, 2024. (Photo by Ludovic MARIN \/ AFP) (Photo by LUDOVIC MARIN\/AFP via Getty Images)\"},{\"@type\":\"BreadcrumbList\",\"@id\":\"https:\/\/jornalfatosenoticias.com.br\/index.php\/2024\/11\/19\/milei-faz-o-terror-da-diplomacia-brasileira-no-g20\/#breadcrumb\",\"itemListElement\":[{\"@type\":\"ListItem\",\"position\":1,\"name\":\"In\u00edcio\",\"item\":\"https:\/\/jornalfatosenoticias.com.br\/\"},{\"@type\":\"ListItem\",\"position\":2,\"name\":\"Milei faz o terror da diplomacia brasileira no G20\"}]},{\"@type\":\"WebSite\",\"@id\":\"https:\/\/jornalfatosenoticias.com.br\/#website\",\"url\":\"https:\/\/jornalfatosenoticias.com.br\/\",\"name\":\"Jornal Fatos e Not\u00edcias\",\"description\":\"Not\u00edcias em geral\",\"publisher\":{\"@id\":\"https:\/\/jornalfatosenoticias.com.br\/#organization\"},\"potentialAction\":[{\"@type\":\"SearchAction\",\"target\":{\"@type\":\"EntryPoint\",\"urlTemplate\":\"https:\/\/jornalfatosenoticias.com.br\/?s={search_term_string}\"},\"query-input\":{\"@type\":\"PropertyValueSpecification\",\"valueRequired\":true,\"valueName\":\"search_term_string\"}}],\"inLanguage\":\"pt-BR\"},{\"@type\":\"Organization\",\"@id\":\"https:\/\/jornalfatosenoticias.com.br\/#organization\",\"name\":\"Jornal Fatos e Not\u00edcias\",\"url\":\"https:\/\/jornalfatosenoticias.com.br\/\",\"logo\":{\"@type\":\"ImageObject\",\"inLanguage\":\"pt-BR\",\"@id\":\"https:\/\/jornalfatosenoticias.com.br\/#\/schema\/logo\/image\/\",\"url\":\"https:\/\/jornalfatosenoticias.com.br\/wp-content\/uploads\/2020\/02\/logo120.png\",\"contentUrl\":\"https:\/\/jornalfatosenoticias.com.br\/wp-content\/uploads\/2020\/02\/logo120.png\",\"width\":1227,\"height\":120,\"caption\":\"Jornal Fatos e Not\u00edcias\"},\"image\":{\"@id\":\"https:\/\/jornalfatosenoticias.com.br\/#\/schema\/logo\/image\/\"}},{\"@type\":\"Person\",\"@id\":\"https:\/\/jornalfatosenoticias.com.br\/#\/schema\/person\/d63837fa13ac8666eb9e74e0985d6f81\",\"name\":\"Luzimara Fernandes\",\"image\":{\"@type\":\"ImageObject\",\"inLanguage\":\"pt-BR\",\"@id\":\"https:\/\/jornalfatosenoticias.com.br\/#\/schema\/person\/image\/\",\"url\":\"https:\/\/jornalfatosenoticias.com.br\/wp-content\/uploads\/2025\/05\/EU_portal.jpg\",\"contentUrl\":\"https:\/\/jornalfatosenoticias.com.br\/wp-content\/uploads\/2025\/05\/EU_portal.jpg\",\"caption\":\"Luzimara Fernandes\"},\"description\":\"Jornalista MTB 2358-ES\",\"sameAs\":[\"https:\/\/jornalfatosenoticias.com.br\"],\"url\":\"https:\/\/jornalfatosenoticias.com.br\/index.php\/author\/luzimara\/\"}]}<\/script>\n<!-- \/ Yoast SEO plugin. -->","yoast_head_json":{"title":"Milei faz o terror da diplomacia brasileira no G20 - Jornal Fatos e Not\u00edcias","robots":{"index":"index","follow":"follow","max-snippet":"max-snippet:-1","max-image-preview":"max-image-preview:large","max-video-preview":"max-video-preview:-1"},"canonical":"https:\/\/jornalfatosenoticias.com.br\/index.php\/2024\/11\/19\/milei-faz-o-terror-da-diplomacia-brasileira-no-g20\/","og_locale":"pt_BR","og_type":"article","og_title":"Milei faz o terror da diplomacia brasileira no G20 - Jornal Fatos e Not\u00edcias","og_description":"No encontro do G20 no Rio de Janeiro, o presidente argentino adotou uma postura de confronto ao amea\u00e7ar n\u00e3o assinar a declara\u00e7\u00e3o final O in\u00edcio do encontro foi marcado por tens\u00f5es evidentes. Quando Javier Milei chegou ao Brasil para a c\u00fapula do G20, foi recebido de forma fria pelo anfitri\u00e3o, Luiz In\u00e1cio Lula da Silva. [&hellip;]","og_url":"https:\/\/jornalfatosenoticias.com.br\/index.php\/2024\/11\/19\/milei-faz-o-terror-da-diplomacia-brasileira-no-g20\/","og_site_name":"Jornal Fatos e Not\u00edcias","article_published_time":"2024-11-19T17:48:16+00:00","article_modified_time":"2024-11-19T17:48:18+00:00","og_image":[{"width":612,"height":418,"url":"https:\/\/jornalfatosenoticias.com.br\/wp-content\/uploads\/2024\/11\/Milei-G20_gettyimages.jpg","type":"image\/jpeg"}],"author":"Luzimara Fernandes","twitter_card":"summary_large_image","twitter_misc":{"Escrito por":"Luzimara Fernandes","Est. tempo de leitura":"3 minutos"},"schema":{"@context":"https:\/\/schema.org","@graph":[{"@type":"Article","@id":"https:\/\/jornalfatosenoticias.com.br\/index.php\/2024\/11\/19\/milei-faz-o-terror-da-diplomacia-brasileira-no-g20\/#article","isPartOf":{"@id":"https:\/\/jornalfatosenoticias.com.br\/index.php\/2024\/11\/19\/milei-faz-o-terror-da-diplomacia-brasileira-no-g20\/"},"author":{"name":"Luzimara Fernandes","@id":"https:\/\/jornalfatosenoticias.com.br\/#\/schema\/person\/d63837fa13ac8666eb9e74e0985d6f81"},"headline":"Milei faz o terror da diplomacia brasileira no G20","datePublished":"2024-11-19T17:48:16+00:00","dateModified":"2024-11-19T17:48:18+00:00","mainEntityOfPage":{"@id":"https:\/\/jornalfatosenoticias.com.br\/index.php\/2024\/11\/19\/milei-faz-o-terror-da-diplomacia-brasileira-no-g20\/"},"wordCount":527,"commentCount":0,"publisher":{"@id":"https:\/\/jornalfatosenoticias.com.br\/#organization"},"image":{"@id":"https:\/\/jornalfatosenoticias.com.br\/index.php\/2024\/11\/19\/milei-faz-o-terror-da-diplomacia-brasileira-no-g20\/#primaryimage"},"thumbnailUrl":"https:\/\/jornalfatosenoticias.com.br\/wp-content\/uploads\/2024\/11\/Milei-G20_gettyimages.jpg","keywords":["G20","Javier Milei","Lula","Mercosul","Uni\u00e3o Europeia"],"articleSection":["Economia","Internacional","Pol\u00edtica"],"inLanguage":"pt-BR","potentialAction":[{"@type":"CommentAction","name":"Comment","target":["https:\/\/jornalfatosenoticias.com.br\/index.php\/2024\/11\/19\/milei-faz-o-terror-da-diplomacia-brasileira-no-g20\/#respond"]}]},{"@type":"WebPage","@id":"https:\/\/jornalfatosenoticias.com.br\/index.php\/2024\/11\/19\/milei-faz-o-terror-da-diplomacia-brasileira-no-g20\/","url":"https:\/\/jornalfatosenoticias.com.br\/index.php\/2024\/11\/19\/milei-faz-o-terror-da-diplomacia-brasileira-no-g20\/","name":"Milei faz o terror da diplomacia brasileira no G20 - Jornal Fatos e Not\u00edcias","isPartOf":{"@id":"https:\/\/jornalfatosenoticias.com.br\/#website"},"primaryImageOfPage":{"@id":"https:\/\/jornalfatosenoticias.com.br\/index.php\/2024\/11\/19\/milei-faz-o-terror-da-diplomacia-brasileira-no-g20\/#primaryimage"},"image":{"@id":"https:\/\/jornalfatosenoticias.com.br\/index.php\/2024\/11\/19\/milei-faz-o-terror-da-diplomacia-brasileira-no-g20\/#primaryimage"},"thumbnailUrl":"https:\/\/jornalfatosenoticias.com.br\/wp-content\/uploads\/2024\/11\/Milei-G20_gettyimages.jpg","datePublished":"2024-11-19T17:48:16+00:00","dateModified":"2024-11-19T17:48:18+00:00","breadcrumb":{"@id":"https:\/\/jornalfatosenoticias.com.br\/index.php\/2024\/11\/19\/milei-faz-o-terror-da-diplomacia-brasileira-no-g20\/#breadcrumb"},"inLanguage":"pt-BR","potentialAction":[{"@type":"ReadAction","target":["https:\/\/jornalfatosenoticias.com.br\/index.php\/2024\/11\/19\/milei-faz-o-terror-da-diplomacia-brasileira-no-g20\/"]}]},{"@type":"ImageObject","inLanguage":"pt-BR","@id":"https:\/\/jornalfatosenoticias.com.br\/index.php\/2024\/11\/19\/milei-faz-o-terror-da-diplomacia-brasileira-no-g20\/#primaryimage","url":"https:\/\/jornalfatosenoticias.com.br\/wp-content\/uploads\/2024\/11\/Milei-G20_gettyimages.jpg","contentUrl":"https:\/\/jornalfatosenoticias.com.br\/wp-content\/uploads\/2024\/11\/Milei-G20_gettyimages.jpg","width":612,"height":418,"caption":"Argentina's President Javier Milei attends the opening session of the G20 Summit in Rio de Janeiro, Brazil, on November 18, 2024. (Photo by Ludovic MARIN \/ AFP) (Photo by LUDOVIC MARIN\/AFP via Getty Images)"},{"@type":"BreadcrumbList","@id":"https:\/\/jornalfatosenoticias.com.br\/index.php\/2024\/11\/19\/milei-faz-o-terror-da-diplomacia-brasileira-no-g20\/#breadcrumb","itemListElement":[{"@type":"ListItem","position":1,"name":"In\u00edcio","item":"https:\/\/jornalfatosenoticias.com.br\/"},{"@type":"ListItem","position":2,"name":"Milei faz o terror da diplomacia brasileira no G20"}]},{"@type":"WebSite","@id":"https:\/\/jornalfatosenoticias.com.br\/#website","url":"https:\/\/jornalfatosenoticias.com.br\/","name":"Jornal Fatos e Not\u00edcias","description":"Not\u00edcias em geral","publisher":{"@id":"https:\/\/jornalfatosenoticias.com.br\/#organization"},"potentialAction":[{"@type":"SearchAction","target":{"@type":"EntryPoint","urlTemplate":"https:\/\/jornalfatosenoticias.com.br\/?s={search_term_string}"},"query-input":{"@type":"PropertyValueSpecification","valueRequired":true,"valueName":"search_term_string"}}],"inLanguage":"pt-BR"},{"@type":"Organization","@id":"https:\/\/jornalfatosenoticias.com.br\/#organization","name":"Jornal Fatos e Not\u00edcias","url":"https:\/\/jornalfatosenoticias.com.br\/","logo":{"@type":"ImageObject","inLanguage":"pt-BR","@id":"https:\/\/jornalfatosenoticias.com.br\/#\/schema\/logo\/image\/","url":"https:\/\/jornalfatosenoticias.com.br\/wp-content\/uploads\/2020\/02\/logo120.png","contentUrl":"https:\/\/jornalfatosenoticias.com.br\/wp-content\/uploads\/2020\/02\/logo120.png","width":1227,"height":120,"caption":"Jornal Fatos e Not\u00edcias"},"image":{"@id":"https:\/\/jornalfatosenoticias.com.br\/#\/schema\/logo\/image\/"}},{"@type":"Person","@id":"https:\/\/jornalfatosenoticias.com.br\/#\/schema\/person\/d63837fa13ac8666eb9e74e0985d6f81","name":"Luzimara Fernandes","image":{"@type":"ImageObject","inLanguage":"pt-BR","@id":"https:\/\/jornalfatosenoticias.com.br\/#\/schema\/person\/image\/","url":"https:\/\/jornalfatosenoticias.com.br\/wp-content\/uploads\/2025\/05\/EU_portal.jpg","contentUrl":"https:\/\/jornalfatosenoticias.com.br\/wp-content\/uploads\/2025\/05\/EU_portal.jpg","caption":"Luzimara Fernandes"},"description":"Jornalista MTB 2358-ES","sameAs":["https:\/\/jornalfatosenoticias.com.br"],"url":"https:\/\/jornalfatosenoticias.com.br\/index.php\/author\/luzimara\/"}]}},"cc_featured_image_caption":{"caption_text":"(Foto: Getty Images) ","source_text":"","source_url":""},"jetpack_featured_media_url":"https:\/\/jornalfatosenoticias.com.br\/wp-content\/uploads\/2024\/11\/Milei-G20_gettyimages.jpg","_links":{"self":[{"href":"https:\/\/jornalfatosenoticias.com.br\/index.php\/wp-json\/wp\/v2\/posts\/55811","targetHints":{"allow":["GET"]}}],"collection":[{"href":"https:\/\/jornalfatosenoticias.com.br\/index.php\/wp-json\/wp\/v2\/posts"}],"about":[{"href":"https:\/\/jornalfatosenoticias.com.br\/index.php\/wp-json\/wp\/v2\/types\/post"}],"author":[{"embeddable":true,"href":"https:\/\/jornalfatosenoticias.com.br\/index.php\/wp-json\/wp\/v2\/users\/2"}],"replies":[{"embeddable":true,"href":"https:\/\/jornalfatosenoticias.com.br\/index.php\/wp-json\/wp\/v2\/comments?post=55811"}],"version-history":[{"count":0,"href":"https:\/\/jornalfatosenoticias.com.br\/index.php\/wp-json\/wp\/v2\/posts\/55811\/revisions"}],"wp:featuredmedia":[{"embeddable":true,"href":"https:\/\/jornalfatosenoticias.com.br\/index.php\/wp-json\/wp\/v2\/media\/55812"}],"wp:attachment":[{"href":"https:\/\/jornalfatosenoticias.com.br\/index.php\/wp-json\/wp\/v2\/media?parent=55811"}],"wp:term":[{"taxonomy":"category","embeddable":true,"href":"https:\/\/jornalfatosenoticias.com.br\/index.php\/wp-json\/wp\/v2\/categories?post=55811"},{"taxonomy":"post_tag","embeddable":true,"href":"https:\/\/jornalfatosenoticias.com.br\/index.php\/wp-json\/wp\/v2\/tags?post=55811"}],"curies":[{"name":"wp","href":"https:\/\/api.w.org\/{rel}","templated":true}]}}