{"id":5583,"date":"2020-06-17T09:25:03","date_gmt":"2020-06-17T12:25:03","guid":{"rendered":"https:\/\/jornalfatosenoticias.com.br\/?p=5583"},"modified":"2020-06-17T09:25:05","modified_gmt":"2020-06-17T12:25:05","slug":"entidades-japonesas-comemoram-112-anos-de-imigracao-ao-brasil","status":"publish","type":"post","link":"https:\/\/jornalfatosenoticias.com.br\/index.php\/2020\/06\/17\/entidades-japonesas-comemoram-112-anos-de-imigracao-ao-brasil\/","title":{"rendered":"Entidades japonesas comemoram 112 anos de imigra\u00e7\u00e3o ao Brasil"},"content":{"rendered":"\n<h6 class=\"wp-block-heading\"><em>Data ser\u00e1 comemorada nesta quinta-feira com programa\u00e7\u00e3o especial<\/em><\/h6>\n\n\n\n<p>Entidades ligadas \u00e0 cultura japonesa no Brasil ter\u00e3o uma programa\u00e7\u00e3o especial para o anivers\u00e1rio da imigra\u00e7\u00e3o, comemorado amanh\u00e3 (18), e tamb\u00e9m para o Dia Internacional do Nikkei, celebrado no dia 20.<br>No anivers\u00e1rio dos 112 anos da Imigra\u00e7\u00e3o Japonesa no Brasil, nesta quinta-feira, \u00e0s 19h, a Japan House S\u00e3o Paulo e a Sociedade Brasileira de Cultura Japonesa e de Assist\u00eancia Social (Bunkyo) v\u00e3o promover uma conversa on-line sobre o tema, com a participa\u00e7\u00e3o do presidente honor\u00e1rio da Japan House S\u00e3o Paulo, Rubens Ricupero, e do membro do conselho consultivo da Bunkyo, o jurista e Doutor Honoris Causa pela Universidade Keio, de T\u00f3quio, Kazuo Watanabe.<br>A atra\u00e7\u00e3o, que ser\u00e1 transmitida no\u00a0<a rel=\"noreferrer noopener\" href=\"http:\/\/www.youtube.com\/japanhousesaopaulo\" target=\"_blank\">canal da Japan House SP<\/a>, discutir\u00e1 a imigra\u00e7\u00e3o japonesa no Brasil, suas influ\u00eancias, legados e a constru\u00e7\u00e3o do elo entre ambas as na\u00e7\u00f5es e culturas.<br>Em 18 de junho de 1908, o Kasato Maru, o primeiro navio a trazer imigrantes do Jap\u00e3o, chegou em Santos transportando 781 japoneses depois de uma viagem de 52 dias em alto-mar.<\/p>\n\n\n\n<h4 class=\"wp-block-heading\">Descendentes e simpatizantes<\/h4>\n\n\n\n<p>No Dia Internacional do Nikkei (20) ser\u00e1 a vez da Monja Coen fazer uma live, \u00e0s 20 horas, com a participa\u00e7\u00e3o de cantores e personalidades nikkeis, debatendo valores nipo-brasileiros. O evento ser\u00e1 transmitido no\u00a0<a rel=\"noreferrer noopener\" href=\"http:\/\/www.youtube.com\/japanhousesaopaulo\" target=\"_blank\">canal da Bunkyo<\/a>\u00a0 .<br>Segundo a Sociedade Brasileira de Cultura Japonesa e de Assist\u00eancia Social, a express\u00e3o nikkei significa descendentes nascidos fora do Jap\u00e3o, japoneses que vivem no exterior ou ainda simpatizantes da cultura japonesa. De acordo com a entidade, estima-se que h\u00e1 3,8 milh\u00f5es de nikkeis no mundo \u2014 o Brasil \u00e9 o Pa\u00eds onde h\u00e1 maior n\u00famero de representantes, com 1,9 milh\u00e3o.<\/p>\n\n\n\n<p><em><strong>Fonte: <a href=\"https:\/\/agenciabrasil.ebc.com.br\/geral\/noticia\/2020-06\/entidades-japonesas-comemoram-112-anos-de-imigracao-ao-brasil\">Ag\u00eancia Brasil<\/a><\/strong><\/em><\/p>\n","protected":false},"excerpt":{"rendered":"<p>Data ser\u00e1 comemorada nesta quinta-feira com programa\u00e7\u00e3o especial Entidades ligadas \u00e0 cultura japonesa no Brasil ter\u00e3o uma programa\u00e7\u00e3o especial para o anivers\u00e1rio da imigra\u00e7\u00e3o, comemorado amanh\u00e3 (18), e tamb\u00e9m para o Dia Internacional do Nikkei, celebrado no dia 20.No anivers\u00e1rio dos 112 anos da Imigra\u00e7\u00e3o Japonesa no Brasil, nesta quinta-feira, \u00e0s 19h, a Japan House [&hellip;]<\/p>\n","protected":false},"author":2,"featured_media":5584,"comment_status":"open","ping_status":"open","sticky":false,"template":"","format":"standard","meta":{"footnotes":""},"categories":[5],"tags":[3350,3352,3351,305],"class_list":["post-5583","post","type-post","status-publish","format-standard","has-post-thumbnail","hentry","category-geral","tag-112-anos","tag-comemoracoes","tag-imigracao-japonesa","tag-sao-paulo"],"yoast_head":"<!-- This site is optimized with the Yoast SEO plugin v26.5 - https:\/\/yoast.com\/wordpress\/plugins\/seo\/ -->\n<title>Entidades japonesas comemoram 112 anos de imigra\u00e7\u00e3o ao Brasil - Jornal Fatos e Not\u00edcias<\/title>\n<meta name=\"robots\" content=\"index, follow, max-snippet:-1, max-image-preview:large, max-video-preview:-1\" \/>\n<link rel=\"canonical\" href=\"https:\/\/jornalfatosenoticias.com.br\/index.php\/2020\/06\/17\/entidades-japonesas-comemoram-112-anos-de-imigracao-ao-brasil\/\" \/>\n<meta property=\"og:locale\" content=\"pt_BR\" \/>\n<meta property=\"og:type\" content=\"article\" \/>\n<meta property=\"og:title\" content=\"Entidades japonesas comemoram 112 anos de imigra\u00e7\u00e3o ao Brasil - Jornal Fatos e Not\u00edcias\" \/>\n<meta property=\"og:description\" content=\"Data ser\u00e1 comemorada nesta quinta-feira com programa\u00e7\u00e3o especial Entidades ligadas \u00e0 cultura japonesa no Brasil ter\u00e3o uma programa\u00e7\u00e3o especial para o anivers\u00e1rio da imigra\u00e7\u00e3o, comemorado amanh\u00e3 (18), e tamb\u00e9m para o Dia Internacional do Nikkei, celebrado no dia 20.No anivers\u00e1rio dos 112 anos da Imigra\u00e7\u00e3o Japonesa no Brasil, nesta quinta-feira, \u00e0s 19h, a Japan House [&hellip;]\" \/>\n<meta property=\"og:url\" content=\"https:\/\/jornalfatosenoticias.com.br\/index.php\/2020\/06\/17\/entidades-japonesas-comemoram-112-anos-de-imigracao-ao-brasil\/\" \/>\n<meta property=\"og:site_name\" content=\"Jornal Fatos e Not\u00edcias\" \/>\n<meta property=\"article:published_time\" content=\"2020-06-17T12:25:03+00:00\" \/>\n<meta property=\"article:modified_time\" content=\"2020-06-17T12:25:05+00:00\" \/>\n<meta property=\"og:image\" content=\"https:\/\/jornalfatosenoticias.com.br\/wp-content\/uploads\/2020\/06\/migracao-japonesa-no-brasil.jpg\" \/>\n\t<meta property=\"og:image:width\" content=\"1000\" \/>\n\t<meta property=\"og:image:height\" content=\"598\" \/>\n\t<meta property=\"og:image:type\" content=\"image\/jpeg\" \/>\n<meta name=\"author\" content=\"Luzimara Fernandes\" \/>\n<meta name=\"twitter:card\" content=\"summary_large_image\" \/>\n<meta name=\"twitter:label1\" content=\"Escrito por\" \/>\n\t<meta name=\"twitter:data1\" content=\"Luzimara Fernandes\" \/>\n\t<meta name=\"twitter:label2\" content=\"Est. tempo de leitura\" \/>\n\t<meta name=\"twitter:data2\" content=\"1 minuto\" \/>\n<script type=\"application\/ld+json\" class=\"yoast-schema-graph\">{\"@context\":\"https:\/\/schema.org\",\"@graph\":[{\"@type\":\"Article\",\"@id\":\"https:\/\/jornalfatosenoticias.com.br\/index.php\/2020\/06\/17\/entidades-japonesas-comemoram-112-anos-de-imigracao-ao-brasil\/#article\",\"isPartOf\":{\"@id\":\"https:\/\/jornalfatosenoticias.com.br\/index.php\/2020\/06\/17\/entidades-japonesas-comemoram-112-anos-de-imigracao-ao-brasil\/\"},\"author\":{\"name\":\"Luzimara Fernandes\",\"@id\":\"https:\/\/jornalfatosenoticias.com.br\/#\/schema\/person\/d63837fa13ac8666eb9e74e0985d6f81\"},\"headline\":\"Entidades japonesas comemoram 112 anos de imigra\u00e7\u00e3o ao Brasil\",\"datePublished\":\"2020-06-17T12:25:03+00:00\",\"dateModified\":\"2020-06-17T12:25:05+00:00\",\"mainEntityOfPage\":{\"@id\":\"https:\/\/jornalfatosenoticias.com.br\/index.php\/2020\/06\/17\/entidades-japonesas-comemoram-112-anos-de-imigracao-ao-brasil\/\"},\"wordCount\":303,\"commentCount\":0,\"publisher\":{\"@id\":\"https:\/\/jornalfatosenoticias.com.br\/#organization\"},\"image\":{\"@id\":\"https:\/\/jornalfatosenoticias.com.br\/index.php\/2020\/06\/17\/entidades-japonesas-comemoram-112-anos-de-imigracao-ao-brasil\/#primaryimage\"},\"thumbnailUrl\":\"https:\/\/jornalfatosenoticias.com.br\/wp-content\/uploads\/2020\/06\/migracao-japonesa-no-brasil.jpg\",\"keywords\":[\"112 anos\",\"comemora\u00e7\u00f5es\",\"imigra\u00e7\u00e3o japonesa\",\"S\u00e3o Paulo\"],\"articleSection\":[\"Geral\"],\"inLanguage\":\"pt-BR\",\"potentialAction\":[{\"@type\":\"CommentAction\",\"name\":\"Comment\",\"target\":[\"https:\/\/jornalfatosenoticias.com.br\/index.php\/2020\/06\/17\/entidades-japonesas-comemoram-112-anos-de-imigracao-ao-brasil\/#respond\"]}]},{\"@type\":\"WebPage\",\"@id\":\"https:\/\/jornalfatosenoticias.com.br\/index.php\/2020\/06\/17\/entidades-japonesas-comemoram-112-anos-de-imigracao-ao-brasil\/\",\"url\":\"https:\/\/jornalfatosenoticias.com.br\/index.php\/2020\/06\/17\/entidades-japonesas-comemoram-112-anos-de-imigracao-ao-brasil\/\",\"name\":\"Entidades japonesas comemoram 112 anos de imigra\u00e7\u00e3o ao Brasil - Jornal Fatos e Not\u00edcias\",\"isPartOf\":{\"@id\":\"https:\/\/jornalfatosenoticias.com.br\/#website\"},\"primaryImageOfPage\":{\"@id\":\"https:\/\/jornalfatosenoticias.com.br\/index.php\/2020\/06\/17\/entidades-japonesas-comemoram-112-anos-de-imigracao-ao-brasil\/#primaryimage\"},\"image\":{\"@id\":\"https:\/\/jornalfatosenoticias.com.br\/index.php\/2020\/06\/17\/entidades-japonesas-comemoram-112-anos-de-imigracao-ao-brasil\/#primaryimage\"},\"thumbnailUrl\":\"https:\/\/jornalfatosenoticias.com.br\/wp-content\/uploads\/2020\/06\/migracao-japonesa-no-brasil.jpg\",\"datePublished\":\"2020-06-17T12:25:03+00:00\",\"dateModified\":\"2020-06-17T12:25:05+00:00\",\"breadcrumb\":{\"@id\":\"https:\/\/jornalfatosenoticias.com.br\/index.php\/2020\/06\/17\/entidades-japonesas-comemoram-112-anos-de-imigracao-ao-brasil\/#breadcrumb\"},\"inLanguage\":\"pt-BR\",\"potentialAction\":[{\"@type\":\"ReadAction\",\"target\":[\"https:\/\/jornalfatosenoticias.com.br\/index.php\/2020\/06\/17\/entidades-japonesas-comemoram-112-anos-de-imigracao-ao-brasil\/\"]}]},{\"@type\":\"ImageObject\",\"inLanguage\":\"pt-BR\",\"@id\":\"https:\/\/jornalfatosenoticias.com.br\/index.php\/2020\/06\/17\/entidades-japonesas-comemoram-112-anos-de-imigracao-ao-brasil\/#primaryimage\",\"url\":\"https:\/\/jornalfatosenoticias.com.br\/wp-content\/uploads\/2020\/06\/migracao-japonesa-no-brasil.jpg\",\"contentUrl\":\"https:\/\/jornalfatosenoticias.com.br\/wp-content\/uploads\/2020\/06\/migracao-japonesa-no-brasil.jpg\",\"width\":1000,\"height\":598,\"caption\":\"O embaixador do Jap\u00e3o, Akira Yamada, visita a exposi\u00e7\u00e3o Ikebana - Express\u00e3o e Forma, que comemora os 110 anos da imigra\u00e7\u00e3o japonesa no Brasil.\"},{\"@type\":\"BreadcrumbList\",\"@id\":\"https:\/\/jornalfatosenoticias.com.br\/index.php\/2020\/06\/17\/entidades-japonesas-comemoram-112-anos-de-imigracao-ao-brasil\/#breadcrumb\",\"itemListElement\":[{\"@type\":\"ListItem\",\"position\":1,\"name\":\"In\u00edcio\",\"item\":\"https:\/\/jornalfatosenoticias.com.br\/\"},{\"@type\":\"ListItem\",\"position\":2,\"name\":\"Entidades japonesas comemoram 112 anos de imigra\u00e7\u00e3o ao Brasil\"}]},{\"@type\":\"WebSite\",\"@id\":\"https:\/\/jornalfatosenoticias.com.br\/#website\",\"url\":\"https:\/\/jornalfatosenoticias.com.br\/\",\"name\":\"Jornal Fatos e Not\u00edcias\",\"description\":\"Not\u00edcias em geral\",\"publisher\":{\"@id\":\"https:\/\/jornalfatosenoticias.com.br\/#organization\"},\"potentialAction\":[{\"@type\":\"SearchAction\",\"target\":{\"@type\":\"EntryPoint\",\"urlTemplate\":\"https:\/\/jornalfatosenoticias.com.br\/?s={search_term_string}\"},\"query-input\":{\"@type\":\"PropertyValueSpecification\",\"valueRequired\":true,\"valueName\":\"search_term_string\"}}],\"inLanguage\":\"pt-BR\"},{\"@type\":\"Organization\",\"@id\":\"https:\/\/jornalfatosenoticias.com.br\/#organization\",\"name\":\"Jornal Fatos e Not\u00edcias\",\"url\":\"https:\/\/jornalfatosenoticias.com.br\/\",\"logo\":{\"@type\":\"ImageObject\",\"inLanguage\":\"pt-BR\",\"@id\":\"https:\/\/jornalfatosenoticias.com.br\/#\/schema\/logo\/image\/\",\"url\":\"https:\/\/jornalfatosenoticias.com.br\/wp-content\/uploads\/2020\/02\/logo120.png\",\"contentUrl\":\"https:\/\/jornalfatosenoticias.com.br\/wp-content\/uploads\/2020\/02\/logo120.png\",\"width\":1227,\"height\":120,\"caption\":\"Jornal Fatos e Not\u00edcias\"},\"image\":{\"@id\":\"https:\/\/jornalfatosenoticias.com.br\/#\/schema\/logo\/image\/\"}},{\"@type\":\"Person\",\"@id\":\"https:\/\/jornalfatosenoticias.com.br\/#\/schema\/person\/d63837fa13ac8666eb9e74e0985d6f81\",\"name\":\"Luzimara Fernandes\",\"image\":{\"@type\":\"ImageObject\",\"inLanguage\":\"pt-BR\",\"@id\":\"https:\/\/jornalfatosenoticias.com.br\/#\/schema\/person\/image\/\",\"url\":\"https:\/\/jornalfatosenoticias.com.br\/wp-content\/uploads\/2025\/05\/EU_portal.jpg\",\"contentUrl\":\"https:\/\/jornalfatosenoticias.com.br\/wp-content\/uploads\/2025\/05\/EU_portal.jpg\",\"caption\":\"Luzimara Fernandes\"},\"description\":\"Jornalista MTB 2358-ES\",\"sameAs\":[\"https:\/\/jornalfatosenoticias.com.br\"],\"url\":\"https:\/\/jornalfatosenoticias.com.br\/index.php\/author\/luzimara\/\"}]}<\/script>\n<!-- \/ Yoast SEO plugin. -->","yoast_head_json":{"title":"Entidades japonesas comemoram 112 anos de imigra\u00e7\u00e3o ao Brasil - Jornal Fatos e Not\u00edcias","robots":{"index":"index","follow":"follow","max-snippet":"max-snippet:-1","max-image-preview":"max-image-preview:large","max-video-preview":"max-video-preview:-1"},"canonical":"https:\/\/jornalfatosenoticias.com.br\/index.php\/2020\/06\/17\/entidades-japonesas-comemoram-112-anos-de-imigracao-ao-brasil\/","og_locale":"pt_BR","og_type":"article","og_title":"Entidades japonesas comemoram 112 anos de imigra\u00e7\u00e3o ao Brasil - Jornal Fatos e Not\u00edcias","og_description":"Data ser\u00e1 comemorada nesta quinta-feira com programa\u00e7\u00e3o especial Entidades ligadas \u00e0 cultura japonesa no Brasil ter\u00e3o uma programa\u00e7\u00e3o especial para o anivers\u00e1rio da imigra\u00e7\u00e3o, comemorado amanh\u00e3 (18), e tamb\u00e9m para o Dia Internacional do Nikkei, celebrado no dia 20.No anivers\u00e1rio dos 112 anos da Imigra\u00e7\u00e3o Japonesa no Brasil, nesta quinta-feira, \u00e0s 19h, a Japan House [&hellip;]","og_url":"https:\/\/jornalfatosenoticias.com.br\/index.php\/2020\/06\/17\/entidades-japonesas-comemoram-112-anos-de-imigracao-ao-brasil\/","og_site_name":"Jornal Fatos e Not\u00edcias","article_published_time":"2020-06-17T12:25:03+00:00","article_modified_time":"2020-06-17T12:25:05+00:00","og_image":[{"width":1000,"height":598,"url":"https:\/\/jornalfatosenoticias.com.br\/wp-content\/uploads\/2020\/06\/migracao-japonesa-no-brasil.jpg","type":"image\/jpeg"}],"author":"Luzimara Fernandes","twitter_card":"summary_large_image","twitter_misc":{"Escrito por":"Luzimara Fernandes","Est. tempo de leitura":"1 minuto"},"schema":{"@context":"https:\/\/schema.org","@graph":[{"@type":"Article","@id":"https:\/\/jornalfatosenoticias.com.br\/index.php\/2020\/06\/17\/entidades-japonesas-comemoram-112-anos-de-imigracao-ao-brasil\/#article","isPartOf":{"@id":"https:\/\/jornalfatosenoticias.com.br\/index.php\/2020\/06\/17\/entidades-japonesas-comemoram-112-anos-de-imigracao-ao-brasil\/"},"author":{"name":"Luzimara Fernandes","@id":"https:\/\/jornalfatosenoticias.com.br\/#\/schema\/person\/d63837fa13ac8666eb9e74e0985d6f81"},"headline":"Entidades japonesas comemoram 112 anos de imigra\u00e7\u00e3o ao Brasil","datePublished":"2020-06-17T12:25:03+00:00","dateModified":"2020-06-17T12:25:05+00:00","mainEntityOfPage":{"@id":"https:\/\/jornalfatosenoticias.com.br\/index.php\/2020\/06\/17\/entidades-japonesas-comemoram-112-anos-de-imigracao-ao-brasil\/"},"wordCount":303,"commentCount":0,"publisher":{"@id":"https:\/\/jornalfatosenoticias.com.br\/#organization"},"image":{"@id":"https:\/\/jornalfatosenoticias.com.br\/index.php\/2020\/06\/17\/entidades-japonesas-comemoram-112-anos-de-imigracao-ao-brasil\/#primaryimage"},"thumbnailUrl":"https:\/\/jornalfatosenoticias.com.br\/wp-content\/uploads\/2020\/06\/migracao-japonesa-no-brasil.jpg","keywords":["112 anos","comemora\u00e7\u00f5es","imigra\u00e7\u00e3o japonesa","S\u00e3o Paulo"],"articleSection":["Geral"],"inLanguage":"pt-BR","potentialAction":[{"@type":"CommentAction","name":"Comment","target":["https:\/\/jornalfatosenoticias.com.br\/index.php\/2020\/06\/17\/entidades-japonesas-comemoram-112-anos-de-imigracao-ao-brasil\/#respond"]}]},{"@type":"WebPage","@id":"https:\/\/jornalfatosenoticias.com.br\/index.php\/2020\/06\/17\/entidades-japonesas-comemoram-112-anos-de-imigracao-ao-brasil\/","url":"https:\/\/jornalfatosenoticias.com.br\/index.php\/2020\/06\/17\/entidades-japonesas-comemoram-112-anos-de-imigracao-ao-brasil\/","name":"Entidades japonesas comemoram 112 anos de imigra\u00e7\u00e3o ao Brasil - Jornal Fatos e Not\u00edcias","isPartOf":{"@id":"https:\/\/jornalfatosenoticias.com.br\/#website"},"primaryImageOfPage":{"@id":"https:\/\/jornalfatosenoticias.com.br\/index.php\/2020\/06\/17\/entidades-japonesas-comemoram-112-anos-de-imigracao-ao-brasil\/#primaryimage"},"image":{"@id":"https:\/\/jornalfatosenoticias.com.br\/index.php\/2020\/06\/17\/entidades-japonesas-comemoram-112-anos-de-imigracao-ao-brasil\/#primaryimage"},"thumbnailUrl":"https:\/\/jornalfatosenoticias.com.br\/wp-content\/uploads\/2020\/06\/migracao-japonesa-no-brasil.jpg","datePublished":"2020-06-17T12:25:03+00:00","dateModified":"2020-06-17T12:25:05+00:00","breadcrumb":{"@id":"https:\/\/jornalfatosenoticias.com.br\/index.php\/2020\/06\/17\/entidades-japonesas-comemoram-112-anos-de-imigracao-ao-brasil\/#breadcrumb"},"inLanguage":"pt-BR","potentialAction":[{"@type":"ReadAction","target":["https:\/\/jornalfatosenoticias.com.br\/index.php\/2020\/06\/17\/entidades-japonesas-comemoram-112-anos-de-imigracao-ao-brasil\/"]}]},{"@type":"ImageObject","inLanguage":"pt-BR","@id":"https:\/\/jornalfatosenoticias.com.br\/index.php\/2020\/06\/17\/entidades-japonesas-comemoram-112-anos-de-imigracao-ao-brasil\/#primaryimage","url":"https:\/\/jornalfatosenoticias.com.br\/wp-content\/uploads\/2020\/06\/migracao-japonesa-no-brasil.jpg","contentUrl":"https:\/\/jornalfatosenoticias.com.br\/wp-content\/uploads\/2020\/06\/migracao-japonesa-no-brasil.jpg","width":1000,"height":598,"caption":"O embaixador do Jap\u00e3o, Akira Yamada, visita a exposi\u00e7\u00e3o Ikebana - Express\u00e3o e Forma, que comemora os 110 anos da imigra\u00e7\u00e3o japonesa no Brasil."},{"@type":"BreadcrumbList","@id":"https:\/\/jornalfatosenoticias.com.br\/index.php\/2020\/06\/17\/entidades-japonesas-comemoram-112-anos-de-imigracao-ao-brasil\/#breadcrumb","itemListElement":[{"@type":"ListItem","position":1,"name":"In\u00edcio","item":"https:\/\/jornalfatosenoticias.com.br\/"},{"@type":"ListItem","position":2,"name":"Entidades japonesas comemoram 112 anos de imigra\u00e7\u00e3o ao Brasil"}]},{"@type":"WebSite","@id":"https:\/\/jornalfatosenoticias.com.br\/#website","url":"https:\/\/jornalfatosenoticias.com.br\/","name":"Jornal Fatos e Not\u00edcias","description":"Not\u00edcias em geral","publisher":{"@id":"https:\/\/jornalfatosenoticias.com.br\/#organization"},"potentialAction":[{"@type":"SearchAction","target":{"@type":"EntryPoint","urlTemplate":"https:\/\/jornalfatosenoticias.com.br\/?s={search_term_string}"},"query-input":{"@type":"PropertyValueSpecification","valueRequired":true,"valueName":"search_term_string"}}],"inLanguage":"pt-BR"},{"@type":"Organization","@id":"https:\/\/jornalfatosenoticias.com.br\/#organization","name":"Jornal Fatos e Not\u00edcias","url":"https:\/\/jornalfatosenoticias.com.br\/","logo":{"@type":"ImageObject","inLanguage":"pt-BR","@id":"https:\/\/jornalfatosenoticias.com.br\/#\/schema\/logo\/image\/","url":"https:\/\/jornalfatosenoticias.com.br\/wp-content\/uploads\/2020\/02\/logo120.png","contentUrl":"https:\/\/jornalfatosenoticias.com.br\/wp-content\/uploads\/2020\/02\/logo120.png","width":1227,"height":120,"caption":"Jornal Fatos e Not\u00edcias"},"image":{"@id":"https:\/\/jornalfatosenoticias.com.br\/#\/schema\/logo\/image\/"}},{"@type":"Person","@id":"https:\/\/jornalfatosenoticias.com.br\/#\/schema\/person\/d63837fa13ac8666eb9e74e0985d6f81","name":"Luzimara Fernandes","image":{"@type":"ImageObject","inLanguage":"pt-BR","@id":"https:\/\/jornalfatosenoticias.com.br\/#\/schema\/person\/image\/","url":"https:\/\/jornalfatosenoticias.com.br\/wp-content\/uploads\/2025\/05\/EU_portal.jpg","contentUrl":"https:\/\/jornalfatosenoticias.com.br\/wp-content\/uploads\/2025\/05\/EU_portal.jpg","caption":"Luzimara Fernandes"},"description":"Jornalista MTB 2358-ES","sameAs":["https:\/\/jornalfatosenoticias.com.br"],"url":"https:\/\/jornalfatosenoticias.com.br\/index.php\/author\/luzimara\/"}]}},"cc_featured_image_caption":{"caption_text":"(Foto: Valter Campanato\/Ag\u00eancia Brasil)","source_text":"","source_url":""},"jetpack_featured_media_url":"https:\/\/jornalfatosenoticias.com.br\/wp-content\/uploads\/2020\/06\/migracao-japonesa-no-brasil.jpg","_links":{"self":[{"href":"https:\/\/jornalfatosenoticias.com.br\/index.php\/wp-json\/wp\/v2\/posts\/5583","targetHints":{"allow":["GET"]}}],"collection":[{"href":"https:\/\/jornalfatosenoticias.com.br\/index.php\/wp-json\/wp\/v2\/posts"}],"about":[{"href":"https:\/\/jornalfatosenoticias.com.br\/index.php\/wp-json\/wp\/v2\/types\/post"}],"author":[{"embeddable":true,"href":"https:\/\/jornalfatosenoticias.com.br\/index.php\/wp-json\/wp\/v2\/users\/2"}],"replies":[{"embeddable":true,"href":"https:\/\/jornalfatosenoticias.com.br\/index.php\/wp-json\/wp\/v2\/comments?post=5583"}],"version-history":[{"count":0,"href":"https:\/\/jornalfatosenoticias.com.br\/index.php\/wp-json\/wp\/v2\/posts\/5583\/revisions"}],"wp:featuredmedia":[{"embeddable":true,"href":"https:\/\/jornalfatosenoticias.com.br\/index.php\/wp-json\/wp\/v2\/media\/5584"}],"wp:attachment":[{"href":"https:\/\/jornalfatosenoticias.com.br\/index.php\/wp-json\/wp\/v2\/media?parent=5583"}],"wp:term":[{"taxonomy":"category","embeddable":true,"href":"https:\/\/jornalfatosenoticias.com.br\/index.php\/wp-json\/wp\/v2\/categories?post=5583"},{"taxonomy":"post_tag","embeddable":true,"href":"https:\/\/jornalfatosenoticias.com.br\/index.php\/wp-json\/wp\/v2\/tags?post=5583"}],"curies":[{"name":"wp","href":"https:\/\/api.w.org\/{rel}","templated":true}]}}