{"id":55835,"date":"2024-11-21T13:01:46","date_gmt":"2024-11-21T16:01:46","guid":{"rendered":"https:\/\/jornalfatosenoticias.com.br\/?p=55835"},"modified":"2024-11-28T15:35:01","modified_gmt":"2024-11-28T18:35:01","slug":"drawback-reducao-de-impostos-e-aumento-da-competitividade","status":"publish","type":"post","link":"https:\/\/jornalfatosenoticias.com.br\/index.php\/2024\/11\/21\/drawback-reducao-de-impostos-e-aumento-da-competitividade\/","title":{"rendered":"Drawback: redu\u00e7\u00e3o de impostos e aumento da competitividade"},"content":{"rendered":"\n<p><em><span class=\"has-inline-color has-black-color\">Um importante instrumento tribut\u00e1rio que contribui diretamente para essa competitividade \u00e9 o regime de drawback<\/span><\/em><\/p>\n\n\n\n<p><span class=\"has-inline-color has-black-color\">Por\u00a0<\/span><strong><a href=\"https:\/\/jornalfatosenoticias.com.br\/index.php\/2024\/11\/07\/empresas-de-transporte-coletivo-de-passageiros-creditos-cofins-e-pis-o-novo-incentivo\/\">Rogerio Fernandes da Silva &amp; Kalyne Calais<\/a><\/strong><\/p>\n\n\n\n<div class=\"wp-block-image is-style-rounded\"><figure class=\"alignleft size-large\"><img loading=\"lazy\" decoding=\"async\" width=\"120\" height=\"60\" src=\"https:\/\/jornalfatosenoticias.com.br\/wp-content\/uploads\/2024\/09\/Legis_Juris_Consultoria_Rogerio_e_Kalyne-Portal.jpg\" alt=\"\" class=\"wp-image-53912\"\/><\/figure><\/div>\n\n\n\n<p>No cen\u00e1rio global, a competitividade \u00e9 essencial para as empresas brasileiras se destacarem no mercado internacional. Um importante instrumento tribut\u00e1rio que contribui diretamente para essa competitividade \u00e9 o regime de<strong><span class=\"has-inline-color has-black-color\"> drawback.<\/span><\/strong><\/p>\n\n\n\n<div class=\"wp-block-image\"><figure class=\"aligncenter size-large is-resized\"><a href=\"https:\/\/www.legisjuris.com.br\/\"><img loading=\"lazy\" decoding=\"async\" src=\"https:\/\/jornalfatosenoticias.com.br\/wp-content\/uploads\/2024\/09\/Legis-Juris-Consultoria_logo.jpg\" alt=\"\" class=\"wp-image-53915\" width=\"432\" height=\"181\" srcset=\"https:\/\/jornalfatosenoticias.com.br\/wp-content\/uploads\/2024\/09\/Legis-Juris-Consultoria_logo.jpg 969w, https:\/\/jornalfatosenoticias.com.br\/wp-content\/uploads\/2024\/09\/Legis-Juris-Consultoria_logo-300x126.jpg 300w, https:\/\/jornalfatosenoticias.com.br\/wp-content\/uploads\/2024\/09\/Legis-Juris-Consultoria_logo-768x322.jpg 768w\" sizes=\"auto, (max-width: 432px) 100vw, 432px\" \/><\/a><\/figure><\/div>\n\n\n\n<p><strong><span class=\"has-inline-color has-vivid-purple-color\">O que \u00e9 o drawback?<br><\/span><\/strong>O drawback \u00e9 um regime aduaneiro especial que incentiva as exporta\u00e7\u00f5es ao permitir a isen\u00e7\u00e3o, suspens\u00e3o ou restitui\u00e7\u00e3o de tributos incidentes sobre a importa\u00e7\u00e3o de insumos, partes e pe\u00e7as utilizados na produ\u00e7\u00e3o de bens destinados ao mercado externo. Seu objetivo principal \u00e9 evitar que os produtos brasileiros exportem tamb\u00e9m a carga tribut\u00e1ria, tornando-os mais competitivos globalmente.<\/p>\n\n\n\n<div class=\"wp-block-image\"><figure class=\"aligncenter size-large\"><a href=\"http:\/\/www.ferrarimaquinas.com.br\/\"><img loading=\"lazy\" decoding=\"async\" width=\"300\" height=\"250\" src=\"https:\/\/jornalfatosenoticias.com.br\/wp-content\/uploads\/2022\/02\/FERRARI_MAQUINAS-E-FERRAMENTAS2.jpg\" alt=\"\" class=\"wp-image-27860\"\/><\/a><\/figure><\/div>\n\n\n\n<p><strong><span class=\"has-inline-color has-vivid-purple-color\">Quem pode utilizar?<br><\/span><\/strong><span class=\"has-inline-color has-black-color\"><span style=\"text-decoration: underline;\">Podem se beneficiar do regime:<br><\/span><\/span><strong><span class=\"has-inline-color has-black-color\">\u2022 Empresas brasileiras<\/span><\/strong> que produzem bens voltados para exporta\u00e7\u00e3o.<br><strong><span class=\"has-inline-color has-black-color\">\u2022 Produtores rurais <\/span><\/strong>que industrializam seus produtos para venda no exterior.<br><strong><span class=\"has-inline-color has-black-color\">\u2022 Ind\u00fastrias de transforma\u00e7\u00e3o<\/span><\/strong> que empregam insumos importados na fabrica\u00e7\u00e3o de bens exportados.<\/p>\n\n\n\n<div class=\"wp-block-image\"><figure class=\"aligncenter size-large is-resized\"><a href=\"https:\/\/www.facebook.com\/profile.php?id=100069289606145\"><img loading=\"lazy\" decoding=\"async\" src=\"https:\/\/jornalfatosenoticias.com.br\/wp-content\/uploads\/2024\/11\/Guaitolini-Contabilidade-1024x714.jpeg\" alt=\"\" class=\"wp-image-55808\" width=\"341\" height=\"238\" srcset=\"https:\/\/jornalfatosenoticias.com.br\/wp-content\/uploads\/2024\/11\/Guaitolini-Contabilidade-1024x714.jpeg 1024w, https:\/\/jornalfatosenoticias.com.br\/wp-content\/uploads\/2024\/11\/Guaitolini-Contabilidade-300x209.jpeg 300w, https:\/\/jornalfatosenoticias.com.br\/wp-content\/uploads\/2024\/11\/Guaitolini-Contabilidade-768x535.jpeg 768w, https:\/\/jornalfatosenoticias.com.br\/wp-content\/uploads\/2024\/11\/Guaitolini-Contabilidade.jpeg 1280w\" sizes=\"auto, (max-width: 341px) 100vw, 341px\" \/><\/a><\/figure><\/div>\n\n\n\n<p><strong><span class=\"has-inline-color has-vivid-purple-color\">Modalidades do drawback<br><\/span><\/strong><em><span class=\"has-inline-color has-black-color\"><span style=\"text-decoration: underline;\">O regime de drawback apresenta diferentes modalidades, adaptadas \u00e0s necessidades das empresas:<br><\/span><\/span><\/em><strong><span class=\"has-inline-color has-vivid-purple-color\">1. Drawback integrado<br><\/span><\/strong>Essa modalidade combina incentivos para insumos adquiridos tanto no mercado interno quanto externo.<br><strong><span class=\"has-inline-color has-black-color\">\u2022 Isen\u00e7\u00e3o de tributos:<\/span> <\/strong>permite a isen\u00e7\u00e3o total de impostos sobre a importa\u00e7\u00e3o e do IPI (Imposto sobre Produtos Industrializados) nos insumos usados na fabrica\u00e7\u00e3o de bens exportados.<\/p>\n\n\n\n<div class=\"wp-block-image\"><figure class=\"aligncenter size-large is-resized\"><a href=\"https:\/\/www.instagram.com\/esteiochurrascaria\/\"><img loading=\"lazy\" decoding=\"async\" src=\"https:\/\/jornalfatosenoticias.com.br\/wp-content\/uploads\/2022\/02\/LOGO-ESTEIO-1024x730.png\" alt=\"\" class=\"wp-image-27942\" width=\"318\" height=\"226\" srcset=\"https:\/\/jornalfatosenoticias.com.br\/wp-content\/uploads\/2022\/02\/LOGO-ESTEIO-1024x730.png 1024w, https:\/\/jornalfatosenoticias.com.br\/wp-content\/uploads\/2022\/02\/LOGO-ESTEIO-300x214.png 300w, https:\/\/jornalfatosenoticias.com.br\/wp-content\/uploads\/2022\/02\/LOGO-ESTEIO-768x548.png 768w, https:\/\/jornalfatosenoticias.com.br\/wp-content\/uploads\/2022\/02\/LOGO-ESTEIO.png 1123w\" sizes=\"auto, (max-width: 318px) 100vw, 318px\" \/><\/a><\/figure><\/div>\n\n\n\n<p><strong><span class=\"has-inline-color has-vivid-purple-color\">2. Drawback isen\u00e7\u00e3o<br><\/span><\/strong>Voltada para casos em que os insumos j\u00e1 foram importados anteriormente com tributos pagos.<br><strong><span class=\"has-inline-color has-black-color\">\u2022 Benef\u00edcio:<\/span><\/strong> concede isen\u00e7\u00e3o de impostos na reposi\u00e7\u00e3o de insumos usados para produzir bens exportados.<br><strong><span class=\"has-inline-color has-black-color\">\u2022 Flexibilidade:<\/span><\/strong> n\u00e3o exige reexporta\u00e7\u00e3o imediata, sendo ideal para produtos com alto \u00edndice de importa\u00e7\u00e3o.<\/p>\n\n\n\n<div class=\"wp-block-image\"><figure class=\"aligncenter size-large is-resized\"><a href=\"https:\/\/www.controlsystems.com.br\/\"><img loading=\"lazy\" decoding=\"async\" src=\"https:\/\/jornalfatosenoticias.com.br\/wp-content\/uploads\/2020\/02\/CONTROL-CS.jpg\" alt=\"\" class=\"wp-image-44991\" width=\"266\" height=\"319\" srcset=\"https:\/\/jornalfatosenoticias.com.br\/wp-content\/uploads\/2020\/02\/CONTROL-CS.jpg 834w, https:\/\/jornalfatosenoticias.com.br\/wp-content\/uploads\/2020\/02\/CONTROL-CS-250x300.jpg 250w, https:\/\/jornalfatosenoticias.com.br\/wp-content\/uploads\/2020\/02\/CONTROL-CS-768x921.jpg 768w\" sizes=\"auto, (max-width: 266px) 100vw, 266px\" \/><\/a><\/figure><\/div>\n\n\n\n<p><strong><span class=\"has-inline-color has-vivid-purple-color\">3. Drawback suspens\u00e3o<br><\/span><\/strong>Suspende os tributos de importa\u00e7\u00e3o e\/ou adquiridos no mercado interno de forma combinada que seriam devidos sobre insumos, partes e pe\u00e7as importados, <em><span class=\"has-inline-color has-black-color\"><strong>sujeitando-se ao controle posterior do uso dos mesmos.<\/strong><\/span><\/em><br><strong><span class=\"has-inline-color has-black-color\">\u2022 Abrang\u00eancia:<\/span><\/strong> inclui tributos como II, IPI, PIS, Cofins, Cofins-Importa\u00e7\u00e3o e AFRMM.<br><strong><span class=\"has-inline-color has-black-color\">\u2022 Controle: <\/span><\/strong>o uso dos insumos \u00e9 monitorado at\u00e9 a efetiva exporta\u00e7\u00e3o do produto final.<br>Nessa modalidade, destaca-se o <strong><span class=\"has-inline-color has-black-color\">Drawback Intermedi\u00e1rio Suspens\u00e3o, <\/span><\/strong>que beneficia produtores de itens intermedi\u00e1rios incorporados em bens exportados.<\/p>\n\n\n\n<div class=\"wp-block-image\"><figure class=\"aligncenter size-large is-resized\"><a href=\"https:\/\/www.instagram.com\/serra4x4cambioautomatico\/\"><img loading=\"lazy\" decoding=\"async\" src=\"https:\/\/jornalfatosenoticias.com.br\/wp-content\/uploads\/2024\/08\/Serra-4x4-1-886x1024.jpg\" alt=\"\" class=\"wp-image-53632\" width=\"281\" height=\"324\" srcset=\"https:\/\/jornalfatosenoticias.com.br\/wp-content\/uploads\/2024\/08\/Serra-4x4-1-886x1024.jpg 886w, https:\/\/jornalfatosenoticias.com.br\/wp-content\/uploads\/2024\/08\/Serra-4x4-1-260x300.jpg 260w, https:\/\/jornalfatosenoticias.com.br\/wp-content\/uploads\/2024\/08\/Serra-4x4-1-768x888.jpg 768w, https:\/\/jornalfatosenoticias.com.br\/wp-content\/uploads\/2024\/08\/Serra-4x4-1.jpg 1181w\" sizes=\"auto, (max-width: 281px) 100vw, 281px\" \/><\/a><\/figure><\/div>\n\n\n\n<p><strong><span class=\"has-inline-color has-vivid-purple-color\">4. Drawback restitui\u00e7\u00e3o<br><\/span><\/strong>Permite a devolu\u00e7\u00e3o de tributos pagos sobre insumos utilizados em produtos exportados. Apesar de eficiente, esta modalidade \u00e9 menos utilizada atualmente devido \u00e0 complexidade burocr\u00e1tica.<\/p>\n\n\n\n<div class=\"wp-block-image\"><figure class=\"aligncenter size-large is-resized\"><a href=\"https:\/\/www.ithbrasil.com.br\/\"><img loading=\"lazy\" decoding=\"async\" src=\"https:\/\/jornalfatosenoticias.com.br\/wp-content\/uploads\/2023\/08\/ITH.jpeg\" alt=\"\" class=\"wp-image-44638\" width=\"297\" height=\"241\" srcset=\"https:\/\/jornalfatosenoticias.com.br\/wp-content\/uploads\/2023\/08\/ITH.jpeg 800w, https:\/\/jornalfatosenoticias.com.br\/wp-content\/uploads\/2023\/08\/ITH-300x244.jpeg 300w, https:\/\/jornalfatosenoticias.com.br\/wp-content\/uploads\/2023\/08\/ITH-768x624.jpeg 768w\" sizes=\"auto, (max-width: 297px) 100vw, 297px\" \/><\/a><\/figure><\/div>\n\n\n\n<p><strong><span class=\"has-inline-color has-vivid-purple-color\">Por que utilizar o drawback?<br><\/span><\/strong><span class=\"has-inline-color has-black-color\"><span style=\"text-decoration: underline;\">Al\u00e9m de reduzir custos tribut\u00e1rios, o drawback:<br><\/span><\/span><strong><span class=\"has-inline-color has-black-color\">\u2022 Aumenta a competitividade<\/span><\/strong> dos produtos brasileiros no mercado internacional.<br><strong><span class=\"has-inline-color has-black-color\">\u2022 Estimula a inova\u00e7\u00e3o<\/span><\/strong> e a utiliza\u00e7\u00e3o de insumos de maior qualidade.<br><strong><span class=\"has-inline-color has-black-color\">\u2022 Fomenta o crescimento econ\u00f4mico,<\/span><\/strong> incentivando exporta\u00e7\u00f5es e movimentando a cadeia produtiva.<\/p>\n\n\n\n<div class=\"wp-block-image\"><figure class=\"aligncenter size-large is-resized\"><a href=\"https:\/\/panper.com.br\/\"><img loading=\"lazy\" decoding=\"async\" src=\"https:\/\/jornalfatosenoticias.com.br\/wp-content\/uploads\/2023\/03\/logo-Panper_portal.jpg\" alt=\"\" class=\"wp-image-40208\" width=\"316\" height=\"219\" srcset=\"https:\/\/jornalfatosenoticias.com.br\/wp-content\/uploads\/2023\/03\/logo-Panper_portal.jpg 400w, https:\/\/jornalfatosenoticias.com.br\/wp-content\/uploads\/2023\/03\/logo-Panper_portal-300x208.jpg 300w\" sizes=\"auto, (max-width: 316px) 100vw, 316px\" \/><\/a><\/figure><\/div>\n\n\n\n<p><strong><span class=\"has-inline-color has-vivid-purple-color\">Conclus\u00e3o<\/span><\/strong><br>O regime de drawback \u00e9 um aliado estrat\u00e9gico para empresas brasileiras que desejam expandir sua atua\u00e7\u00e3o no mercado internacional. Com a isen\u00e7\u00e3o ou suspens\u00e3o de tributos, \u00e9 poss\u00edvel reduzir custos e aumentar a competitividade, fortalecendo a presen\u00e7a do Brasil no com\u00e9rcio global. Para adotar o drawback de forma eficaz, \u00e9 fundamental contar com uma an\u00e1lise tribut\u00e1ria especializada que assegure o aproveitamento pleno dos benef\u00edcios e o cumprimento das exig\u00eancias legais. Para finalizar. <\/p>\n\n\n\n<div class=\"wp-block-image\"><figure class=\"aligncenter size-large\"><a href=\"https:\/\/cesconetto.com.br\/\"><img loading=\"lazy\" decoding=\"async\" width=\"300\" height=\"250\" src=\"https:\/\/jornalfatosenoticias.com.br\/wp-content\/uploads\/2020\/02\/Banner-2.png\" alt=\"\" class=\"wp-image-43787\"\/><\/a><\/figure><\/div>\n\n\n\n<blockquote class=\"wp-block-quote is-layout-flow wp-block-quote-is-layout-flow\"><p><span class=\"has-inline-color has-luminous-vivid-orange-color\">N\u00e3o h\u00e1 justi\u00e7a fiscal sem conhecimento profundo e uso adequado das normas\u201d \u2014 Adapta\u00e7\u00e3o de Rudolf von Ihering, jurista alem\u00e3o.<\/span><\/p><\/blockquote>\n\n\n\n<div class=\"wp-block-image\"><figure class=\"aligncenter size-large is-resized\"><a href=\"https:\/\/www.facebook.com\/vetor.vix\/\"><img loading=\"lazy\" decoding=\"async\" src=\"https:\/\/jornalfatosenoticias.com.br\/wp-content\/uploads\/2023\/09\/vetorvix1024_1.jpg\" alt=\"\" class=\"wp-image-44868\" width=\"516\" height=\"137\" srcset=\"https:\/\/jornalfatosenoticias.com.br\/wp-content\/uploads\/2023\/09\/vetorvix1024_1.jpg 1024w, https:\/\/jornalfatosenoticias.com.br\/wp-content\/uploads\/2023\/09\/vetorvix1024_1-300x80.jpg 300w, https:\/\/jornalfatosenoticias.com.br\/wp-content\/uploads\/2023\/09\/vetorvix1024_1-768x205.jpg 768w\" sizes=\"auto, (max-width: 516px) 100vw, 516px\" \/><\/a><\/figure><\/div>\n\n\n\n<p><em><span class=\"has-inline-color has-black-color\">At\u00e9 a pr\u00f3xima, com mais estrat\u00e9gias e conte\u00fado para seguir Economizando Tributos.<\/span><\/em><\/p>\n\n\n\n<p><strong><span class=\"has-inline-color has-luminous-vivid-orange-color\"><em>(Imagem: Universidade Federal do Rio Grande)<\/em><\/span><\/strong><\/p>\n\n\n\n<div class=\"wp-block-image\"><figure class=\"alignleft size-large is-resized\"><img decoding=\"async\" src=\"https:\/\/jornalfatosenoticias.com.br\/wp-content\/uploads\/2024\/10\/rogerio-fernandes-e-kalyne-calais_PORTAL.jpg\" alt=\"\" class=\"wp-image-55150\" width=\"-112\" height=\"-55\" srcset=\"https:\/\/jornalfatosenoticias.com.br\/wp-content\/uploads\/2024\/10\/rogerio-fernandes-e-kalyne-calais_PORTAL.jpg 755w, https:\/\/jornalfatosenoticias.com.br\/wp-content\/uploads\/2024\/10\/rogerio-fernandes-e-kalyne-calais_PORTAL-300x149.jpg 300w\" sizes=\"(max-width: 755px) 100vw, 755px\" \/><\/figure><\/div>\n","protected":false},"excerpt":{"rendered":"<p>Um importante instrumento tribut\u00e1rio que contribui diretamente para essa competitividade \u00e9 o regime de drawback Por\u00a0Rogerio Fernandes da Silva &amp; Kalyne Calais No cen\u00e1rio global, a competitividade \u00e9 essencial para as empresas brasileiras se destacarem no mercado internacional. Um importante instrumento tribut\u00e1rio que contribui diretamente para essa competitividade \u00e9 o regime de drawback. O que [&hellip;]<\/p>\n","protected":false},"author":2,"featured_media":55836,"comment_status":"open","ping_status":"open","sticky":false,"template":"","format":"standard","meta":{"footnotes":""},"categories":[9],"tags":[25473,11007,25471,8257,25474,25472],"class_list":["post-55835","post","type-post","status-publish","format-standard","has-post-thumbnail","hentry","category-economia","tag-aumento-da-competitividade","tag-competitividade","tag-drawback","tag-impostos","tag-instrumento-tributario","tag-reducao-de-impostos"],"yoast_head":"<!-- This site is optimized with the Yoast SEO plugin v26.5 - https:\/\/yoast.com\/wordpress\/plugins\/seo\/ -->\n<title>Drawback: redu\u00e7\u00e3o de impostos e aumento da competitividade - Jornal Fatos e Not\u00edcias<\/title>\n<meta name=\"robots\" content=\"index, follow, max-snippet:-1, max-image-preview:large, max-video-preview:-1\" \/>\n<link rel=\"canonical\" href=\"https:\/\/jornalfatosenoticias.com.br\/index.php\/2024\/11\/21\/drawback-reducao-de-impostos-e-aumento-da-competitividade\/\" \/>\n<meta property=\"og:locale\" content=\"pt_BR\" \/>\n<meta property=\"og:type\" content=\"article\" \/>\n<meta property=\"og:title\" content=\"Drawback: redu\u00e7\u00e3o de impostos e aumento da competitividade - Jornal Fatos e Not\u00edcias\" \/>\n<meta property=\"og:description\" content=\"Um importante instrumento tribut\u00e1rio que contribui diretamente para essa competitividade \u00e9 o regime de drawback Por\u00a0Rogerio Fernandes da Silva &amp; Kalyne Calais No cen\u00e1rio global, a competitividade \u00e9 essencial para as empresas brasileiras se destacarem no mercado internacional. Um importante instrumento tribut\u00e1rio que contribui diretamente para essa competitividade \u00e9 o regime de drawback. O que [&hellip;]\" \/>\n<meta property=\"og:url\" content=\"https:\/\/jornalfatosenoticias.com.br\/index.php\/2024\/11\/21\/drawback-reducao-de-impostos-e-aumento-da-competitividade\/\" \/>\n<meta property=\"og:site_name\" content=\"Jornal Fatos e Not\u00edcias\" \/>\n<meta property=\"article:published_time\" content=\"2024-11-21T16:01:46+00:00\" \/>\n<meta property=\"article:modified_time\" content=\"2024-11-28T18:35:01+00:00\" \/>\n<meta property=\"og:image\" content=\"https:\/\/jornalfatosenoticias.com.br\/wp-content\/uploads\/2024\/11\/drawback-restituicao.png\" \/>\n\t<meta property=\"og:image:width\" content=\"1000\" \/>\n\t<meta property=\"og:image:height\" content=\"615\" \/>\n\t<meta property=\"og:image:type\" content=\"image\/png\" \/>\n<meta name=\"author\" content=\"Luzimara Fernandes\" \/>\n<meta name=\"twitter:card\" content=\"summary_large_image\" \/>\n<meta name=\"twitter:label1\" content=\"Escrito por\" \/>\n\t<meta name=\"twitter:data1\" content=\"Luzimara Fernandes\" \/>\n\t<meta name=\"twitter:label2\" content=\"Est. tempo de leitura\" \/>\n\t<meta name=\"twitter:data2\" content=\"3 minutos\" \/>\n<script type=\"application\/ld+json\" class=\"yoast-schema-graph\">{\"@context\":\"https:\/\/schema.org\",\"@graph\":[{\"@type\":\"Article\",\"@id\":\"https:\/\/jornalfatosenoticias.com.br\/index.php\/2024\/11\/21\/drawback-reducao-de-impostos-e-aumento-da-competitividade\/#article\",\"isPartOf\":{\"@id\":\"https:\/\/jornalfatosenoticias.com.br\/index.php\/2024\/11\/21\/drawback-reducao-de-impostos-e-aumento-da-competitividade\/\"},\"author\":{\"name\":\"Luzimara Fernandes\",\"@id\":\"https:\/\/jornalfatosenoticias.com.br\/#\/schema\/person\/d63837fa13ac8666eb9e74e0985d6f81\"},\"headline\":\"Drawback: redu\u00e7\u00e3o de impostos e aumento da competitividade\",\"datePublished\":\"2024-11-21T16:01:46+00:00\",\"dateModified\":\"2024-11-28T18:35:01+00:00\",\"mainEntityOfPage\":{\"@id\":\"https:\/\/jornalfatosenoticias.com.br\/index.php\/2024\/11\/21\/drawback-reducao-de-impostos-e-aumento-da-competitividade\/\"},\"wordCount\":570,\"commentCount\":0,\"publisher\":{\"@id\":\"https:\/\/jornalfatosenoticias.com.br\/#organization\"},\"image\":{\"@id\":\"https:\/\/jornalfatosenoticias.com.br\/index.php\/2024\/11\/21\/drawback-reducao-de-impostos-e-aumento-da-competitividade\/#primaryimage\"},\"thumbnailUrl\":\"https:\/\/jornalfatosenoticias.com.br\/wp-content\/uploads\/2024\/11\/drawback-restituicao.png\",\"keywords\":[\"aumento da competitividade\",\"competitividade\",\"drawback\",\"impostos\",\"instrumento tribut\u00e1rio\",\"redu\u00e7\u00e3o de impostos\"],\"articleSection\":[\"Economia\"],\"inLanguage\":\"pt-BR\",\"potentialAction\":[{\"@type\":\"CommentAction\",\"name\":\"Comment\",\"target\":[\"https:\/\/jornalfatosenoticias.com.br\/index.php\/2024\/11\/21\/drawback-reducao-de-impostos-e-aumento-da-competitividade\/#respond\"]}]},{\"@type\":\"WebPage\",\"@id\":\"https:\/\/jornalfatosenoticias.com.br\/index.php\/2024\/11\/21\/drawback-reducao-de-impostos-e-aumento-da-competitividade\/\",\"url\":\"https:\/\/jornalfatosenoticias.com.br\/index.php\/2024\/11\/21\/drawback-reducao-de-impostos-e-aumento-da-competitividade\/\",\"name\":\"Drawback: redu\u00e7\u00e3o de impostos e aumento da competitividade - Jornal Fatos e Not\u00edcias\",\"isPartOf\":{\"@id\":\"https:\/\/jornalfatosenoticias.com.br\/#website\"},\"primaryImageOfPage\":{\"@id\":\"https:\/\/jornalfatosenoticias.com.br\/index.php\/2024\/11\/21\/drawback-reducao-de-impostos-e-aumento-da-competitividade\/#primaryimage\"},\"image\":{\"@id\":\"https:\/\/jornalfatosenoticias.com.br\/index.php\/2024\/11\/21\/drawback-reducao-de-impostos-e-aumento-da-competitividade\/#primaryimage\"},\"thumbnailUrl\":\"https:\/\/jornalfatosenoticias.com.br\/wp-content\/uploads\/2024\/11\/drawback-restituicao.png\",\"datePublished\":\"2024-11-21T16:01:46+00:00\",\"dateModified\":\"2024-11-28T18:35:01+00:00\",\"breadcrumb\":{\"@id\":\"https:\/\/jornalfatosenoticias.com.br\/index.php\/2024\/11\/21\/drawback-reducao-de-impostos-e-aumento-da-competitividade\/#breadcrumb\"},\"inLanguage\":\"pt-BR\",\"potentialAction\":[{\"@type\":\"ReadAction\",\"target\":[\"https:\/\/jornalfatosenoticias.com.br\/index.php\/2024\/11\/21\/drawback-reducao-de-impostos-e-aumento-da-competitividade\/\"]}]},{\"@type\":\"ImageObject\",\"inLanguage\":\"pt-BR\",\"@id\":\"https:\/\/jornalfatosenoticias.com.br\/index.php\/2024\/11\/21\/drawback-reducao-de-impostos-e-aumento-da-competitividade\/#primaryimage\",\"url\":\"https:\/\/jornalfatosenoticias.com.br\/wp-content\/uploads\/2024\/11\/drawback-restituicao.png\",\"contentUrl\":\"https:\/\/jornalfatosenoticias.com.br\/wp-content\/uploads\/2024\/11\/drawback-restituicao.png\",\"width\":1000,\"height\":615},{\"@type\":\"BreadcrumbList\",\"@id\":\"https:\/\/jornalfatosenoticias.com.br\/index.php\/2024\/11\/21\/drawback-reducao-de-impostos-e-aumento-da-competitividade\/#breadcrumb\",\"itemListElement\":[{\"@type\":\"ListItem\",\"position\":1,\"name\":\"In\u00edcio\",\"item\":\"https:\/\/jornalfatosenoticias.com.br\/\"},{\"@type\":\"ListItem\",\"position\":2,\"name\":\"Drawback: redu\u00e7\u00e3o de impostos e aumento da competitividade\"}]},{\"@type\":\"WebSite\",\"@id\":\"https:\/\/jornalfatosenoticias.com.br\/#website\",\"url\":\"https:\/\/jornalfatosenoticias.com.br\/\",\"name\":\"Jornal Fatos e Not\u00edcias\",\"description\":\"Not\u00edcias em geral\",\"publisher\":{\"@id\":\"https:\/\/jornalfatosenoticias.com.br\/#organization\"},\"potentialAction\":[{\"@type\":\"SearchAction\",\"target\":{\"@type\":\"EntryPoint\",\"urlTemplate\":\"https:\/\/jornalfatosenoticias.com.br\/?s={search_term_string}\"},\"query-input\":{\"@type\":\"PropertyValueSpecification\",\"valueRequired\":true,\"valueName\":\"search_term_string\"}}],\"inLanguage\":\"pt-BR\"},{\"@type\":\"Organization\",\"@id\":\"https:\/\/jornalfatosenoticias.com.br\/#organization\",\"name\":\"Jornal Fatos e Not\u00edcias\",\"url\":\"https:\/\/jornalfatosenoticias.com.br\/\",\"logo\":{\"@type\":\"ImageObject\",\"inLanguage\":\"pt-BR\",\"@id\":\"https:\/\/jornalfatosenoticias.com.br\/#\/schema\/logo\/image\/\",\"url\":\"https:\/\/jornalfatosenoticias.com.br\/wp-content\/uploads\/2020\/02\/logo120.png\",\"contentUrl\":\"https:\/\/jornalfatosenoticias.com.br\/wp-content\/uploads\/2020\/02\/logo120.png\",\"width\":1227,\"height\":120,\"caption\":\"Jornal Fatos e Not\u00edcias\"},\"image\":{\"@id\":\"https:\/\/jornalfatosenoticias.com.br\/#\/schema\/logo\/image\/\"}},{\"@type\":\"Person\",\"@id\":\"https:\/\/jornalfatosenoticias.com.br\/#\/schema\/person\/d63837fa13ac8666eb9e74e0985d6f81\",\"name\":\"Luzimara Fernandes\",\"image\":{\"@type\":\"ImageObject\",\"inLanguage\":\"pt-BR\",\"@id\":\"https:\/\/jornalfatosenoticias.com.br\/#\/schema\/person\/image\/\",\"url\":\"https:\/\/jornalfatosenoticias.com.br\/wp-content\/uploads\/2025\/05\/EU_portal.jpg\",\"contentUrl\":\"https:\/\/jornalfatosenoticias.com.br\/wp-content\/uploads\/2025\/05\/EU_portal.jpg\",\"caption\":\"Luzimara Fernandes\"},\"description\":\"Jornalista MTB 2358-ES\",\"sameAs\":[\"https:\/\/jornalfatosenoticias.com.br\"],\"url\":\"https:\/\/jornalfatosenoticias.com.br\/index.php\/author\/luzimara\/\"}]}<\/script>\n<!-- \/ Yoast SEO plugin. -->","yoast_head_json":{"title":"Drawback: redu\u00e7\u00e3o de impostos e aumento da competitividade - Jornal Fatos e Not\u00edcias","robots":{"index":"index","follow":"follow","max-snippet":"max-snippet:-1","max-image-preview":"max-image-preview:large","max-video-preview":"max-video-preview:-1"},"canonical":"https:\/\/jornalfatosenoticias.com.br\/index.php\/2024\/11\/21\/drawback-reducao-de-impostos-e-aumento-da-competitividade\/","og_locale":"pt_BR","og_type":"article","og_title":"Drawback: redu\u00e7\u00e3o de impostos e aumento da competitividade - Jornal Fatos e Not\u00edcias","og_description":"Um importante instrumento tribut\u00e1rio que contribui diretamente para essa competitividade \u00e9 o regime de drawback Por\u00a0Rogerio Fernandes da Silva &amp; Kalyne Calais No cen\u00e1rio global, a competitividade \u00e9 essencial para as empresas brasileiras se destacarem no mercado internacional. Um importante instrumento tribut\u00e1rio que contribui diretamente para essa competitividade \u00e9 o regime de drawback. O que [&hellip;]","og_url":"https:\/\/jornalfatosenoticias.com.br\/index.php\/2024\/11\/21\/drawback-reducao-de-impostos-e-aumento-da-competitividade\/","og_site_name":"Jornal Fatos e Not\u00edcias","article_published_time":"2024-11-21T16:01:46+00:00","article_modified_time":"2024-11-28T18:35:01+00:00","og_image":[{"width":1000,"height":615,"url":"https:\/\/jornalfatosenoticias.com.br\/wp-content\/uploads\/2024\/11\/drawback-restituicao.png","type":"image\/png"}],"author":"Luzimara Fernandes","twitter_card":"summary_large_image","twitter_misc":{"Escrito por":"Luzimara Fernandes","Est. tempo de leitura":"3 minutos"},"schema":{"@context":"https:\/\/schema.org","@graph":[{"@type":"Article","@id":"https:\/\/jornalfatosenoticias.com.br\/index.php\/2024\/11\/21\/drawback-reducao-de-impostos-e-aumento-da-competitividade\/#article","isPartOf":{"@id":"https:\/\/jornalfatosenoticias.com.br\/index.php\/2024\/11\/21\/drawback-reducao-de-impostos-e-aumento-da-competitividade\/"},"author":{"name":"Luzimara Fernandes","@id":"https:\/\/jornalfatosenoticias.com.br\/#\/schema\/person\/d63837fa13ac8666eb9e74e0985d6f81"},"headline":"Drawback: redu\u00e7\u00e3o de impostos e aumento da competitividade","datePublished":"2024-11-21T16:01:46+00:00","dateModified":"2024-11-28T18:35:01+00:00","mainEntityOfPage":{"@id":"https:\/\/jornalfatosenoticias.com.br\/index.php\/2024\/11\/21\/drawback-reducao-de-impostos-e-aumento-da-competitividade\/"},"wordCount":570,"commentCount":0,"publisher":{"@id":"https:\/\/jornalfatosenoticias.com.br\/#organization"},"image":{"@id":"https:\/\/jornalfatosenoticias.com.br\/index.php\/2024\/11\/21\/drawback-reducao-de-impostos-e-aumento-da-competitividade\/#primaryimage"},"thumbnailUrl":"https:\/\/jornalfatosenoticias.com.br\/wp-content\/uploads\/2024\/11\/drawback-restituicao.png","keywords":["aumento da competitividade","competitividade","drawback","impostos","instrumento tribut\u00e1rio","redu\u00e7\u00e3o de impostos"],"articleSection":["Economia"],"inLanguage":"pt-BR","potentialAction":[{"@type":"CommentAction","name":"Comment","target":["https:\/\/jornalfatosenoticias.com.br\/index.php\/2024\/11\/21\/drawback-reducao-de-impostos-e-aumento-da-competitividade\/#respond"]}]},{"@type":"WebPage","@id":"https:\/\/jornalfatosenoticias.com.br\/index.php\/2024\/11\/21\/drawback-reducao-de-impostos-e-aumento-da-competitividade\/","url":"https:\/\/jornalfatosenoticias.com.br\/index.php\/2024\/11\/21\/drawback-reducao-de-impostos-e-aumento-da-competitividade\/","name":"Drawback: redu\u00e7\u00e3o de impostos e aumento da competitividade - Jornal Fatos e Not\u00edcias","isPartOf":{"@id":"https:\/\/jornalfatosenoticias.com.br\/#website"},"primaryImageOfPage":{"@id":"https:\/\/jornalfatosenoticias.com.br\/index.php\/2024\/11\/21\/drawback-reducao-de-impostos-e-aumento-da-competitividade\/#primaryimage"},"image":{"@id":"https:\/\/jornalfatosenoticias.com.br\/index.php\/2024\/11\/21\/drawback-reducao-de-impostos-e-aumento-da-competitividade\/#primaryimage"},"thumbnailUrl":"https:\/\/jornalfatosenoticias.com.br\/wp-content\/uploads\/2024\/11\/drawback-restituicao.png","datePublished":"2024-11-21T16:01:46+00:00","dateModified":"2024-11-28T18:35:01+00:00","breadcrumb":{"@id":"https:\/\/jornalfatosenoticias.com.br\/index.php\/2024\/11\/21\/drawback-reducao-de-impostos-e-aumento-da-competitividade\/#breadcrumb"},"inLanguage":"pt-BR","potentialAction":[{"@type":"ReadAction","target":["https:\/\/jornalfatosenoticias.com.br\/index.php\/2024\/11\/21\/drawback-reducao-de-impostos-e-aumento-da-competitividade\/"]}]},{"@type":"ImageObject","inLanguage":"pt-BR","@id":"https:\/\/jornalfatosenoticias.com.br\/index.php\/2024\/11\/21\/drawback-reducao-de-impostos-e-aumento-da-competitividade\/#primaryimage","url":"https:\/\/jornalfatosenoticias.com.br\/wp-content\/uploads\/2024\/11\/drawback-restituicao.png","contentUrl":"https:\/\/jornalfatosenoticias.com.br\/wp-content\/uploads\/2024\/11\/drawback-restituicao.png","width":1000,"height":615},{"@type":"BreadcrumbList","@id":"https:\/\/jornalfatosenoticias.com.br\/index.php\/2024\/11\/21\/drawback-reducao-de-impostos-e-aumento-da-competitividade\/#breadcrumb","itemListElement":[{"@type":"ListItem","position":1,"name":"In\u00edcio","item":"https:\/\/jornalfatosenoticias.com.br\/"},{"@type":"ListItem","position":2,"name":"Drawback: redu\u00e7\u00e3o de impostos e aumento da competitividade"}]},{"@type":"WebSite","@id":"https:\/\/jornalfatosenoticias.com.br\/#website","url":"https:\/\/jornalfatosenoticias.com.br\/","name":"Jornal Fatos e Not\u00edcias","description":"Not\u00edcias em geral","publisher":{"@id":"https:\/\/jornalfatosenoticias.com.br\/#organization"},"potentialAction":[{"@type":"SearchAction","target":{"@type":"EntryPoint","urlTemplate":"https:\/\/jornalfatosenoticias.com.br\/?s={search_term_string}"},"query-input":{"@type":"PropertyValueSpecification","valueRequired":true,"valueName":"search_term_string"}}],"inLanguage":"pt-BR"},{"@type":"Organization","@id":"https:\/\/jornalfatosenoticias.com.br\/#organization","name":"Jornal Fatos e Not\u00edcias","url":"https:\/\/jornalfatosenoticias.com.br\/","logo":{"@type":"ImageObject","inLanguage":"pt-BR","@id":"https:\/\/jornalfatosenoticias.com.br\/#\/schema\/logo\/image\/","url":"https:\/\/jornalfatosenoticias.com.br\/wp-content\/uploads\/2020\/02\/logo120.png","contentUrl":"https:\/\/jornalfatosenoticias.com.br\/wp-content\/uploads\/2020\/02\/logo120.png","width":1227,"height":120,"caption":"Jornal Fatos e Not\u00edcias"},"image":{"@id":"https:\/\/jornalfatosenoticias.com.br\/#\/schema\/logo\/image\/"}},{"@type":"Person","@id":"https:\/\/jornalfatosenoticias.com.br\/#\/schema\/person\/d63837fa13ac8666eb9e74e0985d6f81","name":"Luzimara Fernandes","image":{"@type":"ImageObject","inLanguage":"pt-BR","@id":"https:\/\/jornalfatosenoticias.com.br\/#\/schema\/person\/image\/","url":"https:\/\/jornalfatosenoticias.com.br\/wp-content\/uploads\/2025\/05\/EU_portal.jpg","contentUrl":"https:\/\/jornalfatosenoticias.com.br\/wp-content\/uploads\/2025\/05\/EU_portal.jpg","caption":"Luzimara Fernandes"},"description":"Jornalista MTB 2358-ES","sameAs":["https:\/\/jornalfatosenoticias.com.br"],"url":"https:\/\/jornalfatosenoticias.com.br\/index.php\/author\/luzimara\/"}]}},"cc_featured_image_caption":{"caption_text":"","source_text":"","source_url":""},"jetpack_featured_media_url":"https:\/\/jornalfatosenoticias.com.br\/wp-content\/uploads\/2024\/11\/drawback-restituicao.png","_links":{"self":[{"href":"https:\/\/jornalfatosenoticias.com.br\/index.php\/wp-json\/wp\/v2\/posts\/55835","targetHints":{"allow":["GET"]}}],"collection":[{"href":"https:\/\/jornalfatosenoticias.com.br\/index.php\/wp-json\/wp\/v2\/posts"}],"about":[{"href":"https:\/\/jornalfatosenoticias.com.br\/index.php\/wp-json\/wp\/v2\/types\/post"}],"author":[{"embeddable":true,"href":"https:\/\/jornalfatosenoticias.com.br\/index.php\/wp-json\/wp\/v2\/users\/2"}],"replies":[{"embeddable":true,"href":"https:\/\/jornalfatosenoticias.com.br\/index.php\/wp-json\/wp\/v2\/comments?post=55835"}],"version-history":[{"count":0,"href":"https:\/\/jornalfatosenoticias.com.br\/index.php\/wp-json\/wp\/v2\/posts\/55835\/revisions"}],"wp:featuredmedia":[{"embeddable":true,"href":"https:\/\/jornalfatosenoticias.com.br\/index.php\/wp-json\/wp\/v2\/media\/55836"}],"wp:attachment":[{"href":"https:\/\/jornalfatosenoticias.com.br\/index.php\/wp-json\/wp\/v2\/media?parent=55835"}],"wp:term":[{"taxonomy":"category","embeddable":true,"href":"https:\/\/jornalfatosenoticias.com.br\/index.php\/wp-json\/wp\/v2\/categories?post=55835"},{"taxonomy":"post_tag","embeddable":true,"href":"https:\/\/jornalfatosenoticias.com.br\/index.php\/wp-json\/wp\/v2\/tags?post=55835"}],"curies":[{"name":"wp","href":"https:\/\/api.w.org\/{rel}","templated":true}]}}