{"id":55863,"date":"2024-11-25T08:55:49","date_gmt":"2024-11-25T11:55:49","guid":{"rendered":"https:\/\/jornalfatosenoticias.com.br\/?p=55863"},"modified":"2024-11-25T08:55:51","modified_gmt":"2024-11-25T11:55:51","slug":"filhote-de-tigre-dente-de-sabre-de-35-mil-anos-e-encontrado-bem-preservado","status":"publish","type":"post","link":"https:\/\/jornalfatosenoticias.com.br\/index.php\/2024\/11\/25\/filhote-de-tigre-dente-de-sabre-de-35-mil-anos-e-encontrado-bem-preservado\/","title":{"rendered":"Filhote de tigre-dente-de-sabre de 35 mil anos \u00e9 encontrado bem preservado"},"content":{"rendered":"\n<p><em><span class=\"has-inline-color has-black-color\">Corpo congelado do animal que viveu na Sib\u00e9ria durante a Era do Gelo apresenta pelos, cabe\u00e7a, tronco e membros intactos<\/span><\/em><\/p>\n\n\n\n<div class=\"wp-block-image\"><figure class=\"aligncenter size-large is-resized\"><a href=\"https:\/\/www.facebook.com\/vetor.vix\/\"><img loading=\"lazy\" decoding=\"async\" src=\"https:\/\/jornalfatosenoticias.com.br\/wp-content\/uploads\/2023\/09\/vetorvix1024_1.jpg\" alt=\"\" class=\"wp-image-44868\" width=\"550\" height=\"146\" srcset=\"https:\/\/jornalfatosenoticias.com.br\/wp-content\/uploads\/2023\/09\/vetorvix1024_1.jpg 1024w, https:\/\/jornalfatosenoticias.com.br\/wp-content\/uploads\/2023\/09\/vetorvix1024_1-300x80.jpg 300w, https:\/\/jornalfatosenoticias.com.br\/wp-content\/uploads\/2023\/09\/vetorvix1024_1-768x205.jpg 768w\" sizes=\"auto, (max-width: 550px) 100vw, 550px\" \/><\/a><\/figure><\/div>\n\n\n\n<p>Cientistas recuperaram pela primeira vez o corpo mumificado de um filhote de tigre-dente-de-sabre encontrado no permafrost (solo congelado) da Sib\u00e9ria. O animal, da esp\u00e9cie <em>Homotherium latidens,<\/em> tem mais de 35 mil anos, mas est\u00e1 surpreendentemente bem preservado, com pelos, cabe\u00e7a, tronco e membros intactos. Um estudo sobre a descoberta foi publicado na revista Scientific Reports.<br>O achado ocorreu pr\u00f3ximo ao rio Badyarikha, no nordeste da Yak\u00fatia, na R\u00fassia. O animal tinha apenas tr\u00eas semanas de vida quando morreu, por isso n\u00e3o chegou a desenvolver os dentes caninos alongados, caracter\u00edsticos do g\u00eanero. Mesmo assim, o esp\u00e9cime apresenta tra\u00e7os \u00fanicos que trazem novas revela\u00e7\u00f5es sobre a esp\u00e9cie extinta.<\/p>\n\n\n\n<div class=\"wp-block-image\"><figure class=\"aligncenter size-large is-resized\"><a href=\"https:\/\/hotelmarquetti.com.br\/\"><img loading=\"lazy\" decoding=\"async\" src=\"https:\/\/jornalfatosenoticias.com.br\/wp-content\/uploads\/2023\/03\/nova-logo-Marquetti.jpg\" alt=\"\" class=\"wp-image-40207\" width=\"294\" height=\"197\" srcset=\"https:\/\/jornalfatosenoticias.com.br\/wp-content\/uploads\/2023\/03\/nova-logo-Marquetti.jpg 643w, https:\/\/jornalfatosenoticias.com.br\/wp-content\/uploads\/2023\/03\/nova-logo-Marquetti-300x202.jpg 300w\" sizes=\"auto, (max-width: 294px) 100vw, 294px\" \/><\/a><\/figure><\/div>\n\n\n\n<p>Segundo os pesquisadores da Academia Russa de Ci\u00eancias, o filhote apresenta v\u00e1rias diferen\u00e7as anat\u00f4micas em rela\u00e7\u00e3o aos seus parentes modernos, como pesco\u00e7o mais robusto, orelhas menores e membros anteriores alongados. <\/p>\n\n\n\n<div class=\"wp-block-image\"><figure class=\"aligncenter size-large is-resized\"><a href=\"https:\/\/www.facebook.com\/postobkr\/?locale=pt_BR\"><img loading=\"lazy\" decoding=\"async\" src=\"https:\/\/jornalfatosenoticias.com.br\/wp-content\/uploads\/2023\/08\/BKR-1024x1021.jpg\" alt=\"\" class=\"wp-image-44494\" width=\"281\" height=\"280\" srcset=\"https:\/\/jornalfatosenoticias.com.br\/wp-content\/uploads\/2023\/08\/BKR-1024x1021.jpg 1024w, https:\/\/jornalfatosenoticias.com.br\/wp-content\/uploads\/2023\/08\/BKR-300x300.jpg 300w, https:\/\/jornalfatosenoticias.com.br\/wp-content\/uploads\/2023\/08\/BKR-150x150.jpg 150w, https:\/\/jornalfatosenoticias.com.br\/wp-content\/uploads\/2023\/08\/BKR-768x766.jpg 768w, https:\/\/jornalfatosenoticias.com.br\/wp-content\/uploads\/2023\/08\/BKR.jpg 1080w\" sizes=\"auto, (max-width: 281px) 100vw, 281px\" \/><\/a><\/figure><\/div>\n\n\n\n<blockquote class=\"wp-block-quote is-layout-flow wp-block-quote-is-layout-flow\"><p><span class=\"has-inline-color has-luminous-vivid-orange-color\">As almofadas digitais adaptadas para neve sugerem que esses felinos viviam em climas frios e tinham estrat\u00e9gias de ca\u00e7a muito distintas das dos grandes felinos atuais&#8221;, escreveram.<\/span><\/p><\/blockquote>\n\n\n\n<div class=\"wp-block-image\"><figure class=\"aligncenter size-large is-resized\"><a href=\"https:\/\/www.ithbrasil.com.br\/\"><img loading=\"lazy\" decoding=\"async\" src=\"https:\/\/jornalfatosenoticias.com.br\/wp-content\/uploads\/2023\/08\/ITH.jpeg\" alt=\"\" class=\"wp-image-44638\" width=\"293\" height=\"238\" srcset=\"https:\/\/jornalfatosenoticias.com.br\/wp-content\/uploads\/2023\/08\/ITH.jpeg 800w, https:\/\/jornalfatosenoticias.com.br\/wp-content\/uploads\/2023\/08\/ITH-300x244.jpeg 300w, https:\/\/jornalfatosenoticias.com.br\/wp-content\/uploads\/2023\/08\/ITH-768x624.jpeg 768w\" sizes=\"auto, (max-width: 293px) 100vw, 293px\" \/><\/a><\/figure><\/div>\n\n\n\n<p>Os tigres-dente-de-sabre do g\u00eanero <em>Homotherium<\/em> habitaram v\u00e1rias regi\u00f5es durante a Era do Gelo, incluindo a Eur\u00e1sia, \u00c1frica e Am\u00e9ricas, com diferentes esp\u00e9cies em cada \u00e1rea. O filhote siberiano pertence a <em>H. latidens,<\/em> que viveu na Eur\u00e1sia at\u00e9 cerca de 10 mil anos atr\u00e1s.<\/p>\n\n\n\n<div class=\"wp-block-image\"><figure class=\"aligncenter size-large is-resized\"><a href=\"https:\/\/www.instagram.com\/ligadossaborespizzaria\/\"><img loading=\"lazy\" decoding=\"async\" src=\"https:\/\/jornalfatosenoticias.com.br\/wp-content\/uploads\/2020\/02\/WhatsApp-Image-2024-10-02-at-08.18.14-819x1024.jpeg\" alt=\"\" class=\"wp-image-54612\" width=\"281\" height=\"351\" srcset=\"https:\/\/jornalfatosenoticias.com.br\/wp-content\/uploads\/2020\/02\/WhatsApp-Image-2024-10-02-at-08.18.14-819x1024.jpeg 819w, https:\/\/jornalfatosenoticias.com.br\/wp-content\/uploads\/2020\/02\/WhatsApp-Image-2024-10-02-at-08.18.14-240x300.jpeg 240w, https:\/\/jornalfatosenoticias.com.br\/wp-content\/uploads\/2020\/02\/WhatsApp-Image-2024-10-02-at-08.18.14-768x960.jpeg 768w, https:\/\/jornalfatosenoticias.com.br\/wp-content\/uploads\/2020\/02\/WhatsApp-Image-2024-10-02-at-08.18.14.jpeg 1024w\" sizes=\"auto, (max-width: 281px) 100vw, 281px\" \/><\/a><\/figure><\/div>\n\n\n\n<p>Nos \u00faltimos anos, outros animais pr\u00e9-hist\u00f3ricos foram encontrados no permafrost siberiano, como <a href=\"https:\/\/www.canalhistory.com.br\/historia-geral\/rinoceronte-da-era-do-gelo-e-encontrado-bem-preservado-na-siberia\"><strong>rinocerontes-lanosos<\/strong><\/a>,<a href=\"https:\/\/www.canalhistory.com.br\/historia-geral\/www.canalhistory.com.br\/historia-geral\/marcas-de-cortes-em-mamute-indicam-presenca-mais-antiga-de-humanos-no-artico\"><strong>\u00a0mamutes<\/strong><\/a>,\u00a0<a href=\"https:\/\/www.canalhistory.com.br\/ciencia-e-tecnologia\/cientistas-fazem-mapeamento-genetico-de-filhote-de-leao-das-cavernas-de-28-mil\"><strong>le\u00f5es das cavernas<\/strong><\/a>\u00a0e\u00a0<a href=\"https:\/\/www.canalhistory.com.br\/ciencia-e-tecnologia\/cientistas-encontram-passaro-congelado-de-46-mil-anos-na-siberia\"><strong>at\u00e9 aves<\/strong><\/a>. Pesquisadores agora especulam se um dia ser\u00e1 poss\u00edvel encontrar restos bem preservados de esp\u00e9cies humanas extintas, como os neandertais ou denisovanos, que tamb\u00e9m viveram naquela regi\u00e3o.<\/p>\n\n\n\n<div class=\"wp-block-image\"><figure class=\"aligncenter size-large is-resized\"><a href=\"https:\/\/www.instagram.com\/restaurantepegoretti\/\"><img loading=\"lazy\" decoding=\"async\" src=\"https:\/\/jornalfatosenoticias.com.br\/wp-content\/uploads\/2023\/12\/pegoretti-logo-pdf-1024x389.jpg\" alt=\"\" class=\"wp-image-47536\" width=\"395\" height=\"150\" srcset=\"https:\/\/jornalfatosenoticias.com.br\/wp-content\/uploads\/2023\/12\/pegoretti-logo-pdf-1024x389.jpg 1024w, https:\/\/jornalfatosenoticias.com.br\/wp-content\/uploads\/2023\/12\/pegoretti-logo-pdf-300x114.jpg 300w, https:\/\/jornalfatosenoticias.com.br\/wp-content\/uploads\/2023\/12\/pegoretti-logo-pdf-768x291.jpg 768w, https:\/\/jornalfatosenoticias.com.br\/wp-content\/uploads\/2023\/12\/pegoretti-logo-pdf.jpg 1120w\" sizes=\"auto, (max-width: 395px) 100vw, 395px\" \/><\/a><\/figure><\/div>\n\n\n\n<p><em><span class=\"has-inline-color has-black-color\">(<strong>Foto:<\/strong> A V Lopatin\/Scientific Reports, 2024\/CC BY 4.0)<\/span><\/em><\/p>\n\n\n\n<p><strong><em>Fonte: <a href=\"https:\/\/www.canalhistory.com.br\/historia-geral\/filhote-de-tigre-dente-de-sabre-de-35-mil-anos-e-encontrado-bem-preservado\">History Channel Brasil<\/a><\/em><\/strong><\/p>\n","protected":false},"excerpt":{"rendered":"<p>Corpo congelado do animal que viveu na Sib\u00e9ria durante a Era do Gelo apresenta pelos, cabe\u00e7a, tronco e membros intactos Cientistas recuperaram pela primeira vez o corpo mumificado de um filhote de tigre-dente-de-sabre encontrado no permafrost (solo congelado) da Sib\u00e9ria. O animal, da esp\u00e9cie Homotherium latidens, tem mais de 35 mil anos, mas est\u00e1 surpreendentemente [&hellip;]<\/p>\n","protected":false},"author":2,"featured_media":55864,"comment_status":"open","ping_status":"open","sticky":false,"template":"","format":"standard","meta":{"footnotes":""},"categories":[9808],"tags":[6253,10304,213,3485,3484,19849],"class_list":["post-55863","post","type-post","status-publish","format-standard","has-post-thumbnail","hentry","category-paleo-arqueologia","tag-animais-extintos","tag-era-do-gelo","tag-filhote","tag-permafrost","tag-siberia","tag-tigre-dente-de-sabre"],"yoast_head":"<!-- This site is optimized with the Yoast SEO plugin v26.5 - https:\/\/yoast.com\/wordpress\/plugins\/seo\/ -->\n<title>Filhote de tigre-dente-de-sabre de 35 mil anos \u00e9 encontrado bem preservado - Jornal Fatos e Not\u00edcias<\/title>\n<meta name=\"robots\" content=\"index, follow, max-snippet:-1, max-image-preview:large, max-video-preview:-1\" \/>\n<link rel=\"canonical\" href=\"https:\/\/jornalfatosenoticias.com.br\/index.php\/2024\/11\/25\/filhote-de-tigre-dente-de-sabre-de-35-mil-anos-e-encontrado-bem-preservado\/\" \/>\n<meta property=\"og:locale\" content=\"pt_BR\" \/>\n<meta property=\"og:type\" content=\"article\" \/>\n<meta property=\"og:title\" content=\"Filhote de tigre-dente-de-sabre de 35 mil anos \u00e9 encontrado bem preservado - Jornal Fatos e Not\u00edcias\" \/>\n<meta property=\"og:description\" content=\"Corpo congelado do animal que viveu na Sib\u00e9ria durante a Era do Gelo apresenta pelos, cabe\u00e7a, tronco e membros intactos Cientistas recuperaram pela primeira vez o corpo mumificado de um filhote de tigre-dente-de-sabre encontrado no permafrost (solo congelado) da Sib\u00e9ria. O animal, da esp\u00e9cie Homotherium latidens, tem mais de 35 mil anos, mas est\u00e1 surpreendentemente [&hellip;]\" \/>\n<meta property=\"og:url\" content=\"https:\/\/jornalfatosenoticias.com.br\/index.php\/2024\/11\/25\/filhote-de-tigre-dente-de-sabre-de-35-mil-anos-e-encontrado-bem-preservado\/\" \/>\n<meta property=\"og:site_name\" content=\"Jornal Fatos e Not\u00edcias\" \/>\n<meta property=\"article:published_time\" content=\"2024-11-25T11:55:49+00:00\" \/>\n<meta property=\"article:modified_time\" content=\"2024-11-25T11:55:51+00:00\" \/>\n<meta property=\"og:image\" content=\"https:\/\/jornalfatosenoticias.com.br\/wp-content\/uploads\/2024\/11\/Filhote-tigre-dente-de-sabre-History-Channel-Brasil.jpg\" \/>\n\t<meta property=\"og:image:width\" content=\"1000\" \/>\n\t<meta property=\"og:image:height\" content=\"583\" \/>\n\t<meta property=\"og:image:type\" content=\"image\/jpeg\" \/>\n<meta name=\"author\" content=\"Luzimara Fernandes\" \/>\n<meta name=\"twitter:card\" content=\"summary_large_image\" \/>\n<meta name=\"twitter:label1\" content=\"Escrito por\" \/>\n\t<meta name=\"twitter:data1\" content=\"Luzimara Fernandes\" \/>\n\t<meta name=\"twitter:label2\" content=\"Est. tempo de leitura\" \/>\n\t<meta name=\"twitter:data2\" content=\"2 minutos\" \/>\n<script type=\"application\/ld+json\" class=\"yoast-schema-graph\">{\"@context\":\"https:\/\/schema.org\",\"@graph\":[{\"@type\":\"Article\",\"@id\":\"https:\/\/jornalfatosenoticias.com.br\/index.php\/2024\/11\/25\/filhote-de-tigre-dente-de-sabre-de-35-mil-anos-e-encontrado-bem-preservado\/#article\",\"isPartOf\":{\"@id\":\"https:\/\/jornalfatosenoticias.com.br\/index.php\/2024\/11\/25\/filhote-de-tigre-dente-de-sabre-de-35-mil-anos-e-encontrado-bem-preservado\/\"},\"author\":{\"name\":\"Luzimara Fernandes\",\"@id\":\"https:\/\/jornalfatosenoticias.com.br\/#\/schema\/person\/d63837fa13ac8666eb9e74e0985d6f81\"},\"headline\":\"Filhote de tigre-dente-de-sabre de 35 mil anos \u00e9 encontrado bem preservado\",\"datePublished\":\"2024-11-25T11:55:49+00:00\",\"dateModified\":\"2024-11-25T11:55:51+00:00\",\"mainEntityOfPage\":{\"@id\":\"https:\/\/jornalfatosenoticias.com.br\/index.php\/2024\/11\/25\/filhote-de-tigre-dente-de-sabre-de-35-mil-anos-e-encontrado-bem-preservado\/\"},\"wordCount\":330,\"commentCount\":0,\"publisher\":{\"@id\":\"https:\/\/jornalfatosenoticias.com.br\/#organization\"},\"image\":{\"@id\":\"https:\/\/jornalfatosenoticias.com.br\/index.php\/2024\/11\/25\/filhote-de-tigre-dente-de-sabre-de-35-mil-anos-e-encontrado-bem-preservado\/#primaryimage\"},\"thumbnailUrl\":\"https:\/\/jornalfatosenoticias.com.br\/wp-content\/uploads\/2024\/11\/Filhote-tigre-dente-de-sabre-History-Channel-Brasil.jpg\",\"keywords\":[\"animais extintos\",\"Era do Gelo\",\"filhote\",\"permafrost\",\"Sib\u00e9ria\",\"tigre-dente-de-sabre\"],\"articleSection\":[\"Paleo &amp; Arqueologia\"],\"inLanguage\":\"pt-BR\",\"potentialAction\":[{\"@type\":\"CommentAction\",\"name\":\"Comment\",\"target\":[\"https:\/\/jornalfatosenoticias.com.br\/index.php\/2024\/11\/25\/filhote-de-tigre-dente-de-sabre-de-35-mil-anos-e-encontrado-bem-preservado\/#respond\"]}]},{\"@type\":\"WebPage\",\"@id\":\"https:\/\/jornalfatosenoticias.com.br\/index.php\/2024\/11\/25\/filhote-de-tigre-dente-de-sabre-de-35-mil-anos-e-encontrado-bem-preservado\/\",\"url\":\"https:\/\/jornalfatosenoticias.com.br\/index.php\/2024\/11\/25\/filhote-de-tigre-dente-de-sabre-de-35-mil-anos-e-encontrado-bem-preservado\/\",\"name\":\"Filhote de tigre-dente-de-sabre de 35 mil anos \u00e9 encontrado bem preservado - Jornal Fatos e Not\u00edcias\",\"isPartOf\":{\"@id\":\"https:\/\/jornalfatosenoticias.com.br\/#website\"},\"primaryImageOfPage\":{\"@id\":\"https:\/\/jornalfatosenoticias.com.br\/index.php\/2024\/11\/25\/filhote-de-tigre-dente-de-sabre-de-35-mil-anos-e-encontrado-bem-preservado\/#primaryimage\"},\"image\":{\"@id\":\"https:\/\/jornalfatosenoticias.com.br\/index.php\/2024\/11\/25\/filhote-de-tigre-dente-de-sabre-de-35-mil-anos-e-encontrado-bem-preservado\/#primaryimage\"},\"thumbnailUrl\":\"https:\/\/jornalfatosenoticias.com.br\/wp-content\/uploads\/2024\/11\/Filhote-tigre-dente-de-sabre-History-Channel-Brasil.jpg\",\"datePublished\":\"2024-11-25T11:55:49+00:00\",\"dateModified\":\"2024-11-25T11:55:51+00:00\",\"breadcrumb\":{\"@id\":\"https:\/\/jornalfatosenoticias.com.br\/index.php\/2024\/11\/25\/filhote-de-tigre-dente-de-sabre-de-35-mil-anos-e-encontrado-bem-preservado\/#breadcrumb\"},\"inLanguage\":\"pt-BR\",\"potentialAction\":[{\"@type\":\"ReadAction\",\"target\":[\"https:\/\/jornalfatosenoticias.com.br\/index.php\/2024\/11\/25\/filhote-de-tigre-dente-de-sabre-de-35-mil-anos-e-encontrado-bem-preservado\/\"]}]},{\"@type\":\"ImageObject\",\"inLanguage\":\"pt-BR\",\"@id\":\"https:\/\/jornalfatosenoticias.com.br\/index.php\/2024\/11\/25\/filhote-de-tigre-dente-de-sabre-de-35-mil-anos-e-encontrado-bem-preservado\/#primaryimage\",\"url\":\"https:\/\/jornalfatosenoticias.com.br\/wp-content\/uploads\/2024\/11\/Filhote-tigre-dente-de-sabre-History-Channel-Brasil.jpg\",\"contentUrl\":\"https:\/\/jornalfatosenoticias.com.br\/wp-content\/uploads\/2024\/11\/Filhote-tigre-dente-de-sabre-History-Channel-Brasil.jpg\",\"width\":1000,\"height\":583},{\"@type\":\"BreadcrumbList\",\"@id\":\"https:\/\/jornalfatosenoticias.com.br\/index.php\/2024\/11\/25\/filhote-de-tigre-dente-de-sabre-de-35-mil-anos-e-encontrado-bem-preservado\/#breadcrumb\",\"itemListElement\":[{\"@type\":\"ListItem\",\"position\":1,\"name\":\"In\u00edcio\",\"item\":\"https:\/\/jornalfatosenoticias.com.br\/\"},{\"@type\":\"ListItem\",\"position\":2,\"name\":\"Filhote de tigre-dente-de-sabre de 35 mil anos \u00e9 encontrado bem preservado\"}]},{\"@type\":\"WebSite\",\"@id\":\"https:\/\/jornalfatosenoticias.com.br\/#website\",\"url\":\"https:\/\/jornalfatosenoticias.com.br\/\",\"name\":\"Jornal Fatos e Not\u00edcias\",\"description\":\"Not\u00edcias em geral\",\"publisher\":{\"@id\":\"https:\/\/jornalfatosenoticias.com.br\/#organization\"},\"potentialAction\":[{\"@type\":\"SearchAction\",\"target\":{\"@type\":\"EntryPoint\",\"urlTemplate\":\"https:\/\/jornalfatosenoticias.com.br\/?s={search_term_string}\"},\"query-input\":{\"@type\":\"PropertyValueSpecification\",\"valueRequired\":true,\"valueName\":\"search_term_string\"}}],\"inLanguage\":\"pt-BR\"},{\"@type\":\"Organization\",\"@id\":\"https:\/\/jornalfatosenoticias.com.br\/#organization\",\"name\":\"Jornal Fatos e Not\u00edcias\",\"url\":\"https:\/\/jornalfatosenoticias.com.br\/\",\"logo\":{\"@type\":\"ImageObject\",\"inLanguage\":\"pt-BR\",\"@id\":\"https:\/\/jornalfatosenoticias.com.br\/#\/schema\/logo\/image\/\",\"url\":\"https:\/\/jornalfatosenoticias.com.br\/wp-content\/uploads\/2020\/02\/logo120.png\",\"contentUrl\":\"https:\/\/jornalfatosenoticias.com.br\/wp-content\/uploads\/2020\/02\/logo120.png\",\"width\":1227,\"height\":120,\"caption\":\"Jornal Fatos e Not\u00edcias\"},\"image\":{\"@id\":\"https:\/\/jornalfatosenoticias.com.br\/#\/schema\/logo\/image\/\"}},{\"@type\":\"Person\",\"@id\":\"https:\/\/jornalfatosenoticias.com.br\/#\/schema\/person\/d63837fa13ac8666eb9e74e0985d6f81\",\"name\":\"Luzimara Fernandes\",\"image\":{\"@type\":\"ImageObject\",\"inLanguage\":\"pt-BR\",\"@id\":\"https:\/\/jornalfatosenoticias.com.br\/#\/schema\/person\/image\/\",\"url\":\"https:\/\/jornalfatosenoticias.com.br\/wp-content\/uploads\/2025\/05\/EU_portal.jpg\",\"contentUrl\":\"https:\/\/jornalfatosenoticias.com.br\/wp-content\/uploads\/2025\/05\/EU_portal.jpg\",\"caption\":\"Luzimara Fernandes\"},\"description\":\"Jornalista MTB 2358-ES\",\"sameAs\":[\"https:\/\/jornalfatosenoticias.com.br\"],\"url\":\"https:\/\/jornalfatosenoticias.com.br\/index.php\/author\/luzimara\/\"}]}<\/script>\n<!-- \/ Yoast SEO plugin. -->","yoast_head_json":{"title":"Filhote de tigre-dente-de-sabre de 35 mil anos \u00e9 encontrado bem preservado - Jornal Fatos e Not\u00edcias","robots":{"index":"index","follow":"follow","max-snippet":"max-snippet:-1","max-image-preview":"max-image-preview:large","max-video-preview":"max-video-preview:-1"},"canonical":"https:\/\/jornalfatosenoticias.com.br\/index.php\/2024\/11\/25\/filhote-de-tigre-dente-de-sabre-de-35-mil-anos-e-encontrado-bem-preservado\/","og_locale":"pt_BR","og_type":"article","og_title":"Filhote de tigre-dente-de-sabre de 35 mil anos \u00e9 encontrado bem preservado - Jornal Fatos e Not\u00edcias","og_description":"Corpo congelado do animal que viveu na Sib\u00e9ria durante a Era do Gelo apresenta pelos, cabe\u00e7a, tronco e membros intactos Cientistas recuperaram pela primeira vez o corpo mumificado de um filhote de tigre-dente-de-sabre encontrado no permafrost (solo congelado) da Sib\u00e9ria. O animal, da esp\u00e9cie Homotherium latidens, tem mais de 35 mil anos, mas est\u00e1 surpreendentemente [&hellip;]","og_url":"https:\/\/jornalfatosenoticias.com.br\/index.php\/2024\/11\/25\/filhote-de-tigre-dente-de-sabre-de-35-mil-anos-e-encontrado-bem-preservado\/","og_site_name":"Jornal Fatos e Not\u00edcias","article_published_time":"2024-11-25T11:55:49+00:00","article_modified_time":"2024-11-25T11:55:51+00:00","og_image":[{"width":1000,"height":583,"url":"https:\/\/jornalfatosenoticias.com.br\/wp-content\/uploads\/2024\/11\/Filhote-tigre-dente-de-sabre-History-Channel-Brasil.jpg","type":"image\/jpeg"}],"author":"Luzimara Fernandes","twitter_card":"summary_large_image","twitter_misc":{"Escrito por":"Luzimara Fernandes","Est. tempo de leitura":"2 minutos"},"schema":{"@context":"https:\/\/schema.org","@graph":[{"@type":"Article","@id":"https:\/\/jornalfatosenoticias.com.br\/index.php\/2024\/11\/25\/filhote-de-tigre-dente-de-sabre-de-35-mil-anos-e-encontrado-bem-preservado\/#article","isPartOf":{"@id":"https:\/\/jornalfatosenoticias.com.br\/index.php\/2024\/11\/25\/filhote-de-tigre-dente-de-sabre-de-35-mil-anos-e-encontrado-bem-preservado\/"},"author":{"name":"Luzimara Fernandes","@id":"https:\/\/jornalfatosenoticias.com.br\/#\/schema\/person\/d63837fa13ac8666eb9e74e0985d6f81"},"headline":"Filhote de tigre-dente-de-sabre de 35 mil anos \u00e9 encontrado bem preservado","datePublished":"2024-11-25T11:55:49+00:00","dateModified":"2024-11-25T11:55:51+00:00","mainEntityOfPage":{"@id":"https:\/\/jornalfatosenoticias.com.br\/index.php\/2024\/11\/25\/filhote-de-tigre-dente-de-sabre-de-35-mil-anos-e-encontrado-bem-preservado\/"},"wordCount":330,"commentCount":0,"publisher":{"@id":"https:\/\/jornalfatosenoticias.com.br\/#organization"},"image":{"@id":"https:\/\/jornalfatosenoticias.com.br\/index.php\/2024\/11\/25\/filhote-de-tigre-dente-de-sabre-de-35-mil-anos-e-encontrado-bem-preservado\/#primaryimage"},"thumbnailUrl":"https:\/\/jornalfatosenoticias.com.br\/wp-content\/uploads\/2024\/11\/Filhote-tigre-dente-de-sabre-History-Channel-Brasil.jpg","keywords":["animais extintos","Era do Gelo","filhote","permafrost","Sib\u00e9ria","tigre-dente-de-sabre"],"articleSection":["Paleo &amp; Arqueologia"],"inLanguage":"pt-BR","potentialAction":[{"@type":"CommentAction","name":"Comment","target":["https:\/\/jornalfatosenoticias.com.br\/index.php\/2024\/11\/25\/filhote-de-tigre-dente-de-sabre-de-35-mil-anos-e-encontrado-bem-preservado\/#respond"]}]},{"@type":"WebPage","@id":"https:\/\/jornalfatosenoticias.com.br\/index.php\/2024\/11\/25\/filhote-de-tigre-dente-de-sabre-de-35-mil-anos-e-encontrado-bem-preservado\/","url":"https:\/\/jornalfatosenoticias.com.br\/index.php\/2024\/11\/25\/filhote-de-tigre-dente-de-sabre-de-35-mil-anos-e-encontrado-bem-preservado\/","name":"Filhote de tigre-dente-de-sabre de 35 mil anos \u00e9 encontrado bem preservado - Jornal Fatos e Not\u00edcias","isPartOf":{"@id":"https:\/\/jornalfatosenoticias.com.br\/#website"},"primaryImageOfPage":{"@id":"https:\/\/jornalfatosenoticias.com.br\/index.php\/2024\/11\/25\/filhote-de-tigre-dente-de-sabre-de-35-mil-anos-e-encontrado-bem-preservado\/#primaryimage"},"image":{"@id":"https:\/\/jornalfatosenoticias.com.br\/index.php\/2024\/11\/25\/filhote-de-tigre-dente-de-sabre-de-35-mil-anos-e-encontrado-bem-preservado\/#primaryimage"},"thumbnailUrl":"https:\/\/jornalfatosenoticias.com.br\/wp-content\/uploads\/2024\/11\/Filhote-tigre-dente-de-sabre-History-Channel-Brasil.jpg","datePublished":"2024-11-25T11:55:49+00:00","dateModified":"2024-11-25T11:55:51+00:00","breadcrumb":{"@id":"https:\/\/jornalfatosenoticias.com.br\/index.php\/2024\/11\/25\/filhote-de-tigre-dente-de-sabre-de-35-mil-anos-e-encontrado-bem-preservado\/#breadcrumb"},"inLanguage":"pt-BR","potentialAction":[{"@type":"ReadAction","target":["https:\/\/jornalfatosenoticias.com.br\/index.php\/2024\/11\/25\/filhote-de-tigre-dente-de-sabre-de-35-mil-anos-e-encontrado-bem-preservado\/"]}]},{"@type":"ImageObject","inLanguage":"pt-BR","@id":"https:\/\/jornalfatosenoticias.com.br\/index.php\/2024\/11\/25\/filhote-de-tigre-dente-de-sabre-de-35-mil-anos-e-encontrado-bem-preservado\/#primaryimage","url":"https:\/\/jornalfatosenoticias.com.br\/wp-content\/uploads\/2024\/11\/Filhote-tigre-dente-de-sabre-History-Channel-Brasil.jpg","contentUrl":"https:\/\/jornalfatosenoticias.com.br\/wp-content\/uploads\/2024\/11\/Filhote-tigre-dente-de-sabre-History-Channel-Brasil.jpg","width":1000,"height":583},{"@type":"BreadcrumbList","@id":"https:\/\/jornalfatosenoticias.com.br\/index.php\/2024\/11\/25\/filhote-de-tigre-dente-de-sabre-de-35-mil-anos-e-encontrado-bem-preservado\/#breadcrumb","itemListElement":[{"@type":"ListItem","position":1,"name":"In\u00edcio","item":"https:\/\/jornalfatosenoticias.com.br\/"},{"@type":"ListItem","position":2,"name":"Filhote de tigre-dente-de-sabre de 35 mil anos \u00e9 encontrado bem preservado"}]},{"@type":"WebSite","@id":"https:\/\/jornalfatosenoticias.com.br\/#website","url":"https:\/\/jornalfatosenoticias.com.br\/","name":"Jornal Fatos e Not\u00edcias","description":"Not\u00edcias em geral","publisher":{"@id":"https:\/\/jornalfatosenoticias.com.br\/#organization"},"potentialAction":[{"@type":"SearchAction","target":{"@type":"EntryPoint","urlTemplate":"https:\/\/jornalfatosenoticias.com.br\/?s={search_term_string}"},"query-input":{"@type":"PropertyValueSpecification","valueRequired":true,"valueName":"search_term_string"}}],"inLanguage":"pt-BR"},{"@type":"Organization","@id":"https:\/\/jornalfatosenoticias.com.br\/#organization","name":"Jornal Fatos e Not\u00edcias","url":"https:\/\/jornalfatosenoticias.com.br\/","logo":{"@type":"ImageObject","inLanguage":"pt-BR","@id":"https:\/\/jornalfatosenoticias.com.br\/#\/schema\/logo\/image\/","url":"https:\/\/jornalfatosenoticias.com.br\/wp-content\/uploads\/2020\/02\/logo120.png","contentUrl":"https:\/\/jornalfatosenoticias.com.br\/wp-content\/uploads\/2020\/02\/logo120.png","width":1227,"height":120,"caption":"Jornal Fatos e Not\u00edcias"},"image":{"@id":"https:\/\/jornalfatosenoticias.com.br\/#\/schema\/logo\/image\/"}},{"@type":"Person","@id":"https:\/\/jornalfatosenoticias.com.br\/#\/schema\/person\/d63837fa13ac8666eb9e74e0985d6f81","name":"Luzimara Fernandes","image":{"@type":"ImageObject","inLanguage":"pt-BR","@id":"https:\/\/jornalfatosenoticias.com.br\/#\/schema\/person\/image\/","url":"https:\/\/jornalfatosenoticias.com.br\/wp-content\/uploads\/2025\/05\/EU_portal.jpg","contentUrl":"https:\/\/jornalfatosenoticias.com.br\/wp-content\/uploads\/2025\/05\/EU_portal.jpg","caption":"Luzimara Fernandes"},"description":"Jornalista MTB 2358-ES","sameAs":["https:\/\/jornalfatosenoticias.com.br"],"url":"https:\/\/jornalfatosenoticias.com.br\/index.php\/author\/luzimara\/"}]}},"cc_featured_image_caption":{"caption_text":"","source_text":"","source_url":""},"jetpack_featured_media_url":"https:\/\/jornalfatosenoticias.com.br\/wp-content\/uploads\/2024\/11\/Filhote-tigre-dente-de-sabre-History-Channel-Brasil.jpg","_links":{"self":[{"href":"https:\/\/jornalfatosenoticias.com.br\/index.php\/wp-json\/wp\/v2\/posts\/55863","targetHints":{"allow":["GET"]}}],"collection":[{"href":"https:\/\/jornalfatosenoticias.com.br\/index.php\/wp-json\/wp\/v2\/posts"}],"about":[{"href":"https:\/\/jornalfatosenoticias.com.br\/index.php\/wp-json\/wp\/v2\/types\/post"}],"author":[{"embeddable":true,"href":"https:\/\/jornalfatosenoticias.com.br\/index.php\/wp-json\/wp\/v2\/users\/2"}],"replies":[{"embeddable":true,"href":"https:\/\/jornalfatosenoticias.com.br\/index.php\/wp-json\/wp\/v2\/comments?post=55863"}],"version-history":[{"count":0,"href":"https:\/\/jornalfatosenoticias.com.br\/index.php\/wp-json\/wp\/v2\/posts\/55863\/revisions"}],"wp:featuredmedia":[{"embeddable":true,"href":"https:\/\/jornalfatosenoticias.com.br\/index.php\/wp-json\/wp\/v2\/media\/55864"}],"wp:attachment":[{"href":"https:\/\/jornalfatosenoticias.com.br\/index.php\/wp-json\/wp\/v2\/media?parent=55863"}],"wp:term":[{"taxonomy":"category","embeddable":true,"href":"https:\/\/jornalfatosenoticias.com.br\/index.php\/wp-json\/wp\/v2\/categories?post=55863"},{"taxonomy":"post_tag","embeddable":true,"href":"https:\/\/jornalfatosenoticias.com.br\/index.php\/wp-json\/wp\/v2\/tags?post=55863"}],"curies":[{"name":"wp","href":"https:\/\/api.w.org\/{rel}","templated":true}]}}