{"id":55899,"date":"2024-11-25T11:50:47","date_gmt":"2024-11-25T14:50:47","guid":{"rendered":"https:\/\/jornalfatosenoticias.com.br\/?p=55899"},"modified":"2024-11-25T11:50:49","modified_gmt":"2024-11-25T14:50:49","slug":"sob-governo-lula-inflacao-fica-maior-para-mais-pobres-com-pressao-de-alimentos","status":"publish","type":"post","link":"https:\/\/jornalfatosenoticias.com.br\/index.php\/2024\/11\/25\/sob-governo-lula-inflacao-fica-maior-para-mais-pobres-com-pressao-de-alimentos\/","title":{"rendered":"Sob governo Lula, infla\u00e7\u00e3o fica maior para mais pobres com press\u00e3o de alimentos"},"content":{"rendered":"\n<div class=\"wp-block-image\"><figure class=\"aligncenter size-large\"><a href=\"https:\/\/www.facebook.com\/vetor.vix\/\"><img loading=\"lazy\" decoding=\"async\" width=\"1024\" height=\"273\" src=\"https:\/\/jornalfatosenoticias.com.br\/wp-content\/uploads\/2023\/09\/vetorvix1024_1.jpg\" alt=\"\" class=\"wp-image-44868\" srcset=\"https:\/\/jornalfatosenoticias.com.br\/wp-content\/uploads\/2023\/09\/vetorvix1024_1.jpg 1024w, https:\/\/jornalfatosenoticias.com.br\/wp-content\/uploads\/2023\/09\/vetorvix1024_1-300x80.jpg 300w, https:\/\/jornalfatosenoticias.com.br\/wp-content\/uploads\/2023\/09\/vetorvix1024_1-768x205.jpg 768w\" sizes=\"auto, (max-width: 1024px) 100vw, 1024px\" \/><\/a><\/figure><\/div>\n\n\n\n<p>Sob o terceiro mandato de <a href=\"https:\/\/www.conexaopolitica.com.br\/tag\/lula\/\">Luiz In\u00e1cio Lula da Silva<\/a>\u00a0(<a href=\"https:\/\/www.conexaopolitica.com.br\/tag\/pt\/\">PT<\/a>), a infla\u00e7\u00e3o voltou a acelerar no Brasil, com impacto mais acentuado sobre as fam\u00edlias de menor renda. Dados do Instituto de Pesquisa Econ\u00f4mica Aplicada (Ipea), divulgados neste m\u00eas, mostram que, enquanto a infla\u00e7\u00e3o desacelerou para os mais ricos, ela alcan\u00e7ou a marca de 4,99% nos 12 meses at\u00e9 outubro para as fam\u00edlias com renda domiciliar muito baixa (menos de R$ 2.105,99 mensais).<br>O \u00edndice representa a maior alta para esse grupo desde fevereiro de 2023, quando registrou 5,86%, ainda no in\u00edcio do governo Luiz In\u00e1cio Lula da Silva (PT). Os n\u00fameros tamb\u00e9m mostram uma mudan\u00e7a no comportamento da infla\u00e7\u00e3o: at\u00e9 setembro, as fam\u00edlias de renda alta (acima de R$ 21.059,92) enfrentavam a maior alta de pre\u00e7os, acumulando 4,72%. Em outubro, por\u00e9m, a infla\u00e7\u00e3o desse grupo desacelerou para 4,44%, a menor entre os seis n\u00edveis de renda pesquisados pelo Ipea.<\/p>\n\n\n\n<div class=\"wp-block-image\"><figure class=\"aligncenter size-large\"><a href=\"http:\/\/www.ferrarimaquinas.com.br\/\"><img loading=\"lazy\" decoding=\"async\" width=\"300\" height=\"250\" src=\"https:\/\/jornalfatosenoticias.com.br\/wp-content\/uploads\/2022\/02\/FERRARI_MAQUINAS-E-FERRAMENTAS2.jpg\" alt=\"\" class=\"wp-image-27860\"\/><\/a><\/figure><\/div>\n\n\n\n<p><strong><span class=\"has-inline-color has-black-color\">Fatores de impacto<br><\/span><\/strong>A desacelera\u00e7\u00e3o para os mais ricos foi puxada pelo recuo nos pre\u00e7os das passagens a\u00e9reas, item que pesa mais no or\u00e7amento das fam\u00edlias de alta renda. J\u00e1 para os consumidores mais pobres, a alta dos alimentos e da energia el\u00e9trica segue pressionando o custo de vida. Alimentos, que representam 25% do or\u00e7amento das fam\u00edlias de renda muito baixa, t\u00eam um impacto inflacion\u00e1rio mais significativo quando os pre\u00e7os sobem.<\/p>\n\n\n\n<div class=\"wp-block-image\"><figure class=\"aligncenter size-large\"><img loading=\"lazy\" decoding=\"async\" width=\"612\" height=\"406\" src=\"https:\/\/jornalfatosenoticias.com.br\/wp-content\/uploads\/2024\/11\/lojas-varejo_gettyimages.jpg\" alt=\"\" class=\"wp-image-55900\" srcset=\"https:\/\/jornalfatosenoticias.com.br\/wp-content\/uploads\/2024\/11\/lojas-varejo_gettyimages.jpg 612w, https:\/\/jornalfatosenoticias.com.br\/wp-content\/uploads\/2024\/11\/lojas-varejo_gettyimages-300x199.jpg 300w\" sizes=\"auto, (max-width: 612px) 100vw, 612px\" \/><figcaption><em><span class=\"has-inline-color has-black-color\">(Foto: Getty Images)<\/span><\/em><\/figcaption><\/figure><\/div>\n\n\n\n<p><strong><span class=\"has-inline-color has-black-color\">A cada 10 novas lojas, 6 fecham no Brasil, aponta levantamento<br><\/span><\/strong>O com\u00e9rcio varejista brasileiro viveu uma intensa din\u00e2mica de aberturas e fechamentos de pontos de venda (PDVs) nos \u00faltimos dez anos. Entre janeiro de 2014 e agosto de 2024, foram abertas 11,6 milh\u00f5es de lojas no pa\u00eds, o equivalente a 91 mil novas inaugura\u00e7\u00f5es por m\u00eas. No mesmo per\u00edodo, sete milh\u00f5es de estabelecimentos encerraram suas atividades, ou seja, 55 mil fechamentos mensais em m\u00e9dia.<\/p>\n\n\n\n<div class=\"wp-block-image\"><figure class=\"aligncenter size-large is-resized\"><a href=\"https:\/\/www.controlsystems.com.br\/\"><img loading=\"lazy\" decoding=\"async\" src=\"https:\/\/jornalfatosenoticias.com.br\/wp-content\/uploads\/2020\/02\/CONTROL-CS.jpg\" alt=\"\" class=\"wp-image-44991\" width=\"260\" height=\"312\" srcset=\"https:\/\/jornalfatosenoticias.com.br\/wp-content\/uploads\/2020\/02\/CONTROL-CS.jpg 834w, https:\/\/jornalfatosenoticias.com.br\/wp-content\/uploads\/2020\/02\/CONTROL-CS-250x300.jpg 250w, https:\/\/jornalfatosenoticias.com.br\/wp-content\/uploads\/2020\/02\/CONTROL-CS-768x921.jpg 768w\" sizes=\"auto, (max-width: 260px) 100vw, 260px\" \/><\/a><\/figure><\/div>\n\n\n\n<p>Os dados indicam que, para cada 10 lojas abertas, cerca de seis (60,8%) acabam fechando, revelando a volatilidade do setor varejista no Brasil. O estudo foi realizado pela empresa de intelig\u00eancia geogr\u00e1fica Cortex, que utiliza informa\u00e7\u00f5es socioecon\u00f4micas e demogr\u00e1ficas combinadas com intelig\u00eancia artificial. A pesquisa analisou dados pr\u00f3prios da empresa, da <a href=\"https:\/\/conexao1.com\/category\/gastronomia\/\">Receita<\/a> Federal e do IBGE, considerando 22 segmentos do varejo, como supermercados, farm\u00e1cias, perfumarias e lojas de variedades.<\/p>\n\n\n\n<div class=\"wp-block-image\"><figure class=\"aligncenter size-large\"><a href=\"https:\/\/cesconetto.com.br\/\"><img loading=\"lazy\" decoding=\"async\" width=\"300\" height=\"250\" src=\"https:\/\/jornalfatosenoticias.com.br\/wp-content\/uploads\/2022\/02\/Banner-2.png\" alt=\"\" class=\"wp-image-27877\"\/><\/a><\/figure><\/div>\n\n\n\n<p>Entre os clientes da Cortex est\u00e3o marcas como McDonald\u2019s, Botic\u00e1rio e Cacau Show, que utilizam os servi\u00e7os da empresa para identificar locais estrat\u00e9gicos com maior potencial de vendas. O levantamento menciona que o protagonismo nas aberturas de empresas \u00e9 dos MEIs (microempreendedores individuais), respons\u00e1veis por 69% das inaugura\u00e7\u00f5es. Por outro lado, as microempresas lideram os fechamentos, representando 88% das atividades encerradas no per\u00edodo.<\/p>\n\n\n\n<div class=\"wp-block-image\"><figure class=\"aligncenter size-large is-resized\"><a href=\"https:\/\/www.facebook.com\/profile.php?id=100069289606145\"><img loading=\"lazy\" decoding=\"async\" src=\"https:\/\/jornalfatosenoticias.com.br\/wp-content\/uploads\/2024\/11\/Guaitolini-Contabilidade-1024x714.jpeg\" alt=\"\" class=\"wp-image-55808\" width=\"324\" height=\"226\" srcset=\"https:\/\/jornalfatosenoticias.com.br\/wp-content\/uploads\/2024\/11\/Guaitolini-Contabilidade-1024x714.jpeg 1024w, https:\/\/jornalfatosenoticias.com.br\/wp-content\/uploads\/2024\/11\/Guaitolini-Contabilidade-300x209.jpeg 300w, https:\/\/jornalfatosenoticias.com.br\/wp-content\/uploads\/2024\/11\/Guaitolini-Contabilidade-768x535.jpeg 768w, https:\/\/jornalfatosenoticias.com.br\/wp-content\/uploads\/2024\/11\/Guaitolini-Contabilidade.jpeg 1280w\" sizes=\"auto, (max-width: 324px) 100vw, 324px\" \/><\/a><\/figure><\/div>\n\n\n\n<p>O maior n\u00famero de inaugura\u00e7\u00f5es ocorreu em 2021, no contexto da recupera\u00e7\u00e3o econ\u00f4mica p\u00f3s-pandemia, com 1,48 milh\u00e3o de novas empresas abertas. Em contrapartida, o auge dos fechamentos foi registrado em 2018, reflexo de uma crise econ\u00f4mica, com 1,14 milh\u00e3o de empresas encerrando suas atividades \u2014 um n\u00famero superior \u00e0s 992 mil inaugura\u00e7\u00f5es daquele ano.<\/p>\n\n\n\n<div class=\"wp-block-image\"><figure class=\"aligncenter size-large is-resized\"><a href=\"https:\/\/www.instagram.com\/serra4x4cambioautomatico\/\"><img loading=\"lazy\" decoding=\"async\" src=\"https:\/\/jornalfatosenoticias.com.br\/wp-content\/uploads\/2024\/08\/Serra-4x4-1-886x1024.jpg\" alt=\"\" class=\"wp-image-53632\" width=\"261\" height=\"302\" srcset=\"https:\/\/jornalfatosenoticias.com.br\/wp-content\/uploads\/2024\/08\/Serra-4x4-1-886x1024.jpg 886w, https:\/\/jornalfatosenoticias.com.br\/wp-content\/uploads\/2024\/08\/Serra-4x4-1-260x300.jpg 260w, https:\/\/jornalfatosenoticias.com.br\/wp-content\/uploads\/2024\/08\/Serra-4x4-1-768x888.jpg 768w, https:\/\/jornalfatosenoticias.com.br\/wp-content\/uploads\/2024\/08\/Serra-4x4-1.jpg 1181w\" sizes=\"auto, (max-width: 261px) 100vw, 261px\" \/><\/a><\/figure><\/div>\n\n\n\n<p>Outro ano marcante foi 2015, durante um per\u00edodo cr\u00edtico para a <a href=\"https:\/\/conexao1.com\/category\/economia\/\">economia<\/a> nacional, quando 920 mil empresas fecharam as portas, superando as 862 mil novas aberturas. Nos primeiros oito meses de 2024, os n\u00fameros mostram uma aproxima\u00e7\u00e3o entre aberturas e fechamentos: foram 792 mil novos neg\u00f3cios contra 576 mil empresas encerradas.<\/p>\n\n\n\n<div class=\"wp-block-image\"><figure class=\"aligncenter size-large is-resized\"><a href=\"https:\/\/www.ithbrasil.com.br\/\"><img loading=\"lazy\" decoding=\"async\" src=\"https:\/\/jornalfatosenoticias.com.br\/wp-content\/uploads\/2023\/08\/ITH.jpeg\" alt=\"\" class=\"wp-image-44638\" width=\"297\" height=\"241\" srcset=\"https:\/\/jornalfatosenoticias.com.br\/wp-content\/uploads\/2023\/08\/ITH.jpeg 800w, https:\/\/jornalfatosenoticias.com.br\/wp-content\/uploads\/2023\/08\/ITH-300x244.jpeg 300w, https:\/\/jornalfatosenoticias.com.br\/wp-content\/uploads\/2023\/08\/ITH-768x624.jpeg 768w\" sizes=\"auto, (max-width: 297px) 100vw, 297px\" \/><\/a><\/figure><\/div>\n\n\n\n<p><strong><em>Fonte: <a href=\"https:\/\/www.conexaopolitica.com.br\/economia\/sob-governo-lula-inflacao-fica-maior-para-mais-pobres-com-pressao-de-alimentos\/\">Conex\u00e3o Pol\u00edtica<\/a><\/em><\/strong><\/p>\n","protected":false},"excerpt":{"rendered":"<p>Sob o terceiro mandato de Luiz In\u00e1cio Lula da Silva\u00a0(PT), a infla\u00e7\u00e3o voltou a acelerar no Brasil, com impacto mais acentuado sobre as fam\u00edlias de menor renda. Dados do Instituto de Pesquisa Econ\u00f4mica Aplicada (Ipea), divulgados neste m\u00eas, mostram que, enquanto a infla\u00e7\u00e3o desacelerou para os mais ricos, ela alcan\u00e7ou a marca de 4,99% nos [&hellip;]<\/p>\n","protected":false},"author":2,"featured_media":55901,"comment_status":"open","ping_status":"open","sticky":false,"template":"","format":"standard","meta":{"footnotes":""},"categories":[9,10],"tags":[70,597,1412,240,986,4182,20033,7580,4190,19463],"class_list":["post-55899","post","type-post","status-publish","format-standard","has-post-thumbnail","hentry","category-economia","category-politica","tag-alimentos","tag-brasil","tag-comercio","tag-economia","tag-governo","tag-inflacao","tag-lojas","tag-lula","tag-pobres","tag-varejo"],"yoast_head":"<!-- This site is optimized with the Yoast SEO plugin v26.5 - https:\/\/yoast.com\/wordpress\/plugins\/seo\/ -->\n<title>Sob governo Lula, infla\u00e7\u00e3o fica maior para mais pobres com press\u00e3o de alimentos - Jornal Fatos e Not\u00edcias<\/title>\n<meta name=\"robots\" content=\"index, follow, max-snippet:-1, max-image-preview:large, max-video-preview:-1\" \/>\n<link rel=\"canonical\" href=\"https:\/\/jornalfatosenoticias.com.br\/index.php\/2024\/11\/25\/sob-governo-lula-inflacao-fica-maior-para-mais-pobres-com-pressao-de-alimentos\/\" \/>\n<meta property=\"og:locale\" content=\"pt_BR\" \/>\n<meta property=\"og:type\" content=\"article\" \/>\n<meta property=\"og:title\" content=\"Sob governo Lula, infla\u00e7\u00e3o fica maior para mais pobres com press\u00e3o de alimentos - Jornal Fatos e Not\u00edcias\" \/>\n<meta property=\"og:description\" content=\"Sob o terceiro mandato de Luiz In\u00e1cio Lula da Silva\u00a0(PT), a infla\u00e7\u00e3o voltou a acelerar no Brasil, com impacto mais acentuado sobre as fam\u00edlias de menor renda. Dados do Instituto de Pesquisa Econ\u00f4mica Aplicada (Ipea), divulgados neste m\u00eas, mostram que, enquanto a infla\u00e7\u00e3o desacelerou para os mais ricos, ela alcan\u00e7ou a marca de 4,99% nos [&hellip;]\" \/>\n<meta property=\"og:url\" content=\"https:\/\/jornalfatosenoticias.com.br\/index.php\/2024\/11\/25\/sob-governo-lula-inflacao-fica-maior-para-mais-pobres-com-pressao-de-alimentos\/\" \/>\n<meta property=\"og:site_name\" content=\"Jornal Fatos e Not\u00edcias\" \/>\n<meta property=\"article:published_time\" content=\"2024-11-25T14:50:47+00:00\" \/>\n<meta property=\"article:modified_time\" content=\"2024-11-25T14:50:49+00:00\" \/>\n<meta property=\"og:image\" content=\"https:\/\/jornalfatosenoticias.com.br\/wp-content\/uploads\/2024\/11\/nine.jpg\" \/>\n\t<meta property=\"og:image:width\" content=\"1000\" \/>\n\t<meta property=\"og:image:height\" content=\"750\" \/>\n\t<meta property=\"og:image:type\" content=\"image\/jpeg\" \/>\n<meta name=\"author\" content=\"Luzimara Fernandes\" \/>\n<meta name=\"twitter:card\" content=\"summary_large_image\" \/>\n<meta name=\"twitter:label1\" content=\"Escrito por\" \/>\n\t<meta name=\"twitter:data1\" content=\"Luzimara Fernandes\" \/>\n\t<meta name=\"twitter:label2\" content=\"Est. tempo de leitura\" \/>\n\t<meta name=\"twitter:data2\" content=\"3 minutos\" \/>\n<script type=\"application\/ld+json\" class=\"yoast-schema-graph\">{\"@context\":\"https:\/\/schema.org\",\"@graph\":[{\"@type\":\"Article\",\"@id\":\"https:\/\/jornalfatosenoticias.com.br\/index.php\/2024\/11\/25\/sob-governo-lula-inflacao-fica-maior-para-mais-pobres-com-pressao-de-alimentos\/#article\",\"isPartOf\":{\"@id\":\"https:\/\/jornalfatosenoticias.com.br\/index.php\/2024\/11\/25\/sob-governo-lula-inflacao-fica-maior-para-mais-pobres-com-pressao-de-alimentos\/\"},\"author\":{\"name\":\"Luzimara Fernandes\",\"@id\":\"https:\/\/jornalfatosenoticias.com.br\/#\/schema\/person\/d63837fa13ac8666eb9e74e0985d6f81\"},\"headline\":\"Sob governo Lula, infla\u00e7\u00e3o fica maior para mais pobres com press\u00e3o de alimentos\",\"datePublished\":\"2024-11-25T14:50:47+00:00\",\"dateModified\":\"2024-11-25T14:50:49+00:00\",\"mainEntityOfPage\":{\"@id\":\"https:\/\/jornalfatosenoticias.com.br\/index.php\/2024\/11\/25\/sob-governo-lula-inflacao-fica-maior-para-mais-pobres-com-pressao-de-alimentos\/\"},\"wordCount\":592,\"commentCount\":0,\"publisher\":{\"@id\":\"https:\/\/jornalfatosenoticias.com.br\/#organization\"},\"image\":{\"@id\":\"https:\/\/jornalfatosenoticias.com.br\/index.php\/2024\/11\/25\/sob-governo-lula-inflacao-fica-maior-para-mais-pobres-com-pressao-de-alimentos\/#primaryimage\"},\"thumbnailUrl\":\"https:\/\/jornalfatosenoticias.com.br\/wp-content\/uploads\/2024\/11\/nine.jpg\",\"keywords\":[\"alimentos\",\"Brasil\",\"com\u00e9rcio\",\"economia\",\"governo\",\"infla\u00e7\u00e3o\",\"lojas\",\"Lula\",\"pobres\",\"varejo\"],\"articleSection\":[\"Economia\",\"Pol\u00edtica\"],\"inLanguage\":\"pt-BR\",\"potentialAction\":[{\"@type\":\"CommentAction\",\"name\":\"Comment\",\"target\":[\"https:\/\/jornalfatosenoticias.com.br\/index.php\/2024\/11\/25\/sob-governo-lula-inflacao-fica-maior-para-mais-pobres-com-pressao-de-alimentos\/#respond\"]}]},{\"@type\":\"WebPage\",\"@id\":\"https:\/\/jornalfatosenoticias.com.br\/index.php\/2024\/11\/25\/sob-governo-lula-inflacao-fica-maior-para-mais-pobres-com-pressao-de-alimentos\/\",\"url\":\"https:\/\/jornalfatosenoticias.com.br\/index.php\/2024\/11\/25\/sob-governo-lula-inflacao-fica-maior-para-mais-pobres-com-pressao-de-alimentos\/\",\"name\":\"Sob governo Lula, infla\u00e7\u00e3o fica maior para mais pobres com press\u00e3o de alimentos - Jornal Fatos e Not\u00edcias\",\"isPartOf\":{\"@id\":\"https:\/\/jornalfatosenoticias.com.br\/#website\"},\"primaryImageOfPage\":{\"@id\":\"https:\/\/jornalfatosenoticias.com.br\/index.php\/2024\/11\/25\/sob-governo-lula-inflacao-fica-maior-para-mais-pobres-com-pressao-de-alimentos\/#primaryimage\"},\"image\":{\"@id\":\"https:\/\/jornalfatosenoticias.com.br\/index.php\/2024\/11\/25\/sob-governo-lula-inflacao-fica-maior-para-mais-pobres-com-pressao-de-alimentos\/#primaryimage\"},\"thumbnailUrl\":\"https:\/\/jornalfatosenoticias.com.br\/wp-content\/uploads\/2024\/11\/nine.jpg\",\"datePublished\":\"2024-11-25T14:50:47+00:00\",\"dateModified\":\"2024-11-25T14:50:49+00:00\",\"breadcrumb\":{\"@id\":\"https:\/\/jornalfatosenoticias.com.br\/index.php\/2024\/11\/25\/sob-governo-lula-inflacao-fica-maior-para-mais-pobres-com-pressao-de-alimentos\/#breadcrumb\"},\"inLanguage\":\"pt-BR\",\"potentialAction\":[{\"@type\":\"ReadAction\",\"target\":[\"https:\/\/jornalfatosenoticias.com.br\/index.php\/2024\/11\/25\/sob-governo-lula-inflacao-fica-maior-para-mais-pobres-com-pressao-de-alimentos\/\"]}]},{\"@type\":\"ImageObject\",\"inLanguage\":\"pt-BR\",\"@id\":\"https:\/\/jornalfatosenoticias.com.br\/index.php\/2024\/11\/25\/sob-governo-lula-inflacao-fica-maior-para-mais-pobres-com-pressao-de-alimentos\/#primaryimage\",\"url\":\"https:\/\/jornalfatosenoticias.com.br\/wp-content\/uploads\/2024\/11\/nine.jpg\",\"contentUrl\":\"https:\/\/jornalfatosenoticias.com.br\/wp-content\/uploads\/2024\/11\/nine.jpg\",\"width\":1000,\"height\":750},{\"@type\":\"BreadcrumbList\",\"@id\":\"https:\/\/jornalfatosenoticias.com.br\/index.php\/2024\/11\/25\/sob-governo-lula-inflacao-fica-maior-para-mais-pobres-com-pressao-de-alimentos\/#breadcrumb\",\"itemListElement\":[{\"@type\":\"ListItem\",\"position\":1,\"name\":\"In\u00edcio\",\"item\":\"https:\/\/jornalfatosenoticias.com.br\/\"},{\"@type\":\"ListItem\",\"position\":2,\"name\":\"Sob governo Lula, infla\u00e7\u00e3o fica maior para mais pobres com press\u00e3o de alimentos\"}]},{\"@type\":\"WebSite\",\"@id\":\"https:\/\/jornalfatosenoticias.com.br\/#website\",\"url\":\"https:\/\/jornalfatosenoticias.com.br\/\",\"name\":\"Jornal Fatos e Not\u00edcias\",\"description\":\"Not\u00edcias em geral\",\"publisher\":{\"@id\":\"https:\/\/jornalfatosenoticias.com.br\/#organization\"},\"potentialAction\":[{\"@type\":\"SearchAction\",\"target\":{\"@type\":\"EntryPoint\",\"urlTemplate\":\"https:\/\/jornalfatosenoticias.com.br\/?s={search_term_string}\"},\"query-input\":{\"@type\":\"PropertyValueSpecification\",\"valueRequired\":true,\"valueName\":\"search_term_string\"}}],\"inLanguage\":\"pt-BR\"},{\"@type\":\"Organization\",\"@id\":\"https:\/\/jornalfatosenoticias.com.br\/#organization\",\"name\":\"Jornal Fatos e Not\u00edcias\",\"url\":\"https:\/\/jornalfatosenoticias.com.br\/\",\"logo\":{\"@type\":\"ImageObject\",\"inLanguage\":\"pt-BR\",\"@id\":\"https:\/\/jornalfatosenoticias.com.br\/#\/schema\/logo\/image\/\",\"url\":\"https:\/\/jornalfatosenoticias.com.br\/wp-content\/uploads\/2020\/02\/logo120.png\",\"contentUrl\":\"https:\/\/jornalfatosenoticias.com.br\/wp-content\/uploads\/2020\/02\/logo120.png\",\"width\":1227,\"height\":120,\"caption\":\"Jornal Fatos e Not\u00edcias\"},\"image\":{\"@id\":\"https:\/\/jornalfatosenoticias.com.br\/#\/schema\/logo\/image\/\"}},{\"@type\":\"Person\",\"@id\":\"https:\/\/jornalfatosenoticias.com.br\/#\/schema\/person\/d63837fa13ac8666eb9e74e0985d6f81\",\"name\":\"Luzimara Fernandes\",\"image\":{\"@type\":\"ImageObject\",\"inLanguage\":\"pt-BR\",\"@id\":\"https:\/\/jornalfatosenoticias.com.br\/#\/schema\/person\/image\/\",\"url\":\"https:\/\/jornalfatosenoticias.com.br\/wp-content\/uploads\/2025\/05\/EU_portal.jpg\",\"contentUrl\":\"https:\/\/jornalfatosenoticias.com.br\/wp-content\/uploads\/2025\/05\/EU_portal.jpg\",\"caption\":\"Luzimara Fernandes\"},\"description\":\"Jornalista MTB 2358-ES\",\"sameAs\":[\"https:\/\/jornalfatosenoticias.com.br\"],\"url\":\"https:\/\/jornalfatosenoticias.com.br\/index.php\/author\/luzimara\/\"}]}<\/script>\n<!-- \/ Yoast SEO plugin. -->","yoast_head_json":{"title":"Sob governo Lula, infla\u00e7\u00e3o fica maior para mais pobres com press\u00e3o de alimentos - Jornal Fatos e Not\u00edcias","robots":{"index":"index","follow":"follow","max-snippet":"max-snippet:-1","max-image-preview":"max-image-preview:large","max-video-preview":"max-video-preview:-1"},"canonical":"https:\/\/jornalfatosenoticias.com.br\/index.php\/2024\/11\/25\/sob-governo-lula-inflacao-fica-maior-para-mais-pobres-com-pressao-de-alimentos\/","og_locale":"pt_BR","og_type":"article","og_title":"Sob governo Lula, infla\u00e7\u00e3o fica maior para mais pobres com press\u00e3o de alimentos - Jornal Fatos e Not\u00edcias","og_description":"Sob o terceiro mandato de Luiz In\u00e1cio Lula da Silva\u00a0(PT), a infla\u00e7\u00e3o voltou a acelerar no Brasil, com impacto mais acentuado sobre as fam\u00edlias de menor renda. Dados do Instituto de Pesquisa Econ\u00f4mica Aplicada (Ipea), divulgados neste m\u00eas, mostram que, enquanto a infla\u00e7\u00e3o desacelerou para os mais ricos, ela alcan\u00e7ou a marca de 4,99% nos [&hellip;]","og_url":"https:\/\/jornalfatosenoticias.com.br\/index.php\/2024\/11\/25\/sob-governo-lula-inflacao-fica-maior-para-mais-pobres-com-pressao-de-alimentos\/","og_site_name":"Jornal Fatos e Not\u00edcias","article_published_time":"2024-11-25T14:50:47+00:00","article_modified_time":"2024-11-25T14:50:49+00:00","og_image":[{"width":1000,"height":750,"url":"https:\/\/jornalfatosenoticias.com.br\/wp-content\/uploads\/2024\/11\/nine.jpg","type":"image\/jpeg"}],"author":"Luzimara Fernandes","twitter_card":"summary_large_image","twitter_misc":{"Escrito por":"Luzimara Fernandes","Est. tempo de leitura":"3 minutos"},"schema":{"@context":"https:\/\/schema.org","@graph":[{"@type":"Article","@id":"https:\/\/jornalfatosenoticias.com.br\/index.php\/2024\/11\/25\/sob-governo-lula-inflacao-fica-maior-para-mais-pobres-com-pressao-de-alimentos\/#article","isPartOf":{"@id":"https:\/\/jornalfatosenoticias.com.br\/index.php\/2024\/11\/25\/sob-governo-lula-inflacao-fica-maior-para-mais-pobres-com-pressao-de-alimentos\/"},"author":{"name":"Luzimara Fernandes","@id":"https:\/\/jornalfatosenoticias.com.br\/#\/schema\/person\/d63837fa13ac8666eb9e74e0985d6f81"},"headline":"Sob governo Lula, infla\u00e7\u00e3o fica maior para mais pobres com press\u00e3o de alimentos","datePublished":"2024-11-25T14:50:47+00:00","dateModified":"2024-11-25T14:50:49+00:00","mainEntityOfPage":{"@id":"https:\/\/jornalfatosenoticias.com.br\/index.php\/2024\/11\/25\/sob-governo-lula-inflacao-fica-maior-para-mais-pobres-com-pressao-de-alimentos\/"},"wordCount":592,"commentCount":0,"publisher":{"@id":"https:\/\/jornalfatosenoticias.com.br\/#organization"},"image":{"@id":"https:\/\/jornalfatosenoticias.com.br\/index.php\/2024\/11\/25\/sob-governo-lula-inflacao-fica-maior-para-mais-pobres-com-pressao-de-alimentos\/#primaryimage"},"thumbnailUrl":"https:\/\/jornalfatosenoticias.com.br\/wp-content\/uploads\/2024\/11\/nine.jpg","keywords":["alimentos","Brasil","com\u00e9rcio","economia","governo","infla\u00e7\u00e3o","lojas","Lula","pobres","varejo"],"articleSection":["Economia","Pol\u00edtica"],"inLanguage":"pt-BR","potentialAction":[{"@type":"CommentAction","name":"Comment","target":["https:\/\/jornalfatosenoticias.com.br\/index.php\/2024\/11\/25\/sob-governo-lula-inflacao-fica-maior-para-mais-pobres-com-pressao-de-alimentos\/#respond"]}]},{"@type":"WebPage","@id":"https:\/\/jornalfatosenoticias.com.br\/index.php\/2024\/11\/25\/sob-governo-lula-inflacao-fica-maior-para-mais-pobres-com-pressao-de-alimentos\/","url":"https:\/\/jornalfatosenoticias.com.br\/index.php\/2024\/11\/25\/sob-governo-lula-inflacao-fica-maior-para-mais-pobres-com-pressao-de-alimentos\/","name":"Sob governo Lula, infla\u00e7\u00e3o fica maior para mais pobres com press\u00e3o de alimentos - Jornal Fatos e Not\u00edcias","isPartOf":{"@id":"https:\/\/jornalfatosenoticias.com.br\/#website"},"primaryImageOfPage":{"@id":"https:\/\/jornalfatosenoticias.com.br\/index.php\/2024\/11\/25\/sob-governo-lula-inflacao-fica-maior-para-mais-pobres-com-pressao-de-alimentos\/#primaryimage"},"image":{"@id":"https:\/\/jornalfatosenoticias.com.br\/index.php\/2024\/11\/25\/sob-governo-lula-inflacao-fica-maior-para-mais-pobres-com-pressao-de-alimentos\/#primaryimage"},"thumbnailUrl":"https:\/\/jornalfatosenoticias.com.br\/wp-content\/uploads\/2024\/11\/nine.jpg","datePublished":"2024-11-25T14:50:47+00:00","dateModified":"2024-11-25T14:50:49+00:00","breadcrumb":{"@id":"https:\/\/jornalfatosenoticias.com.br\/index.php\/2024\/11\/25\/sob-governo-lula-inflacao-fica-maior-para-mais-pobres-com-pressao-de-alimentos\/#breadcrumb"},"inLanguage":"pt-BR","potentialAction":[{"@type":"ReadAction","target":["https:\/\/jornalfatosenoticias.com.br\/index.php\/2024\/11\/25\/sob-governo-lula-inflacao-fica-maior-para-mais-pobres-com-pressao-de-alimentos\/"]}]},{"@type":"ImageObject","inLanguage":"pt-BR","@id":"https:\/\/jornalfatosenoticias.com.br\/index.php\/2024\/11\/25\/sob-governo-lula-inflacao-fica-maior-para-mais-pobres-com-pressao-de-alimentos\/#primaryimage","url":"https:\/\/jornalfatosenoticias.com.br\/wp-content\/uploads\/2024\/11\/nine.jpg","contentUrl":"https:\/\/jornalfatosenoticias.com.br\/wp-content\/uploads\/2024\/11\/nine.jpg","width":1000,"height":750},{"@type":"BreadcrumbList","@id":"https:\/\/jornalfatosenoticias.com.br\/index.php\/2024\/11\/25\/sob-governo-lula-inflacao-fica-maior-para-mais-pobres-com-pressao-de-alimentos\/#breadcrumb","itemListElement":[{"@type":"ListItem","position":1,"name":"In\u00edcio","item":"https:\/\/jornalfatosenoticias.com.br\/"},{"@type":"ListItem","position":2,"name":"Sob governo Lula, infla\u00e7\u00e3o fica maior para mais pobres com press\u00e3o de alimentos"}]},{"@type":"WebSite","@id":"https:\/\/jornalfatosenoticias.com.br\/#website","url":"https:\/\/jornalfatosenoticias.com.br\/","name":"Jornal Fatos e Not\u00edcias","description":"Not\u00edcias em geral","publisher":{"@id":"https:\/\/jornalfatosenoticias.com.br\/#organization"},"potentialAction":[{"@type":"SearchAction","target":{"@type":"EntryPoint","urlTemplate":"https:\/\/jornalfatosenoticias.com.br\/?s={search_term_string}"},"query-input":{"@type":"PropertyValueSpecification","valueRequired":true,"valueName":"search_term_string"}}],"inLanguage":"pt-BR"},{"@type":"Organization","@id":"https:\/\/jornalfatosenoticias.com.br\/#organization","name":"Jornal Fatos e Not\u00edcias","url":"https:\/\/jornalfatosenoticias.com.br\/","logo":{"@type":"ImageObject","inLanguage":"pt-BR","@id":"https:\/\/jornalfatosenoticias.com.br\/#\/schema\/logo\/image\/","url":"https:\/\/jornalfatosenoticias.com.br\/wp-content\/uploads\/2020\/02\/logo120.png","contentUrl":"https:\/\/jornalfatosenoticias.com.br\/wp-content\/uploads\/2020\/02\/logo120.png","width":1227,"height":120,"caption":"Jornal Fatos e Not\u00edcias"},"image":{"@id":"https:\/\/jornalfatosenoticias.com.br\/#\/schema\/logo\/image\/"}},{"@type":"Person","@id":"https:\/\/jornalfatosenoticias.com.br\/#\/schema\/person\/d63837fa13ac8666eb9e74e0985d6f81","name":"Luzimara Fernandes","image":{"@type":"ImageObject","inLanguage":"pt-BR","@id":"https:\/\/jornalfatosenoticias.com.br\/#\/schema\/person\/image\/","url":"https:\/\/jornalfatosenoticias.com.br\/wp-content\/uploads\/2025\/05\/EU_portal.jpg","contentUrl":"https:\/\/jornalfatosenoticias.com.br\/wp-content\/uploads\/2025\/05\/EU_portal.jpg","caption":"Luzimara Fernandes"},"description":"Jornalista MTB 2358-ES","sameAs":["https:\/\/jornalfatosenoticias.com.br"],"url":"https:\/\/jornalfatosenoticias.com.br\/index.php\/author\/luzimara\/"}]}},"cc_featured_image_caption":{"caption_text":"(Foto: F\u00e1bio Rodrigues Pozzebom\/ABr) ","source_text":"","source_url":""},"jetpack_featured_media_url":"https:\/\/jornalfatosenoticias.com.br\/wp-content\/uploads\/2024\/11\/nine.jpg","_links":{"self":[{"href":"https:\/\/jornalfatosenoticias.com.br\/index.php\/wp-json\/wp\/v2\/posts\/55899","targetHints":{"allow":["GET"]}}],"collection":[{"href":"https:\/\/jornalfatosenoticias.com.br\/index.php\/wp-json\/wp\/v2\/posts"}],"about":[{"href":"https:\/\/jornalfatosenoticias.com.br\/index.php\/wp-json\/wp\/v2\/types\/post"}],"author":[{"embeddable":true,"href":"https:\/\/jornalfatosenoticias.com.br\/index.php\/wp-json\/wp\/v2\/users\/2"}],"replies":[{"embeddable":true,"href":"https:\/\/jornalfatosenoticias.com.br\/index.php\/wp-json\/wp\/v2\/comments?post=55899"}],"version-history":[{"count":0,"href":"https:\/\/jornalfatosenoticias.com.br\/index.php\/wp-json\/wp\/v2\/posts\/55899\/revisions"}],"wp:featuredmedia":[{"embeddable":true,"href":"https:\/\/jornalfatosenoticias.com.br\/index.php\/wp-json\/wp\/v2\/media\/55901"}],"wp:attachment":[{"href":"https:\/\/jornalfatosenoticias.com.br\/index.php\/wp-json\/wp\/v2\/media?parent=55899"}],"wp:term":[{"taxonomy":"category","embeddable":true,"href":"https:\/\/jornalfatosenoticias.com.br\/index.php\/wp-json\/wp\/v2\/categories?post=55899"},{"taxonomy":"post_tag","embeddable":true,"href":"https:\/\/jornalfatosenoticias.com.br\/index.php\/wp-json\/wp\/v2\/tags?post=55899"}],"curies":[{"name":"wp","href":"https:\/\/api.w.org\/{rel}","templated":true}]}}