{"id":55940,"date":"2024-11-26T10:41:38","date_gmt":"2024-11-26T13:41:38","guid":{"rendered":"https:\/\/jornalfatosenoticias.com.br\/?p=55940"},"modified":"2024-11-26T10:41:39","modified_gmt":"2024-11-26T13:41:39","slug":"diante-da-ameaca-russa-alemanha-planeja-expandir-bunkers-para-proteger-civis-em-caso-de-conflito","status":"publish","type":"post","link":"https:\/\/jornalfatosenoticias.com.br\/index.php\/2024\/11\/26\/diante-da-ameaca-russa-alemanha-planeja-expandir-bunkers-para-proteger-civis-em-caso-de-conflito\/","title":{"rendered":"Diante da amea\u00e7a russa, Alemanha planeja expandir bunkers para proteger civis em caso de conflito"},"content":{"rendered":"\n<p><em><span class=\"has-inline-color has-black-color\">Chanceler alem\u00e3o, Olaf Scholz<\/span><\/em><\/p>\n\n\n\n<p><span class=\"has-inline-color has-black-color\">Por <strong><a href=\"https:\/\/www.gazetadopovo.com.br\/autor\/john-lucas\/\" rel=\"sponsored nofollow\">John Lucas<\/a><\/strong><\/span><\/p>\n\n\n\n<div class=\"wp-block-image\"><figure class=\"aligncenter size-large\"><a href=\"https:\/\/www.instagram.com\/vmais.midias\/\"><img loading=\"lazy\" decoding=\"async\" width=\"1024\" height=\"110\" src=\"https:\/\/jornalfatosenoticias.com.br\/wp-content\/uploads\/2020\/02\/DE-MAIS-DESTAQUE-VMAIS-1120X120-1024x110.png\" alt=\"\" class=\"wp-image-53110\" srcset=\"https:\/\/jornalfatosenoticias.com.br\/wp-content\/uploads\/2020\/02\/DE-MAIS-DESTAQUE-VMAIS-1120X120-1024x110.png 1024w, https:\/\/jornalfatosenoticias.com.br\/wp-content\/uploads\/2020\/02\/DE-MAIS-DESTAQUE-VMAIS-1120X120-300x32.png 300w, https:\/\/jornalfatosenoticias.com.br\/wp-content\/uploads\/2020\/02\/DE-MAIS-DESTAQUE-VMAIS-1120X120-768x82.png 768w, https:\/\/jornalfatosenoticias.com.br\/wp-content\/uploads\/2020\/02\/DE-MAIS-DESTAQUE-VMAIS-1120X120.png 1120w\" sizes=\"auto, (max-width: 1024px) 100vw, 1024px\" \/><\/a><\/figure><\/div>\n\n\n\n<p>Em meio ao agravamento das tens\u00f5es na Ucr\u00e2nia e ao receio de um eventual conflito com a R\u00fassia, a Alemanha anunciou planos para ampliar o n\u00famero de bunkers e abrigos de emerg\u00eancia no pa\u00eds. A medida, amplamente noticiada pela m\u00eddia europeia nesta segunda-feira (25), visa refor\u00e7ar a prote\u00e7\u00e3o civil, permitindo que os cidad\u00e3os encontrem ref\u00fagio rapidamente em caso de um eventual ataque russo.<br>Segundo o jornal alem\u00e3o Der Spiegel, um porta-voz do Minist\u00e9rio do Interior do pa\u00eds afirmou que o governo j\u00e1 est\u00e1 trabalhando em um projeto a longo prazo que contar\u00e1 com uma lista detalhada de instala\u00e7\u00f5es p\u00fablicas e privadas que possam ser adaptadas como abrigos em caso de conflito. Entre os locais citados est\u00e3o esta\u00e7\u00f5es de metr\u00f4, estacionamentos subterr\u00e2neos e por\u00f5es. A iniciativa tamb\u00e9m prev\u00ea o desenvolvimento de um aplicativo que indicar\u00e1 o caminho mais r\u00e1pido para os abrigos mais pr\u00f3ximos. Al\u00e9m disso, o governo encorajar\u00e1 os cidad\u00e3os a adaptarem seus pr\u00f3prios por\u00f5es e garagens para uso como abrigos emergenciais.<\/p>\n\n\n\n<div class=\"wp-block-image\"><figure class=\"aligncenter size-large is-resized\"><a href=\"https:\/\/www.instagram.com\/esteiochurrascaria\/\"><img loading=\"lazy\" decoding=\"async\" src=\"https:\/\/jornalfatosenoticias.com.br\/wp-content\/uploads\/2022\/02\/LOGO-ESTEIO-1024x730.png\" alt=\"\" class=\"wp-image-27942\" width=\"334\" height=\"238\" srcset=\"https:\/\/jornalfatosenoticias.com.br\/wp-content\/uploads\/2022\/02\/LOGO-ESTEIO-1024x730.png 1024w, https:\/\/jornalfatosenoticias.com.br\/wp-content\/uploads\/2022\/02\/LOGO-ESTEIO-300x214.png 300w, https:\/\/jornalfatosenoticias.com.br\/wp-content\/uploads\/2022\/02\/LOGO-ESTEIO-768x548.png 768w, https:\/\/jornalfatosenoticias.com.br\/wp-content\/uploads\/2022\/02\/LOGO-ESTEIO.png 1123w\" sizes=\"auto, (max-width: 334px) 100vw, 334px\" \/><\/a><\/figure><\/div>\n\n\n\n<blockquote class=\"wp-block-quote is-layout-flow wp-block-quote-is-layout-flow\"><p><span class=\"has-inline-color has-luminous-vivid-orange-color\">Trata-se de garantir que esses locais sejam rapidamente acess\u00edveis \u00e0s pessoas\u201d, afirmou o porta-voz.<\/span><\/p><\/blockquote>\n\n\n\n<div class=\"wp-block-image\"><figure class=\"aligncenter size-large is-resized\"><a href=\"https:\/\/www.legisjuris.com.br\/\"><img loading=\"lazy\" decoding=\"async\" src=\"https:\/\/jornalfatosenoticias.com.br\/wp-content\/uploads\/2024\/09\/Legis-Juris-Consultoria_logo.jpg\" alt=\"\" class=\"wp-image-53915\" width=\"458\" height=\"192\" srcset=\"https:\/\/jornalfatosenoticias.com.br\/wp-content\/uploads\/2024\/09\/Legis-Juris-Consultoria_logo.jpg 969w, https:\/\/jornalfatosenoticias.com.br\/wp-content\/uploads\/2024\/09\/Legis-Juris-Consultoria_logo-300x126.jpg 300w, https:\/\/jornalfatosenoticias.com.br\/wp-content\/uploads\/2024\/09\/Legis-Juris-Consultoria_logo-768x322.jpg 768w\" sizes=\"auto, (max-width: 458px) 100vw, 458px\" \/><\/a><\/figure><\/div>\n\n\n\n<p>Atualmente, a Alemanha possui apenas 579 bunkers operacionais, um n\u00famero drasticamente reduzido em compara\u00e7\u00e3o aos cerca de dois mil existentes durante a Guerra Fria. Tais abrigos s\u00e3o capazes de acomodar aproximadamente 480 mil pessoas, o que representa apenas uma pequena fra\u00e7\u00e3o da popula\u00e7\u00e3o total de 84 milh\u00f5es de habitantes. <\/p>\n\n\n\n<div class=\"wp-block-image\"><figure class=\"aligncenter size-large is-resized\"><a href=\"https:\/\/www.ithbrasil.com.br\/\"><img loading=\"lazy\" decoding=\"async\" src=\"https:\/\/jornalfatosenoticias.com.br\/wp-content\/uploads\/2023\/08\/ITH.jpeg\" alt=\"\" class=\"wp-image-44638\" width=\"328\" height=\"266\" srcset=\"https:\/\/jornalfatosenoticias.com.br\/wp-content\/uploads\/2023\/08\/ITH.jpeg 800w, https:\/\/jornalfatosenoticias.com.br\/wp-content\/uploads\/2023\/08\/ITH-300x244.jpeg 300w, https:\/\/jornalfatosenoticias.com.br\/wp-content\/uploads\/2023\/08\/ITH-768x624.jpeg 768w\" sizes=\"auto, (max-width: 328px) 100vw, 328px\" \/><\/a><\/figure><\/div>\n\n\n\n<p>Segundo o jornal brit\u00e2nico <strong><em>The Guardian,<\/em><\/strong> o porta-voz explicou que a ideia da Alemanha \u00e9 aumentar nos pr\u00f3ximos anos o n\u00famero de abrigos e criar um conceito de prote\u00e7\u00e3o civil abrangente para atender \u00e0s demandas atuais. O governo acredita que este processo demandar\u00e1 uma ampla coordena\u00e7\u00e3o entre as autoridades e levar\u00e1 tempo.<\/p>\n\n\n\n<div class=\"wp-block-image\"><figure class=\"aligncenter size-large is-resized\"><a href=\"https:\/\/hotelmarquetti.com.br\/\"><img loading=\"lazy\" decoding=\"async\" src=\"https:\/\/jornalfatosenoticias.com.br\/wp-content\/uploads\/2023\/03\/nova-logo-Marquetti.jpg\" alt=\"\" class=\"wp-image-40207\" width=\"325\" height=\"218\" srcset=\"https:\/\/jornalfatosenoticias.com.br\/wp-content\/uploads\/2023\/03\/nova-logo-Marquetti.jpg 643w, https:\/\/jornalfatosenoticias.com.br\/wp-content\/uploads\/2023\/03\/nova-logo-Marquetti-300x202.jpg 300w\" sizes=\"auto, (max-width: 325px) 100vw, 325px\" \/><\/a><\/figure><\/div>\n\n\n\n<p>As preocupa\u00e7\u00f5es da Alemanha com a R\u00fassia cresceram desde que o ditador Vladimir Putin decidiu invadir a Ucr\u00e2nia em 2022. De acordo com o <strong><em>Guardian,<\/em><\/strong> chefes de intelig\u00eancia da Alemanha alertaram que Moscou poderia estar apta a atacar membros da Organiza\u00e7\u00e3o do Tratado do Atl\u00e2ntico Norte (Otan) at\u00e9 2030.<\/p>\n\n\n\n<div class=\"wp-block-image\"><figure class=\"aligncenter size-large is-resized\"><a href=\"https:\/\/www.facebook.com\/profile.php?id=100069289606145\"><img loading=\"lazy\" decoding=\"async\" src=\"https:\/\/jornalfatosenoticias.com.br\/wp-content\/uploads\/2024\/11\/Guaitolini-Contabilidade-1024x714.jpeg\" alt=\"\" class=\"wp-image-55808\" width=\"388\" height=\"270\" srcset=\"https:\/\/jornalfatosenoticias.com.br\/wp-content\/uploads\/2024\/11\/Guaitolini-Contabilidade-1024x714.jpeg 1024w, https:\/\/jornalfatosenoticias.com.br\/wp-content\/uploads\/2024\/11\/Guaitolini-Contabilidade-300x209.jpeg 300w, https:\/\/jornalfatosenoticias.com.br\/wp-content\/uploads\/2024\/11\/Guaitolini-Contabilidade-768x535.jpeg 768w, https:\/\/jornalfatosenoticias.com.br\/wp-content\/uploads\/2024\/11\/Guaitolini-Contabilidade.jpeg 1280w\" sizes=\"auto, (max-width: 388px) 100vw, 388px\" \/><\/a><\/figure><\/div>\n\n\n\n<p>N\u00e3o \u00e9 apenas a Alemanha que est\u00e1 refor\u00e7ando sua prepara\u00e7\u00e3o civil. Pa\u00edses como Su\u00e9cia, Finl\u00e2ndia, Noruega e Dinamarca tamb\u00e9m t\u00eam implementado campanhas de conscientiza\u00e7\u00e3o e fortalecimento de infraestruturas de defesa, prevendo a possibilidade de um avan\u00e7o russo sobre o continente europeu. Na \u00faltima quarta-feira (20), o jornal <strong><em>New York Post<\/em><\/strong> revelou que a Alemanha tamb\u00e9m j\u00e1 possui um plano para viabilizar a mobiliza\u00e7\u00e3o de at\u00e9 800 mil soldados da Otan atrav\u00e9s de seu territ\u00f3rio, caso a R\u00fassia inicie um ataque.<\/p>\n\n\n\n<div class=\"wp-block-image\"><figure class=\"aligncenter size-large is-resized\"><a href=\"https:\/\/www.facebook.com\/vetor.vix\/\"><img loading=\"lazy\" decoding=\"async\" src=\"https:\/\/jornalfatosenoticias.com.br\/wp-content\/uploads\/2023\/09\/vetorvix1024_1.jpg\" alt=\"\" class=\"wp-image-44868\" width=\"543\" height=\"144\" srcset=\"https:\/\/jornalfatosenoticias.com.br\/wp-content\/uploads\/2023\/09\/vetorvix1024_1.jpg 1024w, https:\/\/jornalfatosenoticias.com.br\/wp-content\/uploads\/2023\/09\/vetorvix1024_1-300x80.jpg 300w, https:\/\/jornalfatosenoticias.com.br\/wp-content\/uploads\/2023\/09\/vetorvix1024_1-768x205.jpg 768w\" sizes=\"auto, (max-width: 543px) 100vw, 543px\" \/><\/a><\/figure><\/div>\n\n\n\n<p><strong><em>Fonte: <a href=\"https:\/\/www.gazetadopovo.com.br\/mundo\/diante-da-ameaca-russa-alemanha-planeja-expandir-bunkers-para-proteger-civis-em-caso-de-conflito\/\">Gazeta do Povo<\/a><\/em><\/strong><\/p>\n","protected":false},"excerpt":{"rendered":"<p>Chanceler alem\u00e3o, Olaf Scholz Por John Lucas Em meio ao agravamento das tens\u00f5es na Ucr\u00e2nia e ao receio de um eventual conflito com a R\u00fassia, a Alemanha anunciou planos para ampliar o n\u00famero de bunkers e abrigos de emerg\u00eancia no pa\u00eds. A medida, amplamente noticiada pela m\u00eddia europeia nesta segunda-feira (25), visa refor\u00e7ar a prote\u00e7\u00e3o [&hellip;]<\/p>\n","protected":false},"author":2,"featured_media":55941,"comment_status":"open","ping_status":"open","sticky":false,"template":"","format":"standard","meta":{"footnotes":""},"categories":[41],"tags":[417,2478,125,25515,25514,13462,991,1920],"class_list":["post-55940","post","type-post","status-publish","format-standard","has-post-thumbnail","hentry","category-internacional","tag-alemanha","tag-conflito","tag-europa","tag-guerra-mundial","tag-olaf-scholz","tag-otan","tag-russia","tag-vladimir-putin"],"yoast_head":"<!-- This site is optimized with the Yoast SEO plugin v26.5 - https:\/\/yoast.com\/wordpress\/plugins\/seo\/ -->\n<title>Diante da amea\u00e7a russa, Alemanha planeja expandir bunkers para proteger civis em caso de conflito - Jornal Fatos e Not\u00edcias<\/title>\n<meta name=\"robots\" content=\"index, follow, max-snippet:-1, max-image-preview:large, max-video-preview:-1\" \/>\n<link rel=\"canonical\" href=\"https:\/\/jornalfatosenoticias.com.br\/index.php\/2024\/11\/26\/diante-da-ameaca-russa-alemanha-planeja-expandir-bunkers-para-proteger-civis-em-caso-de-conflito\/\" \/>\n<meta property=\"og:locale\" content=\"pt_BR\" \/>\n<meta property=\"og:type\" content=\"article\" \/>\n<meta property=\"og:title\" content=\"Diante da amea\u00e7a russa, Alemanha planeja expandir bunkers para proteger civis em caso de conflito - Jornal Fatos e Not\u00edcias\" \/>\n<meta property=\"og:description\" content=\"Chanceler alem\u00e3o, Olaf Scholz Por John Lucas Em meio ao agravamento das tens\u00f5es na Ucr\u00e2nia e ao receio de um eventual conflito com a R\u00fassia, a Alemanha anunciou planos para ampliar o n\u00famero de bunkers e abrigos de emerg\u00eancia no pa\u00eds. A medida, amplamente noticiada pela m\u00eddia europeia nesta segunda-feira (25), visa refor\u00e7ar a prote\u00e7\u00e3o [&hellip;]\" \/>\n<meta property=\"og:url\" content=\"https:\/\/jornalfatosenoticias.com.br\/index.php\/2024\/11\/26\/diante-da-ameaca-russa-alemanha-planeja-expandir-bunkers-para-proteger-civis-em-caso-de-conflito\/\" \/>\n<meta property=\"og:site_name\" content=\"Jornal Fatos e Not\u00edcias\" \/>\n<meta property=\"article:published_time\" content=\"2024-11-26T13:41:38+00:00\" \/>\n<meta property=\"article:modified_time\" content=\"2024-11-26T13:41:39+00:00\" \/>\n<meta property=\"og:image\" content=\"https:\/\/jornalfatosenoticias.com.br\/wp-content\/uploads\/2024\/11\/chanceler-alemao-Olaf-Scholz_gettyimages.jpg\" \/>\n\t<meta property=\"og:image:width\" content=\"612\" \/>\n\t<meta property=\"og:image:height\" content=\"408\" \/>\n\t<meta property=\"og:image:type\" content=\"image\/jpeg\" \/>\n<meta name=\"author\" content=\"Luzimara Fernandes\" \/>\n<meta name=\"twitter:card\" content=\"summary_large_image\" \/>\n<meta name=\"twitter:label1\" content=\"Escrito por\" \/>\n\t<meta name=\"twitter:data1\" content=\"Luzimara Fernandes\" \/>\n\t<meta name=\"twitter:label2\" content=\"Est. tempo de leitura\" \/>\n\t<meta name=\"twitter:data2\" content=\"2 minutos\" \/>\n<script type=\"application\/ld+json\" class=\"yoast-schema-graph\">{\"@context\":\"https:\/\/schema.org\",\"@graph\":[{\"@type\":\"Article\",\"@id\":\"https:\/\/jornalfatosenoticias.com.br\/index.php\/2024\/11\/26\/diante-da-ameaca-russa-alemanha-planeja-expandir-bunkers-para-proteger-civis-em-caso-de-conflito\/#article\",\"isPartOf\":{\"@id\":\"https:\/\/jornalfatosenoticias.com.br\/index.php\/2024\/11\/26\/diante-da-ameaca-russa-alemanha-planeja-expandir-bunkers-para-proteger-civis-em-caso-de-conflito\/\"},\"author\":{\"name\":\"Luzimara Fernandes\",\"@id\":\"https:\/\/jornalfatosenoticias.com.br\/#\/schema\/person\/d63837fa13ac8666eb9e74e0985d6f81\"},\"headline\":\"Diante da amea\u00e7a russa, Alemanha planeja expandir bunkers para proteger civis em caso de conflito\",\"datePublished\":\"2024-11-26T13:41:38+00:00\",\"dateModified\":\"2024-11-26T13:41:39+00:00\",\"mainEntityOfPage\":{\"@id\":\"https:\/\/jornalfatosenoticias.com.br\/index.php\/2024\/11\/26\/diante-da-ameaca-russa-alemanha-planeja-expandir-bunkers-para-proteger-civis-em-caso-de-conflito\/\"},\"wordCount\":484,\"commentCount\":0,\"publisher\":{\"@id\":\"https:\/\/jornalfatosenoticias.com.br\/#organization\"},\"image\":{\"@id\":\"https:\/\/jornalfatosenoticias.com.br\/index.php\/2024\/11\/26\/diante-da-ameaca-russa-alemanha-planeja-expandir-bunkers-para-proteger-civis-em-caso-de-conflito\/#primaryimage\"},\"thumbnailUrl\":\"https:\/\/jornalfatosenoticias.com.br\/wp-content\/uploads\/2024\/11\/chanceler-alemao-Olaf-Scholz_gettyimages.jpg\",\"keywords\":[\"Alemanha\",\"conflito\",\"Europa\",\"Guerra Mundial\",\"Olaf Scholz\",\"Otan\",\"R\u00fassia\",\"Vladimir Putin\"],\"articleSection\":[\"Internacional\"],\"inLanguage\":\"pt-BR\",\"potentialAction\":[{\"@type\":\"CommentAction\",\"name\":\"Comment\",\"target\":[\"https:\/\/jornalfatosenoticias.com.br\/index.php\/2024\/11\/26\/diante-da-ameaca-russa-alemanha-planeja-expandir-bunkers-para-proteger-civis-em-caso-de-conflito\/#respond\"]}]},{\"@type\":\"WebPage\",\"@id\":\"https:\/\/jornalfatosenoticias.com.br\/index.php\/2024\/11\/26\/diante-da-ameaca-russa-alemanha-planeja-expandir-bunkers-para-proteger-civis-em-caso-de-conflito\/\",\"url\":\"https:\/\/jornalfatosenoticias.com.br\/index.php\/2024\/11\/26\/diante-da-ameaca-russa-alemanha-planeja-expandir-bunkers-para-proteger-civis-em-caso-de-conflito\/\",\"name\":\"Diante da amea\u00e7a russa, Alemanha planeja expandir bunkers para proteger civis em caso de conflito - Jornal Fatos e Not\u00edcias\",\"isPartOf\":{\"@id\":\"https:\/\/jornalfatosenoticias.com.br\/#website\"},\"primaryImageOfPage\":{\"@id\":\"https:\/\/jornalfatosenoticias.com.br\/index.php\/2024\/11\/26\/diante-da-ameaca-russa-alemanha-planeja-expandir-bunkers-para-proteger-civis-em-caso-de-conflito\/#primaryimage\"},\"image\":{\"@id\":\"https:\/\/jornalfatosenoticias.com.br\/index.php\/2024\/11\/26\/diante-da-ameaca-russa-alemanha-planeja-expandir-bunkers-para-proteger-civis-em-caso-de-conflito\/#primaryimage\"},\"thumbnailUrl\":\"https:\/\/jornalfatosenoticias.com.br\/wp-content\/uploads\/2024\/11\/chanceler-alemao-Olaf-Scholz_gettyimages.jpg\",\"datePublished\":\"2024-11-26T13:41:38+00:00\",\"dateModified\":\"2024-11-26T13:41:39+00:00\",\"breadcrumb\":{\"@id\":\"https:\/\/jornalfatosenoticias.com.br\/index.php\/2024\/11\/26\/diante-da-ameaca-russa-alemanha-planeja-expandir-bunkers-para-proteger-civis-em-caso-de-conflito\/#breadcrumb\"},\"inLanguage\":\"pt-BR\",\"potentialAction\":[{\"@type\":\"ReadAction\",\"target\":[\"https:\/\/jornalfatosenoticias.com.br\/index.php\/2024\/11\/26\/diante-da-ameaca-russa-alemanha-planeja-expandir-bunkers-para-proteger-civis-em-caso-de-conflito\/\"]}]},{\"@type\":\"ImageObject\",\"inLanguage\":\"pt-BR\",\"@id\":\"https:\/\/jornalfatosenoticias.com.br\/index.php\/2024\/11\/26\/diante-da-ameaca-russa-alemanha-planeja-expandir-bunkers-para-proteger-civis-em-caso-de-conflito\/#primaryimage\",\"url\":\"https:\/\/jornalfatosenoticias.com.br\/wp-content\/uploads\/2024\/11\/chanceler-alemao-Olaf-Scholz_gettyimages.jpg\",\"contentUrl\":\"https:\/\/jornalfatosenoticias.com.br\/wp-content\/uploads\/2024\/11\/chanceler-alemao-Olaf-Scholz_gettyimages.jpg\",\"width\":612,\"height\":408,\"caption\":\"22 November 2024, Berlin: Olaf Scholz (SPD), Federal Chancellor, speaks at the 19th DEMO Municipal Congress. Photo: Hannes P. Albert\/dpa (Photo by Hannes P Albert\/picture alliance via Getty Images)\"},{\"@type\":\"BreadcrumbList\",\"@id\":\"https:\/\/jornalfatosenoticias.com.br\/index.php\/2024\/11\/26\/diante-da-ameaca-russa-alemanha-planeja-expandir-bunkers-para-proteger-civis-em-caso-de-conflito\/#breadcrumb\",\"itemListElement\":[{\"@type\":\"ListItem\",\"position\":1,\"name\":\"In\u00edcio\",\"item\":\"https:\/\/jornalfatosenoticias.com.br\/\"},{\"@type\":\"ListItem\",\"position\":2,\"name\":\"Diante da amea\u00e7a russa, Alemanha planeja expandir bunkers para proteger civis em caso de conflito\"}]},{\"@type\":\"WebSite\",\"@id\":\"https:\/\/jornalfatosenoticias.com.br\/#website\",\"url\":\"https:\/\/jornalfatosenoticias.com.br\/\",\"name\":\"Jornal Fatos e Not\u00edcias\",\"description\":\"Not\u00edcias em geral\",\"publisher\":{\"@id\":\"https:\/\/jornalfatosenoticias.com.br\/#organization\"},\"potentialAction\":[{\"@type\":\"SearchAction\",\"target\":{\"@type\":\"EntryPoint\",\"urlTemplate\":\"https:\/\/jornalfatosenoticias.com.br\/?s={search_term_string}\"},\"query-input\":{\"@type\":\"PropertyValueSpecification\",\"valueRequired\":true,\"valueName\":\"search_term_string\"}}],\"inLanguage\":\"pt-BR\"},{\"@type\":\"Organization\",\"@id\":\"https:\/\/jornalfatosenoticias.com.br\/#organization\",\"name\":\"Jornal Fatos e Not\u00edcias\",\"url\":\"https:\/\/jornalfatosenoticias.com.br\/\",\"logo\":{\"@type\":\"ImageObject\",\"inLanguage\":\"pt-BR\",\"@id\":\"https:\/\/jornalfatosenoticias.com.br\/#\/schema\/logo\/image\/\",\"url\":\"https:\/\/jornalfatosenoticias.com.br\/wp-content\/uploads\/2020\/02\/logo120.png\",\"contentUrl\":\"https:\/\/jornalfatosenoticias.com.br\/wp-content\/uploads\/2020\/02\/logo120.png\",\"width\":1227,\"height\":120,\"caption\":\"Jornal Fatos e Not\u00edcias\"},\"image\":{\"@id\":\"https:\/\/jornalfatosenoticias.com.br\/#\/schema\/logo\/image\/\"}},{\"@type\":\"Person\",\"@id\":\"https:\/\/jornalfatosenoticias.com.br\/#\/schema\/person\/d63837fa13ac8666eb9e74e0985d6f81\",\"name\":\"Luzimara Fernandes\",\"image\":{\"@type\":\"ImageObject\",\"inLanguage\":\"pt-BR\",\"@id\":\"https:\/\/jornalfatosenoticias.com.br\/#\/schema\/person\/image\/\",\"url\":\"https:\/\/jornalfatosenoticias.com.br\/wp-content\/uploads\/2025\/05\/EU_portal.jpg\",\"contentUrl\":\"https:\/\/jornalfatosenoticias.com.br\/wp-content\/uploads\/2025\/05\/EU_portal.jpg\",\"caption\":\"Luzimara Fernandes\"},\"description\":\"Jornalista MTB 2358-ES\",\"sameAs\":[\"https:\/\/jornalfatosenoticias.com.br\"],\"url\":\"https:\/\/jornalfatosenoticias.com.br\/index.php\/author\/luzimara\/\"}]}<\/script>\n<!-- \/ Yoast SEO plugin. -->","yoast_head_json":{"title":"Diante da amea\u00e7a russa, Alemanha planeja expandir bunkers para proteger civis em caso de conflito - Jornal Fatos e Not\u00edcias","robots":{"index":"index","follow":"follow","max-snippet":"max-snippet:-1","max-image-preview":"max-image-preview:large","max-video-preview":"max-video-preview:-1"},"canonical":"https:\/\/jornalfatosenoticias.com.br\/index.php\/2024\/11\/26\/diante-da-ameaca-russa-alemanha-planeja-expandir-bunkers-para-proteger-civis-em-caso-de-conflito\/","og_locale":"pt_BR","og_type":"article","og_title":"Diante da amea\u00e7a russa, Alemanha planeja expandir bunkers para proteger civis em caso de conflito - Jornal Fatos e Not\u00edcias","og_description":"Chanceler alem\u00e3o, Olaf Scholz Por John Lucas Em meio ao agravamento das tens\u00f5es na Ucr\u00e2nia e ao receio de um eventual conflito com a R\u00fassia, a Alemanha anunciou planos para ampliar o n\u00famero de bunkers e abrigos de emerg\u00eancia no pa\u00eds. A medida, amplamente noticiada pela m\u00eddia europeia nesta segunda-feira (25), visa refor\u00e7ar a prote\u00e7\u00e3o [&hellip;]","og_url":"https:\/\/jornalfatosenoticias.com.br\/index.php\/2024\/11\/26\/diante-da-ameaca-russa-alemanha-planeja-expandir-bunkers-para-proteger-civis-em-caso-de-conflito\/","og_site_name":"Jornal Fatos e Not\u00edcias","article_published_time":"2024-11-26T13:41:38+00:00","article_modified_time":"2024-11-26T13:41:39+00:00","og_image":[{"width":612,"height":408,"url":"https:\/\/jornalfatosenoticias.com.br\/wp-content\/uploads\/2024\/11\/chanceler-alemao-Olaf-Scholz_gettyimages.jpg","type":"image\/jpeg"}],"author":"Luzimara Fernandes","twitter_card":"summary_large_image","twitter_misc":{"Escrito por":"Luzimara Fernandes","Est. tempo de leitura":"2 minutos"},"schema":{"@context":"https:\/\/schema.org","@graph":[{"@type":"Article","@id":"https:\/\/jornalfatosenoticias.com.br\/index.php\/2024\/11\/26\/diante-da-ameaca-russa-alemanha-planeja-expandir-bunkers-para-proteger-civis-em-caso-de-conflito\/#article","isPartOf":{"@id":"https:\/\/jornalfatosenoticias.com.br\/index.php\/2024\/11\/26\/diante-da-ameaca-russa-alemanha-planeja-expandir-bunkers-para-proteger-civis-em-caso-de-conflito\/"},"author":{"name":"Luzimara Fernandes","@id":"https:\/\/jornalfatosenoticias.com.br\/#\/schema\/person\/d63837fa13ac8666eb9e74e0985d6f81"},"headline":"Diante da amea\u00e7a russa, Alemanha planeja expandir bunkers para proteger civis em caso de conflito","datePublished":"2024-11-26T13:41:38+00:00","dateModified":"2024-11-26T13:41:39+00:00","mainEntityOfPage":{"@id":"https:\/\/jornalfatosenoticias.com.br\/index.php\/2024\/11\/26\/diante-da-ameaca-russa-alemanha-planeja-expandir-bunkers-para-proteger-civis-em-caso-de-conflito\/"},"wordCount":484,"commentCount":0,"publisher":{"@id":"https:\/\/jornalfatosenoticias.com.br\/#organization"},"image":{"@id":"https:\/\/jornalfatosenoticias.com.br\/index.php\/2024\/11\/26\/diante-da-ameaca-russa-alemanha-planeja-expandir-bunkers-para-proteger-civis-em-caso-de-conflito\/#primaryimage"},"thumbnailUrl":"https:\/\/jornalfatosenoticias.com.br\/wp-content\/uploads\/2024\/11\/chanceler-alemao-Olaf-Scholz_gettyimages.jpg","keywords":["Alemanha","conflito","Europa","Guerra Mundial","Olaf Scholz","Otan","R\u00fassia","Vladimir Putin"],"articleSection":["Internacional"],"inLanguage":"pt-BR","potentialAction":[{"@type":"CommentAction","name":"Comment","target":["https:\/\/jornalfatosenoticias.com.br\/index.php\/2024\/11\/26\/diante-da-ameaca-russa-alemanha-planeja-expandir-bunkers-para-proteger-civis-em-caso-de-conflito\/#respond"]}]},{"@type":"WebPage","@id":"https:\/\/jornalfatosenoticias.com.br\/index.php\/2024\/11\/26\/diante-da-ameaca-russa-alemanha-planeja-expandir-bunkers-para-proteger-civis-em-caso-de-conflito\/","url":"https:\/\/jornalfatosenoticias.com.br\/index.php\/2024\/11\/26\/diante-da-ameaca-russa-alemanha-planeja-expandir-bunkers-para-proteger-civis-em-caso-de-conflito\/","name":"Diante da amea\u00e7a russa, Alemanha planeja expandir bunkers para proteger civis em caso de conflito - Jornal Fatos e Not\u00edcias","isPartOf":{"@id":"https:\/\/jornalfatosenoticias.com.br\/#website"},"primaryImageOfPage":{"@id":"https:\/\/jornalfatosenoticias.com.br\/index.php\/2024\/11\/26\/diante-da-ameaca-russa-alemanha-planeja-expandir-bunkers-para-proteger-civis-em-caso-de-conflito\/#primaryimage"},"image":{"@id":"https:\/\/jornalfatosenoticias.com.br\/index.php\/2024\/11\/26\/diante-da-ameaca-russa-alemanha-planeja-expandir-bunkers-para-proteger-civis-em-caso-de-conflito\/#primaryimage"},"thumbnailUrl":"https:\/\/jornalfatosenoticias.com.br\/wp-content\/uploads\/2024\/11\/chanceler-alemao-Olaf-Scholz_gettyimages.jpg","datePublished":"2024-11-26T13:41:38+00:00","dateModified":"2024-11-26T13:41:39+00:00","breadcrumb":{"@id":"https:\/\/jornalfatosenoticias.com.br\/index.php\/2024\/11\/26\/diante-da-ameaca-russa-alemanha-planeja-expandir-bunkers-para-proteger-civis-em-caso-de-conflito\/#breadcrumb"},"inLanguage":"pt-BR","potentialAction":[{"@type":"ReadAction","target":["https:\/\/jornalfatosenoticias.com.br\/index.php\/2024\/11\/26\/diante-da-ameaca-russa-alemanha-planeja-expandir-bunkers-para-proteger-civis-em-caso-de-conflito\/"]}]},{"@type":"ImageObject","inLanguage":"pt-BR","@id":"https:\/\/jornalfatosenoticias.com.br\/index.php\/2024\/11\/26\/diante-da-ameaca-russa-alemanha-planeja-expandir-bunkers-para-proteger-civis-em-caso-de-conflito\/#primaryimage","url":"https:\/\/jornalfatosenoticias.com.br\/wp-content\/uploads\/2024\/11\/chanceler-alemao-Olaf-Scholz_gettyimages.jpg","contentUrl":"https:\/\/jornalfatosenoticias.com.br\/wp-content\/uploads\/2024\/11\/chanceler-alemao-Olaf-Scholz_gettyimages.jpg","width":612,"height":408,"caption":"22 November 2024, Berlin: Olaf Scholz (SPD), Federal Chancellor, speaks at the 19th DEMO Municipal Congress. Photo: Hannes P. Albert\/dpa (Photo by Hannes P Albert\/picture alliance via Getty Images)"},{"@type":"BreadcrumbList","@id":"https:\/\/jornalfatosenoticias.com.br\/index.php\/2024\/11\/26\/diante-da-ameaca-russa-alemanha-planeja-expandir-bunkers-para-proteger-civis-em-caso-de-conflito\/#breadcrumb","itemListElement":[{"@type":"ListItem","position":1,"name":"In\u00edcio","item":"https:\/\/jornalfatosenoticias.com.br\/"},{"@type":"ListItem","position":2,"name":"Diante da amea\u00e7a russa, Alemanha planeja expandir bunkers para proteger civis em caso de conflito"}]},{"@type":"WebSite","@id":"https:\/\/jornalfatosenoticias.com.br\/#website","url":"https:\/\/jornalfatosenoticias.com.br\/","name":"Jornal Fatos e Not\u00edcias","description":"Not\u00edcias em geral","publisher":{"@id":"https:\/\/jornalfatosenoticias.com.br\/#organization"},"potentialAction":[{"@type":"SearchAction","target":{"@type":"EntryPoint","urlTemplate":"https:\/\/jornalfatosenoticias.com.br\/?s={search_term_string}"},"query-input":{"@type":"PropertyValueSpecification","valueRequired":true,"valueName":"search_term_string"}}],"inLanguage":"pt-BR"},{"@type":"Organization","@id":"https:\/\/jornalfatosenoticias.com.br\/#organization","name":"Jornal Fatos e Not\u00edcias","url":"https:\/\/jornalfatosenoticias.com.br\/","logo":{"@type":"ImageObject","inLanguage":"pt-BR","@id":"https:\/\/jornalfatosenoticias.com.br\/#\/schema\/logo\/image\/","url":"https:\/\/jornalfatosenoticias.com.br\/wp-content\/uploads\/2020\/02\/logo120.png","contentUrl":"https:\/\/jornalfatosenoticias.com.br\/wp-content\/uploads\/2020\/02\/logo120.png","width":1227,"height":120,"caption":"Jornal Fatos e Not\u00edcias"},"image":{"@id":"https:\/\/jornalfatosenoticias.com.br\/#\/schema\/logo\/image\/"}},{"@type":"Person","@id":"https:\/\/jornalfatosenoticias.com.br\/#\/schema\/person\/d63837fa13ac8666eb9e74e0985d6f81","name":"Luzimara Fernandes","image":{"@type":"ImageObject","inLanguage":"pt-BR","@id":"https:\/\/jornalfatosenoticias.com.br\/#\/schema\/person\/image\/","url":"https:\/\/jornalfatosenoticias.com.br\/wp-content\/uploads\/2025\/05\/EU_portal.jpg","contentUrl":"https:\/\/jornalfatosenoticias.com.br\/wp-content\/uploads\/2025\/05\/EU_portal.jpg","caption":"Luzimara Fernandes"},"description":"Jornalista MTB 2358-ES","sameAs":["https:\/\/jornalfatosenoticias.com.br"],"url":"https:\/\/jornalfatosenoticias.com.br\/index.php\/author\/luzimara\/"}]}},"cc_featured_image_caption":{"caption_text":"(Foto: Getty Images) ","source_text":"","source_url":""},"jetpack_featured_media_url":"https:\/\/jornalfatosenoticias.com.br\/wp-content\/uploads\/2024\/11\/chanceler-alemao-Olaf-Scholz_gettyimages.jpg","_links":{"self":[{"href":"https:\/\/jornalfatosenoticias.com.br\/index.php\/wp-json\/wp\/v2\/posts\/55940","targetHints":{"allow":["GET"]}}],"collection":[{"href":"https:\/\/jornalfatosenoticias.com.br\/index.php\/wp-json\/wp\/v2\/posts"}],"about":[{"href":"https:\/\/jornalfatosenoticias.com.br\/index.php\/wp-json\/wp\/v2\/types\/post"}],"author":[{"embeddable":true,"href":"https:\/\/jornalfatosenoticias.com.br\/index.php\/wp-json\/wp\/v2\/users\/2"}],"replies":[{"embeddable":true,"href":"https:\/\/jornalfatosenoticias.com.br\/index.php\/wp-json\/wp\/v2\/comments?post=55940"}],"version-history":[{"count":0,"href":"https:\/\/jornalfatosenoticias.com.br\/index.php\/wp-json\/wp\/v2\/posts\/55940\/revisions"}],"wp:featuredmedia":[{"embeddable":true,"href":"https:\/\/jornalfatosenoticias.com.br\/index.php\/wp-json\/wp\/v2\/media\/55941"}],"wp:attachment":[{"href":"https:\/\/jornalfatosenoticias.com.br\/index.php\/wp-json\/wp\/v2\/media?parent=55940"}],"wp:term":[{"taxonomy":"category","embeddable":true,"href":"https:\/\/jornalfatosenoticias.com.br\/index.php\/wp-json\/wp\/v2\/categories?post=55940"},{"taxonomy":"post_tag","embeddable":true,"href":"https:\/\/jornalfatosenoticias.com.br\/index.php\/wp-json\/wp\/v2\/tags?post=55940"}],"curies":[{"name":"wp","href":"https:\/\/api.w.org\/{rel}","templated":true}]}}