{"id":55953,"date":"2024-11-27T09:11:02","date_gmt":"2024-11-27T12:11:02","guid":{"rendered":"https:\/\/jornalfatosenoticias.com.br\/?p=55953"},"modified":"2024-11-27T09:11:47","modified_gmt":"2024-11-27T12:11:47","slug":"ananindeua-qualifica-educadores-sobre-protecao-e-garantia-de-direitos-de-criancas-e-adolescentes","status":"publish","type":"post","link":"https:\/\/jornalfatosenoticias.com.br\/index.php\/2024\/11\/27\/ananindeua-qualifica-educadores-sobre-protecao-e-garantia-de-direitos-de-criancas-e-adolescentes\/","title":{"rendered":"Ananindeua qualifica educadores sobre prote\u00e7\u00e3o e garantia de direitos de crian\u00e7as e adolescentes"},"content":{"rendered":"\n<p><em><span class=\"has-inline-color has-black-color\">Al\u00e9m de Ananindeua, educadores de Bel\u00e9m, Soure e Salvaterra j\u00e1 passaram pela forma\u00e7\u00e3o que busca qualificar profissionais da rede p\u00fablica em todo o Par\u00e1<\/span><\/em><\/p>\n\n\n\n<p><span class=\"has-inline-color has-black-color\">Por <strong>Fernanda Cavalcante<\/strong><\/span><\/p>\n\n\n\n<div class=\"wp-block-image\"><figure class=\"aligncenter size-large is-resized\"><a href=\"https:\/\/www.legisjuris.com.br\/\"><img loading=\"lazy\" decoding=\"async\" src=\"https:\/\/jornalfatosenoticias.com.br\/wp-content\/uploads\/2024\/09\/Legis-Juris-Consultoria_logo.jpg\" alt=\"\" class=\"wp-image-53915\" width=\"480\" height=\"201\" srcset=\"https:\/\/jornalfatosenoticias.com.br\/wp-content\/uploads\/2024\/09\/Legis-Juris-Consultoria_logo.jpg 969w, https:\/\/jornalfatosenoticias.com.br\/wp-content\/uploads\/2024\/09\/Legis-Juris-Consultoria_logo-300x126.jpg 300w, https:\/\/jornalfatosenoticias.com.br\/wp-content\/uploads\/2024\/09\/Legis-Juris-Consultoria_logo-768x322.jpg 768w\" sizes=\"auto, (max-width: 480px) 100vw, 480px\" \/><\/a><\/figure><\/div>\n\n\n\n<p>Para debater sobre o papel da escola e dos educadores quanto a garantia de direitos de crian\u00e7as e adolescentes e tamb\u00e9m, qualificar os educadores da rede estadual de ensino quanto ao guia <strong>&#8220;Viol\u00eancia sexual contra crian\u00e7as e adolescentes \u2014 uma discuss\u00e3o no espa\u00e7o escolar&#8221;<\/strong>, lan\u00e7ado em maio pelo Minist\u00e9rio P\u00fablico do Estado do Par\u00e1 (MPPA), a Secretaria de Estado de Educa\u00e7\u00e3o do Par\u00e1 (Seduc), por meio da Assessoria de Conviv\u00eancia Educacional (ACE), reuniu diretores, vice-diretores, coordenadores pedag\u00f3gicos, psic\u00f3logos, assistentes sociais, t\u00e9cnicos de apoio pedag\u00f3gico (TAPs), professores e assistentes administrativos das Diretorias Regionais de Ensino (DREs) Ananindeua 1, 2 e 3, para a forma\u00e7\u00e3o <em><strong>&#8220;A escola como rede de prote\u00e7\u00e3o: responsabilidade na garantia de direitos de crian\u00e7as e adolescentes&#8221;. <\/strong><\/em>Cerca de 80 profissionais participaram da qualifica\u00e7\u00e3o que ocorreu na Usina da Paz do Icu\u00ed-Guajar\u00e1, em Ananindeua, Regi\u00e3o Metropolitana de Bel\u00e9m (RMB), no dia 21 de novembro.<\/p>\n\n\n\n<div class=\"wp-block-image\"><figure class=\"aligncenter size-large\"><a href=\"https:\/\/cesconetto.com.br\/\"><img loading=\"lazy\" decoding=\"async\" width=\"300\" height=\"250\" src=\"https:\/\/jornalfatosenoticias.com.br\/wp-content\/uploads\/2020\/02\/Banner-2.png\" alt=\"\" class=\"wp-image-43787\"\/><\/a><\/figure><\/div>\n\n\n\n<blockquote class=\"wp-block-quote is-layout-flow wp-block-quote-is-layout-flow\"><p><span class=\"has-inline-color has-luminous-vivid-orange-color\">Saber como agir em um caso de viol\u00eancia e abuso sexual em qualquer ambiente, \u00e9 muito importante. A partir do momento em que o estudante fala que \u00e9 v\u00edtima de viol\u00eancia, como proceder? O que fazer? Como fazer? Ent\u00e3o esse guia vem exatamente para cobrir essa lacuna que poucas pessoas t\u00eam orienta\u00e7\u00e3o. Esse guia diz de um embasamento legal e t\u00e9cnico de como encaminhar. N\u00e3o cabe \u00e0 educa\u00e7\u00e3o ficar procurando quem \u00e9 o culpado, quem \u00e9 o agressor, quem deixa de ser. Ouviu, registra e faz o encaminhamento&#8221;, afirmou M\u00e1rio Augusto Almeida, coordenador da Assessoria de Conviv\u00eancia Educacional (ACE) e diretor de Diversidade e Inclus\u00e3o (DDI) da Seduc.<\/span><\/p><\/blockquote>\n\n\n\n<div class=\"wp-block-image\"><figure class=\"aligncenter size-large is-resized\"><a href=\"https:\/\/www.facebook.com\/postobkr\/?locale=pt_BR\"><img loading=\"lazy\" decoding=\"async\" src=\"https:\/\/jornalfatosenoticias.com.br\/wp-content\/uploads\/2023\/08\/BKR-1024x1021.jpg\" alt=\"\" class=\"wp-image-44494\" width=\"315\" height=\"314\" srcset=\"https:\/\/jornalfatosenoticias.com.br\/wp-content\/uploads\/2023\/08\/BKR-1024x1021.jpg 1024w, https:\/\/jornalfatosenoticias.com.br\/wp-content\/uploads\/2023\/08\/BKR-300x300.jpg 300w, https:\/\/jornalfatosenoticias.com.br\/wp-content\/uploads\/2023\/08\/BKR-150x150.jpg 150w, https:\/\/jornalfatosenoticias.com.br\/wp-content\/uploads\/2023\/08\/BKR-768x766.jpg 768w, https:\/\/jornalfatosenoticias.com.br\/wp-content\/uploads\/2023\/08\/BKR.jpg 1080w\" sizes=\"auto, (max-width: 315px) 100vw, 315px\" \/><\/a><\/figure><\/div>\n\n\n\n<p>A assistente social da Assessoria de Conviv\u00eancia Educacional (ACE), Elis\u00e2ngela Costa, explica que a iniciativa \u00e9 fundamental para que a rede estadual de ensino esteja alinhada. <\/p>\n\n\n\n<blockquote class=\"wp-block-quote is-layout-flow wp-block-quote-is-layout-flow\"><p><span class=\"has-inline-color has-luminous-vivid-orange-color\">Nessa forma\u00e7\u00e3o vamos falar sobre a Instru\u00e7\u00e3o Normativa 145\/2024 que vem normatizando como deve ser a interven\u00e7\u00e3o dessas unidades escolares diante de casos de crian\u00e7as e\/ou adolescentes, v\u00edtimas ou testemunhas de viol\u00eancia. A Instru\u00e7\u00e3o Normativa \u00e9 mais abrangente do que o guia, pois engloba todos os tipos de viol\u00eancia e n\u00e3o s\u00f3 a viol\u00eancia sexual. Essa qualifica\u00e7\u00e3o \u00e9 fundamental para os servidores, n\u00e3o s\u00f3 das DREs aqui de Ananindeua, mas de todo o Par\u00e1&#8221;, disse.<\/span><\/p><\/blockquote>\n\n\n\n<div class=\"wp-block-image\"><figure class=\"aligncenter size-large is-resized\"><a href=\"https:\/\/hotelmarquetti.com.br\/\"><img loading=\"lazy\" decoding=\"async\" src=\"https:\/\/jornalfatosenoticias.com.br\/wp-content\/uploads\/2023\/03\/nova-logo-Marquetti.jpg\" alt=\"\" class=\"wp-image-40207\" width=\"315\" height=\"211\" srcset=\"https:\/\/jornalfatosenoticias.com.br\/wp-content\/uploads\/2023\/03\/nova-logo-Marquetti.jpg 643w, https:\/\/jornalfatosenoticias.com.br\/wp-content\/uploads\/2023\/03\/nova-logo-Marquetti-300x202.jpg 300w\" sizes=\"auto, (max-width: 315px) 100vw, 315px\" \/><\/a><\/figure><\/div>\n\n\n\n<p><strong><em>Fonte: <a href=\"https:\/\/agenciapara.com.br\/noticia\/61550\/seduc-qualifica-educadores-de-ananindeua-sobre-protecao-e-garantia-de-direitos-de-criancas-e-adolescentes\">Ag\u00eancia Par\u00e1<\/a><\/em><\/strong><\/p>\n","protected":false},"excerpt":{"rendered":"<p>Al\u00e9m de Ananindeua, educadores de Bel\u00e9m, Soure e Salvaterra j\u00e1 passaram pela forma\u00e7\u00e3o que busca qualificar profissionais da rede p\u00fablica em todo o Par\u00e1 Por Fernanda Cavalcante Para debater sobre o papel da escola e dos educadores quanto a garantia de direitos de crian\u00e7as e adolescentes e tamb\u00e9m, qualificar os educadores da rede estadual de [&hellip;]<\/p>\n","protected":false},"author":2,"featured_media":55954,"comment_status":"open","ping_status":"open","sticky":false,"template":"","format":"standard","meta":{"footnotes":""},"categories":[7],"tags":[2811,25518,670,25517,4808],"class_list":["post-55953","post","type-post","status-publish","format-standard","has-post-thumbnail","hentry","category-educacao","tag-adolescentes","tag-ananindeua","tag-criancas","tag-direitos-de-criancas-e-adolescentes","tag-violencia-sexual"],"yoast_head":"<!-- This site is optimized with the Yoast SEO plugin v26.5 - https:\/\/yoast.com\/wordpress\/plugins\/seo\/ -->\n<title>Ananindeua qualifica educadores sobre prote\u00e7\u00e3o e garantia de direitos de crian\u00e7as e adolescentes - Jornal Fatos e Not\u00edcias<\/title>\n<meta name=\"robots\" content=\"index, follow, max-snippet:-1, max-image-preview:large, max-video-preview:-1\" \/>\n<link rel=\"canonical\" href=\"https:\/\/jornalfatosenoticias.com.br\/index.php\/2024\/11\/27\/ananindeua-qualifica-educadores-sobre-protecao-e-garantia-de-direitos-de-criancas-e-adolescentes\/\" \/>\n<meta property=\"og:locale\" content=\"pt_BR\" \/>\n<meta property=\"og:type\" content=\"article\" \/>\n<meta property=\"og:title\" content=\"Ananindeua qualifica educadores sobre prote\u00e7\u00e3o e garantia de direitos de crian\u00e7as e adolescentes - Jornal Fatos e Not\u00edcias\" \/>\n<meta property=\"og:description\" content=\"Al\u00e9m de Ananindeua, educadores de Bel\u00e9m, Soure e Salvaterra j\u00e1 passaram pela forma\u00e7\u00e3o que busca qualificar profissionais da rede p\u00fablica em todo o Par\u00e1 Por Fernanda Cavalcante Para debater sobre o papel da escola e dos educadores quanto a garantia de direitos de crian\u00e7as e adolescentes e tamb\u00e9m, qualificar os educadores da rede estadual de [&hellip;]\" \/>\n<meta property=\"og:url\" content=\"https:\/\/jornalfatosenoticias.com.br\/index.php\/2024\/11\/27\/ananindeua-qualifica-educadores-sobre-protecao-e-garantia-de-direitos-de-criancas-e-adolescentes\/\" \/>\n<meta property=\"og:site_name\" content=\"Jornal Fatos e Not\u00edcias\" \/>\n<meta property=\"article:published_time\" content=\"2024-11-27T12:11:02+00:00\" \/>\n<meta property=\"article:modified_time\" content=\"2024-11-27T12:11:47+00:00\" \/>\n<meta property=\"og:image\" content=\"https:\/\/jornalfatosenoticias.com.br\/wp-content\/uploads\/2024\/11\/educadores-de-Ananindeua-garantia-de-direitos-de-criancas-e-adolescentes.jpg\" \/>\n\t<meta property=\"og:image:width\" content=\"798\" \/>\n\t<meta property=\"og:image:height\" content=\"502\" \/>\n\t<meta property=\"og:image:type\" content=\"image\/jpeg\" \/>\n<meta name=\"author\" content=\"Luzimara Fernandes\" \/>\n<meta name=\"twitter:card\" content=\"summary_large_image\" \/>\n<meta name=\"twitter:label1\" content=\"Escrito por\" \/>\n\t<meta name=\"twitter:data1\" content=\"Luzimara Fernandes\" \/>\n\t<meta name=\"twitter:label2\" content=\"Est. tempo de leitura\" \/>\n\t<meta name=\"twitter:data2\" content=\"2 minutos\" \/>\n<script type=\"application\/ld+json\" class=\"yoast-schema-graph\">{\"@context\":\"https:\/\/schema.org\",\"@graph\":[{\"@type\":\"Article\",\"@id\":\"https:\/\/jornalfatosenoticias.com.br\/index.php\/2024\/11\/27\/ananindeua-qualifica-educadores-sobre-protecao-e-garantia-de-direitos-de-criancas-e-adolescentes\/#article\",\"isPartOf\":{\"@id\":\"https:\/\/jornalfatosenoticias.com.br\/index.php\/2024\/11\/27\/ananindeua-qualifica-educadores-sobre-protecao-e-garantia-de-direitos-de-criancas-e-adolescentes\/\"},\"author\":{\"name\":\"Luzimara Fernandes\",\"@id\":\"https:\/\/jornalfatosenoticias.com.br\/#\/schema\/person\/d63837fa13ac8666eb9e74e0985d6f81\"},\"headline\":\"Ananindeua qualifica educadores sobre prote\u00e7\u00e3o e garantia de direitos de crian\u00e7as e adolescentes\",\"datePublished\":\"2024-11-27T12:11:02+00:00\",\"dateModified\":\"2024-11-27T12:11:47+00:00\",\"mainEntityOfPage\":{\"@id\":\"https:\/\/jornalfatosenoticias.com.br\/index.php\/2024\/11\/27\/ananindeua-qualifica-educadores-sobre-protecao-e-garantia-de-direitos-de-criancas-e-adolescentes\/\"},\"wordCount\":438,\"commentCount\":0,\"publisher\":{\"@id\":\"https:\/\/jornalfatosenoticias.com.br\/#organization\"},\"image\":{\"@id\":\"https:\/\/jornalfatosenoticias.com.br\/index.php\/2024\/11\/27\/ananindeua-qualifica-educadores-sobre-protecao-e-garantia-de-direitos-de-criancas-e-adolescentes\/#primaryimage\"},\"thumbnailUrl\":\"https:\/\/jornalfatosenoticias.com.br\/wp-content\/uploads\/2024\/11\/educadores-de-Ananindeua-garantia-de-direitos-de-criancas-e-adolescentes.jpg\",\"keywords\":[\"adolescentes\",\"Ananindeua\",\"crian\u00e7as\",\"direitos de crian\u00e7as e adolescentes\",\"Viol\u00eancia Sexual\"],\"articleSection\":[\"Educa\u00e7\u00e3o\"],\"inLanguage\":\"pt-BR\",\"potentialAction\":[{\"@type\":\"CommentAction\",\"name\":\"Comment\",\"target\":[\"https:\/\/jornalfatosenoticias.com.br\/index.php\/2024\/11\/27\/ananindeua-qualifica-educadores-sobre-protecao-e-garantia-de-direitos-de-criancas-e-adolescentes\/#respond\"]}]},{\"@type\":\"WebPage\",\"@id\":\"https:\/\/jornalfatosenoticias.com.br\/index.php\/2024\/11\/27\/ananindeua-qualifica-educadores-sobre-protecao-e-garantia-de-direitos-de-criancas-e-adolescentes\/\",\"url\":\"https:\/\/jornalfatosenoticias.com.br\/index.php\/2024\/11\/27\/ananindeua-qualifica-educadores-sobre-protecao-e-garantia-de-direitos-de-criancas-e-adolescentes\/\",\"name\":\"Ananindeua qualifica educadores sobre prote\u00e7\u00e3o e garantia de direitos de crian\u00e7as e adolescentes - Jornal Fatos e Not\u00edcias\",\"isPartOf\":{\"@id\":\"https:\/\/jornalfatosenoticias.com.br\/#website\"},\"primaryImageOfPage\":{\"@id\":\"https:\/\/jornalfatosenoticias.com.br\/index.php\/2024\/11\/27\/ananindeua-qualifica-educadores-sobre-protecao-e-garantia-de-direitos-de-criancas-e-adolescentes\/#primaryimage\"},\"image\":{\"@id\":\"https:\/\/jornalfatosenoticias.com.br\/index.php\/2024\/11\/27\/ananindeua-qualifica-educadores-sobre-protecao-e-garantia-de-direitos-de-criancas-e-adolescentes\/#primaryimage\"},\"thumbnailUrl\":\"https:\/\/jornalfatosenoticias.com.br\/wp-content\/uploads\/2024\/11\/educadores-de-Ananindeua-garantia-de-direitos-de-criancas-e-adolescentes.jpg\",\"datePublished\":\"2024-11-27T12:11:02+00:00\",\"dateModified\":\"2024-11-27T12:11:47+00:00\",\"breadcrumb\":{\"@id\":\"https:\/\/jornalfatosenoticias.com.br\/index.php\/2024\/11\/27\/ananindeua-qualifica-educadores-sobre-protecao-e-garantia-de-direitos-de-criancas-e-adolescentes\/#breadcrumb\"},\"inLanguage\":\"pt-BR\",\"potentialAction\":[{\"@type\":\"ReadAction\",\"target\":[\"https:\/\/jornalfatosenoticias.com.br\/index.php\/2024\/11\/27\/ananindeua-qualifica-educadores-sobre-protecao-e-garantia-de-direitos-de-criancas-e-adolescentes\/\"]}]},{\"@type\":\"ImageObject\",\"inLanguage\":\"pt-BR\",\"@id\":\"https:\/\/jornalfatosenoticias.com.br\/index.php\/2024\/11\/27\/ananindeua-qualifica-educadores-sobre-protecao-e-garantia-de-direitos-de-criancas-e-adolescentes\/#primaryimage\",\"url\":\"https:\/\/jornalfatosenoticias.com.br\/wp-content\/uploads\/2024\/11\/educadores-de-Ananindeua-garantia-de-direitos-de-criancas-e-adolescentes.jpg\",\"contentUrl\":\"https:\/\/jornalfatosenoticias.com.br\/wp-content\/uploads\/2024\/11\/educadores-de-Ananindeua-garantia-de-direitos-de-criancas-e-adolescentes.jpg\",\"width\":798,\"height\":502},{\"@type\":\"BreadcrumbList\",\"@id\":\"https:\/\/jornalfatosenoticias.com.br\/index.php\/2024\/11\/27\/ananindeua-qualifica-educadores-sobre-protecao-e-garantia-de-direitos-de-criancas-e-adolescentes\/#breadcrumb\",\"itemListElement\":[{\"@type\":\"ListItem\",\"position\":1,\"name\":\"In\u00edcio\",\"item\":\"https:\/\/jornalfatosenoticias.com.br\/\"},{\"@type\":\"ListItem\",\"position\":2,\"name\":\"Ananindeua qualifica educadores sobre prote\u00e7\u00e3o e garantia de direitos de crian\u00e7as e adolescentes\"}]},{\"@type\":\"WebSite\",\"@id\":\"https:\/\/jornalfatosenoticias.com.br\/#website\",\"url\":\"https:\/\/jornalfatosenoticias.com.br\/\",\"name\":\"Jornal Fatos e Not\u00edcias\",\"description\":\"Not\u00edcias em geral\",\"publisher\":{\"@id\":\"https:\/\/jornalfatosenoticias.com.br\/#organization\"},\"potentialAction\":[{\"@type\":\"SearchAction\",\"target\":{\"@type\":\"EntryPoint\",\"urlTemplate\":\"https:\/\/jornalfatosenoticias.com.br\/?s={search_term_string}\"},\"query-input\":{\"@type\":\"PropertyValueSpecification\",\"valueRequired\":true,\"valueName\":\"search_term_string\"}}],\"inLanguage\":\"pt-BR\"},{\"@type\":\"Organization\",\"@id\":\"https:\/\/jornalfatosenoticias.com.br\/#organization\",\"name\":\"Jornal Fatos e Not\u00edcias\",\"url\":\"https:\/\/jornalfatosenoticias.com.br\/\",\"logo\":{\"@type\":\"ImageObject\",\"inLanguage\":\"pt-BR\",\"@id\":\"https:\/\/jornalfatosenoticias.com.br\/#\/schema\/logo\/image\/\",\"url\":\"https:\/\/jornalfatosenoticias.com.br\/wp-content\/uploads\/2020\/02\/logo120.png\",\"contentUrl\":\"https:\/\/jornalfatosenoticias.com.br\/wp-content\/uploads\/2020\/02\/logo120.png\",\"width\":1227,\"height\":120,\"caption\":\"Jornal Fatos e Not\u00edcias\"},\"image\":{\"@id\":\"https:\/\/jornalfatosenoticias.com.br\/#\/schema\/logo\/image\/\"}},{\"@type\":\"Person\",\"@id\":\"https:\/\/jornalfatosenoticias.com.br\/#\/schema\/person\/d63837fa13ac8666eb9e74e0985d6f81\",\"name\":\"Luzimara Fernandes\",\"image\":{\"@type\":\"ImageObject\",\"inLanguage\":\"pt-BR\",\"@id\":\"https:\/\/jornalfatosenoticias.com.br\/#\/schema\/person\/image\/\",\"url\":\"https:\/\/jornalfatosenoticias.com.br\/wp-content\/uploads\/2025\/05\/EU_portal.jpg\",\"contentUrl\":\"https:\/\/jornalfatosenoticias.com.br\/wp-content\/uploads\/2025\/05\/EU_portal.jpg\",\"caption\":\"Luzimara Fernandes\"},\"description\":\"Jornalista MTB 2358-ES\",\"sameAs\":[\"https:\/\/jornalfatosenoticias.com.br\"],\"url\":\"https:\/\/jornalfatosenoticias.com.br\/index.php\/author\/luzimara\/\"}]}<\/script>\n<!-- \/ Yoast SEO plugin. -->","yoast_head_json":{"title":"Ananindeua qualifica educadores sobre prote\u00e7\u00e3o e garantia de direitos de crian\u00e7as e adolescentes - Jornal Fatos e Not\u00edcias","robots":{"index":"index","follow":"follow","max-snippet":"max-snippet:-1","max-image-preview":"max-image-preview:large","max-video-preview":"max-video-preview:-1"},"canonical":"https:\/\/jornalfatosenoticias.com.br\/index.php\/2024\/11\/27\/ananindeua-qualifica-educadores-sobre-protecao-e-garantia-de-direitos-de-criancas-e-adolescentes\/","og_locale":"pt_BR","og_type":"article","og_title":"Ananindeua qualifica educadores sobre prote\u00e7\u00e3o e garantia de direitos de crian\u00e7as e adolescentes - Jornal Fatos e Not\u00edcias","og_description":"Al\u00e9m de Ananindeua, educadores de Bel\u00e9m, Soure e Salvaterra j\u00e1 passaram pela forma\u00e7\u00e3o que busca qualificar profissionais da rede p\u00fablica em todo o Par\u00e1 Por Fernanda Cavalcante Para debater sobre o papel da escola e dos educadores quanto a garantia de direitos de crian\u00e7as e adolescentes e tamb\u00e9m, qualificar os educadores da rede estadual de [&hellip;]","og_url":"https:\/\/jornalfatosenoticias.com.br\/index.php\/2024\/11\/27\/ananindeua-qualifica-educadores-sobre-protecao-e-garantia-de-direitos-de-criancas-e-adolescentes\/","og_site_name":"Jornal Fatos e Not\u00edcias","article_published_time":"2024-11-27T12:11:02+00:00","article_modified_time":"2024-11-27T12:11:47+00:00","og_image":[{"width":798,"height":502,"url":"https:\/\/jornalfatosenoticias.com.br\/wp-content\/uploads\/2024\/11\/educadores-de-Ananindeua-garantia-de-direitos-de-criancas-e-adolescentes.jpg","type":"image\/jpeg"}],"author":"Luzimara Fernandes","twitter_card":"summary_large_image","twitter_misc":{"Escrito por":"Luzimara Fernandes","Est. tempo de leitura":"2 minutos"},"schema":{"@context":"https:\/\/schema.org","@graph":[{"@type":"Article","@id":"https:\/\/jornalfatosenoticias.com.br\/index.php\/2024\/11\/27\/ananindeua-qualifica-educadores-sobre-protecao-e-garantia-de-direitos-de-criancas-e-adolescentes\/#article","isPartOf":{"@id":"https:\/\/jornalfatosenoticias.com.br\/index.php\/2024\/11\/27\/ananindeua-qualifica-educadores-sobre-protecao-e-garantia-de-direitos-de-criancas-e-adolescentes\/"},"author":{"name":"Luzimara Fernandes","@id":"https:\/\/jornalfatosenoticias.com.br\/#\/schema\/person\/d63837fa13ac8666eb9e74e0985d6f81"},"headline":"Ananindeua qualifica educadores sobre prote\u00e7\u00e3o e garantia de direitos de crian\u00e7as e adolescentes","datePublished":"2024-11-27T12:11:02+00:00","dateModified":"2024-11-27T12:11:47+00:00","mainEntityOfPage":{"@id":"https:\/\/jornalfatosenoticias.com.br\/index.php\/2024\/11\/27\/ananindeua-qualifica-educadores-sobre-protecao-e-garantia-de-direitos-de-criancas-e-adolescentes\/"},"wordCount":438,"commentCount":0,"publisher":{"@id":"https:\/\/jornalfatosenoticias.com.br\/#organization"},"image":{"@id":"https:\/\/jornalfatosenoticias.com.br\/index.php\/2024\/11\/27\/ananindeua-qualifica-educadores-sobre-protecao-e-garantia-de-direitos-de-criancas-e-adolescentes\/#primaryimage"},"thumbnailUrl":"https:\/\/jornalfatosenoticias.com.br\/wp-content\/uploads\/2024\/11\/educadores-de-Ananindeua-garantia-de-direitos-de-criancas-e-adolescentes.jpg","keywords":["adolescentes","Ananindeua","crian\u00e7as","direitos de crian\u00e7as e adolescentes","Viol\u00eancia Sexual"],"articleSection":["Educa\u00e7\u00e3o"],"inLanguage":"pt-BR","potentialAction":[{"@type":"CommentAction","name":"Comment","target":["https:\/\/jornalfatosenoticias.com.br\/index.php\/2024\/11\/27\/ananindeua-qualifica-educadores-sobre-protecao-e-garantia-de-direitos-de-criancas-e-adolescentes\/#respond"]}]},{"@type":"WebPage","@id":"https:\/\/jornalfatosenoticias.com.br\/index.php\/2024\/11\/27\/ananindeua-qualifica-educadores-sobre-protecao-e-garantia-de-direitos-de-criancas-e-adolescentes\/","url":"https:\/\/jornalfatosenoticias.com.br\/index.php\/2024\/11\/27\/ananindeua-qualifica-educadores-sobre-protecao-e-garantia-de-direitos-de-criancas-e-adolescentes\/","name":"Ananindeua qualifica educadores sobre prote\u00e7\u00e3o e garantia de direitos de crian\u00e7as e adolescentes - Jornal Fatos e Not\u00edcias","isPartOf":{"@id":"https:\/\/jornalfatosenoticias.com.br\/#website"},"primaryImageOfPage":{"@id":"https:\/\/jornalfatosenoticias.com.br\/index.php\/2024\/11\/27\/ananindeua-qualifica-educadores-sobre-protecao-e-garantia-de-direitos-de-criancas-e-adolescentes\/#primaryimage"},"image":{"@id":"https:\/\/jornalfatosenoticias.com.br\/index.php\/2024\/11\/27\/ananindeua-qualifica-educadores-sobre-protecao-e-garantia-de-direitos-de-criancas-e-adolescentes\/#primaryimage"},"thumbnailUrl":"https:\/\/jornalfatosenoticias.com.br\/wp-content\/uploads\/2024\/11\/educadores-de-Ananindeua-garantia-de-direitos-de-criancas-e-adolescentes.jpg","datePublished":"2024-11-27T12:11:02+00:00","dateModified":"2024-11-27T12:11:47+00:00","breadcrumb":{"@id":"https:\/\/jornalfatosenoticias.com.br\/index.php\/2024\/11\/27\/ananindeua-qualifica-educadores-sobre-protecao-e-garantia-de-direitos-de-criancas-e-adolescentes\/#breadcrumb"},"inLanguage":"pt-BR","potentialAction":[{"@type":"ReadAction","target":["https:\/\/jornalfatosenoticias.com.br\/index.php\/2024\/11\/27\/ananindeua-qualifica-educadores-sobre-protecao-e-garantia-de-direitos-de-criancas-e-adolescentes\/"]}]},{"@type":"ImageObject","inLanguage":"pt-BR","@id":"https:\/\/jornalfatosenoticias.com.br\/index.php\/2024\/11\/27\/ananindeua-qualifica-educadores-sobre-protecao-e-garantia-de-direitos-de-criancas-e-adolescentes\/#primaryimage","url":"https:\/\/jornalfatosenoticias.com.br\/wp-content\/uploads\/2024\/11\/educadores-de-Ananindeua-garantia-de-direitos-de-criancas-e-adolescentes.jpg","contentUrl":"https:\/\/jornalfatosenoticias.com.br\/wp-content\/uploads\/2024\/11\/educadores-de-Ananindeua-garantia-de-direitos-de-criancas-e-adolescentes.jpg","width":798,"height":502},{"@type":"BreadcrumbList","@id":"https:\/\/jornalfatosenoticias.com.br\/index.php\/2024\/11\/27\/ananindeua-qualifica-educadores-sobre-protecao-e-garantia-de-direitos-de-criancas-e-adolescentes\/#breadcrumb","itemListElement":[{"@type":"ListItem","position":1,"name":"In\u00edcio","item":"https:\/\/jornalfatosenoticias.com.br\/"},{"@type":"ListItem","position":2,"name":"Ananindeua qualifica educadores sobre prote\u00e7\u00e3o e garantia de direitos de crian\u00e7as e adolescentes"}]},{"@type":"WebSite","@id":"https:\/\/jornalfatosenoticias.com.br\/#website","url":"https:\/\/jornalfatosenoticias.com.br\/","name":"Jornal Fatos e Not\u00edcias","description":"Not\u00edcias em geral","publisher":{"@id":"https:\/\/jornalfatosenoticias.com.br\/#organization"},"potentialAction":[{"@type":"SearchAction","target":{"@type":"EntryPoint","urlTemplate":"https:\/\/jornalfatosenoticias.com.br\/?s={search_term_string}"},"query-input":{"@type":"PropertyValueSpecification","valueRequired":true,"valueName":"search_term_string"}}],"inLanguage":"pt-BR"},{"@type":"Organization","@id":"https:\/\/jornalfatosenoticias.com.br\/#organization","name":"Jornal Fatos e Not\u00edcias","url":"https:\/\/jornalfatosenoticias.com.br\/","logo":{"@type":"ImageObject","inLanguage":"pt-BR","@id":"https:\/\/jornalfatosenoticias.com.br\/#\/schema\/logo\/image\/","url":"https:\/\/jornalfatosenoticias.com.br\/wp-content\/uploads\/2020\/02\/logo120.png","contentUrl":"https:\/\/jornalfatosenoticias.com.br\/wp-content\/uploads\/2020\/02\/logo120.png","width":1227,"height":120,"caption":"Jornal Fatos e Not\u00edcias"},"image":{"@id":"https:\/\/jornalfatosenoticias.com.br\/#\/schema\/logo\/image\/"}},{"@type":"Person","@id":"https:\/\/jornalfatosenoticias.com.br\/#\/schema\/person\/d63837fa13ac8666eb9e74e0985d6f81","name":"Luzimara Fernandes","image":{"@type":"ImageObject","inLanguage":"pt-BR","@id":"https:\/\/jornalfatosenoticias.com.br\/#\/schema\/person\/image\/","url":"https:\/\/jornalfatosenoticias.com.br\/wp-content\/uploads\/2025\/05\/EU_portal.jpg","contentUrl":"https:\/\/jornalfatosenoticias.com.br\/wp-content\/uploads\/2025\/05\/EU_portal.jpg","caption":"Luzimara Fernandes"},"description":"Jornalista MTB 2358-ES","sameAs":["https:\/\/jornalfatosenoticias.com.br"],"url":"https:\/\/jornalfatosenoticias.com.br\/index.php\/author\/luzimara\/"}]}},"cc_featured_image_caption":{"caption_text":"(Foto: Eliseu Dias\/Ascom Seduc) ","source_text":"","source_url":""},"jetpack_featured_media_url":"https:\/\/jornalfatosenoticias.com.br\/wp-content\/uploads\/2024\/11\/educadores-de-Ananindeua-garantia-de-direitos-de-criancas-e-adolescentes.jpg","_links":{"self":[{"href":"https:\/\/jornalfatosenoticias.com.br\/index.php\/wp-json\/wp\/v2\/posts\/55953","targetHints":{"allow":["GET"]}}],"collection":[{"href":"https:\/\/jornalfatosenoticias.com.br\/index.php\/wp-json\/wp\/v2\/posts"}],"about":[{"href":"https:\/\/jornalfatosenoticias.com.br\/index.php\/wp-json\/wp\/v2\/types\/post"}],"author":[{"embeddable":true,"href":"https:\/\/jornalfatosenoticias.com.br\/index.php\/wp-json\/wp\/v2\/users\/2"}],"replies":[{"embeddable":true,"href":"https:\/\/jornalfatosenoticias.com.br\/index.php\/wp-json\/wp\/v2\/comments?post=55953"}],"version-history":[{"count":0,"href":"https:\/\/jornalfatosenoticias.com.br\/index.php\/wp-json\/wp\/v2\/posts\/55953\/revisions"}],"wp:featuredmedia":[{"embeddable":true,"href":"https:\/\/jornalfatosenoticias.com.br\/index.php\/wp-json\/wp\/v2\/media\/55954"}],"wp:attachment":[{"href":"https:\/\/jornalfatosenoticias.com.br\/index.php\/wp-json\/wp\/v2\/media?parent=55953"}],"wp:term":[{"taxonomy":"category","embeddable":true,"href":"https:\/\/jornalfatosenoticias.com.br\/index.php\/wp-json\/wp\/v2\/categories?post=55953"},{"taxonomy":"post_tag","embeddable":true,"href":"https:\/\/jornalfatosenoticias.com.br\/index.php\/wp-json\/wp\/v2\/tags?post=55953"}],"curies":[{"name":"wp","href":"https:\/\/api.w.org\/{rel}","templated":true}]}}