{"id":5596,"date":"2020-06-17T12:07:30","date_gmt":"2020-06-17T15:07:30","guid":{"rendered":"https:\/\/jornalfatosenoticias.com.br\/?p=5596"},"modified":"2020-06-17T12:07:35","modified_gmt":"2020-06-17T15:07:35","slug":"curiosity-fotografa-venus-e-a-terra-no-ceu-de-marte-veja","status":"publish","type":"post","link":"https:\/\/jornalfatosenoticias.com.br\/index.php\/2020\/06\/17\/curiosity-fotografa-venus-e-a-terra-no-ceu-de-marte-veja\/","title":{"rendered":"Curiosity fotografa V\u00eanus e a Terra no c\u00e9u de Marte; veja"},"content":{"rendered":"\n<h6 class=\"wp-block-heading\"><em>Devido \u00e0 grande quantidade de poeira no c\u00e9u marciano nesta \u00e9poca do ano, planetas se parecem com t\u00eanues pontos de luz. Curiosity explora Marte h\u00e1 quase oito anos, e ganhar\u00e1 companhia em 2021<\/em><\/h6>\n\n\n\n<p>O rover Curiosity, que atualmente explora a cratera Gale em Marte, fez recentemente uma pausa em seu trabalho cient\u00edfico para olhar para casa e fotografar Terra e V\u00eanus, juntos, no c\u00e9u marciano.<br>A foto foi feita em 5 de junho deste ano, cerca de 1h15 minutos ap\u00f3s o p\u00f4r do sol, usando a c\u00e2mera do mastro (Mastcam) do rob\u00f4. Segundo oficiais da Nasa, \u201cambos os planetas aparecem como meros pontos luminosos, devido a uma combina\u00e7\u00e3o da dist\u00e2ncia e poeira no ar. Normalmente eles se pareceriam com estrelas muito brilhantes\u201d, assim como V\u00eanus parece uma estrela para n\u00f3s aqui na Terra.<\/p>\n\n\n\n<figure class=\"wp-block-image size-large\"><img loading=\"lazy\" decoding=\"async\" width=\"538\" height=\"904\" src=\"https:\/\/jornalfatosenoticias.com.br\/wp-content\/uploads\/2020\/06\/terra-e-venus.jpg\" alt=\"\" class=\"wp-image-5598\" srcset=\"https:\/\/jornalfatosenoticias.com.br\/wp-content\/uploads\/2020\/06\/terra-e-venus.jpg 538w, https:\/\/jornalfatosenoticias.com.br\/wp-content\/uploads\/2020\/06\/terra-e-venus-179x300.jpg 179w\" sizes=\"auto, (max-width: 538px) 100vw, 538px\" \/><figcaption><em>Terra e V\u00eanus (nos destaques) no c\u00e9u marciano. Foto feita pelo rover Curiosity em 5 de Junho de 2020 (Foto: Nasa)<\/em><\/figcaption><\/figure>\n\n\n\n<p>O Curiosity explora o planeta vermelho h\u00e1 quase oito anos, e j\u00e1 nos brindou com belas imagens da \u00e1rida paisagem marciana, bem como informa\u00e7\u00f5es cient\u00edficas valiosas que apontam que no passado, Marte j\u00e1 teve rios e lagos como a Terra, com condi\u00e7\u00f5es de abrigar vida.<br>Em fevereiro de 2021 a Nasa espera pousar em Marte um segundo rover, chamado Perseverance. Ele ir\u00e1 explorar a regi\u00e3o da Cratera Jezero, um antigo poss\u00edvel delta de um rio, que poderia ter abrigado resqu\u00edcios de vida passada.<\/p>\n\n\n\n<p><strong><em>Fonte: <a href=\"https:\/\/olhardigital.com.br\/ciencia-e-espaco\/noticia\/curiosity-fotografa-venus-e-a-terra-no-ceu-de-marte-veja\/102253\">Olhar Digital<\/a><\/em><\/strong><\/p>\n","protected":false},"excerpt":{"rendered":"<p>Devido \u00e0 grande quantidade de poeira no c\u00e9u marciano nesta \u00e9poca do ano, planetas se parecem com t\u00eanues pontos de luz. Curiosity explora Marte h\u00e1 quase oito anos, e ganhar\u00e1 companhia em 2021 O rover Curiosity, que atualmente explora a cratera Gale em Marte, fez recentemente uma pausa em seu trabalho cient\u00edfico para olhar para [&hellip;]<\/p>\n","protected":false},"author":2,"featured_media":5597,"comment_status":"open","ping_status":"open","sticky":false,"template":"","format":"standard","meta":{"footnotes":""},"categories":[2],"tags":[433,86,2438,434,164,94,2673],"class_list":["post-5596","post","type-post","status-publish","format-standard","has-post-thumbnail","hentry","category-ciencia","tag-curiosity","tag-espaco","tag-exploracao-espacial","tag-marte","tag-nasa","tag-terra","tag-venus"],"yoast_head":"<!-- This site is optimized with the Yoast SEO plugin v26.5 - https:\/\/yoast.com\/wordpress\/plugins\/seo\/ -->\n<title>Curiosity fotografa V\u00eanus e a Terra no c\u00e9u de Marte; veja - Jornal Fatos e Not\u00edcias<\/title>\n<meta name=\"robots\" content=\"index, follow, max-snippet:-1, max-image-preview:large, max-video-preview:-1\" \/>\n<link rel=\"canonical\" href=\"https:\/\/jornalfatosenoticias.com.br\/index.php\/2020\/06\/17\/curiosity-fotografa-venus-e-a-terra-no-ceu-de-marte-veja\/\" \/>\n<meta property=\"og:locale\" content=\"pt_BR\" \/>\n<meta property=\"og:type\" content=\"article\" \/>\n<meta property=\"og:title\" content=\"Curiosity fotografa V\u00eanus e a Terra no c\u00e9u de Marte; veja - Jornal Fatos e Not\u00edcias\" \/>\n<meta property=\"og:description\" content=\"Devido \u00e0 grande quantidade de poeira no c\u00e9u marciano nesta \u00e9poca do ano, planetas se parecem com t\u00eanues pontos de luz. Curiosity explora Marte h\u00e1 quase oito anos, e ganhar\u00e1 companhia em 2021 O rover Curiosity, que atualmente explora a cratera Gale em Marte, fez recentemente uma pausa em seu trabalho cient\u00edfico para olhar para [&hellip;]\" \/>\n<meta property=\"og:url\" content=\"https:\/\/jornalfatosenoticias.com.br\/index.php\/2020\/06\/17\/curiosity-fotografa-venus-e-a-terra-no-ceu-de-marte-veja\/\" \/>\n<meta property=\"og:site_name\" content=\"Jornal Fatos e Not\u00edcias\" \/>\n<meta property=\"article:published_time\" content=\"2020-06-17T15:07:30+00:00\" \/>\n<meta property=\"article:modified_time\" content=\"2020-06-17T15:07:35+00:00\" \/>\n<meta property=\"og:image\" content=\"https:\/\/jornalfatosenoticias.com.br\/wp-content\/uploads\/2020\/06\/venus__terra_e_marte.jpg\" \/>\n\t<meta property=\"og:image:width\" content=\"1000\" \/>\n\t<meta property=\"og:image:height\" content=\"562\" \/>\n\t<meta property=\"og:image:type\" content=\"image\/jpeg\" \/>\n<meta name=\"author\" content=\"Luzimara Fernandes\" \/>\n<meta name=\"twitter:card\" content=\"summary_large_image\" \/>\n<meta name=\"twitter:label1\" content=\"Escrito por\" \/>\n\t<meta name=\"twitter:data1\" content=\"Luzimara Fernandes\" \/>\n\t<meta name=\"twitter:label2\" content=\"Est. tempo de leitura\" \/>\n\t<meta name=\"twitter:data2\" content=\"1 minuto\" \/>\n<script type=\"application\/ld+json\" class=\"yoast-schema-graph\">{\"@context\":\"https:\/\/schema.org\",\"@graph\":[{\"@type\":\"Article\",\"@id\":\"https:\/\/jornalfatosenoticias.com.br\/index.php\/2020\/06\/17\/curiosity-fotografa-venus-e-a-terra-no-ceu-de-marte-veja\/#article\",\"isPartOf\":{\"@id\":\"https:\/\/jornalfatosenoticias.com.br\/index.php\/2020\/06\/17\/curiosity-fotografa-venus-e-a-terra-no-ceu-de-marte-veja\/\"},\"author\":{\"name\":\"Luzimara Fernandes\",\"@id\":\"https:\/\/jornalfatosenoticias.com.br\/#\/schema\/person\/d63837fa13ac8666eb9e74e0985d6f81\"},\"headline\":\"Curiosity fotografa V\u00eanus e a Terra no c\u00e9u de Marte; veja\",\"datePublished\":\"2020-06-17T15:07:30+00:00\",\"dateModified\":\"2020-06-17T15:07:35+00:00\",\"mainEntityOfPage\":{\"@id\":\"https:\/\/jornalfatosenoticias.com.br\/index.php\/2020\/06\/17\/curiosity-fotografa-venus-e-a-terra-no-ceu-de-marte-veja\/\"},\"wordCount\":267,\"commentCount\":0,\"publisher\":{\"@id\":\"https:\/\/jornalfatosenoticias.com.br\/#organization\"},\"image\":{\"@id\":\"https:\/\/jornalfatosenoticias.com.br\/index.php\/2020\/06\/17\/curiosity-fotografa-venus-e-a-terra-no-ceu-de-marte-veja\/#primaryimage\"},\"thumbnailUrl\":\"https:\/\/jornalfatosenoticias.com.br\/wp-content\/uploads\/2020\/06\/venus__terra_e_marte.jpg\",\"keywords\":[\"Curiosity\",\"espa\u00e7o\",\"explora\u00e7\u00e3o espacial\",\"Marte\",\"Nasa\",\"Terra\",\"V\u00eanus\"],\"articleSection\":[\"Ci\u00eancia\"],\"inLanguage\":\"pt-BR\",\"potentialAction\":[{\"@type\":\"CommentAction\",\"name\":\"Comment\",\"target\":[\"https:\/\/jornalfatosenoticias.com.br\/index.php\/2020\/06\/17\/curiosity-fotografa-venus-e-a-terra-no-ceu-de-marte-veja\/#respond\"]}]},{\"@type\":\"WebPage\",\"@id\":\"https:\/\/jornalfatosenoticias.com.br\/index.php\/2020\/06\/17\/curiosity-fotografa-venus-e-a-terra-no-ceu-de-marte-veja\/\",\"url\":\"https:\/\/jornalfatosenoticias.com.br\/index.php\/2020\/06\/17\/curiosity-fotografa-venus-e-a-terra-no-ceu-de-marte-veja\/\",\"name\":\"Curiosity fotografa V\u00eanus e a Terra no c\u00e9u de Marte; veja - Jornal Fatos e Not\u00edcias\",\"isPartOf\":{\"@id\":\"https:\/\/jornalfatosenoticias.com.br\/#website\"},\"primaryImageOfPage\":{\"@id\":\"https:\/\/jornalfatosenoticias.com.br\/index.php\/2020\/06\/17\/curiosity-fotografa-venus-e-a-terra-no-ceu-de-marte-veja\/#primaryimage\"},\"image\":{\"@id\":\"https:\/\/jornalfatosenoticias.com.br\/index.php\/2020\/06\/17\/curiosity-fotografa-venus-e-a-terra-no-ceu-de-marte-veja\/#primaryimage\"},\"thumbnailUrl\":\"https:\/\/jornalfatosenoticias.com.br\/wp-content\/uploads\/2020\/06\/venus__terra_e_marte.jpg\",\"datePublished\":\"2020-06-17T15:07:30+00:00\",\"dateModified\":\"2020-06-17T15:07:35+00:00\",\"breadcrumb\":{\"@id\":\"https:\/\/jornalfatosenoticias.com.br\/index.php\/2020\/06\/17\/curiosity-fotografa-venus-e-a-terra-no-ceu-de-marte-veja\/#breadcrumb\"},\"inLanguage\":\"pt-BR\",\"potentialAction\":[{\"@type\":\"ReadAction\",\"target\":[\"https:\/\/jornalfatosenoticias.com.br\/index.php\/2020\/06\/17\/curiosity-fotografa-venus-e-a-terra-no-ceu-de-marte-veja\/\"]}]},{\"@type\":\"ImageObject\",\"inLanguage\":\"pt-BR\",\"@id\":\"https:\/\/jornalfatosenoticias.com.br\/index.php\/2020\/06\/17\/curiosity-fotografa-venus-e-a-terra-no-ceu-de-marte-veja\/#primaryimage\",\"url\":\"https:\/\/jornalfatosenoticias.com.br\/wp-content\/uploads\/2020\/06\/venus__terra_e_marte.jpg\",\"contentUrl\":\"https:\/\/jornalfatosenoticias.com.br\/wp-content\/uploads\/2020\/06\/venus__terra_e_marte.jpg\",\"width\":1000,\"height\":562},{\"@type\":\"BreadcrumbList\",\"@id\":\"https:\/\/jornalfatosenoticias.com.br\/index.php\/2020\/06\/17\/curiosity-fotografa-venus-e-a-terra-no-ceu-de-marte-veja\/#breadcrumb\",\"itemListElement\":[{\"@type\":\"ListItem\",\"position\":1,\"name\":\"In\u00edcio\",\"item\":\"https:\/\/jornalfatosenoticias.com.br\/\"},{\"@type\":\"ListItem\",\"position\":2,\"name\":\"Curiosity fotografa V\u00eanus e a Terra no c\u00e9u de Marte; veja\"}]},{\"@type\":\"WebSite\",\"@id\":\"https:\/\/jornalfatosenoticias.com.br\/#website\",\"url\":\"https:\/\/jornalfatosenoticias.com.br\/\",\"name\":\"Jornal Fatos e Not\u00edcias\",\"description\":\"Not\u00edcias em geral\",\"publisher\":{\"@id\":\"https:\/\/jornalfatosenoticias.com.br\/#organization\"},\"potentialAction\":[{\"@type\":\"SearchAction\",\"target\":{\"@type\":\"EntryPoint\",\"urlTemplate\":\"https:\/\/jornalfatosenoticias.com.br\/?s={search_term_string}\"},\"query-input\":{\"@type\":\"PropertyValueSpecification\",\"valueRequired\":true,\"valueName\":\"search_term_string\"}}],\"inLanguage\":\"pt-BR\"},{\"@type\":\"Organization\",\"@id\":\"https:\/\/jornalfatosenoticias.com.br\/#organization\",\"name\":\"Jornal Fatos e Not\u00edcias\",\"url\":\"https:\/\/jornalfatosenoticias.com.br\/\",\"logo\":{\"@type\":\"ImageObject\",\"inLanguage\":\"pt-BR\",\"@id\":\"https:\/\/jornalfatosenoticias.com.br\/#\/schema\/logo\/image\/\",\"url\":\"https:\/\/jornalfatosenoticias.com.br\/wp-content\/uploads\/2020\/02\/logo120.png\",\"contentUrl\":\"https:\/\/jornalfatosenoticias.com.br\/wp-content\/uploads\/2020\/02\/logo120.png\",\"width\":1227,\"height\":120,\"caption\":\"Jornal Fatos e Not\u00edcias\"},\"image\":{\"@id\":\"https:\/\/jornalfatosenoticias.com.br\/#\/schema\/logo\/image\/\"}},{\"@type\":\"Person\",\"@id\":\"https:\/\/jornalfatosenoticias.com.br\/#\/schema\/person\/d63837fa13ac8666eb9e74e0985d6f81\",\"name\":\"Luzimara Fernandes\",\"image\":{\"@type\":\"ImageObject\",\"inLanguage\":\"pt-BR\",\"@id\":\"https:\/\/jornalfatosenoticias.com.br\/#\/schema\/person\/image\/\",\"url\":\"https:\/\/jornalfatosenoticias.com.br\/wp-content\/uploads\/2025\/05\/EU_portal.jpg\",\"contentUrl\":\"https:\/\/jornalfatosenoticias.com.br\/wp-content\/uploads\/2025\/05\/EU_portal.jpg\",\"caption\":\"Luzimara Fernandes\"},\"description\":\"Jornalista MTB 2358-ES\",\"sameAs\":[\"https:\/\/jornalfatosenoticias.com.br\"],\"url\":\"https:\/\/jornalfatosenoticias.com.br\/index.php\/author\/luzimara\/\"}]}<\/script>\n<!-- \/ Yoast SEO plugin. -->","yoast_head_json":{"title":"Curiosity fotografa V\u00eanus e a Terra no c\u00e9u de Marte; veja - Jornal Fatos e Not\u00edcias","robots":{"index":"index","follow":"follow","max-snippet":"max-snippet:-1","max-image-preview":"max-image-preview:large","max-video-preview":"max-video-preview:-1"},"canonical":"https:\/\/jornalfatosenoticias.com.br\/index.php\/2020\/06\/17\/curiosity-fotografa-venus-e-a-terra-no-ceu-de-marte-veja\/","og_locale":"pt_BR","og_type":"article","og_title":"Curiosity fotografa V\u00eanus e a Terra no c\u00e9u de Marte; veja - Jornal Fatos e Not\u00edcias","og_description":"Devido \u00e0 grande quantidade de poeira no c\u00e9u marciano nesta \u00e9poca do ano, planetas se parecem com t\u00eanues pontos de luz. Curiosity explora Marte h\u00e1 quase oito anos, e ganhar\u00e1 companhia em 2021 O rover Curiosity, que atualmente explora a cratera Gale em Marte, fez recentemente uma pausa em seu trabalho cient\u00edfico para olhar para [&hellip;]","og_url":"https:\/\/jornalfatosenoticias.com.br\/index.php\/2020\/06\/17\/curiosity-fotografa-venus-e-a-terra-no-ceu-de-marte-veja\/","og_site_name":"Jornal Fatos e Not\u00edcias","article_published_time":"2020-06-17T15:07:30+00:00","article_modified_time":"2020-06-17T15:07:35+00:00","og_image":[{"width":1000,"height":562,"url":"https:\/\/jornalfatosenoticias.com.br\/wp-content\/uploads\/2020\/06\/venus__terra_e_marte.jpg","type":"image\/jpeg"}],"author":"Luzimara Fernandes","twitter_card":"summary_large_image","twitter_misc":{"Escrito por":"Luzimara Fernandes","Est. tempo de leitura":"1 minuto"},"schema":{"@context":"https:\/\/schema.org","@graph":[{"@type":"Article","@id":"https:\/\/jornalfatosenoticias.com.br\/index.php\/2020\/06\/17\/curiosity-fotografa-venus-e-a-terra-no-ceu-de-marte-veja\/#article","isPartOf":{"@id":"https:\/\/jornalfatosenoticias.com.br\/index.php\/2020\/06\/17\/curiosity-fotografa-venus-e-a-terra-no-ceu-de-marte-veja\/"},"author":{"name":"Luzimara Fernandes","@id":"https:\/\/jornalfatosenoticias.com.br\/#\/schema\/person\/d63837fa13ac8666eb9e74e0985d6f81"},"headline":"Curiosity fotografa V\u00eanus e a Terra no c\u00e9u de Marte; veja","datePublished":"2020-06-17T15:07:30+00:00","dateModified":"2020-06-17T15:07:35+00:00","mainEntityOfPage":{"@id":"https:\/\/jornalfatosenoticias.com.br\/index.php\/2020\/06\/17\/curiosity-fotografa-venus-e-a-terra-no-ceu-de-marte-veja\/"},"wordCount":267,"commentCount":0,"publisher":{"@id":"https:\/\/jornalfatosenoticias.com.br\/#organization"},"image":{"@id":"https:\/\/jornalfatosenoticias.com.br\/index.php\/2020\/06\/17\/curiosity-fotografa-venus-e-a-terra-no-ceu-de-marte-veja\/#primaryimage"},"thumbnailUrl":"https:\/\/jornalfatosenoticias.com.br\/wp-content\/uploads\/2020\/06\/venus__terra_e_marte.jpg","keywords":["Curiosity","espa\u00e7o","explora\u00e7\u00e3o espacial","Marte","Nasa","Terra","V\u00eanus"],"articleSection":["Ci\u00eancia"],"inLanguage":"pt-BR","potentialAction":[{"@type":"CommentAction","name":"Comment","target":["https:\/\/jornalfatosenoticias.com.br\/index.php\/2020\/06\/17\/curiosity-fotografa-venus-e-a-terra-no-ceu-de-marte-veja\/#respond"]}]},{"@type":"WebPage","@id":"https:\/\/jornalfatosenoticias.com.br\/index.php\/2020\/06\/17\/curiosity-fotografa-venus-e-a-terra-no-ceu-de-marte-veja\/","url":"https:\/\/jornalfatosenoticias.com.br\/index.php\/2020\/06\/17\/curiosity-fotografa-venus-e-a-terra-no-ceu-de-marte-veja\/","name":"Curiosity fotografa V\u00eanus e a Terra no c\u00e9u de Marte; veja - Jornal Fatos e Not\u00edcias","isPartOf":{"@id":"https:\/\/jornalfatosenoticias.com.br\/#website"},"primaryImageOfPage":{"@id":"https:\/\/jornalfatosenoticias.com.br\/index.php\/2020\/06\/17\/curiosity-fotografa-venus-e-a-terra-no-ceu-de-marte-veja\/#primaryimage"},"image":{"@id":"https:\/\/jornalfatosenoticias.com.br\/index.php\/2020\/06\/17\/curiosity-fotografa-venus-e-a-terra-no-ceu-de-marte-veja\/#primaryimage"},"thumbnailUrl":"https:\/\/jornalfatosenoticias.com.br\/wp-content\/uploads\/2020\/06\/venus__terra_e_marte.jpg","datePublished":"2020-06-17T15:07:30+00:00","dateModified":"2020-06-17T15:07:35+00:00","breadcrumb":{"@id":"https:\/\/jornalfatosenoticias.com.br\/index.php\/2020\/06\/17\/curiosity-fotografa-venus-e-a-terra-no-ceu-de-marte-veja\/#breadcrumb"},"inLanguage":"pt-BR","potentialAction":[{"@type":"ReadAction","target":["https:\/\/jornalfatosenoticias.com.br\/index.php\/2020\/06\/17\/curiosity-fotografa-venus-e-a-terra-no-ceu-de-marte-veja\/"]}]},{"@type":"ImageObject","inLanguage":"pt-BR","@id":"https:\/\/jornalfatosenoticias.com.br\/index.php\/2020\/06\/17\/curiosity-fotografa-venus-e-a-terra-no-ceu-de-marte-veja\/#primaryimage","url":"https:\/\/jornalfatosenoticias.com.br\/wp-content\/uploads\/2020\/06\/venus__terra_e_marte.jpg","contentUrl":"https:\/\/jornalfatosenoticias.com.br\/wp-content\/uploads\/2020\/06\/venus__terra_e_marte.jpg","width":1000,"height":562},{"@type":"BreadcrumbList","@id":"https:\/\/jornalfatosenoticias.com.br\/index.php\/2020\/06\/17\/curiosity-fotografa-venus-e-a-terra-no-ceu-de-marte-veja\/#breadcrumb","itemListElement":[{"@type":"ListItem","position":1,"name":"In\u00edcio","item":"https:\/\/jornalfatosenoticias.com.br\/"},{"@type":"ListItem","position":2,"name":"Curiosity fotografa V\u00eanus e a Terra no c\u00e9u de Marte; veja"}]},{"@type":"WebSite","@id":"https:\/\/jornalfatosenoticias.com.br\/#website","url":"https:\/\/jornalfatosenoticias.com.br\/","name":"Jornal Fatos e Not\u00edcias","description":"Not\u00edcias em geral","publisher":{"@id":"https:\/\/jornalfatosenoticias.com.br\/#organization"},"potentialAction":[{"@type":"SearchAction","target":{"@type":"EntryPoint","urlTemplate":"https:\/\/jornalfatosenoticias.com.br\/?s={search_term_string}"},"query-input":{"@type":"PropertyValueSpecification","valueRequired":true,"valueName":"search_term_string"}}],"inLanguage":"pt-BR"},{"@type":"Organization","@id":"https:\/\/jornalfatosenoticias.com.br\/#organization","name":"Jornal Fatos e Not\u00edcias","url":"https:\/\/jornalfatosenoticias.com.br\/","logo":{"@type":"ImageObject","inLanguage":"pt-BR","@id":"https:\/\/jornalfatosenoticias.com.br\/#\/schema\/logo\/image\/","url":"https:\/\/jornalfatosenoticias.com.br\/wp-content\/uploads\/2020\/02\/logo120.png","contentUrl":"https:\/\/jornalfatosenoticias.com.br\/wp-content\/uploads\/2020\/02\/logo120.png","width":1227,"height":120,"caption":"Jornal Fatos e Not\u00edcias"},"image":{"@id":"https:\/\/jornalfatosenoticias.com.br\/#\/schema\/logo\/image\/"}},{"@type":"Person","@id":"https:\/\/jornalfatosenoticias.com.br\/#\/schema\/person\/d63837fa13ac8666eb9e74e0985d6f81","name":"Luzimara Fernandes","image":{"@type":"ImageObject","inLanguage":"pt-BR","@id":"https:\/\/jornalfatosenoticias.com.br\/#\/schema\/person\/image\/","url":"https:\/\/jornalfatosenoticias.com.br\/wp-content\/uploads\/2025\/05\/EU_portal.jpg","contentUrl":"https:\/\/jornalfatosenoticias.com.br\/wp-content\/uploads\/2025\/05\/EU_portal.jpg","caption":"Luzimara Fernandes"},"description":"Jornalista MTB 2358-ES","sameAs":["https:\/\/jornalfatosenoticias.com.br"],"url":"https:\/\/jornalfatosenoticias.com.br\/index.php\/author\/luzimara\/"}]}},"cc_featured_image_caption":{"caption_text":"V\u00eanus, Terra e Marte (\u00a9ESA 2007 M)","source_text":"","source_url":""},"jetpack_featured_media_url":"https:\/\/jornalfatosenoticias.com.br\/wp-content\/uploads\/2020\/06\/venus__terra_e_marte.jpg","_links":{"self":[{"href":"https:\/\/jornalfatosenoticias.com.br\/index.php\/wp-json\/wp\/v2\/posts\/5596","targetHints":{"allow":["GET"]}}],"collection":[{"href":"https:\/\/jornalfatosenoticias.com.br\/index.php\/wp-json\/wp\/v2\/posts"}],"about":[{"href":"https:\/\/jornalfatosenoticias.com.br\/index.php\/wp-json\/wp\/v2\/types\/post"}],"author":[{"embeddable":true,"href":"https:\/\/jornalfatosenoticias.com.br\/index.php\/wp-json\/wp\/v2\/users\/2"}],"replies":[{"embeddable":true,"href":"https:\/\/jornalfatosenoticias.com.br\/index.php\/wp-json\/wp\/v2\/comments?post=5596"}],"version-history":[{"count":0,"href":"https:\/\/jornalfatosenoticias.com.br\/index.php\/wp-json\/wp\/v2\/posts\/5596\/revisions"}],"wp:featuredmedia":[{"embeddable":true,"href":"https:\/\/jornalfatosenoticias.com.br\/index.php\/wp-json\/wp\/v2\/media\/5597"}],"wp:attachment":[{"href":"https:\/\/jornalfatosenoticias.com.br\/index.php\/wp-json\/wp\/v2\/media?parent=5596"}],"wp:term":[{"taxonomy":"category","embeddable":true,"href":"https:\/\/jornalfatosenoticias.com.br\/index.php\/wp-json\/wp\/v2\/categories?post=5596"},{"taxonomy":"post_tag","embeddable":true,"href":"https:\/\/jornalfatosenoticias.com.br\/index.php\/wp-json\/wp\/v2\/tags?post=5596"}],"curies":[{"name":"wp","href":"https:\/\/api.w.org\/{rel}","templated":true}]}}