{"id":55960,"date":"2024-11-27T09:27:07","date_gmt":"2024-11-27T12:27:07","guid":{"rendered":"https:\/\/jornalfatosenoticias.com.br\/?p=55960"},"modified":"2024-11-27T09:27:09","modified_gmt":"2024-11-27T12:27:09","slug":"regressao-dos-quatro-meses-entenda-como-o-sono-do-bebe-pode-mudar","status":"publish","type":"post","link":"https:\/\/jornalfatosenoticias.com.br\/index.php\/2024\/11\/27\/regressao-dos-quatro-meses-entenda-como-o-sono-do-bebe-pode-mudar\/","title":{"rendered":"Regress\u00e3o dos quatro meses: entenda como o sono do beb\u00ea pode mudar"},"content":{"rendered":"\n<p><em><span class=\"has-inline-color has-black-color\">Regular o sono do beb\u00ea pode ser um verdadeiro desafio para os pais, principalmente com a &#8220;regress\u00e3o do sono aos quatro meses&#8221;<\/span><\/em><\/p>\n\n\n\n<div class=\"wp-block-image\"><figure class=\"aligncenter size-large\"><a href=\"https:\/\/mizu.com.br\/\"><img loading=\"lazy\" decoding=\"async\" width=\"729\" height=\"90\" src=\"https:\/\/jornalfatosenoticias.com.br\/wp-content\/uploads\/2020\/02\/Logo_Mizu.png\" alt=\"\" class=\"wp-image-1441\" srcset=\"https:\/\/jornalfatosenoticias.com.br\/wp-content\/uploads\/2020\/02\/Logo_Mizu.png 729w, https:\/\/jornalfatosenoticias.com.br\/wp-content\/uploads\/2020\/02\/Logo_Mizu-300x37.png 300w\" sizes=\"auto, (max-width: 729px) 100vw, 729px\" \/><\/a><\/figure><\/div>\n\n\n\n<p>Nos primeiros meses de vida, a rotina de um beb\u00ea \u00e9 cheia de novidades o que, invariavelmente, vai afetar seu descanso. Nesse sentido, ocorre a &#8220;regress\u00e3o do sono aos quatro meses&#8221;, um fen\u00f4meno comum nessa jornada, que pode tornar a rotina mais desafiadora para os pais. Segundo Eliana Dias, especialista em sono do beb\u00ea, quando o beb\u00ea atinge os quatro meses, diferentemente dos anteriores, h\u00e1 uma mudan\u00e7a significativa do seu desenvolvimento.<\/p>\n\n\n\n<blockquote class=\"wp-block-quote is-layout-flow wp-block-quote-is-layout-flow\"><p><span class=\"has-inline-color has-luminous-vivid-orange-color\">Nesta fase, ele atinge a maturidade neurol\u00f3gica e come\u00e7a a perceber mais o ambiente, reagindo a est\u00edmulos visuais, auditivos e outros, como uma l\u00e2mpada acesa ou um barulho. Isso \u00e9 algo que ele n\u00e3o tinha capacidade de fazer antes, mas que come\u00e7a a acontecer e s\u00f3 tende a aumentar&#8221;, explica a profissional.<\/span><\/p><\/blockquote>\n\n\n\n<div class=\"wp-block-image\"><figure class=\"aligncenter size-large\"><a href=\"https:\/\/cesconetto.com.br\/\"><img loading=\"lazy\" decoding=\"async\" width=\"300\" height=\"250\" src=\"https:\/\/jornalfatosenoticias.com.br\/wp-content\/uploads\/2020\/02\/Banner-2.png\" alt=\"\" class=\"wp-image-43787\"\/><\/a><\/figure><\/div>\n\n\n\n<p>A fase, muitas vezes chamada de &#8220;a idade da intelig\u00eancia&#8221;, \u00e9 marcada pelos novos aprendizados do beb\u00ea, que est\u00e1 come\u00e7ando a perceber o espa\u00e7o de maneira sensorial. Ele j\u00e1 consegue entender que chorar faz com que os pais venham ao seu socorro. Por isso, \u00e9 importante ter aten\u00e7\u00e3o: o colo \u00e9 importante para o desenvolvimento e para o lado afetivo do beb\u00ea, mas \u00e9 necess\u00e1rio que ele tenha mais contato com a cama na hora de dormir, alerta Eliana.<\/p>\n\n\n\n<div class=\"wp-block-image\"><figure class=\"aligncenter size-large is-resized\"><a href=\"https:\/\/www.instagram.com\/esteiochurrascaria\/\"><img loading=\"lazy\" decoding=\"async\" src=\"https:\/\/jornalfatosenoticias.com.br\/wp-content\/uploads\/2022\/02\/LOGO-ESTEIO-1024x730.png\" alt=\"\" class=\"wp-image-27942\" width=\"326\" height=\"232\" srcset=\"https:\/\/jornalfatosenoticias.com.br\/wp-content\/uploads\/2022\/02\/LOGO-ESTEIO-1024x730.png 1024w, https:\/\/jornalfatosenoticias.com.br\/wp-content\/uploads\/2022\/02\/LOGO-ESTEIO-300x214.png 300w, https:\/\/jornalfatosenoticias.com.br\/wp-content\/uploads\/2022\/02\/LOGO-ESTEIO-768x548.png 768w, https:\/\/jornalfatosenoticias.com.br\/wp-content\/uploads\/2022\/02\/LOGO-ESTEIO.png 1123w\" sizes=\"auto, (max-width: 326px) 100vw, 326px\" \/><\/a><\/figure><\/div>\n\n\n\n<blockquote class=\"wp-block-quote is-layout-flow wp-block-quote-is-layout-flow\"><p><span class=\"has-inline-color has-luminous-vivid-orange-color\">Se, durante esse per\u00edodo inicial, voc\u00ea ensinar o seu beb\u00ea a somente dormir no colo ou quando est\u00e1 mamando, aos quatro meses ele vai exigir isso constantemente&#8221;, diz a consultora, que v\u00ea diariamente muitos respons\u00e1veis culparem o &#8220;salto dos quatro meses&#8221; ou o &#8220;salto do desenvolvimento&#8221;. &#8220;Isso n\u00e3o existe. O que acontece \u00e9 que esse beb\u00ea n\u00e3o aprendeu bons h\u00e1bitos de sono e, ao chegar nessa fase mais espertinha, em que ele j\u00e1 compreende melhor o comportamento dos pais e o que lhe foi ensinado, ele vai entender que dormir no colo \u00e9 mais relaxante do que dormir na cama, por exemplo&#8221;, completa a profissional.<\/span><\/p><\/blockquote>\n\n\n\n<div class=\"wp-block-image\"><figure class=\"aligncenter size-large is-resized\"><a href=\"https:\/\/www.instagram.com\/restaurantepegoretti\/\"><img loading=\"lazy\" decoding=\"async\" src=\"https:\/\/jornalfatosenoticias.com.br\/wp-content\/uploads\/2023\/12\/pegoretti-logo-pdf-1024x389.jpg\" alt=\"\" class=\"wp-image-47536\" width=\"395\" height=\"150\" srcset=\"https:\/\/jornalfatosenoticias.com.br\/wp-content\/uploads\/2023\/12\/pegoretti-logo-pdf-1024x389.jpg 1024w, https:\/\/jornalfatosenoticias.com.br\/wp-content\/uploads\/2023\/12\/pegoretti-logo-pdf-300x114.jpg 300w, https:\/\/jornalfatosenoticias.com.br\/wp-content\/uploads\/2023\/12\/pegoretti-logo-pdf-768x291.jpg 768w, https:\/\/jornalfatosenoticias.com.br\/wp-content\/uploads\/2023\/12\/pegoretti-logo-pdf.jpg 1120w\" sizes=\"auto, (max-width: 395px) 100vw, 395px\" \/><\/a><\/figure><\/div>\n\n\n\n<p>O cansa\u00e7o dos pais pode n\u00e3o deixar alternativas, mas Eliana contraindica deixar o beb\u00ea chorando at\u00e9 que ele durma. &#8220;A cada idade, o beb\u00ea precisa de estrat\u00e9gias diferentes. Ent\u00e3o, se ele chora, \u00e9 um sinal de que precisa de voc\u00ea. N\u00e3o \u00e9 recomend\u00e1vel deix\u00e1-lo chorando para aprender a dormir. Nesse momento, tudo que ele precisa \u00e9 de conforto, por isso a import\u00e2ncia da flexibilidade&#8221;, afirma.<\/p>\n\n\n\n<div class=\"wp-block-image\"><figure class=\"aligncenter size-large\"><a href=\"https:\/\/www.controlsystems.com.br\/\"><img loading=\"lazy\" decoding=\"async\" width=\"1024\" height=\"109\" src=\"https:\/\/jornalfatosenoticias.com.br\/wp-content\/uploads\/2020\/02\/CONTROL-CS2-1024x109.jpg\" alt=\"\" class=\"wp-image-44989\" srcset=\"https:\/\/jornalfatosenoticias.com.br\/wp-content\/uploads\/2020\/02\/CONTROL-CS2-1024x109.jpg 1024w, https:\/\/jornalfatosenoticias.com.br\/wp-content\/uploads\/2020\/02\/CONTROL-CS2-300x32.jpg 300w, https:\/\/jornalfatosenoticias.com.br\/wp-content\/uploads\/2020\/02\/CONTROL-CS2-768x82.jpg 768w, https:\/\/jornalfatosenoticias.com.br\/wp-content\/uploads\/2020\/02\/CONTROL-CS2.jpg 1120w\" sizes=\"auto, (max-width: 1024px) 100vw, 1024px\" \/><\/a><\/figure><\/div>\n\n\n\n<p>A consultora materno-infantil refor\u00e7a que \u00e9 preciso lembrar que educar o sono do seu beb\u00ea n\u00e3o \u00e9 um treinamento militar. Portanto, n\u00e3o se trata de impor regras r\u00edgidas, mas sim ensinar gradativamente. <\/p>\n\n\n\n<div class=\"wp-block-image\"><figure class=\"aligncenter size-large is-resized\"><a href=\"https:\/\/www.instagram.com\/vmais.midias\/\"><img loading=\"lazy\" decoding=\"async\" src=\"https:\/\/jornalfatosenoticias.com.br\/wp-content\/uploads\/2020\/02\/DE-MAIS-DESTAQUE-VMAIS-800X700.png\" alt=\"\" class=\"wp-image-53112\" width=\"320\" height=\"279\" srcset=\"https:\/\/jornalfatosenoticias.com.br\/wp-content\/uploads\/2020\/02\/DE-MAIS-DESTAQUE-VMAIS-800X700.png 800w, https:\/\/jornalfatosenoticias.com.br\/wp-content\/uploads\/2020\/02\/DE-MAIS-DESTAQUE-VMAIS-800X700-300x263.png 300w, https:\/\/jornalfatosenoticias.com.br\/wp-content\/uploads\/2020\/02\/DE-MAIS-DESTAQUE-VMAIS-800X700-768x672.png 768w\" sizes=\"auto, (max-width: 320px) 100vw, 320px\" \/><\/a><\/figure><\/div>\n\n\n\n<blockquote class=\"wp-block-quote is-layout-flow wp-block-quote-is-layout-flow\"><p><span class=\"has-inline-color has-luminous-vivid-orange-color\">H\u00e1bitos s\u00e3o adquiridos e isso se aplica a tudo. Ent\u00e3o, educar o sono de um beb\u00ea \u00e9 um processo flex\u00edvel aonde vamos conduzindo-o a ter mais tempo dormindo&#8221;, destaca. Por isso, \u00e9 fundamental ensinar e fortalecer os h\u00e1bitos de sono saud\u00e1veis desde o nascimento. &#8220;Mas se isso n\u00e3o foi feito at\u00e9 agora, podemos come\u00e7ar aos quatro meses, quando ele j\u00e1 \u00e9 capaz de entender e aprender tudo que lhe for ensinado&#8221;, complementa a profissional.<\/span><\/p><\/blockquote>\n\n\n\n<div class=\"wp-block-image\"><figure class=\"aligncenter size-large is-resized\"><a href=\"https:\/\/panper.com.br\/\"><img loading=\"lazy\" decoding=\"async\" src=\"https:\/\/jornalfatosenoticias.com.br\/wp-content\/uploads\/2023\/03\/logo-Panper_portal.jpg\" alt=\"\" class=\"wp-image-40208\" width=\"335\" height=\"232\" srcset=\"https:\/\/jornalfatosenoticias.com.br\/wp-content\/uploads\/2023\/03\/logo-Panper_portal.jpg 400w, https:\/\/jornalfatosenoticias.com.br\/wp-content\/uploads\/2023\/03\/logo-Panper_portal-300x208.jpg 300w\" sizes=\"auto, (max-width: 335px) 100vw, 335px\" \/><\/a><\/figure><\/div>\n\n\n\n<p>Segundo ela, a regress\u00e3o do sono <strong>n\u00e3o<\/strong> \u00e9 um retrocesso, e sim uma oportunidade de estimular seu beb\u00ea a desenvolver autonomia para dormir. <em>&#8220;Lembre-se que, agora, ele j\u00e1 est\u00e1 preparado para isso&#8221;, conclui Eliana Dias.<\/em><\/p>\n\n\n\n<p><strong><em>Fonte: <a href=\"https:\/\/www.terra.com.br\/vida-e-estilo\/criancas\/regressao-dos-4-meses-entenda-como-o-sono-do-bebe-pode-mudar,aad38bc6473eb112cb7c77cc52b03ab7dj4ox917.html\">Terra<\/a><\/em><\/strong><\/p>\n","protected":false},"excerpt":{"rendered":"<p>Regular o sono do beb\u00ea pode ser um verdadeiro desafio para os pais, principalmente com a &#8220;regress\u00e3o do sono aos quatro meses&#8221; Nos primeiros meses de vida, a rotina de um beb\u00ea \u00e9 cheia de novidades o que, invariavelmente, vai afetar seu descanso. Nesse sentido, ocorre a &#8220;regress\u00e3o do sono aos quatro meses&#8221;, um fen\u00f4meno [&hellip;]<\/p>\n","protected":false},"author":2,"featured_media":55961,"comment_status":"open","ping_status":"open","sticky":false,"template":"","format":"standard","meta":{"footnotes":""},"categories":[2522],"tags":[546,670,25521,1138],"class_list":["post-55960","post","type-post","status-publish","format-standard","has-post-thumbnail","hentry","category-comportamento","tag-bebe","tag-criancas","tag-saude-do-bebe","tag-sono"],"yoast_head":"<!-- This site is optimized with the Yoast SEO plugin v26.5 - https:\/\/yoast.com\/wordpress\/plugins\/seo\/ -->\n<title>Regress\u00e3o dos quatro meses: entenda como o sono do beb\u00ea pode mudar - Jornal Fatos e Not\u00edcias<\/title>\n<meta name=\"robots\" content=\"index, follow, max-snippet:-1, max-image-preview:large, max-video-preview:-1\" \/>\n<link rel=\"canonical\" href=\"https:\/\/jornalfatosenoticias.com.br\/index.php\/2024\/11\/27\/regressao-dos-quatro-meses-entenda-como-o-sono-do-bebe-pode-mudar\/\" \/>\n<meta property=\"og:locale\" content=\"pt_BR\" \/>\n<meta property=\"og:type\" content=\"article\" \/>\n<meta property=\"og:title\" content=\"Regress\u00e3o dos quatro meses: entenda como o sono do beb\u00ea pode mudar - Jornal Fatos e Not\u00edcias\" \/>\n<meta property=\"og:description\" content=\"Regular o sono do beb\u00ea pode ser um verdadeiro desafio para os pais, principalmente com a &#8220;regress\u00e3o do sono aos quatro meses&#8221; Nos primeiros meses de vida, a rotina de um beb\u00ea \u00e9 cheia de novidades o que, invariavelmente, vai afetar seu descanso. Nesse sentido, ocorre a &#8220;regress\u00e3o do sono aos quatro meses&#8221;, um fen\u00f4meno [&hellip;]\" \/>\n<meta property=\"og:url\" content=\"https:\/\/jornalfatosenoticias.com.br\/index.php\/2024\/11\/27\/regressao-dos-quatro-meses-entenda-como-o-sono-do-bebe-pode-mudar\/\" \/>\n<meta property=\"og:site_name\" content=\"Jornal Fatos e Not\u00edcias\" \/>\n<meta property=\"article:published_time\" content=\"2024-11-27T12:27:07+00:00\" \/>\n<meta property=\"article:modified_time\" content=\"2024-11-27T12:27:09+00:00\" \/>\n<meta property=\"og:image\" content=\"https:\/\/jornalfatosenoticias.com.br\/wp-content\/uploads\/2024\/11\/sono-bebe_istock.jpg\" \/>\n\t<meta property=\"og:image:width\" content=\"612\" \/>\n\t<meta property=\"og:image:height\" content=\"408\" \/>\n\t<meta property=\"og:image:type\" content=\"image\/jpeg\" \/>\n<meta name=\"author\" content=\"Luzimara Fernandes\" \/>\n<meta name=\"twitter:card\" content=\"summary_large_image\" \/>\n<meta name=\"twitter:label1\" content=\"Escrito por\" \/>\n\t<meta name=\"twitter:data1\" content=\"Luzimara Fernandes\" \/>\n\t<meta name=\"twitter:label2\" content=\"Est. tempo de leitura\" \/>\n\t<meta name=\"twitter:data2\" content=\"3 minutos\" \/>\n<script type=\"application\/ld+json\" class=\"yoast-schema-graph\">{\"@context\":\"https:\/\/schema.org\",\"@graph\":[{\"@type\":\"Article\",\"@id\":\"https:\/\/jornalfatosenoticias.com.br\/index.php\/2024\/11\/27\/regressao-dos-quatro-meses-entenda-como-o-sono-do-bebe-pode-mudar\/#article\",\"isPartOf\":{\"@id\":\"https:\/\/jornalfatosenoticias.com.br\/index.php\/2024\/11\/27\/regressao-dos-quatro-meses-entenda-como-o-sono-do-bebe-pode-mudar\/\"},\"author\":{\"name\":\"Luzimara Fernandes\",\"@id\":\"https:\/\/jornalfatosenoticias.com.br\/#\/schema\/person\/d63837fa13ac8666eb9e74e0985d6f81\"},\"headline\":\"Regress\u00e3o dos quatro meses: entenda como o sono do beb\u00ea pode mudar\",\"datePublished\":\"2024-11-27T12:27:07+00:00\",\"dateModified\":\"2024-11-27T12:27:09+00:00\",\"mainEntityOfPage\":{\"@id\":\"https:\/\/jornalfatosenoticias.com.br\/index.php\/2024\/11\/27\/regressao-dos-quatro-meses-entenda-como-o-sono-do-bebe-pode-mudar\/\"},\"wordCount\":575,\"commentCount\":0,\"publisher\":{\"@id\":\"https:\/\/jornalfatosenoticias.com.br\/#organization\"},\"image\":{\"@id\":\"https:\/\/jornalfatosenoticias.com.br\/index.php\/2024\/11\/27\/regressao-dos-quatro-meses-entenda-como-o-sono-do-bebe-pode-mudar\/#primaryimage\"},\"thumbnailUrl\":\"https:\/\/jornalfatosenoticias.com.br\/wp-content\/uploads\/2024\/11\/sono-bebe_istock.jpg\",\"keywords\":[\"beb\u00ea\",\"crian\u00e7as\",\"sa\u00fade do beb\u00ea\",\"sono\"],\"articleSection\":[\"Comportamento &amp; Equil\u00edbrio\"],\"inLanguage\":\"pt-BR\",\"potentialAction\":[{\"@type\":\"CommentAction\",\"name\":\"Comment\",\"target\":[\"https:\/\/jornalfatosenoticias.com.br\/index.php\/2024\/11\/27\/regressao-dos-quatro-meses-entenda-como-o-sono-do-bebe-pode-mudar\/#respond\"]}]},{\"@type\":\"WebPage\",\"@id\":\"https:\/\/jornalfatosenoticias.com.br\/index.php\/2024\/11\/27\/regressao-dos-quatro-meses-entenda-como-o-sono-do-bebe-pode-mudar\/\",\"url\":\"https:\/\/jornalfatosenoticias.com.br\/index.php\/2024\/11\/27\/regressao-dos-quatro-meses-entenda-como-o-sono-do-bebe-pode-mudar\/\",\"name\":\"Regress\u00e3o dos quatro meses: entenda como o sono do beb\u00ea pode mudar - Jornal Fatos e Not\u00edcias\",\"isPartOf\":{\"@id\":\"https:\/\/jornalfatosenoticias.com.br\/#website\"},\"primaryImageOfPage\":{\"@id\":\"https:\/\/jornalfatosenoticias.com.br\/index.php\/2024\/11\/27\/regressao-dos-quatro-meses-entenda-como-o-sono-do-bebe-pode-mudar\/#primaryimage\"},\"image\":{\"@id\":\"https:\/\/jornalfatosenoticias.com.br\/index.php\/2024\/11\/27\/regressao-dos-quatro-meses-entenda-como-o-sono-do-bebe-pode-mudar\/#primaryimage\"},\"thumbnailUrl\":\"https:\/\/jornalfatosenoticias.com.br\/wp-content\/uploads\/2024\/11\/sono-bebe_istock.jpg\",\"datePublished\":\"2024-11-27T12:27:07+00:00\",\"dateModified\":\"2024-11-27T12:27:09+00:00\",\"breadcrumb\":{\"@id\":\"https:\/\/jornalfatosenoticias.com.br\/index.php\/2024\/11\/27\/regressao-dos-quatro-meses-entenda-como-o-sono-do-bebe-pode-mudar\/#breadcrumb\"},\"inLanguage\":\"pt-BR\",\"potentialAction\":[{\"@type\":\"ReadAction\",\"target\":[\"https:\/\/jornalfatosenoticias.com.br\/index.php\/2024\/11\/27\/regressao-dos-quatro-meses-entenda-como-o-sono-do-bebe-pode-mudar\/\"]}]},{\"@type\":\"ImageObject\",\"inLanguage\":\"pt-BR\",\"@id\":\"https:\/\/jornalfatosenoticias.com.br\/index.php\/2024\/11\/27\/regressao-dos-quatro-meses-entenda-como-o-sono-do-bebe-pode-mudar\/#primaryimage\",\"url\":\"https:\/\/jornalfatosenoticias.com.br\/wp-content\/uploads\/2024\/11\/sono-bebe_istock.jpg\",\"contentUrl\":\"https:\/\/jornalfatosenoticias.com.br\/wp-content\/uploads\/2024\/11\/sono-bebe_istock.jpg\",\"width\":612,\"height\":408,\"caption\":\"portrait of african american baby girl sleeping on white bed\"},{\"@type\":\"BreadcrumbList\",\"@id\":\"https:\/\/jornalfatosenoticias.com.br\/index.php\/2024\/11\/27\/regressao-dos-quatro-meses-entenda-como-o-sono-do-bebe-pode-mudar\/#breadcrumb\",\"itemListElement\":[{\"@type\":\"ListItem\",\"position\":1,\"name\":\"In\u00edcio\",\"item\":\"https:\/\/jornalfatosenoticias.com.br\/\"},{\"@type\":\"ListItem\",\"position\":2,\"name\":\"Regress\u00e3o dos quatro meses: entenda como o sono do beb\u00ea pode mudar\"}]},{\"@type\":\"WebSite\",\"@id\":\"https:\/\/jornalfatosenoticias.com.br\/#website\",\"url\":\"https:\/\/jornalfatosenoticias.com.br\/\",\"name\":\"Jornal Fatos e Not\u00edcias\",\"description\":\"Not\u00edcias em geral\",\"publisher\":{\"@id\":\"https:\/\/jornalfatosenoticias.com.br\/#organization\"},\"potentialAction\":[{\"@type\":\"SearchAction\",\"target\":{\"@type\":\"EntryPoint\",\"urlTemplate\":\"https:\/\/jornalfatosenoticias.com.br\/?s={search_term_string}\"},\"query-input\":{\"@type\":\"PropertyValueSpecification\",\"valueRequired\":true,\"valueName\":\"search_term_string\"}}],\"inLanguage\":\"pt-BR\"},{\"@type\":\"Organization\",\"@id\":\"https:\/\/jornalfatosenoticias.com.br\/#organization\",\"name\":\"Jornal Fatos e Not\u00edcias\",\"url\":\"https:\/\/jornalfatosenoticias.com.br\/\",\"logo\":{\"@type\":\"ImageObject\",\"inLanguage\":\"pt-BR\",\"@id\":\"https:\/\/jornalfatosenoticias.com.br\/#\/schema\/logo\/image\/\",\"url\":\"https:\/\/jornalfatosenoticias.com.br\/wp-content\/uploads\/2020\/02\/logo120.png\",\"contentUrl\":\"https:\/\/jornalfatosenoticias.com.br\/wp-content\/uploads\/2020\/02\/logo120.png\",\"width\":1227,\"height\":120,\"caption\":\"Jornal Fatos e Not\u00edcias\"},\"image\":{\"@id\":\"https:\/\/jornalfatosenoticias.com.br\/#\/schema\/logo\/image\/\"}},{\"@type\":\"Person\",\"@id\":\"https:\/\/jornalfatosenoticias.com.br\/#\/schema\/person\/d63837fa13ac8666eb9e74e0985d6f81\",\"name\":\"Luzimara Fernandes\",\"image\":{\"@type\":\"ImageObject\",\"inLanguage\":\"pt-BR\",\"@id\":\"https:\/\/jornalfatosenoticias.com.br\/#\/schema\/person\/image\/\",\"url\":\"https:\/\/jornalfatosenoticias.com.br\/wp-content\/uploads\/2025\/05\/EU_portal.jpg\",\"contentUrl\":\"https:\/\/jornalfatosenoticias.com.br\/wp-content\/uploads\/2025\/05\/EU_portal.jpg\",\"caption\":\"Luzimara Fernandes\"},\"description\":\"Jornalista MTB 2358-ES\",\"sameAs\":[\"https:\/\/jornalfatosenoticias.com.br\"],\"url\":\"https:\/\/jornalfatosenoticias.com.br\/index.php\/author\/luzimara\/\"}]}<\/script>\n<!-- \/ Yoast SEO plugin. -->","yoast_head_json":{"title":"Regress\u00e3o dos quatro meses: entenda como o sono do beb\u00ea pode mudar - Jornal Fatos e Not\u00edcias","robots":{"index":"index","follow":"follow","max-snippet":"max-snippet:-1","max-image-preview":"max-image-preview:large","max-video-preview":"max-video-preview:-1"},"canonical":"https:\/\/jornalfatosenoticias.com.br\/index.php\/2024\/11\/27\/regressao-dos-quatro-meses-entenda-como-o-sono-do-bebe-pode-mudar\/","og_locale":"pt_BR","og_type":"article","og_title":"Regress\u00e3o dos quatro meses: entenda como o sono do beb\u00ea pode mudar - Jornal Fatos e Not\u00edcias","og_description":"Regular o sono do beb\u00ea pode ser um verdadeiro desafio para os pais, principalmente com a &#8220;regress\u00e3o do sono aos quatro meses&#8221; Nos primeiros meses de vida, a rotina de um beb\u00ea \u00e9 cheia de novidades o que, invariavelmente, vai afetar seu descanso. Nesse sentido, ocorre a &#8220;regress\u00e3o do sono aos quatro meses&#8221;, um fen\u00f4meno [&hellip;]","og_url":"https:\/\/jornalfatosenoticias.com.br\/index.php\/2024\/11\/27\/regressao-dos-quatro-meses-entenda-como-o-sono-do-bebe-pode-mudar\/","og_site_name":"Jornal Fatos e Not\u00edcias","article_published_time":"2024-11-27T12:27:07+00:00","article_modified_time":"2024-11-27T12:27:09+00:00","og_image":[{"width":612,"height":408,"url":"https:\/\/jornalfatosenoticias.com.br\/wp-content\/uploads\/2024\/11\/sono-bebe_istock.jpg","type":"image\/jpeg"}],"author":"Luzimara Fernandes","twitter_card":"summary_large_image","twitter_misc":{"Escrito por":"Luzimara Fernandes","Est. tempo de leitura":"3 minutos"},"schema":{"@context":"https:\/\/schema.org","@graph":[{"@type":"Article","@id":"https:\/\/jornalfatosenoticias.com.br\/index.php\/2024\/11\/27\/regressao-dos-quatro-meses-entenda-como-o-sono-do-bebe-pode-mudar\/#article","isPartOf":{"@id":"https:\/\/jornalfatosenoticias.com.br\/index.php\/2024\/11\/27\/regressao-dos-quatro-meses-entenda-como-o-sono-do-bebe-pode-mudar\/"},"author":{"name":"Luzimara Fernandes","@id":"https:\/\/jornalfatosenoticias.com.br\/#\/schema\/person\/d63837fa13ac8666eb9e74e0985d6f81"},"headline":"Regress\u00e3o dos quatro meses: entenda como o sono do beb\u00ea pode mudar","datePublished":"2024-11-27T12:27:07+00:00","dateModified":"2024-11-27T12:27:09+00:00","mainEntityOfPage":{"@id":"https:\/\/jornalfatosenoticias.com.br\/index.php\/2024\/11\/27\/regressao-dos-quatro-meses-entenda-como-o-sono-do-bebe-pode-mudar\/"},"wordCount":575,"commentCount":0,"publisher":{"@id":"https:\/\/jornalfatosenoticias.com.br\/#organization"},"image":{"@id":"https:\/\/jornalfatosenoticias.com.br\/index.php\/2024\/11\/27\/regressao-dos-quatro-meses-entenda-como-o-sono-do-bebe-pode-mudar\/#primaryimage"},"thumbnailUrl":"https:\/\/jornalfatosenoticias.com.br\/wp-content\/uploads\/2024\/11\/sono-bebe_istock.jpg","keywords":["beb\u00ea","crian\u00e7as","sa\u00fade do beb\u00ea","sono"],"articleSection":["Comportamento &amp; Equil\u00edbrio"],"inLanguage":"pt-BR","potentialAction":[{"@type":"CommentAction","name":"Comment","target":["https:\/\/jornalfatosenoticias.com.br\/index.php\/2024\/11\/27\/regressao-dos-quatro-meses-entenda-como-o-sono-do-bebe-pode-mudar\/#respond"]}]},{"@type":"WebPage","@id":"https:\/\/jornalfatosenoticias.com.br\/index.php\/2024\/11\/27\/regressao-dos-quatro-meses-entenda-como-o-sono-do-bebe-pode-mudar\/","url":"https:\/\/jornalfatosenoticias.com.br\/index.php\/2024\/11\/27\/regressao-dos-quatro-meses-entenda-como-o-sono-do-bebe-pode-mudar\/","name":"Regress\u00e3o dos quatro meses: entenda como o sono do beb\u00ea pode mudar - Jornal Fatos e Not\u00edcias","isPartOf":{"@id":"https:\/\/jornalfatosenoticias.com.br\/#website"},"primaryImageOfPage":{"@id":"https:\/\/jornalfatosenoticias.com.br\/index.php\/2024\/11\/27\/regressao-dos-quatro-meses-entenda-como-o-sono-do-bebe-pode-mudar\/#primaryimage"},"image":{"@id":"https:\/\/jornalfatosenoticias.com.br\/index.php\/2024\/11\/27\/regressao-dos-quatro-meses-entenda-como-o-sono-do-bebe-pode-mudar\/#primaryimage"},"thumbnailUrl":"https:\/\/jornalfatosenoticias.com.br\/wp-content\/uploads\/2024\/11\/sono-bebe_istock.jpg","datePublished":"2024-11-27T12:27:07+00:00","dateModified":"2024-11-27T12:27:09+00:00","breadcrumb":{"@id":"https:\/\/jornalfatosenoticias.com.br\/index.php\/2024\/11\/27\/regressao-dos-quatro-meses-entenda-como-o-sono-do-bebe-pode-mudar\/#breadcrumb"},"inLanguage":"pt-BR","potentialAction":[{"@type":"ReadAction","target":["https:\/\/jornalfatosenoticias.com.br\/index.php\/2024\/11\/27\/regressao-dos-quatro-meses-entenda-como-o-sono-do-bebe-pode-mudar\/"]}]},{"@type":"ImageObject","inLanguage":"pt-BR","@id":"https:\/\/jornalfatosenoticias.com.br\/index.php\/2024\/11\/27\/regressao-dos-quatro-meses-entenda-como-o-sono-do-bebe-pode-mudar\/#primaryimage","url":"https:\/\/jornalfatosenoticias.com.br\/wp-content\/uploads\/2024\/11\/sono-bebe_istock.jpg","contentUrl":"https:\/\/jornalfatosenoticias.com.br\/wp-content\/uploads\/2024\/11\/sono-bebe_istock.jpg","width":612,"height":408,"caption":"portrait of african american baby girl sleeping on white bed"},{"@type":"BreadcrumbList","@id":"https:\/\/jornalfatosenoticias.com.br\/index.php\/2024\/11\/27\/regressao-dos-quatro-meses-entenda-como-o-sono-do-bebe-pode-mudar\/#breadcrumb","itemListElement":[{"@type":"ListItem","position":1,"name":"In\u00edcio","item":"https:\/\/jornalfatosenoticias.com.br\/"},{"@type":"ListItem","position":2,"name":"Regress\u00e3o dos quatro meses: entenda como o sono do beb\u00ea pode mudar"}]},{"@type":"WebSite","@id":"https:\/\/jornalfatosenoticias.com.br\/#website","url":"https:\/\/jornalfatosenoticias.com.br\/","name":"Jornal Fatos e Not\u00edcias","description":"Not\u00edcias em geral","publisher":{"@id":"https:\/\/jornalfatosenoticias.com.br\/#organization"},"potentialAction":[{"@type":"SearchAction","target":{"@type":"EntryPoint","urlTemplate":"https:\/\/jornalfatosenoticias.com.br\/?s={search_term_string}"},"query-input":{"@type":"PropertyValueSpecification","valueRequired":true,"valueName":"search_term_string"}}],"inLanguage":"pt-BR"},{"@type":"Organization","@id":"https:\/\/jornalfatosenoticias.com.br\/#organization","name":"Jornal Fatos e Not\u00edcias","url":"https:\/\/jornalfatosenoticias.com.br\/","logo":{"@type":"ImageObject","inLanguage":"pt-BR","@id":"https:\/\/jornalfatosenoticias.com.br\/#\/schema\/logo\/image\/","url":"https:\/\/jornalfatosenoticias.com.br\/wp-content\/uploads\/2020\/02\/logo120.png","contentUrl":"https:\/\/jornalfatosenoticias.com.br\/wp-content\/uploads\/2020\/02\/logo120.png","width":1227,"height":120,"caption":"Jornal Fatos e Not\u00edcias"},"image":{"@id":"https:\/\/jornalfatosenoticias.com.br\/#\/schema\/logo\/image\/"}},{"@type":"Person","@id":"https:\/\/jornalfatosenoticias.com.br\/#\/schema\/person\/d63837fa13ac8666eb9e74e0985d6f81","name":"Luzimara Fernandes","image":{"@type":"ImageObject","inLanguage":"pt-BR","@id":"https:\/\/jornalfatosenoticias.com.br\/#\/schema\/person\/image\/","url":"https:\/\/jornalfatosenoticias.com.br\/wp-content\/uploads\/2025\/05\/EU_portal.jpg","contentUrl":"https:\/\/jornalfatosenoticias.com.br\/wp-content\/uploads\/2025\/05\/EU_portal.jpg","caption":"Luzimara Fernandes"},"description":"Jornalista MTB 2358-ES","sameAs":["https:\/\/jornalfatosenoticias.com.br"],"url":"https:\/\/jornalfatosenoticias.com.br\/index.php\/author\/luzimara\/"}]}},"cc_featured_image_caption":{"caption_text":"(Foto: iStock) ","source_text":"","source_url":""},"jetpack_featured_media_url":"https:\/\/jornalfatosenoticias.com.br\/wp-content\/uploads\/2024\/11\/sono-bebe_istock.jpg","_links":{"self":[{"href":"https:\/\/jornalfatosenoticias.com.br\/index.php\/wp-json\/wp\/v2\/posts\/55960","targetHints":{"allow":["GET"]}}],"collection":[{"href":"https:\/\/jornalfatosenoticias.com.br\/index.php\/wp-json\/wp\/v2\/posts"}],"about":[{"href":"https:\/\/jornalfatosenoticias.com.br\/index.php\/wp-json\/wp\/v2\/types\/post"}],"author":[{"embeddable":true,"href":"https:\/\/jornalfatosenoticias.com.br\/index.php\/wp-json\/wp\/v2\/users\/2"}],"replies":[{"embeddable":true,"href":"https:\/\/jornalfatosenoticias.com.br\/index.php\/wp-json\/wp\/v2\/comments?post=55960"}],"version-history":[{"count":0,"href":"https:\/\/jornalfatosenoticias.com.br\/index.php\/wp-json\/wp\/v2\/posts\/55960\/revisions"}],"wp:featuredmedia":[{"embeddable":true,"href":"https:\/\/jornalfatosenoticias.com.br\/index.php\/wp-json\/wp\/v2\/media\/55961"}],"wp:attachment":[{"href":"https:\/\/jornalfatosenoticias.com.br\/index.php\/wp-json\/wp\/v2\/media?parent=55960"}],"wp:term":[{"taxonomy":"category","embeddable":true,"href":"https:\/\/jornalfatosenoticias.com.br\/index.php\/wp-json\/wp\/v2\/categories?post=55960"},{"taxonomy":"post_tag","embeddable":true,"href":"https:\/\/jornalfatosenoticias.com.br\/index.php\/wp-json\/wp\/v2\/tags?post=55960"}],"curies":[{"name":"wp","href":"https:\/\/api.w.org\/{rel}","templated":true}]}}