{"id":55979,"date":"2024-11-27T10:35:39","date_gmt":"2024-11-27T13:35:39","guid":{"rendered":"https:\/\/jornalfatosenoticias.com.br\/?p=55979"},"modified":"2024-11-27T10:35:41","modified_gmt":"2024-11-27T13:35:41","slug":"cessar-fogo-entre-israel-e-hezbollah-entra-em-vigor-com-advertencias-de-tel-aviv","status":"publish","type":"post","link":"https:\/\/jornalfatosenoticias.com.br\/index.php\/2024\/11\/27\/cessar-fogo-entre-israel-e-hezbollah-entra-em-vigor-com-advertencias-de-tel-aviv\/","title":{"rendered":"Cessar-fogo entre Israel e Hezbollah entra em vigor com advert\u00eancias de Tel Aviv"},"content":{"rendered":"\n<p><span class=\"has-inline-color has-black-color\">Por <strong>Ag\u00eancia EFE<\/strong><\/span><\/p>\n\n\n\n<div class=\"wp-block-image\"><figure class=\"aligncenter size-large\"><a href=\"https:\/\/mizu.com.br\/\"><img loading=\"lazy\" decoding=\"async\" width=\"729\" height=\"90\" src=\"https:\/\/jornalfatosenoticias.com.br\/wp-content\/uploads\/2020\/02\/Logo_Mizu.png\" alt=\"\" class=\"wp-image-1441\" srcset=\"https:\/\/jornalfatosenoticias.com.br\/wp-content\/uploads\/2020\/02\/Logo_Mizu.png 729w, https:\/\/jornalfatosenoticias.com.br\/wp-content\/uploads\/2020\/02\/Logo_Mizu-300x37.png 300w\" sizes=\"auto, (max-width: 729px) 100vw, 729px\" \/><\/a><\/figure><\/div>\n\n\n\n<p>O cessar-fogo de 60 dias entre Israel e o Hezbollah, resultado de um acordo alcan\u00e7ado na v\u00e9spera com os EUA e a Fran\u00e7a como mediadores, entrou em vigor nesta quarta-feira (27), \u00e0s 4h (hor\u00e1rio local, 23h de ter\u00e7a-feira em Bras\u00edlia), ap\u00f3s uma advert\u00eancia do Ex\u00e9rcito israelense de que est\u00e1 mantendo sua tropas destacadas no sul do L\u00edbano.<br>O cessar-fogo seguiu-se ao an\u00fancio feito na v\u00e9spera pelo presidente dos EUA, Joe Biden, que indicou que entraria em vigor na hora marcada, e antecipou que \u201cest\u00e1 concebido para ser uma cessa\u00e7\u00e3o permanente das hostilidades\u201d, segundo destacou em uma mensagem da Casa Branca.<\/p>\n\n\n\n<div class=\"wp-block-image\"><figure class=\"aligncenter size-large is-resized\"><a href=\"https:\/\/www.ithbrasil.com.br\/\"><img loading=\"lazy\" decoding=\"async\" src=\"https:\/\/jornalfatosenoticias.com.br\/wp-content\/uploads\/2023\/08\/ITH.jpeg\" alt=\"\" class=\"wp-image-44638\" width=\"279\" height=\"227\" srcset=\"https:\/\/jornalfatosenoticias.com.br\/wp-content\/uploads\/2023\/08\/ITH.jpeg 800w, https:\/\/jornalfatosenoticias.com.br\/wp-content\/uploads\/2023\/08\/ITH-300x244.jpeg 300w, https:\/\/jornalfatosenoticias.com.br\/wp-content\/uploads\/2023\/08\/ITH-768x624.jpeg 768w\" sizes=\"auto, (max-width: 279px) 100vw, 279px\" \/><\/a><\/figure><\/div>\n\n\n\n<p>Antes do an\u00fancio de Biden, o primeiro-ministro israelense, Benjamin Netanyahu, j\u00e1 havia informado que o gabinete de seguran\u00e7a de Israel tinha aceitado a proposta de cessar-fogo concebida pelos EUA e reiterou que seu pa\u00eds manteria a \u201cliberdade de a\u00e7\u00e3o\u201d se o Hezbollah violasse o acordo e que tinha garantias de Washington a este respeito.<\/p>\n\n\n\n<div class=\"wp-block-image\"><figure class=\"aligncenter size-large is-resized\"><a href=\"https:\/\/www.facebook.com\/profile.php?id=100069289606145\"><img loading=\"lazy\" decoding=\"async\" src=\"https:\/\/jornalfatosenoticias.com.br\/wp-content\/uploads\/2024\/11\/Guaitolini-Contabilidade-1024x714.jpeg\" alt=\"\" class=\"wp-image-55808\" width=\"380\" height=\"265\" srcset=\"https:\/\/jornalfatosenoticias.com.br\/wp-content\/uploads\/2024\/11\/Guaitolini-Contabilidade-1024x714.jpeg 1024w, https:\/\/jornalfatosenoticias.com.br\/wp-content\/uploads\/2024\/11\/Guaitolini-Contabilidade-300x209.jpeg 300w, https:\/\/jornalfatosenoticias.com.br\/wp-content\/uploads\/2024\/11\/Guaitolini-Contabilidade-768x535.jpeg 768w, https:\/\/jornalfatosenoticias.com.br\/wp-content\/uploads\/2024\/11\/Guaitolini-Contabilidade.jpeg 1280w\" sizes=\"auto, (max-width: 380px) 100vw, 380px\" \/><\/a><\/figure><\/div>\n\n\n\n<p>Poucas horas antes, as For\u00e7as de Defesa de Israel emitiram ordens de evacua\u00e7\u00e3o para dois edif\u00edcios localizados ao sul de Beirute, enquanto o Hezbollah afirmou ter atacado com drones a resid\u00eancia do chefe da For\u00e7a A\u00e9rea israelense, o general de divis\u00e3o Tomar Bar, em Tel Aviv.<\/p>\n\n\n\n<div class=\"wp-block-image\"><figure class=\"aligncenter size-large is-resized\"><a href=\"https:\/\/panper.com.br\/\"><img loading=\"lazy\" decoding=\"async\" src=\"https:\/\/jornalfatosenoticias.com.br\/wp-content\/uploads\/2023\/03\/logo-Panper_portal.jpg\" alt=\"\" class=\"wp-image-40208\" width=\"318\" height=\"220\" srcset=\"https:\/\/jornalfatosenoticias.com.br\/wp-content\/uploads\/2023\/03\/logo-Panper_portal.jpg 400w, https:\/\/jornalfatosenoticias.com.br\/wp-content\/uploads\/2023\/03\/logo-Panper_portal-300x208.jpg 300w\" sizes=\"auto, (max-width: 318px) 100vw, 318px\" \/><\/a><\/figure><\/div>\n\n\n\n<p>Segundo o canal de televis\u00e3o liban\u00eas Al-Mayadeen, o Ex\u00e9rcito israelense bombardeou um edif\u00edcio no munic\u00edpio de Ghobeiry, cerca de cinco quil\u00f4metros ao sul de Beirute, pouco antes do cessar-fogo. Cerca de dez minutos depois do cessar-fogo entrar em vigor, o porta-voz em \u00e1rabe do Ex\u00e9rcito israelense, Avichay Adraee, avisou em uma mensagem na sua conta na rede social X que \u201cde acordo com as suas cl\u00e1usulas, as For\u00e7as de Defesa (FDI) permanecer\u00e3o mobilizadas nas suas posi\u00e7\u00f5es no sul do L\u00edbano\u201d.<\/p>\n\n\n\n<div class=\"wp-block-image\"><figure class=\"aligncenter size-large is-resized\"><a href=\"https:\/\/www.instagram.com\/esteiochurrascaria\/\"><img loading=\"lazy\" decoding=\"async\" src=\"https:\/\/jornalfatosenoticias.com.br\/wp-content\/uploads\/2022\/02\/LOGO-ESTEIO-1024x730.png\" alt=\"\" class=\"wp-image-27942\" width=\"351\" height=\"250\" srcset=\"https:\/\/jornalfatosenoticias.com.br\/wp-content\/uploads\/2022\/02\/LOGO-ESTEIO-1024x730.png 1024w, https:\/\/jornalfatosenoticias.com.br\/wp-content\/uploads\/2022\/02\/LOGO-ESTEIO-300x214.png 300w, https:\/\/jornalfatosenoticias.com.br\/wp-content\/uploads\/2022\/02\/LOGO-ESTEIO-768x548.png 768w, https:\/\/jornalfatosenoticias.com.br\/wp-content\/uploads\/2022\/02\/LOGO-ESTEIO.png 1123w\" sizes=\"auto, (max-width: 351px) 100vw, 351px\" \/><\/a><\/figure><\/div>\n\n\n\n<blockquote class=\"wp-block-quote is-layout-flow wp-block-quote-is-layout-flow\"><p><span class=\"has-inline-color has-luminous-vivid-orange-color\">\u00c9 proibido aproximar-se das aldeias que as FDI solicitaram evacuar ou aproximar-se das suas tropas na regi\u00e3o. Para sua seguran\u00e7a e a de seus familiares, evite deslocar-se pela regi\u00e3o. Iremos inform\u00e1-los quando for seguro retornar \u00e0s suas casas\u201d, acrescentou.<\/span><\/p><\/blockquote>\n\n\n\n<div class=\"wp-block-image\"><figure class=\"aligncenter size-large is-resized\"><a href=\"https:\/\/hotelmarquetti.com.br\/\"><img loading=\"lazy\" decoding=\"async\" src=\"https:\/\/jornalfatosenoticias.com.br\/wp-content\/uploads\/2023\/03\/nova-logo-Marquetti.jpg\" alt=\"\" class=\"wp-image-40207\" width=\"338\" height=\"227\" srcset=\"https:\/\/jornalfatosenoticias.com.br\/wp-content\/uploads\/2023\/03\/nova-logo-Marquetti.jpg 643w, https:\/\/jornalfatosenoticias.com.br\/wp-content\/uploads\/2023\/03\/nova-logo-Marquetti-300x202.jpg 300w\" sizes=\"auto, (max-width: 338px) 100vw, 338px\" \/><\/a><\/figure><\/div>\n\n\n\n<p>No entanto, segundo a emissora Al-Mayadeen, dezenas de ve\u00edculos libaneses come\u00e7aram a deslocar-se em dire\u00e7\u00e3o ao sul do pa\u00eds ap\u00f3s o in\u00edcio do cessar-fogo. A troca de hostilidades dos \u00faltimos 14 meses entre as partes do conflito matou 78 pessoas no norte de Israel \u2014 47 civis \u2014 e manteve cerca de 60 mil delas deslocadas de seus lares.<\/p>\n\n\n\n<div class=\"wp-block-image\"><figure class=\"aligncenter size-large is-resized\"><a href=\"https:\/\/www.instagram.com\/serra4x4cambioautomatico\/\"><img loading=\"lazy\" decoding=\"async\" src=\"https:\/\/jornalfatosenoticias.com.br\/wp-content\/uploads\/2024\/08\/Serra-4x4-1-886x1024.jpg\" alt=\"\" class=\"wp-image-53632\" width=\"293\" height=\"338\" srcset=\"https:\/\/jornalfatosenoticias.com.br\/wp-content\/uploads\/2024\/08\/Serra-4x4-1-886x1024.jpg 886w, https:\/\/jornalfatosenoticias.com.br\/wp-content\/uploads\/2024\/08\/Serra-4x4-1-260x300.jpg 260w, https:\/\/jornalfatosenoticias.com.br\/wp-content\/uploads\/2024\/08\/Serra-4x4-1-768x888.jpg 768w, https:\/\/jornalfatosenoticias.com.br\/wp-content\/uploads\/2024\/08\/Serra-4x4-1.jpg 1181w\" sizes=\"auto, (max-width: 293px) 100vw, 293px\" \/><\/a><\/figure><\/div>\n\n\n\n<p>Os presidentes da Fran\u00e7a, Emmanuel Macron, e dos EUA, Joe Biden, propuseram-se como garantidores do cessar-fogo anunciado nesta ter\u00e7a-feira no L\u00edbano e afirmaram que \u201cir\u00e3o fiscalizar para que seja implementado como um todo e aplicado\u201d.<\/p>\n\n\n\n<div class=\"wp-block-image\"><figure class=\"aligncenter size-large is-resized\"><a href=\"https:\/\/www.instagram.com\/vmais.midias\/\"><img loading=\"lazy\" decoding=\"async\" src=\"https:\/\/jornalfatosenoticias.com.br\/wp-content\/uploads\/2020\/02\/DE-MAIS-DESTAQUE-VMAIS-800X700.png\" alt=\"\" class=\"wp-image-53112\" width=\"304\" height=\"265\" srcset=\"https:\/\/jornalfatosenoticias.com.br\/wp-content\/uploads\/2020\/02\/DE-MAIS-DESTAQUE-VMAIS-800X700.png 800w, https:\/\/jornalfatosenoticias.com.br\/wp-content\/uploads\/2020\/02\/DE-MAIS-DESTAQUE-VMAIS-800X700-300x263.png 300w, https:\/\/jornalfatosenoticias.com.br\/wp-content\/uploads\/2020\/02\/DE-MAIS-DESTAQUE-VMAIS-800X700-768x672.png 768w\" sizes=\"auto, (max-width: 304px) 100vw, 304px\" \/><\/a><\/figure><\/div>\n\n\n\n<p>Ap\u00f3s sua implementa\u00e7\u00e3o, Washington buscar\u00e1, juntamente com mediadores da Turquia, Egito e Catar, fechar um acordo entre Israel e o Hamas para p\u00f4r fim \u00e0 guerra em Gaza, com a liberta\u00e7\u00e3o dos ref\u00e9ns raptados pelo grupo terrorista e o encerramento dos ataques.<\/p>\n\n\n\n<p><strong><em>Fonte: <a href=\"https:\/\/www.gazetadopovo.com.br\/mundo\/cessar-fogo-entre-israel-e-hezbollah-entra-em-vigor-com-advertencias-do-exercito\/\">Gazeta do Povo<\/a><\/em><\/strong><\/p>\n","protected":false},"excerpt":{"rendered":"<p>Por Ag\u00eancia EFE O cessar-fogo de 60 dias entre Israel e o Hezbollah, resultado de um acordo alcan\u00e7ado na v\u00e9spera com os EUA e a Fran\u00e7a como mediadores, entrou em vigor nesta quarta-feira (27), \u00e0s 4h (hor\u00e1rio local, 23h de ter\u00e7a-feira em Bras\u00edlia), ap\u00f3s uma advert\u00eancia do Ex\u00e9rcito israelense de que est\u00e1 mantendo sua tropas [&hellip;]<\/p>\n","protected":false},"author":2,"featured_media":55690,"comment_status":"open","ping_status":"open","sticky":false,"template":"","format":"standard","meta":{"footnotes":""},"categories":[41],"tags":[22480,25524,21785,162],"class_list":["post-55979","post","type-post","status-publish","format-standard","has-post-thumbnail","hentry","category-internacional","tag-benjamin-netanyahu","tag-cessar-fogo","tag-hezbollah","tag-israel"],"yoast_head":"<!-- This site is optimized with the Yoast SEO plugin v26.5 - https:\/\/yoast.com\/wordpress\/plugins\/seo\/ -->\n<title>Cessar-fogo entre Israel e Hezbollah entra em vigor com advert\u00eancias de Tel Aviv - Jornal Fatos e Not\u00edcias<\/title>\n<meta name=\"robots\" content=\"index, follow, max-snippet:-1, max-image-preview:large, max-video-preview:-1\" \/>\n<link rel=\"canonical\" href=\"https:\/\/jornalfatosenoticias.com.br\/index.php\/2024\/11\/27\/cessar-fogo-entre-israel-e-hezbollah-entra-em-vigor-com-advertencias-de-tel-aviv\/\" \/>\n<meta property=\"og:locale\" content=\"pt_BR\" \/>\n<meta property=\"og:type\" content=\"article\" \/>\n<meta property=\"og:title\" content=\"Cessar-fogo entre Israel e Hezbollah entra em vigor com advert\u00eancias de Tel Aviv - Jornal Fatos e Not\u00edcias\" \/>\n<meta property=\"og:description\" content=\"Por Ag\u00eancia EFE O cessar-fogo de 60 dias entre Israel e o Hezbollah, resultado de um acordo alcan\u00e7ado na v\u00e9spera com os EUA e a Fran\u00e7a como mediadores, entrou em vigor nesta quarta-feira (27), \u00e0s 4h (hor\u00e1rio local, 23h de ter\u00e7a-feira em Bras\u00edlia), ap\u00f3s uma advert\u00eancia do Ex\u00e9rcito israelense de que est\u00e1 mantendo sua tropas [&hellip;]\" \/>\n<meta property=\"og:url\" content=\"https:\/\/jornalfatosenoticias.com.br\/index.php\/2024\/11\/27\/cessar-fogo-entre-israel-e-hezbollah-entra-em-vigor-com-advertencias-de-tel-aviv\/\" \/>\n<meta property=\"og:site_name\" content=\"Jornal Fatos e Not\u00edcias\" \/>\n<meta property=\"article:published_time\" content=\"2024-11-27T13:35:39+00:00\" \/>\n<meta property=\"article:modified_time\" content=\"2024-11-27T13:35:41+00:00\" \/>\n<meta property=\"og:image\" content=\"https:\/\/jornalfatosenoticias.com.br\/wp-content\/uploads\/2024\/11\/guerra-Israel_gettyimages.jpg\" \/>\n\t<meta property=\"og:image:width\" content=\"612\" \/>\n\t<meta property=\"og:image:height\" content=\"408\" \/>\n\t<meta property=\"og:image:type\" content=\"image\/jpeg\" \/>\n<meta name=\"author\" content=\"Luzimara Fernandes\" \/>\n<meta name=\"twitter:card\" content=\"summary_large_image\" \/>\n<meta name=\"twitter:label1\" content=\"Escrito por\" \/>\n\t<meta name=\"twitter:data1\" content=\"Luzimara Fernandes\" \/>\n\t<meta name=\"twitter:label2\" content=\"Est. tempo de leitura\" \/>\n\t<meta name=\"twitter:data2\" content=\"3 minutos\" \/>\n<script type=\"application\/ld+json\" class=\"yoast-schema-graph\">{\"@context\":\"https:\/\/schema.org\",\"@graph\":[{\"@type\":\"Article\",\"@id\":\"https:\/\/jornalfatosenoticias.com.br\/index.php\/2024\/11\/27\/cessar-fogo-entre-israel-e-hezbollah-entra-em-vigor-com-advertencias-de-tel-aviv\/#article\",\"isPartOf\":{\"@id\":\"https:\/\/jornalfatosenoticias.com.br\/index.php\/2024\/11\/27\/cessar-fogo-entre-israel-e-hezbollah-entra-em-vigor-com-advertencias-de-tel-aviv\/\"},\"author\":{\"name\":\"Luzimara Fernandes\",\"@id\":\"https:\/\/jornalfatosenoticias.com.br\/#\/schema\/person\/d63837fa13ac8666eb9e74e0985d6f81\"},\"headline\":\"Cessar-fogo entre Israel e Hezbollah entra em vigor com advert\u00eancias de Tel Aviv\",\"datePublished\":\"2024-11-27T13:35:39+00:00\",\"dateModified\":\"2024-11-27T13:35:41+00:00\",\"mainEntityOfPage\":{\"@id\":\"https:\/\/jornalfatosenoticias.com.br\/index.php\/2024\/11\/27\/cessar-fogo-entre-israel-e-hezbollah-entra-em-vigor-com-advertencias-de-tel-aviv\/\"},\"wordCount\":522,\"commentCount\":0,\"publisher\":{\"@id\":\"https:\/\/jornalfatosenoticias.com.br\/#organization\"},\"image\":{\"@id\":\"https:\/\/jornalfatosenoticias.com.br\/index.php\/2024\/11\/27\/cessar-fogo-entre-israel-e-hezbollah-entra-em-vigor-com-advertencias-de-tel-aviv\/#primaryimage\"},\"thumbnailUrl\":\"https:\/\/jornalfatosenoticias.com.br\/wp-content\/uploads\/2024\/11\/guerra-Israel_gettyimages.jpg\",\"keywords\":[\"Benjamin Netanyahu\",\"cessar-fogo\",\"Hezbollah\",\"Israel\"],\"articleSection\":[\"Internacional\"],\"inLanguage\":\"pt-BR\",\"potentialAction\":[{\"@type\":\"CommentAction\",\"name\":\"Comment\",\"target\":[\"https:\/\/jornalfatosenoticias.com.br\/index.php\/2024\/11\/27\/cessar-fogo-entre-israel-e-hezbollah-entra-em-vigor-com-advertencias-de-tel-aviv\/#respond\"]}]},{\"@type\":\"WebPage\",\"@id\":\"https:\/\/jornalfatosenoticias.com.br\/index.php\/2024\/11\/27\/cessar-fogo-entre-israel-e-hezbollah-entra-em-vigor-com-advertencias-de-tel-aviv\/\",\"url\":\"https:\/\/jornalfatosenoticias.com.br\/index.php\/2024\/11\/27\/cessar-fogo-entre-israel-e-hezbollah-entra-em-vigor-com-advertencias-de-tel-aviv\/\",\"name\":\"Cessar-fogo entre Israel e Hezbollah entra em vigor com advert\u00eancias de Tel Aviv - Jornal Fatos e Not\u00edcias\",\"isPartOf\":{\"@id\":\"https:\/\/jornalfatosenoticias.com.br\/#website\"},\"primaryImageOfPage\":{\"@id\":\"https:\/\/jornalfatosenoticias.com.br\/index.php\/2024\/11\/27\/cessar-fogo-entre-israel-e-hezbollah-entra-em-vigor-com-advertencias-de-tel-aviv\/#primaryimage\"},\"image\":{\"@id\":\"https:\/\/jornalfatosenoticias.com.br\/index.php\/2024\/11\/27\/cessar-fogo-entre-israel-e-hezbollah-entra-em-vigor-com-advertencias-de-tel-aviv\/#primaryimage\"},\"thumbnailUrl\":\"https:\/\/jornalfatosenoticias.com.br\/wp-content\/uploads\/2024\/11\/guerra-Israel_gettyimages.jpg\",\"datePublished\":\"2024-11-27T13:35:39+00:00\",\"dateModified\":\"2024-11-27T13:35:41+00:00\",\"breadcrumb\":{\"@id\":\"https:\/\/jornalfatosenoticias.com.br\/index.php\/2024\/11\/27\/cessar-fogo-entre-israel-e-hezbollah-entra-em-vigor-com-advertencias-de-tel-aviv\/#breadcrumb\"},\"inLanguage\":\"pt-BR\",\"potentialAction\":[{\"@type\":\"ReadAction\",\"target\":[\"https:\/\/jornalfatosenoticias.com.br\/index.php\/2024\/11\/27\/cessar-fogo-entre-israel-e-hezbollah-entra-em-vigor-com-advertencias-de-tel-aviv\/\"]}]},{\"@type\":\"ImageObject\",\"inLanguage\":\"pt-BR\",\"@id\":\"https:\/\/jornalfatosenoticias.com.br\/index.php\/2024\/11\/27\/cessar-fogo-entre-israel-e-hezbollah-entra-em-vigor-com-advertencias-de-tel-aviv\/#primaryimage\",\"url\":\"https:\/\/jornalfatosenoticias.com.br\/wp-content\/uploads\/2024\/11\/guerra-Israel_gettyimages.jpg\",\"contentUrl\":\"https:\/\/jornalfatosenoticias.com.br\/wp-content\/uploads\/2024\/11\/guerra-Israel_gettyimages.jpg\",\"width\":612,\"height\":408,\"caption\":\"Artillery shells are placed next to an Israeli self-propelled artillery Howitzer at a position near the border with the Gaza Strip in southern Israel on November 6, 2023 amid the ongoing battles between Israel and the Palestinian group Hamas in the Gaza Strip. (Photo by JACK GUEZ \/ AFP) (Photo by JACK GUEZ\/AFP via Getty Images)\"},{\"@type\":\"BreadcrumbList\",\"@id\":\"https:\/\/jornalfatosenoticias.com.br\/index.php\/2024\/11\/27\/cessar-fogo-entre-israel-e-hezbollah-entra-em-vigor-com-advertencias-de-tel-aviv\/#breadcrumb\",\"itemListElement\":[{\"@type\":\"ListItem\",\"position\":1,\"name\":\"In\u00edcio\",\"item\":\"https:\/\/jornalfatosenoticias.com.br\/\"},{\"@type\":\"ListItem\",\"position\":2,\"name\":\"Cessar-fogo entre Israel e Hezbollah entra em vigor com advert\u00eancias de Tel Aviv\"}]},{\"@type\":\"WebSite\",\"@id\":\"https:\/\/jornalfatosenoticias.com.br\/#website\",\"url\":\"https:\/\/jornalfatosenoticias.com.br\/\",\"name\":\"Jornal Fatos e Not\u00edcias\",\"description\":\"Not\u00edcias em geral\",\"publisher\":{\"@id\":\"https:\/\/jornalfatosenoticias.com.br\/#organization\"},\"potentialAction\":[{\"@type\":\"SearchAction\",\"target\":{\"@type\":\"EntryPoint\",\"urlTemplate\":\"https:\/\/jornalfatosenoticias.com.br\/?s={search_term_string}\"},\"query-input\":{\"@type\":\"PropertyValueSpecification\",\"valueRequired\":true,\"valueName\":\"search_term_string\"}}],\"inLanguage\":\"pt-BR\"},{\"@type\":\"Organization\",\"@id\":\"https:\/\/jornalfatosenoticias.com.br\/#organization\",\"name\":\"Jornal Fatos e Not\u00edcias\",\"url\":\"https:\/\/jornalfatosenoticias.com.br\/\",\"logo\":{\"@type\":\"ImageObject\",\"inLanguage\":\"pt-BR\",\"@id\":\"https:\/\/jornalfatosenoticias.com.br\/#\/schema\/logo\/image\/\",\"url\":\"https:\/\/jornalfatosenoticias.com.br\/wp-content\/uploads\/2020\/02\/logo120.png\",\"contentUrl\":\"https:\/\/jornalfatosenoticias.com.br\/wp-content\/uploads\/2020\/02\/logo120.png\",\"width\":1227,\"height\":120,\"caption\":\"Jornal Fatos e Not\u00edcias\"},\"image\":{\"@id\":\"https:\/\/jornalfatosenoticias.com.br\/#\/schema\/logo\/image\/\"}},{\"@type\":\"Person\",\"@id\":\"https:\/\/jornalfatosenoticias.com.br\/#\/schema\/person\/d63837fa13ac8666eb9e74e0985d6f81\",\"name\":\"Luzimara Fernandes\",\"image\":{\"@type\":\"ImageObject\",\"inLanguage\":\"pt-BR\",\"@id\":\"https:\/\/jornalfatosenoticias.com.br\/#\/schema\/person\/image\/\",\"url\":\"https:\/\/jornalfatosenoticias.com.br\/wp-content\/uploads\/2025\/05\/EU_portal.jpg\",\"contentUrl\":\"https:\/\/jornalfatosenoticias.com.br\/wp-content\/uploads\/2025\/05\/EU_portal.jpg\",\"caption\":\"Luzimara Fernandes\"},\"description\":\"Jornalista MTB 2358-ES\",\"sameAs\":[\"https:\/\/jornalfatosenoticias.com.br\"],\"url\":\"https:\/\/jornalfatosenoticias.com.br\/index.php\/author\/luzimara\/\"}]}<\/script>\n<!-- \/ Yoast SEO plugin. -->","yoast_head_json":{"title":"Cessar-fogo entre Israel e Hezbollah entra em vigor com advert\u00eancias de Tel Aviv - Jornal Fatos e Not\u00edcias","robots":{"index":"index","follow":"follow","max-snippet":"max-snippet:-1","max-image-preview":"max-image-preview:large","max-video-preview":"max-video-preview:-1"},"canonical":"https:\/\/jornalfatosenoticias.com.br\/index.php\/2024\/11\/27\/cessar-fogo-entre-israel-e-hezbollah-entra-em-vigor-com-advertencias-de-tel-aviv\/","og_locale":"pt_BR","og_type":"article","og_title":"Cessar-fogo entre Israel e Hezbollah entra em vigor com advert\u00eancias de Tel Aviv - Jornal Fatos e Not\u00edcias","og_description":"Por Ag\u00eancia EFE O cessar-fogo de 60 dias entre Israel e o Hezbollah, resultado de um acordo alcan\u00e7ado na v\u00e9spera com os EUA e a Fran\u00e7a como mediadores, entrou em vigor nesta quarta-feira (27), \u00e0s 4h (hor\u00e1rio local, 23h de ter\u00e7a-feira em Bras\u00edlia), ap\u00f3s uma advert\u00eancia do Ex\u00e9rcito israelense de que est\u00e1 mantendo sua tropas [&hellip;]","og_url":"https:\/\/jornalfatosenoticias.com.br\/index.php\/2024\/11\/27\/cessar-fogo-entre-israel-e-hezbollah-entra-em-vigor-com-advertencias-de-tel-aviv\/","og_site_name":"Jornal Fatos e Not\u00edcias","article_published_time":"2024-11-27T13:35:39+00:00","article_modified_time":"2024-11-27T13:35:41+00:00","og_image":[{"width":612,"height":408,"url":"https:\/\/jornalfatosenoticias.com.br\/wp-content\/uploads\/2024\/11\/guerra-Israel_gettyimages.jpg","type":"image\/jpeg"}],"author":"Luzimara Fernandes","twitter_card":"summary_large_image","twitter_misc":{"Escrito por":"Luzimara Fernandes","Est. tempo de leitura":"3 minutos"},"schema":{"@context":"https:\/\/schema.org","@graph":[{"@type":"Article","@id":"https:\/\/jornalfatosenoticias.com.br\/index.php\/2024\/11\/27\/cessar-fogo-entre-israel-e-hezbollah-entra-em-vigor-com-advertencias-de-tel-aviv\/#article","isPartOf":{"@id":"https:\/\/jornalfatosenoticias.com.br\/index.php\/2024\/11\/27\/cessar-fogo-entre-israel-e-hezbollah-entra-em-vigor-com-advertencias-de-tel-aviv\/"},"author":{"name":"Luzimara Fernandes","@id":"https:\/\/jornalfatosenoticias.com.br\/#\/schema\/person\/d63837fa13ac8666eb9e74e0985d6f81"},"headline":"Cessar-fogo entre Israel e Hezbollah entra em vigor com advert\u00eancias de Tel Aviv","datePublished":"2024-11-27T13:35:39+00:00","dateModified":"2024-11-27T13:35:41+00:00","mainEntityOfPage":{"@id":"https:\/\/jornalfatosenoticias.com.br\/index.php\/2024\/11\/27\/cessar-fogo-entre-israel-e-hezbollah-entra-em-vigor-com-advertencias-de-tel-aviv\/"},"wordCount":522,"commentCount":0,"publisher":{"@id":"https:\/\/jornalfatosenoticias.com.br\/#organization"},"image":{"@id":"https:\/\/jornalfatosenoticias.com.br\/index.php\/2024\/11\/27\/cessar-fogo-entre-israel-e-hezbollah-entra-em-vigor-com-advertencias-de-tel-aviv\/#primaryimage"},"thumbnailUrl":"https:\/\/jornalfatosenoticias.com.br\/wp-content\/uploads\/2024\/11\/guerra-Israel_gettyimages.jpg","keywords":["Benjamin Netanyahu","cessar-fogo","Hezbollah","Israel"],"articleSection":["Internacional"],"inLanguage":"pt-BR","potentialAction":[{"@type":"CommentAction","name":"Comment","target":["https:\/\/jornalfatosenoticias.com.br\/index.php\/2024\/11\/27\/cessar-fogo-entre-israel-e-hezbollah-entra-em-vigor-com-advertencias-de-tel-aviv\/#respond"]}]},{"@type":"WebPage","@id":"https:\/\/jornalfatosenoticias.com.br\/index.php\/2024\/11\/27\/cessar-fogo-entre-israel-e-hezbollah-entra-em-vigor-com-advertencias-de-tel-aviv\/","url":"https:\/\/jornalfatosenoticias.com.br\/index.php\/2024\/11\/27\/cessar-fogo-entre-israel-e-hezbollah-entra-em-vigor-com-advertencias-de-tel-aviv\/","name":"Cessar-fogo entre Israel e Hezbollah entra em vigor com advert\u00eancias de Tel Aviv - Jornal Fatos e Not\u00edcias","isPartOf":{"@id":"https:\/\/jornalfatosenoticias.com.br\/#website"},"primaryImageOfPage":{"@id":"https:\/\/jornalfatosenoticias.com.br\/index.php\/2024\/11\/27\/cessar-fogo-entre-israel-e-hezbollah-entra-em-vigor-com-advertencias-de-tel-aviv\/#primaryimage"},"image":{"@id":"https:\/\/jornalfatosenoticias.com.br\/index.php\/2024\/11\/27\/cessar-fogo-entre-israel-e-hezbollah-entra-em-vigor-com-advertencias-de-tel-aviv\/#primaryimage"},"thumbnailUrl":"https:\/\/jornalfatosenoticias.com.br\/wp-content\/uploads\/2024\/11\/guerra-Israel_gettyimages.jpg","datePublished":"2024-11-27T13:35:39+00:00","dateModified":"2024-11-27T13:35:41+00:00","breadcrumb":{"@id":"https:\/\/jornalfatosenoticias.com.br\/index.php\/2024\/11\/27\/cessar-fogo-entre-israel-e-hezbollah-entra-em-vigor-com-advertencias-de-tel-aviv\/#breadcrumb"},"inLanguage":"pt-BR","potentialAction":[{"@type":"ReadAction","target":["https:\/\/jornalfatosenoticias.com.br\/index.php\/2024\/11\/27\/cessar-fogo-entre-israel-e-hezbollah-entra-em-vigor-com-advertencias-de-tel-aviv\/"]}]},{"@type":"ImageObject","inLanguage":"pt-BR","@id":"https:\/\/jornalfatosenoticias.com.br\/index.php\/2024\/11\/27\/cessar-fogo-entre-israel-e-hezbollah-entra-em-vigor-com-advertencias-de-tel-aviv\/#primaryimage","url":"https:\/\/jornalfatosenoticias.com.br\/wp-content\/uploads\/2024\/11\/guerra-Israel_gettyimages.jpg","contentUrl":"https:\/\/jornalfatosenoticias.com.br\/wp-content\/uploads\/2024\/11\/guerra-Israel_gettyimages.jpg","width":612,"height":408,"caption":"Artillery shells are placed next to an Israeli self-propelled artillery Howitzer at a position near the border with the Gaza Strip in southern Israel on November 6, 2023 amid the ongoing battles between Israel and the Palestinian group Hamas in the Gaza Strip. (Photo by JACK GUEZ \/ AFP) (Photo by JACK GUEZ\/AFP via Getty Images)"},{"@type":"BreadcrumbList","@id":"https:\/\/jornalfatosenoticias.com.br\/index.php\/2024\/11\/27\/cessar-fogo-entre-israel-e-hezbollah-entra-em-vigor-com-advertencias-de-tel-aviv\/#breadcrumb","itemListElement":[{"@type":"ListItem","position":1,"name":"In\u00edcio","item":"https:\/\/jornalfatosenoticias.com.br\/"},{"@type":"ListItem","position":2,"name":"Cessar-fogo entre Israel e Hezbollah entra em vigor com advert\u00eancias de Tel Aviv"}]},{"@type":"WebSite","@id":"https:\/\/jornalfatosenoticias.com.br\/#website","url":"https:\/\/jornalfatosenoticias.com.br\/","name":"Jornal Fatos e Not\u00edcias","description":"Not\u00edcias em geral","publisher":{"@id":"https:\/\/jornalfatosenoticias.com.br\/#organization"},"potentialAction":[{"@type":"SearchAction","target":{"@type":"EntryPoint","urlTemplate":"https:\/\/jornalfatosenoticias.com.br\/?s={search_term_string}"},"query-input":{"@type":"PropertyValueSpecification","valueRequired":true,"valueName":"search_term_string"}}],"inLanguage":"pt-BR"},{"@type":"Organization","@id":"https:\/\/jornalfatosenoticias.com.br\/#organization","name":"Jornal Fatos e Not\u00edcias","url":"https:\/\/jornalfatosenoticias.com.br\/","logo":{"@type":"ImageObject","inLanguage":"pt-BR","@id":"https:\/\/jornalfatosenoticias.com.br\/#\/schema\/logo\/image\/","url":"https:\/\/jornalfatosenoticias.com.br\/wp-content\/uploads\/2020\/02\/logo120.png","contentUrl":"https:\/\/jornalfatosenoticias.com.br\/wp-content\/uploads\/2020\/02\/logo120.png","width":1227,"height":120,"caption":"Jornal Fatos e Not\u00edcias"},"image":{"@id":"https:\/\/jornalfatosenoticias.com.br\/#\/schema\/logo\/image\/"}},{"@type":"Person","@id":"https:\/\/jornalfatosenoticias.com.br\/#\/schema\/person\/d63837fa13ac8666eb9e74e0985d6f81","name":"Luzimara Fernandes","image":{"@type":"ImageObject","inLanguage":"pt-BR","@id":"https:\/\/jornalfatosenoticias.com.br\/#\/schema\/person\/image\/","url":"https:\/\/jornalfatosenoticias.com.br\/wp-content\/uploads\/2025\/05\/EU_portal.jpg","contentUrl":"https:\/\/jornalfatosenoticias.com.br\/wp-content\/uploads\/2025\/05\/EU_portal.jpg","caption":"Luzimara Fernandes"},"description":"Jornalista MTB 2358-ES","sameAs":["https:\/\/jornalfatosenoticias.com.br"],"url":"https:\/\/jornalfatosenoticias.com.br\/index.php\/author\/luzimara\/"}]}},"cc_featured_image_caption":{"caption_text":"(Foto: Getty Images) ","source_text":"","source_url":""},"jetpack_featured_media_url":"https:\/\/jornalfatosenoticias.com.br\/wp-content\/uploads\/2024\/11\/guerra-Israel_gettyimages.jpg","_links":{"self":[{"href":"https:\/\/jornalfatosenoticias.com.br\/index.php\/wp-json\/wp\/v2\/posts\/55979","targetHints":{"allow":["GET"]}}],"collection":[{"href":"https:\/\/jornalfatosenoticias.com.br\/index.php\/wp-json\/wp\/v2\/posts"}],"about":[{"href":"https:\/\/jornalfatosenoticias.com.br\/index.php\/wp-json\/wp\/v2\/types\/post"}],"author":[{"embeddable":true,"href":"https:\/\/jornalfatosenoticias.com.br\/index.php\/wp-json\/wp\/v2\/users\/2"}],"replies":[{"embeddable":true,"href":"https:\/\/jornalfatosenoticias.com.br\/index.php\/wp-json\/wp\/v2\/comments?post=55979"}],"version-history":[{"count":0,"href":"https:\/\/jornalfatosenoticias.com.br\/index.php\/wp-json\/wp\/v2\/posts\/55979\/revisions"}],"wp:featuredmedia":[{"embeddable":true,"href":"https:\/\/jornalfatosenoticias.com.br\/index.php\/wp-json\/wp\/v2\/media\/55690"}],"wp:attachment":[{"href":"https:\/\/jornalfatosenoticias.com.br\/index.php\/wp-json\/wp\/v2\/media?parent=55979"}],"wp:term":[{"taxonomy":"category","embeddable":true,"href":"https:\/\/jornalfatosenoticias.com.br\/index.php\/wp-json\/wp\/v2\/categories?post=55979"},{"taxonomy":"post_tag","embeddable":true,"href":"https:\/\/jornalfatosenoticias.com.br\/index.php\/wp-json\/wp\/v2\/tags?post=55979"}],"curies":[{"name":"wp","href":"https:\/\/api.w.org\/{rel}","templated":true}]}}