{"id":5600,"date":"2020-06-17T12:23:02","date_gmt":"2020-06-17T15:23:02","guid":{"rendered":"https:\/\/jornalfatosenoticias.com.br\/?p=5600"},"modified":"2020-06-17T12:23:06","modified_gmt":"2020-06-17T15:23:06","slug":"carro-voador-lembra-bastante-o-delorean-de-de-volta-para-o-futuro","status":"publish","type":"post","link":"https:\/\/jornalfatosenoticias.com.br\/index.php\/2020\/06\/17\/carro-voador-lembra-bastante-o-delorean-de-de-volta-para-o-futuro\/","title":{"rendered":"Carro voador lembra bastante o DeLorean de &#8216;De Volta Para o Futuro&#8217;"},"content":{"rendered":"\n<h6 class=\"wp-block-heading\"><em>Criado por empresa israelense, ve\u00edculo pode ser usado para t\u00e1xi a\u00e9reo no futuro<\/em><\/h6>\n\n\n\n<p>Uma startup israelense est\u00e1 desenvolvendo um carro voador movido a hidrog\u00eanio com um design futurista que lembra at\u00e9 um pouco o lend\u00e1rio DeLorean, o carro de De Volta Para o Futuro.<br>O ve\u00edculo est\u00e1 sendo feito pela Urban Aeronautics em parceria com a HyPoint, uma fabricante de c\u00e9lulas de hidrog\u00eanio para uso como combust\u00edvel. O carro voador foi pensado para servir como servi\u00e7o de t\u00e1xi a\u00e9reo. O ve\u00edculo n\u00e3o tem asas e n\u00e3o \u00e9 muito maior do que um SUV, e tem capacidade para at\u00e9 seis passageiros.<br>A semelhan\u00e7a do design com o DeLorean de De Volta Para o Futuro \u00e9 clara quando o ve\u00edculo \u00e9 visto de lado, mas de cima ou de baixo as coisas s\u00e3o diferentes: \u00e9 poss\u00edvel ver as grandes ventoinhas que s\u00e3o usadas para mant\u00ea-lo no ar.<br>Ainda n\u00e3o h\u00e1 previs\u00e3o de quando o ve\u00edculo come\u00e7ar\u00e1 a ser de fato usado comercialmente \u2014 se \u00e9 que um dia isso acontecer\u00e1.<\/p>\n\n\n\n<blockquote class=\"wp-block-quote is-layout-flow wp-block-quote-is-layout-flow\"><p><\/p><cite>Como combust\u00edvel 100% ecol\u00f3gico e de alta pot\u00eancia, o hidrog\u00eanio \u00e9 a chave para o futuro das aeronaves eVTOL<\/cite><\/blockquote>\n\n\n\n<h4 class=\"wp-block-heading\">Baseado em ve\u00edculo j\u00e1 existente<\/h4>\n\n\n\n<p>O ve\u00edculo, sem emiss\u00f5es, ser\u00e1 uma vers\u00e3o de longo alcance da aeronave CityHawk. As c\u00e9lulas de combust\u00edvel da HyPoint expandem consideravelmente a pot\u00eancia e a vida \u00fatil dos designs tradicionais, tornando-as um componente leve ideal para a avia\u00e7\u00e3o. O hidrog\u00eanio vem se tornando uma das tecnologias mais empolgantes para o mercado de avia\u00e7\u00e3o el\u00e9trica, com densidade de energia muito melhor do que as baterias de l\u00edtio e reabastecimento super-r\u00e1pido.<br>A aeronave miliar Cormorant, na qual o CityHawk \u00e9 baseado, est\u00e1 voando com sucesso h\u00e1 muitos anos, usando motores de turbina para sua sustenta\u00e7\u00e3o. Se o conceito chegar \u00e0 certifica\u00e7\u00e3o, \u00e9 muito mais f\u00e1cil imaginar esse DeLorean voador navegando pela cidade. Certamente, as opera\u00e7\u00f5es iniciais ser\u00e3o limitadas, mas o projeto pode ser capaz de fornecer voos de porta em porta, se isso for legalmente poss\u00edvel.<br>Por outro lado, existem desvantagens. A forma do corpo pode proporcionar alguma sustenta\u00e7\u00e3o quando ele est\u00e1 indo para a frente, mas apenas metade do necess\u00e1rio para impedir que ele caia.<\/p>\n\n\n\n<figure class=\"wp-block-image size-large\"><img loading=\"lazy\" decoding=\"async\" width=\"1000\" height=\"524\" src=\"https:\/\/jornalfatosenoticias.com.br\/wp-content\/uploads\/2020\/06\/carro_voador2.jpg\" alt=\"\" class=\"wp-image-5601\" srcset=\"https:\/\/jornalfatosenoticias.com.br\/wp-content\/uploads\/2020\/06\/carro_voador2.jpg 1000w, https:\/\/jornalfatosenoticias.com.br\/wp-content\/uploads\/2020\/06\/carro_voador2-300x157.jpg 300w, https:\/\/jornalfatosenoticias.com.br\/wp-content\/uploads\/2020\/06\/carro_voador2-768x402.jpg 768w\" sizes=\"auto, (max-width: 1000px) 100vw, 1000px\" \/><figcaption><em>Carro voador movido a hidrog\u00eanio (Foto: Divulga\u00e7\u00e3o)<\/em><\/figcaption><\/figure>\n\n\n\n<p>Por isso, o CityHawk deve usar muita energia em compara\u00e7\u00e3o com outros VTOL. Usar um trem de for\u00e7a com bateria de l\u00edtio resolveria esse problema, mas n\u00e3o seria bom ecologicamente. Consequentemente, o hidrog\u00eanio \u00e9 uma op\u00e7\u00e3o s\u00e9ria para a Urban Aeronautics.<br>&#8220;Esperamos colaborar com a HyPoint na integra\u00e7\u00e3o da pr\u00f3xima gera\u00e7\u00e3o de sistema de c\u00e9lulas a combust\u00edvel de hidrog\u00eanio para o transporte eVTOL e o mercado de mobilidade a\u00e9rea urbana&#8221;, afirmou Rafi Yoeli, CEO da Urban Aeronautics. &#8220;Como combust\u00edvel 100% ecol\u00f3gico e de alta pot\u00eancia, o hidrog\u00eanio \u00e9 a chave para o futuro das aeronaves eVTOL&#8221;.<\/p>\n\n\n\n<p><strong><em>Fonte: <a href=\"https:\/\/olhardigital.com.br\/carros-e-tecnologia\/noticia\/carro-voador-lembra-bastante-o-delorean-de-de-volta-para-o-futuro\/102078\">Olhar Digital<\/a><\/em><\/strong><\/p>\n","protected":false},"excerpt":{"rendered":"<p>Criado por empresa israelense, ve\u00edculo pode ser usado para t\u00e1xi a\u00e9reo no futuro Uma startup israelense est\u00e1 desenvolvendo um carro voador movido a hidrog\u00eanio com um design futurista que lembra at\u00e9 um pouco o lend\u00e1rio DeLorean, o carro de De Volta Para o Futuro.O ve\u00edculo est\u00e1 sendo feito pela Urban Aeronautics em parceria com a [&hellip;]<\/p>\n","protected":false},"author":2,"featured_media":5602,"comment_status":"open","ping_status":"open","sticky":false,"template":"","format":"standard","meta":{"footnotes":""},"categories":[3],"tags":[3108,3362,3363,3364],"class_list":["post-5600","post","type-post","status-publish","format-standard","has-post-thumbnail","hentry","category-tecnologia","tag-carro-eletrico","tag-carro-hidrogenio","tag-carro-voador","tag-taxi-aereo"],"yoast_head":"<!-- This site is optimized with the Yoast SEO plugin v26.5 - https:\/\/yoast.com\/wordpress\/plugins\/seo\/ -->\n<title>Carro voador lembra bastante o DeLorean de &#039;De Volta Para o Futuro&#039; - Jornal Fatos e Not\u00edcias<\/title>\n<meta name=\"robots\" content=\"index, follow, max-snippet:-1, max-image-preview:large, max-video-preview:-1\" \/>\n<link rel=\"canonical\" href=\"https:\/\/jornalfatosenoticias.com.br\/index.php\/2020\/06\/17\/carro-voador-lembra-bastante-o-delorean-de-de-volta-para-o-futuro\/\" \/>\n<meta property=\"og:locale\" content=\"pt_BR\" \/>\n<meta property=\"og:type\" content=\"article\" \/>\n<meta property=\"og:title\" content=\"Carro voador lembra bastante o DeLorean de &#039;De Volta Para o Futuro&#039; - Jornal Fatos e Not\u00edcias\" \/>\n<meta property=\"og:description\" content=\"Criado por empresa israelense, ve\u00edculo pode ser usado para t\u00e1xi a\u00e9reo no futuro Uma startup israelense est\u00e1 desenvolvendo um carro voador movido a hidrog\u00eanio com um design futurista que lembra at\u00e9 um pouco o lend\u00e1rio DeLorean, o carro de De Volta Para o Futuro.O ve\u00edculo est\u00e1 sendo feito pela Urban Aeronautics em parceria com a [&hellip;]\" \/>\n<meta property=\"og:url\" content=\"https:\/\/jornalfatosenoticias.com.br\/index.php\/2020\/06\/17\/carro-voador-lembra-bastante-o-delorean-de-de-volta-para-o-futuro\/\" \/>\n<meta property=\"og:site_name\" content=\"Jornal Fatos e Not\u00edcias\" \/>\n<meta property=\"article:published_time\" content=\"2020-06-17T15:23:02+00:00\" \/>\n<meta property=\"article:modified_time\" content=\"2020-06-17T15:23:06+00:00\" \/>\n<meta property=\"og:image\" content=\"https:\/\/jornalfatosenoticias.com.br\/wp-content\/uploads\/2020\/06\/carro_voador.jpg\" \/>\n\t<meta property=\"og:image:width\" content=\"1000\" \/>\n\t<meta property=\"og:image:height\" content=\"562\" \/>\n\t<meta property=\"og:image:type\" content=\"image\/jpeg\" \/>\n<meta name=\"author\" content=\"Luzimara Fernandes\" \/>\n<meta name=\"twitter:card\" content=\"summary_large_image\" \/>\n<meta name=\"twitter:label1\" content=\"Escrito por\" \/>\n\t<meta name=\"twitter:data1\" content=\"Luzimara Fernandes\" \/>\n\t<meta name=\"twitter:label2\" content=\"Est. tempo de leitura\" \/>\n\t<meta name=\"twitter:data2\" content=\"3 minutos\" \/>\n<script type=\"application\/ld+json\" class=\"yoast-schema-graph\">{\"@context\":\"https:\/\/schema.org\",\"@graph\":[{\"@type\":\"Article\",\"@id\":\"https:\/\/jornalfatosenoticias.com.br\/index.php\/2020\/06\/17\/carro-voador-lembra-bastante-o-delorean-de-de-volta-para-o-futuro\/#article\",\"isPartOf\":{\"@id\":\"https:\/\/jornalfatosenoticias.com.br\/index.php\/2020\/06\/17\/carro-voador-lembra-bastante-o-delorean-de-de-volta-para-o-futuro\/\"},\"author\":{\"name\":\"Luzimara Fernandes\",\"@id\":\"https:\/\/jornalfatosenoticias.com.br\/#\/schema\/person\/d63837fa13ac8666eb9e74e0985d6f81\"},\"headline\":\"Carro voador lembra bastante o DeLorean de &#8216;De Volta Para o Futuro&#8217;\",\"datePublished\":\"2020-06-17T15:23:02+00:00\",\"dateModified\":\"2020-06-17T15:23:06+00:00\",\"mainEntityOfPage\":{\"@id\":\"https:\/\/jornalfatosenoticias.com.br\/index.php\/2020\/06\/17\/carro-voador-lembra-bastante-o-delorean-de-de-volta-para-o-futuro\/\"},\"wordCount\":530,\"commentCount\":0,\"publisher\":{\"@id\":\"https:\/\/jornalfatosenoticias.com.br\/#organization\"},\"image\":{\"@id\":\"https:\/\/jornalfatosenoticias.com.br\/index.php\/2020\/06\/17\/carro-voador-lembra-bastante-o-delorean-de-de-volta-para-o-futuro\/#primaryimage\"},\"thumbnailUrl\":\"https:\/\/jornalfatosenoticias.com.br\/wp-content\/uploads\/2020\/06\/carro_voador.jpg\",\"keywords\":[\"carro el\u00e9trico\",\"carro hidrog\u00eanio\",\"carro voador\",\"t\u00e1xi a\u00e9reo\"],\"articleSection\":[\"Tecnologia &amp; Inova\u00e7\u00e3o\"],\"inLanguage\":\"pt-BR\",\"potentialAction\":[{\"@type\":\"CommentAction\",\"name\":\"Comment\",\"target\":[\"https:\/\/jornalfatosenoticias.com.br\/index.php\/2020\/06\/17\/carro-voador-lembra-bastante-o-delorean-de-de-volta-para-o-futuro\/#respond\"]}]},{\"@type\":\"WebPage\",\"@id\":\"https:\/\/jornalfatosenoticias.com.br\/index.php\/2020\/06\/17\/carro-voador-lembra-bastante-o-delorean-de-de-volta-para-o-futuro\/\",\"url\":\"https:\/\/jornalfatosenoticias.com.br\/index.php\/2020\/06\/17\/carro-voador-lembra-bastante-o-delorean-de-de-volta-para-o-futuro\/\",\"name\":\"Carro voador lembra bastante o DeLorean de 'De Volta Para o Futuro' - Jornal Fatos e Not\u00edcias\",\"isPartOf\":{\"@id\":\"https:\/\/jornalfatosenoticias.com.br\/#website\"},\"primaryImageOfPage\":{\"@id\":\"https:\/\/jornalfatosenoticias.com.br\/index.php\/2020\/06\/17\/carro-voador-lembra-bastante-o-delorean-de-de-volta-para-o-futuro\/#primaryimage\"},\"image\":{\"@id\":\"https:\/\/jornalfatosenoticias.com.br\/index.php\/2020\/06\/17\/carro-voador-lembra-bastante-o-delorean-de-de-volta-para-o-futuro\/#primaryimage\"},\"thumbnailUrl\":\"https:\/\/jornalfatosenoticias.com.br\/wp-content\/uploads\/2020\/06\/carro_voador.jpg\",\"datePublished\":\"2020-06-17T15:23:02+00:00\",\"dateModified\":\"2020-06-17T15:23:06+00:00\",\"breadcrumb\":{\"@id\":\"https:\/\/jornalfatosenoticias.com.br\/index.php\/2020\/06\/17\/carro-voador-lembra-bastante-o-delorean-de-de-volta-para-o-futuro\/#breadcrumb\"},\"inLanguage\":\"pt-BR\",\"potentialAction\":[{\"@type\":\"ReadAction\",\"target\":[\"https:\/\/jornalfatosenoticias.com.br\/index.php\/2020\/06\/17\/carro-voador-lembra-bastante-o-delorean-de-de-volta-para-o-futuro\/\"]}]},{\"@type\":\"ImageObject\",\"inLanguage\":\"pt-BR\",\"@id\":\"https:\/\/jornalfatosenoticias.com.br\/index.php\/2020\/06\/17\/carro-voador-lembra-bastante-o-delorean-de-de-volta-para-o-futuro\/#primaryimage\",\"url\":\"https:\/\/jornalfatosenoticias.com.br\/wp-content\/uploads\/2020\/06\/carro_voador.jpg\",\"contentUrl\":\"https:\/\/jornalfatosenoticias.com.br\/wp-content\/uploads\/2020\/06\/carro_voador.jpg\",\"width\":1000,\"height\":562},{\"@type\":\"BreadcrumbList\",\"@id\":\"https:\/\/jornalfatosenoticias.com.br\/index.php\/2020\/06\/17\/carro-voador-lembra-bastante-o-delorean-de-de-volta-para-o-futuro\/#breadcrumb\",\"itemListElement\":[{\"@type\":\"ListItem\",\"position\":1,\"name\":\"In\u00edcio\",\"item\":\"https:\/\/jornalfatosenoticias.com.br\/\"},{\"@type\":\"ListItem\",\"position\":2,\"name\":\"Carro voador lembra bastante o DeLorean de &#8216;De Volta Para o Futuro&#8217;\"}]},{\"@type\":\"WebSite\",\"@id\":\"https:\/\/jornalfatosenoticias.com.br\/#website\",\"url\":\"https:\/\/jornalfatosenoticias.com.br\/\",\"name\":\"Jornal Fatos e Not\u00edcias\",\"description\":\"Not\u00edcias em geral\",\"publisher\":{\"@id\":\"https:\/\/jornalfatosenoticias.com.br\/#organization\"},\"potentialAction\":[{\"@type\":\"SearchAction\",\"target\":{\"@type\":\"EntryPoint\",\"urlTemplate\":\"https:\/\/jornalfatosenoticias.com.br\/?s={search_term_string}\"},\"query-input\":{\"@type\":\"PropertyValueSpecification\",\"valueRequired\":true,\"valueName\":\"search_term_string\"}}],\"inLanguage\":\"pt-BR\"},{\"@type\":\"Organization\",\"@id\":\"https:\/\/jornalfatosenoticias.com.br\/#organization\",\"name\":\"Jornal Fatos e Not\u00edcias\",\"url\":\"https:\/\/jornalfatosenoticias.com.br\/\",\"logo\":{\"@type\":\"ImageObject\",\"inLanguage\":\"pt-BR\",\"@id\":\"https:\/\/jornalfatosenoticias.com.br\/#\/schema\/logo\/image\/\",\"url\":\"https:\/\/jornalfatosenoticias.com.br\/wp-content\/uploads\/2020\/02\/logo120.png\",\"contentUrl\":\"https:\/\/jornalfatosenoticias.com.br\/wp-content\/uploads\/2020\/02\/logo120.png\",\"width\":1227,\"height\":120,\"caption\":\"Jornal Fatos e Not\u00edcias\"},\"image\":{\"@id\":\"https:\/\/jornalfatosenoticias.com.br\/#\/schema\/logo\/image\/\"}},{\"@type\":\"Person\",\"@id\":\"https:\/\/jornalfatosenoticias.com.br\/#\/schema\/person\/d63837fa13ac8666eb9e74e0985d6f81\",\"name\":\"Luzimara Fernandes\",\"image\":{\"@type\":\"ImageObject\",\"inLanguage\":\"pt-BR\",\"@id\":\"https:\/\/jornalfatosenoticias.com.br\/#\/schema\/person\/image\/\",\"url\":\"https:\/\/jornalfatosenoticias.com.br\/wp-content\/uploads\/2025\/05\/EU_portal.jpg\",\"contentUrl\":\"https:\/\/jornalfatosenoticias.com.br\/wp-content\/uploads\/2025\/05\/EU_portal.jpg\",\"caption\":\"Luzimara Fernandes\"},\"description\":\"Jornalista MTB 2358-ES\",\"sameAs\":[\"https:\/\/jornalfatosenoticias.com.br\"],\"url\":\"https:\/\/jornalfatosenoticias.com.br\/index.php\/author\/luzimara\/\"}]}<\/script>\n<!-- \/ Yoast SEO plugin. -->","yoast_head_json":{"title":"Carro voador lembra bastante o DeLorean de 'De Volta Para o Futuro' - Jornal Fatos e Not\u00edcias","robots":{"index":"index","follow":"follow","max-snippet":"max-snippet:-1","max-image-preview":"max-image-preview:large","max-video-preview":"max-video-preview:-1"},"canonical":"https:\/\/jornalfatosenoticias.com.br\/index.php\/2020\/06\/17\/carro-voador-lembra-bastante-o-delorean-de-de-volta-para-o-futuro\/","og_locale":"pt_BR","og_type":"article","og_title":"Carro voador lembra bastante o DeLorean de 'De Volta Para o Futuro' - Jornal Fatos e Not\u00edcias","og_description":"Criado por empresa israelense, ve\u00edculo pode ser usado para t\u00e1xi a\u00e9reo no futuro Uma startup israelense est\u00e1 desenvolvendo um carro voador movido a hidrog\u00eanio com um design futurista que lembra at\u00e9 um pouco o lend\u00e1rio DeLorean, o carro de De Volta Para o Futuro.O ve\u00edculo est\u00e1 sendo feito pela Urban Aeronautics em parceria com a [&hellip;]","og_url":"https:\/\/jornalfatosenoticias.com.br\/index.php\/2020\/06\/17\/carro-voador-lembra-bastante-o-delorean-de-de-volta-para-o-futuro\/","og_site_name":"Jornal Fatos e Not\u00edcias","article_published_time":"2020-06-17T15:23:02+00:00","article_modified_time":"2020-06-17T15:23:06+00:00","og_image":[{"width":1000,"height":562,"url":"https:\/\/jornalfatosenoticias.com.br\/wp-content\/uploads\/2020\/06\/carro_voador.jpg","type":"image\/jpeg"}],"author":"Luzimara Fernandes","twitter_card":"summary_large_image","twitter_misc":{"Escrito por":"Luzimara Fernandes","Est. tempo de leitura":"3 minutos"},"schema":{"@context":"https:\/\/schema.org","@graph":[{"@type":"Article","@id":"https:\/\/jornalfatosenoticias.com.br\/index.php\/2020\/06\/17\/carro-voador-lembra-bastante-o-delorean-de-de-volta-para-o-futuro\/#article","isPartOf":{"@id":"https:\/\/jornalfatosenoticias.com.br\/index.php\/2020\/06\/17\/carro-voador-lembra-bastante-o-delorean-de-de-volta-para-o-futuro\/"},"author":{"name":"Luzimara Fernandes","@id":"https:\/\/jornalfatosenoticias.com.br\/#\/schema\/person\/d63837fa13ac8666eb9e74e0985d6f81"},"headline":"Carro voador lembra bastante o DeLorean de &#8216;De Volta Para o Futuro&#8217;","datePublished":"2020-06-17T15:23:02+00:00","dateModified":"2020-06-17T15:23:06+00:00","mainEntityOfPage":{"@id":"https:\/\/jornalfatosenoticias.com.br\/index.php\/2020\/06\/17\/carro-voador-lembra-bastante-o-delorean-de-de-volta-para-o-futuro\/"},"wordCount":530,"commentCount":0,"publisher":{"@id":"https:\/\/jornalfatosenoticias.com.br\/#organization"},"image":{"@id":"https:\/\/jornalfatosenoticias.com.br\/index.php\/2020\/06\/17\/carro-voador-lembra-bastante-o-delorean-de-de-volta-para-o-futuro\/#primaryimage"},"thumbnailUrl":"https:\/\/jornalfatosenoticias.com.br\/wp-content\/uploads\/2020\/06\/carro_voador.jpg","keywords":["carro el\u00e9trico","carro hidrog\u00eanio","carro voador","t\u00e1xi a\u00e9reo"],"articleSection":["Tecnologia &amp; Inova\u00e7\u00e3o"],"inLanguage":"pt-BR","potentialAction":[{"@type":"CommentAction","name":"Comment","target":["https:\/\/jornalfatosenoticias.com.br\/index.php\/2020\/06\/17\/carro-voador-lembra-bastante-o-delorean-de-de-volta-para-o-futuro\/#respond"]}]},{"@type":"WebPage","@id":"https:\/\/jornalfatosenoticias.com.br\/index.php\/2020\/06\/17\/carro-voador-lembra-bastante-o-delorean-de-de-volta-para-o-futuro\/","url":"https:\/\/jornalfatosenoticias.com.br\/index.php\/2020\/06\/17\/carro-voador-lembra-bastante-o-delorean-de-de-volta-para-o-futuro\/","name":"Carro voador lembra bastante o DeLorean de 'De Volta Para o Futuro' - Jornal Fatos e Not\u00edcias","isPartOf":{"@id":"https:\/\/jornalfatosenoticias.com.br\/#website"},"primaryImageOfPage":{"@id":"https:\/\/jornalfatosenoticias.com.br\/index.php\/2020\/06\/17\/carro-voador-lembra-bastante-o-delorean-de-de-volta-para-o-futuro\/#primaryimage"},"image":{"@id":"https:\/\/jornalfatosenoticias.com.br\/index.php\/2020\/06\/17\/carro-voador-lembra-bastante-o-delorean-de-de-volta-para-o-futuro\/#primaryimage"},"thumbnailUrl":"https:\/\/jornalfatosenoticias.com.br\/wp-content\/uploads\/2020\/06\/carro_voador.jpg","datePublished":"2020-06-17T15:23:02+00:00","dateModified":"2020-06-17T15:23:06+00:00","breadcrumb":{"@id":"https:\/\/jornalfatosenoticias.com.br\/index.php\/2020\/06\/17\/carro-voador-lembra-bastante-o-delorean-de-de-volta-para-o-futuro\/#breadcrumb"},"inLanguage":"pt-BR","potentialAction":[{"@type":"ReadAction","target":["https:\/\/jornalfatosenoticias.com.br\/index.php\/2020\/06\/17\/carro-voador-lembra-bastante-o-delorean-de-de-volta-para-o-futuro\/"]}]},{"@type":"ImageObject","inLanguage":"pt-BR","@id":"https:\/\/jornalfatosenoticias.com.br\/index.php\/2020\/06\/17\/carro-voador-lembra-bastante-o-delorean-de-de-volta-para-o-futuro\/#primaryimage","url":"https:\/\/jornalfatosenoticias.com.br\/wp-content\/uploads\/2020\/06\/carro_voador.jpg","contentUrl":"https:\/\/jornalfatosenoticias.com.br\/wp-content\/uploads\/2020\/06\/carro_voador.jpg","width":1000,"height":562},{"@type":"BreadcrumbList","@id":"https:\/\/jornalfatosenoticias.com.br\/index.php\/2020\/06\/17\/carro-voador-lembra-bastante-o-delorean-de-de-volta-para-o-futuro\/#breadcrumb","itemListElement":[{"@type":"ListItem","position":1,"name":"In\u00edcio","item":"https:\/\/jornalfatosenoticias.com.br\/"},{"@type":"ListItem","position":2,"name":"Carro voador lembra bastante o DeLorean de &#8216;De Volta Para o Futuro&#8217;"}]},{"@type":"WebSite","@id":"https:\/\/jornalfatosenoticias.com.br\/#website","url":"https:\/\/jornalfatosenoticias.com.br\/","name":"Jornal Fatos e Not\u00edcias","description":"Not\u00edcias em geral","publisher":{"@id":"https:\/\/jornalfatosenoticias.com.br\/#organization"},"potentialAction":[{"@type":"SearchAction","target":{"@type":"EntryPoint","urlTemplate":"https:\/\/jornalfatosenoticias.com.br\/?s={search_term_string}"},"query-input":{"@type":"PropertyValueSpecification","valueRequired":true,"valueName":"search_term_string"}}],"inLanguage":"pt-BR"},{"@type":"Organization","@id":"https:\/\/jornalfatosenoticias.com.br\/#organization","name":"Jornal Fatos e Not\u00edcias","url":"https:\/\/jornalfatosenoticias.com.br\/","logo":{"@type":"ImageObject","inLanguage":"pt-BR","@id":"https:\/\/jornalfatosenoticias.com.br\/#\/schema\/logo\/image\/","url":"https:\/\/jornalfatosenoticias.com.br\/wp-content\/uploads\/2020\/02\/logo120.png","contentUrl":"https:\/\/jornalfatosenoticias.com.br\/wp-content\/uploads\/2020\/02\/logo120.png","width":1227,"height":120,"caption":"Jornal Fatos e Not\u00edcias"},"image":{"@id":"https:\/\/jornalfatosenoticias.com.br\/#\/schema\/logo\/image\/"}},{"@type":"Person","@id":"https:\/\/jornalfatosenoticias.com.br\/#\/schema\/person\/d63837fa13ac8666eb9e74e0985d6f81","name":"Luzimara Fernandes","image":{"@type":"ImageObject","inLanguage":"pt-BR","@id":"https:\/\/jornalfatosenoticias.com.br\/#\/schema\/person\/image\/","url":"https:\/\/jornalfatosenoticias.com.br\/wp-content\/uploads\/2025\/05\/EU_portal.jpg","contentUrl":"https:\/\/jornalfatosenoticias.com.br\/wp-content\/uploads\/2025\/05\/EU_portal.jpg","caption":"Luzimara Fernandes"},"description":"Jornalista MTB 2358-ES","sameAs":["https:\/\/jornalfatosenoticias.com.br"],"url":"https:\/\/jornalfatosenoticias.com.br\/index.php\/author\/luzimara\/"}]}},"cc_featured_image_caption":{"caption_text":"Carro voador (Foto: Divulga\u00e7\u00e3o)\r\n","source_text":"","source_url":""},"jetpack_featured_media_url":"https:\/\/jornalfatosenoticias.com.br\/wp-content\/uploads\/2020\/06\/carro_voador.jpg","_links":{"self":[{"href":"https:\/\/jornalfatosenoticias.com.br\/index.php\/wp-json\/wp\/v2\/posts\/5600","targetHints":{"allow":["GET"]}}],"collection":[{"href":"https:\/\/jornalfatosenoticias.com.br\/index.php\/wp-json\/wp\/v2\/posts"}],"about":[{"href":"https:\/\/jornalfatosenoticias.com.br\/index.php\/wp-json\/wp\/v2\/types\/post"}],"author":[{"embeddable":true,"href":"https:\/\/jornalfatosenoticias.com.br\/index.php\/wp-json\/wp\/v2\/users\/2"}],"replies":[{"embeddable":true,"href":"https:\/\/jornalfatosenoticias.com.br\/index.php\/wp-json\/wp\/v2\/comments?post=5600"}],"version-history":[{"count":0,"href":"https:\/\/jornalfatosenoticias.com.br\/index.php\/wp-json\/wp\/v2\/posts\/5600\/revisions"}],"wp:featuredmedia":[{"embeddable":true,"href":"https:\/\/jornalfatosenoticias.com.br\/index.php\/wp-json\/wp\/v2\/media\/5602"}],"wp:attachment":[{"href":"https:\/\/jornalfatosenoticias.com.br\/index.php\/wp-json\/wp\/v2\/media?parent=5600"}],"wp:term":[{"taxonomy":"category","embeddable":true,"href":"https:\/\/jornalfatosenoticias.com.br\/index.php\/wp-json\/wp\/v2\/categories?post=5600"},{"taxonomy":"post_tag","embeddable":true,"href":"https:\/\/jornalfatosenoticias.com.br\/index.php\/wp-json\/wp\/v2\/tags?post=5600"}],"curies":[{"name":"wp","href":"https:\/\/api.w.org\/{rel}","templated":true}]}}