{"id":56004,"date":"2024-11-28T16:47:04","date_gmt":"2024-11-28T19:47:04","guid":{"rendered":"https:\/\/jornalfatosenoticias.com.br\/?p=56004"},"modified":"2024-11-28T16:47:05","modified_gmt":"2024-11-28T19:47:05","slug":"a-prosperidade-comeca-na-mente-o-final-que-e-so-o-comeco","status":"publish","type":"post","link":"https:\/\/jornalfatosenoticias.com.br\/index.php\/2024\/11\/28\/a-prosperidade-comeca-na-mente-o-final-que-e-so-o-comeco\/","title":{"rendered":"A prosperidade come\u00e7a na mente: o final que \u00e9 s\u00f3 o come\u00e7o"},"content":{"rendered":"\n<p><em><span class=\"has-inline-color has-black-color\">A mentalidade de prosperidade n\u00e3o \u00e9 simplesmente pensar positivo ou adotar mantras de sucesso<\/span><\/em><\/p>\n\n\n\n<div class=\"wp-block-image\"><figure class=\"aligncenter size-large is-resized\"><a href=\"https:\/\/www.facebook.com\/vetor.vix\/\"><img loading=\"lazy\" decoding=\"async\" src=\"https:\/\/jornalfatosenoticias.com.br\/wp-content\/uploads\/2023\/09\/vetorvix1024_1.jpg\" alt=\"\" class=\"wp-image-44868\" width=\"581\" height=\"154\" srcset=\"https:\/\/jornalfatosenoticias.com.br\/wp-content\/uploads\/2023\/09\/vetorvix1024_1.jpg 1024w, https:\/\/jornalfatosenoticias.com.br\/wp-content\/uploads\/2023\/09\/vetorvix1024_1-300x80.jpg 300w, https:\/\/jornalfatosenoticias.com.br\/wp-content\/uploads\/2023\/09\/vetorvix1024_1-768x205.jpg 768w\" sizes=\"auto, (max-width: 581px) 100vw, 581px\" \/><\/a><\/figure><\/div>\n\n\n\n<p>E chegamos ao fim desse novo in\u00edcio. Hoje apresento o \u00faltimo artigo dessa linda s\u00e9rie de oito artigos que muito me inspirou a escrever. Espero que tenham inspirado voc\u00ea leitor tamb\u00e9m a chegar at\u00e9 o fim e recome\u00e7ar, afinal, todo fim \u00e9 uma oportunidade de come\u00e7o, vamos entender isso sob a vis\u00e3o de Napoleon Hill?<br>Se h\u00e1 algo que Napoleon Hill nos ensina em Mais Esperto que o Diabo, \u00e9 que a prosperidade vai al\u00e9m das circunst\u00e2ncias externas: ela nasce e cresce na mente. Hill afirma com convic\u00e7\u00e3o que &#8220;a prosperidade come\u00e7a na mente&#8221;, um princ\u00edpio que molda o in\u00edcio de qualquer jornada de sucesso. Mas o que realmente significa essa mentalidade pr\u00f3spera, e como aplic\u00e1-la em sua vida e em seus neg\u00f3cios para alcan\u00e7ar resultados duradouros? Hill nos convida a olhar para o interior, onde nossas cren\u00e7as e pensamentos ditam a maneira como reagimos ao mundo e moldamos o nosso futuro.<\/p>\n\n\n\n<div class=\"wp-block-image\"><figure class=\"aligncenter size-large is-resized\"><a href=\"https:\/\/www.controlsystems.com.br\/\"><img loading=\"lazy\" decoding=\"async\" src=\"https:\/\/jornalfatosenoticias.com.br\/wp-content\/uploads\/2020\/02\/CONTROL-CS.jpg\" alt=\"\" class=\"wp-image-44991\" width=\"298\" height=\"357\" srcset=\"https:\/\/jornalfatosenoticias.com.br\/wp-content\/uploads\/2020\/02\/CONTROL-CS.jpg 834w, https:\/\/jornalfatosenoticias.com.br\/wp-content\/uploads\/2020\/02\/CONTROL-CS-250x300.jpg 250w, https:\/\/jornalfatosenoticias.com.br\/wp-content\/uploads\/2020\/02\/CONTROL-CS-768x921.jpg 768w\" sizes=\"auto, (max-width: 298px) 100vw, 298px\" \/><\/a><\/figure><\/div>\n\n\n\n<p>A mentalidade de prosperidade n\u00e3o \u00e9 simplesmente pensar positivo ou adotar mantras de sucesso. Trata-se de uma reprograma\u00e7\u00e3o profunda, que transforma a maneira como voc\u00ea v\u00ea o mundo, as oportunidades e, acima de tudo, a si mesmo. \u00c9 entender que, antes de conquistar qualquer coisa externamente, voc\u00ea precisa construir uma funda\u00e7\u00e3o interna s\u00f3lida. Hill enfatiza que o autodom\u00ednio e a capacidade de escolher pensamentos construtivos s\u00e3o habilidades cruciais para quem deseja prosperar. Aqueles que dominam essa mentalidade veem cada obst\u00e1culo como uma chance de crescer e, em vez de ceder \u00e0 d\u00favida e ao medo, tomam decis\u00f5es com coragem e convic\u00e7\u00e3o.<\/p>\n\n\n\n<div class=\"wp-block-image\"><figure class=\"aligncenter size-large is-resized\"><a href=\"https:\/\/www.instagram.com\/vmais.midias\/\"><img loading=\"lazy\" decoding=\"async\" src=\"https:\/\/jornalfatosenoticias.com.br\/wp-content\/uploads\/2020\/02\/DE-MAIS-DESTAQUE-VMAIS-800X700.png\" alt=\"\" class=\"wp-image-53112\" width=\"315\" height=\"275\" srcset=\"https:\/\/jornalfatosenoticias.com.br\/wp-content\/uploads\/2020\/02\/DE-MAIS-DESTAQUE-VMAIS-800X700.png 800w, https:\/\/jornalfatosenoticias.com.br\/wp-content\/uploads\/2020\/02\/DE-MAIS-DESTAQUE-VMAIS-800X700-300x263.png 300w, https:\/\/jornalfatosenoticias.com.br\/wp-content\/uploads\/2020\/02\/DE-MAIS-DESTAQUE-VMAIS-800X700-768x672.png 768w\" sizes=\"auto, (max-width: 315px) 100vw, 315px\" \/><\/a><\/figure><\/div>\n\n\n\n<p>No ambiente empresarial, essa mentalidade faz toda a diferen\u00e7a. Empreendedores e l\u00edderes de sucesso n\u00e3o s\u00e3o necessariamente os mais inteligentes ou experientes, mas s\u00e3o aqueles que realmente acreditam em seu potencial e agem em conformidade. Eles enxergam os desafios como oportunidades de aprimoramento, os fracassos como valiosas li\u00e7\u00f5es, e o futuro como algo mold\u00e1vel por suas a\u00e7\u00f5es. Grandes l\u00edderes, como Jorge Paulo Lemann e Luiza Helena Trajano, alcan\u00e7aram marcos importantes em seus neg\u00f3cios n\u00e3o s\u00f3 pela compet\u00eancia, mas por manterem a mentalidade de crescimento e a\u00e7\u00e3o frente aos desafios.<\/p>\n\n\n\n<div class=\"wp-block-image\"><figure class=\"aligncenter size-large is-resized\"><a href=\"https:\/\/www.legisjuris.com.br\/\"><img loading=\"lazy\" decoding=\"async\" src=\"https:\/\/jornalfatosenoticias.com.br\/wp-content\/uploads\/2024\/09\/Legis-Juris-Consultoria_logo.jpg\" alt=\"\" class=\"wp-image-53915\" width=\"473\" height=\"198\" srcset=\"https:\/\/jornalfatosenoticias.com.br\/wp-content\/uploads\/2024\/09\/Legis-Juris-Consultoria_logo.jpg 969w, https:\/\/jornalfatosenoticias.com.br\/wp-content\/uploads\/2024\/09\/Legis-Juris-Consultoria_logo-300x126.jpg 300w, https:\/\/jornalfatosenoticias.com.br\/wp-content\/uploads\/2024\/09\/Legis-Juris-Consultoria_logo-768x322.jpg 768w\" sizes=\"auto, (max-width: 473px) 100vw, 473px\" \/><\/a><\/figure><\/div>\n\n\n\n<p>Para cultivar essa mentalidade de prosperidade, Hill sugere pr\u00e1ticas que podem parecer simples, mas que produzem transforma\u00e7\u00f5es reais. Comece com a gratid\u00e3o. Ao inv\u00e9s de focar nas dificuldades, agrade\u00e7a pelas oportunidades e aprendizados di\u00e1rios. Esse h\u00e1bito muda o foco das defici\u00eancias para as abund\u00e2ncias, e Hill acredita que a gratid\u00e3o \u00e9 uma ferramenta poderosa que nos aproxima de uma mentalidade de sucesso. Pratique diariamente, listando as coisas pelas quais \u00e9 grato, tanto nos neg\u00f3cios quanto na vida pessoal. Ao adotar essa pr\u00e1tica, sua perspectiva melhora e voc\u00ea atrai mais motivos para ser grato no futuro.<\/p>\n\n\n\n<div class=\"wp-block-image\"><figure class=\"aligncenter size-large is-resized\"><a href=\"https:\/\/www.facebook.com\/postobkr\/?locale=pt_BR\"><img loading=\"lazy\" decoding=\"async\" src=\"https:\/\/jornalfatosenoticias.com.br\/wp-content\/uploads\/2023\/08\/BKR-1024x1021.jpg\" alt=\"\" class=\"wp-image-44494\" width=\"322\" height=\"321\" srcset=\"https:\/\/jornalfatosenoticias.com.br\/wp-content\/uploads\/2023\/08\/BKR-1024x1021.jpg 1024w, https:\/\/jornalfatosenoticias.com.br\/wp-content\/uploads\/2023\/08\/BKR-300x300.jpg 300w, https:\/\/jornalfatosenoticias.com.br\/wp-content\/uploads\/2023\/08\/BKR-150x150.jpg 150w, https:\/\/jornalfatosenoticias.com.br\/wp-content\/uploads\/2023\/08\/BKR-768x766.jpg 768w, https:\/\/jornalfatosenoticias.com.br\/wp-content\/uploads\/2023\/08\/BKR.jpg 1080w\" sizes=\"auto, (max-width: 322px) 100vw, 322px\" \/><\/a><\/figure><\/div>\n\n\n\n<p>Outro passo poderoso \u00e9 a visualiza\u00e7\u00e3o do sucesso. Mas n\u00e3o apenas como um sonho distante; visualize-o com clareza, como uma realidade concreta. Imagine-se fechando contratos importantes, liderando equipes de alto desempenho e expandindo seu neg\u00f3cio. Como Hill explica, o c\u00e9rebro n\u00e3o diferencia o que \u00e9 vivido do que \u00e9 visualizado intensamente. Essa pr\u00e1tica n\u00e3o s\u00f3 inspira, mas impulsiona sua mente e seu comportamento em dire\u00e7\u00e3o aos objetivos visualizados, preparando o caminho para que voc\u00ea atue com confian\u00e7a e prop\u00f3sito.<\/p>\n\n\n\n<div class=\"wp-block-image\"><figure class=\"aligncenter size-large is-resized\"><a href=\"https:\/\/www.instagram.com\/serra4x4cambioautomatico\/\"><img loading=\"lazy\" decoding=\"async\" src=\"https:\/\/jornalfatosenoticias.com.br\/wp-content\/uploads\/2024\/08\/Serra-4x4-1-886x1024.jpg\" alt=\"\" class=\"wp-image-53632\" width=\"317\" height=\"366\" srcset=\"https:\/\/jornalfatosenoticias.com.br\/wp-content\/uploads\/2024\/08\/Serra-4x4-1-886x1024.jpg 886w, https:\/\/jornalfatosenoticias.com.br\/wp-content\/uploads\/2024\/08\/Serra-4x4-1-260x300.jpg 260w, https:\/\/jornalfatosenoticias.com.br\/wp-content\/uploads\/2024\/08\/Serra-4x4-1-768x888.jpg 768w, https:\/\/jornalfatosenoticias.com.br\/wp-content\/uploads\/2024\/08\/Serra-4x4-1.jpg 1181w\" sizes=\"auto, (max-width: 317px) 100vw, 317px\" \/><\/a><\/figure><\/div>\n\n\n\n<p>Por fim, \u00e9 essencial eliminar o medo do fracasso. Em vez de evit\u00e1-lo, Hill nos desafia a abra\u00e7ar o fracasso como uma parte indispens\u00e1vel do crescimento. &#8220;O fracasso \u00e9 o caminho mais seguro para o sucesso, se voc\u00ea aprender com ele&#8221;, diz ele. Cada erro ou trope\u00e7o se torna uma fonte de aprendizado, um passo a mais em dire\u00e7\u00e3o ao seu objetivo. Exemplos de sucesso, como o de Ab\u00edlio Diniz, mostram como erros s\u00e3o uma constante em qualquer jornada de crescimento. Diniz enfrentou dificuldades e decis\u00f5es arriscadas ao longo de sua carreira, mas foi sua capacidade de aprender com esses momentos que o levou ao topo do sucesso.<\/p>\n\n\n\n<div class=\"wp-block-image\"><figure class=\"aligncenter size-large is-resized\"><a href=\"https:\/\/www.ithbrasil.com.br\/\"><img loading=\"lazy\" decoding=\"async\" src=\"https:\/\/jornalfatosenoticias.com.br\/wp-content\/uploads\/2023\/08\/ITH.jpeg\" alt=\"\" class=\"wp-image-44638\" width=\"335\" height=\"272\" srcset=\"https:\/\/jornalfatosenoticias.com.br\/wp-content\/uploads\/2023\/08\/ITH.jpeg 800w, https:\/\/jornalfatosenoticias.com.br\/wp-content\/uploads\/2023\/08\/ITH-300x244.jpeg 300w, https:\/\/jornalfatosenoticias.com.br\/wp-content\/uploads\/2023\/08\/ITH-768x624.jpeg 768w\" sizes=\"auto, (max-width: 335px) 100vw, 335px\" \/><\/a><\/figure><\/div>\n\n\n\n<p>A prosperidade, como Hill afirma, come\u00e7a na mente, mas exige um cuidado cont\u00ednuo. Cultivar a mentalidade de prosperidade \u00e9 como cuidar de um jardim: o que voc\u00ea planta hoje em sua mente, colher\u00e1 amanh\u00e3 em seus neg\u00f3cios e na vida pessoal. Esse \u00e9 apenas o in\u00edcio de sua jornada, e a cada pr\u00e1tica de gratid\u00e3o, visualiza\u00e7\u00e3o e coragem frente ao fracasso, voc\u00ea fortalece as bases para uma vida pr\u00f3spera. Cuide do seu jardim mental com o mesmo zelo com que cuida de sua empresa, porque, em \u00faltima an\u00e1lise, uma mente pr\u00f3spera floresce em realiza\u00e7\u00f5es que v\u00e3o muito al\u00e9m do mundo material.<\/p>\n\n\n\n<div class=\"wp-block-image\"><figure class=\"aligncenter size-large is-resized\"><a href=\"https:\/\/www.facebook.com\/profile.php?id=100069289606145\"><img loading=\"lazy\" decoding=\"async\" src=\"https:\/\/jornalfatosenoticias.com.br\/wp-content\/uploads\/2024\/11\/Guaitolini-Contabilidade-1024x714.jpeg\" alt=\"\" class=\"wp-image-55808\" width=\"398\" height=\"277\" srcset=\"https:\/\/jornalfatosenoticias.com.br\/wp-content\/uploads\/2024\/11\/Guaitolini-Contabilidade-1024x714.jpeg 1024w, https:\/\/jornalfatosenoticias.com.br\/wp-content\/uploads\/2024\/11\/Guaitolini-Contabilidade-300x209.jpeg 300w, https:\/\/jornalfatosenoticias.com.br\/wp-content\/uploads\/2024\/11\/Guaitolini-Contabilidade-768x535.jpeg 768w, https:\/\/jornalfatosenoticias.com.br\/wp-content\/uploads\/2024\/11\/Guaitolini-Contabilidade.jpeg 1280w\" sizes=\"auto, (max-width: 398px) 100vw, 398px\" \/><\/a><\/figure><\/div>\n\n\n\n<p>Napoleon Hill foi um dos pioneiros do desenvolvimento pessoal e autor de obras que impactaram milh\u00f5es de pessoas ao redor do mundo, como Quem Pensa Enriquece e Mais Esperto que o Diabo. Em uma \u00e9poca marcada por dificuldades econ\u00f4micas e pessoais, Hill dedicou sua vida a estudar os segredos do sucesso e o poder da mente humana. Sua jornada come\u00e7ou quando foi incumbido pelo magnata Andrew Carnegie de entrevistar os maiores l\u00edderes, empreendedores e inovadores da \u00e9poca, incluindo Henry Ford, Thomas Edison e Alexander Graham Bell. A partir dessas conversas, Hill desenvolveu uma filosofia pr\u00e1tica sobre como alcan\u00e7ar o sucesso, baseada na autodisciplina, na supera\u00e7\u00e3o do medo, na persist\u00eancia e no poder da mentalidade positiva.<\/p>\n\n\n\n<div class=\"wp-block-image\"><figure class=\"aligncenter size-large\"><a href=\"http:\/\/www.ferrarimaquinas.com.br\/\"><img loading=\"lazy\" decoding=\"async\" width=\"300\" height=\"250\" src=\"https:\/\/jornalfatosenoticias.com.br\/wp-content\/uploads\/2022\/02\/FERRARI_MAQUINAS-E-FERRAMENTAS2.jpg\" alt=\"\" class=\"wp-image-27860\"\/><\/a><\/figure><\/div>\n\n\n\n<p>Para Hill, o verdadeiro inimigo do progresso n\u00e3o s\u00e3o as circunst\u00e2ncias externas, mas as limita\u00e7\u00f5es que permitimos que se enra\u00edzem em nossas mentes, como o medo, a pregui\u00e7a e a d\u00favida. Suas ideias mostram como dominar a pr\u00f3pria mente e tomar controle das decis\u00f5es di\u00e1rias para construir uma vida de prop\u00f3sito e realiza\u00e7\u00e3o. Ele acreditava que qualquer pessoa pode transformar sua realidade ao reprogramar seus h\u00e1bitos e pensamentos, afastando-se do que ele chamou de &#8220;ritmo hipn\u00f3tico&#8221;, que nos mant\u00e9m em uma zona de conforto que impede o crescimento.<\/p>\n\n\n\n<div class=\"wp-block-image\"><figure class=\"aligncenter size-large is-resized\"><a href=\"https:\/\/panper.com.br\/\"><img loading=\"lazy\" decoding=\"async\" src=\"https:\/\/jornalfatosenoticias.com.br\/wp-content\/uploads\/2023\/03\/logo-Panper_portal.jpg\" alt=\"\" class=\"wp-image-40208\" width=\"310\" height=\"215\" srcset=\"https:\/\/jornalfatosenoticias.com.br\/wp-content\/uploads\/2023\/03\/logo-Panper_portal.jpg 400w, https:\/\/jornalfatosenoticias.com.br\/wp-content\/uploads\/2023\/03\/logo-Panper_portal-300x208.jpg 300w\" sizes=\"auto, (max-width: 310px) 100vw, 310px\" \/><\/a><\/figure><\/div>\n\n\n\n<p>Seguir as li\u00e7\u00f5es de Napoleon Hill pode impactar profundamente sua vida ao proporcionar ferramentas para vencer as barreiras internas e externas. Hill ensina que o sucesso \u00e9 resultado de escolhas di\u00e1rias, guiadas por uma vis\u00e3o clara e um compromisso inabal\u00e1vel com os pr\u00f3prios objetivos. Ao aplicar suas ideias, voc\u00ea pode fortalecer sua autoconfian\u00e7a, aprimorar sua capacidade de decis\u00e3o e transformar desafios em oportunidades.<\/p>\n\n\n\n<div class=\"wp-block-image\"><figure class=\"aligncenter size-large\"><a href=\"https:\/\/cesconetto.com.br\/\"><img loading=\"lazy\" decoding=\"async\" width=\"300\" height=\"250\" src=\"https:\/\/jornalfatosenoticias.com.br\/wp-content\/uploads\/2020\/02\/Banner-2.png\" alt=\"\" class=\"wp-image-43787\"\/><\/a><\/figure><\/div>\n\n\n\n<p>Ao longo desta s\u00e9rie, exploramos temas fundamentais para o desenvolvimento pessoal e profissional, inspirados pelos ensinamentos de Mais Esperto que o Diabo e por exemplos de grandes l\u00edderes e pensadores. Desde a import\u00e2ncia da disciplina e da supera\u00e7\u00e3o da pregui\u00e7a at\u00e9 o combate \u00e0 d\u00favida, cada artigo trouxe reflex\u00f5es profundas sobre como evitar armadilhas mentais que podem limitar nosso potencial. Falamos sobre a for\u00e7a da a\u00e7\u00e3o em face da incerteza, o impacto da mentalidade no sucesso e o poder transformador de uma vida guiada pela coragem e pelo prop\u00f3sito.<\/p>\n\n\n\n<div class=\"wp-block-image\"><figure class=\"aligncenter size-large is-resized\"><a href=\"https:\/\/hotelmarquetti.com.br\/\"><img loading=\"lazy\" decoding=\"async\" src=\"https:\/\/jornalfatosenoticias.com.br\/wp-content\/uploads\/2023\/03\/nova-logo-Marquetti.jpg\" alt=\"\" class=\"wp-image-40207\" width=\"323\" height=\"217\" srcset=\"https:\/\/jornalfatosenoticias.com.br\/wp-content\/uploads\/2023\/03\/nova-logo-Marquetti.jpg 643w, https:\/\/jornalfatosenoticias.com.br\/wp-content\/uploads\/2023\/03\/nova-logo-Marquetti-300x202.jpg 300w\" sizes=\"auto, (max-width: 323px) 100vw, 323px\" \/><\/a><\/figure><\/div>\n\n\n\n<p>Se esses artigos te inspiraram e voc\u00ea deseja continuar sua jornada de crescimento, siga-nos no Instagram em @quintessenciadolivro. Compartilharemos novos conte\u00fados, insights e movimentos voltados para fortalecer ainda mais sua mentalidade e te apoiar na busca pela excel\u00eancia e liberdade. Junte-se a n\u00f3s e esteja por dentro dos pr\u00f3ximos passos rumo \u00e0 realiza\u00e7\u00e3o pessoal e profissional!<\/p>\n\n\n\n<div class=\"wp-block-image\"><figure class=\"aligncenter size-large is-resized\"><a href=\"https:\/\/www.instagram.com\/restaurantepegoretti\/\"><img loading=\"lazy\" decoding=\"async\" src=\"https:\/\/jornalfatosenoticias.com.br\/wp-content\/uploads\/2023\/12\/pegoretti-logo-pdf-1024x389.jpg\" alt=\"\" class=\"wp-image-47536\" width=\"427\" height=\"162\" srcset=\"https:\/\/jornalfatosenoticias.com.br\/wp-content\/uploads\/2023\/12\/pegoretti-logo-pdf-1024x389.jpg 1024w, https:\/\/jornalfatosenoticias.com.br\/wp-content\/uploads\/2023\/12\/pegoretti-logo-pdf-300x114.jpg 300w, https:\/\/jornalfatosenoticias.com.br\/wp-content\/uploads\/2023\/12\/pegoretti-logo-pdf-768x291.jpg 768w, https:\/\/jornalfatosenoticias.com.br\/wp-content\/uploads\/2023\/12\/pegoretti-logo-pdf.jpg 1120w\" sizes=\"auto, (max-width: 427px) 100vw, 427px\" \/><\/a><\/figure><\/div>\n\n\n\n<p>E aproveite a oportunidade de treinar com a equipe de Napoleon Hill nos programas de alto impacto da MasterMind Esp\u00edrito Santo @mastermindespiritosanto.<\/p>\n","protected":false},"excerpt":{"rendered":"<p>A mentalidade de prosperidade n\u00e3o \u00e9 simplesmente pensar positivo ou adotar mantras de sucesso E chegamos ao fim desse novo in\u00edcio. Hoje apresento o \u00faltimo artigo dessa linda s\u00e9rie de oito artigos que muito me inspirou a escrever. Espero que tenham inspirado voc\u00ea leitor tamb\u00e9m a chegar at\u00e9 o fim e recome\u00e7ar, afinal, todo fim [&hellip;]<\/p>\n","protected":false},"author":38,"featured_media":56005,"comment_status":"open","ping_status":"open","sticky":false,"template":"","format":"standard","meta":{"footnotes":""},"categories":[5],"tags":[22840,2373,19011,904],"class_list":["post-56004","post","type-post","status-publish","format-standard","has-post-thumbnail","hentry","category-geral","tag-mentalidade","tag-mente","tag-prosperidade","tag-sucesso"],"yoast_head":"<!-- This site is optimized with the Yoast SEO plugin v26.5 - https:\/\/yoast.com\/wordpress\/plugins\/seo\/ -->\n<title>A prosperidade come\u00e7a na mente: o final que \u00e9 s\u00f3 o come\u00e7o - Jornal Fatos e Not\u00edcias<\/title>\n<meta name=\"robots\" content=\"index, follow, max-snippet:-1, max-image-preview:large, max-video-preview:-1\" \/>\n<link rel=\"canonical\" href=\"https:\/\/jornalfatosenoticias.com.br\/index.php\/2024\/11\/28\/a-prosperidade-comeca-na-mente-o-final-que-e-so-o-comeco\/\" \/>\n<meta property=\"og:locale\" content=\"pt_BR\" \/>\n<meta property=\"og:type\" content=\"article\" \/>\n<meta property=\"og:title\" content=\"A prosperidade come\u00e7a na mente: o final que \u00e9 s\u00f3 o come\u00e7o - Jornal Fatos e Not\u00edcias\" \/>\n<meta property=\"og:description\" content=\"A mentalidade de prosperidade n\u00e3o \u00e9 simplesmente pensar positivo ou adotar mantras de sucesso E chegamos ao fim desse novo in\u00edcio. Hoje apresento o \u00faltimo artigo dessa linda s\u00e9rie de oito artigos que muito me inspirou a escrever. Espero que tenham inspirado voc\u00ea leitor tamb\u00e9m a chegar at\u00e9 o fim e recome\u00e7ar, afinal, todo fim [&hellip;]\" \/>\n<meta property=\"og:url\" content=\"https:\/\/jornalfatosenoticias.com.br\/index.php\/2024\/11\/28\/a-prosperidade-comeca-na-mente-o-final-que-e-so-o-comeco\/\" \/>\n<meta property=\"og:site_name\" content=\"Jornal Fatos e Not\u00edcias\" \/>\n<meta property=\"article:published_time\" content=\"2024-11-28T19:47:04+00:00\" \/>\n<meta property=\"article:modified_time\" content=\"2024-11-28T19:47:05+00:00\" \/>\n<meta property=\"og:image\" content=\"https:\/\/jornalfatosenoticias.com.br\/wp-content\/uploads\/2024\/11\/Texto-juliana.jpeg\" \/>\n\t<meta property=\"og:image:width\" content=\"800\" \/>\n\t<meta property=\"og:image:height\" content=\"800\" \/>\n\t<meta property=\"og:image:type\" content=\"image\/jpeg\" \/>\n<meta name=\"author\" content=\"J\u00faliana Pr\u00e1do\" \/>\n<meta name=\"twitter:card\" content=\"summary_large_image\" \/>\n<meta name=\"twitter:label1\" content=\"Escrito por\" \/>\n\t<meta name=\"twitter:data1\" content=\"J\u00faliana Pr\u00e1do\" \/>\n\t<meta name=\"twitter:label2\" content=\"Est. tempo de leitura\" \/>\n\t<meta name=\"twitter:data2\" content=\"6 minutos\" \/>\n<script type=\"application\/ld+json\" class=\"yoast-schema-graph\">{\"@context\":\"https:\/\/schema.org\",\"@graph\":[{\"@type\":\"Article\",\"@id\":\"https:\/\/jornalfatosenoticias.com.br\/index.php\/2024\/11\/28\/a-prosperidade-comeca-na-mente-o-final-que-e-so-o-comeco\/#article\",\"isPartOf\":{\"@id\":\"https:\/\/jornalfatosenoticias.com.br\/index.php\/2024\/11\/28\/a-prosperidade-comeca-na-mente-o-final-que-e-so-o-comeco\/\"},\"author\":{\"name\":\"J\u00faliana Pr\u00e1do\",\"@id\":\"https:\/\/jornalfatosenoticias.com.br\/#\/schema\/person\/9821dd9f6979b5bb1cc4db5cf21dd75a\"},\"headline\":\"A prosperidade come\u00e7a na mente: o final que \u00e9 s\u00f3 o come\u00e7o\",\"datePublished\":\"2024-11-28T19:47:04+00:00\",\"dateModified\":\"2024-11-28T19:47:05+00:00\",\"mainEntityOfPage\":{\"@id\":\"https:\/\/jornalfatosenoticias.com.br\/index.php\/2024\/11\/28\/a-prosperidade-comeca-na-mente-o-final-que-e-so-o-comeco\/\"},\"wordCount\":1298,\"commentCount\":0,\"publisher\":{\"@id\":\"https:\/\/jornalfatosenoticias.com.br\/#organization\"},\"image\":{\"@id\":\"https:\/\/jornalfatosenoticias.com.br\/index.php\/2024\/11\/28\/a-prosperidade-comeca-na-mente-o-final-que-e-so-o-comeco\/#primaryimage\"},\"thumbnailUrl\":\"https:\/\/jornalfatosenoticias.com.br\/wp-content\/uploads\/2024\/11\/Texto-juliana.jpeg\",\"keywords\":[\"mentalidade\",\"mente\",\"prosperidade\",\"sucesso\"],\"articleSection\":[\"Geral\"],\"inLanguage\":\"pt-BR\",\"potentialAction\":[{\"@type\":\"CommentAction\",\"name\":\"Comment\",\"target\":[\"https:\/\/jornalfatosenoticias.com.br\/index.php\/2024\/11\/28\/a-prosperidade-comeca-na-mente-o-final-que-e-so-o-comeco\/#respond\"]}]},{\"@type\":\"WebPage\",\"@id\":\"https:\/\/jornalfatosenoticias.com.br\/index.php\/2024\/11\/28\/a-prosperidade-comeca-na-mente-o-final-que-e-so-o-comeco\/\",\"url\":\"https:\/\/jornalfatosenoticias.com.br\/index.php\/2024\/11\/28\/a-prosperidade-comeca-na-mente-o-final-que-e-so-o-comeco\/\",\"name\":\"A prosperidade come\u00e7a na mente: o final que \u00e9 s\u00f3 o come\u00e7o - Jornal Fatos e Not\u00edcias\",\"isPartOf\":{\"@id\":\"https:\/\/jornalfatosenoticias.com.br\/#website\"},\"primaryImageOfPage\":{\"@id\":\"https:\/\/jornalfatosenoticias.com.br\/index.php\/2024\/11\/28\/a-prosperidade-comeca-na-mente-o-final-que-e-so-o-comeco\/#primaryimage\"},\"image\":{\"@id\":\"https:\/\/jornalfatosenoticias.com.br\/index.php\/2024\/11\/28\/a-prosperidade-comeca-na-mente-o-final-que-e-so-o-comeco\/#primaryimage\"},\"thumbnailUrl\":\"https:\/\/jornalfatosenoticias.com.br\/wp-content\/uploads\/2024\/11\/Texto-juliana.jpeg\",\"datePublished\":\"2024-11-28T19:47:04+00:00\",\"dateModified\":\"2024-11-28T19:47:05+00:00\",\"breadcrumb\":{\"@id\":\"https:\/\/jornalfatosenoticias.com.br\/index.php\/2024\/11\/28\/a-prosperidade-comeca-na-mente-o-final-que-e-so-o-comeco\/#breadcrumb\"},\"inLanguage\":\"pt-BR\",\"potentialAction\":[{\"@type\":\"ReadAction\",\"target\":[\"https:\/\/jornalfatosenoticias.com.br\/index.php\/2024\/11\/28\/a-prosperidade-comeca-na-mente-o-final-que-e-so-o-comeco\/\"]}]},{\"@type\":\"ImageObject\",\"inLanguage\":\"pt-BR\",\"@id\":\"https:\/\/jornalfatosenoticias.com.br\/index.php\/2024\/11\/28\/a-prosperidade-comeca-na-mente-o-final-que-e-so-o-comeco\/#primaryimage\",\"url\":\"https:\/\/jornalfatosenoticias.com.br\/wp-content\/uploads\/2024\/11\/Texto-juliana.jpeg\",\"contentUrl\":\"https:\/\/jornalfatosenoticias.com.br\/wp-content\/uploads\/2024\/11\/Texto-juliana.jpeg\",\"width\":800,\"height\":800},{\"@type\":\"BreadcrumbList\",\"@id\":\"https:\/\/jornalfatosenoticias.com.br\/index.php\/2024\/11\/28\/a-prosperidade-comeca-na-mente-o-final-que-e-so-o-comeco\/#breadcrumb\",\"itemListElement\":[{\"@type\":\"ListItem\",\"position\":1,\"name\":\"In\u00edcio\",\"item\":\"https:\/\/jornalfatosenoticias.com.br\/\"},{\"@type\":\"ListItem\",\"position\":2,\"name\":\"A prosperidade come\u00e7a na mente: o final que \u00e9 s\u00f3 o come\u00e7o\"}]},{\"@type\":\"WebSite\",\"@id\":\"https:\/\/jornalfatosenoticias.com.br\/#website\",\"url\":\"https:\/\/jornalfatosenoticias.com.br\/\",\"name\":\"Jornal Fatos e Not\u00edcias\",\"description\":\"Not\u00edcias em geral\",\"publisher\":{\"@id\":\"https:\/\/jornalfatosenoticias.com.br\/#organization\"},\"potentialAction\":[{\"@type\":\"SearchAction\",\"target\":{\"@type\":\"EntryPoint\",\"urlTemplate\":\"https:\/\/jornalfatosenoticias.com.br\/?s={search_term_string}\"},\"query-input\":{\"@type\":\"PropertyValueSpecification\",\"valueRequired\":true,\"valueName\":\"search_term_string\"}}],\"inLanguage\":\"pt-BR\"},{\"@type\":\"Organization\",\"@id\":\"https:\/\/jornalfatosenoticias.com.br\/#organization\",\"name\":\"Jornal Fatos e Not\u00edcias\",\"url\":\"https:\/\/jornalfatosenoticias.com.br\/\",\"logo\":{\"@type\":\"ImageObject\",\"inLanguage\":\"pt-BR\",\"@id\":\"https:\/\/jornalfatosenoticias.com.br\/#\/schema\/logo\/image\/\",\"url\":\"https:\/\/jornalfatosenoticias.com.br\/wp-content\/uploads\/2020\/02\/logo120.png\",\"contentUrl\":\"https:\/\/jornalfatosenoticias.com.br\/wp-content\/uploads\/2020\/02\/logo120.png\",\"width\":1227,\"height\":120,\"caption\":\"Jornal Fatos e Not\u00edcias\"},\"image\":{\"@id\":\"https:\/\/jornalfatosenoticias.com.br\/#\/schema\/logo\/image\/\"}},{\"@type\":\"Person\",\"@id\":\"https:\/\/jornalfatosenoticias.com.br\/#\/schema\/person\/9821dd9f6979b5bb1cc4db5cf21dd75a\",\"name\":\"J\u00faliana Pr\u00e1do\",\"image\":{\"@type\":\"ImageObject\",\"inLanguage\":\"pt-BR\",\"@id\":\"https:\/\/jornalfatosenoticias.com.br\/#\/schema\/person\/image\/\",\"url\":\"https:\/\/jornalfatosenoticias.com.br\/wp-content\/uploads\/2023\/04\/Juliana_Prado_JORNAL-removebg-preview-150x150.png\",\"contentUrl\":\"https:\/\/jornalfatosenoticias.com.br\/wp-content\/uploads\/2023\/04\/Juliana_Prado_JORNAL-removebg-preview-150x150.png\",\"caption\":\"J\u00faliana Pr\u00e1do\"},\"description\":\"J\u00faliana Pr\u00e1do Empres\u00e1ria, instrutora da Funda\u00e7\u00e3o Napoleon Hill e especialista em desenvolvimento de l\u00edderes e estrat\u00e9gias empresariais. Com vasta experi\u00eancia na transforma\u00e7\u00e3o de neg\u00f3cios e no empoderamento de mulheres, atua como mentora executiva, ajudando l\u00edderes a superarem desafios e alcan\u00e7arem resultados extraordin\u00e1rios Contato: julianaprado@gmail.com LinkedIn: linkedin.com\/in\/julianaprado\",\"url\":\"https:\/\/jornalfatosenoticias.com.br\/index.php\/author\/juliana-prado\/\"}]}<\/script>\n<!-- \/ Yoast SEO plugin. -->","yoast_head_json":{"title":"A prosperidade come\u00e7a na mente: o final que \u00e9 s\u00f3 o come\u00e7o - Jornal Fatos e Not\u00edcias","robots":{"index":"index","follow":"follow","max-snippet":"max-snippet:-1","max-image-preview":"max-image-preview:large","max-video-preview":"max-video-preview:-1"},"canonical":"https:\/\/jornalfatosenoticias.com.br\/index.php\/2024\/11\/28\/a-prosperidade-comeca-na-mente-o-final-que-e-so-o-comeco\/","og_locale":"pt_BR","og_type":"article","og_title":"A prosperidade come\u00e7a na mente: o final que \u00e9 s\u00f3 o come\u00e7o - Jornal Fatos e Not\u00edcias","og_description":"A mentalidade de prosperidade n\u00e3o \u00e9 simplesmente pensar positivo ou adotar mantras de sucesso E chegamos ao fim desse novo in\u00edcio. Hoje apresento o \u00faltimo artigo dessa linda s\u00e9rie de oito artigos que muito me inspirou a escrever. Espero que tenham inspirado voc\u00ea leitor tamb\u00e9m a chegar at\u00e9 o fim e recome\u00e7ar, afinal, todo fim [&hellip;]","og_url":"https:\/\/jornalfatosenoticias.com.br\/index.php\/2024\/11\/28\/a-prosperidade-comeca-na-mente-o-final-que-e-so-o-comeco\/","og_site_name":"Jornal Fatos e Not\u00edcias","article_published_time":"2024-11-28T19:47:04+00:00","article_modified_time":"2024-11-28T19:47:05+00:00","og_image":[{"width":800,"height":800,"url":"https:\/\/jornalfatosenoticias.com.br\/wp-content\/uploads\/2024\/11\/Texto-juliana.jpeg","type":"image\/jpeg"}],"author":"J\u00faliana Pr\u00e1do","twitter_card":"summary_large_image","twitter_misc":{"Escrito por":"J\u00faliana Pr\u00e1do","Est. tempo de leitura":"6 minutos"},"schema":{"@context":"https:\/\/schema.org","@graph":[{"@type":"Article","@id":"https:\/\/jornalfatosenoticias.com.br\/index.php\/2024\/11\/28\/a-prosperidade-comeca-na-mente-o-final-que-e-so-o-comeco\/#article","isPartOf":{"@id":"https:\/\/jornalfatosenoticias.com.br\/index.php\/2024\/11\/28\/a-prosperidade-comeca-na-mente-o-final-que-e-so-o-comeco\/"},"author":{"name":"J\u00faliana Pr\u00e1do","@id":"https:\/\/jornalfatosenoticias.com.br\/#\/schema\/person\/9821dd9f6979b5bb1cc4db5cf21dd75a"},"headline":"A prosperidade come\u00e7a na mente: o final que \u00e9 s\u00f3 o come\u00e7o","datePublished":"2024-11-28T19:47:04+00:00","dateModified":"2024-11-28T19:47:05+00:00","mainEntityOfPage":{"@id":"https:\/\/jornalfatosenoticias.com.br\/index.php\/2024\/11\/28\/a-prosperidade-comeca-na-mente-o-final-que-e-so-o-comeco\/"},"wordCount":1298,"commentCount":0,"publisher":{"@id":"https:\/\/jornalfatosenoticias.com.br\/#organization"},"image":{"@id":"https:\/\/jornalfatosenoticias.com.br\/index.php\/2024\/11\/28\/a-prosperidade-comeca-na-mente-o-final-que-e-so-o-comeco\/#primaryimage"},"thumbnailUrl":"https:\/\/jornalfatosenoticias.com.br\/wp-content\/uploads\/2024\/11\/Texto-juliana.jpeg","keywords":["mentalidade","mente","prosperidade","sucesso"],"articleSection":["Geral"],"inLanguage":"pt-BR","potentialAction":[{"@type":"CommentAction","name":"Comment","target":["https:\/\/jornalfatosenoticias.com.br\/index.php\/2024\/11\/28\/a-prosperidade-comeca-na-mente-o-final-que-e-so-o-comeco\/#respond"]}]},{"@type":"WebPage","@id":"https:\/\/jornalfatosenoticias.com.br\/index.php\/2024\/11\/28\/a-prosperidade-comeca-na-mente-o-final-que-e-so-o-comeco\/","url":"https:\/\/jornalfatosenoticias.com.br\/index.php\/2024\/11\/28\/a-prosperidade-comeca-na-mente-o-final-que-e-so-o-comeco\/","name":"A prosperidade come\u00e7a na mente: o final que \u00e9 s\u00f3 o come\u00e7o - Jornal Fatos e Not\u00edcias","isPartOf":{"@id":"https:\/\/jornalfatosenoticias.com.br\/#website"},"primaryImageOfPage":{"@id":"https:\/\/jornalfatosenoticias.com.br\/index.php\/2024\/11\/28\/a-prosperidade-comeca-na-mente-o-final-que-e-so-o-comeco\/#primaryimage"},"image":{"@id":"https:\/\/jornalfatosenoticias.com.br\/index.php\/2024\/11\/28\/a-prosperidade-comeca-na-mente-o-final-que-e-so-o-comeco\/#primaryimage"},"thumbnailUrl":"https:\/\/jornalfatosenoticias.com.br\/wp-content\/uploads\/2024\/11\/Texto-juliana.jpeg","datePublished":"2024-11-28T19:47:04+00:00","dateModified":"2024-11-28T19:47:05+00:00","breadcrumb":{"@id":"https:\/\/jornalfatosenoticias.com.br\/index.php\/2024\/11\/28\/a-prosperidade-comeca-na-mente-o-final-que-e-so-o-comeco\/#breadcrumb"},"inLanguage":"pt-BR","potentialAction":[{"@type":"ReadAction","target":["https:\/\/jornalfatosenoticias.com.br\/index.php\/2024\/11\/28\/a-prosperidade-comeca-na-mente-o-final-que-e-so-o-comeco\/"]}]},{"@type":"ImageObject","inLanguage":"pt-BR","@id":"https:\/\/jornalfatosenoticias.com.br\/index.php\/2024\/11\/28\/a-prosperidade-comeca-na-mente-o-final-que-e-so-o-comeco\/#primaryimage","url":"https:\/\/jornalfatosenoticias.com.br\/wp-content\/uploads\/2024\/11\/Texto-juliana.jpeg","contentUrl":"https:\/\/jornalfatosenoticias.com.br\/wp-content\/uploads\/2024\/11\/Texto-juliana.jpeg","width":800,"height":800},{"@type":"BreadcrumbList","@id":"https:\/\/jornalfatosenoticias.com.br\/index.php\/2024\/11\/28\/a-prosperidade-comeca-na-mente-o-final-que-e-so-o-comeco\/#breadcrumb","itemListElement":[{"@type":"ListItem","position":1,"name":"In\u00edcio","item":"https:\/\/jornalfatosenoticias.com.br\/"},{"@type":"ListItem","position":2,"name":"A prosperidade come\u00e7a na mente: o final que \u00e9 s\u00f3 o come\u00e7o"}]},{"@type":"WebSite","@id":"https:\/\/jornalfatosenoticias.com.br\/#website","url":"https:\/\/jornalfatosenoticias.com.br\/","name":"Jornal Fatos e Not\u00edcias","description":"Not\u00edcias em geral","publisher":{"@id":"https:\/\/jornalfatosenoticias.com.br\/#organization"},"potentialAction":[{"@type":"SearchAction","target":{"@type":"EntryPoint","urlTemplate":"https:\/\/jornalfatosenoticias.com.br\/?s={search_term_string}"},"query-input":{"@type":"PropertyValueSpecification","valueRequired":true,"valueName":"search_term_string"}}],"inLanguage":"pt-BR"},{"@type":"Organization","@id":"https:\/\/jornalfatosenoticias.com.br\/#organization","name":"Jornal Fatos e Not\u00edcias","url":"https:\/\/jornalfatosenoticias.com.br\/","logo":{"@type":"ImageObject","inLanguage":"pt-BR","@id":"https:\/\/jornalfatosenoticias.com.br\/#\/schema\/logo\/image\/","url":"https:\/\/jornalfatosenoticias.com.br\/wp-content\/uploads\/2020\/02\/logo120.png","contentUrl":"https:\/\/jornalfatosenoticias.com.br\/wp-content\/uploads\/2020\/02\/logo120.png","width":1227,"height":120,"caption":"Jornal Fatos e Not\u00edcias"},"image":{"@id":"https:\/\/jornalfatosenoticias.com.br\/#\/schema\/logo\/image\/"}},{"@type":"Person","@id":"https:\/\/jornalfatosenoticias.com.br\/#\/schema\/person\/9821dd9f6979b5bb1cc4db5cf21dd75a","name":"J\u00faliana Pr\u00e1do","image":{"@type":"ImageObject","inLanguage":"pt-BR","@id":"https:\/\/jornalfatosenoticias.com.br\/#\/schema\/person\/image\/","url":"https:\/\/jornalfatosenoticias.com.br\/wp-content\/uploads\/2023\/04\/Juliana_Prado_JORNAL-removebg-preview-150x150.png","contentUrl":"https:\/\/jornalfatosenoticias.com.br\/wp-content\/uploads\/2023\/04\/Juliana_Prado_JORNAL-removebg-preview-150x150.png","caption":"J\u00faliana Pr\u00e1do"},"description":"J\u00faliana Pr\u00e1do Empres\u00e1ria, instrutora da Funda\u00e7\u00e3o Napoleon Hill e especialista em desenvolvimento de l\u00edderes e estrat\u00e9gias empresariais. Com vasta experi\u00eancia na transforma\u00e7\u00e3o de neg\u00f3cios e no empoderamento de mulheres, atua como mentora executiva, ajudando l\u00edderes a superarem desafios e alcan\u00e7arem resultados extraordin\u00e1rios Contato: julianaprado@gmail.com LinkedIn: linkedin.com\/in\/julianaprado","url":"https:\/\/jornalfatosenoticias.com.br\/index.php\/author\/juliana-prado\/"}]}},"cc_featured_image_caption":{"caption_text":"(Foto: LinkedIn) ","source_text":"","source_url":""},"jetpack_featured_media_url":"https:\/\/jornalfatosenoticias.com.br\/wp-content\/uploads\/2024\/11\/Texto-juliana.jpeg","_links":{"self":[{"href":"https:\/\/jornalfatosenoticias.com.br\/index.php\/wp-json\/wp\/v2\/posts\/56004","targetHints":{"allow":["GET"]}}],"collection":[{"href":"https:\/\/jornalfatosenoticias.com.br\/index.php\/wp-json\/wp\/v2\/posts"}],"about":[{"href":"https:\/\/jornalfatosenoticias.com.br\/index.php\/wp-json\/wp\/v2\/types\/post"}],"author":[{"embeddable":true,"href":"https:\/\/jornalfatosenoticias.com.br\/index.php\/wp-json\/wp\/v2\/users\/38"}],"replies":[{"embeddable":true,"href":"https:\/\/jornalfatosenoticias.com.br\/index.php\/wp-json\/wp\/v2\/comments?post=56004"}],"version-history":[{"count":0,"href":"https:\/\/jornalfatosenoticias.com.br\/index.php\/wp-json\/wp\/v2\/posts\/56004\/revisions"}],"wp:featuredmedia":[{"embeddable":true,"href":"https:\/\/jornalfatosenoticias.com.br\/index.php\/wp-json\/wp\/v2\/media\/56005"}],"wp:attachment":[{"href":"https:\/\/jornalfatosenoticias.com.br\/index.php\/wp-json\/wp\/v2\/media?parent=56004"}],"wp:term":[{"taxonomy":"category","embeddable":true,"href":"https:\/\/jornalfatosenoticias.com.br\/index.php\/wp-json\/wp\/v2\/categories?post=56004"},{"taxonomy":"post_tag","embeddable":true,"href":"https:\/\/jornalfatosenoticias.com.br\/index.php\/wp-json\/wp\/v2\/tags?post=56004"}],"curies":[{"name":"wp","href":"https:\/\/api.w.org\/{rel}","templated":true}]}}