{"id":5604,"date":"2020-06-17T12:58:47","date_gmt":"2020-06-17T15:58:47","guid":{"rendered":"https:\/\/jornalfatosenoticias.com.br\/?p=5604"},"modified":"2020-06-17T12:58:52","modified_gmt":"2020-06-17T15:58:52","slug":"nova-celula-solar-fotovoltaica-gera-energia-com-luz-e-sombra","status":"publish","type":"post","link":"https:\/\/jornalfatosenoticias.com.br\/index.php\/2020\/06\/17\/nova-celula-solar-fotovoltaica-gera-energia-com-luz-e-sombra\/","title":{"rendered":"Nova c\u00e9lula solar fotovoltaica gera energia com luz e sombra"},"content":{"rendered":"\n<h6 class=\"wp-block-heading\"><em>Contraste na ilumina\u00e7\u00e3o produz uma diferen\u00e7a de tens\u00e3o usada para produzir energia<\/em><\/h6>\n\n\n\n<p>Um time de cientistas da Universidade Nacional de Singapura desenvolveu um novo tipo de c\u00e9lula solar que usa o contraste de sombra e luz para gerar eletricidade. Para isso, eles depositaram uma camada superfina de ouro sobre o sil\u00edcio, semicondutor utilizado nas c\u00e9lulas de kits de energia solar usados hoje para casas e empresas.<br>A luz que brilha no sil\u00edcio energiza seus el\u00e9trons, enquanto a camada de ouro produz uma corrente el\u00e9trica quando parte do dispositivo est\u00e1 na sombra.<br>O time, liderado pelo Dr. Swee Ching Tan, chamou o dispositivo de \u201cgerador de energia por efeito sombra\u201d (SEG, na sigla em ingl\u00eas), conforme explicam no artigo cient\u00edfico publicado no jornal acad\u00eamico Energy &amp; Environmental Science.<\/p>\n\n\n\n<h4 class=\"wp-block-heading\">Energia que vem do contraste<\/h4>\n\n\n\n<p>Excitados pelos f\u00f3tons da luz do sol, os el\u00e9trons migram do sil\u00edcio para o ouro. Quando parte da c\u00e9lula est\u00e1 encoberta, a voltagem na parte iluminada aumenta e os el\u00e9trons migram para a parte sombreada atrav\u00e9s de um circuito externo, o que cria a corrente el\u00e9trica.<br>\u201cO contraste na ilumina\u00e7\u00e3o induz uma diferen\u00e7a de tens\u00e3o entre a sombra e as se\u00e7\u00f5es iluminadas e, como resultado, obtemos uma corrente el\u00e9trica\u201d, explica Tan.<br>De acordo com o artigo, a c\u00e9lula SEG precisa estar ao mesmo tempo sob a luz e a sombra para que funcione, e n\u00e3o apresenta resultado se apenas iluminada ou encoberta.<br>No entanto, a nova tecnologia pode ser uma \u00f3tima solu\u00e7\u00e3o para as instala\u00e7\u00f5es de sistemas que, dependendo da localiza\u00e7\u00e3o, podem sofrer com problemas de sombreamento, como em telhados pr\u00f3ximos a pr\u00e9dios ou \u00e1rvores.<br>\u201cNos pain\u00e9is fotovoltaicos convencionais as sombras t\u00eam um efeito negativo, pois reduz o desempenho dos dispositivos. Com este trabalho, capitalizamos o contraste de ilumina\u00e7\u00e3o causado pelas sombras como fonte indireta de energia\u201d, avalia Tan.<\/p>\n\n\n\n<h4 class=\"wp-block-heading\">Dobro de efici\u00eancia<\/h4>\n\n\n\n<p>Segundo o time, os experimentos em laborat\u00f3rio mostraram que as c\u00e9lulas SEG s\u00e3o duas vezes mais eficientes que as c\u00e9lulas de sil\u00edcio tradicional, desde que constantemente sob a mesma quantidade de luz e sombra.<br>Al\u00e9m disso, os cientistas garantem que as placas fabricadas com as novas c\u00e9lulas t\u00eam custo mais baixo de produ\u00e7\u00e3o que as placas tradicionais. \u201cO processo de fabrica\u00e7\u00e3o \u00e9 muito mais simples, \u00e9 apenas uma etapa\u201d, afirma Tan.<br>As finas l\u00e2minas de sil\u00edcio e ouro s\u00e3o depositadas sobre um pl\u00e1stico filme transparente, o que torna a nova c\u00e9lula flex\u00edvel e aumenta a sua gama de aplica\u00e7\u00f5es.<\/p>\n\n\n\n<p><strong><em>Fonte: <a href=\"https:\/\/ciclovivo.com.br\/planeta\/energia\/nova-celula-solar-fotovoltaica-gera-energia-com-luz-e-sombra\/\">CicloVivo<\/a><\/em><\/strong><\/p>\n","protected":false},"excerpt":{"rendered":"<p>Contraste na ilumina\u00e7\u00e3o produz uma diferen\u00e7a de tens\u00e3o usada para produzir energia Um time de cientistas da Universidade Nacional de Singapura desenvolveu um novo tipo de c\u00e9lula solar que usa o contraste de sombra e luz para gerar eletricidade. Para isso, eles depositaram uma camada superfina de ouro sobre o sil\u00edcio, semicondutor utilizado nas c\u00e9lulas [&hellip;]<\/p>\n","protected":false},"author":2,"featured_media":5605,"comment_status":"open","ping_status":"open","sticky":false,"template":"","format":"standard","meta":{"footnotes":""},"categories":[8,3],"tags":[3365,201,1094,2887],"class_list":["post-5604","post","type-post","status-publish","format-standard","has-post-thumbnail","hentry","category-meio-ambiente","category-tecnologia","tag-celula-solar","tag-eletricidade","tag-energia-limpa","tag-luz"],"yoast_head":"<!-- This site is optimized with the Yoast SEO plugin v26.5 - https:\/\/yoast.com\/wordpress\/plugins\/seo\/ -->\n<title>Nova c\u00e9lula solar fotovoltaica gera energia com luz e sombra - Jornal Fatos e Not\u00edcias<\/title>\n<meta name=\"robots\" content=\"index, follow, max-snippet:-1, max-image-preview:large, max-video-preview:-1\" \/>\n<link rel=\"canonical\" href=\"https:\/\/jornalfatosenoticias.com.br\/index.php\/2020\/06\/17\/nova-celula-solar-fotovoltaica-gera-energia-com-luz-e-sombra\/\" \/>\n<meta property=\"og:locale\" content=\"pt_BR\" \/>\n<meta property=\"og:type\" content=\"article\" \/>\n<meta property=\"og:title\" content=\"Nova c\u00e9lula solar fotovoltaica gera energia com luz e sombra - Jornal Fatos e Not\u00edcias\" \/>\n<meta property=\"og:description\" content=\"Contraste na ilumina\u00e7\u00e3o produz uma diferen\u00e7a de tens\u00e3o usada para produzir energia Um time de cientistas da Universidade Nacional de Singapura desenvolveu um novo tipo de c\u00e9lula solar que usa o contraste de sombra e luz para gerar eletricidade. Para isso, eles depositaram uma camada superfina de ouro sobre o sil\u00edcio, semicondutor utilizado nas c\u00e9lulas [&hellip;]\" \/>\n<meta property=\"og:url\" content=\"https:\/\/jornalfatosenoticias.com.br\/index.php\/2020\/06\/17\/nova-celula-solar-fotovoltaica-gera-energia-com-luz-e-sombra\/\" \/>\n<meta property=\"og:site_name\" content=\"Jornal Fatos e Not\u00edcias\" \/>\n<meta property=\"article:published_time\" content=\"2020-06-17T15:58:47+00:00\" \/>\n<meta property=\"article:modified_time\" content=\"2020-06-17T15:58:52+00:00\" \/>\n<meta property=\"og:image\" content=\"https:\/\/jornalfatosenoticias.com.br\/wp-content\/uploads\/2020\/06\/placa-solar.jpg\" \/>\n\t<meta property=\"og:image:width\" content=\"1000\" \/>\n\t<meta property=\"og:image:height\" content=\"666\" \/>\n\t<meta property=\"og:image:type\" content=\"image\/jpeg\" \/>\n<meta name=\"author\" content=\"Luzimara Fernandes\" \/>\n<meta name=\"twitter:card\" content=\"summary_large_image\" \/>\n<meta name=\"twitter:label1\" content=\"Escrito por\" \/>\n\t<meta name=\"twitter:data1\" content=\"Luzimara Fernandes\" \/>\n\t<meta name=\"twitter:label2\" content=\"Est. tempo de leitura\" \/>\n\t<meta name=\"twitter:data2\" content=\"2 minutos\" \/>\n<script type=\"application\/ld+json\" class=\"yoast-schema-graph\">{\"@context\":\"https:\/\/schema.org\",\"@graph\":[{\"@type\":\"Article\",\"@id\":\"https:\/\/jornalfatosenoticias.com.br\/index.php\/2020\/06\/17\/nova-celula-solar-fotovoltaica-gera-energia-com-luz-e-sombra\/#article\",\"isPartOf\":{\"@id\":\"https:\/\/jornalfatosenoticias.com.br\/index.php\/2020\/06\/17\/nova-celula-solar-fotovoltaica-gera-energia-com-luz-e-sombra\/\"},\"author\":{\"name\":\"Luzimara Fernandes\",\"@id\":\"https:\/\/jornalfatosenoticias.com.br\/#\/schema\/person\/d63837fa13ac8666eb9e74e0985d6f81\"},\"headline\":\"Nova c\u00e9lula solar fotovoltaica gera energia com luz e sombra\",\"datePublished\":\"2020-06-17T15:58:47+00:00\",\"dateModified\":\"2020-06-17T15:58:52+00:00\",\"mainEntityOfPage\":{\"@id\":\"https:\/\/jornalfatosenoticias.com.br\/index.php\/2020\/06\/17\/nova-celula-solar-fotovoltaica-gera-energia-com-luz-e-sombra\/\"},\"wordCount\":466,\"commentCount\":0,\"publisher\":{\"@id\":\"https:\/\/jornalfatosenoticias.com.br\/#organization\"},\"image\":{\"@id\":\"https:\/\/jornalfatosenoticias.com.br\/index.php\/2020\/06\/17\/nova-celula-solar-fotovoltaica-gera-energia-com-luz-e-sombra\/#primaryimage\"},\"thumbnailUrl\":\"https:\/\/jornalfatosenoticias.com.br\/wp-content\/uploads\/2020\/06\/placa-solar.jpg\",\"keywords\":[\"c\u00e9lula solar\",\"eletricidade\",\"energia limpa\",\"luz\"],\"articleSection\":[\"Meio ambiente\",\"Tecnologia &amp; Inova\u00e7\u00e3o\"],\"inLanguage\":\"pt-BR\",\"potentialAction\":[{\"@type\":\"CommentAction\",\"name\":\"Comment\",\"target\":[\"https:\/\/jornalfatosenoticias.com.br\/index.php\/2020\/06\/17\/nova-celula-solar-fotovoltaica-gera-energia-com-luz-e-sombra\/#respond\"]}]},{\"@type\":\"WebPage\",\"@id\":\"https:\/\/jornalfatosenoticias.com.br\/index.php\/2020\/06\/17\/nova-celula-solar-fotovoltaica-gera-energia-com-luz-e-sombra\/\",\"url\":\"https:\/\/jornalfatosenoticias.com.br\/index.php\/2020\/06\/17\/nova-celula-solar-fotovoltaica-gera-energia-com-luz-e-sombra\/\",\"name\":\"Nova c\u00e9lula solar fotovoltaica gera energia com luz e sombra - Jornal Fatos e Not\u00edcias\",\"isPartOf\":{\"@id\":\"https:\/\/jornalfatosenoticias.com.br\/#website\"},\"primaryImageOfPage\":{\"@id\":\"https:\/\/jornalfatosenoticias.com.br\/index.php\/2020\/06\/17\/nova-celula-solar-fotovoltaica-gera-energia-com-luz-e-sombra\/#primaryimage\"},\"image\":{\"@id\":\"https:\/\/jornalfatosenoticias.com.br\/index.php\/2020\/06\/17\/nova-celula-solar-fotovoltaica-gera-energia-com-luz-e-sombra\/#primaryimage\"},\"thumbnailUrl\":\"https:\/\/jornalfatosenoticias.com.br\/wp-content\/uploads\/2020\/06\/placa-solar.jpg\",\"datePublished\":\"2020-06-17T15:58:47+00:00\",\"dateModified\":\"2020-06-17T15:58:52+00:00\",\"breadcrumb\":{\"@id\":\"https:\/\/jornalfatosenoticias.com.br\/index.php\/2020\/06\/17\/nova-celula-solar-fotovoltaica-gera-energia-com-luz-e-sombra\/#breadcrumb\"},\"inLanguage\":\"pt-BR\",\"potentialAction\":[{\"@type\":\"ReadAction\",\"target\":[\"https:\/\/jornalfatosenoticias.com.br\/index.php\/2020\/06\/17\/nova-celula-solar-fotovoltaica-gera-energia-com-luz-e-sombra\/\"]}]},{\"@type\":\"ImageObject\",\"inLanguage\":\"pt-BR\",\"@id\":\"https:\/\/jornalfatosenoticias.com.br\/index.php\/2020\/06\/17\/nova-celula-solar-fotovoltaica-gera-energia-com-luz-e-sombra\/#primaryimage\",\"url\":\"https:\/\/jornalfatosenoticias.com.br\/wp-content\/uploads\/2020\/06\/placa-solar.jpg\",\"contentUrl\":\"https:\/\/jornalfatosenoticias.com.br\/wp-content\/uploads\/2020\/06\/placa-solar.jpg\",\"width\":1000,\"height\":666},{\"@type\":\"BreadcrumbList\",\"@id\":\"https:\/\/jornalfatosenoticias.com.br\/index.php\/2020\/06\/17\/nova-celula-solar-fotovoltaica-gera-energia-com-luz-e-sombra\/#breadcrumb\",\"itemListElement\":[{\"@type\":\"ListItem\",\"position\":1,\"name\":\"In\u00edcio\",\"item\":\"https:\/\/jornalfatosenoticias.com.br\/\"},{\"@type\":\"ListItem\",\"position\":2,\"name\":\"Nova c\u00e9lula solar fotovoltaica gera energia com luz e sombra\"}]},{\"@type\":\"WebSite\",\"@id\":\"https:\/\/jornalfatosenoticias.com.br\/#website\",\"url\":\"https:\/\/jornalfatosenoticias.com.br\/\",\"name\":\"Jornal Fatos e Not\u00edcias\",\"description\":\"Not\u00edcias em geral\",\"publisher\":{\"@id\":\"https:\/\/jornalfatosenoticias.com.br\/#organization\"},\"potentialAction\":[{\"@type\":\"SearchAction\",\"target\":{\"@type\":\"EntryPoint\",\"urlTemplate\":\"https:\/\/jornalfatosenoticias.com.br\/?s={search_term_string}\"},\"query-input\":{\"@type\":\"PropertyValueSpecification\",\"valueRequired\":true,\"valueName\":\"search_term_string\"}}],\"inLanguage\":\"pt-BR\"},{\"@type\":\"Organization\",\"@id\":\"https:\/\/jornalfatosenoticias.com.br\/#organization\",\"name\":\"Jornal Fatos e Not\u00edcias\",\"url\":\"https:\/\/jornalfatosenoticias.com.br\/\",\"logo\":{\"@type\":\"ImageObject\",\"inLanguage\":\"pt-BR\",\"@id\":\"https:\/\/jornalfatosenoticias.com.br\/#\/schema\/logo\/image\/\",\"url\":\"https:\/\/jornalfatosenoticias.com.br\/wp-content\/uploads\/2020\/02\/logo120.png\",\"contentUrl\":\"https:\/\/jornalfatosenoticias.com.br\/wp-content\/uploads\/2020\/02\/logo120.png\",\"width\":1227,\"height\":120,\"caption\":\"Jornal Fatos e Not\u00edcias\"},\"image\":{\"@id\":\"https:\/\/jornalfatosenoticias.com.br\/#\/schema\/logo\/image\/\"}},{\"@type\":\"Person\",\"@id\":\"https:\/\/jornalfatosenoticias.com.br\/#\/schema\/person\/d63837fa13ac8666eb9e74e0985d6f81\",\"name\":\"Luzimara Fernandes\",\"image\":{\"@type\":\"ImageObject\",\"inLanguage\":\"pt-BR\",\"@id\":\"https:\/\/jornalfatosenoticias.com.br\/#\/schema\/person\/image\/\",\"url\":\"https:\/\/jornalfatosenoticias.com.br\/wp-content\/uploads\/2025\/05\/EU_portal.jpg\",\"contentUrl\":\"https:\/\/jornalfatosenoticias.com.br\/wp-content\/uploads\/2025\/05\/EU_portal.jpg\",\"caption\":\"Luzimara Fernandes\"},\"description\":\"Jornalista MTB 2358-ES\",\"sameAs\":[\"https:\/\/jornalfatosenoticias.com.br\"],\"url\":\"https:\/\/jornalfatosenoticias.com.br\/index.php\/author\/luzimara\/\"}]}<\/script>\n<!-- \/ Yoast SEO plugin. -->","yoast_head_json":{"title":"Nova c\u00e9lula solar fotovoltaica gera energia com luz e sombra - Jornal Fatos e Not\u00edcias","robots":{"index":"index","follow":"follow","max-snippet":"max-snippet:-1","max-image-preview":"max-image-preview:large","max-video-preview":"max-video-preview:-1"},"canonical":"https:\/\/jornalfatosenoticias.com.br\/index.php\/2020\/06\/17\/nova-celula-solar-fotovoltaica-gera-energia-com-luz-e-sombra\/","og_locale":"pt_BR","og_type":"article","og_title":"Nova c\u00e9lula solar fotovoltaica gera energia com luz e sombra - Jornal Fatos e Not\u00edcias","og_description":"Contraste na ilumina\u00e7\u00e3o produz uma diferen\u00e7a de tens\u00e3o usada para produzir energia Um time de cientistas da Universidade Nacional de Singapura desenvolveu um novo tipo de c\u00e9lula solar que usa o contraste de sombra e luz para gerar eletricidade. Para isso, eles depositaram uma camada superfina de ouro sobre o sil\u00edcio, semicondutor utilizado nas c\u00e9lulas [&hellip;]","og_url":"https:\/\/jornalfatosenoticias.com.br\/index.php\/2020\/06\/17\/nova-celula-solar-fotovoltaica-gera-energia-com-luz-e-sombra\/","og_site_name":"Jornal Fatos e Not\u00edcias","article_published_time":"2020-06-17T15:58:47+00:00","article_modified_time":"2020-06-17T15:58:52+00:00","og_image":[{"width":1000,"height":666,"url":"https:\/\/jornalfatosenoticias.com.br\/wp-content\/uploads\/2020\/06\/placa-solar.jpg","type":"image\/jpeg"}],"author":"Luzimara Fernandes","twitter_card":"summary_large_image","twitter_misc":{"Escrito por":"Luzimara Fernandes","Est. tempo de leitura":"2 minutos"},"schema":{"@context":"https:\/\/schema.org","@graph":[{"@type":"Article","@id":"https:\/\/jornalfatosenoticias.com.br\/index.php\/2020\/06\/17\/nova-celula-solar-fotovoltaica-gera-energia-com-luz-e-sombra\/#article","isPartOf":{"@id":"https:\/\/jornalfatosenoticias.com.br\/index.php\/2020\/06\/17\/nova-celula-solar-fotovoltaica-gera-energia-com-luz-e-sombra\/"},"author":{"name":"Luzimara Fernandes","@id":"https:\/\/jornalfatosenoticias.com.br\/#\/schema\/person\/d63837fa13ac8666eb9e74e0985d6f81"},"headline":"Nova c\u00e9lula solar fotovoltaica gera energia com luz e sombra","datePublished":"2020-06-17T15:58:47+00:00","dateModified":"2020-06-17T15:58:52+00:00","mainEntityOfPage":{"@id":"https:\/\/jornalfatosenoticias.com.br\/index.php\/2020\/06\/17\/nova-celula-solar-fotovoltaica-gera-energia-com-luz-e-sombra\/"},"wordCount":466,"commentCount":0,"publisher":{"@id":"https:\/\/jornalfatosenoticias.com.br\/#organization"},"image":{"@id":"https:\/\/jornalfatosenoticias.com.br\/index.php\/2020\/06\/17\/nova-celula-solar-fotovoltaica-gera-energia-com-luz-e-sombra\/#primaryimage"},"thumbnailUrl":"https:\/\/jornalfatosenoticias.com.br\/wp-content\/uploads\/2020\/06\/placa-solar.jpg","keywords":["c\u00e9lula solar","eletricidade","energia limpa","luz"],"articleSection":["Meio ambiente","Tecnologia &amp; Inova\u00e7\u00e3o"],"inLanguage":"pt-BR","potentialAction":[{"@type":"CommentAction","name":"Comment","target":["https:\/\/jornalfatosenoticias.com.br\/index.php\/2020\/06\/17\/nova-celula-solar-fotovoltaica-gera-energia-com-luz-e-sombra\/#respond"]}]},{"@type":"WebPage","@id":"https:\/\/jornalfatosenoticias.com.br\/index.php\/2020\/06\/17\/nova-celula-solar-fotovoltaica-gera-energia-com-luz-e-sombra\/","url":"https:\/\/jornalfatosenoticias.com.br\/index.php\/2020\/06\/17\/nova-celula-solar-fotovoltaica-gera-energia-com-luz-e-sombra\/","name":"Nova c\u00e9lula solar fotovoltaica gera energia com luz e sombra - Jornal Fatos e Not\u00edcias","isPartOf":{"@id":"https:\/\/jornalfatosenoticias.com.br\/#website"},"primaryImageOfPage":{"@id":"https:\/\/jornalfatosenoticias.com.br\/index.php\/2020\/06\/17\/nova-celula-solar-fotovoltaica-gera-energia-com-luz-e-sombra\/#primaryimage"},"image":{"@id":"https:\/\/jornalfatosenoticias.com.br\/index.php\/2020\/06\/17\/nova-celula-solar-fotovoltaica-gera-energia-com-luz-e-sombra\/#primaryimage"},"thumbnailUrl":"https:\/\/jornalfatosenoticias.com.br\/wp-content\/uploads\/2020\/06\/placa-solar.jpg","datePublished":"2020-06-17T15:58:47+00:00","dateModified":"2020-06-17T15:58:52+00:00","breadcrumb":{"@id":"https:\/\/jornalfatosenoticias.com.br\/index.php\/2020\/06\/17\/nova-celula-solar-fotovoltaica-gera-energia-com-luz-e-sombra\/#breadcrumb"},"inLanguage":"pt-BR","potentialAction":[{"@type":"ReadAction","target":["https:\/\/jornalfatosenoticias.com.br\/index.php\/2020\/06\/17\/nova-celula-solar-fotovoltaica-gera-energia-com-luz-e-sombra\/"]}]},{"@type":"ImageObject","inLanguage":"pt-BR","@id":"https:\/\/jornalfatosenoticias.com.br\/index.php\/2020\/06\/17\/nova-celula-solar-fotovoltaica-gera-energia-com-luz-e-sombra\/#primaryimage","url":"https:\/\/jornalfatosenoticias.com.br\/wp-content\/uploads\/2020\/06\/placa-solar.jpg","contentUrl":"https:\/\/jornalfatosenoticias.com.br\/wp-content\/uploads\/2020\/06\/placa-solar.jpg","width":1000,"height":666},{"@type":"BreadcrumbList","@id":"https:\/\/jornalfatosenoticias.com.br\/index.php\/2020\/06\/17\/nova-celula-solar-fotovoltaica-gera-energia-com-luz-e-sombra\/#breadcrumb","itemListElement":[{"@type":"ListItem","position":1,"name":"In\u00edcio","item":"https:\/\/jornalfatosenoticias.com.br\/"},{"@type":"ListItem","position":2,"name":"Nova c\u00e9lula solar fotovoltaica gera energia com luz e sombra"}]},{"@type":"WebSite","@id":"https:\/\/jornalfatosenoticias.com.br\/#website","url":"https:\/\/jornalfatosenoticias.com.br\/","name":"Jornal Fatos e Not\u00edcias","description":"Not\u00edcias em geral","publisher":{"@id":"https:\/\/jornalfatosenoticias.com.br\/#organization"},"potentialAction":[{"@type":"SearchAction","target":{"@type":"EntryPoint","urlTemplate":"https:\/\/jornalfatosenoticias.com.br\/?s={search_term_string}"},"query-input":{"@type":"PropertyValueSpecification","valueRequired":true,"valueName":"search_term_string"}}],"inLanguage":"pt-BR"},{"@type":"Organization","@id":"https:\/\/jornalfatosenoticias.com.br\/#organization","name":"Jornal Fatos e Not\u00edcias","url":"https:\/\/jornalfatosenoticias.com.br\/","logo":{"@type":"ImageObject","inLanguage":"pt-BR","@id":"https:\/\/jornalfatosenoticias.com.br\/#\/schema\/logo\/image\/","url":"https:\/\/jornalfatosenoticias.com.br\/wp-content\/uploads\/2020\/02\/logo120.png","contentUrl":"https:\/\/jornalfatosenoticias.com.br\/wp-content\/uploads\/2020\/02\/logo120.png","width":1227,"height":120,"caption":"Jornal Fatos e Not\u00edcias"},"image":{"@id":"https:\/\/jornalfatosenoticias.com.br\/#\/schema\/logo\/image\/"}},{"@type":"Person","@id":"https:\/\/jornalfatosenoticias.com.br\/#\/schema\/person\/d63837fa13ac8666eb9e74e0985d6f81","name":"Luzimara Fernandes","image":{"@type":"ImageObject","inLanguage":"pt-BR","@id":"https:\/\/jornalfatosenoticias.com.br\/#\/schema\/person\/image\/","url":"https:\/\/jornalfatosenoticias.com.br\/wp-content\/uploads\/2025\/05\/EU_portal.jpg","contentUrl":"https:\/\/jornalfatosenoticias.com.br\/wp-content\/uploads\/2025\/05\/EU_portal.jpg","caption":"Luzimara Fernandes"},"description":"Jornalista MTB 2358-ES","sameAs":["https:\/\/jornalfatosenoticias.com.br"],"url":"https:\/\/jornalfatosenoticias.com.br\/index.php\/author\/luzimara\/"}]}},"cc_featured_image_caption":{"caption_text":"Placa solar (Foto: Dreamstime)","source_text":"","source_url":""},"jetpack_featured_media_url":"https:\/\/jornalfatosenoticias.com.br\/wp-content\/uploads\/2020\/06\/placa-solar.jpg","_links":{"self":[{"href":"https:\/\/jornalfatosenoticias.com.br\/index.php\/wp-json\/wp\/v2\/posts\/5604","targetHints":{"allow":["GET"]}}],"collection":[{"href":"https:\/\/jornalfatosenoticias.com.br\/index.php\/wp-json\/wp\/v2\/posts"}],"about":[{"href":"https:\/\/jornalfatosenoticias.com.br\/index.php\/wp-json\/wp\/v2\/types\/post"}],"author":[{"embeddable":true,"href":"https:\/\/jornalfatosenoticias.com.br\/index.php\/wp-json\/wp\/v2\/users\/2"}],"replies":[{"embeddable":true,"href":"https:\/\/jornalfatosenoticias.com.br\/index.php\/wp-json\/wp\/v2\/comments?post=5604"}],"version-history":[{"count":0,"href":"https:\/\/jornalfatosenoticias.com.br\/index.php\/wp-json\/wp\/v2\/posts\/5604\/revisions"}],"wp:featuredmedia":[{"embeddable":true,"href":"https:\/\/jornalfatosenoticias.com.br\/index.php\/wp-json\/wp\/v2\/media\/5605"}],"wp:attachment":[{"href":"https:\/\/jornalfatosenoticias.com.br\/index.php\/wp-json\/wp\/v2\/media?parent=5604"}],"wp:term":[{"taxonomy":"category","embeddable":true,"href":"https:\/\/jornalfatosenoticias.com.br\/index.php\/wp-json\/wp\/v2\/categories?post=5604"},{"taxonomy":"post_tag","embeddable":true,"href":"https:\/\/jornalfatosenoticias.com.br\/index.php\/wp-json\/wp\/v2\/tags?post=5604"}],"curies":[{"name":"wp","href":"https:\/\/api.w.org\/{rel}","templated":true}]}}