{"id":56046,"date":"2024-11-29T13:56:54","date_gmt":"2024-11-29T16:56:54","guid":{"rendered":"https:\/\/jornalfatosenoticias.com.br\/?p=56046"},"modified":"2024-11-29T13:56:55","modified_gmt":"2024-11-29T16:56:55","slug":"oncas-pardas-passaram-a-ter-habitos-noturnos-para-evitar-contato-com-humanos","status":"publish","type":"post","link":"https:\/\/jornalfatosenoticias.com.br\/index.php\/2024\/11\/29\/oncas-pardas-passaram-a-ter-habitos-noturnos-para-evitar-contato-com-humanos\/","title":{"rendered":"On\u00e7as-pardas passaram a ter h\u00e1bitos noturnos para evitar contato com humanos"},"content":{"rendered":"\n<p><em><span class=\"has-inline-color has-black-color\">Estudo feito nos EUA mostrou que felinos que habitam \u00e1reas com maior presen\u00e7a de ciclistas, pedestres e corredores tendem a ser mais ativos durante a noite<\/span><\/em><\/p>\n\n\n\n<div class=\"wp-block-image\"><figure class=\"aligncenter size-large\"><a href=\"http:\/\/www.ferrarimaquinas.com.br\/\"><img loading=\"lazy\" decoding=\"async\" width=\"1024\" height=\"100\" src=\"https:\/\/jornalfatosenoticias.com.br\/wp-content\/uploads\/2020\/02\/banner_ferramentas-1024x100.jpg\" alt=\"\" class=\"wp-image-1258\" srcset=\"https:\/\/jornalfatosenoticias.com.br\/wp-content\/uploads\/2020\/02\/banner_ferramentas-1024x100.jpg 1024w, https:\/\/jornalfatosenoticias.com.br\/wp-content\/uploads\/2020\/02\/banner_ferramentas-300x29.jpg 300w, https:\/\/jornalfatosenoticias.com.br\/wp-content\/uploads\/2020\/02\/banner_ferramentas-768x75.jpg 768w, https:\/\/jornalfatosenoticias.com.br\/wp-content\/uploads\/2020\/02\/banner_ferramentas.jpg 1227w\" sizes=\"auto, (max-width: 1024px) 100vw, 1024px\" \/><\/a><\/figure><\/div>\n\n\n\n<p>A on\u00e7a-parda (<em>Puma concolor<\/em>) \u00e9 um s\u00edmbolo do estado da Calif\u00f3rnia, nos EUA. Embora sejam animais tipicamente diurnos, um estudo recente publicado na revista Biological Conservation revelou que os felinos, que vivem em \u00e1reas mais populosas, adaptaram seus padr\u00f5es de atividade para o per\u00edodo noturno, como uma resposta \u00e0s atividades humanas.<br>O estudo revelou que as on\u00e7as-pardas que habitam \u00e1reas com maior presen\u00e7a de ciclistas, pedestres e corredores tendem a ser mais ativos durante a noite, enquanto os que vivem em regi\u00f5es mais isoladas mostram maior atividade ao amanhecer e ao entardecer. No entanto, os pesquisadores destacam que essa adapta\u00e7\u00e3o n\u00e3o \u00e9, necessariamente, algo negativo.<\/p>\n\n\n\n<div class=\"wp-block-image\"><figure class=\"aligncenter size-large is-resized\"><a href=\"https:\/\/www.instagram.com\/vmais.midias\/\"><img loading=\"lazy\" decoding=\"async\" src=\"https:\/\/jornalfatosenoticias.com.br\/wp-content\/uploads\/2020\/02\/DE-MAIS-DESTAQUE-VMAIS-800X700.png\" alt=\"\" class=\"wp-image-53112\" width=\"304\" height=\"265\" srcset=\"https:\/\/jornalfatosenoticias.com.br\/wp-content\/uploads\/2020\/02\/DE-MAIS-DESTAQUE-VMAIS-800X700.png 800w, https:\/\/jornalfatosenoticias.com.br\/wp-content\/uploads\/2020\/02\/DE-MAIS-DESTAQUE-VMAIS-800X700-300x263.png 300w, https:\/\/jornalfatosenoticias.com.br\/wp-content\/uploads\/2020\/02\/DE-MAIS-DESTAQUE-VMAIS-800X700-768x672.png 768w\" sizes=\"auto, (max-width: 304px) 100vw, 304px\" \/><\/a><\/figure><\/div>\n\n\n\n<blockquote class=\"wp-block-quote is-layout-flow wp-block-quote-is-layout-flow\"><p><span class=\"has-inline-color has-luminous-vivid-orange-color\">As pessoas est\u00e3o cada vez mais gostando de se divertir na natureza, o que \u00e9 fant\u00e1stico\u201d, disse Ellie Bolas, autora principal do artigo, em comunicado. \u201cEssa flexibilidade que vemos na atividade dos le\u00f5es-da-montanha \u00e9 o que nos permite compartilhar essas \u00e1reas naturais juntos. As on\u00e7as-pardas est\u00e3o fazendo o trabalho para que a coexist\u00eancia possa acontecer\u201d.<\/span><\/p><\/blockquote>\n\n\n\n<div class=\"wp-block-image\"><figure class=\"aligncenter size-large is-resized\"><a href=\"https:\/\/www.controlsystems.com.br\/\"><img loading=\"lazy\" decoding=\"async\" src=\"https:\/\/jornalfatosenoticias.com.br\/wp-content\/uploads\/2020\/02\/CONTROL-CS.jpg\" alt=\"\" class=\"wp-image-44991\" width=\"262\" height=\"314\" srcset=\"https:\/\/jornalfatosenoticias.com.br\/wp-content\/uploads\/2020\/02\/CONTROL-CS.jpg 834w, https:\/\/jornalfatosenoticias.com.br\/wp-content\/uploads\/2020\/02\/CONTROL-CS-250x300.jpg 250w, https:\/\/jornalfatosenoticias.com.br\/wp-content\/uploads\/2020\/02\/CONTROL-CS-768x921.jpg 768w\" sizes=\"auto, (max-width: 262px) 100vw, 262px\" \/><\/a><\/figure><\/div>\n\n\n\n<p>Para compreender melhor o comportamento desses felinos, Bolas e sua equipe equiparam 22 on\u00e7as-pardas com coleiras de GPS, que habitavam a \u00c1rea de Recrea\u00e7\u00e3o Nacional das Montanhas de Santa Monica e seus arredores, entre 2011 e 2018. Essa \u00e1rea engloba a regi\u00e3o metropolitana de Los Angeles, onde residem mais de 18 milh\u00f5es de pessoas. Em seguida, os pesquisadores cruzaram os dados de atividade dos animais com informa\u00e7\u00f5es p\u00fablicas de GPS sobre a recrea\u00e7\u00e3o humana na regi\u00e3o.<\/p>\n\n\n\n<div class=\"wp-block-image\"><figure class=\"aligncenter size-large\"><a href=\"https:\/\/cesconetto.com.br\/\"><img loading=\"lazy\" decoding=\"async\" width=\"300\" height=\"250\" src=\"https:\/\/jornalfatosenoticias.com.br\/wp-content\/uploads\/2020\/02\/Banner-2.png\" alt=\"\" class=\"wp-image-43787\"\/><\/a><\/figure><\/div>\n\n\n\n<blockquote class=\"wp-block-quote is-layout-flow wp-block-quote-is-layout-flow\"><p><span class=\"has-inline-color has-luminous-vivid-orange-color\">Esses resultados s\u00e3o realmente importantes porque mostram como os humanos podem estar afetando a vida selvagem de maneiras menos \u00f3bvias do que mat\u00e1-la com ve\u00edculos\u201d, disse Seth Riley, chefe da filial de vida selvagem do parque. \u201cO estudo tamb\u00e9m continua a enfatizar o fato surpreendente de que uma popula\u00e7\u00e3o de um grande predador felino persiste em uma das maiores \u00e1reas urbanas do mundo. Isso n\u00e3o seria poss\u00edvel se os le\u00f5es-da-montanha n\u00e3o fossem capazes de se ajustar \u00e0 atividade humana de maneiras como essa\u201d.<\/span><\/p><\/blockquote>\n\n\n\n<div class=\"wp-block-image\"><figure class=\"aligncenter size-large is-resized\"><a href=\"https:\/\/www.instagram.com\/serra4x4cambioautomatico\/\"><img loading=\"lazy\" decoding=\"async\" src=\"https:\/\/jornalfatosenoticias.com.br\/wp-content\/uploads\/2024\/08\/Serra-4x4-1-886x1024.jpg\" alt=\"\" class=\"wp-image-53632\" width=\"290\" height=\"335\" srcset=\"https:\/\/jornalfatosenoticias.com.br\/wp-content\/uploads\/2024\/08\/Serra-4x4-1-886x1024.jpg 886w, https:\/\/jornalfatosenoticias.com.br\/wp-content\/uploads\/2024\/08\/Serra-4x4-1-260x300.jpg 260w, https:\/\/jornalfatosenoticias.com.br\/wp-content\/uploads\/2024\/08\/Serra-4x4-1-768x888.jpg 768w, https:\/\/jornalfatosenoticias.com.br\/wp-content\/uploads\/2024\/08\/Serra-4x4-1.jpg 1181w\" sizes=\"auto, (max-width: 290px) 100vw, 290px\" \/><\/a><\/figure><\/div>\n\n\n\n<p>Os dados indicaram que as on\u00e7as-pardas estavam se ajustando n\u00e3o apenas \u00e0s atividades humanas, mas tamb\u00e9m aos perigos do ambiente em que viviam. Por exemplo, as f\u00eameas, em geral, mostraram maior atividade ao amanhecer e durante o dia, em compara\u00e7\u00e3o com os machos. Os pesquisadores sugerem que isso pode ser uma estrat\u00e9gia para evitar o confronto com os machos, que representam uma amea\u00e7a tanto para elas quanto para seus filhotes.<\/p>\n\n\n\n<div class=\"wp-block-image\"><figure class=\"aligncenter size-large is-resized\"><a href=\"https:\/\/www.ithbrasil.com.br\/\"><img loading=\"lazy\" decoding=\"async\" src=\"https:\/\/jornalfatosenoticias.com.br\/wp-content\/uploads\/2023\/08\/ITH.jpeg\" alt=\"\" class=\"wp-image-44638\" width=\"296\" height=\"240\" srcset=\"https:\/\/jornalfatosenoticias.com.br\/wp-content\/uploads\/2023\/08\/ITH.jpeg 800w, https:\/\/jornalfatosenoticias.com.br\/wp-content\/uploads\/2023\/08\/ITH-300x244.jpeg 300w, https:\/\/jornalfatosenoticias.com.br\/wp-content\/uploads\/2023\/08\/ITH-768x624.jpeg 768w\" sizes=\"auto, (max-width: 296px) 100vw, 296px\" \/><\/a><\/figure><\/div>\n\n\n\n<p><strong><span class=\"has-inline-color has-vivid-green-cyan-color\">Esp\u00e9cie protegida<br><\/span><\/strong>Embora a on\u00e7a-parda n\u00e3o esteja oficialmente listado como uma esp\u00e9cie amea\u00e7ada na Calif\u00f3rnia, nas Montanhas de Santa Monica esse felino tem um status de prote\u00e7\u00e3o especial. Diferentes grupos s\u00e3o monitorados e usados em pesquisas do Servi\u00e7o Nacional de Parques dos Estados Unidos.<\/p>\n\n\n\n<div class=\"wp-block-image\"><figure class=\"aligncenter size-large is-resized\"><a href=\"https:\/\/www.legisjuris.com.br\/\"><img loading=\"lazy\" decoding=\"async\" src=\"https:\/\/jornalfatosenoticias.com.br\/wp-content\/uploads\/2024\/09\/Legis-Juris-Consultoria_logo.jpg\" alt=\"\" class=\"wp-image-53915\" width=\"439\" height=\"184\" srcset=\"https:\/\/jornalfatosenoticias.com.br\/wp-content\/uploads\/2024\/09\/Legis-Juris-Consultoria_logo.jpg 969w, https:\/\/jornalfatosenoticias.com.br\/wp-content\/uploads\/2024\/09\/Legis-Juris-Consultoria_logo-300x126.jpg 300w, https:\/\/jornalfatosenoticias.com.br\/wp-content\/uploads\/2024\/09\/Legis-Juris-Consultoria_logo-768x322.jpg 768w\" sizes=\"auto, (max-width: 439px) 100vw, 439px\" \/><\/a><\/figure><\/div>\n\n\n\n<p>Habitando um ambiente cada vez mais fragmentado e sujeito a diversas amea\u00e7as, como atropelamentos, inc\u00eandios e contato com toxinas, esses felinos enfrentam desafios significativos para sua sobreviv\u00eancia. A proximidade com \u00e1reas urbanas e a intensifica\u00e7\u00e3o de atividades recreativas representam riscos adicionais, exigindo medidas de conserva\u00e7\u00e3o rigorosas e a conscientiza\u00e7\u00e3o da popula\u00e7\u00e3o.<\/p>\n\n\n\n<div class=\"wp-block-image\"><figure class=\"aligncenter size-large is-resized\"><a href=\" https:\/\/www.facebook.com\/profile.php?id=100069289606145\"><img loading=\"lazy\" decoding=\"async\" src=\"https:\/\/jornalfatosenoticias.com.br\/wp-content\/uploads\/2024\/11\/Guaitolini-Contabilidade-1024x714.jpeg\" alt=\"\" class=\"wp-image-55808\" width=\"337\" height=\"235\" srcset=\"https:\/\/jornalfatosenoticias.com.br\/wp-content\/uploads\/2024\/11\/Guaitolini-Contabilidade-1024x714.jpeg 1024w, https:\/\/jornalfatosenoticias.com.br\/wp-content\/uploads\/2024\/11\/Guaitolini-Contabilidade-300x209.jpeg 300w, https:\/\/jornalfatosenoticias.com.br\/wp-content\/uploads\/2024\/11\/Guaitolini-Contabilidade-768x535.jpeg 768w, https:\/\/jornalfatosenoticias.com.br\/wp-content\/uploads\/2024\/11\/Guaitolini-Contabilidade.jpeg 1280w\" sizes=\"auto, (max-width: 337px) 100vw, 337px\" \/><\/a><\/figure><\/div>\n\n\n\n<blockquote class=\"wp-block-quote is-layout-flow wp-block-quote-is-layout-flow\"><p><span class=\"has-inline-color has-luminous-vivid-orange-color\">Mesmo algo t\u00e3o in\u00f3cuo quanto a recrea\u00e7\u00e3o pode aumentar esses outros estressores que estamos trazendo para suas vidas, potencialmente alterando a quantidade de energia que eles t\u00eam que gastar para ca\u00e7ar e outras necessidades\u201d, disse Bolas. \u201cMas podemos sentir uma sensa\u00e7\u00e3o de otimismo de que eles s\u00e3o flex\u00edveis no momento de suas atividades. A coexist\u00eancia est\u00e1 acontecendo, e \u00e9 em grande parte por causa do que as on\u00e7as est\u00e3o fazendo\u201d.<\/span><\/p><\/blockquote>\n\n\n\n<div class=\"wp-block-image\"><figure class=\"aligncenter size-large\"><a href=\"https:\/\/panper.com.br\/\"><img loading=\"lazy\" decoding=\"async\" width=\"1024\" height=\"273\" src=\"https:\/\/jornalfatosenoticias.com.br\/wp-content\/uploads\/2023\/09\/vetorvix1024_1.jpg\" alt=\"\" class=\"wp-image-44868\" srcset=\"https:\/\/jornalfatosenoticias.com.br\/wp-content\/uploads\/2023\/09\/vetorvix1024_1.jpg 1024w, https:\/\/jornalfatosenoticias.com.br\/wp-content\/uploads\/2023\/09\/vetorvix1024_1-300x80.jpg 300w, https:\/\/jornalfatosenoticias.com.br\/wp-content\/uploads\/2023\/09\/vetorvix1024_1-768x205.jpg 768w\" sizes=\"auto, (max-width: 1024px) 100vw, 1024px\" \/><\/a><\/figure><\/div>\n\n\n\n<p><strong><em>Fonte: <a href=\"https:\/\/umsoplaneta.globo.com\/biodiversidade\/noticia\/2024\/11\/24\/oncas-pardas-passaram-a-ter-habitos-noturnos-para-evitar-contato-com-humanos.ghtml\">Um S\u00f3 Planeta<\/a><\/em><\/strong><\/p>\n","protected":false},"excerpt":{"rendered":"<p>Estudo feito nos EUA mostrou que felinos que habitam \u00e1reas com maior presen\u00e7a de ciclistas, pedestres e corredores tendem a ser mais ativos durante a noite A on\u00e7a-parda (Puma concolor) \u00e9 um s\u00edmbolo do estado da Calif\u00f3rnia, nos EUA. Embora sejam animais tipicamente diurnos, um estudo recente publicado na revista Biological Conservation revelou que os [&hellip;]<\/p>\n","protected":false},"author":2,"featured_media":56047,"comment_status":"open","ping_status":"open","sticky":false,"template":"","format":"standard","meta":{"footnotes":""},"categories":[8],"tags":[25559,6695,516,11555,1493,655,6415],"class_list":["post-56046","post","type-post","status-publish","format-standard","has-post-thumbnail","hentry","category-meio-ambiente","tag-atividades-humanas","tag-california","tag-conservacao","tag-especie-ameacada","tag-felinos","tag-natureza","tag-onca-parda"],"yoast_head":"<!-- This site is optimized with the Yoast SEO plugin v26.5 - https:\/\/yoast.com\/wordpress\/plugins\/seo\/ -->\n<title>On\u00e7as-pardas passaram a ter h\u00e1bitos noturnos para evitar contato com humanos - Jornal Fatos e Not\u00edcias<\/title>\n<meta name=\"robots\" content=\"index, follow, max-snippet:-1, max-image-preview:large, max-video-preview:-1\" \/>\n<link rel=\"canonical\" href=\"https:\/\/jornalfatosenoticias.com.br\/index.php\/2024\/11\/29\/oncas-pardas-passaram-a-ter-habitos-noturnos-para-evitar-contato-com-humanos\/\" \/>\n<meta property=\"og:locale\" content=\"pt_BR\" \/>\n<meta property=\"og:type\" content=\"article\" \/>\n<meta property=\"og:title\" content=\"On\u00e7as-pardas passaram a ter h\u00e1bitos noturnos para evitar contato com humanos - Jornal Fatos e Not\u00edcias\" \/>\n<meta property=\"og:description\" content=\"Estudo feito nos EUA mostrou que felinos que habitam \u00e1reas com maior presen\u00e7a de ciclistas, pedestres e corredores tendem a ser mais ativos durante a noite A on\u00e7a-parda (Puma concolor) \u00e9 um s\u00edmbolo do estado da Calif\u00f3rnia, nos EUA. Embora sejam animais tipicamente diurnos, um estudo recente publicado na revista Biological Conservation revelou que os [&hellip;]\" \/>\n<meta property=\"og:url\" content=\"https:\/\/jornalfatosenoticias.com.br\/index.php\/2024\/11\/29\/oncas-pardas-passaram-a-ter-habitos-noturnos-para-evitar-contato-com-humanos\/\" \/>\n<meta property=\"og:site_name\" content=\"Jornal Fatos e Not\u00edcias\" \/>\n<meta property=\"article:published_time\" content=\"2024-11-29T16:56:54+00:00\" \/>\n<meta property=\"article:modified_time\" content=\"2024-11-29T16:56:55+00:00\" \/>\n<meta property=\"og:image\" content=\"https:\/\/jornalfatosenoticias.com.br\/wp-content\/uploads\/2024\/11\/oncas-pardas_istock.jpg\" \/>\n\t<meta property=\"og:image:width\" content=\"612\" \/>\n\t<meta property=\"og:image:height\" content=\"423\" \/>\n\t<meta property=\"og:image:type\" content=\"image\/jpeg\" \/>\n<meta name=\"author\" content=\"Luzimara Fernandes\" \/>\n<meta name=\"twitter:card\" content=\"summary_large_image\" \/>\n<meta name=\"twitter:label1\" content=\"Escrito por\" \/>\n\t<meta name=\"twitter:data1\" content=\"Luzimara Fernandes\" \/>\n\t<meta name=\"twitter:label2\" content=\"Est. tempo de leitura\" \/>\n\t<meta name=\"twitter:data2\" content=\"3 minutos\" \/>\n<script type=\"application\/ld+json\" class=\"yoast-schema-graph\">{\"@context\":\"https:\/\/schema.org\",\"@graph\":[{\"@type\":\"Article\",\"@id\":\"https:\/\/jornalfatosenoticias.com.br\/index.php\/2024\/11\/29\/oncas-pardas-passaram-a-ter-habitos-noturnos-para-evitar-contato-com-humanos\/#article\",\"isPartOf\":{\"@id\":\"https:\/\/jornalfatosenoticias.com.br\/index.php\/2024\/11\/29\/oncas-pardas-passaram-a-ter-habitos-noturnos-para-evitar-contato-com-humanos\/\"},\"author\":{\"name\":\"Luzimara Fernandes\",\"@id\":\"https:\/\/jornalfatosenoticias.com.br\/#\/schema\/person\/d63837fa13ac8666eb9e74e0985d6f81\"},\"headline\":\"On\u00e7as-pardas passaram a ter h\u00e1bitos noturnos para evitar contato com humanos\",\"datePublished\":\"2024-11-29T16:56:54+00:00\",\"dateModified\":\"2024-11-29T16:56:55+00:00\",\"mainEntityOfPage\":{\"@id\":\"https:\/\/jornalfatosenoticias.com.br\/index.php\/2024\/11\/29\/oncas-pardas-passaram-a-ter-habitos-noturnos-para-evitar-contato-com-humanos\/\"},\"wordCount\":655,\"commentCount\":0,\"publisher\":{\"@id\":\"https:\/\/jornalfatosenoticias.com.br\/#organization\"},\"image\":{\"@id\":\"https:\/\/jornalfatosenoticias.com.br\/index.php\/2024\/11\/29\/oncas-pardas-passaram-a-ter-habitos-noturnos-para-evitar-contato-com-humanos\/#primaryimage\"},\"thumbnailUrl\":\"https:\/\/jornalfatosenoticias.com.br\/wp-content\/uploads\/2024\/11\/oncas-pardas_istock.jpg\",\"keywords\":[\"atividades humanas\",\"Calif\u00f3rnia\",\"conserva\u00e7\u00e3o\",\"esp\u00e9cie amea\u00e7ada\",\"felinos\",\"natureza\",\"on\u00e7a-parda\"],\"articleSection\":[\"Meio ambiente\"],\"inLanguage\":\"pt-BR\",\"potentialAction\":[{\"@type\":\"CommentAction\",\"name\":\"Comment\",\"target\":[\"https:\/\/jornalfatosenoticias.com.br\/index.php\/2024\/11\/29\/oncas-pardas-passaram-a-ter-habitos-noturnos-para-evitar-contato-com-humanos\/#respond\"]}]},{\"@type\":\"WebPage\",\"@id\":\"https:\/\/jornalfatosenoticias.com.br\/index.php\/2024\/11\/29\/oncas-pardas-passaram-a-ter-habitos-noturnos-para-evitar-contato-com-humanos\/\",\"url\":\"https:\/\/jornalfatosenoticias.com.br\/index.php\/2024\/11\/29\/oncas-pardas-passaram-a-ter-habitos-noturnos-para-evitar-contato-com-humanos\/\",\"name\":\"On\u00e7as-pardas passaram a ter h\u00e1bitos noturnos para evitar contato com humanos - Jornal Fatos e Not\u00edcias\",\"isPartOf\":{\"@id\":\"https:\/\/jornalfatosenoticias.com.br\/#website\"},\"primaryImageOfPage\":{\"@id\":\"https:\/\/jornalfatosenoticias.com.br\/index.php\/2024\/11\/29\/oncas-pardas-passaram-a-ter-habitos-noturnos-para-evitar-contato-com-humanos\/#primaryimage\"},\"image\":{\"@id\":\"https:\/\/jornalfatosenoticias.com.br\/index.php\/2024\/11\/29\/oncas-pardas-passaram-a-ter-habitos-noturnos-para-evitar-contato-com-humanos\/#primaryimage\"},\"thumbnailUrl\":\"https:\/\/jornalfatosenoticias.com.br\/wp-content\/uploads\/2024\/11\/oncas-pardas_istock.jpg\",\"datePublished\":\"2024-11-29T16:56:54+00:00\",\"dateModified\":\"2024-11-29T16:56:55+00:00\",\"breadcrumb\":{\"@id\":\"https:\/\/jornalfatosenoticias.com.br\/index.php\/2024\/11\/29\/oncas-pardas-passaram-a-ter-habitos-noturnos-para-evitar-contato-com-humanos\/#breadcrumb\"},\"inLanguage\":\"pt-BR\",\"potentialAction\":[{\"@type\":\"ReadAction\",\"target\":[\"https:\/\/jornalfatosenoticias.com.br\/index.php\/2024\/11\/29\/oncas-pardas-passaram-a-ter-habitos-noturnos-para-evitar-contato-com-humanos\/\"]}]},{\"@type\":\"ImageObject\",\"inLanguage\":\"pt-BR\",\"@id\":\"https:\/\/jornalfatosenoticias.com.br\/index.php\/2024\/11\/29\/oncas-pardas-passaram-a-ter-habitos-noturnos-para-evitar-contato-com-humanos\/#primaryimage\",\"url\":\"https:\/\/jornalfatosenoticias.com.br\/wp-content\/uploads\/2024\/11\/oncas-pardas_istock.jpg\",\"contentUrl\":\"https:\/\/jornalfatosenoticias.com.br\/wp-content\/uploads\/2024\/11\/oncas-pardas_istock.jpg\",\"width\":612,\"height\":423,\"caption\":\"The cougar, Puma concolor, also known as the puma, mountain lion, catamount, or panther, is a large cat native to the Americas, second only in size to the stockier jaguar. Kalispell, Montana. Adult and young mountain lion on a rock with snow around.\"},{\"@type\":\"BreadcrumbList\",\"@id\":\"https:\/\/jornalfatosenoticias.com.br\/index.php\/2024\/11\/29\/oncas-pardas-passaram-a-ter-habitos-noturnos-para-evitar-contato-com-humanos\/#breadcrumb\",\"itemListElement\":[{\"@type\":\"ListItem\",\"position\":1,\"name\":\"In\u00edcio\",\"item\":\"https:\/\/jornalfatosenoticias.com.br\/\"},{\"@type\":\"ListItem\",\"position\":2,\"name\":\"On\u00e7as-pardas passaram a ter h\u00e1bitos noturnos para evitar contato com humanos\"}]},{\"@type\":\"WebSite\",\"@id\":\"https:\/\/jornalfatosenoticias.com.br\/#website\",\"url\":\"https:\/\/jornalfatosenoticias.com.br\/\",\"name\":\"Jornal Fatos e Not\u00edcias\",\"description\":\"Not\u00edcias em geral\",\"publisher\":{\"@id\":\"https:\/\/jornalfatosenoticias.com.br\/#organization\"},\"potentialAction\":[{\"@type\":\"SearchAction\",\"target\":{\"@type\":\"EntryPoint\",\"urlTemplate\":\"https:\/\/jornalfatosenoticias.com.br\/?s={search_term_string}\"},\"query-input\":{\"@type\":\"PropertyValueSpecification\",\"valueRequired\":true,\"valueName\":\"search_term_string\"}}],\"inLanguage\":\"pt-BR\"},{\"@type\":\"Organization\",\"@id\":\"https:\/\/jornalfatosenoticias.com.br\/#organization\",\"name\":\"Jornal Fatos e Not\u00edcias\",\"url\":\"https:\/\/jornalfatosenoticias.com.br\/\",\"logo\":{\"@type\":\"ImageObject\",\"inLanguage\":\"pt-BR\",\"@id\":\"https:\/\/jornalfatosenoticias.com.br\/#\/schema\/logo\/image\/\",\"url\":\"https:\/\/jornalfatosenoticias.com.br\/wp-content\/uploads\/2020\/02\/logo120.png\",\"contentUrl\":\"https:\/\/jornalfatosenoticias.com.br\/wp-content\/uploads\/2020\/02\/logo120.png\",\"width\":1227,\"height\":120,\"caption\":\"Jornal Fatos e Not\u00edcias\"},\"image\":{\"@id\":\"https:\/\/jornalfatosenoticias.com.br\/#\/schema\/logo\/image\/\"}},{\"@type\":\"Person\",\"@id\":\"https:\/\/jornalfatosenoticias.com.br\/#\/schema\/person\/d63837fa13ac8666eb9e74e0985d6f81\",\"name\":\"Luzimara Fernandes\",\"image\":{\"@type\":\"ImageObject\",\"inLanguage\":\"pt-BR\",\"@id\":\"https:\/\/jornalfatosenoticias.com.br\/#\/schema\/person\/image\/\",\"url\":\"https:\/\/jornalfatosenoticias.com.br\/wp-content\/uploads\/2025\/05\/EU_portal.jpg\",\"contentUrl\":\"https:\/\/jornalfatosenoticias.com.br\/wp-content\/uploads\/2025\/05\/EU_portal.jpg\",\"caption\":\"Luzimara Fernandes\"},\"description\":\"Jornalista MTB 2358-ES\",\"sameAs\":[\"https:\/\/jornalfatosenoticias.com.br\"],\"url\":\"https:\/\/jornalfatosenoticias.com.br\/index.php\/author\/luzimara\/\"}]}<\/script>\n<!-- \/ Yoast SEO plugin. -->","yoast_head_json":{"title":"On\u00e7as-pardas passaram a ter h\u00e1bitos noturnos para evitar contato com humanos - Jornal Fatos e Not\u00edcias","robots":{"index":"index","follow":"follow","max-snippet":"max-snippet:-1","max-image-preview":"max-image-preview:large","max-video-preview":"max-video-preview:-1"},"canonical":"https:\/\/jornalfatosenoticias.com.br\/index.php\/2024\/11\/29\/oncas-pardas-passaram-a-ter-habitos-noturnos-para-evitar-contato-com-humanos\/","og_locale":"pt_BR","og_type":"article","og_title":"On\u00e7as-pardas passaram a ter h\u00e1bitos noturnos para evitar contato com humanos - Jornal Fatos e Not\u00edcias","og_description":"Estudo feito nos EUA mostrou que felinos que habitam \u00e1reas com maior presen\u00e7a de ciclistas, pedestres e corredores tendem a ser mais ativos durante a noite A on\u00e7a-parda (Puma concolor) \u00e9 um s\u00edmbolo do estado da Calif\u00f3rnia, nos EUA. Embora sejam animais tipicamente diurnos, um estudo recente publicado na revista Biological Conservation revelou que os [&hellip;]","og_url":"https:\/\/jornalfatosenoticias.com.br\/index.php\/2024\/11\/29\/oncas-pardas-passaram-a-ter-habitos-noturnos-para-evitar-contato-com-humanos\/","og_site_name":"Jornal Fatos e Not\u00edcias","article_published_time":"2024-11-29T16:56:54+00:00","article_modified_time":"2024-11-29T16:56:55+00:00","og_image":[{"width":612,"height":423,"url":"https:\/\/jornalfatosenoticias.com.br\/wp-content\/uploads\/2024\/11\/oncas-pardas_istock.jpg","type":"image\/jpeg"}],"author":"Luzimara Fernandes","twitter_card":"summary_large_image","twitter_misc":{"Escrito por":"Luzimara Fernandes","Est. tempo de leitura":"3 minutos"},"schema":{"@context":"https:\/\/schema.org","@graph":[{"@type":"Article","@id":"https:\/\/jornalfatosenoticias.com.br\/index.php\/2024\/11\/29\/oncas-pardas-passaram-a-ter-habitos-noturnos-para-evitar-contato-com-humanos\/#article","isPartOf":{"@id":"https:\/\/jornalfatosenoticias.com.br\/index.php\/2024\/11\/29\/oncas-pardas-passaram-a-ter-habitos-noturnos-para-evitar-contato-com-humanos\/"},"author":{"name":"Luzimara Fernandes","@id":"https:\/\/jornalfatosenoticias.com.br\/#\/schema\/person\/d63837fa13ac8666eb9e74e0985d6f81"},"headline":"On\u00e7as-pardas passaram a ter h\u00e1bitos noturnos para evitar contato com humanos","datePublished":"2024-11-29T16:56:54+00:00","dateModified":"2024-11-29T16:56:55+00:00","mainEntityOfPage":{"@id":"https:\/\/jornalfatosenoticias.com.br\/index.php\/2024\/11\/29\/oncas-pardas-passaram-a-ter-habitos-noturnos-para-evitar-contato-com-humanos\/"},"wordCount":655,"commentCount":0,"publisher":{"@id":"https:\/\/jornalfatosenoticias.com.br\/#organization"},"image":{"@id":"https:\/\/jornalfatosenoticias.com.br\/index.php\/2024\/11\/29\/oncas-pardas-passaram-a-ter-habitos-noturnos-para-evitar-contato-com-humanos\/#primaryimage"},"thumbnailUrl":"https:\/\/jornalfatosenoticias.com.br\/wp-content\/uploads\/2024\/11\/oncas-pardas_istock.jpg","keywords":["atividades humanas","Calif\u00f3rnia","conserva\u00e7\u00e3o","esp\u00e9cie amea\u00e7ada","felinos","natureza","on\u00e7a-parda"],"articleSection":["Meio ambiente"],"inLanguage":"pt-BR","potentialAction":[{"@type":"CommentAction","name":"Comment","target":["https:\/\/jornalfatosenoticias.com.br\/index.php\/2024\/11\/29\/oncas-pardas-passaram-a-ter-habitos-noturnos-para-evitar-contato-com-humanos\/#respond"]}]},{"@type":"WebPage","@id":"https:\/\/jornalfatosenoticias.com.br\/index.php\/2024\/11\/29\/oncas-pardas-passaram-a-ter-habitos-noturnos-para-evitar-contato-com-humanos\/","url":"https:\/\/jornalfatosenoticias.com.br\/index.php\/2024\/11\/29\/oncas-pardas-passaram-a-ter-habitos-noturnos-para-evitar-contato-com-humanos\/","name":"On\u00e7as-pardas passaram a ter h\u00e1bitos noturnos para evitar contato com humanos - Jornal Fatos e Not\u00edcias","isPartOf":{"@id":"https:\/\/jornalfatosenoticias.com.br\/#website"},"primaryImageOfPage":{"@id":"https:\/\/jornalfatosenoticias.com.br\/index.php\/2024\/11\/29\/oncas-pardas-passaram-a-ter-habitos-noturnos-para-evitar-contato-com-humanos\/#primaryimage"},"image":{"@id":"https:\/\/jornalfatosenoticias.com.br\/index.php\/2024\/11\/29\/oncas-pardas-passaram-a-ter-habitos-noturnos-para-evitar-contato-com-humanos\/#primaryimage"},"thumbnailUrl":"https:\/\/jornalfatosenoticias.com.br\/wp-content\/uploads\/2024\/11\/oncas-pardas_istock.jpg","datePublished":"2024-11-29T16:56:54+00:00","dateModified":"2024-11-29T16:56:55+00:00","breadcrumb":{"@id":"https:\/\/jornalfatosenoticias.com.br\/index.php\/2024\/11\/29\/oncas-pardas-passaram-a-ter-habitos-noturnos-para-evitar-contato-com-humanos\/#breadcrumb"},"inLanguage":"pt-BR","potentialAction":[{"@type":"ReadAction","target":["https:\/\/jornalfatosenoticias.com.br\/index.php\/2024\/11\/29\/oncas-pardas-passaram-a-ter-habitos-noturnos-para-evitar-contato-com-humanos\/"]}]},{"@type":"ImageObject","inLanguage":"pt-BR","@id":"https:\/\/jornalfatosenoticias.com.br\/index.php\/2024\/11\/29\/oncas-pardas-passaram-a-ter-habitos-noturnos-para-evitar-contato-com-humanos\/#primaryimage","url":"https:\/\/jornalfatosenoticias.com.br\/wp-content\/uploads\/2024\/11\/oncas-pardas_istock.jpg","contentUrl":"https:\/\/jornalfatosenoticias.com.br\/wp-content\/uploads\/2024\/11\/oncas-pardas_istock.jpg","width":612,"height":423,"caption":"The cougar, Puma concolor, also known as the puma, mountain lion, catamount, or panther, is a large cat native to the Americas, second only in size to the stockier jaguar. Kalispell, Montana. Adult and young mountain lion on a rock with snow around."},{"@type":"BreadcrumbList","@id":"https:\/\/jornalfatosenoticias.com.br\/index.php\/2024\/11\/29\/oncas-pardas-passaram-a-ter-habitos-noturnos-para-evitar-contato-com-humanos\/#breadcrumb","itemListElement":[{"@type":"ListItem","position":1,"name":"In\u00edcio","item":"https:\/\/jornalfatosenoticias.com.br\/"},{"@type":"ListItem","position":2,"name":"On\u00e7as-pardas passaram a ter h\u00e1bitos noturnos para evitar contato com humanos"}]},{"@type":"WebSite","@id":"https:\/\/jornalfatosenoticias.com.br\/#website","url":"https:\/\/jornalfatosenoticias.com.br\/","name":"Jornal Fatos e Not\u00edcias","description":"Not\u00edcias em geral","publisher":{"@id":"https:\/\/jornalfatosenoticias.com.br\/#organization"},"potentialAction":[{"@type":"SearchAction","target":{"@type":"EntryPoint","urlTemplate":"https:\/\/jornalfatosenoticias.com.br\/?s={search_term_string}"},"query-input":{"@type":"PropertyValueSpecification","valueRequired":true,"valueName":"search_term_string"}}],"inLanguage":"pt-BR"},{"@type":"Organization","@id":"https:\/\/jornalfatosenoticias.com.br\/#organization","name":"Jornal Fatos e Not\u00edcias","url":"https:\/\/jornalfatosenoticias.com.br\/","logo":{"@type":"ImageObject","inLanguage":"pt-BR","@id":"https:\/\/jornalfatosenoticias.com.br\/#\/schema\/logo\/image\/","url":"https:\/\/jornalfatosenoticias.com.br\/wp-content\/uploads\/2020\/02\/logo120.png","contentUrl":"https:\/\/jornalfatosenoticias.com.br\/wp-content\/uploads\/2020\/02\/logo120.png","width":1227,"height":120,"caption":"Jornal Fatos e Not\u00edcias"},"image":{"@id":"https:\/\/jornalfatosenoticias.com.br\/#\/schema\/logo\/image\/"}},{"@type":"Person","@id":"https:\/\/jornalfatosenoticias.com.br\/#\/schema\/person\/d63837fa13ac8666eb9e74e0985d6f81","name":"Luzimara Fernandes","image":{"@type":"ImageObject","inLanguage":"pt-BR","@id":"https:\/\/jornalfatosenoticias.com.br\/#\/schema\/person\/image\/","url":"https:\/\/jornalfatosenoticias.com.br\/wp-content\/uploads\/2025\/05\/EU_portal.jpg","contentUrl":"https:\/\/jornalfatosenoticias.com.br\/wp-content\/uploads\/2025\/05\/EU_portal.jpg","caption":"Luzimara Fernandes"},"description":"Jornalista MTB 2358-ES","sameAs":["https:\/\/jornalfatosenoticias.com.br"],"url":"https:\/\/jornalfatosenoticias.com.br\/index.php\/author\/luzimara\/"}]}},"cc_featured_image_caption":{"caption_text":"(Foto: iStock)","source_text":"","source_url":""},"jetpack_featured_media_url":"https:\/\/jornalfatosenoticias.com.br\/wp-content\/uploads\/2024\/11\/oncas-pardas_istock.jpg","_links":{"self":[{"href":"https:\/\/jornalfatosenoticias.com.br\/index.php\/wp-json\/wp\/v2\/posts\/56046","targetHints":{"allow":["GET"]}}],"collection":[{"href":"https:\/\/jornalfatosenoticias.com.br\/index.php\/wp-json\/wp\/v2\/posts"}],"about":[{"href":"https:\/\/jornalfatosenoticias.com.br\/index.php\/wp-json\/wp\/v2\/types\/post"}],"author":[{"embeddable":true,"href":"https:\/\/jornalfatosenoticias.com.br\/index.php\/wp-json\/wp\/v2\/users\/2"}],"replies":[{"embeddable":true,"href":"https:\/\/jornalfatosenoticias.com.br\/index.php\/wp-json\/wp\/v2\/comments?post=56046"}],"version-history":[{"count":0,"href":"https:\/\/jornalfatosenoticias.com.br\/index.php\/wp-json\/wp\/v2\/posts\/56046\/revisions"}],"wp:featuredmedia":[{"embeddable":true,"href":"https:\/\/jornalfatosenoticias.com.br\/index.php\/wp-json\/wp\/v2\/media\/56047"}],"wp:attachment":[{"href":"https:\/\/jornalfatosenoticias.com.br\/index.php\/wp-json\/wp\/v2\/media?parent=56046"}],"wp:term":[{"taxonomy":"category","embeddable":true,"href":"https:\/\/jornalfatosenoticias.com.br\/index.php\/wp-json\/wp\/v2\/categories?post=56046"},{"taxonomy":"post_tag","embeddable":true,"href":"https:\/\/jornalfatosenoticias.com.br\/index.php\/wp-json\/wp\/v2\/tags?post=56046"}],"curies":[{"name":"wp","href":"https:\/\/api.w.org\/{rel}","templated":true}]}}