{"id":56065,"date":"2024-12-02T10:32:57","date_gmt":"2024-12-02T13:32:57","guid":{"rendered":"https:\/\/jornalfatosenoticias.com.br\/?p=56065"},"modified":"2024-12-02T10:33:00","modified_gmt":"2024-12-02T13:33:00","slug":"vacina-brasileira-contra-cancer-de-prostata-comeca-a-ser-testada-nos-estados-unidos","status":"publish","type":"post","link":"https:\/\/jornalfatosenoticias.com.br\/index.php\/2024\/12\/02\/vacina-brasileira-contra-cancer-de-prostata-comeca-a-ser-testada-nos-estados-unidos\/","title":{"rendered":"Vacina brasileira contra c\u00e2ncer de pr\u00f3stata come\u00e7a a ser testada nos Estados Unidos"},"content":{"rendered":"\n<div class=\"wp-block-image\"><figure class=\"aligncenter size-large is-resized\"><a href=\"https:\/\/www.legisjuris.com.br\/\"><img loading=\"lazy\" decoding=\"async\" src=\"https:\/\/jornalfatosenoticias.com.br\/wp-content\/uploads\/2024\/09\/Legis-Juris-Consultoria_logo.jpg\" alt=\"\" class=\"wp-image-53915\" width=\"360\" height=\"151\" srcset=\"https:\/\/jornalfatosenoticias.com.br\/wp-content\/uploads\/2024\/09\/Legis-Juris-Consultoria_logo.jpg 969w, https:\/\/jornalfatosenoticias.com.br\/wp-content\/uploads\/2024\/09\/Legis-Juris-Consultoria_logo-300x126.jpg 300w, https:\/\/jornalfatosenoticias.com.br\/wp-content\/uploads\/2024\/09\/Legis-Juris-Consultoria_logo-768x322.jpg 768w\" sizes=\"auto, (max-width: 360px) 100vw, 360px\" \/><\/a><\/figure><\/div>\n\n\n\n<p>A vacina desenvolvida no Brasil para combater o <a href=\"https:\/\/www.epochtimes.com.br\/focus\/cancer-de-prostata\" target=\"_blank\" rel=\"noreferrer noopener\">c\u00e2ncer de pr\u00f3stata<\/a> iniciou, na semana passada, seus <a href=\"https:\/\/www.epochtimes.com.br\/focus\/testes-nos-eua\" target=\"_blank\" rel=\"noreferrer noopener\">testes nos EUA<\/a>, ap\u00f3s 25 anos de pesquisa liderada pelo m\u00e9dico ga\u00facho <a href=\"https:\/\/www.epochtimes.com.br\/focus\/fernando-kreutz\" target=\"_blank\" rel=\"noreferrer noopener\">Fernando Kreutz<\/a>. O imunizante foi criado no Instituto Nacional do C\u00e2ncer (Inca), no Rio de Janeiro, e recebeu aprova\u00e7\u00e3o da FDA (Ag\u00eancia de Alimentos e Medicamentos dos Estados Unidos) para ser testado em territ\u00f3rio norte-americano.<br>A principal novidade dessa vacina \u00e9 a sua abordagem terap\u00eautica, voltada para a preven\u00e7\u00e3o da recorr\u00eancia quanto ao c\u00e2ncer de pr\u00f3stata \u2014 ou seja, ela ajuda a evitar que a doen\u00e7a volte ap\u00f3s o tratamento inicial. Nas palavras do doutor Kreutz, a vacina \u201cativa o sistema imunol\u00f3gico do paciente para prevenir a recorr\u00eancia, para que a doen\u00e7a n\u00e3o retorne. \u00c9 uma <a href=\"https:\/\/www.epochtimes.com.br\/focus\/vacina-terapeutica\" target=\"_blank\" rel=\"noreferrer noopener\">vacina terap\u00eautica<\/a>\u201d.<\/p>\n\n\n\n<div class=\"wp-block-image\"><figure class=\"aligncenter size-large is-resized\"><a href=\"https:\/\/www.instagram.com\/esteiochurrascaria\/\"><img loading=\"lazy\" decoding=\"async\" src=\"https:\/\/jornalfatosenoticias.com.br\/wp-content\/uploads\/2022\/02\/LOGO-ESTEIO-1024x730.png\" alt=\"\" class=\"wp-image-27942\" width=\"292\" height=\"208\" srcset=\"https:\/\/jornalfatosenoticias.com.br\/wp-content\/uploads\/2022\/02\/LOGO-ESTEIO-1024x730.png 1024w, https:\/\/jornalfatosenoticias.com.br\/wp-content\/uploads\/2022\/02\/LOGO-ESTEIO-300x214.png 300w, https:\/\/jornalfatosenoticias.com.br\/wp-content\/uploads\/2022\/02\/LOGO-ESTEIO-768x548.png 768w, https:\/\/jornalfatosenoticias.com.br\/wp-content\/uploads\/2022\/02\/LOGO-ESTEIO.png 1123w\" sizes=\"auto, (max-width: 292px) 100vw, 292px\" \/><\/a><\/figure><\/div>\n\n\n\n<p><strong><span class=\"has-inline-color has-black-color\">Imunizante usa c\u00e9lulas do paciente<br><\/span><\/strong>Essa <a href=\"https:\/\/www.epochtimes.com.br\/focus\/imunoterapia\" target=\"_blank\" rel=\"noreferrer noopener\">imunoterapia<\/a> individualizada \u00e9 considerada um avan\u00e7o no tratamento do c\u00e2ncer, pois utiliza as c\u00e9lulas do pr\u00f3prio paciente para combater a doen\u00e7a. O desenvolvimento da vacina come\u00e7a com a retirada de fragmentos do tumor, que s\u00e3o ent\u00e3o modificados e ampliados em laborat\u00f3rio. As c\u00e9lulas cancer\u00edgenas modificadas s\u00e3o reintroduzidas no portador da enfermidade para estimular a resposta imunol\u00f3gica do corpo.<\/p>\n\n\n\n<div class=\"wp-block-image\"><figure class=\"aligncenter size-large is-resized\"><a href=\"https:\/\/www.facebook.com\/postobkr\/?locale=pt_BR\"><img loading=\"lazy\" decoding=\"async\" src=\"https:\/\/jornalfatosenoticias.com.br\/wp-content\/uploads\/2023\/08\/BKR-1024x1021.jpg\" alt=\"\" class=\"wp-image-44494\" width=\"280\" height=\"279\" srcset=\"https:\/\/jornalfatosenoticias.com.br\/wp-content\/uploads\/2023\/08\/BKR-1024x1021.jpg 1024w, https:\/\/jornalfatosenoticias.com.br\/wp-content\/uploads\/2023\/08\/BKR-300x300.jpg 300w, https:\/\/jornalfatosenoticias.com.br\/wp-content\/uploads\/2023\/08\/BKR-150x150.jpg 150w, https:\/\/jornalfatosenoticias.com.br\/wp-content\/uploads\/2023\/08\/BKR-768x766.jpg 768w, https:\/\/jornalfatosenoticias.com.br\/wp-content\/uploads\/2023\/08\/BKR.jpg 1080w\" sizes=\"auto, (max-width: 280px) 100vw, 280px\" \/><\/a><\/figure><\/div>\n\n\n\n<p>Em solo norte-americano, o primeiro dos 280 volunt\u00e1rios foi submetido \u00e0 retirada dos fragmentos do c\u00e2ncer de pr\u00f3stata, marcando o in\u00edcio das pesquisas cl\u00ednicas. A expectativa dos pesquisadores \u00e9 que, se os testes forem bem-sucedidos, a FDA possa autorizar o registro definitivo da vacina nos pr\u00f3ximos dois anos.<\/p>\n\n\n\n<div class=\"wp-block-image\"><figure class=\"aligncenter size-large is-resized\"><a href=\"https:\/\/hotelmarquetti.com.br\/\"><img loading=\"lazy\" decoding=\"async\" src=\"https:\/\/jornalfatosenoticias.com.br\/wp-content\/uploads\/2023\/03\/nova-logo-Marquetti.jpg\" alt=\"\" class=\"wp-image-40207\" width=\"320\" height=\"215\" srcset=\"https:\/\/jornalfatosenoticias.com.br\/wp-content\/uploads\/2023\/03\/nova-logo-Marquetti.jpg 643w, https:\/\/jornalfatosenoticias.com.br\/wp-content\/uploads\/2023\/03\/nova-logo-Marquetti-300x202.jpg 300w\" sizes=\"auto, (max-width: 320px) 100vw, 320px\" \/><\/a><\/figure><\/div>\n\n\n\n<p><strong><span class=\"has-inline-color has-black-color\">Brasil tem pior cen\u00e1rio do que mundo<br><\/span><\/strong>A enfermidade na pr\u00f3stata \u00e9 a segunda mais comum entre os homens, ficando atr\u00e1s apenas do c\u00e2ncer de pele. No Brasil, a situa\u00e7\u00e3o \u00e9 ainda mais preocupante, pois estudos recentes revelaram que os casos da doen\u00e7a no pa\u00eds t\u00eam uma caracter\u00edstica agressiva em compara\u00e7\u00e3o aos padr\u00f5es internacionais. De acordo com estes, cerca de 30% dos casos positivos s\u00e3o mais agressivos \u2014 sendo que a m\u00e9dia de tumores de alto grau no Inca \u00e9 quase duas vezes maior. Kreutz e sua equipe investigam as poss\u00edveis causas dessa diferen\u00e7a, apontando para fatores gen\u00e9ticos dos homens brasileiros.<\/p>\n\n\n\n<div class=\"wp-block-image\"><figure class=\"aligncenter size-large is-resized\"><a href=\"https:\/\/www.instagram.com\/ligadossaborespizzaria\/\"><img loading=\"lazy\" decoding=\"async\" src=\"https:\/\/jornalfatosenoticias.com.br\/wp-content\/uploads\/2024\/09\/WhatsApp-Image-2024-09-14-at-22.46.10-819x1024.jpeg\" alt=\"\" class=\"wp-image-54180\" width=\"286\" height=\"357\" srcset=\"https:\/\/jornalfatosenoticias.com.br\/wp-content\/uploads\/2024\/09\/WhatsApp-Image-2024-09-14-at-22.46.10-819x1024.jpeg 819w, https:\/\/jornalfatosenoticias.com.br\/wp-content\/uploads\/2024\/09\/WhatsApp-Image-2024-09-14-at-22.46.10-240x300.jpeg 240w, https:\/\/jornalfatosenoticias.com.br\/wp-content\/uploads\/2024\/09\/WhatsApp-Image-2024-09-14-at-22.46.10-768x960.jpeg 768w, https:\/\/jornalfatosenoticias.com.br\/wp-content\/uploads\/2024\/09\/WhatsApp-Image-2024-09-14-at-22.46.10.jpeg 1024w\" sizes=\"auto, (max-width: 286px) 100vw, 286px\" \/><\/a><\/figure><\/div>\n\n\n\n<p><strong><span class=\"has-inline-color has-black-color\">Estimativas e recomenda\u00e7\u00f5es<br><\/span><\/strong>Em rela\u00e7\u00e3o aos dados mundiais, \u00e9 estimado que at\u00e9 2040 o n\u00famero de casos de c\u00e2ncer de pr\u00f3stata pode dobrar no Brasil. Diante dessa previs\u00e3o, os especialistas alertam para a import\u00e2ncia do diagn\u00f3stico precoce. A recomenda\u00e7\u00e3o \u00e9 que homens a partir dos 45 anos busquem acompanhamento m\u00e9dico regular com um urologista, pois a detec\u00e7\u00e3o precoce aumenta significativamente as chances de cura. Com o avan\u00e7o dessa vacina e outras pesquisas em andamento, h\u00e1 esperan\u00e7as de que milhares de vidas possam ser salvas no futuro pr\u00f3ximo.<\/p>\n\n\n\n<div class=\"wp-block-image\"><figure class=\"aligncenter size-large\"><a href=\"https:\/\/cesconetto.com.br\/\"><img loading=\"lazy\" decoding=\"async\" width=\"300\" height=\"250\" src=\"https:\/\/jornalfatosenoticias.com.br\/wp-content\/uploads\/2020\/02\/Banner-2.png\" alt=\"\" class=\"wp-image-43787\"\/><\/a><\/figure><\/div>\n\n\n\n<p><strong><em>Fonte: <a href=\"https:\/\/www.epochtimes.com.br\/saude\/vacina-brasileira-contra-cancer-de-prostata-comeca-a-ser-testada-nos-estados-unidos-208137.html\">Epoch Times Brasil<\/a><\/em><\/strong><\/p>\n","protected":false},"excerpt":{"rendered":"<p>A vacina desenvolvida no Brasil para combater o c\u00e2ncer de pr\u00f3stata iniciou, na semana passada, seus testes nos EUA, ap\u00f3s 25 anos de pesquisa liderada pelo m\u00e9dico ga\u00facho Fernando Kreutz. O imunizante foi criado no Instituto Nacional do C\u00e2ncer (Inca), no Rio de Janeiro, e recebeu aprova\u00e7\u00e3o da FDA (Ag\u00eancia de Alimentos e Medicamentos dos [&hellip;]<\/p>\n","protected":false},"author":2,"featured_media":56066,"comment_status":"open","ping_status":"open","sticky":false,"template":"","format":"standard","meta":{"footnotes":""},"categories":[11],"tags":[642,5800,25566,25567],"class_list":["post-56065","post","type-post","status-publish","format-standard","has-post-thumbnail","hentry","category-saude","tag-cancer","tag-cancer-de-prostata","tag-vacina-brasileira-contra-cancer-de-prostata","tag-vacina-contra-cancer-de-prostata"],"yoast_head":"<!-- This site is optimized with the Yoast SEO plugin v26.5 - https:\/\/yoast.com\/wordpress\/plugins\/seo\/ -->\n<title>Vacina brasileira contra c\u00e2ncer de pr\u00f3stata come\u00e7a a ser testada nos Estados Unidos - Jornal Fatos e Not\u00edcias<\/title>\n<meta name=\"robots\" content=\"index, follow, max-snippet:-1, max-image-preview:large, max-video-preview:-1\" \/>\n<link rel=\"canonical\" href=\"https:\/\/jornalfatosenoticias.com.br\/index.php\/2024\/12\/02\/vacina-brasileira-contra-cancer-de-prostata-comeca-a-ser-testada-nos-estados-unidos\/\" \/>\n<meta property=\"og:locale\" content=\"pt_BR\" \/>\n<meta property=\"og:type\" content=\"article\" \/>\n<meta property=\"og:title\" content=\"Vacina brasileira contra c\u00e2ncer de pr\u00f3stata come\u00e7a a ser testada nos Estados Unidos - Jornal Fatos e Not\u00edcias\" \/>\n<meta property=\"og:description\" content=\"A vacina desenvolvida no Brasil para combater o c\u00e2ncer de pr\u00f3stata iniciou, na semana passada, seus testes nos EUA, ap\u00f3s 25 anos de pesquisa liderada pelo m\u00e9dico ga\u00facho Fernando Kreutz. O imunizante foi criado no Instituto Nacional do C\u00e2ncer (Inca), no Rio de Janeiro, e recebeu aprova\u00e7\u00e3o da FDA (Ag\u00eancia de Alimentos e Medicamentos dos [&hellip;]\" \/>\n<meta property=\"og:url\" content=\"https:\/\/jornalfatosenoticias.com.br\/index.php\/2024\/12\/02\/vacina-brasileira-contra-cancer-de-prostata-comeca-a-ser-testada-nos-estados-unidos\/\" \/>\n<meta property=\"og:site_name\" content=\"Jornal Fatos e Not\u00edcias\" \/>\n<meta property=\"article:published_time\" content=\"2024-12-02T13:32:57+00:00\" \/>\n<meta property=\"article:modified_time\" content=\"2024-12-02T13:33:00+00:00\" \/>\n<meta property=\"og:image\" content=\"https:\/\/jornalfatosenoticias.com.br\/wp-content\/uploads\/2024\/12\/vacina-cancer-de-prostata_istock.jpg\" \/>\n\t<meta property=\"og:image:width\" content=\"612\" \/>\n\t<meta property=\"og:image:height\" content=\"408\" \/>\n\t<meta property=\"og:image:type\" content=\"image\/jpeg\" \/>\n<meta name=\"author\" content=\"Luzimara Fernandes\" \/>\n<meta name=\"twitter:card\" content=\"summary_large_image\" \/>\n<meta name=\"twitter:label1\" content=\"Escrito por\" \/>\n\t<meta name=\"twitter:data1\" content=\"Luzimara Fernandes\" \/>\n\t<meta name=\"twitter:label2\" content=\"Est. tempo de leitura\" \/>\n\t<meta name=\"twitter:data2\" content=\"2 minutos\" \/>\n<script type=\"application\/ld+json\" class=\"yoast-schema-graph\">{\"@context\":\"https:\/\/schema.org\",\"@graph\":[{\"@type\":\"Article\",\"@id\":\"https:\/\/jornalfatosenoticias.com.br\/index.php\/2024\/12\/02\/vacina-brasileira-contra-cancer-de-prostata-comeca-a-ser-testada-nos-estados-unidos\/#article\",\"isPartOf\":{\"@id\":\"https:\/\/jornalfatosenoticias.com.br\/index.php\/2024\/12\/02\/vacina-brasileira-contra-cancer-de-prostata-comeca-a-ser-testada-nos-estados-unidos\/\"},\"author\":{\"name\":\"Luzimara Fernandes\",\"@id\":\"https:\/\/jornalfatosenoticias.com.br\/#\/schema\/person\/d63837fa13ac8666eb9e74e0985d6f81\"},\"headline\":\"Vacina brasileira contra c\u00e2ncer de pr\u00f3stata come\u00e7a a ser testada nos Estados Unidos\",\"datePublished\":\"2024-12-02T13:32:57+00:00\",\"dateModified\":\"2024-12-02T13:33:00+00:00\",\"mainEntityOfPage\":{\"@id\":\"https:\/\/jornalfatosenoticias.com.br\/index.php\/2024\/12\/02\/vacina-brasileira-contra-cancer-de-prostata-comeca-a-ser-testada-nos-estados-unidos\/\"},\"wordCount\":500,\"commentCount\":0,\"publisher\":{\"@id\":\"https:\/\/jornalfatosenoticias.com.br\/#organization\"},\"image\":{\"@id\":\"https:\/\/jornalfatosenoticias.com.br\/index.php\/2024\/12\/02\/vacina-brasileira-contra-cancer-de-prostata-comeca-a-ser-testada-nos-estados-unidos\/#primaryimage\"},\"thumbnailUrl\":\"https:\/\/jornalfatosenoticias.com.br\/wp-content\/uploads\/2024\/12\/vacina-cancer-de-prostata_istock.jpg\",\"keywords\":[\"c\u00e2ncer\",\"c\u00e2ncer de pr\u00f3stata\",\"vacina brasileira contra c\u00e2ncer de pr\u00f3stata\",\"vacina contra c\u00e2ncer de pr\u00f3stata\"],\"articleSection\":[\"Sa\u00fade\"],\"inLanguage\":\"pt-BR\",\"potentialAction\":[{\"@type\":\"CommentAction\",\"name\":\"Comment\",\"target\":[\"https:\/\/jornalfatosenoticias.com.br\/index.php\/2024\/12\/02\/vacina-brasileira-contra-cancer-de-prostata-comeca-a-ser-testada-nos-estados-unidos\/#respond\"]}]},{\"@type\":\"WebPage\",\"@id\":\"https:\/\/jornalfatosenoticias.com.br\/index.php\/2024\/12\/02\/vacina-brasileira-contra-cancer-de-prostata-comeca-a-ser-testada-nos-estados-unidos\/\",\"url\":\"https:\/\/jornalfatosenoticias.com.br\/index.php\/2024\/12\/02\/vacina-brasileira-contra-cancer-de-prostata-comeca-a-ser-testada-nos-estados-unidos\/\",\"name\":\"Vacina brasileira contra c\u00e2ncer de pr\u00f3stata come\u00e7a a ser testada nos Estados Unidos - Jornal Fatos e Not\u00edcias\",\"isPartOf\":{\"@id\":\"https:\/\/jornalfatosenoticias.com.br\/#website\"},\"primaryImageOfPage\":{\"@id\":\"https:\/\/jornalfatosenoticias.com.br\/index.php\/2024\/12\/02\/vacina-brasileira-contra-cancer-de-prostata-comeca-a-ser-testada-nos-estados-unidos\/#primaryimage\"},\"image\":{\"@id\":\"https:\/\/jornalfatosenoticias.com.br\/index.php\/2024\/12\/02\/vacina-brasileira-contra-cancer-de-prostata-comeca-a-ser-testada-nos-estados-unidos\/#primaryimage\"},\"thumbnailUrl\":\"https:\/\/jornalfatosenoticias.com.br\/wp-content\/uploads\/2024\/12\/vacina-cancer-de-prostata_istock.jpg\",\"datePublished\":\"2024-12-02T13:32:57+00:00\",\"dateModified\":\"2024-12-02T13:33:00+00:00\",\"breadcrumb\":{\"@id\":\"https:\/\/jornalfatosenoticias.com.br\/index.php\/2024\/12\/02\/vacina-brasileira-contra-cancer-de-prostata-comeca-a-ser-testada-nos-estados-unidos\/#breadcrumb\"},\"inLanguage\":\"pt-BR\",\"potentialAction\":[{\"@type\":\"ReadAction\",\"target\":[\"https:\/\/jornalfatosenoticias.com.br\/index.php\/2024\/12\/02\/vacina-brasileira-contra-cancer-de-prostata-comeca-a-ser-testada-nos-estados-unidos\/\"]}]},{\"@type\":\"ImageObject\",\"inLanguage\":\"pt-BR\",\"@id\":\"https:\/\/jornalfatosenoticias.com.br\/index.php\/2024\/12\/02\/vacina-brasileira-contra-cancer-de-prostata-comeca-a-ser-testada-nos-estados-unidos\/#primaryimage\",\"url\":\"https:\/\/jornalfatosenoticias.com.br\/wp-content\/uploads\/2024\/12\/vacina-cancer-de-prostata_istock.jpg\",\"contentUrl\":\"https:\/\/jornalfatosenoticias.com.br\/wp-content\/uploads\/2024\/12\/vacina-cancer-de-prostata_istock.jpg\",\"width\":612,\"height\":408,\"caption\":\"Prostate cancer - vaccine under research.\"},{\"@type\":\"BreadcrumbList\",\"@id\":\"https:\/\/jornalfatosenoticias.com.br\/index.php\/2024\/12\/02\/vacina-brasileira-contra-cancer-de-prostata-comeca-a-ser-testada-nos-estados-unidos\/#breadcrumb\",\"itemListElement\":[{\"@type\":\"ListItem\",\"position\":1,\"name\":\"In\u00edcio\",\"item\":\"https:\/\/jornalfatosenoticias.com.br\/\"},{\"@type\":\"ListItem\",\"position\":2,\"name\":\"Vacina brasileira contra c\u00e2ncer de pr\u00f3stata come\u00e7a a ser testada nos Estados Unidos\"}]},{\"@type\":\"WebSite\",\"@id\":\"https:\/\/jornalfatosenoticias.com.br\/#website\",\"url\":\"https:\/\/jornalfatosenoticias.com.br\/\",\"name\":\"Jornal Fatos e Not\u00edcias\",\"description\":\"Not\u00edcias em geral\",\"publisher\":{\"@id\":\"https:\/\/jornalfatosenoticias.com.br\/#organization\"},\"potentialAction\":[{\"@type\":\"SearchAction\",\"target\":{\"@type\":\"EntryPoint\",\"urlTemplate\":\"https:\/\/jornalfatosenoticias.com.br\/?s={search_term_string}\"},\"query-input\":{\"@type\":\"PropertyValueSpecification\",\"valueRequired\":true,\"valueName\":\"search_term_string\"}}],\"inLanguage\":\"pt-BR\"},{\"@type\":\"Organization\",\"@id\":\"https:\/\/jornalfatosenoticias.com.br\/#organization\",\"name\":\"Jornal Fatos e Not\u00edcias\",\"url\":\"https:\/\/jornalfatosenoticias.com.br\/\",\"logo\":{\"@type\":\"ImageObject\",\"inLanguage\":\"pt-BR\",\"@id\":\"https:\/\/jornalfatosenoticias.com.br\/#\/schema\/logo\/image\/\",\"url\":\"https:\/\/jornalfatosenoticias.com.br\/wp-content\/uploads\/2020\/02\/logo120.png\",\"contentUrl\":\"https:\/\/jornalfatosenoticias.com.br\/wp-content\/uploads\/2020\/02\/logo120.png\",\"width\":1227,\"height\":120,\"caption\":\"Jornal Fatos e Not\u00edcias\"},\"image\":{\"@id\":\"https:\/\/jornalfatosenoticias.com.br\/#\/schema\/logo\/image\/\"}},{\"@type\":\"Person\",\"@id\":\"https:\/\/jornalfatosenoticias.com.br\/#\/schema\/person\/d63837fa13ac8666eb9e74e0985d6f81\",\"name\":\"Luzimara Fernandes\",\"image\":{\"@type\":\"ImageObject\",\"inLanguage\":\"pt-BR\",\"@id\":\"https:\/\/jornalfatosenoticias.com.br\/#\/schema\/person\/image\/\",\"url\":\"https:\/\/jornalfatosenoticias.com.br\/wp-content\/uploads\/2025\/05\/EU_portal.jpg\",\"contentUrl\":\"https:\/\/jornalfatosenoticias.com.br\/wp-content\/uploads\/2025\/05\/EU_portal.jpg\",\"caption\":\"Luzimara Fernandes\"},\"description\":\"Jornalista MTB 2358-ES\",\"sameAs\":[\"https:\/\/jornalfatosenoticias.com.br\"],\"url\":\"https:\/\/jornalfatosenoticias.com.br\/index.php\/author\/luzimara\/\"}]}<\/script>\n<!-- \/ Yoast SEO plugin. -->","yoast_head_json":{"title":"Vacina brasileira contra c\u00e2ncer de pr\u00f3stata come\u00e7a a ser testada nos Estados Unidos - Jornal Fatos e Not\u00edcias","robots":{"index":"index","follow":"follow","max-snippet":"max-snippet:-1","max-image-preview":"max-image-preview:large","max-video-preview":"max-video-preview:-1"},"canonical":"https:\/\/jornalfatosenoticias.com.br\/index.php\/2024\/12\/02\/vacina-brasileira-contra-cancer-de-prostata-comeca-a-ser-testada-nos-estados-unidos\/","og_locale":"pt_BR","og_type":"article","og_title":"Vacina brasileira contra c\u00e2ncer de pr\u00f3stata come\u00e7a a ser testada nos Estados Unidos - Jornal Fatos e Not\u00edcias","og_description":"A vacina desenvolvida no Brasil para combater o c\u00e2ncer de pr\u00f3stata iniciou, na semana passada, seus testes nos EUA, ap\u00f3s 25 anos de pesquisa liderada pelo m\u00e9dico ga\u00facho Fernando Kreutz. O imunizante foi criado no Instituto Nacional do C\u00e2ncer (Inca), no Rio de Janeiro, e recebeu aprova\u00e7\u00e3o da FDA (Ag\u00eancia de Alimentos e Medicamentos dos [&hellip;]","og_url":"https:\/\/jornalfatosenoticias.com.br\/index.php\/2024\/12\/02\/vacina-brasileira-contra-cancer-de-prostata-comeca-a-ser-testada-nos-estados-unidos\/","og_site_name":"Jornal Fatos e Not\u00edcias","article_published_time":"2024-12-02T13:32:57+00:00","article_modified_time":"2024-12-02T13:33:00+00:00","og_image":[{"width":612,"height":408,"url":"https:\/\/jornalfatosenoticias.com.br\/wp-content\/uploads\/2024\/12\/vacina-cancer-de-prostata_istock.jpg","type":"image\/jpeg"}],"author":"Luzimara Fernandes","twitter_card":"summary_large_image","twitter_misc":{"Escrito por":"Luzimara Fernandes","Est. tempo de leitura":"2 minutos"},"schema":{"@context":"https:\/\/schema.org","@graph":[{"@type":"Article","@id":"https:\/\/jornalfatosenoticias.com.br\/index.php\/2024\/12\/02\/vacina-brasileira-contra-cancer-de-prostata-comeca-a-ser-testada-nos-estados-unidos\/#article","isPartOf":{"@id":"https:\/\/jornalfatosenoticias.com.br\/index.php\/2024\/12\/02\/vacina-brasileira-contra-cancer-de-prostata-comeca-a-ser-testada-nos-estados-unidos\/"},"author":{"name":"Luzimara Fernandes","@id":"https:\/\/jornalfatosenoticias.com.br\/#\/schema\/person\/d63837fa13ac8666eb9e74e0985d6f81"},"headline":"Vacina brasileira contra c\u00e2ncer de pr\u00f3stata come\u00e7a a ser testada nos Estados Unidos","datePublished":"2024-12-02T13:32:57+00:00","dateModified":"2024-12-02T13:33:00+00:00","mainEntityOfPage":{"@id":"https:\/\/jornalfatosenoticias.com.br\/index.php\/2024\/12\/02\/vacina-brasileira-contra-cancer-de-prostata-comeca-a-ser-testada-nos-estados-unidos\/"},"wordCount":500,"commentCount":0,"publisher":{"@id":"https:\/\/jornalfatosenoticias.com.br\/#organization"},"image":{"@id":"https:\/\/jornalfatosenoticias.com.br\/index.php\/2024\/12\/02\/vacina-brasileira-contra-cancer-de-prostata-comeca-a-ser-testada-nos-estados-unidos\/#primaryimage"},"thumbnailUrl":"https:\/\/jornalfatosenoticias.com.br\/wp-content\/uploads\/2024\/12\/vacina-cancer-de-prostata_istock.jpg","keywords":["c\u00e2ncer","c\u00e2ncer de pr\u00f3stata","vacina brasileira contra c\u00e2ncer de pr\u00f3stata","vacina contra c\u00e2ncer de pr\u00f3stata"],"articleSection":["Sa\u00fade"],"inLanguage":"pt-BR","potentialAction":[{"@type":"CommentAction","name":"Comment","target":["https:\/\/jornalfatosenoticias.com.br\/index.php\/2024\/12\/02\/vacina-brasileira-contra-cancer-de-prostata-comeca-a-ser-testada-nos-estados-unidos\/#respond"]}]},{"@type":"WebPage","@id":"https:\/\/jornalfatosenoticias.com.br\/index.php\/2024\/12\/02\/vacina-brasileira-contra-cancer-de-prostata-comeca-a-ser-testada-nos-estados-unidos\/","url":"https:\/\/jornalfatosenoticias.com.br\/index.php\/2024\/12\/02\/vacina-brasileira-contra-cancer-de-prostata-comeca-a-ser-testada-nos-estados-unidos\/","name":"Vacina brasileira contra c\u00e2ncer de pr\u00f3stata come\u00e7a a ser testada nos Estados Unidos - Jornal Fatos e Not\u00edcias","isPartOf":{"@id":"https:\/\/jornalfatosenoticias.com.br\/#website"},"primaryImageOfPage":{"@id":"https:\/\/jornalfatosenoticias.com.br\/index.php\/2024\/12\/02\/vacina-brasileira-contra-cancer-de-prostata-comeca-a-ser-testada-nos-estados-unidos\/#primaryimage"},"image":{"@id":"https:\/\/jornalfatosenoticias.com.br\/index.php\/2024\/12\/02\/vacina-brasileira-contra-cancer-de-prostata-comeca-a-ser-testada-nos-estados-unidos\/#primaryimage"},"thumbnailUrl":"https:\/\/jornalfatosenoticias.com.br\/wp-content\/uploads\/2024\/12\/vacina-cancer-de-prostata_istock.jpg","datePublished":"2024-12-02T13:32:57+00:00","dateModified":"2024-12-02T13:33:00+00:00","breadcrumb":{"@id":"https:\/\/jornalfatosenoticias.com.br\/index.php\/2024\/12\/02\/vacina-brasileira-contra-cancer-de-prostata-comeca-a-ser-testada-nos-estados-unidos\/#breadcrumb"},"inLanguage":"pt-BR","potentialAction":[{"@type":"ReadAction","target":["https:\/\/jornalfatosenoticias.com.br\/index.php\/2024\/12\/02\/vacina-brasileira-contra-cancer-de-prostata-comeca-a-ser-testada-nos-estados-unidos\/"]}]},{"@type":"ImageObject","inLanguage":"pt-BR","@id":"https:\/\/jornalfatosenoticias.com.br\/index.php\/2024\/12\/02\/vacina-brasileira-contra-cancer-de-prostata-comeca-a-ser-testada-nos-estados-unidos\/#primaryimage","url":"https:\/\/jornalfatosenoticias.com.br\/wp-content\/uploads\/2024\/12\/vacina-cancer-de-prostata_istock.jpg","contentUrl":"https:\/\/jornalfatosenoticias.com.br\/wp-content\/uploads\/2024\/12\/vacina-cancer-de-prostata_istock.jpg","width":612,"height":408,"caption":"Prostate cancer - vaccine under research."},{"@type":"BreadcrumbList","@id":"https:\/\/jornalfatosenoticias.com.br\/index.php\/2024\/12\/02\/vacina-brasileira-contra-cancer-de-prostata-comeca-a-ser-testada-nos-estados-unidos\/#breadcrumb","itemListElement":[{"@type":"ListItem","position":1,"name":"In\u00edcio","item":"https:\/\/jornalfatosenoticias.com.br\/"},{"@type":"ListItem","position":2,"name":"Vacina brasileira contra c\u00e2ncer de pr\u00f3stata come\u00e7a a ser testada nos Estados Unidos"}]},{"@type":"WebSite","@id":"https:\/\/jornalfatosenoticias.com.br\/#website","url":"https:\/\/jornalfatosenoticias.com.br\/","name":"Jornal Fatos e Not\u00edcias","description":"Not\u00edcias em geral","publisher":{"@id":"https:\/\/jornalfatosenoticias.com.br\/#organization"},"potentialAction":[{"@type":"SearchAction","target":{"@type":"EntryPoint","urlTemplate":"https:\/\/jornalfatosenoticias.com.br\/?s={search_term_string}"},"query-input":{"@type":"PropertyValueSpecification","valueRequired":true,"valueName":"search_term_string"}}],"inLanguage":"pt-BR"},{"@type":"Organization","@id":"https:\/\/jornalfatosenoticias.com.br\/#organization","name":"Jornal Fatos e Not\u00edcias","url":"https:\/\/jornalfatosenoticias.com.br\/","logo":{"@type":"ImageObject","inLanguage":"pt-BR","@id":"https:\/\/jornalfatosenoticias.com.br\/#\/schema\/logo\/image\/","url":"https:\/\/jornalfatosenoticias.com.br\/wp-content\/uploads\/2020\/02\/logo120.png","contentUrl":"https:\/\/jornalfatosenoticias.com.br\/wp-content\/uploads\/2020\/02\/logo120.png","width":1227,"height":120,"caption":"Jornal Fatos e Not\u00edcias"},"image":{"@id":"https:\/\/jornalfatosenoticias.com.br\/#\/schema\/logo\/image\/"}},{"@type":"Person","@id":"https:\/\/jornalfatosenoticias.com.br\/#\/schema\/person\/d63837fa13ac8666eb9e74e0985d6f81","name":"Luzimara Fernandes","image":{"@type":"ImageObject","inLanguage":"pt-BR","@id":"https:\/\/jornalfatosenoticias.com.br\/#\/schema\/person\/image\/","url":"https:\/\/jornalfatosenoticias.com.br\/wp-content\/uploads\/2025\/05\/EU_portal.jpg","contentUrl":"https:\/\/jornalfatosenoticias.com.br\/wp-content\/uploads\/2025\/05\/EU_portal.jpg","caption":"Luzimara Fernandes"},"description":"Jornalista MTB 2358-ES","sameAs":["https:\/\/jornalfatosenoticias.com.br"],"url":"https:\/\/jornalfatosenoticias.com.br\/index.php\/author\/luzimara\/"}]}},"cc_featured_image_caption":{"caption_text":"(Foto: iStock) ","source_text":"","source_url":""},"jetpack_featured_media_url":"https:\/\/jornalfatosenoticias.com.br\/wp-content\/uploads\/2024\/12\/vacina-cancer-de-prostata_istock.jpg","_links":{"self":[{"href":"https:\/\/jornalfatosenoticias.com.br\/index.php\/wp-json\/wp\/v2\/posts\/56065","targetHints":{"allow":["GET"]}}],"collection":[{"href":"https:\/\/jornalfatosenoticias.com.br\/index.php\/wp-json\/wp\/v2\/posts"}],"about":[{"href":"https:\/\/jornalfatosenoticias.com.br\/index.php\/wp-json\/wp\/v2\/types\/post"}],"author":[{"embeddable":true,"href":"https:\/\/jornalfatosenoticias.com.br\/index.php\/wp-json\/wp\/v2\/users\/2"}],"replies":[{"embeddable":true,"href":"https:\/\/jornalfatosenoticias.com.br\/index.php\/wp-json\/wp\/v2\/comments?post=56065"}],"version-history":[{"count":0,"href":"https:\/\/jornalfatosenoticias.com.br\/index.php\/wp-json\/wp\/v2\/posts\/56065\/revisions"}],"wp:featuredmedia":[{"embeddable":true,"href":"https:\/\/jornalfatosenoticias.com.br\/index.php\/wp-json\/wp\/v2\/media\/56066"}],"wp:attachment":[{"href":"https:\/\/jornalfatosenoticias.com.br\/index.php\/wp-json\/wp\/v2\/media?parent=56065"}],"wp:term":[{"taxonomy":"category","embeddable":true,"href":"https:\/\/jornalfatosenoticias.com.br\/index.php\/wp-json\/wp\/v2\/categories?post=56065"},{"taxonomy":"post_tag","embeddable":true,"href":"https:\/\/jornalfatosenoticias.com.br\/index.php\/wp-json\/wp\/v2\/tags?post=56065"}],"curies":[{"name":"wp","href":"https:\/\/api.w.org\/{rel}","templated":true}]}}