{"id":5607,"date":"2020-06-17T13:19:04","date_gmt":"2020-06-17T16:19:04","guid":{"rendered":"https:\/\/jornalfatosenoticias.com.br\/?p=5607"},"modified":"2020-06-17T13:19:09","modified_gmt":"2020-06-17T16:19:09","slug":"begonia-maculata-a-nova-queridinha-dos-loucos-das-plantas","status":"publish","type":"post","link":"https:\/\/jornalfatosenoticias.com.br\/index.php\/2020\/06\/17\/begonia-maculata-a-nova-queridinha-dos-loucos-das-plantas\/","title":{"rendered":"Beg\u00f4nia Maculata: a nova queridinha dos \u201cloucos das plantas\u201d"},"content":{"rendered":"\n<h6 class=\"wp-block-heading\"><em>A Beg\u00f4nia Maculata pode ser uma \u00f3tima op\u00e7\u00e3o para a decora\u00e7\u00e3o da casa e ficar\u00e1 perfeita na sala<\/em><\/h6>\n\n\n\n<p>Toda hora vemos plantinhas surgindo em meio ao d\u00e9cor, que trazem a natureza para dentro do lar. As suculentas e cactos tiveram seu momento de plenitude, as costelas-de-ad\u00e3o tamb\u00e9m, e, recentemente, a <a href=\"https:\/\/casa.abril.com.br\/jardins-e-hortas\/ficus-e-a-nova-queridinha-dos-apaixonados-por-plantas\/\"><strong>ficus<\/strong><\/a> era a maior tend\u00eancia das plantas em casa.<br>Por\u00e9m, chegou a vez de outra esp\u00e9cie brilhar e servir de detalhe nas fotos instagram\u00e1veis. Trata-se da Beg\u00f4nia Maculata. Apesar de ser nativa do Brasil, faz apenas um m\u00eas que ela foi lan\u00e7ada no mercado comercialmente. N\u00e3o por acaso, ocupava o primeiro lugar no ranking de desejo entre os \u201cloucos das plantas\u201c. No Instagram ela j\u00e1 \u00e9 sucesso absoluto, sendo mencionada 39 mil vezes em hashtags.<br>Al\u00e9m disso, as buscas por \u201cbeg\u00f4nia\u201d na plataforma inspiracional <a href=\"https:\/\/br.pinterest.com\/casacombr\/\"><strong>Pinterest<\/strong><\/a>, cresceram 40% entre abril 2019 x abril 2020.<br>\u201cAl\u00e9m de seu formato e estampa \u00fanica, ela \u00e9 uma novidade no mercado. Faz parte daquele grupo de plantas que s\u00e3o de m\u00e9todo \u2018cultiva\u2019, ou seja, ela j\u00e1 existia na natureza mas, em algum momento, sofreu uma muta\u00e7\u00e3o natural. Por\u00e9m quando essa muta\u00e7\u00e3o \u00e9 escolhida pelas pessoas que cultivam essa planta com finalidade ornamental, isso se caracteriza como \u2018cultivar\u2019\u201d, explica Rayra Lira, paisagista da J Lira Green Life.<\/p>\n\n\n\n<div class=\"wp-block-jetpack-slideshow aligncenter\" data-effect=\"slide\"><div class=\"wp-block-jetpack-slideshow_container swiper-container\"><ul class=\"wp-block-jetpack-slideshow_swiper-wrapper swiper-wrapper\"><li class=\"wp-block-jetpack-slideshow_slide swiper-slide\"><figure><img loading=\"lazy\" decoding=\"async\" width=\"980\" height=\"829\" alt=\"\" class=\"wp-block-jetpack-slideshow_image wp-image-5608\" data-id=\"5608\" src=\"https:\/\/jornalfatosenoticias.com.br\/wp-content\/uploads\/2020\/06\/begonia-maculata-2.jpeg\" srcset=\"https:\/\/jornalfatosenoticias.com.br\/wp-content\/uploads\/2020\/06\/begonia-maculata-2.jpeg 980w, https:\/\/jornalfatosenoticias.com.br\/wp-content\/uploads\/2020\/06\/begonia-maculata-2-300x254.jpeg 300w, https:\/\/jornalfatosenoticias.com.br\/wp-content\/uploads\/2020\/06\/begonia-maculata-2-768x650.jpeg 768w\" sizes=\"auto, (max-width: 980px) 100vw, 980px\" \/><figcaption class=\"wp-block-jetpack-slideshow_caption gallery-caption\">Beg\u00f4nia (Fotos: Reprodu\u00e7\u00e3o\/Pinterest)<\/figcaption><\/figure><\/li><li class=\"wp-block-jetpack-slideshow_slide swiper-slide\"><figure><img loading=\"lazy\" decoding=\"async\" width=\"949\" height=\"1024\" alt=\"\" class=\"wp-block-jetpack-slideshow_image wp-image-5609\" data-id=\"5609\" src=\"https:\/\/jornalfatosenoticias.com.br\/wp-content\/uploads\/2020\/06\/begonia-maculata-3-949x1024.jpeg\" srcset=\"https:\/\/jornalfatosenoticias.com.br\/wp-content\/uploads\/2020\/06\/begonia-maculata-3-949x1024.jpeg 949w, https:\/\/jornalfatosenoticias.com.br\/wp-content\/uploads\/2020\/06\/begonia-maculata-3-278x300.jpeg 278w, https:\/\/jornalfatosenoticias.com.br\/wp-content\/uploads\/2020\/06\/begonia-maculata-3-768x829.jpeg 768w, https:\/\/jornalfatosenoticias.com.br\/wp-content\/uploads\/2020\/06\/begonia-maculata-3.jpeg 980w\" sizes=\"auto, (max-width: 949px) 100vw, 949px\" \/><\/figure><\/li><li class=\"wp-block-jetpack-slideshow_slide swiper-slide\"><figure><img loading=\"lazy\" decoding=\"async\" width=\"980\" height=\"642\" alt=\"\" class=\"wp-block-jetpack-slideshow_image wp-image-5610\" data-id=\"5610\" src=\"https:\/\/jornalfatosenoticias.com.br\/wp-content\/uploads\/2020\/06\/begonia-4.jpg\" srcset=\"https:\/\/jornalfatosenoticias.com.br\/wp-content\/uploads\/2020\/06\/begonia-4.jpg 980w, https:\/\/jornalfatosenoticias.com.br\/wp-content\/uploads\/2020\/06\/begonia-4-300x197.jpg 300w, https:\/\/jornalfatosenoticias.com.br\/wp-content\/uploads\/2020\/06\/begonia-4-768x503.jpg 768w\" sizes=\"auto, (max-width: 980px) 100vw, 980px\" \/><\/figure><\/li><li class=\"wp-block-jetpack-slideshow_slide swiper-slide\"><figure><img loading=\"lazy\" decoding=\"async\" width=\"980\" height=\"932\" alt=\"\" class=\"wp-block-jetpack-slideshow_image wp-image-5611\" data-id=\"5611\" src=\"https:\/\/jornalfatosenoticias.com.br\/wp-content\/uploads\/2020\/06\/begonia-5.jpg\" srcset=\"https:\/\/jornalfatosenoticias.com.br\/wp-content\/uploads\/2020\/06\/begonia-5.jpg 980w, https:\/\/jornalfatosenoticias.com.br\/wp-content\/uploads\/2020\/06\/begonia-5-300x285.jpg 300w, https:\/\/jornalfatosenoticias.com.br\/wp-content\/uploads\/2020\/06\/begonia-5-768x730.jpg 768w\" sizes=\"auto, (max-width: 980px) 100vw, 980px\" \/><\/figure><\/li><li class=\"wp-block-jetpack-slideshow_slide swiper-slide\"><figure><img loading=\"lazy\" decoding=\"async\" width=\"980\" height=\"735\" alt=\"\" class=\"wp-block-jetpack-slideshow_image wp-image-5612\" data-id=\"5612\" src=\"https:\/\/jornalfatosenoticias.com.br\/wp-content\/uploads\/2020\/06\/begonia-maculata-6.jpeg\" srcset=\"https:\/\/jornalfatosenoticias.com.br\/wp-content\/uploads\/2020\/06\/begonia-maculata-6.jpeg 980w, https:\/\/jornalfatosenoticias.com.br\/wp-content\/uploads\/2020\/06\/begonia-maculata-6-300x225.jpeg 300w, https:\/\/jornalfatosenoticias.com.br\/wp-content\/uploads\/2020\/06\/begonia-maculata-6-768x576.jpeg 768w\" sizes=\"auto, (max-width: 980px) 100vw, 980px\" \/><\/figure><\/li><\/ul><a class=\"wp-block-jetpack-slideshow_button-prev swiper-button-prev swiper-button-white\" role=\"button\"><\/a><a class=\"wp-block-jetpack-slideshow_button-next swiper-button-next swiper-button-white\" role=\"button\"><\/a><a aria-label=\"Pause Slideshow\" class=\"wp-block-jetpack-slideshow_button-pause\" role=\"button\"><\/a><div class=\"wp-block-jetpack-slideshow_pagination swiper-pagination swiper-pagination-white\"><\/div><\/div><\/div>\n\n\n\n<p>Cheia de bolinhas brancas, com o verso da sua folha com um rico tom de vermelho carmim e, para completar, sua parte inferior tamb\u00e9m \u00e9 avermelhada. Dizem que o estilista Christian Louboutin teria se inspirado nesse tom da beg\u00f4nia para criar o seu ic\u00f4nico sapato com solado vermelho.<br>A Beg\u00f4nia Maculata pode ser uma \u00f3tima op\u00e7\u00e3o para a decora\u00e7\u00e3o da casa e ficar\u00e1 perfeita na sala. \u201c\u00c9 uma planta diferente. Se ela fosse uma pessoa, seria uma senhora muito elegante, com brincos de p\u00e9rolas e casaco vermelho. Essa planta chama aten\u00e7\u00e3o com sua forma de asa de anjo estampada, que remete ainda mais aos estilos vintage de decora\u00e7\u00e3o\u201d, declara Rayra.<br>A especialista refor\u00e7a ainda alguns cuidados para cultivar a planta em casa. \u201cDentro de casa \u00e9 poss\u00edvel cortar seu caule com tr\u00eas folhas, colocar na \u00e1gua, esperar suas suas ra\u00edzes crescerem e pronto! Seu p\u00e9 est\u00e1 preparado para ir \u00e0 terra e virar uma muda\u201d, finaliza a paisagista.<\/p>\n\n\n\n<p><strong><em>Fonte: <a href=\"https:\/\/casa.abril.com.br\/jardins-e-hortas\/begonia-maculata-a-nova-queridinha-dos-loucos-das-plantas\/\">casa.com.br<\/a><\/em><\/strong><\/p>\n","protected":false},"excerpt":{"rendered":"<p>A Beg\u00f4nia Maculata pode ser uma \u00f3tima op\u00e7\u00e3o para a decora\u00e7\u00e3o da casa e ficar\u00e1 perfeita na sala Toda hora vemos plantinhas surgindo em meio ao d\u00e9cor, que trazem a natureza para dentro do lar. As suculentas e cactos tiveram seu momento de plenitude, as costelas-de-ad\u00e3o tamb\u00e9m, e, recentemente, a ficus era a maior tend\u00eancia [&hellip;]<\/p>\n","protected":false},"author":2,"featured_media":5613,"comment_status":"open","ping_status":"open","sticky":false,"template":"","format":"standard","meta":{"footnotes":""},"categories":[42],"tags":[3366,3367,3368,784],"class_list":["post-5607","post","type-post","status-publish","format-standard","has-post-thumbnail","hentry","category-bem-estar","tag-dicas","tag-jardim","tag-paisagismo","tag-plantas"],"yoast_head":"<!-- This site is optimized with the Yoast SEO plugin v26.5 - https:\/\/yoast.com\/wordpress\/plugins\/seo\/ -->\n<title>Beg\u00f4nia Maculata: a nova queridinha dos \u201cloucos das plantas\u201d - Jornal Fatos e Not\u00edcias<\/title>\n<meta name=\"robots\" content=\"index, follow, max-snippet:-1, max-image-preview:large, max-video-preview:-1\" \/>\n<link rel=\"canonical\" href=\"https:\/\/jornalfatosenoticias.com.br\/index.php\/2020\/06\/17\/begonia-maculata-a-nova-queridinha-dos-loucos-das-plantas\/\" \/>\n<meta property=\"og:locale\" content=\"pt_BR\" \/>\n<meta property=\"og:type\" content=\"article\" \/>\n<meta property=\"og:title\" content=\"Beg\u00f4nia Maculata: a nova queridinha dos \u201cloucos das plantas\u201d - Jornal Fatos e Not\u00edcias\" \/>\n<meta property=\"og:description\" content=\"A Beg\u00f4nia Maculata pode ser uma \u00f3tima op\u00e7\u00e3o para a decora\u00e7\u00e3o da casa e ficar\u00e1 perfeita na sala Toda hora vemos plantinhas surgindo em meio ao d\u00e9cor, que trazem a natureza para dentro do lar. As suculentas e cactos tiveram seu momento de plenitude, as costelas-de-ad\u00e3o tamb\u00e9m, e, recentemente, a ficus era a maior tend\u00eancia [&hellip;]\" \/>\n<meta property=\"og:url\" content=\"https:\/\/jornalfatosenoticias.com.br\/index.php\/2020\/06\/17\/begonia-maculata-a-nova-queridinha-dos-loucos-das-plantas\/\" \/>\n<meta property=\"og:site_name\" content=\"Jornal Fatos e Not\u00edcias\" \/>\n<meta property=\"article:published_time\" content=\"2020-06-17T16:19:04+00:00\" \/>\n<meta property=\"article:modified_time\" content=\"2020-06-17T16:19:09+00:00\" \/>\n<meta property=\"og:image\" content=\"https:\/\/jornalfatosenoticias.com.br\/wp-content\/uploads\/2020\/06\/begonia-maculata-capa.jpeg\" \/>\n\t<meta property=\"og:image:width\" content=\"1000\" \/>\n\t<meta property=\"og:image:height\" content=\"722\" \/>\n\t<meta property=\"og:image:type\" content=\"image\/jpeg\" \/>\n<meta name=\"author\" content=\"Luzimara Fernandes\" \/>\n<meta name=\"twitter:card\" content=\"summary_large_image\" \/>\n<meta name=\"twitter:label1\" content=\"Escrito por\" \/>\n\t<meta name=\"twitter:data1\" content=\"Luzimara Fernandes\" \/>\n\t<meta name=\"twitter:label2\" content=\"Est. tempo de leitura\" \/>\n\t<meta name=\"twitter:data2\" content=\"2 minutos\" \/>\n<script type=\"application\/ld+json\" class=\"yoast-schema-graph\">{\"@context\":\"https:\/\/schema.org\",\"@graph\":[{\"@type\":\"Article\",\"@id\":\"https:\/\/jornalfatosenoticias.com.br\/index.php\/2020\/06\/17\/begonia-maculata-a-nova-queridinha-dos-loucos-das-plantas\/#article\",\"isPartOf\":{\"@id\":\"https:\/\/jornalfatosenoticias.com.br\/index.php\/2020\/06\/17\/begonia-maculata-a-nova-queridinha-dos-loucos-das-plantas\/\"},\"author\":{\"name\":\"Luzimara Fernandes\",\"@id\":\"https:\/\/jornalfatosenoticias.com.br\/#\/schema\/person\/d63837fa13ac8666eb9e74e0985d6f81\"},\"headline\":\"Beg\u00f4nia Maculata: a nova queridinha dos \u201cloucos das plantas\u201d\",\"datePublished\":\"2020-06-17T16:19:04+00:00\",\"dateModified\":\"2020-06-17T16:19:09+00:00\",\"mainEntityOfPage\":{\"@id\":\"https:\/\/jornalfatosenoticias.com.br\/index.php\/2020\/06\/17\/begonia-maculata-a-nova-queridinha-dos-loucos-das-plantas\/\"},\"wordCount\":413,\"commentCount\":0,\"publisher\":{\"@id\":\"https:\/\/jornalfatosenoticias.com.br\/#organization\"},\"image\":{\"@id\":\"https:\/\/jornalfatosenoticias.com.br\/index.php\/2020\/06\/17\/begonia-maculata-a-nova-queridinha-dos-loucos-das-plantas\/#primaryimage\"},\"thumbnailUrl\":\"https:\/\/jornalfatosenoticias.com.br\/wp-content\/uploads\/2020\/06\/begonia-maculata-capa.jpeg\",\"keywords\":[\"dicas\",\"jardim\",\"paisagismo\",\"plantas\"],\"articleSection\":[\"Bem-estar\"],\"inLanguage\":\"pt-BR\",\"potentialAction\":[{\"@type\":\"CommentAction\",\"name\":\"Comment\",\"target\":[\"https:\/\/jornalfatosenoticias.com.br\/index.php\/2020\/06\/17\/begonia-maculata-a-nova-queridinha-dos-loucos-das-plantas\/#respond\"]}]},{\"@type\":\"WebPage\",\"@id\":\"https:\/\/jornalfatosenoticias.com.br\/index.php\/2020\/06\/17\/begonia-maculata-a-nova-queridinha-dos-loucos-das-plantas\/\",\"url\":\"https:\/\/jornalfatosenoticias.com.br\/index.php\/2020\/06\/17\/begonia-maculata-a-nova-queridinha-dos-loucos-das-plantas\/\",\"name\":\"Beg\u00f4nia Maculata: a nova queridinha dos \u201cloucos das plantas\u201d - Jornal Fatos e Not\u00edcias\",\"isPartOf\":{\"@id\":\"https:\/\/jornalfatosenoticias.com.br\/#website\"},\"primaryImageOfPage\":{\"@id\":\"https:\/\/jornalfatosenoticias.com.br\/index.php\/2020\/06\/17\/begonia-maculata-a-nova-queridinha-dos-loucos-das-plantas\/#primaryimage\"},\"image\":{\"@id\":\"https:\/\/jornalfatosenoticias.com.br\/index.php\/2020\/06\/17\/begonia-maculata-a-nova-queridinha-dos-loucos-das-plantas\/#primaryimage\"},\"thumbnailUrl\":\"https:\/\/jornalfatosenoticias.com.br\/wp-content\/uploads\/2020\/06\/begonia-maculata-capa.jpeg\",\"datePublished\":\"2020-06-17T16:19:04+00:00\",\"dateModified\":\"2020-06-17T16:19:09+00:00\",\"breadcrumb\":{\"@id\":\"https:\/\/jornalfatosenoticias.com.br\/index.php\/2020\/06\/17\/begonia-maculata-a-nova-queridinha-dos-loucos-das-plantas\/#breadcrumb\"},\"inLanguage\":\"pt-BR\",\"potentialAction\":[{\"@type\":\"ReadAction\",\"target\":[\"https:\/\/jornalfatosenoticias.com.br\/index.php\/2020\/06\/17\/begonia-maculata-a-nova-queridinha-dos-loucos-das-plantas\/\"]}]},{\"@type\":\"ImageObject\",\"inLanguage\":\"pt-BR\",\"@id\":\"https:\/\/jornalfatosenoticias.com.br\/index.php\/2020\/06\/17\/begonia-maculata-a-nova-queridinha-dos-loucos-das-plantas\/#primaryimage\",\"url\":\"https:\/\/jornalfatosenoticias.com.br\/wp-content\/uploads\/2020\/06\/begonia-maculata-capa.jpeg\",\"contentUrl\":\"https:\/\/jornalfatosenoticias.com.br\/wp-content\/uploads\/2020\/06\/begonia-maculata-capa.jpeg\",\"width\":1000,\"height\":722},{\"@type\":\"BreadcrumbList\",\"@id\":\"https:\/\/jornalfatosenoticias.com.br\/index.php\/2020\/06\/17\/begonia-maculata-a-nova-queridinha-dos-loucos-das-plantas\/#breadcrumb\",\"itemListElement\":[{\"@type\":\"ListItem\",\"position\":1,\"name\":\"In\u00edcio\",\"item\":\"https:\/\/jornalfatosenoticias.com.br\/\"},{\"@type\":\"ListItem\",\"position\":2,\"name\":\"Beg\u00f4nia Maculata: a nova queridinha dos \u201cloucos das plantas\u201d\"}]},{\"@type\":\"WebSite\",\"@id\":\"https:\/\/jornalfatosenoticias.com.br\/#website\",\"url\":\"https:\/\/jornalfatosenoticias.com.br\/\",\"name\":\"Jornal Fatos e Not\u00edcias\",\"description\":\"Not\u00edcias em geral\",\"publisher\":{\"@id\":\"https:\/\/jornalfatosenoticias.com.br\/#organization\"},\"potentialAction\":[{\"@type\":\"SearchAction\",\"target\":{\"@type\":\"EntryPoint\",\"urlTemplate\":\"https:\/\/jornalfatosenoticias.com.br\/?s={search_term_string}\"},\"query-input\":{\"@type\":\"PropertyValueSpecification\",\"valueRequired\":true,\"valueName\":\"search_term_string\"}}],\"inLanguage\":\"pt-BR\"},{\"@type\":\"Organization\",\"@id\":\"https:\/\/jornalfatosenoticias.com.br\/#organization\",\"name\":\"Jornal Fatos e Not\u00edcias\",\"url\":\"https:\/\/jornalfatosenoticias.com.br\/\",\"logo\":{\"@type\":\"ImageObject\",\"inLanguage\":\"pt-BR\",\"@id\":\"https:\/\/jornalfatosenoticias.com.br\/#\/schema\/logo\/image\/\",\"url\":\"https:\/\/jornalfatosenoticias.com.br\/wp-content\/uploads\/2020\/02\/logo120.png\",\"contentUrl\":\"https:\/\/jornalfatosenoticias.com.br\/wp-content\/uploads\/2020\/02\/logo120.png\",\"width\":1227,\"height\":120,\"caption\":\"Jornal Fatos e Not\u00edcias\"},\"image\":{\"@id\":\"https:\/\/jornalfatosenoticias.com.br\/#\/schema\/logo\/image\/\"}},{\"@type\":\"Person\",\"@id\":\"https:\/\/jornalfatosenoticias.com.br\/#\/schema\/person\/d63837fa13ac8666eb9e74e0985d6f81\",\"name\":\"Luzimara Fernandes\",\"image\":{\"@type\":\"ImageObject\",\"inLanguage\":\"pt-BR\",\"@id\":\"https:\/\/jornalfatosenoticias.com.br\/#\/schema\/person\/image\/\",\"url\":\"https:\/\/jornalfatosenoticias.com.br\/wp-content\/uploads\/2025\/05\/EU_portal.jpg\",\"contentUrl\":\"https:\/\/jornalfatosenoticias.com.br\/wp-content\/uploads\/2025\/05\/EU_portal.jpg\",\"caption\":\"Luzimara Fernandes\"},\"description\":\"Jornalista MTB 2358-ES\",\"sameAs\":[\"https:\/\/jornalfatosenoticias.com.br\"],\"url\":\"https:\/\/jornalfatosenoticias.com.br\/index.php\/author\/luzimara\/\"}]}<\/script>\n<!-- \/ Yoast SEO plugin. -->","yoast_head_json":{"title":"Beg\u00f4nia Maculata: a nova queridinha dos \u201cloucos das plantas\u201d - Jornal Fatos e Not\u00edcias","robots":{"index":"index","follow":"follow","max-snippet":"max-snippet:-1","max-image-preview":"max-image-preview:large","max-video-preview":"max-video-preview:-1"},"canonical":"https:\/\/jornalfatosenoticias.com.br\/index.php\/2020\/06\/17\/begonia-maculata-a-nova-queridinha-dos-loucos-das-plantas\/","og_locale":"pt_BR","og_type":"article","og_title":"Beg\u00f4nia Maculata: a nova queridinha dos \u201cloucos das plantas\u201d - Jornal Fatos e Not\u00edcias","og_description":"A Beg\u00f4nia Maculata pode ser uma \u00f3tima op\u00e7\u00e3o para a decora\u00e7\u00e3o da casa e ficar\u00e1 perfeita na sala Toda hora vemos plantinhas surgindo em meio ao d\u00e9cor, que trazem a natureza para dentro do lar. As suculentas e cactos tiveram seu momento de plenitude, as costelas-de-ad\u00e3o tamb\u00e9m, e, recentemente, a ficus era a maior tend\u00eancia [&hellip;]","og_url":"https:\/\/jornalfatosenoticias.com.br\/index.php\/2020\/06\/17\/begonia-maculata-a-nova-queridinha-dos-loucos-das-plantas\/","og_site_name":"Jornal Fatos e Not\u00edcias","article_published_time":"2020-06-17T16:19:04+00:00","article_modified_time":"2020-06-17T16:19:09+00:00","og_image":[{"width":1000,"height":722,"url":"https:\/\/jornalfatosenoticias.com.br\/wp-content\/uploads\/2020\/06\/begonia-maculata-capa.jpeg","type":"image\/jpeg"}],"author":"Luzimara Fernandes","twitter_card":"summary_large_image","twitter_misc":{"Escrito por":"Luzimara Fernandes","Est. tempo de leitura":"2 minutos"},"schema":{"@context":"https:\/\/schema.org","@graph":[{"@type":"Article","@id":"https:\/\/jornalfatosenoticias.com.br\/index.php\/2020\/06\/17\/begonia-maculata-a-nova-queridinha-dos-loucos-das-plantas\/#article","isPartOf":{"@id":"https:\/\/jornalfatosenoticias.com.br\/index.php\/2020\/06\/17\/begonia-maculata-a-nova-queridinha-dos-loucos-das-plantas\/"},"author":{"name":"Luzimara Fernandes","@id":"https:\/\/jornalfatosenoticias.com.br\/#\/schema\/person\/d63837fa13ac8666eb9e74e0985d6f81"},"headline":"Beg\u00f4nia Maculata: a nova queridinha dos \u201cloucos das plantas\u201d","datePublished":"2020-06-17T16:19:04+00:00","dateModified":"2020-06-17T16:19:09+00:00","mainEntityOfPage":{"@id":"https:\/\/jornalfatosenoticias.com.br\/index.php\/2020\/06\/17\/begonia-maculata-a-nova-queridinha-dos-loucos-das-plantas\/"},"wordCount":413,"commentCount":0,"publisher":{"@id":"https:\/\/jornalfatosenoticias.com.br\/#organization"},"image":{"@id":"https:\/\/jornalfatosenoticias.com.br\/index.php\/2020\/06\/17\/begonia-maculata-a-nova-queridinha-dos-loucos-das-plantas\/#primaryimage"},"thumbnailUrl":"https:\/\/jornalfatosenoticias.com.br\/wp-content\/uploads\/2020\/06\/begonia-maculata-capa.jpeg","keywords":["dicas","jardim","paisagismo","plantas"],"articleSection":["Bem-estar"],"inLanguage":"pt-BR","potentialAction":[{"@type":"CommentAction","name":"Comment","target":["https:\/\/jornalfatosenoticias.com.br\/index.php\/2020\/06\/17\/begonia-maculata-a-nova-queridinha-dos-loucos-das-plantas\/#respond"]}]},{"@type":"WebPage","@id":"https:\/\/jornalfatosenoticias.com.br\/index.php\/2020\/06\/17\/begonia-maculata-a-nova-queridinha-dos-loucos-das-plantas\/","url":"https:\/\/jornalfatosenoticias.com.br\/index.php\/2020\/06\/17\/begonia-maculata-a-nova-queridinha-dos-loucos-das-plantas\/","name":"Beg\u00f4nia Maculata: a nova queridinha dos \u201cloucos das plantas\u201d - Jornal Fatos e Not\u00edcias","isPartOf":{"@id":"https:\/\/jornalfatosenoticias.com.br\/#website"},"primaryImageOfPage":{"@id":"https:\/\/jornalfatosenoticias.com.br\/index.php\/2020\/06\/17\/begonia-maculata-a-nova-queridinha-dos-loucos-das-plantas\/#primaryimage"},"image":{"@id":"https:\/\/jornalfatosenoticias.com.br\/index.php\/2020\/06\/17\/begonia-maculata-a-nova-queridinha-dos-loucos-das-plantas\/#primaryimage"},"thumbnailUrl":"https:\/\/jornalfatosenoticias.com.br\/wp-content\/uploads\/2020\/06\/begonia-maculata-capa.jpeg","datePublished":"2020-06-17T16:19:04+00:00","dateModified":"2020-06-17T16:19:09+00:00","breadcrumb":{"@id":"https:\/\/jornalfatosenoticias.com.br\/index.php\/2020\/06\/17\/begonia-maculata-a-nova-queridinha-dos-loucos-das-plantas\/#breadcrumb"},"inLanguage":"pt-BR","potentialAction":[{"@type":"ReadAction","target":["https:\/\/jornalfatosenoticias.com.br\/index.php\/2020\/06\/17\/begonia-maculata-a-nova-queridinha-dos-loucos-das-plantas\/"]}]},{"@type":"ImageObject","inLanguage":"pt-BR","@id":"https:\/\/jornalfatosenoticias.com.br\/index.php\/2020\/06\/17\/begonia-maculata-a-nova-queridinha-dos-loucos-das-plantas\/#primaryimage","url":"https:\/\/jornalfatosenoticias.com.br\/wp-content\/uploads\/2020\/06\/begonia-maculata-capa.jpeg","contentUrl":"https:\/\/jornalfatosenoticias.com.br\/wp-content\/uploads\/2020\/06\/begonia-maculata-capa.jpeg","width":1000,"height":722},{"@type":"BreadcrumbList","@id":"https:\/\/jornalfatosenoticias.com.br\/index.php\/2020\/06\/17\/begonia-maculata-a-nova-queridinha-dos-loucos-das-plantas\/#breadcrumb","itemListElement":[{"@type":"ListItem","position":1,"name":"In\u00edcio","item":"https:\/\/jornalfatosenoticias.com.br\/"},{"@type":"ListItem","position":2,"name":"Beg\u00f4nia Maculata: a nova queridinha dos \u201cloucos das plantas\u201d"}]},{"@type":"WebSite","@id":"https:\/\/jornalfatosenoticias.com.br\/#website","url":"https:\/\/jornalfatosenoticias.com.br\/","name":"Jornal Fatos e Not\u00edcias","description":"Not\u00edcias em geral","publisher":{"@id":"https:\/\/jornalfatosenoticias.com.br\/#organization"},"potentialAction":[{"@type":"SearchAction","target":{"@type":"EntryPoint","urlTemplate":"https:\/\/jornalfatosenoticias.com.br\/?s={search_term_string}"},"query-input":{"@type":"PropertyValueSpecification","valueRequired":true,"valueName":"search_term_string"}}],"inLanguage":"pt-BR"},{"@type":"Organization","@id":"https:\/\/jornalfatosenoticias.com.br\/#organization","name":"Jornal Fatos e Not\u00edcias","url":"https:\/\/jornalfatosenoticias.com.br\/","logo":{"@type":"ImageObject","inLanguage":"pt-BR","@id":"https:\/\/jornalfatosenoticias.com.br\/#\/schema\/logo\/image\/","url":"https:\/\/jornalfatosenoticias.com.br\/wp-content\/uploads\/2020\/02\/logo120.png","contentUrl":"https:\/\/jornalfatosenoticias.com.br\/wp-content\/uploads\/2020\/02\/logo120.png","width":1227,"height":120,"caption":"Jornal Fatos e Not\u00edcias"},"image":{"@id":"https:\/\/jornalfatosenoticias.com.br\/#\/schema\/logo\/image\/"}},{"@type":"Person","@id":"https:\/\/jornalfatosenoticias.com.br\/#\/schema\/person\/d63837fa13ac8666eb9e74e0985d6f81","name":"Luzimara Fernandes","image":{"@type":"ImageObject","inLanguage":"pt-BR","@id":"https:\/\/jornalfatosenoticias.com.br\/#\/schema\/person\/image\/","url":"https:\/\/jornalfatosenoticias.com.br\/wp-content\/uploads\/2025\/05\/EU_portal.jpg","contentUrl":"https:\/\/jornalfatosenoticias.com.br\/wp-content\/uploads\/2025\/05\/EU_portal.jpg","caption":"Luzimara Fernandes"},"description":"Jornalista MTB 2358-ES","sameAs":["https:\/\/jornalfatosenoticias.com.br"],"url":"https:\/\/jornalfatosenoticias.com.br\/index.php\/author\/luzimara\/"}]}},"cc_featured_image_caption":{"caption_text":"Beg\u00f4nia (Foto: Reprodu\u00e7\u00e3o\/Pinterest)","source_text":"","source_url":""},"jetpack_featured_media_url":"https:\/\/jornalfatosenoticias.com.br\/wp-content\/uploads\/2020\/06\/begonia-maculata-capa.jpeg","_links":{"self":[{"href":"https:\/\/jornalfatosenoticias.com.br\/index.php\/wp-json\/wp\/v2\/posts\/5607","targetHints":{"allow":["GET"]}}],"collection":[{"href":"https:\/\/jornalfatosenoticias.com.br\/index.php\/wp-json\/wp\/v2\/posts"}],"about":[{"href":"https:\/\/jornalfatosenoticias.com.br\/index.php\/wp-json\/wp\/v2\/types\/post"}],"author":[{"embeddable":true,"href":"https:\/\/jornalfatosenoticias.com.br\/index.php\/wp-json\/wp\/v2\/users\/2"}],"replies":[{"embeddable":true,"href":"https:\/\/jornalfatosenoticias.com.br\/index.php\/wp-json\/wp\/v2\/comments?post=5607"}],"version-history":[{"count":0,"href":"https:\/\/jornalfatosenoticias.com.br\/index.php\/wp-json\/wp\/v2\/posts\/5607\/revisions"}],"wp:featuredmedia":[{"embeddable":true,"href":"https:\/\/jornalfatosenoticias.com.br\/index.php\/wp-json\/wp\/v2\/media\/5613"}],"wp:attachment":[{"href":"https:\/\/jornalfatosenoticias.com.br\/index.php\/wp-json\/wp\/v2\/media?parent=5607"}],"wp:term":[{"taxonomy":"category","embeddable":true,"href":"https:\/\/jornalfatosenoticias.com.br\/index.php\/wp-json\/wp\/v2\/categories?post=5607"},{"taxonomy":"post_tag","embeddable":true,"href":"https:\/\/jornalfatosenoticias.com.br\/index.php\/wp-json\/wp\/v2\/tags?post=5607"}],"curies":[{"name":"wp","href":"https:\/\/api.w.org\/{rel}","templated":true}]}}