{"id":56080,"date":"2024-12-02T15:06:49","date_gmt":"2024-12-02T18:06:49","guid":{"rendered":"https:\/\/jornalfatosenoticias.com.br\/?p=56080"},"modified":"2024-12-02T15:06:50","modified_gmt":"2024-12-02T18:06:50","slug":"estamos-ferrados-diz-empresario-que-doou-r-1-milhao-para-o-pt","status":"publish","type":"post","link":"https:\/\/jornalfatosenoticias.com.br\/index.php\/2024\/12\/02\/estamos-ferrados-diz-empresario-que-doou-r-1-milhao-para-o-pt\/","title":{"rendered":"\u201cEstamos ferrados\u201d, diz empres\u00e1rio que doou R$ 1 milh\u00e3o para o PT"},"content":{"rendered":"\n<p><em><span class=\"has-inline-color has-black-color\">Esta n\u00e3o \u00e9 a primeira vez que o empres\u00e1rio Rubens Ometto critica a gest\u00e3o de Lula (PT) publicamente<\/span><\/em><\/p>\n\n\n\n<p><span class=\"has-inline-color has-black-color\">Por <strong><a href=\"https:\/\/www.gazetadopovo.com.br\/autor\/diogenes-freire-feitosa\/\" rel=\"sponsored nofollow\">Di\u00f3genes Freire Feitosa<\/a><\/strong><\/span><\/p>\n\n\n\n<div class=\"wp-block-image\"><figure class=\"aligncenter size-large\"><a href=\"https:\/\/mizu.com.br\/\"><img loading=\"lazy\" decoding=\"async\" width=\"729\" height=\"90\" src=\"https:\/\/jornalfatosenoticias.com.br\/wp-content\/uploads\/2020\/02\/Logo_Mizu.png\" alt=\"\" class=\"wp-image-1441\" srcset=\"https:\/\/jornalfatosenoticias.com.br\/wp-content\/uploads\/2020\/02\/Logo_Mizu.png 729w, https:\/\/jornalfatosenoticias.com.br\/wp-content\/uploads\/2020\/02\/Logo_Mizu-300x37.png 300w\" sizes=\"auto, (max-width: 729px) 100vw, 729px\" \/><\/a><\/figure><\/div>\n\n\n\n<p>O CEO da Cosan, o empres\u00e1rio Rubens Ometto, criticou a pol\u00edtica econ\u00f4mica do governo Lula e disse que o pa\u00eds est\u00e1 \u201cferrado\u201d. Ometto doou R$ 1 milh\u00e3o ao PT, sigla do presidente Lula, durante a elei\u00e7\u00e3o presidencial de 2022. A fala de Ometto foi direcionada ao futuro presidente do Banco Central (BC), Gabriel Gal\u00edpolo, durante participa\u00e7\u00e3o em evento do Grupo Esfera Brasil, na semana passada.<\/p>\n\n\n\n<blockquote class=\"wp-block-quote is-layout-flow wp-block-quote-is-layout-flow\"><p><span class=\"has-inline-color has-luminous-vivid-orange-color\">Acho que a gente est\u00e1 numa situa\u00e7\u00e3o muito dif\u00edcil. Quando voc\u00ea \u00e9 empres\u00e1rio e v\u00ea tudo que est\u00e1 acontecendo, v\u00ea claramente uma pol\u00edtica de partido, de n\u00e3o reduzir [gastos]. Est\u00e1 muito f\u00e1cil resolver, \u00e9 s\u00f3 resolver o problema do d\u00e9ficit fiscal que tudo se assenta, mas eles n\u00e3o querem fazer\u201d, afirmou Ometto, na quinta-feira (28). \u201cO que vai acontecer: os juros v\u00e3o subindo, os investimentos que todo mundo fala que vai ter de infraestrutura, a parceria p\u00fablico-privada, n\u00e3o v\u00e3o acontecer porque o empres\u00e1rio que investir com essas taxas de juros vai quebrar. [\u2026] Estamos, desculpe o franc\u00eas, estamos ferrados porque a alta administra\u00e7\u00e3o do nosso pa\u00eds acha que est\u00e1 certo e n\u00e3o quer fazer nada. \u00c9 uma pena\u201d, completou.<\/span><\/p><\/blockquote>\n\n\n\n<div class=\"wp-block-image\"><figure class=\"aligncenter size-large is-resized\"><a href=\"https:\/\/www.legisjuris.com.br\/\"><img loading=\"lazy\" decoding=\"async\" src=\"https:\/\/jornalfatosenoticias.com.br\/wp-content\/uploads\/2024\/09\/Legis-Juris-Consultoria_logo.jpg\" alt=\"\" class=\"wp-image-53915\" width=\"427\" height=\"179\" srcset=\"https:\/\/jornalfatosenoticias.com.br\/wp-content\/uploads\/2024\/09\/Legis-Juris-Consultoria_logo.jpg 969w, https:\/\/jornalfatosenoticias.com.br\/wp-content\/uploads\/2024\/09\/Legis-Juris-Consultoria_logo-300x126.jpg 300w, https:\/\/jornalfatosenoticias.com.br\/wp-content\/uploads\/2024\/09\/Legis-Juris-Consultoria_logo-768x322.jpg 768w\" sizes=\"auto, (max-width: 427px) 100vw, 427px\" \/><\/a><\/figure><\/div>\n\n\n\n<p><span class=\"has-inline-color has-black-color\"><strong>Autonomia do Banco Central<br><\/strong><\/span>Ometto ainda questionou Gal\u00edpolo sobre a autonomia do BC para gerir a pol\u00edtica monet\u00e1ria do pa\u00eds. Gal\u00edpolo negou a possibilidade de interfer\u00eancia pol\u00edtica no banco durante sua gest\u00e3o e disse que o \u201cBanco Central tem autonomia e todo o board para tocar a pol\u00edtica monet\u00e1ria que ele quiser\u201d.<\/p>\n\n\n\n<div class=\"wp-block-image\"><figure class=\"aligncenter size-large is-resized\"><a href=\"https:\/\/www.controlsystems.com.br\/\"><img loading=\"lazy\" decoding=\"async\" src=\"https:\/\/jornalfatosenoticias.com.br\/wp-content\/uploads\/2020\/02\/CONTROL-CS.jpg\" alt=\"\" class=\"wp-image-44991\" width=\"309\" height=\"370\" srcset=\"https:\/\/jornalfatosenoticias.com.br\/wp-content\/uploads\/2020\/02\/CONTROL-CS.jpg 834w, https:\/\/jornalfatosenoticias.com.br\/wp-content\/uploads\/2020\/02\/CONTROL-CS-250x300.jpg 250w, https:\/\/jornalfatosenoticias.com.br\/wp-content\/uploads\/2020\/02\/CONTROL-CS-768x921.jpg 768w\" sizes=\"auto, (max-width: 309px) 100vw, 309px\" \/><\/a><\/figure><\/div>\n\n\n\n<p><strong><span class=\"has-inline-color has-black-color\">Ometto j\u00e1 acusou o governo de desrespeitar leis<br><\/span><\/strong>Esta n\u00e3o \u00e9 a primeira vez que Ometto critica a gest\u00e3o de Lula publicamente.\u00a0 Em junho deste ano, tamb\u00e9m em um evento do Grupo Esfera, o empres\u00e1rio acusou o governo de \u201cmorder, tomar dinheiro pelas beiradas e desrespeitar a lei\u201d para ampliar a arrecada\u00e7\u00e3o de impostos.<\/p>\n\n\n\n<blockquote class=\"wp-block-quote is-layout-flow wp-block-quote-is-layout-flow\"><p><span class=\"has-inline-color has-luminous-vivid-orange-color\">Do jeito que est\u00e1, com o governo querendo meter a m\u00e3o, querendo taxar tudo, n\u00e3o d\u00e1\u201d, afirmou Ometto na ocasi\u00e3o.<\/span><\/p><\/blockquote>\n\n\n\n<div class=\"wp-block-image\"><figure class=\"aligncenter size-large\"><a href=\"http:\/\/www.ferrarimaquinas.com.br\/\"><img loading=\"lazy\" decoding=\"async\" width=\"300\" height=\"250\" src=\"https:\/\/jornalfatosenoticias.com.br\/wp-content\/uploads\/2022\/02\/FERRARI_MAQUINAS-E-FERRAMENTAS2.jpg\" alt=\"\" class=\"wp-image-27860\"\/><\/a><\/figure><\/div>\n\n\n\n<p>O empres\u00e1rio se referia \u00e0 medida provis\u00f3ria que restringiu o uso dos cr\u00e9ditos de PIS\/Cofins para compensar a desonera\u00e7\u00e3o da folha de pagamentos de 17 setores da economia e de pequenos munic\u00edpios.<\/p>\n\n\n\n<blockquote class=\"wp-block-quote is-layout-flow wp-block-quote-is-layout-flow\"><p><span class=\"has-inline-color has-luminous-vivid-orange-color\">Aconteceu com a mudan\u00e7a na regra do Carf, com a mudan\u00e7a do cr\u00e9dito presumido dos cr\u00e9ditos do PIS\/Cofins nesta semana e com a desonera\u00e7\u00e3o da folha [de pagamentos]. Eles nunca est\u00e3o preocupados em interpretar a ideia do legislador. Eles est\u00e3o preocupados em morder, morder e est\u00e3o fazendo isso\u201d, completou Ometto.<\/span><\/p><\/blockquote>\n\n\n\n<div class=\"wp-block-image\"><figure class=\"aligncenter size-large is-resized\"><a href=\"https:\/\/www.instagram.com\/vmais.midias\/\"><img loading=\"lazy\" decoding=\"async\" src=\"https:\/\/jornalfatosenoticias.com.br\/wp-content\/uploads\/2020\/02\/DE-MAIS-DESTAQUE-VMAIS-800X700.png\" alt=\"\" class=\"wp-image-53112\" width=\"323\" height=\"282\" srcset=\"https:\/\/jornalfatosenoticias.com.br\/wp-content\/uploads\/2020\/02\/DE-MAIS-DESTAQUE-VMAIS-800X700.png 800w, https:\/\/jornalfatosenoticias.com.br\/wp-content\/uploads\/2020\/02\/DE-MAIS-DESTAQUE-VMAIS-800X700-300x263.png 300w, https:\/\/jornalfatosenoticias.com.br\/wp-content\/uploads\/2020\/02\/DE-MAIS-DESTAQUE-VMAIS-800X700-768x672.png 768w\" sizes=\"auto, (max-width: 323px) 100vw, 323px\" \/><\/a><\/figure><\/div>\n\n\n\n<p><strong><em>Fonte: <a href=\"https:\/\/www.gazetadopovo.com.br\/economia\/estamos-ferrados-diz-empresario-que-doou-r-1-milhao-para-o-pt\/\">Gazeta do Povo<\/a><\/em><\/strong><\/p>\n","protected":false},"excerpt":{"rendered":"<p>Esta n\u00e3o \u00e9 a primeira vez que o empres\u00e1rio Rubens Ometto critica a gest\u00e3o de Lula (PT) publicamente Por Di\u00f3genes Freire Feitosa O CEO da Cosan, o empres\u00e1rio Rubens Ometto, criticou a pol\u00edtica econ\u00f4mica do governo Lula e disse que o pa\u00eds est\u00e1 \u201cferrado\u201d. Ometto doou R$ 1 milh\u00e3o ao PT, sigla do presidente Lula, [&hellip;]<\/p>\n","protected":false},"author":2,"featured_media":56081,"comment_status":"open","ping_status":"open","sticky":false,"template":"","format":"standard","meta":{"footnotes":""},"categories":[9],"tags":[489,25570,20259,8257,7580,19600],"class_list":["post-56080","post","type-post","status-publish","format-standard","has-post-thumbnail","hentry","category-economia","tag-banco-central","tag-ceo-cosan","tag-gabriel-galipolo","tag-impostos","tag-lula","tag-partido-dos-trabalhadores"],"yoast_head":"<!-- This site is optimized with the Yoast SEO plugin v26.5 - https:\/\/yoast.com\/wordpress\/plugins\/seo\/ -->\n<title>\u201cEstamos ferrados\u201d, diz empres\u00e1rio que doou R$ 1 milh\u00e3o para o PT - Jornal Fatos e Not\u00edcias<\/title>\n<meta name=\"robots\" content=\"index, follow, max-snippet:-1, max-image-preview:large, max-video-preview:-1\" \/>\n<link rel=\"canonical\" href=\"https:\/\/jornalfatosenoticias.com.br\/index.php\/2024\/12\/02\/estamos-ferrados-diz-empresario-que-doou-r-1-milhao-para-o-pt\/\" \/>\n<meta property=\"og:locale\" content=\"pt_BR\" \/>\n<meta property=\"og:type\" content=\"article\" \/>\n<meta property=\"og:title\" content=\"\u201cEstamos ferrados\u201d, diz empres\u00e1rio que doou R$ 1 milh\u00e3o para o PT - Jornal Fatos e Not\u00edcias\" \/>\n<meta property=\"og:description\" content=\"Esta n\u00e3o \u00e9 a primeira vez que o empres\u00e1rio Rubens Ometto critica a gest\u00e3o de Lula (PT) publicamente Por Di\u00f3genes Freire Feitosa O CEO da Cosan, o empres\u00e1rio Rubens Ometto, criticou a pol\u00edtica econ\u00f4mica do governo Lula e disse que o pa\u00eds est\u00e1 \u201cferrado\u201d. Ometto doou R$ 1 milh\u00e3o ao PT, sigla do presidente Lula, [&hellip;]\" \/>\n<meta property=\"og:url\" content=\"https:\/\/jornalfatosenoticias.com.br\/index.php\/2024\/12\/02\/estamos-ferrados-diz-empresario-que-doou-r-1-milhao-para-o-pt\/\" \/>\n<meta property=\"og:site_name\" content=\"Jornal Fatos e Not\u00edcias\" \/>\n<meta property=\"article:published_time\" content=\"2024-12-02T18:06:49+00:00\" \/>\n<meta property=\"article:modified_time\" content=\"2024-12-02T18:06:50+00:00\" \/>\n<meta property=\"og:image\" content=\"https:\/\/jornalfatosenoticias.com.br\/wp-content\/uploads\/2024\/12\/empresario-petista.jpg\" \/>\n\t<meta property=\"og:image:width\" content=\"1000\" \/>\n\t<meta property=\"og:image:height\" content=\"552\" \/>\n\t<meta property=\"og:image:type\" content=\"image\/jpeg\" \/>\n<meta name=\"author\" content=\"Luzimara Fernandes\" \/>\n<meta name=\"twitter:card\" content=\"summary_large_image\" \/>\n<meta name=\"twitter:label1\" content=\"Escrito por\" \/>\n\t<meta name=\"twitter:data1\" content=\"Luzimara Fernandes\" \/>\n\t<meta name=\"twitter:label2\" content=\"Est. tempo de leitura\" \/>\n\t<meta name=\"twitter:data2\" content=\"2 minutos\" \/>\n<script type=\"application\/ld+json\" class=\"yoast-schema-graph\">{\"@context\":\"https:\/\/schema.org\",\"@graph\":[{\"@type\":\"Article\",\"@id\":\"https:\/\/jornalfatosenoticias.com.br\/index.php\/2024\/12\/02\/estamos-ferrados-diz-empresario-que-doou-r-1-milhao-para-o-pt\/#article\",\"isPartOf\":{\"@id\":\"https:\/\/jornalfatosenoticias.com.br\/index.php\/2024\/12\/02\/estamos-ferrados-diz-empresario-que-doou-r-1-milhao-para-o-pt\/\"},\"author\":{\"name\":\"Luzimara Fernandes\",\"@id\":\"https:\/\/jornalfatosenoticias.com.br\/#\/schema\/person\/d63837fa13ac8666eb9e74e0985d6f81\"},\"headline\":\"\u201cEstamos ferrados\u201d, diz empres\u00e1rio que doou R$ 1 milh\u00e3o para o PT\",\"datePublished\":\"2024-12-02T18:06:49+00:00\",\"dateModified\":\"2024-12-02T18:06:50+00:00\",\"mainEntityOfPage\":{\"@id\":\"https:\/\/jornalfatosenoticias.com.br\/index.php\/2024\/12\/02\/estamos-ferrados-diz-empresario-que-doou-r-1-milhao-para-o-pt\/\"},\"wordCount\":482,\"commentCount\":0,\"publisher\":{\"@id\":\"https:\/\/jornalfatosenoticias.com.br\/#organization\"},\"image\":{\"@id\":\"https:\/\/jornalfatosenoticias.com.br\/index.php\/2024\/12\/02\/estamos-ferrados-diz-empresario-que-doou-r-1-milhao-para-o-pt\/#primaryimage\"},\"thumbnailUrl\":\"https:\/\/jornalfatosenoticias.com.br\/wp-content\/uploads\/2024\/12\/empresario-petista.jpg\",\"keywords\":[\"Banco Central\",\"CEO Cosan\",\"Gabriel Gal\u00edpolo\",\"impostos\",\"Lula\",\"Partido dos Trabalhadores\"],\"articleSection\":[\"Economia\"],\"inLanguage\":\"pt-BR\",\"potentialAction\":[{\"@type\":\"CommentAction\",\"name\":\"Comment\",\"target\":[\"https:\/\/jornalfatosenoticias.com.br\/index.php\/2024\/12\/02\/estamos-ferrados-diz-empresario-que-doou-r-1-milhao-para-o-pt\/#respond\"]}]},{\"@type\":\"WebPage\",\"@id\":\"https:\/\/jornalfatosenoticias.com.br\/index.php\/2024\/12\/02\/estamos-ferrados-diz-empresario-que-doou-r-1-milhao-para-o-pt\/\",\"url\":\"https:\/\/jornalfatosenoticias.com.br\/index.php\/2024\/12\/02\/estamos-ferrados-diz-empresario-que-doou-r-1-milhao-para-o-pt\/\",\"name\":\"\u201cEstamos ferrados\u201d, diz empres\u00e1rio que doou R$ 1 milh\u00e3o para o PT - Jornal Fatos e Not\u00edcias\",\"isPartOf\":{\"@id\":\"https:\/\/jornalfatosenoticias.com.br\/#website\"},\"primaryImageOfPage\":{\"@id\":\"https:\/\/jornalfatosenoticias.com.br\/index.php\/2024\/12\/02\/estamos-ferrados-diz-empresario-que-doou-r-1-milhao-para-o-pt\/#primaryimage\"},\"image\":{\"@id\":\"https:\/\/jornalfatosenoticias.com.br\/index.php\/2024\/12\/02\/estamos-ferrados-diz-empresario-que-doou-r-1-milhao-para-o-pt\/#primaryimage\"},\"thumbnailUrl\":\"https:\/\/jornalfatosenoticias.com.br\/wp-content\/uploads\/2024\/12\/empresario-petista.jpg\",\"datePublished\":\"2024-12-02T18:06:49+00:00\",\"dateModified\":\"2024-12-02T18:06:50+00:00\",\"breadcrumb\":{\"@id\":\"https:\/\/jornalfatosenoticias.com.br\/index.php\/2024\/12\/02\/estamos-ferrados-diz-empresario-que-doou-r-1-milhao-para-o-pt\/#breadcrumb\"},\"inLanguage\":\"pt-BR\",\"potentialAction\":[{\"@type\":\"ReadAction\",\"target\":[\"https:\/\/jornalfatosenoticias.com.br\/index.php\/2024\/12\/02\/estamos-ferrados-diz-empresario-que-doou-r-1-milhao-para-o-pt\/\"]}]},{\"@type\":\"ImageObject\",\"inLanguage\":\"pt-BR\",\"@id\":\"https:\/\/jornalfatosenoticias.com.br\/index.php\/2024\/12\/02\/estamos-ferrados-diz-empresario-que-doou-r-1-milhao-para-o-pt\/#primaryimage\",\"url\":\"https:\/\/jornalfatosenoticias.com.br\/wp-content\/uploads\/2024\/12\/empresario-petista.jpg\",\"contentUrl\":\"https:\/\/jornalfatosenoticias.com.br\/wp-content\/uploads\/2024\/12\/empresario-petista.jpg\",\"width\":1000,\"height\":552},{\"@type\":\"BreadcrumbList\",\"@id\":\"https:\/\/jornalfatosenoticias.com.br\/index.php\/2024\/12\/02\/estamos-ferrados-diz-empresario-que-doou-r-1-milhao-para-o-pt\/#breadcrumb\",\"itemListElement\":[{\"@type\":\"ListItem\",\"position\":1,\"name\":\"In\u00edcio\",\"item\":\"https:\/\/jornalfatosenoticias.com.br\/\"},{\"@type\":\"ListItem\",\"position\":2,\"name\":\"\u201cEstamos ferrados\u201d, diz empres\u00e1rio que doou R$ 1 milh\u00e3o para o PT\"}]},{\"@type\":\"WebSite\",\"@id\":\"https:\/\/jornalfatosenoticias.com.br\/#website\",\"url\":\"https:\/\/jornalfatosenoticias.com.br\/\",\"name\":\"Jornal Fatos e Not\u00edcias\",\"description\":\"Not\u00edcias em geral\",\"publisher\":{\"@id\":\"https:\/\/jornalfatosenoticias.com.br\/#organization\"},\"potentialAction\":[{\"@type\":\"SearchAction\",\"target\":{\"@type\":\"EntryPoint\",\"urlTemplate\":\"https:\/\/jornalfatosenoticias.com.br\/?s={search_term_string}\"},\"query-input\":{\"@type\":\"PropertyValueSpecification\",\"valueRequired\":true,\"valueName\":\"search_term_string\"}}],\"inLanguage\":\"pt-BR\"},{\"@type\":\"Organization\",\"@id\":\"https:\/\/jornalfatosenoticias.com.br\/#organization\",\"name\":\"Jornal Fatos e Not\u00edcias\",\"url\":\"https:\/\/jornalfatosenoticias.com.br\/\",\"logo\":{\"@type\":\"ImageObject\",\"inLanguage\":\"pt-BR\",\"@id\":\"https:\/\/jornalfatosenoticias.com.br\/#\/schema\/logo\/image\/\",\"url\":\"https:\/\/jornalfatosenoticias.com.br\/wp-content\/uploads\/2020\/02\/logo120.png\",\"contentUrl\":\"https:\/\/jornalfatosenoticias.com.br\/wp-content\/uploads\/2020\/02\/logo120.png\",\"width\":1227,\"height\":120,\"caption\":\"Jornal Fatos e Not\u00edcias\"},\"image\":{\"@id\":\"https:\/\/jornalfatosenoticias.com.br\/#\/schema\/logo\/image\/\"}},{\"@type\":\"Person\",\"@id\":\"https:\/\/jornalfatosenoticias.com.br\/#\/schema\/person\/d63837fa13ac8666eb9e74e0985d6f81\",\"name\":\"Luzimara Fernandes\",\"image\":{\"@type\":\"ImageObject\",\"inLanguage\":\"pt-BR\",\"@id\":\"https:\/\/jornalfatosenoticias.com.br\/#\/schema\/person\/image\/\",\"url\":\"https:\/\/jornalfatosenoticias.com.br\/wp-content\/uploads\/2025\/05\/EU_portal.jpg\",\"contentUrl\":\"https:\/\/jornalfatosenoticias.com.br\/wp-content\/uploads\/2025\/05\/EU_portal.jpg\",\"caption\":\"Luzimara Fernandes\"},\"description\":\"Jornalista MTB 2358-ES\",\"sameAs\":[\"https:\/\/jornalfatosenoticias.com.br\"],\"url\":\"https:\/\/jornalfatosenoticias.com.br\/index.php\/author\/luzimara\/\"}]}<\/script>\n<!-- \/ Yoast SEO plugin. -->","yoast_head_json":{"title":"\u201cEstamos ferrados\u201d, diz empres\u00e1rio que doou R$ 1 milh\u00e3o para o PT - Jornal Fatos e Not\u00edcias","robots":{"index":"index","follow":"follow","max-snippet":"max-snippet:-1","max-image-preview":"max-image-preview:large","max-video-preview":"max-video-preview:-1"},"canonical":"https:\/\/jornalfatosenoticias.com.br\/index.php\/2024\/12\/02\/estamos-ferrados-diz-empresario-que-doou-r-1-milhao-para-o-pt\/","og_locale":"pt_BR","og_type":"article","og_title":"\u201cEstamos ferrados\u201d, diz empres\u00e1rio que doou R$ 1 milh\u00e3o para o PT - Jornal Fatos e Not\u00edcias","og_description":"Esta n\u00e3o \u00e9 a primeira vez que o empres\u00e1rio Rubens Ometto critica a gest\u00e3o de Lula (PT) publicamente Por Di\u00f3genes Freire Feitosa O CEO da Cosan, o empres\u00e1rio Rubens Ometto, criticou a pol\u00edtica econ\u00f4mica do governo Lula e disse que o pa\u00eds est\u00e1 \u201cferrado\u201d. Ometto doou R$ 1 milh\u00e3o ao PT, sigla do presidente Lula, [&hellip;]","og_url":"https:\/\/jornalfatosenoticias.com.br\/index.php\/2024\/12\/02\/estamos-ferrados-diz-empresario-que-doou-r-1-milhao-para-o-pt\/","og_site_name":"Jornal Fatos e Not\u00edcias","article_published_time":"2024-12-02T18:06:49+00:00","article_modified_time":"2024-12-02T18:06:50+00:00","og_image":[{"width":1000,"height":552,"url":"https:\/\/jornalfatosenoticias.com.br\/wp-content\/uploads\/2024\/12\/empresario-petista.jpg","type":"image\/jpeg"}],"author":"Luzimara Fernandes","twitter_card":"summary_large_image","twitter_misc":{"Escrito por":"Luzimara Fernandes","Est. tempo de leitura":"2 minutos"},"schema":{"@context":"https:\/\/schema.org","@graph":[{"@type":"Article","@id":"https:\/\/jornalfatosenoticias.com.br\/index.php\/2024\/12\/02\/estamos-ferrados-diz-empresario-que-doou-r-1-milhao-para-o-pt\/#article","isPartOf":{"@id":"https:\/\/jornalfatosenoticias.com.br\/index.php\/2024\/12\/02\/estamos-ferrados-diz-empresario-que-doou-r-1-milhao-para-o-pt\/"},"author":{"name":"Luzimara Fernandes","@id":"https:\/\/jornalfatosenoticias.com.br\/#\/schema\/person\/d63837fa13ac8666eb9e74e0985d6f81"},"headline":"\u201cEstamos ferrados\u201d, diz empres\u00e1rio que doou R$ 1 milh\u00e3o para o PT","datePublished":"2024-12-02T18:06:49+00:00","dateModified":"2024-12-02T18:06:50+00:00","mainEntityOfPage":{"@id":"https:\/\/jornalfatosenoticias.com.br\/index.php\/2024\/12\/02\/estamos-ferrados-diz-empresario-que-doou-r-1-milhao-para-o-pt\/"},"wordCount":482,"commentCount":0,"publisher":{"@id":"https:\/\/jornalfatosenoticias.com.br\/#organization"},"image":{"@id":"https:\/\/jornalfatosenoticias.com.br\/index.php\/2024\/12\/02\/estamos-ferrados-diz-empresario-que-doou-r-1-milhao-para-o-pt\/#primaryimage"},"thumbnailUrl":"https:\/\/jornalfatosenoticias.com.br\/wp-content\/uploads\/2024\/12\/empresario-petista.jpg","keywords":["Banco Central","CEO Cosan","Gabriel Gal\u00edpolo","impostos","Lula","Partido dos Trabalhadores"],"articleSection":["Economia"],"inLanguage":"pt-BR","potentialAction":[{"@type":"CommentAction","name":"Comment","target":["https:\/\/jornalfatosenoticias.com.br\/index.php\/2024\/12\/02\/estamos-ferrados-diz-empresario-que-doou-r-1-milhao-para-o-pt\/#respond"]}]},{"@type":"WebPage","@id":"https:\/\/jornalfatosenoticias.com.br\/index.php\/2024\/12\/02\/estamos-ferrados-diz-empresario-que-doou-r-1-milhao-para-o-pt\/","url":"https:\/\/jornalfatosenoticias.com.br\/index.php\/2024\/12\/02\/estamos-ferrados-diz-empresario-que-doou-r-1-milhao-para-o-pt\/","name":"\u201cEstamos ferrados\u201d, diz empres\u00e1rio que doou R$ 1 milh\u00e3o para o PT - Jornal Fatos e Not\u00edcias","isPartOf":{"@id":"https:\/\/jornalfatosenoticias.com.br\/#website"},"primaryImageOfPage":{"@id":"https:\/\/jornalfatosenoticias.com.br\/index.php\/2024\/12\/02\/estamos-ferrados-diz-empresario-que-doou-r-1-milhao-para-o-pt\/#primaryimage"},"image":{"@id":"https:\/\/jornalfatosenoticias.com.br\/index.php\/2024\/12\/02\/estamos-ferrados-diz-empresario-que-doou-r-1-milhao-para-o-pt\/#primaryimage"},"thumbnailUrl":"https:\/\/jornalfatosenoticias.com.br\/wp-content\/uploads\/2024\/12\/empresario-petista.jpg","datePublished":"2024-12-02T18:06:49+00:00","dateModified":"2024-12-02T18:06:50+00:00","breadcrumb":{"@id":"https:\/\/jornalfatosenoticias.com.br\/index.php\/2024\/12\/02\/estamos-ferrados-diz-empresario-que-doou-r-1-milhao-para-o-pt\/#breadcrumb"},"inLanguage":"pt-BR","potentialAction":[{"@type":"ReadAction","target":["https:\/\/jornalfatosenoticias.com.br\/index.php\/2024\/12\/02\/estamos-ferrados-diz-empresario-que-doou-r-1-milhao-para-o-pt\/"]}]},{"@type":"ImageObject","inLanguage":"pt-BR","@id":"https:\/\/jornalfatosenoticias.com.br\/index.php\/2024\/12\/02\/estamos-ferrados-diz-empresario-que-doou-r-1-milhao-para-o-pt\/#primaryimage","url":"https:\/\/jornalfatosenoticias.com.br\/wp-content\/uploads\/2024\/12\/empresario-petista.jpg","contentUrl":"https:\/\/jornalfatosenoticias.com.br\/wp-content\/uploads\/2024\/12\/empresario-petista.jpg","width":1000,"height":552},{"@type":"BreadcrumbList","@id":"https:\/\/jornalfatosenoticias.com.br\/index.php\/2024\/12\/02\/estamos-ferrados-diz-empresario-que-doou-r-1-milhao-para-o-pt\/#breadcrumb","itemListElement":[{"@type":"ListItem","position":1,"name":"In\u00edcio","item":"https:\/\/jornalfatosenoticias.com.br\/"},{"@type":"ListItem","position":2,"name":"\u201cEstamos ferrados\u201d, diz empres\u00e1rio que doou R$ 1 milh\u00e3o para o PT"}]},{"@type":"WebSite","@id":"https:\/\/jornalfatosenoticias.com.br\/#website","url":"https:\/\/jornalfatosenoticias.com.br\/","name":"Jornal Fatos e Not\u00edcias","description":"Not\u00edcias em geral","publisher":{"@id":"https:\/\/jornalfatosenoticias.com.br\/#organization"},"potentialAction":[{"@type":"SearchAction","target":{"@type":"EntryPoint","urlTemplate":"https:\/\/jornalfatosenoticias.com.br\/?s={search_term_string}"},"query-input":{"@type":"PropertyValueSpecification","valueRequired":true,"valueName":"search_term_string"}}],"inLanguage":"pt-BR"},{"@type":"Organization","@id":"https:\/\/jornalfatosenoticias.com.br\/#organization","name":"Jornal Fatos e Not\u00edcias","url":"https:\/\/jornalfatosenoticias.com.br\/","logo":{"@type":"ImageObject","inLanguage":"pt-BR","@id":"https:\/\/jornalfatosenoticias.com.br\/#\/schema\/logo\/image\/","url":"https:\/\/jornalfatosenoticias.com.br\/wp-content\/uploads\/2020\/02\/logo120.png","contentUrl":"https:\/\/jornalfatosenoticias.com.br\/wp-content\/uploads\/2020\/02\/logo120.png","width":1227,"height":120,"caption":"Jornal Fatos e Not\u00edcias"},"image":{"@id":"https:\/\/jornalfatosenoticias.com.br\/#\/schema\/logo\/image\/"}},{"@type":"Person","@id":"https:\/\/jornalfatosenoticias.com.br\/#\/schema\/person\/d63837fa13ac8666eb9e74e0985d6f81","name":"Luzimara Fernandes","image":{"@type":"ImageObject","inLanguage":"pt-BR","@id":"https:\/\/jornalfatosenoticias.com.br\/#\/schema\/person\/image\/","url":"https:\/\/jornalfatosenoticias.com.br\/wp-content\/uploads\/2025\/05\/EU_portal.jpg","contentUrl":"https:\/\/jornalfatosenoticias.com.br\/wp-content\/uploads\/2025\/05\/EU_portal.jpg","caption":"Luzimara Fernandes"},"description":"Jornalista MTB 2358-ES","sameAs":["https:\/\/jornalfatosenoticias.com.br"],"url":"https:\/\/jornalfatosenoticias.com.br\/index.php\/author\/luzimara\/"}]}},"cc_featured_image_caption":{"caption_text":"(Foto: Reprodu\u00e7\u00e3o redes sociais)","source_text":"","source_url":""},"jetpack_featured_media_url":"https:\/\/jornalfatosenoticias.com.br\/wp-content\/uploads\/2024\/12\/empresario-petista.jpg","_links":{"self":[{"href":"https:\/\/jornalfatosenoticias.com.br\/index.php\/wp-json\/wp\/v2\/posts\/56080","targetHints":{"allow":["GET"]}}],"collection":[{"href":"https:\/\/jornalfatosenoticias.com.br\/index.php\/wp-json\/wp\/v2\/posts"}],"about":[{"href":"https:\/\/jornalfatosenoticias.com.br\/index.php\/wp-json\/wp\/v2\/types\/post"}],"author":[{"embeddable":true,"href":"https:\/\/jornalfatosenoticias.com.br\/index.php\/wp-json\/wp\/v2\/users\/2"}],"replies":[{"embeddable":true,"href":"https:\/\/jornalfatosenoticias.com.br\/index.php\/wp-json\/wp\/v2\/comments?post=56080"}],"version-history":[{"count":0,"href":"https:\/\/jornalfatosenoticias.com.br\/index.php\/wp-json\/wp\/v2\/posts\/56080\/revisions"}],"wp:featuredmedia":[{"embeddable":true,"href":"https:\/\/jornalfatosenoticias.com.br\/index.php\/wp-json\/wp\/v2\/media\/56081"}],"wp:attachment":[{"href":"https:\/\/jornalfatosenoticias.com.br\/index.php\/wp-json\/wp\/v2\/media?parent=56080"}],"wp:term":[{"taxonomy":"category","embeddable":true,"href":"https:\/\/jornalfatosenoticias.com.br\/index.php\/wp-json\/wp\/v2\/categories?post=56080"},{"taxonomy":"post_tag","embeddable":true,"href":"https:\/\/jornalfatosenoticias.com.br\/index.php\/wp-json\/wp\/v2\/tags?post=56080"}],"curies":[{"name":"wp","href":"https:\/\/api.w.org\/{rel}","templated":true}]}}