{"id":56083,"date":"2024-12-02T15:29:26","date_gmt":"2024-12-02T18:29:26","guid":{"rendered":"https:\/\/jornalfatosenoticias.com.br\/?p=56083"},"modified":"2024-12-02T15:29:28","modified_gmt":"2024-12-02T18:29:28","slug":"lula-avalia-contemplar-evangelicos-em-reforma-ministerial-em-busca-de-apoio-para-2026","status":"publish","type":"post","link":"https:\/\/jornalfatosenoticias.com.br\/index.php\/2024\/12\/02\/lula-avalia-contemplar-evangelicos-em-reforma-ministerial-em-busca-de-apoio-para-2026\/","title":{"rendered":"Lula avalia contemplar evang\u00e9licos em reforma ministerial em busca de apoio para 2026"},"content":{"rendered":"\n<p><em><span class=\"has-inline-color has-black-color\">Lula durante san\u00e7\u00e3o do projeto de lei que institui o Dia Nacional da M\u00fasica Gospel<\/span><\/em><\/p>\n\n\n\n<p><span class=\"has-inline-color has-black-color\">Por <strong>Weslei Oliveira<\/strong><\/span><\/p>\n\n\n\n<div class=\"wp-block-image\"><figure class=\"aligncenter size-large\"><a href=\"https:\/\/www.controlsystems.com.br\/\"><img loading=\"lazy\" decoding=\"async\" width=\"1024\" height=\"109\" src=\"https:\/\/jornalfatosenoticias.com.br\/wp-content\/uploads\/2020\/02\/CONTROL-CS2-1024x109.jpg\" alt=\"\" class=\"wp-image-44989\" srcset=\"https:\/\/jornalfatosenoticias.com.br\/wp-content\/uploads\/2020\/02\/CONTROL-CS2-1024x109.jpg 1024w, https:\/\/jornalfatosenoticias.com.br\/wp-content\/uploads\/2020\/02\/CONTROL-CS2-300x32.jpg 300w, https:\/\/jornalfatosenoticias.com.br\/wp-content\/uploads\/2020\/02\/CONTROL-CS2-768x82.jpg 768w, https:\/\/jornalfatosenoticias.com.br\/wp-content\/uploads\/2020\/02\/CONTROL-CS2.jpg 1120w\" sizes=\"auto, (max-width: 1024px) 100vw, 1024px\" \/><\/a><\/figure><\/div>\n\n\n\n<p>Em mais uma tentativa de buscar apoio no segmento religioso, Luiz In\u00e1cio Lula da Silva (PT)\u00a0trabalha com a possibilidade de conceder um minist\u00e9rio para uma lideran\u00e7a evang\u00e9lica.\u00a0Essa estrat\u00e9gia passou a ser discutida junto aos integrantes do Pal\u00e1cio do Planalto que defendem a necessidade de o governo ampliar suas alian\u00e7as para a disputa presidencial de 2026.<br>A expectativa \u00e9 de que Lula promova uma dan\u00e7a das cadeiras na Esplanada dos Minist\u00e9rios logo ap\u00f3s a sucess\u00e3o nas presid\u00eancias da C\u00e2mara e do Senado, marcada para fevereiro de 2025. H\u00e1 d\u00favidas, no entanto, se o petista\u00a0far\u00e1 apenas mudan\u00e7as em minist\u00e9rios pontuais do pr\u00f3prio Planalto ou se vai ceder mais espa\u00e7o para os partidos do Centr\u00e3o na busca por mais apoio no Congresso Nacional.<\/p>\n\n\n\n<div class=\"wp-block-image\"><figure class=\"aligncenter size-large is-resized\"><a href=\"https:\/\/www.instagram.com\/esteiochurrascaria\/\"><img loading=\"lazy\" decoding=\"async\" src=\"https:\/\/jornalfatosenoticias.com.br\/wp-content\/uploads\/2022\/02\/LOGO-ESTEIO-1024x730.png\" alt=\"\" class=\"wp-image-27942\" width=\"324\" height=\"231\" srcset=\"https:\/\/jornalfatosenoticias.com.br\/wp-content\/uploads\/2022\/02\/LOGO-ESTEIO-1024x730.png 1024w, https:\/\/jornalfatosenoticias.com.br\/wp-content\/uploads\/2022\/02\/LOGO-ESTEIO-300x214.png 300w, https:\/\/jornalfatosenoticias.com.br\/wp-content\/uploads\/2022\/02\/LOGO-ESTEIO-768x548.png 768w, https:\/\/jornalfatosenoticias.com.br\/wp-content\/uploads\/2022\/02\/LOGO-ESTEIO.png 1123w\" sizes=\"auto, (max-width: 324px) 100vw, 324px\" \/><\/a><\/figure><\/div>\n\n\n\n<p>Nessa discuss\u00e3o, aliados do presidente admitem que a entrada de um pol\u00edtico com representa\u00e7\u00e3o no meio evang\u00e9lico poderia ajudar na aproxima\u00e7\u00e3o do governo com o\u00a0setor. Essa tentativa de atrair o segmento para dentro da gest\u00e3o petista existe h\u00e1 pelo menos dois anos, mas foi intensificada nos \u00faltimos meses por meio da nomea\u00e7\u00e3o dos ministros Jorge Messias (Advocacia-Geral da Uni\u00e3o) e M\u00e1rcio Mac\u00eado (Secretaria-Geral).<\/p>\n\n\n\n<div class=\"wp-block-image\"><figure class=\"aligncenter size-large is-resized\"><a href=\"https:\/\/www.ithbrasil.com.br\/\"><img loading=\"lazy\" decoding=\"async\" src=\"https:\/\/jornalfatosenoticias.com.br\/wp-content\/uploads\/2023\/08\/ITH.jpeg\" alt=\"\" class=\"wp-image-44638\" width=\"312\" height=\"253\" srcset=\"https:\/\/jornalfatosenoticias.com.br\/wp-content\/uploads\/2023\/08\/ITH.jpeg 800w, https:\/\/jornalfatosenoticias.com.br\/wp-content\/uploads\/2023\/08\/ITH-300x244.jpeg 300w, https:\/\/jornalfatosenoticias.com.br\/wp-content\/uploads\/2023\/08\/ITH-768x624.jpeg 768w\" sizes=\"auto, (max-width: 312px) 100vw, 312px\" \/><\/a><\/figure><\/div>\n\n\n\n<p>Al\u00e9m de incluir men\u00e7\u00f5es a milagres e Deus em seus discursos, Lula tamb\u00e9m acenou ao setor no m\u00eas passado ao sancionar a lei que cria o Dia da M\u00fasica Gospel. Essas estrat\u00e9gias buscam justamente atrair o eleitor religioso, que representa 30% do eleitorado e que em 2022 votou majoritariamente em Jair Bolsonaro (PL).\u00a0<\/p>\n\n\n\n<div class=\"wp-block-image\"><figure class=\"aligncenter size-large is-resized\"><a href=\"https:\/\/www.instagram.com\/restaurantepegoretti\/\"><img loading=\"lazy\" decoding=\"async\" src=\"https:\/\/jornalfatosenoticias.com.br\/wp-content\/uploads\/2023\/12\/pegoretti-logo-pdf-1024x389.jpg\" alt=\"\" class=\"wp-image-47536\" width=\"385\" height=\"146\" srcset=\"https:\/\/jornalfatosenoticias.com.br\/wp-content\/uploads\/2023\/12\/pegoretti-logo-pdf-1024x389.jpg 1024w, https:\/\/jornalfatosenoticias.com.br\/wp-content\/uploads\/2023\/12\/pegoretti-logo-pdf-300x114.jpg 300w, https:\/\/jornalfatosenoticias.com.br\/wp-content\/uploads\/2023\/12\/pegoretti-logo-pdf-768x291.jpg 768w, https:\/\/jornalfatosenoticias.com.br\/wp-content\/uploads\/2023\/12\/pegoretti-logo-pdf.jpg 1120w\" sizes=\"auto, (max-width: 385px) 100vw, 385px\" \/><\/a><\/figure><\/div>\n\n\n\n<p>Uma das lideran\u00e7as evang\u00e9licas que tem ganhado espa\u00e7o no governo \u00e9 justamente o deputado Otoni de Paula (MDB-RJ).\u00a0O emedebista integrou a base de Bolsonaro e discursou recentemente no Pal\u00e1cio do Planalto em nome da bancada evang\u00e9lica do Congresso.\u00a0Lula fez men\u00e7\u00e3o a ele ao falar da cria\u00e7\u00e3o do Dia da M\u00fasica Gospel.<\/p>\n\n\n\n<div class=\"wp-block-image\"><figure class=\"aligncenter size-large is-resized\"><a href=\"https:\/\/www.instagram.com\/serra4x4cambioautomatico\/\"><img loading=\"lazy\" decoding=\"async\" src=\"https:\/\/jornalfatosenoticias.com.br\/wp-content\/uploads\/2024\/08\/Serra-4x4-1-886x1024.jpg\" alt=\"\" class=\"wp-image-53632\" width=\"305\" height=\"353\" srcset=\"https:\/\/jornalfatosenoticias.com.br\/wp-content\/uploads\/2024\/08\/Serra-4x4-1-886x1024.jpg 886w, https:\/\/jornalfatosenoticias.com.br\/wp-content\/uploads\/2024\/08\/Serra-4x4-1-260x300.jpg 260w, https:\/\/jornalfatosenoticias.com.br\/wp-content\/uploads\/2024\/08\/Serra-4x4-1-768x888.jpg 768w, https:\/\/jornalfatosenoticias.com.br\/wp-content\/uploads\/2024\/08\/Serra-4x4-1.jpg 1181w\" sizes=\"auto, (max-width: 305px) 100vw, 305px\" \/><\/a><\/figure><\/div>\n\n\n\n<p>&#8220;A m\u00fasica gospel agora tem um dia nacional de celebra\u00e7\u00e3o. Com o deputado Otoni de Paula, sancionei o projeto que institui o dia 9 de junho como o Dia Nacional da M\u00fasica Gospel, dando visibilidade ao importante papel da cultura, da religiosidade e da f\u00e9 de milh\u00f5es de brasileiros e brasileiras&#8221;, disse Lula na ocasi\u00e3o.\u00a0<\/p>\n\n\n\n<div class=\"wp-block-image\"><figure class=\"aligncenter size-large is-resized\"><a href=\"https:\/\/www.facebook.com\/postobkr\/?locale=pt_BR\"><img loading=\"lazy\" decoding=\"async\" src=\"https:\/\/jornalfatosenoticias.com.br\/wp-content\/uploads\/2023\/08\/BKR-1024x1021.jpg\" alt=\"\" class=\"wp-image-44494\" width=\"301\" height=\"300\" srcset=\"https:\/\/jornalfatosenoticias.com.br\/wp-content\/uploads\/2023\/08\/BKR-1024x1021.jpg 1024w, https:\/\/jornalfatosenoticias.com.br\/wp-content\/uploads\/2023\/08\/BKR-300x300.jpg 300w, https:\/\/jornalfatosenoticias.com.br\/wp-content\/uploads\/2023\/08\/BKR-150x150.jpg 150w, https:\/\/jornalfatosenoticias.com.br\/wp-content\/uploads\/2023\/08\/BKR-768x766.jpg 768w, https:\/\/jornalfatosenoticias.com.br\/wp-content\/uploads\/2023\/08\/BKR.jpg 1080w\" sizes=\"auto, (max-width: 301px) 100vw, 301px\" \/><\/a><\/figure><\/div>\n\n\n\n<p>J\u00e1 o deputado elogiou a conviv\u00eancia com Lula, mas disse que discorda dele politicamente. Afirmou que &#8220;o Deus que estabelece reis e tira reis do trono j\u00e1 lhe usou nesta na\u00e7\u00e3o para aben\u00e7oar o povo de Deus&#8221;.<\/p>\n\n\n\n<div class=\"wp-block-image\"><figure class=\"aligncenter size-large\"><a href=\"https:\/\/mizu.com.br\/\"><img loading=\"lazy\" decoding=\"async\" width=\"729\" height=\"90\" src=\"https:\/\/jornalfatosenoticias.com.br\/wp-content\/uploads\/2020\/02\/Logo_Mizu.png\" alt=\"\" class=\"wp-image-1441\" srcset=\"https:\/\/jornalfatosenoticias.com.br\/wp-content\/uploads\/2020\/02\/Logo_Mizu.png 729w, https:\/\/jornalfatosenoticias.com.br\/wp-content\/uploads\/2020\/02\/Logo_Mizu-300x37.png 300w\" sizes=\"auto, (max-width: 729px) 100vw, 729px\" \/><\/a><\/figure><\/div>\n\n\n\n<p><strong><span class=\"has-inline-color has-black-color\">Cotado para minist\u00e9rio, Otoni divide apoios dentro da bancada no Congresso\u00a0<br><\/span><\/strong>A aproxima\u00e7\u00e3o entre Otoni de Paula e o governo Lula tem sido intermediada pelo prefeito do Rio de Janeiro, Eduardo Paes (PSD). Reeleito em primeiro turno na capital fluminense, Paes contou com o apoio do deputado junto ao eleitorado evang\u00e9lico justamente contra o candidato Alexandre Ramagem, que era apoiado por Bolsonaro na disputa municipal.<\/p>\n\n\n\n<div class=\"wp-block-image\"><figure class=\"aligncenter size-large is-resized\"><a href=\"https:\/\/www.facebook.com\/profile.php?id=100069289606145\"><img loading=\"lazy\" decoding=\"async\" src=\"https:\/\/jornalfatosenoticias.com.br\/wp-content\/uploads\/2024\/11\/Guaitolini-Contabilidade-1024x714.jpeg\" alt=\"\" class=\"wp-image-55808\" width=\"341\" height=\"238\" srcset=\"https:\/\/jornalfatosenoticias.com.br\/wp-content\/uploads\/2024\/11\/Guaitolini-Contabilidade-1024x714.jpeg 1024w, https:\/\/jornalfatosenoticias.com.br\/wp-content\/uploads\/2024\/11\/Guaitolini-Contabilidade-300x209.jpeg 300w, https:\/\/jornalfatosenoticias.com.br\/wp-content\/uploads\/2024\/11\/Guaitolini-Contabilidade-768x535.jpeg 768w, https:\/\/jornalfatosenoticias.com.br\/wp-content\/uploads\/2024\/11\/Guaitolini-Contabilidade.jpeg 1280w\" sizes=\"auto, (max-width: 341px) 100vw, 341px\" \/><\/a><\/figure><\/div>\n\n\n\n<p>Essa movimenta\u00e7\u00e3o de Otoni de Paula junto ao petista, no entanto, tem sido criticada por aliados do ex-presidente Bolsonaro dentro da Frente Parlamentar Evang\u00e9lica. Apesar disso, o emedebista tem encampado o discurso que os evang\u00e9licos n\u00e3o t\u00eam &#8220;dono&#8221;, e escolhem pautas com base em valores e cren\u00e7as e que as igrejas n\u00e3o s\u00e3o de &#8220;direita ou de esquerda&#8221;.\u00a0<\/p>\n\n\n\n<div class=\"wp-block-image\"><figure class=\"aligncenter size-large is-resized\"><a href=\"https:\/\/cesconetto.com.br\/\"><img loading=\"lazy\" decoding=\"async\" src=\"https:\/\/jornalfatosenoticias.com.br\/wp-content\/uploads\/2022\/02\/Banner-2.png\" alt=\"\" class=\"wp-image-27877\" width=\"314\" height=\"262\"\/><\/a><\/figure><\/div>\n\n\n\n<p>Recentemente, o emedebista tamb\u00e9m aproveitou um discurso para rebater o senador Fl\u00e1vio Bolsonaro (PL-RJ) ap\u00f3s a revela\u00e7\u00e3o por parte da Pol\u00edcia Federal de um suposto plano para matar Lula, o vice-presidente Geraldo Alckmin (PSB) e o ministro Alexandre de Moraes, do Supremo Tribunal Federal (STF). Na ocasi\u00e3o, o filho do ex-presidente havia dito que: &#8220;por mais que seja repugnante pensar em matar algu\u00e9m, isso n\u00e3o \u00e9 crime. E para haver uma tentativa \u00e9 preciso que sua execu\u00e7\u00e3o seja interrompida por alguma situa\u00e7\u00e3o alheia \u00e0 vontade dos agentes. O que n\u00e3o parece ter ocorrido&#8221;.<\/p>\n\n\n\n<div class=\"wp-block-image\"><figure class=\"aligncenter size-large\"><a href=\"http:\/\/www.ferrarimaquinas.com.br\/\"><img loading=\"lazy\" decoding=\"async\" width=\"300\" height=\"250\" src=\"https:\/\/jornalfatosenoticias.com.br\/wp-content\/uploads\/2022\/02\/FERRARI_MAQUINAS-E-FERRAMENTAS2.jpg\" alt=\"\" class=\"wp-image-27860\"\/><\/a><\/figure><\/div>\n\n\n\n<p>Sobre essa declara\u00e7\u00e3o, Otoni afirmou no plen\u00e1rio da C\u00e2mara: &#8220;como um pol\u00edtico de direita e conservador, eu entendo que preciso manifestar o meu total rep\u00fadio \u00e0s falas do senador Fl\u00e1vio Bolsonaro, quando ele diz que pensar em matar algu\u00e9m n\u00e3o \u00e9 crime. Talvez o senador tenha sido muito infeliz nas suas palavras, porque, se forem comprovadas as not\u00edcias que est\u00e3o vindo pela imprensa e que est\u00e3o estarrecendo a todos n\u00f3s, n\u00e3o houve s\u00f3 o pensamento&#8221;. &#8220;Houve o planejamento, houve reuni\u00f5es, houve troca de mensagens. De acordo com esse pensamento, s\u00f3 \u00e9 crime quando se aperta o gatilho. N\u00f3s que defendemos valores e princ\u00edpios crist\u00e3os n\u00e3o podemos concordar com essa fala, e eu quero repudi\u00e1-la neste plen\u00e1rio&#8221;, completou o deputado.\u00a0<\/p>\n\n\n\n<div class=\"wp-block-image\"><figure class=\"aligncenter size-large is-resized\"><a href=\"https:\/\/www.instagram.com\/ligadossaborespizzaria\/\"><img loading=\"lazy\" decoding=\"async\" src=\"https:\/\/jornalfatosenoticias.com.br\/wp-content\/uploads\/2024\/09\/WhatsApp-Image-2024-09-14-at-22.46.10-819x1024.jpeg\" alt=\"\" class=\"wp-image-54180\" width=\"316\" height=\"395\" srcset=\"https:\/\/jornalfatosenoticias.com.br\/wp-content\/uploads\/2024\/09\/WhatsApp-Image-2024-09-14-at-22.46.10-819x1024.jpeg 819w, https:\/\/jornalfatosenoticias.com.br\/wp-content\/uploads\/2024\/09\/WhatsApp-Image-2024-09-14-at-22.46.10-240x300.jpeg 240w, https:\/\/jornalfatosenoticias.com.br\/wp-content\/uploads\/2024\/09\/WhatsApp-Image-2024-09-14-at-22.46.10-768x960.jpeg 768w, https:\/\/jornalfatosenoticias.com.br\/wp-content\/uploads\/2024\/09\/WhatsApp-Image-2024-09-14-at-22.46.10.jpeg 1024w\" sizes=\"auto, (max-width: 316px) 100vw, 316px\" \/><\/a><\/figure><\/div>\n\n\n\n<p>Dentro do governo, aliados de Lula acreditam que a aproxima\u00e7\u00e3o com Otoni de Paula pode justamente ampliar o di\u00e1logo com as igrejas e o eleitor religioso antes do per\u00edodo eleitoral de 2026. Neste caso, al\u00e9m dos evang\u00e9licos, um eventual minist\u00e9rio para o deputado seria um\u00a0aceno ao MDB, que foi o segundo maior partido em n\u00famero de elei\u00e7\u00e3o de prefeitos, com mais de 850 eleitos na disputa municipal deste ano. O partido j\u00e1 conta com tr\u00eas minist\u00e9rios na Esplanada.<\/p>\n\n\n\n<div class=\"wp-block-image\"><figure class=\"aligncenter size-large is-resized\"><a href=\"https:\/\/hotelmarquetti.com.br\/\"><img loading=\"lazy\" decoding=\"async\" src=\"https:\/\/jornalfatosenoticias.com.br\/wp-content\/uploads\/2023\/03\/nova-logo-Marquetti.jpg\" alt=\"\" class=\"wp-image-40207\" width=\"347\" height=\"233\" srcset=\"https:\/\/jornalfatosenoticias.com.br\/wp-content\/uploads\/2023\/03\/nova-logo-Marquetti.jpg 643w, https:\/\/jornalfatosenoticias.com.br\/wp-content\/uploads\/2023\/03\/nova-logo-Marquetti-300x202.jpg 300w\" sizes=\"auto, (max-width: 347px) 100vw, 347px\" \/><\/a><\/figure><\/div>\n\n\n\n<p>Petistas defendem indica\u00e7\u00e3o de uma mulher evang\u00e9lica para o minist\u00e9rio\u00a0<br>Paralelamente, o nome de Otoni de Paula enfrenta resist\u00eancia entre integrantes do pr\u00f3prio PT no governo. A avalia\u00e7\u00e3o dessa ala \u00e9 de que o petista deveria escolher o nome de uma mulher evang\u00e9lica para esse posto.\u00a0<\/p>\n\n\n\n<div class=\"wp-block-image\"><figure class=\"aligncenter size-large is-resized\"><a href=\"https:\/\/www.instagram.com\/vmais.midias\/\"><img loading=\"lazy\" decoding=\"async\" src=\"https:\/\/jornalfatosenoticias.com.br\/wp-content\/uploads\/2020\/02\/DE-MAIS-DESTAQUE-VMAIS-800X700.png\" alt=\"\" class=\"wp-image-53112\" width=\"319\" height=\"278\" srcset=\"https:\/\/jornalfatosenoticias.com.br\/wp-content\/uploads\/2020\/02\/DE-MAIS-DESTAQUE-VMAIS-800X700.png 800w, https:\/\/jornalfatosenoticias.com.br\/wp-content\/uploads\/2020\/02\/DE-MAIS-DESTAQUE-VMAIS-800X700-768x672.png 768w\" sizes=\"auto, (max-width: 319px) 100vw, 319px\" \/><\/a><\/figure><\/div>\n\n\n\n<p>As cr\u00edticas ao nome do emedebista acontecem justamente porque, dias antes do encontro com Lula no Planalto, ele tinha dito que o governo do PT era antissemita por n\u00e3o querer fazer neg\u00f3cios com Israel. Em busca por espa\u00e7o para o pr\u00f3prio partido dentro da Esplanada, alguns integrantes da bancada petista defendem, por exemplo, o nome da deputada Benedita da Silva (PT-RJ).\u00a0\u00a0<\/p>\n\n\n\n<div class=\"wp-block-image\"><figure class=\"aligncenter size-large is-resized\"><a href=\"https:\/\/panper.com.br\/\"><img loading=\"lazy\" decoding=\"async\" src=\"https:\/\/jornalfatosenoticias.com.br\/wp-content\/uploads\/2023\/03\/logo-Panper_portal.jpg\" alt=\"\" class=\"wp-image-40208\" width=\"352\" height=\"244\" srcset=\"https:\/\/jornalfatosenoticias.com.br\/wp-content\/uploads\/2023\/03\/logo-Panper_portal.jpg 400w, https:\/\/jornalfatosenoticias.com.br\/wp-content\/uploads\/2023\/03\/logo-Panper_portal-300x208.jpg 300w\" sizes=\"auto, (max-width: 352px) 100vw, 352px\" \/><\/a><\/figure><\/div>\n\n\n\n<p>Apesar de ser apontada como uma das principais lideran\u00e7as evang\u00e9licas do partido e de j\u00e1 ter sido ministra de Lula entre 2003 e 2004, seu nome n\u00e3o \u00e9 visto com muito entusiasmo no Pal\u00e1cio do Planalto. Outra possibilidade na mesa do governo seria o nome da senadora Eliziane Gama (PSD-MA) e que tamb\u00e9m costuma atuar em nome de governo junto ao segmento religioso.\u00a0<\/p>\n\n\n\n<div class=\"wp-block-image\"><figure class=\"aligncenter size-large is-resized\"><a href=\"https:\/\/www.legisjuris.com.br\/\"><img loading=\"lazy\" decoding=\"async\" src=\"https:\/\/jornalfatosenoticias.com.br\/wp-content\/uploads\/2024\/09\/Legis-Juris-Consultoria_logo.jpg\" alt=\"\" class=\"wp-image-53915\" width=\"382\" height=\"160\" srcset=\"https:\/\/jornalfatosenoticias.com.br\/wp-content\/uploads\/2024\/09\/Legis-Juris-Consultoria_logo.jpg 969w, https:\/\/jornalfatosenoticias.com.br\/wp-content\/uploads\/2024\/09\/Legis-Juris-Consultoria_logo-300x126.jpg 300w, https:\/\/jornalfatosenoticias.com.br\/wp-content\/uploads\/2024\/09\/Legis-Juris-Consultoria_logo-768x322.jpg 768w\" sizes=\"auto, (max-width: 382px) 100vw, 382px\" \/><\/a><\/figure><\/div>\n\n\n\n<p>Essa discuss\u00e3o dentro do governo acontece justamente em meio \u00e0 queda de popularidade de Lula. Levantamento realizado pelo instituto Paran\u00e1 Pesquisas, divulgado na \u00faltima quarta-feira (27), aponta que 51% dos eleitores desaprovam o governo petista, contra 46,1% que aprovam. A diferen\u00e7a \u00e9 maior que a margem de erro de 2,2 pontos porcentuais, para mais ou para menos.\u00a0<\/p>\n\n\n\n<div class=\"wp-block-image\"><figure class=\"aligncenter size-large is-resized\"><a href=\"https:\/\/www.facebook.com\/vetor.vix\/\"><img loading=\"lazy\" decoding=\"async\" src=\"https:\/\/jornalfatosenoticias.com.br\/wp-content\/uploads\/2023\/09\/vetorvix1024_1.jpg\" alt=\"\" class=\"wp-image-44868\" width=\"621\" height=\"165\" srcset=\"https:\/\/jornalfatosenoticias.com.br\/wp-content\/uploads\/2023\/09\/vetorvix1024_1.jpg 1024w, https:\/\/jornalfatosenoticias.com.br\/wp-content\/uploads\/2023\/09\/vetorvix1024_1-300x80.jpg 300w, https:\/\/jornalfatosenoticias.com.br\/wp-content\/uploads\/2023\/09\/vetorvix1024_1-768x205.jpg 768w\" sizes=\"auto, (max-width: 621px) 100vw, 621px\" \/><\/a><\/figure><\/div>\n\n\n\n<p>A \u00faltima pesquisa realizada pelo Paran\u00e1 Pesquisas apontava empate t\u00e9cnico. Em julho, a aprova\u00e7\u00e3o da gest\u00e3o Lula era de 47,2%, e a desaprova\u00e7\u00e3o, 48%.\u00a0<br>No cen\u00e1rio eleitoral, Lula aparece com 33,6% das inten\u00e7\u00f5es de votos, numericamente atr\u00e1s de Bolsonaro, que est\u00e1 ineleg\u00edvel, com 37,6%. Ambos est\u00e3o tecnicamente empatados dentro da margem de erro.\u00a0O Paran\u00e1 Pesquisas entrevistou 2.014 eleitores em todas as unidades da federa\u00e7\u00e3o entre os dias 21 e 25 de novembro. O n\u00edvel de confian\u00e7a \u00e9 de 95%.\u00a0<\/p>\n\n\n\n<div class=\"wp-block-image\"><figure class=\"aligncenter size-large\"><a href=\"https:\/\/cesconetto.com.br\/\"><img loading=\"lazy\" decoding=\"async\" width=\"300\" height=\"250\" src=\"https:\/\/jornalfatosenoticias.com.br\/wp-content\/uploads\/2020\/02\/Banner-2.png\" alt=\"\" class=\"wp-image-43787\"\/><\/a><\/figure><\/div>\n\n\n\n<p><strong><em>Fonte: <a href=\"https:\/\/www.gazetadopovo.com.br\/republica\/lula-avalia-contemplar-evangelicos-em-reforma-ministerial-em-busca-de-apoio-para-2026\/\">Gazeta do Povo<\/a><\/em><\/strong><\/p>\n","protected":false},"excerpt":{"rendered":"<p>Lula durante san\u00e7\u00e3o do projeto de lei que institui o Dia Nacional da M\u00fasica Gospel Por Weslei Oliveira Em mais uma tentativa de buscar apoio no segmento religioso, Luiz In\u00e1cio Lula da Silva (PT)\u00a0trabalha com a possibilidade de conceder um minist\u00e9rio para uma lideran\u00e7a evang\u00e9lica.\u00a0Essa estrat\u00e9gia passou a ser discutida junto aos integrantes do Pal\u00e1cio [&hellip;]<\/p>\n","protected":false},"author":2,"featured_media":56084,"comment_status":"open","ping_status":"open","sticky":false,"template":"","format":"standard","meta":{"footnotes":""},"categories":[10],"tags":[14159,18343,25572,25571],"class_list":["post-56083","post","type-post","status-publish","format-standard","has-post-thumbnail","hentry","category-politica","tag-evangelicos","tag-governo-lula","tag-liderancas-evangelicas","tag-otoni-de-paula"],"yoast_head":"<!-- This site is optimized with the Yoast SEO plugin v26.5 - https:\/\/yoast.com\/wordpress\/plugins\/seo\/ -->\n<title>Lula avalia contemplar evang\u00e9licos em reforma ministerial em busca de apoio para 2026 - Jornal Fatos e Not\u00edcias<\/title>\n<meta name=\"robots\" content=\"index, follow, max-snippet:-1, max-image-preview:large, max-video-preview:-1\" \/>\n<link rel=\"canonical\" href=\"https:\/\/jornalfatosenoticias.com.br\/index.php\/2024\/12\/02\/lula-avalia-contemplar-evangelicos-em-reforma-ministerial-em-busca-de-apoio-para-2026\/\" \/>\n<meta property=\"og:locale\" content=\"pt_BR\" \/>\n<meta property=\"og:type\" content=\"article\" \/>\n<meta property=\"og:title\" content=\"Lula avalia contemplar evang\u00e9licos em reforma ministerial em busca de apoio para 2026 - Jornal Fatos e Not\u00edcias\" \/>\n<meta property=\"og:description\" content=\"Lula durante san\u00e7\u00e3o do projeto de lei que institui o Dia Nacional da M\u00fasica Gospel Por Weslei Oliveira Em mais uma tentativa de buscar apoio no segmento religioso, Luiz In\u00e1cio Lula da Silva (PT)\u00a0trabalha com a possibilidade de conceder um minist\u00e9rio para uma lideran\u00e7a evang\u00e9lica.\u00a0Essa estrat\u00e9gia passou a ser discutida junto aos integrantes do Pal\u00e1cio [&hellip;]\" \/>\n<meta property=\"og:url\" content=\"https:\/\/jornalfatosenoticias.com.br\/index.php\/2024\/12\/02\/lula-avalia-contemplar-evangelicos-em-reforma-ministerial-em-busca-de-apoio-para-2026\/\" \/>\n<meta property=\"og:site_name\" content=\"Jornal Fatos e Not\u00edcias\" \/>\n<meta property=\"article:published_time\" content=\"2024-12-02T18:29:26+00:00\" \/>\n<meta property=\"article:modified_time\" content=\"2024-12-02T18:29:28+00:00\" \/>\n<meta property=\"og:image\" content=\"https:\/\/jornalfatosenoticias.com.br\/wp-content\/uploads\/2024\/12\/Lula-Evangelicaos.jpg\" \/>\n\t<meta property=\"og:image:width\" content=\"960\" \/>\n\t<meta property=\"og:image:height\" content=\"540\" \/>\n\t<meta property=\"og:image:type\" content=\"image\/jpeg\" \/>\n<meta name=\"author\" content=\"Luzimara Fernandes\" \/>\n<meta name=\"twitter:card\" content=\"summary_large_image\" \/>\n<meta name=\"twitter:label1\" content=\"Escrito por\" \/>\n\t<meta name=\"twitter:data1\" content=\"Luzimara Fernandes\" \/>\n\t<meta name=\"twitter:label2\" content=\"Est. tempo de leitura\" \/>\n\t<meta name=\"twitter:data2\" content=\"6 minutos\" \/>\n<script type=\"application\/ld+json\" class=\"yoast-schema-graph\">{\"@context\":\"https:\/\/schema.org\",\"@graph\":[{\"@type\":\"Article\",\"@id\":\"https:\/\/jornalfatosenoticias.com.br\/index.php\/2024\/12\/02\/lula-avalia-contemplar-evangelicos-em-reforma-ministerial-em-busca-de-apoio-para-2026\/#article\",\"isPartOf\":{\"@id\":\"https:\/\/jornalfatosenoticias.com.br\/index.php\/2024\/12\/02\/lula-avalia-contemplar-evangelicos-em-reforma-ministerial-em-busca-de-apoio-para-2026\/\"},\"author\":{\"name\":\"Luzimara Fernandes\",\"@id\":\"https:\/\/jornalfatosenoticias.com.br\/#\/schema\/person\/d63837fa13ac8666eb9e74e0985d6f81\"},\"headline\":\"Lula avalia contemplar evang\u00e9licos em reforma ministerial em busca de apoio para 2026\",\"datePublished\":\"2024-12-02T18:29:26+00:00\",\"dateModified\":\"2024-12-02T18:29:28+00:00\",\"mainEntityOfPage\":{\"@id\":\"https:\/\/jornalfatosenoticias.com.br\/index.php\/2024\/12\/02\/lula-avalia-contemplar-evangelicos-em-reforma-ministerial-em-busca-de-apoio-para-2026\/\"},\"wordCount\":1244,\"commentCount\":0,\"publisher\":{\"@id\":\"https:\/\/jornalfatosenoticias.com.br\/#organization\"},\"image\":{\"@id\":\"https:\/\/jornalfatosenoticias.com.br\/index.php\/2024\/12\/02\/lula-avalia-contemplar-evangelicos-em-reforma-ministerial-em-busca-de-apoio-para-2026\/#primaryimage\"},\"thumbnailUrl\":\"https:\/\/jornalfatosenoticias.com.br\/wp-content\/uploads\/2024\/12\/Lula-Evangelicaos.jpg\",\"keywords\":[\"evang\u00e9licos\",\"governo Lula\",\"lideran\u00e7as evang\u00e9licas\",\"Otoni de Paula\"],\"articleSection\":[\"Pol\u00edtica\"],\"inLanguage\":\"pt-BR\",\"potentialAction\":[{\"@type\":\"CommentAction\",\"name\":\"Comment\",\"target\":[\"https:\/\/jornalfatosenoticias.com.br\/index.php\/2024\/12\/02\/lula-avalia-contemplar-evangelicos-em-reforma-ministerial-em-busca-de-apoio-para-2026\/#respond\"]}]},{\"@type\":\"WebPage\",\"@id\":\"https:\/\/jornalfatosenoticias.com.br\/index.php\/2024\/12\/02\/lula-avalia-contemplar-evangelicos-em-reforma-ministerial-em-busca-de-apoio-para-2026\/\",\"url\":\"https:\/\/jornalfatosenoticias.com.br\/index.php\/2024\/12\/02\/lula-avalia-contemplar-evangelicos-em-reforma-ministerial-em-busca-de-apoio-para-2026\/\",\"name\":\"Lula avalia contemplar evang\u00e9licos em reforma ministerial em busca de apoio para 2026 - Jornal Fatos e Not\u00edcias\",\"isPartOf\":{\"@id\":\"https:\/\/jornalfatosenoticias.com.br\/#website\"},\"primaryImageOfPage\":{\"@id\":\"https:\/\/jornalfatosenoticias.com.br\/index.php\/2024\/12\/02\/lula-avalia-contemplar-evangelicos-em-reforma-ministerial-em-busca-de-apoio-para-2026\/#primaryimage\"},\"image\":{\"@id\":\"https:\/\/jornalfatosenoticias.com.br\/index.php\/2024\/12\/02\/lula-avalia-contemplar-evangelicos-em-reforma-ministerial-em-busca-de-apoio-para-2026\/#primaryimage\"},\"thumbnailUrl\":\"https:\/\/jornalfatosenoticias.com.br\/wp-content\/uploads\/2024\/12\/Lula-Evangelicaos.jpg\",\"datePublished\":\"2024-12-02T18:29:26+00:00\",\"dateModified\":\"2024-12-02T18:29:28+00:00\",\"breadcrumb\":{\"@id\":\"https:\/\/jornalfatosenoticias.com.br\/index.php\/2024\/12\/02\/lula-avalia-contemplar-evangelicos-em-reforma-ministerial-em-busca-de-apoio-para-2026\/#breadcrumb\"},\"inLanguage\":\"pt-BR\",\"potentialAction\":[{\"@type\":\"ReadAction\",\"target\":[\"https:\/\/jornalfatosenoticias.com.br\/index.php\/2024\/12\/02\/lula-avalia-contemplar-evangelicos-em-reforma-ministerial-em-busca-de-apoio-para-2026\/\"]}]},{\"@type\":\"ImageObject\",\"inLanguage\":\"pt-BR\",\"@id\":\"https:\/\/jornalfatosenoticias.com.br\/index.php\/2024\/12\/02\/lula-avalia-contemplar-evangelicos-em-reforma-ministerial-em-busca-de-apoio-para-2026\/#primaryimage\",\"url\":\"https:\/\/jornalfatosenoticias.com.br\/wp-content\/uploads\/2024\/12\/Lula-Evangelicaos.jpg\",\"contentUrl\":\"https:\/\/jornalfatosenoticias.com.br\/wp-content\/uploads\/2024\/12\/Lula-Evangelicaos.jpg\",\"width\":960,\"height\":540},{\"@type\":\"BreadcrumbList\",\"@id\":\"https:\/\/jornalfatosenoticias.com.br\/index.php\/2024\/12\/02\/lula-avalia-contemplar-evangelicos-em-reforma-ministerial-em-busca-de-apoio-para-2026\/#breadcrumb\",\"itemListElement\":[{\"@type\":\"ListItem\",\"position\":1,\"name\":\"In\u00edcio\",\"item\":\"https:\/\/jornalfatosenoticias.com.br\/\"},{\"@type\":\"ListItem\",\"position\":2,\"name\":\"Lula avalia contemplar evang\u00e9licos em reforma ministerial em busca de apoio para 2026\"}]},{\"@type\":\"WebSite\",\"@id\":\"https:\/\/jornalfatosenoticias.com.br\/#website\",\"url\":\"https:\/\/jornalfatosenoticias.com.br\/\",\"name\":\"Jornal Fatos e Not\u00edcias\",\"description\":\"Not\u00edcias em geral\",\"publisher\":{\"@id\":\"https:\/\/jornalfatosenoticias.com.br\/#organization\"},\"potentialAction\":[{\"@type\":\"SearchAction\",\"target\":{\"@type\":\"EntryPoint\",\"urlTemplate\":\"https:\/\/jornalfatosenoticias.com.br\/?s={search_term_string}\"},\"query-input\":{\"@type\":\"PropertyValueSpecification\",\"valueRequired\":true,\"valueName\":\"search_term_string\"}}],\"inLanguage\":\"pt-BR\"},{\"@type\":\"Organization\",\"@id\":\"https:\/\/jornalfatosenoticias.com.br\/#organization\",\"name\":\"Jornal Fatos e Not\u00edcias\",\"url\":\"https:\/\/jornalfatosenoticias.com.br\/\",\"logo\":{\"@type\":\"ImageObject\",\"inLanguage\":\"pt-BR\",\"@id\":\"https:\/\/jornalfatosenoticias.com.br\/#\/schema\/logo\/image\/\",\"url\":\"https:\/\/jornalfatosenoticias.com.br\/wp-content\/uploads\/2020\/02\/logo120.png\",\"contentUrl\":\"https:\/\/jornalfatosenoticias.com.br\/wp-content\/uploads\/2020\/02\/logo120.png\",\"width\":1227,\"height\":120,\"caption\":\"Jornal Fatos e Not\u00edcias\"},\"image\":{\"@id\":\"https:\/\/jornalfatosenoticias.com.br\/#\/schema\/logo\/image\/\"}},{\"@type\":\"Person\",\"@id\":\"https:\/\/jornalfatosenoticias.com.br\/#\/schema\/person\/d63837fa13ac8666eb9e74e0985d6f81\",\"name\":\"Luzimara Fernandes\",\"image\":{\"@type\":\"ImageObject\",\"inLanguage\":\"pt-BR\",\"@id\":\"https:\/\/jornalfatosenoticias.com.br\/#\/schema\/person\/image\/\",\"url\":\"https:\/\/jornalfatosenoticias.com.br\/wp-content\/uploads\/2025\/05\/EU_portal.jpg\",\"contentUrl\":\"https:\/\/jornalfatosenoticias.com.br\/wp-content\/uploads\/2025\/05\/EU_portal.jpg\",\"caption\":\"Luzimara Fernandes\"},\"description\":\"Jornalista MTB 2358-ES\",\"sameAs\":[\"https:\/\/jornalfatosenoticias.com.br\"],\"url\":\"https:\/\/jornalfatosenoticias.com.br\/index.php\/author\/luzimara\/\"}]}<\/script>\n<!-- \/ Yoast SEO plugin. -->","yoast_head_json":{"title":"Lula avalia contemplar evang\u00e9licos em reforma ministerial em busca de apoio para 2026 - Jornal Fatos e Not\u00edcias","robots":{"index":"index","follow":"follow","max-snippet":"max-snippet:-1","max-image-preview":"max-image-preview:large","max-video-preview":"max-video-preview:-1"},"canonical":"https:\/\/jornalfatosenoticias.com.br\/index.php\/2024\/12\/02\/lula-avalia-contemplar-evangelicos-em-reforma-ministerial-em-busca-de-apoio-para-2026\/","og_locale":"pt_BR","og_type":"article","og_title":"Lula avalia contemplar evang\u00e9licos em reforma ministerial em busca de apoio para 2026 - Jornal Fatos e Not\u00edcias","og_description":"Lula durante san\u00e7\u00e3o do projeto de lei que institui o Dia Nacional da M\u00fasica Gospel Por Weslei Oliveira Em mais uma tentativa de buscar apoio no segmento religioso, Luiz In\u00e1cio Lula da Silva (PT)\u00a0trabalha com a possibilidade de conceder um minist\u00e9rio para uma lideran\u00e7a evang\u00e9lica.\u00a0Essa estrat\u00e9gia passou a ser discutida junto aos integrantes do Pal\u00e1cio [&hellip;]","og_url":"https:\/\/jornalfatosenoticias.com.br\/index.php\/2024\/12\/02\/lula-avalia-contemplar-evangelicos-em-reforma-ministerial-em-busca-de-apoio-para-2026\/","og_site_name":"Jornal Fatos e Not\u00edcias","article_published_time":"2024-12-02T18:29:26+00:00","article_modified_time":"2024-12-02T18:29:28+00:00","og_image":[{"width":960,"height":540,"url":"https:\/\/jornalfatosenoticias.com.br\/wp-content\/uploads\/2024\/12\/Lula-Evangelicaos.jpg","type":"image\/jpeg"}],"author":"Luzimara Fernandes","twitter_card":"summary_large_image","twitter_misc":{"Escrito por":"Luzimara Fernandes","Est. tempo de leitura":"6 minutos"},"schema":{"@context":"https:\/\/schema.org","@graph":[{"@type":"Article","@id":"https:\/\/jornalfatosenoticias.com.br\/index.php\/2024\/12\/02\/lula-avalia-contemplar-evangelicos-em-reforma-ministerial-em-busca-de-apoio-para-2026\/#article","isPartOf":{"@id":"https:\/\/jornalfatosenoticias.com.br\/index.php\/2024\/12\/02\/lula-avalia-contemplar-evangelicos-em-reforma-ministerial-em-busca-de-apoio-para-2026\/"},"author":{"name":"Luzimara Fernandes","@id":"https:\/\/jornalfatosenoticias.com.br\/#\/schema\/person\/d63837fa13ac8666eb9e74e0985d6f81"},"headline":"Lula avalia contemplar evang\u00e9licos em reforma ministerial em busca de apoio para 2026","datePublished":"2024-12-02T18:29:26+00:00","dateModified":"2024-12-02T18:29:28+00:00","mainEntityOfPage":{"@id":"https:\/\/jornalfatosenoticias.com.br\/index.php\/2024\/12\/02\/lula-avalia-contemplar-evangelicos-em-reforma-ministerial-em-busca-de-apoio-para-2026\/"},"wordCount":1244,"commentCount":0,"publisher":{"@id":"https:\/\/jornalfatosenoticias.com.br\/#organization"},"image":{"@id":"https:\/\/jornalfatosenoticias.com.br\/index.php\/2024\/12\/02\/lula-avalia-contemplar-evangelicos-em-reforma-ministerial-em-busca-de-apoio-para-2026\/#primaryimage"},"thumbnailUrl":"https:\/\/jornalfatosenoticias.com.br\/wp-content\/uploads\/2024\/12\/Lula-Evangelicaos.jpg","keywords":["evang\u00e9licos","governo Lula","lideran\u00e7as evang\u00e9licas","Otoni de Paula"],"articleSection":["Pol\u00edtica"],"inLanguage":"pt-BR","potentialAction":[{"@type":"CommentAction","name":"Comment","target":["https:\/\/jornalfatosenoticias.com.br\/index.php\/2024\/12\/02\/lula-avalia-contemplar-evangelicos-em-reforma-ministerial-em-busca-de-apoio-para-2026\/#respond"]}]},{"@type":"WebPage","@id":"https:\/\/jornalfatosenoticias.com.br\/index.php\/2024\/12\/02\/lula-avalia-contemplar-evangelicos-em-reforma-ministerial-em-busca-de-apoio-para-2026\/","url":"https:\/\/jornalfatosenoticias.com.br\/index.php\/2024\/12\/02\/lula-avalia-contemplar-evangelicos-em-reforma-ministerial-em-busca-de-apoio-para-2026\/","name":"Lula avalia contemplar evang\u00e9licos em reforma ministerial em busca de apoio para 2026 - Jornal Fatos e Not\u00edcias","isPartOf":{"@id":"https:\/\/jornalfatosenoticias.com.br\/#website"},"primaryImageOfPage":{"@id":"https:\/\/jornalfatosenoticias.com.br\/index.php\/2024\/12\/02\/lula-avalia-contemplar-evangelicos-em-reforma-ministerial-em-busca-de-apoio-para-2026\/#primaryimage"},"image":{"@id":"https:\/\/jornalfatosenoticias.com.br\/index.php\/2024\/12\/02\/lula-avalia-contemplar-evangelicos-em-reforma-ministerial-em-busca-de-apoio-para-2026\/#primaryimage"},"thumbnailUrl":"https:\/\/jornalfatosenoticias.com.br\/wp-content\/uploads\/2024\/12\/Lula-Evangelicaos.jpg","datePublished":"2024-12-02T18:29:26+00:00","dateModified":"2024-12-02T18:29:28+00:00","breadcrumb":{"@id":"https:\/\/jornalfatosenoticias.com.br\/index.php\/2024\/12\/02\/lula-avalia-contemplar-evangelicos-em-reforma-ministerial-em-busca-de-apoio-para-2026\/#breadcrumb"},"inLanguage":"pt-BR","potentialAction":[{"@type":"ReadAction","target":["https:\/\/jornalfatosenoticias.com.br\/index.php\/2024\/12\/02\/lula-avalia-contemplar-evangelicos-em-reforma-ministerial-em-busca-de-apoio-para-2026\/"]}]},{"@type":"ImageObject","inLanguage":"pt-BR","@id":"https:\/\/jornalfatosenoticias.com.br\/index.php\/2024\/12\/02\/lula-avalia-contemplar-evangelicos-em-reforma-ministerial-em-busca-de-apoio-para-2026\/#primaryimage","url":"https:\/\/jornalfatosenoticias.com.br\/wp-content\/uploads\/2024\/12\/Lula-Evangelicaos.jpg","contentUrl":"https:\/\/jornalfatosenoticias.com.br\/wp-content\/uploads\/2024\/12\/Lula-Evangelicaos.jpg","width":960,"height":540},{"@type":"BreadcrumbList","@id":"https:\/\/jornalfatosenoticias.com.br\/index.php\/2024\/12\/02\/lula-avalia-contemplar-evangelicos-em-reforma-ministerial-em-busca-de-apoio-para-2026\/#breadcrumb","itemListElement":[{"@type":"ListItem","position":1,"name":"In\u00edcio","item":"https:\/\/jornalfatosenoticias.com.br\/"},{"@type":"ListItem","position":2,"name":"Lula avalia contemplar evang\u00e9licos em reforma ministerial em busca de apoio para 2026"}]},{"@type":"WebSite","@id":"https:\/\/jornalfatosenoticias.com.br\/#website","url":"https:\/\/jornalfatosenoticias.com.br\/","name":"Jornal Fatos e Not\u00edcias","description":"Not\u00edcias em geral","publisher":{"@id":"https:\/\/jornalfatosenoticias.com.br\/#organization"},"potentialAction":[{"@type":"SearchAction","target":{"@type":"EntryPoint","urlTemplate":"https:\/\/jornalfatosenoticias.com.br\/?s={search_term_string}"},"query-input":{"@type":"PropertyValueSpecification","valueRequired":true,"valueName":"search_term_string"}}],"inLanguage":"pt-BR"},{"@type":"Organization","@id":"https:\/\/jornalfatosenoticias.com.br\/#organization","name":"Jornal Fatos e Not\u00edcias","url":"https:\/\/jornalfatosenoticias.com.br\/","logo":{"@type":"ImageObject","inLanguage":"pt-BR","@id":"https:\/\/jornalfatosenoticias.com.br\/#\/schema\/logo\/image\/","url":"https:\/\/jornalfatosenoticias.com.br\/wp-content\/uploads\/2020\/02\/logo120.png","contentUrl":"https:\/\/jornalfatosenoticias.com.br\/wp-content\/uploads\/2020\/02\/logo120.png","width":1227,"height":120,"caption":"Jornal Fatos e Not\u00edcias"},"image":{"@id":"https:\/\/jornalfatosenoticias.com.br\/#\/schema\/logo\/image\/"}},{"@type":"Person","@id":"https:\/\/jornalfatosenoticias.com.br\/#\/schema\/person\/d63837fa13ac8666eb9e74e0985d6f81","name":"Luzimara Fernandes","image":{"@type":"ImageObject","inLanguage":"pt-BR","@id":"https:\/\/jornalfatosenoticias.com.br\/#\/schema\/person\/image\/","url":"https:\/\/jornalfatosenoticias.com.br\/wp-content\/uploads\/2025\/05\/EU_portal.jpg","contentUrl":"https:\/\/jornalfatosenoticias.com.br\/wp-content\/uploads\/2025\/05\/EU_portal.jpg","caption":"Luzimara Fernandes"},"description":"Jornalista MTB 2358-ES","sameAs":["https:\/\/jornalfatosenoticias.com.br"],"url":"https:\/\/jornalfatosenoticias.com.br\/index.php\/author\/luzimara\/"}]}},"cc_featured_image_caption":{"caption_text":"(Foto: Ricardo Stuckert\/PR)","source_text":"","source_url":""},"jetpack_featured_media_url":"https:\/\/jornalfatosenoticias.com.br\/wp-content\/uploads\/2024\/12\/Lula-Evangelicaos.jpg","_links":{"self":[{"href":"https:\/\/jornalfatosenoticias.com.br\/index.php\/wp-json\/wp\/v2\/posts\/56083","targetHints":{"allow":["GET"]}}],"collection":[{"href":"https:\/\/jornalfatosenoticias.com.br\/index.php\/wp-json\/wp\/v2\/posts"}],"about":[{"href":"https:\/\/jornalfatosenoticias.com.br\/index.php\/wp-json\/wp\/v2\/types\/post"}],"author":[{"embeddable":true,"href":"https:\/\/jornalfatosenoticias.com.br\/index.php\/wp-json\/wp\/v2\/users\/2"}],"replies":[{"embeddable":true,"href":"https:\/\/jornalfatosenoticias.com.br\/index.php\/wp-json\/wp\/v2\/comments?post=56083"}],"version-history":[{"count":0,"href":"https:\/\/jornalfatosenoticias.com.br\/index.php\/wp-json\/wp\/v2\/posts\/56083\/revisions"}],"wp:featuredmedia":[{"embeddable":true,"href":"https:\/\/jornalfatosenoticias.com.br\/index.php\/wp-json\/wp\/v2\/media\/56084"}],"wp:attachment":[{"href":"https:\/\/jornalfatosenoticias.com.br\/index.php\/wp-json\/wp\/v2\/media?parent=56083"}],"wp:term":[{"taxonomy":"category","embeddable":true,"href":"https:\/\/jornalfatosenoticias.com.br\/index.php\/wp-json\/wp\/v2\/categories?post=56083"},{"taxonomy":"post_tag","embeddable":true,"href":"https:\/\/jornalfatosenoticias.com.br\/index.php\/wp-json\/wp\/v2\/tags?post=56083"}],"curies":[{"name":"wp","href":"https:\/\/api.w.org\/{rel}","templated":true}]}}