{"id":56170,"date":"2024-12-05T20:39:23","date_gmt":"2024-12-05T23:39:23","guid":{"rendered":"https:\/\/jornalfatosenoticias.com.br\/?p=56170"},"modified":"2024-12-05T20:39:25","modified_gmt":"2024-12-05T23:39:25","slug":"a-importancia-da-familia-no-processo-terapeutico-de-seus-filhos","status":"publish","type":"post","link":"https:\/\/jornalfatosenoticias.com.br\/index.php\/2024\/12\/05\/a-importancia-da-familia-no-processo-terapeutico-de-seus-filhos\/","title":{"rendered":"A import\u00e2ncia da fam\u00edlia no processo terap\u00eautico de seus filhos"},"content":{"rendered":"\n<div class=\"wp-block-image\"><figure class=\"aligncenter size-large\"><a href=\"https:\/\/mizu.com.br\/\"><img loading=\"lazy\" decoding=\"async\" width=\"729\" height=\"90\" src=\"https:\/\/jornalfatosenoticias.com.br\/wp-content\/uploads\/2020\/02\/Logo_Mizu.png\" alt=\"\" class=\"wp-image-1441\" srcset=\"https:\/\/jornalfatosenoticias.com.br\/wp-content\/uploads\/2020\/02\/Logo_Mizu.png 729w, https:\/\/jornalfatosenoticias.com.br\/wp-content\/uploads\/2020\/02\/Logo_Mizu-300x37.png 300w\" sizes=\"auto, (max-width: 729px) 100vw, 729px\" \/><\/a><\/figure><\/div>\n\n\n\n<p>A fam\u00edlia \u00e9 o ator principal, de suma import\u00e2ncia, fora do consult\u00f3rio, na interven\u00e7\u00e3o terap\u00eautica de seu filho(a), pois \u00e9 o primeiro ambiente de socializa\u00e7\u00e3o e aprendizagem de uma crian\u00e7a. A fam\u00edlia e os terapeutas s\u00e3o respons\u00e1veis, em conjunto, pela forma\u00e7\u00e3o cognitiva, afetiva, social e da personalidade das crian\u00e7as e adolescentes que necessitam do acompanhamento terap\u00eautico. Esse equil\u00edbrio entre ambas deve estar baseado no trabalho de potencializar as habilidades necess\u00e1rias para a crian\u00e7a. Com objetivo de correlacionar perspectivas m\u00fatuas, tomando como premissa um ser humano em constante processo de aprendizado.<br>O importante \u00e9 criar um v\u00ednculo com a fam\u00edlia do seu paciente. N\u00e3o existe terapia infantil\/adolescente sem a participa\u00e7\u00e3o da fam\u00edlia e da disponibilidade desta de abrir e, \u00e0s vezes, modificar algumas caracter\u00edsticas da din\u00e2mica familiar. <\/p>\n\n\n\n<div class=\"wp-block-image\"><figure class=\"aligncenter size-large\"><a href=\"https:\/\/cesconetto.com.br\/\"><img loading=\"lazy\" decoding=\"async\" width=\"300\" height=\"250\" src=\"https:\/\/jornalfatosenoticias.com.br\/wp-content\/uploads\/2022\/02\/Banner-2.png\" alt=\"\" class=\"wp-image-27877\"\/><\/a><\/figure><\/div>\n\n\n\n<p>Portanto, em nossa pr\u00e1tica cl\u00ednica cotidiana, devemos buscar formas de melhor oferecer esse atendimento e incluir os pais no processo terap\u00eautico. S\u00e3o grandes os benef\u00edcios para os filhos como:<br><strong><span class=\"has-inline-color has-vivid-cyan-blue-color\">\u2022<\/span><\/strong> A crian\u00e7a se sente mais segura e confort\u00e1vel para explorar seus sentimentos e experi\u00eancias.<br><strong><span class=\"has-inline-color has-vivid-cyan-blue-color\">\u2022<\/span><\/strong> Os pais se tornam coterapeutas, ajudando a implementar as estrat\u00e9gias aprendidas na terapia.<\/p>\n\n\n\n<div class=\"wp-block-image\"><figure class=\"aligncenter size-large is-resized\"><a href=\"https:\/\/www.instagram.com\/restaurantepegoretti\/\"><img loading=\"lazy\" decoding=\"async\" src=\"https:\/\/jornalfatosenoticias.com.br\/wp-content\/uploads\/2023\/12\/pegoretti-logo-pdf-1024x389.jpg\" alt=\"\" class=\"wp-image-47536\" width=\"422\" height=\"160\" srcset=\"https:\/\/jornalfatosenoticias.com.br\/wp-content\/uploads\/2023\/12\/pegoretti-logo-pdf-1024x389.jpg 1024w, https:\/\/jornalfatosenoticias.com.br\/wp-content\/uploads\/2023\/12\/pegoretti-logo-pdf-300x114.jpg 300w, https:\/\/jornalfatosenoticias.com.br\/wp-content\/uploads\/2023\/12\/pegoretti-logo-pdf-768x291.jpg 768w, https:\/\/jornalfatosenoticias.com.br\/wp-content\/uploads\/2023\/12\/pegoretti-logo-pdf.jpg 1120w\" sizes=\"auto, (max-width: 422px) 100vw, 422px\" \/><\/a><\/figure><\/div>\n\n\n\n<p><strong><span class=\"has-inline-color has-vivid-cyan-blue-color\">\u2022<\/span><\/strong> Os pais podem ajudar a criar um plano de tratamento mais eficaz, fornecendo informa\u00e7\u00f5es valiosas ao terapeuta.<br><strong><span class=\"has-inline-color has-vivid-cyan-blue-color\">\u2022<\/span><\/strong> Os pais podem ajudar a adequar o comportamento da crian\u00e7a, o que traz benef\u00edcios para diversos aspectos da sua vida.<br><strong><span class=\"has-inline-color has-vivid-cyan-blue-color\">\u2022<\/span><\/strong> Os pais podem ajudar a melhorar as rela\u00e7\u00f5es familiares, principalmente nessa fase do desenvolvimento.<\/p>\n\n\n\n<div class=\"wp-block-image\"><figure class=\"aligncenter size-large is-resized\"><a href=\"https:\/\/panper.com.br\/\"><img loading=\"lazy\" decoding=\"async\" src=\"https:\/\/jornalfatosenoticias.com.br\/wp-content\/uploads\/2023\/03\/logo-Panper_portal.jpg\" alt=\"\" class=\"wp-image-40208\" width=\"306\" height=\"212\" srcset=\"https:\/\/jornalfatosenoticias.com.br\/wp-content\/uploads\/2023\/03\/logo-Panper_portal.jpg 400w, https:\/\/jornalfatosenoticias.com.br\/wp-content\/uploads\/2023\/03\/logo-Panper_portal-300x208.jpg 300w\" sizes=\"auto, (max-width: 306px) 100vw, 306px\" \/><\/a><\/figure><\/div>\n\n\n\n<p>A participa\u00e7\u00e3o da fam\u00edlia na terapia do filho \u00e9 mais ampla do que se imagina. N\u00e3o se trata apenas da presen\u00e7a f\u00edsica nas sess\u00f5es quando solicitada, mas requer comprometimento com o processo, os pais s\u00e3o respons\u00e1veis por garantir a assiduidade de seus filhos nas sess\u00f5es. O contato cont\u00ednuo com os pais propicia que estes se apropriem do processo terap\u00eautico dos filhos, podendo acompanhar o progresso e a evolu\u00e7\u00e3o. Assim, durante todo acompanhamento terap\u00eautico, cria-se um espa\u00e7o de escuta para os pais. Afinal, as quest\u00f5es individuais e familiares devem ser trabalhadas, colaborando para a melhora da crian\u00e7a.<\/p>\n\n\n\n<div class=\"wp-block-image\"><figure class=\"aligncenter size-large is-resized\"><a href=\"https:\/\/www.controlsystems.com.br\/\"><img loading=\"lazy\" decoding=\"async\" src=\"https:\/\/jornalfatosenoticias.com.br\/wp-content\/uploads\/2020\/02\/CONTROL-CS.jpg\" alt=\"\" class=\"wp-image-44991\" width=\"281\" height=\"336\" srcset=\"https:\/\/jornalfatosenoticias.com.br\/wp-content\/uploads\/2020\/02\/CONTROL-CS.jpg 834w, https:\/\/jornalfatosenoticias.com.br\/wp-content\/uploads\/2020\/02\/CONTROL-CS-250x300.jpg 250w, https:\/\/jornalfatosenoticias.com.br\/wp-content\/uploads\/2020\/02\/CONTROL-CS-768x921.jpg 768w\" sizes=\"auto, (max-width: 281px) 100vw, 281px\" \/><\/a><\/figure><\/div>\n\n\n\n<p>A interven\u00e7\u00e3o familiar corrobora como um agente modificador, pois a partir do momento que a fam\u00edlia entende o que acontece com a crian\u00e7a\/adolescente, torna-se mais f\u00e1cil enfrentar medos e preconceitos, percebendo que n\u00e3o \u00e9 respons\u00e1vel pela sua condi\u00e7\u00e3o, pois faz parte de um processo. A fam\u00edlia pode, assim, assegurar e participar do processo terap\u00eautico de diferentes formas.<\/p>\n\n\n\n<div class=\"wp-block-image\"><figure class=\"aligncenter size-large is-resized\"><a href=\"https:\/\/www.legisjuris.com.br\/\"><img loading=\"lazy\" decoding=\"async\" src=\"https:\/\/jornalfatosenoticias.com.br\/wp-content\/uploads\/2024\/09\/Legis-Juris-Consultoria_logo.jpg\" alt=\"\" class=\"wp-image-53915\" width=\"382\" height=\"160\" srcset=\"https:\/\/jornalfatosenoticias.com.br\/wp-content\/uploads\/2024\/09\/Legis-Juris-Consultoria_logo.jpg 969w, https:\/\/jornalfatosenoticias.com.br\/wp-content\/uploads\/2024\/09\/Legis-Juris-Consultoria_logo-300x126.jpg 300w, https:\/\/jornalfatosenoticias.com.br\/wp-content\/uploads\/2024\/09\/Legis-Juris-Consultoria_logo-768x322.jpg 768w\" sizes=\"auto, (max-width: 382px) 100vw, 382px\" \/><\/a><\/figure><\/div>\n\n\n\n<p>A confian\u00e7a desenvolvida entre os membros que fazem parte do processo que o torna criador de possibilidades e permite ao terapeuta a vis\u00e3o privilegiada sobre o lugar do sujeito na fam\u00edlia e as possibilidades de mudan\u00e7a. O engajamento da fam\u00edlia \u00e9 a forma que ela encontra de apoiar e ajudar seu filho nas dificuldades que o levaram ao ambiente terap\u00eautico pode acontecer de diversas maneiras. A demonstra\u00e7\u00e3o de apoio ao filho e ao tratamento, o compartilhamento de sentimentos e trocas afetivas e, ainda, a correta supervis\u00e3o de todas as necessidades que seu filho precisa e ainda analisando seus comportamentos s\u00e3o algumas caracter\u00edsticas de um bom engajamento.<\/p>\n\n\n\n<div class=\"wp-block-image\"><figure class=\"aligncenter size-large is-resized\"><a href=\"https:\/\/www.instagram.com\/ligadossaborespizzaria\/\"><img loading=\"lazy\" decoding=\"async\" src=\"https:\/\/jornalfatosenoticias.com.br\/wp-content\/uploads\/2020\/02\/WhatsApp-Image-2024-10-02-at-08.18.14-819x1024.jpeg\" alt=\"\" class=\"wp-image-54612\" width=\"260\" height=\"325\" srcset=\"https:\/\/jornalfatosenoticias.com.br\/wp-content\/uploads\/2020\/02\/WhatsApp-Image-2024-10-02-at-08.18.14-819x1024.jpeg 819w, https:\/\/jornalfatosenoticias.com.br\/wp-content\/uploads\/2020\/02\/WhatsApp-Image-2024-10-02-at-08.18.14-240x300.jpeg 240w, https:\/\/jornalfatosenoticias.com.br\/wp-content\/uploads\/2020\/02\/WhatsApp-Image-2024-10-02-at-08.18.14-768x960.jpeg 768w, https:\/\/jornalfatosenoticias.com.br\/wp-content\/uploads\/2020\/02\/WhatsApp-Image-2024-10-02-at-08.18.14.jpeg 1024w\" sizes=\"auto, (max-width: 260px) 100vw, 260px\" \/><\/a><\/figure><\/div>\n\n\n\n<p>Costumo dizer que o meu trabalho s\u00f3 funciona com o apoio e a parceria deles, dos pais e familiares. Quanto mais os pais se envolvem com o processo terap\u00eautico dos filhos, o trabalho tende a fluir de uma forma muito mais eficaz. Infelizmente, existem pais que deixam os filhos pensarem que a responsabilidade por suas dificuldades e por sua melhora \u00e9 s\u00f3 deles, isso gera na crian\u00e7a\/adolescente um sentimento de estar pressionado e sozinho.<\/p>\n\n\n\n<div class=\"wp-block-image\"><figure class=\"aligncenter size-large\"><a href=\"http:\/\/www.ferrarimaquinas.com.br\/\"><img loading=\"lazy\" decoding=\"async\" width=\"300\" height=\"250\" src=\"https:\/\/jornalfatosenoticias.com.br\/wp-content\/uploads\/2022\/02\/FERRARI_MAQUINAS-E-FERRAMENTAS2.jpg\" alt=\"\" class=\"wp-image-27860\"\/><\/a><\/figure><\/div>\n\n\n\n<p>A crian\u00e7a\/adolescente precisa sentir que \u00e9 amada e respeitada em seu tempo e processo, precisa de pais que estejam com ela nos momentos bons e tamb\u00e9m nos dif\u00edceis, a ensinando a vencer as adversidades e a ter coragem. N\u00f3s, enquanto terapeutas, ficamos apenas algumas horas por semana com seu filho, a fam\u00edlia, por outro lado, est\u00e1 com ele durante todo o tempo e isso importa muito para o desenvolvimento dele. Os maiores sucessos terap\u00eauticos infantis e com adolescentes acontecem quando existe uma fam\u00edlia engajada para a mudan\u00e7a. Quando h\u00e1 pais que desejam o melhor para seus filhos e caminham com eles durante esse percurso para alcan\u00e7arem seus objetivos. Quando h\u00e1 essa parceria, o c\u00e9u \u00e9 o limite.<\/p>\n","protected":false},"excerpt":{"rendered":"<p>A fam\u00edlia \u00e9 o ator principal, de suma import\u00e2ncia, fora do consult\u00f3rio, na interven\u00e7\u00e3o terap\u00eautica de seu filho(a), pois \u00e9 o primeiro ambiente de socializa\u00e7\u00e3o e aprendizagem de uma crian\u00e7a. A fam\u00edlia e os terapeutas s\u00e3o respons\u00e1veis, em conjunto, pela forma\u00e7\u00e3o cognitiva, afetiva, social e da personalidade das crian\u00e7as e adolescentes que necessitam do acompanhamento [&hellip;]<\/p>\n","protected":false},"author":35,"featured_media":56171,"comment_status":"open","ping_status":"open","sticky":false,"template":"","format":"standard","meta":{"footnotes":""},"categories":[7],"tags":[1043,6150,4438,25622,2267,2234],"class_list":["post-56170","post","type-post","status-publish","format-standard","has-post-thumbnail","hentry","category-educacao","tag-familia","tag-filhos","tag-pais","tag-processo-terapeutico","tag-terapia","tag-vinculo"],"yoast_head":"<!-- This site is optimized with the Yoast SEO plugin v26.5 - https:\/\/yoast.com\/wordpress\/plugins\/seo\/ -->\n<title>A import\u00e2ncia da fam\u00edlia no processo terap\u00eautico de seus filhos - Jornal Fatos e Not\u00edcias<\/title>\n<meta name=\"robots\" content=\"index, follow, max-snippet:-1, max-image-preview:large, max-video-preview:-1\" \/>\n<link rel=\"canonical\" href=\"https:\/\/jornalfatosenoticias.com.br\/index.php\/2024\/12\/05\/a-importancia-da-familia-no-processo-terapeutico-de-seus-filhos\/\" \/>\n<meta property=\"og:locale\" content=\"pt_BR\" \/>\n<meta property=\"og:type\" content=\"article\" \/>\n<meta property=\"og:title\" content=\"A import\u00e2ncia da fam\u00edlia no processo terap\u00eautico de seus filhos - Jornal Fatos e Not\u00edcias\" \/>\n<meta property=\"og:description\" content=\"A fam\u00edlia \u00e9 o ator principal, de suma import\u00e2ncia, fora do consult\u00f3rio, na interven\u00e7\u00e3o terap\u00eautica de seu filho(a), pois \u00e9 o primeiro ambiente de socializa\u00e7\u00e3o e aprendizagem de uma crian\u00e7a. A fam\u00edlia e os terapeutas s\u00e3o respons\u00e1veis, em conjunto, pela forma\u00e7\u00e3o cognitiva, afetiva, social e da personalidade das crian\u00e7as e adolescentes que necessitam do acompanhamento [&hellip;]\" \/>\n<meta property=\"og:url\" content=\"https:\/\/jornalfatosenoticias.com.br\/index.php\/2024\/12\/05\/a-importancia-da-familia-no-processo-terapeutico-de-seus-filhos\/\" \/>\n<meta property=\"og:site_name\" content=\"Jornal Fatos e Not\u00edcias\" \/>\n<meta property=\"article:published_time\" content=\"2024-12-05T23:39:23+00:00\" \/>\n<meta property=\"article:modified_time\" content=\"2024-12-05T23:39:25+00:00\" \/>\n<meta property=\"og:image\" content=\"https:\/\/jornalfatosenoticias.com.br\/wp-content\/uploads\/2024\/12\/texto-Flauzina_istock.jpg\" \/>\n\t<meta property=\"og:image:width\" content=\"612\" \/>\n\t<meta property=\"og:image:height\" content=\"408\" \/>\n\t<meta property=\"og:image:type\" content=\"image\/jpeg\" \/>\n<meta name=\"author\" content=\"L\u00e9ia Flauzina\" \/>\n<meta name=\"twitter:card\" content=\"summary_large_image\" \/>\n<meta name=\"twitter:label1\" content=\"Escrito por\" \/>\n\t<meta name=\"twitter:data1\" content=\"L\u00e9ia Flauzina\" \/>\n\t<meta name=\"twitter:label2\" content=\"Est. tempo de leitura\" \/>\n\t<meta name=\"twitter:data2\" content=\"4 minutos\" \/>\n<script type=\"application\/ld+json\" class=\"yoast-schema-graph\">{\"@context\":\"https:\/\/schema.org\",\"@graph\":[{\"@type\":\"Article\",\"@id\":\"https:\/\/jornalfatosenoticias.com.br\/index.php\/2024\/12\/05\/a-importancia-da-familia-no-processo-terapeutico-de-seus-filhos\/#article\",\"isPartOf\":{\"@id\":\"https:\/\/jornalfatosenoticias.com.br\/index.php\/2024\/12\/05\/a-importancia-da-familia-no-processo-terapeutico-de-seus-filhos\/\"},\"author\":{\"name\":\"L\u00e9ia Flauzina\",\"@id\":\"https:\/\/jornalfatosenoticias.com.br\/#\/schema\/person\/4a992c9d5e2ea219b74162b89d96b273\"},\"headline\":\"A import\u00e2ncia da fam\u00edlia no processo terap\u00eautico de seus filhos\",\"datePublished\":\"2024-12-05T23:39:23+00:00\",\"dateModified\":\"2024-12-05T23:39:25+00:00\",\"mainEntityOfPage\":{\"@id\":\"https:\/\/jornalfatosenoticias.com.br\/index.php\/2024\/12\/05\/a-importancia-da-familia-no-processo-terapeutico-de-seus-filhos\/\"},\"wordCount\":776,\"commentCount\":0,\"publisher\":{\"@id\":\"https:\/\/jornalfatosenoticias.com.br\/#organization\"},\"image\":{\"@id\":\"https:\/\/jornalfatosenoticias.com.br\/index.php\/2024\/12\/05\/a-importancia-da-familia-no-processo-terapeutico-de-seus-filhos\/#primaryimage\"},\"thumbnailUrl\":\"https:\/\/jornalfatosenoticias.com.br\/wp-content\/uploads\/2024\/12\/texto-Flauzina_istock.jpg\",\"keywords\":[\"fam\u00edlia\",\"filhos\",\"pais\",\"processo terap\u00eautico\",\"terapia\",\"v\u00ednculo\"],\"articleSection\":[\"Educa\u00e7\u00e3o\"],\"inLanguage\":\"pt-BR\",\"potentialAction\":[{\"@type\":\"CommentAction\",\"name\":\"Comment\",\"target\":[\"https:\/\/jornalfatosenoticias.com.br\/index.php\/2024\/12\/05\/a-importancia-da-familia-no-processo-terapeutico-de-seus-filhos\/#respond\"]}]},{\"@type\":\"WebPage\",\"@id\":\"https:\/\/jornalfatosenoticias.com.br\/index.php\/2024\/12\/05\/a-importancia-da-familia-no-processo-terapeutico-de-seus-filhos\/\",\"url\":\"https:\/\/jornalfatosenoticias.com.br\/index.php\/2024\/12\/05\/a-importancia-da-familia-no-processo-terapeutico-de-seus-filhos\/\",\"name\":\"A import\u00e2ncia da fam\u00edlia no processo terap\u00eautico de seus filhos - Jornal Fatos e Not\u00edcias\",\"isPartOf\":{\"@id\":\"https:\/\/jornalfatosenoticias.com.br\/#website\"},\"primaryImageOfPage\":{\"@id\":\"https:\/\/jornalfatosenoticias.com.br\/index.php\/2024\/12\/05\/a-importancia-da-familia-no-processo-terapeutico-de-seus-filhos\/#primaryimage\"},\"image\":{\"@id\":\"https:\/\/jornalfatosenoticias.com.br\/index.php\/2024\/12\/05\/a-importancia-da-familia-no-processo-terapeutico-de-seus-filhos\/#primaryimage\"},\"thumbnailUrl\":\"https:\/\/jornalfatosenoticias.com.br\/wp-content\/uploads\/2024\/12\/texto-Flauzina_istock.jpg\",\"datePublished\":\"2024-12-05T23:39:23+00:00\",\"dateModified\":\"2024-12-05T23:39:25+00:00\",\"breadcrumb\":{\"@id\":\"https:\/\/jornalfatosenoticias.com.br\/index.php\/2024\/12\/05\/a-importancia-da-familia-no-processo-terapeutico-de-seus-filhos\/#breadcrumb\"},\"inLanguage\":\"pt-BR\",\"potentialAction\":[{\"@type\":\"ReadAction\",\"target\":[\"https:\/\/jornalfatosenoticias.com.br\/index.php\/2024\/12\/05\/a-importancia-da-familia-no-processo-terapeutico-de-seus-filhos\/\"]}]},{\"@type\":\"ImageObject\",\"inLanguage\":\"pt-BR\",\"@id\":\"https:\/\/jornalfatosenoticias.com.br\/index.php\/2024\/12\/05\/a-importancia-da-familia-no-processo-terapeutico-de-seus-filhos\/#primaryimage\",\"url\":\"https:\/\/jornalfatosenoticias.com.br\/wp-content\/uploads\/2024\/12\/texto-Flauzina_istock.jpg\",\"contentUrl\":\"https:\/\/jornalfatosenoticias.com.br\/wp-content\/uploads\/2024\/12\/texto-Flauzina_istock.jpg\",\"width\":612,\"height\":408,\"caption\":\"Mother and her teenager daughter talking with therapist.\"},{\"@type\":\"BreadcrumbList\",\"@id\":\"https:\/\/jornalfatosenoticias.com.br\/index.php\/2024\/12\/05\/a-importancia-da-familia-no-processo-terapeutico-de-seus-filhos\/#breadcrumb\",\"itemListElement\":[{\"@type\":\"ListItem\",\"position\":1,\"name\":\"In\u00edcio\",\"item\":\"https:\/\/jornalfatosenoticias.com.br\/\"},{\"@type\":\"ListItem\",\"position\":2,\"name\":\"A import\u00e2ncia da fam\u00edlia no processo terap\u00eautico de seus filhos\"}]},{\"@type\":\"WebSite\",\"@id\":\"https:\/\/jornalfatosenoticias.com.br\/#website\",\"url\":\"https:\/\/jornalfatosenoticias.com.br\/\",\"name\":\"Jornal Fatos e Not\u00edcias\",\"description\":\"Not\u00edcias em geral\",\"publisher\":{\"@id\":\"https:\/\/jornalfatosenoticias.com.br\/#organization\"},\"potentialAction\":[{\"@type\":\"SearchAction\",\"target\":{\"@type\":\"EntryPoint\",\"urlTemplate\":\"https:\/\/jornalfatosenoticias.com.br\/?s={search_term_string}\"},\"query-input\":{\"@type\":\"PropertyValueSpecification\",\"valueRequired\":true,\"valueName\":\"search_term_string\"}}],\"inLanguage\":\"pt-BR\"},{\"@type\":\"Organization\",\"@id\":\"https:\/\/jornalfatosenoticias.com.br\/#organization\",\"name\":\"Jornal Fatos e Not\u00edcias\",\"url\":\"https:\/\/jornalfatosenoticias.com.br\/\",\"logo\":{\"@type\":\"ImageObject\",\"inLanguage\":\"pt-BR\",\"@id\":\"https:\/\/jornalfatosenoticias.com.br\/#\/schema\/logo\/image\/\",\"url\":\"https:\/\/jornalfatosenoticias.com.br\/wp-content\/uploads\/2020\/02\/logo120.png\",\"contentUrl\":\"https:\/\/jornalfatosenoticias.com.br\/wp-content\/uploads\/2020\/02\/logo120.png\",\"width\":1227,\"height\":120,\"caption\":\"Jornal Fatos e Not\u00edcias\"},\"image\":{\"@id\":\"https:\/\/jornalfatosenoticias.com.br\/#\/schema\/logo\/image\/\"}},{\"@type\":\"Person\",\"@id\":\"https:\/\/jornalfatosenoticias.com.br\/#\/schema\/person\/4a992c9d5e2ea219b74162b89d96b273\",\"name\":\"L\u00e9ia Flauzina\",\"image\":{\"@type\":\"ImageObject\",\"inLanguage\":\"pt-BR\",\"@id\":\"https:\/\/jornalfatosenoticias.com.br\/#\/schema\/person\/image\/\",\"url\":\"https:\/\/jornalfatosenoticias.com.br\/wp-content\/uploads\/2024\/02\/Leia_Flauzina-removebg-preview-150x150.png\",\"contentUrl\":\"https:\/\/jornalfatosenoticias.com.br\/wp-content\/uploads\/2024\/02\/Leia_Flauzina-removebg-preview-150x150.png\",\"caption\":\"L\u00e9ia Flauzina\"},\"description\":\"Psicopedagoga, Neuropsicopedagoga, Especialista em Autismo, Neuroci\u00eancia, Aprendizagem e Mestre em Educa\u00e7\u00e3o, Escritora, Palestrante e Neuroterapeuta\",\"url\":\"https:\/\/jornalfatosenoticias.com.br\/index.php\/author\/leia-flauzina\/\"}]}<\/script>\n<!-- \/ Yoast SEO plugin. -->","yoast_head_json":{"title":"A import\u00e2ncia da fam\u00edlia no processo terap\u00eautico de seus filhos - Jornal Fatos e Not\u00edcias","robots":{"index":"index","follow":"follow","max-snippet":"max-snippet:-1","max-image-preview":"max-image-preview:large","max-video-preview":"max-video-preview:-1"},"canonical":"https:\/\/jornalfatosenoticias.com.br\/index.php\/2024\/12\/05\/a-importancia-da-familia-no-processo-terapeutico-de-seus-filhos\/","og_locale":"pt_BR","og_type":"article","og_title":"A import\u00e2ncia da fam\u00edlia no processo terap\u00eautico de seus filhos - Jornal Fatos e Not\u00edcias","og_description":"A fam\u00edlia \u00e9 o ator principal, de suma import\u00e2ncia, fora do consult\u00f3rio, na interven\u00e7\u00e3o terap\u00eautica de seu filho(a), pois \u00e9 o primeiro ambiente de socializa\u00e7\u00e3o e aprendizagem de uma crian\u00e7a. A fam\u00edlia e os terapeutas s\u00e3o respons\u00e1veis, em conjunto, pela forma\u00e7\u00e3o cognitiva, afetiva, social e da personalidade das crian\u00e7as e adolescentes que necessitam do acompanhamento [&hellip;]","og_url":"https:\/\/jornalfatosenoticias.com.br\/index.php\/2024\/12\/05\/a-importancia-da-familia-no-processo-terapeutico-de-seus-filhos\/","og_site_name":"Jornal Fatos e Not\u00edcias","article_published_time":"2024-12-05T23:39:23+00:00","article_modified_time":"2024-12-05T23:39:25+00:00","og_image":[{"width":612,"height":408,"url":"https:\/\/jornalfatosenoticias.com.br\/wp-content\/uploads\/2024\/12\/texto-Flauzina_istock.jpg","type":"image\/jpeg"}],"author":"L\u00e9ia Flauzina","twitter_card":"summary_large_image","twitter_misc":{"Escrito por":"L\u00e9ia Flauzina","Est. tempo de leitura":"4 minutos"},"schema":{"@context":"https:\/\/schema.org","@graph":[{"@type":"Article","@id":"https:\/\/jornalfatosenoticias.com.br\/index.php\/2024\/12\/05\/a-importancia-da-familia-no-processo-terapeutico-de-seus-filhos\/#article","isPartOf":{"@id":"https:\/\/jornalfatosenoticias.com.br\/index.php\/2024\/12\/05\/a-importancia-da-familia-no-processo-terapeutico-de-seus-filhos\/"},"author":{"name":"L\u00e9ia Flauzina","@id":"https:\/\/jornalfatosenoticias.com.br\/#\/schema\/person\/4a992c9d5e2ea219b74162b89d96b273"},"headline":"A import\u00e2ncia da fam\u00edlia no processo terap\u00eautico de seus filhos","datePublished":"2024-12-05T23:39:23+00:00","dateModified":"2024-12-05T23:39:25+00:00","mainEntityOfPage":{"@id":"https:\/\/jornalfatosenoticias.com.br\/index.php\/2024\/12\/05\/a-importancia-da-familia-no-processo-terapeutico-de-seus-filhos\/"},"wordCount":776,"commentCount":0,"publisher":{"@id":"https:\/\/jornalfatosenoticias.com.br\/#organization"},"image":{"@id":"https:\/\/jornalfatosenoticias.com.br\/index.php\/2024\/12\/05\/a-importancia-da-familia-no-processo-terapeutico-de-seus-filhos\/#primaryimage"},"thumbnailUrl":"https:\/\/jornalfatosenoticias.com.br\/wp-content\/uploads\/2024\/12\/texto-Flauzina_istock.jpg","keywords":["fam\u00edlia","filhos","pais","processo terap\u00eautico","terapia","v\u00ednculo"],"articleSection":["Educa\u00e7\u00e3o"],"inLanguage":"pt-BR","potentialAction":[{"@type":"CommentAction","name":"Comment","target":["https:\/\/jornalfatosenoticias.com.br\/index.php\/2024\/12\/05\/a-importancia-da-familia-no-processo-terapeutico-de-seus-filhos\/#respond"]}]},{"@type":"WebPage","@id":"https:\/\/jornalfatosenoticias.com.br\/index.php\/2024\/12\/05\/a-importancia-da-familia-no-processo-terapeutico-de-seus-filhos\/","url":"https:\/\/jornalfatosenoticias.com.br\/index.php\/2024\/12\/05\/a-importancia-da-familia-no-processo-terapeutico-de-seus-filhos\/","name":"A import\u00e2ncia da fam\u00edlia no processo terap\u00eautico de seus filhos - Jornal Fatos e Not\u00edcias","isPartOf":{"@id":"https:\/\/jornalfatosenoticias.com.br\/#website"},"primaryImageOfPage":{"@id":"https:\/\/jornalfatosenoticias.com.br\/index.php\/2024\/12\/05\/a-importancia-da-familia-no-processo-terapeutico-de-seus-filhos\/#primaryimage"},"image":{"@id":"https:\/\/jornalfatosenoticias.com.br\/index.php\/2024\/12\/05\/a-importancia-da-familia-no-processo-terapeutico-de-seus-filhos\/#primaryimage"},"thumbnailUrl":"https:\/\/jornalfatosenoticias.com.br\/wp-content\/uploads\/2024\/12\/texto-Flauzina_istock.jpg","datePublished":"2024-12-05T23:39:23+00:00","dateModified":"2024-12-05T23:39:25+00:00","breadcrumb":{"@id":"https:\/\/jornalfatosenoticias.com.br\/index.php\/2024\/12\/05\/a-importancia-da-familia-no-processo-terapeutico-de-seus-filhos\/#breadcrumb"},"inLanguage":"pt-BR","potentialAction":[{"@type":"ReadAction","target":["https:\/\/jornalfatosenoticias.com.br\/index.php\/2024\/12\/05\/a-importancia-da-familia-no-processo-terapeutico-de-seus-filhos\/"]}]},{"@type":"ImageObject","inLanguage":"pt-BR","@id":"https:\/\/jornalfatosenoticias.com.br\/index.php\/2024\/12\/05\/a-importancia-da-familia-no-processo-terapeutico-de-seus-filhos\/#primaryimage","url":"https:\/\/jornalfatosenoticias.com.br\/wp-content\/uploads\/2024\/12\/texto-Flauzina_istock.jpg","contentUrl":"https:\/\/jornalfatosenoticias.com.br\/wp-content\/uploads\/2024\/12\/texto-Flauzina_istock.jpg","width":612,"height":408,"caption":"Mother and her teenager daughter talking with therapist."},{"@type":"BreadcrumbList","@id":"https:\/\/jornalfatosenoticias.com.br\/index.php\/2024\/12\/05\/a-importancia-da-familia-no-processo-terapeutico-de-seus-filhos\/#breadcrumb","itemListElement":[{"@type":"ListItem","position":1,"name":"In\u00edcio","item":"https:\/\/jornalfatosenoticias.com.br\/"},{"@type":"ListItem","position":2,"name":"A import\u00e2ncia da fam\u00edlia no processo terap\u00eautico de seus filhos"}]},{"@type":"WebSite","@id":"https:\/\/jornalfatosenoticias.com.br\/#website","url":"https:\/\/jornalfatosenoticias.com.br\/","name":"Jornal Fatos e Not\u00edcias","description":"Not\u00edcias em geral","publisher":{"@id":"https:\/\/jornalfatosenoticias.com.br\/#organization"},"potentialAction":[{"@type":"SearchAction","target":{"@type":"EntryPoint","urlTemplate":"https:\/\/jornalfatosenoticias.com.br\/?s={search_term_string}"},"query-input":{"@type":"PropertyValueSpecification","valueRequired":true,"valueName":"search_term_string"}}],"inLanguage":"pt-BR"},{"@type":"Organization","@id":"https:\/\/jornalfatosenoticias.com.br\/#organization","name":"Jornal Fatos e Not\u00edcias","url":"https:\/\/jornalfatosenoticias.com.br\/","logo":{"@type":"ImageObject","inLanguage":"pt-BR","@id":"https:\/\/jornalfatosenoticias.com.br\/#\/schema\/logo\/image\/","url":"https:\/\/jornalfatosenoticias.com.br\/wp-content\/uploads\/2020\/02\/logo120.png","contentUrl":"https:\/\/jornalfatosenoticias.com.br\/wp-content\/uploads\/2020\/02\/logo120.png","width":1227,"height":120,"caption":"Jornal Fatos e Not\u00edcias"},"image":{"@id":"https:\/\/jornalfatosenoticias.com.br\/#\/schema\/logo\/image\/"}},{"@type":"Person","@id":"https:\/\/jornalfatosenoticias.com.br\/#\/schema\/person\/4a992c9d5e2ea219b74162b89d96b273","name":"L\u00e9ia Flauzina","image":{"@type":"ImageObject","inLanguage":"pt-BR","@id":"https:\/\/jornalfatosenoticias.com.br\/#\/schema\/person\/image\/","url":"https:\/\/jornalfatosenoticias.com.br\/wp-content\/uploads\/2024\/02\/Leia_Flauzina-removebg-preview-150x150.png","contentUrl":"https:\/\/jornalfatosenoticias.com.br\/wp-content\/uploads\/2024\/02\/Leia_Flauzina-removebg-preview-150x150.png","caption":"L\u00e9ia Flauzina"},"description":"Psicopedagoga, Neuropsicopedagoga, Especialista em Autismo, Neuroci\u00eancia, Aprendizagem e Mestre em Educa\u00e7\u00e3o, Escritora, Palestrante e Neuroterapeuta","url":"https:\/\/jornalfatosenoticias.com.br\/index.php\/author\/leia-flauzina\/"}]}},"cc_featured_image_caption":{"caption_text":"(Foto: iStock) ","source_text":"","source_url":""},"jetpack_featured_media_url":"https:\/\/jornalfatosenoticias.com.br\/wp-content\/uploads\/2024\/12\/texto-Flauzina_istock.jpg","_links":{"self":[{"href":"https:\/\/jornalfatosenoticias.com.br\/index.php\/wp-json\/wp\/v2\/posts\/56170","targetHints":{"allow":["GET"]}}],"collection":[{"href":"https:\/\/jornalfatosenoticias.com.br\/index.php\/wp-json\/wp\/v2\/posts"}],"about":[{"href":"https:\/\/jornalfatosenoticias.com.br\/index.php\/wp-json\/wp\/v2\/types\/post"}],"author":[{"embeddable":true,"href":"https:\/\/jornalfatosenoticias.com.br\/index.php\/wp-json\/wp\/v2\/users\/35"}],"replies":[{"embeddable":true,"href":"https:\/\/jornalfatosenoticias.com.br\/index.php\/wp-json\/wp\/v2\/comments?post=56170"}],"version-history":[{"count":0,"href":"https:\/\/jornalfatosenoticias.com.br\/index.php\/wp-json\/wp\/v2\/posts\/56170\/revisions"}],"wp:featuredmedia":[{"embeddable":true,"href":"https:\/\/jornalfatosenoticias.com.br\/index.php\/wp-json\/wp\/v2\/media\/56171"}],"wp:attachment":[{"href":"https:\/\/jornalfatosenoticias.com.br\/index.php\/wp-json\/wp\/v2\/media?parent=56170"}],"wp:term":[{"taxonomy":"category","embeddable":true,"href":"https:\/\/jornalfatosenoticias.com.br\/index.php\/wp-json\/wp\/v2\/categories?post=56170"},{"taxonomy":"post_tag","embeddable":true,"href":"https:\/\/jornalfatosenoticias.com.br\/index.php\/wp-json\/wp\/v2\/tags?post=56170"}],"curies":[{"name":"wp","href":"https:\/\/api.w.org\/{rel}","templated":true}]}}