{"id":56173,"date":"2024-12-05T20:49:23","date_gmt":"2024-12-05T23:49:23","guid":{"rendered":"https:\/\/jornalfatosenoticias.com.br\/?p=56173"},"modified":"2024-12-05T20:49:24","modified_gmt":"2024-12-05T23:49:24","slug":"voce-ja-parou-para-pensar-sobre-isso","status":"publish","type":"post","link":"https:\/\/jornalfatosenoticias.com.br\/index.php\/2024\/12\/05\/voce-ja-parou-para-pensar-sobre-isso\/","title":{"rendered":"Voc\u00ea j\u00e1 parou para pensar sobre isso?"},"content":{"rendered":"\n<p><em><span class=\"has-inline-color has-black-color\">Um novo brinquedo est\u00e1 chegando ao nosso mercado! Constatamos uma certa euforia com a chegada dos carros el\u00e9tricos em terras brasileiras<\/span><\/em><\/p>\n\n\n\n<div class=\"wp-block-image\"><figure class=\"aligncenter size-large\"><a href=\"https:\/\/www.facebook.com\/vetor.vix\/\"><img loading=\"lazy\" decoding=\"async\" width=\"1024\" height=\"273\" src=\"https:\/\/jornalfatosenoticias.com.br\/wp-content\/uploads\/2023\/09\/vetorvix1024_1.jpg\" alt=\"\" class=\"wp-image-44868\" srcset=\"https:\/\/jornalfatosenoticias.com.br\/wp-content\/uploads\/2023\/09\/vetorvix1024_1.jpg 1024w, https:\/\/jornalfatosenoticias.com.br\/wp-content\/uploads\/2023\/09\/vetorvix1024_1-300x80.jpg 300w, https:\/\/jornalfatosenoticias.com.br\/wp-content\/uploads\/2023\/09\/vetorvix1024_1-768x205.jpg 768w\" sizes=\"auto, (max-width: 1024px) 100vw, 1024px\" \/><\/a><\/figure><\/div>\n\n\n\n<p>Um novo brinquedo!<br>Quando crian\u00e7a viv\u00edamos nos encantando com as novidades! Um novo brinquedo com luzes ou sons diferentes, outras cores, ou qualquer coisa que agregasse algum tipo de brilho aleat\u00f3rio, nos fascinava e agu\u00e7ava nossos desejos em substituir o que antes nos enchia de orgulho, alegria e prazer. Afinal, crescemos! Entretanto, magia e encantamento continuam nos envolvendo em nossos relacionamentos com pessoas e mercadorias. Uma velha tend\u00eancia de trocar o que nos atende e funciona bem pela promessa do que supostamente funcionar\u00e1 melhor nos instiga e persiste, quase sempre sem uma criteriosa an\u00e1lise de custos, benef\u00edcios e riscos. Por isso, ami\u00fade, damos com os burros n\u2019\u00e1gua!<\/p>\n\n\n\n<div class=\"wp-block-image\"><figure class=\"aligncenter size-large is-resized\"><a href=\"https:\/\/www.instagram.com\/serra4x4cambioautomatico\/\"><img loading=\"lazy\" decoding=\"async\" src=\"https:\/\/jornalfatosenoticias.com.br\/wp-content\/uploads\/2024\/08\/Serra-4x4-1-886x1024.jpg\" alt=\"\" class=\"wp-image-53632\" width=\"279\" height=\"322\" srcset=\"https:\/\/jornalfatosenoticias.com.br\/wp-content\/uploads\/2024\/08\/Serra-4x4-1-886x1024.jpg 886w, https:\/\/jornalfatosenoticias.com.br\/wp-content\/uploads\/2024\/08\/Serra-4x4-1-260x300.jpg 260w, https:\/\/jornalfatosenoticias.com.br\/wp-content\/uploads\/2024\/08\/Serra-4x4-1-768x888.jpg 768w, https:\/\/jornalfatosenoticias.com.br\/wp-content\/uploads\/2024\/08\/Serra-4x4-1.jpg 1181w\" sizes=\"auto, (max-width: 279px) 100vw, 279px\" \/><\/a><\/figure><\/div>\n\n\n\n<p>Um novo brinquedo est\u00e1 chegando ao nosso mercado! Constatamos uma certa euforia com a chegada dos carros el\u00e9tricos em terras brasileiras. Com uma tecnologia embarcada de deixar a todos boquiabertos, ingrediente perfeito para a magia e o encantamento, dia ap\u00f3s dia v\u00eam conquistando pedacinhos do mercado, sem esconder o tamanho da sua ambi\u00e7\u00e3o. A tecnologia no interior dos ve\u00edculos nos faz lembrar um smartphone de \u00faltima gera\u00e7\u00e3o, aqueles que nos hipnotizam a compr\u00e1-los sem termos ideia de como funciona pelo menos a metade das suas fun\u00e7\u00f5es e quais suas aplica\u00e7\u00f5es pr\u00e1ticas em nosso cotidiano.<\/p>\n\n\n\n<div class=\"wp-block-image\"><figure class=\"aligncenter size-large is-resized\"><a href=\"https:\/\/www.facebook.com\/postobkr\/?locale=pt_BR\"><img loading=\"lazy\" decoding=\"async\" src=\"https:\/\/jornalfatosenoticias.com.br\/wp-content\/uploads\/2023\/08\/BKR-1024x1021.jpg\" alt=\"\" class=\"wp-image-44494\" width=\"293\" height=\"292\" srcset=\"https:\/\/jornalfatosenoticias.com.br\/wp-content\/uploads\/2023\/08\/BKR-1024x1021.jpg 1024w, https:\/\/jornalfatosenoticias.com.br\/wp-content\/uploads\/2023\/08\/BKR-300x300.jpg 300w, https:\/\/jornalfatosenoticias.com.br\/wp-content\/uploads\/2023\/08\/BKR-150x150.jpg 150w, https:\/\/jornalfatosenoticias.com.br\/wp-content\/uploads\/2023\/08\/BKR-768x766.jpg 768w, https:\/\/jornalfatosenoticias.com.br\/wp-content\/uploads\/2023\/08\/BKR.jpg 1080w\" sizes=\"auto, (max-width: 293px) 100vw, 293px\" \/><\/a><\/figure><\/div>\n\n\n\n<p>A proposta dos fabricantes \u00e9 um transporte inteligente, limpo, econ\u00f4mico e sustent\u00e1vel. Passaremos, ent\u00e3o, a esmiu\u00e7ar os impactos sociais e ambientais impostos \u00e0 sociedade, ou seja, uma avalia\u00e7\u00e3o socioambiental. Muitas vezes, temos dificuldade em relacionar um produto ou tecnologia com as realidades socioambientais das regi\u00f5es em que se pretende incorporar suas aplica\u00e7\u00f5es. No nosso caso, avaliaremos tr\u00eas regi\u00f5es desiguais: China, Noruega e Brasil. O porqu\u00ea da escolha dessas tr\u00eas diferentes dimens\u00f5es de poder pol\u00edtico, econ\u00f4mico, social e energ\u00e9tico ficar\u00e1 claro em nossa exposi\u00e7\u00e3o a seguir. Vamos, ent\u00e3o, aos fatos!<\/p>\n\n\n\n<div class=\"wp-block-image\"><figure class=\"aligncenter size-large is-resized\"><a href=\"https:\/\/www.instagram.com\/vmais.midias\/\"><img loading=\"lazy\" decoding=\"async\" src=\"https:\/\/jornalfatosenoticias.com.br\/wp-content\/uploads\/2020\/02\/DE-MAIS-DESTAQUE-VMAIS-800X700.png\" alt=\"\" class=\"wp-image-53112\" width=\"296\" height=\"258\" srcset=\"https:\/\/jornalfatosenoticias.com.br\/wp-content\/uploads\/2020\/02\/DE-MAIS-DESTAQUE-VMAIS-800X700.png 800w, https:\/\/jornalfatosenoticias.com.br\/wp-content\/uploads\/2020\/02\/DE-MAIS-DESTAQUE-VMAIS-800X700-300x263.png 300w, https:\/\/jornalfatosenoticias.com.br\/wp-content\/uploads\/2020\/02\/DE-MAIS-DESTAQUE-VMAIS-800X700-768x672.png 768w\" sizes=\"auto, (max-width: 296px) 100vw, 296px\" \/><\/a><\/figure><\/div>\n\n\n\n<p>Come\u00e7amos pela China. A ind\u00fastria mundial dos ve\u00edculos el\u00e9tricos surgiu e sobrevive \u00fanica e exclusivamente na base de altos subs\u00eddios p\u00fablicos, sem dinheiro do governo ela n\u00e3o se sustentaria. Para se ter uma ideia, entre 2016 e 2022, o governo chin\u00eas gastou mais de US$ 57 bilh\u00f5es para estimular o surgimento local de uma ind\u00fastria de carros el\u00e9tricos. Hoje, a China concentra 60% de toda a frota el\u00e9trica do planeta. Foi uma op\u00e7\u00e3o pelo el\u00e9trico. Agora, os cemit\u00e9rios de carros el\u00e9tricos come\u00e7aram a aparecer em v\u00eddeos e fotos na internet.<\/p>\n\n\n\n<div class=\"wp-block-image\"><figure class=\"aligncenter size-large is-resized\"><a href=\"https:\/\/www.facebook.com\/profile.php?id=100069289606145\"><img loading=\"lazy\" decoding=\"async\" src=\"https:\/\/jornalfatosenoticias.com.br\/wp-content\/uploads\/2024\/11\/Guaitolini-Contabilidade-1024x714.jpeg\" alt=\"\" class=\"wp-image-55808\" width=\"366\" height=\"255\" srcset=\"https:\/\/jornalfatosenoticias.com.br\/wp-content\/uploads\/2024\/11\/Guaitolini-Contabilidade-1024x714.jpeg 1024w, https:\/\/jornalfatosenoticias.com.br\/wp-content\/uploads\/2024\/11\/Guaitolini-Contabilidade-300x209.jpeg 300w, https:\/\/jornalfatosenoticias.com.br\/wp-content\/uploads\/2024\/11\/Guaitolini-Contabilidade-768x535.jpeg 768w, https:\/\/jornalfatosenoticias.com.br\/wp-content\/uploads\/2024\/11\/Guaitolini-Contabilidade.jpeg 1280w\" sizes=\"auto, (max-width: 366px) 100vw, 366px\" \/><\/a><\/figure><\/div>\n\n\n\n<p>Milhares de carros abandonados, baterias de l\u00edtio \u2014 com seus componentes altamente t\u00f3xicos \u2014 em fase de decomposi\u00e7\u00e3o. Esse cen\u00e1rio \u00e9 visto atualmente em um cemit\u00e9rio de Hangzhou, perto de Xangai, na China. Aquilo que deveria ser uma \u201crefer\u00eancia\u201d do transporte limpo se transformou em fant\u00e1stico desperd\u00edcio e grande potencial ofensivo para uma trag\u00e9dia ambiental. Os motivos de abandono desses carros com pouco tempo de uso se deve \u00e0 fal\u00eancia dos fabricantes, obsolesc\u00eancia muito r\u00e1pida, falta de pe\u00e7as, baixa autonomia, entre outras.<\/p>\n\n\n\n<div class=\"wp-block-image\"><figure class=\"aligncenter size-large is-resized\"><a href=\"https:\/\/www.ithbrasil.com.br\/\"><img loading=\"lazy\" decoding=\"async\" src=\"https:\/\/jornalfatosenoticias.com.br\/wp-content\/uploads\/2023\/08\/ITH.jpeg\" alt=\"\" class=\"wp-image-44638\" width=\"288\" height=\"234\" srcset=\"https:\/\/jornalfatosenoticias.com.br\/wp-content\/uploads\/2023\/08\/ITH.jpeg 800w, https:\/\/jornalfatosenoticias.com.br\/wp-content\/uploads\/2023\/08\/ITH-300x244.jpeg 300w, https:\/\/jornalfatosenoticias.com.br\/wp-content\/uploads\/2023\/08\/ITH-768x624.jpeg 768w\" sizes=\"auto, (max-width: 288px) 100vw, 288px\" \/><\/a><\/figure><\/div>\n\n\n\n<p>\u00c9 claro que, com a vontade pol\u00edtica do governo chin\u00eas, muitos bilh\u00f5es de d\u00f3lares em infraestrutura e pesquisas tecnol\u00f3gicas, as solu\u00e7\u00f5es, ir\u00e3o aparecendo. Mas a met\u00e1fora do brinquedo novo se aplica tamb\u00e9m l\u00e1 e cada vez mais baterias de l\u00edtio ser\u00e3o descartadas e contaminar\u00e3o ainda mais nosso planeta. Em s\u00edntese, os problemas socioambientais nessa regi\u00e3o s\u00e3o: polui\u00e7\u00e3o por metais pesados, condi\u00e7\u00f5es prec\u00e1rias de trabalho, guerra de pre\u00e7os, subs\u00eddios insustent\u00e1veis, abandonos, falhas de fabrica\u00e7\u00e3o, etc.<\/p>\n\n\n\n<div class=\"wp-block-image\"><figure class=\"aligncenter size-large is-resized\"><a href=\"https:\/\/hotelmarquetti.com.br\/\"><img loading=\"lazy\" decoding=\"async\" src=\"https:\/\/jornalfatosenoticias.com.br\/wp-content\/uploads\/2023\/03\/nova-logo-Marquetti.jpg\" alt=\"\" class=\"wp-image-40207\" width=\"323\" height=\"217\" srcset=\"https:\/\/jornalfatosenoticias.com.br\/wp-content\/uploads\/2023\/03\/nova-logo-Marquetti.jpg 643w, https:\/\/jornalfatosenoticias.com.br\/wp-content\/uploads\/2023\/03\/nova-logo-Marquetti-300x202.jpg 300w\" sizes=\"auto, (max-width: 323px) 100vw, 323px\" \/><\/a><\/figure><\/div>\n\n\n\n<p>Chegamos agora \u00e0 Noruega. L\u00edder mundial em eletromobilidade, com uma ades\u00e3o impressionante aos ve\u00edculos el\u00e9tricos. Em agosto, 94,3% dos novos carros registrados eram totalmente el\u00e9tricos. Esse n\u00famero \u00e9 resultado de uma combina\u00e7\u00e3o de incentivos governamentais (isen\u00e7\u00e3o de impostos, ped\u00e1gios gratuitos, esta\u00e7\u00f5es de recarga p\u00fablicas), infraestrutura de recarga em expans\u00e3o e uma conscientiza\u00e7\u00e3o ambiental elevada entre os noruegueses. Est\u00e1 come\u00e7ando a introduzir as estradas com carregamentos sem fio para tentar superar um dos maiores obst\u00e1culos \u00e0 ado\u00e7\u00e3o em massa: a ansiedade de autonomia.<\/p>\n\n\n\n<div class=\"wp-block-image\"><figure class=\"aligncenter size-large is-resized\"><a href=\"https:\/\/www.instagram.com\/restaurantepegoretti\/\"><img loading=\"lazy\" decoding=\"async\" src=\"https:\/\/jornalfatosenoticias.com.br\/wp-content\/uploads\/2023\/12\/pegoretti-logo-pdf-1024x389.jpg\" alt=\"\" class=\"wp-image-47536\" width=\"377\" height=\"143\" srcset=\"https:\/\/jornalfatosenoticias.com.br\/wp-content\/uploads\/2023\/12\/pegoretti-logo-pdf-1024x389.jpg 1024w, https:\/\/jornalfatosenoticias.com.br\/wp-content\/uploads\/2023\/12\/pegoretti-logo-pdf-300x114.jpg 300w, https:\/\/jornalfatosenoticias.com.br\/wp-content\/uploads\/2023\/12\/pegoretti-logo-pdf-768x291.jpg 768w, https:\/\/jornalfatosenoticias.com.br\/wp-content\/uploads\/2023\/12\/pegoretti-logo-pdf.jpg 1120w\" sizes=\"auto, (max-width: 377px) 100vw, 377px\" \/><\/a><\/figure><\/div>\n\n\n\n<p>Apesar do grande potencial das estradas de carregamento sem fio, h\u00e1 desafios a serem superados. O principal deles \u00e9 o custo elevado da tecnologia, ainda em est\u00e1gio inicial de desenvolvimento. Al\u00e9m disso, a adapta\u00e7\u00e3o dos ve\u00edculos existentes com o equipamento necess\u00e1rio pode ser financeiramente invi\u00e1vel para maioria dos consumidores. Outros problemas que preocupam os consumidores s\u00e3o: peso do carro, exigindo pneus especiais, mais caros e com menor durabilidade, al\u00e9m de causarem mais atritos com as pistas e produzirem mais part\u00edculas pesadas, que poluem a atmosfera; a efici\u00eancia da bateria; o uso do ar-condicionado, a topografia do percurso e, principalmente, as condi\u00e7\u00f5es clim\u00e1ticas podem afetar significantemente o desempenho do ve\u00edculo.<\/p>\n\n\n\n<div class=\"wp-block-image\"><figure class=\"aligncenter size-large\"><a href=\"http:\/\/www.ferrarimaquinas.com.br\/\"><img loading=\"lazy\" decoding=\"async\" width=\"300\" height=\"250\" src=\"https:\/\/jornalfatosenoticias.com.br\/wp-content\/uploads\/2022\/02\/FERRARI_MAQUINAS-E-FERRAMENTAS2.jpg\" alt=\"\" class=\"wp-image-27860\"\/><\/a><\/figure><\/div>\n\n\n\n<p>De volta ao Brasil. Aqui, se colocarmos os custos e benef\u00edcios do carro el\u00e9trico na ponta do l\u00e1pis \u00e9 evidente que a conta n\u00e3o fecha. S\u00e3o muito mais caros que os tradicionais e os custos adicionais s\u00e3o maiores. Os carros ser\u00e3o para poucos privilegiados na sociedade. Quem pagar\u00e1 a infraestrutura? Ser\u00e3o milhares de pontos de carregamentos espalhados pelas cidades e rodovias. H\u00e1 tamb\u00e9m a possibilidade de escassez de l\u00edtio, al\u00e9m de cobalto, n\u00edquel e outros metais. Um recente estudo, feito pela Stellantis, dona das marcas Fiat, Jeep, Peugeot e Citro\u00ebn, mostrou que carros movidos a etanol no Brasil poluem menos que os modelos el\u00e9tricos. Ela chegou a declarar que n\u00e3o precisamos de carro el\u00e9trico.<\/p>\n\n\n\n<div class=\"wp-block-image\"><figure class=\"aligncenter size-large is-resized\"><a href=\"https:\/\/www.instagram.com\/esteiochurrascaria\/\"><img loading=\"lazy\" decoding=\"async\" src=\"https:\/\/jornalfatosenoticias.com.br\/wp-content\/uploads\/2022\/02\/LOGO-ESTEIO-1024x730.png\" alt=\"\" class=\"wp-image-27942\" width=\"299\" height=\"213\" srcset=\"https:\/\/jornalfatosenoticias.com.br\/wp-content\/uploads\/2022\/02\/LOGO-ESTEIO-1024x730.png 1024w, https:\/\/jornalfatosenoticias.com.br\/wp-content\/uploads\/2022\/02\/LOGO-ESTEIO-300x214.png 300w, https:\/\/jornalfatosenoticias.com.br\/wp-content\/uploads\/2022\/02\/LOGO-ESTEIO-768x548.png 768w, https:\/\/jornalfatosenoticias.com.br\/wp-content\/uploads\/2022\/02\/LOGO-ESTEIO.png 1123w\" sizes=\"auto, (max-width: 299px) 100vw, 299px\" \/><\/a><\/figure><\/div>\n\n\n\n<p>O etanol, pelo que se apresenta, parece ser a solu\u00e7\u00e3o verde do Brasil. A matriz energ\u00e9tica \u00e9 vegetal, e, portanto, renov\u00e1vel, ao contr\u00e1rio dos ve\u00edculos el\u00e9tricos. O Brasil \u00e9 l\u00edder mundial em tecnologia para processamento, aplica\u00e7\u00e3o e utiliza\u00e7\u00e3o do etanol. \u00c9 bom lembrar, tamb\u00e9m, que ainda produzimos, com a mesma compet\u00eancia, o biodiesel, feito a partir de \u00f3leos vegetais (soja, algod\u00e3o e girassol). O que est\u00e1 faltando mesmo ao Brasil \u00e9 uma robusta pol\u00edtica de apoio \u00e0s nossas ind\u00fastrias, para que possamos ter as condi\u00e7\u00f5es b\u00e1sicas para desenvolvermos a plenitude de nossas potencialidades. Assim como \u00e9 feito l\u00e1 fora.<\/p>\n\n\n\n<div class=\"wp-block-image\"><figure class=\"aligncenter size-large\"><a href=\"https:\/\/mizu.com.br\/\"><img loading=\"lazy\" decoding=\"async\" width=\"729\" height=\"90\" src=\"https:\/\/jornalfatosenoticias.com.br\/wp-content\/uploads\/2020\/02\/Logo_Mizu.png\" alt=\"\" class=\"wp-image-1441\" srcset=\"https:\/\/jornalfatosenoticias.com.br\/wp-content\/uploads\/2020\/02\/Logo_Mizu.png 729w, https:\/\/jornalfatosenoticias.com.br\/wp-content\/uploads\/2020\/02\/Logo_Mizu-300x37.png 300w\" sizes=\"auto, (max-width: 729px) 100vw, 729px\" \/><\/a><\/figure><\/div>\n\n\n\n<p>Bem, a\u00ed est\u00e3o os fatos, cabe agora \u00e0 sociedade organizada debat\u00ea-los e decidir o que deveremos adotar de melhor para o nosso pa\u00eds.<\/p>\n","protected":false},"excerpt":{"rendered":"<p>Um novo brinquedo est\u00e1 chegando ao nosso mercado! Constatamos uma certa euforia com a chegada dos carros el\u00e9tricos em terras brasileiras Um novo brinquedo!Quando crian\u00e7a viv\u00edamos nos encantando com as novidades! Um novo brinquedo com luzes ou sons diferentes, outras cores, ou qualquer coisa que agregasse algum tipo de brilho aleat\u00f3rio, nos fascinava e agu\u00e7ava [&hellip;]<\/p>\n","protected":false},"author":29,"featured_media":56174,"comment_status":"open","ping_status":"open","sticky":false,"template":"","format":"standard","meta":{"footnotes":""},"categories":[9923],"tags":[597,6589,25623,14025,803],"class_list":["post-56173","post","type-post","status-publish","format-standard","has-post-thumbnail","hentry","category-mobilidade","tag-brasil","tag-carros-eletricos","tag-carros-eletricos-chineses","tag-eletromobilidade","tag-mobilidade"],"yoast_head":"<!-- This site is optimized with the Yoast SEO plugin v26.5 - https:\/\/yoast.com\/wordpress\/plugins\/seo\/ -->\n<title>Voc\u00ea j\u00e1 parou para pensar sobre isso? - Jornal Fatos e Not\u00edcias<\/title>\n<meta name=\"robots\" content=\"index, follow, max-snippet:-1, max-image-preview:large, max-video-preview:-1\" \/>\n<link rel=\"canonical\" href=\"https:\/\/jornalfatosenoticias.com.br\/index.php\/2024\/12\/05\/voce-ja-parou-para-pensar-sobre-isso\/\" \/>\n<meta property=\"og:locale\" content=\"pt_BR\" \/>\n<meta property=\"og:type\" content=\"article\" \/>\n<meta property=\"og:title\" content=\"Voc\u00ea j\u00e1 parou para pensar sobre isso? - Jornal Fatos e Not\u00edcias\" \/>\n<meta property=\"og:description\" content=\"Um novo brinquedo est\u00e1 chegando ao nosso mercado! Constatamos uma certa euforia com a chegada dos carros el\u00e9tricos em terras brasileiras Um novo brinquedo!Quando crian\u00e7a viv\u00edamos nos encantando com as novidades! Um novo brinquedo com luzes ou sons diferentes, outras cores, ou qualquer coisa que agregasse algum tipo de brilho aleat\u00f3rio, nos fascinava e agu\u00e7ava [&hellip;]\" \/>\n<meta property=\"og:url\" content=\"https:\/\/jornalfatosenoticias.com.br\/index.php\/2024\/12\/05\/voce-ja-parou-para-pensar-sobre-isso\/\" \/>\n<meta property=\"og:site_name\" content=\"Jornal Fatos e Not\u00edcias\" \/>\n<meta property=\"article:published_time\" content=\"2024-12-05T23:49:23+00:00\" \/>\n<meta property=\"article:modified_time\" content=\"2024-12-05T23:49:24+00:00\" \/>\n<meta property=\"og:image\" content=\"https:\/\/jornalfatosenoticias.com.br\/wp-content\/uploads\/2024\/12\/carro-eletrico_istock.jpg\" \/>\n\t<meta property=\"og:image:width\" content=\"612\" \/>\n\t<meta property=\"og:image:height\" content=\"402\" \/>\n\t<meta property=\"og:image:type\" content=\"image\/jpeg\" \/>\n<meta name=\"author\" content=\"Fernando Repinaldo\" \/>\n<meta name=\"twitter:card\" content=\"summary_large_image\" \/>\n<meta name=\"twitter:label1\" content=\"Escrito por\" \/>\n\t<meta name=\"twitter:data1\" content=\"Fernando Repinaldo\" \/>\n\t<meta name=\"twitter:label2\" content=\"Est. tempo de leitura\" \/>\n\t<meta name=\"twitter:data2\" content=\"6 minutos\" \/>\n<script type=\"application\/ld+json\" class=\"yoast-schema-graph\">{\"@context\":\"https:\/\/schema.org\",\"@graph\":[{\"@type\":\"Article\",\"@id\":\"https:\/\/jornalfatosenoticias.com.br\/index.php\/2024\/12\/05\/voce-ja-parou-para-pensar-sobre-isso\/#article\",\"isPartOf\":{\"@id\":\"https:\/\/jornalfatosenoticias.com.br\/index.php\/2024\/12\/05\/voce-ja-parou-para-pensar-sobre-isso\/\"},\"author\":{\"name\":\"Fernando Repinaldo\",\"@id\":\"https:\/\/jornalfatosenoticias.com.br\/#\/schema\/person\/6c09e8a8b2c7f373537c1ac26d67156c\"},\"headline\":\"Voc\u00ea j\u00e1 parou para pensar sobre isso?\",\"datePublished\":\"2024-12-05T23:49:23+00:00\",\"dateModified\":\"2024-12-05T23:49:24+00:00\",\"mainEntityOfPage\":{\"@id\":\"https:\/\/jornalfatosenoticias.com.br\/index.php\/2024\/12\/05\/voce-ja-parou-para-pensar-sobre-isso\/\"},\"wordCount\":1121,\"commentCount\":0,\"publisher\":{\"@id\":\"https:\/\/jornalfatosenoticias.com.br\/#organization\"},\"image\":{\"@id\":\"https:\/\/jornalfatosenoticias.com.br\/index.php\/2024\/12\/05\/voce-ja-parou-para-pensar-sobre-isso\/#primaryimage\"},\"thumbnailUrl\":\"https:\/\/jornalfatosenoticias.com.br\/wp-content\/uploads\/2024\/12\/carro-eletrico_istock.jpg\",\"keywords\":[\"Brasil\",\"carros el\u00e9tricos\",\"carros el\u00e9tricos chineses\",\"eletromobilidade\",\"mobilidade\"],\"articleSection\":[\"Mobilidade\"],\"inLanguage\":\"pt-BR\",\"potentialAction\":[{\"@type\":\"CommentAction\",\"name\":\"Comment\",\"target\":[\"https:\/\/jornalfatosenoticias.com.br\/index.php\/2024\/12\/05\/voce-ja-parou-para-pensar-sobre-isso\/#respond\"]}]},{\"@type\":\"WebPage\",\"@id\":\"https:\/\/jornalfatosenoticias.com.br\/index.php\/2024\/12\/05\/voce-ja-parou-para-pensar-sobre-isso\/\",\"url\":\"https:\/\/jornalfatosenoticias.com.br\/index.php\/2024\/12\/05\/voce-ja-parou-para-pensar-sobre-isso\/\",\"name\":\"Voc\u00ea j\u00e1 parou para pensar sobre isso? - Jornal Fatos e Not\u00edcias\",\"isPartOf\":{\"@id\":\"https:\/\/jornalfatosenoticias.com.br\/#website\"},\"primaryImageOfPage\":{\"@id\":\"https:\/\/jornalfatosenoticias.com.br\/index.php\/2024\/12\/05\/voce-ja-parou-para-pensar-sobre-isso\/#primaryimage\"},\"image\":{\"@id\":\"https:\/\/jornalfatosenoticias.com.br\/index.php\/2024\/12\/05\/voce-ja-parou-para-pensar-sobre-isso\/#primaryimage\"},\"thumbnailUrl\":\"https:\/\/jornalfatosenoticias.com.br\/wp-content\/uploads\/2024\/12\/carro-eletrico_istock.jpg\",\"datePublished\":\"2024-12-05T23:49:23+00:00\",\"dateModified\":\"2024-12-05T23:49:24+00:00\",\"breadcrumb\":{\"@id\":\"https:\/\/jornalfatosenoticias.com.br\/index.php\/2024\/12\/05\/voce-ja-parou-para-pensar-sobre-isso\/#breadcrumb\"},\"inLanguage\":\"pt-BR\",\"potentialAction\":[{\"@type\":\"ReadAction\",\"target\":[\"https:\/\/jornalfatosenoticias.com.br\/index.php\/2024\/12\/05\/voce-ja-parou-para-pensar-sobre-isso\/\"]}]},{\"@type\":\"ImageObject\",\"inLanguage\":\"pt-BR\",\"@id\":\"https:\/\/jornalfatosenoticias.com.br\/index.php\/2024\/12\/05\/voce-ja-parou-para-pensar-sobre-isso\/#primaryimage\",\"url\":\"https:\/\/jornalfatosenoticias.com.br\/wp-content\/uploads\/2024\/12\/carro-eletrico_istock.jpg\",\"contentUrl\":\"https:\/\/jornalfatosenoticias.com.br\/wp-content\/uploads\/2024\/12\/carro-eletrico_istock.jpg\",\"width\":612,\"height\":402,\"caption\":\"New energy vehicle concept drawing\"},{\"@type\":\"BreadcrumbList\",\"@id\":\"https:\/\/jornalfatosenoticias.com.br\/index.php\/2024\/12\/05\/voce-ja-parou-para-pensar-sobre-isso\/#breadcrumb\",\"itemListElement\":[{\"@type\":\"ListItem\",\"position\":1,\"name\":\"In\u00edcio\",\"item\":\"https:\/\/jornalfatosenoticias.com.br\/\"},{\"@type\":\"ListItem\",\"position\":2,\"name\":\"Voc\u00ea j\u00e1 parou para pensar sobre isso?\"}]},{\"@type\":\"WebSite\",\"@id\":\"https:\/\/jornalfatosenoticias.com.br\/#website\",\"url\":\"https:\/\/jornalfatosenoticias.com.br\/\",\"name\":\"Jornal Fatos e Not\u00edcias\",\"description\":\"Not\u00edcias em geral\",\"publisher\":{\"@id\":\"https:\/\/jornalfatosenoticias.com.br\/#organization\"},\"potentialAction\":[{\"@type\":\"SearchAction\",\"target\":{\"@type\":\"EntryPoint\",\"urlTemplate\":\"https:\/\/jornalfatosenoticias.com.br\/?s={search_term_string}\"},\"query-input\":{\"@type\":\"PropertyValueSpecification\",\"valueRequired\":true,\"valueName\":\"search_term_string\"}}],\"inLanguage\":\"pt-BR\"},{\"@type\":\"Organization\",\"@id\":\"https:\/\/jornalfatosenoticias.com.br\/#organization\",\"name\":\"Jornal Fatos e Not\u00edcias\",\"url\":\"https:\/\/jornalfatosenoticias.com.br\/\",\"logo\":{\"@type\":\"ImageObject\",\"inLanguage\":\"pt-BR\",\"@id\":\"https:\/\/jornalfatosenoticias.com.br\/#\/schema\/logo\/image\/\",\"url\":\"https:\/\/jornalfatosenoticias.com.br\/wp-content\/uploads\/2020\/02\/logo120.png\",\"contentUrl\":\"https:\/\/jornalfatosenoticias.com.br\/wp-content\/uploads\/2020\/02\/logo120.png\",\"width\":1227,\"height\":120,\"caption\":\"Jornal Fatos e Not\u00edcias\"},\"image\":{\"@id\":\"https:\/\/jornalfatosenoticias.com.br\/#\/schema\/logo\/image\/\"}},{\"@type\":\"Person\",\"@id\":\"https:\/\/jornalfatosenoticias.com.br\/#\/schema\/person\/6c09e8a8b2c7f373537c1ac26d67156c\",\"name\":\"Fernando Repinaldo\",\"image\":{\"@type\":\"ImageObject\",\"inLanguage\":\"pt-BR\",\"@id\":\"https:\/\/jornalfatosenoticias.com.br\/#\/schema\/person\/image\/\",\"url\":\"https:\/\/jornalfatosenoticias.com.br\/wp-content\/uploads\/2023\/08\/Fernando_Repinaldo-removebg-preview.png\",\"contentUrl\":\"https:\/\/jornalfatosenoticias.com.br\/wp-content\/uploads\/2023\/08\/Fernando_Repinaldo-removebg-preview.png\",\"caption\":\"Fernando Repinaldo\"},\"description\":\"Especialista em Administra\u00e7\u00e3o P\u00fablica, Gest\u00e3o de Projetos e Engenharia de Tr\u00e1fego\",\"url\":\"https:\/\/jornalfatosenoticias.com.br\/index.php\/author\/fernando-repinaldo\/\"}]}<\/script>\n<!-- \/ Yoast SEO plugin. -->","yoast_head_json":{"title":"Voc\u00ea j\u00e1 parou para pensar sobre isso? - Jornal Fatos e Not\u00edcias","robots":{"index":"index","follow":"follow","max-snippet":"max-snippet:-1","max-image-preview":"max-image-preview:large","max-video-preview":"max-video-preview:-1"},"canonical":"https:\/\/jornalfatosenoticias.com.br\/index.php\/2024\/12\/05\/voce-ja-parou-para-pensar-sobre-isso\/","og_locale":"pt_BR","og_type":"article","og_title":"Voc\u00ea j\u00e1 parou para pensar sobre isso? - Jornal Fatos e Not\u00edcias","og_description":"Um novo brinquedo est\u00e1 chegando ao nosso mercado! Constatamos uma certa euforia com a chegada dos carros el\u00e9tricos em terras brasileiras Um novo brinquedo!Quando crian\u00e7a viv\u00edamos nos encantando com as novidades! Um novo brinquedo com luzes ou sons diferentes, outras cores, ou qualquer coisa que agregasse algum tipo de brilho aleat\u00f3rio, nos fascinava e agu\u00e7ava [&hellip;]","og_url":"https:\/\/jornalfatosenoticias.com.br\/index.php\/2024\/12\/05\/voce-ja-parou-para-pensar-sobre-isso\/","og_site_name":"Jornal Fatos e Not\u00edcias","article_published_time":"2024-12-05T23:49:23+00:00","article_modified_time":"2024-12-05T23:49:24+00:00","og_image":[{"width":612,"height":402,"url":"https:\/\/jornalfatosenoticias.com.br\/wp-content\/uploads\/2024\/12\/carro-eletrico_istock.jpg","type":"image\/jpeg"}],"author":"Fernando Repinaldo","twitter_card":"summary_large_image","twitter_misc":{"Escrito por":"Fernando Repinaldo","Est. tempo de leitura":"6 minutos"},"schema":{"@context":"https:\/\/schema.org","@graph":[{"@type":"Article","@id":"https:\/\/jornalfatosenoticias.com.br\/index.php\/2024\/12\/05\/voce-ja-parou-para-pensar-sobre-isso\/#article","isPartOf":{"@id":"https:\/\/jornalfatosenoticias.com.br\/index.php\/2024\/12\/05\/voce-ja-parou-para-pensar-sobre-isso\/"},"author":{"name":"Fernando Repinaldo","@id":"https:\/\/jornalfatosenoticias.com.br\/#\/schema\/person\/6c09e8a8b2c7f373537c1ac26d67156c"},"headline":"Voc\u00ea j\u00e1 parou para pensar sobre isso?","datePublished":"2024-12-05T23:49:23+00:00","dateModified":"2024-12-05T23:49:24+00:00","mainEntityOfPage":{"@id":"https:\/\/jornalfatosenoticias.com.br\/index.php\/2024\/12\/05\/voce-ja-parou-para-pensar-sobre-isso\/"},"wordCount":1121,"commentCount":0,"publisher":{"@id":"https:\/\/jornalfatosenoticias.com.br\/#organization"},"image":{"@id":"https:\/\/jornalfatosenoticias.com.br\/index.php\/2024\/12\/05\/voce-ja-parou-para-pensar-sobre-isso\/#primaryimage"},"thumbnailUrl":"https:\/\/jornalfatosenoticias.com.br\/wp-content\/uploads\/2024\/12\/carro-eletrico_istock.jpg","keywords":["Brasil","carros el\u00e9tricos","carros el\u00e9tricos chineses","eletromobilidade","mobilidade"],"articleSection":["Mobilidade"],"inLanguage":"pt-BR","potentialAction":[{"@type":"CommentAction","name":"Comment","target":["https:\/\/jornalfatosenoticias.com.br\/index.php\/2024\/12\/05\/voce-ja-parou-para-pensar-sobre-isso\/#respond"]}]},{"@type":"WebPage","@id":"https:\/\/jornalfatosenoticias.com.br\/index.php\/2024\/12\/05\/voce-ja-parou-para-pensar-sobre-isso\/","url":"https:\/\/jornalfatosenoticias.com.br\/index.php\/2024\/12\/05\/voce-ja-parou-para-pensar-sobre-isso\/","name":"Voc\u00ea j\u00e1 parou para pensar sobre isso? - Jornal Fatos e Not\u00edcias","isPartOf":{"@id":"https:\/\/jornalfatosenoticias.com.br\/#website"},"primaryImageOfPage":{"@id":"https:\/\/jornalfatosenoticias.com.br\/index.php\/2024\/12\/05\/voce-ja-parou-para-pensar-sobre-isso\/#primaryimage"},"image":{"@id":"https:\/\/jornalfatosenoticias.com.br\/index.php\/2024\/12\/05\/voce-ja-parou-para-pensar-sobre-isso\/#primaryimage"},"thumbnailUrl":"https:\/\/jornalfatosenoticias.com.br\/wp-content\/uploads\/2024\/12\/carro-eletrico_istock.jpg","datePublished":"2024-12-05T23:49:23+00:00","dateModified":"2024-12-05T23:49:24+00:00","breadcrumb":{"@id":"https:\/\/jornalfatosenoticias.com.br\/index.php\/2024\/12\/05\/voce-ja-parou-para-pensar-sobre-isso\/#breadcrumb"},"inLanguage":"pt-BR","potentialAction":[{"@type":"ReadAction","target":["https:\/\/jornalfatosenoticias.com.br\/index.php\/2024\/12\/05\/voce-ja-parou-para-pensar-sobre-isso\/"]}]},{"@type":"ImageObject","inLanguage":"pt-BR","@id":"https:\/\/jornalfatosenoticias.com.br\/index.php\/2024\/12\/05\/voce-ja-parou-para-pensar-sobre-isso\/#primaryimage","url":"https:\/\/jornalfatosenoticias.com.br\/wp-content\/uploads\/2024\/12\/carro-eletrico_istock.jpg","contentUrl":"https:\/\/jornalfatosenoticias.com.br\/wp-content\/uploads\/2024\/12\/carro-eletrico_istock.jpg","width":612,"height":402,"caption":"New energy vehicle concept drawing"},{"@type":"BreadcrumbList","@id":"https:\/\/jornalfatosenoticias.com.br\/index.php\/2024\/12\/05\/voce-ja-parou-para-pensar-sobre-isso\/#breadcrumb","itemListElement":[{"@type":"ListItem","position":1,"name":"In\u00edcio","item":"https:\/\/jornalfatosenoticias.com.br\/"},{"@type":"ListItem","position":2,"name":"Voc\u00ea j\u00e1 parou para pensar sobre isso?"}]},{"@type":"WebSite","@id":"https:\/\/jornalfatosenoticias.com.br\/#website","url":"https:\/\/jornalfatosenoticias.com.br\/","name":"Jornal Fatos e Not\u00edcias","description":"Not\u00edcias em geral","publisher":{"@id":"https:\/\/jornalfatosenoticias.com.br\/#organization"},"potentialAction":[{"@type":"SearchAction","target":{"@type":"EntryPoint","urlTemplate":"https:\/\/jornalfatosenoticias.com.br\/?s={search_term_string}"},"query-input":{"@type":"PropertyValueSpecification","valueRequired":true,"valueName":"search_term_string"}}],"inLanguage":"pt-BR"},{"@type":"Organization","@id":"https:\/\/jornalfatosenoticias.com.br\/#organization","name":"Jornal Fatos e Not\u00edcias","url":"https:\/\/jornalfatosenoticias.com.br\/","logo":{"@type":"ImageObject","inLanguage":"pt-BR","@id":"https:\/\/jornalfatosenoticias.com.br\/#\/schema\/logo\/image\/","url":"https:\/\/jornalfatosenoticias.com.br\/wp-content\/uploads\/2020\/02\/logo120.png","contentUrl":"https:\/\/jornalfatosenoticias.com.br\/wp-content\/uploads\/2020\/02\/logo120.png","width":1227,"height":120,"caption":"Jornal Fatos e Not\u00edcias"},"image":{"@id":"https:\/\/jornalfatosenoticias.com.br\/#\/schema\/logo\/image\/"}},{"@type":"Person","@id":"https:\/\/jornalfatosenoticias.com.br\/#\/schema\/person\/6c09e8a8b2c7f373537c1ac26d67156c","name":"Fernando Repinaldo","image":{"@type":"ImageObject","inLanguage":"pt-BR","@id":"https:\/\/jornalfatosenoticias.com.br\/#\/schema\/person\/image\/","url":"https:\/\/jornalfatosenoticias.com.br\/wp-content\/uploads\/2023\/08\/Fernando_Repinaldo-removebg-preview.png","contentUrl":"https:\/\/jornalfatosenoticias.com.br\/wp-content\/uploads\/2023\/08\/Fernando_Repinaldo-removebg-preview.png","caption":"Fernando Repinaldo"},"description":"Especialista em Administra\u00e7\u00e3o P\u00fablica, Gest\u00e3o de Projetos e Engenharia de Tr\u00e1fego","url":"https:\/\/jornalfatosenoticias.com.br\/index.php\/author\/fernando-repinaldo\/"}]}},"cc_featured_image_caption":{"caption_text":"(Foto: iStock)","source_text":"","source_url":""},"jetpack_featured_media_url":"https:\/\/jornalfatosenoticias.com.br\/wp-content\/uploads\/2024\/12\/carro-eletrico_istock.jpg","_links":{"self":[{"href":"https:\/\/jornalfatosenoticias.com.br\/index.php\/wp-json\/wp\/v2\/posts\/56173","targetHints":{"allow":["GET"]}}],"collection":[{"href":"https:\/\/jornalfatosenoticias.com.br\/index.php\/wp-json\/wp\/v2\/posts"}],"about":[{"href":"https:\/\/jornalfatosenoticias.com.br\/index.php\/wp-json\/wp\/v2\/types\/post"}],"author":[{"embeddable":true,"href":"https:\/\/jornalfatosenoticias.com.br\/index.php\/wp-json\/wp\/v2\/users\/29"}],"replies":[{"embeddable":true,"href":"https:\/\/jornalfatosenoticias.com.br\/index.php\/wp-json\/wp\/v2\/comments?post=56173"}],"version-history":[{"count":0,"href":"https:\/\/jornalfatosenoticias.com.br\/index.php\/wp-json\/wp\/v2\/posts\/56173\/revisions"}],"wp:featuredmedia":[{"embeddable":true,"href":"https:\/\/jornalfatosenoticias.com.br\/index.php\/wp-json\/wp\/v2\/media\/56174"}],"wp:attachment":[{"href":"https:\/\/jornalfatosenoticias.com.br\/index.php\/wp-json\/wp\/v2\/media?parent=56173"}],"wp:term":[{"taxonomy":"category","embeddable":true,"href":"https:\/\/jornalfatosenoticias.com.br\/index.php\/wp-json\/wp\/v2\/categories?post=56173"},{"taxonomy":"post_tag","embeddable":true,"href":"https:\/\/jornalfatosenoticias.com.br\/index.php\/wp-json\/wp\/v2\/tags?post=56173"}],"curies":[{"name":"wp","href":"https:\/\/api.w.org\/{rel}","templated":true}]}}