{"id":56181,"date":"2024-12-05T21:14:45","date_gmt":"2024-12-06T00:14:45","guid":{"rendered":"https:\/\/jornalfatosenoticias.com.br\/?p=56181"},"modified":"2024-12-05T21:14:47","modified_gmt":"2024-12-06T00:14:47","slug":"lideranca-agil-e-humanizada-o-papel-do-lider-na-era-da-transformacao-digital","status":"publish","type":"post","link":"https:\/\/jornalfatosenoticias.com.br\/index.php\/2024\/12\/05\/lideranca-agil-e-humanizada-o-papel-do-lider-na-era-da-transformacao-digital\/","title":{"rendered":"Lideran\u00e7a \u00e1gil e humanizada: o papel do l\u00edder na era da transforma\u00e7\u00e3o digital"},"content":{"rendered":"\n<div class=\"wp-block-image\"><figure class=\"aligncenter size-large\"><a href=\"http:\/\/www.ferrarimaquinas.com.br\/\"><img loading=\"lazy\" decoding=\"async\" width=\"1024\" height=\"100\" src=\"https:\/\/jornalfatosenoticias.com.br\/wp-content\/uploads\/2020\/02\/banner_ferramentas-1024x100.jpg\" alt=\"\" class=\"wp-image-1258\" srcset=\"https:\/\/jornalfatosenoticias.com.br\/wp-content\/uploads\/2020\/02\/banner_ferramentas-1024x100.jpg 1024w, https:\/\/jornalfatosenoticias.com.br\/wp-content\/uploads\/2020\/02\/banner_ferramentas-300x29.jpg 300w, https:\/\/jornalfatosenoticias.com.br\/wp-content\/uploads\/2020\/02\/banner_ferramentas-768x75.jpg 768w, https:\/\/jornalfatosenoticias.com.br\/wp-content\/uploads\/2020\/02\/banner_ferramentas.jpg 1227w\" sizes=\"auto, (max-width: 1024px) 100vw, 1024px\" \/><\/a><\/figure><\/div>\n\n\n\n<p>Vivemos em tempos de mudan\u00e7as r\u00e1pidas, onde a tecnologia n\u00e3o apenas molda a maneira como trabalhamos, mas tamb\u00e9m redefine o papel do l\u00edder. Na era da transforma\u00e7\u00e3o digital, a lideran\u00e7a deixou de ser baseada apenas em autoridade hier\u00e1rquica e passou a se concentrar em um equil\u00edbrio essencial entre habilidades t\u00e9cnicas e intelig\u00eancia emocional. Essa evolu\u00e7\u00e3o \u00e9 mais do que necess\u00e1ria; ela \u00e9 uma resposta direta \u00e0s demandas de um mundo cada vez mais conectado, diversificado e colaborativo.<\/p>\n\n\n\n<div class=\"wp-block-image\"><figure class=\"aligncenter size-large is-resized\"><a href=\"https:\/\/panper.com.br\/\"><img loading=\"lazy\" decoding=\"async\" src=\"https:\/\/jornalfatosenoticias.com.br\/wp-content\/uploads\/2023\/03\/logo-Panper_portal.jpg\" alt=\"\" class=\"wp-image-40208\" width=\"297\" height=\"206\" srcset=\"https:\/\/jornalfatosenoticias.com.br\/wp-content\/uploads\/2023\/03\/logo-Panper_portal.jpg 400w, https:\/\/jornalfatosenoticias.com.br\/wp-content\/uploads\/2023\/03\/logo-Panper_portal-300x208.jpg 300w\" sizes=\"auto, (max-width: 297px) 100vw, 297px\" \/><\/a><\/figure><\/div>\n\n\n\n<p><strong><span class=\"has-inline-color has-vivid-cyan-blue-color\">A lideran\u00e7a \u00e1gil: flexibilidade e adapta\u00e7\u00e3o<br><\/span><\/strong>A agilidade \u00e9, sem d\u00favidas, uma das caracter\u00edsticas mais valorizadas em l\u00edderes modernos. No entanto, ser \u00e1gil n\u00e3o significa apenas ser r\u00e1pido. Trata-se de ter a capacidade de se adaptar, de tomar decis\u00f5es informadas em cen\u00e1rios de incerteza e de guiar equipes atrav\u00e9s de transforma\u00e7\u00f5es constantes.<\/p>\n\n\n\n<div class=\"wp-block-image\"><figure class=\"aligncenter size-large is-resized\"><a href=\"https:\/\/www.legisjuris.com.br\/\"><img loading=\"lazy\" decoding=\"async\" src=\"https:\/\/jornalfatosenoticias.com.br\/wp-content\/uploads\/2024\/09\/Legis-Juris-Consultoria_logo.jpg\" alt=\"\" class=\"wp-image-53915\" width=\"384\" height=\"161\" srcset=\"https:\/\/jornalfatosenoticias.com.br\/wp-content\/uploads\/2024\/09\/Legis-Juris-Consultoria_logo.jpg 969w, https:\/\/jornalfatosenoticias.com.br\/wp-content\/uploads\/2024\/09\/Legis-Juris-Consultoria_logo-300x126.jpg 300w, https:\/\/jornalfatosenoticias.com.br\/wp-content\/uploads\/2024\/09\/Legis-Juris-Consultoria_logo-768x322.jpg 768w\" sizes=\"auto, (max-width: 384px) 100vw, 384px\" \/><\/a><\/figure><\/div>\n\n\n\n<p>O l\u00edder \u00e1gil reconhece que mudan\u00e7as n\u00e3o s\u00e3o problemas a serem resolvidos, mas oportunidades para crescer. Para isso, \u00e9 fundamental que ele ou ela compreenda profundamente as din\u00e2micas do mercado e das novas tecnologias, ao mesmo tempo em que mant\u00e9m a mente aberta para novas ideias e perspectivas. \u00c9 um exerc\u00edcio cont\u00ednuo de humildade e aprendizado, onde a escuta ativa se torna uma ferramenta poderosa para identificar o que realmente importa para a equipe e a organiza\u00e7\u00e3o.<\/p>\n\n\n\n<div class=\"wp-block-image\"><figure class=\"aligncenter size-large is-resized\"><a href=\"https:\/\/www.facebook.com\/postobkr\/?locale=pt_BR\"><img loading=\"lazy\" decoding=\"async\" src=\"https:\/\/jornalfatosenoticias.com.br\/wp-content\/uploads\/2023\/08\/BKR-1024x1021.jpg\" alt=\"\" class=\"wp-image-44494\" width=\"309\" height=\"308\" srcset=\"https:\/\/jornalfatosenoticias.com.br\/wp-content\/uploads\/2023\/08\/BKR-1024x1021.jpg 1024w, https:\/\/jornalfatosenoticias.com.br\/wp-content\/uploads\/2023\/08\/BKR-300x300.jpg 300w, https:\/\/jornalfatosenoticias.com.br\/wp-content\/uploads\/2023\/08\/BKR-150x150.jpg 150w, https:\/\/jornalfatosenoticias.com.br\/wp-content\/uploads\/2023\/08\/BKR-768x766.jpg 768w, https:\/\/jornalfatosenoticias.com.br\/wp-content\/uploads\/2023\/08\/BKR.jpg 1080w\" sizes=\"auto, (max-width: 309px) 100vw, 309px\" \/><\/a><\/figure><\/div>\n\n\n\n<p><strong><span class=\"has-inline-color has-vivid-cyan-blue-color\">A humaniza\u00e7\u00e3o na lideran\u00e7a<br><\/span><\/strong>Por outro lado, a transforma\u00e7\u00e3o digital tamb\u00e9m trouxe \u00e0 tona a necessidade de humanizar as rela\u00e7\u00f5es de trabalho. Em um cen\u00e1rio onde automa\u00e7\u00e3o e intelig\u00eancia artificial desempenham pap\u00e9is importantes, \u00e9 a conex\u00e3o humana que se destaca como diferencial.<\/p>\n\n\n\n<div class=\"wp-block-image\"><figure class=\"aligncenter size-large is-resized\"><a href=\"https:\/\/www.ithbrasil.com.br\/\"><img loading=\"lazy\" decoding=\"async\" src=\"https:\/\/jornalfatosenoticias.com.br\/wp-content\/uploads\/2023\/08\/ITH.jpeg\" alt=\"\" class=\"wp-image-44638\" width=\"289\" height=\"235\" srcset=\"https:\/\/jornalfatosenoticias.com.br\/wp-content\/uploads\/2023\/08\/ITH.jpeg 800w, https:\/\/jornalfatosenoticias.com.br\/wp-content\/uploads\/2023\/08\/ITH-300x244.jpeg 300w, https:\/\/jornalfatosenoticias.com.br\/wp-content\/uploads\/2023\/08\/ITH-768x624.jpeg 768w\" sizes=\"auto, (max-width: 289px) 100vw, 289px\" \/><\/a><\/figure><\/div>\n\n\n\n<p>O l\u00edder humanizado \u00e9 aquele que prioriza as pessoas, que compreende suas motiva\u00e7\u00f5es, desafios e necessidades. Ele ou ela cria ambientes inclusivos e seguros, onde cada indiv\u00edduo sente que sua voz importa. Esse estilo de lideran\u00e7a promove a confian\u00e7a e inspira equipes a entregarem o seu melhor, n\u00e3o por obriga\u00e7\u00e3o, mas porque se sentem valorizadas e engajadas.<\/p>\n\n\n\n<div class=\"wp-block-image\"><figure class=\"aligncenter size-large is-resized\"><a href=\"https:\/\/www.instagram.com\/restaurantepegoretti\/\"><img loading=\"lazy\" decoding=\"async\" src=\"https:\/\/jornalfatosenoticias.com.br\/wp-content\/uploads\/2023\/12\/pegoretti-logo-pdf-1024x389.jpg\" alt=\"\" class=\"wp-image-47536\" width=\"369\" height=\"140\" srcset=\"https:\/\/jornalfatosenoticias.com.br\/wp-content\/uploads\/2023\/12\/pegoretti-logo-pdf-1024x389.jpg 1024w, https:\/\/jornalfatosenoticias.com.br\/wp-content\/uploads\/2023\/12\/pegoretti-logo-pdf-300x114.jpg 300w, https:\/\/jornalfatosenoticias.com.br\/wp-content\/uploads\/2023\/12\/pegoretti-logo-pdf-768x291.jpg 768w, https:\/\/jornalfatosenoticias.com.br\/wp-content\/uploads\/2023\/12\/pegoretti-logo-pdf.jpg 1120w\" sizes=\"auto, (max-width: 369px) 100vw, 369px\" \/><\/a><\/figure><\/div>\n\n\n\n<p>A intelig\u00eancia emocional \u00e9 um pilar essencial aqui. Um l\u00edder com alta intelig\u00eancia emocional n\u00e3o apenas reconhece suas pr\u00f3prias emo\u00e7\u00f5es, mas tamb\u00e9m tem a sensibilidade de perceber e lidar com os sentimentos de sua equipe. Essa habilidade \u00e9 crucial para gerenciar conflitos, fortalecer rela\u00e7\u00f5es e promover uma cultura organizacional positiva.<\/p>\n\n\n\n<div class=\"wp-block-image\"><figure class=\"aligncenter size-large is-resized\"><a href=\"https:\/\/www.instagram.com\/esteiochurrascaria\/\"><img loading=\"lazy\" decoding=\"async\" src=\"https:\/\/jornalfatosenoticias.com.br\/wp-content\/uploads\/2022\/02\/LOGO-ESTEIO-1024x730.png\" alt=\"\" class=\"wp-image-27942\" width=\"308\" height=\"219\" srcset=\"https:\/\/jornalfatosenoticias.com.br\/wp-content\/uploads\/2022\/02\/LOGO-ESTEIO-1024x730.png 1024w, https:\/\/jornalfatosenoticias.com.br\/wp-content\/uploads\/2022\/02\/LOGO-ESTEIO-300x214.png 300w, https:\/\/jornalfatosenoticias.com.br\/wp-content\/uploads\/2022\/02\/LOGO-ESTEIO-768x548.png 768w, https:\/\/jornalfatosenoticias.com.br\/wp-content\/uploads\/2022\/02\/LOGO-ESTEIO.png 1123w\" sizes=\"auto, (max-width: 308px) 100vw, 308px\" \/><\/a><\/figure><\/div>\n\n\n\n<p><strong><span class=\"has-inline-color has-vivid-cyan-blue-color\">A interse\u00e7\u00e3o entre agilidade e humaniza\u00e7\u00e3o<br><\/span><\/strong>Na pr\u00e1tica, a lideran\u00e7a \u00e1gil e humanizada \u00e9 um equil\u00edbrio din\u00e2mico entre resultados e pessoas. Esses l\u00edderes compreendem que inova\u00e7\u00e3o e colabora\u00e7\u00e3o andam de m\u00e3os dadas. Eles promovem a troca de ideias, incentivam a diversidade de pensamentos e abra\u00e7am a cocria\u00e7\u00e3o como uma forma de encontrar solu\u00e7\u00f5es inovadoras para desafios complexos.<\/p>\n\n\n\n<div class=\"wp-block-image\"><figure class=\"aligncenter size-large is-resized\"><a href=\"https:\/\/www.controlsystems.com.br\/\"><img loading=\"lazy\" decoding=\"async\" src=\"https:\/\/jornalfatosenoticias.com.br\/wp-content\/uploads\/2020\/02\/CONTROL-CS.jpg\" alt=\"\" class=\"wp-image-44991\" width=\"273\" height=\"327\" srcset=\"https:\/\/jornalfatosenoticias.com.br\/wp-content\/uploads\/2020\/02\/CONTROL-CS.jpg 834w, https:\/\/jornalfatosenoticias.com.br\/wp-content\/uploads\/2020\/02\/CONTROL-CS-250x300.jpg 250w, https:\/\/jornalfatosenoticias.com.br\/wp-content\/uploads\/2020\/02\/CONTROL-CS-768x921.jpg 768w\" sizes=\"auto, (max-width: 273px) 100vw, 273px\" \/><\/a><\/figure><\/div>\n\n\n\n<p>Por exemplo, em um ambiente de trabalho remoto \u2014 uma realidade cada vez mais presente \u2014 o l\u00edder \u00e1gil e humanizado n\u00e3o apenas utiliza tecnologias para manter a produtividade, mas tamb\u00e9m investe tempo para conectar-se com sua equipe em um n\u00edvel mais humano. Isso pode incluir desde conversas individuais para entender as necessidades de cada membro at\u00e9 a cria\u00e7\u00e3o de momentos para celebra\u00e7\u00e3o coletiva dos sucessos alcan\u00e7ados.<\/p>\n\n\n\n<div class=\"wp-block-image\"><figure class=\"aligncenter size-large is-resized\"><a href=\"https:\/\/www.facebook.com\/profile.php?id=100069289606145\"><img loading=\"lazy\" decoding=\"async\" src=\"https:\/\/jornalfatosenoticias.com.br\/wp-content\/uploads\/2024\/11\/Guaitolini-Contabilidade-1024x714.jpeg\" alt=\"\" class=\"wp-image-55808\" width=\"317\" height=\"221\" srcset=\"https:\/\/jornalfatosenoticias.com.br\/wp-content\/uploads\/2024\/11\/Guaitolini-Contabilidade-1024x714.jpeg 1024w, https:\/\/jornalfatosenoticias.com.br\/wp-content\/uploads\/2024\/11\/Guaitolini-Contabilidade-300x209.jpeg 300w, https:\/\/jornalfatosenoticias.com.br\/wp-content\/uploads\/2024\/11\/Guaitolini-Contabilidade-768x535.jpeg 768w, https:\/\/jornalfatosenoticias.com.br\/wp-content\/uploads\/2024\/11\/Guaitolini-Contabilidade.jpeg 1280w\" sizes=\"auto, (max-width: 317px) 100vw, 317px\" \/><\/a><\/figure><\/div>\n\n\n\n<p><strong><span class=\"has-inline-color has-vivid-cyan-blue-color\">Desafios e oportunidades<br><\/span><\/strong>\u00c9 claro que liderar dessa forma n\u00e3o \u00e9 isento de desafios. A press\u00e3o por resultados r\u00e1pidos, a necessidade de acompanhar avan\u00e7os tecnol\u00f3gicos e a gest\u00e3o de equipes diversas podem ser desgastantes. Mas \u00e9 exatamente a\u00ed que a verdadeira lideran\u00e7a se destaca.<\/p>\n\n\n\n<div class=\"wp-block-image\"><figure class=\"aligncenter size-large\"><a href=\"https:\/\/cesconetto.com.br\/\"><img loading=\"lazy\" decoding=\"async\" width=\"300\" height=\"250\" src=\"https:\/\/jornalfatosenoticias.com.br\/wp-content\/uploads\/2022\/02\/Banner-2.png\" alt=\"\" class=\"wp-image-27877\"\/><\/a><\/figure><\/div>\n\n\n\n<p>Para superar esses desafios, \u00e9 fundamental que l\u00edderes invistam no seu pr\u00f3prio desenvolvimento. Treinamentos em metodologias \u00e1geis, programas de desenvolvimento de intelig\u00eancia emocional e pr\u00e1ticas de autoconhecimento podem ser poderosas ferramentas para esse aprimoramento. Al\u00e9m disso, l\u00edderes precisam se permitir ser vulner\u00e1veis. Mostrar humanidade \u2014 seja ao admitir erros, pedir ajuda ou celebrar conquistas \u2014 fortalece la\u00e7os e cria um exemplo poderoso para suas equipes.<\/p>\n\n\n\n<div class=\"wp-block-image\"><figure class=\"aligncenter size-large\"><a href=\"https:\/\/www.facebook.com\/vetor.vix\/\"><img loading=\"lazy\" decoding=\"async\" width=\"1024\" height=\"273\" src=\"https:\/\/jornalfatosenoticias.com.br\/wp-content\/uploads\/2023\/09\/vetorvix1024_1.jpg\" alt=\"\" class=\"wp-image-44868\" srcset=\"https:\/\/jornalfatosenoticias.com.br\/wp-content\/uploads\/2023\/09\/vetorvix1024_1.jpg 1024w, https:\/\/jornalfatosenoticias.com.br\/wp-content\/uploads\/2023\/09\/vetorvix1024_1-300x80.jpg 300w, https:\/\/jornalfatosenoticias.com.br\/wp-content\/uploads\/2023\/09\/vetorvix1024_1-768x205.jpg 768w\" sizes=\"auto, (max-width: 1024px) 100vw, 1024px\" \/><\/a><\/figure><\/div>\n\n\n\n<p><strong><span class=\"has-inline-color has-vivid-cyan-blue-color\">Promovendo o futuro: um chamado \u00e0 a\u00e7\u00e3o<br><\/span><\/strong>A transforma\u00e7\u00e3o digital n\u00e3o \u00e9 apenas tecnol\u00f3gica; ela \u00e9 cultural. E os l\u00edderes s\u00e3o os arquitetos dessa nova cultura. S\u00e3o eles que moldam ambientes onde inova\u00e7\u00e3o floresce, onde equipes diversas se sentem valorizadas e onde desafios s\u00e3o enfrentados com coragem e criatividade.<\/p>\n\n\n\n<div class=\"wp-block-image\"><figure class=\"aligncenter size-large is-resized\"><a href=\"https:\/\/www.instagram.com\/ligadossaborespizzaria\/\"><img loading=\"lazy\" decoding=\"async\" src=\"https:\/\/jornalfatosenoticias.com.br\/wp-content\/uploads\/2024\/09\/WhatsApp-Image-2024-09-14-at-22.46.10-819x1024.jpeg\" alt=\"\" class=\"wp-image-54180\" width=\"259\" height=\"324\" srcset=\"https:\/\/jornalfatosenoticias.com.br\/wp-content\/uploads\/2024\/09\/WhatsApp-Image-2024-09-14-at-22.46.10-819x1024.jpeg 819w, https:\/\/jornalfatosenoticias.com.br\/wp-content\/uploads\/2024\/09\/WhatsApp-Image-2024-09-14-at-22.46.10-240x300.jpeg 240w, https:\/\/jornalfatosenoticias.com.br\/wp-content\/uploads\/2024\/09\/WhatsApp-Image-2024-09-14-at-22.46.10-768x960.jpeg 768w, https:\/\/jornalfatosenoticias.com.br\/wp-content\/uploads\/2024\/09\/WhatsApp-Image-2024-09-14-at-22.46.10.jpeg 1024w\" sizes=\"auto, (max-width: 259px) 100vw, 259px\" \/><\/a><\/figure><\/div>\n\n\n\n<p>Se queremos construir organiza\u00e7\u00f5es que prosperem em um mundo em constante mudan\u00e7a, precisamos de l\u00edderes que combinem agilidade e humaniza\u00e7\u00e3o. L\u00edderes que n\u00e3o apenas saibam lidar com a tecnologia, mas que tamb\u00e9m compreendam e respeitem as pessoas por tr\u00e1s dela.<\/p>\n\n\n\n<div class=\"wp-block-image\"><figure class=\"aligncenter size-large is-resized\"><a href=\"https:\/\/hotelmarquetti.com.br\/\"><img loading=\"lazy\" decoding=\"async\" src=\"https:\/\/jornalfatosenoticias.com.br\/wp-content\/uploads\/2020\/02\/nova-logo-Marquetti.jpg\" alt=\"\" class=\"wp-image-22331\" width=\"313\" height=\"210\" srcset=\"https:\/\/jornalfatosenoticias.com.br\/wp-content\/uploads\/2020\/02\/nova-logo-Marquetti.jpg 643w, https:\/\/jornalfatosenoticias.com.br\/wp-content\/uploads\/2020\/02\/nova-logo-Marquetti-300x202.jpg 300w\" sizes=\"auto, (max-width: 313px) 100vw, 313px\" \/><\/a><\/figure><\/div>\n\n\n\n<p>Que este seja um chamado \u00e0 a\u00e7\u00e3o para todas n\u00f3s, mulheres e homens, que desejamos liderar com prop\u00f3sito e paix\u00e3o. Afinal, o futuro \u00e9 constru\u00eddo por l\u00edderes que ousam unir o melhor de dois mundos: a mente \u00e1gil e o cora\u00e7\u00e3o humano.<\/p>\n","protected":false},"excerpt":{"rendered":"<p>Vivemos em tempos de mudan\u00e7as r\u00e1pidas, onde a tecnologia n\u00e3o apenas molda a maneira como trabalhamos, mas tamb\u00e9m redefine o papel do l\u00edder. Na era da transforma\u00e7\u00e3o digital, a lideran\u00e7a deixou de ser baseada apenas em autoridade hier\u00e1rquica e passou a se concentrar em um equil\u00edbrio essencial entre habilidades t\u00e9cnicas e intelig\u00eancia emocional. Essa evolu\u00e7\u00e3o [&hellip;]<\/p>\n","protected":false},"author":37,"featured_media":56182,"comment_status":"open","ping_status":"open","sticky":false,"template":"","format":"standard","meta":{"footnotes":""},"categories":[5],"tags":[25628,53,7182,1059,25627,198],"class_list":["post-56181","post","type-post","status-publish","format-standard","has-post-thumbnail","hentry","category-geral","tag-era-da-transformacao-digital","tag-inteligencia-artificial","tag-inteligencia-emocional","tag-lider","tag-lideranca-agil-e-humanizada","tag-tecnologia"],"yoast_head":"<!-- This site is optimized with the Yoast SEO plugin v26.5 - https:\/\/yoast.com\/wordpress\/plugins\/seo\/ -->\n<title>Lideran\u00e7a \u00e1gil e humanizada: o papel do l\u00edder na era da transforma\u00e7\u00e3o digital - Jornal Fatos e Not\u00edcias<\/title>\n<meta name=\"robots\" content=\"index, follow, max-snippet:-1, max-image-preview:large, max-video-preview:-1\" \/>\n<link rel=\"canonical\" href=\"https:\/\/jornalfatosenoticias.com.br\/index.php\/2024\/12\/05\/lideranca-agil-e-humanizada-o-papel-do-lider-na-era-da-transformacao-digital\/\" \/>\n<meta property=\"og:locale\" content=\"pt_BR\" \/>\n<meta property=\"og:type\" content=\"article\" \/>\n<meta property=\"og:title\" content=\"Lideran\u00e7a \u00e1gil e humanizada: o papel do l\u00edder na era da transforma\u00e7\u00e3o digital - Jornal Fatos e Not\u00edcias\" \/>\n<meta property=\"og:description\" content=\"Vivemos em tempos de mudan\u00e7as r\u00e1pidas, onde a tecnologia n\u00e3o apenas molda a maneira como trabalhamos, mas tamb\u00e9m redefine o papel do l\u00edder. Na era da transforma\u00e7\u00e3o digital, a lideran\u00e7a deixou de ser baseada apenas em autoridade hier\u00e1rquica e passou a se concentrar em um equil\u00edbrio essencial entre habilidades t\u00e9cnicas e intelig\u00eancia emocional. Essa evolu\u00e7\u00e3o [&hellip;]\" \/>\n<meta property=\"og:url\" content=\"https:\/\/jornalfatosenoticias.com.br\/index.php\/2024\/12\/05\/lideranca-agil-e-humanizada-o-papel-do-lider-na-era-da-transformacao-digital\/\" \/>\n<meta property=\"og:site_name\" content=\"Jornal Fatos e Not\u00edcias\" \/>\n<meta property=\"article:published_time\" content=\"2024-12-06T00:14:45+00:00\" \/>\n<meta property=\"article:modified_time\" content=\"2024-12-06T00:14:47+00:00\" \/>\n<meta property=\"og:image\" content=\"https:\/\/jornalfatosenoticias.com.br\/wp-content\/uploads\/2024\/12\/Lideranca_Pinterest.jpg\" \/>\n\t<meta property=\"og:image:width\" content=\"736\" \/>\n\t<meta property=\"og:image:height\" content=\"736\" \/>\n\t<meta property=\"og:image:type\" content=\"image\/jpeg\" \/>\n<meta name=\"author\" content=\"Milena Rohr\" \/>\n<meta name=\"twitter:card\" content=\"summary_large_image\" \/>\n<meta name=\"twitter:label1\" content=\"Escrito por\" \/>\n\t<meta name=\"twitter:data1\" content=\"Milena Rohr\" \/>\n\t<meta name=\"twitter:label2\" content=\"Est. tempo de leitura\" \/>\n\t<meta name=\"twitter:data2\" content=\"4 minutos\" \/>\n<script type=\"application\/ld+json\" class=\"yoast-schema-graph\">{\"@context\":\"https:\/\/schema.org\",\"@graph\":[{\"@type\":\"Article\",\"@id\":\"https:\/\/jornalfatosenoticias.com.br\/index.php\/2024\/12\/05\/lideranca-agil-e-humanizada-o-papel-do-lider-na-era-da-transformacao-digital\/#article\",\"isPartOf\":{\"@id\":\"https:\/\/jornalfatosenoticias.com.br\/index.php\/2024\/12\/05\/lideranca-agil-e-humanizada-o-papel-do-lider-na-era-da-transformacao-digital\/\"},\"author\":{\"name\":\"Milena Rohr\",\"@id\":\"https:\/\/jornalfatosenoticias.com.br\/#\/schema\/person\/bd76a40517f387e41cc072b0d3c7d627\"},\"headline\":\"Lideran\u00e7a \u00e1gil e humanizada: o papel do l\u00edder na era da transforma\u00e7\u00e3o digital\",\"datePublished\":\"2024-12-06T00:14:45+00:00\",\"dateModified\":\"2024-12-06T00:14:47+00:00\",\"mainEntityOfPage\":{\"@id\":\"https:\/\/jornalfatosenoticias.com.br\/index.php\/2024\/12\/05\/lideranca-agil-e-humanizada-o-papel-do-lider-na-era-da-transformacao-digital\/\"},\"wordCount\":828,\"commentCount\":0,\"publisher\":{\"@id\":\"https:\/\/jornalfatosenoticias.com.br\/#organization\"},\"image\":{\"@id\":\"https:\/\/jornalfatosenoticias.com.br\/index.php\/2024\/12\/05\/lideranca-agil-e-humanizada-o-papel-do-lider-na-era-da-transformacao-digital\/#primaryimage\"},\"thumbnailUrl\":\"https:\/\/jornalfatosenoticias.com.br\/wp-content\/uploads\/2024\/12\/Lideranca_Pinterest.jpg\",\"keywords\":[\"era da transforma\u00e7\u00e3o digital\",\"intelig\u00eancia artificial\",\"intelig\u00eancia emocional\",\"l\u00edder\",\"lideran\u00e7a \u00e1gil e humanizada\",\"tecnologia\"],\"articleSection\":[\"Geral\"],\"inLanguage\":\"pt-BR\",\"potentialAction\":[{\"@type\":\"CommentAction\",\"name\":\"Comment\",\"target\":[\"https:\/\/jornalfatosenoticias.com.br\/index.php\/2024\/12\/05\/lideranca-agil-e-humanizada-o-papel-do-lider-na-era-da-transformacao-digital\/#respond\"]}]},{\"@type\":\"WebPage\",\"@id\":\"https:\/\/jornalfatosenoticias.com.br\/index.php\/2024\/12\/05\/lideranca-agil-e-humanizada-o-papel-do-lider-na-era-da-transformacao-digital\/\",\"url\":\"https:\/\/jornalfatosenoticias.com.br\/index.php\/2024\/12\/05\/lideranca-agil-e-humanizada-o-papel-do-lider-na-era-da-transformacao-digital\/\",\"name\":\"Lideran\u00e7a \u00e1gil e humanizada: o papel do l\u00edder na era da transforma\u00e7\u00e3o digital - Jornal Fatos e Not\u00edcias\",\"isPartOf\":{\"@id\":\"https:\/\/jornalfatosenoticias.com.br\/#website\"},\"primaryImageOfPage\":{\"@id\":\"https:\/\/jornalfatosenoticias.com.br\/index.php\/2024\/12\/05\/lideranca-agil-e-humanizada-o-papel-do-lider-na-era-da-transformacao-digital\/#primaryimage\"},\"image\":{\"@id\":\"https:\/\/jornalfatosenoticias.com.br\/index.php\/2024\/12\/05\/lideranca-agil-e-humanizada-o-papel-do-lider-na-era-da-transformacao-digital\/#primaryimage\"},\"thumbnailUrl\":\"https:\/\/jornalfatosenoticias.com.br\/wp-content\/uploads\/2024\/12\/Lideranca_Pinterest.jpg\",\"datePublished\":\"2024-12-06T00:14:45+00:00\",\"dateModified\":\"2024-12-06T00:14:47+00:00\",\"breadcrumb\":{\"@id\":\"https:\/\/jornalfatosenoticias.com.br\/index.php\/2024\/12\/05\/lideranca-agil-e-humanizada-o-papel-do-lider-na-era-da-transformacao-digital\/#breadcrumb\"},\"inLanguage\":\"pt-BR\",\"potentialAction\":[{\"@type\":\"ReadAction\",\"target\":[\"https:\/\/jornalfatosenoticias.com.br\/index.php\/2024\/12\/05\/lideranca-agil-e-humanizada-o-papel-do-lider-na-era-da-transformacao-digital\/\"]}]},{\"@type\":\"ImageObject\",\"inLanguage\":\"pt-BR\",\"@id\":\"https:\/\/jornalfatosenoticias.com.br\/index.php\/2024\/12\/05\/lideranca-agil-e-humanizada-o-papel-do-lider-na-era-da-transformacao-digital\/#primaryimage\",\"url\":\"https:\/\/jornalfatosenoticias.com.br\/wp-content\/uploads\/2024\/12\/Lideranca_Pinterest.jpg\",\"contentUrl\":\"https:\/\/jornalfatosenoticias.com.br\/wp-content\/uploads\/2024\/12\/Lideranca_Pinterest.jpg\",\"width\":736,\"height\":736},{\"@type\":\"BreadcrumbList\",\"@id\":\"https:\/\/jornalfatosenoticias.com.br\/index.php\/2024\/12\/05\/lideranca-agil-e-humanizada-o-papel-do-lider-na-era-da-transformacao-digital\/#breadcrumb\",\"itemListElement\":[{\"@type\":\"ListItem\",\"position\":1,\"name\":\"In\u00edcio\",\"item\":\"https:\/\/jornalfatosenoticias.com.br\/\"},{\"@type\":\"ListItem\",\"position\":2,\"name\":\"Lideran\u00e7a \u00e1gil e humanizada: o papel do l\u00edder na era da transforma\u00e7\u00e3o digital\"}]},{\"@type\":\"WebSite\",\"@id\":\"https:\/\/jornalfatosenoticias.com.br\/#website\",\"url\":\"https:\/\/jornalfatosenoticias.com.br\/\",\"name\":\"Jornal Fatos e Not\u00edcias\",\"description\":\"Not\u00edcias em geral\",\"publisher\":{\"@id\":\"https:\/\/jornalfatosenoticias.com.br\/#organization\"},\"potentialAction\":[{\"@type\":\"SearchAction\",\"target\":{\"@type\":\"EntryPoint\",\"urlTemplate\":\"https:\/\/jornalfatosenoticias.com.br\/?s={search_term_string}\"},\"query-input\":{\"@type\":\"PropertyValueSpecification\",\"valueRequired\":true,\"valueName\":\"search_term_string\"}}],\"inLanguage\":\"pt-BR\"},{\"@type\":\"Organization\",\"@id\":\"https:\/\/jornalfatosenoticias.com.br\/#organization\",\"name\":\"Jornal Fatos e Not\u00edcias\",\"url\":\"https:\/\/jornalfatosenoticias.com.br\/\",\"logo\":{\"@type\":\"ImageObject\",\"inLanguage\":\"pt-BR\",\"@id\":\"https:\/\/jornalfatosenoticias.com.br\/#\/schema\/logo\/image\/\",\"url\":\"https:\/\/jornalfatosenoticias.com.br\/wp-content\/uploads\/2020\/02\/logo120.png\",\"contentUrl\":\"https:\/\/jornalfatosenoticias.com.br\/wp-content\/uploads\/2020\/02\/logo120.png\",\"width\":1227,\"height\":120,\"caption\":\"Jornal Fatos e Not\u00edcias\"},\"image\":{\"@id\":\"https:\/\/jornalfatosenoticias.com.br\/#\/schema\/logo\/image\/\"}},{\"@type\":\"Person\",\"@id\":\"https:\/\/jornalfatosenoticias.com.br\/#\/schema\/person\/bd76a40517f387e41cc072b0d3c7d627\",\"name\":\"Milena Rohr\",\"image\":{\"@type\":\"ImageObject\",\"inLanguage\":\"pt-BR\",\"@id\":\"https:\/\/jornalfatosenoticias.com.br\/#\/schema\/person\/image\/\",\"url\":\"https:\/\/jornalfatosenoticias.com.br\/wp-content\/uploads\/2026\/03\/Milena-Rohr_portal-150x150.jpg\",\"contentUrl\":\"https:\/\/jornalfatosenoticias.com.br\/wp-content\/uploads\/2026\/03\/Milena-Rohr_portal-150x150.jpg\",\"caption\":\"Milena Rohr\"},\"description\":\"Milena Rohr S\u00f3cia e diretora do MasterMind (Funda\u00e7\u00e3o Napoleon Hill), Gestora Empresarial, Embaixadora do BNI, Palestrante, Escritora, Colunista e Mentora FRST do Grupo Falconi\",\"url\":\"https:\/\/jornalfatosenoticias.com.br\/index.php\/author\/milena-rhor\/\"}]}<\/script>\n<!-- \/ Yoast SEO plugin. -->","yoast_head_json":{"title":"Lideran\u00e7a \u00e1gil e humanizada: o papel do l\u00edder na era da transforma\u00e7\u00e3o digital - Jornal Fatos e Not\u00edcias","robots":{"index":"index","follow":"follow","max-snippet":"max-snippet:-1","max-image-preview":"max-image-preview:large","max-video-preview":"max-video-preview:-1"},"canonical":"https:\/\/jornalfatosenoticias.com.br\/index.php\/2024\/12\/05\/lideranca-agil-e-humanizada-o-papel-do-lider-na-era-da-transformacao-digital\/","og_locale":"pt_BR","og_type":"article","og_title":"Lideran\u00e7a \u00e1gil e humanizada: o papel do l\u00edder na era da transforma\u00e7\u00e3o digital - Jornal Fatos e Not\u00edcias","og_description":"Vivemos em tempos de mudan\u00e7as r\u00e1pidas, onde a tecnologia n\u00e3o apenas molda a maneira como trabalhamos, mas tamb\u00e9m redefine o papel do l\u00edder. Na era da transforma\u00e7\u00e3o digital, a lideran\u00e7a deixou de ser baseada apenas em autoridade hier\u00e1rquica e passou a se concentrar em um equil\u00edbrio essencial entre habilidades t\u00e9cnicas e intelig\u00eancia emocional. Essa evolu\u00e7\u00e3o [&hellip;]","og_url":"https:\/\/jornalfatosenoticias.com.br\/index.php\/2024\/12\/05\/lideranca-agil-e-humanizada-o-papel-do-lider-na-era-da-transformacao-digital\/","og_site_name":"Jornal Fatos e Not\u00edcias","article_published_time":"2024-12-06T00:14:45+00:00","article_modified_time":"2024-12-06T00:14:47+00:00","og_image":[{"width":736,"height":736,"url":"https:\/\/jornalfatosenoticias.com.br\/wp-content\/uploads\/2024\/12\/Lideranca_Pinterest.jpg","type":"image\/jpeg"}],"author":"Milena Rohr","twitter_card":"summary_large_image","twitter_misc":{"Escrito por":"Milena Rohr","Est. tempo de leitura":"4 minutos"},"schema":{"@context":"https:\/\/schema.org","@graph":[{"@type":"Article","@id":"https:\/\/jornalfatosenoticias.com.br\/index.php\/2024\/12\/05\/lideranca-agil-e-humanizada-o-papel-do-lider-na-era-da-transformacao-digital\/#article","isPartOf":{"@id":"https:\/\/jornalfatosenoticias.com.br\/index.php\/2024\/12\/05\/lideranca-agil-e-humanizada-o-papel-do-lider-na-era-da-transformacao-digital\/"},"author":{"name":"Milena Rohr","@id":"https:\/\/jornalfatosenoticias.com.br\/#\/schema\/person\/bd76a40517f387e41cc072b0d3c7d627"},"headline":"Lideran\u00e7a \u00e1gil e humanizada: o papel do l\u00edder na era da transforma\u00e7\u00e3o digital","datePublished":"2024-12-06T00:14:45+00:00","dateModified":"2024-12-06T00:14:47+00:00","mainEntityOfPage":{"@id":"https:\/\/jornalfatosenoticias.com.br\/index.php\/2024\/12\/05\/lideranca-agil-e-humanizada-o-papel-do-lider-na-era-da-transformacao-digital\/"},"wordCount":828,"commentCount":0,"publisher":{"@id":"https:\/\/jornalfatosenoticias.com.br\/#organization"},"image":{"@id":"https:\/\/jornalfatosenoticias.com.br\/index.php\/2024\/12\/05\/lideranca-agil-e-humanizada-o-papel-do-lider-na-era-da-transformacao-digital\/#primaryimage"},"thumbnailUrl":"https:\/\/jornalfatosenoticias.com.br\/wp-content\/uploads\/2024\/12\/Lideranca_Pinterest.jpg","keywords":["era da transforma\u00e7\u00e3o digital","intelig\u00eancia artificial","intelig\u00eancia emocional","l\u00edder","lideran\u00e7a \u00e1gil e humanizada","tecnologia"],"articleSection":["Geral"],"inLanguage":"pt-BR","potentialAction":[{"@type":"CommentAction","name":"Comment","target":["https:\/\/jornalfatosenoticias.com.br\/index.php\/2024\/12\/05\/lideranca-agil-e-humanizada-o-papel-do-lider-na-era-da-transformacao-digital\/#respond"]}]},{"@type":"WebPage","@id":"https:\/\/jornalfatosenoticias.com.br\/index.php\/2024\/12\/05\/lideranca-agil-e-humanizada-o-papel-do-lider-na-era-da-transformacao-digital\/","url":"https:\/\/jornalfatosenoticias.com.br\/index.php\/2024\/12\/05\/lideranca-agil-e-humanizada-o-papel-do-lider-na-era-da-transformacao-digital\/","name":"Lideran\u00e7a \u00e1gil e humanizada: o papel do l\u00edder na era da transforma\u00e7\u00e3o digital - Jornal Fatos e Not\u00edcias","isPartOf":{"@id":"https:\/\/jornalfatosenoticias.com.br\/#website"},"primaryImageOfPage":{"@id":"https:\/\/jornalfatosenoticias.com.br\/index.php\/2024\/12\/05\/lideranca-agil-e-humanizada-o-papel-do-lider-na-era-da-transformacao-digital\/#primaryimage"},"image":{"@id":"https:\/\/jornalfatosenoticias.com.br\/index.php\/2024\/12\/05\/lideranca-agil-e-humanizada-o-papel-do-lider-na-era-da-transformacao-digital\/#primaryimage"},"thumbnailUrl":"https:\/\/jornalfatosenoticias.com.br\/wp-content\/uploads\/2024\/12\/Lideranca_Pinterest.jpg","datePublished":"2024-12-06T00:14:45+00:00","dateModified":"2024-12-06T00:14:47+00:00","breadcrumb":{"@id":"https:\/\/jornalfatosenoticias.com.br\/index.php\/2024\/12\/05\/lideranca-agil-e-humanizada-o-papel-do-lider-na-era-da-transformacao-digital\/#breadcrumb"},"inLanguage":"pt-BR","potentialAction":[{"@type":"ReadAction","target":["https:\/\/jornalfatosenoticias.com.br\/index.php\/2024\/12\/05\/lideranca-agil-e-humanizada-o-papel-do-lider-na-era-da-transformacao-digital\/"]}]},{"@type":"ImageObject","inLanguage":"pt-BR","@id":"https:\/\/jornalfatosenoticias.com.br\/index.php\/2024\/12\/05\/lideranca-agil-e-humanizada-o-papel-do-lider-na-era-da-transformacao-digital\/#primaryimage","url":"https:\/\/jornalfatosenoticias.com.br\/wp-content\/uploads\/2024\/12\/Lideranca_Pinterest.jpg","contentUrl":"https:\/\/jornalfatosenoticias.com.br\/wp-content\/uploads\/2024\/12\/Lideranca_Pinterest.jpg","width":736,"height":736},{"@type":"BreadcrumbList","@id":"https:\/\/jornalfatosenoticias.com.br\/index.php\/2024\/12\/05\/lideranca-agil-e-humanizada-o-papel-do-lider-na-era-da-transformacao-digital\/#breadcrumb","itemListElement":[{"@type":"ListItem","position":1,"name":"In\u00edcio","item":"https:\/\/jornalfatosenoticias.com.br\/"},{"@type":"ListItem","position":2,"name":"Lideran\u00e7a \u00e1gil e humanizada: o papel do l\u00edder na era da transforma\u00e7\u00e3o digital"}]},{"@type":"WebSite","@id":"https:\/\/jornalfatosenoticias.com.br\/#website","url":"https:\/\/jornalfatosenoticias.com.br\/","name":"Jornal Fatos e Not\u00edcias","description":"Not\u00edcias em geral","publisher":{"@id":"https:\/\/jornalfatosenoticias.com.br\/#organization"},"potentialAction":[{"@type":"SearchAction","target":{"@type":"EntryPoint","urlTemplate":"https:\/\/jornalfatosenoticias.com.br\/?s={search_term_string}"},"query-input":{"@type":"PropertyValueSpecification","valueRequired":true,"valueName":"search_term_string"}}],"inLanguage":"pt-BR"},{"@type":"Organization","@id":"https:\/\/jornalfatosenoticias.com.br\/#organization","name":"Jornal Fatos e Not\u00edcias","url":"https:\/\/jornalfatosenoticias.com.br\/","logo":{"@type":"ImageObject","inLanguage":"pt-BR","@id":"https:\/\/jornalfatosenoticias.com.br\/#\/schema\/logo\/image\/","url":"https:\/\/jornalfatosenoticias.com.br\/wp-content\/uploads\/2020\/02\/logo120.png","contentUrl":"https:\/\/jornalfatosenoticias.com.br\/wp-content\/uploads\/2020\/02\/logo120.png","width":1227,"height":120,"caption":"Jornal Fatos e Not\u00edcias"},"image":{"@id":"https:\/\/jornalfatosenoticias.com.br\/#\/schema\/logo\/image\/"}},{"@type":"Person","@id":"https:\/\/jornalfatosenoticias.com.br\/#\/schema\/person\/bd76a40517f387e41cc072b0d3c7d627","name":"Milena Rohr","image":{"@type":"ImageObject","inLanguage":"pt-BR","@id":"https:\/\/jornalfatosenoticias.com.br\/#\/schema\/person\/image\/","url":"https:\/\/jornalfatosenoticias.com.br\/wp-content\/uploads\/2026\/03\/Milena-Rohr_portal-150x150.jpg","contentUrl":"https:\/\/jornalfatosenoticias.com.br\/wp-content\/uploads\/2026\/03\/Milena-Rohr_portal-150x150.jpg","caption":"Milena Rohr"},"description":"Milena Rohr S\u00f3cia e diretora do MasterMind (Funda\u00e7\u00e3o Napoleon Hill), Gestora Empresarial, Embaixadora do BNI, Palestrante, Escritora, Colunista e Mentora FRST do Grupo Falconi","url":"https:\/\/jornalfatosenoticias.com.br\/index.php\/author\/milena-rhor\/"}]}},"cc_featured_image_caption":{"caption_text":"(Foto: Pinterest)","source_text":"","source_url":""},"jetpack_featured_media_url":"https:\/\/jornalfatosenoticias.com.br\/wp-content\/uploads\/2024\/12\/Lideranca_Pinterest.jpg","_links":{"self":[{"href":"https:\/\/jornalfatosenoticias.com.br\/index.php\/wp-json\/wp\/v2\/posts\/56181","targetHints":{"allow":["GET"]}}],"collection":[{"href":"https:\/\/jornalfatosenoticias.com.br\/index.php\/wp-json\/wp\/v2\/posts"}],"about":[{"href":"https:\/\/jornalfatosenoticias.com.br\/index.php\/wp-json\/wp\/v2\/types\/post"}],"author":[{"embeddable":true,"href":"https:\/\/jornalfatosenoticias.com.br\/index.php\/wp-json\/wp\/v2\/users\/37"}],"replies":[{"embeddable":true,"href":"https:\/\/jornalfatosenoticias.com.br\/index.php\/wp-json\/wp\/v2\/comments?post=56181"}],"version-history":[{"count":0,"href":"https:\/\/jornalfatosenoticias.com.br\/index.php\/wp-json\/wp\/v2\/posts\/56181\/revisions"}],"wp:featuredmedia":[{"embeddable":true,"href":"https:\/\/jornalfatosenoticias.com.br\/index.php\/wp-json\/wp\/v2\/media\/56182"}],"wp:attachment":[{"href":"https:\/\/jornalfatosenoticias.com.br\/index.php\/wp-json\/wp\/v2\/media?parent=56181"}],"wp:term":[{"taxonomy":"category","embeddable":true,"href":"https:\/\/jornalfatosenoticias.com.br\/index.php\/wp-json\/wp\/v2\/categories?post=56181"},{"taxonomy":"post_tag","embeddable":true,"href":"https:\/\/jornalfatosenoticias.com.br\/index.php\/wp-json\/wp\/v2\/tags?post=56181"}],"curies":[{"name":"wp","href":"https:\/\/api.w.org\/{rel}","templated":true}]}}