{"id":56198,"date":"2024-12-05T22:15:37","date_gmt":"2024-12-06T01:15:37","guid":{"rendered":"https:\/\/jornalfatosenoticias.com.br\/?p=56198"},"modified":"2024-12-05T22:15:39","modified_gmt":"2024-12-06T01:15:39","slug":"a-semana-no-brasil-e-no-mundo-crise-nos-correios-atinge-nivel-critico-com-deficit-de-r-2-bilhoes-em-2024","status":"publish","type":"post","link":"https:\/\/jornalfatosenoticias.com.br\/index.php\/2024\/12\/05\/a-semana-no-brasil-e-no-mundo-crise-nos-correios-atinge-nivel-critico-com-deficit-de-r-2-bilhoes-em-2024\/","title":{"rendered":"A Semana no Brasil e no Mundo \u2014 crise nos Correios atinge n\u00edvel cr\u00edtico com d\u00e9ficit de R$ 2 bilh\u00f5es em 2024"},"content":{"rendered":"\n<div class=\"wp-block-image\"><figure class=\"aligncenter size-large\"><a href=\"https:\/\/mizu.com.br\/\"><img loading=\"lazy\" decoding=\"async\" width=\"729\" height=\"90\" src=\"https:\/\/jornalfatosenoticias.com.br\/wp-content\/uploads\/2020\/02\/Logo_Mizu.png\" alt=\"\" class=\"wp-image-1441\" srcset=\"https:\/\/jornalfatosenoticias.com.br\/wp-content\/uploads\/2020\/02\/Logo_Mizu.png 729w, https:\/\/jornalfatosenoticias.com.br\/wp-content\/uploads\/2020\/02\/Logo_Mizu-300x37.png 300w\" sizes=\"auto, (max-width: 729px) 100vw, 729px\" \/><\/a><\/figure><\/div>\n\n\n\n<p>A crise financeira que abate a Empresa Brasileira de Correios e Tel\u00e9grafos alcan\u00e7ou n\u00edveis alarmantes em 2024. A estatal precisou adotar medidas emergenciais para evitar um colapso completo. O resultado operacional entre janeiro e setembro de 2024 apresentou um d\u00e9ficit de R$ 2 bilh\u00f5es. Esse valor se aproxima de superar o pior desempenho da hist\u00f3ria dos Correios, registrado em 2015, quando o preju\u00edzo anual chegou a R$ 2,1 bilh\u00f5es.<br>Esse desempenho negativo ocorre em um momento no qual a estatal tenta se reerguer, enfrentando severas restri\u00e7\u00f5es or\u00e7ament\u00e1rias e d\u00edvidas acumuladas. De acordo com o Poder360, em um documento sigiloso da Ger\u00eancia de Or\u00e7amento, datado de 11 de outubro de 2024, a situa\u00e7\u00e3o \u00e9 descrita de maneira extremamente cr\u00edtica sem conseguir manter um \u201cpatamar razo\u00e1vel de equil\u00edbrio entre Receitas e Despesas\u201d. O saldo em caixa reduziu cerca de R$ 1,81 bilh\u00e3o desde o in\u00edcio do ano.<\/p>\n\n\n\n<div class=\"wp-block-image\"><figure class=\"aligncenter size-large\"><a href=\"http:\/\/www.ferrarimaquinas.com.br\/\"><img loading=\"lazy\" decoding=\"async\" width=\"300\" height=\"250\" src=\"https:\/\/jornalfatosenoticias.com.br\/wp-content\/uploads\/2022\/02\/FERRARI_MAQUINAS-E-FERRAMENTAS2.jpg\" alt=\"\" class=\"wp-image-27860\"\/><\/a><\/figure><\/div>\n\n\n\n<p>Estima-se que, ao final do exerc\u00edcio de 2024, as disponibilidades de caixa sejam 83% inferiores \u00e0s registradas no come\u00e7o do ano. Em resposta, a estatal estabeleceu um teto or\u00e7ament\u00e1rio de R$ 21,96 bilh\u00f5es. Esse teto inclui a suspens\u00e3o tempor\u00e1ria de contrata\u00e7\u00f5es, renegocia\u00e7\u00e3o de contratos e prorroga\u00e7\u00e3o de vig\u00eancias apenas mediante economias concretizadas.<\/p>\n\n\n\n<div class=\"wp-block-image\"><figure class=\"aligncenter size-large is-resized\"><a href=\"https:\/\/www.instagram.com\/serra4x4cambioautomatico\/\"><img loading=\"lazy\" decoding=\"async\" src=\"https:\/\/jornalfatosenoticias.com.br\/wp-content\/uploads\/2024\/08\/Serra-4x4-1-886x1024.jpg\" alt=\"\" class=\"wp-image-53632\" width=\"292\" height=\"337\" srcset=\"https:\/\/jornalfatosenoticias.com.br\/wp-content\/uploads\/2024\/08\/Serra-4x4-1-886x1024.jpg 886w, https:\/\/jornalfatosenoticias.com.br\/wp-content\/uploads\/2024\/08\/Serra-4x4-1-260x300.jpg 260w, https:\/\/jornalfatosenoticias.com.br\/wp-content\/uploads\/2024\/08\/Serra-4x4-1-768x888.jpg 768w, https:\/\/jornalfatosenoticias.com.br\/wp-content\/uploads\/2024\/08\/Serra-4x4-1.jpg 1181w\" sizes=\"auto, (max-width: 292px) 100vw, 292px\" \/><\/a><\/figure><\/div>\n\n\n\n<p>O impacto financeiro mais recente tamb\u00e9m inclui a desist\u00eancia dos Correios em a\u00e7\u00f5es trabalhistas avaliadas em cerca de R$ 1 bilh\u00e3o. Esse movimento gerou ainda mais press\u00e3o sobre o caixa da estatal. Al\u00e9m disso, a empresa cita que a \u201ctaxa das blusinhas\u201d \u2014 imposto sobre compras internacionais abaixo de 50 d\u00f3lares \u2014 teve um impacto negativo de aproximadamente R$ 1 bilh\u00e3o na receita anual. Esse imposto reduziu o n\u00famero de encomendas provenientes do exterior.<br>A estimativa \u00e9 que a receita projetada para 2024, inicialmente de R$ 22,7 bilh\u00f5es, seja reduzida para R$ 20,1 bilh\u00f5es. J\u00e1 as despesas, ap\u00f3s medidas administrativas, foram ajustadas para R$ 21,9 bilh\u00f5es. Isso representa uma economia de cerca de R$ 600 milh\u00f5es em compara\u00e7\u00e3o a 2023.<\/p>\n\n\n\n<div class=\"wp-block-image\"><figure class=\"aligncenter size-large is-resized\"><a href=\"https:\/\/www.instagram.com\/restaurantepegoretti\/\"><img loading=\"lazy\" decoding=\"async\" src=\"https:\/\/jornalfatosenoticias.com.br\/wp-content\/uploads\/2023\/12\/pegoretti-logo-pdf-1024x389.jpg\" alt=\"\" class=\"wp-image-47536\" width=\"461\" height=\"175\" srcset=\"https:\/\/jornalfatosenoticias.com.br\/wp-content\/uploads\/2023\/12\/pegoretti-logo-pdf-1024x389.jpg 1024w, https:\/\/jornalfatosenoticias.com.br\/wp-content\/uploads\/2023\/12\/pegoretti-logo-pdf-300x114.jpg 300w, https:\/\/jornalfatosenoticias.com.br\/wp-content\/uploads\/2023\/12\/pegoretti-logo-pdf-768x291.jpg 768w, https:\/\/jornalfatosenoticias.com.br\/wp-content\/uploads\/2023\/12\/pegoretti-logo-pdf.jpg 1120w\" sizes=\"auto, (max-width: 461px) 100vw, 461px\" \/><\/a><\/figure><\/div>\n\n\n\n<p>A necessidade de conten\u00e7\u00e3o de despesas levou os Correios a decretar em outubro a suspens\u00e3o de contrata\u00e7\u00f5es terceirizadas por pelo menos 120 dias. Al\u00e9m disso, houve a renegocia\u00e7\u00e3o dos contratos vigentes, buscando uma redu\u00e7\u00e3o de pelo menos 10% nos valores bloqueados para os anos de 2024 e 2025.<\/p>\n\n\n\n<div class=\"wp-block-image\"><figure class=\"aligncenter size-large is-resized\"><a href=\"https:\/\/www.facebook.com\/postobkr\/?locale=pt_BR\"><img loading=\"lazy\" decoding=\"async\" src=\"https:\/\/jornalfatosenoticias.com.br\/wp-content\/uploads\/2023\/08\/BKR-1024x1021.jpg\" alt=\"\" class=\"wp-image-44494\" width=\"320\" height=\"319\" srcset=\"https:\/\/jornalfatosenoticias.com.br\/wp-content\/uploads\/2023\/08\/BKR-1024x1021.jpg 1024w, https:\/\/jornalfatosenoticias.com.br\/wp-content\/uploads\/2023\/08\/BKR-300x300.jpg 300w, https:\/\/jornalfatosenoticias.com.br\/wp-content\/uploads\/2023\/08\/BKR-150x150.jpg 150w, https:\/\/jornalfatosenoticias.com.br\/wp-content\/uploads\/2023\/08\/BKR-768x766.jpg 768w, https:\/\/jornalfatosenoticias.com.br\/wp-content\/uploads\/2023\/08\/BKR.jpg 1080w\" sizes=\"auto, (max-width: 320px) 100vw, 320px\" \/><\/a><\/figure><\/div>\n\n\n\n<p>A continuidade de contratos s\u00f3 ser\u00e1 permitida se houver uma compensa\u00e7\u00e3o financeira que permita \u00e0 estatal manter o equil\u00edbrio de caixa. Essas a\u00e7\u00f5es visam evitar o agravamento do risco de insolv\u00eancia. A insolv\u00eancia significa que a empresa est\u00e1 em risco de n\u00e3o conseguir pagar suas d\u00edvidas e manter suas opera\u00e7\u00f5es por falta de recursos financeiros suficientes, o que pode levar a um colapso financeiro e dever\u00e1 ser recuperada com recursos do Tesouro.<\/p>\n\n\n\n<div class=\"wp-block-image\"><figure class=\"aligncenter size-large is-resized\"><a href=\"https:\/\/www.controlsystems.com.br\/\"><img loading=\"lazy\" decoding=\"async\" src=\"https:\/\/jornalfatosenoticias.com.br\/wp-content\/uploads\/2020\/02\/CONTROL-CS.jpg\" alt=\"\" class=\"wp-image-44991\" width=\"327\" height=\"392\" srcset=\"https:\/\/jornalfatosenoticias.com.br\/wp-content\/uploads\/2020\/02\/CONTROL-CS.jpg 834w, https:\/\/jornalfatosenoticias.com.br\/wp-content\/uploads\/2020\/02\/CONTROL-CS-250x300.jpg 250w, https:\/\/jornalfatosenoticias.com.br\/wp-content\/uploads\/2020\/02\/CONTROL-CS-768x921.jpg 768w\" sizes=\"auto, (max-width: 327px) 100vw, 327px\" \/><\/a><\/figure><\/div>\n\n\n\n<p>A crise financeira da estatal tamb\u00e9m foi atribu\u00edda a um alegado sucateamento ocorrido durante o governo de Jair Bolsonaro, conforme argumentado pela atual gest\u00e3o. A Telebras, tamb\u00e9m retirada dos planos de privatiza\u00e7\u00e3o, enfrenta um quadro similar de endividamento. A empresa foi inclu\u00edda em \u00f3rg\u00e3os de prote\u00e7\u00e3o ao cr\u00e9dito, com d\u00edvidas que somam R$ 200,7 milh\u00f5es. Fabiano Silva dos Santos, advogado e presidente dos Correios, indicado pelo grupo Prerrogativas, \u00e9 alvo de cr\u00edticas.<\/p>\n\n\n\n<div class=\"wp-block-image\"><figure class=\"aligncenter size-large is-resized\"><a href=\"https:\/\/www.facebook.com\/vetor.vix\/\"><img loading=\"lazy\" decoding=\"async\" src=\"https:\/\/jornalfatosenoticias.com.br\/wp-content\/uploads\/2023\/09\/vetorvix1024_1.jpg\" alt=\"\" class=\"wp-image-44868\" width=\"565\" height=\"150\" srcset=\"https:\/\/jornalfatosenoticias.com.br\/wp-content\/uploads\/2023\/09\/vetorvix1024_1.jpg 1024w, https:\/\/jornalfatosenoticias.com.br\/wp-content\/uploads\/2023\/09\/vetorvix1024_1-300x80.jpg 300w, https:\/\/jornalfatosenoticias.com.br\/wp-content\/uploads\/2023\/09\/vetorvix1024_1-768x205.jpg 768w\" sizes=\"auto, (max-width: 565px) 100vw, 565px\" \/><\/a><\/figure><\/div>\n\n\n\n<p>No acumulado deste ano at\u00e9 setembro, as estatais brasileiras registraram um d\u00e9ficit prim\u00e1rio de R$ 7,4 bilh\u00f5es. Esse \u00e9 o maior d\u00e9ficit desde o in\u00edcio da s\u00e9rie hist\u00f3rica em 2002, conforme dados do Minist\u00e9rio da Gest\u00e3o e Inova\u00e7\u00e3o. <strong>(Fonte: Epoch Times Brasil)<\/strong><\/p>\n\n\n\n<div class=\"wp-block-image\"><figure class=\"aligncenter size-large is-resized\"><a href=\"https:\/\/www.legisjuris.com.br\/\"><img loading=\"lazy\" decoding=\"async\" src=\"https:\/\/jornalfatosenoticias.com.br\/wp-content\/uploads\/2024\/09\/Legis-Juris-Consultoria_logo.jpg\" alt=\"\" class=\"wp-image-53915\" width=\"489\" height=\"205\" srcset=\"https:\/\/jornalfatosenoticias.com.br\/wp-content\/uploads\/2024\/09\/Legis-Juris-Consultoria_logo.jpg 969w, https:\/\/jornalfatosenoticias.com.br\/wp-content\/uploads\/2024\/09\/Legis-Juris-Consultoria_logo-300x126.jpg 300w, https:\/\/jornalfatosenoticias.com.br\/wp-content\/uploads\/2024\/09\/Legis-Juris-Consultoria_logo-768x322.jpg 768w\" sizes=\"auto, (max-width: 489px) 100vw, 489px\" \/><\/a><\/figure><\/div>\n\n\n\n<hr class=\"wp-block-separator\"\/>\n\n\n\n<h3 class=\"wp-block-heading\"><span class=\"has-inline-color has-black-color\">Presidente da Coreia do Sul desiste de lei marcial no pa\u00eds<\/span><\/h3>\n\n\n\n<div class=\"wp-block-image\"><figure class=\"aligncenter size-large\"><img loading=\"lazy\" decoding=\"async\" width=\"612\" height=\"408\" src=\"https:\/\/jornalfatosenoticias.com.br\/wp-content\/uploads\/2024\/12\/presidente-coreia-do-sul_gettyimages-1.jpg\" alt=\"\" class=\"wp-image-56203\" srcset=\"https:\/\/jornalfatosenoticias.com.br\/wp-content\/uploads\/2024\/12\/presidente-coreia-do-sul_gettyimages-1.jpg 612w, https:\/\/jornalfatosenoticias.com.br\/wp-content\/uploads\/2024\/12\/presidente-coreia-do-sul_gettyimages-1-300x200.jpg 300w\" sizes=\"auto, (max-width: 612px) 100vw, 612px\" \/><figcaption><em><span class=\"has-inline-color has-black-color\">(Foto: Getty Images)<\/span><\/em><\/figcaption><\/figure><\/div>\n\n\n\n<p>O presidente da Coreia do Sul, Yoon Suk Yeol, suspendeu a lei marcial que imp\u00f4s na ter\u00e7a-feira (3), cedendo \u00e0 press\u00e3o depois que a Assembleia Nacional aprovou uma resolu\u00e7\u00e3o exigindo o fim da medida. O an\u00fancio da revoga\u00e7\u00e3o, feito na madrugada de quarta-feira na Coreia do Sul, ocorreu cinco horas depois de Yoon ter declarado a lei marcial e mobilizado o Ex\u00e9rcito, num movimento que denunciado at\u00e9 mesmo por aliados e que levou milhares de pessoas \u00e0s ruas para protestar. Ap\u00f3s o an\u00fancio da suspens\u00e3o da lei marcial, houve celebra\u00e7\u00f5es nas ruas de diversas cidades do pa\u00eds.<\/p>\n\n\n\n<div class=\"wp-block-image\"><figure class=\"aligncenter size-large is-resized\"><a href=\"https:\/\/www.instagram.com\/vmais.midias\/\"><img loading=\"lazy\" decoding=\"async\" src=\"https:\/\/jornalfatosenoticias.com.br\/wp-content\/uploads\/2020\/02\/DE-MAIS-DESTAQUE-VMAIS-800X700.png\" alt=\"\" class=\"wp-image-53112\" width=\"336\" height=\"293\" srcset=\"https:\/\/jornalfatosenoticias.com.br\/wp-content\/uploads\/2020\/02\/DE-MAIS-DESTAQUE-VMAIS-800X700.png 800w, https:\/\/jornalfatosenoticias.com.br\/wp-content\/uploads\/2020\/02\/DE-MAIS-DESTAQUE-VMAIS-800X700-300x263.png 300w, https:\/\/jornalfatosenoticias.com.br\/wp-content\/uploads\/2020\/02\/DE-MAIS-DESTAQUE-VMAIS-800X700-768x672.png 768w\" sizes=\"auto, (max-width: 336px) 100vw, 336px\" \/><\/a><\/figure><\/div>\n\n\n\n<p>Yoon reuniu-se com seu gabinete, oficializando a medida. Os militares j\u00e1 haviam deixado o Parlamento, onde houve confrontos, salas invadidas e janelas quebradas. As For\u00e7as Armadas sul-coreanas tamb\u00e9m dissolveram o comando montado para a aplica\u00e7\u00e3o da lei marcial. Agora, surgem perguntas sobre quais ser\u00e3o as consequ\u00eancias para Yoon, ap\u00f3s a sua aposta para suspender a Assembleia Nacional e enfraquecer a oposi\u00e7\u00e3o parlamentar fracassar.<\/p>\n\n\n\n<div class=\"wp-block-image\"><figure class=\"aligncenter size-large is-resized\"><a href=\"https:\/\/www.facebook.com\/profile.php?id=100069289606145\"><img loading=\"lazy\" decoding=\"async\" src=\"https:\/\/jornalfatosenoticias.com.br\/wp-content\/uploads\/2024\/11\/Guaitolini-Contabilidade-1024x714.jpeg\" alt=\"\" class=\"wp-image-55808\" width=\"350\" height=\"244\" srcset=\"https:\/\/jornalfatosenoticias.com.br\/wp-content\/uploads\/2024\/11\/Guaitolini-Contabilidade-1024x714.jpeg 1024w, https:\/\/jornalfatosenoticias.com.br\/wp-content\/uploads\/2024\/11\/Guaitolini-Contabilidade-300x209.jpeg 300w, https:\/\/jornalfatosenoticias.com.br\/wp-content\/uploads\/2024\/11\/Guaitolini-Contabilidade-768x535.jpeg 768w, https:\/\/jornalfatosenoticias.com.br\/wp-content\/uploads\/2024\/11\/Guaitolini-Contabilidade.jpeg 1280w\" sizes=\"auto, (max-width: 350px) 100vw, 350px\" \/><\/a><\/figure><\/div>\n\n\n\n<p>Mais cedo, ao decretar estado de lei marcial no pa\u00eds, Yoon havia afirmado que a medida era necess\u00e1ria para proteger o pa\u00eds de &#8220;for\u00e7as comunistas&#8221; em meio a constantes disputas com o Parlamento, controlado pela oposi\u00e7\u00e3o, que desafiou a medida. Pouco depois do an\u00fancio, policiais chegaram a cercar e bloquear os acessos ao Parlamento e militares foram vistos tentando for\u00e7ar sua entrada no pr\u00e9dio, mas alguns come\u00e7aram a deixar o local ap\u00f3s deputados votarem pela derrubada do decreto.<\/p>\n\n\n\n<div class=\"wp-block-image\"><figure class=\"aligncenter size-large\"><a href=\"https:\/\/cesconetto.com.br\/\"><img loading=\"lazy\" decoding=\"async\" width=\"300\" height=\"250\" src=\"https:\/\/jornalfatosenoticias.com.br\/wp-content\/uploads\/2020\/02\/Banner-2.png\" alt=\"\" class=\"wp-image-43787\"\/><\/a><\/figure><\/div>\n\n\n\n<p>&#8220;Para proteger a Coreia do Sul liberal das amea\u00e7as impostas pelas for\u00e7as comunistas da Coreia do Norte e para eliminar elementos antiestatais\u2026 Declaro a lei marcial de emerg\u00eancia&#8221;, havia dito mais cedo o presidente conservador Yoon, sem especificar que amea\u00e7as seriam essas. No mesmo pronunciamento, Yoon havia acusado a oposi\u00e7\u00e3o de paralisar o pa\u00eds. &#8220;Sem nenhuma preocupa\u00e7\u00e3o com o sustento do povo, o partido da oposi\u00e7\u00e3o paralisou a governan\u00e7a com o objetivo de promover impeachments, investiga\u00e7\u00f5es especiais e para proteger seu l\u00edder da Justi\u00e7a&#8221;, disse Yoon. &#8220;Nossa Assembleia Nacional se tornou um ref\u00fagio para criminosos, um antro de ditadura legislativa que busca paralisar os sistemas judici\u00e1rio e administrativo e derrubar nossa ordem democr\u00e1tica liberal&#8221;. <strong>(Fonte: DW)<\/strong><\/p>\n\n\n\n<div class=\"wp-block-image\"><figure class=\"aligncenter size-large is-resized\"><a href=\"https:\/\/www.instagram.com\/ligadossaborespizzaria\/\"><img loading=\"lazy\" decoding=\"async\" src=\"https:\/\/jornalfatosenoticias.com.br\/wp-content\/uploads\/2020\/02\/WhatsApp-Image-2024-10-02-at-08.18.14-819x1024.jpeg\" alt=\"\" class=\"wp-image-54612\" width=\"293\" height=\"366\" srcset=\"https:\/\/jornalfatosenoticias.com.br\/wp-content\/uploads\/2020\/02\/WhatsApp-Image-2024-10-02-at-08.18.14-819x1024.jpeg 819w, https:\/\/jornalfatosenoticias.com.br\/wp-content\/uploads\/2020\/02\/WhatsApp-Image-2024-10-02-at-08.18.14-240x300.jpeg 240w, https:\/\/jornalfatosenoticias.com.br\/wp-content\/uploads\/2020\/02\/WhatsApp-Image-2024-10-02-at-08.18.14-768x960.jpeg 768w, https:\/\/jornalfatosenoticias.com.br\/wp-content\/uploads\/2020\/02\/WhatsApp-Image-2024-10-02-at-08.18.14.jpeg 1024w\" sizes=\"auto, (max-width: 293px) 100vw, 293px\" \/><\/a><\/figure><\/div>\n\n\n\n<hr class=\"wp-block-separator\"\/>\n\n\n\n<h3 class=\"wp-block-heading\"><span class=\"has-inline-color has-black-color\">Manipula\u00e7\u00e3o das ONGs podem criar &#8220;cidades-fantasmas&#8221; no Amazonas, alerta senador<\/span><\/h3>\n\n\n\n<div class=\"wp-block-image\"><figure class=\"aligncenter size-large\"><img loading=\"lazy\" decoding=\"async\" width=\"775\" height=\"500\" src=\"https:\/\/jornalfatosenoticias.com.br\/wp-content\/uploads\/2024\/12\/ONGs-Senador-Plinio-Valerio-e-cidade-de-Silves-Foto-montagem-Portal-BNC.jpg\" alt=\"\" class=\"wp-image-56202\" srcset=\"https:\/\/jornalfatosenoticias.com.br\/wp-content\/uploads\/2024\/12\/ONGs-Senador-Plinio-Valerio-e-cidade-de-Silves-Foto-montagem-Portal-BNC.jpg 775w, https:\/\/jornalfatosenoticias.com.br\/wp-content\/uploads\/2024\/12\/ONGs-Senador-Plinio-Valerio-e-cidade-de-Silves-Foto-montagem-Portal-BNC-300x194.jpg 300w, https:\/\/jornalfatosenoticias.com.br\/wp-content\/uploads\/2024\/12\/ONGs-Senador-Plinio-Valerio-e-cidade-de-Silves-Foto-montagem-Portal-BNC-768x495.jpg 768w\" sizes=\"auto, (max-width: 775px) 100vw, 775px\" \/><figcaption><em><span class=\"has-inline-color has-black-color\">(Fotomontagem: Portal BNC Amazonas)<\/span><\/em><\/figcaption><\/figure><\/div>\n\n\n\n<p>O senador Pl\u00ednio Val\u00e9rio (PSDB-AM) criticou a interfer\u00eancia de organiza\u00e7\u00f5es n\u00e3o governamentais (ONGs) no Amazonas. De acordo com o parlamentar, reportagem publicada no site BNC Amazonas divulgou supostas articula\u00e7\u00f5es entre a Funda\u00e7\u00e3o Nacional dos Povos Ind\u00edgenas (Funai) e o Minist\u00e9rio P\u00fablico Federal (MPF) no estado, com apoio de ONGs, para barrar a explora\u00e7\u00e3o de g\u00e1s natural no munic\u00edpio de Silves (AM). Segundo o senador, a extra\u00e7\u00e3o proporcionaria investimentos de R$ 6 bilh\u00f5es para a regi\u00e3o.<\/p>\n\n\n\n<div class=\"wp-block-image\"><figure class=\"aligncenter size-large is-resized\"><a href=\"https:\/\/www.ithbrasil.com.br\/\"><img loading=\"lazy\" decoding=\"async\" src=\"https:\/\/jornalfatosenoticias.com.br\/wp-content\/uploads\/2023\/08\/ITH.jpeg\" alt=\"\" class=\"wp-image-44638\" width=\"293\" height=\"238\" srcset=\"https:\/\/jornalfatosenoticias.com.br\/wp-content\/uploads\/2023\/08\/ITH.jpeg 800w, https:\/\/jornalfatosenoticias.com.br\/wp-content\/uploads\/2023\/08\/ITH-300x244.jpeg 300w, https:\/\/jornalfatosenoticias.com.br\/wp-content\/uploads\/2023\/08\/ITH-768x624.jpeg 768w\" sizes=\"auto, (max-width: 293px) 100vw, 293px\" \/><\/a><\/figure><\/div>\n\n\n\n<p>\u201cProcuradores do Minist\u00e9rio P\u00fablico Federal demonstraram desconhecimento da manipula\u00e7\u00e3o de ONGs para barrar projetos vitais para a popula\u00e7\u00e3o amaz\u00f4nica, em particular, para n\u00f3s do Amazonas. Com essa manipula\u00e7\u00e3o, as ONGs procuram impedir a popula\u00e7\u00e3o de regi\u00f5es que vivem abaixo da linha de pobreza a sair dessa vergonha. Est\u00e3o na lista a BR-319, o Pot\u00e1ssio de Autazes e, agora, a explora\u00e7\u00e3o de g\u00e1s em Silves, o que traria investimento de R$ 6 bilh\u00f5es\u201d.<br>Pl\u00ednio foi presidente da CPI das ONGs, que funcionou no Senado em 2023. Para o parlamentar, a reportagem do BNC Amazonas mostra com clareza a situa\u00e7\u00e3o no estado. <\/p>\n\n\n\n<div class=\"wp-block-image\"><figure class=\"aligncenter size-large is-resized\"><a href=\"https:\/\/www.instagram.com\/esteiochurrascaria\/\"><img loading=\"lazy\" decoding=\"async\" src=\"https:\/\/jornalfatosenoticias.com.br\/wp-content\/uploads\/2022\/02\/LOGO-ESTEIO-1024x730.png\" alt=\"\" class=\"wp-image-27942\" width=\"358\" height=\"255\" srcset=\"https:\/\/jornalfatosenoticias.com.br\/wp-content\/uploads\/2022\/02\/LOGO-ESTEIO-1024x730.png 1024w, https:\/\/jornalfatosenoticias.com.br\/wp-content\/uploads\/2022\/02\/LOGO-ESTEIO-300x214.png 300w, https:\/\/jornalfatosenoticias.com.br\/wp-content\/uploads\/2022\/02\/LOGO-ESTEIO-768x548.png 768w, https:\/\/jornalfatosenoticias.com.br\/wp-content\/uploads\/2022\/02\/LOGO-ESTEIO.png 1123w\" sizes=\"auto, (max-width: 358px) 100vw, 358px\" \/><\/a><\/figure><\/div>\n\n\n\n<blockquote class=\"wp-block-quote is-layout-flow wp-block-quote-is-layout-flow\"><p><span class=\"has-inline-color has-luminous-vivid-orange-color\">Vou falar do munic\u00edpio de Silves, que \u00e9 um dos poucos do Amazonas ligados por estrada a Manaus, quando tr\u00eas procuradores deram ultimato para que a Funai interditasse imediatamente o que seriam \u00e1reas de ind\u00edgenas isolados no Amazonas. S\u00f3 para tornar claro: \u2018isolados\u2019 seriam ind\u00edgenas n\u00e3o organizados em agrupamentos e, por isso mesmo, de exist\u00eancia dif\u00edcil de comprovar. O problema est\u00e1 justamente nisto: essa presen\u00e7a n\u00e3o est\u00e1, de forma alguma, confirmada. \u00c9 pior do que parece. A Funai n\u00e3o comprovou a presen\u00e7a de ind\u00edgenas isolados, e, ainda mais grave, uma per\u00edcia aponta manipula\u00e7\u00e3o nesse sentido\u201d.<\/span><\/p><\/blockquote>\n\n\n\n<div class=\"wp-block-image\"><figure class=\"aligncenter size-large is-resized\"><a href=\"https:\/\/hotelmarquetti.com.br\/\"><img loading=\"lazy\" decoding=\"async\" src=\"https:\/\/jornalfatosenoticias.com.br\/wp-content\/uploads\/2023\/03\/nova-logo-Marquetti.jpg\" alt=\"\" class=\"wp-image-40207\" width=\"353\" height=\"237\" srcset=\"https:\/\/jornalfatosenoticias.com.br\/wp-content\/uploads\/2023\/03\/nova-logo-Marquetti.jpg 643w, https:\/\/jornalfatosenoticias.com.br\/wp-content\/uploads\/2023\/03\/nova-logo-Marquetti-300x202.jpg 300w\" sizes=\"auto, (max-width: 353px) 100vw, 353px\" \/><\/a><\/figure><\/div>\n\n\n\n<p>Na avalia\u00e7\u00e3o de Pl\u00ednio Val\u00e9rio, Silves e Itapiranga, ligadas a Manaus, podem virar \u201ccidades-fantasmas\u201d e Roraima corre risco de enfrentar novo apag\u00e3o, em fun\u00e7\u00e3o da manipula\u00e7\u00e3o das ONGs quanto ao fornecimento de g\u00e1s para o estado. <strong>(Fonte: Correio de Not\u00edcia)<\/strong><\/p>\n\n\n\n<div class=\"wp-block-image\"><figure class=\"aligncenter size-large\"><a href=\"https:\/\/mizu.com.br\/\"><img loading=\"lazy\" decoding=\"async\" width=\"729\" height=\"90\" src=\"https:\/\/jornalfatosenoticias.com.br\/wp-content\/uploads\/2020\/02\/Logo_Mizu.png\" alt=\"\" class=\"wp-image-1441\" srcset=\"https:\/\/jornalfatosenoticias.com.br\/wp-content\/uploads\/2020\/02\/Logo_Mizu.png 729w, https:\/\/jornalfatosenoticias.com.br\/wp-content\/uploads\/2020\/02\/Logo_Mizu-300x37.png 300w\" sizes=\"auto, (max-width: 729px) 100vw, 729px\" \/><\/a><\/figure><\/div>\n\n\n\n<hr class=\"wp-block-separator\"\/>\n\n\n\n<h3 class=\"wp-block-heading\"><span class=\"has-inline-color has-black-color\">Donald Trump critica tentativa de afastamento dos Brics do d\u00f3lar e amea\u00e7a san\u00e7\u00f5es comerciais<\/span><\/h3>\n\n\n\n<div class=\"wp-block-image\"><figure class=\"aligncenter size-large\"><img loading=\"lazy\" decoding=\"async\" width=\"768\" height=\"516\" src=\"https:\/\/jornalfatosenoticias.com.br\/wp-content\/uploads\/2024\/12\/trump-Brics_Reuters.jpg\" alt=\"\" class=\"wp-image-56201\" srcset=\"https:\/\/jornalfatosenoticias.com.br\/wp-content\/uploads\/2024\/12\/trump-Brics_Reuters.jpg 768w, https:\/\/jornalfatosenoticias.com.br\/wp-content\/uploads\/2024\/12\/trump-Brics_Reuters-300x202.jpg 300w\" sizes=\"auto, (max-width: 768px) 100vw, 768px\" \/><figcaption><em><span class=\"has-inline-color has-black-color\">(Foto: Reuters)<\/span><\/em><\/figcaption><\/figure><\/div>\n\n\n\n<p>Em uma publica\u00e7\u00e3o em sua rede social, o presidente eleito dos Estados Unidos, Donald Trump, manifestou forte oposi\u00e7\u00e3o \u00e0 ideia de que os pa\u00edses integrantes do bloco Brics (Brasil, R\u00fassia, \u00cdndia, China e \u00c1frica do Sul) busquem se distanciar do d\u00f3lar norte-americano como moeda principal no com\u00e9rcio internacional. Trump classificou qualquer movimento nesse sentido como inaceit\u00e1vel e amea\u00e7ou retalia\u00e7\u00f5es econ\u00f4micas severas.<\/p>\n\n\n\n<div class=\"wp-block-image\"><figure class=\"aligncenter size-large\"><a href=\"http:\/\/www.ferrarimaquinas.com.br\/\"><img loading=\"lazy\" decoding=\"async\" width=\"300\" height=\"250\" src=\"https:\/\/jornalfatosenoticias.com.br\/wp-content\/uploads\/2022\/02\/FERRARI_MAQUINAS-E-FERRAMENTAS2.jpg\" alt=\"\" class=\"wp-image-27860\"\/><\/a><\/figure><\/div>\n\n\n\n<blockquote class=\"wp-block-quote is-layout-flow wp-block-quote-is-layout-flow\"><p><span class=\"has-inline-color has-luminous-vivid-orange-color\">A ideia de que os pa\u00edses Brics est\u00e3o tentando se afastar do d\u00f3lar enquanto n\u00f3s ficamos parados e assistimos ACABOU. Exigimos um compromisso desses pa\u00edses de que eles n\u00e3o criar\u00e3o uma nova moeda Brics, nem apoiar\u00e3o nenhuma outra moeda para substituir o poderoso d\u00f3lar americano ou enfrentar\u00e3o tarifas de 100%\u201d, declarou Trump em tom contundente.<\/span><\/p><\/blockquote>\n\n\n\n<div class=\"wp-block-image\"><figure class=\"aligncenter size-large is-resized\"><a href=\"https:\/\/panper.com.br\/\"><img loading=\"lazy\" decoding=\"async\" src=\"https:\/\/jornalfatosenoticias.com.br\/wp-content\/uploads\/2023\/03\/logo-Panper_portal.jpg\" alt=\"\" class=\"wp-image-40208\" width=\"333\" height=\"231\" srcset=\"https:\/\/jornalfatosenoticias.com.br\/wp-content\/uploads\/2023\/03\/logo-Panper_portal.jpg 400w, https:\/\/jornalfatosenoticias.com.br\/wp-content\/uploads\/2023\/03\/logo-Panper_portal-300x208.jpg 300w\" sizes=\"auto, (max-width: 333px) 100vw, 333px\" \/><\/a><\/figure><\/div>\n\n\n\n<p>O presidente eleito afirmou que qualquer tentativa de substituir o d\u00f3lar seria recebida com san\u00e7\u00f5es pesadas, incluindo tarifas comerciais, al\u00e9m da perda de acesso ao mercado dos Estados Unidos. <\/p>\n\n\n\n<blockquote class=\"wp-block-quote is-layout-flow wp-block-quote-is-layout-flow\"><p><span class=\"has-inline-color has-luminous-vivid-orange-color\">Devem esperar dizer adeus \u00e0 venda para a maravilhosa economia dos EUA. Eles podem ir encontrar outro \u2018ot\u00e1rio!\u2019\u201d, escreveu.<\/span><\/p><\/blockquote>\n\n\n\n<div class=\"wp-block-image\"><figure class=\"aligncenter size-large is-resized\"><a href=\"https:\/\/www.facebook.com\/postobkr\/?locale=pt_BR\"><img loading=\"lazy\" decoding=\"async\" src=\"https:\/\/jornalfatosenoticias.com.br\/wp-content\/uploads\/2023\/08\/BKR-1024x1021.jpg\" alt=\"\" class=\"wp-image-44494\" width=\"299\" height=\"298\" srcset=\"https:\/\/jornalfatosenoticias.com.br\/wp-content\/uploads\/2023\/08\/BKR-1024x1021.jpg 1024w, https:\/\/jornalfatosenoticias.com.br\/wp-content\/uploads\/2023\/08\/BKR-300x300.jpg 300w, https:\/\/jornalfatosenoticias.com.br\/wp-content\/uploads\/2023\/08\/BKR-150x150.jpg 150w, https:\/\/jornalfatosenoticias.com.br\/wp-content\/uploads\/2023\/08\/BKR-768x766.jpg 768w, https:\/\/jornalfatosenoticias.com.br\/wp-content\/uploads\/2023\/08\/BKR.jpg 1080w\" sizes=\"auto, (max-width: 299px) 100vw, 299px\" \/><\/a><\/figure><\/div>\n\n\n\n<p>O posicionamento de Trump reflete as tens\u00f5es crescentes no cen\u00e1rio econ\u00f4mico internacional, especialmente com os Brics buscando maior independ\u00eancia financeira e o fortalecimento de moedas alternativas ao d\u00f3lar. Recentemente, l\u00edderes do bloco discutiram a possibilidade de criar uma moeda comum para facilitar transa\u00e7\u00f5es entre seus membros e reduzir a depend\u00eancia do sistema financeiro norte-americano. <strong>(Fonte: Hora Bras\u00edlia)<\/strong><\/p>\n\n\n\n<div class=\"wp-block-image\"><figure class=\"aligncenter size-large is-resized\"><a href=\"https:\/\/www.instagram.com\/serra4x4cambioautomatico\/\"><img loading=\"lazy\" decoding=\"async\" src=\"https:\/\/jornalfatosenoticias.com.br\/wp-content\/uploads\/2024\/08\/Serra-4x4-1-886x1024.jpg\" alt=\"\" class=\"wp-image-53632\" width=\"298\" height=\"345\" srcset=\"https:\/\/jornalfatosenoticias.com.br\/wp-content\/uploads\/2024\/08\/Serra-4x4-1-886x1024.jpg 886w, https:\/\/jornalfatosenoticias.com.br\/wp-content\/uploads\/2024\/08\/Serra-4x4-1-260x300.jpg 260w, https:\/\/jornalfatosenoticias.com.br\/wp-content\/uploads\/2024\/08\/Serra-4x4-1-768x888.jpg 768w, https:\/\/jornalfatosenoticias.com.br\/wp-content\/uploads\/2024\/08\/Serra-4x4-1.jpg 1181w\" sizes=\"auto, (max-width: 298px) 100vw, 298px\" \/><\/a><\/figure><\/div>\n\n\n\n<hr class=\"wp-block-separator\"\/>\n\n\n\n<h3 class=\"wp-block-heading\"><span class=\"has-inline-color has-black-color\">Velha m\u00eddia come\u00e7a a se insurgir contra Alexandre de Moraes<\/span><\/h3>\n\n\n\n<div class=\"wp-block-image\"><figure class=\"aligncenter size-large\"><img loading=\"lazy\" decoding=\"async\" width=\"612\" height=\"407\" src=\"https:\/\/jornalfatosenoticias.com.br\/wp-content\/uploads\/2024\/12\/xandao-cabeca-de-ovo_gettyimages.jpg\" alt=\"\" class=\"wp-image-56200\" srcset=\"https:\/\/jornalfatosenoticias.com.br\/wp-content\/uploads\/2024\/12\/xandao-cabeca-de-ovo_gettyimages.jpg 612w, https:\/\/jornalfatosenoticias.com.br\/wp-content\/uploads\/2024\/12\/xandao-cabeca-de-ovo_gettyimages-300x200.jpg 300w\" sizes=\"auto, (max-width: 612px) 100vw, 612px\" \/><figcaption><em><span class=\"has-inline-color has-black-color\">(Foto: Getty Images)<\/span><\/em><\/figcaption><\/figure><\/div>\n\n\n\n<p>Com todas as letras, o Estad\u00e3o afirmou que a atua\u00e7\u00e3o do ministro Alexandre de Moraes como relator de processos envolvendo Jair Bolsonaro e outros acusados na suposta tentativa de golpe de Estado pode beneficiar o ex-presidente. Juristas consultados pelo jornal apontam que sua condi\u00e7\u00e3o de v\u00edtima em algumas dessas a\u00e7\u00f5es pode comprometer a imparcialidade e abrir margem para anula\u00e7\u00e3o de decis\u00f5es futuras.<\/p>\n\n\n\n<div class=\"wp-block-image\"><figure class=\"aligncenter size-large is-resized\"><a href=\"https:\/\/www.controlsystems.com.br\/\"><img loading=\"lazy\" decoding=\"async\" src=\"https:\/\/jornalfatosenoticias.com.br\/wp-content\/uploads\/2020\/02\/CONTROL-CS.jpg\" alt=\"\" class=\"wp-image-44991\" width=\"294\" height=\"352\" srcset=\"https:\/\/jornalfatosenoticias.com.br\/wp-content\/uploads\/2020\/02\/CONTROL-CS.jpg 834w, https:\/\/jornalfatosenoticias.com.br\/wp-content\/uploads\/2020\/02\/CONTROL-CS-250x300.jpg 250w, https:\/\/jornalfatosenoticias.com.br\/wp-content\/uploads\/2020\/02\/CONTROL-CS-768x921.jpg 768w\" sizes=\"auto, (max-width: 294px) 100vw, 294px\" \/><\/a><\/figure><\/div>\n\n\n\n<p>Para Gustavo Sampaio, professor de Direito Constitucional da Universidade Federal Fluminense (UFF), o afastamento de Moraes fortaleceria a imagem do STF. \u201c\u00c9 de toda prud\u00eancia que o ministro se afaste da relatoria, para que o tribunal n\u00e3o fique sob suspeita. Isso preservaria mais a imagem da institui\u00e7\u00e3o\u201d.<br>J\u00e1 W\u00e1lter Maierovitch, ex-desembargador do Tribunal de Justi\u00e7a de S\u00e3o Paulo, critica a dualidade entre v\u00edtima e julgador no mesmo processo. <\/p>\n\n\n\n<div class=\"wp-block-image\"><figure class=\"aligncenter size-large is-resized\"><a href=\"https:\/\/www.instagram.com\/esteiochurrascaria\/\"><img loading=\"lazy\" decoding=\"async\" src=\"https:\/\/jornalfatosenoticias.com.br\/wp-content\/uploads\/2022\/02\/LOGO-ESTEIO-1024x730.png\" alt=\"\" class=\"wp-image-27942\" width=\"336\" height=\"239\" srcset=\"https:\/\/jornalfatosenoticias.com.br\/wp-content\/uploads\/2022\/02\/LOGO-ESTEIO-1024x730.png 1024w, https:\/\/jornalfatosenoticias.com.br\/wp-content\/uploads\/2022\/02\/LOGO-ESTEIO-300x214.png 300w, https:\/\/jornalfatosenoticias.com.br\/wp-content\/uploads\/2022\/02\/LOGO-ESTEIO-768x548.png 768w, https:\/\/jornalfatosenoticias.com.br\/wp-content\/uploads\/2022\/02\/LOGO-ESTEIO.png 1123w\" sizes=\"auto, (max-width: 336px) 100vw, 336px\" \/><\/a><\/figure><\/div>\n\n\n\n<blockquote class=\"wp-block-quote is-layout-flow wp-block-quote-is-layout-flow\"><p><span class=\"has-inline-color has-luminous-vivid-orange-color\">Como o Brasil vai ser visto internacionalmente com um juiz que \u00e9 v\u00edtima e julgador? Isso \u00e9 estarrecedor para quem atua no direito processual\u201d.<\/span><\/p><\/blockquote>\n\n\n\n<div class=\"wp-block-image\"><figure class=\"aligncenter size-large is-resized\"><a href=\"https:\/\/www.legisjuris.com.br\/\"><img loading=\"lazy\" decoding=\"async\" src=\"https:\/\/jornalfatosenoticias.com.br\/wp-content\/uploads\/2024\/09\/Legis-Juris-Consultoria_logo.jpg\" alt=\"\" class=\"wp-image-53915\" width=\"430\" height=\"180\" srcset=\"https:\/\/jornalfatosenoticias.com.br\/wp-content\/uploads\/2024\/09\/Legis-Juris-Consultoria_logo.jpg 969w, https:\/\/jornalfatosenoticias.com.br\/wp-content\/uploads\/2024\/09\/Legis-Juris-Consultoria_logo-300x126.jpg 300w, https:\/\/jornalfatosenoticias.com.br\/wp-content\/uploads\/2024\/09\/Legis-Juris-Consultoria_logo-768x322.jpg 768w\" sizes=\"auto, (max-width: 430px) 100vw, 430px\" \/><\/a><\/figure><\/div>\n\n\n\n<p>Marcelo Crespo, da ESPM, refor\u00e7a que o afastamento seria \u201cum resguardo\u201d para o Supremo, ao evitar questionamentos futuros. Contudo, ministros como Gilmar Mendes defendem a perman\u00eancia de Moraes. \u201cDesde sempre, o ministro Moraes tem sido o relator desse processo. Afast\u00e1-lo seria absurdo. Ele \u00e9 v\u00edtima por cumprir seu papel institucional, n\u00e3o por uma rela\u00e7\u00e3o pessoal com os r\u00e9us\u201d.<\/p>\n\n\n\n<div class=\"wp-block-image\"><figure class=\"aligncenter size-large\"><a href=\"https:\/\/cesconetto.com.br\/\"><img loading=\"lazy\" decoding=\"async\" width=\"300\" height=\"250\" src=\"https:\/\/jornalfatosenoticias.com.br\/wp-content\/uploads\/2020\/02\/Banner-2.png\" alt=\"\" class=\"wp-image-43787\"\/><\/a><\/figure><\/div>\n\n\n\n<p>Embora haja consenso entre muitos juristas de que Alexandre de Moraes n\u00e3o deveria relatar casos nos quais \u00e9 diretamente envolvido, a decis\u00e3o final cabe ao pr\u00f3prio STF. Alterar essa din\u00e2mica dependeria de uma \u201cleitura pol\u00edtica\u201d que os ministros, at\u00e9 o momento, n\u00e3o demonstraram disposi\u00e7\u00e3o em realizar. Est\u00e1 mais do que claro que o \u201csistema\u201d vai tentar envolver qualquer narrativa poss\u00edvel para atingir o ex-presidente Jair Bolsonaro nesse caso. Querem prend\u00ea-lo de qualquer forma. <strong>(Fonte: Correio de Not\u00edcia)<\/strong><\/p>\n\n\n\n<div class=\"wp-block-image\"><figure class=\"aligncenter size-large is-resized\"><a href=\"https:\/\/www.instagram.com\/restaurantepegoretti\/\"><img loading=\"lazy\" decoding=\"async\" src=\"https:\/\/jornalfatosenoticias.com.br\/wp-content\/uploads\/2023\/12\/pegoretti-logo-pdf-1024x389.jpg\" alt=\"\" class=\"wp-image-47536\" width=\"448\" height=\"170\" srcset=\"https:\/\/jornalfatosenoticias.com.br\/wp-content\/uploads\/2023\/12\/pegoretti-logo-pdf-1024x389.jpg 1024w, https:\/\/jornalfatosenoticias.com.br\/wp-content\/uploads\/2023\/12\/pegoretti-logo-pdf-300x114.jpg 300w, https:\/\/jornalfatosenoticias.com.br\/wp-content\/uploads\/2023\/12\/pegoretti-logo-pdf-768x291.jpg 768w, https:\/\/jornalfatosenoticias.com.br\/wp-content\/uploads\/2023\/12\/pegoretti-logo-pdf.jpg 1120w\" sizes=\"auto, (max-width: 448px) 100vw, 448px\" \/><\/a><\/figure><\/div>\n\n\n\n<hr class=\"wp-block-separator\"\/>\n\n\n\n<h3 class=\"wp-block-heading\"><span class=\"has-inline-color has-black-color\">Milei divulga ranking que mostra peso argentino como \u201cmelhor moeda do mundo\u201d e real como a pior<\/span><\/h3>\n\n\n\n<div class=\"wp-block-image\"><figure class=\"aligncenter size-large\"><img loading=\"lazy\" decoding=\"async\" width=\"612\" height=\"399\" src=\"https:\/\/jornalfatosenoticias.com.br\/wp-content\/uploads\/2024\/12\/milei_gettyimages.jpg\" alt=\"\" class=\"wp-image-56199\" srcset=\"https:\/\/jornalfatosenoticias.com.br\/wp-content\/uploads\/2024\/12\/milei_gettyimages.jpg 612w, https:\/\/jornalfatosenoticias.com.br\/wp-content\/uploads\/2024\/12\/milei_gettyimages-300x196.jpg 300w\" sizes=\"auto, (max-width: 612px) 100vw, 612px\" \/><figcaption><em><span class=\"has-inline-color has-black-color\">(Foto: Getty Images)<\/span><\/em><\/figcaption><\/figure><\/div>\n\n\n\n<p><span class=\"has-inline-color has-black-color\">Por <strong>Isabella de Paula<\/strong><br><\/span>O presidente da Argentina, Javier Milei, divulgou em suas redes sociais um relat\u00f3rio apontando que o peso argentino foi a moeda que mais registrou valoriza\u00e7\u00e3o em 2024. Em contrapartida, o real brasileiro foi a moeda que mais desvalorizou neste ano.<\/p>\n\n\n\n<div class=\"wp-block-image\"><figure class=\"aligncenter size-large is-resized\"><a href=\"https:\/\/panper.com.br\/\"><img loading=\"lazy\" decoding=\"async\" src=\"https:\/\/jornalfatosenoticias.com.br\/wp-content\/uploads\/2023\/03\/logo-Panper_portal.jpg\" alt=\"\" class=\"wp-image-40208\" width=\"341\" height=\"236\" srcset=\"https:\/\/jornalfatosenoticias.com.br\/wp-content\/uploads\/2023\/03\/logo-Panper_portal.jpg 400w, https:\/\/jornalfatosenoticias.com.br\/wp-content\/uploads\/2023\/03\/logo-Panper_portal-300x208.jpg 300w\" sizes=\"auto, (max-width: 341px) 100vw, 341px\" \/><\/a><\/figure><\/div>\n\n\n\n<p>O levantamento, da GMA Capital, foi elaborado com base em informa\u00e7\u00f5es do Banco de Compensa\u00e7\u00f5es Internacionais (BIS, na sigla em ingl\u00eas), entre dezembro de 2023 e outubro deste ano. De acordo com os c\u00e1lculos da GMA, o peso argentino registrou alta de 40,1% nos \u00faltimos dez meses, enquanto o real sofreu uma desvaloriza\u00e7\u00e3o de 12,8%.<\/p>\n\n\n\n<div class=\"wp-block-image\"><figure class=\"aligncenter size-large is-resized\"><a href=\"https:\/\/www.facebook.com\/profile.php?id=100069289606145\"><img loading=\"lazy\" decoding=\"async\" src=\"https:\/\/jornalfatosenoticias.com.br\/wp-content\/uploads\/2024\/11\/Guaitolini-Contabilidade-1024x714.jpeg\" alt=\"\" class=\"wp-image-55808\" width=\"309\" height=\"215\" srcset=\"https:\/\/jornalfatosenoticias.com.br\/wp-content\/uploads\/2024\/11\/Guaitolini-Contabilidade-1024x714.jpeg 1024w, https:\/\/jornalfatosenoticias.com.br\/wp-content\/uploads\/2024\/11\/Guaitolini-Contabilidade-300x209.jpeg 300w, https:\/\/jornalfatosenoticias.com.br\/wp-content\/uploads\/2024\/11\/Guaitolini-Contabilidade-768x535.jpeg 768w, https:\/\/jornalfatosenoticias.com.br\/wp-content\/uploads\/2024\/11\/Guaitolini-Contabilidade.jpeg 1280w\" sizes=\"auto, (max-width: 309px) 100vw, 309px\" \/><\/a><\/figure><\/div>\n\n\n\n<p>Milei escreveu na legenda da publica\u00e7\u00e3o que, apesar de ainda n\u00e3o ter cumprido seu plano de fechar o Banco Central da Argentina, &#8220;demos aos bons argentinos a melhor moeda do mundo&#8221;. Ele acrescentou que &#8220;o importante \u00e9 que a emiss\u00e3o zero \u00e9 uma forma de acabar com a fraude monet\u00e1ria&#8221;. <strong>(Fonte: Gazeta do Povo)<\/strong><\/p>\n\n\n\n<div class=\"wp-block-image\"><figure class=\"aligncenter size-large is-resized\"><a href=\"https:\/\/www.instagram.com\/vmais.midias\/\"><img loading=\"lazy\" decoding=\"async\" src=\"https:\/\/jornalfatosenoticias.com.br\/wp-content\/uploads\/2020\/02\/DE-MAIS-DESTAQUE-VMAIS-800X700.png\" alt=\"\" class=\"wp-image-53112\" width=\"316\" height=\"276\" srcset=\"https:\/\/jornalfatosenoticias.com.br\/wp-content\/uploads\/2020\/02\/DE-MAIS-DESTAQUE-VMAIS-800X700.png 800w, https:\/\/jornalfatosenoticias.com.br\/wp-content\/uploads\/2020\/02\/DE-MAIS-DESTAQUE-VMAIS-800X700-300x263.png 300w, https:\/\/jornalfatosenoticias.com.br\/wp-content\/uploads\/2020\/02\/DE-MAIS-DESTAQUE-VMAIS-800X700-768x672.png 768w\" sizes=\"auto, (max-width: 316px) 100vw, 316px\" \/><\/a><\/figure><\/div>\n\n\n\n<hr class=\"wp-block-separator\"\/>\n","protected":false},"excerpt":{"rendered":"<p>A crise financeira que abate a Empresa Brasileira de Correios e Tel\u00e9grafos alcan\u00e7ou n\u00edveis alarmantes em 2024. A estatal precisou adotar medidas emergenciais para evitar um colapso completo. O resultado operacional entre janeiro e setembro de 2024 apresentou um d\u00e9ficit de R$ 2 bilh\u00f5es. Esse valor se aproxima de superar o pior desempenho da hist\u00f3ria [&hellip;]<\/p>\n","protected":false},"author":3,"featured_media":56204,"comment_status":"open","ping_status":"open","sticky":false,"template":"","format":"standard","meta":{"footnotes":""},"categories":[10],"tags":[3441,25638,2147,18343,2140,18616,23838,4164,294],"class_list":["post-56198","post","type-post","status-publish","format-standard","has-post-thumbnail","hentry","category-politica","tag-coreia-do-sul","tag-crise-nos-correios","tag-donald-trump","tag-governo-lula","tag-impeachment","tag-javier-milei","tag-peso-argentino","tag-real","tag-stf"],"yoast_head":"<!-- This site is optimized with the Yoast SEO plugin v26.5 - https:\/\/yoast.com\/wordpress\/plugins\/seo\/ -->\n<title>A Semana no Brasil e no Mundo \u2014 crise nos Correios atinge n\u00edvel cr\u00edtico com d\u00e9ficit de R$ 2 bilh\u00f5es em 2024 - Jornal Fatos e Not\u00edcias<\/title>\n<meta name=\"robots\" content=\"index, follow, max-snippet:-1, max-image-preview:large, max-video-preview:-1\" \/>\n<link rel=\"canonical\" href=\"https:\/\/jornalfatosenoticias.com.br\/index.php\/2024\/12\/05\/a-semana-no-brasil-e-no-mundo-crise-nos-correios-atinge-nivel-critico-com-deficit-de-r-2-bilhoes-em-2024\/\" \/>\n<meta property=\"og:locale\" content=\"pt_BR\" \/>\n<meta property=\"og:type\" content=\"article\" \/>\n<meta property=\"og:title\" content=\"A Semana no Brasil e no Mundo \u2014 crise nos Correios atinge n\u00edvel cr\u00edtico com d\u00e9ficit de R$ 2 bilh\u00f5es em 2024 - Jornal Fatos e Not\u00edcias\" \/>\n<meta property=\"og:description\" content=\"A crise financeira que abate a Empresa Brasileira de Correios e Tel\u00e9grafos alcan\u00e7ou n\u00edveis alarmantes em 2024. A estatal precisou adotar medidas emergenciais para evitar um colapso completo. O resultado operacional entre janeiro e setembro de 2024 apresentou um d\u00e9ficit de R$ 2 bilh\u00f5es. Esse valor se aproxima de superar o pior desempenho da hist\u00f3ria [&hellip;]\" \/>\n<meta property=\"og:url\" content=\"https:\/\/jornalfatosenoticias.com.br\/index.php\/2024\/12\/05\/a-semana-no-brasil-e-no-mundo-crise-nos-correios-atinge-nivel-critico-com-deficit-de-r-2-bilhoes-em-2024\/\" \/>\n<meta property=\"og:site_name\" content=\"Jornal Fatos e Not\u00edcias\" \/>\n<meta property=\"article:published_time\" content=\"2024-12-06T01:15:37+00:00\" \/>\n<meta property=\"article:modified_time\" content=\"2024-12-06T01:15:39+00:00\" \/>\n<meta property=\"og:image\" content=\"https:\/\/jornalfatosenoticias.com.br\/wp-content\/uploads\/2024\/12\/crise-dos-correios.jpg\" \/>\n\t<meta property=\"og:image:width\" content=\"795\" \/>\n\t<meta property=\"og:image:height\" content=\"447\" \/>\n\t<meta property=\"og:image:type\" content=\"image\/jpeg\" \/>\n<meta name=\"author\" content=\"Haroldo Filho\" \/>\n<meta name=\"twitter:card\" content=\"summary_large_image\" \/>\n<meta name=\"twitter:label1\" content=\"Escrito por\" \/>\n\t<meta name=\"twitter:data1\" content=\"Haroldo Filho\" \/>\n\t<meta name=\"twitter:label2\" content=\"Est. tempo de leitura\" \/>\n\t<meta name=\"twitter:data2\" content=\"11 minutos\" \/>\n<script type=\"application\/ld+json\" class=\"yoast-schema-graph\">{\"@context\":\"https:\/\/schema.org\",\"@graph\":[{\"@type\":\"Article\",\"@id\":\"https:\/\/jornalfatosenoticias.com.br\/index.php\/2024\/12\/05\/a-semana-no-brasil-e-no-mundo-crise-nos-correios-atinge-nivel-critico-com-deficit-de-r-2-bilhoes-em-2024\/#article\",\"isPartOf\":{\"@id\":\"https:\/\/jornalfatosenoticias.com.br\/index.php\/2024\/12\/05\/a-semana-no-brasil-e-no-mundo-crise-nos-correios-atinge-nivel-critico-com-deficit-de-r-2-bilhoes-em-2024\/\"},\"author\":{\"name\":\"Haroldo Filho\",\"@id\":\"https:\/\/jornalfatosenoticias.com.br\/#\/schema\/person\/05c46cc25b42a5c27e004fb0fa6b4965\"},\"headline\":\"A Semana no Brasil e no Mundo \u2014 crise nos Correios atinge n\u00edvel cr\u00edtico com d\u00e9ficit de R$ 2 bilh\u00f5es em 2024\",\"datePublished\":\"2024-12-06T01:15:37+00:00\",\"dateModified\":\"2024-12-06T01:15:39+00:00\",\"mainEntityOfPage\":{\"@id\":\"https:\/\/jornalfatosenoticias.com.br\/index.php\/2024\/12\/05\/a-semana-no-brasil-e-no-mundo-crise-nos-correios-atinge-nivel-critico-com-deficit-de-r-2-bilhoes-em-2024\/\"},\"wordCount\":2186,\"commentCount\":0,\"publisher\":{\"@id\":\"https:\/\/jornalfatosenoticias.com.br\/#organization\"},\"image\":{\"@id\":\"https:\/\/jornalfatosenoticias.com.br\/index.php\/2024\/12\/05\/a-semana-no-brasil-e-no-mundo-crise-nos-correios-atinge-nivel-critico-com-deficit-de-r-2-bilhoes-em-2024\/#primaryimage\"},\"thumbnailUrl\":\"https:\/\/jornalfatosenoticias.com.br\/wp-content\/uploads\/2024\/12\/crise-dos-correios.jpg\",\"keywords\":[\"Coreia do Sul\",\"crise nos Correios\",\"Donald Trump\",\"governo Lula\",\"impeachment\",\"Javier Milei\",\"peso argentino\",\"Real\",\"STF\"],\"articleSection\":[\"Pol\u00edtica\"],\"inLanguage\":\"pt-BR\",\"potentialAction\":[{\"@type\":\"CommentAction\",\"name\":\"Comment\",\"target\":[\"https:\/\/jornalfatosenoticias.com.br\/index.php\/2024\/12\/05\/a-semana-no-brasil-e-no-mundo-crise-nos-correios-atinge-nivel-critico-com-deficit-de-r-2-bilhoes-em-2024\/#respond\"]}]},{\"@type\":\"WebPage\",\"@id\":\"https:\/\/jornalfatosenoticias.com.br\/index.php\/2024\/12\/05\/a-semana-no-brasil-e-no-mundo-crise-nos-correios-atinge-nivel-critico-com-deficit-de-r-2-bilhoes-em-2024\/\",\"url\":\"https:\/\/jornalfatosenoticias.com.br\/index.php\/2024\/12\/05\/a-semana-no-brasil-e-no-mundo-crise-nos-correios-atinge-nivel-critico-com-deficit-de-r-2-bilhoes-em-2024\/\",\"name\":\"A Semana no Brasil e no Mundo \u2014 crise nos Correios atinge n\u00edvel cr\u00edtico com d\u00e9ficit de R$ 2 bilh\u00f5es em 2024 - Jornal Fatos e Not\u00edcias\",\"isPartOf\":{\"@id\":\"https:\/\/jornalfatosenoticias.com.br\/#website\"},\"primaryImageOfPage\":{\"@id\":\"https:\/\/jornalfatosenoticias.com.br\/index.php\/2024\/12\/05\/a-semana-no-brasil-e-no-mundo-crise-nos-correios-atinge-nivel-critico-com-deficit-de-r-2-bilhoes-em-2024\/#primaryimage\"},\"image\":{\"@id\":\"https:\/\/jornalfatosenoticias.com.br\/index.php\/2024\/12\/05\/a-semana-no-brasil-e-no-mundo-crise-nos-correios-atinge-nivel-critico-com-deficit-de-r-2-bilhoes-em-2024\/#primaryimage\"},\"thumbnailUrl\":\"https:\/\/jornalfatosenoticias.com.br\/wp-content\/uploads\/2024\/12\/crise-dos-correios.jpg\",\"datePublished\":\"2024-12-06T01:15:37+00:00\",\"dateModified\":\"2024-12-06T01:15:39+00:00\",\"breadcrumb\":{\"@id\":\"https:\/\/jornalfatosenoticias.com.br\/index.php\/2024\/12\/05\/a-semana-no-brasil-e-no-mundo-crise-nos-correios-atinge-nivel-critico-com-deficit-de-r-2-bilhoes-em-2024\/#breadcrumb\"},\"inLanguage\":\"pt-BR\",\"potentialAction\":[{\"@type\":\"ReadAction\",\"target\":[\"https:\/\/jornalfatosenoticias.com.br\/index.php\/2024\/12\/05\/a-semana-no-brasil-e-no-mundo-crise-nos-correios-atinge-nivel-critico-com-deficit-de-r-2-bilhoes-em-2024\/\"]}]},{\"@type\":\"ImageObject\",\"inLanguage\":\"pt-BR\",\"@id\":\"https:\/\/jornalfatosenoticias.com.br\/index.php\/2024\/12\/05\/a-semana-no-brasil-e-no-mundo-crise-nos-correios-atinge-nivel-critico-com-deficit-de-r-2-bilhoes-em-2024\/#primaryimage\",\"url\":\"https:\/\/jornalfatosenoticias.com.br\/wp-content\/uploads\/2024\/12\/crise-dos-correios.jpg\",\"contentUrl\":\"https:\/\/jornalfatosenoticias.com.br\/wp-content\/uploads\/2024\/12\/crise-dos-correios.jpg\",\"width\":795,\"height\":447},{\"@type\":\"BreadcrumbList\",\"@id\":\"https:\/\/jornalfatosenoticias.com.br\/index.php\/2024\/12\/05\/a-semana-no-brasil-e-no-mundo-crise-nos-correios-atinge-nivel-critico-com-deficit-de-r-2-bilhoes-em-2024\/#breadcrumb\",\"itemListElement\":[{\"@type\":\"ListItem\",\"position\":1,\"name\":\"In\u00edcio\",\"item\":\"https:\/\/jornalfatosenoticias.com.br\/\"},{\"@type\":\"ListItem\",\"position\":2,\"name\":\"A Semana no Brasil e no Mundo \u2014 crise nos Correios atinge n\u00edvel cr\u00edtico com d\u00e9ficit de R$ 2 bilh\u00f5es em 2024\"}]},{\"@type\":\"WebSite\",\"@id\":\"https:\/\/jornalfatosenoticias.com.br\/#website\",\"url\":\"https:\/\/jornalfatosenoticias.com.br\/\",\"name\":\"Jornal Fatos e Not\u00edcias\",\"description\":\"Not\u00edcias em geral\",\"publisher\":{\"@id\":\"https:\/\/jornalfatosenoticias.com.br\/#organization\"},\"potentialAction\":[{\"@type\":\"SearchAction\",\"target\":{\"@type\":\"EntryPoint\",\"urlTemplate\":\"https:\/\/jornalfatosenoticias.com.br\/?s={search_term_string}\"},\"query-input\":{\"@type\":\"PropertyValueSpecification\",\"valueRequired\":true,\"valueName\":\"search_term_string\"}}],\"inLanguage\":\"pt-BR\"},{\"@type\":\"Organization\",\"@id\":\"https:\/\/jornalfatosenoticias.com.br\/#organization\",\"name\":\"Jornal Fatos e Not\u00edcias\",\"url\":\"https:\/\/jornalfatosenoticias.com.br\/\",\"logo\":{\"@type\":\"ImageObject\",\"inLanguage\":\"pt-BR\",\"@id\":\"https:\/\/jornalfatosenoticias.com.br\/#\/schema\/logo\/image\/\",\"url\":\"https:\/\/jornalfatosenoticias.com.br\/wp-content\/uploads\/2020\/02\/logo120.png\",\"contentUrl\":\"https:\/\/jornalfatosenoticias.com.br\/wp-content\/uploads\/2020\/02\/logo120.png\",\"width\":1227,\"height\":120,\"caption\":\"Jornal Fatos e Not\u00edcias\"},\"image\":{\"@id\":\"https:\/\/jornalfatosenoticias.com.br\/#\/schema\/logo\/image\/\"}},{\"@type\":\"Person\",\"@id\":\"https:\/\/jornalfatosenoticias.com.br\/#\/schema\/person\/05c46cc25b42a5c27e004fb0fa6b4965\",\"name\":\"Haroldo Filho\",\"image\":{\"@type\":\"ImageObject\",\"inLanguage\":\"pt-BR\",\"@id\":\"https:\/\/jornalfatosenoticias.com.br\/#\/schema\/person\/image\/\",\"url\":\"https:\/\/jornalfatosenoticias.com.br\/wp-content\/uploads\/2025\/08\/WhatsApp-Image-2025-08-18-at-15.30.28-150x150.jpeg\",\"contentUrl\":\"https:\/\/jornalfatosenoticias.com.br\/wp-content\/uploads\/2025\/08\/WhatsApp-Image-2025-08-18-at-15.30.28-150x150.jpeg\",\"caption\":\"Haroldo Filho\"},\"description\":\"Jornalista \u2013 DRT: 0003818\/ES Coordenador-geral da ONG Educar para Crescer\",\"url\":\"https:\/\/jornalfatosenoticias.com.br\/index.php\/author\/haroldo\/\"}]}<\/script>\n<!-- \/ Yoast SEO plugin. -->","yoast_head_json":{"title":"A Semana no Brasil e no Mundo \u2014 crise nos Correios atinge n\u00edvel cr\u00edtico com d\u00e9ficit de R$ 2 bilh\u00f5es em 2024 - Jornal Fatos e Not\u00edcias","robots":{"index":"index","follow":"follow","max-snippet":"max-snippet:-1","max-image-preview":"max-image-preview:large","max-video-preview":"max-video-preview:-1"},"canonical":"https:\/\/jornalfatosenoticias.com.br\/index.php\/2024\/12\/05\/a-semana-no-brasil-e-no-mundo-crise-nos-correios-atinge-nivel-critico-com-deficit-de-r-2-bilhoes-em-2024\/","og_locale":"pt_BR","og_type":"article","og_title":"A Semana no Brasil e no Mundo \u2014 crise nos Correios atinge n\u00edvel cr\u00edtico com d\u00e9ficit de R$ 2 bilh\u00f5es em 2024 - Jornal Fatos e Not\u00edcias","og_description":"A crise financeira que abate a Empresa Brasileira de Correios e Tel\u00e9grafos alcan\u00e7ou n\u00edveis alarmantes em 2024. A estatal precisou adotar medidas emergenciais para evitar um colapso completo. O resultado operacional entre janeiro e setembro de 2024 apresentou um d\u00e9ficit de R$ 2 bilh\u00f5es. Esse valor se aproxima de superar o pior desempenho da hist\u00f3ria [&hellip;]","og_url":"https:\/\/jornalfatosenoticias.com.br\/index.php\/2024\/12\/05\/a-semana-no-brasil-e-no-mundo-crise-nos-correios-atinge-nivel-critico-com-deficit-de-r-2-bilhoes-em-2024\/","og_site_name":"Jornal Fatos e Not\u00edcias","article_published_time":"2024-12-06T01:15:37+00:00","article_modified_time":"2024-12-06T01:15:39+00:00","og_image":[{"width":795,"height":447,"url":"https:\/\/jornalfatosenoticias.com.br\/wp-content\/uploads\/2024\/12\/crise-dos-correios.jpg","type":"image\/jpeg"}],"author":"Haroldo Filho","twitter_card":"summary_large_image","twitter_misc":{"Escrito por":"Haroldo Filho","Est. tempo de leitura":"11 minutos"},"schema":{"@context":"https:\/\/schema.org","@graph":[{"@type":"Article","@id":"https:\/\/jornalfatosenoticias.com.br\/index.php\/2024\/12\/05\/a-semana-no-brasil-e-no-mundo-crise-nos-correios-atinge-nivel-critico-com-deficit-de-r-2-bilhoes-em-2024\/#article","isPartOf":{"@id":"https:\/\/jornalfatosenoticias.com.br\/index.php\/2024\/12\/05\/a-semana-no-brasil-e-no-mundo-crise-nos-correios-atinge-nivel-critico-com-deficit-de-r-2-bilhoes-em-2024\/"},"author":{"name":"Haroldo Filho","@id":"https:\/\/jornalfatosenoticias.com.br\/#\/schema\/person\/05c46cc25b42a5c27e004fb0fa6b4965"},"headline":"A Semana no Brasil e no Mundo \u2014 crise nos Correios atinge n\u00edvel cr\u00edtico com d\u00e9ficit de R$ 2 bilh\u00f5es em 2024","datePublished":"2024-12-06T01:15:37+00:00","dateModified":"2024-12-06T01:15:39+00:00","mainEntityOfPage":{"@id":"https:\/\/jornalfatosenoticias.com.br\/index.php\/2024\/12\/05\/a-semana-no-brasil-e-no-mundo-crise-nos-correios-atinge-nivel-critico-com-deficit-de-r-2-bilhoes-em-2024\/"},"wordCount":2186,"commentCount":0,"publisher":{"@id":"https:\/\/jornalfatosenoticias.com.br\/#organization"},"image":{"@id":"https:\/\/jornalfatosenoticias.com.br\/index.php\/2024\/12\/05\/a-semana-no-brasil-e-no-mundo-crise-nos-correios-atinge-nivel-critico-com-deficit-de-r-2-bilhoes-em-2024\/#primaryimage"},"thumbnailUrl":"https:\/\/jornalfatosenoticias.com.br\/wp-content\/uploads\/2024\/12\/crise-dos-correios.jpg","keywords":["Coreia do Sul","crise nos Correios","Donald Trump","governo Lula","impeachment","Javier Milei","peso argentino","Real","STF"],"articleSection":["Pol\u00edtica"],"inLanguage":"pt-BR","potentialAction":[{"@type":"CommentAction","name":"Comment","target":["https:\/\/jornalfatosenoticias.com.br\/index.php\/2024\/12\/05\/a-semana-no-brasil-e-no-mundo-crise-nos-correios-atinge-nivel-critico-com-deficit-de-r-2-bilhoes-em-2024\/#respond"]}]},{"@type":"WebPage","@id":"https:\/\/jornalfatosenoticias.com.br\/index.php\/2024\/12\/05\/a-semana-no-brasil-e-no-mundo-crise-nos-correios-atinge-nivel-critico-com-deficit-de-r-2-bilhoes-em-2024\/","url":"https:\/\/jornalfatosenoticias.com.br\/index.php\/2024\/12\/05\/a-semana-no-brasil-e-no-mundo-crise-nos-correios-atinge-nivel-critico-com-deficit-de-r-2-bilhoes-em-2024\/","name":"A Semana no Brasil e no Mundo \u2014 crise nos Correios atinge n\u00edvel cr\u00edtico com d\u00e9ficit de R$ 2 bilh\u00f5es em 2024 - Jornal Fatos e Not\u00edcias","isPartOf":{"@id":"https:\/\/jornalfatosenoticias.com.br\/#website"},"primaryImageOfPage":{"@id":"https:\/\/jornalfatosenoticias.com.br\/index.php\/2024\/12\/05\/a-semana-no-brasil-e-no-mundo-crise-nos-correios-atinge-nivel-critico-com-deficit-de-r-2-bilhoes-em-2024\/#primaryimage"},"image":{"@id":"https:\/\/jornalfatosenoticias.com.br\/index.php\/2024\/12\/05\/a-semana-no-brasil-e-no-mundo-crise-nos-correios-atinge-nivel-critico-com-deficit-de-r-2-bilhoes-em-2024\/#primaryimage"},"thumbnailUrl":"https:\/\/jornalfatosenoticias.com.br\/wp-content\/uploads\/2024\/12\/crise-dos-correios.jpg","datePublished":"2024-12-06T01:15:37+00:00","dateModified":"2024-12-06T01:15:39+00:00","breadcrumb":{"@id":"https:\/\/jornalfatosenoticias.com.br\/index.php\/2024\/12\/05\/a-semana-no-brasil-e-no-mundo-crise-nos-correios-atinge-nivel-critico-com-deficit-de-r-2-bilhoes-em-2024\/#breadcrumb"},"inLanguage":"pt-BR","potentialAction":[{"@type":"ReadAction","target":["https:\/\/jornalfatosenoticias.com.br\/index.php\/2024\/12\/05\/a-semana-no-brasil-e-no-mundo-crise-nos-correios-atinge-nivel-critico-com-deficit-de-r-2-bilhoes-em-2024\/"]}]},{"@type":"ImageObject","inLanguage":"pt-BR","@id":"https:\/\/jornalfatosenoticias.com.br\/index.php\/2024\/12\/05\/a-semana-no-brasil-e-no-mundo-crise-nos-correios-atinge-nivel-critico-com-deficit-de-r-2-bilhoes-em-2024\/#primaryimage","url":"https:\/\/jornalfatosenoticias.com.br\/wp-content\/uploads\/2024\/12\/crise-dos-correios.jpg","contentUrl":"https:\/\/jornalfatosenoticias.com.br\/wp-content\/uploads\/2024\/12\/crise-dos-correios.jpg","width":795,"height":447},{"@type":"BreadcrumbList","@id":"https:\/\/jornalfatosenoticias.com.br\/index.php\/2024\/12\/05\/a-semana-no-brasil-e-no-mundo-crise-nos-correios-atinge-nivel-critico-com-deficit-de-r-2-bilhoes-em-2024\/#breadcrumb","itemListElement":[{"@type":"ListItem","position":1,"name":"In\u00edcio","item":"https:\/\/jornalfatosenoticias.com.br\/"},{"@type":"ListItem","position":2,"name":"A Semana no Brasil e no Mundo \u2014 crise nos Correios atinge n\u00edvel cr\u00edtico com d\u00e9ficit de R$ 2 bilh\u00f5es em 2024"}]},{"@type":"WebSite","@id":"https:\/\/jornalfatosenoticias.com.br\/#website","url":"https:\/\/jornalfatosenoticias.com.br\/","name":"Jornal Fatos e Not\u00edcias","description":"Not\u00edcias em geral","publisher":{"@id":"https:\/\/jornalfatosenoticias.com.br\/#organization"},"potentialAction":[{"@type":"SearchAction","target":{"@type":"EntryPoint","urlTemplate":"https:\/\/jornalfatosenoticias.com.br\/?s={search_term_string}"},"query-input":{"@type":"PropertyValueSpecification","valueRequired":true,"valueName":"search_term_string"}}],"inLanguage":"pt-BR"},{"@type":"Organization","@id":"https:\/\/jornalfatosenoticias.com.br\/#organization","name":"Jornal Fatos e Not\u00edcias","url":"https:\/\/jornalfatosenoticias.com.br\/","logo":{"@type":"ImageObject","inLanguage":"pt-BR","@id":"https:\/\/jornalfatosenoticias.com.br\/#\/schema\/logo\/image\/","url":"https:\/\/jornalfatosenoticias.com.br\/wp-content\/uploads\/2020\/02\/logo120.png","contentUrl":"https:\/\/jornalfatosenoticias.com.br\/wp-content\/uploads\/2020\/02\/logo120.png","width":1227,"height":120,"caption":"Jornal Fatos e Not\u00edcias"},"image":{"@id":"https:\/\/jornalfatosenoticias.com.br\/#\/schema\/logo\/image\/"}},{"@type":"Person","@id":"https:\/\/jornalfatosenoticias.com.br\/#\/schema\/person\/05c46cc25b42a5c27e004fb0fa6b4965","name":"Haroldo Filho","image":{"@type":"ImageObject","inLanguage":"pt-BR","@id":"https:\/\/jornalfatosenoticias.com.br\/#\/schema\/person\/image\/","url":"https:\/\/jornalfatosenoticias.com.br\/wp-content\/uploads\/2025\/08\/WhatsApp-Image-2025-08-18-at-15.30.28-150x150.jpeg","contentUrl":"https:\/\/jornalfatosenoticias.com.br\/wp-content\/uploads\/2025\/08\/WhatsApp-Image-2025-08-18-at-15.30.28-150x150.jpeg","caption":"Haroldo Filho"},"description":"Jornalista \u2013 DRT: 0003818\/ES Coordenador-geral da ONG Educar para Crescer","url":"https:\/\/jornalfatosenoticias.com.br\/index.php\/author\/haroldo\/"}]}},"cc_featured_image_caption":{"caption_text":"(Foto: Marcos Oliveira\/Ag\u00eancia Senado) ","source_text":"","source_url":""},"jetpack_featured_media_url":"https:\/\/jornalfatosenoticias.com.br\/wp-content\/uploads\/2024\/12\/crise-dos-correios.jpg","_links":{"self":[{"href":"https:\/\/jornalfatosenoticias.com.br\/index.php\/wp-json\/wp\/v2\/posts\/56198","targetHints":{"allow":["GET"]}}],"collection":[{"href":"https:\/\/jornalfatosenoticias.com.br\/index.php\/wp-json\/wp\/v2\/posts"}],"about":[{"href":"https:\/\/jornalfatosenoticias.com.br\/index.php\/wp-json\/wp\/v2\/types\/post"}],"author":[{"embeddable":true,"href":"https:\/\/jornalfatosenoticias.com.br\/index.php\/wp-json\/wp\/v2\/users\/3"}],"replies":[{"embeddable":true,"href":"https:\/\/jornalfatosenoticias.com.br\/index.php\/wp-json\/wp\/v2\/comments?post=56198"}],"version-history":[{"count":0,"href":"https:\/\/jornalfatosenoticias.com.br\/index.php\/wp-json\/wp\/v2\/posts\/56198\/revisions"}],"wp:featuredmedia":[{"embeddable":true,"href":"https:\/\/jornalfatosenoticias.com.br\/index.php\/wp-json\/wp\/v2\/media\/56204"}],"wp:attachment":[{"href":"https:\/\/jornalfatosenoticias.com.br\/index.php\/wp-json\/wp\/v2\/media?parent=56198"}],"wp:term":[{"taxonomy":"category","embeddable":true,"href":"https:\/\/jornalfatosenoticias.com.br\/index.php\/wp-json\/wp\/v2\/categories?post=56198"},{"taxonomy":"post_tag","embeddable":true,"href":"https:\/\/jornalfatosenoticias.com.br\/index.php\/wp-json\/wp\/v2\/tags?post=56198"}],"curies":[{"name":"wp","href":"https:\/\/api.w.org\/{rel}","templated":true}]}}