{"id":56261,"date":"2024-12-11T09:27:08","date_gmt":"2024-12-11T12:27:08","guid":{"rendered":"https:\/\/jornalfatosenoticias.com.br\/?p=56261"},"modified":"2024-12-11T09:27:09","modified_gmt":"2024-12-11T12:27:09","slug":"kombinacao-encerramento-da-primeira-temporada-sera-no-proximo-sabado-no-centro","status":"publish","type":"post","link":"https:\/\/jornalfatosenoticias.com.br\/index.php\/2024\/12\/11\/kombinacao-encerramento-da-primeira-temporada-sera-no-proximo-sabado-no-centro\/","title":{"rendered":"Kombina\u00e7\u00e3o: encerramento da primeira temporada ser\u00e1 no pr\u00f3ximo s\u00e1bado, no Centro"},"content":{"rendered":"\n<p><span class=\"has-inline-color has-black-color\">Por <strong>Pedro Vargas<\/strong><\/span><\/p>\n\n\n\n<div class=\"wp-block-image\"><figure class=\"aligncenter size-large\"><a href=\"https:\/\/www.instagram.com\/vmais.midias\/\"><img loading=\"lazy\" decoding=\"async\" width=\"1024\" height=\"110\" src=\"https:\/\/jornalfatosenoticias.com.br\/wp-content\/uploads\/2020\/02\/DE-MAIS-DESTAQUE-VMAIS-1120X120-1024x110.png\" alt=\"\" class=\"wp-image-53110\" srcset=\"https:\/\/jornalfatosenoticias.com.br\/wp-content\/uploads\/2020\/02\/DE-MAIS-DESTAQUE-VMAIS-1120X120-1024x110.png 1024w, https:\/\/jornalfatosenoticias.com.br\/wp-content\/uploads\/2020\/02\/DE-MAIS-DESTAQUE-VMAIS-1120X120-300x32.png 300w, https:\/\/jornalfatosenoticias.com.br\/wp-content\/uploads\/2020\/02\/DE-MAIS-DESTAQUE-VMAIS-1120X120-768x82.png 768w, https:\/\/jornalfatosenoticias.com.br\/wp-content\/uploads\/2020\/02\/DE-MAIS-DESTAQUE-VMAIS-1120X120.png 1120w\" sizes=\"auto, (max-width: 1024px) 100vw, 1024px\" \/><\/a><\/figure><\/div>\n\n\n\n<p>Criado pela Secretaria Municipal de Cultura de Vit\u00f3ria (Semc), o &#8220;Kombina\u00e7\u00e3o&#8221; \u00e9 uma a\u00e7\u00e3o que desde o \u00faltimo m\u00eas de julho tem levado o rock, hip-hop e rap para as ruas da capital. No pr\u00f3ximo s\u00e1bado (14), ser\u00e1 o encerramento da primeira temporada da a\u00e7\u00e3o, no Centro da capital, mais precisamente na Pra\u00e7a Ubaldo Ramalhete, a partir das 18 horas.<br>Por meio de uma Kombi original que &#8220;estaciona&#8221; em diferentes localidades da cidade, o projeto leva cultura, entretenimento e muita m\u00fasica, no ve\u00edculo que &#8220;se transforma&#8221; em um palco para vibrantes apresenta\u00e7\u00f5es, a v\u00e1rios pontos da cidade. <\/p>\n\n\n\n<div class=\"wp-block-image\"><figure class=\"aligncenter size-large is-resized\"><a href=\"https:\/\/www.facebook.com\/postobkr\/?locale=pt_BR\"><img loading=\"lazy\" decoding=\"async\" src=\"https:\/\/jornalfatosenoticias.com.br\/wp-content\/uploads\/2023\/08\/BKR-1024x1021.jpg\" alt=\"\" class=\"wp-image-44494\" width=\"291\" height=\"290\" srcset=\"https:\/\/jornalfatosenoticias.com.br\/wp-content\/uploads\/2023\/08\/BKR-1024x1021.jpg 1024w, https:\/\/jornalfatosenoticias.com.br\/wp-content\/uploads\/2023\/08\/BKR-300x300.jpg 300w, https:\/\/jornalfatosenoticias.com.br\/wp-content\/uploads\/2023\/08\/BKR-150x150.jpg 150w, https:\/\/jornalfatosenoticias.com.br\/wp-content\/uploads\/2023\/08\/BKR-768x766.jpg 768w, https:\/\/jornalfatosenoticias.com.br\/wp-content\/uploads\/2023\/08\/BKR.jpg 1080w\" sizes=\"auto, (max-width: 291px) 100vw, 291px\" \/><\/a><\/figure><\/div>\n\n\n\n<blockquote class=\"wp-block-quote is-layout-flow wp-block-quote-is-layout-flow\"><p><span class=\"has-inline-color has-luminous-vivid-orange-color\">A a\u00e7\u00e3o se mostrou muito din\u00e2mica. A Kombi p\u00f4de acessar, durante meses, diversos lugares, como avenidas, ruas, vielas e ladeiras, oferecendo in\u00fameras possibilidades de cultura e entretenimento. Em cada comunidade visitada, foi organizada uma &#8220;Batalha de Rap&#8221; com os participantes locais. As competi\u00e7\u00f5es aconteceram em cada bairro ou regi\u00e3o repletas de energia e talento&#8221; declarou o secret\u00e1rio municipal de Cultura, Edu Henning.<\/span><\/p><\/blockquote>\n\n\n\n<div class=\"wp-block-image\"><figure class=\"aligncenter size-large is-resized\"><a href=\"https:\/\/www.ithbrasil.com.br\/\"><img loading=\"lazy\" decoding=\"async\" src=\"https:\/\/jornalfatosenoticias.com.br\/wp-content\/uploads\/2023\/08\/ITH.jpeg\" alt=\"\" class=\"wp-image-44638\" width=\"271\" height=\"220\" srcset=\"https:\/\/jornalfatosenoticias.com.br\/wp-content\/uploads\/2023\/08\/ITH.jpeg 800w, https:\/\/jornalfatosenoticias.com.br\/wp-content\/uploads\/2023\/08\/ITH-300x244.jpeg 300w, https:\/\/jornalfatosenoticias.com.br\/wp-content\/uploads\/2023\/08\/ITH-768x624.jpeg 768w\" sizes=\"auto, (max-width: 271px) 100vw, 271px\" \/><\/a><\/figure><\/div>\n\n\n\n<p>A bordo da Kombi, que carrega o seu pr\u00f3prio equipamento de som e luz, e que tem autonomia de energia el\u00e9trica, est\u00e3o os integrantes da banda The Roquers, formada por uma fam\u00edlia de m\u00fasicos. Cada apresenta\u00e7\u00e3o tem, em m\u00e9dia, 3h30 de dura\u00e7\u00e3o, entre introdu\u00e7\u00e3o, batalhas de rimas e shows. A banda The Roquers \u00e9 formada pelo vocalista e violonista Roque Ferreira, o guitarrista Anderson Junior, o baixista Vitor Cabral Ferreira e o baterista Yves Cabral Ferreira.<\/p>\n\n\n\n<div class=\"wp-block-image\"><figure class=\"aligncenter size-large\"><a href=\"https:\/\/cesconetto.com.br\/\"><img loading=\"lazy\" decoding=\"async\" width=\"300\" height=\"250\" src=\"https:\/\/jornalfatosenoticias.com.br\/wp-content\/uploads\/2022\/02\/Banner-2.png\" alt=\"\" class=\"wp-image-27877\"\/><\/a><\/figure><\/div>\n\n\n\n<p>No repert\u00f3rio do conjunto est\u00e3o cl\u00e1ssicos do rock nacional e internacional de bandas e artistas consagrados como O Rappa, Gabriel O Pensador, Sandra de S\u00e1, Tit\u00e3s e Racionais MC&#8217;s; com letras que abordam temas como preconceito, intoler\u00e2ncia, responsabilidade, amor e respeito \u00e0 diversidade.<\/p>\n\n\n\n<div class=\"wp-block-image\"><figure class=\"aligncenter size-large is-resized\"><a href=\"https:\/\/www.legisjuris.com.br\/\"><img loading=\"lazy\" decoding=\"async\" src=\"https:\/\/jornalfatosenoticias.com.br\/wp-content\/uploads\/2024\/09\/Legis-Juris-Consultoria_logo.jpg\" alt=\"\" class=\"wp-image-53915\" width=\"377\" height=\"158\" srcset=\"https:\/\/jornalfatosenoticias.com.br\/wp-content\/uploads\/2024\/09\/Legis-Juris-Consultoria_logo.jpg 969w, https:\/\/jornalfatosenoticias.com.br\/wp-content\/uploads\/2024\/09\/Legis-Juris-Consultoria_logo-300x126.jpg 300w, https:\/\/jornalfatosenoticias.com.br\/wp-content\/uploads\/2024\/09\/Legis-Juris-Consultoria_logo-768x322.jpg 768w\" sizes=\"auto, (max-width: 377px) 100vw, 377px\" \/><\/a><\/figure><\/div>\n\n\n\n<p><strong><span class=\"has-inline-color has-black-color\"><span style=\"text-decoration: underline;\">Servi\u00e7o<br><\/span><\/span><\/strong><em><span style=\"text-decoration: underline;\">&#8220;Kombina\u00e7\u00e3o&#8221; no Centro Hist\u00f3rico de Vit\u00f3ria<br><\/span><\/em><strong>Quando:<\/strong> s\u00e1bado (14), das 18h \u00e0s 22h<br><strong>Onde:<\/strong> Pra\u00e7a Ubaldo Ramalhete \u2014 Centro Hist\u00f3rico de Vit\u00f3ria<br><strong>Classifica\u00e7\u00e3o indicativa:<\/strong> livre<\/p>\n\n\n\n<div class=\"wp-block-image\"><figure class=\"aligncenter size-large is-resized\"><a href=\"https:\/\/www.facebook.com\/vetor.vix\/\"><img loading=\"lazy\" decoding=\"async\" src=\"https:\/\/jornalfatosenoticias.com.br\/wp-content\/uploads\/2023\/09\/vetorvix1024_1.jpg\" alt=\"\" class=\"wp-image-44868\" width=\"520\" height=\"138\" srcset=\"https:\/\/jornalfatosenoticias.com.br\/wp-content\/uploads\/2023\/09\/vetorvix1024_1.jpg 1024w, https:\/\/jornalfatosenoticias.com.br\/wp-content\/uploads\/2023\/09\/vetorvix1024_1-300x80.jpg 300w, https:\/\/jornalfatosenoticias.com.br\/wp-content\/uploads\/2023\/09\/vetorvix1024_1-768x205.jpg 768w\" sizes=\"auto, (max-width: 520px) 100vw, 520px\" \/><\/a><\/figure><\/div>\n\n\n\n<p><strong><em>Fonte: <a href=\"https:\/\/www.vitoria.es.gov.br\/noticia\/kombinacao-encerramento-da-primeira-temporada-sera-no-proximo-sabado-14-no-centro-52153\">PMV<\/a><\/em><\/strong><\/p>\n","protected":false},"excerpt":{"rendered":"<p>Por Pedro Vargas Criado pela Secretaria Municipal de Cultura de Vit\u00f3ria (Semc), o &#8220;Kombina\u00e7\u00e3o&#8221; \u00e9 uma a\u00e7\u00e3o que desde o \u00faltimo m\u00eas de julho tem levado o rock, hip-hop e rap para as ruas da capital. No pr\u00f3ximo s\u00e1bado (14), ser\u00e1 o encerramento da primeira temporada da a\u00e7\u00e3o, no Centro da capital, mais precisamente na [&hellip;]<\/p>\n","protected":false},"author":2,"featured_media":56262,"comment_status":"open","ping_status":"open","sticky":false,"template":"","format":"standard","meta":{"footnotes":""},"categories":[4],"tags":[25673,25671,25672,20510],"class_list":["post-56261","post","type-post","status-publish","format-standard","has-post-thumbnail","hentry","category-cultura","tag-kombi","tag-kombinacao","tag-repertorio","tag-secretaria-municipal-de-cultura-de-vitoria"],"yoast_head":"<!-- This site is optimized with the Yoast SEO plugin v26.5 - https:\/\/yoast.com\/wordpress\/plugins\/seo\/ -->\n<title>Kombina\u00e7\u00e3o: encerramento da primeira temporada ser\u00e1 no pr\u00f3ximo s\u00e1bado, no Centro - Jornal Fatos e Not\u00edcias<\/title>\n<meta name=\"robots\" content=\"index, follow, max-snippet:-1, max-image-preview:large, max-video-preview:-1\" \/>\n<link rel=\"canonical\" href=\"https:\/\/jornalfatosenoticias.com.br\/index.php\/2024\/12\/11\/kombinacao-encerramento-da-primeira-temporada-sera-no-proximo-sabado-no-centro\/\" \/>\n<meta property=\"og:locale\" content=\"pt_BR\" \/>\n<meta property=\"og:type\" content=\"article\" \/>\n<meta property=\"og:title\" content=\"Kombina\u00e7\u00e3o: encerramento da primeira temporada ser\u00e1 no pr\u00f3ximo s\u00e1bado, no Centro - Jornal Fatos e Not\u00edcias\" \/>\n<meta property=\"og:description\" content=\"Por Pedro Vargas Criado pela Secretaria Municipal de Cultura de Vit\u00f3ria (Semc), o &#8220;Kombina\u00e7\u00e3o&#8221; \u00e9 uma a\u00e7\u00e3o que desde o \u00faltimo m\u00eas de julho tem levado o rock, hip-hop e rap para as ruas da capital. No pr\u00f3ximo s\u00e1bado (14), ser\u00e1 o encerramento da primeira temporada da a\u00e7\u00e3o, no Centro da capital, mais precisamente na [&hellip;]\" \/>\n<meta property=\"og:url\" content=\"https:\/\/jornalfatosenoticias.com.br\/index.php\/2024\/12\/11\/kombinacao-encerramento-da-primeira-temporada-sera-no-proximo-sabado-no-centro\/\" \/>\n<meta property=\"og:site_name\" content=\"Jornal Fatos e Not\u00edcias\" \/>\n<meta property=\"article:published_time\" content=\"2024-12-11T12:27:08+00:00\" \/>\n<meta property=\"article:modified_time\" content=\"2024-12-11T12:27:09+00:00\" \/>\n<meta property=\"og:image\" content=\"https:\/\/jornalfatosenoticias.com.br\/wp-content\/uploads\/2024\/12\/KOMBINACAO.jpg\" \/>\n\t<meta property=\"og:image:width\" content=\"700\" \/>\n\t<meta property=\"og:image:height\" content=\"699\" \/>\n\t<meta property=\"og:image:type\" content=\"image\/jpeg\" \/>\n<meta name=\"author\" content=\"Luzimara Fernandes\" \/>\n<meta name=\"twitter:card\" content=\"summary_large_image\" \/>\n<meta name=\"twitter:label1\" content=\"Escrito por\" \/>\n\t<meta name=\"twitter:data1\" content=\"Luzimara Fernandes\" \/>\n\t<meta name=\"twitter:label2\" content=\"Est. tempo de leitura\" \/>\n\t<meta name=\"twitter:data2\" content=\"2 minutos\" \/>\n<script type=\"application\/ld+json\" class=\"yoast-schema-graph\">{\"@context\":\"https:\/\/schema.org\",\"@graph\":[{\"@type\":\"Article\",\"@id\":\"https:\/\/jornalfatosenoticias.com.br\/index.php\/2024\/12\/11\/kombinacao-encerramento-da-primeira-temporada-sera-no-proximo-sabado-no-centro\/#article\",\"isPartOf\":{\"@id\":\"https:\/\/jornalfatosenoticias.com.br\/index.php\/2024\/12\/11\/kombinacao-encerramento-da-primeira-temporada-sera-no-proximo-sabado-no-centro\/\"},\"author\":{\"name\":\"Luzimara Fernandes\",\"@id\":\"https:\/\/jornalfatosenoticias.com.br\/#\/schema\/person\/d63837fa13ac8666eb9e74e0985d6f81\"},\"headline\":\"Kombina\u00e7\u00e3o: encerramento da primeira temporada ser\u00e1 no pr\u00f3ximo s\u00e1bado, no Centro\",\"datePublished\":\"2024-12-11T12:27:08+00:00\",\"dateModified\":\"2024-12-11T12:27:09+00:00\",\"mainEntityOfPage\":{\"@id\":\"https:\/\/jornalfatosenoticias.com.br\/index.php\/2024\/12\/11\/kombinacao-encerramento-da-primeira-temporada-sera-no-proximo-sabado-no-centro\/\"},\"wordCount\":358,\"commentCount\":0,\"publisher\":{\"@id\":\"https:\/\/jornalfatosenoticias.com.br\/#organization\"},\"image\":{\"@id\":\"https:\/\/jornalfatosenoticias.com.br\/index.php\/2024\/12\/11\/kombinacao-encerramento-da-primeira-temporada-sera-no-proximo-sabado-no-centro\/#primaryimage\"},\"thumbnailUrl\":\"https:\/\/jornalfatosenoticias.com.br\/wp-content\/uploads\/2024\/12\/KOMBINACAO.jpg\",\"keywords\":[\"Kombi\",\"Kombina\u00e7\u00e3o\",\"repert\u00f3rio\",\"Secretaria Municipal de Cultura de Vit\u00f3ria\"],\"articleSection\":[\"Cultura\"],\"inLanguage\":\"pt-BR\",\"potentialAction\":[{\"@type\":\"CommentAction\",\"name\":\"Comment\",\"target\":[\"https:\/\/jornalfatosenoticias.com.br\/index.php\/2024\/12\/11\/kombinacao-encerramento-da-primeira-temporada-sera-no-proximo-sabado-no-centro\/#respond\"]}]},{\"@type\":\"WebPage\",\"@id\":\"https:\/\/jornalfatosenoticias.com.br\/index.php\/2024\/12\/11\/kombinacao-encerramento-da-primeira-temporada-sera-no-proximo-sabado-no-centro\/\",\"url\":\"https:\/\/jornalfatosenoticias.com.br\/index.php\/2024\/12\/11\/kombinacao-encerramento-da-primeira-temporada-sera-no-proximo-sabado-no-centro\/\",\"name\":\"Kombina\u00e7\u00e3o: encerramento da primeira temporada ser\u00e1 no pr\u00f3ximo s\u00e1bado, no Centro - Jornal Fatos e Not\u00edcias\",\"isPartOf\":{\"@id\":\"https:\/\/jornalfatosenoticias.com.br\/#website\"},\"primaryImageOfPage\":{\"@id\":\"https:\/\/jornalfatosenoticias.com.br\/index.php\/2024\/12\/11\/kombinacao-encerramento-da-primeira-temporada-sera-no-proximo-sabado-no-centro\/#primaryimage\"},\"image\":{\"@id\":\"https:\/\/jornalfatosenoticias.com.br\/index.php\/2024\/12\/11\/kombinacao-encerramento-da-primeira-temporada-sera-no-proximo-sabado-no-centro\/#primaryimage\"},\"thumbnailUrl\":\"https:\/\/jornalfatosenoticias.com.br\/wp-content\/uploads\/2024\/12\/KOMBINACAO.jpg\",\"datePublished\":\"2024-12-11T12:27:08+00:00\",\"dateModified\":\"2024-12-11T12:27:09+00:00\",\"breadcrumb\":{\"@id\":\"https:\/\/jornalfatosenoticias.com.br\/index.php\/2024\/12\/11\/kombinacao-encerramento-da-primeira-temporada-sera-no-proximo-sabado-no-centro\/#breadcrumb\"},\"inLanguage\":\"pt-BR\",\"potentialAction\":[{\"@type\":\"ReadAction\",\"target\":[\"https:\/\/jornalfatosenoticias.com.br\/index.php\/2024\/12\/11\/kombinacao-encerramento-da-primeira-temporada-sera-no-proximo-sabado-no-centro\/\"]}]},{\"@type\":\"ImageObject\",\"inLanguage\":\"pt-BR\",\"@id\":\"https:\/\/jornalfatosenoticias.com.br\/index.php\/2024\/12\/11\/kombinacao-encerramento-da-primeira-temporada-sera-no-proximo-sabado-no-centro\/#primaryimage\",\"url\":\"https:\/\/jornalfatosenoticias.com.br\/wp-content\/uploads\/2024\/12\/KOMBINACAO.jpg\",\"contentUrl\":\"https:\/\/jornalfatosenoticias.com.br\/wp-content\/uploads\/2024\/12\/KOMBINACAO.jpg\",\"width\":700,\"height\":699,\"caption\":\"Primeira temporada do projeto termina no pr\u00f3ximo s\u00e1bado (14).\"},{\"@type\":\"BreadcrumbList\",\"@id\":\"https:\/\/jornalfatosenoticias.com.br\/index.php\/2024\/12\/11\/kombinacao-encerramento-da-primeira-temporada-sera-no-proximo-sabado-no-centro\/#breadcrumb\",\"itemListElement\":[{\"@type\":\"ListItem\",\"position\":1,\"name\":\"In\u00edcio\",\"item\":\"https:\/\/jornalfatosenoticias.com.br\/\"},{\"@type\":\"ListItem\",\"position\":2,\"name\":\"Kombina\u00e7\u00e3o: encerramento da primeira temporada ser\u00e1 no pr\u00f3ximo s\u00e1bado, no Centro\"}]},{\"@type\":\"WebSite\",\"@id\":\"https:\/\/jornalfatosenoticias.com.br\/#website\",\"url\":\"https:\/\/jornalfatosenoticias.com.br\/\",\"name\":\"Jornal Fatos e Not\u00edcias\",\"description\":\"Not\u00edcias em geral\",\"publisher\":{\"@id\":\"https:\/\/jornalfatosenoticias.com.br\/#organization\"},\"potentialAction\":[{\"@type\":\"SearchAction\",\"target\":{\"@type\":\"EntryPoint\",\"urlTemplate\":\"https:\/\/jornalfatosenoticias.com.br\/?s={search_term_string}\"},\"query-input\":{\"@type\":\"PropertyValueSpecification\",\"valueRequired\":true,\"valueName\":\"search_term_string\"}}],\"inLanguage\":\"pt-BR\"},{\"@type\":\"Organization\",\"@id\":\"https:\/\/jornalfatosenoticias.com.br\/#organization\",\"name\":\"Jornal Fatos e Not\u00edcias\",\"url\":\"https:\/\/jornalfatosenoticias.com.br\/\",\"logo\":{\"@type\":\"ImageObject\",\"inLanguage\":\"pt-BR\",\"@id\":\"https:\/\/jornalfatosenoticias.com.br\/#\/schema\/logo\/image\/\",\"url\":\"https:\/\/jornalfatosenoticias.com.br\/wp-content\/uploads\/2020\/02\/logo120.png\",\"contentUrl\":\"https:\/\/jornalfatosenoticias.com.br\/wp-content\/uploads\/2020\/02\/logo120.png\",\"width\":1227,\"height\":120,\"caption\":\"Jornal Fatos e Not\u00edcias\"},\"image\":{\"@id\":\"https:\/\/jornalfatosenoticias.com.br\/#\/schema\/logo\/image\/\"}},{\"@type\":\"Person\",\"@id\":\"https:\/\/jornalfatosenoticias.com.br\/#\/schema\/person\/d63837fa13ac8666eb9e74e0985d6f81\",\"name\":\"Luzimara Fernandes\",\"image\":{\"@type\":\"ImageObject\",\"inLanguage\":\"pt-BR\",\"@id\":\"https:\/\/jornalfatosenoticias.com.br\/#\/schema\/person\/image\/\",\"url\":\"https:\/\/jornalfatosenoticias.com.br\/wp-content\/uploads\/2025\/05\/EU_portal.jpg\",\"contentUrl\":\"https:\/\/jornalfatosenoticias.com.br\/wp-content\/uploads\/2025\/05\/EU_portal.jpg\",\"caption\":\"Luzimara Fernandes\"},\"description\":\"Jornalista MTB 2358-ES\",\"sameAs\":[\"https:\/\/jornalfatosenoticias.com.br\"],\"url\":\"https:\/\/jornalfatosenoticias.com.br\/index.php\/author\/luzimara\/\"}]}<\/script>\n<!-- \/ Yoast SEO plugin. -->","yoast_head_json":{"title":"Kombina\u00e7\u00e3o: encerramento da primeira temporada ser\u00e1 no pr\u00f3ximo s\u00e1bado, no Centro - Jornal Fatos e Not\u00edcias","robots":{"index":"index","follow":"follow","max-snippet":"max-snippet:-1","max-image-preview":"max-image-preview:large","max-video-preview":"max-video-preview:-1"},"canonical":"https:\/\/jornalfatosenoticias.com.br\/index.php\/2024\/12\/11\/kombinacao-encerramento-da-primeira-temporada-sera-no-proximo-sabado-no-centro\/","og_locale":"pt_BR","og_type":"article","og_title":"Kombina\u00e7\u00e3o: encerramento da primeira temporada ser\u00e1 no pr\u00f3ximo s\u00e1bado, no Centro - Jornal Fatos e Not\u00edcias","og_description":"Por Pedro Vargas Criado pela Secretaria Municipal de Cultura de Vit\u00f3ria (Semc), o &#8220;Kombina\u00e7\u00e3o&#8221; \u00e9 uma a\u00e7\u00e3o que desde o \u00faltimo m\u00eas de julho tem levado o rock, hip-hop e rap para as ruas da capital. No pr\u00f3ximo s\u00e1bado (14), ser\u00e1 o encerramento da primeira temporada da a\u00e7\u00e3o, no Centro da capital, mais precisamente na [&hellip;]","og_url":"https:\/\/jornalfatosenoticias.com.br\/index.php\/2024\/12\/11\/kombinacao-encerramento-da-primeira-temporada-sera-no-proximo-sabado-no-centro\/","og_site_name":"Jornal Fatos e Not\u00edcias","article_published_time":"2024-12-11T12:27:08+00:00","article_modified_time":"2024-12-11T12:27:09+00:00","og_image":[{"width":700,"height":699,"url":"https:\/\/jornalfatosenoticias.com.br\/wp-content\/uploads\/2024\/12\/KOMBINACAO.jpg","type":"image\/jpeg"}],"author":"Luzimara Fernandes","twitter_card":"summary_large_image","twitter_misc":{"Escrito por":"Luzimara Fernandes","Est. tempo de leitura":"2 minutos"},"schema":{"@context":"https:\/\/schema.org","@graph":[{"@type":"Article","@id":"https:\/\/jornalfatosenoticias.com.br\/index.php\/2024\/12\/11\/kombinacao-encerramento-da-primeira-temporada-sera-no-proximo-sabado-no-centro\/#article","isPartOf":{"@id":"https:\/\/jornalfatosenoticias.com.br\/index.php\/2024\/12\/11\/kombinacao-encerramento-da-primeira-temporada-sera-no-proximo-sabado-no-centro\/"},"author":{"name":"Luzimara Fernandes","@id":"https:\/\/jornalfatosenoticias.com.br\/#\/schema\/person\/d63837fa13ac8666eb9e74e0985d6f81"},"headline":"Kombina\u00e7\u00e3o: encerramento da primeira temporada ser\u00e1 no pr\u00f3ximo s\u00e1bado, no Centro","datePublished":"2024-12-11T12:27:08+00:00","dateModified":"2024-12-11T12:27:09+00:00","mainEntityOfPage":{"@id":"https:\/\/jornalfatosenoticias.com.br\/index.php\/2024\/12\/11\/kombinacao-encerramento-da-primeira-temporada-sera-no-proximo-sabado-no-centro\/"},"wordCount":358,"commentCount":0,"publisher":{"@id":"https:\/\/jornalfatosenoticias.com.br\/#organization"},"image":{"@id":"https:\/\/jornalfatosenoticias.com.br\/index.php\/2024\/12\/11\/kombinacao-encerramento-da-primeira-temporada-sera-no-proximo-sabado-no-centro\/#primaryimage"},"thumbnailUrl":"https:\/\/jornalfatosenoticias.com.br\/wp-content\/uploads\/2024\/12\/KOMBINACAO.jpg","keywords":["Kombi","Kombina\u00e7\u00e3o","repert\u00f3rio","Secretaria Municipal de Cultura de Vit\u00f3ria"],"articleSection":["Cultura"],"inLanguage":"pt-BR","potentialAction":[{"@type":"CommentAction","name":"Comment","target":["https:\/\/jornalfatosenoticias.com.br\/index.php\/2024\/12\/11\/kombinacao-encerramento-da-primeira-temporada-sera-no-proximo-sabado-no-centro\/#respond"]}]},{"@type":"WebPage","@id":"https:\/\/jornalfatosenoticias.com.br\/index.php\/2024\/12\/11\/kombinacao-encerramento-da-primeira-temporada-sera-no-proximo-sabado-no-centro\/","url":"https:\/\/jornalfatosenoticias.com.br\/index.php\/2024\/12\/11\/kombinacao-encerramento-da-primeira-temporada-sera-no-proximo-sabado-no-centro\/","name":"Kombina\u00e7\u00e3o: encerramento da primeira temporada ser\u00e1 no pr\u00f3ximo s\u00e1bado, no Centro - Jornal Fatos e Not\u00edcias","isPartOf":{"@id":"https:\/\/jornalfatosenoticias.com.br\/#website"},"primaryImageOfPage":{"@id":"https:\/\/jornalfatosenoticias.com.br\/index.php\/2024\/12\/11\/kombinacao-encerramento-da-primeira-temporada-sera-no-proximo-sabado-no-centro\/#primaryimage"},"image":{"@id":"https:\/\/jornalfatosenoticias.com.br\/index.php\/2024\/12\/11\/kombinacao-encerramento-da-primeira-temporada-sera-no-proximo-sabado-no-centro\/#primaryimage"},"thumbnailUrl":"https:\/\/jornalfatosenoticias.com.br\/wp-content\/uploads\/2024\/12\/KOMBINACAO.jpg","datePublished":"2024-12-11T12:27:08+00:00","dateModified":"2024-12-11T12:27:09+00:00","breadcrumb":{"@id":"https:\/\/jornalfatosenoticias.com.br\/index.php\/2024\/12\/11\/kombinacao-encerramento-da-primeira-temporada-sera-no-proximo-sabado-no-centro\/#breadcrumb"},"inLanguage":"pt-BR","potentialAction":[{"@type":"ReadAction","target":["https:\/\/jornalfatosenoticias.com.br\/index.php\/2024\/12\/11\/kombinacao-encerramento-da-primeira-temporada-sera-no-proximo-sabado-no-centro\/"]}]},{"@type":"ImageObject","inLanguage":"pt-BR","@id":"https:\/\/jornalfatosenoticias.com.br\/index.php\/2024\/12\/11\/kombinacao-encerramento-da-primeira-temporada-sera-no-proximo-sabado-no-centro\/#primaryimage","url":"https:\/\/jornalfatosenoticias.com.br\/wp-content\/uploads\/2024\/12\/KOMBINACAO.jpg","contentUrl":"https:\/\/jornalfatosenoticias.com.br\/wp-content\/uploads\/2024\/12\/KOMBINACAO.jpg","width":700,"height":699,"caption":"Primeira temporada do projeto termina no pr\u00f3ximo s\u00e1bado (14)."},{"@type":"BreadcrumbList","@id":"https:\/\/jornalfatosenoticias.com.br\/index.php\/2024\/12\/11\/kombinacao-encerramento-da-primeira-temporada-sera-no-proximo-sabado-no-centro\/#breadcrumb","itemListElement":[{"@type":"ListItem","position":1,"name":"In\u00edcio","item":"https:\/\/jornalfatosenoticias.com.br\/"},{"@type":"ListItem","position":2,"name":"Kombina\u00e7\u00e3o: encerramento da primeira temporada ser\u00e1 no pr\u00f3ximo s\u00e1bado, no Centro"}]},{"@type":"WebSite","@id":"https:\/\/jornalfatosenoticias.com.br\/#website","url":"https:\/\/jornalfatosenoticias.com.br\/","name":"Jornal Fatos e Not\u00edcias","description":"Not\u00edcias em geral","publisher":{"@id":"https:\/\/jornalfatosenoticias.com.br\/#organization"},"potentialAction":[{"@type":"SearchAction","target":{"@type":"EntryPoint","urlTemplate":"https:\/\/jornalfatosenoticias.com.br\/?s={search_term_string}"},"query-input":{"@type":"PropertyValueSpecification","valueRequired":true,"valueName":"search_term_string"}}],"inLanguage":"pt-BR"},{"@type":"Organization","@id":"https:\/\/jornalfatosenoticias.com.br\/#organization","name":"Jornal Fatos e Not\u00edcias","url":"https:\/\/jornalfatosenoticias.com.br\/","logo":{"@type":"ImageObject","inLanguage":"pt-BR","@id":"https:\/\/jornalfatosenoticias.com.br\/#\/schema\/logo\/image\/","url":"https:\/\/jornalfatosenoticias.com.br\/wp-content\/uploads\/2020\/02\/logo120.png","contentUrl":"https:\/\/jornalfatosenoticias.com.br\/wp-content\/uploads\/2020\/02\/logo120.png","width":1227,"height":120,"caption":"Jornal Fatos e Not\u00edcias"},"image":{"@id":"https:\/\/jornalfatosenoticias.com.br\/#\/schema\/logo\/image\/"}},{"@type":"Person","@id":"https:\/\/jornalfatosenoticias.com.br\/#\/schema\/person\/d63837fa13ac8666eb9e74e0985d6f81","name":"Luzimara Fernandes","image":{"@type":"ImageObject","inLanguage":"pt-BR","@id":"https:\/\/jornalfatosenoticias.com.br\/#\/schema\/person\/image\/","url":"https:\/\/jornalfatosenoticias.com.br\/wp-content\/uploads\/2025\/05\/EU_portal.jpg","contentUrl":"https:\/\/jornalfatosenoticias.com.br\/wp-content\/uploads\/2025\/05\/EU_portal.jpg","caption":"Luzimara Fernandes"},"description":"Jornalista MTB 2358-ES","sameAs":["https:\/\/jornalfatosenoticias.com.br"],"url":"https:\/\/jornalfatosenoticias.com.br\/index.php\/author\/luzimara\/"}]}},"cc_featured_image_caption":{"caption_text":"(Foto: Divulga\u00e7\u00e3o\/PMV) ","source_text":"","source_url":""},"jetpack_featured_media_url":"https:\/\/jornalfatosenoticias.com.br\/wp-content\/uploads\/2024\/12\/KOMBINACAO.jpg","_links":{"self":[{"href":"https:\/\/jornalfatosenoticias.com.br\/index.php\/wp-json\/wp\/v2\/posts\/56261","targetHints":{"allow":["GET"]}}],"collection":[{"href":"https:\/\/jornalfatosenoticias.com.br\/index.php\/wp-json\/wp\/v2\/posts"}],"about":[{"href":"https:\/\/jornalfatosenoticias.com.br\/index.php\/wp-json\/wp\/v2\/types\/post"}],"author":[{"embeddable":true,"href":"https:\/\/jornalfatosenoticias.com.br\/index.php\/wp-json\/wp\/v2\/users\/2"}],"replies":[{"embeddable":true,"href":"https:\/\/jornalfatosenoticias.com.br\/index.php\/wp-json\/wp\/v2\/comments?post=56261"}],"version-history":[{"count":0,"href":"https:\/\/jornalfatosenoticias.com.br\/index.php\/wp-json\/wp\/v2\/posts\/56261\/revisions"}],"wp:featuredmedia":[{"embeddable":true,"href":"https:\/\/jornalfatosenoticias.com.br\/index.php\/wp-json\/wp\/v2\/media\/56262"}],"wp:attachment":[{"href":"https:\/\/jornalfatosenoticias.com.br\/index.php\/wp-json\/wp\/v2\/media?parent=56261"}],"wp:term":[{"taxonomy":"category","embeddable":true,"href":"https:\/\/jornalfatosenoticias.com.br\/index.php\/wp-json\/wp\/v2\/categories?post=56261"},{"taxonomy":"post_tag","embeddable":true,"href":"https:\/\/jornalfatosenoticias.com.br\/index.php\/wp-json\/wp\/v2\/tags?post=56261"}],"curies":[{"name":"wp","href":"https:\/\/api.w.org\/{rel}","templated":true}]}}