{"id":56273,"date":"2024-12-11T10:34:01","date_gmt":"2024-12-11T13:34:01","guid":{"rendered":"https:\/\/jornalfatosenoticias.com.br\/?p=56273"},"modified":"2024-12-11T10:34:03","modified_gmt":"2024-12-11T13:34:03","slug":"dormir-pelado-faz-mal-a-saude-veja-o-que-a-ciencia-tem-a-dizer","status":"publish","type":"post","link":"https:\/\/jornalfatosenoticias.com.br\/index.php\/2024\/12\/11\/dormir-pelado-faz-mal-a-saude-veja-o-que-a-ciencia-tem-a-dizer\/","title":{"rendered":"Dormir pelado faz mal \u00e0 sa\u00fade? Veja o que a ci\u00eancia tem a dizer"},"content":{"rendered":"\n<p><em><span class=\"has-inline-color has-black-color\">Dormir pelado \u00e9 um h\u00e1bito comum para muita gente. Mas voc\u00ea sabia que isso possui pontos positivos e negativos? Entenda<\/span><\/em><\/p>\n\n\n\n<p><span class=\"has-inline-color has-black-color\">Por <strong><a href=\"https:\/\/olhardigital.com.br\/author\/danilo-oliveira\/\">Danilo Oliveira<\/a><\/strong><\/span><\/p>\n\n\n\n<div class=\"wp-block-image\"><figure class=\"aligncenter size-large is-resized\"><a href=\"https:\/\/www.facebook.com\/vetor.vix\/\"><img loading=\"lazy\" decoding=\"async\" src=\"https:\/\/jornalfatosenoticias.com.br\/wp-content\/uploads\/2023\/09\/vetorvix1024_1.jpg\" alt=\"\" class=\"wp-image-44868\" width=\"543\" height=\"144\" srcset=\"https:\/\/jornalfatosenoticias.com.br\/wp-content\/uploads\/2023\/09\/vetorvix1024_1.jpg 1024w, https:\/\/jornalfatosenoticias.com.br\/wp-content\/uploads\/2023\/09\/vetorvix1024_1-300x80.jpg 300w, https:\/\/jornalfatosenoticias.com.br\/wp-content\/uploads\/2023\/09\/vetorvix1024_1-768x205.jpg 768w\" sizes=\"auto, (max-width: 543px) 100vw, 543px\" \/><\/a><\/figure><\/div>\n\n\n\n<p>Dormir sem roupas \u00e9 um h\u00e1bito que divide opini\u00f5es e gera curiosidade, mas ser\u00e1 que dormir pelado faz mal \u00e0 <strong><a href=\"https:\/\/olhardigital.com.br\/editorias\/medicina-e-saude\/\" target=\"_blank\" rel=\"noreferrer noopener\">sa\u00fade<\/a><\/strong>? Essa pr\u00e1tica, que muitos defendem como relaxante e libertadora, \u00e9 frequentemente associada a uma s\u00e9rie de benef\u00edcios e poss\u00edveis riscos. Para entender melhor, \u00e9 importante analisar o que a Ci\u00eancia tem a dizer sobre essa escolha. A temperatura corporal, a qualidade do <strong><a href=\"https:\/\/olhardigital.com.br\/2024\/04\/05\/medicina-e-saude\/conheca-os-4-tipos-de-sono-identificados-pela-ciencia-e-saiba-qual-e-o-seu\/\" target=\"_blank\" rel=\"noreferrer noopener\">sono<\/a><\/strong>, a sa\u00fade da pele e at\u00e9 mesmo o impacto emocional e psicol\u00f3gico entram em pauta quando discutimos os efeitos de dormir sem roupas.<br>Embora existam argumentos a favor, como a melhora na qualidade do sono e a regula\u00e7\u00e3o da temperatura corporal, tamb\u00e9m h\u00e1 preocupa\u00e7\u00f5es, como o aumento do risco de infec\u00e7\u00f5es ou desconforto em algumas situa\u00e7\u00f5es. Cada pessoa reage de forma diferente a esse h\u00e1bito, e entender os pr\u00f3s e contras pode ajudar a decidir o que \u00e9 melhor para a sua sa\u00fade e conforto.<\/p>\n\n\n\n<div class=\"wp-block-image\"><figure class=\"aligncenter size-large is-resized\"><a href=\"https:\/\/www.facebook.com\/postobkr\/?locale=pt_BR\"><img loading=\"lazy\" decoding=\"async\" src=\"https:\/\/jornalfatosenoticias.com.br\/wp-content\/uploads\/2023\/08\/BKR-1024x1021.jpg\" alt=\"\" class=\"wp-image-44494\" width=\"270\" height=\"269\" srcset=\"https:\/\/jornalfatosenoticias.com.br\/wp-content\/uploads\/2023\/08\/BKR-1024x1021.jpg 1024w, https:\/\/jornalfatosenoticias.com.br\/wp-content\/uploads\/2023\/08\/BKR-300x300.jpg 300w, https:\/\/jornalfatosenoticias.com.br\/wp-content\/uploads\/2023\/08\/BKR-150x150.jpg 150w, https:\/\/jornalfatosenoticias.com.br\/wp-content\/uploads\/2023\/08\/BKR-768x766.jpg 768w, https:\/\/jornalfatosenoticias.com.br\/wp-content\/uploads\/2023\/08\/BKR.jpg 1080w\" sizes=\"auto, (max-width: 270px) 100vw, 270px\" \/><\/a><\/figure><\/div>\n\n\n\n<p>Afinal, dormir pelado faz mal \u00e0 sa\u00fade? A resposta depende de v\u00e1rios fatores. A Ci\u00eancia aponta que existem tanto aspectos positivos quanto negativos relacionados a essa pr\u00e1tica. Para facilitar o entendimento, vamos dividir os t\u00f3picos em duas partes: os pontos positivos e os poss\u00edveis pontos negativos de dormir sem roupas.<\/p>\n\n\n\n<div class=\"wp-block-image\"><figure class=\"aligncenter size-large is-resized\"><a href=\"https:\/\/hotelmarquetti.com.br\/\"><img loading=\"lazy\" decoding=\"async\" src=\"https:\/\/jornalfatosenoticias.com.br\/wp-content\/uploads\/2020\/02\/nova-logo-Marquetti.jpg\" alt=\"\" class=\"wp-image-22331\" width=\"293\" height=\"197\" srcset=\"https:\/\/jornalfatosenoticias.com.br\/wp-content\/uploads\/2020\/02\/nova-logo-Marquetti.jpg 643w, https:\/\/jornalfatosenoticias.com.br\/wp-content\/uploads\/2020\/02\/nova-logo-Marquetti-300x202.jpg 300w\" sizes=\"auto, (max-width: 293px) 100vw, 293px\" \/><\/a><\/figure><\/div>\n\n\n\n<p><strong><span class=\"has-inline-color has-vivid-purple-color\">Pontos positivos de dormir pelado<br><\/span><\/strong>Um dos maiores benef\u00edcios de dormir pelado est\u00e1 relacionado \u00e0 regula\u00e7\u00e3o da temperatura do corpo. O sono est\u00e1 diretamente ligado ao ciclo circadiano, e a redu\u00e7\u00e3o da temperatura corporal \u00e9 um sinal para o c\u00e9rebro de que \u00e9 hora de descansar. Dormir sem roupas pode ajudar a manter a temperatura ideal, especialmente em ambientes mais quentes, contribuindo para um sono mais profundo e reparador.<\/p>\n\n\n\n<div class=\"wp-block-image\"><figure class=\"aligncenter size-large is-resized\"><a href=\"https:\/\/www.ithbrasil.com.br\/\"><img loading=\"lazy\" decoding=\"async\" src=\"https:\/\/jornalfatosenoticias.com.br\/wp-content\/uploads\/2023\/08\/ITH.jpeg\" alt=\"\" class=\"wp-image-44638\" width=\"303\" height=\"246\" srcset=\"https:\/\/jornalfatosenoticias.com.br\/wp-content\/uploads\/2023\/08\/ITH.jpeg 800w, https:\/\/jornalfatosenoticias.com.br\/wp-content\/uploads\/2023\/08\/ITH-300x244.jpeg 300w, https:\/\/jornalfatosenoticias.com.br\/wp-content\/uploads\/2023\/08\/ITH-768x624.jpeg 768w\" sizes=\"auto, (max-width: 303px) 100vw, 303px\" \/><\/a><\/figure><\/div>\n\n\n\n<p>Estudos sugerem que pessoas que dormem peladas podem experimentar menos interrup\u00e7\u00f5es no sono. Isso porque a aus\u00eancia de roupas permite maior liberdade de movimento e reduz o desconforto causado por tecidos que podem apertar ou irritar a pele durante a noite.<\/p>\n\n\n\n<div class=\"wp-block-image\"><figure class=\"aligncenter size-large is-resized\"><a href=\"https:\/\/www.instagram.com\/ligadossaborespizzaria\/\"><img loading=\"lazy\" decoding=\"async\" src=\"https:\/\/jornalfatosenoticias.com.br\/wp-content\/uploads\/2020\/02\/WhatsApp-Image-2024-10-02-at-08.18.14-819x1024.jpeg\" alt=\"\" class=\"wp-image-54612\" width=\"286\" height=\"358\" srcset=\"https:\/\/jornalfatosenoticias.com.br\/wp-content\/uploads\/2020\/02\/WhatsApp-Image-2024-10-02-at-08.18.14-819x1024.jpeg 819w, https:\/\/jornalfatosenoticias.com.br\/wp-content\/uploads\/2020\/02\/WhatsApp-Image-2024-10-02-at-08.18.14-240x300.jpeg 240w, https:\/\/jornalfatosenoticias.com.br\/wp-content\/uploads\/2020\/02\/WhatsApp-Image-2024-10-02-at-08.18.14-768x960.jpeg 768w, https:\/\/jornalfatosenoticias.com.br\/wp-content\/uploads\/2020\/02\/WhatsApp-Image-2024-10-02-at-08.18.14.jpeg 1024w\" sizes=\"auto, (max-width: 286px) 100vw, 286px\" \/><\/a><\/figure><\/div>\n\n\n\n<p>Dormir pelado tamb\u00e9m favorece a respira\u00e7\u00e3o da pele. Para quem sofre com problemas como suor excessivo ou irrita\u00e7\u00f5es cut\u00e2neas, permitir que a pele \u201crespire\u201d durante a noite pode ser bastante ben\u00e9fico. Al\u00e9m disso, a redu\u00e7\u00e3o da umidade acumulada em \u00e1reas como axilas e virilha ajuda a evitar a prolifera\u00e7\u00e3o de bact\u00e9rias e fungos.<\/p>\n\n\n\n<div class=\"wp-block-image\"><figure class=\"aligncenter size-large\"><a href=\"https:\/\/cesconetto.com.br\/\"><img loading=\"lazy\" decoding=\"async\" width=\"300\" height=\"250\" src=\"https:\/\/jornalfatosenoticias.com.br\/wp-content\/uploads\/2022\/02\/Banner-2.png\" alt=\"\" class=\"wp-image-27877\"\/><\/a><\/figure><\/div>\n\n\n\n<p>Para casais, dormir sem roupas pode estimular o contato pele a pele, o que libera <strong><a href=\"https:\/\/olhardigital.com.br\/2024\/07\/12\/medicina-e-saude\/o-que-e-ocitocina-hormonio-do-amor-e-para-que-ela-serve\/\" target=\"_blank\" rel=\"noreferrer noopener\">ocitocina<\/a><\/strong>, conhecida como o \u201chorm\u00f4nio do amor\u201d. Essa subst\u00e2ncia \u00e9 respons\u00e1vel por aumentar a sensa\u00e7\u00e3o de bem-estar e fortalecer os la\u00e7os emocionais, melhorando a intimidade e a rela\u00e7\u00e3o como um todo. Para os homens, dormir pelado pode oferecer um benef\u00edcio adicional: a manuten\u00e7\u00e3o de uma temperatura mais baixa nos test\u00edculos. Pesquisas apontam que temperaturas elevadas podem afetar negativamente a qualidade do esperma, e dormir sem roupas pode ajudar a preservar a sa\u00fade reprodutiva.<\/p>\n\n\n\n<div class=\"wp-block-image\"><figure class=\"aligncenter size-large is-resized\"><a href=\"https:\/\/www.instagram.com\/serra4x4cambioautomatico\/\"><img loading=\"lazy\" decoding=\"async\" src=\"https:\/\/jornalfatosenoticias.com.br\/wp-content\/uploads\/2024\/08\/Serra-4x4-1-886x1024.jpg\" alt=\"\" class=\"wp-image-53632\" width=\"294\" height=\"340\" srcset=\"https:\/\/jornalfatosenoticias.com.br\/wp-content\/uploads\/2024\/08\/Serra-4x4-1-886x1024.jpg 886w, https:\/\/jornalfatosenoticias.com.br\/wp-content\/uploads\/2024\/08\/Serra-4x4-1-260x300.jpg 260w, https:\/\/jornalfatosenoticias.com.br\/wp-content\/uploads\/2024\/08\/Serra-4x4-1-768x888.jpg 768w, https:\/\/jornalfatosenoticias.com.br\/wp-content\/uploads\/2024\/08\/Serra-4x4-1.jpg 1181w\" sizes=\"auto, (max-width: 294px) 100vw, 294px\" \/><\/a><\/figure><\/div>\n\n\n\n<p><strong><span class=\"has-inline-color has-vivid-purple-color\">Pontos negativos de dormir pelado<br><\/span><\/strong>Apesar dos benef\u00edcios para a pele, dormir sem roupas pode aumentar o risco de infec\u00e7\u00f5es, especialmente em pessoas que n\u00e3o mant\u00eam uma higiene adequada. O contato direto com len\u00e7\u00f3is e colch\u00f5es, que podem acumular sujeira e micro-organismos, pode expor o corpo a bact\u00e9rias, fungos e \u00e1caros. Em regi\u00f5es mais frias ou durante o inverno, dormir pelado pode ser desconfort\u00e1vel e at\u00e9 prejudicial. A exposi\u00e7\u00e3o prolongada ao frio pode levar a dificuldades na manuten\u00e7\u00e3o da temperatura corporal, causando tremores e afetando a qualidade do sono.<\/p>\n\n\n\n<div class=\"wp-block-image\"><figure class=\"aligncenter size-large\"><a href=\"http:\/\/www.ferrarimaquinas.com.br\/\"><img loading=\"lazy\" decoding=\"async\" width=\"300\" height=\"250\" src=\"https:\/\/jornalfatosenoticias.com.br\/wp-content\/uploads\/2022\/02\/FERRARI_MAQUINAS-E-FERRAMENTAS2.jpg\" alt=\"\" class=\"wp-image-27860\"\/><\/a><\/figure><\/div>\n\n\n\n<p>Dormir sem roupas exige um cuidado redobrado com a limpeza dos len\u00e7\u00f3is e do colch\u00e3o. Sem a barreira proporcionada pelas roupas, o corpo entra em contato direto com as superf\u00edcies da cama, aumentando o ac\u00famulo de suor, c\u00e9lulas mortas e outros res\u00edduos. Se a troca de roupas de cama n\u00e3o for feita regularmente, o ambiente pode se tornar prop\u00edcio para alergias e infec\u00e7\u00f5es.<\/p>\n\n\n\n<div class=\"wp-block-image\"><figure class=\"aligncenter size-large is-resized\"><a href=\"https:\/\/www.facebook.com\/profile.php?id=100069289606145\"><img loading=\"lazy\" decoding=\"async\" src=\"https:\/\/jornalfatosenoticias.com.br\/wp-content\/uploads\/2024\/11\/Guaitolini-Contabilidade-1024x714.jpeg\" alt=\"\" class=\"wp-image-55808\" width=\"340\" height=\"237\" srcset=\"https:\/\/jornalfatosenoticias.com.br\/wp-content\/uploads\/2024\/11\/Guaitolini-Contabilidade-1024x714.jpeg 1024w, https:\/\/jornalfatosenoticias.com.br\/wp-content\/uploads\/2024\/11\/Guaitolini-Contabilidade-300x209.jpeg 300w, https:\/\/jornalfatosenoticias.com.br\/wp-content\/uploads\/2024\/11\/Guaitolini-Contabilidade-768x535.jpeg 768w, https:\/\/jornalfatosenoticias.com.br\/wp-content\/uploads\/2024\/11\/Guaitolini-Contabilidade.jpeg 1280w\" sizes=\"auto, (max-width: 340px) 100vw, 340px\" \/><\/a><\/figure><\/div>\n\n\n\n<p>Embora seja um ponto mais subjetivo, algumas pessoas relatam sentir-se vulner\u00e1veis ao dormir peladas, especialmente em casos de emerg\u00eancias noturnas, como inc\u00eandios ou necessidade de evacua\u00e7\u00e3o r\u00e1pida. Estar sem roupas pode causar constrangimento ou desconforto em situa\u00e7\u00f5es imprevistas.<br>Para algumas pessoas, dormir pelado pode gerar inseguran\u00e7a ou desconforto emocional, especialmente se h\u00e1 compartilhamento do quarto com outras pessoas. Nesse caso, a pr\u00e1tica pode acabar causando mais ansiedade do que relaxamento.<\/p>\n\n\n\n<div class=\"wp-block-image\"><figure class=\"aligncenter size-large is-resized\"><a href=\"https:\/\/www.instagram.com\/vmais.midias\/\"><img loading=\"lazy\" decoding=\"async\" src=\"https:\/\/jornalfatosenoticias.com.br\/wp-content\/uploads\/2020\/02\/DE-MAIS-DESTAQUE-VMAIS-800X700.png\" alt=\"\" class=\"wp-image-53112\" width=\"302\" height=\"264\" srcset=\"https:\/\/jornalfatosenoticias.com.br\/wp-content\/uploads\/2020\/02\/DE-MAIS-DESTAQUE-VMAIS-800X700.png 800w, https:\/\/jornalfatosenoticias.com.br\/wp-content\/uploads\/2020\/02\/DE-MAIS-DESTAQUE-VMAIS-800X700-300x263.png 300w, https:\/\/jornalfatosenoticias.com.br\/wp-content\/uploads\/2020\/02\/DE-MAIS-DESTAQUE-VMAIS-800X700-768x672.png 768w\" sizes=\"auto, (max-width: 302px) 100vw, 302px\" \/><\/a><\/figure><\/div>\n\n\n\n<p><strong><span class=\"has-inline-color has-vivid-purple-color\">Dormir sem cueca ou calcinha faz bem?<br><\/span><\/strong>Sim, pode fazer bem em algumas circunst\u00e2ncias. Dormir sem roupas \u00edntimas permite maior ventila\u00e7\u00e3o e reduz a umidade em \u00e1reas \u00edntimas, o que pode ajudar na preven\u00e7\u00e3o de infec\u00e7\u00f5es f\u00fangicas, como a candid\u00edase. No entanto, \u00e9 importante garantir que os len\u00e7\u00f3is estejam limpos para evitar o contato com micro-organismos. Al\u00e9m disso, o h\u00e1bito n\u00e3o \u00e9 ideal para todas as pessoas. Quem tem maior sensibilidade ao frio ou compartilha a cama com outras pessoas pode preferir usar roupas leves para dormir.<\/p>\n\n\n\n<div class=\"wp-block-image\"><figure class=\"aligncenter size-large is-resized\"><a href=\"https:\/\/panper.com.br\/\"><img loading=\"lazy\" decoding=\"async\" src=\"https:\/\/jornalfatosenoticias.com.br\/wp-content\/uploads\/2023\/03\/logo-Panper_portal.jpg\" alt=\"\" class=\"wp-image-40208\" width=\"321\" height=\"222\" srcset=\"https:\/\/jornalfatosenoticias.com.br\/wp-content\/uploads\/2023\/03\/logo-Panper_portal.jpg 400w, https:\/\/jornalfatosenoticias.com.br\/wp-content\/uploads\/2023\/03\/logo-Panper_portal-300x208.jpg 300w\" sizes=\"auto, (max-width: 321px) 100vw, 321px\" \/><\/a><\/figure><\/div>\n\n\n\n<p>Dormir pelado, como vimos, n\u00e3o \u00e9 uma pr\u00e1tica que faz mal por si s\u00f3, mas seus benef\u00edcios ou desvantagens dependem de v\u00e1rios fatores, como higiene, temperatura ambiente e conforto pessoal. Se voc\u00ea optar por adotar esse h\u00e1bito, mantenha os len\u00e7\u00f3is sempre limpos e certifique-se de que o ambiente seja adequado para garantir um sono tranquilo e saud\u00e1vel.<\/p>\n\n\n\n<div class=\"wp-block-image\"><figure class=\"aligncenter size-large is-resized\"><a href=\"https:\/\/www.instagram.com\/restaurantepegoretti\/\"><img loading=\"lazy\" decoding=\"async\" src=\"https:\/\/jornalfatosenoticias.com.br\/wp-content\/uploads\/2023\/12\/pegoretti-logo-pdf-1024x389.jpg\" alt=\"\" class=\"wp-image-47536\" width=\"382\" height=\"145\" srcset=\"https:\/\/jornalfatosenoticias.com.br\/wp-content\/uploads\/2023\/12\/pegoretti-logo-pdf-1024x389.jpg 1024w, https:\/\/jornalfatosenoticias.com.br\/wp-content\/uploads\/2023\/12\/pegoretti-logo-pdf-300x114.jpg 300w, https:\/\/jornalfatosenoticias.com.br\/wp-content\/uploads\/2023\/12\/pegoretti-logo-pdf-768x291.jpg 768w, https:\/\/jornalfatosenoticias.com.br\/wp-content\/uploads\/2023\/12\/pegoretti-logo-pdf.jpg 1120w\" sizes=\"auto, (max-width: 382px) 100vw, 382px\" \/><\/a><\/figure><\/div>\n\n\n\n<p><strong><em>Fonte: <a href=\"https:\/\/olhardigital.com.br\/2024\/12\/09\/medicina-e-saude\/dormir-pelado-faz-mal-a-saude-veja-o-que-a-ciencia-tem-a-dizer\/\">Olhar Digital<\/a><\/em><\/strong><\/p>\n","protected":false},"excerpt":{"rendered":"<p>Dormir pelado \u00e9 um h\u00e1bito comum para muita gente. Mas voc\u00ea sabia que isso possui pontos positivos e negativos? Entenda Por Danilo Oliveira Dormir sem roupas \u00e9 um h\u00e1bito que divide opini\u00f5es e gera curiosidade, mas ser\u00e1 que dormir pelado faz mal \u00e0 sa\u00fade? Essa pr\u00e1tica, que muitos defendem como relaxante e libertadora, \u00e9 frequentemente [&hellip;]<\/p>\n","protected":false},"author":2,"featured_media":56274,"comment_status":"open","ping_status":"open","sticky":false,"template":"","format":"standard","meta":{"footnotes":""},"categories":[42],"tags":[385,6613,3028,25677,2148],"class_list":["post-56273","post","type-post","status-publish","format-standard","has-post-thumbnail","hentry","category-bem-estar","tag-bem-estar","tag-dicas-de-saude","tag-dormir","tag-dormir-pelado","tag-medicina"],"yoast_head":"<!-- This site is optimized with the Yoast SEO plugin v26.5 - https:\/\/yoast.com\/wordpress\/plugins\/seo\/ -->\n<title>Dormir pelado faz mal \u00e0 sa\u00fade? Veja o que a ci\u00eancia tem a dizer - Jornal Fatos e Not\u00edcias<\/title>\n<meta name=\"robots\" content=\"index, follow, max-snippet:-1, max-image-preview:large, max-video-preview:-1\" \/>\n<link rel=\"canonical\" href=\"https:\/\/jornalfatosenoticias.com.br\/index.php\/2024\/12\/11\/dormir-pelado-faz-mal-a-saude-veja-o-que-a-ciencia-tem-a-dizer\/\" \/>\n<meta property=\"og:locale\" content=\"pt_BR\" \/>\n<meta property=\"og:type\" content=\"article\" \/>\n<meta property=\"og:title\" content=\"Dormir pelado faz mal \u00e0 sa\u00fade? Veja o que a ci\u00eancia tem a dizer - Jornal Fatos e Not\u00edcias\" \/>\n<meta property=\"og:description\" content=\"Dormir pelado \u00e9 um h\u00e1bito comum para muita gente. Mas voc\u00ea sabia que isso possui pontos positivos e negativos? Entenda Por Danilo Oliveira Dormir sem roupas \u00e9 um h\u00e1bito que divide opini\u00f5es e gera curiosidade, mas ser\u00e1 que dormir pelado faz mal \u00e0 sa\u00fade? Essa pr\u00e1tica, que muitos defendem como relaxante e libertadora, \u00e9 frequentemente [&hellip;]\" \/>\n<meta property=\"og:url\" content=\"https:\/\/jornalfatosenoticias.com.br\/index.php\/2024\/12\/11\/dormir-pelado-faz-mal-a-saude-veja-o-que-a-ciencia-tem-a-dizer\/\" \/>\n<meta property=\"og:site_name\" content=\"Jornal Fatos e Not\u00edcias\" \/>\n<meta property=\"article:published_time\" content=\"2024-12-11T13:34:01+00:00\" \/>\n<meta property=\"article:modified_time\" content=\"2024-12-11T13:34:03+00:00\" \/>\n<meta property=\"og:image\" content=\"https:\/\/jornalfatosenoticias.com.br\/wp-content\/uploads\/2024\/12\/dormir-pelado_istock.jpg\" \/>\n\t<meta property=\"og:image:width\" content=\"612\" \/>\n\t<meta property=\"og:image:height\" content=\"408\" \/>\n\t<meta property=\"og:image:type\" content=\"image\/jpeg\" \/>\n<meta name=\"author\" content=\"Luzimara Fernandes\" \/>\n<meta name=\"twitter:card\" content=\"summary_large_image\" \/>\n<meta name=\"twitter:label1\" content=\"Escrito por\" \/>\n\t<meta name=\"twitter:data1\" content=\"Luzimara Fernandes\" \/>\n\t<meta name=\"twitter:label2\" content=\"Est. tempo de leitura\" \/>\n\t<meta name=\"twitter:data2\" content=\"5 minutos\" \/>\n<script type=\"application\/ld+json\" class=\"yoast-schema-graph\">{\"@context\":\"https:\/\/schema.org\",\"@graph\":[{\"@type\":\"Article\",\"@id\":\"https:\/\/jornalfatosenoticias.com.br\/index.php\/2024\/12\/11\/dormir-pelado-faz-mal-a-saude-veja-o-que-a-ciencia-tem-a-dizer\/#article\",\"isPartOf\":{\"@id\":\"https:\/\/jornalfatosenoticias.com.br\/index.php\/2024\/12\/11\/dormir-pelado-faz-mal-a-saude-veja-o-que-a-ciencia-tem-a-dizer\/\"},\"author\":{\"name\":\"Luzimara Fernandes\",\"@id\":\"https:\/\/jornalfatosenoticias.com.br\/#\/schema\/person\/d63837fa13ac8666eb9e74e0985d6f81\"},\"headline\":\"Dormir pelado faz mal \u00e0 sa\u00fade? Veja o que a ci\u00eancia tem a dizer\",\"datePublished\":\"2024-12-11T13:34:01+00:00\",\"dateModified\":\"2024-12-11T13:34:03+00:00\",\"mainEntityOfPage\":{\"@id\":\"https:\/\/jornalfatosenoticias.com.br\/index.php\/2024\/12\/11\/dormir-pelado-faz-mal-a-saude-veja-o-que-a-ciencia-tem-a-dizer\/\"},\"wordCount\":938,\"commentCount\":0,\"publisher\":{\"@id\":\"https:\/\/jornalfatosenoticias.com.br\/#organization\"},\"image\":{\"@id\":\"https:\/\/jornalfatosenoticias.com.br\/index.php\/2024\/12\/11\/dormir-pelado-faz-mal-a-saude-veja-o-que-a-ciencia-tem-a-dizer\/#primaryimage\"},\"thumbnailUrl\":\"https:\/\/jornalfatosenoticias.com.br\/wp-content\/uploads\/2024\/12\/dormir-pelado_istock.jpg\",\"keywords\":[\"bem-estar\",\"dicas de sa\u00fade\",\"dormir\",\"dormir pelado\",\"medicina\"],\"articleSection\":[\"Bem-estar\"],\"inLanguage\":\"pt-BR\",\"potentialAction\":[{\"@type\":\"CommentAction\",\"name\":\"Comment\",\"target\":[\"https:\/\/jornalfatosenoticias.com.br\/index.php\/2024\/12\/11\/dormir-pelado-faz-mal-a-saude-veja-o-que-a-ciencia-tem-a-dizer\/#respond\"]}]},{\"@type\":\"WebPage\",\"@id\":\"https:\/\/jornalfatosenoticias.com.br\/index.php\/2024\/12\/11\/dormir-pelado-faz-mal-a-saude-veja-o-que-a-ciencia-tem-a-dizer\/\",\"url\":\"https:\/\/jornalfatosenoticias.com.br\/index.php\/2024\/12\/11\/dormir-pelado-faz-mal-a-saude-veja-o-que-a-ciencia-tem-a-dizer\/\",\"name\":\"Dormir pelado faz mal \u00e0 sa\u00fade? Veja o que a ci\u00eancia tem a dizer - Jornal Fatos e Not\u00edcias\",\"isPartOf\":{\"@id\":\"https:\/\/jornalfatosenoticias.com.br\/#website\"},\"primaryImageOfPage\":{\"@id\":\"https:\/\/jornalfatosenoticias.com.br\/index.php\/2024\/12\/11\/dormir-pelado-faz-mal-a-saude-veja-o-que-a-ciencia-tem-a-dizer\/#primaryimage\"},\"image\":{\"@id\":\"https:\/\/jornalfatosenoticias.com.br\/index.php\/2024\/12\/11\/dormir-pelado-faz-mal-a-saude-veja-o-que-a-ciencia-tem-a-dizer\/#primaryimage\"},\"thumbnailUrl\":\"https:\/\/jornalfatosenoticias.com.br\/wp-content\/uploads\/2024\/12\/dormir-pelado_istock.jpg\",\"datePublished\":\"2024-12-11T13:34:01+00:00\",\"dateModified\":\"2024-12-11T13:34:03+00:00\",\"breadcrumb\":{\"@id\":\"https:\/\/jornalfatosenoticias.com.br\/index.php\/2024\/12\/11\/dormir-pelado-faz-mal-a-saude-veja-o-que-a-ciencia-tem-a-dizer\/#breadcrumb\"},\"inLanguage\":\"pt-BR\",\"potentialAction\":[{\"@type\":\"ReadAction\",\"target\":[\"https:\/\/jornalfatosenoticias.com.br\/index.php\/2024\/12\/11\/dormir-pelado-faz-mal-a-saude-veja-o-que-a-ciencia-tem-a-dizer\/\"]}]},{\"@type\":\"ImageObject\",\"inLanguage\":\"pt-BR\",\"@id\":\"https:\/\/jornalfatosenoticias.com.br\/index.php\/2024\/12\/11\/dormir-pelado-faz-mal-a-saude-veja-o-que-a-ciencia-tem-a-dizer\/#primaryimage\",\"url\":\"https:\/\/jornalfatosenoticias.com.br\/wp-content\/uploads\/2024\/12\/dormir-pelado_istock.jpg\",\"contentUrl\":\"https:\/\/jornalfatosenoticias.com.br\/wp-content\/uploads\/2024\/12\/dormir-pelado_istock.jpg\",\"width\":612,\"height\":408,\"caption\":\"Beautiful young woman sleeping in bed at night\"},{\"@type\":\"BreadcrumbList\",\"@id\":\"https:\/\/jornalfatosenoticias.com.br\/index.php\/2024\/12\/11\/dormir-pelado-faz-mal-a-saude-veja-o-que-a-ciencia-tem-a-dizer\/#breadcrumb\",\"itemListElement\":[{\"@type\":\"ListItem\",\"position\":1,\"name\":\"In\u00edcio\",\"item\":\"https:\/\/jornalfatosenoticias.com.br\/\"},{\"@type\":\"ListItem\",\"position\":2,\"name\":\"Dormir pelado faz mal \u00e0 sa\u00fade? Veja o que a ci\u00eancia tem a dizer\"}]},{\"@type\":\"WebSite\",\"@id\":\"https:\/\/jornalfatosenoticias.com.br\/#website\",\"url\":\"https:\/\/jornalfatosenoticias.com.br\/\",\"name\":\"Jornal Fatos e Not\u00edcias\",\"description\":\"Not\u00edcias em geral\",\"publisher\":{\"@id\":\"https:\/\/jornalfatosenoticias.com.br\/#organization\"},\"potentialAction\":[{\"@type\":\"SearchAction\",\"target\":{\"@type\":\"EntryPoint\",\"urlTemplate\":\"https:\/\/jornalfatosenoticias.com.br\/?s={search_term_string}\"},\"query-input\":{\"@type\":\"PropertyValueSpecification\",\"valueRequired\":true,\"valueName\":\"search_term_string\"}}],\"inLanguage\":\"pt-BR\"},{\"@type\":\"Organization\",\"@id\":\"https:\/\/jornalfatosenoticias.com.br\/#organization\",\"name\":\"Jornal Fatos e Not\u00edcias\",\"url\":\"https:\/\/jornalfatosenoticias.com.br\/\",\"logo\":{\"@type\":\"ImageObject\",\"inLanguage\":\"pt-BR\",\"@id\":\"https:\/\/jornalfatosenoticias.com.br\/#\/schema\/logo\/image\/\",\"url\":\"https:\/\/jornalfatosenoticias.com.br\/wp-content\/uploads\/2020\/02\/logo120.png\",\"contentUrl\":\"https:\/\/jornalfatosenoticias.com.br\/wp-content\/uploads\/2020\/02\/logo120.png\",\"width\":1227,\"height\":120,\"caption\":\"Jornal Fatos e Not\u00edcias\"},\"image\":{\"@id\":\"https:\/\/jornalfatosenoticias.com.br\/#\/schema\/logo\/image\/\"}},{\"@type\":\"Person\",\"@id\":\"https:\/\/jornalfatosenoticias.com.br\/#\/schema\/person\/d63837fa13ac8666eb9e74e0985d6f81\",\"name\":\"Luzimara Fernandes\",\"image\":{\"@type\":\"ImageObject\",\"inLanguage\":\"pt-BR\",\"@id\":\"https:\/\/jornalfatosenoticias.com.br\/#\/schema\/person\/image\/\",\"url\":\"https:\/\/jornalfatosenoticias.com.br\/wp-content\/uploads\/2025\/05\/EU_portal.jpg\",\"contentUrl\":\"https:\/\/jornalfatosenoticias.com.br\/wp-content\/uploads\/2025\/05\/EU_portal.jpg\",\"caption\":\"Luzimara Fernandes\"},\"description\":\"Jornalista MTB 2358-ES\",\"sameAs\":[\"https:\/\/jornalfatosenoticias.com.br\"],\"url\":\"https:\/\/jornalfatosenoticias.com.br\/index.php\/author\/luzimara\/\"}]}<\/script>\n<!-- \/ Yoast SEO plugin. -->","yoast_head_json":{"title":"Dormir pelado faz mal \u00e0 sa\u00fade? Veja o que a ci\u00eancia tem a dizer - Jornal Fatos e Not\u00edcias","robots":{"index":"index","follow":"follow","max-snippet":"max-snippet:-1","max-image-preview":"max-image-preview:large","max-video-preview":"max-video-preview:-1"},"canonical":"https:\/\/jornalfatosenoticias.com.br\/index.php\/2024\/12\/11\/dormir-pelado-faz-mal-a-saude-veja-o-que-a-ciencia-tem-a-dizer\/","og_locale":"pt_BR","og_type":"article","og_title":"Dormir pelado faz mal \u00e0 sa\u00fade? Veja o que a ci\u00eancia tem a dizer - Jornal Fatos e Not\u00edcias","og_description":"Dormir pelado \u00e9 um h\u00e1bito comum para muita gente. Mas voc\u00ea sabia que isso possui pontos positivos e negativos? Entenda Por Danilo Oliveira Dormir sem roupas \u00e9 um h\u00e1bito que divide opini\u00f5es e gera curiosidade, mas ser\u00e1 que dormir pelado faz mal \u00e0 sa\u00fade? Essa pr\u00e1tica, que muitos defendem como relaxante e libertadora, \u00e9 frequentemente [&hellip;]","og_url":"https:\/\/jornalfatosenoticias.com.br\/index.php\/2024\/12\/11\/dormir-pelado-faz-mal-a-saude-veja-o-que-a-ciencia-tem-a-dizer\/","og_site_name":"Jornal Fatos e Not\u00edcias","article_published_time":"2024-12-11T13:34:01+00:00","article_modified_time":"2024-12-11T13:34:03+00:00","og_image":[{"width":612,"height":408,"url":"https:\/\/jornalfatosenoticias.com.br\/wp-content\/uploads\/2024\/12\/dormir-pelado_istock.jpg","type":"image\/jpeg"}],"author":"Luzimara Fernandes","twitter_card":"summary_large_image","twitter_misc":{"Escrito por":"Luzimara Fernandes","Est. tempo de leitura":"5 minutos"},"schema":{"@context":"https:\/\/schema.org","@graph":[{"@type":"Article","@id":"https:\/\/jornalfatosenoticias.com.br\/index.php\/2024\/12\/11\/dormir-pelado-faz-mal-a-saude-veja-o-que-a-ciencia-tem-a-dizer\/#article","isPartOf":{"@id":"https:\/\/jornalfatosenoticias.com.br\/index.php\/2024\/12\/11\/dormir-pelado-faz-mal-a-saude-veja-o-que-a-ciencia-tem-a-dizer\/"},"author":{"name":"Luzimara Fernandes","@id":"https:\/\/jornalfatosenoticias.com.br\/#\/schema\/person\/d63837fa13ac8666eb9e74e0985d6f81"},"headline":"Dormir pelado faz mal \u00e0 sa\u00fade? Veja o que a ci\u00eancia tem a dizer","datePublished":"2024-12-11T13:34:01+00:00","dateModified":"2024-12-11T13:34:03+00:00","mainEntityOfPage":{"@id":"https:\/\/jornalfatosenoticias.com.br\/index.php\/2024\/12\/11\/dormir-pelado-faz-mal-a-saude-veja-o-que-a-ciencia-tem-a-dizer\/"},"wordCount":938,"commentCount":0,"publisher":{"@id":"https:\/\/jornalfatosenoticias.com.br\/#organization"},"image":{"@id":"https:\/\/jornalfatosenoticias.com.br\/index.php\/2024\/12\/11\/dormir-pelado-faz-mal-a-saude-veja-o-que-a-ciencia-tem-a-dizer\/#primaryimage"},"thumbnailUrl":"https:\/\/jornalfatosenoticias.com.br\/wp-content\/uploads\/2024\/12\/dormir-pelado_istock.jpg","keywords":["bem-estar","dicas de sa\u00fade","dormir","dormir pelado","medicina"],"articleSection":["Bem-estar"],"inLanguage":"pt-BR","potentialAction":[{"@type":"CommentAction","name":"Comment","target":["https:\/\/jornalfatosenoticias.com.br\/index.php\/2024\/12\/11\/dormir-pelado-faz-mal-a-saude-veja-o-que-a-ciencia-tem-a-dizer\/#respond"]}]},{"@type":"WebPage","@id":"https:\/\/jornalfatosenoticias.com.br\/index.php\/2024\/12\/11\/dormir-pelado-faz-mal-a-saude-veja-o-que-a-ciencia-tem-a-dizer\/","url":"https:\/\/jornalfatosenoticias.com.br\/index.php\/2024\/12\/11\/dormir-pelado-faz-mal-a-saude-veja-o-que-a-ciencia-tem-a-dizer\/","name":"Dormir pelado faz mal \u00e0 sa\u00fade? Veja o que a ci\u00eancia tem a dizer - Jornal Fatos e Not\u00edcias","isPartOf":{"@id":"https:\/\/jornalfatosenoticias.com.br\/#website"},"primaryImageOfPage":{"@id":"https:\/\/jornalfatosenoticias.com.br\/index.php\/2024\/12\/11\/dormir-pelado-faz-mal-a-saude-veja-o-que-a-ciencia-tem-a-dizer\/#primaryimage"},"image":{"@id":"https:\/\/jornalfatosenoticias.com.br\/index.php\/2024\/12\/11\/dormir-pelado-faz-mal-a-saude-veja-o-que-a-ciencia-tem-a-dizer\/#primaryimage"},"thumbnailUrl":"https:\/\/jornalfatosenoticias.com.br\/wp-content\/uploads\/2024\/12\/dormir-pelado_istock.jpg","datePublished":"2024-12-11T13:34:01+00:00","dateModified":"2024-12-11T13:34:03+00:00","breadcrumb":{"@id":"https:\/\/jornalfatosenoticias.com.br\/index.php\/2024\/12\/11\/dormir-pelado-faz-mal-a-saude-veja-o-que-a-ciencia-tem-a-dizer\/#breadcrumb"},"inLanguage":"pt-BR","potentialAction":[{"@type":"ReadAction","target":["https:\/\/jornalfatosenoticias.com.br\/index.php\/2024\/12\/11\/dormir-pelado-faz-mal-a-saude-veja-o-que-a-ciencia-tem-a-dizer\/"]}]},{"@type":"ImageObject","inLanguage":"pt-BR","@id":"https:\/\/jornalfatosenoticias.com.br\/index.php\/2024\/12\/11\/dormir-pelado-faz-mal-a-saude-veja-o-que-a-ciencia-tem-a-dizer\/#primaryimage","url":"https:\/\/jornalfatosenoticias.com.br\/wp-content\/uploads\/2024\/12\/dormir-pelado_istock.jpg","contentUrl":"https:\/\/jornalfatosenoticias.com.br\/wp-content\/uploads\/2024\/12\/dormir-pelado_istock.jpg","width":612,"height":408,"caption":"Beautiful young woman sleeping in bed at night"},{"@type":"BreadcrumbList","@id":"https:\/\/jornalfatosenoticias.com.br\/index.php\/2024\/12\/11\/dormir-pelado-faz-mal-a-saude-veja-o-que-a-ciencia-tem-a-dizer\/#breadcrumb","itemListElement":[{"@type":"ListItem","position":1,"name":"In\u00edcio","item":"https:\/\/jornalfatosenoticias.com.br\/"},{"@type":"ListItem","position":2,"name":"Dormir pelado faz mal \u00e0 sa\u00fade? Veja o que a ci\u00eancia tem a dizer"}]},{"@type":"WebSite","@id":"https:\/\/jornalfatosenoticias.com.br\/#website","url":"https:\/\/jornalfatosenoticias.com.br\/","name":"Jornal Fatos e Not\u00edcias","description":"Not\u00edcias em geral","publisher":{"@id":"https:\/\/jornalfatosenoticias.com.br\/#organization"},"potentialAction":[{"@type":"SearchAction","target":{"@type":"EntryPoint","urlTemplate":"https:\/\/jornalfatosenoticias.com.br\/?s={search_term_string}"},"query-input":{"@type":"PropertyValueSpecification","valueRequired":true,"valueName":"search_term_string"}}],"inLanguage":"pt-BR"},{"@type":"Organization","@id":"https:\/\/jornalfatosenoticias.com.br\/#organization","name":"Jornal Fatos e Not\u00edcias","url":"https:\/\/jornalfatosenoticias.com.br\/","logo":{"@type":"ImageObject","inLanguage":"pt-BR","@id":"https:\/\/jornalfatosenoticias.com.br\/#\/schema\/logo\/image\/","url":"https:\/\/jornalfatosenoticias.com.br\/wp-content\/uploads\/2020\/02\/logo120.png","contentUrl":"https:\/\/jornalfatosenoticias.com.br\/wp-content\/uploads\/2020\/02\/logo120.png","width":1227,"height":120,"caption":"Jornal Fatos e Not\u00edcias"},"image":{"@id":"https:\/\/jornalfatosenoticias.com.br\/#\/schema\/logo\/image\/"}},{"@type":"Person","@id":"https:\/\/jornalfatosenoticias.com.br\/#\/schema\/person\/d63837fa13ac8666eb9e74e0985d6f81","name":"Luzimara Fernandes","image":{"@type":"ImageObject","inLanguage":"pt-BR","@id":"https:\/\/jornalfatosenoticias.com.br\/#\/schema\/person\/image\/","url":"https:\/\/jornalfatosenoticias.com.br\/wp-content\/uploads\/2025\/05\/EU_portal.jpg","contentUrl":"https:\/\/jornalfatosenoticias.com.br\/wp-content\/uploads\/2025\/05\/EU_portal.jpg","caption":"Luzimara Fernandes"},"description":"Jornalista MTB 2358-ES","sameAs":["https:\/\/jornalfatosenoticias.com.br"],"url":"https:\/\/jornalfatosenoticias.com.br\/index.php\/author\/luzimara\/"}]}},"cc_featured_image_caption":{"caption_text":"(Foto: iStock) ","source_text":"","source_url":""},"jetpack_featured_media_url":"https:\/\/jornalfatosenoticias.com.br\/wp-content\/uploads\/2024\/12\/dormir-pelado_istock.jpg","_links":{"self":[{"href":"https:\/\/jornalfatosenoticias.com.br\/index.php\/wp-json\/wp\/v2\/posts\/56273","targetHints":{"allow":["GET"]}}],"collection":[{"href":"https:\/\/jornalfatosenoticias.com.br\/index.php\/wp-json\/wp\/v2\/posts"}],"about":[{"href":"https:\/\/jornalfatosenoticias.com.br\/index.php\/wp-json\/wp\/v2\/types\/post"}],"author":[{"embeddable":true,"href":"https:\/\/jornalfatosenoticias.com.br\/index.php\/wp-json\/wp\/v2\/users\/2"}],"replies":[{"embeddable":true,"href":"https:\/\/jornalfatosenoticias.com.br\/index.php\/wp-json\/wp\/v2\/comments?post=56273"}],"version-history":[{"count":0,"href":"https:\/\/jornalfatosenoticias.com.br\/index.php\/wp-json\/wp\/v2\/posts\/56273\/revisions"}],"wp:featuredmedia":[{"embeddable":true,"href":"https:\/\/jornalfatosenoticias.com.br\/index.php\/wp-json\/wp\/v2\/media\/56274"}],"wp:attachment":[{"href":"https:\/\/jornalfatosenoticias.com.br\/index.php\/wp-json\/wp\/v2\/media?parent=56273"}],"wp:term":[{"taxonomy":"category","embeddable":true,"href":"https:\/\/jornalfatosenoticias.com.br\/index.php\/wp-json\/wp\/v2\/categories?post=56273"},{"taxonomy":"post_tag","embeddable":true,"href":"https:\/\/jornalfatosenoticias.com.br\/index.php\/wp-json\/wp\/v2\/tags?post=56273"}],"curies":[{"name":"wp","href":"https:\/\/api.w.org\/{rel}","templated":true}]}}