{"id":56295,"date":"2024-12-11T11:49:50","date_gmt":"2024-12-11T14:49:50","guid":{"rendered":"https:\/\/jornalfatosenoticias.com.br\/?p=56295"},"modified":"2024-12-11T11:49:51","modified_gmt":"2024-12-11T14:49:51","slug":"pacote-de-corte-de-gastos-pode-nao-ser-suficiente-dizem-entrevistados-em-pesquisa","status":"publish","type":"post","link":"https:\/\/jornalfatosenoticias.com.br\/index.php\/2024\/12\/11\/pacote-de-corte-de-gastos-pode-nao-ser-suficiente-dizem-entrevistados-em-pesquisa\/","title":{"rendered":"Pacote de corte de gastos pode n\u00e3o ser suficiente, dizem entrevistados em pesquisa"},"content":{"rendered":"\n<p><em><span class=\"has-inline-color has-black-color\">Pacote visto com pessimismo foi proposto pela equipe liderada pelo ministro Fernando Haddad, da Fazenda<\/span><\/em><\/p>\n\n\n\n<p><span class=\"has-inline-color has-black-color\">Por <strong><a href=\"https:\/\/www.gazetadopovo.com.br\/autor\/guilherme-grandi\/\">Guilherme Grandi<\/a><\/strong><\/span><\/p>\n\n\n\n<div class=\"wp-block-image\"><figure class=\"aligncenter size-large\"><a href=\"https:\/\/mizu.com.br\/\"><img loading=\"lazy\" decoding=\"async\" width=\"729\" height=\"90\" src=\"https:\/\/jornalfatosenoticias.com.br\/wp-content\/uploads\/2020\/02\/Logo_Mizu.png\" alt=\"\" class=\"wp-image-1441\" srcset=\"https:\/\/jornalfatosenoticias.com.br\/wp-content\/uploads\/2020\/02\/Logo_Mizu.png 729w, https:\/\/jornalfatosenoticias.com.br\/wp-content\/uploads\/2020\/02\/Logo_Mizu-300x37.png 300w\" sizes=\"auto, (max-width: 729px) 100vw, 729px\" \/><\/a><\/figure><\/div>\n\n\n\n<p>O recente pacote de corte de gastos apresentado pelo governo e que est\u00e1 para ser analisado pelo Congresso Nacional pode n\u00e3o ser suficiente para estabilizar as contas p\u00fablicas. Esta \u00e9 a percep\u00e7\u00e3o de mais da metade dos entrevistados na nova rodada da pesquisa Quaest divulgada nesta quarta (11).<br>O levantamento apurou a avalia\u00e7\u00e3o do governo de Luiz In\u00e1cio Lula da Silva (PT) ao final da metade deste terceiro mandato, e apontou um aumento da desaprova\u00e7\u00e3o e a oscila\u00e7\u00e3o da aprova\u00e7\u00e3o. Problemas com a economia e a viol\u00eancia s\u00e3o os que mais preocupam os brasileiros.<\/p>\n\n\n\n<div class=\"wp-block-image\"><figure class=\"aligncenter size-large is-resized\"><a href=\"https:\/\/www.facebook.com\/profile.php?id=100069289606145\"><img loading=\"lazy\" decoding=\"async\" src=\"https:\/\/jornalfatosenoticias.com.br\/wp-content\/uploads\/2024\/11\/Guaitolini-Contabilidade-1024x714.jpeg\" alt=\"\" class=\"wp-image-55808\" width=\"327\" height=\"228\" srcset=\"https:\/\/jornalfatosenoticias.com.br\/wp-content\/uploads\/2024\/11\/Guaitolini-Contabilidade-1024x714.jpeg 1024w, https:\/\/jornalfatosenoticias.com.br\/wp-content\/uploads\/2024\/11\/Guaitolini-Contabilidade-300x209.jpeg 300w, https:\/\/jornalfatosenoticias.com.br\/wp-content\/uploads\/2024\/11\/Guaitolini-Contabilidade-768x535.jpeg 768w, https:\/\/jornalfatosenoticias.com.br\/wp-content\/uploads\/2024\/11\/Guaitolini-Contabilidade.jpeg 1280w\" sizes=\"auto, (max-width: 327px) 100vw, 327px\" \/><\/a><\/figure><\/div>\n\n\n\n<ul class=\"wp-block-list\"><li>N\u00e3o acreditam em melhora nas contas p\u00fablicas: 98%;<\/li><li>Acreditam: 23%;<\/li><li>N\u00e3o souberam responder: 9%.<\/li><\/ul>\n\n\n\n<div class=\"wp-block-image\"><figure class=\"aligncenter size-large is-resized\"><a href=\"https:\/\/www.legisjuris.com.br\/\"><img loading=\"lazy\" decoding=\"async\" src=\"https:\/\/jornalfatosenoticias.com.br\/wp-content\/uploads\/2024\/09\/Legis-Juris-Consultoria_logo.jpg\" alt=\"\" class=\"wp-image-53915\" width=\"384\" height=\"161\" srcset=\"https:\/\/jornalfatosenoticias.com.br\/wp-content\/uploads\/2024\/09\/Legis-Juris-Consultoria_logo.jpg 969w, https:\/\/jornalfatosenoticias.com.br\/wp-content\/uploads\/2024\/09\/Legis-Juris-Consultoria_logo-300x126.jpg 300w, https:\/\/jornalfatosenoticias.com.br\/wp-content\/uploads\/2024\/09\/Legis-Juris-Consultoria_logo-768x322.jpg 768w\" sizes=\"auto, (max-width: 384px) 100vw, 384px\" \/><\/a><\/figure><\/div>\n\n\n\n<p>A Quaest ouviu 8.598 pessoas entre os dias 4 e 9 de dezembro, com uma margem de erro de um ponto percentual para mais ou para menos e n\u00edvel de confian\u00e7a de 95%. Para o pesquisador Felipe Nunes, CEO da Quaest, a informa\u00e7\u00e3o do an\u00fancio do pacote de corte de gastos demorou para chegar a toda a popula\u00e7\u00e3o, embora a imprensa tenha noticiado constantemente a medida.<\/p>\n\n\n\n<div class=\"wp-block-image\"><figure class=\"aligncenter size-large is-resized\"><a href=\"https:\/\/www.facebook.com\/postobkr\/?locale=pt_BR\"><img loading=\"lazy\" decoding=\"async\" src=\"https:\/\/jornalfatosenoticias.com.br\/wp-content\/uploads\/2023\/08\/BKR-1024x1021.jpg\" alt=\"\" class=\"wp-image-44494\" width=\"312\" height=\"311\" srcset=\"https:\/\/jornalfatosenoticias.com.br\/wp-content\/uploads\/2023\/08\/BKR-1024x1021.jpg 1024w, https:\/\/jornalfatosenoticias.com.br\/wp-content\/uploads\/2023\/08\/BKR-300x300.jpg 300w, https:\/\/jornalfatosenoticias.com.br\/wp-content\/uploads\/2023\/08\/BKR-150x150.jpg 150w, https:\/\/jornalfatosenoticias.com.br\/wp-content\/uploads\/2023\/08\/BKR-768x766.jpg 768w, https:\/\/jornalfatosenoticias.com.br\/wp-content\/uploads\/2023\/08\/BKR.jpg 1080w\" sizes=\"auto, (max-width: 312px) 100vw, 312px\" \/><\/a><\/figure><\/div>\n\n\n\n<blockquote class=\"wp-block-quote is-layout-flow wp-block-quote-is-layout-flow\"><p><span class=\"has-inline-color has-luminous-vivid-orange-color\">A estabilidade nos n\u00fameros [de avalia\u00e7\u00e3o de Lula] revela a baixa capacidade do governo em comunicar seus principais resultados econ\u00f4micos. O pacote de corte de gastos apresentado pelo ministro [Fernando] Haddad [da Fazenda], por exemplo, s\u00f3 ficou conhecido por 38% dos entrevistados\u201d, disse. A pesquisa revelou que 62% dos entrevistados tomou conhecimento das medidas fiscais ao serem questionados pela Quaest.<\/span><\/p><\/blockquote>\n\n\n\n<div class=\"wp-block-image\"><figure class=\"aligncenter size-large\"><a href=\"http:\/\/www.ferrarimaquinas.com.br\/\"><img loading=\"lazy\" decoding=\"async\" width=\"300\" height=\"250\" src=\"https:\/\/jornalfatosenoticias.com.br\/wp-content\/uploads\/2022\/02\/FERRARI_MAQUINAS-E-FERRAMENTAS2.jpg\" alt=\"\" class=\"wp-image-27860\"\/><\/a><\/figure><\/div>\n\n\n\n<p>Nunes explicou que o grupo predominante dos entrevistados que dizem ter tomado conhecimento do pacote de corte \u00e9 formado por \u201chomens, mais velhos e de renda mais alta\u201d. Destes, 83% dizem que entenderam completamente as medidas, embora a maioria (68%) n\u00e3o acredite que surtir\u00e3o os efeitos esperados.<\/p>\n\n\n\n<div class=\"wp-block-image\"><figure class=\"aligncenter size-large is-resized\"><a href=\"https:\/\/panper.com.br\/\"><img loading=\"lazy\" decoding=\"async\" src=\"https:\/\/jornalfatosenoticias.com.br\/wp-content\/uploads\/2023\/03\/logo-Panper_portal.jpg\" alt=\"\" class=\"wp-image-40208\" width=\"315\" height=\"218\" srcset=\"https:\/\/jornalfatosenoticias.com.br\/wp-content\/uploads\/2023\/03\/logo-Panper_portal.jpg 400w, https:\/\/jornalfatosenoticias.com.br\/wp-content\/uploads\/2023\/03\/logo-Panper_portal-300x208.jpg 300w\" sizes=\"auto, (max-width: 315px) 100vw, 315px\" \/><\/a><\/figure><\/div>\n\n\n\n<p>Esta dificuldade de fazer a informa\u00e7\u00e3o chegar \u00e0 popula\u00e7\u00e3o est\u00e1, inclusive, no radar de Lula para \u201ccorre\u00e7\u00f5es necess\u00e1rias\u201d que podem levar \u00e0 troca do titular da Secretaria de Comunica\u00e7\u00e3o da Presid\u00eancia (Secom), Paulo Pimenta.<br>Os entrevistados pela Quaest tamb\u00e9m veem um aumento da dificuldade do governo em se relacionar com o Congresso, numa rela\u00e7\u00e3o que havia melhorado no come\u00e7o deste ano:<\/p>\n\n\n\n<div class=\"wp-block-image\"><figure class=\"aligncenter size-large\"><img loading=\"lazy\" decoding=\"async\" width=\"1000\" height=\"557\" src=\"https:\/\/jornalfatosenoticias.com.br\/wp-content\/uploads\/2024\/12\/2024.12.11-pesquisa-quaest-1.1.jpg\" alt=\"\" class=\"wp-image-56296\" srcset=\"https:\/\/jornalfatosenoticias.com.br\/wp-content\/uploads\/2024\/12\/2024.12.11-pesquisa-quaest-1.1.jpg 1000w, https:\/\/jornalfatosenoticias.com.br\/wp-content\/uploads\/2024\/12\/2024.12.11-pesquisa-quaest-1.1-300x167.jpg 300w, https:\/\/jornalfatosenoticias.com.br\/wp-content\/uploads\/2024\/12\/2024.12.11-pesquisa-quaest-1.1-768x428.jpg 768w\" sizes=\"auto, (max-width: 1000px) 100vw, 1000px\" \/><\/figure><\/div>\n\n\n\n<p>E isso j\u00e1 vem se refletindo diretamente na an\u00e1lise do pacote de corte de gastos pelo Congresso. A expectativa era de que as duas propostas que endurecem medidas para o pagamento de benef\u00edcios, entre outras, come\u00e7ariam ser analisadas na segunda (9), mas a crise com o Supremo Tribunal Federal (STF) por conta do pagamento de emendas parlamentares azedou a rela\u00e7\u00e3o.<\/p>\n\n\n\n<div class=\"wp-block-image\"><figure class=\"aligncenter size-large is-resized\"><a href=\"https:\/\/www.controlsystems.com.br\/\"><img loading=\"lazy\" decoding=\"async\" src=\"https:\/\/jornalfatosenoticias.com.br\/wp-content\/uploads\/2020\/02\/CONTROL-CS.jpg\" alt=\"\" class=\"wp-image-44991\" width=\"311\" height=\"373\" srcset=\"https:\/\/jornalfatosenoticias.com.br\/wp-content\/uploads\/2020\/02\/CONTROL-CS.jpg 834w, https:\/\/jornalfatosenoticias.com.br\/wp-content\/uploads\/2020\/02\/CONTROL-CS-250x300.jpg 250w, https:\/\/jornalfatosenoticias.com.br\/wp-content\/uploads\/2020\/02\/CONTROL-CS-768x921.jpg 768w\" sizes=\"auto, (max-width: 311px) 100vw, 311px\" \/><\/a><\/figure><\/div>\n\n\n\n<p>A rela\u00e7\u00e3o entre Lula e o Congresso \u00e9 apontada como um pouco mais f\u00e1cil do que foi com o ex-presidente Jair Bolsonaro (PL) por eleitores de ambos: 47% mais facilidade pelos que votaram no petista e 50% para os entusiastas do capit\u00e3o reformado.<\/p>\n\n\n\n<div class=\"wp-block-image\"><figure class=\"aligncenter size-large\"><img loading=\"lazy\" decoding=\"async\" width=\"1000\" height=\"559\" src=\"https:\/\/jornalfatosenoticias.com.br\/wp-content\/uploads\/2024\/12\/2024.12.11-pesquisa-quaest-2-1.jpg\" alt=\"\" class=\"wp-image-56297\" srcset=\"https:\/\/jornalfatosenoticias.com.br\/wp-content\/uploads\/2024\/12\/2024.12.11-pesquisa-quaest-2-1.jpg 1000w, https:\/\/jornalfatosenoticias.com.br\/wp-content\/uploads\/2024\/12\/2024.12.11-pesquisa-quaest-2-1-300x168.jpg 300w, https:\/\/jornalfatosenoticias.com.br\/wp-content\/uploads\/2024\/12\/2024.12.11-pesquisa-quaest-2-1-768x429.jpg 768w\" sizes=\"auto, (max-width: 1000px) 100vw, 1000px\" \/><\/figure><\/div>\n\n\n\n<p><strong><em>Fonte: <a href=\"https:\/\/www.gazetadopovo.com.br\/economia\/pacote-corte-gastos-nao-ser-suficiente-pesquisa\/\">Gazeta do Povo<\/a><\/em><\/strong><\/p>\n","protected":false},"excerpt":{"rendered":"<p>Pacote visto com pessimismo foi proposto pela equipe liderada pelo ministro Fernando Haddad, da Fazenda Por Guilherme Grandi O recente pacote de corte de gastos apresentado pelo governo e que est\u00e1 para ser analisado pelo Congresso Nacional pode n\u00e3o ser suficiente para estabilizar as contas p\u00fablicas. Esta \u00e9 a percep\u00e7\u00e3o de mais da metade dos [&hellip;]<\/p>\n","protected":false},"author":2,"featured_media":56298,"comment_status":"open","ping_status":"open","sticky":false,"template":"","format":"standard","meta":{"footnotes":""},"categories":[9],"tags":[8163,18155,18156,18343,7580,23118,23119],"class_list":["post-56295","post","type-post","status-publish","format-standard","has-post-thumbnail","hentry","category-economia","tag-contas-publicas","tag-fernando-haddad","tag-fiasco-economico","tag-governo-lula","tag-lula","tag-pesquisa-quaest","tag-pessimismo"],"yoast_head":"<!-- This site is optimized with the Yoast SEO plugin v26.5 - https:\/\/yoast.com\/wordpress\/plugins\/seo\/ -->\n<title>Pacote de corte de gastos pode n\u00e3o ser suficiente, dizem entrevistados em pesquisa - Jornal Fatos e Not\u00edcias<\/title>\n<meta name=\"robots\" content=\"index, follow, max-snippet:-1, max-image-preview:large, max-video-preview:-1\" \/>\n<link rel=\"canonical\" href=\"https:\/\/jornalfatosenoticias.com.br\/index.php\/2024\/12\/11\/pacote-de-corte-de-gastos-pode-nao-ser-suficiente-dizem-entrevistados-em-pesquisa\/\" \/>\n<meta property=\"og:locale\" content=\"pt_BR\" \/>\n<meta property=\"og:type\" content=\"article\" \/>\n<meta property=\"og:title\" content=\"Pacote de corte de gastos pode n\u00e3o ser suficiente, dizem entrevistados em pesquisa - Jornal Fatos e Not\u00edcias\" \/>\n<meta property=\"og:description\" content=\"Pacote visto com pessimismo foi proposto pela equipe liderada pelo ministro Fernando Haddad, da Fazenda Por Guilherme Grandi O recente pacote de corte de gastos apresentado pelo governo e que est\u00e1 para ser analisado pelo Congresso Nacional pode n\u00e3o ser suficiente para estabilizar as contas p\u00fablicas. Esta \u00e9 a percep\u00e7\u00e3o de mais da metade dos [&hellip;]\" \/>\n<meta property=\"og:url\" content=\"https:\/\/jornalfatosenoticias.com.br\/index.php\/2024\/12\/11\/pacote-de-corte-de-gastos-pode-nao-ser-suficiente-dizem-entrevistados-em-pesquisa\/\" \/>\n<meta property=\"og:site_name\" content=\"Jornal Fatos e Not\u00edcias\" \/>\n<meta property=\"article:published_time\" content=\"2024-12-11T14:49:50+00:00\" \/>\n<meta property=\"article:modified_time\" content=\"2024-12-11T14:49:51+00:00\" \/>\n<meta property=\"og:image\" content=\"https:\/\/jornalfatosenoticias.com.br\/wp-content\/uploads\/2024\/12\/fiasco-Haddad_gettyimages.jpg\" \/>\n\t<meta property=\"og:image:width\" content=\"612\" \/>\n\t<meta property=\"og:image:height\" content=\"407\" \/>\n\t<meta property=\"og:image:type\" content=\"image\/jpeg\" \/>\n<meta name=\"author\" content=\"Luzimara Fernandes\" \/>\n<meta name=\"twitter:card\" content=\"summary_large_image\" \/>\n<meta name=\"twitter:label1\" content=\"Escrito por\" \/>\n\t<meta name=\"twitter:data1\" content=\"Luzimara Fernandes\" \/>\n\t<meta name=\"twitter:label2\" content=\"Est. tempo de leitura\" \/>\n\t<meta name=\"twitter:data2\" content=\"2 minutos\" \/>\n<script type=\"application\/ld+json\" class=\"yoast-schema-graph\">{\"@context\":\"https:\/\/schema.org\",\"@graph\":[{\"@type\":\"Article\",\"@id\":\"https:\/\/jornalfatosenoticias.com.br\/index.php\/2024\/12\/11\/pacote-de-corte-de-gastos-pode-nao-ser-suficiente-dizem-entrevistados-em-pesquisa\/#article\",\"isPartOf\":{\"@id\":\"https:\/\/jornalfatosenoticias.com.br\/index.php\/2024\/12\/11\/pacote-de-corte-de-gastos-pode-nao-ser-suficiente-dizem-entrevistados-em-pesquisa\/\"},\"author\":{\"name\":\"Luzimara Fernandes\",\"@id\":\"https:\/\/jornalfatosenoticias.com.br\/#\/schema\/person\/d63837fa13ac8666eb9e74e0985d6f81\"},\"headline\":\"Pacote de corte de gastos pode n\u00e3o ser suficiente, dizem entrevistados em pesquisa\",\"datePublished\":\"2024-12-11T14:49:50+00:00\",\"dateModified\":\"2024-12-11T14:49:51+00:00\",\"mainEntityOfPage\":{\"@id\":\"https:\/\/jornalfatosenoticias.com.br\/index.php\/2024\/12\/11\/pacote-de-corte-de-gastos-pode-nao-ser-suficiente-dizem-entrevistados-em-pesquisa\/\"},\"wordCount\":500,\"commentCount\":0,\"publisher\":{\"@id\":\"https:\/\/jornalfatosenoticias.com.br\/#organization\"},\"image\":{\"@id\":\"https:\/\/jornalfatosenoticias.com.br\/index.php\/2024\/12\/11\/pacote-de-corte-de-gastos-pode-nao-ser-suficiente-dizem-entrevistados-em-pesquisa\/#primaryimage\"},\"thumbnailUrl\":\"https:\/\/jornalfatosenoticias.com.br\/wp-content\/uploads\/2024\/12\/fiasco-Haddad_gettyimages.jpg\",\"keywords\":[\"contas p\u00fablicas\",\"Fernando Haddad\",\"fiasco econ\u00f4mico\",\"governo Lula\",\"Lula\",\"Pesquisa Quaest\",\"pessimismo\"],\"articleSection\":[\"Economia\"],\"inLanguage\":\"pt-BR\",\"potentialAction\":[{\"@type\":\"CommentAction\",\"name\":\"Comment\",\"target\":[\"https:\/\/jornalfatosenoticias.com.br\/index.php\/2024\/12\/11\/pacote-de-corte-de-gastos-pode-nao-ser-suficiente-dizem-entrevistados-em-pesquisa\/#respond\"]}]},{\"@type\":\"WebPage\",\"@id\":\"https:\/\/jornalfatosenoticias.com.br\/index.php\/2024\/12\/11\/pacote-de-corte-de-gastos-pode-nao-ser-suficiente-dizem-entrevistados-em-pesquisa\/\",\"url\":\"https:\/\/jornalfatosenoticias.com.br\/index.php\/2024\/12\/11\/pacote-de-corte-de-gastos-pode-nao-ser-suficiente-dizem-entrevistados-em-pesquisa\/\",\"name\":\"Pacote de corte de gastos pode n\u00e3o ser suficiente, dizem entrevistados em pesquisa - Jornal Fatos e Not\u00edcias\",\"isPartOf\":{\"@id\":\"https:\/\/jornalfatosenoticias.com.br\/#website\"},\"primaryImageOfPage\":{\"@id\":\"https:\/\/jornalfatosenoticias.com.br\/index.php\/2024\/12\/11\/pacote-de-corte-de-gastos-pode-nao-ser-suficiente-dizem-entrevistados-em-pesquisa\/#primaryimage\"},\"image\":{\"@id\":\"https:\/\/jornalfatosenoticias.com.br\/index.php\/2024\/12\/11\/pacote-de-corte-de-gastos-pode-nao-ser-suficiente-dizem-entrevistados-em-pesquisa\/#primaryimage\"},\"thumbnailUrl\":\"https:\/\/jornalfatosenoticias.com.br\/wp-content\/uploads\/2024\/12\/fiasco-Haddad_gettyimages.jpg\",\"datePublished\":\"2024-12-11T14:49:50+00:00\",\"dateModified\":\"2024-12-11T14:49:51+00:00\",\"breadcrumb\":{\"@id\":\"https:\/\/jornalfatosenoticias.com.br\/index.php\/2024\/12\/11\/pacote-de-corte-de-gastos-pode-nao-ser-suficiente-dizem-entrevistados-em-pesquisa\/#breadcrumb\"},\"inLanguage\":\"pt-BR\",\"potentialAction\":[{\"@type\":\"ReadAction\",\"target\":[\"https:\/\/jornalfatosenoticias.com.br\/index.php\/2024\/12\/11\/pacote-de-corte-de-gastos-pode-nao-ser-suficiente-dizem-entrevistados-em-pesquisa\/\"]}]},{\"@type\":\"ImageObject\",\"inLanguage\":\"pt-BR\",\"@id\":\"https:\/\/jornalfatosenoticias.com.br\/index.php\/2024\/12\/11\/pacote-de-corte-de-gastos-pode-nao-ser-suficiente-dizem-entrevistados-em-pesquisa\/#primaryimage\",\"url\":\"https:\/\/jornalfatosenoticias.com.br\/wp-content\/uploads\/2024\/12\/fiasco-Haddad_gettyimages.jpg\",\"contentUrl\":\"https:\/\/jornalfatosenoticias.com.br\/wp-content\/uploads\/2024\/12\/fiasco-Haddad_gettyimages.jpg\",\"width\":612,\"height\":407,\"caption\":\"Fernando Haddad, Brazil's finance minister, attends a Senate debate at the National Congress in Brasilia, Brazil, on Thursday, April 27, 2023. The central bank is responsible for monetary policy and its actions are technical, but they also interfere in politics, said Simone Tebet, Planning and Budget Minister, at a Senate event debating inflation, interest rates and economic growth. Photographer: Andressa Anholete\/Bloomberg via Getty Images\"},{\"@type\":\"BreadcrumbList\",\"@id\":\"https:\/\/jornalfatosenoticias.com.br\/index.php\/2024\/12\/11\/pacote-de-corte-de-gastos-pode-nao-ser-suficiente-dizem-entrevistados-em-pesquisa\/#breadcrumb\",\"itemListElement\":[{\"@type\":\"ListItem\",\"position\":1,\"name\":\"In\u00edcio\",\"item\":\"https:\/\/jornalfatosenoticias.com.br\/\"},{\"@type\":\"ListItem\",\"position\":2,\"name\":\"Pacote de corte de gastos pode n\u00e3o ser suficiente, dizem entrevistados em pesquisa\"}]},{\"@type\":\"WebSite\",\"@id\":\"https:\/\/jornalfatosenoticias.com.br\/#website\",\"url\":\"https:\/\/jornalfatosenoticias.com.br\/\",\"name\":\"Jornal Fatos e Not\u00edcias\",\"description\":\"Not\u00edcias em geral\",\"publisher\":{\"@id\":\"https:\/\/jornalfatosenoticias.com.br\/#organization\"},\"potentialAction\":[{\"@type\":\"SearchAction\",\"target\":{\"@type\":\"EntryPoint\",\"urlTemplate\":\"https:\/\/jornalfatosenoticias.com.br\/?s={search_term_string}\"},\"query-input\":{\"@type\":\"PropertyValueSpecification\",\"valueRequired\":true,\"valueName\":\"search_term_string\"}}],\"inLanguage\":\"pt-BR\"},{\"@type\":\"Organization\",\"@id\":\"https:\/\/jornalfatosenoticias.com.br\/#organization\",\"name\":\"Jornal Fatos e Not\u00edcias\",\"url\":\"https:\/\/jornalfatosenoticias.com.br\/\",\"logo\":{\"@type\":\"ImageObject\",\"inLanguage\":\"pt-BR\",\"@id\":\"https:\/\/jornalfatosenoticias.com.br\/#\/schema\/logo\/image\/\",\"url\":\"https:\/\/jornalfatosenoticias.com.br\/wp-content\/uploads\/2020\/02\/logo120.png\",\"contentUrl\":\"https:\/\/jornalfatosenoticias.com.br\/wp-content\/uploads\/2020\/02\/logo120.png\",\"width\":1227,\"height\":120,\"caption\":\"Jornal Fatos e Not\u00edcias\"},\"image\":{\"@id\":\"https:\/\/jornalfatosenoticias.com.br\/#\/schema\/logo\/image\/\"}},{\"@type\":\"Person\",\"@id\":\"https:\/\/jornalfatosenoticias.com.br\/#\/schema\/person\/d63837fa13ac8666eb9e74e0985d6f81\",\"name\":\"Luzimara Fernandes\",\"image\":{\"@type\":\"ImageObject\",\"inLanguage\":\"pt-BR\",\"@id\":\"https:\/\/jornalfatosenoticias.com.br\/#\/schema\/person\/image\/\",\"url\":\"https:\/\/jornalfatosenoticias.com.br\/wp-content\/uploads\/2025\/05\/EU_portal.jpg\",\"contentUrl\":\"https:\/\/jornalfatosenoticias.com.br\/wp-content\/uploads\/2025\/05\/EU_portal.jpg\",\"caption\":\"Luzimara Fernandes\"},\"description\":\"Jornalista MTB 2358-ES\",\"sameAs\":[\"https:\/\/jornalfatosenoticias.com.br\"],\"url\":\"https:\/\/jornalfatosenoticias.com.br\/index.php\/author\/luzimara\/\"}]}<\/script>\n<!-- \/ Yoast SEO plugin. -->","yoast_head_json":{"title":"Pacote de corte de gastos pode n\u00e3o ser suficiente, dizem entrevistados em pesquisa - Jornal Fatos e Not\u00edcias","robots":{"index":"index","follow":"follow","max-snippet":"max-snippet:-1","max-image-preview":"max-image-preview:large","max-video-preview":"max-video-preview:-1"},"canonical":"https:\/\/jornalfatosenoticias.com.br\/index.php\/2024\/12\/11\/pacote-de-corte-de-gastos-pode-nao-ser-suficiente-dizem-entrevistados-em-pesquisa\/","og_locale":"pt_BR","og_type":"article","og_title":"Pacote de corte de gastos pode n\u00e3o ser suficiente, dizem entrevistados em pesquisa - Jornal Fatos e Not\u00edcias","og_description":"Pacote visto com pessimismo foi proposto pela equipe liderada pelo ministro Fernando Haddad, da Fazenda Por Guilherme Grandi O recente pacote de corte de gastos apresentado pelo governo e que est\u00e1 para ser analisado pelo Congresso Nacional pode n\u00e3o ser suficiente para estabilizar as contas p\u00fablicas. Esta \u00e9 a percep\u00e7\u00e3o de mais da metade dos [&hellip;]","og_url":"https:\/\/jornalfatosenoticias.com.br\/index.php\/2024\/12\/11\/pacote-de-corte-de-gastos-pode-nao-ser-suficiente-dizem-entrevistados-em-pesquisa\/","og_site_name":"Jornal Fatos e Not\u00edcias","article_published_time":"2024-12-11T14:49:50+00:00","article_modified_time":"2024-12-11T14:49:51+00:00","og_image":[{"width":612,"height":407,"url":"https:\/\/jornalfatosenoticias.com.br\/wp-content\/uploads\/2024\/12\/fiasco-Haddad_gettyimages.jpg","type":"image\/jpeg"}],"author":"Luzimara Fernandes","twitter_card":"summary_large_image","twitter_misc":{"Escrito por":"Luzimara Fernandes","Est. tempo de leitura":"2 minutos"},"schema":{"@context":"https:\/\/schema.org","@graph":[{"@type":"Article","@id":"https:\/\/jornalfatosenoticias.com.br\/index.php\/2024\/12\/11\/pacote-de-corte-de-gastos-pode-nao-ser-suficiente-dizem-entrevistados-em-pesquisa\/#article","isPartOf":{"@id":"https:\/\/jornalfatosenoticias.com.br\/index.php\/2024\/12\/11\/pacote-de-corte-de-gastos-pode-nao-ser-suficiente-dizem-entrevistados-em-pesquisa\/"},"author":{"name":"Luzimara Fernandes","@id":"https:\/\/jornalfatosenoticias.com.br\/#\/schema\/person\/d63837fa13ac8666eb9e74e0985d6f81"},"headline":"Pacote de corte de gastos pode n\u00e3o ser suficiente, dizem entrevistados em pesquisa","datePublished":"2024-12-11T14:49:50+00:00","dateModified":"2024-12-11T14:49:51+00:00","mainEntityOfPage":{"@id":"https:\/\/jornalfatosenoticias.com.br\/index.php\/2024\/12\/11\/pacote-de-corte-de-gastos-pode-nao-ser-suficiente-dizem-entrevistados-em-pesquisa\/"},"wordCount":500,"commentCount":0,"publisher":{"@id":"https:\/\/jornalfatosenoticias.com.br\/#organization"},"image":{"@id":"https:\/\/jornalfatosenoticias.com.br\/index.php\/2024\/12\/11\/pacote-de-corte-de-gastos-pode-nao-ser-suficiente-dizem-entrevistados-em-pesquisa\/#primaryimage"},"thumbnailUrl":"https:\/\/jornalfatosenoticias.com.br\/wp-content\/uploads\/2024\/12\/fiasco-Haddad_gettyimages.jpg","keywords":["contas p\u00fablicas","Fernando Haddad","fiasco econ\u00f4mico","governo Lula","Lula","Pesquisa Quaest","pessimismo"],"articleSection":["Economia"],"inLanguage":"pt-BR","potentialAction":[{"@type":"CommentAction","name":"Comment","target":["https:\/\/jornalfatosenoticias.com.br\/index.php\/2024\/12\/11\/pacote-de-corte-de-gastos-pode-nao-ser-suficiente-dizem-entrevistados-em-pesquisa\/#respond"]}]},{"@type":"WebPage","@id":"https:\/\/jornalfatosenoticias.com.br\/index.php\/2024\/12\/11\/pacote-de-corte-de-gastos-pode-nao-ser-suficiente-dizem-entrevistados-em-pesquisa\/","url":"https:\/\/jornalfatosenoticias.com.br\/index.php\/2024\/12\/11\/pacote-de-corte-de-gastos-pode-nao-ser-suficiente-dizem-entrevistados-em-pesquisa\/","name":"Pacote de corte de gastos pode n\u00e3o ser suficiente, dizem entrevistados em pesquisa - Jornal Fatos e Not\u00edcias","isPartOf":{"@id":"https:\/\/jornalfatosenoticias.com.br\/#website"},"primaryImageOfPage":{"@id":"https:\/\/jornalfatosenoticias.com.br\/index.php\/2024\/12\/11\/pacote-de-corte-de-gastos-pode-nao-ser-suficiente-dizem-entrevistados-em-pesquisa\/#primaryimage"},"image":{"@id":"https:\/\/jornalfatosenoticias.com.br\/index.php\/2024\/12\/11\/pacote-de-corte-de-gastos-pode-nao-ser-suficiente-dizem-entrevistados-em-pesquisa\/#primaryimage"},"thumbnailUrl":"https:\/\/jornalfatosenoticias.com.br\/wp-content\/uploads\/2024\/12\/fiasco-Haddad_gettyimages.jpg","datePublished":"2024-12-11T14:49:50+00:00","dateModified":"2024-12-11T14:49:51+00:00","breadcrumb":{"@id":"https:\/\/jornalfatosenoticias.com.br\/index.php\/2024\/12\/11\/pacote-de-corte-de-gastos-pode-nao-ser-suficiente-dizem-entrevistados-em-pesquisa\/#breadcrumb"},"inLanguage":"pt-BR","potentialAction":[{"@type":"ReadAction","target":["https:\/\/jornalfatosenoticias.com.br\/index.php\/2024\/12\/11\/pacote-de-corte-de-gastos-pode-nao-ser-suficiente-dizem-entrevistados-em-pesquisa\/"]}]},{"@type":"ImageObject","inLanguage":"pt-BR","@id":"https:\/\/jornalfatosenoticias.com.br\/index.php\/2024\/12\/11\/pacote-de-corte-de-gastos-pode-nao-ser-suficiente-dizem-entrevistados-em-pesquisa\/#primaryimage","url":"https:\/\/jornalfatosenoticias.com.br\/wp-content\/uploads\/2024\/12\/fiasco-Haddad_gettyimages.jpg","contentUrl":"https:\/\/jornalfatosenoticias.com.br\/wp-content\/uploads\/2024\/12\/fiasco-Haddad_gettyimages.jpg","width":612,"height":407,"caption":"Fernando Haddad, Brazil's finance minister, attends a Senate debate at the National Congress in Brasilia, Brazil, on Thursday, April 27, 2023. The central bank is responsible for monetary policy and its actions are technical, but they also interfere in politics, said Simone Tebet, Planning and Budget Minister, at a Senate event debating inflation, interest rates and economic growth. Photographer: Andressa Anholete\/Bloomberg via Getty Images"},{"@type":"BreadcrumbList","@id":"https:\/\/jornalfatosenoticias.com.br\/index.php\/2024\/12\/11\/pacote-de-corte-de-gastos-pode-nao-ser-suficiente-dizem-entrevistados-em-pesquisa\/#breadcrumb","itemListElement":[{"@type":"ListItem","position":1,"name":"In\u00edcio","item":"https:\/\/jornalfatosenoticias.com.br\/"},{"@type":"ListItem","position":2,"name":"Pacote de corte de gastos pode n\u00e3o ser suficiente, dizem entrevistados em pesquisa"}]},{"@type":"WebSite","@id":"https:\/\/jornalfatosenoticias.com.br\/#website","url":"https:\/\/jornalfatosenoticias.com.br\/","name":"Jornal Fatos e Not\u00edcias","description":"Not\u00edcias em geral","publisher":{"@id":"https:\/\/jornalfatosenoticias.com.br\/#organization"},"potentialAction":[{"@type":"SearchAction","target":{"@type":"EntryPoint","urlTemplate":"https:\/\/jornalfatosenoticias.com.br\/?s={search_term_string}"},"query-input":{"@type":"PropertyValueSpecification","valueRequired":true,"valueName":"search_term_string"}}],"inLanguage":"pt-BR"},{"@type":"Organization","@id":"https:\/\/jornalfatosenoticias.com.br\/#organization","name":"Jornal Fatos e Not\u00edcias","url":"https:\/\/jornalfatosenoticias.com.br\/","logo":{"@type":"ImageObject","inLanguage":"pt-BR","@id":"https:\/\/jornalfatosenoticias.com.br\/#\/schema\/logo\/image\/","url":"https:\/\/jornalfatosenoticias.com.br\/wp-content\/uploads\/2020\/02\/logo120.png","contentUrl":"https:\/\/jornalfatosenoticias.com.br\/wp-content\/uploads\/2020\/02\/logo120.png","width":1227,"height":120,"caption":"Jornal Fatos e Not\u00edcias"},"image":{"@id":"https:\/\/jornalfatosenoticias.com.br\/#\/schema\/logo\/image\/"}},{"@type":"Person","@id":"https:\/\/jornalfatosenoticias.com.br\/#\/schema\/person\/d63837fa13ac8666eb9e74e0985d6f81","name":"Luzimara Fernandes","image":{"@type":"ImageObject","inLanguage":"pt-BR","@id":"https:\/\/jornalfatosenoticias.com.br\/#\/schema\/person\/image\/","url":"https:\/\/jornalfatosenoticias.com.br\/wp-content\/uploads\/2025\/05\/EU_portal.jpg","contentUrl":"https:\/\/jornalfatosenoticias.com.br\/wp-content\/uploads\/2025\/05\/EU_portal.jpg","caption":"Luzimara Fernandes"},"description":"Jornalista MTB 2358-ES","sameAs":["https:\/\/jornalfatosenoticias.com.br"],"url":"https:\/\/jornalfatosenoticias.com.br\/index.php\/author\/luzimara\/"}]}},"cc_featured_image_caption":{"caption_text":"(Foto: Getty Images)","source_text":"","source_url":""},"jetpack_featured_media_url":"https:\/\/jornalfatosenoticias.com.br\/wp-content\/uploads\/2024\/12\/fiasco-Haddad_gettyimages.jpg","_links":{"self":[{"href":"https:\/\/jornalfatosenoticias.com.br\/index.php\/wp-json\/wp\/v2\/posts\/56295","targetHints":{"allow":["GET"]}}],"collection":[{"href":"https:\/\/jornalfatosenoticias.com.br\/index.php\/wp-json\/wp\/v2\/posts"}],"about":[{"href":"https:\/\/jornalfatosenoticias.com.br\/index.php\/wp-json\/wp\/v2\/types\/post"}],"author":[{"embeddable":true,"href":"https:\/\/jornalfatosenoticias.com.br\/index.php\/wp-json\/wp\/v2\/users\/2"}],"replies":[{"embeddable":true,"href":"https:\/\/jornalfatosenoticias.com.br\/index.php\/wp-json\/wp\/v2\/comments?post=56295"}],"version-history":[{"count":0,"href":"https:\/\/jornalfatosenoticias.com.br\/index.php\/wp-json\/wp\/v2\/posts\/56295\/revisions"}],"wp:featuredmedia":[{"embeddable":true,"href":"https:\/\/jornalfatosenoticias.com.br\/index.php\/wp-json\/wp\/v2\/media\/56298"}],"wp:attachment":[{"href":"https:\/\/jornalfatosenoticias.com.br\/index.php\/wp-json\/wp\/v2\/media?parent=56295"}],"wp:term":[{"taxonomy":"category","embeddable":true,"href":"https:\/\/jornalfatosenoticias.com.br\/index.php\/wp-json\/wp\/v2\/categories?post=56295"},{"taxonomy":"post_tag","embeddable":true,"href":"https:\/\/jornalfatosenoticias.com.br\/index.php\/wp-json\/wp\/v2\/tags?post=56295"}],"curies":[{"name":"wp","href":"https:\/\/api.w.org\/{rel}","templated":true}]}}