{"id":56300,"date":"2024-12-11T12:17:48","date_gmt":"2024-12-11T15:17:48","guid":{"rendered":"https:\/\/jornalfatosenoticias.com.br\/?p=56300"},"modified":"2024-12-11T12:17:50","modified_gmt":"2024-12-11T15:17:50","slug":"em-balanco-milei-promete-reformas-mais-profundas-e-anuncia-tratado-de-livre-comercio-com-os-eua","status":"publish","type":"post","link":"https:\/\/jornalfatosenoticias.com.br\/index.php\/2024\/12\/11\/em-balanco-milei-promete-reformas-mais-profundas-e-anuncia-tratado-de-livre-comercio-com-os-eua\/","title":{"rendered":"Em balan\u00e7o, Milei promete reformas mais profundas e anuncia tratado de livre com\u00e9rcio com os EUA"},"content":{"rendered":"\n<p><em><span class=\"has-inline-color has-black-color\">O presidente Javier Milei e seus ministros durante discurso em rede nacional nesta ter\u00e7a-feira<\/span> <\/em><span class=\"has-inline-color has-black-color\"><em>(10)<\/em> <\/span><\/p>\n\n\n\n<p><span class=\"has-inline-color has-black-color\">Por <strong><a href=\"https:\/\/www.gazetadopovo.com.br\/autor\/john-lucas\/\">John Lucas<\/a><\/strong><\/span><\/p>\n\n\n\n<div class=\"wp-block-image\"><figure class=\"aligncenter size-large\"><a href=\"https:\/\/www.instagram.com\/vmais.midias\/\"><img loading=\"lazy\" decoding=\"async\" width=\"1024\" height=\"110\" src=\"https:\/\/jornalfatosenoticias.com.br\/wp-content\/uploads\/2020\/02\/DE-MAIS-DESTAQUE-VMAIS-1120X120-1024x110.png\" alt=\"\" class=\"wp-image-53110\" srcset=\"https:\/\/jornalfatosenoticias.com.br\/wp-content\/uploads\/2020\/02\/DE-MAIS-DESTAQUE-VMAIS-1120X120-1024x110.png 1024w, https:\/\/jornalfatosenoticias.com.br\/wp-content\/uploads\/2020\/02\/DE-MAIS-DESTAQUE-VMAIS-1120X120-300x32.png 300w, https:\/\/jornalfatosenoticias.com.br\/wp-content\/uploads\/2020\/02\/DE-MAIS-DESTAQUE-VMAIS-1120X120-768x82.png 768w, https:\/\/jornalfatosenoticias.com.br\/wp-content\/uploads\/2020\/02\/DE-MAIS-DESTAQUE-VMAIS-1120X120.png 1120w\" sizes=\"auto, (max-width: 1024px) 100vw, 1024px\" \/><\/a><\/figure><\/div>\n\n\n\n<p>Em pronunciamento transmitido em rede nacional na noite desta ter\u00e7a-feira (10), o presidente da Argentina, Javier Milei, celebrou o primeiro ano de sua gest\u00e3o destacando conquistas econ\u00f4micas, refor\u00e7ando o compromisso com sua agenda de reformas estruturais e anunciando planos ambiciosos para 2025. Em discurso gravado no Sal\u00e3o Branco da Casa Rosada, Milei abordou temas como infla\u00e7\u00e3o, seguran\u00e7a p\u00fablica, rela\u00e7\u00f5es internacionais e o futuro pol\u00edtico do pa\u00eds.<br>&#8220;Era uma prova de fogo quando assumimos&#8221;, declarou Milei ao abrir seu discurso, reconhecendo os desafios enfrentados desde sua posse. &#8220;Este ano os argentinos demonstraram ser homens e mulheres fortes\u201d, acrescentou o presidente.<\/p>\n\n\n\n<div class=\"wp-block-image\"><figure class=\"aligncenter size-large\"><a href=\"https:\/\/cesconetto.com.br\/\"><img loading=\"lazy\" decoding=\"async\" width=\"300\" height=\"250\" src=\"https:\/\/jornalfatosenoticias.com.br\/wp-content\/uploads\/2022\/02\/Banner-2.png\" alt=\"\" class=\"wp-image-27877\"\/><\/a><\/figure><\/div>\n\n\n\n<blockquote class=\"wp-block-quote is-layout-flow wp-block-quote-is-layout-flow\"><p><span class=\"has-inline-color has-luminous-vivid-orange-color\">Queridos argentinos, quero come\u00e7ar agradecendo a todos por me permitirem ser o presidente desta na\u00e7\u00e3o e por enfrentarem esses meses dif\u00edceis da nossa gest\u00e3o. A todos que lutam todos os dias. Quero agradecer aos argentinos comuns pelo sacrif\u00edcio que fazem\u201d, disse o l\u00edder argentino.<\/span><\/p><\/blockquote>\n\n\n\n<div class=\"wp-block-image\"><figure class=\"aligncenter size-large is-resized\"><a href=\"https:\/\/hotelmarquetti.com.br\/\"><img loading=\"lazy\" decoding=\"async\" src=\"https:\/\/jornalfatosenoticias.com.br\/wp-content\/uploads\/2023\/03\/nova-logo-Marquetti.jpg\" alt=\"\" class=\"wp-image-40207\" width=\"347\" height=\"233\" srcset=\"https:\/\/jornalfatosenoticias.com.br\/wp-content\/uploads\/2023\/03\/nova-logo-Marquetti.jpg 643w, https:\/\/jornalfatosenoticias.com.br\/wp-content\/uploads\/2023\/03\/nova-logo-Marquetti-300x202.jpg 300w\" sizes=\"auto, (max-width: 347px) 100vw, 347px\" \/><\/a><\/figure><\/div>\n\n\n\n<p><strong><span class=\"has-inline-color has-black-color\">Reformas profundas e ajuste fiscal hist\u00f3rico<br><\/span><\/strong>O presidente fez quest\u00e3o de ressaltar o ajuste fiscal implementado por seu governo durante este primeiro ano, descrito por ele como &#8220;o maior da hist\u00f3ria da humanidade&#8221;. Segundo Milei, o super\u00e1vit fiscal sustentado ao longo de dez meses foi alcan\u00e7ado gra\u00e7as ao corte de gastos p\u00fablicos, que incluiu a elimina\u00e7\u00e3o de mais de 100 secretarias, a redu\u00e7\u00e3o de minist\u00e9rios, o fechamento de \u00f3rg\u00e3os como o Inadi (de combate \u00e0 descrimina\u00e7\u00e3o) e o Minist\u00e9rio da Mulher, classificados pelo Executivo como \u201ccabide de empregos para os kirchneristas\u201d, al\u00e9m de auditorias em universidades p\u00fablicas e outros setores do Estado.<\/p>\n\n\n\n<div class=\"wp-block-image\"><figure class=\"aligncenter size-large is-resized\"><a href=\"https:\/\/www.instagram.com\/esteiochurrascaria\/\"><img loading=\"lazy\" decoding=\"async\" src=\"https:\/\/jornalfatosenoticias.com.br\/wp-content\/uploads\/2022\/02\/LOGO-ESTEIO-1024x730.png\" alt=\"\" class=\"wp-image-27942\" width=\"340\" height=\"242\" srcset=\"https:\/\/jornalfatosenoticias.com.br\/wp-content\/uploads\/2022\/02\/LOGO-ESTEIO-1024x730.png 1024w, https:\/\/jornalfatosenoticias.com.br\/wp-content\/uploads\/2022\/02\/LOGO-ESTEIO-300x214.png 300w, https:\/\/jornalfatosenoticias.com.br\/wp-content\/uploads\/2022\/02\/LOGO-ESTEIO-768x548.png 768w, https:\/\/jornalfatosenoticias.com.br\/wp-content\/uploads\/2022\/02\/LOGO-ESTEIO.png 1123w\" sizes=\"auto, (max-width: 340px) 100vw, 340px\" \/><\/a><\/figure><\/div>\n\n\n\n<blockquote class=\"wp-block-quote is-layout-flow wp-block-quote-is-layout-flow\"><p><span class=\"has-inline-color has-luminous-vivid-orange-color\">N\u00e3o vamos dar o bra\u00e7o a torcer, mesmo que nos queiram extorquir&#8221;, afirmou.<\/span><\/p><\/blockquote>\n\n\n\n<div class=\"wp-block-image\"><figure class=\"aligncenter size-large is-resized\"><a href=\"https:\/\/www.instagram.com\/restaurantepegoretti\/\"><img loading=\"lazy\" decoding=\"async\" src=\"https:\/\/jornalfatosenoticias.com.br\/wp-content\/uploads\/2023\/12\/pegoretti-logo-pdf-1024x389.jpg\" alt=\"\" class=\"wp-image-47536\" width=\"406\" height=\"154\" srcset=\"https:\/\/jornalfatosenoticias.com.br\/wp-content\/uploads\/2023\/12\/pegoretti-logo-pdf-1024x389.jpg 1024w, https:\/\/jornalfatosenoticias.com.br\/wp-content\/uploads\/2023\/12\/pegoretti-logo-pdf-300x114.jpg 300w, https:\/\/jornalfatosenoticias.com.br\/wp-content\/uploads\/2023\/12\/pegoretti-logo-pdf-768x291.jpg 768w, https:\/\/jornalfatosenoticias.com.br\/wp-content\/uploads\/2023\/12\/pegoretti-logo-pdf.jpg 1120w\" sizes=\"auto, (max-width: 406px) 100vw, 406px\" \/><\/a><\/figure><\/div>\n\n\n\n<p>Milei tamb\u00e9m destacou os resultados de sua pol\u00edtica econ\u00f4mica, apontando que a infla\u00e7\u00e3o, que chegou a \u00edndices alarmantes, foi reduzida drasticamente. &#8220;Estamos mais perto de que a infla\u00e7\u00e3o seja uma lembran\u00e7a ruim&#8221;, disse o presidente, comemorando a taxa de infla\u00e7\u00e3o de 2,7% no acumulado mensal de outubro, bem longe dos mais de 20% apontado em dezembro de 2023.<\/p>\n\n\n\n<div class=\"wp-block-image\"><figure class=\"aligncenter size-large is-resized\"><a href=\"https:\/\/www.ithbrasil.com.br\/\"><img loading=\"lazy\" decoding=\"async\" src=\"https:\/\/jornalfatosenoticias.com.br\/wp-content\/uploads\/2023\/08\/ITH.jpeg\" alt=\"\" class=\"wp-image-44638\" width=\"320\" height=\"260\" srcset=\"https:\/\/jornalfatosenoticias.com.br\/wp-content\/uploads\/2023\/08\/ITH.jpeg 800w, https:\/\/jornalfatosenoticias.com.br\/wp-content\/uploads\/2023\/08\/ITH-300x244.jpeg 300w, https:\/\/jornalfatosenoticias.com.br\/wp-content\/uploads\/2023\/08\/ITH-768x624.jpeg 768w\" sizes=\"auto, (max-width: 320px) 100vw, 320px\" \/><\/a><\/figure><\/div>\n\n\n\n<p><span class=\"has-inline-color has-black-color\"><strong>Proje\u00e7\u00f5es para 2025: crescimento e investimentos<br><\/strong><\/span>Em tom de confian\u00e7a, Milei prometeu que o pr\u00f3ximo ano trar\u00e1 avan\u00e7os ainda mais significativos. O presidente disse que dar\u00e1 continuidade \u00e0s reformas iniciadas neste ciclo. &#8220;Voc\u00eas conheceram este ano a motosserra. Agora vem a motosserra profunda&#8221;, afirmou, fazendo refer\u00eancia ao corte de despesas e \u00e0 redu\u00e7\u00e3o do tamanho do Estado.<\/p>\n\n\n\n<div class=\"wp-block-image\"><figure class=\"aligncenter size-large is-resized\"><a href=\"https:\/\/www.instagram.com\/ligadossaborespizzaria\/\"><img loading=\"lazy\" decoding=\"async\" src=\"https:\/\/jornalfatosenoticias.com.br\/wp-content\/uploads\/2024\/09\/WhatsApp-Image-2024-09-14-at-22.46.10-819x1024.jpeg\" alt=\"\" class=\"wp-image-54180\" width=\"328\" height=\"410\" srcset=\"https:\/\/jornalfatosenoticias.com.br\/wp-content\/uploads\/2024\/09\/WhatsApp-Image-2024-09-14-at-22.46.10-819x1024.jpeg 819w, https:\/\/jornalfatosenoticias.com.br\/wp-content\/uploads\/2024\/09\/WhatsApp-Image-2024-09-14-at-22.46.10-240x300.jpeg 240w, https:\/\/jornalfatosenoticias.com.br\/wp-content\/uploads\/2024\/09\/WhatsApp-Image-2024-09-14-at-22.46.10-768x960.jpeg 768w, https:\/\/jornalfatosenoticias.com.br\/wp-content\/uploads\/2024\/09\/WhatsApp-Image-2024-09-14-at-22.46.10.jpeg 1024w\" sizes=\"auto, (max-width: 328px) 100vw, 328px\" \/><\/a><\/figure><\/div>\n\n\n\n<blockquote class=\"wp-block-quote is-layout-flow wp-block-quote-is-layout-flow\"><p><span class=\"has-inline-color has-luminous-vivid-orange-color\">A atividade j\u00e1 come\u00e7ou a melhorar. Esta tend\u00eancia se manter\u00e1 em 2025. Entramos em um ciclo de recupera\u00e7\u00e3o econ\u00f4mica e aumento do poder aquisitivo dos argentinos&#8221;, garantiu o mandat\u00e1rio.<\/span><\/p><\/blockquote>\n\n\n\n<div class=\"wp-block-image\"><figure class=\"aligncenter size-large is-resized\"><a href=\"https:\/\/www.facebook.com\/vetor.vix\/\"><img loading=\"lazy\" decoding=\"async\" src=\"https:\/\/jornalfatosenoticias.com.br\/wp-content\/uploads\/2023\/09\/vetorvix1024_1.jpg\" alt=\"\" class=\"wp-image-44868\" width=\"543\" height=\"144\" srcset=\"https:\/\/jornalfatosenoticias.com.br\/wp-content\/uploads\/2023\/09\/vetorvix1024_1.jpg 1024w, https:\/\/jornalfatosenoticias.com.br\/wp-content\/uploads\/2023\/09\/vetorvix1024_1-300x80.jpg 300w, https:\/\/jornalfatosenoticias.com.br\/wp-content\/uploads\/2023\/09\/vetorvix1024_1-768x205.jpg 768w\" sizes=\"auto, (max-width: 543px) 100vw, 543px\" \/><\/a><\/figure><\/div>\n\n\n\n<p>Milei anunciou ainda que seu governo trabalha para implementar no pr\u00f3ximo ano uma reforma tribut\u00e1ria que reduzir\u00e1 90% dos impostos nacionais e que dar\u00e1 autonomia \u00e0s prov\u00edncias. Ainda entre as promessas para 2025, destacou a iminente sa\u00edda do chamado &#8220;cepo cambial&#8221; \u2014 restri\u00e7\u00f5es impostas pelo governo ao mercado de c\u00e2mbio \u2014 e a introdu\u00e7\u00e3o da livre concorr\u00eancia de moedas.<\/p>\n\n\n\n<div class=\"wp-block-image\"><figure class=\"aligncenter size-large\"><a href=\"http:\/\/www.ferrarimaquinas.com.br\/\"><img loading=\"lazy\" decoding=\"async\" width=\"300\" height=\"250\" src=\"https:\/\/jornalfatosenoticias.com.br\/wp-content\/uploads\/2022\/02\/FERRARI_MAQUINAS-E-FERRAMENTAS2.jpg\" alt=\"\" class=\"wp-image-27860\"\/><\/a><\/figure><\/div>\n\n\n\n<blockquote class=\"wp-block-quote is-layout-flow wp-block-quote-is-layout-flow\"><p><span class=\"has-inline-color has-luminous-vivid-orange-color\">Cada argentino poder\u00e1 comprar, vender e faturar na moeda que preferir, exceto para o pagamento de impostos, que continuar\u00e1 sendo em pesos por enquanto&#8221;, explicou.<\/span><\/p><\/blockquote>\n\n\n\n<div class=\"wp-block-image\"><figure class=\"aligncenter size-large is-resized\"><a href=\"https:\/\/www.legisjuris.com.br\/\"><img loading=\"lazy\" decoding=\"async\" src=\"https:\/\/jornalfatosenoticias.com.br\/wp-content\/uploads\/2024\/09\/Legis-Juris-Consultoria_logo.jpg\" alt=\"\" class=\"wp-image-53915\" width=\"446\" height=\"187\" srcset=\"https:\/\/jornalfatosenoticias.com.br\/wp-content\/uploads\/2024\/09\/Legis-Juris-Consultoria_logo.jpg 969w, https:\/\/jornalfatosenoticias.com.br\/wp-content\/uploads\/2024\/09\/Legis-Juris-Consultoria_logo-300x126.jpg 300w, https:\/\/jornalfatosenoticias.com.br\/wp-content\/uploads\/2024\/09\/Legis-Juris-Consultoria_logo-768x322.jpg 768w\" sizes=\"auto, (max-width: 446px) 100vw, 446px\" \/><\/a><\/figure><\/div>\n\n\n\n<p>Para a pol\u00edtica externa, Milei revelou que pretende avan\u00e7ar nas negocia\u00e7\u00f5es para um tratado de livre com\u00e9rcio com os Estados Unidos, o que, segundo ele, colocar\u00e1 a Argentina novamente no mapa do com\u00e9rcio internacional. No pr\u00f3ximo ano, os EUA ser\u00e3o liderados pelo republicano Donald Trump, um aliado de Milei. &#8220;N\u00e3o h\u00e1 prosperidade sem com\u00e9rcio, e n\u00e3o h\u00e1 com\u00e9rcio sem liberdade&#8221;, declarou o presidente.<\/p>\n\n\n\n<div class=\"wp-block-image\"><figure class=\"aligncenter size-large is-resized\"><a href=\"https:\/\/www.controlsystems.com.br\/\"><img loading=\"lazy\" decoding=\"async\" src=\"https:\/\/jornalfatosenoticias.com.br\/wp-content\/uploads\/2020\/02\/CONTROL-CS.jpg\" alt=\"\" class=\"wp-image-44991\" width=\"337\" height=\"403\" srcset=\"https:\/\/jornalfatosenoticias.com.br\/wp-content\/uploads\/2020\/02\/CONTROL-CS.jpg 834w, https:\/\/jornalfatosenoticias.com.br\/wp-content\/uploads\/2020\/02\/CONTROL-CS-250x300.jpg 250w, https:\/\/jornalfatosenoticias.com.br\/wp-content\/uploads\/2020\/02\/CONTROL-CS-768x921.jpg 768w\" sizes=\"auto, (max-width: 337px) 100vw, 337px\" \/><\/a><\/figure><\/div>\n\n\n\n<p>Ele tamb\u00e9m mencionou a possibilidade de ampliar o Mercosul \u2014 que est\u00e1 presidindo neste momento \u2014 e de atrair mais investidores estrangeiros para a Argentina, indicando que o pa\u00eds j\u00e1 come\u00e7ou a recuperar sua relev\u00e2ncia no cen\u00e1rio global. &#8220;O mundo voltou a pousar seu olhar na Argentina&#8221;, disse Milei, acrescentando que investidores avaliam at\u00e9 morar no pa\u00eds.<\/p>\n\n\n\n<div class=\"wp-block-image\"><figure class=\"aligncenter size-large is-resized\"><a href=\"https:\/\/www.facebook.com\/profile.php?id=100069289606145\"><img loading=\"lazy\" decoding=\"async\" src=\"https:\/\/jornalfatosenoticias.com.br\/wp-content\/uploads\/2024\/11\/Guaitolini-Contabilidade-1024x714.jpeg\" alt=\"\" class=\"wp-image-55808\" width=\"333\" height=\"232\" srcset=\"https:\/\/jornalfatosenoticias.com.br\/wp-content\/uploads\/2024\/11\/Guaitolini-Contabilidade-1024x714.jpeg 1024w, https:\/\/jornalfatosenoticias.com.br\/wp-content\/uploads\/2024\/11\/Guaitolini-Contabilidade-300x209.jpeg 300w, https:\/\/jornalfatosenoticias.com.br\/wp-content\/uploads\/2024\/11\/Guaitolini-Contabilidade-768x535.jpeg 768w, https:\/\/jornalfatosenoticias.com.br\/wp-content\/uploads\/2024\/11\/Guaitolini-Contabilidade.jpeg 1280w\" sizes=\"auto, (max-width: 333px) 100vw, 333px\" \/><\/a><\/figure><\/div>\n\n\n\n<p><strong><span class=\"has-inline-color has-black-color\">Seguran\u00e7a p\u00fablica e redu\u00e7\u00e3o da maioridade penal<br><\/span><\/strong>No campo da seguran\u00e7a, Milei celebrou a redu\u00e7\u00e3o da criminalidade em regi\u00f5es como Rosario e destacou a\u00e7\u00f5es para combater piquetes e as desordens p\u00fablicas. &#8220;Terminamos com os piquetes, para n\u00f3s, a ordem p\u00fablica \u00e9 fundamental&#8221;, afirmou.<\/p>\n\n\n\n<div class=\"wp-block-image\"><figure class=\"aligncenter size-large\"><a href=\"https:\/\/mizu.com.br\/\"><img loading=\"lazy\" decoding=\"async\" width=\"729\" height=\"90\" src=\"https:\/\/jornalfatosenoticias.com.br\/wp-content\/uploads\/2020\/02\/Logo_Mizu.png\" alt=\"\" class=\"wp-image-1441\" srcset=\"https:\/\/jornalfatosenoticias.com.br\/wp-content\/uploads\/2020\/02\/Logo_Mizu.png 729w, https:\/\/jornalfatosenoticias.com.br\/wp-content\/uploads\/2020\/02\/Logo_Mizu-300x37.png 300w\" sizes=\"auto, (max-width: 729px) 100vw, 729px\" \/><\/a><\/figure><\/div>\n\n\n\n<p>Na \u00e1rea de seguran\u00e7a, Milei detalhou medidas j\u00e1 implementadas, como o plano para redu\u00e7\u00e3o da criminalidade em Rosario &#8211; a &#8220;Opera\u00e7\u00e3o Bandeira&#8221; \u2014 e apresentou novas propostas, incluindo uma reforma da Pol\u00edcia Federal \u2014 que dever\u00e1 contar com mais investimentos no setor de intelig\u00eancia \u2014 leis mais r\u00edgidas contra m\u00e1fias e crimes violentos, bem como a redu\u00e7\u00e3o da maioridade penal.<\/p>\n\n\n\n<div class=\"wp-block-image\"><figure class=\"aligncenter size-large is-resized\"><a href=\"https:\/\/www.instagram.com\/serra4x4cambioautomatico\/\"><img loading=\"lazy\" decoding=\"async\" src=\"https:\/\/jornalfatosenoticias.com.br\/wp-content\/uploads\/2024\/08\/Serra-4x4-1-886x1024.jpg\" alt=\"\" class=\"wp-image-53632\" width=\"305\" height=\"353\" srcset=\"https:\/\/jornalfatosenoticias.com.br\/wp-content\/uploads\/2024\/08\/Serra-4x4-1-886x1024.jpg 886w, https:\/\/jornalfatosenoticias.com.br\/wp-content\/uploads\/2024\/08\/Serra-4x4-1-260x300.jpg 260w, https:\/\/jornalfatosenoticias.com.br\/wp-content\/uploads\/2024\/08\/Serra-4x4-1-768x888.jpg 768w, https:\/\/jornalfatosenoticias.com.br\/wp-content\/uploads\/2024\/08\/Serra-4x4-1.jpg 1181w\" sizes=\"auto, (max-width: 305px) 100vw, 305px\" \/><\/a><\/figure><\/div>\n\n\n\n<p><span class=\"has-inline-color has-black-color\"><strong>Plano para fortalecer a energia nuclear<br><\/strong><\/span>No discurso, Milei falou sobre seu plano para fortalecer a infraestrutura de energia nuclear da Argentina em 2025, preparando o pa\u00eds para atender a alta demanda por energia que o avan\u00e7o da intelig\u00eancia artificial (IA) vai gerar no mundo.<\/p>\n\n\n\n<blockquote class=\"wp-block-quote is-layout-flow wp-block-quote-is-layout-flow\"><p><span class=\"has-inline-color has-luminous-vivid-orange-color\">O aumento da demanda de energia que a intelig\u00eancia artificial vai gerar no mundo inteiro vai impulsionar um ressurgimento da energia nuclear ap\u00f3s d\u00e9cadas de decl\u00ednio. N\u00e3o vamos ficar para tr\u00e1s. Vamos desenhar um plano nuclear argentino, que contemple a constru\u00e7\u00e3o de novos reatores e a pesquisa de tecnologias\u201d, disse Milei, acrescentando &#8220;que ningu\u00e9m se surpreenda se a Argentina se tornar o pr\u00f3ximo polo de intelig\u00eancia artificial\u201d.<\/span><\/p><\/blockquote>\n\n\n\n<div class=\"wp-block-image\"><figure class=\"aligncenter size-large is-resized\"><a href=\"https:\/\/panper.com.br\/\"><img loading=\"lazy\" decoding=\"async\" src=\"https:\/\/jornalfatosenoticias.com.br\/wp-content\/uploads\/2023\/03\/logo-Panper_portal.jpg\" alt=\"\" class=\"wp-image-40208\" width=\"339\" height=\"235\" srcset=\"https:\/\/jornalfatosenoticias.com.br\/wp-content\/uploads\/2023\/03\/logo-Panper_portal.jpg 400w, https:\/\/jornalfatosenoticias.com.br\/wp-content\/uploads\/2023\/03\/logo-Panper_portal-300x208.jpg 300w\" sizes=\"auto, (max-width: 339px) 100vw, 339px\" \/><\/a><\/figure><\/div>\n\n\n\n<p><strong><span class=\"has-inline-color has-black-color\">Cr\u00edticas \u00e0 \u201ccasta\u201d e a \u00e0 velha pol\u00edtica<br><\/span><\/strong>Milei alfinetou seus opositores ao longo do discurso. O presidente n\u00e3o poupou cr\u00edticas \u00e0 &#8220;casta&#8221; pol\u00edtica e \u00e0s estruturas que, segundo ele, impediam o avan\u00e7o da sociedade argentina.<\/p>\n\n\n\n<blockquote class=\"wp-block-quote is-layout-flow wp-block-quote-is-layout-flow\"><p><span class=\"has-inline-color has-luminous-vivid-orange-color\">Diziam que n\u00e3o chegar\u00edamos a janeiro, mas j\u00e1 estamos em dezembro. Diziam isso porque n\u00e3o queriam que expus\u00e9ssemos seus esquemas. Antes, o que era positivo para a sociedade era negativo para a casta. Para eles, n\u00e3o importa pensar no longo prazo, est\u00e1 no seu DNA, eles s\u00f3 pensam em explorar a sociedade. \u00c0 casta n\u00e3o importa o futuro\u201d, disse Milei.<\/span><\/p><\/blockquote>\n\n\n\n<div class=\"wp-block-image\"><figure class=\"aligncenter size-large is-resized\"><a href=\"https:\/\/www.facebook.com\/postobkr\/?locale=pt_BR\"><img loading=\"lazy\" decoding=\"async\" src=\"https:\/\/jornalfatosenoticias.com.br\/wp-content\/uploads\/2023\/08\/BKR-1024x1021.jpg\" alt=\"\" class=\"wp-image-44494\" width=\"317\" height=\"316\" srcset=\"https:\/\/jornalfatosenoticias.com.br\/wp-content\/uploads\/2023\/08\/BKR-1024x1021.jpg 1024w, https:\/\/jornalfatosenoticias.com.br\/wp-content\/uploads\/2023\/08\/BKR-300x300.jpg 300w, https:\/\/jornalfatosenoticias.com.br\/wp-content\/uploads\/2023\/08\/BKR-150x150.jpg 150w, https:\/\/jornalfatosenoticias.com.br\/wp-content\/uploads\/2023\/08\/BKR-768x766.jpg 768w, https:\/\/jornalfatosenoticias.com.br\/wp-content\/uploads\/2023\/08\/BKR.jpg 1080w\" sizes=\"auto, (max-width: 317px) 100vw, 317px\" \/><\/a><\/figure><\/div>\n\n\n\n<p>&#8220;Nesta mesma linha, quero avisar ao restante da pol\u00edtica: a sociedade demonstrou que n\u00e3o tolera mais frustra\u00e7\u00f5es nem obst\u00e1culos em nossas decis\u00f5es. O pa\u00eds est\u00e1 rumo a um futuro de prosperidade. Trouxemos resultados, n\u00e3o h\u00e1 nada que possam fazer para evit\u00e1-los; podem embarcar no trem do progresso ou serem atropelados por ele\u201d, acrescentou o chefe da Casa Rosada. &#8220;Chegou a hora do homem comum&#8221;, declarou. &#8220;N\u00f3s viemos cortar e terminar esse sistema de raiz\u201d, disse, em refer\u00eancia \u00e0 velha pol\u00edtica.<\/p>\n\n\n\n<div class=\"wp-block-image\"><figure class=\"aligncenter size-large is-resized\"><a href=\"https:\/\/www.instagram.com\/vmais.midias\/\"><img loading=\"lazy\" decoding=\"async\" src=\"https:\/\/jornalfatosenoticias.com.br\/wp-content\/uploads\/2020\/02\/DE-MAIS-DESTAQUE-VMAIS-800X700.png\" alt=\"\" class=\"wp-image-53112\" width=\"333\" height=\"291\" srcset=\"https:\/\/jornalfatosenoticias.com.br\/wp-content\/uploads\/2020\/02\/DE-MAIS-DESTAQUE-VMAIS-800X700.png 800w, https:\/\/jornalfatosenoticias.com.br\/wp-content\/uploads\/2020\/02\/DE-MAIS-DESTAQUE-VMAIS-800X700-300x263.png 300w, https:\/\/jornalfatosenoticias.com.br\/wp-content\/uploads\/2020\/02\/DE-MAIS-DESTAQUE-VMAIS-800X700-768x672.png 768w\" sizes=\"auto, (max-width: 333px) 100vw, 333px\" \/><\/a><\/figure><\/div>\n\n\n\n<p>Ao encerrar seu discurso, Milei prometeu que seu governo continuar\u00e1 defendendo as reformas para reestruturar o Estado e proteger a sociedade argentina. &#8220;Vamos implementar uma agenda de reformas profundas. Avan\u00e7aremos em um plano de ajuste para reduzir impostos e devolver dinheiro ao setor privado. Investiremos em uma reforma previdenci\u00e1ria e trabalhista. Al\u00e9m disso, abordaremos leis de seguran\u00e7a nacional, onde ser\u00e1 impulsionada uma reforma penal, pol\u00edtica e outras&#8221;, disse.<\/p>\n\n\n\n<div class=\"wp-block-image\"><figure class=\"aligncenter size-large is-resized\"><a href=\"https:\/\/www.instagram.com\/esteiochurrascaria\/\"><img loading=\"lazy\" decoding=\"async\" src=\"https:\/\/jornalfatosenoticias.com.br\/wp-content\/uploads\/2022\/02\/LOGO-ESTEIO-1024x730.png\" alt=\"\" class=\"wp-image-27942\" width=\"358\" height=\"255\" srcset=\"https:\/\/jornalfatosenoticias.com.br\/wp-content\/uploads\/2022\/02\/LOGO-ESTEIO-1024x730.png 1024w, https:\/\/jornalfatosenoticias.com.br\/wp-content\/uploads\/2022\/02\/LOGO-ESTEIO-300x214.png 300w, https:\/\/jornalfatosenoticias.com.br\/wp-content\/uploads\/2022\/02\/LOGO-ESTEIO-768x548.png 768w, https:\/\/jornalfatosenoticias.com.br\/wp-content\/uploads\/2022\/02\/LOGO-ESTEIO.png 1123w\" sizes=\"auto, (max-width: 358px) 100vw, 358px\" \/><\/a><\/figure><\/div>\n\n\n\n<blockquote class=\"wp-block-quote is-layout-flow wp-block-quote-is-layout-flow\"><p><span class=\"has-inline-color has-luminous-vivid-orange-color\">Espero que tenham um dezembro feliz e em fam\u00edlia. Tenham a tranquilidade de que este governo os defender\u00e1\u201d, concluiu.<\/span><\/p><\/blockquote>\n\n\n\n<div class=\"wp-block-image\"><figure class=\"aligncenter size-large is-resized\"><a href=\"https:\/\/www.instagram.com\/restaurantepegoretti\/\"><img loading=\"lazy\" decoding=\"async\" src=\"https:\/\/jornalfatosenoticias.com.br\/wp-content\/uploads\/2023\/12\/pegoretti-logo-pdf-1024x389.jpg\" alt=\"\" class=\"wp-image-47536\" width=\"417\" height=\"158\" srcset=\"https:\/\/jornalfatosenoticias.com.br\/wp-content\/uploads\/2023\/12\/pegoretti-logo-pdf-1024x389.jpg 1024w, https:\/\/jornalfatosenoticias.com.br\/wp-content\/uploads\/2023\/12\/pegoretti-logo-pdf-300x114.jpg 300w, https:\/\/jornalfatosenoticias.com.br\/wp-content\/uploads\/2023\/12\/pegoretti-logo-pdf-768x291.jpg 768w, https:\/\/jornalfatosenoticias.com.br\/wp-content\/uploads\/2023\/12\/pegoretti-logo-pdf.jpg 1120w\" sizes=\"auto, (max-width: 417px) 100vw, 417px\" \/><\/a><\/figure><\/div>\n\n\n\n<p><strong><em>Fonte: <a href=\"https:\/\/www.gazetadopovo.com.br\/mundo\/em-balanco-milei-promete-reformas-mais-profundas-e-anuncia-tratado-de-livre-comercio-com-os-eua\/\">Gazeta do Povo<\/a><\/em><\/strong><\/p>\n","protected":false},"excerpt":{"rendered":"<p>O presidente Javier Milei e seus ministros durante discurso em rede nacional nesta ter\u00e7a-feira (10) Por John Lucas Em pronunciamento transmitido em rede nacional na noite desta ter\u00e7a-feira (10), o presidente da Argentina, Javier Milei, celebrou o primeiro ano de sua gest\u00e3o destacando conquistas econ\u00f4micas, refor\u00e7ando o compromisso com sua agenda de reformas estruturais e [&hellip;]<\/p>\n","protected":false},"author":2,"featured_media":56301,"comment_status":"open","ping_status":"open","sticky":false,"template":"","format":"standard","meta":{"footnotes":""},"categories":[41],"tags":[5995,18625,18616],"class_list":["post-56300","post","type-post","status-publish","format-standard","has-post-thumbnail","hentry","category-internacional","tag-argentina","tag-economia-argentina","tag-javier-milei"],"yoast_head":"<!-- This site is optimized with the Yoast SEO plugin v26.5 - https:\/\/yoast.com\/wordpress\/plugins\/seo\/ -->\n<title>Em balan\u00e7o, Milei promete reformas mais profundas e anuncia tratado de livre com\u00e9rcio com os EUA - Jornal Fatos e Not\u00edcias<\/title>\n<meta name=\"robots\" content=\"index, follow, max-snippet:-1, max-image-preview:large, max-video-preview:-1\" \/>\n<link rel=\"canonical\" href=\"https:\/\/jornalfatosenoticias.com.br\/index.php\/2024\/12\/11\/em-balanco-milei-promete-reformas-mais-profundas-e-anuncia-tratado-de-livre-comercio-com-os-eua\/\" \/>\n<meta property=\"og:locale\" content=\"pt_BR\" \/>\n<meta property=\"og:type\" content=\"article\" \/>\n<meta property=\"og:title\" content=\"Em balan\u00e7o, Milei promete reformas mais profundas e anuncia tratado de livre com\u00e9rcio com os EUA - Jornal Fatos e Not\u00edcias\" \/>\n<meta property=\"og:description\" content=\"O presidente Javier Milei e seus ministros durante discurso em rede nacional nesta ter\u00e7a-feira (10) Por John Lucas Em pronunciamento transmitido em rede nacional na noite desta ter\u00e7a-feira (10), o presidente da Argentina, Javier Milei, celebrou o primeiro ano de sua gest\u00e3o destacando conquistas econ\u00f4micas, refor\u00e7ando o compromisso com sua agenda de reformas estruturais e [&hellip;]\" \/>\n<meta property=\"og:url\" content=\"https:\/\/jornalfatosenoticias.com.br\/index.php\/2024\/12\/11\/em-balanco-milei-promete-reformas-mais-profundas-e-anuncia-tratado-de-livre-comercio-com-os-eua\/\" \/>\n<meta property=\"og:site_name\" content=\"Jornal Fatos e Not\u00edcias\" \/>\n<meta property=\"article:published_time\" content=\"2024-12-11T15:17:48+00:00\" \/>\n<meta property=\"article:modified_time\" content=\"2024-12-11T15:17:50+00:00\" \/>\n<meta property=\"og:image\" content=\"https:\/\/jornalfatosenoticias.com.br\/wp-content\/uploads\/2024\/12\/Javier-Milei-e-seus-ministros-durante-discurso-em-rede-nacional.jpg\" \/>\n\t<meta property=\"og:image:width\" content=\"1000\" \/>\n\t<meta property=\"og:image:height\" content=\"667\" \/>\n\t<meta property=\"og:image:type\" content=\"image\/jpeg\" \/>\n<meta name=\"author\" content=\"Luzimara Fernandes\" \/>\n<meta name=\"twitter:card\" content=\"summary_large_image\" \/>\n<meta name=\"twitter:label1\" content=\"Escrito por\" \/>\n\t<meta name=\"twitter:data1\" content=\"Luzimara Fernandes\" \/>\n\t<meta name=\"twitter:label2\" content=\"Est. tempo de leitura\" \/>\n\t<meta name=\"twitter:data2\" content=\"6 minutos\" \/>\n<script type=\"application\/ld+json\" class=\"yoast-schema-graph\">{\"@context\":\"https:\/\/schema.org\",\"@graph\":[{\"@type\":\"Article\",\"@id\":\"https:\/\/jornalfatosenoticias.com.br\/index.php\/2024\/12\/11\/em-balanco-milei-promete-reformas-mais-profundas-e-anuncia-tratado-de-livre-comercio-com-os-eua\/#article\",\"isPartOf\":{\"@id\":\"https:\/\/jornalfatosenoticias.com.br\/index.php\/2024\/12\/11\/em-balanco-milei-promete-reformas-mais-profundas-e-anuncia-tratado-de-livre-comercio-com-os-eua\/\"},\"author\":{\"name\":\"Luzimara Fernandes\",\"@id\":\"https:\/\/jornalfatosenoticias.com.br\/#\/schema\/person\/d63837fa13ac8666eb9e74e0985d6f81\"},\"headline\":\"Em balan\u00e7o, Milei promete reformas mais profundas e anuncia tratado de livre com\u00e9rcio com os EUA\",\"datePublished\":\"2024-12-11T15:17:48+00:00\",\"dateModified\":\"2024-12-11T15:17:50+00:00\",\"mainEntityOfPage\":{\"@id\":\"https:\/\/jornalfatosenoticias.com.br\/index.php\/2024\/12\/11\/em-balanco-milei-promete-reformas-mais-profundas-e-anuncia-tratado-de-livre-comercio-com-os-eua\/\"},\"wordCount\":1236,\"commentCount\":0,\"publisher\":{\"@id\":\"https:\/\/jornalfatosenoticias.com.br\/#organization\"},\"image\":{\"@id\":\"https:\/\/jornalfatosenoticias.com.br\/index.php\/2024\/12\/11\/em-balanco-milei-promete-reformas-mais-profundas-e-anuncia-tratado-de-livre-comercio-com-os-eua\/#primaryimage\"},\"thumbnailUrl\":\"https:\/\/jornalfatosenoticias.com.br\/wp-content\/uploads\/2024\/12\/Javier-Milei-e-seus-ministros-durante-discurso-em-rede-nacional.jpg\",\"keywords\":[\"Argentina\",\"economia argentina\",\"Javier Milei\"],\"articleSection\":[\"Internacional\"],\"inLanguage\":\"pt-BR\",\"potentialAction\":[{\"@type\":\"CommentAction\",\"name\":\"Comment\",\"target\":[\"https:\/\/jornalfatosenoticias.com.br\/index.php\/2024\/12\/11\/em-balanco-milei-promete-reformas-mais-profundas-e-anuncia-tratado-de-livre-comercio-com-os-eua\/#respond\"]}]},{\"@type\":\"WebPage\",\"@id\":\"https:\/\/jornalfatosenoticias.com.br\/index.php\/2024\/12\/11\/em-balanco-milei-promete-reformas-mais-profundas-e-anuncia-tratado-de-livre-comercio-com-os-eua\/\",\"url\":\"https:\/\/jornalfatosenoticias.com.br\/index.php\/2024\/12\/11\/em-balanco-milei-promete-reformas-mais-profundas-e-anuncia-tratado-de-livre-comercio-com-os-eua\/\",\"name\":\"Em balan\u00e7o, Milei promete reformas mais profundas e anuncia tratado de livre com\u00e9rcio com os EUA - Jornal Fatos e Not\u00edcias\",\"isPartOf\":{\"@id\":\"https:\/\/jornalfatosenoticias.com.br\/#website\"},\"primaryImageOfPage\":{\"@id\":\"https:\/\/jornalfatosenoticias.com.br\/index.php\/2024\/12\/11\/em-balanco-milei-promete-reformas-mais-profundas-e-anuncia-tratado-de-livre-comercio-com-os-eua\/#primaryimage\"},\"image\":{\"@id\":\"https:\/\/jornalfatosenoticias.com.br\/index.php\/2024\/12\/11\/em-balanco-milei-promete-reformas-mais-profundas-e-anuncia-tratado-de-livre-comercio-com-os-eua\/#primaryimage\"},\"thumbnailUrl\":\"https:\/\/jornalfatosenoticias.com.br\/wp-content\/uploads\/2024\/12\/Javier-Milei-e-seus-ministros-durante-discurso-em-rede-nacional.jpg\",\"datePublished\":\"2024-12-11T15:17:48+00:00\",\"dateModified\":\"2024-12-11T15:17:50+00:00\",\"breadcrumb\":{\"@id\":\"https:\/\/jornalfatosenoticias.com.br\/index.php\/2024\/12\/11\/em-balanco-milei-promete-reformas-mais-profundas-e-anuncia-tratado-de-livre-comercio-com-os-eua\/#breadcrumb\"},\"inLanguage\":\"pt-BR\",\"potentialAction\":[{\"@type\":\"ReadAction\",\"target\":[\"https:\/\/jornalfatosenoticias.com.br\/index.php\/2024\/12\/11\/em-balanco-milei-promete-reformas-mais-profundas-e-anuncia-tratado-de-livre-comercio-com-os-eua\/\"]}]},{\"@type\":\"ImageObject\",\"inLanguage\":\"pt-BR\",\"@id\":\"https:\/\/jornalfatosenoticias.com.br\/index.php\/2024\/12\/11\/em-balanco-milei-promete-reformas-mais-profundas-e-anuncia-tratado-de-livre-comercio-com-os-eua\/#primaryimage\",\"url\":\"https:\/\/jornalfatosenoticias.com.br\/wp-content\/uploads\/2024\/12\/Javier-Milei-e-seus-ministros-durante-discurso-em-rede-nacional.jpg\",\"contentUrl\":\"https:\/\/jornalfatosenoticias.com.br\/wp-content\/uploads\/2024\/12\/Javier-Milei-e-seus-ministros-durante-discurso-em-rede-nacional.jpg\",\"width\":1000,\"height\":667},{\"@type\":\"BreadcrumbList\",\"@id\":\"https:\/\/jornalfatosenoticias.com.br\/index.php\/2024\/12\/11\/em-balanco-milei-promete-reformas-mais-profundas-e-anuncia-tratado-de-livre-comercio-com-os-eua\/#breadcrumb\",\"itemListElement\":[{\"@type\":\"ListItem\",\"position\":1,\"name\":\"In\u00edcio\",\"item\":\"https:\/\/jornalfatosenoticias.com.br\/\"},{\"@type\":\"ListItem\",\"position\":2,\"name\":\"Em balan\u00e7o, Milei promete reformas mais profundas e anuncia tratado de livre com\u00e9rcio com os EUA\"}]},{\"@type\":\"WebSite\",\"@id\":\"https:\/\/jornalfatosenoticias.com.br\/#website\",\"url\":\"https:\/\/jornalfatosenoticias.com.br\/\",\"name\":\"Jornal Fatos e Not\u00edcias\",\"description\":\"Not\u00edcias em geral\",\"publisher\":{\"@id\":\"https:\/\/jornalfatosenoticias.com.br\/#organization\"},\"potentialAction\":[{\"@type\":\"SearchAction\",\"target\":{\"@type\":\"EntryPoint\",\"urlTemplate\":\"https:\/\/jornalfatosenoticias.com.br\/?s={search_term_string}\"},\"query-input\":{\"@type\":\"PropertyValueSpecification\",\"valueRequired\":true,\"valueName\":\"search_term_string\"}}],\"inLanguage\":\"pt-BR\"},{\"@type\":\"Organization\",\"@id\":\"https:\/\/jornalfatosenoticias.com.br\/#organization\",\"name\":\"Jornal Fatos e Not\u00edcias\",\"url\":\"https:\/\/jornalfatosenoticias.com.br\/\",\"logo\":{\"@type\":\"ImageObject\",\"inLanguage\":\"pt-BR\",\"@id\":\"https:\/\/jornalfatosenoticias.com.br\/#\/schema\/logo\/image\/\",\"url\":\"https:\/\/jornalfatosenoticias.com.br\/wp-content\/uploads\/2020\/02\/logo120.png\",\"contentUrl\":\"https:\/\/jornalfatosenoticias.com.br\/wp-content\/uploads\/2020\/02\/logo120.png\",\"width\":1227,\"height\":120,\"caption\":\"Jornal Fatos e Not\u00edcias\"},\"image\":{\"@id\":\"https:\/\/jornalfatosenoticias.com.br\/#\/schema\/logo\/image\/\"}},{\"@type\":\"Person\",\"@id\":\"https:\/\/jornalfatosenoticias.com.br\/#\/schema\/person\/d63837fa13ac8666eb9e74e0985d6f81\",\"name\":\"Luzimara Fernandes\",\"image\":{\"@type\":\"ImageObject\",\"inLanguage\":\"pt-BR\",\"@id\":\"https:\/\/jornalfatosenoticias.com.br\/#\/schema\/person\/image\/\",\"url\":\"https:\/\/jornalfatosenoticias.com.br\/wp-content\/uploads\/2025\/05\/EU_portal.jpg\",\"contentUrl\":\"https:\/\/jornalfatosenoticias.com.br\/wp-content\/uploads\/2025\/05\/EU_portal.jpg\",\"caption\":\"Luzimara Fernandes\"},\"description\":\"Jornalista MTB 2358-ES\",\"sameAs\":[\"https:\/\/jornalfatosenoticias.com.br\"],\"url\":\"https:\/\/jornalfatosenoticias.com.br\/index.php\/author\/luzimara\/\"}]}<\/script>\n<!-- \/ Yoast SEO plugin. -->","yoast_head_json":{"title":"Em balan\u00e7o, Milei promete reformas mais profundas e anuncia tratado de livre com\u00e9rcio com os EUA - Jornal Fatos e Not\u00edcias","robots":{"index":"index","follow":"follow","max-snippet":"max-snippet:-1","max-image-preview":"max-image-preview:large","max-video-preview":"max-video-preview:-1"},"canonical":"https:\/\/jornalfatosenoticias.com.br\/index.php\/2024\/12\/11\/em-balanco-milei-promete-reformas-mais-profundas-e-anuncia-tratado-de-livre-comercio-com-os-eua\/","og_locale":"pt_BR","og_type":"article","og_title":"Em balan\u00e7o, Milei promete reformas mais profundas e anuncia tratado de livre com\u00e9rcio com os EUA - Jornal Fatos e Not\u00edcias","og_description":"O presidente Javier Milei e seus ministros durante discurso em rede nacional nesta ter\u00e7a-feira (10) Por John Lucas Em pronunciamento transmitido em rede nacional na noite desta ter\u00e7a-feira (10), o presidente da Argentina, Javier Milei, celebrou o primeiro ano de sua gest\u00e3o destacando conquistas econ\u00f4micas, refor\u00e7ando o compromisso com sua agenda de reformas estruturais e [&hellip;]","og_url":"https:\/\/jornalfatosenoticias.com.br\/index.php\/2024\/12\/11\/em-balanco-milei-promete-reformas-mais-profundas-e-anuncia-tratado-de-livre-comercio-com-os-eua\/","og_site_name":"Jornal Fatos e Not\u00edcias","article_published_time":"2024-12-11T15:17:48+00:00","article_modified_time":"2024-12-11T15:17:50+00:00","og_image":[{"width":1000,"height":667,"url":"https:\/\/jornalfatosenoticias.com.br\/wp-content\/uploads\/2024\/12\/Javier-Milei-e-seus-ministros-durante-discurso-em-rede-nacional.jpg","type":"image\/jpeg"}],"author":"Luzimara Fernandes","twitter_card":"summary_large_image","twitter_misc":{"Escrito por":"Luzimara Fernandes","Est. tempo de leitura":"6 minutos"},"schema":{"@context":"https:\/\/schema.org","@graph":[{"@type":"Article","@id":"https:\/\/jornalfatosenoticias.com.br\/index.php\/2024\/12\/11\/em-balanco-milei-promete-reformas-mais-profundas-e-anuncia-tratado-de-livre-comercio-com-os-eua\/#article","isPartOf":{"@id":"https:\/\/jornalfatosenoticias.com.br\/index.php\/2024\/12\/11\/em-balanco-milei-promete-reformas-mais-profundas-e-anuncia-tratado-de-livre-comercio-com-os-eua\/"},"author":{"name":"Luzimara Fernandes","@id":"https:\/\/jornalfatosenoticias.com.br\/#\/schema\/person\/d63837fa13ac8666eb9e74e0985d6f81"},"headline":"Em balan\u00e7o, Milei promete reformas mais profundas e anuncia tratado de livre com\u00e9rcio com os EUA","datePublished":"2024-12-11T15:17:48+00:00","dateModified":"2024-12-11T15:17:50+00:00","mainEntityOfPage":{"@id":"https:\/\/jornalfatosenoticias.com.br\/index.php\/2024\/12\/11\/em-balanco-milei-promete-reformas-mais-profundas-e-anuncia-tratado-de-livre-comercio-com-os-eua\/"},"wordCount":1236,"commentCount":0,"publisher":{"@id":"https:\/\/jornalfatosenoticias.com.br\/#organization"},"image":{"@id":"https:\/\/jornalfatosenoticias.com.br\/index.php\/2024\/12\/11\/em-balanco-milei-promete-reformas-mais-profundas-e-anuncia-tratado-de-livre-comercio-com-os-eua\/#primaryimage"},"thumbnailUrl":"https:\/\/jornalfatosenoticias.com.br\/wp-content\/uploads\/2024\/12\/Javier-Milei-e-seus-ministros-durante-discurso-em-rede-nacional.jpg","keywords":["Argentina","economia argentina","Javier Milei"],"articleSection":["Internacional"],"inLanguage":"pt-BR","potentialAction":[{"@type":"CommentAction","name":"Comment","target":["https:\/\/jornalfatosenoticias.com.br\/index.php\/2024\/12\/11\/em-balanco-milei-promete-reformas-mais-profundas-e-anuncia-tratado-de-livre-comercio-com-os-eua\/#respond"]}]},{"@type":"WebPage","@id":"https:\/\/jornalfatosenoticias.com.br\/index.php\/2024\/12\/11\/em-balanco-milei-promete-reformas-mais-profundas-e-anuncia-tratado-de-livre-comercio-com-os-eua\/","url":"https:\/\/jornalfatosenoticias.com.br\/index.php\/2024\/12\/11\/em-balanco-milei-promete-reformas-mais-profundas-e-anuncia-tratado-de-livre-comercio-com-os-eua\/","name":"Em balan\u00e7o, Milei promete reformas mais profundas e anuncia tratado de livre com\u00e9rcio com os EUA - Jornal Fatos e Not\u00edcias","isPartOf":{"@id":"https:\/\/jornalfatosenoticias.com.br\/#website"},"primaryImageOfPage":{"@id":"https:\/\/jornalfatosenoticias.com.br\/index.php\/2024\/12\/11\/em-balanco-milei-promete-reformas-mais-profundas-e-anuncia-tratado-de-livre-comercio-com-os-eua\/#primaryimage"},"image":{"@id":"https:\/\/jornalfatosenoticias.com.br\/index.php\/2024\/12\/11\/em-balanco-milei-promete-reformas-mais-profundas-e-anuncia-tratado-de-livre-comercio-com-os-eua\/#primaryimage"},"thumbnailUrl":"https:\/\/jornalfatosenoticias.com.br\/wp-content\/uploads\/2024\/12\/Javier-Milei-e-seus-ministros-durante-discurso-em-rede-nacional.jpg","datePublished":"2024-12-11T15:17:48+00:00","dateModified":"2024-12-11T15:17:50+00:00","breadcrumb":{"@id":"https:\/\/jornalfatosenoticias.com.br\/index.php\/2024\/12\/11\/em-balanco-milei-promete-reformas-mais-profundas-e-anuncia-tratado-de-livre-comercio-com-os-eua\/#breadcrumb"},"inLanguage":"pt-BR","potentialAction":[{"@type":"ReadAction","target":["https:\/\/jornalfatosenoticias.com.br\/index.php\/2024\/12\/11\/em-balanco-milei-promete-reformas-mais-profundas-e-anuncia-tratado-de-livre-comercio-com-os-eua\/"]}]},{"@type":"ImageObject","inLanguage":"pt-BR","@id":"https:\/\/jornalfatosenoticias.com.br\/index.php\/2024\/12\/11\/em-balanco-milei-promete-reformas-mais-profundas-e-anuncia-tratado-de-livre-comercio-com-os-eua\/#primaryimage","url":"https:\/\/jornalfatosenoticias.com.br\/wp-content\/uploads\/2024\/12\/Javier-Milei-e-seus-ministros-durante-discurso-em-rede-nacional.jpg","contentUrl":"https:\/\/jornalfatosenoticias.com.br\/wp-content\/uploads\/2024\/12\/Javier-Milei-e-seus-ministros-durante-discurso-em-rede-nacional.jpg","width":1000,"height":667},{"@type":"BreadcrumbList","@id":"https:\/\/jornalfatosenoticias.com.br\/index.php\/2024\/12\/11\/em-balanco-milei-promete-reformas-mais-profundas-e-anuncia-tratado-de-livre-comercio-com-os-eua\/#breadcrumb","itemListElement":[{"@type":"ListItem","position":1,"name":"In\u00edcio","item":"https:\/\/jornalfatosenoticias.com.br\/"},{"@type":"ListItem","position":2,"name":"Em balan\u00e7o, Milei promete reformas mais profundas e anuncia tratado de livre com\u00e9rcio com os EUA"}]},{"@type":"WebSite","@id":"https:\/\/jornalfatosenoticias.com.br\/#website","url":"https:\/\/jornalfatosenoticias.com.br\/","name":"Jornal Fatos e Not\u00edcias","description":"Not\u00edcias em geral","publisher":{"@id":"https:\/\/jornalfatosenoticias.com.br\/#organization"},"potentialAction":[{"@type":"SearchAction","target":{"@type":"EntryPoint","urlTemplate":"https:\/\/jornalfatosenoticias.com.br\/?s={search_term_string}"},"query-input":{"@type":"PropertyValueSpecification","valueRequired":true,"valueName":"search_term_string"}}],"inLanguage":"pt-BR"},{"@type":"Organization","@id":"https:\/\/jornalfatosenoticias.com.br\/#organization","name":"Jornal Fatos e Not\u00edcias","url":"https:\/\/jornalfatosenoticias.com.br\/","logo":{"@type":"ImageObject","inLanguage":"pt-BR","@id":"https:\/\/jornalfatosenoticias.com.br\/#\/schema\/logo\/image\/","url":"https:\/\/jornalfatosenoticias.com.br\/wp-content\/uploads\/2020\/02\/logo120.png","contentUrl":"https:\/\/jornalfatosenoticias.com.br\/wp-content\/uploads\/2020\/02\/logo120.png","width":1227,"height":120,"caption":"Jornal Fatos e Not\u00edcias"},"image":{"@id":"https:\/\/jornalfatosenoticias.com.br\/#\/schema\/logo\/image\/"}},{"@type":"Person","@id":"https:\/\/jornalfatosenoticias.com.br\/#\/schema\/person\/d63837fa13ac8666eb9e74e0985d6f81","name":"Luzimara Fernandes","image":{"@type":"ImageObject","inLanguage":"pt-BR","@id":"https:\/\/jornalfatosenoticias.com.br\/#\/schema\/person\/image\/","url":"https:\/\/jornalfatosenoticias.com.br\/wp-content\/uploads\/2025\/05\/EU_portal.jpg","contentUrl":"https:\/\/jornalfatosenoticias.com.br\/wp-content\/uploads\/2025\/05\/EU_portal.jpg","caption":"Luzimara Fernandes"},"description":"Jornalista MTB 2358-ES","sameAs":["https:\/\/jornalfatosenoticias.com.br"],"url":"https:\/\/jornalfatosenoticias.com.br\/index.php\/author\/luzimara\/"}]}},"cc_featured_image_caption":{"caption_text":"(Foto: Reprodu\u00e7\u00e3o\/Gazeta do Povo)","source_text":"","source_url":""},"jetpack_featured_media_url":"https:\/\/jornalfatosenoticias.com.br\/wp-content\/uploads\/2024\/12\/Javier-Milei-e-seus-ministros-durante-discurso-em-rede-nacional.jpg","_links":{"self":[{"href":"https:\/\/jornalfatosenoticias.com.br\/index.php\/wp-json\/wp\/v2\/posts\/56300","targetHints":{"allow":["GET"]}}],"collection":[{"href":"https:\/\/jornalfatosenoticias.com.br\/index.php\/wp-json\/wp\/v2\/posts"}],"about":[{"href":"https:\/\/jornalfatosenoticias.com.br\/index.php\/wp-json\/wp\/v2\/types\/post"}],"author":[{"embeddable":true,"href":"https:\/\/jornalfatosenoticias.com.br\/index.php\/wp-json\/wp\/v2\/users\/2"}],"replies":[{"embeddable":true,"href":"https:\/\/jornalfatosenoticias.com.br\/index.php\/wp-json\/wp\/v2\/comments?post=56300"}],"version-history":[{"count":0,"href":"https:\/\/jornalfatosenoticias.com.br\/index.php\/wp-json\/wp\/v2\/posts\/56300\/revisions"}],"wp:featuredmedia":[{"embeddable":true,"href":"https:\/\/jornalfatosenoticias.com.br\/index.php\/wp-json\/wp\/v2\/media\/56301"}],"wp:attachment":[{"href":"https:\/\/jornalfatosenoticias.com.br\/index.php\/wp-json\/wp\/v2\/media?parent=56300"}],"wp:term":[{"taxonomy":"category","embeddable":true,"href":"https:\/\/jornalfatosenoticias.com.br\/index.php\/wp-json\/wp\/v2\/categories?post=56300"},{"taxonomy":"post_tag","embeddable":true,"href":"https:\/\/jornalfatosenoticias.com.br\/index.php\/wp-json\/wp\/v2\/tags?post=56300"}],"curies":[{"name":"wp","href":"https:\/\/api.w.org\/{rel}","templated":true}]}}