{"id":56339,"date":"2024-12-12T13:38:13","date_gmt":"2024-12-12T16:38:13","guid":{"rendered":"https:\/\/jornalfatosenoticias.com.br\/?p=56339"},"modified":"2024-12-12T13:38:14","modified_gmt":"2024-12-12T16:38:14","slug":"voto-impresso-ccj-da-camara-aprova-projeto-que-autoriza-recontagem-fisica-de-cedulas","status":"publish","type":"post","link":"https:\/\/jornalfatosenoticias.com.br\/index.php\/2024\/12\/12\/voto-impresso-ccj-da-camara-aprova-projeto-que-autoriza-recontagem-fisica-de-cedulas\/","title":{"rendered":"Voto impresso: CCJ da C\u00e2mara aprova projeto que autoriza recontagem f\u00edsica de c\u00e9dulas"},"content":{"rendered":"\n<p><em><span class=\"has-inline-color has-black-color\">Proposta do deputado Carlos Henrique Gaguim (UNI\u00c3O &#8211; TO) menciona \u201cfalta de transpar\u00eancia\u201d no atual processo eleitoral e prop\u00f5e contagem manual de 5% das urnas<\/span><\/em><\/p>\n\n\n\n<div class=\"wp-block-image\"><figure class=\"aligncenter size-large\"><a href=\"https:\/\/mizu.com.br\/\"><img loading=\"lazy\" decoding=\"async\" width=\"729\" height=\"90\" src=\"https:\/\/jornalfatosenoticias.com.br\/wp-content\/uploads\/2020\/02\/Logo_Mizu.png\" alt=\"\" class=\"wp-image-1441\" srcset=\"https:\/\/jornalfatosenoticias.com.br\/wp-content\/uploads\/2020\/02\/Logo_Mizu.png 729w, https:\/\/jornalfatosenoticias.com.br\/wp-content\/uploads\/2020\/02\/Logo_Mizu-300x37.png 300w\" sizes=\"auto, (max-width: 729px) 100vw, 729px\" \/><\/a><\/figure><\/div>\n\n\n\n<p>A Comiss\u00e3o de Constitui\u00e7\u00e3o e Justi\u00e7a (CCJ) da C\u00e2mara dos Deputados aprovou, na quarta-feira (11), o Projeto de Lei (PL) n.\u00ba 1.169\/2015, que estabelece a recontagem <a href=\"https:\/\/www.epochtimes.com.br\/focus\/fisica\" target=\"_blank\" rel=\"noreferrer noopener\">f\u00edsica<\/a> dos votos nas <a href=\"https:\/\/www.epochtimes.com.br\/focus\/eleicoes\" target=\"_blank\" rel=\"noreferrer noopener\">elei\u00e7\u00f5es<\/a>, marcando o retorno do <a href=\"https:\/\/www.epochtimes.com.br\/focus\/voto-impresso\" target=\"_blank\" rel=\"noreferrer noopener\">voto impresso<\/a> no <a href=\"https:\/\/www.epochtimes.com.br\/focus\/brasil\" target=\"_blank\" rel=\"noreferrer noopener\">Brasil<\/a>. Confira a\u00a0<a href=\"https:\/\/drive.google.com\/open?id=1p1709rQG1LiMbotjcFuzzAmEXzRXUt3W\" target=\"_blank\" rel=\"noreferrer noopener\">\u00edntegra<\/a> do PL.<br>A proposta foi aprovada por 31 votos a 20 e agora seguir\u00e1 para o plen\u00e1rio da C\u00e2mara, onde ser\u00e1 submetida \u00e0 vota\u00e7\u00e3o antes de ser enviada ao Senado. Se aprovada em ambas as casas, o <a href=\"https:\/\/www.epochtimes.com.br\/focus\/projeto\" target=\"_blank\" rel=\"noreferrer noopener\">projeto<\/a> poder\u00e1 ser sancionado pelo presidente da Rep\u00fablica. Criado pelo deputado <a href=\"https:\/\/www.epochtimes.com.br\/focus\/carlos-henrique-gaguim\" target=\"_blank\" rel=\"noreferrer noopener\">Carlos Henrique Gaguim<\/a> (Uni\u00e3o-TO), o projeto prev\u00ea a implementa\u00e7\u00e3o de uma <a href=\"https:\/\/www.epochtimes.com.br\/focus\/contagem-manual\" target=\"_blank\" rel=\"noreferrer noopener\">contagem manual<\/a> de votos em uma amostra de 5% das urnas, cuja sele\u00e7\u00e3o ser\u00e1 feita de forma aleat\u00f3ria.<\/p>\n\n\n\n<div class=\"wp-block-image\"><figure class=\"aligncenter size-large\"><a href=\"https:\/\/cesconetto.com.br\/\"><img loading=\"lazy\" decoding=\"async\" width=\"300\" height=\"250\" src=\"https:\/\/jornalfatosenoticias.com.br\/wp-content\/uploads\/2022\/02\/Banner-2.png\" alt=\"\" class=\"wp-image-27877\"\/><\/a><\/figure><\/div>\n\n\n\n<p>Cada voto ser\u00e1 lido em voz alta e comparado com os dados eletr\u00f4nicos. O procedimento inclui a exibi\u00e7\u00e3o do interior das urnas aos fiscais, a contagem manual e o registro das ocorr\u00eancias no boletim de urna. Segundo o projeto, o sistema eletr\u00f4nico atual carrega a impossibilidade de uma recontagem f\u00edsica das <a href=\"https:\/\/www.epochtimes.com.br\/focus\/cedulas\" target=\"_blank\" rel=\"noreferrer noopener\">c\u00e9dulas<\/a>. O objetivo \u00e9 melhorar a transpar\u00eancia e a confiabilidade do processo eleitoral, permitindo uma auditoria f\u00edsica dos votos, sem prejudicar a celeridade da apura\u00e7\u00e3o.<\/p>\n\n\n\n<div class=\"wp-block-image\"><figure class=\"aligncenter size-large is-resized\"><a href=\"https:\/\/www.instagram.com\/serra4x4cambioautomatico\/\"><img loading=\"lazy\" decoding=\"async\" src=\"https:\/\/jornalfatosenoticias.com.br\/wp-content\/uploads\/2024\/08\/Serra-4x4-1-886x1024.jpg\" alt=\"\" class=\"wp-image-53632\" width=\"295\" height=\"341\" srcset=\"https:\/\/jornalfatosenoticias.com.br\/wp-content\/uploads\/2024\/08\/Serra-4x4-1-886x1024.jpg 886w, https:\/\/jornalfatosenoticias.com.br\/wp-content\/uploads\/2024\/08\/Serra-4x4-1-260x300.jpg 260w, https:\/\/jornalfatosenoticias.com.br\/wp-content\/uploads\/2024\/08\/Serra-4x4-1-768x888.jpg 768w, https:\/\/jornalfatosenoticias.com.br\/wp-content\/uploads\/2024\/08\/Serra-4x4-1.jpg 1181w\" sizes=\"auto, (max-width: 295px) 100vw, 295px\" \/><\/a><\/figure><\/div>\n\n\n\n<blockquote class=\"wp-block-quote is-layout-flow wp-block-quote-is-layout-flow\"><p><span class=\"has-inline-color has-luminous-vivid-orange-color\">Devido \u00e0 forma como esse sistema \u00e9 concebido, n\u00e3o \u00e9 poss\u00edvel que se realize a recontagem f\u00edsica dos votos, o que reduz o n\u00edvel de transpar\u00eancia do <a href=\"https:\/\/www.epochtimes.com.br\/focus\/sistema-eleitoral\" target=\"_blank\" rel=\"noreferrer noopener\">sistema eleitoral<\/a> p\u00e1trio. Tamanha \u00e9 a falta de transpar\u00eancia, que esse sistema foi testado e deixou de ser utilizado em pa\u00edses como a Holanda (2008), a Alemanha (2009), a Irlanda e a Inglaterra\u201d, sustenta o texto do PL.<\/span><\/p><\/blockquote>\n\n\n\n<div class=\"wp-block-image\"><figure class=\"aligncenter size-large is-resized\"><a href=\"https:\/\/www.facebook.com\/profile.php?id=100069289606145\"><img loading=\"lazy\" decoding=\"async\" src=\"https:\/\/jornalfatosenoticias.com.br\/wp-content\/uploads\/2024\/11\/Guaitolini-Contabilidade-1024x714.jpeg\" alt=\"\" class=\"wp-image-55808\" width=\"344\" height=\"240\" srcset=\"https:\/\/jornalfatosenoticias.com.br\/wp-content\/uploads\/2024\/11\/Guaitolini-Contabilidade-1024x714.jpeg 1024w, https:\/\/jornalfatosenoticias.com.br\/wp-content\/uploads\/2024\/11\/Guaitolini-Contabilidade-300x209.jpeg 300w, https:\/\/jornalfatosenoticias.com.br\/wp-content\/uploads\/2024\/11\/Guaitolini-Contabilidade-768x535.jpeg 768w, https:\/\/jornalfatosenoticias.com.br\/wp-content\/uploads\/2024\/11\/Guaitolini-Contabilidade.jpeg 1280w\" sizes=\"auto, (max-width: 344px) 100vw, 344px\" \/><\/a><\/figure><\/div>\n\n\n\n<p>O projeto tamb\u00e9m estabelece a realiza\u00e7\u00e3o da contagem manual dos votos imediatamente ap\u00f3s o encerramento da vota\u00e7\u00e3o, com a presen\u00e7a de fiscais. \u201cQuanto \u00e0 possibilidade de pedido de <a href=\"https:\/\/www.epochtimes.com.br\/focus\/recontagem-de-votos\" target=\"_blank\" rel=\"noreferrer noopener\">recontagem de votos<\/a>, estipulou-se o prazo de at\u00e9 48 (quarenta e oito) horas, ap\u00f3s a divulga\u00e7\u00e3o oficial do resultado final das elei\u00e7\u00f5es, para que qualquer \u00f3rg\u00e3o nacional de partido pol\u00edtico realize essa solicita\u00e7\u00e3o\u201d, complementa o texto.<\/p>\n\n\n\n<div class=\"wp-block-image\"><figure class=\"aligncenter size-large is-resized\"><a href=\"https:\/\/www.controlsystems.com.br\/\"><img loading=\"lazy\" decoding=\"async\" src=\"https:\/\/jornalfatosenoticias.com.br\/wp-content\/uploads\/2020\/02\/CONTROL-CS.jpg\" alt=\"\" class=\"wp-image-44991\" width=\"300\" height=\"360\" srcset=\"https:\/\/jornalfatosenoticias.com.br\/wp-content\/uploads\/2020\/02\/CONTROL-CS.jpg 834w, https:\/\/jornalfatosenoticias.com.br\/wp-content\/uploads\/2020\/02\/CONTROL-CS-250x300.jpg 250w, https:\/\/jornalfatosenoticias.com.br\/wp-content\/uploads\/2020\/02\/CONTROL-CS-768x921.jpg 768w\" sizes=\"auto, (max-width: 300px) 100vw, 300px\" \/><\/a><\/figure><\/div>\n\n\n\n<p>A <a href=\"https:\/\/www.epochtimes.com.br\/focus\/aprova\" target=\"_blank\" rel=\"noreferrer noopener\">aprova\u00e7\u00e3o<\/a> gerou rea\u00e7\u00f5es divergentes entre os deputados. Os partidos PL e Republicanos se posicionaram a favor da proposta, enquanto o PSD e a Federa\u00e7\u00e3o PT-PCdoB-PV orientaram contra. A maior parte da comiss\u00e3o \u00e9 composta por aliados do ex-presidente Jair Bolsonaro (PL), defensor do voto impresso durante seu governo, o que contribuiu para a aprova\u00e7\u00e3o da medida.<\/p>\n\n\n\n<div class=\"wp-block-image\"><figure class=\"aligncenter size-large\"><a href=\"https:\/\/www.facebook.com\/vetor.vix\/\"><img loading=\"lazy\" decoding=\"async\" width=\"1024\" height=\"273\" src=\"https:\/\/jornalfatosenoticias.com.br\/wp-content\/uploads\/2023\/09\/vetorvix1024_1.jpg\" alt=\"\" class=\"wp-image-44868\" srcset=\"https:\/\/jornalfatosenoticias.com.br\/wp-content\/uploads\/2023\/09\/vetorvix1024_1.jpg 1024w, https:\/\/jornalfatosenoticias.com.br\/wp-content\/uploads\/2023\/09\/vetorvix1024_1-300x80.jpg 300w, https:\/\/jornalfatosenoticias.com.br\/wp-content\/uploads\/2023\/09\/vetorvix1024_1-768x205.jpg 768w\" sizes=\"auto, (max-width: 1024px) 100vw, 1024px\" \/><\/a><\/figure><\/div>\n\n\n\n<p><strong><em>Fonte: <a href=\"https:\/\/www.epochtimes.com.br\/brasil\/voto-impresso-ccj-da-camara-aprova-projeto-que-autoriza-recontagem-fisica-de-cedulas-209045.html\">Epoch Times Brasil<\/a><\/em><\/strong><\/p>\n","protected":false},"excerpt":{"rendered":"<p>Proposta do deputado Carlos Henrique Gaguim (UNI\u00c3O &#8211; TO) menciona \u201cfalta de transpar\u00eancia\u201d no atual processo eleitoral e prop\u00f5e contagem manual de 5% das urnas A Comiss\u00e3o de Constitui\u00e7\u00e3o e Justi\u00e7a (CCJ) da C\u00e2mara dos Deputados aprovou, na quarta-feira (11), o Projeto de Lei (PL) n.\u00ba 1.169\/2015, que estabelece a recontagem f\u00edsica dos votos nas [&hellip;]<\/p>\n","protected":false},"author":3,"featured_media":56340,"comment_status":"open","ping_status":"open","sticky":false,"template":"","format":"standard","meta":{"footnotes":""},"categories":[10],"tags":[18474,25704,25705,1039,25706,25707,10544],"class_list":["post-56339","post","type-post","status-publish","format-standard","has-post-thumbnail","hentry","category-politica","tag-ccj-da-camara","tag-cedulas","tag-contagem-manual-de-votos","tag-eleicoes","tag-recontagem-de-votos","tag-sistema-eleitoral","tag-voto-impresso"],"yoast_head":"<!-- This site is optimized with the Yoast SEO plugin v26.5 - https:\/\/yoast.com\/wordpress\/plugins\/seo\/ -->\n<title>Voto impresso: CCJ da C\u00e2mara aprova projeto que autoriza recontagem f\u00edsica de c\u00e9dulas - Jornal Fatos e Not\u00edcias<\/title>\n<meta name=\"robots\" content=\"index, follow, max-snippet:-1, max-image-preview:large, max-video-preview:-1\" \/>\n<link rel=\"canonical\" href=\"https:\/\/jornalfatosenoticias.com.br\/index.php\/2024\/12\/12\/voto-impresso-ccj-da-camara-aprova-projeto-que-autoriza-recontagem-fisica-de-cedulas\/\" \/>\n<meta property=\"og:locale\" content=\"pt_BR\" \/>\n<meta property=\"og:type\" content=\"article\" \/>\n<meta property=\"og:title\" content=\"Voto impresso: CCJ da C\u00e2mara aprova projeto que autoriza recontagem f\u00edsica de c\u00e9dulas - Jornal Fatos e Not\u00edcias\" \/>\n<meta property=\"og:description\" content=\"Proposta do deputado Carlos Henrique Gaguim (UNI\u00c3O &#8211; TO) menciona \u201cfalta de transpar\u00eancia\u201d no atual processo eleitoral e prop\u00f5e contagem manual de 5% das urnas A Comiss\u00e3o de Constitui\u00e7\u00e3o e Justi\u00e7a (CCJ) da C\u00e2mara dos Deputados aprovou, na quarta-feira (11), o Projeto de Lei (PL) n.\u00ba 1.169\/2015, que estabelece a recontagem f\u00edsica dos votos nas [&hellip;]\" \/>\n<meta property=\"og:url\" content=\"https:\/\/jornalfatosenoticias.com.br\/index.php\/2024\/12\/12\/voto-impresso-ccj-da-camara-aprova-projeto-que-autoriza-recontagem-fisica-de-cedulas\/\" \/>\n<meta property=\"og:site_name\" content=\"Jornal Fatos e Not\u00edcias\" \/>\n<meta property=\"article:published_time\" content=\"2024-12-12T16:38:13+00:00\" \/>\n<meta property=\"article:modified_time\" content=\"2024-12-12T16:38:14+00:00\" \/>\n<meta property=\"og:image\" content=\"https:\/\/jornalfatosenoticias.com.br\/wp-content\/uploads\/2024\/12\/ccj-voto-impresso.jpg\" \/>\n\t<meta property=\"og:image:width\" content=\"795\" \/>\n\t<meta property=\"og:image:height\" content=\"447\" \/>\n\t<meta property=\"og:image:type\" content=\"image\/jpeg\" \/>\n<meta name=\"author\" content=\"Haroldo Filho\" \/>\n<meta name=\"twitter:card\" content=\"summary_large_image\" \/>\n<meta name=\"twitter:label1\" content=\"Escrito por\" \/>\n\t<meta name=\"twitter:data1\" content=\"Haroldo Filho\" \/>\n\t<meta name=\"twitter:label2\" content=\"Est. tempo de leitura\" \/>\n\t<meta name=\"twitter:data2\" content=\"2 minutos\" \/>\n<script type=\"application\/ld+json\" class=\"yoast-schema-graph\">{\"@context\":\"https:\/\/schema.org\",\"@graph\":[{\"@type\":\"Article\",\"@id\":\"https:\/\/jornalfatosenoticias.com.br\/index.php\/2024\/12\/12\/voto-impresso-ccj-da-camara-aprova-projeto-que-autoriza-recontagem-fisica-de-cedulas\/#article\",\"isPartOf\":{\"@id\":\"https:\/\/jornalfatosenoticias.com.br\/index.php\/2024\/12\/12\/voto-impresso-ccj-da-camara-aprova-projeto-que-autoriza-recontagem-fisica-de-cedulas\/\"},\"author\":{\"name\":\"Haroldo Filho\",\"@id\":\"https:\/\/jornalfatosenoticias.com.br\/#\/schema\/person\/05c46cc25b42a5c27e004fb0fa6b4965\"},\"headline\":\"Voto impresso: CCJ da C\u00e2mara aprova projeto que autoriza recontagem f\u00edsica de c\u00e9dulas\",\"datePublished\":\"2024-12-12T16:38:13+00:00\",\"dateModified\":\"2024-12-12T16:38:14+00:00\",\"mainEntityOfPage\":{\"@id\":\"https:\/\/jornalfatosenoticias.com.br\/index.php\/2024\/12\/12\/voto-impresso-ccj-da-camara-aprova-projeto-que-autoriza-recontagem-fisica-de-cedulas\/\"},\"wordCount\":459,\"commentCount\":0,\"publisher\":{\"@id\":\"https:\/\/jornalfatosenoticias.com.br\/#organization\"},\"image\":{\"@id\":\"https:\/\/jornalfatosenoticias.com.br\/index.php\/2024\/12\/12\/voto-impresso-ccj-da-camara-aprova-projeto-que-autoriza-recontagem-fisica-de-cedulas\/#primaryimage\"},\"thumbnailUrl\":\"https:\/\/jornalfatosenoticias.com.br\/wp-content\/uploads\/2024\/12\/ccj-voto-impresso.jpg\",\"keywords\":[\"CCJ da C\u00e2mara\",\"c\u00e9dulas\",\"contagem manual de votos\",\"elei\u00e7\u00f5es\",\"recontagem de votos\",\"sistema eleitoral\",\"voto impresso\"],\"articleSection\":[\"Pol\u00edtica\"],\"inLanguage\":\"pt-BR\",\"potentialAction\":[{\"@type\":\"CommentAction\",\"name\":\"Comment\",\"target\":[\"https:\/\/jornalfatosenoticias.com.br\/index.php\/2024\/12\/12\/voto-impresso-ccj-da-camara-aprova-projeto-que-autoriza-recontagem-fisica-de-cedulas\/#respond\"]}]},{\"@type\":\"WebPage\",\"@id\":\"https:\/\/jornalfatosenoticias.com.br\/index.php\/2024\/12\/12\/voto-impresso-ccj-da-camara-aprova-projeto-que-autoriza-recontagem-fisica-de-cedulas\/\",\"url\":\"https:\/\/jornalfatosenoticias.com.br\/index.php\/2024\/12\/12\/voto-impresso-ccj-da-camara-aprova-projeto-que-autoriza-recontagem-fisica-de-cedulas\/\",\"name\":\"Voto impresso: CCJ da C\u00e2mara aprova projeto que autoriza recontagem f\u00edsica de c\u00e9dulas - Jornal Fatos e Not\u00edcias\",\"isPartOf\":{\"@id\":\"https:\/\/jornalfatosenoticias.com.br\/#website\"},\"primaryImageOfPage\":{\"@id\":\"https:\/\/jornalfatosenoticias.com.br\/index.php\/2024\/12\/12\/voto-impresso-ccj-da-camara-aprova-projeto-que-autoriza-recontagem-fisica-de-cedulas\/#primaryimage\"},\"image\":{\"@id\":\"https:\/\/jornalfatosenoticias.com.br\/index.php\/2024\/12\/12\/voto-impresso-ccj-da-camara-aprova-projeto-que-autoriza-recontagem-fisica-de-cedulas\/#primaryimage\"},\"thumbnailUrl\":\"https:\/\/jornalfatosenoticias.com.br\/wp-content\/uploads\/2024\/12\/ccj-voto-impresso.jpg\",\"datePublished\":\"2024-12-12T16:38:13+00:00\",\"dateModified\":\"2024-12-12T16:38:14+00:00\",\"breadcrumb\":{\"@id\":\"https:\/\/jornalfatosenoticias.com.br\/index.php\/2024\/12\/12\/voto-impresso-ccj-da-camara-aprova-projeto-que-autoriza-recontagem-fisica-de-cedulas\/#breadcrumb\"},\"inLanguage\":\"pt-BR\",\"potentialAction\":[{\"@type\":\"ReadAction\",\"target\":[\"https:\/\/jornalfatosenoticias.com.br\/index.php\/2024\/12\/12\/voto-impresso-ccj-da-camara-aprova-projeto-que-autoriza-recontagem-fisica-de-cedulas\/\"]}]},{\"@type\":\"ImageObject\",\"inLanguage\":\"pt-BR\",\"@id\":\"https:\/\/jornalfatosenoticias.com.br\/index.php\/2024\/12\/12\/voto-impresso-ccj-da-camara-aprova-projeto-que-autoriza-recontagem-fisica-de-cedulas\/#primaryimage\",\"url\":\"https:\/\/jornalfatosenoticias.com.br\/wp-content\/uploads\/2024\/12\/ccj-voto-impresso.jpg\",\"contentUrl\":\"https:\/\/jornalfatosenoticias.com.br\/wp-content\/uploads\/2024\/12\/ccj-voto-impresso.jpg\",\"width\":795,\"height\":447},{\"@type\":\"BreadcrumbList\",\"@id\":\"https:\/\/jornalfatosenoticias.com.br\/index.php\/2024\/12\/12\/voto-impresso-ccj-da-camara-aprova-projeto-que-autoriza-recontagem-fisica-de-cedulas\/#breadcrumb\",\"itemListElement\":[{\"@type\":\"ListItem\",\"position\":1,\"name\":\"In\u00edcio\",\"item\":\"https:\/\/jornalfatosenoticias.com.br\/\"},{\"@type\":\"ListItem\",\"position\":2,\"name\":\"Voto impresso: CCJ da C\u00e2mara aprova projeto que autoriza recontagem f\u00edsica de c\u00e9dulas\"}]},{\"@type\":\"WebSite\",\"@id\":\"https:\/\/jornalfatosenoticias.com.br\/#website\",\"url\":\"https:\/\/jornalfatosenoticias.com.br\/\",\"name\":\"Jornal Fatos e Not\u00edcias\",\"description\":\"Not\u00edcias em geral\",\"publisher\":{\"@id\":\"https:\/\/jornalfatosenoticias.com.br\/#organization\"},\"potentialAction\":[{\"@type\":\"SearchAction\",\"target\":{\"@type\":\"EntryPoint\",\"urlTemplate\":\"https:\/\/jornalfatosenoticias.com.br\/?s={search_term_string}\"},\"query-input\":{\"@type\":\"PropertyValueSpecification\",\"valueRequired\":true,\"valueName\":\"search_term_string\"}}],\"inLanguage\":\"pt-BR\"},{\"@type\":\"Organization\",\"@id\":\"https:\/\/jornalfatosenoticias.com.br\/#organization\",\"name\":\"Jornal Fatos e Not\u00edcias\",\"url\":\"https:\/\/jornalfatosenoticias.com.br\/\",\"logo\":{\"@type\":\"ImageObject\",\"inLanguage\":\"pt-BR\",\"@id\":\"https:\/\/jornalfatosenoticias.com.br\/#\/schema\/logo\/image\/\",\"url\":\"https:\/\/jornalfatosenoticias.com.br\/wp-content\/uploads\/2020\/02\/logo120.png\",\"contentUrl\":\"https:\/\/jornalfatosenoticias.com.br\/wp-content\/uploads\/2020\/02\/logo120.png\",\"width\":1227,\"height\":120,\"caption\":\"Jornal Fatos e Not\u00edcias\"},\"image\":{\"@id\":\"https:\/\/jornalfatosenoticias.com.br\/#\/schema\/logo\/image\/\"}},{\"@type\":\"Person\",\"@id\":\"https:\/\/jornalfatosenoticias.com.br\/#\/schema\/person\/05c46cc25b42a5c27e004fb0fa6b4965\",\"name\":\"Haroldo Filho\",\"image\":{\"@type\":\"ImageObject\",\"inLanguage\":\"pt-BR\",\"@id\":\"https:\/\/jornalfatosenoticias.com.br\/#\/schema\/person\/image\/\",\"url\":\"https:\/\/jornalfatosenoticias.com.br\/wp-content\/uploads\/2025\/08\/WhatsApp-Image-2025-08-18-at-15.30.28-150x150.jpeg\",\"contentUrl\":\"https:\/\/jornalfatosenoticias.com.br\/wp-content\/uploads\/2025\/08\/WhatsApp-Image-2025-08-18-at-15.30.28-150x150.jpeg\",\"caption\":\"Haroldo Filho\"},\"description\":\"Jornalista \u2013 DRT: 0003818\/ES Coordenador-geral da ONG Educar para Crescer\",\"url\":\"https:\/\/jornalfatosenoticias.com.br\/index.php\/author\/haroldo\/\"}]}<\/script>\n<!-- \/ Yoast SEO plugin. -->","yoast_head_json":{"title":"Voto impresso: CCJ da C\u00e2mara aprova projeto que autoriza recontagem f\u00edsica de c\u00e9dulas - Jornal Fatos e Not\u00edcias","robots":{"index":"index","follow":"follow","max-snippet":"max-snippet:-1","max-image-preview":"max-image-preview:large","max-video-preview":"max-video-preview:-1"},"canonical":"https:\/\/jornalfatosenoticias.com.br\/index.php\/2024\/12\/12\/voto-impresso-ccj-da-camara-aprova-projeto-que-autoriza-recontagem-fisica-de-cedulas\/","og_locale":"pt_BR","og_type":"article","og_title":"Voto impresso: CCJ da C\u00e2mara aprova projeto que autoriza recontagem f\u00edsica de c\u00e9dulas - Jornal Fatos e Not\u00edcias","og_description":"Proposta do deputado Carlos Henrique Gaguim (UNI\u00c3O &#8211; TO) menciona \u201cfalta de transpar\u00eancia\u201d no atual processo eleitoral e prop\u00f5e contagem manual de 5% das urnas A Comiss\u00e3o de Constitui\u00e7\u00e3o e Justi\u00e7a (CCJ) da C\u00e2mara dos Deputados aprovou, na quarta-feira (11), o Projeto de Lei (PL) n.\u00ba 1.169\/2015, que estabelece a recontagem f\u00edsica dos votos nas [&hellip;]","og_url":"https:\/\/jornalfatosenoticias.com.br\/index.php\/2024\/12\/12\/voto-impresso-ccj-da-camara-aprova-projeto-que-autoriza-recontagem-fisica-de-cedulas\/","og_site_name":"Jornal Fatos e Not\u00edcias","article_published_time":"2024-12-12T16:38:13+00:00","article_modified_time":"2024-12-12T16:38:14+00:00","og_image":[{"width":795,"height":447,"url":"https:\/\/jornalfatosenoticias.com.br\/wp-content\/uploads\/2024\/12\/ccj-voto-impresso.jpg","type":"image\/jpeg"}],"author":"Haroldo Filho","twitter_card":"summary_large_image","twitter_misc":{"Escrito por":"Haroldo Filho","Est. tempo de leitura":"2 minutos"},"schema":{"@context":"https:\/\/schema.org","@graph":[{"@type":"Article","@id":"https:\/\/jornalfatosenoticias.com.br\/index.php\/2024\/12\/12\/voto-impresso-ccj-da-camara-aprova-projeto-que-autoriza-recontagem-fisica-de-cedulas\/#article","isPartOf":{"@id":"https:\/\/jornalfatosenoticias.com.br\/index.php\/2024\/12\/12\/voto-impresso-ccj-da-camara-aprova-projeto-que-autoriza-recontagem-fisica-de-cedulas\/"},"author":{"name":"Haroldo Filho","@id":"https:\/\/jornalfatosenoticias.com.br\/#\/schema\/person\/05c46cc25b42a5c27e004fb0fa6b4965"},"headline":"Voto impresso: CCJ da C\u00e2mara aprova projeto que autoriza recontagem f\u00edsica de c\u00e9dulas","datePublished":"2024-12-12T16:38:13+00:00","dateModified":"2024-12-12T16:38:14+00:00","mainEntityOfPage":{"@id":"https:\/\/jornalfatosenoticias.com.br\/index.php\/2024\/12\/12\/voto-impresso-ccj-da-camara-aprova-projeto-que-autoriza-recontagem-fisica-de-cedulas\/"},"wordCount":459,"commentCount":0,"publisher":{"@id":"https:\/\/jornalfatosenoticias.com.br\/#organization"},"image":{"@id":"https:\/\/jornalfatosenoticias.com.br\/index.php\/2024\/12\/12\/voto-impresso-ccj-da-camara-aprova-projeto-que-autoriza-recontagem-fisica-de-cedulas\/#primaryimage"},"thumbnailUrl":"https:\/\/jornalfatosenoticias.com.br\/wp-content\/uploads\/2024\/12\/ccj-voto-impresso.jpg","keywords":["CCJ da C\u00e2mara","c\u00e9dulas","contagem manual de votos","elei\u00e7\u00f5es","recontagem de votos","sistema eleitoral","voto impresso"],"articleSection":["Pol\u00edtica"],"inLanguage":"pt-BR","potentialAction":[{"@type":"CommentAction","name":"Comment","target":["https:\/\/jornalfatosenoticias.com.br\/index.php\/2024\/12\/12\/voto-impresso-ccj-da-camara-aprova-projeto-que-autoriza-recontagem-fisica-de-cedulas\/#respond"]}]},{"@type":"WebPage","@id":"https:\/\/jornalfatosenoticias.com.br\/index.php\/2024\/12\/12\/voto-impresso-ccj-da-camara-aprova-projeto-que-autoriza-recontagem-fisica-de-cedulas\/","url":"https:\/\/jornalfatosenoticias.com.br\/index.php\/2024\/12\/12\/voto-impresso-ccj-da-camara-aprova-projeto-que-autoriza-recontagem-fisica-de-cedulas\/","name":"Voto impresso: CCJ da C\u00e2mara aprova projeto que autoriza recontagem f\u00edsica de c\u00e9dulas - Jornal Fatos e Not\u00edcias","isPartOf":{"@id":"https:\/\/jornalfatosenoticias.com.br\/#website"},"primaryImageOfPage":{"@id":"https:\/\/jornalfatosenoticias.com.br\/index.php\/2024\/12\/12\/voto-impresso-ccj-da-camara-aprova-projeto-que-autoriza-recontagem-fisica-de-cedulas\/#primaryimage"},"image":{"@id":"https:\/\/jornalfatosenoticias.com.br\/index.php\/2024\/12\/12\/voto-impresso-ccj-da-camara-aprova-projeto-que-autoriza-recontagem-fisica-de-cedulas\/#primaryimage"},"thumbnailUrl":"https:\/\/jornalfatosenoticias.com.br\/wp-content\/uploads\/2024\/12\/ccj-voto-impresso.jpg","datePublished":"2024-12-12T16:38:13+00:00","dateModified":"2024-12-12T16:38:14+00:00","breadcrumb":{"@id":"https:\/\/jornalfatosenoticias.com.br\/index.php\/2024\/12\/12\/voto-impresso-ccj-da-camara-aprova-projeto-que-autoriza-recontagem-fisica-de-cedulas\/#breadcrumb"},"inLanguage":"pt-BR","potentialAction":[{"@type":"ReadAction","target":["https:\/\/jornalfatosenoticias.com.br\/index.php\/2024\/12\/12\/voto-impresso-ccj-da-camara-aprova-projeto-que-autoriza-recontagem-fisica-de-cedulas\/"]}]},{"@type":"ImageObject","inLanguage":"pt-BR","@id":"https:\/\/jornalfatosenoticias.com.br\/index.php\/2024\/12\/12\/voto-impresso-ccj-da-camara-aprova-projeto-que-autoriza-recontagem-fisica-de-cedulas\/#primaryimage","url":"https:\/\/jornalfatosenoticias.com.br\/wp-content\/uploads\/2024\/12\/ccj-voto-impresso.jpg","contentUrl":"https:\/\/jornalfatosenoticias.com.br\/wp-content\/uploads\/2024\/12\/ccj-voto-impresso.jpg","width":795,"height":447},{"@type":"BreadcrumbList","@id":"https:\/\/jornalfatosenoticias.com.br\/index.php\/2024\/12\/12\/voto-impresso-ccj-da-camara-aprova-projeto-que-autoriza-recontagem-fisica-de-cedulas\/#breadcrumb","itemListElement":[{"@type":"ListItem","position":1,"name":"In\u00edcio","item":"https:\/\/jornalfatosenoticias.com.br\/"},{"@type":"ListItem","position":2,"name":"Voto impresso: CCJ da C\u00e2mara aprova projeto que autoriza recontagem f\u00edsica de c\u00e9dulas"}]},{"@type":"WebSite","@id":"https:\/\/jornalfatosenoticias.com.br\/#website","url":"https:\/\/jornalfatosenoticias.com.br\/","name":"Jornal Fatos e Not\u00edcias","description":"Not\u00edcias em geral","publisher":{"@id":"https:\/\/jornalfatosenoticias.com.br\/#organization"},"potentialAction":[{"@type":"SearchAction","target":{"@type":"EntryPoint","urlTemplate":"https:\/\/jornalfatosenoticias.com.br\/?s={search_term_string}"},"query-input":{"@type":"PropertyValueSpecification","valueRequired":true,"valueName":"search_term_string"}}],"inLanguage":"pt-BR"},{"@type":"Organization","@id":"https:\/\/jornalfatosenoticias.com.br\/#organization","name":"Jornal Fatos e Not\u00edcias","url":"https:\/\/jornalfatosenoticias.com.br\/","logo":{"@type":"ImageObject","inLanguage":"pt-BR","@id":"https:\/\/jornalfatosenoticias.com.br\/#\/schema\/logo\/image\/","url":"https:\/\/jornalfatosenoticias.com.br\/wp-content\/uploads\/2020\/02\/logo120.png","contentUrl":"https:\/\/jornalfatosenoticias.com.br\/wp-content\/uploads\/2020\/02\/logo120.png","width":1227,"height":120,"caption":"Jornal Fatos e Not\u00edcias"},"image":{"@id":"https:\/\/jornalfatosenoticias.com.br\/#\/schema\/logo\/image\/"}},{"@type":"Person","@id":"https:\/\/jornalfatosenoticias.com.br\/#\/schema\/person\/05c46cc25b42a5c27e004fb0fa6b4965","name":"Haroldo Filho","image":{"@type":"ImageObject","inLanguage":"pt-BR","@id":"https:\/\/jornalfatosenoticias.com.br\/#\/schema\/person\/image\/","url":"https:\/\/jornalfatosenoticias.com.br\/wp-content\/uploads\/2025\/08\/WhatsApp-Image-2025-08-18-at-15.30.28-150x150.jpeg","contentUrl":"https:\/\/jornalfatosenoticias.com.br\/wp-content\/uploads\/2025\/08\/WhatsApp-Image-2025-08-18-at-15.30.28-150x150.jpeg","caption":"Haroldo Filho"},"description":"Jornalista \u2013 DRT: 0003818\/ES Coordenador-geral da ONG Educar para Crescer","url":"https:\/\/jornalfatosenoticias.com.br\/index.php\/author\/haroldo\/"}]}},"cc_featured_image_caption":{"caption_text":"(Foto: Zeca Ribeiro\/C\u00e2mara dos Deputados) ","source_text":"","source_url":""},"jetpack_featured_media_url":"https:\/\/jornalfatosenoticias.com.br\/wp-content\/uploads\/2024\/12\/ccj-voto-impresso.jpg","_links":{"self":[{"href":"https:\/\/jornalfatosenoticias.com.br\/index.php\/wp-json\/wp\/v2\/posts\/56339","targetHints":{"allow":["GET"]}}],"collection":[{"href":"https:\/\/jornalfatosenoticias.com.br\/index.php\/wp-json\/wp\/v2\/posts"}],"about":[{"href":"https:\/\/jornalfatosenoticias.com.br\/index.php\/wp-json\/wp\/v2\/types\/post"}],"author":[{"embeddable":true,"href":"https:\/\/jornalfatosenoticias.com.br\/index.php\/wp-json\/wp\/v2\/users\/3"}],"replies":[{"embeddable":true,"href":"https:\/\/jornalfatosenoticias.com.br\/index.php\/wp-json\/wp\/v2\/comments?post=56339"}],"version-history":[{"count":0,"href":"https:\/\/jornalfatosenoticias.com.br\/index.php\/wp-json\/wp\/v2\/posts\/56339\/revisions"}],"wp:featuredmedia":[{"embeddable":true,"href":"https:\/\/jornalfatosenoticias.com.br\/index.php\/wp-json\/wp\/v2\/media\/56340"}],"wp:attachment":[{"href":"https:\/\/jornalfatosenoticias.com.br\/index.php\/wp-json\/wp\/v2\/media?parent=56339"}],"wp:term":[{"taxonomy":"category","embeddable":true,"href":"https:\/\/jornalfatosenoticias.com.br\/index.php\/wp-json\/wp\/v2\/categories?post=56339"},{"taxonomy":"post_tag","embeddable":true,"href":"https:\/\/jornalfatosenoticias.com.br\/index.php\/wp-json\/wp\/v2\/tags?post=56339"}],"curies":[{"name":"wp","href":"https:\/\/api.w.org\/{rel}","templated":true}]}}