{"id":56377,"date":"2024-12-13T10:07:12","date_gmt":"2024-12-13T13:07:12","guid":{"rendered":"https:\/\/jornalfatosenoticias.com.br\/?p=56377"},"modified":"2024-12-13T10:07:17","modified_gmt":"2024-12-13T13:07:17","slug":"papai-noel-existe-possivel-sarcofago-de-sao-nicolau-e-achado-na-turquia","status":"publish","type":"post","link":"https:\/\/jornalfatosenoticias.com.br\/index.php\/2024\/12\/13\/papai-noel-existe-possivel-sarcofago-de-sao-nicolau-e-achado-na-turquia\/","title":{"rendered":"Papai Noel existe? Poss\u00edvel sarc\u00f3fago de S\u00e3o Nicolau \u00e9 achado na Turquia"},"content":{"rendered":"\n<p><span class=\"has-inline-color has-black-color\">Por <strong><a href=\"https:\/\/www.megacurioso.com.br\/autor\/pedro-freitas\">Pedro Freitas<\/a><\/strong><\/span><\/p>\n\n\n\n<div class=\"wp-block-image\"><figure class=\"aligncenter size-large is-resized\"><a href=\"https:\/\/www.facebook.com\/vetor.vix\/\"><img loading=\"lazy\" decoding=\"async\" src=\"https:\/\/jornalfatosenoticias.com.br\/wp-content\/uploads\/2023\/09\/vetorvix1024_1.jpg\" alt=\"\" class=\"wp-image-44868\" width=\"554\" height=\"147\" srcset=\"https:\/\/jornalfatosenoticias.com.br\/wp-content\/uploads\/2023\/09\/vetorvix1024_1.jpg 1024w, https:\/\/jornalfatosenoticias.com.br\/wp-content\/uploads\/2023\/09\/vetorvix1024_1-300x80.jpg 300w, https:\/\/jornalfatosenoticias.com.br\/wp-content\/uploads\/2023\/09\/vetorvix1024_1-768x205.jpg 768w\" sizes=\"auto, (max-width: 554px) 100vw, 554px\" \/><\/a><\/figure><\/div>\n\n\n\n<p>Escava\u00e7\u00f5es recentes na Igreja de S\u00e3o Nicolau, em Demre, na Turquia, revelaram um sarc\u00f3fago que pode ser o t\u00famulo original do pr\u00f3prio S\u00e3o Nicolau \u2014 o bispo grego que inspirou a lenda do Papai Noel. A descoberta faz parte do projeto <em>Legacy for the Future,<\/em> liderado pela professora Ebru Fatma Findik, e est\u00e1 agitando tanto os arque\u00f3logos quanto os amantes do Natal.<br>O sarc\u00f3fago de calc\u00e1rio estava enterrado a cerca de dois metros de profundidade, escondido em um anexo de dois andares da igreja. Datado do s\u00e9culo 4.\u00ba, o t\u00famulo possui uma tampa elevada e um teto inclinado, t\u00edpicos dos estilos de sepultamento da \u00e9poca.<\/p>\n\n\n\n<div class=\"wp-block-image\"><figure class=\"aligncenter size-large\"><a href=\"https:\/\/cesconetto.com.br\/\"><img loading=\"lazy\" decoding=\"async\" width=\"300\" height=\"250\" src=\"https:\/\/jornalfatosenoticias.com.br\/wp-content\/uploads\/2022\/02\/Banner-2.png\" alt=\"\" class=\"wp-image-27877\"\/><\/a><\/figure><\/div>\n\n\n\n<p>Como a igreja foi constru\u00edda no s\u00e9culo 5.\u00ba por ordem do imperador bizantino Teod\u00f3sio II, os ind\u00edcios apontam que esse pode realmente ser o descanso final do santo mais generoso da hist\u00f3ria. S\u00e3o Nicolau, famoso por sua generosidade e milagres, foi bispo de Myra e faleceu em 343 d.C. Ap\u00f3s sua morte, a igreja foi constru\u00edda sobre seu t\u00famulo, mas a hist\u00f3ria n\u00e3o parou por a\u00ed. No s\u00e9culo 6.\u00ba, seus restos mortais foram levados para Bari, na It\u00e1lia, e parte deles acabou indo parar em Veneza durante as Cruzadas.<\/p>\n\n\n\n<div class=\"wp-block-image\"><figure class=\"aligncenter size-large is-resized\"><a href=\"https:\/\/hotelmarquetti.com.br\/\"><img loading=\"lazy\" decoding=\"async\" src=\"https:\/\/jornalfatosenoticias.com.br\/wp-content\/uploads\/2023\/03\/nova-logo-Marquetti.jpg\" alt=\"\" class=\"wp-image-40207\" width=\"309\" height=\"207\" srcset=\"https:\/\/jornalfatosenoticias.com.br\/wp-content\/uploads\/2023\/03\/nova-logo-Marquetti.jpg 643w, https:\/\/jornalfatosenoticias.com.br\/wp-content\/uploads\/2023\/03\/nova-logo-Marquetti-300x202.jpg 300w\" sizes=\"auto, (max-width: 309px) 100vw, 309px\" \/><\/a><\/figure><\/div>\n\n\n\n<p>Um detalhe interessante: em 1953, estudos cient\u00edficos confirmaram que os ossos de Bari e Veneza pertencem \u00e0 mesma pessoa \u2014 mas se \u00e9 realmente S\u00e3o Nicolau, ainda n\u00e3o se sabe ao certo. Essa dan\u00e7a dos ossos deixou os pesquisadores com uma pulga atr\u00e1s da orelha por d\u00e9cadas. As escava\u00e7\u00f5es come\u00e7aram em 1989 e, nos \u00faltimos dois anos, ganharam novo f\u00f4lego.<\/p>\n\n\n\n<div class=\"wp-block-image\"><figure class=\"aligncenter size-large is-resized\"><a href=\"https:\/\/panper.com.br\/\"><img loading=\"lazy\" decoding=\"async\" src=\"https:\/\/jornalfatosenoticias.com.br\/wp-content\/uploads\/2023\/03\/logo-Panper_portal.jpg\" alt=\"\" class=\"wp-image-40208\" width=\"302\" height=\"209\" srcset=\"https:\/\/jornalfatosenoticias.com.br\/wp-content\/uploads\/2023\/03\/logo-Panper_portal.jpg 400w, https:\/\/jornalfatosenoticias.com.br\/wp-content\/uploads\/2023\/03\/logo-Panper_portal-300x208.jpg 300w\" sizes=\"auto, (max-width: 302px) 100vw, 302px\" \/><\/a><\/figure><\/div>\n\n\n\n<p>Al\u00e9m do sarc\u00f3fago, os arque\u00f3logos encontraram fragmentos de l\u00e2mpadas de argila e ossos de animais, sugerindo que o local era mesmo usado para sepultamentos importantes. Para a equipe, a localiza\u00e7\u00e3o do t\u00famulo t\u00e3o perto da igreja refor\u00e7a a teoria de que finalmente encontraram o verdadeiro Papai Noel.<\/p>\n\n\n\n<div class=\"wp-block-image\"><figure class=\"aligncenter size-large is-resized\"><a href=\"https:\/\/www.legisjuris.com.br\/\"><img loading=\"lazy\" decoding=\"async\" src=\"https:\/\/jornalfatosenoticias.com.br\/wp-content\/uploads\/2024\/09\/Legis-Juris-Consultoria_logo.jpg\" alt=\"\" class=\"wp-image-53915\" width=\"410\" height=\"172\" srcset=\"https:\/\/jornalfatosenoticias.com.br\/wp-content\/uploads\/2024\/09\/Legis-Juris-Consultoria_logo.jpg 969w, https:\/\/jornalfatosenoticias.com.br\/wp-content\/uploads\/2024\/09\/Legis-Juris-Consultoria_logo-300x126.jpg 300w, https:\/\/jornalfatosenoticias.com.br\/wp-content\/uploads\/2024\/09\/Legis-Juris-Consultoria_logo-768x322.jpg 768w\" sizes=\"auto, (max-width: 410px) 100vw, 410px\" \/><\/a><\/figure><\/div>\n\n\n\n<p>Essa descoberta vai al\u00e9m das escava\u00e7\u00f5es e data\u00e7\u00f5es. S\u00e3o Nicolau \u00e9 o patrono das crian\u00e7as e dos marinheiros, e sua imagem se transformou ao longo dos s\u00e9culos at\u00e9 se tornar o Papai Noel que conhecemos hoje. Todos os anos, em dezembro, o esp\u00edrito generoso do santo \u00e9 celebrado mundo afora.<\/p>\n\n\n\n<div class=\"wp-block-image\"><figure class=\"aligncenter size-large\"><a href=\"http:\/\/www.ferrarimaquinas.com.br\/\"><img loading=\"lazy\" decoding=\"async\" width=\"300\" height=\"250\" src=\"https:\/\/jornalfatosenoticias.com.br\/wp-content\/uploads\/2022\/02\/FERRARI_MAQUINAS-E-FERRAMENTAS2.jpg\" alt=\"\" class=\"wp-image-27860\"\/><\/a><\/figure><\/div>\n\n\n\n<p>Encontrar seu poss\u00edvel t\u00famulo n\u00e3o \u00e9 apenas uma vit\u00f3ria para a arqueologia, mas tamb\u00e9m um lembrete de como uma hist\u00f3ria pode atravessar o tempo e se tornar parte da cultura global. Por enquanto, os arque\u00f3logos aguardam novas pistas.<br>Quem sabe, nos pr\u00f3ximos meses, uma inscri\u00e7\u00e3o ou outro detalhe possa confirmar de vez essa descoberta. Enquanto isso, o mundo pode continuar sonhando com a ideia de que, afinal, o bom velhinho tem um lugar real na hist\u00f3ria \u2014 e que esse lugar est\u00e1 em Demre, na ensolarada Turquia.<\/p>\n\n\n\n<div class=\"wp-block-image\"><figure class=\"aligncenter size-large is-resized\"><a href=\"https:\/\/www.instagram.com\/ligadossaborespizzaria\/\"><img loading=\"lazy\" decoding=\"async\" src=\"https:\/\/jornalfatosenoticias.com.br\/wp-content\/uploads\/2024\/09\/WhatsApp-Image-2024-09-14-at-22.46.10-819x1024.jpeg\" alt=\"\" class=\"wp-image-54180\" width=\"276\" height=\"345\" srcset=\"https:\/\/jornalfatosenoticias.com.br\/wp-content\/uploads\/2024\/09\/WhatsApp-Image-2024-09-14-at-22.46.10-819x1024.jpeg 819w, https:\/\/jornalfatosenoticias.com.br\/wp-content\/uploads\/2024\/09\/WhatsApp-Image-2024-09-14-at-22.46.10-240x300.jpeg 240w, https:\/\/jornalfatosenoticias.com.br\/wp-content\/uploads\/2024\/09\/WhatsApp-Image-2024-09-14-at-22.46.10-768x960.jpeg 768w, https:\/\/jornalfatosenoticias.com.br\/wp-content\/uploads\/2024\/09\/WhatsApp-Image-2024-09-14-at-22.46.10.jpeg 1024w\" sizes=\"auto, (max-width: 276px) 100vw, 276px\" \/><\/a><\/figure><\/div>\n\n\n\n<p><strong><em>Fonte: <a href=\"https:\/\/www.megacurioso.com.br\/ciencia\/papai-noel-existe-possivel-sarcofago-de-sao-nicolau-e-achado-na-turquia\">Mega Curioso<\/a><\/em><\/strong><\/p>\n","protected":false},"excerpt":{"rendered":"<p>Por Pedro Freitas Escava\u00e7\u00f5es recentes na Igreja de S\u00e3o Nicolau, em Demre, na Turquia, revelaram um sarc\u00f3fago que pode ser o t\u00famulo original do pr\u00f3prio S\u00e3o Nicolau \u2014 o bispo grego que inspirou a lenda do Papai Noel. A descoberta faz parte do projeto Legacy for the Future, liderado pela professora Ebru Fatma Findik, e [&hellip;]<\/p>\n","protected":false},"author":2,"featured_media":56378,"comment_status":"open","ping_status":"open","sticky":false,"template":"","format":"standard","meta":{"footnotes":""},"categories":[5],"tags":[1478,8795,6460,3294,25722,5056,145],"class_list":["post-56377","post","type-post","status-publish","format-standard","has-post-thumbnail","hentry","category-geral","tag-arqueologia","tag-datas-comemorativas","tag-papai-noel","tag-religiao","tag-sao-nicolau","tag-sarcofago","tag-turquia"],"yoast_head":"<!-- This site is optimized with the Yoast SEO plugin v26.5 - https:\/\/yoast.com\/wordpress\/plugins\/seo\/ -->\n<title>Papai Noel existe? Poss\u00edvel sarc\u00f3fago de S\u00e3o Nicolau \u00e9 achado na Turquia - Jornal Fatos e Not\u00edcias<\/title>\n<meta name=\"robots\" content=\"index, follow, max-snippet:-1, max-image-preview:large, max-video-preview:-1\" \/>\n<link rel=\"canonical\" href=\"https:\/\/jornalfatosenoticias.com.br\/index.php\/2024\/12\/13\/papai-noel-existe-possivel-sarcofago-de-sao-nicolau-e-achado-na-turquia\/\" \/>\n<meta property=\"og:locale\" content=\"pt_BR\" \/>\n<meta property=\"og:type\" content=\"article\" \/>\n<meta property=\"og:title\" content=\"Papai Noel existe? Poss\u00edvel sarc\u00f3fago de S\u00e3o Nicolau \u00e9 achado na Turquia - Jornal Fatos e Not\u00edcias\" \/>\n<meta property=\"og:description\" content=\"Por Pedro Freitas Escava\u00e7\u00f5es recentes na Igreja de S\u00e3o Nicolau, em Demre, na Turquia, revelaram um sarc\u00f3fago que pode ser o t\u00famulo original do pr\u00f3prio S\u00e3o Nicolau \u2014 o bispo grego que inspirou a lenda do Papai Noel. A descoberta faz parte do projeto Legacy for the Future, liderado pela professora Ebru Fatma Findik, e [&hellip;]\" \/>\n<meta property=\"og:url\" content=\"https:\/\/jornalfatosenoticias.com.br\/index.php\/2024\/12\/13\/papai-noel-existe-possivel-sarcofago-de-sao-nicolau-e-achado-na-turquia\/\" \/>\n<meta property=\"og:site_name\" content=\"Jornal Fatos e Not\u00edcias\" \/>\n<meta property=\"article:published_time\" content=\"2024-12-13T13:07:12+00:00\" \/>\n<meta property=\"article:modified_time\" content=\"2024-12-13T13:07:17+00:00\" \/>\n<meta property=\"og:image\" content=\"https:\/\/jornalfatosenoticias.com.br\/wp-content\/uploads\/2024\/12\/curiosidade-papai-noel_istock.jpg\" \/>\n\t<meta property=\"og:image:width\" content=\"612\" \/>\n\t<meta property=\"og:image:height\" content=\"408\" \/>\n\t<meta property=\"og:image:type\" content=\"image\/jpeg\" \/>\n<meta name=\"author\" content=\"Luzimara Fernandes\" \/>\n<meta name=\"twitter:card\" content=\"summary_large_image\" \/>\n<meta name=\"twitter:label1\" content=\"Escrito por\" \/>\n\t<meta name=\"twitter:data1\" content=\"Luzimara Fernandes\" \/>\n\t<meta name=\"twitter:label2\" content=\"Est. tempo de leitura\" \/>\n\t<meta name=\"twitter:data2\" content=\"2 minutos\" \/>\n<script type=\"application\/ld+json\" class=\"yoast-schema-graph\">{\"@context\":\"https:\/\/schema.org\",\"@graph\":[{\"@type\":\"Article\",\"@id\":\"https:\/\/jornalfatosenoticias.com.br\/index.php\/2024\/12\/13\/papai-noel-existe-possivel-sarcofago-de-sao-nicolau-e-achado-na-turquia\/#article\",\"isPartOf\":{\"@id\":\"https:\/\/jornalfatosenoticias.com.br\/index.php\/2024\/12\/13\/papai-noel-existe-possivel-sarcofago-de-sao-nicolau-e-achado-na-turquia\/\"},\"author\":{\"name\":\"Luzimara Fernandes\",\"@id\":\"https:\/\/jornalfatosenoticias.com.br\/#\/schema\/person\/d63837fa13ac8666eb9e74e0985d6f81\"},\"headline\":\"Papai Noel existe? Poss\u00edvel sarc\u00f3fago de S\u00e3o Nicolau \u00e9 achado na Turquia\",\"datePublished\":\"2024-12-13T13:07:12+00:00\",\"dateModified\":\"2024-12-13T13:07:17+00:00\",\"mainEntityOfPage\":{\"@id\":\"https:\/\/jornalfatosenoticias.com.br\/index.php\/2024\/12\/13\/papai-noel-existe-possivel-sarcofago-de-sao-nicolau-e-achado-na-turquia\/\"},\"wordCount\":504,\"commentCount\":0,\"publisher\":{\"@id\":\"https:\/\/jornalfatosenoticias.com.br\/#organization\"},\"image\":{\"@id\":\"https:\/\/jornalfatosenoticias.com.br\/index.php\/2024\/12\/13\/papai-noel-existe-possivel-sarcofago-de-sao-nicolau-e-achado-na-turquia\/#primaryimage\"},\"thumbnailUrl\":\"https:\/\/jornalfatosenoticias.com.br\/wp-content\/uploads\/2024\/12\/curiosidade-papai-noel_istock.jpg\",\"keywords\":[\"arqueologia\",\"datas comemorativas\",\"Papai Noel\",\"religi\u00e3o\",\"S\u00e3o Nicolau\",\"sarc\u00f3fago\",\"Turquia\"],\"articleSection\":[\"Geral\"],\"inLanguage\":\"pt-BR\",\"potentialAction\":[{\"@type\":\"CommentAction\",\"name\":\"Comment\",\"target\":[\"https:\/\/jornalfatosenoticias.com.br\/index.php\/2024\/12\/13\/papai-noel-existe-possivel-sarcofago-de-sao-nicolau-e-achado-na-turquia\/#respond\"]}]},{\"@type\":\"WebPage\",\"@id\":\"https:\/\/jornalfatosenoticias.com.br\/index.php\/2024\/12\/13\/papai-noel-existe-possivel-sarcofago-de-sao-nicolau-e-achado-na-turquia\/\",\"url\":\"https:\/\/jornalfatosenoticias.com.br\/index.php\/2024\/12\/13\/papai-noel-existe-possivel-sarcofago-de-sao-nicolau-e-achado-na-turquia\/\",\"name\":\"Papai Noel existe? Poss\u00edvel sarc\u00f3fago de S\u00e3o Nicolau \u00e9 achado na Turquia - Jornal Fatos e Not\u00edcias\",\"isPartOf\":{\"@id\":\"https:\/\/jornalfatosenoticias.com.br\/#website\"},\"primaryImageOfPage\":{\"@id\":\"https:\/\/jornalfatosenoticias.com.br\/index.php\/2024\/12\/13\/papai-noel-existe-possivel-sarcofago-de-sao-nicolau-e-achado-na-turquia\/#primaryimage\"},\"image\":{\"@id\":\"https:\/\/jornalfatosenoticias.com.br\/index.php\/2024\/12\/13\/papai-noel-existe-possivel-sarcofago-de-sao-nicolau-e-achado-na-turquia\/#primaryimage\"},\"thumbnailUrl\":\"https:\/\/jornalfatosenoticias.com.br\/wp-content\/uploads\/2024\/12\/curiosidade-papai-noel_istock.jpg\",\"datePublished\":\"2024-12-13T13:07:12+00:00\",\"dateModified\":\"2024-12-13T13:07:17+00:00\",\"breadcrumb\":{\"@id\":\"https:\/\/jornalfatosenoticias.com.br\/index.php\/2024\/12\/13\/papai-noel-existe-possivel-sarcofago-de-sao-nicolau-e-achado-na-turquia\/#breadcrumb\"},\"inLanguage\":\"pt-BR\",\"potentialAction\":[{\"@type\":\"ReadAction\",\"target\":[\"https:\/\/jornalfatosenoticias.com.br\/index.php\/2024\/12\/13\/papai-noel-existe-possivel-sarcofago-de-sao-nicolau-e-achado-na-turquia\/\"]}]},{\"@type\":\"ImageObject\",\"inLanguage\":\"pt-BR\",\"@id\":\"https:\/\/jornalfatosenoticias.com.br\/index.php\/2024\/12\/13\/papai-noel-existe-possivel-sarcofago-de-sao-nicolau-e-achado-na-turquia\/#primaryimage\",\"url\":\"https:\/\/jornalfatosenoticias.com.br\/wp-content\/uploads\/2024\/12\/curiosidade-papai-noel_istock.jpg\",\"contentUrl\":\"https:\/\/jornalfatosenoticias.com.br\/wp-content\/uploads\/2024\/12\/curiosidade-papai-noel_istock.jpg\",\"width\":612,\"height\":408,\"caption\":\"Photo of good personage santa sitting sleigh pulled by reindeer holding rope enjoying travel streets of city carrying miracle outside.\"},{\"@type\":\"BreadcrumbList\",\"@id\":\"https:\/\/jornalfatosenoticias.com.br\/index.php\/2024\/12\/13\/papai-noel-existe-possivel-sarcofago-de-sao-nicolau-e-achado-na-turquia\/#breadcrumb\",\"itemListElement\":[{\"@type\":\"ListItem\",\"position\":1,\"name\":\"In\u00edcio\",\"item\":\"https:\/\/jornalfatosenoticias.com.br\/\"},{\"@type\":\"ListItem\",\"position\":2,\"name\":\"Papai Noel existe? Poss\u00edvel sarc\u00f3fago de S\u00e3o Nicolau \u00e9 achado na Turquia\"}]},{\"@type\":\"WebSite\",\"@id\":\"https:\/\/jornalfatosenoticias.com.br\/#website\",\"url\":\"https:\/\/jornalfatosenoticias.com.br\/\",\"name\":\"Jornal Fatos e Not\u00edcias\",\"description\":\"Not\u00edcias em geral\",\"publisher\":{\"@id\":\"https:\/\/jornalfatosenoticias.com.br\/#organization\"},\"potentialAction\":[{\"@type\":\"SearchAction\",\"target\":{\"@type\":\"EntryPoint\",\"urlTemplate\":\"https:\/\/jornalfatosenoticias.com.br\/?s={search_term_string}\"},\"query-input\":{\"@type\":\"PropertyValueSpecification\",\"valueRequired\":true,\"valueName\":\"search_term_string\"}}],\"inLanguage\":\"pt-BR\"},{\"@type\":\"Organization\",\"@id\":\"https:\/\/jornalfatosenoticias.com.br\/#organization\",\"name\":\"Jornal Fatos e Not\u00edcias\",\"url\":\"https:\/\/jornalfatosenoticias.com.br\/\",\"logo\":{\"@type\":\"ImageObject\",\"inLanguage\":\"pt-BR\",\"@id\":\"https:\/\/jornalfatosenoticias.com.br\/#\/schema\/logo\/image\/\",\"url\":\"https:\/\/jornalfatosenoticias.com.br\/wp-content\/uploads\/2020\/02\/logo120.png\",\"contentUrl\":\"https:\/\/jornalfatosenoticias.com.br\/wp-content\/uploads\/2020\/02\/logo120.png\",\"width\":1227,\"height\":120,\"caption\":\"Jornal Fatos e Not\u00edcias\"},\"image\":{\"@id\":\"https:\/\/jornalfatosenoticias.com.br\/#\/schema\/logo\/image\/\"}},{\"@type\":\"Person\",\"@id\":\"https:\/\/jornalfatosenoticias.com.br\/#\/schema\/person\/d63837fa13ac8666eb9e74e0985d6f81\",\"name\":\"Luzimara Fernandes\",\"image\":{\"@type\":\"ImageObject\",\"inLanguage\":\"pt-BR\",\"@id\":\"https:\/\/jornalfatosenoticias.com.br\/#\/schema\/person\/image\/\",\"url\":\"https:\/\/jornalfatosenoticias.com.br\/wp-content\/uploads\/2025\/05\/EU_portal.jpg\",\"contentUrl\":\"https:\/\/jornalfatosenoticias.com.br\/wp-content\/uploads\/2025\/05\/EU_portal.jpg\",\"caption\":\"Luzimara Fernandes\"},\"description\":\"Jornalista MTB 2358-ES\",\"sameAs\":[\"https:\/\/jornalfatosenoticias.com.br\"],\"url\":\"https:\/\/jornalfatosenoticias.com.br\/index.php\/author\/luzimara\/\"}]}<\/script>\n<!-- \/ Yoast SEO plugin. -->","yoast_head_json":{"title":"Papai Noel existe? Poss\u00edvel sarc\u00f3fago de S\u00e3o Nicolau \u00e9 achado na Turquia - Jornal Fatos e Not\u00edcias","robots":{"index":"index","follow":"follow","max-snippet":"max-snippet:-1","max-image-preview":"max-image-preview:large","max-video-preview":"max-video-preview:-1"},"canonical":"https:\/\/jornalfatosenoticias.com.br\/index.php\/2024\/12\/13\/papai-noel-existe-possivel-sarcofago-de-sao-nicolau-e-achado-na-turquia\/","og_locale":"pt_BR","og_type":"article","og_title":"Papai Noel existe? Poss\u00edvel sarc\u00f3fago de S\u00e3o Nicolau \u00e9 achado na Turquia - Jornal Fatos e Not\u00edcias","og_description":"Por Pedro Freitas Escava\u00e7\u00f5es recentes na Igreja de S\u00e3o Nicolau, em Demre, na Turquia, revelaram um sarc\u00f3fago que pode ser o t\u00famulo original do pr\u00f3prio S\u00e3o Nicolau \u2014 o bispo grego que inspirou a lenda do Papai Noel. A descoberta faz parte do projeto Legacy for the Future, liderado pela professora Ebru Fatma Findik, e [&hellip;]","og_url":"https:\/\/jornalfatosenoticias.com.br\/index.php\/2024\/12\/13\/papai-noel-existe-possivel-sarcofago-de-sao-nicolau-e-achado-na-turquia\/","og_site_name":"Jornal Fatos e Not\u00edcias","article_published_time":"2024-12-13T13:07:12+00:00","article_modified_time":"2024-12-13T13:07:17+00:00","og_image":[{"width":612,"height":408,"url":"https:\/\/jornalfatosenoticias.com.br\/wp-content\/uploads\/2024\/12\/curiosidade-papai-noel_istock.jpg","type":"image\/jpeg"}],"author":"Luzimara Fernandes","twitter_card":"summary_large_image","twitter_misc":{"Escrito por":"Luzimara Fernandes","Est. tempo de leitura":"2 minutos"},"schema":{"@context":"https:\/\/schema.org","@graph":[{"@type":"Article","@id":"https:\/\/jornalfatosenoticias.com.br\/index.php\/2024\/12\/13\/papai-noel-existe-possivel-sarcofago-de-sao-nicolau-e-achado-na-turquia\/#article","isPartOf":{"@id":"https:\/\/jornalfatosenoticias.com.br\/index.php\/2024\/12\/13\/papai-noel-existe-possivel-sarcofago-de-sao-nicolau-e-achado-na-turquia\/"},"author":{"name":"Luzimara Fernandes","@id":"https:\/\/jornalfatosenoticias.com.br\/#\/schema\/person\/d63837fa13ac8666eb9e74e0985d6f81"},"headline":"Papai Noel existe? Poss\u00edvel sarc\u00f3fago de S\u00e3o Nicolau \u00e9 achado na Turquia","datePublished":"2024-12-13T13:07:12+00:00","dateModified":"2024-12-13T13:07:17+00:00","mainEntityOfPage":{"@id":"https:\/\/jornalfatosenoticias.com.br\/index.php\/2024\/12\/13\/papai-noel-existe-possivel-sarcofago-de-sao-nicolau-e-achado-na-turquia\/"},"wordCount":504,"commentCount":0,"publisher":{"@id":"https:\/\/jornalfatosenoticias.com.br\/#organization"},"image":{"@id":"https:\/\/jornalfatosenoticias.com.br\/index.php\/2024\/12\/13\/papai-noel-existe-possivel-sarcofago-de-sao-nicolau-e-achado-na-turquia\/#primaryimage"},"thumbnailUrl":"https:\/\/jornalfatosenoticias.com.br\/wp-content\/uploads\/2024\/12\/curiosidade-papai-noel_istock.jpg","keywords":["arqueologia","datas comemorativas","Papai Noel","religi\u00e3o","S\u00e3o Nicolau","sarc\u00f3fago","Turquia"],"articleSection":["Geral"],"inLanguage":"pt-BR","potentialAction":[{"@type":"CommentAction","name":"Comment","target":["https:\/\/jornalfatosenoticias.com.br\/index.php\/2024\/12\/13\/papai-noel-existe-possivel-sarcofago-de-sao-nicolau-e-achado-na-turquia\/#respond"]}]},{"@type":"WebPage","@id":"https:\/\/jornalfatosenoticias.com.br\/index.php\/2024\/12\/13\/papai-noel-existe-possivel-sarcofago-de-sao-nicolau-e-achado-na-turquia\/","url":"https:\/\/jornalfatosenoticias.com.br\/index.php\/2024\/12\/13\/papai-noel-existe-possivel-sarcofago-de-sao-nicolau-e-achado-na-turquia\/","name":"Papai Noel existe? Poss\u00edvel sarc\u00f3fago de S\u00e3o Nicolau \u00e9 achado na Turquia - Jornal Fatos e Not\u00edcias","isPartOf":{"@id":"https:\/\/jornalfatosenoticias.com.br\/#website"},"primaryImageOfPage":{"@id":"https:\/\/jornalfatosenoticias.com.br\/index.php\/2024\/12\/13\/papai-noel-existe-possivel-sarcofago-de-sao-nicolau-e-achado-na-turquia\/#primaryimage"},"image":{"@id":"https:\/\/jornalfatosenoticias.com.br\/index.php\/2024\/12\/13\/papai-noel-existe-possivel-sarcofago-de-sao-nicolau-e-achado-na-turquia\/#primaryimage"},"thumbnailUrl":"https:\/\/jornalfatosenoticias.com.br\/wp-content\/uploads\/2024\/12\/curiosidade-papai-noel_istock.jpg","datePublished":"2024-12-13T13:07:12+00:00","dateModified":"2024-12-13T13:07:17+00:00","breadcrumb":{"@id":"https:\/\/jornalfatosenoticias.com.br\/index.php\/2024\/12\/13\/papai-noel-existe-possivel-sarcofago-de-sao-nicolau-e-achado-na-turquia\/#breadcrumb"},"inLanguage":"pt-BR","potentialAction":[{"@type":"ReadAction","target":["https:\/\/jornalfatosenoticias.com.br\/index.php\/2024\/12\/13\/papai-noel-existe-possivel-sarcofago-de-sao-nicolau-e-achado-na-turquia\/"]}]},{"@type":"ImageObject","inLanguage":"pt-BR","@id":"https:\/\/jornalfatosenoticias.com.br\/index.php\/2024\/12\/13\/papai-noel-existe-possivel-sarcofago-de-sao-nicolau-e-achado-na-turquia\/#primaryimage","url":"https:\/\/jornalfatosenoticias.com.br\/wp-content\/uploads\/2024\/12\/curiosidade-papai-noel_istock.jpg","contentUrl":"https:\/\/jornalfatosenoticias.com.br\/wp-content\/uploads\/2024\/12\/curiosidade-papai-noel_istock.jpg","width":612,"height":408,"caption":"Photo of good personage santa sitting sleigh pulled by reindeer holding rope enjoying travel streets of city carrying miracle outside."},{"@type":"BreadcrumbList","@id":"https:\/\/jornalfatosenoticias.com.br\/index.php\/2024\/12\/13\/papai-noel-existe-possivel-sarcofago-de-sao-nicolau-e-achado-na-turquia\/#breadcrumb","itemListElement":[{"@type":"ListItem","position":1,"name":"In\u00edcio","item":"https:\/\/jornalfatosenoticias.com.br\/"},{"@type":"ListItem","position":2,"name":"Papai Noel existe? Poss\u00edvel sarc\u00f3fago de S\u00e3o Nicolau \u00e9 achado na Turquia"}]},{"@type":"WebSite","@id":"https:\/\/jornalfatosenoticias.com.br\/#website","url":"https:\/\/jornalfatosenoticias.com.br\/","name":"Jornal Fatos e Not\u00edcias","description":"Not\u00edcias em geral","publisher":{"@id":"https:\/\/jornalfatosenoticias.com.br\/#organization"},"potentialAction":[{"@type":"SearchAction","target":{"@type":"EntryPoint","urlTemplate":"https:\/\/jornalfatosenoticias.com.br\/?s={search_term_string}"},"query-input":{"@type":"PropertyValueSpecification","valueRequired":true,"valueName":"search_term_string"}}],"inLanguage":"pt-BR"},{"@type":"Organization","@id":"https:\/\/jornalfatosenoticias.com.br\/#organization","name":"Jornal Fatos e Not\u00edcias","url":"https:\/\/jornalfatosenoticias.com.br\/","logo":{"@type":"ImageObject","inLanguage":"pt-BR","@id":"https:\/\/jornalfatosenoticias.com.br\/#\/schema\/logo\/image\/","url":"https:\/\/jornalfatosenoticias.com.br\/wp-content\/uploads\/2020\/02\/logo120.png","contentUrl":"https:\/\/jornalfatosenoticias.com.br\/wp-content\/uploads\/2020\/02\/logo120.png","width":1227,"height":120,"caption":"Jornal Fatos e Not\u00edcias"},"image":{"@id":"https:\/\/jornalfatosenoticias.com.br\/#\/schema\/logo\/image\/"}},{"@type":"Person","@id":"https:\/\/jornalfatosenoticias.com.br\/#\/schema\/person\/d63837fa13ac8666eb9e74e0985d6f81","name":"Luzimara Fernandes","image":{"@type":"ImageObject","inLanguage":"pt-BR","@id":"https:\/\/jornalfatosenoticias.com.br\/#\/schema\/person\/image\/","url":"https:\/\/jornalfatosenoticias.com.br\/wp-content\/uploads\/2025\/05\/EU_portal.jpg","contentUrl":"https:\/\/jornalfatosenoticias.com.br\/wp-content\/uploads\/2025\/05\/EU_portal.jpg","caption":"Luzimara Fernandes"},"description":"Jornalista MTB 2358-ES","sameAs":["https:\/\/jornalfatosenoticias.com.br"],"url":"https:\/\/jornalfatosenoticias.com.br\/index.php\/author\/luzimara\/"}]}},"cc_featured_image_caption":{"caption_text":"(Foto: iStock) ","source_text":"","source_url":""},"jetpack_featured_media_url":"https:\/\/jornalfatosenoticias.com.br\/wp-content\/uploads\/2024\/12\/curiosidade-papai-noel_istock.jpg","_links":{"self":[{"href":"https:\/\/jornalfatosenoticias.com.br\/index.php\/wp-json\/wp\/v2\/posts\/56377","targetHints":{"allow":["GET"]}}],"collection":[{"href":"https:\/\/jornalfatosenoticias.com.br\/index.php\/wp-json\/wp\/v2\/posts"}],"about":[{"href":"https:\/\/jornalfatosenoticias.com.br\/index.php\/wp-json\/wp\/v2\/types\/post"}],"author":[{"embeddable":true,"href":"https:\/\/jornalfatosenoticias.com.br\/index.php\/wp-json\/wp\/v2\/users\/2"}],"replies":[{"embeddable":true,"href":"https:\/\/jornalfatosenoticias.com.br\/index.php\/wp-json\/wp\/v2\/comments?post=56377"}],"version-history":[{"count":0,"href":"https:\/\/jornalfatosenoticias.com.br\/index.php\/wp-json\/wp\/v2\/posts\/56377\/revisions"}],"wp:featuredmedia":[{"embeddable":true,"href":"https:\/\/jornalfatosenoticias.com.br\/index.php\/wp-json\/wp\/v2\/media\/56378"}],"wp:attachment":[{"href":"https:\/\/jornalfatosenoticias.com.br\/index.php\/wp-json\/wp\/v2\/media?parent=56377"}],"wp:term":[{"taxonomy":"category","embeddable":true,"href":"https:\/\/jornalfatosenoticias.com.br\/index.php\/wp-json\/wp\/v2\/categories?post=56377"},{"taxonomy":"post_tag","embeddable":true,"href":"https:\/\/jornalfatosenoticias.com.br\/index.php\/wp-json\/wp\/v2\/tags?post=56377"}],"curies":[{"name":"wp","href":"https:\/\/api.w.org\/{rel}","templated":true}]}}