{"id":56386,"date":"2024-12-13T10:47:23","date_gmt":"2024-12-13T13:47:23","guid":{"rendered":"https:\/\/jornalfatosenoticias.com.br\/?p=56386"},"modified":"2024-12-13T10:47:24","modified_gmt":"2024-12-13T13:47:24","slug":"oposicao-derrota-governistas-e-aprova-castracao-quimica-para-pedofilos","status":"publish","type":"post","link":"https:\/\/jornalfatosenoticias.com.br\/index.php\/2024\/12\/13\/oposicao-derrota-governistas-e-aprova-castracao-quimica-para-pedofilos\/","title":{"rendered":"Oposi\u00e7\u00e3o derrota governistas e aprova castra\u00e7\u00e3o qu\u00edmica para ped\u00f3filos"},"content":{"rendered":"\n<p><em><span class=\"has-inline-color has-black-color\">Sess\u00e3o legislativa da C\u00e2mara nesta quinta-feira (12)<\/span><\/em><\/p>\n\n\n\n<p><span class=\"has-inline-color has-black-color\">Por <strong><a href=\"https:\/\/www.gazetadopovo.com.br\/autor\/ana-carolina-curvello\/\">Ana Carolina Curvello<\/a><\/strong><\/span><\/p>\n\n\n\n<div class=\"wp-block-image\"><figure class=\"aligncenter size-large is-resized\"><a href=\"https:\/\/www.facebook.com\/vetor.vix\/\"><img loading=\"lazy\" decoding=\"async\" src=\"https:\/\/jornalfatosenoticias.com.br\/wp-content\/uploads\/2023\/09\/vetorvix1024_1.jpg\" alt=\"\" class=\"wp-image-44868\" width=\"546\" height=\"145\" srcset=\"https:\/\/jornalfatosenoticias.com.br\/wp-content\/uploads\/2023\/09\/vetorvix1024_1.jpg 1024w, https:\/\/jornalfatosenoticias.com.br\/wp-content\/uploads\/2023\/09\/vetorvix1024_1-300x80.jpg 300w, https:\/\/jornalfatosenoticias.com.br\/wp-content\/uploads\/2023\/09\/vetorvix1024_1-768x205.jpg 768w\" sizes=\"auto, (max-width: 546px) 100vw, 546px\" \/><\/a><\/figure><\/div>\n\n\n\n<p>O plen\u00e1rio da C\u00e2mara dos Deputados aprovou nesta quinta-feira (12) o PL 3976\/20, que disp\u00f5e do cadastro nacional de ped\u00f3filos na rede mundial de computadores, a ser organizado pelo Conselho Nacional de Justi\u00e7a (CNJ). O texto aprovado \u00e9 o substitutivo da relatora, deputada Delegada Katarina (PSD-SE), e segue agora para an\u00e1lise do Senado.<br>A proposta, que integra o pacote de seguran\u00e7a p\u00fablica, havia sido retirada da pauta da sess\u00e3o de ontem por falta de acordo, em rela\u00e7\u00e3o a uma emenda que permite a castra\u00e7\u00e3o qu\u00edmica para ped\u00f3filos. Deputados governistas criticaram a medida e pediram mais prazo para a discuss\u00e3o.<\/p>\n\n\n\n<div class=\"wp-block-image\"><figure class=\"aligncenter size-large is-resized\"><a href=\"https:\/\/www.facebook.com\/postobkr\/?locale=pt_BR\"><img loading=\"lazy\" decoding=\"async\" src=\"https:\/\/jornalfatosenoticias.com.br\/wp-content\/uploads\/2023\/08\/BKR-1024x1021.jpg\" alt=\"\" class=\"wp-image-44494\" width=\"301\" height=\"300\" srcset=\"https:\/\/jornalfatosenoticias.com.br\/wp-content\/uploads\/2023\/08\/BKR-1024x1021.jpg 1024w, https:\/\/jornalfatosenoticias.com.br\/wp-content\/uploads\/2023\/08\/BKR-300x300.jpg 300w, https:\/\/jornalfatosenoticias.com.br\/wp-content\/uploads\/2023\/08\/BKR-150x150.jpg 150w, https:\/\/jornalfatosenoticias.com.br\/wp-content\/uploads\/2023\/08\/BKR-768x766.jpg 768w, https:\/\/jornalfatosenoticias.com.br\/wp-content\/uploads\/2023\/08\/BKR.jpg 1080w\" sizes=\"auto, (max-width: 301px) 100vw, 301px\" \/><\/a><\/figure><\/div>\n\n\n\n<p>Na sess\u00e3o desta quinta (12), a relatora rejeitou a emenda para que fosse votado apenas o texto original da proposta. Por\u00e9m, ap\u00f3s um debate entre os deputados e a press\u00e3o da oposi\u00e7\u00e3o, a emenda foi votada separadamente e aprovada com o placar de 267 a 85 votos, al\u00e9m de 14 absten\u00e7\u00f5es. Todos os votos contr\u00e1rios foram de parlamentares da esquerda.<\/p>\n\n\n\n<div class=\"wp-block-image\"><figure class=\"aligncenter size-large is-resized\"><a href=\"https:\/\/www.instagram.com\/restaurantepegoretti\/\"><img loading=\"lazy\" decoding=\"async\" src=\"https:\/\/jornalfatosenoticias.com.br\/wp-content\/uploads\/2023\/12\/pegoretti-logo-pdf-1024x389.jpg\" alt=\"\" class=\"wp-image-47536\" width=\"419\" height=\"159\" srcset=\"https:\/\/jornalfatosenoticias.com.br\/wp-content\/uploads\/2023\/12\/pegoretti-logo-pdf-1024x389.jpg 1024w, https:\/\/jornalfatosenoticias.com.br\/wp-content\/uploads\/2023\/12\/pegoretti-logo-pdf-300x114.jpg 300w, https:\/\/jornalfatosenoticias.com.br\/wp-content\/uploads\/2023\/12\/pegoretti-logo-pdf-768x291.jpg 768w, https:\/\/jornalfatosenoticias.com.br\/wp-content\/uploads\/2023\/12\/pegoretti-logo-pdf.jpg 1120w\" sizes=\"auto, (max-width: 419px) 100vw, 419px\" \/><\/a><\/figure><\/div>\n\n\n\n<p>O autor da emenda \u00e9 o deputado Ricardo Salles (Novo-SP). No texto, ele inclui dois par\u00e1grafos, sendo um que aplica a castra\u00e7\u00e3o qu\u00edmicas \u00e0s penas previstas para o crime de pedofilia. J\u00e1 o segundo prev\u00ea que a castra\u00e7\u00e3o ser\u00e1 feita &#8220;mediante o uso de medicamentos inibidores da libido, nos termos regulamentados pelo Minist\u00e9rio da Sa\u00fade, observando-se as contraindica\u00e7\u00f5es m\u00e9dicas&#8221;.<\/p>\n\n\n\n<div class=\"wp-block-image\"><figure class=\"aligncenter size-large is-resized\"><a href=\"https:\/\/www.facebook.com\/profile.php?id=100069289606145\"><img loading=\"lazy\" decoding=\"async\" src=\"https:\/\/jornalfatosenoticias.com.br\/wp-content\/uploads\/2024\/11\/Guaitolini-Contabilidade-1024x714.jpeg\" alt=\"\" class=\"wp-image-55808\" width=\"320\" height=\"223\" srcset=\"https:\/\/jornalfatosenoticias.com.br\/wp-content\/uploads\/2024\/11\/Guaitolini-Contabilidade-1024x714.jpeg 1024w, https:\/\/jornalfatosenoticias.com.br\/wp-content\/uploads\/2024\/11\/Guaitolini-Contabilidade-300x209.jpeg 300w, https:\/\/jornalfatosenoticias.com.br\/wp-content\/uploads\/2024\/11\/Guaitolini-Contabilidade-768x535.jpeg 768w, https:\/\/jornalfatosenoticias.com.br\/wp-content\/uploads\/2024\/11\/Guaitolini-Contabilidade.jpeg 1280w\" sizes=\"auto, (max-width: 320px) 100vw, 320px\" \/><\/a><\/figure><\/div>\n\n\n\n<p>A deputada Caroline de Toni (PL-SC) enalteceu a aprova\u00e7\u00e3o da proposta e destacou que a maioria dos que votaram contra a emenda da castra\u00e7\u00e3o s\u00e3o do PT. &#8220;Ressalto, mais uma vez, voc\u00eas viram os 85 deputados que foram contr\u00e1rios \u00e0 emenda? Todos de esquerda! Porque n\u00e3o acreditam que a castra\u00e7\u00e3o seja uma &#8220;pol\u00edtica p\u00fablica&#8221; eficiente pra punir os estupradores&#8221;, escreveu a deputada na rede X.<\/p>\n\n\n\n<div class=\"wp-block-image\"><figure class=\"aligncenter size-large is-resized\"><a href=\"https:\/\/panper.com.br\/\"><img loading=\"lazy\" decoding=\"async\" src=\"https:\/\/jornalfatosenoticias.com.br\/wp-content\/uploads\/2023\/03\/logo-Panper_portal.jpg\" alt=\"\" class=\"wp-image-40208\" width=\"319\" height=\"221\" srcset=\"https:\/\/jornalfatosenoticias.com.br\/wp-content\/uploads\/2023\/03\/logo-Panper_portal.jpg 400w, https:\/\/jornalfatosenoticias.com.br\/wp-content\/uploads\/2023\/03\/logo-Panper_portal-300x208.jpg 300w\" sizes=\"auto, (max-width: 319px) 100vw, 319px\" \/><\/a><\/figure><\/div>\n\n\n\n<p>V\u00e1rios deputados da oposi\u00e7\u00e3o comemoram a aprova\u00e7\u00e3o da medida e criticaram a esquerda por serem contra a medida. &#8220;Aprovamos hoje a castra\u00e7\u00e3o qu\u00edmica para os monstros que abusam de crian\u00e7as. Embora ainda seja pouco diante da crueldade que esses criminosos cometem, j\u00e1 \u00e9 um avan\u00e7o na prote\u00e7\u00e3o das nossas crian\u00e7as.&#8221;, destacou M\u00e1rio Frias (PL-RJ).<\/p>\n\n\n\n<div class=\"wp-block-image\"><figure class=\"aligncenter size-large is-resized\"><a href=\"https:\/\/www.instagram.com\/esteiochurrascaria\/\"><img loading=\"lazy\" decoding=\"async\" src=\"https:\/\/jornalfatosenoticias.com.br\/wp-content\/uploads\/2022\/02\/LOGO-ESTEIO-1024x730.png\" alt=\"\" class=\"wp-image-27942\" width=\"342\" height=\"243\" srcset=\"https:\/\/jornalfatosenoticias.com.br\/wp-content\/uploads\/2022\/02\/LOGO-ESTEIO-1024x730.png 1024w, https:\/\/jornalfatosenoticias.com.br\/wp-content\/uploads\/2022\/02\/LOGO-ESTEIO-300x214.png 300w, https:\/\/jornalfatosenoticias.com.br\/wp-content\/uploads\/2022\/02\/LOGO-ESTEIO-768x548.png 768w, https:\/\/jornalfatosenoticias.com.br\/wp-content\/uploads\/2022\/02\/LOGO-ESTEIO.png 1123w\" sizes=\"auto, (max-width: 342px) 100vw, 342px\" \/><\/a><\/figure><\/div>\n\n\n\n<blockquote class=\"wp-block-quote is-layout-flow wp-block-quote-is-layout-flow\"><p><span class=\"has-inline-color has-luminous-vivid-orange-color\">J\u00e1 a deputada Bia Kicis (PL-DF) declarou que &#8220;quem protege os ped\u00f3filos \u00e9 a extrema esquerda&#8221;, &#8220;Ganhamos de lavada, a maior parte das pessoas quer proteger as crian\u00e7as da monstruosidade da pedofilia, mas o governo orientou contra&#8221;, ressaltou.<\/span><\/p><\/blockquote>\n\n\n\n<div class=\"wp-block-image\"><figure class=\"aligncenter size-large is-resized\"><a href=\"https:\/\/hotelmarquetti.com.br\/\"><img loading=\"lazy\" decoding=\"async\" src=\"https:\/\/jornalfatosenoticias.com.br\/wp-content\/uploads\/2023\/03\/nova-logo-Marquetti.jpg\" alt=\"\" class=\"wp-image-40207\" width=\"298\" height=\"200\" srcset=\"https:\/\/jornalfatosenoticias.com.br\/wp-content\/uploads\/2023\/03\/nova-logo-Marquetti.jpg 643w, https:\/\/jornalfatosenoticias.com.br\/wp-content\/uploads\/2023\/03\/nova-logo-Marquetti-300x202.jpg 300w\" sizes=\"auto, (max-width: 298px) 100vw, 298px\" \/><\/a><\/figure><\/div>\n\n\n\n<p>O deputado federal Chico Alencar (PSOL-RJ) tentou justificar o porqu\u00ea a esquerda \u00e9 contra a castra\u00e7\u00e3o qu\u00edmica prevista na emenda. &#8220;Em primeiro lugar, ela n\u00e3o acaba com a libido. Em segundo lugar, h\u00e1 formas de o ped\u00f3filo, esse criminoso hediondo, agredir e violentar uma crian\u00e7a, que n\u00e3o a penetra\u00e7\u00e3o. H\u00e1 outras formas de viol\u00eancia. E em terceiro lugar, existe o erro judicial. Ent\u00e3o, a castra\u00e7\u00e3o qu\u00edmica ou ainda mais a amputa\u00e7\u00e3o peniana pode gerar um grande desacerto&#8221;, declarou o parlamentar na sess\u00e3o.<\/p>\n\n\n\n<div class=\"wp-block-image\"><figure class=\"aligncenter size-large is-resized\"><a href=\"https:\/\/www.instagram.com\/ligadossaborespizzaria\/\"><img loading=\"lazy\" decoding=\"async\" src=\"https:\/\/jornalfatosenoticias.com.br\/wp-content\/uploads\/2024\/09\/WhatsApp-Image-2024-09-14-at-22.46.10-819x1024.jpeg\" alt=\"\" class=\"wp-image-54180\" width=\"269\" height=\"336\" srcset=\"https:\/\/jornalfatosenoticias.com.br\/wp-content\/uploads\/2024\/09\/WhatsApp-Image-2024-09-14-at-22.46.10-819x1024.jpeg 819w, https:\/\/jornalfatosenoticias.com.br\/wp-content\/uploads\/2024\/09\/WhatsApp-Image-2024-09-14-at-22.46.10-240x300.jpeg 240w, https:\/\/jornalfatosenoticias.com.br\/wp-content\/uploads\/2024\/09\/WhatsApp-Image-2024-09-14-at-22.46.10-768x960.jpeg 768w, https:\/\/jornalfatosenoticias.com.br\/wp-content\/uploads\/2024\/09\/WhatsApp-Image-2024-09-14-at-22.46.10.jpeg 1024w\" sizes=\"auto, (max-width: 269px) 100vw, 269px\" \/><\/a><\/figure><\/div>\n\n\n\n<p><strong><span class=\"has-inline-color has-black-color\">Bolsonaro destaca &#8220;passo hist\u00f3rico&#8221; contra pedofilia<br><\/span><\/strong>O ex-presidente Jair Bolsonaro (PL) comemorou a aprova\u00e7\u00e3o da proposta e disse que &#8220;h\u00e1 mais de uma d\u00e9cada&#8221; defendia a castra\u00e7\u00e3o qu\u00edmica para estupradores e ped\u00f3filos.<\/p>\n\n\n\n<blockquote class=\"wp-block-quote is-layout-flow wp-block-quote-is-layout-flow\"><p><span class=\"has-inline-color has-luminous-vivid-orange-color\">Hoje, a C\u00e2mara deu um passo hist\u00f3rico nessa dire\u00e7\u00e3o ao aprovar a castra\u00e7\u00e3o como parte das penas a serem impostas a criminosos envolvidos em crimes sexuais contra crian\u00e7as&#8221;, escreveu Bolsonaro na rede X.<\/span><\/p><\/blockquote>\n\n\n\n<div class=\"wp-block-image\"><figure class=\"aligncenter size-large is-resized\"><a href=\"https:\/\/www.instagram.com\/vmais.midias\/\"><img loading=\"lazy\" decoding=\"async\" src=\"https:\/\/jornalfatosenoticias.com.br\/wp-content\/uploads\/2020\/02\/DE-MAIS-DESTAQUE-VMAIS-800X700.png\" alt=\"\" class=\"wp-image-53112\" width=\"297\" height=\"260\" srcset=\"https:\/\/jornalfatosenoticias.com.br\/wp-content\/uploads\/2020\/02\/DE-MAIS-DESTAQUE-VMAIS-800X700.png 800w, https:\/\/jornalfatosenoticias.com.br\/wp-content\/uploads\/2020\/02\/DE-MAIS-DESTAQUE-VMAIS-800X700-300x263.png 300w, https:\/\/jornalfatosenoticias.com.br\/wp-content\/uploads\/2020\/02\/DE-MAIS-DESTAQUE-VMAIS-800X700-768x672.png 768w\" sizes=\"auto, (max-width: 297px) 100vw, 297px\" \/><\/a><\/figure><\/div>\n\n\n\n<p>De acordo com Bolsonaro, &#8220;ainda h\u00e1 muito a ser feito para proteger nossas crian\u00e7as e devolver a seguran\u00e7a e a tranquilidade para os brasileiros, mas esse ser\u00e1 um avan\u00e7o importante para o nosso pa\u00eds&#8221;. &#8220;Parab\u00e9ns a todos os que lutaram por isso!&#8221;, acrescentou.<\/p>\n\n\n\n<div class=\"wp-block-image\"><figure class=\"aligncenter size-large is-resized\"><a href=\"https:\/\/www.ithbrasil.com.br\/\"><img loading=\"lazy\" decoding=\"async\" src=\"https:\/\/jornalfatosenoticias.com.br\/wp-content\/uploads\/2023\/08\/ITH.jpeg\" alt=\"\" class=\"wp-image-44638\" width=\"291\" height=\"237\" srcset=\"https:\/\/jornalfatosenoticias.com.br\/wp-content\/uploads\/2023\/08\/ITH.jpeg 800w, https:\/\/jornalfatosenoticias.com.br\/wp-content\/uploads\/2023\/08\/ITH-300x244.jpeg 300w, https:\/\/jornalfatosenoticias.com.br\/wp-content\/uploads\/2023\/08\/ITH-768x624.jpeg 768w\" sizes=\"auto, (max-width: 291px) 100vw, 291px\" \/><\/a><\/figure><\/div>\n\n\n\n<p><strong><span class=\"has-inline-color has-black-color\">Cadastro nacional de ped\u00f3filos<br><\/span><\/strong>Recentemente, o presidente Lula sancionou o projeto que cria o cadastro nacional de condenados por crimes contra dignidade sexual, estupro, pedofilia ou explora\u00e7\u00e3o sexual. O projeto aprovado disp\u00f5e dos dados que ir\u00e3o compor o cadastro nacional como a inclus\u00e3o de fotografias, de pessoas condenadas por crimes ligados \u00e0 explora\u00e7\u00e3o sexual de crian\u00e7as e adolescentes e previstos no Estatuto da Crian\u00e7a e do Adolescente e no C\u00f3digo Penal.<\/p>\n\n\n\n<div class=\"wp-block-image\"><figure class=\"aligncenter size-large\"><a href=\"http:\/\/www.ferrarimaquinas.com.br\/\"><img loading=\"lazy\" decoding=\"async\" width=\"300\" height=\"250\" src=\"https:\/\/jornalfatosenoticias.com.br\/wp-content\/uploads\/2022\/02\/FERRARI_MAQUINAS-E-FERRAMENTAS2.jpg\" alt=\"\" class=\"wp-image-27860\"\/><\/a><\/figure><\/div>\n\n\n\n<blockquote class=\"wp-block-quote is-layout-flow wp-block-quote-is-layout-flow\"><p><span class=\"has-inline-color has-luminous-vivid-orange-color\">Os crimes que levar\u00e3o ao registro dos autores no cadastro nacional de ped\u00f3filos s\u00e3o exclusivamente aqueles relacionados \u00e0 viol\u00eancia sexual praticada contra crian\u00e7as e adolescentes\u201d, explicou Delegada Katarina no parecer aprovado.<\/span><\/p><\/blockquote>\n\n\n\n<div class=\"wp-block-image\"><figure class=\"aligncenter size-large is-resized\"><a href=\"https:\/\/www.controlsystems.com.br\/\"><img loading=\"lazy\" decoding=\"async\" src=\"https:\/\/jornalfatosenoticias.com.br\/wp-content\/uploads\/2020\/02\/CONTROL-CS.jpg\" alt=\"\" class=\"wp-image-44991\" width=\"270\" height=\"323\" srcset=\"https:\/\/jornalfatosenoticias.com.br\/wp-content\/uploads\/2020\/02\/CONTROL-CS.jpg 834w, https:\/\/jornalfatosenoticias.com.br\/wp-content\/uploads\/2020\/02\/CONTROL-CS-250x300.jpg 250w, https:\/\/jornalfatosenoticias.com.br\/wp-content\/uploads\/2020\/02\/CONTROL-CS-768x921.jpg 768w\" sizes=\"auto, (max-width: 270px) 100vw, 270px\" \/><\/a><\/figure><\/div>\n\n\n\n<p>Entre esses crimes est\u00e3o: estupro de vulner\u00e1vel; corrup\u00e7\u00e3o de menores; explora\u00e7\u00e3o sexual de crian\u00e7a, adolescente ou vulner\u00e1vel; e delitos praticados por meios digitais, como produzir, armazenar, divulgar ou expor v\u00eddeo de sexo envolvendo crian\u00e7a ou adolescente.<\/p>\n\n\n\n<div class=\"wp-block-image\"><figure class=\"aligncenter size-large\"><a href=\"https:\/\/cesconetto.com.br\/\"><img loading=\"lazy\" decoding=\"async\" width=\"300\" height=\"250\" src=\"https:\/\/jornalfatosenoticias.com.br\/wp-content\/uploads\/2022\/02\/Banner-2.png\" alt=\"\" class=\"wp-image-27877\"\/><\/a><\/figure><\/div>\n\n\n\n<p><strong><em>Fonte: <a href=\"https:\/\/www.gazetadopovo.com.br\/vida-e-cidadania\/oposicao-derrota-governistas-e-aprova-castracao-quimica-para-pedofilos\/\">Gazeta do Povo<\/a><\/em><\/strong><\/p>\n","protected":false},"excerpt":{"rendered":"<p>Sess\u00e3o legislativa da C\u00e2mara nesta quinta-feira (12) Por Ana Carolina Curvello O plen\u00e1rio da C\u00e2mara dos Deputados aprovou nesta quinta-feira (12) o PL 3976\/20, que disp\u00f5e do cadastro nacional de ped\u00f3filos na rede mundial de computadores, a ser organizado pelo Conselho Nacional de Justi\u00e7a (CNJ). O texto aprovado \u00e9 o substitutivo da relatora, deputada Delegada [&hellip;]<\/p>\n","protected":false},"author":2,"featured_media":56387,"comment_status":"open","ping_status":"open","sticky":false,"template":"","format":"standard","meta":{"footnotes":""},"categories":[10],"tags":[982,25727,670,1795,3528,4101,4808],"class_list":["post-56386","post","type-post","status-publish","format-standard","has-post-thumbnail","hentry","category-politica","tag-camara-dos-deputados","tag-caroline-de-toni","tag-criancas","tag-jair-bolsonaro","tag-pedofilia","tag-seguranca-publica","tag-violencia-sexual"],"yoast_head":"<!-- This site is optimized with the Yoast SEO plugin v26.5 - https:\/\/yoast.com\/wordpress\/plugins\/seo\/ -->\n<title>Oposi\u00e7\u00e3o derrota governistas e aprova castra\u00e7\u00e3o qu\u00edmica para ped\u00f3filos - Jornal Fatos e Not\u00edcias<\/title>\n<meta name=\"robots\" content=\"index, follow, max-snippet:-1, max-image-preview:large, max-video-preview:-1\" \/>\n<link rel=\"canonical\" href=\"https:\/\/jornalfatosenoticias.com.br\/index.php\/2024\/12\/13\/oposicao-derrota-governistas-e-aprova-castracao-quimica-para-pedofilos\/\" \/>\n<meta property=\"og:locale\" content=\"pt_BR\" \/>\n<meta property=\"og:type\" content=\"article\" \/>\n<meta property=\"og:title\" content=\"Oposi\u00e7\u00e3o derrota governistas e aprova castra\u00e7\u00e3o qu\u00edmica para ped\u00f3filos - Jornal Fatos e Not\u00edcias\" \/>\n<meta property=\"og:description\" content=\"Sess\u00e3o legislativa da C\u00e2mara nesta quinta-feira (12) Por Ana Carolina Curvello O plen\u00e1rio da C\u00e2mara dos Deputados aprovou nesta quinta-feira (12) o PL 3976\/20, que disp\u00f5e do cadastro nacional de ped\u00f3filos na rede mundial de computadores, a ser organizado pelo Conselho Nacional de Justi\u00e7a (CNJ). O texto aprovado \u00e9 o substitutivo da relatora, deputada Delegada [&hellip;]\" \/>\n<meta property=\"og:url\" content=\"https:\/\/jornalfatosenoticias.com.br\/index.php\/2024\/12\/13\/oposicao-derrota-governistas-e-aprova-castracao-quimica-para-pedofilos\/\" \/>\n<meta property=\"og:site_name\" content=\"Jornal Fatos e Not\u00edcias\" \/>\n<meta property=\"article:published_time\" content=\"2024-12-13T13:47:23+00:00\" \/>\n<meta property=\"article:modified_time\" content=\"2024-12-13T13:47:24+00:00\" \/>\n<meta property=\"og:image\" content=\"https:\/\/jornalfatosenoticias.com.br\/wp-content\/uploads\/2024\/12\/camara-dos-deputados.jpg\" \/>\n\t<meta property=\"og:image:width\" content=\"1000\" \/>\n\t<meta property=\"og:image:height\" content=\"617\" \/>\n\t<meta property=\"og:image:type\" content=\"image\/jpeg\" \/>\n<meta name=\"author\" content=\"Luzimara Fernandes\" \/>\n<meta name=\"twitter:card\" content=\"summary_large_image\" \/>\n<meta name=\"twitter:label1\" content=\"Escrito por\" \/>\n\t<meta name=\"twitter:data1\" content=\"Luzimara Fernandes\" \/>\n\t<meta name=\"twitter:label2\" content=\"Est. tempo de leitura\" \/>\n\t<meta name=\"twitter:data2\" content=\"4 minutos\" \/>\n<script type=\"application\/ld+json\" class=\"yoast-schema-graph\">{\"@context\":\"https:\/\/schema.org\",\"@graph\":[{\"@type\":\"Article\",\"@id\":\"https:\/\/jornalfatosenoticias.com.br\/index.php\/2024\/12\/13\/oposicao-derrota-governistas-e-aprova-castracao-quimica-para-pedofilos\/#article\",\"isPartOf\":{\"@id\":\"https:\/\/jornalfatosenoticias.com.br\/index.php\/2024\/12\/13\/oposicao-derrota-governistas-e-aprova-castracao-quimica-para-pedofilos\/\"},\"author\":{\"name\":\"Luzimara Fernandes\",\"@id\":\"https:\/\/jornalfatosenoticias.com.br\/#\/schema\/person\/d63837fa13ac8666eb9e74e0985d6f81\"},\"headline\":\"Oposi\u00e7\u00e3o derrota governistas e aprova castra\u00e7\u00e3o qu\u00edmica para ped\u00f3filos\",\"datePublished\":\"2024-12-13T13:47:23+00:00\",\"dateModified\":\"2024-12-13T13:47:24+00:00\",\"mainEntityOfPage\":{\"@id\":\"https:\/\/jornalfatosenoticias.com.br\/index.php\/2024\/12\/13\/oposicao-derrota-governistas-e-aprova-castracao-quimica-para-pedofilos\/\"},\"wordCount\":819,\"commentCount\":0,\"publisher\":{\"@id\":\"https:\/\/jornalfatosenoticias.com.br\/#organization\"},\"image\":{\"@id\":\"https:\/\/jornalfatosenoticias.com.br\/index.php\/2024\/12\/13\/oposicao-derrota-governistas-e-aprova-castracao-quimica-para-pedofilos\/#primaryimage\"},\"thumbnailUrl\":\"https:\/\/jornalfatosenoticias.com.br\/wp-content\/uploads\/2024\/12\/camara-dos-deputados.jpg\",\"keywords\":[\"C\u00e2mara dos Deputados\",\"Caroline de Toni\",\"crian\u00e7as\",\"Jair Bolsonaro\",\"pedofilia\",\"seguran\u00e7a p\u00fablica\",\"Viol\u00eancia Sexual\"],\"articleSection\":[\"Pol\u00edtica\"],\"inLanguage\":\"pt-BR\",\"potentialAction\":[{\"@type\":\"CommentAction\",\"name\":\"Comment\",\"target\":[\"https:\/\/jornalfatosenoticias.com.br\/index.php\/2024\/12\/13\/oposicao-derrota-governistas-e-aprova-castracao-quimica-para-pedofilos\/#respond\"]}]},{\"@type\":\"WebPage\",\"@id\":\"https:\/\/jornalfatosenoticias.com.br\/index.php\/2024\/12\/13\/oposicao-derrota-governistas-e-aprova-castracao-quimica-para-pedofilos\/\",\"url\":\"https:\/\/jornalfatosenoticias.com.br\/index.php\/2024\/12\/13\/oposicao-derrota-governistas-e-aprova-castracao-quimica-para-pedofilos\/\",\"name\":\"Oposi\u00e7\u00e3o derrota governistas e aprova castra\u00e7\u00e3o qu\u00edmica para ped\u00f3filos - Jornal Fatos e Not\u00edcias\",\"isPartOf\":{\"@id\":\"https:\/\/jornalfatosenoticias.com.br\/#website\"},\"primaryImageOfPage\":{\"@id\":\"https:\/\/jornalfatosenoticias.com.br\/index.php\/2024\/12\/13\/oposicao-derrota-governistas-e-aprova-castracao-quimica-para-pedofilos\/#primaryimage\"},\"image\":{\"@id\":\"https:\/\/jornalfatosenoticias.com.br\/index.php\/2024\/12\/13\/oposicao-derrota-governistas-e-aprova-castracao-quimica-para-pedofilos\/#primaryimage\"},\"thumbnailUrl\":\"https:\/\/jornalfatosenoticias.com.br\/wp-content\/uploads\/2024\/12\/camara-dos-deputados.jpg\",\"datePublished\":\"2024-12-13T13:47:23+00:00\",\"dateModified\":\"2024-12-13T13:47:24+00:00\",\"breadcrumb\":{\"@id\":\"https:\/\/jornalfatosenoticias.com.br\/index.php\/2024\/12\/13\/oposicao-derrota-governistas-e-aprova-castracao-quimica-para-pedofilos\/#breadcrumb\"},\"inLanguage\":\"pt-BR\",\"potentialAction\":[{\"@type\":\"ReadAction\",\"target\":[\"https:\/\/jornalfatosenoticias.com.br\/index.php\/2024\/12\/13\/oposicao-derrota-governistas-e-aprova-castracao-quimica-para-pedofilos\/\"]}]},{\"@type\":\"ImageObject\",\"inLanguage\":\"pt-BR\",\"@id\":\"https:\/\/jornalfatosenoticias.com.br\/index.php\/2024\/12\/13\/oposicao-derrota-governistas-e-aprova-castracao-quimica-para-pedofilos\/#primaryimage\",\"url\":\"https:\/\/jornalfatosenoticias.com.br\/wp-content\/uploads\/2024\/12\/camara-dos-deputados.jpg\",\"contentUrl\":\"https:\/\/jornalfatosenoticias.com.br\/wp-content\/uploads\/2024\/12\/camara-dos-deputados.jpg\",\"width\":1000,\"height\":617},{\"@type\":\"BreadcrumbList\",\"@id\":\"https:\/\/jornalfatosenoticias.com.br\/index.php\/2024\/12\/13\/oposicao-derrota-governistas-e-aprova-castracao-quimica-para-pedofilos\/#breadcrumb\",\"itemListElement\":[{\"@type\":\"ListItem\",\"position\":1,\"name\":\"In\u00edcio\",\"item\":\"https:\/\/jornalfatosenoticias.com.br\/\"},{\"@type\":\"ListItem\",\"position\":2,\"name\":\"Oposi\u00e7\u00e3o derrota governistas e aprova castra\u00e7\u00e3o qu\u00edmica para ped\u00f3filos\"}]},{\"@type\":\"WebSite\",\"@id\":\"https:\/\/jornalfatosenoticias.com.br\/#website\",\"url\":\"https:\/\/jornalfatosenoticias.com.br\/\",\"name\":\"Jornal Fatos e Not\u00edcias\",\"description\":\"Not\u00edcias em geral\",\"publisher\":{\"@id\":\"https:\/\/jornalfatosenoticias.com.br\/#organization\"},\"potentialAction\":[{\"@type\":\"SearchAction\",\"target\":{\"@type\":\"EntryPoint\",\"urlTemplate\":\"https:\/\/jornalfatosenoticias.com.br\/?s={search_term_string}\"},\"query-input\":{\"@type\":\"PropertyValueSpecification\",\"valueRequired\":true,\"valueName\":\"search_term_string\"}}],\"inLanguage\":\"pt-BR\"},{\"@type\":\"Organization\",\"@id\":\"https:\/\/jornalfatosenoticias.com.br\/#organization\",\"name\":\"Jornal Fatos e Not\u00edcias\",\"url\":\"https:\/\/jornalfatosenoticias.com.br\/\",\"logo\":{\"@type\":\"ImageObject\",\"inLanguage\":\"pt-BR\",\"@id\":\"https:\/\/jornalfatosenoticias.com.br\/#\/schema\/logo\/image\/\",\"url\":\"https:\/\/jornalfatosenoticias.com.br\/wp-content\/uploads\/2020\/02\/logo120.png\",\"contentUrl\":\"https:\/\/jornalfatosenoticias.com.br\/wp-content\/uploads\/2020\/02\/logo120.png\",\"width\":1227,\"height\":120,\"caption\":\"Jornal Fatos e Not\u00edcias\"},\"image\":{\"@id\":\"https:\/\/jornalfatosenoticias.com.br\/#\/schema\/logo\/image\/\"}},{\"@type\":\"Person\",\"@id\":\"https:\/\/jornalfatosenoticias.com.br\/#\/schema\/person\/d63837fa13ac8666eb9e74e0985d6f81\",\"name\":\"Luzimara Fernandes\",\"image\":{\"@type\":\"ImageObject\",\"inLanguage\":\"pt-BR\",\"@id\":\"https:\/\/jornalfatosenoticias.com.br\/#\/schema\/person\/image\/\",\"url\":\"https:\/\/jornalfatosenoticias.com.br\/wp-content\/uploads\/2025\/05\/EU_portal.jpg\",\"contentUrl\":\"https:\/\/jornalfatosenoticias.com.br\/wp-content\/uploads\/2025\/05\/EU_portal.jpg\",\"caption\":\"Luzimara Fernandes\"},\"description\":\"Jornalista MTB 2358-ES\",\"sameAs\":[\"https:\/\/jornalfatosenoticias.com.br\"],\"url\":\"https:\/\/jornalfatosenoticias.com.br\/index.php\/author\/luzimara\/\"}]}<\/script>\n<!-- \/ Yoast SEO plugin. -->","yoast_head_json":{"title":"Oposi\u00e7\u00e3o derrota governistas e aprova castra\u00e7\u00e3o qu\u00edmica para ped\u00f3filos - Jornal Fatos e Not\u00edcias","robots":{"index":"index","follow":"follow","max-snippet":"max-snippet:-1","max-image-preview":"max-image-preview:large","max-video-preview":"max-video-preview:-1"},"canonical":"https:\/\/jornalfatosenoticias.com.br\/index.php\/2024\/12\/13\/oposicao-derrota-governistas-e-aprova-castracao-quimica-para-pedofilos\/","og_locale":"pt_BR","og_type":"article","og_title":"Oposi\u00e7\u00e3o derrota governistas e aprova castra\u00e7\u00e3o qu\u00edmica para ped\u00f3filos - Jornal Fatos e Not\u00edcias","og_description":"Sess\u00e3o legislativa da C\u00e2mara nesta quinta-feira (12) Por Ana Carolina Curvello O plen\u00e1rio da C\u00e2mara dos Deputados aprovou nesta quinta-feira (12) o PL 3976\/20, que disp\u00f5e do cadastro nacional de ped\u00f3filos na rede mundial de computadores, a ser organizado pelo Conselho Nacional de Justi\u00e7a (CNJ). O texto aprovado \u00e9 o substitutivo da relatora, deputada Delegada [&hellip;]","og_url":"https:\/\/jornalfatosenoticias.com.br\/index.php\/2024\/12\/13\/oposicao-derrota-governistas-e-aprova-castracao-quimica-para-pedofilos\/","og_site_name":"Jornal Fatos e Not\u00edcias","article_published_time":"2024-12-13T13:47:23+00:00","article_modified_time":"2024-12-13T13:47:24+00:00","og_image":[{"width":1000,"height":617,"url":"https:\/\/jornalfatosenoticias.com.br\/wp-content\/uploads\/2024\/12\/camara-dos-deputados.jpg","type":"image\/jpeg"}],"author":"Luzimara Fernandes","twitter_card":"summary_large_image","twitter_misc":{"Escrito por":"Luzimara Fernandes","Est. tempo de leitura":"4 minutos"},"schema":{"@context":"https:\/\/schema.org","@graph":[{"@type":"Article","@id":"https:\/\/jornalfatosenoticias.com.br\/index.php\/2024\/12\/13\/oposicao-derrota-governistas-e-aprova-castracao-quimica-para-pedofilos\/#article","isPartOf":{"@id":"https:\/\/jornalfatosenoticias.com.br\/index.php\/2024\/12\/13\/oposicao-derrota-governistas-e-aprova-castracao-quimica-para-pedofilos\/"},"author":{"name":"Luzimara Fernandes","@id":"https:\/\/jornalfatosenoticias.com.br\/#\/schema\/person\/d63837fa13ac8666eb9e74e0985d6f81"},"headline":"Oposi\u00e7\u00e3o derrota governistas e aprova castra\u00e7\u00e3o qu\u00edmica para ped\u00f3filos","datePublished":"2024-12-13T13:47:23+00:00","dateModified":"2024-12-13T13:47:24+00:00","mainEntityOfPage":{"@id":"https:\/\/jornalfatosenoticias.com.br\/index.php\/2024\/12\/13\/oposicao-derrota-governistas-e-aprova-castracao-quimica-para-pedofilos\/"},"wordCount":819,"commentCount":0,"publisher":{"@id":"https:\/\/jornalfatosenoticias.com.br\/#organization"},"image":{"@id":"https:\/\/jornalfatosenoticias.com.br\/index.php\/2024\/12\/13\/oposicao-derrota-governistas-e-aprova-castracao-quimica-para-pedofilos\/#primaryimage"},"thumbnailUrl":"https:\/\/jornalfatosenoticias.com.br\/wp-content\/uploads\/2024\/12\/camara-dos-deputados.jpg","keywords":["C\u00e2mara dos Deputados","Caroline de Toni","crian\u00e7as","Jair Bolsonaro","pedofilia","seguran\u00e7a p\u00fablica","Viol\u00eancia Sexual"],"articleSection":["Pol\u00edtica"],"inLanguage":"pt-BR","potentialAction":[{"@type":"CommentAction","name":"Comment","target":["https:\/\/jornalfatosenoticias.com.br\/index.php\/2024\/12\/13\/oposicao-derrota-governistas-e-aprova-castracao-quimica-para-pedofilos\/#respond"]}]},{"@type":"WebPage","@id":"https:\/\/jornalfatosenoticias.com.br\/index.php\/2024\/12\/13\/oposicao-derrota-governistas-e-aprova-castracao-quimica-para-pedofilos\/","url":"https:\/\/jornalfatosenoticias.com.br\/index.php\/2024\/12\/13\/oposicao-derrota-governistas-e-aprova-castracao-quimica-para-pedofilos\/","name":"Oposi\u00e7\u00e3o derrota governistas e aprova castra\u00e7\u00e3o qu\u00edmica para ped\u00f3filos - Jornal Fatos e Not\u00edcias","isPartOf":{"@id":"https:\/\/jornalfatosenoticias.com.br\/#website"},"primaryImageOfPage":{"@id":"https:\/\/jornalfatosenoticias.com.br\/index.php\/2024\/12\/13\/oposicao-derrota-governistas-e-aprova-castracao-quimica-para-pedofilos\/#primaryimage"},"image":{"@id":"https:\/\/jornalfatosenoticias.com.br\/index.php\/2024\/12\/13\/oposicao-derrota-governistas-e-aprova-castracao-quimica-para-pedofilos\/#primaryimage"},"thumbnailUrl":"https:\/\/jornalfatosenoticias.com.br\/wp-content\/uploads\/2024\/12\/camara-dos-deputados.jpg","datePublished":"2024-12-13T13:47:23+00:00","dateModified":"2024-12-13T13:47:24+00:00","breadcrumb":{"@id":"https:\/\/jornalfatosenoticias.com.br\/index.php\/2024\/12\/13\/oposicao-derrota-governistas-e-aprova-castracao-quimica-para-pedofilos\/#breadcrumb"},"inLanguage":"pt-BR","potentialAction":[{"@type":"ReadAction","target":["https:\/\/jornalfatosenoticias.com.br\/index.php\/2024\/12\/13\/oposicao-derrota-governistas-e-aprova-castracao-quimica-para-pedofilos\/"]}]},{"@type":"ImageObject","inLanguage":"pt-BR","@id":"https:\/\/jornalfatosenoticias.com.br\/index.php\/2024\/12\/13\/oposicao-derrota-governistas-e-aprova-castracao-quimica-para-pedofilos\/#primaryimage","url":"https:\/\/jornalfatosenoticias.com.br\/wp-content\/uploads\/2024\/12\/camara-dos-deputados.jpg","contentUrl":"https:\/\/jornalfatosenoticias.com.br\/wp-content\/uploads\/2024\/12\/camara-dos-deputados.jpg","width":1000,"height":617},{"@type":"BreadcrumbList","@id":"https:\/\/jornalfatosenoticias.com.br\/index.php\/2024\/12\/13\/oposicao-derrota-governistas-e-aprova-castracao-quimica-para-pedofilos\/#breadcrumb","itemListElement":[{"@type":"ListItem","position":1,"name":"In\u00edcio","item":"https:\/\/jornalfatosenoticias.com.br\/"},{"@type":"ListItem","position":2,"name":"Oposi\u00e7\u00e3o derrota governistas e aprova castra\u00e7\u00e3o qu\u00edmica para ped\u00f3filos"}]},{"@type":"WebSite","@id":"https:\/\/jornalfatosenoticias.com.br\/#website","url":"https:\/\/jornalfatosenoticias.com.br\/","name":"Jornal Fatos e Not\u00edcias","description":"Not\u00edcias em geral","publisher":{"@id":"https:\/\/jornalfatosenoticias.com.br\/#organization"},"potentialAction":[{"@type":"SearchAction","target":{"@type":"EntryPoint","urlTemplate":"https:\/\/jornalfatosenoticias.com.br\/?s={search_term_string}"},"query-input":{"@type":"PropertyValueSpecification","valueRequired":true,"valueName":"search_term_string"}}],"inLanguage":"pt-BR"},{"@type":"Organization","@id":"https:\/\/jornalfatosenoticias.com.br\/#organization","name":"Jornal Fatos e Not\u00edcias","url":"https:\/\/jornalfatosenoticias.com.br\/","logo":{"@type":"ImageObject","inLanguage":"pt-BR","@id":"https:\/\/jornalfatosenoticias.com.br\/#\/schema\/logo\/image\/","url":"https:\/\/jornalfatosenoticias.com.br\/wp-content\/uploads\/2020\/02\/logo120.png","contentUrl":"https:\/\/jornalfatosenoticias.com.br\/wp-content\/uploads\/2020\/02\/logo120.png","width":1227,"height":120,"caption":"Jornal Fatos e Not\u00edcias"},"image":{"@id":"https:\/\/jornalfatosenoticias.com.br\/#\/schema\/logo\/image\/"}},{"@type":"Person","@id":"https:\/\/jornalfatosenoticias.com.br\/#\/schema\/person\/d63837fa13ac8666eb9e74e0985d6f81","name":"Luzimara Fernandes","image":{"@type":"ImageObject","inLanguage":"pt-BR","@id":"https:\/\/jornalfatosenoticias.com.br\/#\/schema\/person\/image\/","url":"https:\/\/jornalfatosenoticias.com.br\/wp-content\/uploads\/2025\/05\/EU_portal.jpg","contentUrl":"https:\/\/jornalfatosenoticias.com.br\/wp-content\/uploads\/2025\/05\/EU_portal.jpg","caption":"Luzimara Fernandes"},"description":"Jornalista MTB 2358-ES","sameAs":["https:\/\/jornalfatosenoticias.com.br"],"url":"https:\/\/jornalfatosenoticias.com.br\/index.php\/author\/luzimara\/"}]}},"cc_featured_image_caption":{"caption_text":"(Foto: Bruno Spada\/C\u00e2mara dos Deputados)","source_text":"","source_url":""},"jetpack_featured_media_url":"https:\/\/jornalfatosenoticias.com.br\/wp-content\/uploads\/2024\/12\/camara-dos-deputados.jpg","_links":{"self":[{"href":"https:\/\/jornalfatosenoticias.com.br\/index.php\/wp-json\/wp\/v2\/posts\/56386","targetHints":{"allow":["GET"]}}],"collection":[{"href":"https:\/\/jornalfatosenoticias.com.br\/index.php\/wp-json\/wp\/v2\/posts"}],"about":[{"href":"https:\/\/jornalfatosenoticias.com.br\/index.php\/wp-json\/wp\/v2\/types\/post"}],"author":[{"embeddable":true,"href":"https:\/\/jornalfatosenoticias.com.br\/index.php\/wp-json\/wp\/v2\/users\/2"}],"replies":[{"embeddable":true,"href":"https:\/\/jornalfatosenoticias.com.br\/index.php\/wp-json\/wp\/v2\/comments?post=56386"}],"version-history":[{"count":0,"href":"https:\/\/jornalfatosenoticias.com.br\/index.php\/wp-json\/wp\/v2\/posts\/56386\/revisions"}],"wp:featuredmedia":[{"embeddable":true,"href":"https:\/\/jornalfatosenoticias.com.br\/index.php\/wp-json\/wp\/v2\/media\/56387"}],"wp:attachment":[{"href":"https:\/\/jornalfatosenoticias.com.br\/index.php\/wp-json\/wp\/v2\/media?parent=56386"}],"wp:term":[{"taxonomy":"category","embeddable":true,"href":"https:\/\/jornalfatosenoticias.com.br\/index.php\/wp-json\/wp\/v2\/categories?post=56386"},{"taxonomy":"post_tag","embeddable":true,"href":"https:\/\/jornalfatosenoticias.com.br\/index.php\/wp-json\/wp\/v2\/tags?post=56386"}],"curies":[{"name":"wp","href":"https:\/\/api.w.org\/{rel}","templated":true}]}}