{"id":56421,"date":"2024-12-17T08:48:28","date_gmt":"2024-12-17T11:48:28","guid":{"rendered":"https:\/\/jornalfatosenoticias.com.br\/?p=56421"},"modified":"2024-12-17T08:48:29","modified_gmt":"2024-12-17T11:48:29","slug":"astronomos-localizam-a-origem-de-misteriosos-sinais-de-radio-detectados-no-espaco","status":"publish","type":"post","link":"https:\/\/jornalfatosenoticias.com.br\/index.php\/2024\/12\/17\/astronomos-localizam-a-origem-de-misteriosos-sinais-de-radio-detectados-no-espaco\/","title":{"rendered":"Astr\u00f4nomos localizam a origem de misteriosos sinais de r\u00e1dio detectados no espa\u00e7o"},"content":{"rendered":"\n<p><em><span class=\"has-inline-color has-black-color\">Descoberta pode revelar novos fen\u00f4menos f\u00edsicos e ajuda a entender pulsos c\u00f3smicos enigm\u00e1ticos<\/span><\/em><\/p>\n\n\n\n<div class=\"wp-block-image\"><figure class=\"aligncenter size-large\"><a href=\"https:\/\/mizu.com.br\/\"><img loading=\"lazy\" decoding=\"async\" width=\"729\" height=\"90\" src=\"https:\/\/jornalfatosenoticias.com.br\/wp-content\/uploads\/2020\/02\/Logo_Mizu.png\" alt=\"\" class=\"wp-image-1441\" srcset=\"https:\/\/jornalfatosenoticias.com.br\/wp-content\/uploads\/2020\/02\/Logo_Mizu.png 729w, https:\/\/jornalfatosenoticias.com.br\/wp-content\/uploads\/2020\/02\/Logo_Mizu-300x37.png 300w\" sizes=\"auto, (max-width: 729px) 100vw, 729px\" \/><\/a><\/figure><\/div>\n\n\n\n<p>Pesquisadores identificaram, pela primeira vez, a origem de intensos sinais de r\u00e1dio peri\u00f3dicos que intrigavam a comunidade cient\u00edfica desde 2022. Esses pulsos, que se repetem em intervalos regulares e por tempos prolongados, foram rastreados at\u00e9 uma estrela an\u00e3 vermelha, possivelmente em \u00f3rbita bin\u00e1ria com uma an\u00e3 branca \u2014 o n\u00facleo de uma estrela que explodiu no passado. Um estudo sobre a descoberta foi publicado no peri\u00f3dico The Astrophysical Journal Letters.<br>Os cientistas haviam detectado a fonte dos pulsos, que se repetem a cada 2,9 horas, com o radiotelesc\u00f3pio Murchison Widefield Array, na Austr\u00e1lia, e confirmaram sua localiza\u00e7\u00e3o com o telesc\u00f3pio MeerKAT, na \u00c1frica do Sul. <\/p>\n\n\n\n<div class=\"wp-block-image\"><figure class=\"aligncenter size-large is-resized\"><a href=\"https:\/\/www.instagram.com\/serra4x4cambioautomatico\/\"><img loading=\"lazy\" decoding=\"async\" src=\"https:\/\/jornalfatosenoticias.com.br\/wp-content\/uploads\/2024\/08\/Serra-4x4-1-886x1024.jpg\" alt=\"\" class=\"wp-image-53632\" width=\"318\" height=\"368\" srcset=\"https:\/\/jornalfatosenoticias.com.br\/wp-content\/uploads\/2024\/08\/Serra-4x4-1-886x1024.jpg 886w, https:\/\/jornalfatosenoticias.com.br\/wp-content\/uploads\/2024\/08\/Serra-4x4-1-260x300.jpg 260w, https:\/\/jornalfatosenoticias.com.br\/wp-content\/uploads\/2024\/08\/Serra-4x4-1-768x888.jpg 768w, https:\/\/jornalfatosenoticias.com.br\/wp-content\/uploads\/2024\/08\/Serra-4x4-1.jpg 1181w\" sizes=\"auto, (max-width: 318px) 100vw, 318px\" \/><\/a><\/figure><\/div>\n\n\n\n<blockquote class=\"wp-block-quote is-layout-flow wp-block-quote-is-layout-flow\"><p><span class=\"has-inline-color has-luminous-vivid-orange-color\">Apelidado de GLEAM-X J0704-37, ele produz pulsos de ondas de r\u00e1dio com dura\u00e7\u00e3o de um minuto, assim como outros transientes de r\u00e1dio de longo per\u00edodo&#8221;, disse Natasha Hurley-Walker, autora do estudo e pesquisadora da Universidade Curtin, em um artigo para o site The Conversation.<\/span><\/p><\/blockquote>\n\n\n\n<div class=\"wp-block-image\"><figure class=\"aligncenter size-large\"><a href=\"https:\/\/www.facebook.com\/vetor.vix\/\"><img loading=\"lazy\" decoding=\"async\" width=\"1024\" height=\"273\" src=\"https:\/\/jornalfatosenoticias.com.br\/wp-content\/uploads\/2023\/09\/vetorvix1024_1.jpg\" alt=\"\" class=\"wp-image-44868\" srcset=\"https:\/\/jornalfatosenoticias.com.br\/wp-content\/uploads\/2023\/09\/vetorvix1024_1.jpg 1024w, https:\/\/jornalfatosenoticias.com.br\/wp-content\/uploads\/2023\/09\/vetorvix1024_1-300x80.jpg 300w, https:\/\/jornalfatosenoticias.com.br\/wp-content\/uploads\/2023\/09\/vetorvix1024_1-768x205.jpg 768w\" sizes=\"auto, (max-width: 1024px) 100vw, 1024px\" \/><\/a><\/figure><\/div>\n\n\n\n<p>Segundo os pesquisadores, as evid\u00eancias provavelmente indicam que o emissor de r\u00e1dio n\u00e3o \u00e9 a pr\u00f3pria an\u00e3 vermelha, mas sim um objeto invis\u00edvel em \u00f3rbita bin\u00e1ria com ela. <\/p>\n\n\n\n<figure class=\"wp-block-embed-youtube wp-block-embed is-type-video is-provider-youtube wp-embed-aspect-16-9 wp-has-aspect-ratio\"><div class=\"wp-block-embed__wrapper\">\n<iframe loading=\"lazy\" title=\"Sinal captado no espa\u00e7o sideral comprova a vida extraterrestre? | INEXPLIC\u00c1VEL COM WILLIAM SHATNER\" width=\"660\" height=\"371\" src=\"https:\/\/www.youtube.com\/embed\/7EfgJU1SSJ8?feature=oembed\" frameborder=\"0\" allow=\"accelerometer; autoplay; clipboard-write; encrypted-media; gyroscope; picture-in-picture; web-share\" referrerpolicy=\"strict-origin-when-cross-origin\" allowfullscreen><\/iframe>\n<\/div><\/figure>\n\n\n\n<blockquote class=\"wp-block-quote is-layout-flow wp-block-quote-is-layout-flow\"><p><span class=\"has-inline-color has-luminous-vivid-orange-color\">Isso pode ser semelhante \u00e0 forma como o vento estelar do Sol interage com o campo magn\u00e9tico da Terra para produzir belas auroras e tamb\u00e9m ondas de r\u00e1dio de baixa frequ\u00eancia&#8221;, disse Hurley-Walker. <\/span><\/p><\/blockquote>\n\n\n\n<div class=\"wp-block-image\"><figure class=\"aligncenter size-large is-resized\"><a href=\"https:\/\/www.instagram.com\/vmais.midias\/\"><img loading=\"lazy\" decoding=\"async\" src=\"https:\/\/jornalfatosenoticias.com.br\/wp-content\/uploads\/2020\/02\/DE-MAIS-DESTAQUE-VMAIS-800X700.png\" alt=\"\" class=\"wp-image-53112\" width=\"352\" height=\"307\" srcset=\"https:\/\/jornalfatosenoticias.com.br\/wp-content\/uploads\/2020\/02\/DE-MAIS-DESTAQUE-VMAIS-800X700.png 800w, https:\/\/jornalfatosenoticias.com.br\/wp-content\/uploads\/2020\/02\/DE-MAIS-DESTAQUE-VMAIS-800X700-300x263.png 300w, https:\/\/jornalfatosenoticias.com.br\/wp-content\/uploads\/2020\/02\/DE-MAIS-DESTAQUE-VMAIS-800X700-768x672.png 768w\" sizes=\"auto, (max-width: 352px) 100vw, 352px\" \/><\/a><\/figure><\/div>\n\n\n\n<p>Fen\u00f4menos semelhantes j\u00e1 foram observados, mas o brilho e o intervalo desses novos sinais s\u00e3o \u00fanicos, apontando para poss\u00edveis varia\u00e7\u00f5es ainda desconhecidas no comportamento dessas estrelas.<\/p>\n\n\n\n<blockquote class=\"wp-block-quote is-layout-flow wp-block-quote-is-layout-flow\"><p><span class=\"has-inline-color has-luminous-vivid-orange-color\">J\u00e1 conhecemos alguns sistemas como esse, como o AR Scorpii, onde varia\u00e7\u00f5es no brilho da an\u00e3 vermelha sugerem que a an\u00e3 branca companheira a est\u00e1 atingindo com um poderoso feixe de ondas de r\u00e1dio a cada dois minutos. Nenhum desses sistemas \u00e9 t\u00e3o brilhante ou t\u00e3o lento quanto os transientes de r\u00e1dio de longo per\u00edodo, mas talvez, ao encontrarmos mais exemplos, possamos desenvolver um modelo f\u00edsico unificador que explique todos eles&#8221;, completou a pesquisadora.<\/span><\/p><\/blockquote>\n\n\n\n<div class=\"wp-block-image\"><figure class=\"aligncenter size-large is-resized\"><a href=\"https:\/\/www.ithbrasil.com.br\/\"><img loading=\"lazy\" decoding=\"async\" src=\"https:\/\/jornalfatosenoticias.com.br\/wp-content\/uploads\/2023\/08\/ITH.jpeg\" alt=\"\" class=\"wp-image-44638\" width=\"310\" height=\"252\" srcset=\"https:\/\/jornalfatosenoticias.com.br\/wp-content\/uploads\/2023\/08\/ITH.jpeg 800w, https:\/\/jornalfatosenoticias.com.br\/wp-content\/uploads\/2023\/08\/ITH-300x244.jpeg 300w, https:\/\/jornalfatosenoticias.com.br\/wp-content\/uploads\/2023\/08\/ITH-768x624.jpeg 768w\" sizes=\"auto, (max-width: 310px) 100vw, 310px\" \/><\/a><\/figure><\/div>\n\n\n\n<p><strong><em>Fonte: <a href=\"https:\/\/www.canalhistory.com.br\/ciencia-e-tecnologia\/astronomos-localizam-origem-de-misteriosos-sinais-de-radio-detectados-no\">History Channel Brasil<\/a><\/em><\/strong><\/p>\n","protected":false},"excerpt":{"rendered":"<p>Descoberta pode revelar novos fen\u00f4menos f\u00edsicos e ajuda a entender pulsos c\u00f3smicos enigm\u00e1ticos Pesquisadores identificaram, pela primeira vez, a origem de intensos sinais de r\u00e1dio peri\u00f3dicos que intrigavam a comunidade cient\u00edfica desde 2022. Esses pulsos, que se repetem em intervalos regulares e por tempos prolongados, foram rastreados at\u00e9 uma estrela an\u00e3 vermelha, possivelmente em \u00f3rbita [&hellip;]<\/p>\n","protected":false},"author":2,"featured_media":56423,"comment_status":"open","ping_status":"open","sticky":false,"template":"","format":"standard","meta":{"footnotes":""},"categories":[2],"tags":[6260,14129,472,86,790,8266,25748],"class_list":["post-56421","post","type-post","status-publish","format-standard","has-post-thumbnail","hentry","category-ciencia","tag-ana-branca","tag-ana-vermelha","tag-astronomia","tag-espaco","tag-estrelas","tag-ondas-de-radio","tag-pulsos-cosmicos"],"yoast_head":"<!-- This site is optimized with the Yoast SEO plugin v26.5 - https:\/\/yoast.com\/wordpress\/plugins\/seo\/ -->\n<title>Astr\u00f4nomos localizam a origem de misteriosos sinais de r\u00e1dio detectados no espa\u00e7o - Jornal Fatos e Not\u00edcias<\/title>\n<meta name=\"robots\" content=\"index, follow, max-snippet:-1, max-image-preview:large, max-video-preview:-1\" \/>\n<link rel=\"canonical\" href=\"https:\/\/jornalfatosenoticias.com.br\/index.php\/2024\/12\/17\/astronomos-localizam-a-origem-de-misteriosos-sinais-de-radio-detectados-no-espaco\/\" \/>\n<meta property=\"og:locale\" content=\"pt_BR\" \/>\n<meta property=\"og:type\" content=\"article\" \/>\n<meta property=\"og:title\" content=\"Astr\u00f4nomos localizam a origem de misteriosos sinais de r\u00e1dio detectados no espa\u00e7o - Jornal Fatos e Not\u00edcias\" \/>\n<meta property=\"og:description\" content=\"Descoberta pode revelar novos fen\u00f4menos f\u00edsicos e ajuda a entender pulsos c\u00f3smicos enigm\u00e1ticos Pesquisadores identificaram, pela primeira vez, a origem de intensos sinais de r\u00e1dio peri\u00f3dicos que intrigavam a comunidade cient\u00edfica desde 2022. Esses pulsos, que se repetem em intervalos regulares e por tempos prolongados, foram rastreados at\u00e9 uma estrela an\u00e3 vermelha, possivelmente em \u00f3rbita [&hellip;]\" \/>\n<meta property=\"og:url\" content=\"https:\/\/jornalfatosenoticias.com.br\/index.php\/2024\/12\/17\/astronomos-localizam-a-origem-de-misteriosos-sinais-de-radio-detectados-no-espaco\/\" \/>\n<meta property=\"og:site_name\" content=\"Jornal Fatos e Not\u00edcias\" \/>\n<meta property=\"article:published_time\" content=\"2024-12-17T11:48:28+00:00\" \/>\n<meta property=\"article:modified_time\" content=\"2024-12-17T11:48:29+00:00\" \/>\n<meta property=\"og:image\" content=\"https:\/\/jornalfatosenoticias.com.br\/wp-content\/uploads\/2024\/12\/sinais-de-radio-no-espaco.jpg\" \/>\n\t<meta property=\"og:image:width\" content=\"1000\" \/>\n\t<meta property=\"og:image:height\" content=\"583\" \/>\n\t<meta property=\"og:image:type\" content=\"image\/jpeg\" \/>\n<meta name=\"author\" content=\"Luzimara Fernandes\" \/>\n<meta name=\"twitter:card\" content=\"summary_large_image\" \/>\n<meta name=\"twitter:label1\" content=\"Escrito por\" \/>\n\t<meta name=\"twitter:data1\" content=\"Luzimara Fernandes\" \/>\n\t<meta name=\"twitter:label2\" content=\"Est. tempo de leitura\" \/>\n\t<meta name=\"twitter:data2\" content=\"2 minutos\" \/>\n<script type=\"application\/ld+json\" class=\"yoast-schema-graph\">{\"@context\":\"https:\/\/schema.org\",\"@graph\":[{\"@type\":\"Article\",\"@id\":\"https:\/\/jornalfatosenoticias.com.br\/index.php\/2024\/12\/17\/astronomos-localizam-a-origem-de-misteriosos-sinais-de-radio-detectados-no-espaco\/#article\",\"isPartOf\":{\"@id\":\"https:\/\/jornalfatosenoticias.com.br\/index.php\/2024\/12\/17\/astronomos-localizam-a-origem-de-misteriosos-sinais-de-radio-detectados-no-espaco\/\"},\"author\":{\"name\":\"Luzimara Fernandes\",\"@id\":\"https:\/\/jornalfatosenoticias.com.br\/#\/schema\/person\/d63837fa13ac8666eb9e74e0985d6f81\"},\"headline\":\"Astr\u00f4nomos localizam a origem de misteriosos sinais de r\u00e1dio detectados no espa\u00e7o\",\"datePublished\":\"2024-12-17T11:48:28+00:00\",\"dateModified\":\"2024-12-17T11:48:29+00:00\",\"mainEntityOfPage\":{\"@id\":\"https:\/\/jornalfatosenoticias.com.br\/index.php\/2024\/12\/17\/astronomos-localizam-a-origem-de-misteriosos-sinais-de-radio-detectados-no-espaco\/\"},\"wordCount\":402,\"commentCount\":0,\"publisher\":{\"@id\":\"https:\/\/jornalfatosenoticias.com.br\/#organization\"},\"image\":{\"@id\":\"https:\/\/jornalfatosenoticias.com.br\/index.php\/2024\/12\/17\/astronomos-localizam-a-origem-de-misteriosos-sinais-de-radio-detectados-no-espaco\/#primaryimage\"},\"thumbnailUrl\":\"https:\/\/jornalfatosenoticias.com.br\/wp-content\/uploads\/2024\/12\/sinais-de-radio-no-espaco.jpg\",\"keywords\":[\"an\u00e3 branca\",\"an\u00e3 vermelha\",\"Astronomia\",\"espa\u00e7o\",\"estrelas\",\"ondas de r\u00e1dio\",\"pulsos c\u00f3smicos\"],\"articleSection\":[\"Ci\u00eancia\"],\"inLanguage\":\"pt-BR\",\"potentialAction\":[{\"@type\":\"CommentAction\",\"name\":\"Comment\",\"target\":[\"https:\/\/jornalfatosenoticias.com.br\/index.php\/2024\/12\/17\/astronomos-localizam-a-origem-de-misteriosos-sinais-de-radio-detectados-no-espaco\/#respond\"]}]},{\"@type\":\"WebPage\",\"@id\":\"https:\/\/jornalfatosenoticias.com.br\/index.php\/2024\/12\/17\/astronomos-localizam-a-origem-de-misteriosos-sinais-de-radio-detectados-no-espaco\/\",\"url\":\"https:\/\/jornalfatosenoticias.com.br\/index.php\/2024\/12\/17\/astronomos-localizam-a-origem-de-misteriosos-sinais-de-radio-detectados-no-espaco\/\",\"name\":\"Astr\u00f4nomos localizam a origem de misteriosos sinais de r\u00e1dio detectados no espa\u00e7o - Jornal Fatos e Not\u00edcias\",\"isPartOf\":{\"@id\":\"https:\/\/jornalfatosenoticias.com.br\/#website\"},\"primaryImageOfPage\":{\"@id\":\"https:\/\/jornalfatosenoticias.com.br\/index.php\/2024\/12\/17\/astronomos-localizam-a-origem-de-misteriosos-sinais-de-radio-detectados-no-espaco\/#primaryimage\"},\"image\":{\"@id\":\"https:\/\/jornalfatosenoticias.com.br\/index.php\/2024\/12\/17\/astronomos-localizam-a-origem-de-misteriosos-sinais-de-radio-detectados-no-espaco\/#primaryimage\"},\"thumbnailUrl\":\"https:\/\/jornalfatosenoticias.com.br\/wp-content\/uploads\/2024\/12\/sinais-de-radio-no-espaco.jpg\",\"datePublished\":\"2024-12-17T11:48:28+00:00\",\"dateModified\":\"2024-12-17T11:48:29+00:00\",\"breadcrumb\":{\"@id\":\"https:\/\/jornalfatosenoticias.com.br\/index.php\/2024\/12\/17\/astronomos-localizam-a-origem-de-misteriosos-sinais-de-radio-detectados-no-espaco\/#breadcrumb\"},\"inLanguage\":\"pt-BR\",\"potentialAction\":[{\"@type\":\"ReadAction\",\"target\":[\"https:\/\/jornalfatosenoticias.com.br\/index.php\/2024\/12\/17\/astronomos-localizam-a-origem-de-misteriosos-sinais-de-radio-detectados-no-espaco\/\"]}]},{\"@type\":\"ImageObject\",\"inLanguage\":\"pt-BR\",\"@id\":\"https:\/\/jornalfatosenoticias.com.br\/index.php\/2024\/12\/17\/astronomos-localizam-a-origem-de-misteriosos-sinais-de-radio-detectados-no-espaco\/#primaryimage\",\"url\":\"https:\/\/jornalfatosenoticias.com.br\/wp-content\/uploads\/2024\/12\/sinais-de-radio-no-espaco.jpg\",\"contentUrl\":\"https:\/\/jornalfatosenoticias.com.br\/wp-content\/uploads\/2024\/12\/sinais-de-radio-no-espaco.jpg\",\"width\":1000,\"height\":583},{\"@type\":\"BreadcrumbList\",\"@id\":\"https:\/\/jornalfatosenoticias.com.br\/index.php\/2024\/12\/17\/astronomos-localizam-a-origem-de-misteriosos-sinais-de-radio-detectados-no-espaco\/#breadcrumb\",\"itemListElement\":[{\"@type\":\"ListItem\",\"position\":1,\"name\":\"In\u00edcio\",\"item\":\"https:\/\/jornalfatosenoticias.com.br\/\"},{\"@type\":\"ListItem\",\"position\":2,\"name\":\"Astr\u00f4nomos localizam a origem de misteriosos sinais de r\u00e1dio detectados no espa\u00e7o\"}]},{\"@type\":\"WebSite\",\"@id\":\"https:\/\/jornalfatosenoticias.com.br\/#website\",\"url\":\"https:\/\/jornalfatosenoticias.com.br\/\",\"name\":\"Jornal Fatos e Not\u00edcias\",\"description\":\"Not\u00edcias em geral\",\"publisher\":{\"@id\":\"https:\/\/jornalfatosenoticias.com.br\/#organization\"},\"potentialAction\":[{\"@type\":\"SearchAction\",\"target\":{\"@type\":\"EntryPoint\",\"urlTemplate\":\"https:\/\/jornalfatosenoticias.com.br\/?s={search_term_string}\"},\"query-input\":{\"@type\":\"PropertyValueSpecification\",\"valueRequired\":true,\"valueName\":\"search_term_string\"}}],\"inLanguage\":\"pt-BR\"},{\"@type\":\"Organization\",\"@id\":\"https:\/\/jornalfatosenoticias.com.br\/#organization\",\"name\":\"Jornal Fatos e Not\u00edcias\",\"url\":\"https:\/\/jornalfatosenoticias.com.br\/\",\"logo\":{\"@type\":\"ImageObject\",\"inLanguage\":\"pt-BR\",\"@id\":\"https:\/\/jornalfatosenoticias.com.br\/#\/schema\/logo\/image\/\",\"url\":\"https:\/\/jornalfatosenoticias.com.br\/wp-content\/uploads\/2020\/02\/logo120.png\",\"contentUrl\":\"https:\/\/jornalfatosenoticias.com.br\/wp-content\/uploads\/2020\/02\/logo120.png\",\"width\":1227,\"height\":120,\"caption\":\"Jornal Fatos e Not\u00edcias\"},\"image\":{\"@id\":\"https:\/\/jornalfatosenoticias.com.br\/#\/schema\/logo\/image\/\"}},{\"@type\":\"Person\",\"@id\":\"https:\/\/jornalfatosenoticias.com.br\/#\/schema\/person\/d63837fa13ac8666eb9e74e0985d6f81\",\"name\":\"Luzimara Fernandes\",\"image\":{\"@type\":\"ImageObject\",\"inLanguage\":\"pt-BR\",\"@id\":\"https:\/\/jornalfatosenoticias.com.br\/#\/schema\/person\/image\/\",\"url\":\"https:\/\/jornalfatosenoticias.com.br\/wp-content\/uploads\/2025\/05\/EU_portal.jpg\",\"contentUrl\":\"https:\/\/jornalfatosenoticias.com.br\/wp-content\/uploads\/2025\/05\/EU_portal.jpg\",\"caption\":\"Luzimara Fernandes\"},\"description\":\"Jornalista MTB 2358-ES\",\"sameAs\":[\"https:\/\/jornalfatosenoticias.com.br\"],\"url\":\"https:\/\/jornalfatosenoticias.com.br\/index.php\/author\/luzimara\/\"}]}<\/script>\n<!-- \/ Yoast SEO plugin. -->","yoast_head_json":{"title":"Astr\u00f4nomos localizam a origem de misteriosos sinais de r\u00e1dio detectados no espa\u00e7o - Jornal Fatos e Not\u00edcias","robots":{"index":"index","follow":"follow","max-snippet":"max-snippet:-1","max-image-preview":"max-image-preview:large","max-video-preview":"max-video-preview:-1"},"canonical":"https:\/\/jornalfatosenoticias.com.br\/index.php\/2024\/12\/17\/astronomos-localizam-a-origem-de-misteriosos-sinais-de-radio-detectados-no-espaco\/","og_locale":"pt_BR","og_type":"article","og_title":"Astr\u00f4nomos localizam a origem de misteriosos sinais de r\u00e1dio detectados no espa\u00e7o - Jornal Fatos e Not\u00edcias","og_description":"Descoberta pode revelar novos fen\u00f4menos f\u00edsicos e ajuda a entender pulsos c\u00f3smicos enigm\u00e1ticos Pesquisadores identificaram, pela primeira vez, a origem de intensos sinais de r\u00e1dio peri\u00f3dicos que intrigavam a comunidade cient\u00edfica desde 2022. Esses pulsos, que se repetem em intervalos regulares e por tempos prolongados, foram rastreados at\u00e9 uma estrela an\u00e3 vermelha, possivelmente em \u00f3rbita [&hellip;]","og_url":"https:\/\/jornalfatosenoticias.com.br\/index.php\/2024\/12\/17\/astronomos-localizam-a-origem-de-misteriosos-sinais-de-radio-detectados-no-espaco\/","og_site_name":"Jornal Fatos e Not\u00edcias","article_published_time":"2024-12-17T11:48:28+00:00","article_modified_time":"2024-12-17T11:48:29+00:00","og_image":[{"width":1000,"height":583,"url":"https:\/\/jornalfatosenoticias.com.br\/wp-content\/uploads\/2024\/12\/sinais-de-radio-no-espaco.jpg","type":"image\/jpeg"}],"author":"Luzimara Fernandes","twitter_card":"summary_large_image","twitter_misc":{"Escrito por":"Luzimara Fernandes","Est. tempo de leitura":"2 minutos"},"schema":{"@context":"https:\/\/schema.org","@graph":[{"@type":"Article","@id":"https:\/\/jornalfatosenoticias.com.br\/index.php\/2024\/12\/17\/astronomos-localizam-a-origem-de-misteriosos-sinais-de-radio-detectados-no-espaco\/#article","isPartOf":{"@id":"https:\/\/jornalfatosenoticias.com.br\/index.php\/2024\/12\/17\/astronomos-localizam-a-origem-de-misteriosos-sinais-de-radio-detectados-no-espaco\/"},"author":{"name":"Luzimara Fernandes","@id":"https:\/\/jornalfatosenoticias.com.br\/#\/schema\/person\/d63837fa13ac8666eb9e74e0985d6f81"},"headline":"Astr\u00f4nomos localizam a origem de misteriosos sinais de r\u00e1dio detectados no espa\u00e7o","datePublished":"2024-12-17T11:48:28+00:00","dateModified":"2024-12-17T11:48:29+00:00","mainEntityOfPage":{"@id":"https:\/\/jornalfatosenoticias.com.br\/index.php\/2024\/12\/17\/astronomos-localizam-a-origem-de-misteriosos-sinais-de-radio-detectados-no-espaco\/"},"wordCount":402,"commentCount":0,"publisher":{"@id":"https:\/\/jornalfatosenoticias.com.br\/#organization"},"image":{"@id":"https:\/\/jornalfatosenoticias.com.br\/index.php\/2024\/12\/17\/astronomos-localizam-a-origem-de-misteriosos-sinais-de-radio-detectados-no-espaco\/#primaryimage"},"thumbnailUrl":"https:\/\/jornalfatosenoticias.com.br\/wp-content\/uploads\/2024\/12\/sinais-de-radio-no-espaco.jpg","keywords":["an\u00e3 branca","an\u00e3 vermelha","Astronomia","espa\u00e7o","estrelas","ondas de r\u00e1dio","pulsos c\u00f3smicos"],"articleSection":["Ci\u00eancia"],"inLanguage":"pt-BR","potentialAction":[{"@type":"CommentAction","name":"Comment","target":["https:\/\/jornalfatosenoticias.com.br\/index.php\/2024\/12\/17\/astronomos-localizam-a-origem-de-misteriosos-sinais-de-radio-detectados-no-espaco\/#respond"]}]},{"@type":"WebPage","@id":"https:\/\/jornalfatosenoticias.com.br\/index.php\/2024\/12\/17\/astronomos-localizam-a-origem-de-misteriosos-sinais-de-radio-detectados-no-espaco\/","url":"https:\/\/jornalfatosenoticias.com.br\/index.php\/2024\/12\/17\/astronomos-localizam-a-origem-de-misteriosos-sinais-de-radio-detectados-no-espaco\/","name":"Astr\u00f4nomos localizam a origem de misteriosos sinais de r\u00e1dio detectados no espa\u00e7o - Jornal Fatos e Not\u00edcias","isPartOf":{"@id":"https:\/\/jornalfatosenoticias.com.br\/#website"},"primaryImageOfPage":{"@id":"https:\/\/jornalfatosenoticias.com.br\/index.php\/2024\/12\/17\/astronomos-localizam-a-origem-de-misteriosos-sinais-de-radio-detectados-no-espaco\/#primaryimage"},"image":{"@id":"https:\/\/jornalfatosenoticias.com.br\/index.php\/2024\/12\/17\/astronomos-localizam-a-origem-de-misteriosos-sinais-de-radio-detectados-no-espaco\/#primaryimage"},"thumbnailUrl":"https:\/\/jornalfatosenoticias.com.br\/wp-content\/uploads\/2024\/12\/sinais-de-radio-no-espaco.jpg","datePublished":"2024-12-17T11:48:28+00:00","dateModified":"2024-12-17T11:48:29+00:00","breadcrumb":{"@id":"https:\/\/jornalfatosenoticias.com.br\/index.php\/2024\/12\/17\/astronomos-localizam-a-origem-de-misteriosos-sinais-de-radio-detectados-no-espaco\/#breadcrumb"},"inLanguage":"pt-BR","potentialAction":[{"@type":"ReadAction","target":["https:\/\/jornalfatosenoticias.com.br\/index.php\/2024\/12\/17\/astronomos-localizam-a-origem-de-misteriosos-sinais-de-radio-detectados-no-espaco\/"]}]},{"@type":"ImageObject","inLanguage":"pt-BR","@id":"https:\/\/jornalfatosenoticias.com.br\/index.php\/2024\/12\/17\/astronomos-localizam-a-origem-de-misteriosos-sinais-de-radio-detectados-no-espaco\/#primaryimage","url":"https:\/\/jornalfatosenoticias.com.br\/wp-content\/uploads\/2024\/12\/sinais-de-radio-no-espaco.jpg","contentUrl":"https:\/\/jornalfatosenoticias.com.br\/wp-content\/uploads\/2024\/12\/sinais-de-radio-no-espaco.jpg","width":1000,"height":583},{"@type":"BreadcrumbList","@id":"https:\/\/jornalfatosenoticias.com.br\/index.php\/2024\/12\/17\/astronomos-localizam-a-origem-de-misteriosos-sinais-de-radio-detectados-no-espaco\/#breadcrumb","itemListElement":[{"@type":"ListItem","position":1,"name":"In\u00edcio","item":"https:\/\/jornalfatosenoticias.com.br\/"},{"@type":"ListItem","position":2,"name":"Astr\u00f4nomos localizam a origem de misteriosos sinais de r\u00e1dio detectados no espa\u00e7o"}]},{"@type":"WebSite","@id":"https:\/\/jornalfatosenoticias.com.br\/#website","url":"https:\/\/jornalfatosenoticias.com.br\/","name":"Jornal Fatos e Not\u00edcias","description":"Not\u00edcias em geral","publisher":{"@id":"https:\/\/jornalfatosenoticias.com.br\/#organization"},"potentialAction":[{"@type":"SearchAction","target":{"@type":"EntryPoint","urlTemplate":"https:\/\/jornalfatosenoticias.com.br\/?s={search_term_string}"},"query-input":{"@type":"PropertyValueSpecification","valueRequired":true,"valueName":"search_term_string"}}],"inLanguage":"pt-BR"},{"@type":"Organization","@id":"https:\/\/jornalfatosenoticias.com.br\/#organization","name":"Jornal Fatos e Not\u00edcias","url":"https:\/\/jornalfatosenoticias.com.br\/","logo":{"@type":"ImageObject","inLanguage":"pt-BR","@id":"https:\/\/jornalfatosenoticias.com.br\/#\/schema\/logo\/image\/","url":"https:\/\/jornalfatosenoticias.com.br\/wp-content\/uploads\/2020\/02\/logo120.png","contentUrl":"https:\/\/jornalfatosenoticias.com.br\/wp-content\/uploads\/2020\/02\/logo120.png","width":1227,"height":120,"caption":"Jornal Fatos e Not\u00edcias"},"image":{"@id":"https:\/\/jornalfatosenoticias.com.br\/#\/schema\/logo\/image\/"}},{"@type":"Person","@id":"https:\/\/jornalfatosenoticias.com.br\/#\/schema\/person\/d63837fa13ac8666eb9e74e0985d6f81","name":"Luzimara Fernandes","image":{"@type":"ImageObject","inLanguage":"pt-BR","@id":"https:\/\/jornalfatosenoticias.com.br\/#\/schema\/person\/image\/","url":"https:\/\/jornalfatosenoticias.com.br\/wp-content\/uploads\/2025\/05\/EU_portal.jpg","contentUrl":"https:\/\/jornalfatosenoticias.com.br\/wp-content\/uploads\/2025\/05\/EU_portal.jpg","caption":"Luzimara Fernandes"},"description":"Jornalista MTB 2358-ES","sameAs":["https:\/\/jornalfatosenoticias.com.br"],"url":"https:\/\/jornalfatosenoticias.com.br\/index.php\/author\/luzimara\/"}]}},"cc_featured_image_caption":{"caption_text":"(Foto: Universidade de Warwick\/ESO) ","source_text":"","source_url":""},"jetpack_featured_media_url":"https:\/\/jornalfatosenoticias.com.br\/wp-content\/uploads\/2024\/12\/sinais-de-radio-no-espaco.jpg","_links":{"self":[{"href":"https:\/\/jornalfatosenoticias.com.br\/index.php\/wp-json\/wp\/v2\/posts\/56421","targetHints":{"allow":["GET"]}}],"collection":[{"href":"https:\/\/jornalfatosenoticias.com.br\/index.php\/wp-json\/wp\/v2\/posts"}],"about":[{"href":"https:\/\/jornalfatosenoticias.com.br\/index.php\/wp-json\/wp\/v2\/types\/post"}],"author":[{"embeddable":true,"href":"https:\/\/jornalfatosenoticias.com.br\/index.php\/wp-json\/wp\/v2\/users\/2"}],"replies":[{"embeddable":true,"href":"https:\/\/jornalfatosenoticias.com.br\/index.php\/wp-json\/wp\/v2\/comments?post=56421"}],"version-history":[{"count":0,"href":"https:\/\/jornalfatosenoticias.com.br\/index.php\/wp-json\/wp\/v2\/posts\/56421\/revisions"}],"wp:featuredmedia":[{"embeddable":true,"href":"https:\/\/jornalfatosenoticias.com.br\/index.php\/wp-json\/wp\/v2\/media\/56423"}],"wp:attachment":[{"href":"https:\/\/jornalfatosenoticias.com.br\/index.php\/wp-json\/wp\/v2\/media?parent=56421"}],"wp:term":[{"taxonomy":"category","embeddable":true,"href":"https:\/\/jornalfatosenoticias.com.br\/index.php\/wp-json\/wp\/v2\/categories?post=56421"},{"taxonomy":"post_tag","embeddable":true,"href":"https:\/\/jornalfatosenoticias.com.br\/index.php\/wp-json\/wp\/v2\/tags?post=56421"}],"curies":[{"name":"wp","href":"https:\/\/api.w.org\/{rel}","templated":true}]}}