{"id":56439,"date":"2024-12-17T15:44:04","date_gmt":"2024-12-17T18:44:04","guid":{"rendered":"https:\/\/jornalfatosenoticias.com.br\/?p=56439"},"modified":"2024-12-17T15:44:06","modified_gmt":"2024-12-17T18:44:06","slug":"cancao-de-ninar-de-brahms-uma-ode-amorosa-de-um-coracao-solitario","status":"publish","type":"post","link":"https:\/\/jornalfatosenoticias.com.br\/index.php\/2024\/12\/17\/cancao-de-ninar-de-brahms-uma-ode-amorosa-de-um-coracao-solitario\/","title":{"rendered":"Can\u00e7\u00e3o de ninar de Brahms: uma ode amorosa de um cora\u00e7\u00e3o solit\u00e1rio"},"content":{"rendered":"\n<p><em><span class=\"has-inline-color has-black-color\">A can\u00e7\u00e3o infantil mais reconhecida tamb\u00e9m \u00e9 uma can\u00e7\u00e3o de amor<\/span><\/em><\/p>\n\n\n\n<p><span class=\"has-inline-color has-black-color\">Por <strong>Andrew Benson Brown<\/strong><\/span><\/p>\n\n\n\n<div class=\"wp-block-image\"><figure class=\"aligncenter size-large\"><a href=\"https:\/\/www.instagram.com\/vmais.midias\/\"><img loading=\"lazy\" decoding=\"async\" width=\"1024\" height=\"110\" src=\"https:\/\/jornalfatosenoticias.com.br\/wp-content\/uploads\/2020\/02\/DE-MAIS-DESTAQUE-VMAIS-1120X120-1024x110.png\" alt=\"\" class=\"wp-image-53110\" srcset=\"https:\/\/jornalfatosenoticias.com.br\/wp-content\/uploads\/2020\/02\/DE-MAIS-DESTAQUE-VMAIS-1120X120-1024x110.png 1024w, https:\/\/jornalfatosenoticias.com.br\/wp-content\/uploads\/2020\/02\/DE-MAIS-DESTAQUE-VMAIS-1120X120-300x32.png 300w, https:\/\/jornalfatosenoticias.com.br\/wp-content\/uploads\/2020\/02\/DE-MAIS-DESTAQUE-VMAIS-1120X120-768x82.png 768w, https:\/\/jornalfatosenoticias.com.br\/wp-content\/uploads\/2020\/02\/DE-MAIS-DESTAQUE-VMAIS-1120X120.png 1120w\" sizes=\"auto, (max-width: 1024px) 100vw, 1024px\" \/><\/a><\/figure><\/div>\n\n\n\n<p>A maioria de n\u00f3s n\u00e3o se lembra de quando a ouvimos pela primeira vez. Uma frase mel\u00f3dica simples move-se passo a passo entre notas adjacentes na escala, sem disson\u00e2ncia ou tens\u00e3o inesperada. O\u00a0<a href=\"https:\/\/www.epochtimes.com.br\/focus\/ritmo-suave\" target=\"_blank\" rel=\"noreferrer noopener\">ritmo suave<\/a> do tempo 6\/8 emula um <a href=\"https:\/\/www.epochtimes.com.br\/focus\/berco-de-balanco\" target=\"_blank\" rel=\"noreferrer noopener\">ber\u00e7o de balan\u00e7o<\/a>, criando uma sensa\u00e7\u00e3o de calor e\u00a0<a href=\"https:\/\/www.epochtimes.com.br\/focus\/seguranca\" target=\"_blank\" rel=\"noreferrer noopener\">seguran\u00e7a<\/a>. Uma mudan\u00e7a sutil na <a href=\"https:\/\/www.epochtimes.com.br\/focus\/harmonia\" target=\"_blank\" rel=\"noreferrer noopener\">harmonia<\/a> lenta e equilibrada evita o t\u00e9dio. No entanto, na segunda vez que isso \u00e9 repetido, voc\u00ea come\u00e7a a cochilar. No final, o <a href=\"https:\/\/www.epochtimes.com.br\/focus\/sono\" target=\"_blank\" rel=\"noreferrer noopener\">sono<\/a> toma conta de voc\u00ea.<br>A m\u00fasica \u00e9 \u201cWiegenlied\u201d ou \u201cCradle Song\u201d. Tamb\u00e9m conhecida como \u201cCan\u00e7\u00e3o de Ninar de <a href=\"https:\/\/www.epochtimes.com.br\/focus\/brahms\" target=\"_blank\" rel=\"noreferrer noopener\">Brahms<\/a>\u201d (Op. 49, N.\u00ba 4), \u00e9 uma das m\u00fasicas mais universalmente reconhecidas do mundo. A hist\u00f3ria de como Johannes Brahms a escreveu \u00e9 t\u00e3o interessante quanto a pr\u00f3pria pe\u00e7a.<\/p>\n\n\n\n<div class=\"wp-block-image\"><figure class=\"aligncenter size-large\"><img loading=\"lazy\" decoding=\"async\" width=\"694\" height=\"1000\" src=\"https:\/\/jornalfatosenoticias.com.br\/wp-content\/uploads\/2024\/12\/partitura-cancao-de-ninar.jpg\" alt=\"\" class=\"wp-image-56440\" srcset=\"https:\/\/jornalfatosenoticias.com.br\/wp-content\/uploads\/2024\/12\/partitura-cancao-de-ninar.jpg 694w, https:\/\/jornalfatosenoticias.com.br\/wp-content\/uploads\/2024\/12\/partitura-cancao-de-ninar-208x300.jpg 208w\" sizes=\"auto, (max-width: 694px) 100vw, 694px\" \/><figcaption><em><span class=\"has-inline-color has-black-color\">\u201cWiegenlied\u201d, de Johannes Brahms (Foto: Dom\u00ednio p\u00fablico)<\/span><\/em><\/figcaption><\/figure><\/div>\n\n\n\n<p><strong><span class=\"has-inline-color has-vivid-purple-color\">Um g\u00eanio <strong><a href=\"https:\/\/www.epochtimes.com.br\/focus\/solitario\" target=\"_blank\" rel=\"noreferrer noopener\">solit\u00e1rio<\/a><\/strong><br><\/span><\/strong>A genialidade de Brahms mostra-se atrav\u00e9s da variedade de suas composi\u00e7\u00f5es. Na maioria das vezes, estruturas complexas e emo\u00e7\u00f5es profundas s\u00e3o a norma. Suas obras orquestrais, concertos, seu R\u00e9quiem Alem\u00e3o e outras pe\u00e7as de grande escala como esta ainda s\u00e3o executadas com frequ\u00eancia hoje. Mas Brahms tamb\u00e9m tinha a capacidade de voltar a um n\u00edvel com o qual as pessoas comuns pudessem se identificar.<\/p>\n\n\n\n<div class=\"wp-block-image\"><figure class=\"aligncenter size-large is-resized\"><a href=\"https:\/\/www.instagram.com\/serra4x4cambioautomatico\/\"><img loading=\"lazy\" decoding=\"async\" src=\"https:\/\/jornalfatosenoticias.com.br\/wp-content\/uploads\/2024\/08\/Serra-4x4-1-886x1024.jpg\" alt=\"\" class=\"wp-image-53632\" width=\"374\" height=\"432\" srcset=\"https:\/\/jornalfatosenoticias.com.br\/wp-content\/uploads\/2024\/08\/Serra-4x4-1-886x1024.jpg 886w, https:\/\/jornalfatosenoticias.com.br\/wp-content\/uploads\/2024\/08\/Serra-4x4-1-260x300.jpg 260w, https:\/\/jornalfatosenoticias.com.br\/wp-content\/uploads\/2024\/08\/Serra-4x4-1-768x888.jpg 768w, https:\/\/jornalfatosenoticias.com.br\/wp-content\/uploads\/2024\/08\/Serra-4x4-1.jpg 1181w\" sizes=\"auto, (max-width: 374px) 100vw, 374px\" \/><\/a><\/figure><\/div>\n\n\n\n<p>O trabalho do compositor em sua grande obra deixou pouco tempo para estabelecer uma vida familiar. O criador de uma das can\u00e7\u00f5es infantis mais populares do mundo nunca se casou e n\u00e3o teve filhos. Ele se apaixonou muitas vezes, por\u00e9m, muitas vezes por mulheres por quem j\u00e1 estava comprometido. O mais famoso desses casos foi o seu afeto n\u00e3o correspondido pela compositora Clara Schumann, esposa de seu amigo \u00edntimo Robert Schumann. Em vez do <a href=\"https:\/\/www.epochtimes.com.br\/focus\/amor\" target=\"_blank\" rel=\"noreferrer noopener\">amor<\/a>, Brahms viveu para a m\u00fasica.<\/p>\n\n\n\n<h3 class=\"wp-block-heading\"><strong><span class=\"has-inline-color has-vivid-purple-color\">Cortejando Bertha Faber<\/span><\/strong><\/h3>\n\n\n\n<div class=\"wp-block-image\"><figure class=\"aligncenter size-large\"><img loading=\"lazy\" decoding=\"async\" width=\"729\" height=\"886\" src=\"https:\/\/jornalfatosenoticias.com.br\/wp-content\/uploads\/2024\/12\/Johannes_Brahms_1866.jpg\" alt=\"\" class=\"wp-image-56441\" srcset=\"https:\/\/jornalfatosenoticias.com.br\/wp-content\/uploads\/2024\/12\/Johannes_Brahms_1866.jpg 729w, https:\/\/jornalfatosenoticias.com.br\/wp-content\/uploads\/2024\/12\/Johannes_Brahms_1866-247x300.jpg 247w\" sizes=\"auto, (max-width: 729px) 100vw, 729px\" \/><figcaption><em><span class=\"has-inline-color has-black-color\">Uma fotografia de Johannes Brahms, em 1866, por Lucien Mazenod (Foto: Dom\u00ednio p\u00fablico)<\/span><\/em><\/figcaption><\/figure><\/div>\n\n\n\n<p>Um dos romances fracassados mais importantes de Brahms inspirou a \u201cCan\u00e7\u00e3o do Ber\u00e7o\u201d. A longa g\u00eanese desta pe\u00e7a come\u00e7ou quando ele ainda era um belo jovem de quase 20 anos, morando em Hamburgo, na Alemanha. Enquanto regeu o Coro Feminino de Hamburgo (Hamburger Frauenchor), conheceu Bertha Porubsky.<\/p>\n\n\n\n<div class=\"wp-block-image\"><figure class=\"aligncenter size-large is-resized\"><a href=\"https:\/\/www.instagram.com\/restaurantepegoretti\/\"><img loading=\"lazy\" decoding=\"async\" src=\"https:\/\/jornalfatosenoticias.com.br\/wp-content\/uploads\/2023\/12\/pegoretti-logo-pdf-1024x389.jpg\" alt=\"\" class=\"wp-image-47536\" width=\"382\" height=\"145\" srcset=\"https:\/\/jornalfatosenoticias.com.br\/wp-content\/uploads\/2023\/12\/pegoretti-logo-pdf-1024x389.jpg 1024w, https:\/\/jornalfatosenoticias.com.br\/wp-content\/uploads\/2023\/12\/pegoretti-logo-pdf-300x114.jpg 300w, https:\/\/jornalfatosenoticias.com.br\/wp-content\/uploads\/2023\/12\/pegoretti-logo-pdf-768x291.jpg 768w, https:\/\/jornalfatosenoticias.com.br\/wp-content\/uploads\/2023\/12\/pegoretti-logo-pdf.jpg 1120w\" sizes=\"auto, (max-width: 382px) 100vw, 382px\" \/><\/a><\/figure><\/div>\n\n\n\n<p>Os dois come\u00e7aram a se escrever e podemos tra\u00e7ar o arco de seu relacionamento por meio da correspond\u00eancia. Em sua primeira carta para ela, datada de 9 de outubro de 1859, Brahms dirigiu-se a Bertha como uma \u201creverenciada e querida amiga\u201d. Ele escreveu: \u201cgostaria que voc\u00ea tivesse visto meu rosto encantado quando encontrei suas cartas e as li. A primeira bela caligrafia j\u00e1 me era familiar, de fato eu a tinha visto naquela noite passada em Hamburgo, e quantas vezes, desde ent\u00e3o.<\/p>\n\n\n\n<div class=\"wp-block-image\"><figure class=\"aligncenter size-large is-resized\"><a href=\"https:\/\/www.facebook.com\/profile.php?id=100069289606145\"><img loading=\"lazy\" decoding=\"async\" src=\"https:\/\/jornalfatosenoticias.com.br\/wp-content\/uploads\/2024\/11\/Guaitolini-Contabilidade-1024x714.jpeg\" alt=\"\" class=\"wp-image-55808\" width=\"310\" height=\"216\" srcset=\"https:\/\/jornalfatosenoticias.com.br\/wp-content\/uploads\/2024\/11\/Guaitolini-Contabilidade-1024x714.jpeg 1024w, https:\/\/jornalfatosenoticias.com.br\/wp-content\/uploads\/2024\/11\/Guaitolini-Contabilidade-300x209.jpeg 300w, https:\/\/jornalfatosenoticias.com.br\/wp-content\/uploads\/2024\/11\/Guaitolini-Contabilidade-768x535.jpeg 768w, https:\/\/jornalfatosenoticias.com.br\/wp-content\/uploads\/2024\/11\/Guaitolini-Contabilidade.jpeg 1280w\" sizes=\"auto, (max-width: 310px) 100vw, 310px\" \/><\/a><\/figure><\/div>\n\n\n\n<p>O amor comum pela m\u00fasica e as experi\u00eancias compartilhadas entre Brahms e Bertha, n\u00e3o surpreendentemente, levaram a um romance florescente. Seus discursos progrediram rapidamente de \u201cquerido amigo\u201d para \u201cvenerada senhora\u201d e depois \u201cmais reverenciada\u201d. Em uma carta datada de 20 de novembro de 1859, ele confronta as crescentes \u201cfofocas\u201d em torno de sua \u201ccorrespond\u00eancia clandestina\u201d, dizendo: \u201cboas garotas parecem ter os olhos fixos t\u00e3o firmemente em suas carreiras que rapidamente farejam o cheiro de algu\u00e9m, desejando dar uma m\u00e3o amiga a um deles\u201d.<\/p>\n\n\n\n<div class=\"wp-block-image\"><figure class=\"aligncenter size-large is-resized\"><a href=\"https:\/\/www.facebook.com\/postobkr\/?locale=pt_BR\"><img loading=\"lazy\" decoding=\"async\" src=\"https:\/\/jornalfatosenoticias.com.br\/wp-content\/uploads\/2023\/08\/BKR-1024x1021.jpg\" alt=\"\" class=\"wp-image-44494\" width=\"287\" height=\"286\" srcset=\"https:\/\/jornalfatosenoticias.com.br\/wp-content\/uploads\/2023\/08\/BKR-1024x1021.jpg 1024w, https:\/\/jornalfatosenoticias.com.br\/wp-content\/uploads\/2023\/08\/BKR-300x300.jpg 300w, https:\/\/jornalfatosenoticias.com.br\/wp-content\/uploads\/2023\/08\/BKR-150x150.jpg 150w, https:\/\/jornalfatosenoticias.com.br\/wp-content\/uploads\/2023\/08\/BKR-768x766.jpg 768w, https:\/\/jornalfatosenoticias.com.br\/wp-content\/uploads\/2023\/08\/BKR.jpg 1080w\" sizes=\"auto, (max-width: 287px) 100vw, 287px\" \/><\/a><\/figure><\/div>\n\n\n\n<p>Em algum momento durante o relacionamento deles, Bertha cantou para ele uma popular can\u00e7\u00e3o de amor austr\u00edaca chamada \u201cS\u2019is Anderscht\u201d. Brahms nunca esqueceu a m\u00fasica. Depois de alguns anos, o relacionamento esfriou. A culpa foi inteiramente de Brahms, que de repente parou de escrever para ela \u2014 um padr\u00e3o caracter\u00edstico dele. Bertha respondeu retornando a Viena e casando-se com o rico industrial Arthur Faber em 1863. Apesar de seu passado, Brahms permaneceu amigo de Bertha e Arthur pelo resto de sua vida, passando muitas v\u00e9speras de Natal junto com eles.<\/p>\n\n\n\n<div class=\"wp-block-image\"><figure class=\"aligncenter size-large\"><img loading=\"lazy\" decoding=\"async\" width=\"612\" height=\"408\" src=\"https:\/\/jornalfatosenoticias.com.br\/wp-content\/uploads\/2024\/12\/mae-ninando-bebe_istock.jpg\" alt=\"\" class=\"wp-image-56442\" srcset=\"https:\/\/jornalfatosenoticias.com.br\/wp-content\/uploads\/2024\/12\/mae-ninando-bebe_istock.jpg 612w, https:\/\/jornalfatosenoticias.com.br\/wp-content\/uploads\/2024\/12\/mae-ninando-bebe_istock-300x200.jpg 300w\" sizes=\"auto, (max-width: 612px) 100vw, 612px\" \/><figcaption><em><span class=\"has-inline-color has-black-color\">Estudos descobriram que as m\u00e3es cantando para seus beb\u00eas melhoram seu desenvolvimento (Foto: iStock)<\/span><\/em><\/figcaption><\/figure><\/div>\n\n\n\n<p><strong><span class=\"has-inline-color has-vivid-purple-color\">Inspirando a \u201c<strong><a href=\"https:\/\/www.epochtimes.com.br\/focus\/cancao-de-ninar\" target=\"_blank\" rel=\"noreferrer noopener\">can\u00e7\u00e3o de ninar<\/a><\/strong>\u201d<br><\/span><\/strong>Quando nasceu o segundo filho de Bertha, Brahms escreveu sua agora famosa can\u00e7\u00e3o de ninar para comemorar o evento. Ao escrev\u00ea-la, ele recorreu \u00e0 antiga can\u00e7\u00e3o de amor que Bertha uma vez cantara para ele, usando-a como contramelodia no acompanhamento do piano. Em carta datada de agosto de 1868, Brahms escreveu ao casal: \u201cFrau Bertha ver\u00e1 imediatamente que compus ontem a can\u00e7\u00e3o de ninar especificamente para o seu filho; ela tamb\u00e9m achar\u00e1 bastante apropriado, assim como eu, que enquanto ela canta para Hans dormir, seu marido cante para ela e murmure uma can\u00e7\u00e3o de amor\u201d.<\/p>\n\n\n\n<div class=\"wp-block-image\"><figure class=\"aligncenter size-large is-resized\"><a href=\"https:\/\/www.instagram.com\/ligadossaborespizzaria\/\"><img loading=\"lazy\" decoding=\"async\" src=\"https:\/\/jornalfatosenoticias.com.br\/wp-content\/uploads\/2024\/09\/WhatsApp-Image-2024-09-14-at-22.46.10-819x1024.jpeg\" alt=\"\" class=\"wp-image-54180\" width=\"264\" height=\"330\" srcset=\"https:\/\/jornalfatosenoticias.com.br\/wp-content\/uploads\/2024\/09\/WhatsApp-Image-2024-09-14-at-22.46.10-819x1024.jpeg 819w, https:\/\/jornalfatosenoticias.com.br\/wp-content\/uploads\/2024\/09\/WhatsApp-Image-2024-09-14-at-22.46.10-240x300.jpeg 240w, https:\/\/jornalfatosenoticias.com.br\/wp-content\/uploads\/2024\/09\/WhatsApp-Image-2024-09-14-at-22.46.10-768x960.jpeg 768w, https:\/\/jornalfatosenoticias.com.br\/wp-content\/uploads\/2024\/09\/WhatsApp-Image-2024-09-14-at-22.46.10.jpeg 1024w\" sizes=\"auto, (max-width: 264px) 100vw, 264px\" \/><\/a><\/figure><\/div>\n\n\n\n<p>Brahms tamb\u00e9m pediu a Bertha que lhe enviasse a m\u00fasica e a letra da can\u00e7\u00e3o, admitindo que, nos anos desde que a ouviu cant\u00e1-la, \u201cela vibra em meu ouvido apenas um pouco aproximadamente\u201d. A \u201cCradle Song\u201d foi um sucesso imediato de p\u00fablico. Nos anos desde que foi escrito, foi arranjado em diferentes formatos para quase todos os instrumentos imagin\u00e1veis \u2014 do piano \u00e0 banda de concerto.<br>N\u00e3o apenas sua popularidade \u00e9 ineg\u00e1vel, mas tamb\u00e9m os benef\u00edcios para seu filho ouvinte. Est\u00e1 cientificamente comprovado que expor as crian\u00e7as a can\u00e7\u00f5es de ninar melhora o desenvolvimento cognitivo, a criatividade e a express\u00e3o emocional do c\u00e9rebro jovem em desenvolvimento.<\/p>\n\n\n\n<div class=\"wp-block-image\"><figure class=\"aligncenter size-large\"><a href=\"https:\/\/cesconetto.com.br\/\"><img loading=\"lazy\" decoding=\"async\" width=\"300\" height=\"250\" src=\"https:\/\/jornalfatosenoticias.com.br\/wp-content\/uploads\/2022\/02\/Banner-2.png\" alt=\"\" class=\"wp-image-27877\"\/><\/a><\/figure><\/div>\n\n\n\n<p>Al\u00e9m disso, cantar ou tocar can\u00e7\u00f5es de ninar para seus filhos n\u00e3o precisa come\u00e7ar no ber\u00e7\u00e1rio. Os beb\u00eas no \u00fatero s\u00e3o capazes de ouvir sons j\u00e1 na 16\u00aa semana de gravidez. \u00c0s 24 semanas, eles s\u00e3o capazes de reconhecer a voz e os padr\u00f5es de linguagem da m\u00e3e. Os benef\u00edcios cognitivos aplicam-se tanto \u00e0s crian\u00e7as no \u00fatero como \u00e0s crian\u00e7as pequenas. Numerosas grava\u00e7\u00f5es da can\u00e7\u00e3o de ninar de Brahms est\u00e3o dispon\u00edveis para ouvir gratuitamente na internet.<\/p>\n\n\n\n<div class=\"wp-block-image\"><figure class=\"aligncenter size-large is-resized\"><a href=\"https:\/\/www.facebook.com\/vetor.vix\/\"><img loading=\"lazy\" decoding=\"async\" src=\"https:\/\/jornalfatosenoticias.com.br\/wp-content\/uploads\/2023\/09\/vetorvix1024_1.jpg\" alt=\"\" class=\"wp-image-44868\" width=\"539\" height=\"143\" srcset=\"https:\/\/jornalfatosenoticias.com.br\/wp-content\/uploads\/2023\/09\/vetorvix1024_1.jpg 1024w, https:\/\/jornalfatosenoticias.com.br\/wp-content\/uploads\/2023\/09\/vetorvix1024_1-300x80.jpg 300w, https:\/\/jornalfatosenoticias.com.br\/wp-content\/uploads\/2023\/09\/vetorvix1024_1-768x205.jpg 768w\" sizes=\"auto, (max-width: 539px) 100vw, 539px\" \/><\/a><\/figure><\/div>\n\n\n\n<p>Qualquer pessoa que j\u00e1 sacrificou o romance para seguir uma carreira sabe que, mesmo nos casos mais bem-sucedidos, a decis\u00e3o nunca \u00e9 inteiramente agrad\u00e1vel. No final da vida, Brahms lamentou nunca ter se casado e tido filhos. Em sua \u201cCan\u00e7\u00e3o de Ninar\u201d, ouvimos n\u00e3o apenas a do\u00e7ura da m\u00fasica, mas uma saudade melanc\u00f3lica do que ele nunca teve. Mesmo que ele permanecesse silenciosamente insatisfeito em sua vida pessoal, sua percep\u00e7\u00e3o emocional reverbera em cada nota.<\/p>\n\n\n\n<div class=\"wp-block-image\"><figure class=\"aligncenter size-large is-resized\"><a href=\"https:\/\/www.ithbrasil.com.br\/\"><img loading=\"lazy\" decoding=\"async\" src=\"https:\/\/jornalfatosenoticias.com.br\/wp-content\/uploads\/2023\/08\/ITH.jpeg\" alt=\"\" class=\"wp-image-44638\" width=\"273\" height=\"222\" srcset=\"https:\/\/jornalfatosenoticias.com.br\/wp-content\/uploads\/2023\/08\/ITH.jpeg 800w, https:\/\/jornalfatosenoticias.com.br\/wp-content\/uploads\/2023\/08\/ITH-300x244.jpeg 300w, https:\/\/jornalfatosenoticias.com.br\/wp-content\/uploads\/2023\/08\/ITH-768x624.jpeg 768w\" sizes=\"auto, (max-width: 273px) 100vw, 273px\" \/><\/a><\/figure><\/div>\n\n\n\n<p><strong><em>Fonte: <a href=\"https:\/\/www.epochtimes.com.br\/vida\/cancao-de-ninar-de-brahms-uma-ode-amorosa-de-um-coracao-solitario-205542.html\">Epoch Times Brasil<\/a><\/em><\/strong><\/p>\n","protected":false},"excerpt":{"rendered":"<p>A can\u00e7\u00e3o infantil mais reconhecida tamb\u00e9m \u00e9 uma can\u00e7\u00e3o de amor Por Andrew Benson Brown A maioria de n\u00f3s n\u00e3o se lembra de quando a ouvimos pela primeira vez. Uma frase mel\u00f3dica simples move-se passo a passo entre notas adjacentes na escala, sem disson\u00e2ncia ou tens\u00e3o inesperada. O\u00a0ritmo suave do tempo 6\/8 emula um ber\u00e7o [&hellip;]<\/p>\n","protected":false},"author":2,"featured_media":56443,"comment_status":"open","ping_status":"open","sticky":false,"template":"","format":"standard","meta":{"footnotes":""},"categories":[4],"tags":[3214,1198,25751,25750,25752,15909,1138],"class_list":["post-56439","post","type-post","status-publish","format-standard","has-post-thumbnail","hentry","category-cultura","tag-bebes","tag-cancao","tag-cancao-de-ninar","tag-johannes-brahms","tag-notas-musicais","tag-piano","tag-sono"],"yoast_head":"<!-- This site is optimized with the Yoast SEO plugin v26.5 - https:\/\/yoast.com\/wordpress\/plugins\/seo\/ -->\n<title>Can\u00e7\u00e3o de ninar de Brahms: uma ode amorosa de um cora\u00e7\u00e3o solit\u00e1rio - Jornal Fatos e Not\u00edcias<\/title>\n<meta name=\"robots\" content=\"index, follow, max-snippet:-1, max-image-preview:large, max-video-preview:-1\" \/>\n<link rel=\"canonical\" href=\"https:\/\/jornalfatosenoticias.com.br\/index.php\/2024\/12\/17\/cancao-de-ninar-de-brahms-uma-ode-amorosa-de-um-coracao-solitario\/\" \/>\n<meta property=\"og:locale\" content=\"pt_BR\" \/>\n<meta property=\"og:type\" content=\"article\" \/>\n<meta property=\"og:title\" content=\"Can\u00e7\u00e3o de ninar de Brahms: uma ode amorosa de um cora\u00e7\u00e3o solit\u00e1rio - Jornal Fatos e Not\u00edcias\" \/>\n<meta property=\"og:description\" content=\"A can\u00e7\u00e3o infantil mais reconhecida tamb\u00e9m \u00e9 uma can\u00e7\u00e3o de amor Por Andrew Benson Brown A maioria de n\u00f3s n\u00e3o se lembra de quando a ouvimos pela primeira vez. Uma frase mel\u00f3dica simples move-se passo a passo entre notas adjacentes na escala, sem disson\u00e2ncia ou tens\u00e3o inesperada. O\u00a0ritmo suave do tempo 6\/8 emula um ber\u00e7o [&hellip;]\" \/>\n<meta property=\"og:url\" content=\"https:\/\/jornalfatosenoticias.com.br\/index.php\/2024\/12\/17\/cancao-de-ninar-de-brahms-uma-ode-amorosa-de-um-coracao-solitario\/\" \/>\n<meta property=\"og:site_name\" content=\"Jornal Fatos e Not\u00edcias\" \/>\n<meta property=\"article:published_time\" content=\"2024-12-17T18:44:04+00:00\" \/>\n<meta property=\"article:modified_time\" content=\"2024-12-17T18:44:06+00:00\" \/>\n<meta property=\"og:image\" content=\"https:\/\/jornalfatosenoticias.com.br\/wp-content\/uploads\/2024\/12\/Johannes-Brahms_GettyImages_Pixabay.jpg\" \/>\n\t<meta property=\"og:image:width\" content=\"700\" \/>\n\t<meta property=\"og:image:height\" content=\"420\" \/>\n\t<meta property=\"og:image:type\" content=\"image\/jpeg\" \/>\n<meta name=\"author\" content=\"Luzimara Fernandes\" \/>\n<meta name=\"twitter:card\" content=\"summary_large_image\" \/>\n<meta name=\"twitter:label1\" content=\"Escrito por\" \/>\n\t<meta name=\"twitter:data1\" content=\"Luzimara Fernandes\" \/>\n\t<meta name=\"twitter:label2\" content=\"Est. tempo de leitura\" \/>\n\t<meta name=\"twitter:data2\" content=\"5 minutos\" \/>\n<script type=\"application\/ld+json\" class=\"yoast-schema-graph\">{\"@context\":\"https:\/\/schema.org\",\"@graph\":[{\"@type\":\"Article\",\"@id\":\"https:\/\/jornalfatosenoticias.com.br\/index.php\/2024\/12\/17\/cancao-de-ninar-de-brahms-uma-ode-amorosa-de-um-coracao-solitario\/#article\",\"isPartOf\":{\"@id\":\"https:\/\/jornalfatosenoticias.com.br\/index.php\/2024\/12\/17\/cancao-de-ninar-de-brahms-uma-ode-amorosa-de-um-coracao-solitario\/\"},\"author\":{\"name\":\"Luzimara Fernandes\",\"@id\":\"https:\/\/jornalfatosenoticias.com.br\/#\/schema\/person\/d63837fa13ac8666eb9e74e0985d6f81\"},\"headline\":\"Can\u00e7\u00e3o de ninar de Brahms: uma ode amorosa de um cora\u00e7\u00e3o solit\u00e1rio\",\"datePublished\":\"2024-12-17T18:44:04+00:00\",\"dateModified\":\"2024-12-17T18:44:06+00:00\",\"mainEntityOfPage\":{\"@id\":\"https:\/\/jornalfatosenoticias.com.br\/index.php\/2024\/12\/17\/cancao-de-ninar-de-brahms-uma-ode-amorosa-de-um-coracao-solitario\/\"},\"wordCount\":1094,\"commentCount\":0,\"publisher\":{\"@id\":\"https:\/\/jornalfatosenoticias.com.br\/#organization\"},\"image\":{\"@id\":\"https:\/\/jornalfatosenoticias.com.br\/index.php\/2024\/12\/17\/cancao-de-ninar-de-brahms-uma-ode-amorosa-de-um-coracao-solitario\/#primaryimage\"},\"thumbnailUrl\":\"https:\/\/jornalfatosenoticias.com.br\/wp-content\/uploads\/2024\/12\/Johannes-Brahms_GettyImages_Pixabay.jpg\",\"keywords\":[\"beb\u00eas\",\"can\u00e7\u00e3o\",\"can\u00e7\u00e3o de ninar\",\"Johannes Brahms\",\"notas musicais\",\"piano\",\"sono\"],\"articleSection\":[\"Cultura\"],\"inLanguage\":\"pt-BR\",\"potentialAction\":[{\"@type\":\"CommentAction\",\"name\":\"Comment\",\"target\":[\"https:\/\/jornalfatosenoticias.com.br\/index.php\/2024\/12\/17\/cancao-de-ninar-de-brahms-uma-ode-amorosa-de-um-coracao-solitario\/#respond\"]}]},{\"@type\":\"WebPage\",\"@id\":\"https:\/\/jornalfatosenoticias.com.br\/index.php\/2024\/12\/17\/cancao-de-ninar-de-brahms-uma-ode-amorosa-de-um-coracao-solitario\/\",\"url\":\"https:\/\/jornalfatosenoticias.com.br\/index.php\/2024\/12\/17\/cancao-de-ninar-de-brahms-uma-ode-amorosa-de-um-coracao-solitario\/\",\"name\":\"Can\u00e7\u00e3o de ninar de Brahms: uma ode amorosa de um cora\u00e7\u00e3o solit\u00e1rio - Jornal Fatos e Not\u00edcias\",\"isPartOf\":{\"@id\":\"https:\/\/jornalfatosenoticias.com.br\/#website\"},\"primaryImageOfPage\":{\"@id\":\"https:\/\/jornalfatosenoticias.com.br\/index.php\/2024\/12\/17\/cancao-de-ninar-de-brahms-uma-ode-amorosa-de-um-coracao-solitario\/#primaryimage\"},\"image\":{\"@id\":\"https:\/\/jornalfatosenoticias.com.br\/index.php\/2024\/12\/17\/cancao-de-ninar-de-brahms-uma-ode-amorosa-de-um-coracao-solitario\/#primaryimage\"},\"thumbnailUrl\":\"https:\/\/jornalfatosenoticias.com.br\/wp-content\/uploads\/2024\/12\/Johannes-Brahms_GettyImages_Pixabay.jpg\",\"datePublished\":\"2024-12-17T18:44:04+00:00\",\"dateModified\":\"2024-12-17T18:44:06+00:00\",\"breadcrumb\":{\"@id\":\"https:\/\/jornalfatosenoticias.com.br\/index.php\/2024\/12\/17\/cancao-de-ninar-de-brahms-uma-ode-amorosa-de-um-coracao-solitario\/#breadcrumb\"},\"inLanguage\":\"pt-BR\",\"potentialAction\":[{\"@type\":\"ReadAction\",\"target\":[\"https:\/\/jornalfatosenoticias.com.br\/index.php\/2024\/12\/17\/cancao-de-ninar-de-brahms-uma-ode-amorosa-de-um-coracao-solitario\/\"]}]},{\"@type\":\"ImageObject\",\"inLanguage\":\"pt-BR\",\"@id\":\"https:\/\/jornalfatosenoticias.com.br\/index.php\/2024\/12\/17\/cancao-de-ninar-de-brahms-uma-ode-amorosa-de-um-coracao-solitario\/#primaryimage\",\"url\":\"https:\/\/jornalfatosenoticias.com.br\/wp-content\/uploads\/2024\/12\/Johannes-Brahms_GettyImages_Pixabay.jpg\",\"contentUrl\":\"https:\/\/jornalfatosenoticias.com.br\/wp-content\/uploads\/2024\/12\/Johannes-Brahms_GettyImages_Pixabay.jpg\",\"width\":700,\"height\":420},{\"@type\":\"BreadcrumbList\",\"@id\":\"https:\/\/jornalfatosenoticias.com.br\/index.php\/2024\/12\/17\/cancao-de-ninar-de-brahms-uma-ode-amorosa-de-um-coracao-solitario\/#breadcrumb\",\"itemListElement\":[{\"@type\":\"ListItem\",\"position\":1,\"name\":\"In\u00edcio\",\"item\":\"https:\/\/jornalfatosenoticias.com.br\/\"},{\"@type\":\"ListItem\",\"position\":2,\"name\":\"Can\u00e7\u00e3o de ninar de Brahms: uma ode amorosa de um cora\u00e7\u00e3o solit\u00e1rio\"}]},{\"@type\":\"WebSite\",\"@id\":\"https:\/\/jornalfatosenoticias.com.br\/#website\",\"url\":\"https:\/\/jornalfatosenoticias.com.br\/\",\"name\":\"Jornal Fatos e Not\u00edcias\",\"description\":\"Not\u00edcias em geral\",\"publisher\":{\"@id\":\"https:\/\/jornalfatosenoticias.com.br\/#organization\"},\"potentialAction\":[{\"@type\":\"SearchAction\",\"target\":{\"@type\":\"EntryPoint\",\"urlTemplate\":\"https:\/\/jornalfatosenoticias.com.br\/?s={search_term_string}\"},\"query-input\":{\"@type\":\"PropertyValueSpecification\",\"valueRequired\":true,\"valueName\":\"search_term_string\"}}],\"inLanguage\":\"pt-BR\"},{\"@type\":\"Organization\",\"@id\":\"https:\/\/jornalfatosenoticias.com.br\/#organization\",\"name\":\"Jornal Fatos e Not\u00edcias\",\"url\":\"https:\/\/jornalfatosenoticias.com.br\/\",\"logo\":{\"@type\":\"ImageObject\",\"inLanguage\":\"pt-BR\",\"@id\":\"https:\/\/jornalfatosenoticias.com.br\/#\/schema\/logo\/image\/\",\"url\":\"https:\/\/jornalfatosenoticias.com.br\/wp-content\/uploads\/2020\/02\/logo120.png\",\"contentUrl\":\"https:\/\/jornalfatosenoticias.com.br\/wp-content\/uploads\/2020\/02\/logo120.png\",\"width\":1227,\"height\":120,\"caption\":\"Jornal Fatos e Not\u00edcias\"},\"image\":{\"@id\":\"https:\/\/jornalfatosenoticias.com.br\/#\/schema\/logo\/image\/\"}},{\"@type\":\"Person\",\"@id\":\"https:\/\/jornalfatosenoticias.com.br\/#\/schema\/person\/d63837fa13ac8666eb9e74e0985d6f81\",\"name\":\"Luzimara Fernandes\",\"image\":{\"@type\":\"ImageObject\",\"inLanguage\":\"pt-BR\",\"@id\":\"https:\/\/jornalfatosenoticias.com.br\/#\/schema\/person\/image\/\",\"url\":\"https:\/\/jornalfatosenoticias.com.br\/wp-content\/uploads\/2025\/05\/EU_portal.jpg\",\"contentUrl\":\"https:\/\/jornalfatosenoticias.com.br\/wp-content\/uploads\/2025\/05\/EU_portal.jpg\",\"caption\":\"Luzimara Fernandes\"},\"description\":\"Jornalista MTB 2358-ES\",\"sameAs\":[\"https:\/\/jornalfatosenoticias.com.br\"],\"url\":\"https:\/\/jornalfatosenoticias.com.br\/index.php\/author\/luzimara\/\"}]}<\/script>\n<!-- \/ Yoast SEO plugin. -->","yoast_head_json":{"title":"Can\u00e7\u00e3o de ninar de Brahms: uma ode amorosa de um cora\u00e7\u00e3o solit\u00e1rio - Jornal Fatos e Not\u00edcias","robots":{"index":"index","follow":"follow","max-snippet":"max-snippet:-1","max-image-preview":"max-image-preview:large","max-video-preview":"max-video-preview:-1"},"canonical":"https:\/\/jornalfatosenoticias.com.br\/index.php\/2024\/12\/17\/cancao-de-ninar-de-brahms-uma-ode-amorosa-de-um-coracao-solitario\/","og_locale":"pt_BR","og_type":"article","og_title":"Can\u00e7\u00e3o de ninar de Brahms: uma ode amorosa de um cora\u00e7\u00e3o solit\u00e1rio - Jornal Fatos e Not\u00edcias","og_description":"A can\u00e7\u00e3o infantil mais reconhecida tamb\u00e9m \u00e9 uma can\u00e7\u00e3o de amor Por Andrew Benson Brown A maioria de n\u00f3s n\u00e3o se lembra de quando a ouvimos pela primeira vez. Uma frase mel\u00f3dica simples move-se passo a passo entre notas adjacentes na escala, sem disson\u00e2ncia ou tens\u00e3o inesperada. O\u00a0ritmo suave do tempo 6\/8 emula um ber\u00e7o [&hellip;]","og_url":"https:\/\/jornalfatosenoticias.com.br\/index.php\/2024\/12\/17\/cancao-de-ninar-de-brahms-uma-ode-amorosa-de-um-coracao-solitario\/","og_site_name":"Jornal Fatos e Not\u00edcias","article_published_time":"2024-12-17T18:44:04+00:00","article_modified_time":"2024-12-17T18:44:06+00:00","og_image":[{"width":700,"height":420,"url":"https:\/\/jornalfatosenoticias.com.br\/wp-content\/uploads\/2024\/12\/Johannes-Brahms_GettyImages_Pixabay.jpg","type":"image\/jpeg"}],"author":"Luzimara Fernandes","twitter_card":"summary_large_image","twitter_misc":{"Escrito por":"Luzimara Fernandes","Est. tempo de leitura":"5 minutos"},"schema":{"@context":"https:\/\/schema.org","@graph":[{"@type":"Article","@id":"https:\/\/jornalfatosenoticias.com.br\/index.php\/2024\/12\/17\/cancao-de-ninar-de-brahms-uma-ode-amorosa-de-um-coracao-solitario\/#article","isPartOf":{"@id":"https:\/\/jornalfatosenoticias.com.br\/index.php\/2024\/12\/17\/cancao-de-ninar-de-brahms-uma-ode-amorosa-de-um-coracao-solitario\/"},"author":{"name":"Luzimara Fernandes","@id":"https:\/\/jornalfatosenoticias.com.br\/#\/schema\/person\/d63837fa13ac8666eb9e74e0985d6f81"},"headline":"Can\u00e7\u00e3o de ninar de Brahms: uma ode amorosa de um cora\u00e7\u00e3o solit\u00e1rio","datePublished":"2024-12-17T18:44:04+00:00","dateModified":"2024-12-17T18:44:06+00:00","mainEntityOfPage":{"@id":"https:\/\/jornalfatosenoticias.com.br\/index.php\/2024\/12\/17\/cancao-de-ninar-de-brahms-uma-ode-amorosa-de-um-coracao-solitario\/"},"wordCount":1094,"commentCount":0,"publisher":{"@id":"https:\/\/jornalfatosenoticias.com.br\/#organization"},"image":{"@id":"https:\/\/jornalfatosenoticias.com.br\/index.php\/2024\/12\/17\/cancao-de-ninar-de-brahms-uma-ode-amorosa-de-um-coracao-solitario\/#primaryimage"},"thumbnailUrl":"https:\/\/jornalfatosenoticias.com.br\/wp-content\/uploads\/2024\/12\/Johannes-Brahms_GettyImages_Pixabay.jpg","keywords":["beb\u00eas","can\u00e7\u00e3o","can\u00e7\u00e3o de ninar","Johannes Brahms","notas musicais","piano","sono"],"articleSection":["Cultura"],"inLanguage":"pt-BR","potentialAction":[{"@type":"CommentAction","name":"Comment","target":["https:\/\/jornalfatosenoticias.com.br\/index.php\/2024\/12\/17\/cancao-de-ninar-de-brahms-uma-ode-amorosa-de-um-coracao-solitario\/#respond"]}]},{"@type":"WebPage","@id":"https:\/\/jornalfatosenoticias.com.br\/index.php\/2024\/12\/17\/cancao-de-ninar-de-brahms-uma-ode-amorosa-de-um-coracao-solitario\/","url":"https:\/\/jornalfatosenoticias.com.br\/index.php\/2024\/12\/17\/cancao-de-ninar-de-brahms-uma-ode-amorosa-de-um-coracao-solitario\/","name":"Can\u00e7\u00e3o de ninar de Brahms: uma ode amorosa de um cora\u00e7\u00e3o solit\u00e1rio - Jornal Fatos e Not\u00edcias","isPartOf":{"@id":"https:\/\/jornalfatosenoticias.com.br\/#website"},"primaryImageOfPage":{"@id":"https:\/\/jornalfatosenoticias.com.br\/index.php\/2024\/12\/17\/cancao-de-ninar-de-brahms-uma-ode-amorosa-de-um-coracao-solitario\/#primaryimage"},"image":{"@id":"https:\/\/jornalfatosenoticias.com.br\/index.php\/2024\/12\/17\/cancao-de-ninar-de-brahms-uma-ode-amorosa-de-um-coracao-solitario\/#primaryimage"},"thumbnailUrl":"https:\/\/jornalfatosenoticias.com.br\/wp-content\/uploads\/2024\/12\/Johannes-Brahms_GettyImages_Pixabay.jpg","datePublished":"2024-12-17T18:44:04+00:00","dateModified":"2024-12-17T18:44:06+00:00","breadcrumb":{"@id":"https:\/\/jornalfatosenoticias.com.br\/index.php\/2024\/12\/17\/cancao-de-ninar-de-brahms-uma-ode-amorosa-de-um-coracao-solitario\/#breadcrumb"},"inLanguage":"pt-BR","potentialAction":[{"@type":"ReadAction","target":["https:\/\/jornalfatosenoticias.com.br\/index.php\/2024\/12\/17\/cancao-de-ninar-de-brahms-uma-ode-amorosa-de-um-coracao-solitario\/"]}]},{"@type":"ImageObject","inLanguage":"pt-BR","@id":"https:\/\/jornalfatosenoticias.com.br\/index.php\/2024\/12\/17\/cancao-de-ninar-de-brahms-uma-ode-amorosa-de-um-coracao-solitario\/#primaryimage","url":"https:\/\/jornalfatosenoticias.com.br\/wp-content\/uploads\/2024\/12\/Johannes-Brahms_GettyImages_Pixabay.jpg","contentUrl":"https:\/\/jornalfatosenoticias.com.br\/wp-content\/uploads\/2024\/12\/Johannes-Brahms_GettyImages_Pixabay.jpg","width":700,"height":420},{"@type":"BreadcrumbList","@id":"https:\/\/jornalfatosenoticias.com.br\/index.php\/2024\/12\/17\/cancao-de-ninar-de-brahms-uma-ode-amorosa-de-um-coracao-solitario\/#breadcrumb","itemListElement":[{"@type":"ListItem","position":1,"name":"In\u00edcio","item":"https:\/\/jornalfatosenoticias.com.br\/"},{"@type":"ListItem","position":2,"name":"Can\u00e7\u00e3o de ninar de Brahms: uma ode amorosa de um cora\u00e7\u00e3o solit\u00e1rio"}]},{"@type":"WebSite","@id":"https:\/\/jornalfatosenoticias.com.br\/#website","url":"https:\/\/jornalfatosenoticias.com.br\/","name":"Jornal Fatos e Not\u00edcias","description":"Not\u00edcias em geral","publisher":{"@id":"https:\/\/jornalfatosenoticias.com.br\/#organization"},"potentialAction":[{"@type":"SearchAction","target":{"@type":"EntryPoint","urlTemplate":"https:\/\/jornalfatosenoticias.com.br\/?s={search_term_string}"},"query-input":{"@type":"PropertyValueSpecification","valueRequired":true,"valueName":"search_term_string"}}],"inLanguage":"pt-BR"},{"@type":"Organization","@id":"https:\/\/jornalfatosenoticias.com.br\/#organization","name":"Jornal Fatos e Not\u00edcias","url":"https:\/\/jornalfatosenoticias.com.br\/","logo":{"@type":"ImageObject","inLanguage":"pt-BR","@id":"https:\/\/jornalfatosenoticias.com.br\/#\/schema\/logo\/image\/","url":"https:\/\/jornalfatosenoticias.com.br\/wp-content\/uploads\/2020\/02\/logo120.png","contentUrl":"https:\/\/jornalfatosenoticias.com.br\/wp-content\/uploads\/2020\/02\/logo120.png","width":1227,"height":120,"caption":"Jornal Fatos e Not\u00edcias"},"image":{"@id":"https:\/\/jornalfatosenoticias.com.br\/#\/schema\/logo\/image\/"}},{"@type":"Person","@id":"https:\/\/jornalfatosenoticias.com.br\/#\/schema\/person\/d63837fa13ac8666eb9e74e0985d6f81","name":"Luzimara Fernandes","image":{"@type":"ImageObject","inLanguage":"pt-BR","@id":"https:\/\/jornalfatosenoticias.com.br\/#\/schema\/person\/image\/","url":"https:\/\/jornalfatosenoticias.com.br\/wp-content\/uploads\/2025\/05\/EU_portal.jpg","contentUrl":"https:\/\/jornalfatosenoticias.com.br\/wp-content\/uploads\/2025\/05\/EU_portal.jpg","caption":"Luzimara Fernandes"},"description":"Jornalista MTB 2358-ES","sameAs":["https:\/\/jornalfatosenoticias.com.br"],"url":"https:\/\/jornalfatosenoticias.com.br\/index.php\/author\/luzimara\/"}]}},"cc_featured_image_caption":{"caption_text":"(Foto: Getty Images\/Pixabay) ","source_text":"","source_url":""},"jetpack_featured_media_url":"https:\/\/jornalfatosenoticias.com.br\/wp-content\/uploads\/2024\/12\/Johannes-Brahms_GettyImages_Pixabay.jpg","_links":{"self":[{"href":"https:\/\/jornalfatosenoticias.com.br\/index.php\/wp-json\/wp\/v2\/posts\/56439","targetHints":{"allow":["GET"]}}],"collection":[{"href":"https:\/\/jornalfatosenoticias.com.br\/index.php\/wp-json\/wp\/v2\/posts"}],"about":[{"href":"https:\/\/jornalfatosenoticias.com.br\/index.php\/wp-json\/wp\/v2\/types\/post"}],"author":[{"embeddable":true,"href":"https:\/\/jornalfatosenoticias.com.br\/index.php\/wp-json\/wp\/v2\/users\/2"}],"replies":[{"embeddable":true,"href":"https:\/\/jornalfatosenoticias.com.br\/index.php\/wp-json\/wp\/v2\/comments?post=56439"}],"version-history":[{"count":0,"href":"https:\/\/jornalfatosenoticias.com.br\/index.php\/wp-json\/wp\/v2\/posts\/56439\/revisions"}],"wp:featuredmedia":[{"embeddable":true,"href":"https:\/\/jornalfatosenoticias.com.br\/index.php\/wp-json\/wp\/v2\/media\/56443"}],"wp:attachment":[{"href":"https:\/\/jornalfatosenoticias.com.br\/index.php\/wp-json\/wp\/v2\/media?parent=56439"}],"wp:term":[{"taxonomy":"category","embeddable":true,"href":"https:\/\/jornalfatosenoticias.com.br\/index.php\/wp-json\/wp\/v2\/categories?post=56439"},{"taxonomy":"post_tag","embeddable":true,"href":"https:\/\/jornalfatosenoticias.com.br\/index.php\/wp-json\/wp\/v2\/tags?post=56439"}],"curies":[{"name":"wp","href":"https:\/\/api.w.org\/{rel}","templated":true}]}}