{"id":56451,"date":"2024-12-17T16:24:10","date_gmt":"2024-12-17T19:24:10","guid":{"rendered":"https:\/\/jornalfatosenoticias.com.br\/?p=56451"},"modified":"2024-12-17T16:24:11","modified_gmt":"2024-12-17T19:24:11","slug":"vigilancia-silenciosa-como-as-smart-tvs-estao-monitorando-seus-habitos-diarios","status":"publish","type":"post","link":"https:\/\/jornalfatosenoticias.com.br\/index.php\/2024\/12\/17\/vigilancia-silenciosa-como-as-smart-tvs-estao-monitorando-seus-habitos-diarios\/","title":{"rendered":"Vigil\u00e2ncia silenciosa: como as smart TVs est\u00e3o monitorando seus h\u00e1bitos di\u00e1rios"},"content":{"rendered":"\n<div class=\"wp-block-image\"><figure class=\"aligncenter size-large is-resized\"><a href=\"https:\/\/www.facebook.com\/vetor.vix\/\"><img loading=\"lazy\" decoding=\"async\" src=\"https:\/\/jornalfatosenoticias.com.br\/wp-content\/uploads\/2023\/09\/vetorvix1024_1.jpg\" alt=\"\" class=\"wp-image-44868\" width=\"550\" height=\"146\" srcset=\"https:\/\/jornalfatosenoticias.com.br\/wp-content\/uploads\/2023\/09\/vetorvix1024_1.jpg 1024w, https:\/\/jornalfatosenoticias.com.br\/wp-content\/uploads\/2023\/09\/vetorvix1024_1-300x80.jpg 300w, https:\/\/jornalfatosenoticias.com.br\/wp-content\/uploads\/2023\/09\/vetorvix1024_1-768x205.jpg 768w\" sizes=\"auto, (max-width: 550px) 100vw, 550px\" \/><\/a><\/figure><\/div>\n\n\n\n<p>Imagine relaxar no sof\u00e1 ap\u00f3s um longo dia, acreditando que s\u00f3 voc\u00ea sabe o que est\u00e1 assistindo na TV. No entanto, enquanto voc\u00ea escolhe seu filme favorito ou conecta o laptop para trabalhar, sua smart TV pode estar registrando cada movimento.<br>Um <a href=\"https:\/\/dl.acm.org\/doi\/10.1145\/3646547.3689013\" target=\"_blank\" rel=\"noreferrer noopener\">estudo recente revelou que<\/a> esses dispositivos conectados \u00e0 internet n\u00e3o apenas oferecem praticidade, mas tamb\u00e9m monitoram ativamente os h\u00e1bitos de quem os utiliza, colocando em xeque a privacidade dom\u00e9stica.<\/p>\n\n\n\n<div class=\"wp-block-image\"><figure class=\"aligncenter size-large is-resized\"><a href=\"https:\/\/www.facebook.com\/profile.php?id=100069289606145\"><img loading=\"lazy\" decoding=\"async\" src=\"https:\/\/jornalfatosenoticias.com.br\/wp-content\/uploads\/2024\/11\/Guaitolini-Contabilidade-1024x714.jpeg\" alt=\"\" class=\"wp-image-55808\" width=\"304\" height=\"212\" srcset=\"https:\/\/jornalfatosenoticias.com.br\/wp-content\/uploads\/2024\/11\/Guaitolini-Contabilidade-1024x714.jpeg 1024w, https:\/\/jornalfatosenoticias.com.br\/wp-content\/uploads\/2024\/11\/Guaitolini-Contabilidade-300x209.jpeg 300w, https:\/\/jornalfatosenoticias.com.br\/wp-content\/uploads\/2024\/11\/Guaitolini-Contabilidade-768x535.jpeg 768w, https:\/\/jornalfatosenoticias.com.br\/wp-content\/uploads\/2024\/11\/Guaitolini-Contabilidade.jpeg 1280w\" sizes=\"auto, (max-width: 304px) 100vw, 304px\" \/><\/a><\/figure><\/div>\n\n\n\n<p>Pesquisadores de universidades na Espanha, Inglaterra e Estados Unidos descobriram que marcas l\u00edderes do mercado, como Samsung e LG, utilizam a tecnologia de <a href=\"https:\/\/www.epochtimes.com.br\/focus\/reconhecimento-automatico-de-conteudo\" target=\"_blank\" rel=\"noreferrer noopener\">Reconhecimento Autom\u00e1tico de Conte\u00fado<\/a> (RAC) para capturar dados dos usu\u00e1rios em tempo real.<\/p>\n\n\n\n<div class=\"wp-block-image\"><figure class=\"aligncenter size-large is-resized\"><a href=\"https:\/\/www.instagram.com\/restaurantepegoretti\/\"><img loading=\"lazy\" decoding=\"async\" src=\"https:\/\/jornalfatosenoticias.com.br\/wp-content\/uploads\/2023\/12\/pegoretti-logo-pdf-1024x389.jpg\" alt=\"\" class=\"wp-image-47536\" width=\"396\" height=\"150\" srcset=\"https:\/\/jornalfatosenoticias.com.br\/wp-content\/uploads\/2023\/12\/pegoretti-logo-pdf-1024x389.jpg 1024w, https:\/\/jornalfatosenoticias.com.br\/wp-content\/uploads\/2023\/12\/pegoretti-logo-pdf-300x114.jpg 300w, https:\/\/jornalfatosenoticias.com.br\/wp-content\/uploads\/2023\/12\/pegoretti-logo-pdf-768x291.jpg 768w, https:\/\/jornalfatosenoticias.com.br\/wp-content\/uploads\/2023\/12\/pegoretti-logo-pdf.jpg 1120w\" sizes=\"auto, (max-width: 396px) 100vw, 396px\" \/><\/a><\/figure><\/div>\n\n\n\n<p>Essa ferramenta \u00e9 capaz de identificar o que est\u00e1 sendo exibido na tela, criando uma esp\u00e9cie de dossi\u00ea sobre suas prefer\u00eancias, incluindo capturas de tela e de \u00e1udio. Ao contr\u00e1rio do que se imagina, o monitoramento n\u00e3o acontece apenas quando voc\u00ea est\u00e1 assistindo TV tradicional. Mesmo que a smart TV esteja sendo usada como monitor externo, ela continua coletando informa\u00e7\u00f5es, registrando o conte\u00fado por meio de capturas de tela e \u00e1udio.<\/p>\n\n\n\n<div class=\"wp-block-image\"><figure class=\"aligncenter size-large is-resized\"><a href=\"https:\/\/www.legisjuris.com.br\/\"><img loading=\"lazy\" decoding=\"async\" src=\"https:\/\/jornalfatosenoticias.com.br\/wp-content\/uploads\/2024\/09\/Legis-Juris-Consultoria_logo.jpg\" alt=\"\" class=\"wp-image-53915\" width=\"418\" height=\"175\" srcset=\"https:\/\/jornalfatosenoticias.com.br\/wp-content\/uploads\/2024\/09\/Legis-Juris-Consultoria_logo.jpg 969w, https:\/\/jornalfatosenoticias.com.br\/wp-content\/uploads\/2024\/09\/Legis-Juris-Consultoria_logo-300x126.jpg 300w, https:\/\/jornalfatosenoticias.com.br\/wp-content\/uploads\/2024\/09\/Legis-Juris-Consultoria_logo-768x322.jpg 768w\" sizes=\"auto, (max-width: 418px) 100vw, 418px\" \/><\/a><\/figure><\/div>\n\n\n\n<p>Um detalhe alarmante apontado pelo estudo foi a frequ\u00eancia dessas transmiss\u00f5es: televisores da Samsung enviam os dados para os servidores da empresa a cada 60 segundos, enquanto os modelos da LG fazem isso a cada 15 segundos.<\/p>\n\n\n\n<div class=\"wp-block-image\"><figure class=\"aligncenter size-large is-resized\"><a href=\"https:\/\/www.instagram.com\/esteiochurrascaria\/\"><img loading=\"lazy\" decoding=\"async\" src=\"https:\/\/jornalfatosenoticias.com.br\/wp-content\/uploads\/2022\/02\/LOGO-ESTEIO-1024x730.png\" alt=\"\" class=\"wp-image-27942\" width=\"306\" height=\"218\" srcset=\"https:\/\/jornalfatosenoticias.com.br\/wp-content\/uploads\/2022\/02\/LOGO-ESTEIO-1024x730.png 1024w, https:\/\/jornalfatosenoticias.com.br\/wp-content\/uploads\/2022\/02\/LOGO-ESTEIO-300x214.png 300w, https:\/\/jornalfatosenoticias.com.br\/wp-content\/uploads\/2022\/02\/LOGO-ESTEIO-768x548.png 768w, https:\/\/jornalfatosenoticias.com.br\/wp-content\/uploads\/2022\/02\/LOGO-ESTEIO.png 1123w\" sizes=\"auto, (max-width: 306px) 100vw, 306px\" \/><\/a><\/figure><\/div>\n\n\n\n<p><strong><span class=\"has-inline-color has-black-color\"><strong><a href=\"https:\/\/www.epochtimes.com.br\/focus\/rastreamento-por-padrao\" target=\"_blank\" rel=\"noreferrer noopener\">Rastreamento por padr\u00e3o<\/a><\/strong><br><\/span><\/strong>A situa\u00e7\u00e3o \u00e9 agravada pelas configura\u00e7\u00f5es iniciais das smart TVs, que ativam o rastreamento por padr\u00e3o. Embora seja poss\u00edvel ajustar essas prefer\u00eancias, o processo nem sempre \u00e9 simples ou intuitivo. Muitos usu\u00e1rios, segundo os pesquisadores, n\u00e3o se d\u00e3o conta de que est\u00e3o sendo monitorados, o que os deixa vulner\u00e1veis a uma coleta de dados massiva e n\u00e3o autorizada.<\/p>\n\n\n\n<div class=\"wp-block-image\"><figure class=\"aligncenter size-large\"><a href=\"https:\/\/cesconetto.com.br\/\"><img loading=\"lazy\" decoding=\"async\" width=\"300\" height=\"250\" src=\"https:\/\/jornalfatosenoticias.com.br\/wp-content\/uploads\/2020\/02\/Banner-2.png\" alt=\"\" class=\"wp-image-43787\"\/><\/a><\/figure><\/div>\n\n\n\n<p><strong><span class=\"has-inline-color has-black-color\">Como proteger seus dados<br><\/span><\/strong>A pesquisa alerta que o primeiro passo para proteger a privacidade \u00e9 revisar minuciosamente as configura\u00e7\u00f5es de privacidade do aparelho. Alterar as permiss\u00f5es padr\u00e3o e entender os termos de uso pode evitar que informa\u00e7\u00f5es sens\u00edveis sejam compartilhadas sem o seu conhecimento.<\/p>\n\n\n\n<div class=\"wp-block-image\"><figure class=\"aligncenter size-large is-resized\"><a href=\"https:\/\/www.instagram.com\/vmais.midias\/\"><img loading=\"lazy\" decoding=\"async\" src=\"https:\/\/jornalfatosenoticias.com.br\/wp-content\/uploads\/2020\/02\/DE-MAIS-DESTAQUE-VMAIS-800X700.png\" alt=\"\" class=\"wp-image-53112\" width=\"310\" height=\"271\" srcset=\"https:\/\/jornalfatosenoticias.com.br\/wp-content\/uploads\/2020\/02\/DE-MAIS-DESTAQUE-VMAIS-800X700.png 800w, https:\/\/jornalfatosenoticias.com.br\/wp-content\/uploads\/2020\/02\/DE-MAIS-DESTAQUE-VMAIS-800X700-300x263.png 300w, https:\/\/jornalfatosenoticias.com.br\/wp-content\/uploads\/2020\/02\/DE-MAIS-DESTAQUE-VMAIS-800X700-768x672.png 768w\" sizes=\"auto, (max-width: 310px) 100vw, 310px\" \/><\/a><\/figure><\/div>\n\n\n\n<p>Os pesquisadores tamb\u00e9m destacam a necessidade de mudan\u00e7as mais amplas, que envolvam fabricantes e reguladores. A tecnologia de dispositivos conectados, que comp\u00f5em a chamada Internet das Coisas, est\u00e1 se expandindo rapidamente, e o debate sobre privacidade precisa acompanhar esse crescimento.<br>No fim das contas, a pergunta que fica \u00e9: at\u00e9 que ponto estamos dispostos a sacrificar a privacidade em troca de conveni\u00eancia? Sua TV, afinal, pode saber mais sobre voc\u00ea do que voc\u00ea imagina.<\/p>\n\n\n\n<div class=\"wp-block-image\"><figure class=\"aligncenter size-large is-resized\"><a href=\"https:\/\/hotelmarquetti.com.br\/\"><img loading=\"lazy\" decoding=\"async\" src=\"https:\/\/jornalfatosenoticias.com.br\/wp-content\/uploads\/2023\/03\/nova-logo-Marquetti.jpg\" alt=\"\" class=\"wp-image-40207\" width=\"301\" height=\"202\" srcset=\"https:\/\/jornalfatosenoticias.com.br\/wp-content\/uploads\/2023\/03\/nova-logo-Marquetti.jpg 643w, https:\/\/jornalfatosenoticias.com.br\/wp-content\/uploads\/2023\/03\/nova-logo-Marquetti-300x202.jpg 300w\" sizes=\"auto, (max-width: 301px) 100vw, 301px\" \/><\/a><\/figure><\/div>\n\n\n\n<p><strong><em>Fonte: <a href=\"https:\/\/www.epochtimes.com.br\/ciencia\/vigilancia-silenciosa-como-as-smart-tvs-estao-monitorando-seus-habitos-diarios-209255.html\">Epoch Times Brasil<\/a><\/em><\/strong><\/p>\n","protected":false},"excerpt":{"rendered":"<p>Imagine relaxar no sof\u00e1 ap\u00f3s um longo dia, acreditando que s\u00f3 voc\u00ea sabe o que est\u00e1 assistindo na TV. No entanto, enquanto voc\u00ea escolhe seu filme favorito ou conecta o laptop para trabalhar, sua smart TV pode estar registrando cada movimento.Um estudo recente revelou que esses dispositivos conectados \u00e0 internet n\u00e3o apenas oferecem praticidade, mas [&hellip;]<\/p>\n","protected":false},"author":2,"featured_media":56452,"comment_status":"open","ping_status":"open","sticky":false,"template":"","format":"standard","meta":{"footnotes":""},"categories":[2522],"tags":[714,1162,3443,25757,25756],"class_list":["post-56451","post","type-post","status-publish","format-standard","has-post-thumbnail","hentry","category-comportamento","tag-estudo","tag-internet-das-coisas","tag-privacidade","tag-protecao-de-dados","tag-smart-tv"],"yoast_head":"<!-- This site is optimized with the Yoast SEO plugin v26.5 - https:\/\/yoast.com\/wordpress\/plugins\/seo\/ -->\n<title>Vigil\u00e2ncia silenciosa: como as smart TVs est\u00e3o monitorando seus h\u00e1bitos di\u00e1rios - Jornal Fatos e Not\u00edcias<\/title>\n<meta name=\"robots\" content=\"index, follow, max-snippet:-1, max-image-preview:large, max-video-preview:-1\" \/>\n<link rel=\"canonical\" href=\"https:\/\/jornalfatosenoticias.com.br\/index.php\/2024\/12\/17\/vigilancia-silenciosa-como-as-smart-tvs-estao-monitorando-seus-habitos-diarios\/\" \/>\n<meta property=\"og:locale\" content=\"pt_BR\" \/>\n<meta property=\"og:type\" content=\"article\" \/>\n<meta property=\"og:title\" content=\"Vigil\u00e2ncia silenciosa: como as smart TVs est\u00e3o monitorando seus h\u00e1bitos di\u00e1rios - Jornal Fatos e Not\u00edcias\" \/>\n<meta property=\"og:description\" content=\"Imagine relaxar no sof\u00e1 ap\u00f3s um longo dia, acreditando que s\u00f3 voc\u00ea sabe o que est\u00e1 assistindo na TV. No entanto, enquanto voc\u00ea escolhe seu filme favorito ou conecta o laptop para trabalhar, sua smart TV pode estar registrando cada movimento.Um estudo recente revelou que esses dispositivos conectados \u00e0 internet n\u00e3o apenas oferecem praticidade, mas [&hellip;]\" \/>\n<meta property=\"og:url\" content=\"https:\/\/jornalfatosenoticias.com.br\/index.php\/2024\/12\/17\/vigilancia-silenciosa-como-as-smart-tvs-estao-monitorando-seus-habitos-diarios\/\" \/>\n<meta property=\"og:site_name\" content=\"Jornal Fatos e Not\u00edcias\" \/>\n<meta property=\"article:published_time\" content=\"2024-12-17T19:24:10+00:00\" \/>\n<meta property=\"article:modified_time\" content=\"2024-12-17T19:24:11+00:00\" \/>\n<meta property=\"og:image\" content=\"https:\/\/jornalfatosenoticias.com.br\/wp-content\/uploads\/2024\/12\/smart-tvs_istock.jpg\" \/>\n\t<meta property=\"og:image:width\" content=\"612\" \/>\n\t<meta property=\"og:image:height\" content=\"408\" \/>\n\t<meta property=\"og:image:type\" content=\"image\/jpeg\" \/>\n<meta name=\"author\" content=\"Luzimara Fernandes\" \/>\n<meta name=\"twitter:card\" content=\"summary_large_image\" \/>\n<meta name=\"twitter:label1\" content=\"Escrito por\" \/>\n\t<meta name=\"twitter:data1\" content=\"Luzimara Fernandes\" \/>\n\t<meta name=\"twitter:label2\" content=\"Est. tempo de leitura\" \/>\n\t<meta name=\"twitter:data2\" content=\"2 minutos\" \/>\n<script type=\"application\/ld+json\" class=\"yoast-schema-graph\">{\"@context\":\"https:\/\/schema.org\",\"@graph\":[{\"@type\":\"Article\",\"@id\":\"https:\/\/jornalfatosenoticias.com.br\/index.php\/2024\/12\/17\/vigilancia-silenciosa-como-as-smart-tvs-estao-monitorando-seus-habitos-diarios\/#article\",\"isPartOf\":{\"@id\":\"https:\/\/jornalfatosenoticias.com.br\/index.php\/2024\/12\/17\/vigilancia-silenciosa-como-as-smart-tvs-estao-monitorando-seus-habitos-diarios\/\"},\"author\":{\"name\":\"Luzimara Fernandes\",\"@id\":\"https:\/\/jornalfatosenoticias.com.br\/#\/schema\/person\/d63837fa13ac8666eb9e74e0985d6f81\"},\"headline\":\"Vigil\u00e2ncia silenciosa: como as smart TVs est\u00e3o monitorando seus h\u00e1bitos di\u00e1rios\",\"datePublished\":\"2024-12-17T19:24:10+00:00\",\"dateModified\":\"2024-12-17T19:24:11+00:00\",\"mainEntityOfPage\":{\"@id\":\"https:\/\/jornalfatosenoticias.com.br\/index.php\/2024\/12\/17\/vigilancia-silenciosa-como-as-smart-tvs-estao-monitorando-seus-habitos-diarios\/\"},\"wordCount\":444,\"commentCount\":0,\"publisher\":{\"@id\":\"https:\/\/jornalfatosenoticias.com.br\/#organization\"},\"image\":{\"@id\":\"https:\/\/jornalfatosenoticias.com.br\/index.php\/2024\/12\/17\/vigilancia-silenciosa-como-as-smart-tvs-estao-monitorando-seus-habitos-diarios\/#primaryimage\"},\"thumbnailUrl\":\"https:\/\/jornalfatosenoticias.com.br\/wp-content\/uploads\/2024\/12\/smart-tvs_istock.jpg\",\"keywords\":[\"Estudo\",\"Internet das Coisas\",\"privacidade\",\"prote\u00e7\u00e3o de dados\",\"smart TV\"],\"articleSection\":[\"Comportamento &amp; Equil\u00edbrio\"],\"inLanguage\":\"pt-BR\",\"potentialAction\":[{\"@type\":\"CommentAction\",\"name\":\"Comment\",\"target\":[\"https:\/\/jornalfatosenoticias.com.br\/index.php\/2024\/12\/17\/vigilancia-silenciosa-como-as-smart-tvs-estao-monitorando-seus-habitos-diarios\/#respond\"]}]},{\"@type\":\"WebPage\",\"@id\":\"https:\/\/jornalfatosenoticias.com.br\/index.php\/2024\/12\/17\/vigilancia-silenciosa-como-as-smart-tvs-estao-monitorando-seus-habitos-diarios\/\",\"url\":\"https:\/\/jornalfatosenoticias.com.br\/index.php\/2024\/12\/17\/vigilancia-silenciosa-como-as-smart-tvs-estao-monitorando-seus-habitos-diarios\/\",\"name\":\"Vigil\u00e2ncia silenciosa: como as smart TVs est\u00e3o monitorando seus h\u00e1bitos di\u00e1rios - Jornal Fatos e Not\u00edcias\",\"isPartOf\":{\"@id\":\"https:\/\/jornalfatosenoticias.com.br\/#website\"},\"primaryImageOfPage\":{\"@id\":\"https:\/\/jornalfatosenoticias.com.br\/index.php\/2024\/12\/17\/vigilancia-silenciosa-como-as-smart-tvs-estao-monitorando-seus-habitos-diarios\/#primaryimage\"},\"image\":{\"@id\":\"https:\/\/jornalfatosenoticias.com.br\/index.php\/2024\/12\/17\/vigilancia-silenciosa-como-as-smart-tvs-estao-monitorando-seus-habitos-diarios\/#primaryimage\"},\"thumbnailUrl\":\"https:\/\/jornalfatosenoticias.com.br\/wp-content\/uploads\/2024\/12\/smart-tvs_istock.jpg\",\"datePublished\":\"2024-12-17T19:24:10+00:00\",\"dateModified\":\"2024-12-17T19:24:11+00:00\",\"breadcrumb\":{\"@id\":\"https:\/\/jornalfatosenoticias.com.br\/index.php\/2024\/12\/17\/vigilancia-silenciosa-como-as-smart-tvs-estao-monitorando-seus-habitos-diarios\/#breadcrumb\"},\"inLanguage\":\"pt-BR\",\"potentialAction\":[{\"@type\":\"ReadAction\",\"target\":[\"https:\/\/jornalfatosenoticias.com.br\/index.php\/2024\/12\/17\/vigilancia-silenciosa-como-as-smart-tvs-estao-monitorando-seus-habitos-diarios\/\"]}]},{\"@type\":\"ImageObject\",\"inLanguage\":\"pt-BR\",\"@id\":\"https:\/\/jornalfatosenoticias.com.br\/index.php\/2024\/12\/17\/vigilancia-silenciosa-como-as-smart-tvs-estao-monitorando-seus-habitos-diarios\/#primaryimage\",\"url\":\"https:\/\/jornalfatosenoticias.com.br\/wp-content\/uploads\/2024\/12\/smart-tvs_istock.jpg\",\"contentUrl\":\"https:\/\/jornalfatosenoticias.com.br\/wp-content\/uploads\/2024\/12\/smart-tvs_istock.jpg\",\"width\":612,\"height\":408,\"caption\":\"Man watching TV\"},{\"@type\":\"BreadcrumbList\",\"@id\":\"https:\/\/jornalfatosenoticias.com.br\/index.php\/2024\/12\/17\/vigilancia-silenciosa-como-as-smart-tvs-estao-monitorando-seus-habitos-diarios\/#breadcrumb\",\"itemListElement\":[{\"@type\":\"ListItem\",\"position\":1,\"name\":\"In\u00edcio\",\"item\":\"https:\/\/jornalfatosenoticias.com.br\/\"},{\"@type\":\"ListItem\",\"position\":2,\"name\":\"Vigil\u00e2ncia silenciosa: como as smart TVs est\u00e3o monitorando seus h\u00e1bitos di\u00e1rios\"}]},{\"@type\":\"WebSite\",\"@id\":\"https:\/\/jornalfatosenoticias.com.br\/#website\",\"url\":\"https:\/\/jornalfatosenoticias.com.br\/\",\"name\":\"Jornal Fatos e Not\u00edcias\",\"description\":\"Not\u00edcias em geral\",\"publisher\":{\"@id\":\"https:\/\/jornalfatosenoticias.com.br\/#organization\"},\"potentialAction\":[{\"@type\":\"SearchAction\",\"target\":{\"@type\":\"EntryPoint\",\"urlTemplate\":\"https:\/\/jornalfatosenoticias.com.br\/?s={search_term_string}\"},\"query-input\":{\"@type\":\"PropertyValueSpecification\",\"valueRequired\":true,\"valueName\":\"search_term_string\"}}],\"inLanguage\":\"pt-BR\"},{\"@type\":\"Organization\",\"@id\":\"https:\/\/jornalfatosenoticias.com.br\/#organization\",\"name\":\"Jornal Fatos e Not\u00edcias\",\"url\":\"https:\/\/jornalfatosenoticias.com.br\/\",\"logo\":{\"@type\":\"ImageObject\",\"inLanguage\":\"pt-BR\",\"@id\":\"https:\/\/jornalfatosenoticias.com.br\/#\/schema\/logo\/image\/\",\"url\":\"https:\/\/jornalfatosenoticias.com.br\/wp-content\/uploads\/2020\/02\/logo120.png\",\"contentUrl\":\"https:\/\/jornalfatosenoticias.com.br\/wp-content\/uploads\/2020\/02\/logo120.png\",\"width\":1227,\"height\":120,\"caption\":\"Jornal Fatos e Not\u00edcias\"},\"image\":{\"@id\":\"https:\/\/jornalfatosenoticias.com.br\/#\/schema\/logo\/image\/\"}},{\"@type\":\"Person\",\"@id\":\"https:\/\/jornalfatosenoticias.com.br\/#\/schema\/person\/d63837fa13ac8666eb9e74e0985d6f81\",\"name\":\"Luzimara Fernandes\",\"image\":{\"@type\":\"ImageObject\",\"inLanguage\":\"pt-BR\",\"@id\":\"https:\/\/jornalfatosenoticias.com.br\/#\/schema\/person\/image\/\",\"url\":\"https:\/\/jornalfatosenoticias.com.br\/wp-content\/uploads\/2025\/05\/EU_portal.jpg\",\"contentUrl\":\"https:\/\/jornalfatosenoticias.com.br\/wp-content\/uploads\/2025\/05\/EU_portal.jpg\",\"caption\":\"Luzimara Fernandes\"},\"description\":\"Jornalista MTB 2358-ES\",\"sameAs\":[\"https:\/\/jornalfatosenoticias.com.br\"],\"url\":\"https:\/\/jornalfatosenoticias.com.br\/index.php\/author\/luzimara\/\"}]}<\/script>\n<!-- \/ Yoast SEO plugin. -->","yoast_head_json":{"title":"Vigil\u00e2ncia silenciosa: como as smart TVs est\u00e3o monitorando seus h\u00e1bitos di\u00e1rios - Jornal Fatos e Not\u00edcias","robots":{"index":"index","follow":"follow","max-snippet":"max-snippet:-1","max-image-preview":"max-image-preview:large","max-video-preview":"max-video-preview:-1"},"canonical":"https:\/\/jornalfatosenoticias.com.br\/index.php\/2024\/12\/17\/vigilancia-silenciosa-como-as-smart-tvs-estao-monitorando-seus-habitos-diarios\/","og_locale":"pt_BR","og_type":"article","og_title":"Vigil\u00e2ncia silenciosa: como as smart TVs est\u00e3o monitorando seus h\u00e1bitos di\u00e1rios - Jornal Fatos e Not\u00edcias","og_description":"Imagine relaxar no sof\u00e1 ap\u00f3s um longo dia, acreditando que s\u00f3 voc\u00ea sabe o que est\u00e1 assistindo na TV. No entanto, enquanto voc\u00ea escolhe seu filme favorito ou conecta o laptop para trabalhar, sua smart TV pode estar registrando cada movimento.Um estudo recente revelou que esses dispositivos conectados \u00e0 internet n\u00e3o apenas oferecem praticidade, mas [&hellip;]","og_url":"https:\/\/jornalfatosenoticias.com.br\/index.php\/2024\/12\/17\/vigilancia-silenciosa-como-as-smart-tvs-estao-monitorando-seus-habitos-diarios\/","og_site_name":"Jornal Fatos e Not\u00edcias","article_published_time":"2024-12-17T19:24:10+00:00","article_modified_time":"2024-12-17T19:24:11+00:00","og_image":[{"width":612,"height":408,"url":"https:\/\/jornalfatosenoticias.com.br\/wp-content\/uploads\/2024\/12\/smart-tvs_istock.jpg","type":"image\/jpeg"}],"author":"Luzimara Fernandes","twitter_card":"summary_large_image","twitter_misc":{"Escrito por":"Luzimara Fernandes","Est. tempo de leitura":"2 minutos"},"schema":{"@context":"https:\/\/schema.org","@graph":[{"@type":"Article","@id":"https:\/\/jornalfatosenoticias.com.br\/index.php\/2024\/12\/17\/vigilancia-silenciosa-como-as-smart-tvs-estao-monitorando-seus-habitos-diarios\/#article","isPartOf":{"@id":"https:\/\/jornalfatosenoticias.com.br\/index.php\/2024\/12\/17\/vigilancia-silenciosa-como-as-smart-tvs-estao-monitorando-seus-habitos-diarios\/"},"author":{"name":"Luzimara Fernandes","@id":"https:\/\/jornalfatosenoticias.com.br\/#\/schema\/person\/d63837fa13ac8666eb9e74e0985d6f81"},"headline":"Vigil\u00e2ncia silenciosa: como as smart TVs est\u00e3o monitorando seus h\u00e1bitos di\u00e1rios","datePublished":"2024-12-17T19:24:10+00:00","dateModified":"2024-12-17T19:24:11+00:00","mainEntityOfPage":{"@id":"https:\/\/jornalfatosenoticias.com.br\/index.php\/2024\/12\/17\/vigilancia-silenciosa-como-as-smart-tvs-estao-monitorando-seus-habitos-diarios\/"},"wordCount":444,"commentCount":0,"publisher":{"@id":"https:\/\/jornalfatosenoticias.com.br\/#organization"},"image":{"@id":"https:\/\/jornalfatosenoticias.com.br\/index.php\/2024\/12\/17\/vigilancia-silenciosa-como-as-smart-tvs-estao-monitorando-seus-habitos-diarios\/#primaryimage"},"thumbnailUrl":"https:\/\/jornalfatosenoticias.com.br\/wp-content\/uploads\/2024\/12\/smart-tvs_istock.jpg","keywords":["Estudo","Internet das Coisas","privacidade","prote\u00e7\u00e3o de dados","smart TV"],"articleSection":["Comportamento &amp; Equil\u00edbrio"],"inLanguage":"pt-BR","potentialAction":[{"@type":"CommentAction","name":"Comment","target":["https:\/\/jornalfatosenoticias.com.br\/index.php\/2024\/12\/17\/vigilancia-silenciosa-como-as-smart-tvs-estao-monitorando-seus-habitos-diarios\/#respond"]}]},{"@type":"WebPage","@id":"https:\/\/jornalfatosenoticias.com.br\/index.php\/2024\/12\/17\/vigilancia-silenciosa-como-as-smart-tvs-estao-monitorando-seus-habitos-diarios\/","url":"https:\/\/jornalfatosenoticias.com.br\/index.php\/2024\/12\/17\/vigilancia-silenciosa-como-as-smart-tvs-estao-monitorando-seus-habitos-diarios\/","name":"Vigil\u00e2ncia silenciosa: como as smart TVs est\u00e3o monitorando seus h\u00e1bitos di\u00e1rios - Jornal Fatos e Not\u00edcias","isPartOf":{"@id":"https:\/\/jornalfatosenoticias.com.br\/#website"},"primaryImageOfPage":{"@id":"https:\/\/jornalfatosenoticias.com.br\/index.php\/2024\/12\/17\/vigilancia-silenciosa-como-as-smart-tvs-estao-monitorando-seus-habitos-diarios\/#primaryimage"},"image":{"@id":"https:\/\/jornalfatosenoticias.com.br\/index.php\/2024\/12\/17\/vigilancia-silenciosa-como-as-smart-tvs-estao-monitorando-seus-habitos-diarios\/#primaryimage"},"thumbnailUrl":"https:\/\/jornalfatosenoticias.com.br\/wp-content\/uploads\/2024\/12\/smart-tvs_istock.jpg","datePublished":"2024-12-17T19:24:10+00:00","dateModified":"2024-12-17T19:24:11+00:00","breadcrumb":{"@id":"https:\/\/jornalfatosenoticias.com.br\/index.php\/2024\/12\/17\/vigilancia-silenciosa-como-as-smart-tvs-estao-monitorando-seus-habitos-diarios\/#breadcrumb"},"inLanguage":"pt-BR","potentialAction":[{"@type":"ReadAction","target":["https:\/\/jornalfatosenoticias.com.br\/index.php\/2024\/12\/17\/vigilancia-silenciosa-como-as-smart-tvs-estao-monitorando-seus-habitos-diarios\/"]}]},{"@type":"ImageObject","inLanguage":"pt-BR","@id":"https:\/\/jornalfatosenoticias.com.br\/index.php\/2024\/12\/17\/vigilancia-silenciosa-como-as-smart-tvs-estao-monitorando-seus-habitos-diarios\/#primaryimage","url":"https:\/\/jornalfatosenoticias.com.br\/wp-content\/uploads\/2024\/12\/smart-tvs_istock.jpg","contentUrl":"https:\/\/jornalfatosenoticias.com.br\/wp-content\/uploads\/2024\/12\/smart-tvs_istock.jpg","width":612,"height":408,"caption":"Man watching TV"},{"@type":"BreadcrumbList","@id":"https:\/\/jornalfatosenoticias.com.br\/index.php\/2024\/12\/17\/vigilancia-silenciosa-como-as-smart-tvs-estao-monitorando-seus-habitos-diarios\/#breadcrumb","itemListElement":[{"@type":"ListItem","position":1,"name":"In\u00edcio","item":"https:\/\/jornalfatosenoticias.com.br\/"},{"@type":"ListItem","position":2,"name":"Vigil\u00e2ncia silenciosa: como as smart TVs est\u00e3o monitorando seus h\u00e1bitos di\u00e1rios"}]},{"@type":"WebSite","@id":"https:\/\/jornalfatosenoticias.com.br\/#website","url":"https:\/\/jornalfatosenoticias.com.br\/","name":"Jornal Fatos e Not\u00edcias","description":"Not\u00edcias em geral","publisher":{"@id":"https:\/\/jornalfatosenoticias.com.br\/#organization"},"potentialAction":[{"@type":"SearchAction","target":{"@type":"EntryPoint","urlTemplate":"https:\/\/jornalfatosenoticias.com.br\/?s={search_term_string}"},"query-input":{"@type":"PropertyValueSpecification","valueRequired":true,"valueName":"search_term_string"}}],"inLanguage":"pt-BR"},{"@type":"Organization","@id":"https:\/\/jornalfatosenoticias.com.br\/#organization","name":"Jornal Fatos e Not\u00edcias","url":"https:\/\/jornalfatosenoticias.com.br\/","logo":{"@type":"ImageObject","inLanguage":"pt-BR","@id":"https:\/\/jornalfatosenoticias.com.br\/#\/schema\/logo\/image\/","url":"https:\/\/jornalfatosenoticias.com.br\/wp-content\/uploads\/2020\/02\/logo120.png","contentUrl":"https:\/\/jornalfatosenoticias.com.br\/wp-content\/uploads\/2020\/02\/logo120.png","width":1227,"height":120,"caption":"Jornal Fatos e Not\u00edcias"},"image":{"@id":"https:\/\/jornalfatosenoticias.com.br\/#\/schema\/logo\/image\/"}},{"@type":"Person","@id":"https:\/\/jornalfatosenoticias.com.br\/#\/schema\/person\/d63837fa13ac8666eb9e74e0985d6f81","name":"Luzimara Fernandes","image":{"@type":"ImageObject","inLanguage":"pt-BR","@id":"https:\/\/jornalfatosenoticias.com.br\/#\/schema\/person\/image\/","url":"https:\/\/jornalfatosenoticias.com.br\/wp-content\/uploads\/2025\/05\/EU_portal.jpg","contentUrl":"https:\/\/jornalfatosenoticias.com.br\/wp-content\/uploads\/2025\/05\/EU_portal.jpg","caption":"Luzimara Fernandes"},"description":"Jornalista MTB 2358-ES","sameAs":["https:\/\/jornalfatosenoticias.com.br"],"url":"https:\/\/jornalfatosenoticias.com.br\/index.php\/author\/luzimara\/"}]}},"cc_featured_image_caption":{"caption_text":"(Foto: iStock) ","source_text":"","source_url":""},"jetpack_featured_media_url":"https:\/\/jornalfatosenoticias.com.br\/wp-content\/uploads\/2024\/12\/smart-tvs_istock.jpg","_links":{"self":[{"href":"https:\/\/jornalfatosenoticias.com.br\/index.php\/wp-json\/wp\/v2\/posts\/56451","targetHints":{"allow":["GET"]}}],"collection":[{"href":"https:\/\/jornalfatosenoticias.com.br\/index.php\/wp-json\/wp\/v2\/posts"}],"about":[{"href":"https:\/\/jornalfatosenoticias.com.br\/index.php\/wp-json\/wp\/v2\/types\/post"}],"author":[{"embeddable":true,"href":"https:\/\/jornalfatosenoticias.com.br\/index.php\/wp-json\/wp\/v2\/users\/2"}],"replies":[{"embeddable":true,"href":"https:\/\/jornalfatosenoticias.com.br\/index.php\/wp-json\/wp\/v2\/comments?post=56451"}],"version-history":[{"count":0,"href":"https:\/\/jornalfatosenoticias.com.br\/index.php\/wp-json\/wp\/v2\/posts\/56451\/revisions"}],"wp:featuredmedia":[{"embeddable":true,"href":"https:\/\/jornalfatosenoticias.com.br\/index.php\/wp-json\/wp\/v2\/media\/56452"}],"wp:attachment":[{"href":"https:\/\/jornalfatosenoticias.com.br\/index.php\/wp-json\/wp\/v2\/media?parent=56451"}],"wp:term":[{"taxonomy":"category","embeddable":true,"href":"https:\/\/jornalfatosenoticias.com.br\/index.php\/wp-json\/wp\/v2\/categories?post=56451"},{"taxonomy":"post_tag","embeddable":true,"href":"https:\/\/jornalfatosenoticias.com.br\/index.php\/wp-json\/wp\/v2\/tags?post=56451"}],"curies":[{"name":"wp","href":"https:\/\/api.w.org\/{rel}","templated":true}]}}