{"id":56459,"date":"2024-12-18T09:18:42","date_gmt":"2024-12-18T12:18:42","guid":{"rendered":"https:\/\/jornalfatosenoticias.com.br\/?p=56459"},"modified":"2024-12-18T09:18:44","modified_gmt":"2024-12-18T12:18:44","slug":"assassinatos-e-agressoes-mexico-vive-pico-de-violencia-contra-cristaos","status":"publish","type":"post","link":"https:\/\/jornalfatosenoticias.com.br\/index.php\/2024\/12\/18\/assassinatos-e-agressoes-mexico-vive-pico-de-violencia-contra-cristaos\/","title":{"rendered":"Assassinatos e agress\u00f5es: M\u00e9xico vive pico de viol\u00eancia contra crist\u00e3os"},"content":{"rendered":"\n<p><span class=\"has-inline-color has-black-color\">Por <strong><a href=\"https:\/\/noticias.gospelmais.com.br\/author\/tiagot83?amp\">Tiago Chagas<\/a><\/strong><\/span><\/p>\n\n\n\n<div class=\"wp-block-image\"><figure class=\"aligncenter size-large\"><a href=\"https:\/\/mizu.com.br\/\"><img loading=\"lazy\" decoding=\"async\" width=\"729\" height=\"90\" src=\"https:\/\/jornalfatosenoticias.com.br\/wp-content\/uploads\/2020\/02\/Logo_Mizu.png\" alt=\"\" class=\"wp-image-1441\" srcset=\"https:\/\/jornalfatosenoticias.com.br\/wp-content\/uploads\/2020\/02\/Logo_Mizu.png 729w, https:\/\/jornalfatosenoticias.com.br\/wp-content\/uploads\/2020\/02\/Logo_Mizu-300x37.png 300w\" sizes=\"auto, (max-width: 729px) 100vw, 729px\" \/><\/a><\/figure><\/div>\n\n\n\n<p>A viol\u00eancia contra crist\u00e3os no M\u00e9xico atingiu seu \u201cpico\u201d, com agress\u00f5es e assassinato de l\u00edderes religiosos, ao mesmo tempo que centenas de cat\u00f3licos enfrentaram amea\u00e7as e extors\u00e3o nos \u00faltimos seis anos. Um relat\u00f3rio divulgado pelo Catholic Multimedia Centre (CCM) apontou que, entre 2018 e 2024, quase 900 fi\u00e9is ligados \u00e0 Igreja Cat\u00f3lica Romana enfrentaram extors\u00e3o ou amea\u00e7as.<br>Al\u00e9m disso, 26 templos foram atacados durante esse per\u00edodo. O documento foi compartilhado pelo \u00f3rg\u00e3o de vigil\u00e2ncia Christian Solidarity Worldwide, sediado no Reino Unido. Durante o mandato do ex-presidente Andres Manuel Lopez Obrador (2018-2024), um pol\u00edtico de esquerda, 10 padres cat\u00f3licos romanos e um estudante de semin\u00e1rio foram assassinados, aponta o relat\u00f3rio, acrescentando que outros sete bispos e sete padres sobreviverem a ataques violentos.<br>Um 11.\u00b0 padre foi assassinado sob o mandato da atual presidente, Claudia Sheinbaum, que assumiu o cargo em outubro deste ano. <\/p>\n\n\n\n<div class=\"wp-block-image\"><figure class=\"aligncenter size-large is-resized\"><a href=\"https:\/\/www.instagram.com\/esteiochurrascaria\/\"><img loading=\"lazy\" decoding=\"async\" src=\"https:\/\/jornalfatosenoticias.com.br\/wp-content\/uploads\/2022\/02\/LOGO-ESTEIO-1024x730.png\" alt=\"\" class=\"wp-image-27942\" width=\"312\" height=\"222\" srcset=\"https:\/\/jornalfatosenoticias.com.br\/wp-content\/uploads\/2022\/02\/LOGO-ESTEIO-1024x730.png 1024w, https:\/\/jornalfatosenoticias.com.br\/wp-content\/uploads\/2022\/02\/LOGO-ESTEIO-300x214.png 300w, https:\/\/jornalfatosenoticias.com.br\/wp-content\/uploads\/2022\/02\/LOGO-ESTEIO-768x548.png 768w, https:\/\/jornalfatosenoticias.com.br\/wp-content\/uploads\/2022\/02\/LOGO-ESTEIO.png 1123w\" sizes=\"auto, (max-width: 312px) 100vw, 312px\" \/><\/a><\/figure><\/div>\n\n\n\n<blockquote class=\"wp-block-quote is-layout-flow wp-block-quote-is-layout-flow\"><p><span class=\"has-inline-color has-luminous-vivid-orange-color\">Como nunca antes na hist\u00f3ria do M\u00e9xico, a viol\u00eancia atingiu seu pico. De uma forma ou de outra, testemunhamos ou, pior ainda, ficamos chocados com o horror da viol\u00eancia, que em certas regi\u00f5es e cidades, atingiu o ponto de desestabilizar totalmente aspectos da vida econ\u00f4mica e social\u201d, diz o texto, segundo o <a href=\"https:\/\/www.christianpost.com\/news\/violence-against-christians-in-mexico-has-reached-its-peak.html\"><em>The Christian Post<\/em><\/a>.<\/span><\/p><\/blockquote>\n\n\n\n<div class=\"wp-block-image\"><figure class=\"aligncenter size-large is-resized\"><a href=\"https:\/\/www.legisjuris.com.br\/\"><img loading=\"lazy\" decoding=\"async\" src=\"https:\/\/jornalfatosenoticias.com.br\/wp-content\/uploads\/2024\/09\/Legis-Juris-Consultoria_logo.jpg\" alt=\"\" class=\"wp-image-53915\" width=\"401\" height=\"168\" srcset=\"https:\/\/jornalfatosenoticias.com.br\/wp-content\/uploads\/2024\/09\/Legis-Juris-Consultoria_logo.jpg 969w, https:\/\/jornalfatosenoticias.com.br\/wp-content\/uploads\/2024\/09\/Legis-Juris-Consultoria_logo-300x126.jpg 300w, https:\/\/jornalfatosenoticias.com.br\/wp-content\/uploads\/2024\/09\/Legis-Juris-Consultoria_logo-768x322.jpg 768w\" sizes=\"auto, (max-width: 401px) 100vw, 401px\" \/><\/a><\/figure><\/div>\n\n\n\n<p>A diretora de advocacia da CSW, Anna Lee Stangl, disse que o relat\u00f3rio apresenta uma \u201cprofunda preocupa\u00e7\u00e3o\u201d: \u201co CCM vem documentando essa tend\u00eancia h\u00e1 quase 35 anos e \u00e9 profundamente preocupante que os ataques a padres e l\u00edderes religiosos tenham aumentado e permanecido altos nas \u00faltimas tr\u00eas administra\u00e7\u00f5es presidenciais, sem nenhum sinal real de melhora\u201d.<\/p>\n\n\n\n<div class=\"wp-block-image\"><figure class=\"aligncenter size-large is-resized\"><a href=\"https:\/\/www.ithbrasil.com.br\/\"><img loading=\"lazy\" decoding=\"async\" src=\"https:\/\/jornalfatosenoticias.com.br\/wp-content\/uploads\/2023\/08\/ITH.jpeg\" alt=\"\" class=\"wp-image-44638\" width=\"301\" height=\"244\" srcset=\"https:\/\/jornalfatosenoticias.com.br\/wp-content\/uploads\/2023\/08\/ITH.jpeg 800w, https:\/\/jornalfatosenoticias.com.br\/wp-content\/uploads\/2023\/08\/ITH-300x244.jpeg 300w, https:\/\/jornalfatosenoticias.com.br\/wp-content\/uploads\/2023\/08\/ITH-768x624.jpeg 768w\" sizes=\"auto, (max-width: 301px) 100vw, 301px\" \/><\/a><\/figure><\/div>\n\n\n\n<p>Evang\u00e9licos no M\u00e9xico tamb\u00e9m enfrentaram forte persegui\u00e7\u00e3o nos \u00faltimos anos, em <a href=\"https:\/\/noticias.gospelmais.com.br\/multas-ilegais-catolicos-perseguem-evangelicos-mexico-154122.html?amp\"><strong>regi\u00f5es de predom\u00ednio cat\u00f3lico<\/strong><\/a>. Nos \u00faltimos meses, mais de 150 crist\u00e3os protestantes\u00a0<a href=\"https:\/\/noticias.gospelmais.com.br\/evangelicos-no-mexico-forcados-abandonar-casas-169143.html?amp\"><strong>foram expulsos \u00e0 for\u00e7a<\/strong><\/a> de suas comunidades no estado mexicano de Hidalgo e foram pressionados a assinar um acordo que os defensores dizem violar as prote\u00e7\u00f5es dos direitos humanos sob a lei mexicana e restringir sua liberdade religiosa.<\/p>\n\n\n\n<div class=\"wp-block-image\"><figure class=\"aligncenter size-large is-resized\"><a href=\"https:\/\/www.instagram.com\/restaurantepegoretti\/\"><img loading=\"lazy\" decoding=\"async\" src=\"https:\/\/jornalfatosenoticias.com.br\/wp-content\/uploads\/2023\/12\/pegoretti-logo-pdf-1024x389.jpg\" alt=\"\" class=\"wp-image-47536\" width=\"422\" height=\"160\" srcset=\"https:\/\/jornalfatosenoticias.com.br\/wp-content\/uploads\/2023\/12\/pegoretti-logo-pdf-1024x389.jpg 1024w, https:\/\/jornalfatosenoticias.com.br\/wp-content\/uploads\/2023\/12\/pegoretti-logo-pdf-300x114.jpg 300w, https:\/\/jornalfatosenoticias.com.br\/wp-content\/uploads\/2023\/12\/pegoretti-logo-pdf-768x291.jpg 768w, https:\/\/jornalfatosenoticias.com.br\/wp-content\/uploads\/2023\/12\/pegoretti-logo-pdf.jpg 1120w\" sizes=\"auto, (max-width: 422px) 100vw, 422px\" \/><\/a><\/figure><\/div>\n\n\n\n<p><strong><em>Fonte: <a href=\"https:\/\/noticias.gospelmais.com.br\/mexico-pico-violencia-contra-cristaos-173216.html?amp\">Not\u00edcias Gospel+<\/a><\/em><\/strong><\/p>\n","protected":false},"excerpt":{"rendered":"<p>Por Tiago Chagas A viol\u00eancia contra crist\u00e3os no M\u00e9xico atingiu seu \u201cpico\u201d, com agress\u00f5es e assassinato de l\u00edderes religiosos, ao mesmo tempo que centenas de cat\u00f3licos enfrentaram amea\u00e7as e extors\u00e3o nos \u00faltimos seis anos. Um relat\u00f3rio divulgado pelo Catholic Multimedia Centre (CCM) apontou que, entre 2018 e 2024, quase 900 fi\u00e9is ligados \u00e0 Igreja Cat\u00f3lica [&hellip;]<\/p>\n","protected":false},"author":2,"featured_media":56460,"comment_status":"open","ping_status":"open","sticky":false,"template":"","format":"standard","meta":{"footnotes":""},"categories":[21140],"tags":[25762,25761,25759,25760,24590,20449,156,14619],"class_list":["post-56459","post","type-post","status-publish","format-standard","has-post-thumbnail","hentry","category-religiao","tag-anna-lee-stangl","tag-catholic-multimedia-centre","tag-christian-solidarity-worldwide","tag-claudia-sheinbaum","tag-cristofobia","tag-extorsao","tag-mexico","tag-perseguicao-religiosa"],"yoast_head":"<!-- This site is optimized with the Yoast SEO plugin v26.5 - https:\/\/yoast.com\/wordpress\/plugins\/seo\/ -->\n<title>Assassinatos e agress\u00f5es: M\u00e9xico vive pico de viol\u00eancia contra crist\u00e3os - Jornal Fatos e Not\u00edcias<\/title>\n<meta name=\"robots\" content=\"index, follow, max-snippet:-1, max-image-preview:large, max-video-preview:-1\" \/>\n<link rel=\"canonical\" href=\"https:\/\/jornalfatosenoticias.com.br\/index.php\/2024\/12\/18\/assassinatos-e-agressoes-mexico-vive-pico-de-violencia-contra-cristaos\/\" \/>\n<meta property=\"og:locale\" content=\"pt_BR\" \/>\n<meta property=\"og:type\" content=\"article\" \/>\n<meta property=\"og:title\" content=\"Assassinatos e agress\u00f5es: M\u00e9xico vive pico de viol\u00eancia contra crist\u00e3os - Jornal Fatos e Not\u00edcias\" \/>\n<meta property=\"og:description\" content=\"Por Tiago Chagas A viol\u00eancia contra crist\u00e3os no M\u00e9xico atingiu seu \u201cpico\u201d, com agress\u00f5es e assassinato de l\u00edderes religiosos, ao mesmo tempo que centenas de cat\u00f3licos enfrentaram amea\u00e7as e extors\u00e3o nos \u00faltimos seis anos. Um relat\u00f3rio divulgado pelo Catholic Multimedia Centre (CCM) apontou que, entre 2018 e 2024, quase 900 fi\u00e9is ligados \u00e0 Igreja Cat\u00f3lica [&hellip;]\" \/>\n<meta property=\"og:url\" content=\"https:\/\/jornalfatosenoticias.com.br\/index.php\/2024\/12\/18\/assassinatos-e-agressoes-mexico-vive-pico-de-violencia-contra-cristaos\/\" \/>\n<meta property=\"og:site_name\" content=\"Jornal Fatos e Not\u00edcias\" \/>\n<meta property=\"article:published_time\" content=\"2024-12-18T12:18:42+00:00\" \/>\n<meta property=\"article:modified_time\" content=\"2024-12-18T12:18:44+00:00\" \/>\n<meta property=\"og:image\" content=\"https:\/\/jornalfatosenoticias.com.br\/wp-content\/uploads\/2024\/12\/cristaos-no-Mexico_gettyimages.jpg\" \/>\n\t<meta property=\"og:image:width\" content=\"612\" \/>\n\t<meta property=\"og:image:height\" content=\"344\" \/>\n\t<meta property=\"og:image:type\" content=\"image\/jpeg\" \/>\n<meta name=\"author\" content=\"Luzimara Fernandes\" \/>\n<meta name=\"twitter:card\" content=\"summary_large_image\" \/>\n<meta name=\"twitter:label1\" content=\"Escrito por\" \/>\n\t<meta name=\"twitter:data1\" content=\"Luzimara Fernandes\" \/>\n\t<meta name=\"twitter:label2\" content=\"Est. tempo de leitura\" \/>\n\t<meta name=\"twitter:data2\" content=\"2 minutos\" \/>\n<script type=\"application\/ld+json\" class=\"yoast-schema-graph\">{\"@context\":\"https:\/\/schema.org\",\"@graph\":[{\"@type\":\"Article\",\"@id\":\"https:\/\/jornalfatosenoticias.com.br\/index.php\/2024\/12\/18\/assassinatos-e-agressoes-mexico-vive-pico-de-violencia-contra-cristaos\/#article\",\"isPartOf\":{\"@id\":\"https:\/\/jornalfatosenoticias.com.br\/index.php\/2024\/12\/18\/assassinatos-e-agressoes-mexico-vive-pico-de-violencia-contra-cristaos\/\"},\"author\":{\"name\":\"Luzimara Fernandes\",\"@id\":\"https:\/\/jornalfatosenoticias.com.br\/#\/schema\/person\/d63837fa13ac8666eb9e74e0985d6f81\"},\"headline\":\"Assassinatos e agress\u00f5es: M\u00e9xico vive pico de viol\u00eancia contra crist\u00e3os\",\"datePublished\":\"2024-12-18T12:18:42+00:00\",\"dateModified\":\"2024-12-18T12:18:44+00:00\",\"mainEntityOfPage\":{\"@id\":\"https:\/\/jornalfatosenoticias.com.br\/index.php\/2024\/12\/18\/assassinatos-e-agressoes-mexico-vive-pico-de-violencia-contra-cristaos\/\"},\"wordCount\":366,\"commentCount\":0,\"publisher\":{\"@id\":\"https:\/\/jornalfatosenoticias.com.br\/#organization\"},\"image\":{\"@id\":\"https:\/\/jornalfatosenoticias.com.br\/index.php\/2024\/12\/18\/assassinatos-e-agressoes-mexico-vive-pico-de-violencia-contra-cristaos\/#primaryimage\"},\"thumbnailUrl\":\"https:\/\/jornalfatosenoticias.com.br\/wp-content\/uploads\/2024\/12\/cristaos-no-Mexico_gettyimages.jpg\",\"keywords\":[\"Anna-Lee Stangl\",\"Catholic Multimedia Centre\",\"Christian Solidarity Worldwide\",\"Claudia Sheinbaum\",\"cristofobia\",\"extors\u00e3o\",\"M\u00e9xico\",\"persegui\u00e7\u00e3o religiosa\"],\"articleSection\":[\"Religi\u00e3o\"],\"inLanguage\":\"pt-BR\",\"potentialAction\":[{\"@type\":\"CommentAction\",\"name\":\"Comment\",\"target\":[\"https:\/\/jornalfatosenoticias.com.br\/index.php\/2024\/12\/18\/assassinatos-e-agressoes-mexico-vive-pico-de-violencia-contra-cristaos\/#respond\"]}]},{\"@type\":\"WebPage\",\"@id\":\"https:\/\/jornalfatosenoticias.com.br\/index.php\/2024\/12\/18\/assassinatos-e-agressoes-mexico-vive-pico-de-violencia-contra-cristaos\/\",\"url\":\"https:\/\/jornalfatosenoticias.com.br\/index.php\/2024\/12\/18\/assassinatos-e-agressoes-mexico-vive-pico-de-violencia-contra-cristaos\/\",\"name\":\"Assassinatos e agress\u00f5es: M\u00e9xico vive pico de viol\u00eancia contra crist\u00e3os - Jornal Fatos e Not\u00edcias\",\"isPartOf\":{\"@id\":\"https:\/\/jornalfatosenoticias.com.br\/#website\"},\"primaryImageOfPage\":{\"@id\":\"https:\/\/jornalfatosenoticias.com.br\/index.php\/2024\/12\/18\/assassinatos-e-agressoes-mexico-vive-pico-de-violencia-contra-cristaos\/#primaryimage\"},\"image\":{\"@id\":\"https:\/\/jornalfatosenoticias.com.br\/index.php\/2024\/12\/18\/assassinatos-e-agressoes-mexico-vive-pico-de-violencia-contra-cristaos\/#primaryimage\"},\"thumbnailUrl\":\"https:\/\/jornalfatosenoticias.com.br\/wp-content\/uploads\/2024\/12\/cristaos-no-Mexico_gettyimages.jpg\",\"datePublished\":\"2024-12-18T12:18:42+00:00\",\"dateModified\":\"2024-12-18T12:18:44+00:00\",\"breadcrumb\":{\"@id\":\"https:\/\/jornalfatosenoticias.com.br\/index.php\/2024\/12\/18\/assassinatos-e-agressoes-mexico-vive-pico-de-violencia-contra-cristaos\/#breadcrumb\"},\"inLanguage\":\"pt-BR\",\"potentialAction\":[{\"@type\":\"ReadAction\",\"target\":[\"https:\/\/jornalfatosenoticias.com.br\/index.php\/2024\/12\/18\/assassinatos-e-agressoes-mexico-vive-pico-de-violencia-contra-cristaos\/\"]}]},{\"@type\":\"ImageObject\",\"inLanguage\":\"pt-BR\",\"@id\":\"https:\/\/jornalfatosenoticias.com.br\/index.php\/2024\/12\/18\/assassinatos-e-agressoes-mexico-vive-pico-de-violencia-contra-cristaos\/#primaryimage\",\"url\":\"https:\/\/jornalfatosenoticias.com.br\/wp-content\/uploads\/2024\/12\/cristaos-no-Mexico_gettyimages.jpg\",\"contentUrl\":\"https:\/\/jornalfatosenoticias.com.br\/wp-content\/uploads\/2024\/12\/cristaos-no-Mexico_gettyimages.jpg\",\"width\":612,\"height\":344,\"caption\":\"TUXTLA GUTIERREZ, MEXICO - SEPTEMBER 13: Thousands of citizens and religious arrive at the Cathedral of San Marcos, after marching to demand an end to violence by organized crime, in Tuxtla Gutierrez, Mexico, on September 13, 2024. (Photo by Jose Torres\/Anadolu via Getty Images)\"},{\"@type\":\"BreadcrumbList\",\"@id\":\"https:\/\/jornalfatosenoticias.com.br\/index.php\/2024\/12\/18\/assassinatos-e-agressoes-mexico-vive-pico-de-violencia-contra-cristaos\/#breadcrumb\",\"itemListElement\":[{\"@type\":\"ListItem\",\"position\":1,\"name\":\"In\u00edcio\",\"item\":\"https:\/\/jornalfatosenoticias.com.br\/\"},{\"@type\":\"ListItem\",\"position\":2,\"name\":\"Assassinatos e agress\u00f5es: M\u00e9xico vive pico de viol\u00eancia contra crist\u00e3os\"}]},{\"@type\":\"WebSite\",\"@id\":\"https:\/\/jornalfatosenoticias.com.br\/#website\",\"url\":\"https:\/\/jornalfatosenoticias.com.br\/\",\"name\":\"Jornal Fatos e Not\u00edcias\",\"description\":\"Not\u00edcias em geral\",\"publisher\":{\"@id\":\"https:\/\/jornalfatosenoticias.com.br\/#organization\"},\"potentialAction\":[{\"@type\":\"SearchAction\",\"target\":{\"@type\":\"EntryPoint\",\"urlTemplate\":\"https:\/\/jornalfatosenoticias.com.br\/?s={search_term_string}\"},\"query-input\":{\"@type\":\"PropertyValueSpecification\",\"valueRequired\":true,\"valueName\":\"search_term_string\"}}],\"inLanguage\":\"pt-BR\"},{\"@type\":\"Organization\",\"@id\":\"https:\/\/jornalfatosenoticias.com.br\/#organization\",\"name\":\"Jornal Fatos e Not\u00edcias\",\"url\":\"https:\/\/jornalfatosenoticias.com.br\/\",\"logo\":{\"@type\":\"ImageObject\",\"inLanguage\":\"pt-BR\",\"@id\":\"https:\/\/jornalfatosenoticias.com.br\/#\/schema\/logo\/image\/\",\"url\":\"https:\/\/jornalfatosenoticias.com.br\/wp-content\/uploads\/2020\/02\/logo120.png\",\"contentUrl\":\"https:\/\/jornalfatosenoticias.com.br\/wp-content\/uploads\/2020\/02\/logo120.png\",\"width\":1227,\"height\":120,\"caption\":\"Jornal Fatos e Not\u00edcias\"},\"image\":{\"@id\":\"https:\/\/jornalfatosenoticias.com.br\/#\/schema\/logo\/image\/\"}},{\"@type\":\"Person\",\"@id\":\"https:\/\/jornalfatosenoticias.com.br\/#\/schema\/person\/d63837fa13ac8666eb9e74e0985d6f81\",\"name\":\"Luzimara Fernandes\",\"image\":{\"@type\":\"ImageObject\",\"inLanguage\":\"pt-BR\",\"@id\":\"https:\/\/jornalfatosenoticias.com.br\/#\/schema\/person\/image\/\",\"url\":\"https:\/\/jornalfatosenoticias.com.br\/wp-content\/uploads\/2025\/05\/EU_portal.jpg\",\"contentUrl\":\"https:\/\/jornalfatosenoticias.com.br\/wp-content\/uploads\/2025\/05\/EU_portal.jpg\",\"caption\":\"Luzimara Fernandes\"},\"description\":\"Jornalista MTB 2358-ES\",\"sameAs\":[\"https:\/\/jornalfatosenoticias.com.br\"],\"url\":\"https:\/\/jornalfatosenoticias.com.br\/index.php\/author\/luzimara\/\"}]}<\/script>\n<!-- \/ Yoast SEO plugin. -->","yoast_head_json":{"title":"Assassinatos e agress\u00f5es: M\u00e9xico vive pico de viol\u00eancia contra crist\u00e3os - Jornal Fatos e Not\u00edcias","robots":{"index":"index","follow":"follow","max-snippet":"max-snippet:-1","max-image-preview":"max-image-preview:large","max-video-preview":"max-video-preview:-1"},"canonical":"https:\/\/jornalfatosenoticias.com.br\/index.php\/2024\/12\/18\/assassinatos-e-agressoes-mexico-vive-pico-de-violencia-contra-cristaos\/","og_locale":"pt_BR","og_type":"article","og_title":"Assassinatos e agress\u00f5es: M\u00e9xico vive pico de viol\u00eancia contra crist\u00e3os - Jornal Fatos e Not\u00edcias","og_description":"Por Tiago Chagas A viol\u00eancia contra crist\u00e3os no M\u00e9xico atingiu seu \u201cpico\u201d, com agress\u00f5es e assassinato de l\u00edderes religiosos, ao mesmo tempo que centenas de cat\u00f3licos enfrentaram amea\u00e7as e extors\u00e3o nos \u00faltimos seis anos. Um relat\u00f3rio divulgado pelo Catholic Multimedia Centre (CCM) apontou que, entre 2018 e 2024, quase 900 fi\u00e9is ligados \u00e0 Igreja Cat\u00f3lica [&hellip;]","og_url":"https:\/\/jornalfatosenoticias.com.br\/index.php\/2024\/12\/18\/assassinatos-e-agressoes-mexico-vive-pico-de-violencia-contra-cristaos\/","og_site_name":"Jornal Fatos e Not\u00edcias","article_published_time":"2024-12-18T12:18:42+00:00","article_modified_time":"2024-12-18T12:18:44+00:00","og_image":[{"width":612,"height":344,"url":"https:\/\/jornalfatosenoticias.com.br\/wp-content\/uploads\/2024\/12\/cristaos-no-Mexico_gettyimages.jpg","type":"image\/jpeg"}],"author":"Luzimara Fernandes","twitter_card":"summary_large_image","twitter_misc":{"Escrito por":"Luzimara Fernandes","Est. tempo de leitura":"2 minutos"},"schema":{"@context":"https:\/\/schema.org","@graph":[{"@type":"Article","@id":"https:\/\/jornalfatosenoticias.com.br\/index.php\/2024\/12\/18\/assassinatos-e-agressoes-mexico-vive-pico-de-violencia-contra-cristaos\/#article","isPartOf":{"@id":"https:\/\/jornalfatosenoticias.com.br\/index.php\/2024\/12\/18\/assassinatos-e-agressoes-mexico-vive-pico-de-violencia-contra-cristaos\/"},"author":{"name":"Luzimara Fernandes","@id":"https:\/\/jornalfatosenoticias.com.br\/#\/schema\/person\/d63837fa13ac8666eb9e74e0985d6f81"},"headline":"Assassinatos e agress\u00f5es: M\u00e9xico vive pico de viol\u00eancia contra crist\u00e3os","datePublished":"2024-12-18T12:18:42+00:00","dateModified":"2024-12-18T12:18:44+00:00","mainEntityOfPage":{"@id":"https:\/\/jornalfatosenoticias.com.br\/index.php\/2024\/12\/18\/assassinatos-e-agressoes-mexico-vive-pico-de-violencia-contra-cristaos\/"},"wordCount":366,"commentCount":0,"publisher":{"@id":"https:\/\/jornalfatosenoticias.com.br\/#organization"},"image":{"@id":"https:\/\/jornalfatosenoticias.com.br\/index.php\/2024\/12\/18\/assassinatos-e-agressoes-mexico-vive-pico-de-violencia-contra-cristaos\/#primaryimage"},"thumbnailUrl":"https:\/\/jornalfatosenoticias.com.br\/wp-content\/uploads\/2024\/12\/cristaos-no-Mexico_gettyimages.jpg","keywords":["Anna-Lee Stangl","Catholic Multimedia Centre","Christian Solidarity Worldwide","Claudia Sheinbaum","cristofobia","extors\u00e3o","M\u00e9xico","persegui\u00e7\u00e3o religiosa"],"articleSection":["Religi\u00e3o"],"inLanguage":"pt-BR","potentialAction":[{"@type":"CommentAction","name":"Comment","target":["https:\/\/jornalfatosenoticias.com.br\/index.php\/2024\/12\/18\/assassinatos-e-agressoes-mexico-vive-pico-de-violencia-contra-cristaos\/#respond"]}]},{"@type":"WebPage","@id":"https:\/\/jornalfatosenoticias.com.br\/index.php\/2024\/12\/18\/assassinatos-e-agressoes-mexico-vive-pico-de-violencia-contra-cristaos\/","url":"https:\/\/jornalfatosenoticias.com.br\/index.php\/2024\/12\/18\/assassinatos-e-agressoes-mexico-vive-pico-de-violencia-contra-cristaos\/","name":"Assassinatos e agress\u00f5es: M\u00e9xico vive pico de viol\u00eancia contra crist\u00e3os - Jornal Fatos e Not\u00edcias","isPartOf":{"@id":"https:\/\/jornalfatosenoticias.com.br\/#website"},"primaryImageOfPage":{"@id":"https:\/\/jornalfatosenoticias.com.br\/index.php\/2024\/12\/18\/assassinatos-e-agressoes-mexico-vive-pico-de-violencia-contra-cristaos\/#primaryimage"},"image":{"@id":"https:\/\/jornalfatosenoticias.com.br\/index.php\/2024\/12\/18\/assassinatos-e-agressoes-mexico-vive-pico-de-violencia-contra-cristaos\/#primaryimage"},"thumbnailUrl":"https:\/\/jornalfatosenoticias.com.br\/wp-content\/uploads\/2024\/12\/cristaos-no-Mexico_gettyimages.jpg","datePublished":"2024-12-18T12:18:42+00:00","dateModified":"2024-12-18T12:18:44+00:00","breadcrumb":{"@id":"https:\/\/jornalfatosenoticias.com.br\/index.php\/2024\/12\/18\/assassinatos-e-agressoes-mexico-vive-pico-de-violencia-contra-cristaos\/#breadcrumb"},"inLanguage":"pt-BR","potentialAction":[{"@type":"ReadAction","target":["https:\/\/jornalfatosenoticias.com.br\/index.php\/2024\/12\/18\/assassinatos-e-agressoes-mexico-vive-pico-de-violencia-contra-cristaos\/"]}]},{"@type":"ImageObject","inLanguage":"pt-BR","@id":"https:\/\/jornalfatosenoticias.com.br\/index.php\/2024\/12\/18\/assassinatos-e-agressoes-mexico-vive-pico-de-violencia-contra-cristaos\/#primaryimage","url":"https:\/\/jornalfatosenoticias.com.br\/wp-content\/uploads\/2024\/12\/cristaos-no-Mexico_gettyimages.jpg","contentUrl":"https:\/\/jornalfatosenoticias.com.br\/wp-content\/uploads\/2024\/12\/cristaos-no-Mexico_gettyimages.jpg","width":612,"height":344,"caption":"TUXTLA GUTIERREZ, MEXICO - SEPTEMBER 13: Thousands of citizens and religious arrive at the Cathedral of San Marcos, after marching to demand an end to violence by organized crime, in Tuxtla Gutierrez, Mexico, on September 13, 2024. (Photo by Jose Torres\/Anadolu via Getty Images)"},{"@type":"BreadcrumbList","@id":"https:\/\/jornalfatosenoticias.com.br\/index.php\/2024\/12\/18\/assassinatos-e-agressoes-mexico-vive-pico-de-violencia-contra-cristaos\/#breadcrumb","itemListElement":[{"@type":"ListItem","position":1,"name":"In\u00edcio","item":"https:\/\/jornalfatosenoticias.com.br\/"},{"@type":"ListItem","position":2,"name":"Assassinatos e agress\u00f5es: M\u00e9xico vive pico de viol\u00eancia contra crist\u00e3os"}]},{"@type":"WebSite","@id":"https:\/\/jornalfatosenoticias.com.br\/#website","url":"https:\/\/jornalfatosenoticias.com.br\/","name":"Jornal Fatos e Not\u00edcias","description":"Not\u00edcias em geral","publisher":{"@id":"https:\/\/jornalfatosenoticias.com.br\/#organization"},"potentialAction":[{"@type":"SearchAction","target":{"@type":"EntryPoint","urlTemplate":"https:\/\/jornalfatosenoticias.com.br\/?s={search_term_string}"},"query-input":{"@type":"PropertyValueSpecification","valueRequired":true,"valueName":"search_term_string"}}],"inLanguage":"pt-BR"},{"@type":"Organization","@id":"https:\/\/jornalfatosenoticias.com.br\/#organization","name":"Jornal Fatos e Not\u00edcias","url":"https:\/\/jornalfatosenoticias.com.br\/","logo":{"@type":"ImageObject","inLanguage":"pt-BR","@id":"https:\/\/jornalfatosenoticias.com.br\/#\/schema\/logo\/image\/","url":"https:\/\/jornalfatosenoticias.com.br\/wp-content\/uploads\/2020\/02\/logo120.png","contentUrl":"https:\/\/jornalfatosenoticias.com.br\/wp-content\/uploads\/2020\/02\/logo120.png","width":1227,"height":120,"caption":"Jornal Fatos e Not\u00edcias"},"image":{"@id":"https:\/\/jornalfatosenoticias.com.br\/#\/schema\/logo\/image\/"}},{"@type":"Person","@id":"https:\/\/jornalfatosenoticias.com.br\/#\/schema\/person\/d63837fa13ac8666eb9e74e0985d6f81","name":"Luzimara Fernandes","image":{"@type":"ImageObject","inLanguage":"pt-BR","@id":"https:\/\/jornalfatosenoticias.com.br\/#\/schema\/person\/image\/","url":"https:\/\/jornalfatosenoticias.com.br\/wp-content\/uploads\/2025\/05\/EU_portal.jpg","contentUrl":"https:\/\/jornalfatosenoticias.com.br\/wp-content\/uploads\/2025\/05\/EU_portal.jpg","caption":"Luzimara Fernandes"},"description":"Jornalista MTB 2358-ES","sameAs":["https:\/\/jornalfatosenoticias.com.br"],"url":"https:\/\/jornalfatosenoticias.com.br\/index.php\/author\/luzimara\/"}]}},"cc_featured_image_caption":{"caption_text":"(Foto: Getty Images)","source_text":"","source_url":""},"jetpack_featured_media_url":"https:\/\/jornalfatosenoticias.com.br\/wp-content\/uploads\/2024\/12\/cristaos-no-Mexico_gettyimages.jpg","_links":{"self":[{"href":"https:\/\/jornalfatosenoticias.com.br\/index.php\/wp-json\/wp\/v2\/posts\/56459","targetHints":{"allow":["GET"]}}],"collection":[{"href":"https:\/\/jornalfatosenoticias.com.br\/index.php\/wp-json\/wp\/v2\/posts"}],"about":[{"href":"https:\/\/jornalfatosenoticias.com.br\/index.php\/wp-json\/wp\/v2\/types\/post"}],"author":[{"embeddable":true,"href":"https:\/\/jornalfatosenoticias.com.br\/index.php\/wp-json\/wp\/v2\/users\/2"}],"replies":[{"embeddable":true,"href":"https:\/\/jornalfatosenoticias.com.br\/index.php\/wp-json\/wp\/v2\/comments?post=56459"}],"version-history":[{"count":0,"href":"https:\/\/jornalfatosenoticias.com.br\/index.php\/wp-json\/wp\/v2\/posts\/56459\/revisions"}],"wp:featuredmedia":[{"embeddable":true,"href":"https:\/\/jornalfatosenoticias.com.br\/index.php\/wp-json\/wp\/v2\/media\/56460"}],"wp:attachment":[{"href":"https:\/\/jornalfatosenoticias.com.br\/index.php\/wp-json\/wp\/v2\/media?parent=56459"}],"wp:term":[{"taxonomy":"category","embeddable":true,"href":"https:\/\/jornalfatosenoticias.com.br\/index.php\/wp-json\/wp\/v2\/categories?post=56459"},{"taxonomy":"post_tag","embeddable":true,"href":"https:\/\/jornalfatosenoticias.com.br\/index.php\/wp-json\/wp\/v2\/tags?post=56459"}],"curies":[{"name":"wp","href":"https:\/\/api.w.org\/{rel}","templated":true}]}}