{"id":56472,"date":"2024-12-18T09:58:58","date_gmt":"2024-12-18T12:58:58","guid":{"rendered":"https:\/\/jornalfatosenoticias.com.br\/?p=56472"},"modified":"2024-12-18T09:58:59","modified_gmt":"2024-12-18T12:58:59","slug":"como-melhorar-sua-memoria-diante-da-infoxicacao","status":"publish","type":"post","link":"https:\/\/jornalfatosenoticias.com.br\/index.php\/2024\/12\/18\/como-melhorar-sua-memoria-diante-da-infoxicacao\/","title":{"rendered":"Como melhorar sua mem\u00f3ria diante da infoxica\u00e7\u00e3o"},"content":{"rendered":"\n<p><em><span class=\"has-inline-color has-black-color\">Entenda estrat\u00e9gias para memorizar dados, mesmo com um volume de informa\u00e7\u00f5es cada vez maior a sua volta<\/span><\/em><\/p>\n\n\n\n<p><span class=\"has-inline-color has-black-color\">Por <strong><a href=\"https:\/\/olhardigital.com.br\/author\/simone-cordeiro\/\">Simone Cordeiro<\/a><\/strong><\/span><\/p>\n\n\n\n<div class=\"wp-block-image\"><figure class=\"aligncenter size-large\"><a href=\"https:\/\/panper.com.br\/\"><img loading=\"lazy\" decoding=\"async\" width=\"1024\" height=\"111\" src=\"https:\/\/jornalfatosenoticias.com.br\/wp-content\/uploads\/2020\/02\/WhatsApp-Image-2022-09-23-at-12.09.18-1024x111.jpeg\" alt=\"\" class=\"wp-image-34527\" srcset=\"https:\/\/jornalfatosenoticias.com.br\/wp-content\/uploads\/2020\/02\/WhatsApp-Image-2022-09-23-at-12.09.18-1024x111.jpeg 1024w, https:\/\/jornalfatosenoticias.com.br\/wp-content\/uploads\/2020\/02\/WhatsApp-Image-2022-09-23-at-12.09.18-300x32.jpeg 300w, https:\/\/jornalfatosenoticias.com.br\/wp-content\/uploads\/2020\/02\/WhatsApp-Image-2022-09-23-at-12.09.18-768x83.jpeg 768w, https:\/\/jornalfatosenoticias.com.br\/wp-content\/uploads\/2020\/02\/WhatsApp-Image-2022-09-23-at-12.09.18.jpeg 1121w\" sizes=\"auto, (max-width: 1024px) 100vw, 1024px\" \/><\/a><\/figure><\/div>\n\n\n\n<p>O excesso de informa\u00e7\u00f5es que permeiam o nosso cotidiano, traz um efeito t\u00f3xico sobre a nossa mente. E isso resulta em um problema chamado de <strong>infoxica\u00e7\u00e3o<\/strong>, que \u00e9 a jun\u00e7\u00e3o de intoxica\u00e7\u00e3o e informa\u00e7\u00e3o. Diante desse cen\u00e1rio, como \u00e9 poss\u00edvel melhorar a\u00a0<a href=\"https:\/\/olhardigital.com.br\/2023\/07\/23\/medicina-e-saude\/nova-teoria-muda-a-concepcao-de-como-a-memoria-e-armazenada-no-cerebro\/\" target=\"_blank\" rel=\"noreferrer noopener\"><strong>mem\u00f3ria<\/strong><\/a>?<br>Afinal de contas, a infoxica\u00e7\u00e3o causa maior desaten\u00e7\u00e3o, deixando a maior parte das pessoas dispersas, estressadas e ansiosas. Segundo alguns estudos, estar conectado as <strong>redes sociais<\/strong> nos alimentam com apenas as informa\u00e7\u00f5es que nos interessa, gerando prazer para o nosso c\u00e9rebro. Ent\u00e3o, como \u00e9 poss\u00edvel trein\u00e1-lo de forma diferente e melhorar nossa <strong><a href=\"https:\/\/olhardigital.com.br\/2023\/04\/26\/medicina-e-saude\/como-a-memoria-se-forma-no-cerebro-a-medicina-descobriu\/\" target=\"_blank\" rel=\"noreferrer noopener\">mem\u00f3ria<\/a><\/strong>?<\/p>\n\n\n\n<div class=\"wp-block-image\"><figure class=\"aligncenter size-large is-resized\"><a href=\"https:\/\/www.facebook.com\/postobkr\/?locale=pt_BR\"><img loading=\"lazy\" decoding=\"async\" src=\"https:\/\/jornalfatosenoticias.com.br\/wp-content\/uploads\/2023\/08\/BKR-1024x1021.jpg\" alt=\"\" class=\"wp-image-44494\" width=\"307\" height=\"306\" srcset=\"https:\/\/jornalfatosenoticias.com.br\/wp-content\/uploads\/2023\/08\/BKR-1024x1021.jpg 1024w, https:\/\/jornalfatosenoticias.com.br\/wp-content\/uploads\/2023\/08\/BKR-300x300.jpg 300w, https:\/\/jornalfatosenoticias.com.br\/wp-content\/uploads\/2023\/08\/BKR-150x150.jpg 150w, https:\/\/jornalfatosenoticias.com.br\/wp-content\/uploads\/2023\/08\/BKR-768x766.jpg 768w, https:\/\/jornalfatosenoticias.com.br\/wp-content\/uploads\/2023\/08\/BKR.jpg 1080w\" sizes=\"auto, (max-width: 307px) 100vw, 307px\" \/><\/a><\/figure><\/div>\n\n\n\n<p>Em um contexto em que somos constantemente bombardeados por in\u00fameros dados, n\u00fameros e informa\u00e7\u00f5es, por conta da infoxica\u00e7\u00e3o, saber como melhorar a mem\u00f3ria pode ser mais importante do que se imagina. Para come\u00e7ar, esque\u00e7a as especula\u00e7\u00f5es de que existem pessoas com mem\u00f3ria boa e outras com mem\u00f3ria ruim. Ou que voc\u00ea pode ter maior facilidade de memorizar n\u00fameros do que aprender um idioma, por exemplo.<\/p>\n\n\n\n<div class=\"wp-block-image\"><figure class=\"aligncenter size-large is-resized\"><a href=\"https:\/\/www.instagram.com\/serra4x4cambioautomatico\/\"><img loading=\"lazy\" decoding=\"async\" src=\"https:\/\/jornalfatosenoticias.com.br\/wp-content\/uploads\/2024\/08\/Serra-4x4-1-886x1024.jpg\" alt=\"\" class=\"wp-image-53632\" width=\"291\" height=\"336\" srcset=\"https:\/\/jornalfatosenoticias.com.br\/wp-content\/uploads\/2024\/08\/Serra-4x4-1-886x1024.jpg 886w, https:\/\/jornalfatosenoticias.com.br\/wp-content\/uploads\/2024\/08\/Serra-4x4-1-260x300.jpg 260w, https:\/\/jornalfatosenoticias.com.br\/wp-content\/uploads\/2024\/08\/Serra-4x4-1-768x888.jpg 768w, https:\/\/jornalfatosenoticias.com.br\/wp-content\/uploads\/2024\/08\/Serra-4x4-1.jpg 1181w\" sizes=\"auto, (max-width: 291px) 100vw, 291px\" \/><\/a><\/figure><\/div>\n\n\n\n<p>Saiba que com algumas estrat\u00e9gias, \u00e9 poss\u00edvel melhorar a sua mem\u00f3ria declarativa, aquela usada para armazenar informa\u00e7\u00f5es mais claras: como fatos, datas, nomes, eventos passados, conceitos e assim por diante. As estrat\u00e9gias que envolvem a mnem\u00f4nica s\u00e3o baseadas, principalmente, na cria\u00e7\u00e3o de imagens mentais ou estrat\u00e9gias verbais. Dessa forma, \u00e9 poss\u00edvel relacionar as informa\u00e7\u00f5es que voc\u00ea quer aprender com coisas que voc\u00ea j\u00e1 sabe.<\/p>\n\n\n\n<div class=\"wp-block-image\"><figure class=\"aligncenter size-large is-resized\"><a href=\"https:\/\/www.facebook.com\/profile.php?id=100069289606145\"><img loading=\"lazy\" decoding=\"async\" src=\"https:\/\/jornalfatosenoticias.com.br\/wp-content\/uploads\/2024\/11\/Guaitolini-Contabilidade-1024x714.jpeg\" alt=\"\" class=\"wp-image-55808\" width=\"306\" height=\"213\" srcset=\"https:\/\/jornalfatosenoticias.com.br\/wp-content\/uploads\/2024\/11\/Guaitolini-Contabilidade-1024x714.jpeg 1024w, https:\/\/jornalfatosenoticias.com.br\/wp-content\/uploads\/2024\/11\/Guaitolini-Contabilidade-300x209.jpeg 300w, https:\/\/jornalfatosenoticias.com.br\/wp-content\/uploads\/2024\/11\/Guaitolini-Contabilidade-768x535.jpeg 768w, https:\/\/jornalfatosenoticias.com.br\/wp-content\/uploads\/2024\/11\/Guaitolini-Contabilidade.jpeg 1280w\" sizes=\"auto, (max-width: 306px) 100vw, 306px\" \/><\/a><\/figure><\/div>\n\n\n\n<p>A partir disso, o m\u00e9todo exige muita pr\u00e1tica para que voc\u00ea possa lembrar o caminho para acessar o dado junto com a informa\u00e7\u00e3o em si para recuper\u00e1-la de forma r\u00e1pida. De acordo com pesquisadores, um indiv\u00edduo pode ser treinado em estrat\u00e9gias de mem\u00f3ria para lembrar 67.890 d\u00edgitos do n\u00famero pi. A ideia \u00e9 criar redes ricas de conhecimento nas quais voc\u00ea possa integrar e organizar novos conhecimentos. Ou seja, fazer o trabalho pesado antes, para lembrar depois.<\/p>\n\n\n\n<div class=\"wp-block-image\"><figure class=\"aligncenter size-large\"><a href=\"https:\/\/cesconetto.com.br\/\"><img loading=\"lazy\" decoding=\"async\" width=\"300\" height=\"250\" src=\"https:\/\/jornalfatosenoticias.com.br\/wp-content\/uploads\/2022\/02\/Banner-2.png\" alt=\"\" class=\"wp-image-27877\"\/><\/a><\/figure><\/div>\n\n\n\n<p>Deste modo, h\u00e1 maior efic\u00e1cia em relacionar informa\u00e7\u00f5es a coisas que j\u00e1 sabemos do que apenas exercitar o c\u00e9rebro para tentar gravar algo novo. Esse recurso de lembrar de algo por associa\u00e7\u00e3o de uma mem\u00f3ria j\u00e1 existente \u00e9 conhecido por codifica\u00e7\u00e3o sem\u00e2ntica.<\/p>\n\n\n\n<div class=\"wp-block-image\"><figure class=\"aligncenter size-large is-resized\"><a href=\"https:\/\/www.controlsystems.com.br\/\"><img loading=\"lazy\" decoding=\"async\" src=\"https:\/\/jornalfatosenoticias.com.br\/wp-content\/uploads\/2020\/02\/CONTROL-CS.jpg\" alt=\"\" class=\"wp-image-44991\" width=\"310\" height=\"371\" srcset=\"https:\/\/jornalfatosenoticias.com.br\/wp-content\/uploads\/2020\/02\/CONTROL-CS.jpg 834w, https:\/\/jornalfatosenoticias.com.br\/wp-content\/uploads\/2020\/02\/CONTROL-CS-250x300.jpg 250w, https:\/\/jornalfatosenoticias.com.br\/wp-content\/uploads\/2020\/02\/CONTROL-CS-768x921.jpg 768w\" sizes=\"auto, (max-width: 310px) 100vw, 310px\" \/><\/a><\/figure><\/div>\n\n\n\n<p>Uma coisa \u00e9 certa, se voc\u00ea quer saber como melhorar sua mem\u00f3ria lembre-se como ela funciona. Para isso, voc\u00ea precisa visitar a sua pr\u00f3pria mem\u00f3ria na fase escolar. Afinal, algumas pessoas nessa fase costumavam aprender ou lembrar de uma mat\u00e9ria na hora da prova, estudando essa mat\u00e9ria com anteced\u00eancia e em casa. Enquanto outros alunos, costumam apenas memorizar prestando maior aten\u00e7\u00e3o na aula, ou fazendo exerc\u00edcios repetidas vezes.<\/p>\n\n\n\n<div class=\"wp-block-image\"><figure class=\"aligncenter size-large is-resized\"><a href=\"https:\/\/www.legisjuris.com.br\/\"><img loading=\"lazy\" decoding=\"async\" src=\"https:\/\/jornalfatosenoticias.com.br\/wp-content\/uploads\/2024\/09\/Legis-Juris-Consultoria_logo.jpg\" alt=\"\" class=\"wp-image-53915\" width=\"375\" height=\"157\" srcset=\"https:\/\/jornalfatosenoticias.com.br\/wp-content\/uploads\/2024\/09\/Legis-Juris-Consultoria_logo.jpg 969w, https:\/\/jornalfatosenoticias.com.br\/wp-content\/uploads\/2024\/09\/Legis-Juris-Consultoria_logo-300x126.jpg 300w, https:\/\/jornalfatosenoticias.com.br\/wp-content\/uploads\/2024\/09\/Legis-Juris-Consultoria_logo-768x322.jpg 768w\" sizes=\"auto, (max-width: 375px) 100vw, 375px\" \/><\/a><\/figure><\/div>\n\n\n\n<p>Ent\u00e3o, basta entender qual maneira funciona melhor para voc\u00ea. Hoje em dia, algumas pessoas costumam gravar mais assuntos assistindo a v\u00eddeos, outros gostam de ler artigos e livros e assim por diante. Ou seja, o segredo \u00e9 descobrir como a sua melhora \u00e9 mais eficaz e praticar.<\/p>\n\n\n\n<p><strong><em>Fonte: <a href=\"https:\/\/olhardigital.com.br\/2024\/12\/13\/medicina-e-saude\/como-melhorar-sua-memoria-diante-da-infoxicacao\/\">Olhar Digital<\/a><\/em><\/strong><\/p>\n","protected":false},"excerpt":{"rendered":"<p>Entenda estrat\u00e9gias para memorizar dados, mesmo com um volume de informa\u00e7\u00f5es cada vez maior a sua volta Por Simone Cordeiro O excesso de informa\u00e7\u00f5es que permeiam o nosso cotidiano, traz um efeito t\u00f3xico sobre a nossa mente. E isso resulta em um problema chamado de infoxica\u00e7\u00e3o, que \u00e9 a jun\u00e7\u00e3o de intoxica\u00e7\u00e3o e informa\u00e7\u00e3o. Diante [&hellip;]<\/p>\n","protected":false},"author":2,"featured_media":56473,"comment_status":"open","ping_status":"open","sticky":false,"template":"","format":"standard","meta":{"footnotes":""},"categories":[2522],"tags":[714,25176,8764,3247,1563],"class_list":["post-56472","post","type-post","status-publish","format-standard","has-post-thumbnail","hentry","category-comportamento","tag-estudo","tag-infoxicacao","tag-lembrancas","tag-memoria","tag-redes-sociais"],"yoast_head":"<!-- This site is optimized with the Yoast SEO plugin v26.5 - https:\/\/yoast.com\/wordpress\/plugins\/seo\/ -->\n<title>Como melhorar sua mem\u00f3ria diante da infoxica\u00e7\u00e3o - Jornal Fatos e Not\u00edcias<\/title>\n<meta name=\"robots\" content=\"index, follow, max-snippet:-1, max-image-preview:large, max-video-preview:-1\" \/>\n<link rel=\"canonical\" href=\"https:\/\/jornalfatosenoticias.com.br\/index.php\/2024\/12\/18\/como-melhorar-sua-memoria-diante-da-infoxicacao\/\" \/>\n<meta property=\"og:locale\" content=\"pt_BR\" \/>\n<meta property=\"og:type\" content=\"article\" \/>\n<meta property=\"og:title\" content=\"Como melhorar sua mem\u00f3ria diante da infoxica\u00e7\u00e3o - Jornal Fatos e Not\u00edcias\" \/>\n<meta property=\"og:description\" content=\"Entenda estrat\u00e9gias para memorizar dados, mesmo com um volume de informa\u00e7\u00f5es cada vez maior a sua volta Por Simone Cordeiro O excesso de informa\u00e7\u00f5es que permeiam o nosso cotidiano, traz um efeito t\u00f3xico sobre a nossa mente. E isso resulta em um problema chamado de infoxica\u00e7\u00e3o, que \u00e9 a jun\u00e7\u00e3o de intoxica\u00e7\u00e3o e informa\u00e7\u00e3o. Diante [&hellip;]\" \/>\n<meta property=\"og:url\" content=\"https:\/\/jornalfatosenoticias.com.br\/index.php\/2024\/12\/18\/como-melhorar-sua-memoria-diante-da-infoxicacao\/\" \/>\n<meta property=\"og:site_name\" content=\"Jornal Fatos e Not\u00edcias\" \/>\n<meta property=\"article:published_time\" content=\"2024-12-18T12:58:58+00:00\" \/>\n<meta property=\"article:modified_time\" content=\"2024-12-18T12:58:59+00:00\" \/>\n<meta property=\"og:image\" content=\"https:\/\/jornalfatosenoticias.com.br\/wp-content\/uploads\/2024\/12\/memoria-e-infoxicacao_istock.jpg\" \/>\n\t<meta property=\"og:image:width\" content=\"612\" \/>\n\t<meta property=\"og:image:height\" content=\"408\" \/>\n\t<meta property=\"og:image:type\" content=\"image\/jpeg\" \/>\n<meta name=\"author\" content=\"Luzimara Fernandes\" \/>\n<meta name=\"twitter:card\" content=\"summary_large_image\" \/>\n<meta name=\"twitter:label1\" content=\"Escrito por\" \/>\n\t<meta name=\"twitter:data1\" content=\"Luzimara Fernandes\" \/>\n\t<meta name=\"twitter:label2\" content=\"Est. tempo de leitura\" \/>\n\t<meta name=\"twitter:data2\" content=\"3 minutos\" \/>\n<script type=\"application\/ld+json\" class=\"yoast-schema-graph\">{\"@context\":\"https:\/\/schema.org\",\"@graph\":[{\"@type\":\"Article\",\"@id\":\"https:\/\/jornalfatosenoticias.com.br\/index.php\/2024\/12\/18\/como-melhorar-sua-memoria-diante-da-infoxicacao\/#article\",\"isPartOf\":{\"@id\":\"https:\/\/jornalfatosenoticias.com.br\/index.php\/2024\/12\/18\/como-melhorar-sua-memoria-diante-da-infoxicacao\/\"},\"author\":{\"name\":\"Luzimara Fernandes\",\"@id\":\"https:\/\/jornalfatosenoticias.com.br\/#\/schema\/person\/d63837fa13ac8666eb9e74e0985d6f81\"},\"headline\":\"Como melhorar sua mem\u00f3ria diante da infoxica\u00e7\u00e3o\",\"datePublished\":\"2024-12-18T12:58:58+00:00\",\"dateModified\":\"2024-12-18T12:58:59+00:00\",\"mainEntityOfPage\":{\"@id\":\"https:\/\/jornalfatosenoticias.com.br\/index.php\/2024\/12\/18\/como-melhorar-sua-memoria-diante-da-infoxicacao\/\"},\"wordCount\":548,\"commentCount\":0,\"publisher\":{\"@id\":\"https:\/\/jornalfatosenoticias.com.br\/#organization\"},\"image\":{\"@id\":\"https:\/\/jornalfatosenoticias.com.br\/index.php\/2024\/12\/18\/como-melhorar-sua-memoria-diante-da-infoxicacao\/#primaryimage\"},\"thumbnailUrl\":\"https:\/\/jornalfatosenoticias.com.br\/wp-content\/uploads\/2024\/12\/memoria-e-infoxicacao_istock.jpg\",\"keywords\":[\"Estudo\",\"infoxica\u00e7\u00e3o\",\"lembran\u00e7as\",\"mem\u00f3ria\",\"redes sociais\"],\"articleSection\":[\"Comportamento &amp; Equil\u00edbrio\"],\"inLanguage\":\"pt-BR\",\"potentialAction\":[{\"@type\":\"CommentAction\",\"name\":\"Comment\",\"target\":[\"https:\/\/jornalfatosenoticias.com.br\/index.php\/2024\/12\/18\/como-melhorar-sua-memoria-diante-da-infoxicacao\/#respond\"]}]},{\"@type\":\"WebPage\",\"@id\":\"https:\/\/jornalfatosenoticias.com.br\/index.php\/2024\/12\/18\/como-melhorar-sua-memoria-diante-da-infoxicacao\/\",\"url\":\"https:\/\/jornalfatosenoticias.com.br\/index.php\/2024\/12\/18\/como-melhorar-sua-memoria-diante-da-infoxicacao\/\",\"name\":\"Como melhorar sua mem\u00f3ria diante da infoxica\u00e7\u00e3o - Jornal Fatos e Not\u00edcias\",\"isPartOf\":{\"@id\":\"https:\/\/jornalfatosenoticias.com.br\/#website\"},\"primaryImageOfPage\":{\"@id\":\"https:\/\/jornalfatosenoticias.com.br\/index.php\/2024\/12\/18\/como-melhorar-sua-memoria-diante-da-infoxicacao\/#primaryimage\"},\"image\":{\"@id\":\"https:\/\/jornalfatosenoticias.com.br\/index.php\/2024\/12\/18\/como-melhorar-sua-memoria-diante-da-infoxicacao\/#primaryimage\"},\"thumbnailUrl\":\"https:\/\/jornalfatosenoticias.com.br\/wp-content\/uploads\/2024\/12\/memoria-e-infoxicacao_istock.jpg\",\"datePublished\":\"2024-12-18T12:58:58+00:00\",\"dateModified\":\"2024-12-18T12:58:59+00:00\",\"breadcrumb\":{\"@id\":\"https:\/\/jornalfatosenoticias.com.br\/index.php\/2024\/12\/18\/como-melhorar-sua-memoria-diante-da-infoxicacao\/#breadcrumb\"},\"inLanguage\":\"pt-BR\",\"potentialAction\":[{\"@type\":\"ReadAction\",\"target\":[\"https:\/\/jornalfatosenoticias.com.br\/index.php\/2024\/12\/18\/como-melhorar-sua-memoria-diante-da-infoxicacao\/\"]}]},{\"@type\":\"ImageObject\",\"inLanguage\":\"pt-BR\",\"@id\":\"https:\/\/jornalfatosenoticias.com.br\/index.php\/2024\/12\/18\/como-melhorar-sua-memoria-diante-da-infoxicacao\/#primaryimage\",\"url\":\"https:\/\/jornalfatosenoticias.com.br\/wp-content\/uploads\/2024\/12\/memoria-e-infoxicacao_istock.jpg\",\"contentUrl\":\"https:\/\/jornalfatosenoticias.com.br\/wp-content\/uploads\/2024\/12\/memoria-e-infoxicacao_istock.jpg\",\"width\":612,\"height\":408,\"caption\":\"Seeking solutions in the maze-shaped human brain, 3D - Computer generated image\"},{\"@type\":\"BreadcrumbList\",\"@id\":\"https:\/\/jornalfatosenoticias.com.br\/index.php\/2024\/12\/18\/como-melhorar-sua-memoria-diante-da-infoxicacao\/#breadcrumb\",\"itemListElement\":[{\"@type\":\"ListItem\",\"position\":1,\"name\":\"In\u00edcio\",\"item\":\"https:\/\/jornalfatosenoticias.com.br\/\"},{\"@type\":\"ListItem\",\"position\":2,\"name\":\"Como melhorar sua mem\u00f3ria diante da infoxica\u00e7\u00e3o\"}]},{\"@type\":\"WebSite\",\"@id\":\"https:\/\/jornalfatosenoticias.com.br\/#website\",\"url\":\"https:\/\/jornalfatosenoticias.com.br\/\",\"name\":\"Jornal Fatos e Not\u00edcias\",\"description\":\"Not\u00edcias em geral\",\"publisher\":{\"@id\":\"https:\/\/jornalfatosenoticias.com.br\/#organization\"},\"potentialAction\":[{\"@type\":\"SearchAction\",\"target\":{\"@type\":\"EntryPoint\",\"urlTemplate\":\"https:\/\/jornalfatosenoticias.com.br\/?s={search_term_string}\"},\"query-input\":{\"@type\":\"PropertyValueSpecification\",\"valueRequired\":true,\"valueName\":\"search_term_string\"}}],\"inLanguage\":\"pt-BR\"},{\"@type\":\"Organization\",\"@id\":\"https:\/\/jornalfatosenoticias.com.br\/#organization\",\"name\":\"Jornal Fatos e Not\u00edcias\",\"url\":\"https:\/\/jornalfatosenoticias.com.br\/\",\"logo\":{\"@type\":\"ImageObject\",\"inLanguage\":\"pt-BR\",\"@id\":\"https:\/\/jornalfatosenoticias.com.br\/#\/schema\/logo\/image\/\",\"url\":\"https:\/\/jornalfatosenoticias.com.br\/wp-content\/uploads\/2020\/02\/logo120.png\",\"contentUrl\":\"https:\/\/jornalfatosenoticias.com.br\/wp-content\/uploads\/2020\/02\/logo120.png\",\"width\":1227,\"height\":120,\"caption\":\"Jornal Fatos e Not\u00edcias\"},\"image\":{\"@id\":\"https:\/\/jornalfatosenoticias.com.br\/#\/schema\/logo\/image\/\"}},{\"@type\":\"Person\",\"@id\":\"https:\/\/jornalfatosenoticias.com.br\/#\/schema\/person\/d63837fa13ac8666eb9e74e0985d6f81\",\"name\":\"Luzimara Fernandes\",\"image\":{\"@type\":\"ImageObject\",\"inLanguage\":\"pt-BR\",\"@id\":\"https:\/\/jornalfatosenoticias.com.br\/#\/schema\/person\/image\/\",\"url\":\"https:\/\/jornalfatosenoticias.com.br\/wp-content\/uploads\/2025\/05\/EU_portal.jpg\",\"contentUrl\":\"https:\/\/jornalfatosenoticias.com.br\/wp-content\/uploads\/2025\/05\/EU_portal.jpg\",\"caption\":\"Luzimara Fernandes\"},\"description\":\"Jornalista MTB 2358-ES\",\"sameAs\":[\"https:\/\/jornalfatosenoticias.com.br\"],\"url\":\"https:\/\/jornalfatosenoticias.com.br\/index.php\/author\/luzimara\/\"}]}<\/script>\n<!-- \/ Yoast SEO plugin. -->","yoast_head_json":{"title":"Como melhorar sua mem\u00f3ria diante da infoxica\u00e7\u00e3o - Jornal Fatos e Not\u00edcias","robots":{"index":"index","follow":"follow","max-snippet":"max-snippet:-1","max-image-preview":"max-image-preview:large","max-video-preview":"max-video-preview:-1"},"canonical":"https:\/\/jornalfatosenoticias.com.br\/index.php\/2024\/12\/18\/como-melhorar-sua-memoria-diante-da-infoxicacao\/","og_locale":"pt_BR","og_type":"article","og_title":"Como melhorar sua mem\u00f3ria diante da infoxica\u00e7\u00e3o - Jornal Fatos e Not\u00edcias","og_description":"Entenda estrat\u00e9gias para memorizar dados, mesmo com um volume de informa\u00e7\u00f5es cada vez maior a sua volta Por Simone Cordeiro O excesso de informa\u00e7\u00f5es que permeiam o nosso cotidiano, traz um efeito t\u00f3xico sobre a nossa mente. E isso resulta em um problema chamado de infoxica\u00e7\u00e3o, que \u00e9 a jun\u00e7\u00e3o de intoxica\u00e7\u00e3o e informa\u00e7\u00e3o. Diante [&hellip;]","og_url":"https:\/\/jornalfatosenoticias.com.br\/index.php\/2024\/12\/18\/como-melhorar-sua-memoria-diante-da-infoxicacao\/","og_site_name":"Jornal Fatos e Not\u00edcias","article_published_time":"2024-12-18T12:58:58+00:00","article_modified_time":"2024-12-18T12:58:59+00:00","og_image":[{"width":612,"height":408,"url":"https:\/\/jornalfatosenoticias.com.br\/wp-content\/uploads\/2024\/12\/memoria-e-infoxicacao_istock.jpg","type":"image\/jpeg"}],"author":"Luzimara Fernandes","twitter_card":"summary_large_image","twitter_misc":{"Escrito por":"Luzimara Fernandes","Est. tempo de leitura":"3 minutos"},"schema":{"@context":"https:\/\/schema.org","@graph":[{"@type":"Article","@id":"https:\/\/jornalfatosenoticias.com.br\/index.php\/2024\/12\/18\/como-melhorar-sua-memoria-diante-da-infoxicacao\/#article","isPartOf":{"@id":"https:\/\/jornalfatosenoticias.com.br\/index.php\/2024\/12\/18\/como-melhorar-sua-memoria-diante-da-infoxicacao\/"},"author":{"name":"Luzimara Fernandes","@id":"https:\/\/jornalfatosenoticias.com.br\/#\/schema\/person\/d63837fa13ac8666eb9e74e0985d6f81"},"headline":"Como melhorar sua mem\u00f3ria diante da infoxica\u00e7\u00e3o","datePublished":"2024-12-18T12:58:58+00:00","dateModified":"2024-12-18T12:58:59+00:00","mainEntityOfPage":{"@id":"https:\/\/jornalfatosenoticias.com.br\/index.php\/2024\/12\/18\/como-melhorar-sua-memoria-diante-da-infoxicacao\/"},"wordCount":548,"commentCount":0,"publisher":{"@id":"https:\/\/jornalfatosenoticias.com.br\/#organization"},"image":{"@id":"https:\/\/jornalfatosenoticias.com.br\/index.php\/2024\/12\/18\/como-melhorar-sua-memoria-diante-da-infoxicacao\/#primaryimage"},"thumbnailUrl":"https:\/\/jornalfatosenoticias.com.br\/wp-content\/uploads\/2024\/12\/memoria-e-infoxicacao_istock.jpg","keywords":["Estudo","infoxica\u00e7\u00e3o","lembran\u00e7as","mem\u00f3ria","redes sociais"],"articleSection":["Comportamento &amp; Equil\u00edbrio"],"inLanguage":"pt-BR","potentialAction":[{"@type":"CommentAction","name":"Comment","target":["https:\/\/jornalfatosenoticias.com.br\/index.php\/2024\/12\/18\/como-melhorar-sua-memoria-diante-da-infoxicacao\/#respond"]}]},{"@type":"WebPage","@id":"https:\/\/jornalfatosenoticias.com.br\/index.php\/2024\/12\/18\/como-melhorar-sua-memoria-diante-da-infoxicacao\/","url":"https:\/\/jornalfatosenoticias.com.br\/index.php\/2024\/12\/18\/como-melhorar-sua-memoria-diante-da-infoxicacao\/","name":"Como melhorar sua mem\u00f3ria diante da infoxica\u00e7\u00e3o - Jornal Fatos e Not\u00edcias","isPartOf":{"@id":"https:\/\/jornalfatosenoticias.com.br\/#website"},"primaryImageOfPage":{"@id":"https:\/\/jornalfatosenoticias.com.br\/index.php\/2024\/12\/18\/como-melhorar-sua-memoria-diante-da-infoxicacao\/#primaryimage"},"image":{"@id":"https:\/\/jornalfatosenoticias.com.br\/index.php\/2024\/12\/18\/como-melhorar-sua-memoria-diante-da-infoxicacao\/#primaryimage"},"thumbnailUrl":"https:\/\/jornalfatosenoticias.com.br\/wp-content\/uploads\/2024\/12\/memoria-e-infoxicacao_istock.jpg","datePublished":"2024-12-18T12:58:58+00:00","dateModified":"2024-12-18T12:58:59+00:00","breadcrumb":{"@id":"https:\/\/jornalfatosenoticias.com.br\/index.php\/2024\/12\/18\/como-melhorar-sua-memoria-diante-da-infoxicacao\/#breadcrumb"},"inLanguage":"pt-BR","potentialAction":[{"@type":"ReadAction","target":["https:\/\/jornalfatosenoticias.com.br\/index.php\/2024\/12\/18\/como-melhorar-sua-memoria-diante-da-infoxicacao\/"]}]},{"@type":"ImageObject","inLanguage":"pt-BR","@id":"https:\/\/jornalfatosenoticias.com.br\/index.php\/2024\/12\/18\/como-melhorar-sua-memoria-diante-da-infoxicacao\/#primaryimage","url":"https:\/\/jornalfatosenoticias.com.br\/wp-content\/uploads\/2024\/12\/memoria-e-infoxicacao_istock.jpg","contentUrl":"https:\/\/jornalfatosenoticias.com.br\/wp-content\/uploads\/2024\/12\/memoria-e-infoxicacao_istock.jpg","width":612,"height":408,"caption":"Seeking solutions in the maze-shaped human brain, 3D - Computer generated image"},{"@type":"BreadcrumbList","@id":"https:\/\/jornalfatosenoticias.com.br\/index.php\/2024\/12\/18\/como-melhorar-sua-memoria-diante-da-infoxicacao\/#breadcrumb","itemListElement":[{"@type":"ListItem","position":1,"name":"In\u00edcio","item":"https:\/\/jornalfatosenoticias.com.br\/"},{"@type":"ListItem","position":2,"name":"Como melhorar sua mem\u00f3ria diante da infoxica\u00e7\u00e3o"}]},{"@type":"WebSite","@id":"https:\/\/jornalfatosenoticias.com.br\/#website","url":"https:\/\/jornalfatosenoticias.com.br\/","name":"Jornal Fatos e Not\u00edcias","description":"Not\u00edcias em geral","publisher":{"@id":"https:\/\/jornalfatosenoticias.com.br\/#organization"},"potentialAction":[{"@type":"SearchAction","target":{"@type":"EntryPoint","urlTemplate":"https:\/\/jornalfatosenoticias.com.br\/?s={search_term_string}"},"query-input":{"@type":"PropertyValueSpecification","valueRequired":true,"valueName":"search_term_string"}}],"inLanguage":"pt-BR"},{"@type":"Organization","@id":"https:\/\/jornalfatosenoticias.com.br\/#organization","name":"Jornal Fatos e Not\u00edcias","url":"https:\/\/jornalfatosenoticias.com.br\/","logo":{"@type":"ImageObject","inLanguage":"pt-BR","@id":"https:\/\/jornalfatosenoticias.com.br\/#\/schema\/logo\/image\/","url":"https:\/\/jornalfatosenoticias.com.br\/wp-content\/uploads\/2020\/02\/logo120.png","contentUrl":"https:\/\/jornalfatosenoticias.com.br\/wp-content\/uploads\/2020\/02\/logo120.png","width":1227,"height":120,"caption":"Jornal Fatos e Not\u00edcias"},"image":{"@id":"https:\/\/jornalfatosenoticias.com.br\/#\/schema\/logo\/image\/"}},{"@type":"Person","@id":"https:\/\/jornalfatosenoticias.com.br\/#\/schema\/person\/d63837fa13ac8666eb9e74e0985d6f81","name":"Luzimara Fernandes","image":{"@type":"ImageObject","inLanguage":"pt-BR","@id":"https:\/\/jornalfatosenoticias.com.br\/#\/schema\/person\/image\/","url":"https:\/\/jornalfatosenoticias.com.br\/wp-content\/uploads\/2025\/05\/EU_portal.jpg","contentUrl":"https:\/\/jornalfatosenoticias.com.br\/wp-content\/uploads\/2025\/05\/EU_portal.jpg","caption":"Luzimara Fernandes"},"description":"Jornalista MTB 2358-ES","sameAs":["https:\/\/jornalfatosenoticias.com.br"],"url":"https:\/\/jornalfatosenoticias.com.br\/index.php\/author\/luzimara\/"}]}},"cc_featured_image_caption":{"caption_text":"(Foto: iStock)","source_text":"","source_url":""},"jetpack_featured_media_url":"https:\/\/jornalfatosenoticias.com.br\/wp-content\/uploads\/2024\/12\/memoria-e-infoxicacao_istock.jpg","_links":{"self":[{"href":"https:\/\/jornalfatosenoticias.com.br\/index.php\/wp-json\/wp\/v2\/posts\/56472","targetHints":{"allow":["GET"]}}],"collection":[{"href":"https:\/\/jornalfatosenoticias.com.br\/index.php\/wp-json\/wp\/v2\/posts"}],"about":[{"href":"https:\/\/jornalfatosenoticias.com.br\/index.php\/wp-json\/wp\/v2\/types\/post"}],"author":[{"embeddable":true,"href":"https:\/\/jornalfatosenoticias.com.br\/index.php\/wp-json\/wp\/v2\/users\/2"}],"replies":[{"embeddable":true,"href":"https:\/\/jornalfatosenoticias.com.br\/index.php\/wp-json\/wp\/v2\/comments?post=56472"}],"version-history":[{"count":0,"href":"https:\/\/jornalfatosenoticias.com.br\/index.php\/wp-json\/wp\/v2\/posts\/56472\/revisions"}],"wp:featuredmedia":[{"embeddable":true,"href":"https:\/\/jornalfatosenoticias.com.br\/index.php\/wp-json\/wp\/v2\/media\/56473"}],"wp:attachment":[{"href":"https:\/\/jornalfatosenoticias.com.br\/index.php\/wp-json\/wp\/v2\/media?parent=56472"}],"wp:term":[{"taxonomy":"category","embeddable":true,"href":"https:\/\/jornalfatosenoticias.com.br\/index.php\/wp-json\/wp\/v2\/categories?post=56472"},{"taxonomy":"post_tag","embeddable":true,"href":"https:\/\/jornalfatosenoticias.com.br\/index.php\/wp-json\/wp\/v2\/tags?post=56472"}],"curies":[{"name":"wp","href":"https:\/\/api.w.org\/{rel}","templated":true}]}}