{"id":56475,"date":"2024-12-18T10:06:53","date_gmt":"2024-12-18T13:06:53","guid":{"rendered":"https:\/\/jornalfatosenoticias.com.br\/?p=56475"},"modified":"2024-12-18T10:06:54","modified_gmt":"2024-12-18T13:06:54","slug":"carro-voador-hibrido-recarrega-bateria-durante-voo","status":"publish","type":"post","link":"https:\/\/jornalfatosenoticias.com.br\/index.php\/2024\/12\/18\/carro-voador-hibrido-recarrega-bateria-durante-voo\/","title":{"rendered":"Carro voador h\u00edbrido recarrega bateria durante voo"},"content":{"rendered":"\n<p><em><span class=\"has-inline-color has-black-color\">Com design bem parecido com o de um avi\u00e3o, o modelo promete grande alcance<\/span><\/em><\/p>\n\n\n\n<p><span class=\"has-inline-color has-black-color\">Por <strong><a href=\"https:\/\/olhardigital.com.br\/author\/ronnie-mancuzo\/\">Ronnie Mancuzo<\/a><\/strong><\/span><\/p>\n\n\n\n<div class=\"wp-block-image\"><figure class=\"aligncenter size-large\"><a href=\"https:\/\/www.facebook.com\/vetor.vix\/\"><img loading=\"lazy\" decoding=\"async\" width=\"1024\" height=\"273\" src=\"https:\/\/jornalfatosenoticias.com.br\/wp-content\/uploads\/2023\/09\/vetorvix1024_1.jpg\" alt=\"\" class=\"wp-image-44868\" srcset=\"https:\/\/jornalfatosenoticias.com.br\/wp-content\/uploads\/2023\/09\/vetorvix1024_1.jpg 1024w, https:\/\/jornalfatosenoticias.com.br\/wp-content\/uploads\/2023\/09\/vetorvix1024_1-300x80.jpg 300w, https:\/\/jornalfatosenoticias.com.br\/wp-content\/uploads\/2023\/09\/vetorvix1024_1-768x205.jpg 768w\" sizes=\"auto, (max-width: 1024px) 100vw, 1024px\" \/><\/a><\/figure><\/div>\n\n\n\n<p>O segmento dos carros voadores \u00e9 visto como um dos mais promissores \u2014 e um novo modelo se destaca pela motoriza\u00e7\u00e3o h\u00edbrida (HEV). Para contextualizar, \u201ccarros voadores\u201d \u00e9 um termo popular para os ve\u00edculos de pouso e decolagem na vertical (VTOLs), com v\u00e1rias das mais recentes cria\u00e7\u00f5es sendo de <strong><a href=\"https:\/\/olhardigital.com.br\/2024\/11\/05\/carros-e-tecnologia\/novo-carro-voador-chega-em-2025-com-sistema-de-propulsao-revolucionario\/\" target=\"_blank\" rel=\"noreferrer noopener\">propuls\u00e3o<\/a><\/strong> el\u00e9trica (eVTOLs).<br>O ANN-6, desenvolvido pela <a href=\"https:\/\/www.mantaaircraft.com\/\" target=\"_blank\" rel=\"noreferrer noopener\"><strong>Manta Aircraft<\/strong><\/a>, da It\u00e1lia, em parceria com o Shenyang Aviation Industries Group, da China, combina\u00a0<a href=\"https:\/\/olhardigital.com.br\/2024\/03\/21\/carros-e-tecnologia\/o-que-e-saf-combustivel-sustentavel-de-aviacao\/\" target=\"_blank\" rel=\"noreferrer noopener\"><strong>combust\u00edvel sustent\u00e1vel de avia\u00e7\u00e3o<\/strong><\/a> (SAF) e uma bateria leve. Dessa forma, ele promete cobrir dist\u00e2ncias mais longas sem a necessidade de recarga constante em solo, diferente dos eVTOLs tradicionais.<\/p>\n\n\n\n<div class=\"wp-block-image\"><figure class=\"aligncenter size-large is-resized\"><a href=\"https:\/\/www.instagram.com\/vmais.midias\/\"><img loading=\"lazy\" decoding=\"async\" src=\"https:\/\/jornalfatosenoticias.com.br\/wp-content\/uploads\/2020\/02\/DE-MAIS-DESTAQUE-VMAIS-800X700.png\" alt=\"\" class=\"wp-image-53112\" width=\"312\" height=\"272\" srcset=\"https:\/\/jornalfatosenoticias.com.br\/wp-content\/uploads\/2020\/02\/DE-MAIS-DESTAQUE-VMAIS-800X700.png 800w, https:\/\/jornalfatosenoticias.com.br\/wp-content\/uploads\/2020\/02\/DE-MAIS-DESTAQUE-VMAIS-800X700-300x263.png 300w, https:\/\/jornalfatosenoticias.com.br\/wp-content\/uploads\/2020\/02\/DE-MAIS-DESTAQUE-VMAIS-800X700-768x672.png 768w\" sizes=\"auto, (max-width: 312px) 100vw, 312px\" \/><\/a><\/figure><\/div>\n\n\n\n<p>Al\u00e9m de recarregar a bateria durante o voo, o ANN-6 tamb\u00e9m foi projetado para ser compat\u00edvel com <strong><a href=\"https:\/\/olhardigital.com.br\/2024\/02\/20\/ciencia-e-espaco\/eletricidade-vs-hidrogenio-qual-energia-e-mais-sustentavel\/\" target=\"_blank\" rel=\"noreferrer noopener\">hidrog\u00eanio<\/a><\/strong> no futuro. O design modular de seis lugares permite f\u00e1cil desmontagem e remontagem para reparos e transporte, o que aumenta a flexibilidade operacional.<\/p>\n\n\n\n<div class=\"wp-block-image\"><figure class=\"aligncenter size-large\"><a href=\"http:\/\/www.ferrarimaquinas.com.br\/\"><img loading=\"lazy\" decoding=\"async\" width=\"300\" height=\"250\" src=\"https:\/\/jornalfatosenoticias.com.br\/wp-content\/uploads\/2022\/02\/FERRARI_MAQUINAS-E-FERRAMENTAS2.jpg\" alt=\"\" class=\"wp-image-27860\"\/><\/a><\/figure><\/div>\n\n\n\n<p>Um prot\u00f3tipo em escala real do carro voador foi apresentado no China Airshow, os visitantes puderam conferir o visual parecido com o de um <strong><a href=\"https:\/\/olhardigital.com.br\/2024\/11\/05\/carros-e-tecnologia\/conheca-o-veiculo-que-anda-como-um-carro-e-voa-como-um-aviao\/\" target=\"_blank\" rel=\"noreferrer noopener\">avi\u00e3o<\/a><\/strong> tradicional, com oito turbinas e interior luxuoso, dotado de materiais como couro Nappa. O design personaliz\u00e1vel inclui op\u00e7\u00f5es de ilumina\u00e7\u00e3o ambiente, bordados de assentos e amplo espa\u00e7o de armazenamento.<\/p>\n\n\n\n<div class=\"wp-block-image\"><figure class=\"aligncenter size-large is-resized\"><a href=\"https:\/\/www.instagram.com\/serra4x4cambioautomatico\/\"><img loading=\"lazy\" decoding=\"async\" src=\"https:\/\/jornalfatosenoticias.com.br\/wp-content\/uploads\/2024\/08\/Serra-4x4-1-886x1024.jpg\" alt=\"\" class=\"wp-image-53632\" width=\"282\" height=\"325\" srcset=\"https:\/\/jornalfatosenoticias.com.br\/wp-content\/uploads\/2024\/08\/Serra-4x4-1-886x1024.jpg 886w, https:\/\/jornalfatosenoticias.com.br\/wp-content\/uploads\/2024\/08\/Serra-4x4-1-260x300.jpg 260w, https:\/\/jornalfatosenoticias.com.br\/wp-content\/uploads\/2024\/08\/Serra-4x4-1-768x888.jpg 768w, https:\/\/jornalfatosenoticias.com.br\/wp-content\/uploads\/2024\/08\/Serra-4x4-1.jpg 1181w\" sizes=\"auto, (max-width: 282px) 100vw, 282px\" \/><\/a><\/figure><\/div>\n\n\n\n<p>Em termos de desempenho, o ANN-6 tem velocidade de cruzeiro de 240 km\/h e velocidade m\u00e1xima de 330 km\/h. O alcance \u00e9 de at\u00e9 300 km no modo VTOL. Mas o ve\u00edculo tamb\u00e9m pode ser configurado para modo STOL (ou seja, de <strong><a href=\"https:\/\/olhardigital.com.br\/2024\/04\/11\/carros-e-tecnologia\/por-que-estas-5-coisas-que-acontecem-durante-pouso-e-decolagem-de-avioes\/\" target=\"_blank\" rel=\"noreferrer noopener\">decolagem<\/a><\/strong> e pouso em pistas extremamente curtas) \u2014 e assim, ele pode oferecer at\u00e9 1.000 km de alcance.<\/p>\n\n\n\n<div class=\"wp-block-image\"><figure class=\"aligncenter size-large is-resized\"><a href=\"https:\/\/www.facebook.com\/postobkr\/?locale=pt_BR\"><img loading=\"lazy\" decoding=\"async\" src=\"https:\/\/jornalfatosenoticias.com.br\/wp-content\/uploads\/2023\/08\/BKR-1024x1021.jpg\" alt=\"\" class=\"wp-image-44494\" width=\"290\" height=\"289\" srcset=\"https:\/\/jornalfatosenoticias.com.br\/wp-content\/uploads\/2023\/08\/BKR-1024x1021.jpg 1024w, https:\/\/jornalfatosenoticias.com.br\/wp-content\/uploads\/2023\/08\/BKR-300x300.jpg 300w, https:\/\/jornalfatosenoticias.com.br\/wp-content\/uploads\/2023\/08\/BKR-150x150.jpg 150w, https:\/\/jornalfatosenoticias.com.br\/wp-content\/uploads\/2023\/08\/BKR-768x766.jpg 768w, https:\/\/jornalfatosenoticias.com.br\/wp-content\/uploads\/2023\/08\/BKR.jpg 1080w\" sizes=\"auto, (max-width: 290px) 100vw, 290px\" \/><\/a><\/figure><\/div>\n\n\n\n<p>Outros detalhes incluem 12,30 metros de comprimento, 12,10 metros de envergadura e 2,75 metros de altura. Ele pesa 1.740 kg suportando carga \u00fatil de 500 kg al\u00e9m do peso do piloto. Atualmente, o ANN-6 est\u00e1 em fase de desenvolvimento buscando a certifica\u00e7\u00e3o da Administra\u00e7\u00e3o de Avia\u00e7\u00e3o Civil da <strong><a href=\"https:\/\/olhardigital.com.br\/2024\/11\/21\/carros-e-tecnologia\/carro-voador-faz-primeiro-voo-publico-pilotado-na-china\/\" target=\"_blank\" rel=\"noreferrer noopener\">China<\/a>.<\/strong><\/p>\n\n\n\n<div class=\"wp-block-image\"><figure class=\"aligncenter size-large is-resized\"><a href=\"https:\/\/www.instagram.com\/restaurantepegoretti\/\"><img loading=\"lazy\" decoding=\"async\" src=\"https:\/\/jornalfatosenoticias.com.br\/wp-content\/uploads\/2023\/12\/pegoretti-logo-pdf-1024x389.jpg\" alt=\"\" class=\"wp-image-47536\" width=\"411\" height=\"156\" srcset=\"https:\/\/jornalfatosenoticias.com.br\/wp-content\/uploads\/2023\/12\/pegoretti-logo-pdf-1024x389.jpg 1024w, https:\/\/jornalfatosenoticias.com.br\/wp-content\/uploads\/2023\/12\/pegoretti-logo-pdf-300x114.jpg 300w, https:\/\/jornalfatosenoticias.com.br\/wp-content\/uploads\/2023\/12\/pegoretti-logo-pdf-768x291.jpg 768w, https:\/\/jornalfatosenoticias.com.br\/wp-content\/uploads\/2023\/12\/pegoretti-logo-pdf.jpg 1120w\" sizes=\"auto, (max-width: 411px) 100vw, 411px\" \/><\/a><\/figure><\/div>\n\n\n\n<p><strong><em>Fonte: <a href=\"https:\/\/olhardigital.com.br\/2024\/12\/07\/carros-e-tecnologia\/carro-voador-hibrido-recarrega-bateria-durante-voo\/\">Olhar Digital<\/a><\/em><\/strong><\/p>\n","protected":false},"excerpt":{"rendered":"<p>Com design bem parecido com o de um avi\u00e3o, o modelo promete grande alcance Por Ronnie Mancuzo O segmento dos carros voadores \u00e9 visto como um dos mais promissores \u2014 e um novo modelo se destaca pela motoriza\u00e7\u00e3o h\u00edbrida (HEV). Para contextualizar, \u201ccarros voadores\u201d \u00e9 um termo popular para os ve\u00edculos de pouso e decolagem [&hellip;]<\/p>\n","protected":false},"author":2,"featured_media":56476,"comment_status":"open","ping_status":"open","sticky":false,"template":"","format":"standard","meta":{"footnotes":""},"categories":[3],"tags":[2752,3363,8724,8075,9623,5827],"class_list":["post-56475","post","type-post","status-publish","format-standard","has-post-thumbnail","hentry","category-tecnologia","tag-aviao","tag-carro-voador","tag-evtol","tag-hibrido","tag-saf","tag-voo"],"yoast_head":"<!-- This site is optimized with the Yoast SEO plugin v26.5 - https:\/\/yoast.com\/wordpress\/plugins\/seo\/ -->\n<title>Carro voador h\u00edbrido recarrega bateria durante voo - Jornal Fatos e Not\u00edcias<\/title>\n<meta name=\"robots\" content=\"index, follow, max-snippet:-1, max-image-preview:large, max-video-preview:-1\" \/>\n<link rel=\"canonical\" href=\"https:\/\/jornalfatosenoticias.com.br\/index.php\/2024\/12\/18\/carro-voador-hibrido-recarrega-bateria-durante-voo\/\" \/>\n<meta property=\"og:locale\" content=\"pt_BR\" \/>\n<meta property=\"og:type\" content=\"article\" \/>\n<meta property=\"og:title\" content=\"Carro voador h\u00edbrido recarrega bateria durante voo - Jornal Fatos e Not\u00edcias\" \/>\n<meta property=\"og:description\" content=\"Com design bem parecido com o de um avi\u00e3o, o modelo promete grande alcance Por Ronnie Mancuzo O segmento dos carros voadores \u00e9 visto como um dos mais promissores \u2014 e um novo modelo se destaca pela motoriza\u00e7\u00e3o h\u00edbrida (HEV). Para contextualizar, \u201ccarros voadores\u201d \u00e9 um termo popular para os ve\u00edculos de pouso e decolagem [&hellip;]\" \/>\n<meta property=\"og:url\" content=\"https:\/\/jornalfatosenoticias.com.br\/index.php\/2024\/12\/18\/carro-voador-hibrido-recarrega-bateria-durante-voo\/\" \/>\n<meta property=\"og:site_name\" content=\"Jornal Fatos e Not\u00edcias\" \/>\n<meta property=\"article:published_time\" content=\"2024-12-18T13:06:53+00:00\" \/>\n<meta property=\"article:modified_time\" content=\"2024-12-18T13:06:54+00:00\" \/>\n<meta property=\"og:image\" content=\"https:\/\/jornalfatosenoticias.com.br\/wp-content\/uploads\/2024\/12\/Carro-voador_istock.jpg\" \/>\n\t<meta property=\"og:image:width\" content=\"768\" \/>\n\t<meta property=\"og:image:height\" content=\"432\" \/>\n\t<meta property=\"og:image:type\" content=\"image\/jpeg\" \/>\n<meta name=\"author\" content=\"Luzimara Fernandes\" \/>\n<meta name=\"twitter:card\" content=\"summary_large_image\" \/>\n<meta name=\"twitter:label1\" content=\"Escrito por\" \/>\n\t<meta name=\"twitter:data1\" content=\"Luzimara Fernandes\" \/>\n\t<meta name=\"twitter:label2\" content=\"Est. tempo de leitura\" \/>\n\t<meta name=\"twitter:data2\" content=\"2 minutos\" \/>\n<script type=\"application\/ld+json\" class=\"yoast-schema-graph\">{\"@context\":\"https:\/\/schema.org\",\"@graph\":[{\"@type\":\"Article\",\"@id\":\"https:\/\/jornalfatosenoticias.com.br\/index.php\/2024\/12\/18\/carro-voador-hibrido-recarrega-bateria-durante-voo\/#article\",\"isPartOf\":{\"@id\":\"https:\/\/jornalfatosenoticias.com.br\/index.php\/2024\/12\/18\/carro-voador-hibrido-recarrega-bateria-durante-voo\/\"},\"author\":{\"name\":\"Luzimara Fernandes\",\"@id\":\"https:\/\/jornalfatosenoticias.com.br\/#\/schema\/person\/d63837fa13ac8666eb9e74e0985d6f81\"},\"headline\":\"Carro voador h\u00edbrido recarrega bateria durante voo\",\"datePublished\":\"2024-12-18T13:06:53+00:00\",\"dateModified\":\"2024-12-18T13:06:54+00:00\",\"mainEntityOfPage\":{\"@id\":\"https:\/\/jornalfatosenoticias.com.br\/index.php\/2024\/12\/18\/carro-voador-hibrido-recarrega-bateria-durante-voo\/\"},\"wordCount\":351,\"commentCount\":0,\"publisher\":{\"@id\":\"https:\/\/jornalfatosenoticias.com.br\/#organization\"},\"image\":{\"@id\":\"https:\/\/jornalfatosenoticias.com.br\/index.php\/2024\/12\/18\/carro-voador-hibrido-recarrega-bateria-durante-voo\/#primaryimage\"},\"thumbnailUrl\":\"https:\/\/jornalfatosenoticias.com.br\/wp-content\/uploads\/2024\/12\/Carro-voador_istock.jpg\",\"keywords\":[\"avi\u00e3o\",\"carro voador\",\"eVTOL\",\"h\u00edbrido\",\"SAF\",\"voo\"],\"articleSection\":[\"Tecnologia &amp; Inova\u00e7\u00e3o\"],\"inLanguage\":\"pt-BR\",\"potentialAction\":[{\"@type\":\"CommentAction\",\"name\":\"Comment\",\"target\":[\"https:\/\/jornalfatosenoticias.com.br\/index.php\/2024\/12\/18\/carro-voador-hibrido-recarrega-bateria-durante-voo\/#respond\"]}]},{\"@type\":\"WebPage\",\"@id\":\"https:\/\/jornalfatosenoticias.com.br\/index.php\/2024\/12\/18\/carro-voador-hibrido-recarrega-bateria-durante-voo\/\",\"url\":\"https:\/\/jornalfatosenoticias.com.br\/index.php\/2024\/12\/18\/carro-voador-hibrido-recarrega-bateria-durante-voo\/\",\"name\":\"Carro voador h\u00edbrido recarrega bateria durante voo - Jornal Fatos e Not\u00edcias\",\"isPartOf\":{\"@id\":\"https:\/\/jornalfatosenoticias.com.br\/#website\"},\"primaryImageOfPage\":{\"@id\":\"https:\/\/jornalfatosenoticias.com.br\/index.php\/2024\/12\/18\/carro-voador-hibrido-recarrega-bateria-durante-voo\/#primaryimage\"},\"image\":{\"@id\":\"https:\/\/jornalfatosenoticias.com.br\/index.php\/2024\/12\/18\/carro-voador-hibrido-recarrega-bateria-durante-voo\/#primaryimage\"},\"thumbnailUrl\":\"https:\/\/jornalfatosenoticias.com.br\/wp-content\/uploads\/2024\/12\/Carro-voador_istock.jpg\",\"datePublished\":\"2024-12-18T13:06:53+00:00\",\"dateModified\":\"2024-12-18T13:06:54+00:00\",\"breadcrumb\":{\"@id\":\"https:\/\/jornalfatosenoticias.com.br\/index.php\/2024\/12\/18\/carro-voador-hibrido-recarrega-bateria-durante-voo\/#breadcrumb\"},\"inLanguage\":\"pt-BR\",\"potentialAction\":[{\"@type\":\"ReadAction\",\"target\":[\"https:\/\/jornalfatosenoticias.com.br\/index.php\/2024\/12\/18\/carro-voador-hibrido-recarrega-bateria-durante-voo\/\"]}]},{\"@type\":\"ImageObject\",\"inLanguage\":\"pt-BR\",\"@id\":\"https:\/\/jornalfatosenoticias.com.br\/index.php\/2024\/12\/18\/carro-voador-hibrido-recarrega-bateria-durante-voo\/#primaryimage\",\"url\":\"https:\/\/jornalfatosenoticias.com.br\/wp-content\/uploads\/2024\/12\/Carro-voador_istock.jpg\",\"contentUrl\":\"https:\/\/jornalfatosenoticias.com.br\/wp-content\/uploads\/2024\/12\/Carro-voador_istock.jpg\",\"width\":768,\"height\":432,\"caption\":\"A white, futuristic eVTOL with a single passenger cabin is parked on a rooftop landing pad. The vehicle has a sleek, aerodynamic design, and its rotor blades are folded down. The sky behind the vehicle is a vibrant orange and purple, signaling a beautiful sunset. 3D Animation\"},{\"@type\":\"BreadcrumbList\",\"@id\":\"https:\/\/jornalfatosenoticias.com.br\/index.php\/2024\/12\/18\/carro-voador-hibrido-recarrega-bateria-durante-voo\/#breadcrumb\",\"itemListElement\":[{\"@type\":\"ListItem\",\"position\":1,\"name\":\"In\u00edcio\",\"item\":\"https:\/\/jornalfatosenoticias.com.br\/\"},{\"@type\":\"ListItem\",\"position\":2,\"name\":\"Carro voador h\u00edbrido recarrega bateria durante voo\"}]},{\"@type\":\"WebSite\",\"@id\":\"https:\/\/jornalfatosenoticias.com.br\/#website\",\"url\":\"https:\/\/jornalfatosenoticias.com.br\/\",\"name\":\"Jornal Fatos e Not\u00edcias\",\"description\":\"Not\u00edcias em geral\",\"publisher\":{\"@id\":\"https:\/\/jornalfatosenoticias.com.br\/#organization\"},\"potentialAction\":[{\"@type\":\"SearchAction\",\"target\":{\"@type\":\"EntryPoint\",\"urlTemplate\":\"https:\/\/jornalfatosenoticias.com.br\/?s={search_term_string}\"},\"query-input\":{\"@type\":\"PropertyValueSpecification\",\"valueRequired\":true,\"valueName\":\"search_term_string\"}}],\"inLanguage\":\"pt-BR\"},{\"@type\":\"Organization\",\"@id\":\"https:\/\/jornalfatosenoticias.com.br\/#organization\",\"name\":\"Jornal Fatos e Not\u00edcias\",\"url\":\"https:\/\/jornalfatosenoticias.com.br\/\",\"logo\":{\"@type\":\"ImageObject\",\"inLanguage\":\"pt-BR\",\"@id\":\"https:\/\/jornalfatosenoticias.com.br\/#\/schema\/logo\/image\/\",\"url\":\"https:\/\/jornalfatosenoticias.com.br\/wp-content\/uploads\/2020\/02\/logo120.png\",\"contentUrl\":\"https:\/\/jornalfatosenoticias.com.br\/wp-content\/uploads\/2020\/02\/logo120.png\",\"width\":1227,\"height\":120,\"caption\":\"Jornal Fatos e Not\u00edcias\"},\"image\":{\"@id\":\"https:\/\/jornalfatosenoticias.com.br\/#\/schema\/logo\/image\/\"}},{\"@type\":\"Person\",\"@id\":\"https:\/\/jornalfatosenoticias.com.br\/#\/schema\/person\/d63837fa13ac8666eb9e74e0985d6f81\",\"name\":\"Luzimara Fernandes\",\"image\":{\"@type\":\"ImageObject\",\"inLanguage\":\"pt-BR\",\"@id\":\"https:\/\/jornalfatosenoticias.com.br\/#\/schema\/person\/image\/\",\"url\":\"https:\/\/jornalfatosenoticias.com.br\/wp-content\/uploads\/2025\/05\/EU_portal.jpg\",\"contentUrl\":\"https:\/\/jornalfatosenoticias.com.br\/wp-content\/uploads\/2025\/05\/EU_portal.jpg\",\"caption\":\"Luzimara Fernandes\"},\"description\":\"Jornalista MTB 2358-ES\",\"sameAs\":[\"https:\/\/jornalfatosenoticias.com.br\"],\"url\":\"https:\/\/jornalfatosenoticias.com.br\/index.php\/author\/luzimara\/\"}]}<\/script>\n<!-- \/ Yoast SEO plugin. -->","yoast_head_json":{"title":"Carro voador h\u00edbrido recarrega bateria durante voo - Jornal Fatos e Not\u00edcias","robots":{"index":"index","follow":"follow","max-snippet":"max-snippet:-1","max-image-preview":"max-image-preview:large","max-video-preview":"max-video-preview:-1"},"canonical":"https:\/\/jornalfatosenoticias.com.br\/index.php\/2024\/12\/18\/carro-voador-hibrido-recarrega-bateria-durante-voo\/","og_locale":"pt_BR","og_type":"article","og_title":"Carro voador h\u00edbrido recarrega bateria durante voo - Jornal Fatos e Not\u00edcias","og_description":"Com design bem parecido com o de um avi\u00e3o, o modelo promete grande alcance Por Ronnie Mancuzo O segmento dos carros voadores \u00e9 visto como um dos mais promissores \u2014 e um novo modelo se destaca pela motoriza\u00e7\u00e3o h\u00edbrida (HEV). Para contextualizar, \u201ccarros voadores\u201d \u00e9 um termo popular para os ve\u00edculos de pouso e decolagem [&hellip;]","og_url":"https:\/\/jornalfatosenoticias.com.br\/index.php\/2024\/12\/18\/carro-voador-hibrido-recarrega-bateria-durante-voo\/","og_site_name":"Jornal Fatos e Not\u00edcias","article_published_time":"2024-12-18T13:06:53+00:00","article_modified_time":"2024-12-18T13:06:54+00:00","og_image":[{"width":768,"height":432,"url":"https:\/\/jornalfatosenoticias.com.br\/wp-content\/uploads\/2024\/12\/Carro-voador_istock.jpg","type":"image\/jpeg"}],"author":"Luzimara Fernandes","twitter_card":"summary_large_image","twitter_misc":{"Escrito por":"Luzimara Fernandes","Est. tempo de leitura":"2 minutos"},"schema":{"@context":"https:\/\/schema.org","@graph":[{"@type":"Article","@id":"https:\/\/jornalfatosenoticias.com.br\/index.php\/2024\/12\/18\/carro-voador-hibrido-recarrega-bateria-durante-voo\/#article","isPartOf":{"@id":"https:\/\/jornalfatosenoticias.com.br\/index.php\/2024\/12\/18\/carro-voador-hibrido-recarrega-bateria-durante-voo\/"},"author":{"name":"Luzimara Fernandes","@id":"https:\/\/jornalfatosenoticias.com.br\/#\/schema\/person\/d63837fa13ac8666eb9e74e0985d6f81"},"headline":"Carro voador h\u00edbrido recarrega bateria durante voo","datePublished":"2024-12-18T13:06:53+00:00","dateModified":"2024-12-18T13:06:54+00:00","mainEntityOfPage":{"@id":"https:\/\/jornalfatosenoticias.com.br\/index.php\/2024\/12\/18\/carro-voador-hibrido-recarrega-bateria-durante-voo\/"},"wordCount":351,"commentCount":0,"publisher":{"@id":"https:\/\/jornalfatosenoticias.com.br\/#organization"},"image":{"@id":"https:\/\/jornalfatosenoticias.com.br\/index.php\/2024\/12\/18\/carro-voador-hibrido-recarrega-bateria-durante-voo\/#primaryimage"},"thumbnailUrl":"https:\/\/jornalfatosenoticias.com.br\/wp-content\/uploads\/2024\/12\/Carro-voador_istock.jpg","keywords":["avi\u00e3o","carro voador","eVTOL","h\u00edbrido","SAF","voo"],"articleSection":["Tecnologia &amp; Inova\u00e7\u00e3o"],"inLanguage":"pt-BR","potentialAction":[{"@type":"CommentAction","name":"Comment","target":["https:\/\/jornalfatosenoticias.com.br\/index.php\/2024\/12\/18\/carro-voador-hibrido-recarrega-bateria-durante-voo\/#respond"]}]},{"@type":"WebPage","@id":"https:\/\/jornalfatosenoticias.com.br\/index.php\/2024\/12\/18\/carro-voador-hibrido-recarrega-bateria-durante-voo\/","url":"https:\/\/jornalfatosenoticias.com.br\/index.php\/2024\/12\/18\/carro-voador-hibrido-recarrega-bateria-durante-voo\/","name":"Carro voador h\u00edbrido recarrega bateria durante voo - Jornal Fatos e Not\u00edcias","isPartOf":{"@id":"https:\/\/jornalfatosenoticias.com.br\/#website"},"primaryImageOfPage":{"@id":"https:\/\/jornalfatosenoticias.com.br\/index.php\/2024\/12\/18\/carro-voador-hibrido-recarrega-bateria-durante-voo\/#primaryimage"},"image":{"@id":"https:\/\/jornalfatosenoticias.com.br\/index.php\/2024\/12\/18\/carro-voador-hibrido-recarrega-bateria-durante-voo\/#primaryimage"},"thumbnailUrl":"https:\/\/jornalfatosenoticias.com.br\/wp-content\/uploads\/2024\/12\/Carro-voador_istock.jpg","datePublished":"2024-12-18T13:06:53+00:00","dateModified":"2024-12-18T13:06:54+00:00","breadcrumb":{"@id":"https:\/\/jornalfatosenoticias.com.br\/index.php\/2024\/12\/18\/carro-voador-hibrido-recarrega-bateria-durante-voo\/#breadcrumb"},"inLanguage":"pt-BR","potentialAction":[{"@type":"ReadAction","target":["https:\/\/jornalfatosenoticias.com.br\/index.php\/2024\/12\/18\/carro-voador-hibrido-recarrega-bateria-durante-voo\/"]}]},{"@type":"ImageObject","inLanguage":"pt-BR","@id":"https:\/\/jornalfatosenoticias.com.br\/index.php\/2024\/12\/18\/carro-voador-hibrido-recarrega-bateria-durante-voo\/#primaryimage","url":"https:\/\/jornalfatosenoticias.com.br\/wp-content\/uploads\/2024\/12\/Carro-voador_istock.jpg","contentUrl":"https:\/\/jornalfatosenoticias.com.br\/wp-content\/uploads\/2024\/12\/Carro-voador_istock.jpg","width":768,"height":432,"caption":"A white, futuristic eVTOL with a single passenger cabin is parked on a rooftop landing pad. The vehicle has a sleek, aerodynamic design, and its rotor blades are folded down. The sky behind the vehicle is a vibrant orange and purple, signaling a beautiful sunset. 3D Animation"},{"@type":"BreadcrumbList","@id":"https:\/\/jornalfatosenoticias.com.br\/index.php\/2024\/12\/18\/carro-voador-hibrido-recarrega-bateria-durante-voo\/#breadcrumb","itemListElement":[{"@type":"ListItem","position":1,"name":"In\u00edcio","item":"https:\/\/jornalfatosenoticias.com.br\/"},{"@type":"ListItem","position":2,"name":"Carro voador h\u00edbrido recarrega bateria durante voo"}]},{"@type":"WebSite","@id":"https:\/\/jornalfatosenoticias.com.br\/#website","url":"https:\/\/jornalfatosenoticias.com.br\/","name":"Jornal Fatos e Not\u00edcias","description":"Not\u00edcias em geral","publisher":{"@id":"https:\/\/jornalfatosenoticias.com.br\/#organization"},"potentialAction":[{"@type":"SearchAction","target":{"@type":"EntryPoint","urlTemplate":"https:\/\/jornalfatosenoticias.com.br\/?s={search_term_string}"},"query-input":{"@type":"PropertyValueSpecification","valueRequired":true,"valueName":"search_term_string"}}],"inLanguage":"pt-BR"},{"@type":"Organization","@id":"https:\/\/jornalfatosenoticias.com.br\/#organization","name":"Jornal Fatos e Not\u00edcias","url":"https:\/\/jornalfatosenoticias.com.br\/","logo":{"@type":"ImageObject","inLanguage":"pt-BR","@id":"https:\/\/jornalfatosenoticias.com.br\/#\/schema\/logo\/image\/","url":"https:\/\/jornalfatosenoticias.com.br\/wp-content\/uploads\/2020\/02\/logo120.png","contentUrl":"https:\/\/jornalfatosenoticias.com.br\/wp-content\/uploads\/2020\/02\/logo120.png","width":1227,"height":120,"caption":"Jornal Fatos e Not\u00edcias"},"image":{"@id":"https:\/\/jornalfatosenoticias.com.br\/#\/schema\/logo\/image\/"}},{"@type":"Person","@id":"https:\/\/jornalfatosenoticias.com.br\/#\/schema\/person\/d63837fa13ac8666eb9e74e0985d6f81","name":"Luzimara Fernandes","image":{"@type":"ImageObject","inLanguage":"pt-BR","@id":"https:\/\/jornalfatosenoticias.com.br\/#\/schema\/person\/image\/","url":"https:\/\/jornalfatosenoticias.com.br\/wp-content\/uploads\/2025\/05\/EU_portal.jpg","contentUrl":"https:\/\/jornalfatosenoticias.com.br\/wp-content\/uploads\/2025\/05\/EU_portal.jpg","caption":"Luzimara Fernandes"},"description":"Jornalista MTB 2358-ES","sameAs":["https:\/\/jornalfatosenoticias.com.br"],"url":"https:\/\/jornalfatosenoticias.com.br\/index.php\/author\/luzimara\/"}]}},"cc_featured_image_caption":{"caption_text":"(Foto: iStock) ","source_text":"","source_url":""},"jetpack_featured_media_url":"https:\/\/jornalfatosenoticias.com.br\/wp-content\/uploads\/2024\/12\/Carro-voador_istock.jpg","_links":{"self":[{"href":"https:\/\/jornalfatosenoticias.com.br\/index.php\/wp-json\/wp\/v2\/posts\/56475","targetHints":{"allow":["GET"]}}],"collection":[{"href":"https:\/\/jornalfatosenoticias.com.br\/index.php\/wp-json\/wp\/v2\/posts"}],"about":[{"href":"https:\/\/jornalfatosenoticias.com.br\/index.php\/wp-json\/wp\/v2\/types\/post"}],"author":[{"embeddable":true,"href":"https:\/\/jornalfatosenoticias.com.br\/index.php\/wp-json\/wp\/v2\/users\/2"}],"replies":[{"embeddable":true,"href":"https:\/\/jornalfatosenoticias.com.br\/index.php\/wp-json\/wp\/v2\/comments?post=56475"}],"version-history":[{"count":0,"href":"https:\/\/jornalfatosenoticias.com.br\/index.php\/wp-json\/wp\/v2\/posts\/56475\/revisions"}],"wp:featuredmedia":[{"embeddable":true,"href":"https:\/\/jornalfatosenoticias.com.br\/index.php\/wp-json\/wp\/v2\/media\/56476"}],"wp:attachment":[{"href":"https:\/\/jornalfatosenoticias.com.br\/index.php\/wp-json\/wp\/v2\/media?parent=56475"}],"wp:term":[{"taxonomy":"category","embeddable":true,"href":"https:\/\/jornalfatosenoticias.com.br\/index.php\/wp-json\/wp\/v2\/categories?post=56475"},{"taxonomy":"post_tag","embeddable":true,"href":"https:\/\/jornalfatosenoticias.com.br\/index.php\/wp-json\/wp\/v2\/tags?post=56475"}],"curies":[{"name":"wp","href":"https:\/\/api.w.org\/{rel}","templated":true}]}}