{"id":56481,"date":"2024-12-18T10:34:43","date_gmt":"2024-12-18T13:34:43","guid":{"rendered":"https:\/\/jornalfatosenoticias.com.br\/?p=56481"},"modified":"2024-12-18T10:34:44","modified_gmt":"2024-12-18T13:34:44","slug":"a-amendoeira-conflito-entre-israel-e-palestina-inspira-livro-visceral","status":"publish","type":"post","link":"https:\/\/jornalfatosenoticias.com.br\/index.php\/2024\/12\/18\/a-amendoeira-conflito-entre-israel-e-palestina-inspira-livro-visceral\/","title":{"rendered":"&#8216;A Amendoeira&#8217;: conflito entre Israel e Palestina inspira livro visceral"},"content":{"rendered":"\n<p><em><span class=\"has-inline-color has-black-color\">A autora Michelle Cohen Corasanti revela como a experi\u00eancia de vida e a pesquisa moldaram a narrativa de seu livro, &#8216;A Amendoeira&#8217;<\/span><\/em><\/p>\n\n\n\n<p><span class=\"has-inline-color has-black-color\">Por <strong>Gabriel Marin de Oliveira<\/strong><\/span><\/p>\n\n\n\n<div class=\"wp-block-image\"><figure class=\"aligncenter size-large\"><a href=\"https:\/\/mizu.com.br\/\"><img loading=\"lazy\" decoding=\"async\" width=\"729\" height=\"90\" src=\"https:\/\/jornalfatosenoticias.com.br\/wp-content\/uploads\/2020\/02\/Logo_Mizu.png\" alt=\"\" class=\"wp-image-1441\" srcset=\"https:\/\/jornalfatosenoticias.com.br\/wp-content\/uploads\/2020\/02\/Logo_Mizu.png 729w, https:\/\/jornalfatosenoticias.com.br\/wp-content\/uploads\/2020\/02\/Logo_Mizu-300x37.png 300w\" sizes=\"auto, (max-width: 729px) 100vw, 729px\" \/><\/a><\/figure><\/div>\n\n\n\n<p>A escritora <strong>Michelle Cohen Corasanti<\/strong>\u00a0nos convida a uma\u00a0<mark>jornada pessoal e intelectual<\/mark> por tr\u00e1s da cria\u00e7\u00e3o de seu livro &#8216;A Amendoeira&#8217;. Em uma entrevista exclusiva ao Aventuras na Hist\u00f3ria, a autora compartilha detalhes sobre o processo de pesquisa, as inspira\u00e7\u00f5es e o impacto que a obra teve em seu p\u00fablico.<br>O livro tem como pano de fundo a complexa realidade do\u00a0<a href=\"https:\/\/aventurasnahistoria.com.br\/noticias\/historia-hoje\/dezenas-de-palestinos-sao-mortos-por-soldados-israelenses-durante-de-ajuda-humanitaria.phtml\" rel=\"noreferrer noopener\" target=\"_blank\"><strong>conflito<\/strong><\/a>\u00a0entre Israel e a Palestina. O romance, que\u00a0<mark>se tornou um best-seller internacional<\/mark>, acompanha a trajet\u00f3ria de Ahmed Hamid, um jovem palestino que vive sob a ocupa\u00e7\u00e3o israelense. Desde a inf\u00e2ncia, Ahmed \u00e9 confrontado com as duras consequ\u00eancias do conflito. A perda de seu pai, a destrui\u00e7\u00e3o de sua casa e a constante amea\u00e7a \u00e0 sua fam\u00edlia moldam sua personalidade e\u00a0<mark>o impulsionam a buscar um futuro diferente.<\/mark><\/p>\n\n\n\n<div class=\"wp-block-image\"><figure class=\"aligncenter size-large\"><a href=\"https:\/\/cesconetto.com.br\/\"><img loading=\"lazy\" decoding=\"async\" width=\"300\" height=\"250\" src=\"https:\/\/jornalfatosenoticias.com.br\/wp-content\/uploads\/2022\/02\/Banner-2.png\" alt=\"\" class=\"wp-image-27877\"\/><\/a><\/figure><\/div>\n\n\n\n<p>No entanto, a esperan\u00e7a n\u00e3o \u00e9 apagada. Dotado de um talento excepcional para a matem\u00e1tica, Ahmed encontra na educa\u00e7\u00e3o\u00a0<mark>uma sa\u00edda para a viol\u00eancia e a opress\u00e3o.<\/mark> A trajet\u00f3ria de <strong>Michelle<\/strong>\u00a0como escritora e ativista \u00e9 profundamente marcada por sua experi\u00eancia de vida. Crescida em um ambiente\u00a0<a href=\"https:\/\/aventurasnahistoria.com.br\/noticias\/reportagem\/arabes-x-judeus-historia-fim-435374.phtml\" rel=\"noreferrer noopener\" target=\"_blank\"><strong>sionista<\/strong><\/a>,\u00a0<mark>a autora teve sua vis\u00e3o de mundo desafiada<\/mark> ao conhecer a perspectiva palestina durante seus estudos.<\/p>\n\n\n\n<div class=\"wp-block-image\"><figure class=\"aligncenter size-large is-resized\"><a href=\"https:\/\/www.ithbrasil.com.br\/\"><img loading=\"lazy\" decoding=\"async\" src=\"https:\/\/jornalfatosenoticias.com.br\/wp-content\/uploads\/2023\/08\/ITH.jpeg\" alt=\"\" class=\"wp-image-44638\" width=\"322\" height=\"262\" srcset=\"https:\/\/jornalfatosenoticias.com.br\/wp-content\/uploads\/2023\/08\/ITH.jpeg 800w, https:\/\/jornalfatosenoticias.com.br\/wp-content\/uploads\/2023\/08\/ITH-300x244.jpeg 300w, https:\/\/jornalfatosenoticias.com.br\/wp-content\/uploads\/2023\/08\/ITH-768x624.jpeg 768w\" sizes=\"auto, (max-width: 322px) 100vw, 322px\" \/><\/a><\/figure><\/div>\n\n\n\n<p>&#8220;Cresci em um lar sionista e s\u00f3 conhecia a propaganda sionista quando me mudei para Israel aos 16 anos, em 1982. L\u00e1, frequentei escolas sionistas exclusivamente judaicas at\u00e9 os 19 anos&#8221;, conta a escritora. <a href=\"https:\/\/www.amazon.com.br\/amendoeira-Michelle-Cohen-Corasanti\/dp\/8501922633\" rel=\"noreferrer noopener\" target=\"_blank\"><strong>&#8216;A Amendoeira&#8217;<\/strong><\/a>\u00a0surge como resultado de uma pesquisa meticulosa e de um\u00a0<mark>profundo engajamento com a realidade palestina.<\/mark>\u00a0A autora recorreu a diversas fontes, incluindo sua pr\u00f3pria experi\u00eancia, o testemunho de amigos palestinos e estudos acad\u00eamicos sobre o\u00a0<strong><a href=\"https:\/\/aventurasnahistoria.com.br\/noticias\/historia-hoje\/satelite-espiao-dos-eua-revela-batalha-ocorrida-no-seculo-7-no-oriente-medio.phtml\" rel=\"noreferrer noopener\" target=\"_blank\">Oriente M\u00e9dio<\/a>.<\/strong><\/p>\n\n\n\n<div class=\"wp-block-image\"><figure class=\"aligncenter size-large is-resized\"><a href=\"https:\/\/www.instagram.com\/esteiochurrascaria\/\"><img loading=\"lazy\" decoding=\"async\" src=\"https:\/\/jornalfatosenoticias.com.br\/wp-content\/uploads\/2022\/02\/LOGO-ESTEIO-1024x730.png\" alt=\"\" class=\"wp-image-27942\" width=\"332\" height=\"236\" srcset=\"https:\/\/jornalfatosenoticias.com.br\/wp-content\/uploads\/2022\/02\/LOGO-ESTEIO-1024x730.png 1024w, https:\/\/jornalfatosenoticias.com.br\/wp-content\/uploads\/2022\/02\/LOGO-ESTEIO-300x214.png 300w, https:\/\/jornalfatosenoticias.com.br\/wp-content\/uploads\/2022\/02\/LOGO-ESTEIO-768x548.png 768w, https:\/\/jornalfatosenoticias.com.br\/wp-content\/uploads\/2022\/02\/LOGO-ESTEIO.png 1123w\" sizes=\"auto, (max-width: 332px) 100vw, 332px\" \/><\/a><\/figure><\/div>\n\n\n\n<blockquote class=\"wp-block-quote is-layout-flow wp-block-quote-is-layout-flow\"><p><span class=\"has-inline-color has-luminous-vivid-orange-color\">As fontes que usei para garantir a autenticidade da minha hist\u00f3ria vieram do que\u00a0<mark>testemunhei pessoalmente<\/mark>\u00a0e estudei por uma d\u00e9cada na faculdade&#8221;, pontua\u00a0<strong>Michelle<\/strong>.\u00a0<\/span><\/p><\/blockquote>\n\n\n\n<div class=\"wp-block-image\"><figure class=\"aligncenter size-large is-resized\"><a href=\"https:\/\/www.legisjuris.com.br\/\"><img loading=\"lazy\" decoding=\"async\" src=\"https:\/\/jornalfatosenoticias.com.br\/wp-content\/uploads\/2024\/09\/Legis-Juris-Consultoria_logo.jpg\" alt=\"\" class=\"wp-image-53915\" width=\"485\" height=\"203\" srcset=\"https:\/\/jornalfatosenoticias.com.br\/wp-content\/uploads\/2024\/09\/Legis-Juris-Consultoria_logo.jpg 969w, https:\/\/jornalfatosenoticias.com.br\/wp-content\/uploads\/2024\/09\/Legis-Juris-Consultoria_logo-300x126.jpg 300w, https:\/\/jornalfatosenoticias.com.br\/wp-content\/uploads\/2024\/09\/Legis-Juris-Consultoria_logo-768x322.jpg 768w\" sizes=\"auto, (max-width: 485px) 100vw, 485px\" \/><\/a><\/figure><\/div>\n\n\n\n<p>Um dos grandes desafios da autora foi encontrar um equil\u00edbrio entre a necessidade de contar uma hist\u00f3ria emocionante e a responsabilidade de abordar um\u00a0<mark>tema t\u00e3o complexo e sens\u00edvel<\/mark>\u00a0como o conflito Israel-Palestina.\u00a0<strong>Corasanti<\/strong> optou por contar a hist\u00f3ria de um menino palestino que busca superar as adversidades e construir um futuro melhor.<\/p>\n\n\n\n<div class=\"wp-block-image\"><figure class=\"aligncenter size-large\"><a href=\"http:\/\/www.ferrarimaquinas.com.br\/\"><img loading=\"lazy\" decoding=\"async\" width=\"300\" height=\"250\" src=\"https:\/\/jornalfatosenoticias.com.br\/wp-content\/uploads\/2022\/02\/FERRARI_MAQUINAS-E-FERRAMENTAS2.jpg\" alt=\"\" class=\"wp-image-27860\"\/><\/a><\/figure><\/div>\n\n\n\n<blockquote class=\"wp-block-quote is-layout-flow wp-block-quote-is-layout-flow\"><p><span class=\"has-inline-color has-luminous-vivid-orange-color\">Minha hist\u00f3ria \u00e9 sobre um menino que consegue contra todas as probabilidades. Eu queria mostrar a realidade dos palestinos que vivem dentro da linha verde, ent\u00e3o apenas usei a hist\u00f3ria e\u00a0<mark>minha experi\u00eancia pessoal para criar minha hist\u00f3ria.<\/mark> Combinei as hist\u00f3rias que aprendi com meus amigos palestinos de dentro da linha verde, aquelas que mudaram meu cora\u00e7\u00e3o e minha mente, e as transformei em &#8216;A Amendoeira'&#8221;, explica.<\/span><\/p><\/blockquote>\n\n\n\n<div class=\"wp-block-image\"><figure class=\"alignleft size-large is-resized\"><img loading=\"lazy\" decoding=\"async\" src=\"https:\/\/jornalfatosenoticias.com.br\/wp-content\/uploads\/2024\/12\/capa-A-Amendoeira.jpg\" alt=\"\" class=\"wp-image-56482\" width=\"310\" height=\"484\"\/><figcaption><em><span class=\"has-inline-color has-black-color\">Capa do livro &#8216;A Amendoeira&#8217; (Foto: Divulga\u00e7\u00e3o)<\/span><\/em><\/figcaption><\/figure><\/div>\n\n\n\n<p>A educa\u00e7\u00e3o emerge como um tema central no livro. A autora destaca a import\u00e2ncia do conhecimento e da educa\u00e7\u00e3o como ferramentas para promover a mudan\u00e7a e a esperan\u00e7a em meio ao conflito. A hist\u00f3ria do protagonista, inspirado na vida de seu ex-marido, ilustra o\u00a0<mark>poder da educa\u00e7\u00e3o para transformar vidas<\/mark> e construir um futuro mais justo e equitativo.<br>&#8220;Gra\u00e7as \u00e0 brilhante mente do meu ex-marido em matem\u00e1tica e ci\u00eancias, ele conseguiu sustentar sua fam\u00edlia, concluir seus estudos e obter uma bolsa de estudos para a faculdade. L\u00e1, um professor israelense viu sua mente brilhante e o acolheu&#8221;, conta a escritora.\u00a0<mark>&#8220;Peguei a semente dessa ideia e a usei para ficcionalizar a realidade&#8221;.\u00a0<\/mark><\/p>\n\n\n\n<div class=\"wp-block-image\"><figure class=\"aligncenter size-large is-resized\"><a href=\"https:\/\/hotelmarquetti.com.br\/\"><img loading=\"lazy\" decoding=\"async\" src=\"https:\/\/jornalfatosenoticias.com.br\/wp-content\/uploads\/2020\/02\/nova-logo-Marquetti.jpg\" alt=\"\" class=\"wp-image-22331\" width=\"349\" height=\"234\" srcset=\"https:\/\/jornalfatosenoticias.com.br\/wp-content\/uploads\/2020\/02\/nova-logo-Marquetti.jpg 643w, https:\/\/jornalfatosenoticias.com.br\/wp-content\/uploads\/2020\/02\/nova-logo-Marquetti-300x202.jpg 300w\" sizes=\"auto, (max-width: 349px) 100vw, 349px\" \/><\/a><\/figure><\/div>\n\n\n\n<p><strong>Michelle<\/strong>\u00a0acredita que a literatura tem um papel fundamental na promo\u00e7\u00e3o da empatia e na\u00a0<mark>constru\u00e7\u00e3o de pontes entre diferentes culturas<\/mark>. Ao compartilhar hist\u00f3rias que desafiam os preconceitos e os estere\u00f3tipos, os escritores podem contribuir para a constru\u00e7\u00e3o de um mundo mais justo e tolerante.<\/p>\n\n\n\n<blockquote class=\"wp-block-quote is-layout-flow wp-block-quote-is-layout-flow\"><p><span class=\"has-inline-color has-luminous-vivid-orange-color\">Hist\u00f3rias emocionantes podem alcan\u00e7ar milh\u00f5es de pessoas e ter a capacidade de nos mudar e mudar nossas cren\u00e7as para sempre. N\u00e3o me tornei uma contadora de hist\u00f3rias porque queria contar hist\u00f3rias.\u00a0<mark>Tornei-me uma contadora de hist\u00f3rias porque tinha uma hist\u00f3ria para contar&#8221;<\/mark>, disse ela.\u00a0<\/span><\/p><\/blockquote>\n\n\n\n<div class=\"wp-block-image\"><figure class=\"aligncenter size-large is-resized\"><a href=\"https:\/\/www.facebook.com\/profile.php?id=100069289606145\"><img loading=\"lazy\" decoding=\"async\" src=\"https:\/\/jornalfatosenoticias.com.br\/wp-content\/uploads\/2024\/11\/Guaitolini-Contabilidade-1024x714.jpeg\" alt=\"\" class=\"wp-image-55808\" width=\"337\" height=\"235\" srcset=\"https:\/\/jornalfatosenoticias.com.br\/wp-content\/uploads\/2024\/11\/Guaitolini-Contabilidade-1024x714.jpeg 1024w, https:\/\/jornalfatosenoticias.com.br\/wp-content\/uploads\/2024\/11\/Guaitolini-Contabilidade-300x209.jpeg 300w, https:\/\/jornalfatosenoticias.com.br\/wp-content\/uploads\/2024\/11\/Guaitolini-Contabilidade-768x535.jpeg 768w, https:\/\/jornalfatosenoticias.com.br\/wp-content\/uploads\/2024\/11\/Guaitolini-Contabilidade.jpeg 1280w\" sizes=\"auto, (max-width: 337px) 100vw, 337px\" \/><\/a><\/figure><\/div>\n\n\n\n<p>&#8216;A Amendoeira&#8217; \u00e9 mais do que um romance, \u00e9\u00a0<mark>um testemunho pessoal<\/mark>\u00a0e um chamado \u00e0 reflex\u00e3o sobre um dos conflitos mais complexos e duradouros do mundo contempor\u00e2neo. Ao compartilhar sua hist\u00f3ria,\u00a0<strong>Michelle<\/strong>\u00a0convida os leitores a\u00a0<mark>questionar seus pr\u00f3prios preconceitos<\/mark> e a buscar uma compreens\u00e3o mais profunda das ra\u00edzes do conflito Israel-Palestina.<\/p>\n\n\n\n<div class=\"wp-block-image\"><figure class=\"aligncenter size-large is-resized\"><a href=\"https:\/\/www.instagram.com\/vmais.midias\/\"><img loading=\"lazy\" decoding=\"async\" src=\"https:\/\/jornalfatosenoticias.com.br\/wp-content\/uploads\/2020\/02\/DE-MAIS-DESTAQUE-VMAIS-800X700.png\" alt=\"\" class=\"wp-image-53112\" width=\"337\" height=\"294\" srcset=\"https:\/\/jornalfatosenoticias.com.br\/wp-content\/uploads\/2020\/02\/DE-MAIS-DESTAQUE-VMAIS-800X700.png 800w, https:\/\/jornalfatosenoticias.com.br\/wp-content\/uploads\/2020\/02\/DE-MAIS-DESTAQUE-VMAIS-800X700-300x263.png 300w, https:\/\/jornalfatosenoticias.com.br\/wp-content\/uploads\/2020\/02\/DE-MAIS-DESTAQUE-VMAIS-800X700-768x672.png 768w\" sizes=\"auto, (max-width: 337px) 100vw, 337px\" \/><\/a><\/figure><\/div>\n\n\n\n<p><strong><em>Fonte: <a href=\"https:\/\/aventurasnahistoria.com.br\/noticias\/reportagem\/a-amendoeira-conflito-entre-israel-e-palestina-inspira-livro-visceral.phtml\">Aventuras na Hist\u00f3ria<\/a><\/em><\/strong><\/p>\n","protected":false},"excerpt":{"rendered":"<p>A autora Michelle Cohen Corasanti revela como a experi\u00eancia de vida e a pesquisa moldaram a narrativa de seu livro, &#8216;A Amendoeira&#8217; Por Gabriel Marin de Oliveira A escritora Michelle Cohen Corasanti\u00a0nos convida a uma\u00a0jornada pessoal e intelectual por tr\u00e1s da cria\u00e7\u00e3o de seu livro &#8216;A Amendoeira&#8217;. Em uma entrevista exclusiva ao Aventuras na Hist\u00f3ria, [&hellip;]<\/p>\n","protected":false},"author":2,"featured_media":56483,"comment_status":"open","ping_status":"open","sticky":false,"template":"","format":"standard","meta":{"footnotes":""},"categories":[4],"tags":[],"class_list":["post-56481","post","type-post","status-publish","format-standard","has-post-thumbnail","hentry","category-cultura"],"yoast_head":"<!-- This site is optimized with the Yoast SEO plugin v26.5 - https:\/\/yoast.com\/wordpress\/plugins\/seo\/ -->\n<title>&#039;A Amendoeira&#039;: conflito entre Israel e Palestina inspira livro visceral - Jornal Fatos e Not\u00edcias<\/title>\n<meta name=\"robots\" content=\"index, follow, max-snippet:-1, max-image-preview:large, max-video-preview:-1\" \/>\n<link rel=\"canonical\" href=\"https:\/\/jornalfatosenoticias.com.br\/index.php\/2024\/12\/18\/a-amendoeira-conflito-entre-israel-e-palestina-inspira-livro-visceral\/\" \/>\n<meta property=\"og:locale\" content=\"pt_BR\" \/>\n<meta property=\"og:type\" content=\"article\" \/>\n<meta property=\"og:title\" content=\"&#039;A Amendoeira&#039;: conflito entre Israel e Palestina inspira livro visceral - Jornal Fatos e Not\u00edcias\" \/>\n<meta property=\"og:description\" content=\"A autora Michelle Cohen Corasanti revela como a experi\u00eancia de vida e a pesquisa moldaram a narrativa de seu livro, &#8216;A Amendoeira&#8217; Por Gabriel Marin de Oliveira A escritora Michelle Cohen Corasanti\u00a0nos convida a uma\u00a0jornada pessoal e intelectual por tr\u00e1s da cria\u00e7\u00e3o de seu livro &#8216;A Amendoeira&#8217;. Em uma entrevista exclusiva ao Aventuras na Hist\u00f3ria, [&hellip;]\" \/>\n<meta property=\"og:url\" content=\"https:\/\/jornalfatosenoticias.com.br\/index.php\/2024\/12\/18\/a-amendoeira-conflito-entre-israel-e-palestina-inspira-livro-visceral\/\" \/>\n<meta property=\"og:site_name\" content=\"Jornal Fatos e Not\u00edcias\" \/>\n<meta property=\"article:published_time\" content=\"2024-12-18T13:34:43+00:00\" \/>\n<meta property=\"article:modified_time\" content=\"2024-12-18T13:34:44+00:00\" \/>\n<meta property=\"og:image\" content=\"https:\/\/jornalfatosenoticias.com.br\/wp-content\/uploads\/2024\/12\/A-amendoeira.jpg\" \/>\n\t<meta property=\"og:image:width\" content=\"800\" \/>\n\t<meta property=\"og:image:height\" content=\"450\" \/>\n\t<meta property=\"og:image:type\" content=\"image\/jpeg\" \/>\n<meta name=\"author\" content=\"Luzimara Fernandes\" \/>\n<meta name=\"twitter:card\" content=\"summary_large_image\" \/>\n<meta name=\"twitter:label1\" content=\"Escrito por\" \/>\n\t<meta name=\"twitter:data1\" content=\"Luzimara Fernandes\" \/>\n\t<meta name=\"twitter:label2\" content=\"Est. tempo de leitura\" \/>\n\t<meta name=\"twitter:data2\" content=\"4 minutos\" \/>\n<script type=\"application\/ld+json\" class=\"yoast-schema-graph\">{\"@context\":\"https:\/\/schema.org\",\"@graph\":[{\"@type\":\"Article\",\"@id\":\"https:\/\/jornalfatosenoticias.com.br\/index.php\/2024\/12\/18\/a-amendoeira-conflito-entre-israel-e-palestina-inspira-livro-visceral\/#article\",\"isPartOf\":{\"@id\":\"https:\/\/jornalfatosenoticias.com.br\/index.php\/2024\/12\/18\/a-amendoeira-conflito-entre-israel-e-palestina-inspira-livro-visceral\/\"},\"author\":{\"name\":\"Luzimara Fernandes\",\"@id\":\"https:\/\/jornalfatosenoticias.com.br\/#\/schema\/person\/d63837fa13ac8666eb9e74e0985d6f81\"},\"headline\":\"&#8216;A Amendoeira&#8217;: conflito entre Israel e Palestina inspira livro visceral\",\"datePublished\":\"2024-12-18T13:34:43+00:00\",\"dateModified\":\"2024-12-18T13:34:44+00:00\",\"mainEntityOfPage\":{\"@id\":\"https:\/\/jornalfatosenoticias.com.br\/index.php\/2024\/12\/18\/a-amendoeira-conflito-entre-israel-e-palestina-inspira-livro-visceral\/\"},\"wordCount\":778,\"commentCount\":0,\"publisher\":{\"@id\":\"https:\/\/jornalfatosenoticias.com.br\/#organization\"},\"image\":{\"@id\":\"https:\/\/jornalfatosenoticias.com.br\/index.php\/2024\/12\/18\/a-amendoeira-conflito-entre-israel-e-palestina-inspira-livro-visceral\/#primaryimage\"},\"thumbnailUrl\":\"https:\/\/jornalfatosenoticias.com.br\/wp-content\/uploads\/2024\/12\/A-amendoeira.jpg\",\"articleSection\":[\"Cultura\"],\"inLanguage\":\"pt-BR\",\"potentialAction\":[{\"@type\":\"CommentAction\",\"name\":\"Comment\",\"target\":[\"https:\/\/jornalfatosenoticias.com.br\/index.php\/2024\/12\/18\/a-amendoeira-conflito-entre-israel-e-palestina-inspira-livro-visceral\/#respond\"]}]},{\"@type\":\"WebPage\",\"@id\":\"https:\/\/jornalfatosenoticias.com.br\/index.php\/2024\/12\/18\/a-amendoeira-conflito-entre-israel-e-palestina-inspira-livro-visceral\/\",\"url\":\"https:\/\/jornalfatosenoticias.com.br\/index.php\/2024\/12\/18\/a-amendoeira-conflito-entre-israel-e-palestina-inspira-livro-visceral\/\",\"name\":\"'A Amendoeira': conflito entre Israel e Palestina inspira livro visceral - Jornal Fatos e Not\u00edcias\",\"isPartOf\":{\"@id\":\"https:\/\/jornalfatosenoticias.com.br\/#website\"},\"primaryImageOfPage\":{\"@id\":\"https:\/\/jornalfatosenoticias.com.br\/index.php\/2024\/12\/18\/a-amendoeira-conflito-entre-israel-e-palestina-inspira-livro-visceral\/#primaryimage\"},\"image\":{\"@id\":\"https:\/\/jornalfatosenoticias.com.br\/index.php\/2024\/12\/18\/a-amendoeira-conflito-entre-israel-e-palestina-inspira-livro-visceral\/#primaryimage\"},\"thumbnailUrl\":\"https:\/\/jornalfatosenoticias.com.br\/wp-content\/uploads\/2024\/12\/A-amendoeira.jpg\",\"datePublished\":\"2024-12-18T13:34:43+00:00\",\"dateModified\":\"2024-12-18T13:34:44+00:00\",\"breadcrumb\":{\"@id\":\"https:\/\/jornalfatosenoticias.com.br\/index.php\/2024\/12\/18\/a-amendoeira-conflito-entre-israel-e-palestina-inspira-livro-visceral\/#breadcrumb\"},\"inLanguage\":\"pt-BR\",\"potentialAction\":[{\"@type\":\"ReadAction\",\"target\":[\"https:\/\/jornalfatosenoticias.com.br\/index.php\/2024\/12\/18\/a-amendoeira-conflito-entre-israel-e-palestina-inspira-livro-visceral\/\"]}]},{\"@type\":\"ImageObject\",\"inLanguage\":\"pt-BR\",\"@id\":\"https:\/\/jornalfatosenoticias.com.br\/index.php\/2024\/12\/18\/a-amendoeira-conflito-entre-israel-e-palestina-inspira-livro-visceral\/#primaryimage\",\"url\":\"https:\/\/jornalfatosenoticias.com.br\/wp-content\/uploads\/2024\/12\/A-amendoeira.jpg\",\"contentUrl\":\"https:\/\/jornalfatosenoticias.com.br\/wp-content\/uploads\/2024\/12\/A-amendoeira.jpg\",\"width\":800,\"height\":450},{\"@type\":\"BreadcrumbList\",\"@id\":\"https:\/\/jornalfatosenoticias.com.br\/index.php\/2024\/12\/18\/a-amendoeira-conflito-entre-israel-e-palestina-inspira-livro-visceral\/#breadcrumb\",\"itemListElement\":[{\"@type\":\"ListItem\",\"position\":1,\"name\":\"In\u00edcio\",\"item\":\"https:\/\/jornalfatosenoticias.com.br\/\"},{\"@type\":\"ListItem\",\"position\":2,\"name\":\"&#8216;A Amendoeira&#8217;: conflito entre Israel e Palestina inspira livro visceral\"}]},{\"@type\":\"WebSite\",\"@id\":\"https:\/\/jornalfatosenoticias.com.br\/#website\",\"url\":\"https:\/\/jornalfatosenoticias.com.br\/\",\"name\":\"Jornal Fatos e Not\u00edcias\",\"description\":\"Not\u00edcias em geral\",\"publisher\":{\"@id\":\"https:\/\/jornalfatosenoticias.com.br\/#organization\"},\"potentialAction\":[{\"@type\":\"SearchAction\",\"target\":{\"@type\":\"EntryPoint\",\"urlTemplate\":\"https:\/\/jornalfatosenoticias.com.br\/?s={search_term_string}\"},\"query-input\":{\"@type\":\"PropertyValueSpecification\",\"valueRequired\":true,\"valueName\":\"search_term_string\"}}],\"inLanguage\":\"pt-BR\"},{\"@type\":\"Organization\",\"@id\":\"https:\/\/jornalfatosenoticias.com.br\/#organization\",\"name\":\"Jornal Fatos e Not\u00edcias\",\"url\":\"https:\/\/jornalfatosenoticias.com.br\/\",\"logo\":{\"@type\":\"ImageObject\",\"inLanguage\":\"pt-BR\",\"@id\":\"https:\/\/jornalfatosenoticias.com.br\/#\/schema\/logo\/image\/\",\"url\":\"https:\/\/jornalfatosenoticias.com.br\/wp-content\/uploads\/2020\/02\/logo120.png\",\"contentUrl\":\"https:\/\/jornalfatosenoticias.com.br\/wp-content\/uploads\/2020\/02\/logo120.png\",\"width\":1227,\"height\":120,\"caption\":\"Jornal Fatos e Not\u00edcias\"},\"image\":{\"@id\":\"https:\/\/jornalfatosenoticias.com.br\/#\/schema\/logo\/image\/\"}},{\"@type\":\"Person\",\"@id\":\"https:\/\/jornalfatosenoticias.com.br\/#\/schema\/person\/d63837fa13ac8666eb9e74e0985d6f81\",\"name\":\"Luzimara Fernandes\",\"image\":{\"@type\":\"ImageObject\",\"inLanguage\":\"pt-BR\",\"@id\":\"https:\/\/jornalfatosenoticias.com.br\/#\/schema\/person\/image\/\",\"url\":\"https:\/\/jornalfatosenoticias.com.br\/wp-content\/uploads\/2025\/05\/EU_portal.jpg\",\"contentUrl\":\"https:\/\/jornalfatosenoticias.com.br\/wp-content\/uploads\/2025\/05\/EU_portal.jpg\",\"caption\":\"Luzimara Fernandes\"},\"description\":\"Jornalista MTB 2358-ES\",\"sameAs\":[\"https:\/\/jornalfatosenoticias.com.br\"],\"url\":\"https:\/\/jornalfatosenoticias.com.br\/index.php\/author\/luzimara\/\"}]}<\/script>\n<!-- \/ Yoast SEO plugin. -->","yoast_head_json":{"title":"'A Amendoeira': conflito entre Israel e Palestina inspira livro visceral - Jornal Fatos e Not\u00edcias","robots":{"index":"index","follow":"follow","max-snippet":"max-snippet:-1","max-image-preview":"max-image-preview:large","max-video-preview":"max-video-preview:-1"},"canonical":"https:\/\/jornalfatosenoticias.com.br\/index.php\/2024\/12\/18\/a-amendoeira-conflito-entre-israel-e-palestina-inspira-livro-visceral\/","og_locale":"pt_BR","og_type":"article","og_title":"'A Amendoeira': conflito entre Israel e Palestina inspira livro visceral - Jornal Fatos e Not\u00edcias","og_description":"A autora Michelle Cohen Corasanti revela como a experi\u00eancia de vida e a pesquisa moldaram a narrativa de seu livro, &#8216;A Amendoeira&#8217; Por Gabriel Marin de Oliveira A escritora Michelle Cohen Corasanti\u00a0nos convida a uma\u00a0jornada pessoal e intelectual por tr\u00e1s da cria\u00e7\u00e3o de seu livro &#8216;A Amendoeira&#8217;. Em uma entrevista exclusiva ao Aventuras na Hist\u00f3ria, [&hellip;]","og_url":"https:\/\/jornalfatosenoticias.com.br\/index.php\/2024\/12\/18\/a-amendoeira-conflito-entre-israel-e-palestina-inspira-livro-visceral\/","og_site_name":"Jornal Fatos e Not\u00edcias","article_published_time":"2024-12-18T13:34:43+00:00","article_modified_time":"2024-12-18T13:34:44+00:00","og_image":[{"width":800,"height":450,"url":"https:\/\/jornalfatosenoticias.com.br\/wp-content\/uploads\/2024\/12\/A-amendoeira.jpg","type":"image\/jpeg"}],"author":"Luzimara Fernandes","twitter_card":"summary_large_image","twitter_misc":{"Escrito por":"Luzimara Fernandes","Est. tempo de leitura":"4 minutos"},"schema":{"@context":"https:\/\/schema.org","@graph":[{"@type":"Article","@id":"https:\/\/jornalfatosenoticias.com.br\/index.php\/2024\/12\/18\/a-amendoeira-conflito-entre-israel-e-palestina-inspira-livro-visceral\/#article","isPartOf":{"@id":"https:\/\/jornalfatosenoticias.com.br\/index.php\/2024\/12\/18\/a-amendoeira-conflito-entre-israel-e-palestina-inspira-livro-visceral\/"},"author":{"name":"Luzimara Fernandes","@id":"https:\/\/jornalfatosenoticias.com.br\/#\/schema\/person\/d63837fa13ac8666eb9e74e0985d6f81"},"headline":"&#8216;A Amendoeira&#8217;: conflito entre Israel e Palestina inspira livro visceral","datePublished":"2024-12-18T13:34:43+00:00","dateModified":"2024-12-18T13:34:44+00:00","mainEntityOfPage":{"@id":"https:\/\/jornalfatosenoticias.com.br\/index.php\/2024\/12\/18\/a-amendoeira-conflito-entre-israel-e-palestina-inspira-livro-visceral\/"},"wordCount":778,"commentCount":0,"publisher":{"@id":"https:\/\/jornalfatosenoticias.com.br\/#organization"},"image":{"@id":"https:\/\/jornalfatosenoticias.com.br\/index.php\/2024\/12\/18\/a-amendoeira-conflito-entre-israel-e-palestina-inspira-livro-visceral\/#primaryimage"},"thumbnailUrl":"https:\/\/jornalfatosenoticias.com.br\/wp-content\/uploads\/2024\/12\/A-amendoeira.jpg","articleSection":["Cultura"],"inLanguage":"pt-BR","potentialAction":[{"@type":"CommentAction","name":"Comment","target":["https:\/\/jornalfatosenoticias.com.br\/index.php\/2024\/12\/18\/a-amendoeira-conflito-entre-israel-e-palestina-inspira-livro-visceral\/#respond"]}]},{"@type":"WebPage","@id":"https:\/\/jornalfatosenoticias.com.br\/index.php\/2024\/12\/18\/a-amendoeira-conflito-entre-israel-e-palestina-inspira-livro-visceral\/","url":"https:\/\/jornalfatosenoticias.com.br\/index.php\/2024\/12\/18\/a-amendoeira-conflito-entre-israel-e-palestina-inspira-livro-visceral\/","name":"'A Amendoeira': conflito entre Israel e Palestina inspira livro visceral - Jornal Fatos e Not\u00edcias","isPartOf":{"@id":"https:\/\/jornalfatosenoticias.com.br\/#website"},"primaryImageOfPage":{"@id":"https:\/\/jornalfatosenoticias.com.br\/index.php\/2024\/12\/18\/a-amendoeira-conflito-entre-israel-e-palestina-inspira-livro-visceral\/#primaryimage"},"image":{"@id":"https:\/\/jornalfatosenoticias.com.br\/index.php\/2024\/12\/18\/a-amendoeira-conflito-entre-israel-e-palestina-inspira-livro-visceral\/#primaryimage"},"thumbnailUrl":"https:\/\/jornalfatosenoticias.com.br\/wp-content\/uploads\/2024\/12\/A-amendoeira.jpg","datePublished":"2024-12-18T13:34:43+00:00","dateModified":"2024-12-18T13:34:44+00:00","breadcrumb":{"@id":"https:\/\/jornalfatosenoticias.com.br\/index.php\/2024\/12\/18\/a-amendoeira-conflito-entre-israel-e-palestina-inspira-livro-visceral\/#breadcrumb"},"inLanguage":"pt-BR","potentialAction":[{"@type":"ReadAction","target":["https:\/\/jornalfatosenoticias.com.br\/index.php\/2024\/12\/18\/a-amendoeira-conflito-entre-israel-e-palestina-inspira-livro-visceral\/"]}]},{"@type":"ImageObject","inLanguage":"pt-BR","@id":"https:\/\/jornalfatosenoticias.com.br\/index.php\/2024\/12\/18\/a-amendoeira-conflito-entre-israel-e-palestina-inspira-livro-visceral\/#primaryimage","url":"https:\/\/jornalfatosenoticias.com.br\/wp-content\/uploads\/2024\/12\/A-amendoeira.jpg","contentUrl":"https:\/\/jornalfatosenoticias.com.br\/wp-content\/uploads\/2024\/12\/A-amendoeira.jpg","width":800,"height":450},{"@type":"BreadcrumbList","@id":"https:\/\/jornalfatosenoticias.com.br\/index.php\/2024\/12\/18\/a-amendoeira-conflito-entre-israel-e-palestina-inspira-livro-visceral\/#breadcrumb","itemListElement":[{"@type":"ListItem","position":1,"name":"In\u00edcio","item":"https:\/\/jornalfatosenoticias.com.br\/"},{"@type":"ListItem","position":2,"name":"&#8216;A Amendoeira&#8217;: conflito entre Israel e Palestina inspira livro visceral"}]},{"@type":"WebSite","@id":"https:\/\/jornalfatosenoticias.com.br\/#website","url":"https:\/\/jornalfatosenoticias.com.br\/","name":"Jornal Fatos e Not\u00edcias","description":"Not\u00edcias em geral","publisher":{"@id":"https:\/\/jornalfatosenoticias.com.br\/#organization"},"potentialAction":[{"@type":"SearchAction","target":{"@type":"EntryPoint","urlTemplate":"https:\/\/jornalfatosenoticias.com.br\/?s={search_term_string}"},"query-input":{"@type":"PropertyValueSpecification","valueRequired":true,"valueName":"search_term_string"}}],"inLanguage":"pt-BR"},{"@type":"Organization","@id":"https:\/\/jornalfatosenoticias.com.br\/#organization","name":"Jornal Fatos e Not\u00edcias","url":"https:\/\/jornalfatosenoticias.com.br\/","logo":{"@type":"ImageObject","inLanguage":"pt-BR","@id":"https:\/\/jornalfatosenoticias.com.br\/#\/schema\/logo\/image\/","url":"https:\/\/jornalfatosenoticias.com.br\/wp-content\/uploads\/2020\/02\/logo120.png","contentUrl":"https:\/\/jornalfatosenoticias.com.br\/wp-content\/uploads\/2020\/02\/logo120.png","width":1227,"height":120,"caption":"Jornal Fatos e Not\u00edcias"},"image":{"@id":"https:\/\/jornalfatosenoticias.com.br\/#\/schema\/logo\/image\/"}},{"@type":"Person","@id":"https:\/\/jornalfatosenoticias.com.br\/#\/schema\/person\/d63837fa13ac8666eb9e74e0985d6f81","name":"Luzimara Fernandes","image":{"@type":"ImageObject","inLanguage":"pt-BR","@id":"https:\/\/jornalfatosenoticias.com.br\/#\/schema\/person\/image\/","url":"https:\/\/jornalfatosenoticias.com.br\/wp-content\/uploads\/2025\/05\/EU_portal.jpg","contentUrl":"https:\/\/jornalfatosenoticias.com.br\/wp-content\/uploads\/2025\/05\/EU_portal.jpg","caption":"Luzimara Fernandes"},"description":"Jornalista MTB 2358-ES","sameAs":["https:\/\/jornalfatosenoticias.com.br"],"url":"https:\/\/jornalfatosenoticias.com.br\/index.php\/author\/luzimara\/"}]}},"cc_featured_image_caption":{"caption_text":"(Foto: Getty Images\/Divulga\u00e7\u00e3o) ","source_text":"","source_url":""},"jetpack_featured_media_url":"https:\/\/jornalfatosenoticias.com.br\/wp-content\/uploads\/2024\/12\/A-amendoeira.jpg","_links":{"self":[{"href":"https:\/\/jornalfatosenoticias.com.br\/index.php\/wp-json\/wp\/v2\/posts\/56481","targetHints":{"allow":["GET"]}}],"collection":[{"href":"https:\/\/jornalfatosenoticias.com.br\/index.php\/wp-json\/wp\/v2\/posts"}],"about":[{"href":"https:\/\/jornalfatosenoticias.com.br\/index.php\/wp-json\/wp\/v2\/types\/post"}],"author":[{"embeddable":true,"href":"https:\/\/jornalfatosenoticias.com.br\/index.php\/wp-json\/wp\/v2\/users\/2"}],"replies":[{"embeddable":true,"href":"https:\/\/jornalfatosenoticias.com.br\/index.php\/wp-json\/wp\/v2\/comments?post=56481"}],"version-history":[{"count":0,"href":"https:\/\/jornalfatosenoticias.com.br\/index.php\/wp-json\/wp\/v2\/posts\/56481\/revisions"}],"wp:featuredmedia":[{"embeddable":true,"href":"https:\/\/jornalfatosenoticias.com.br\/index.php\/wp-json\/wp\/v2\/media\/56483"}],"wp:attachment":[{"href":"https:\/\/jornalfatosenoticias.com.br\/index.php\/wp-json\/wp\/v2\/media?parent=56481"}],"wp:term":[{"taxonomy":"category","embeddable":true,"href":"https:\/\/jornalfatosenoticias.com.br\/index.php\/wp-json\/wp\/v2\/categories?post=56481"},{"taxonomy":"post_tag","embeddable":true,"href":"https:\/\/jornalfatosenoticias.com.br\/index.php\/wp-json\/wp\/v2\/tags?post=56481"}],"curies":[{"name":"wp","href":"https:\/\/api.w.org\/{rel}","templated":true}]}}