{"id":56488,"date":"2024-12-18T11:00:00","date_gmt":"2024-12-18T14:00:00","guid":{"rendered":"https:\/\/jornalfatosenoticias.com.br\/?p=56488"},"modified":"2024-12-18T11:00:01","modified_gmt":"2024-12-18T14:00:01","slug":"tesouro-leiloara-titulos-publicos-de-quarta-a-sexta-para-tentar-acalmar-mercado","status":"publish","type":"post","link":"https:\/\/jornalfatosenoticias.com.br\/index.php\/2024\/12\/18\/tesouro-leiloara-titulos-publicos-de-quarta-a-sexta-para-tentar-acalmar-mercado\/","title":{"rendered":"Tesouro leiloar\u00e1 t\u00edtulos p\u00fablicos de quarta a sexta para tentar acalmar mercado"},"content":{"rendered":"\n<p><span class=\"has-inline-color has-black-color\"><em>Leil\u00f5es dos t\u00edtulos Prefixados e IPCA+ ocorrer\u00e3o em tr\u00eas dias em vez de apenas um ap\u00f3s atingirem taxas recordes de rendimentos<\/em><\/span><\/p>\n\n\n\n<p><span class=\"has-inline-color has-black-color\">Por <strong><a href=\"https:\/\/www.gazetadopovo.com.br\/autor\/guilherme-grandi\/\">Guilherme Grandi<\/a><\/strong><\/span><\/p>\n\n\n\n<div class=\"wp-block-image\"><figure class=\"aligncenter size-large\"><a href=\"https:\/\/mizu.com.br\/\"><img loading=\"lazy\" decoding=\"async\" width=\"729\" height=\"90\" src=\"https:\/\/jornalfatosenoticias.com.br\/wp-content\/uploads\/2020\/02\/Logo_Mizu.png\" alt=\"\" class=\"wp-image-1441\" srcset=\"https:\/\/jornalfatosenoticias.com.br\/wp-content\/uploads\/2020\/02\/Logo_Mizu.png 729w, https:\/\/jornalfatosenoticias.com.br\/wp-content\/uploads\/2020\/02\/Logo_Mizu-300x37.png 300w\" sizes=\"auto, (max-width: 729px) 100vw, 729px\" \/><\/a><\/figure><\/div>\n\n\n\n<p>O Tesouro Nacional anunciou que leiloar\u00e1 t\u00edtulos p\u00fablicos a partir desta quarta (18) at\u00e9 sexta (20) para tentar acalmar o mercado financeiro em meio \u00e0 volatilidade que tem feito os rendimentos dispararem nesta semana. Com isso, a negocia\u00e7\u00e3o \u00fanica que tradicionalmente ocorreria na quinta (19) foi cancelada.<br>A decis\u00e3o do Tesouro foi comunicada na ter\u00e7a (17) ap\u00f3s um dia marcado por quatro \u201ccircuit breakers\u201d na plataforma de negocia\u00e7\u00e3o, com interrup\u00e7\u00f5es provocadas pelas oscila\u00e7\u00f5es extremas nas taxas dos t\u00edtulos Prefixados e IPCA+. Esses pap\u00e9is atingiram n\u00edveis recordes, com retornos de 15,33% e 7,58% ao ano nos vencimentos mais curtos, respectivamente.<\/p>\n\n\n\n<div class=\"wp-block-image\"><figure class=\"aligncenter size-large is-resized\"><a href=\"https:\/\/www.facebook.com\/profile.php?id=100069289606145\"><img loading=\"lazy\" decoding=\"async\" src=\"https:\/\/jornalfatosenoticias.com.br\/wp-content\/uploads\/2024\/11\/Guaitolini-Contabilidade-1024x714.jpeg\" alt=\"\" class=\"wp-image-55808\" width=\"330\" height=\"230\" srcset=\"https:\/\/jornalfatosenoticias.com.br\/wp-content\/uploads\/2024\/11\/Guaitolini-Contabilidade-1024x714.jpeg 1024w, https:\/\/jornalfatosenoticias.com.br\/wp-content\/uploads\/2024\/11\/Guaitolini-Contabilidade-300x209.jpeg 300w, https:\/\/jornalfatosenoticias.com.br\/wp-content\/uploads\/2024\/11\/Guaitolini-Contabilidade-768x535.jpeg 768w, https:\/\/jornalfatosenoticias.com.br\/wp-content\/uploads\/2024\/11\/Guaitolini-Contabilidade.jpeg 1280w\" sizes=\"auto, (max-width: 330px) 100vw, 330px\" \/><\/a><\/figure><\/div>\n\n\n\n<p>Em nota, o \u00f3rg\u00e3o explicou que a medida visa \u201coferecer suporte ao mercado de t\u00edtulos p\u00fablicos, assegurando seu bom funcionamento e o de mercados correlatos\u201d. Este cancelamento do leil\u00e3o de quinta (19) \u00e9 o primeiro desde maio de 2020, quando a pandemia da covid-19 provocou interven\u00e7\u00f5es semelhantes. Antes disso, procedimentos semelhantes ocorreram durante a greve dos caminhoneiros em 2018 e na crise pol\u00edtica envolvendo o ent\u00e3o presidente Michel Temer (MDB) e o empres\u00e1rio Joesley Batista.<\/p>\n\n\n\n<div class=\"wp-block-image\"><figure class=\"aligncenter size-large\"><a href=\"http:\/\/www.ferrarimaquinas.com.br\/\"><img loading=\"lazy\" decoding=\"async\" width=\"300\" height=\"250\" src=\"https:\/\/jornalfatosenoticias.com.br\/wp-content\/uploads\/2022\/02\/FERRARI_MAQUINAS-E-FERRAMENTAS2.jpg\" alt=\"\" class=\"wp-image-27860\"\/><\/a><\/figure><\/div>\n\n\n\n<p>O movimento no mercado de t\u00edtulos reflete a preocupa\u00e7\u00e3o crescente com o cen\u00e1rio fiscal do Brasil. A incerteza em torno do pacote de cortes de gastos enviado ao Congresso pelo governo tem elevado a percep\u00e7\u00e3o de risco entre os investidores. Simultaneamente, o Banco Central intensificou a atua\u00e7\u00e3o no mercado de c\u00e2mbio para conter a disparada do d\u00f3lar, que alcan\u00e7ou a marca hist\u00f3rica de R$ 6,20 ao longo da ter\u00e7a (17). Nesse dia, a autoridade monet\u00e1ria realizou dois leil\u00f5es de venda de d\u00f3lares \u00e0 vista, injetando US$ 1,272 bilh\u00e3o na primeira opera\u00e7\u00e3o e US$ 2,015 bilh\u00f5es na segunda.<\/p>\n\n\n\n<div class=\"wp-block-image\"><figure class=\"aligncenter size-large is-resized\"><a href=\"https:\/\/www.controlsystems.com.br\/\"><img loading=\"lazy\" decoding=\"async\" src=\"https:\/\/jornalfatosenoticias.com.br\/wp-content\/uploads\/2020\/02\/CONTROL-CS.jpg\" alt=\"\" class=\"wp-image-44991\" width=\"317\" height=\"379\" srcset=\"https:\/\/jornalfatosenoticias.com.br\/wp-content\/uploads\/2020\/02\/CONTROL-CS.jpg 834w, https:\/\/jornalfatosenoticias.com.br\/wp-content\/uploads\/2020\/02\/CONTROL-CS-250x300.jpg 250w, https:\/\/jornalfatosenoticias.com.br\/wp-content\/uploads\/2020\/02\/CONTROL-CS-768x921.jpg 768w\" sizes=\"auto, (max-width: 317px) 100vw, 317px\" \/><\/a><\/figure><\/div>\n\n\n\n<p>Esta foi a quarta sess\u00e3o consecutiva de leil\u00f5es de d\u00f3lares pelo BC. Na segunda (16), foram ofertados US$ 4,62 bilh\u00f5es ao mercado. Apesar das interven\u00e7\u00f5es, o d\u00f3lar fechou a ter\u00e7a (17) com um novo recorde, cotado a R$ 6,0961, uma alta de 0,04%.<\/p>\n\n\n\n<div class=\"wp-block-image\"><figure class=\"aligncenter size-large is-resized\"><a href=\"https:\/\/www.instagram.com\/restaurantepegoretti\/\"><img loading=\"lazy\" decoding=\"async\" src=\"https:\/\/jornalfatosenoticias.com.br\/wp-content\/uploads\/2023\/12\/pegoretti-logo-pdf-1024x389.jpg\" alt=\"\" class=\"wp-image-47536\" width=\"453\" height=\"172\" srcset=\"https:\/\/jornalfatosenoticias.com.br\/wp-content\/uploads\/2023\/12\/pegoretti-logo-pdf-1024x389.jpg 1024w, https:\/\/jornalfatosenoticias.com.br\/wp-content\/uploads\/2023\/12\/pegoretti-logo-pdf-300x114.jpg 300w, https:\/\/jornalfatosenoticias.com.br\/wp-content\/uploads\/2023\/12\/pegoretti-logo-pdf-768x291.jpg 768w, https:\/\/jornalfatosenoticias.com.br\/wp-content\/uploads\/2023\/12\/pegoretti-logo-pdf.jpg 1120w\" sizes=\"auto, (max-width: 453px) 100vw, 453px\" \/><\/a><\/figure><\/div>\n\n\n\n<p>Ainda na ter\u00e7a (17), a C\u00e2mara dos Deputados come\u00e7ou a analisar o pacote de corte de gastos do governo e aprovou o texto-base da proposta que limita a concess\u00e3o de cr\u00e9ditos tribut\u00e1rios em caso de d\u00e9ficit nas contas p\u00fablicas. Ainda h\u00e1 tr\u00eas destaques que ser\u00e3o analisados nesta quarta (18).<\/p>\n\n\n\n<div class=\"wp-block-image\"><figure class=\"aligncenter size-large\"><a href=\"https:\/\/cesconetto.com.br\/\"><img loading=\"lazy\" decoding=\"async\" width=\"300\" height=\"250\" src=\"https:\/\/jornalfatosenoticias.com.br\/wp-content\/uploads\/2020\/02\/Banner-2.png\" alt=\"\" class=\"wp-image-43787\"\/><\/a><\/figure><\/div>\n\n\n\n<p>O projeto de lei complementar (PLP) 210\/2024 permite o bloqueio de emendas na mesma propor\u00e7\u00e3o das demais despesas discricion\u00e1rias, limitado a 15% das dota\u00e7\u00f5es. Al\u00e9m disso, limita o crescimento anual real do montante de despesas com pessoal e encargos de cada um dos Poderes e \u00f3rg\u00e3os aut\u00f4nomos acima de 0,6%, caso o governo registre d\u00e9ficit a partir de 2025.<\/p>\n\n\n\n<div class=\"wp-block-image\"><figure class=\"aligncenter size-large is-resized\"><a href=\"https:\/\/hotelmarquetti.com.br\/\"><img loading=\"lazy\" decoding=\"async\" src=\"https:\/\/jornalfatosenoticias.com.br\/wp-content\/uploads\/2023\/03\/nova-logo-Marquetti.jpg\" alt=\"\" class=\"wp-image-40207\" width=\"311\" height=\"209\" srcset=\"https:\/\/jornalfatosenoticias.com.br\/wp-content\/uploads\/2023\/03\/nova-logo-Marquetti.jpg 643w, https:\/\/jornalfatosenoticias.com.br\/wp-content\/uploads\/2023\/03\/nova-logo-Marquetti-300x202.jpg 300w\" sizes=\"auto, (max-width: 311px) 100vw, 311px\" \/><\/a><\/figure><\/div>\n\n\n\n<p>Tamb\u00e9m nesta quarta (18) os deputados devem come\u00e7ar a analisar a outra proposta do pacote fiscal (PL 4.614\/2024) que ajusta o ritmo de aumento dos gastos obrigat\u00f3rios considerando o arcabou\u00e7o fiscal, que limita o crescimento real das despesas a 70% da varia\u00e7\u00e3o da receita, sempre entre 0,6% e 2,5%.<\/p>\n\n\n\n<div class=\"wp-block-image\"><figure class=\"aligncenter size-large is-resized\"><a href=\"https:\/\/www.instagram.com\/vmais.midias\/\"><img loading=\"lazy\" decoding=\"async\" src=\"https:\/\/jornalfatosenoticias.com.br\/wp-content\/uploads\/2020\/02\/DE-MAIS-DESTAQUE-VMAIS-800X700.png\" alt=\"\" class=\"wp-image-53112\" width=\"322\" height=\"281\" srcset=\"https:\/\/jornalfatosenoticias.com.br\/wp-content\/uploads\/2020\/02\/DE-MAIS-DESTAQUE-VMAIS-800X700.png 800w, https:\/\/jornalfatosenoticias.com.br\/wp-content\/uploads\/2020\/02\/DE-MAIS-DESTAQUE-VMAIS-800X700-300x263.png 300w, https:\/\/jornalfatosenoticias.com.br\/wp-content\/uploads\/2020\/02\/DE-MAIS-DESTAQUE-VMAIS-800X700-768x672.png 768w\" sizes=\"auto, (max-width: 322px) 100vw, 322px\" \/><\/a><\/figure><\/div>\n\n\n\n<p>O projeto ainda restringe o aumento real do sal\u00e1rio m\u00ednimo at\u00e9 2030. Al\u00e9m disso, torna obrigat\u00f3rio o cadastro biom\u00e9trico para manuten\u00e7\u00e3o, renova\u00e7\u00e3o e concess\u00e3o de benef\u00edcios da seguridade social. O Executivo tamb\u00e9m protocolou uma proposta de emenda \u00e0 Constitui\u00e7\u00e3o (PEC) para alterar o teto de remunera\u00e7\u00e3o do servi\u00e7o p\u00fablico e limitar o acesso ao Benef\u00edcio de Presta\u00e7\u00e3o Continuada (BPC).<\/p>\n\n\n\n<div class=\"wp-block-image\"><figure class=\"aligncenter size-large is-resized\"><a href=\"https:\/\/www.ithbrasil.com.br\/\"><img loading=\"lazy\" decoding=\"async\" src=\"https:\/\/jornalfatosenoticias.com.br\/wp-content\/uploads\/2023\/08\/ITH.jpeg\" alt=\"\" class=\"wp-image-44638\" width=\"311\" height=\"253\" srcset=\"https:\/\/jornalfatosenoticias.com.br\/wp-content\/uploads\/2023\/08\/ITH.jpeg 800w, https:\/\/jornalfatosenoticias.com.br\/wp-content\/uploads\/2023\/08\/ITH-300x244.jpeg 300w, https:\/\/jornalfatosenoticias.com.br\/wp-content\/uploads\/2023\/08\/ITH-768x624.jpeg 768w\" sizes=\"auto, (max-width: 311px) 100vw, 311px\" \/><\/a><\/figure><\/div>\n\n\n\n<p>A PEC tamb\u00e9m prev\u00ea mudan\u00e7as nas regras para a concess\u00e3o do abono salarial, a complementa\u00e7\u00e3o ao Fundo de Manuten\u00e7\u00e3o e Desenvolvimento da Educa\u00e7\u00e3o B\u00e1sica (Fundeb), a altera\u00e7\u00e3o no Fundo Constitucional do DF e a prorroga\u00e7\u00e3o da Desvincula\u00e7\u00e3o de Receitas da Uni\u00e3o (DRU).<\/p>\n\n\n\n<p><strong><em>Fonte: <a href=\"https:\/\/www.gazetadopovo.com.br\/economia\/tesouro-leiloara-titulos-publicos-quartasexta-tentar-acalmar-mercado\/\">Gazeta do Povo<\/a><\/em><\/strong><\/p>\n","protected":false},"excerpt":{"rendered":"<p>Leil\u00f5es dos t\u00edtulos Prefixados e IPCA+ ocorrer\u00e3o em tr\u00eas dias em vez de apenas um ap\u00f3s atingirem taxas recordes de rendimentos Por Guilherme Grandi O Tesouro Nacional anunciou que leiloar\u00e1 t\u00edtulos p\u00fablicos a partir desta quarta (18) at\u00e9 sexta (20) para tentar acalmar o mercado financeiro em meio \u00e0 volatilidade que tem feito os rendimentos [&hellip;]<\/p>\n","protected":false},"author":2,"featured_media":56489,"comment_status":"open","ping_status":"open","sticky":false,"template":"","format":"standard","meta":{"footnotes":""},"categories":[9],"tags":[982,8163,3155,18155,18343,25780,8409,1168,3219,25781],"class_list":["post-56488","post","type-post","status-publish","format-standard","has-post-thumbnail","hentry","category-economia","tag-camara-dos-deputados","tag-contas-publicas","tag-crise-economica","tag-fernando-haddad","tag-governo-lula","tag-ipca-2","tag-leiloes","tag-mercado-financeiro","tag-tesouro-nacional","tag-titulos-publicos"],"yoast_head":"<!-- This site is optimized with the Yoast SEO plugin v26.5 - https:\/\/yoast.com\/wordpress\/plugins\/seo\/ -->\n<title>Tesouro leiloar\u00e1 t\u00edtulos p\u00fablicos de quarta a sexta para tentar acalmar mercado - Jornal Fatos e Not\u00edcias<\/title>\n<meta name=\"robots\" content=\"index, follow, max-snippet:-1, max-image-preview:large, max-video-preview:-1\" \/>\n<link rel=\"canonical\" href=\"https:\/\/jornalfatosenoticias.com.br\/index.php\/2024\/12\/18\/tesouro-leiloara-titulos-publicos-de-quarta-a-sexta-para-tentar-acalmar-mercado\/\" \/>\n<meta property=\"og:locale\" content=\"pt_BR\" \/>\n<meta property=\"og:type\" content=\"article\" \/>\n<meta property=\"og:title\" content=\"Tesouro leiloar\u00e1 t\u00edtulos p\u00fablicos de quarta a sexta para tentar acalmar mercado - Jornal Fatos e Not\u00edcias\" \/>\n<meta property=\"og:description\" content=\"Leil\u00f5es dos t\u00edtulos Prefixados e IPCA+ ocorrer\u00e3o em tr\u00eas dias em vez de apenas um ap\u00f3s atingirem taxas recordes de rendimentos Por Guilherme Grandi O Tesouro Nacional anunciou que leiloar\u00e1 t\u00edtulos p\u00fablicos a partir desta quarta (18) at\u00e9 sexta (20) para tentar acalmar o mercado financeiro em meio \u00e0 volatilidade que tem feito os rendimentos [&hellip;]\" \/>\n<meta property=\"og:url\" content=\"https:\/\/jornalfatosenoticias.com.br\/index.php\/2024\/12\/18\/tesouro-leiloara-titulos-publicos-de-quarta-a-sexta-para-tentar-acalmar-mercado\/\" \/>\n<meta property=\"og:site_name\" content=\"Jornal Fatos e Not\u00edcias\" \/>\n<meta property=\"article:published_time\" content=\"2024-12-18T14:00:00+00:00\" \/>\n<meta property=\"article:modified_time\" content=\"2024-12-18T14:00:01+00:00\" \/>\n<meta property=\"og:image\" content=\"https:\/\/jornalfatosenoticias.com.br\/wp-content\/uploads\/2024\/12\/DOLAR-HADDAD-LULA.jpg\" \/>\n\t<meta property=\"og:image:width\" content=\"1000\" \/>\n\t<meta property=\"og:image:height\" content=\"562\" \/>\n\t<meta property=\"og:image:type\" content=\"image\/jpeg\" \/>\n<meta name=\"author\" content=\"Luzimara Fernandes\" \/>\n<meta name=\"twitter:card\" content=\"summary_large_image\" \/>\n<meta name=\"twitter:label1\" content=\"Escrito por\" \/>\n\t<meta name=\"twitter:data1\" content=\"Luzimara Fernandes\" \/>\n\t<meta name=\"twitter:label2\" content=\"Est. tempo de leitura\" \/>\n\t<meta name=\"twitter:data2\" content=\"3 minutos\" \/>\n<script type=\"application\/ld+json\" class=\"yoast-schema-graph\">{\"@context\":\"https:\/\/schema.org\",\"@graph\":[{\"@type\":\"Article\",\"@id\":\"https:\/\/jornalfatosenoticias.com.br\/index.php\/2024\/12\/18\/tesouro-leiloara-titulos-publicos-de-quarta-a-sexta-para-tentar-acalmar-mercado\/#article\",\"isPartOf\":{\"@id\":\"https:\/\/jornalfatosenoticias.com.br\/index.php\/2024\/12\/18\/tesouro-leiloara-titulos-publicos-de-quarta-a-sexta-para-tentar-acalmar-mercado\/\"},\"author\":{\"name\":\"Luzimara Fernandes\",\"@id\":\"https:\/\/jornalfatosenoticias.com.br\/#\/schema\/person\/d63837fa13ac8666eb9e74e0985d6f81\"},\"headline\":\"Tesouro leiloar\u00e1 t\u00edtulos p\u00fablicos de quarta a sexta para tentar acalmar mercado\",\"datePublished\":\"2024-12-18T14:00:00+00:00\",\"dateModified\":\"2024-12-18T14:00:01+00:00\",\"mainEntityOfPage\":{\"@id\":\"https:\/\/jornalfatosenoticias.com.br\/index.php\/2024\/12\/18\/tesouro-leiloara-titulos-publicos-de-quarta-a-sexta-para-tentar-acalmar-mercado\/\"},\"wordCount\":677,\"commentCount\":0,\"publisher\":{\"@id\":\"https:\/\/jornalfatosenoticias.com.br\/#organization\"},\"image\":{\"@id\":\"https:\/\/jornalfatosenoticias.com.br\/index.php\/2024\/12\/18\/tesouro-leiloara-titulos-publicos-de-quarta-a-sexta-para-tentar-acalmar-mercado\/#primaryimage\"},\"thumbnailUrl\":\"https:\/\/jornalfatosenoticias.com.br\/wp-content\/uploads\/2024\/12\/DOLAR-HADDAD-LULA.jpg\",\"keywords\":[\"C\u00e2mara dos Deputados\",\"contas p\u00fablicas\",\"crise econ\u00f4mica\",\"Fernando Haddad\",\"governo Lula\",\"IPCA+\",\"leil\u00f5es\",\"mercado financeiro\",\"Tesouro Nacional\",\"t\u00edtulos p\u00fablicos\"],\"articleSection\":[\"Economia\"],\"inLanguage\":\"pt-BR\",\"potentialAction\":[{\"@type\":\"CommentAction\",\"name\":\"Comment\",\"target\":[\"https:\/\/jornalfatosenoticias.com.br\/index.php\/2024\/12\/18\/tesouro-leiloara-titulos-publicos-de-quarta-a-sexta-para-tentar-acalmar-mercado\/#respond\"]}]},{\"@type\":\"WebPage\",\"@id\":\"https:\/\/jornalfatosenoticias.com.br\/index.php\/2024\/12\/18\/tesouro-leiloara-titulos-publicos-de-quarta-a-sexta-para-tentar-acalmar-mercado\/\",\"url\":\"https:\/\/jornalfatosenoticias.com.br\/index.php\/2024\/12\/18\/tesouro-leiloara-titulos-publicos-de-quarta-a-sexta-para-tentar-acalmar-mercado\/\",\"name\":\"Tesouro leiloar\u00e1 t\u00edtulos p\u00fablicos de quarta a sexta para tentar acalmar mercado - Jornal Fatos e Not\u00edcias\",\"isPartOf\":{\"@id\":\"https:\/\/jornalfatosenoticias.com.br\/#website\"},\"primaryImageOfPage\":{\"@id\":\"https:\/\/jornalfatosenoticias.com.br\/index.php\/2024\/12\/18\/tesouro-leiloara-titulos-publicos-de-quarta-a-sexta-para-tentar-acalmar-mercado\/#primaryimage\"},\"image\":{\"@id\":\"https:\/\/jornalfatosenoticias.com.br\/index.php\/2024\/12\/18\/tesouro-leiloara-titulos-publicos-de-quarta-a-sexta-para-tentar-acalmar-mercado\/#primaryimage\"},\"thumbnailUrl\":\"https:\/\/jornalfatosenoticias.com.br\/wp-content\/uploads\/2024\/12\/DOLAR-HADDAD-LULA.jpg\",\"datePublished\":\"2024-12-18T14:00:00+00:00\",\"dateModified\":\"2024-12-18T14:00:01+00:00\",\"breadcrumb\":{\"@id\":\"https:\/\/jornalfatosenoticias.com.br\/index.php\/2024\/12\/18\/tesouro-leiloara-titulos-publicos-de-quarta-a-sexta-para-tentar-acalmar-mercado\/#breadcrumb\"},\"inLanguage\":\"pt-BR\",\"potentialAction\":[{\"@type\":\"ReadAction\",\"target\":[\"https:\/\/jornalfatosenoticias.com.br\/index.php\/2024\/12\/18\/tesouro-leiloara-titulos-publicos-de-quarta-a-sexta-para-tentar-acalmar-mercado\/\"]}]},{\"@type\":\"ImageObject\",\"inLanguage\":\"pt-BR\",\"@id\":\"https:\/\/jornalfatosenoticias.com.br\/index.php\/2024\/12\/18\/tesouro-leiloara-titulos-publicos-de-quarta-a-sexta-para-tentar-acalmar-mercado\/#primaryimage\",\"url\":\"https:\/\/jornalfatosenoticias.com.br\/wp-content\/uploads\/2024\/12\/DOLAR-HADDAD-LULA.jpg\",\"contentUrl\":\"https:\/\/jornalfatosenoticias.com.br\/wp-content\/uploads\/2024\/12\/DOLAR-HADDAD-LULA.jpg\",\"width\":1000,\"height\":562},{\"@type\":\"BreadcrumbList\",\"@id\":\"https:\/\/jornalfatosenoticias.com.br\/index.php\/2024\/12\/18\/tesouro-leiloara-titulos-publicos-de-quarta-a-sexta-para-tentar-acalmar-mercado\/#breadcrumb\",\"itemListElement\":[{\"@type\":\"ListItem\",\"position\":1,\"name\":\"In\u00edcio\",\"item\":\"https:\/\/jornalfatosenoticias.com.br\/\"},{\"@type\":\"ListItem\",\"position\":2,\"name\":\"Tesouro leiloar\u00e1 t\u00edtulos p\u00fablicos de quarta a sexta para tentar acalmar mercado\"}]},{\"@type\":\"WebSite\",\"@id\":\"https:\/\/jornalfatosenoticias.com.br\/#website\",\"url\":\"https:\/\/jornalfatosenoticias.com.br\/\",\"name\":\"Jornal Fatos e Not\u00edcias\",\"description\":\"Not\u00edcias em geral\",\"publisher\":{\"@id\":\"https:\/\/jornalfatosenoticias.com.br\/#organization\"},\"potentialAction\":[{\"@type\":\"SearchAction\",\"target\":{\"@type\":\"EntryPoint\",\"urlTemplate\":\"https:\/\/jornalfatosenoticias.com.br\/?s={search_term_string}\"},\"query-input\":{\"@type\":\"PropertyValueSpecification\",\"valueRequired\":true,\"valueName\":\"search_term_string\"}}],\"inLanguage\":\"pt-BR\"},{\"@type\":\"Organization\",\"@id\":\"https:\/\/jornalfatosenoticias.com.br\/#organization\",\"name\":\"Jornal Fatos e Not\u00edcias\",\"url\":\"https:\/\/jornalfatosenoticias.com.br\/\",\"logo\":{\"@type\":\"ImageObject\",\"inLanguage\":\"pt-BR\",\"@id\":\"https:\/\/jornalfatosenoticias.com.br\/#\/schema\/logo\/image\/\",\"url\":\"https:\/\/jornalfatosenoticias.com.br\/wp-content\/uploads\/2020\/02\/logo120.png\",\"contentUrl\":\"https:\/\/jornalfatosenoticias.com.br\/wp-content\/uploads\/2020\/02\/logo120.png\",\"width\":1227,\"height\":120,\"caption\":\"Jornal Fatos e Not\u00edcias\"},\"image\":{\"@id\":\"https:\/\/jornalfatosenoticias.com.br\/#\/schema\/logo\/image\/\"}},{\"@type\":\"Person\",\"@id\":\"https:\/\/jornalfatosenoticias.com.br\/#\/schema\/person\/d63837fa13ac8666eb9e74e0985d6f81\",\"name\":\"Luzimara Fernandes\",\"image\":{\"@type\":\"ImageObject\",\"inLanguage\":\"pt-BR\",\"@id\":\"https:\/\/jornalfatosenoticias.com.br\/#\/schema\/person\/image\/\",\"url\":\"https:\/\/jornalfatosenoticias.com.br\/wp-content\/uploads\/2025\/05\/EU_portal.jpg\",\"contentUrl\":\"https:\/\/jornalfatosenoticias.com.br\/wp-content\/uploads\/2025\/05\/EU_portal.jpg\",\"caption\":\"Luzimara Fernandes\"},\"description\":\"Jornalista MTB 2358-ES\",\"sameAs\":[\"https:\/\/jornalfatosenoticias.com.br\"],\"url\":\"https:\/\/jornalfatosenoticias.com.br\/index.php\/author\/luzimara\/\"}]}<\/script>\n<!-- \/ Yoast SEO plugin. -->","yoast_head_json":{"title":"Tesouro leiloar\u00e1 t\u00edtulos p\u00fablicos de quarta a sexta para tentar acalmar mercado - Jornal Fatos e Not\u00edcias","robots":{"index":"index","follow":"follow","max-snippet":"max-snippet:-1","max-image-preview":"max-image-preview:large","max-video-preview":"max-video-preview:-1"},"canonical":"https:\/\/jornalfatosenoticias.com.br\/index.php\/2024\/12\/18\/tesouro-leiloara-titulos-publicos-de-quarta-a-sexta-para-tentar-acalmar-mercado\/","og_locale":"pt_BR","og_type":"article","og_title":"Tesouro leiloar\u00e1 t\u00edtulos p\u00fablicos de quarta a sexta para tentar acalmar mercado - Jornal Fatos e Not\u00edcias","og_description":"Leil\u00f5es dos t\u00edtulos Prefixados e IPCA+ ocorrer\u00e3o em tr\u00eas dias em vez de apenas um ap\u00f3s atingirem taxas recordes de rendimentos Por Guilherme Grandi O Tesouro Nacional anunciou que leiloar\u00e1 t\u00edtulos p\u00fablicos a partir desta quarta (18) at\u00e9 sexta (20) para tentar acalmar o mercado financeiro em meio \u00e0 volatilidade que tem feito os rendimentos [&hellip;]","og_url":"https:\/\/jornalfatosenoticias.com.br\/index.php\/2024\/12\/18\/tesouro-leiloara-titulos-publicos-de-quarta-a-sexta-para-tentar-acalmar-mercado\/","og_site_name":"Jornal Fatos e Not\u00edcias","article_published_time":"2024-12-18T14:00:00+00:00","article_modified_time":"2024-12-18T14:00:01+00:00","og_image":[{"width":1000,"height":562,"url":"https:\/\/jornalfatosenoticias.com.br\/wp-content\/uploads\/2024\/12\/DOLAR-HADDAD-LULA.jpg","type":"image\/jpeg"}],"author":"Luzimara Fernandes","twitter_card":"summary_large_image","twitter_misc":{"Escrito por":"Luzimara Fernandes","Est. tempo de leitura":"3 minutos"},"schema":{"@context":"https:\/\/schema.org","@graph":[{"@type":"Article","@id":"https:\/\/jornalfatosenoticias.com.br\/index.php\/2024\/12\/18\/tesouro-leiloara-titulos-publicos-de-quarta-a-sexta-para-tentar-acalmar-mercado\/#article","isPartOf":{"@id":"https:\/\/jornalfatosenoticias.com.br\/index.php\/2024\/12\/18\/tesouro-leiloara-titulos-publicos-de-quarta-a-sexta-para-tentar-acalmar-mercado\/"},"author":{"name":"Luzimara Fernandes","@id":"https:\/\/jornalfatosenoticias.com.br\/#\/schema\/person\/d63837fa13ac8666eb9e74e0985d6f81"},"headline":"Tesouro leiloar\u00e1 t\u00edtulos p\u00fablicos de quarta a sexta para tentar acalmar mercado","datePublished":"2024-12-18T14:00:00+00:00","dateModified":"2024-12-18T14:00:01+00:00","mainEntityOfPage":{"@id":"https:\/\/jornalfatosenoticias.com.br\/index.php\/2024\/12\/18\/tesouro-leiloara-titulos-publicos-de-quarta-a-sexta-para-tentar-acalmar-mercado\/"},"wordCount":677,"commentCount":0,"publisher":{"@id":"https:\/\/jornalfatosenoticias.com.br\/#organization"},"image":{"@id":"https:\/\/jornalfatosenoticias.com.br\/index.php\/2024\/12\/18\/tesouro-leiloara-titulos-publicos-de-quarta-a-sexta-para-tentar-acalmar-mercado\/#primaryimage"},"thumbnailUrl":"https:\/\/jornalfatosenoticias.com.br\/wp-content\/uploads\/2024\/12\/DOLAR-HADDAD-LULA.jpg","keywords":["C\u00e2mara dos Deputados","contas p\u00fablicas","crise econ\u00f4mica","Fernando Haddad","governo Lula","IPCA+","leil\u00f5es","mercado financeiro","Tesouro Nacional","t\u00edtulos p\u00fablicos"],"articleSection":["Economia"],"inLanguage":"pt-BR","potentialAction":[{"@type":"CommentAction","name":"Comment","target":["https:\/\/jornalfatosenoticias.com.br\/index.php\/2024\/12\/18\/tesouro-leiloara-titulos-publicos-de-quarta-a-sexta-para-tentar-acalmar-mercado\/#respond"]}]},{"@type":"WebPage","@id":"https:\/\/jornalfatosenoticias.com.br\/index.php\/2024\/12\/18\/tesouro-leiloara-titulos-publicos-de-quarta-a-sexta-para-tentar-acalmar-mercado\/","url":"https:\/\/jornalfatosenoticias.com.br\/index.php\/2024\/12\/18\/tesouro-leiloara-titulos-publicos-de-quarta-a-sexta-para-tentar-acalmar-mercado\/","name":"Tesouro leiloar\u00e1 t\u00edtulos p\u00fablicos de quarta a sexta para tentar acalmar mercado - Jornal Fatos e Not\u00edcias","isPartOf":{"@id":"https:\/\/jornalfatosenoticias.com.br\/#website"},"primaryImageOfPage":{"@id":"https:\/\/jornalfatosenoticias.com.br\/index.php\/2024\/12\/18\/tesouro-leiloara-titulos-publicos-de-quarta-a-sexta-para-tentar-acalmar-mercado\/#primaryimage"},"image":{"@id":"https:\/\/jornalfatosenoticias.com.br\/index.php\/2024\/12\/18\/tesouro-leiloara-titulos-publicos-de-quarta-a-sexta-para-tentar-acalmar-mercado\/#primaryimage"},"thumbnailUrl":"https:\/\/jornalfatosenoticias.com.br\/wp-content\/uploads\/2024\/12\/DOLAR-HADDAD-LULA.jpg","datePublished":"2024-12-18T14:00:00+00:00","dateModified":"2024-12-18T14:00:01+00:00","breadcrumb":{"@id":"https:\/\/jornalfatosenoticias.com.br\/index.php\/2024\/12\/18\/tesouro-leiloara-titulos-publicos-de-quarta-a-sexta-para-tentar-acalmar-mercado\/#breadcrumb"},"inLanguage":"pt-BR","potentialAction":[{"@type":"ReadAction","target":["https:\/\/jornalfatosenoticias.com.br\/index.php\/2024\/12\/18\/tesouro-leiloara-titulos-publicos-de-quarta-a-sexta-para-tentar-acalmar-mercado\/"]}]},{"@type":"ImageObject","inLanguage":"pt-BR","@id":"https:\/\/jornalfatosenoticias.com.br\/index.php\/2024\/12\/18\/tesouro-leiloara-titulos-publicos-de-quarta-a-sexta-para-tentar-acalmar-mercado\/#primaryimage","url":"https:\/\/jornalfatosenoticias.com.br\/wp-content\/uploads\/2024\/12\/DOLAR-HADDAD-LULA.jpg","contentUrl":"https:\/\/jornalfatosenoticias.com.br\/wp-content\/uploads\/2024\/12\/DOLAR-HADDAD-LULA.jpg","width":1000,"height":562},{"@type":"BreadcrumbList","@id":"https:\/\/jornalfatosenoticias.com.br\/index.php\/2024\/12\/18\/tesouro-leiloara-titulos-publicos-de-quarta-a-sexta-para-tentar-acalmar-mercado\/#breadcrumb","itemListElement":[{"@type":"ListItem","position":1,"name":"In\u00edcio","item":"https:\/\/jornalfatosenoticias.com.br\/"},{"@type":"ListItem","position":2,"name":"Tesouro leiloar\u00e1 t\u00edtulos p\u00fablicos de quarta a sexta para tentar acalmar mercado"}]},{"@type":"WebSite","@id":"https:\/\/jornalfatosenoticias.com.br\/#website","url":"https:\/\/jornalfatosenoticias.com.br\/","name":"Jornal Fatos e Not\u00edcias","description":"Not\u00edcias em geral","publisher":{"@id":"https:\/\/jornalfatosenoticias.com.br\/#organization"},"potentialAction":[{"@type":"SearchAction","target":{"@type":"EntryPoint","urlTemplate":"https:\/\/jornalfatosenoticias.com.br\/?s={search_term_string}"},"query-input":{"@type":"PropertyValueSpecification","valueRequired":true,"valueName":"search_term_string"}}],"inLanguage":"pt-BR"},{"@type":"Organization","@id":"https:\/\/jornalfatosenoticias.com.br\/#organization","name":"Jornal Fatos e Not\u00edcias","url":"https:\/\/jornalfatosenoticias.com.br\/","logo":{"@type":"ImageObject","inLanguage":"pt-BR","@id":"https:\/\/jornalfatosenoticias.com.br\/#\/schema\/logo\/image\/","url":"https:\/\/jornalfatosenoticias.com.br\/wp-content\/uploads\/2020\/02\/logo120.png","contentUrl":"https:\/\/jornalfatosenoticias.com.br\/wp-content\/uploads\/2020\/02\/logo120.png","width":1227,"height":120,"caption":"Jornal Fatos e Not\u00edcias"},"image":{"@id":"https:\/\/jornalfatosenoticias.com.br\/#\/schema\/logo\/image\/"}},{"@type":"Person","@id":"https:\/\/jornalfatosenoticias.com.br\/#\/schema\/person\/d63837fa13ac8666eb9e74e0985d6f81","name":"Luzimara Fernandes","image":{"@type":"ImageObject","inLanguage":"pt-BR","@id":"https:\/\/jornalfatosenoticias.com.br\/#\/schema\/person\/image\/","url":"https:\/\/jornalfatosenoticias.com.br\/wp-content\/uploads\/2025\/05\/EU_portal.jpg","contentUrl":"https:\/\/jornalfatosenoticias.com.br\/wp-content\/uploads\/2025\/05\/EU_portal.jpg","caption":"Luzimara Fernandes"},"description":"Jornalista MTB 2358-ES","sameAs":["https:\/\/jornalfatosenoticias.com.br"],"url":"https:\/\/jornalfatosenoticias.com.br\/index.php\/author\/luzimara\/"}]}},"cc_featured_image_caption":{"caption_text":"(Foto: Ricardo Stuckert\/PR\/Pixabay) ","source_text":"","source_url":""},"jetpack_featured_media_url":"https:\/\/jornalfatosenoticias.com.br\/wp-content\/uploads\/2024\/12\/DOLAR-HADDAD-LULA.jpg","_links":{"self":[{"href":"https:\/\/jornalfatosenoticias.com.br\/index.php\/wp-json\/wp\/v2\/posts\/56488","targetHints":{"allow":["GET"]}}],"collection":[{"href":"https:\/\/jornalfatosenoticias.com.br\/index.php\/wp-json\/wp\/v2\/posts"}],"about":[{"href":"https:\/\/jornalfatosenoticias.com.br\/index.php\/wp-json\/wp\/v2\/types\/post"}],"author":[{"embeddable":true,"href":"https:\/\/jornalfatosenoticias.com.br\/index.php\/wp-json\/wp\/v2\/users\/2"}],"replies":[{"embeddable":true,"href":"https:\/\/jornalfatosenoticias.com.br\/index.php\/wp-json\/wp\/v2\/comments?post=56488"}],"version-history":[{"count":0,"href":"https:\/\/jornalfatosenoticias.com.br\/index.php\/wp-json\/wp\/v2\/posts\/56488\/revisions"}],"wp:featuredmedia":[{"embeddable":true,"href":"https:\/\/jornalfatosenoticias.com.br\/index.php\/wp-json\/wp\/v2\/media\/56489"}],"wp:attachment":[{"href":"https:\/\/jornalfatosenoticias.com.br\/index.php\/wp-json\/wp\/v2\/media?parent=56488"}],"wp:term":[{"taxonomy":"category","embeddable":true,"href":"https:\/\/jornalfatosenoticias.com.br\/index.php\/wp-json\/wp\/v2\/categories?post=56488"},{"taxonomy":"post_tag","embeddable":true,"href":"https:\/\/jornalfatosenoticias.com.br\/index.php\/wp-json\/wp\/v2\/tags?post=56488"}],"curies":[{"name":"wp","href":"https:\/\/api.w.org\/{rel}","templated":true}]}}