{"id":56491,"date":"2024-12-18T11:16:49","date_gmt":"2024-12-18T14:16:49","guid":{"rendered":"https:\/\/jornalfatosenoticias.com.br\/?p=56491"},"modified":"2024-12-18T11:16:50","modified_gmt":"2024-12-18T14:16:50","slug":"nao-e-so-nos-eua-drones-sobrevoam-base-da-forca-aerea-americana-e-empresas-estrategicas-na-alemanha","status":"publish","type":"post","link":"https:\/\/jornalfatosenoticias.com.br\/index.php\/2024\/12\/18\/nao-e-so-nos-eua-drones-sobrevoam-base-da-forca-aerea-americana-e-empresas-estrategicas-na-alemanha\/","title":{"rendered":"N\u00e3o \u00e9 s\u00f3 nos EUA: drones sobrevoam base da For\u00e7a A\u00e9rea americana e empresas estrat\u00e9gicas na Alemanha"},"content":{"rendered":"\n<p><em><span class=\"has-inline-color has-black-color\">Thomas Haldenwang, um dos chefes da intelig\u00eancia alem\u00e3, alertou sobre o aumento das a\u00e7\u00f5es de espionagem e sabotagem russas no pa\u00eds nos \u00faltimos meses<\/span><\/em><\/p>\n\n\n\n<p><span class=\"has-inline-color has-black-color\">Por <strong><a href=\"https:\/\/www.gazetadopovo.com.br\/autor\/fabio-galao\/\">F\u00e1bio Gal\u00e3o<\/a><\/strong><\/span><\/p>\n\n\n\n<div class=\"wp-block-image\"><figure class=\"aligncenter size-large\"><a href=\"https:\/\/www.facebook.com\/vetor.vix\/\"><img loading=\"lazy\" decoding=\"async\" width=\"1024\" height=\"273\" src=\"https:\/\/jornalfatosenoticias.com.br\/wp-content\/uploads\/2023\/09\/vetorvix1024_1.jpg\" alt=\"\" class=\"wp-image-44868\" srcset=\"https:\/\/jornalfatosenoticias.com.br\/wp-content\/uploads\/2023\/09\/vetorvix1024_1.jpg 1024w, https:\/\/jornalfatosenoticias.com.br\/wp-content\/uploads\/2023\/09\/vetorvix1024_1-300x80.jpg 300w, https:\/\/jornalfatosenoticias.com.br\/wp-content\/uploads\/2023\/09\/vetorvix1024_1-768x205.jpg 768w\" sizes=\"auto, (max-width: 1024px) 100vw, 1024px\" \/><\/a><\/figure><\/div>\n\n\n\n<p>Em meio \u00e0 preocupa\u00e7\u00e3o sobre o avistamento de drones n\u00e3o identificados em v\u00e1rios estados americanos, a For\u00e7a A\u00e9rea dos Estados Unidos confirmou que dispositivos desse tipo foram vistos sobrevoando uma base a\u00e9rea americana em Ramstein, na Alemanha, no in\u00edcio de dezembro.<br>Segundo informa\u00e7\u00f5es da ag\u00eancia Reuters, um porta-voz da For\u00e7a A\u00e9rea afirmou na \u00faltima sexta-feira (13) que n\u00e3o houve \u201cnenhum impacto aos residentes, instala\u00e7\u00f5es ou ativos da base\u201d.<\/p>\n\n\n\n<div class=\"wp-block-image\"><figure class=\"aligncenter size-large is-resized\"><a href=\"https:\/\/www.instagram.com\/esteiochurrascaria\/\"><img loading=\"lazy\" decoding=\"async\" src=\"https:\/\/jornalfatosenoticias.com.br\/wp-content\/uploads\/2022\/02\/LOGO-ESTEIO-1024x730.png\" alt=\"\" class=\"wp-image-27942\" width=\"329\" height=\"234\" srcset=\"https:\/\/jornalfatosenoticias.com.br\/wp-content\/uploads\/2022\/02\/LOGO-ESTEIO-1024x730.png 1024w, https:\/\/jornalfatosenoticias.com.br\/wp-content\/uploads\/2022\/02\/LOGO-ESTEIO-300x214.png 300w, https:\/\/jornalfatosenoticias.com.br\/wp-content\/uploads\/2022\/02\/LOGO-ESTEIO-768x548.png 768w, https:\/\/jornalfatosenoticias.com.br\/wp-content\/uploads\/2022\/02\/LOGO-ESTEIO.png 1123w\" sizes=\"auto, (max-width: 329px) 100vw, 329px\" \/><\/a><\/figure><\/div>\n\n\n\n<blockquote class=\"wp-block-quote is-layout-flow wp-block-quote-is-layout-flow\"><p><span class=\"has-inline-color has-luminous-vivid-orange-color\">Em conjunto com as autoridades do pa\u00eds anfitri\u00e3o, continuamos monitorando o espa\u00e7o a\u00e9reo para garantir a seguran\u00e7a da comunidade\u201d, acrescentou.<\/span><\/p><\/blockquote>\n\n\n\n<div class=\"wp-block-image\"><figure class=\"aligncenter size-large is-resized\"><a href=\"https:\/\/panper.com.br\/\"><img loading=\"lazy\" decoding=\"async\" src=\"https:\/\/jornalfatosenoticias.com.br\/wp-content\/uploads\/2023\/03\/logo-Panper_portal.jpg\" alt=\"\" class=\"wp-image-40208\" width=\"325\" height=\"225\" srcset=\"https:\/\/jornalfatosenoticias.com.br\/wp-content\/uploads\/2023\/03\/logo-Panper_portal.jpg 400w, https:\/\/jornalfatosenoticias.com.br\/wp-content\/uploads\/2023\/03\/logo-Panper_portal-300x208.jpg 300w\" sizes=\"auto, (max-width: 325px) 100vw, 325px\" \/><\/a><\/figure><\/div>\n\n\n\n<p>Uma fonte de seguran\u00e7a disse \u00e0 Reuters que as autoridades alem\u00e3s descartaram a possibilidade de que os drones tenham sido operados por amadores. A revista alem\u00e3 Spiegel j\u00e1 havia noticiado o epis\u00f3dio, ao relatar que avistamentos inexplic\u00e1veis \u200b\u200bde drones sobre a base foram registrados nos dias de 3 e 4 de dezembro.<\/p>\n\n\n\n<div class=\"wp-block-image\"><figure class=\"aligncenter size-large is-resized\"><a href=\"https:\/\/www.instagram.com\/serra4x4cambioautomatico\/\"><img loading=\"lazy\" decoding=\"async\" src=\"https:\/\/jornalfatosenoticias.com.br\/wp-content\/uploads\/2024\/08\/Serra-4x4-1-886x1024.jpg\" alt=\"\" class=\"wp-image-53632\" width=\"280\" height=\"323\" srcset=\"https:\/\/jornalfatosenoticias.com.br\/wp-content\/uploads\/2024\/08\/Serra-4x4-1-886x1024.jpg 886w, https:\/\/jornalfatosenoticias.com.br\/wp-content\/uploads\/2024\/08\/Serra-4x4-1-260x300.jpg 260w, https:\/\/jornalfatosenoticias.com.br\/wp-content\/uploads\/2024\/08\/Serra-4x4-1-768x888.jpg 768w, https:\/\/jornalfatosenoticias.com.br\/wp-content\/uploads\/2024\/08\/Serra-4x4-1.jpg 1181w\" sizes=\"auto, (max-width: 280px) 100vw, 280px\" \/><\/a><\/figure><\/div>\n\n\n\n<p>A revista acrescentou que drones tamb\u00e9m foram avistados sobre instala\u00e7\u00f5es da fabricante de armas Rheinmetall e da Basf, gigante da ind\u00fastria qu\u00edmica.<br>Como a Rheinmetall fornece equipamentos militares utilizados pela Ucr\u00e2nia na guerra contra a R\u00fassia, a suspeita \u00e9 de que o envio de drones seja uma estrat\u00e9gia de espionagem russa.<\/p>\n\n\n\n<div class=\"wp-block-image\"><figure class=\"aligncenter size-large is-resized\"><a href=\"https:\/\/www.instagram.com\/ligadossaborespizzaria\/\"><img loading=\"lazy\" decoding=\"async\" src=\"https:\/\/jornalfatosenoticias.com.br\/wp-content\/uploads\/2024\/09\/WhatsApp-Image-2024-09-14-at-22.46.10-819x1024.jpeg\" alt=\"\" class=\"wp-image-54180\" width=\"294\" height=\"368\" srcset=\"https:\/\/jornalfatosenoticias.com.br\/wp-content\/uploads\/2024\/09\/WhatsApp-Image-2024-09-14-at-22.46.10-819x1024.jpeg 819w, https:\/\/jornalfatosenoticias.com.br\/wp-content\/uploads\/2024\/09\/WhatsApp-Image-2024-09-14-at-22.46.10-240x300.jpeg 240w, https:\/\/jornalfatosenoticias.com.br\/wp-content\/uploads\/2024\/09\/WhatsApp-Image-2024-09-14-at-22.46.10-768x960.jpeg 768w, https:\/\/jornalfatosenoticias.com.br\/wp-content\/uploads\/2024\/09\/WhatsApp-Image-2024-09-14-at-22.46.10.jpeg 1024w\" sizes=\"auto, (max-width: 294px) 100vw, 294px\" \/><\/a><\/figure><\/div>\n\n\n\n<p>Em outubro, durante uma audi\u00eancia realizada por um comit\u00ea de supervis\u00e3o parlamentar em Berlim, diretores das ag\u00eancias de intelig\u00eancia da Alemanha j\u00e1 haviam relatado um aumento \u201cquantitativo e qualitativo\u201d em atos de espionagem e sabotagem da R\u00fassia no pa\u00eds, segundo informa\u00e7\u00f5es da DW.<\/p>\n\n\n\n<div class=\"wp-block-image\"><figure class=\"aligncenter size-large is-resized\"><a href=\"https:\/\/www.facebook.com\/postobkr\/?locale=pt_BR\"><img loading=\"lazy\" decoding=\"async\" src=\"https:\/\/jornalfatosenoticias.com.br\/wp-content\/uploads\/2023\/08\/BKR-1024x1021.jpg\" alt=\"\" class=\"wp-image-44494\" width=\"295\" height=\"294\" srcset=\"https:\/\/jornalfatosenoticias.com.br\/wp-content\/uploads\/2023\/08\/BKR-1024x1021.jpg 1024w, https:\/\/jornalfatosenoticias.com.br\/wp-content\/uploads\/2023\/08\/BKR-300x300.jpg 300w, https:\/\/jornalfatosenoticias.com.br\/wp-content\/uploads\/2023\/08\/BKR-150x150.jpg 150w, https:\/\/jornalfatosenoticias.com.br\/wp-content\/uploads\/2023\/08\/BKR-768x766.jpg 768w, https:\/\/jornalfatosenoticias.com.br\/wp-content\/uploads\/2023\/08\/BKR.jpg 1080w\" sizes=\"auto, (max-width: 295px) 100vw, 295px\" \/><\/a><\/figure><\/div>\n\n\n\n<blockquote class=\"wp-block-quote is-layout-flow wp-block-quote-is-layout-flow\"><p><span class=\"has-inline-color has-luminous-vivid-orange-color\">Estamos observando um comportamento agressivo por parte dos servi\u00e7os de intelig\u00eancia russos\u201d, disse na ocasi\u00e3o o chefe do Escrit\u00f3rio Federal para a Prote\u00e7\u00e3o da Constitui\u00e7\u00e3o (BfV, na sigla em alem\u00e3o), Thomas Haldenwang.<\/span><\/p><\/blockquote>\n\n\n\n<div class=\"wp-block-image\"><figure class=\"aligncenter size-large is-resized\"><a href=\"https:\/\/www.legisjuris.com.br\/\"><img loading=\"lazy\" decoding=\"async\" src=\"https:\/\/jornalfatosenoticias.com.br\/wp-content\/uploads\/2024\/09\/Legis-Juris-Consultoria_logo.jpg\" alt=\"\" class=\"wp-image-53915\" width=\"430\" height=\"180\" srcset=\"https:\/\/jornalfatosenoticias.com.br\/wp-content\/uploads\/2024\/09\/Legis-Juris-Consultoria_logo.jpg 969w, https:\/\/jornalfatosenoticias.com.br\/wp-content\/uploads\/2024\/09\/Legis-Juris-Consultoria_logo-300x126.jpg 300w, https:\/\/jornalfatosenoticias.com.br\/wp-content\/uploads\/2024\/09\/Legis-Juris-Consultoria_logo-768x322.jpg 768w\" sizes=\"auto, (max-width: 430px) 100vw, 430px\" \/><\/a><\/figure><\/div>\n\n\n\n<p>O diretor citou que as ag\u00eancias alem\u00e3s acreditam que um incidente em um centro de log\u00edstica da DHL em Leipzig ocorrido em julho, quando um pacote pegou fogo quando estava prestes a ser colocado em um avi\u00e3o de carga, foi uma tentativa de sabotagem russa. O Minist\u00e9rio P\u00fablico da Alemanha tamb\u00e9m trata como tentativa de sabotagem um caso de avistamento de drones sobre um terminal de g\u00e1s natural liquefeito (GNL) em Brunsbuettel, no norte alem\u00e3o.<\/p>\n\n\n\n<div class=\"wp-block-image\"><figure class=\"aligncenter size-large is-resized\"><a href=\"https:\/\/www.controlsystems.com.br\/\"><img loading=\"lazy\" decoding=\"async\" src=\"https:\/\/jornalfatosenoticias.com.br\/wp-content\/uploads\/2020\/02\/CONTROL-CS.jpg\" alt=\"\" class=\"wp-image-44991\" width=\"278\" height=\"333\" srcset=\"https:\/\/jornalfatosenoticias.com.br\/wp-content\/uploads\/2020\/02\/CONTROL-CS.jpg 834w, https:\/\/jornalfatosenoticias.com.br\/wp-content\/uploads\/2020\/02\/CONTROL-CS-250x300.jpg 250w, https:\/\/jornalfatosenoticias.com.br\/wp-content\/uploads\/2020\/02\/CONTROL-CS-768x921.jpg 768w\" sizes=\"auto, (max-width: 278px) 100vw, 278px\" \/><\/a><\/figure><\/div>\n\n\n\n<p><strong><em>Fonte: <a href=\"https:\/\/www.gazetadopovo.com.br\/mundo\/drones-alerta-base-aerea-eua-empresas-alemanha\/\">Gazeta do Povo<\/a><\/em><\/strong><\/p>\n","protected":false},"excerpt":{"rendered":"<p>Thomas Haldenwang, um dos chefes da intelig\u00eancia alem\u00e3, alertou sobre o aumento das a\u00e7\u00f5es de espionagem e sabotagem russas no pa\u00eds nos \u00faltimos meses Por F\u00e1bio Gal\u00e3o Em meio \u00e0 preocupa\u00e7\u00e3o sobre o avistamento de drones n\u00e3o identificados em v\u00e1rios estados americanos, a For\u00e7a A\u00e9rea dos Estados Unidos confirmou que dispositivos desse tipo foram vistos [&hellip;]<\/p>\n","protected":false},"author":2,"featured_media":56492,"comment_status":"open","ping_status":"open","sticky":false,"template":"","format":"standard","meta":{"footnotes":""},"categories":[41],"tags":[417,752,4001,159,10622,15049,25782,991,18035,25783],"class_list":["post-56491","post","type-post","status-publish","format-standard","has-post-thumbnail","hentry","category-internacional","tag-alemanha","tag-drones","tag-espionagem","tag-eua","tag-forca-aerea-americana","tag-guerra-na-ucrania","tag-inteligencia-alema","tag-russia","tag-sabotagem","tag-thomas-haldenwang"],"yoast_head":"<!-- This site is optimized with the Yoast SEO plugin v26.5 - https:\/\/yoast.com\/wordpress\/plugins\/seo\/ -->\n<title>N\u00e3o \u00e9 s\u00f3 nos EUA: drones sobrevoam base da For\u00e7a A\u00e9rea americana e empresas estrat\u00e9gicas na Alemanha - Jornal Fatos e Not\u00edcias<\/title>\n<meta name=\"robots\" content=\"index, follow, max-snippet:-1, max-image-preview:large, max-video-preview:-1\" \/>\n<link rel=\"canonical\" href=\"https:\/\/jornalfatosenoticias.com.br\/index.php\/2024\/12\/18\/nao-e-so-nos-eua-drones-sobrevoam-base-da-forca-aerea-americana-e-empresas-estrategicas-na-alemanha\/\" \/>\n<meta property=\"og:locale\" content=\"pt_BR\" \/>\n<meta property=\"og:type\" content=\"article\" \/>\n<meta property=\"og:title\" content=\"N\u00e3o \u00e9 s\u00f3 nos EUA: drones sobrevoam base da For\u00e7a A\u00e9rea americana e empresas estrat\u00e9gicas na Alemanha - Jornal Fatos e Not\u00edcias\" \/>\n<meta property=\"og:description\" content=\"Thomas Haldenwang, um dos chefes da intelig\u00eancia alem\u00e3, alertou sobre o aumento das a\u00e7\u00f5es de espionagem e sabotagem russas no pa\u00eds nos \u00faltimos meses Por F\u00e1bio Gal\u00e3o Em meio \u00e0 preocupa\u00e7\u00e3o sobre o avistamento de drones n\u00e3o identificados em v\u00e1rios estados americanos, a For\u00e7a A\u00e9rea dos Estados Unidos confirmou que dispositivos desse tipo foram vistos [&hellip;]\" \/>\n<meta property=\"og:url\" content=\"https:\/\/jornalfatosenoticias.com.br\/index.php\/2024\/12\/18\/nao-e-so-nos-eua-drones-sobrevoam-base-da-forca-aerea-americana-e-empresas-estrategicas-na-alemanha\/\" \/>\n<meta property=\"og:site_name\" content=\"Jornal Fatos e Not\u00edcias\" \/>\n<meta property=\"article:published_time\" content=\"2024-12-18T14:16:49+00:00\" \/>\n<meta property=\"article:modified_time\" content=\"2024-12-18T14:16:50+00:00\" \/>\n<meta property=\"og:image\" content=\"https:\/\/jornalfatosenoticias.com.br\/wp-content\/uploads\/2024\/12\/Thomas-Haldenwang_gettyimages.jpg\" \/>\n\t<meta property=\"og:image:width\" content=\"612\" \/>\n\t<meta property=\"og:image:height\" content=\"451\" \/>\n\t<meta property=\"og:image:type\" content=\"image\/jpeg\" \/>\n<meta name=\"author\" content=\"Luzimara Fernandes\" \/>\n<meta name=\"twitter:card\" content=\"summary_large_image\" \/>\n<meta name=\"twitter:label1\" content=\"Escrito por\" \/>\n\t<meta name=\"twitter:data1\" content=\"Luzimara Fernandes\" \/>\n\t<meta name=\"twitter:label2\" content=\"Est. tempo de leitura\" \/>\n\t<meta name=\"twitter:data2\" content=\"2 minutos\" \/>\n<script type=\"application\/ld+json\" class=\"yoast-schema-graph\">{\"@context\":\"https:\/\/schema.org\",\"@graph\":[{\"@type\":\"Article\",\"@id\":\"https:\/\/jornalfatosenoticias.com.br\/index.php\/2024\/12\/18\/nao-e-so-nos-eua-drones-sobrevoam-base-da-forca-aerea-americana-e-empresas-estrategicas-na-alemanha\/#article\",\"isPartOf\":{\"@id\":\"https:\/\/jornalfatosenoticias.com.br\/index.php\/2024\/12\/18\/nao-e-so-nos-eua-drones-sobrevoam-base-da-forca-aerea-americana-e-empresas-estrategicas-na-alemanha\/\"},\"author\":{\"name\":\"Luzimara Fernandes\",\"@id\":\"https:\/\/jornalfatosenoticias.com.br\/#\/schema\/person\/d63837fa13ac8666eb9e74e0985d6f81\"},\"headline\":\"N\u00e3o \u00e9 s\u00f3 nos EUA: drones sobrevoam base da For\u00e7a A\u00e9rea americana e empresas estrat\u00e9gicas na Alemanha\",\"datePublished\":\"2024-12-18T14:16:49+00:00\",\"dateModified\":\"2024-12-18T14:16:50+00:00\",\"mainEntityOfPage\":{\"@id\":\"https:\/\/jornalfatosenoticias.com.br\/index.php\/2024\/12\/18\/nao-e-so-nos-eua-drones-sobrevoam-base-da-forca-aerea-americana-e-empresas-estrategicas-na-alemanha\/\"},\"wordCount\":443,\"commentCount\":0,\"publisher\":{\"@id\":\"https:\/\/jornalfatosenoticias.com.br\/#organization\"},\"image\":{\"@id\":\"https:\/\/jornalfatosenoticias.com.br\/index.php\/2024\/12\/18\/nao-e-so-nos-eua-drones-sobrevoam-base-da-forca-aerea-americana-e-empresas-estrategicas-na-alemanha\/#primaryimage\"},\"thumbnailUrl\":\"https:\/\/jornalfatosenoticias.com.br\/wp-content\/uploads\/2024\/12\/Thomas-Haldenwang_gettyimages.jpg\",\"keywords\":[\"Alemanha\",\"drones\",\"Espionagem\",\"EUA\",\"For\u00e7a A\u00e9rea Americana\",\"Guerra na Ucr\u00e2nia\",\"intelig\u00eancia alem\u00e3\",\"R\u00fassia\",\"sabotagem\",\"Thomas Haldenwang\"],\"articleSection\":[\"Internacional\"],\"inLanguage\":\"pt-BR\",\"potentialAction\":[{\"@type\":\"CommentAction\",\"name\":\"Comment\",\"target\":[\"https:\/\/jornalfatosenoticias.com.br\/index.php\/2024\/12\/18\/nao-e-so-nos-eua-drones-sobrevoam-base-da-forca-aerea-americana-e-empresas-estrategicas-na-alemanha\/#respond\"]}]},{\"@type\":\"WebPage\",\"@id\":\"https:\/\/jornalfatosenoticias.com.br\/index.php\/2024\/12\/18\/nao-e-so-nos-eua-drones-sobrevoam-base-da-forca-aerea-americana-e-empresas-estrategicas-na-alemanha\/\",\"url\":\"https:\/\/jornalfatosenoticias.com.br\/index.php\/2024\/12\/18\/nao-e-so-nos-eua-drones-sobrevoam-base-da-forca-aerea-americana-e-empresas-estrategicas-na-alemanha\/\",\"name\":\"N\u00e3o \u00e9 s\u00f3 nos EUA: drones sobrevoam base da For\u00e7a A\u00e9rea americana e empresas estrat\u00e9gicas na Alemanha - Jornal Fatos e Not\u00edcias\",\"isPartOf\":{\"@id\":\"https:\/\/jornalfatosenoticias.com.br\/#website\"},\"primaryImageOfPage\":{\"@id\":\"https:\/\/jornalfatosenoticias.com.br\/index.php\/2024\/12\/18\/nao-e-so-nos-eua-drones-sobrevoam-base-da-forca-aerea-americana-e-empresas-estrategicas-na-alemanha\/#primaryimage\"},\"image\":{\"@id\":\"https:\/\/jornalfatosenoticias.com.br\/index.php\/2024\/12\/18\/nao-e-so-nos-eua-drones-sobrevoam-base-da-forca-aerea-americana-e-empresas-estrategicas-na-alemanha\/#primaryimage\"},\"thumbnailUrl\":\"https:\/\/jornalfatosenoticias.com.br\/wp-content\/uploads\/2024\/12\/Thomas-Haldenwang_gettyimages.jpg\",\"datePublished\":\"2024-12-18T14:16:49+00:00\",\"dateModified\":\"2024-12-18T14:16:50+00:00\",\"breadcrumb\":{\"@id\":\"https:\/\/jornalfatosenoticias.com.br\/index.php\/2024\/12\/18\/nao-e-so-nos-eua-drones-sobrevoam-base-da-forca-aerea-americana-e-empresas-estrategicas-na-alemanha\/#breadcrumb\"},\"inLanguage\":\"pt-BR\",\"potentialAction\":[{\"@type\":\"ReadAction\",\"target\":[\"https:\/\/jornalfatosenoticias.com.br\/index.php\/2024\/12\/18\/nao-e-so-nos-eua-drones-sobrevoam-base-da-forca-aerea-americana-e-empresas-estrategicas-na-alemanha\/\"]}]},{\"@type\":\"ImageObject\",\"inLanguage\":\"pt-BR\",\"@id\":\"https:\/\/jornalfatosenoticias.com.br\/index.php\/2024\/12\/18\/nao-e-so-nos-eua-drones-sobrevoam-base-da-forca-aerea-americana-e-empresas-estrategicas-na-alemanha\/#primaryimage\",\"url\":\"https:\/\/jornalfatosenoticias.com.br\/wp-content\/uploads\/2024\/12\/Thomas-Haldenwang_gettyimages.jpg\",\"contentUrl\":\"https:\/\/jornalfatosenoticias.com.br\/wp-content\/uploads\/2024\/12\/Thomas-Haldenwang_gettyimages.jpg\",\"width\":612,\"height\":451,\"caption\":\"16 October 2023, Berlin: Thomas Haldenwang, President of the Federal Office for the Protection of the Constitution, waits for the public hearing to begin in the Bundestag. The Parliamentary Control Committee holds a public hearing of the presidents of the federal intelligence services once a year. Photo: Monika Skolimowska\/dpa (Photo by Monika Skolimowska\/picture alliance via Getty Images)\"},{\"@type\":\"BreadcrumbList\",\"@id\":\"https:\/\/jornalfatosenoticias.com.br\/index.php\/2024\/12\/18\/nao-e-so-nos-eua-drones-sobrevoam-base-da-forca-aerea-americana-e-empresas-estrategicas-na-alemanha\/#breadcrumb\",\"itemListElement\":[{\"@type\":\"ListItem\",\"position\":1,\"name\":\"In\u00edcio\",\"item\":\"https:\/\/jornalfatosenoticias.com.br\/\"},{\"@type\":\"ListItem\",\"position\":2,\"name\":\"N\u00e3o \u00e9 s\u00f3 nos EUA: drones sobrevoam base da For\u00e7a A\u00e9rea americana e empresas estrat\u00e9gicas na Alemanha\"}]},{\"@type\":\"WebSite\",\"@id\":\"https:\/\/jornalfatosenoticias.com.br\/#website\",\"url\":\"https:\/\/jornalfatosenoticias.com.br\/\",\"name\":\"Jornal Fatos e Not\u00edcias\",\"description\":\"Not\u00edcias em geral\",\"publisher\":{\"@id\":\"https:\/\/jornalfatosenoticias.com.br\/#organization\"},\"potentialAction\":[{\"@type\":\"SearchAction\",\"target\":{\"@type\":\"EntryPoint\",\"urlTemplate\":\"https:\/\/jornalfatosenoticias.com.br\/?s={search_term_string}\"},\"query-input\":{\"@type\":\"PropertyValueSpecification\",\"valueRequired\":true,\"valueName\":\"search_term_string\"}}],\"inLanguage\":\"pt-BR\"},{\"@type\":\"Organization\",\"@id\":\"https:\/\/jornalfatosenoticias.com.br\/#organization\",\"name\":\"Jornal Fatos e Not\u00edcias\",\"url\":\"https:\/\/jornalfatosenoticias.com.br\/\",\"logo\":{\"@type\":\"ImageObject\",\"inLanguage\":\"pt-BR\",\"@id\":\"https:\/\/jornalfatosenoticias.com.br\/#\/schema\/logo\/image\/\",\"url\":\"https:\/\/jornalfatosenoticias.com.br\/wp-content\/uploads\/2020\/02\/logo120.png\",\"contentUrl\":\"https:\/\/jornalfatosenoticias.com.br\/wp-content\/uploads\/2020\/02\/logo120.png\",\"width\":1227,\"height\":120,\"caption\":\"Jornal Fatos e Not\u00edcias\"},\"image\":{\"@id\":\"https:\/\/jornalfatosenoticias.com.br\/#\/schema\/logo\/image\/\"}},{\"@type\":\"Person\",\"@id\":\"https:\/\/jornalfatosenoticias.com.br\/#\/schema\/person\/d63837fa13ac8666eb9e74e0985d6f81\",\"name\":\"Luzimara Fernandes\",\"image\":{\"@type\":\"ImageObject\",\"inLanguage\":\"pt-BR\",\"@id\":\"https:\/\/jornalfatosenoticias.com.br\/#\/schema\/person\/image\/\",\"url\":\"https:\/\/jornalfatosenoticias.com.br\/wp-content\/uploads\/2025\/05\/EU_portal.jpg\",\"contentUrl\":\"https:\/\/jornalfatosenoticias.com.br\/wp-content\/uploads\/2025\/05\/EU_portal.jpg\",\"caption\":\"Luzimara Fernandes\"},\"description\":\"Jornalista MTB 2358-ES\",\"sameAs\":[\"https:\/\/jornalfatosenoticias.com.br\"],\"url\":\"https:\/\/jornalfatosenoticias.com.br\/index.php\/author\/luzimara\/\"}]}<\/script>\n<!-- \/ Yoast SEO plugin. -->","yoast_head_json":{"title":"N\u00e3o \u00e9 s\u00f3 nos EUA: drones sobrevoam base da For\u00e7a A\u00e9rea americana e empresas estrat\u00e9gicas na Alemanha - Jornal Fatos e Not\u00edcias","robots":{"index":"index","follow":"follow","max-snippet":"max-snippet:-1","max-image-preview":"max-image-preview:large","max-video-preview":"max-video-preview:-1"},"canonical":"https:\/\/jornalfatosenoticias.com.br\/index.php\/2024\/12\/18\/nao-e-so-nos-eua-drones-sobrevoam-base-da-forca-aerea-americana-e-empresas-estrategicas-na-alemanha\/","og_locale":"pt_BR","og_type":"article","og_title":"N\u00e3o \u00e9 s\u00f3 nos EUA: drones sobrevoam base da For\u00e7a A\u00e9rea americana e empresas estrat\u00e9gicas na Alemanha - Jornal Fatos e Not\u00edcias","og_description":"Thomas Haldenwang, um dos chefes da intelig\u00eancia alem\u00e3, alertou sobre o aumento das a\u00e7\u00f5es de espionagem e sabotagem russas no pa\u00eds nos \u00faltimos meses Por F\u00e1bio Gal\u00e3o Em meio \u00e0 preocupa\u00e7\u00e3o sobre o avistamento de drones n\u00e3o identificados em v\u00e1rios estados americanos, a For\u00e7a A\u00e9rea dos Estados Unidos confirmou que dispositivos desse tipo foram vistos [&hellip;]","og_url":"https:\/\/jornalfatosenoticias.com.br\/index.php\/2024\/12\/18\/nao-e-so-nos-eua-drones-sobrevoam-base-da-forca-aerea-americana-e-empresas-estrategicas-na-alemanha\/","og_site_name":"Jornal Fatos e Not\u00edcias","article_published_time":"2024-12-18T14:16:49+00:00","article_modified_time":"2024-12-18T14:16:50+00:00","og_image":[{"width":612,"height":451,"url":"https:\/\/jornalfatosenoticias.com.br\/wp-content\/uploads\/2024\/12\/Thomas-Haldenwang_gettyimages.jpg","type":"image\/jpeg"}],"author":"Luzimara Fernandes","twitter_card":"summary_large_image","twitter_misc":{"Escrito por":"Luzimara Fernandes","Est. tempo de leitura":"2 minutos"},"schema":{"@context":"https:\/\/schema.org","@graph":[{"@type":"Article","@id":"https:\/\/jornalfatosenoticias.com.br\/index.php\/2024\/12\/18\/nao-e-so-nos-eua-drones-sobrevoam-base-da-forca-aerea-americana-e-empresas-estrategicas-na-alemanha\/#article","isPartOf":{"@id":"https:\/\/jornalfatosenoticias.com.br\/index.php\/2024\/12\/18\/nao-e-so-nos-eua-drones-sobrevoam-base-da-forca-aerea-americana-e-empresas-estrategicas-na-alemanha\/"},"author":{"name":"Luzimara Fernandes","@id":"https:\/\/jornalfatosenoticias.com.br\/#\/schema\/person\/d63837fa13ac8666eb9e74e0985d6f81"},"headline":"N\u00e3o \u00e9 s\u00f3 nos EUA: drones sobrevoam base da For\u00e7a A\u00e9rea americana e empresas estrat\u00e9gicas na Alemanha","datePublished":"2024-12-18T14:16:49+00:00","dateModified":"2024-12-18T14:16:50+00:00","mainEntityOfPage":{"@id":"https:\/\/jornalfatosenoticias.com.br\/index.php\/2024\/12\/18\/nao-e-so-nos-eua-drones-sobrevoam-base-da-forca-aerea-americana-e-empresas-estrategicas-na-alemanha\/"},"wordCount":443,"commentCount":0,"publisher":{"@id":"https:\/\/jornalfatosenoticias.com.br\/#organization"},"image":{"@id":"https:\/\/jornalfatosenoticias.com.br\/index.php\/2024\/12\/18\/nao-e-so-nos-eua-drones-sobrevoam-base-da-forca-aerea-americana-e-empresas-estrategicas-na-alemanha\/#primaryimage"},"thumbnailUrl":"https:\/\/jornalfatosenoticias.com.br\/wp-content\/uploads\/2024\/12\/Thomas-Haldenwang_gettyimages.jpg","keywords":["Alemanha","drones","Espionagem","EUA","For\u00e7a A\u00e9rea Americana","Guerra na Ucr\u00e2nia","intelig\u00eancia alem\u00e3","R\u00fassia","sabotagem","Thomas Haldenwang"],"articleSection":["Internacional"],"inLanguage":"pt-BR","potentialAction":[{"@type":"CommentAction","name":"Comment","target":["https:\/\/jornalfatosenoticias.com.br\/index.php\/2024\/12\/18\/nao-e-so-nos-eua-drones-sobrevoam-base-da-forca-aerea-americana-e-empresas-estrategicas-na-alemanha\/#respond"]}]},{"@type":"WebPage","@id":"https:\/\/jornalfatosenoticias.com.br\/index.php\/2024\/12\/18\/nao-e-so-nos-eua-drones-sobrevoam-base-da-forca-aerea-americana-e-empresas-estrategicas-na-alemanha\/","url":"https:\/\/jornalfatosenoticias.com.br\/index.php\/2024\/12\/18\/nao-e-so-nos-eua-drones-sobrevoam-base-da-forca-aerea-americana-e-empresas-estrategicas-na-alemanha\/","name":"N\u00e3o \u00e9 s\u00f3 nos EUA: drones sobrevoam base da For\u00e7a A\u00e9rea americana e empresas estrat\u00e9gicas na Alemanha - Jornal Fatos e Not\u00edcias","isPartOf":{"@id":"https:\/\/jornalfatosenoticias.com.br\/#website"},"primaryImageOfPage":{"@id":"https:\/\/jornalfatosenoticias.com.br\/index.php\/2024\/12\/18\/nao-e-so-nos-eua-drones-sobrevoam-base-da-forca-aerea-americana-e-empresas-estrategicas-na-alemanha\/#primaryimage"},"image":{"@id":"https:\/\/jornalfatosenoticias.com.br\/index.php\/2024\/12\/18\/nao-e-so-nos-eua-drones-sobrevoam-base-da-forca-aerea-americana-e-empresas-estrategicas-na-alemanha\/#primaryimage"},"thumbnailUrl":"https:\/\/jornalfatosenoticias.com.br\/wp-content\/uploads\/2024\/12\/Thomas-Haldenwang_gettyimages.jpg","datePublished":"2024-12-18T14:16:49+00:00","dateModified":"2024-12-18T14:16:50+00:00","breadcrumb":{"@id":"https:\/\/jornalfatosenoticias.com.br\/index.php\/2024\/12\/18\/nao-e-so-nos-eua-drones-sobrevoam-base-da-forca-aerea-americana-e-empresas-estrategicas-na-alemanha\/#breadcrumb"},"inLanguage":"pt-BR","potentialAction":[{"@type":"ReadAction","target":["https:\/\/jornalfatosenoticias.com.br\/index.php\/2024\/12\/18\/nao-e-so-nos-eua-drones-sobrevoam-base-da-forca-aerea-americana-e-empresas-estrategicas-na-alemanha\/"]}]},{"@type":"ImageObject","inLanguage":"pt-BR","@id":"https:\/\/jornalfatosenoticias.com.br\/index.php\/2024\/12\/18\/nao-e-so-nos-eua-drones-sobrevoam-base-da-forca-aerea-americana-e-empresas-estrategicas-na-alemanha\/#primaryimage","url":"https:\/\/jornalfatosenoticias.com.br\/wp-content\/uploads\/2024\/12\/Thomas-Haldenwang_gettyimages.jpg","contentUrl":"https:\/\/jornalfatosenoticias.com.br\/wp-content\/uploads\/2024\/12\/Thomas-Haldenwang_gettyimages.jpg","width":612,"height":451,"caption":"16 October 2023, Berlin: Thomas Haldenwang, President of the Federal Office for the Protection of the Constitution, waits for the public hearing to begin in the Bundestag. The Parliamentary Control Committee holds a public hearing of the presidents of the federal intelligence services once a year. Photo: Monika Skolimowska\/dpa (Photo by Monika Skolimowska\/picture alliance via Getty Images)"},{"@type":"BreadcrumbList","@id":"https:\/\/jornalfatosenoticias.com.br\/index.php\/2024\/12\/18\/nao-e-so-nos-eua-drones-sobrevoam-base-da-forca-aerea-americana-e-empresas-estrategicas-na-alemanha\/#breadcrumb","itemListElement":[{"@type":"ListItem","position":1,"name":"In\u00edcio","item":"https:\/\/jornalfatosenoticias.com.br\/"},{"@type":"ListItem","position":2,"name":"N\u00e3o \u00e9 s\u00f3 nos EUA: drones sobrevoam base da For\u00e7a A\u00e9rea americana e empresas estrat\u00e9gicas na Alemanha"}]},{"@type":"WebSite","@id":"https:\/\/jornalfatosenoticias.com.br\/#website","url":"https:\/\/jornalfatosenoticias.com.br\/","name":"Jornal Fatos e Not\u00edcias","description":"Not\u00edcias em geral","publisher":{"@id":"https:\/\/jornalfatosenoticias.com.br\/#organization"},"potentialAction":[{"@type":"SearchAction","target":{"@type":"EntryPoint","urlTemplate":"https:\/\/jornalfatosenoticias.com.br\/?s={search_term_string}"},"query-input":{"@type":"PropertyValueSpecification","valueRequired":true,"valueName":"search_term_string"}}],"inLanguage":"pt-BR"},{"@type":"Organization","@id":"https:\/\/jornalfatosenoticias.com.br\/#organization","name":"Jornal Fatos e Not\u00edcias","url":"https:\/\/jornalfatosenoticias.com.br\/","logo":{"@type":"ImageObject","inLanguage":"pt-BR","@id":"https:\/\/jornalfatosenoticias.com.br\/#\/schema\/logo\/image\/","url":"https:\/\/jornalfatosenoticias.com.br\/wp-content\/uploads\/2020\/02\/logo120.png","contentUrl":"https:\/\/jornalfatosenoticias.com.br\/wp-content\/uploads\/2020\/02\/logo120.png","width":1227,"height":120,"caption":"Jornal Fatos e Not\u00edcias"},"image":{"@id":"https:\/\/jornalfatosenoticias.com.br\/#\/schema\/logo\/image\/"}},{"@type":"Person","@id":"https:\/\/jornalfatosenoticias.com.br\/#\/schema\/person\/d63837fa13ac8666eb9e74e0985d6f81","name":"Luzimara Fernandes","image":{"@type":"ImageObject","inLanguage":"pt-BR","@id":"https:\/\/jornalfatosenoticias.com.br\/#\/schema\/person\/image\/","url":"https:\/\/jornalfatosenoticias.com.br\/wp-content\/uploads\/2025\/05\/EU_portal.jpg","contentUrl":"https:\/\/jornalfatosenoticias.com.br\/wp-content\/uploads\/2025\/05\/EU_portal.jpg","caption":"Luzimara Fernandes"},"description":"Jornalista MTB 2358-ES","sameAs":["https:\/\/jornalfatosenoticias.com.br"],"url":"https:\/\/jornalfatosenoticias.com.br\/index.php\/author\/luzimara\/"}]}},"cc_featured_image_caption":{"caption_text":"(Foto: Getty Images) ","source_text":"","source_url":""},"jetpack_featured_media_url":"https:\/\/jornalfatosenoticias.com.br\/wp-content\/uploads\/2024\/12\/Thomas-Haldenwang_gettyimages.jpg","_links":{"self":[{"href":"https:\/\/jornalfatosenoticias.com.br\/index.php\/wp-json\/wp\/v2\/posts\/56491","targetHints":{"allow":["GET"]}}],"collection":[{"href":"https:\/\/jornalfatosenoticias.com.br\/index.php\/wp-json\/wp\/v2\/posts"}],"about":[{"href":"https:\/\/jornalfatosenoticias.com.br\/index.php\/wp-json\/wp\/v2\/types\/post"}],"author":[{"embeddable":true,"href":"https:\/\/jornalfatosenoticias.com.br\/index.php\/wp-json\/wp\/v2\/users\/2"}],"replies":[{"embeddable":true,"href":"https:\/\/jornalfatosenoticias.com.br\/index.php\/wp-json\/wp\/v2\/comments?post=56491"}],"version-history":[{"count":0,"href":"https:\/\/jornalfatosenoticias.com.br\/index.php\/wp-json\/wp\/v2\/posts\/56491\/revisions"}],"wp:featuredmedia":[{"embeddable":true,"href":"https:\/\/jornalfatosenoticias.com.br\/index.php\/wp-json\/wp\/v2\/media\/56492"}],"wp:attachment":[{"href":"https:\/\/jornalfatosenoticias.com.br\/index.php\/wp-json\/wp\/v2\/media?parent=56491"}],"wp:term":[{"taxonomy":"category","embeddable":true,"href":"https:\/\/jornalfatosenoticias.com.br\/index.php\/wp-json\/wp\/v2\/categories?post=56491"},{"taxonomy":"post_tag","embeddable":true,"href":"https:\/\/jornalfatosenoticias.com.br\/index.php\/wp-json\/wp\/v2\/tags?post=56491"}],"curies":[{"name":"wp","href":"https:\/\/api.w.org\/{rel}","templated":true}]}}