{"id":56505,"date":"2024-12-19T13:49:12","date_gmt":"2024-12-19T16:49:12","guid":{"rendered":"https:\/\/jornalfatosenoticias.com.br\/?p=56505"},"modified":"2024-12-19T13:49:13","modified_gmt":"2024-12-19T16:49:13","slug":"reforma-tributaria-e-a-utilizacao-dos-creditos-tributarios","status":"publish","type":"post","link":"https:\/\/jornalfatosenoticias.com.br\/index.php\/2024\/12\/19\/reforma-tributaria-e-a-utilizacao-dos-creditos-tributarios\/","title":{"rendered":"Reforma tribut\u00e1ria e a utiliza\u00e7\u00e3o dos cr\u00e9ditos tribut\u00e1rios"},"content":{"rendered":"\n<p><em><span class=\"has-inline-color has-black-color\">Com a reforma tribut\u00e1ria cada vez mais pr\u00f3xima, \u00e9 essencial que as empresas se preparem para essa transforma\u00e7\u00e3o significativa no sistema tribut\u00e1rio brasileiro<\/span><\/em><\/p>\n\n\n\n<p><span class=\"has-inline-color has-black-color\">Por<\/span>\u00a0<strong><a href=\"https:\/\/jornalfatosenoticias.com.br\/index.php\/2024\/11\/07\/empresas-de-transporte-coletivo-de-passageiros-creditos-cofins-e-pis-o-novo-incentivo\/\">Rogerio Fernandes da Silva &amp; Kalyne Calais<\/a><\/strong><\/p>\n\n\n\n<div class=\"wp-block-image is-style-rounded\"><figure class=\"alignleft size-large\"><img loading=\"lazy\" decoding=\"async\" width=\"120\" height=\"60\" src=\"https:\/\/jornalfatosenoticias.com.br\/wp-content\/uploads\/2024\/09\/Legis_Juris_Consultoria_Rogerio_e_Kalyne-Portal.jpg\" alt=\"\" class=\"wp-image-53912\"\/><\/figure><\/div>\n\n\n\n<p>No dia 17 de dezembro de 2024, a C\u00e2mara dos Deputados aprovou um dos projetos que regulamentam a reforma tribut\u00e1ria, previamente revisado pelo Senado e devolvido com altera\u00e7\u00f5es. O texto, agora, segue para san\u00e7\u00e3o presidencial. Trata-se do <strong><a href=\"https:\/\/www.camara.leg.br\/proposicoesWeb\/fichadetramitacao?idProposicao=2430143\">Projeto de Lei Complementar (PLP) 68\/24,<\/a><\/strong> de autoria do Poder Executivo, que detalha os regimes com redu\u00e7\u00e3o ou isen\u00e7\u00e3o tribut\u00e1ria, o mecanismo de devolu\u00e7\u00e3o de tributos para consumidores de baixa renda (cashback), as regras para compras internacionais realizadas pela internet e a integra\u00e7\u00e3o dos sistemas de pagamento ao sistema de arrecada\u00e7\u00e3o.<br>Com a reforma tribut\u00e1ria cada vez mais pr\u00f3xima, \u00e9 essencial que as empresas se preparem para essa transforma\u00e7\u00e3o significativa no sistema tribut\u00e1rio brasileiro.<\/p>\n\n\n\n<div class=\"wp-block-image\"><figure class=\"aligncenter size-large is-resized\"><a href=\"https:\/\/www.legisjuris.com.br\/\"><img loading=\"lazy\" decoding=\"async\" src=\"https:\/\/jornalfatosenoticias.com.br\/wp-content\/uploads\/2024\/09\/Legis-Juris-Consultoria_logo.jpg\" alt=\"\" class=\"wp-image-53915\" width=\"422\" height=\"177\" srcset=\"https:\/\/jornalfatosenoticias.com.br\/wp-content\/uploads\/2024\/09\/Legis-Juris-Consultoria_logo.jpg 969w, https:\/\/jornalfatosenoticias.com.br\/wp-content\/uploads\/2024\/09\/Legis-Juris-Consultoria_logo-300x126.jpg 300w, https:\/\/jornalfatosenoticias.com.br\/wp-content\/uploads\/2024\/09\/Legis-Juris-Consultoria_logo-768x322.jpg 768w\" sizes=\"auto, (max-width: 422px) 100vw, 422px\" \/><\/a><\/figure><\/div>\n\n\n\n<p><span class=\"has-inline-color has-black-color\"><span style=\"text-decoration: underline;\"><strong>LINHA DO TEMPO DE TRANSI\u00c7\u00c3O DA REFORMA TRIBUT\u00c1RIA<br><\/strong><\/span><\/span>O novo modelo de tributa\u00e7\u00e3o sobre o consumo ser\u00e1 implantado gradualmente, passando por um per\u00edodo de testes e transi\u00e7\u00e3o a partir de 2026. A substitui\u00e7\u00e3o completa do sistema tribut\u00e1rio nacional ocorrer\u00e1 somente em 2033, quando os atuais ICMS e ISS ser\u00e3o extintos.<\/p>\n\n\n\n<div class=\"wp-block-image\"><figure class=\"aligncenter size-large is-resized\"><a href=\"https:\/\/panper.com.br\/\"><img loading=\"lazy\" decoding=\"async\" src=\"https:\/\/jornalfatosenoticias.com.br\/wp-content\/uploads\/2023\/03\/logo-Panper_portal.jpg\" alt=\"\" class=\"wp-image-40208\" width=\"322\" height=\"223\" srcset=\"https:\/\/jornalfatosenoticias.com.br\/wp-content\/uploads\/2023\/03\/logo-Panper_portal.jpg 400w, https:\/\/jornalfatosenoticias.com.br\/wp-content\/uploads\/2023\/03\/logo-Panper_portal-300x208.jpg 300w\" sizes=\"auto, (max-width: 322px) 100vw, 322px\" \/><\/a><\/figure><\/div>\n\n\n\n<p>Essas mudan\u00e7as est\u00e3o previstas na Emenda Constitucional 132, de 2023, que deu in\u00edcio \u00e0 reforma tribut\u00e1ria com sua promulga\u00e7\u00e3o em dezembro do ano passado, e no primeiro projeto de regulamenta\u00e7\u00e3o, o PLP 68\/24, aprovado pela C\u00e2mara dos Deputados em 17 de dezembro de 2024.<\/p>\n\n\n\n<div class=\"wp-block-image\"><figure class=\"aligncenter size-large\"><img loading=\"lazy\" decoding=\"async\" width=\"755\" height=\"1024\" src=\"https:\/\/jornalfatosenoticias.com.br\/wp-content\/uploads\/2024\/12\/linha-do-tempo-RT_Kalyne.jpg\" alt=\"\" class=\"wp-image-56506\" srcset=\"https:\/\/jornalfatosenoticias.com.br\/wp-content\/uploads\/2024\/12\/linha-do-tempo-RT_Kalyne.jpg 755w, https:\/\/jornalfatosenoticias.com.br\/wp-content\/uploads\/2024\/12\/linha-do-tempo-RT_Kalyne-221x300.jpg 221w\" sizes=\"auto, (max-width: 755px) 100vw, 755px\" \/><figcaption><span class=\"has-inline-color has-black-color\"><em><strong>Fonte:<\/strong> Legis e Juris<\/em><\/span><\/figcaption><\/figure><\/div>\n\n\n\n<p><span class=\"has-inline-color has-black-color\"><strong><span style=\"text-decoration: underline;\">CR\u00c9DITOS TRIBUT\u00c1RIOS ACUMULADOS \u2014 COMO SER\u00c3O UTILIZADOS NA REFORMA TRIBUT\u00c1RIA<br><\/span><\/strong><\/span>Com a reforma, os cr\u00e9ditos acumulados de PIS, COFINS e IPI passar\u00e3o por mudan\u00e7as significativas em sua forma de utiliza\u00e7\u00e3o. A partir de 2033, a previs\u00e3o \u00e9 que esses cr\u00e9ditos possam ser compensados com a nova Contribui\u00e7\u00e3o sobre Bens e Servi\u00e7os (CBS) ou, alternativamente, ressarcidos em dinheiro.<\/p>\n\n\n\n<div class=\"wp-block-image\"><figure class=\"aligncenter size-large is-resized\"><a href=\"https:\/\/www.instagram.com\/serra4x4cambioautomatico\/\"><img loading=\"lazy\" decoding=\"async\" src=\"https:\/\/jornalfatosenoticias.com.br\/wp-content\/uploads\/2024\/08\/Serra-4x4-1-886x1024.jpg\" alt=\"\" class=\"wp-image-53632\" width=\"284\" height=\"328\" srcset=\"https:\/\/jornalfatosenoticias.com.br\/wp-content\/uploads\/2024\/08\/Serra-4x4-1-886x1024.jpg 886w, https:\/\/jornalfatosenoticias.com.br\/wp-content\/uploads\/2024\/08\/Serra-4x4-1-260x300.jpg 260w, https:\/\/jornalfatosenoticias.com.br\/wp-content\/uploads\/2024\/08\/Serra-4x4-1-768x888.jpg 768w, https:\/\/jornalfatosenoticias.com.br\/wp-content\/uploads\/2024\/08\/Serra-4x4-1.jpg 1181w\" sizes=\"auto, (max-width: 284px) 100vw, 284px\" \/><\/a><\/figure><\/div>\n\n\n\n<p>Contudo, h\u00e1 um ponto de aten\u00e7\u00e3o: o preocupante e que esta inje\u00e7\u00e3o de cr\u00e9ditos no fluxo de caixa das empresas, somente ocorrer\u00e1 em at\u00e9 240 parcelas, ao longo de at\u00e9 20 anos, mesmo que atualizadas pelo IPCA. Isso pode impactar o fluxo de caixa das empresas, tornando imprescind\u00edvel um planejamento financeiro eficaz<br>Outro aspecto crucial \u00e9 a homologa\u00e7\u00e3o dos cr\u00e9ditos at\u00e9 2032. Apenas os cr\u00e9ditos devidamente homologados poder\u00e3o ser utilizados na nova sistem\u00e1tica.<\/p>\n\n\n\n<div class=\"wp-block-image\"><figure class=\"aligncenter size-large\"><a href=\"https:\/\/www.facebook.com\/vetor.vix\/\"><img loading=\"lazy\" decoding=\"async\" width=\"1024\" height=\"273\" src=\"https:\/\/jornalfatosenoticias.com.br\/wp-content\/uploads\/2023\/09\/vetorvix1024_1.jpg\" alt=\"\" class=\"wp-image-44868\" srcset=\"https:\/\/jornalfatosenoticias.com.br\/wp-content\/uploads\/2023\/09\/vetorvix1024_1.jpg 1024w, https:\/\/jornalfatosenoticias.com.br\/wp-content\/uploads\/2023\/09\/vetorvix1024_1-300x80.jpg 300w, https:\/\/jornalfatosenoticias.com.br\/wp-content\/uploads\/2023\/09\/vetorvix1024_1-768x205.jpg 768w\" sizes=\"auto, (max-width: 1024px) 100vw, 1024px\" \/><\/a><\/figure><\/div>\n\n\n\n<p><span class=\"has-inline-color has-black-color\"><strong><span style=\"text-decoration: underline;\">HOMOLOGA\u00c7\u00c3O DOS CR\u00c9DITOS TRIBUT\u00c1RIOS<br><\/span><\/strong><\/span>Para garantir a homologa\u00e7\u00e3o dos cr\u00e9ditos tribut\u00e1rios acumulados antes da reforma, as empresas devem seguir alguns passos essenciais:<br><strong>1. Comprova\u00e7\u00e3o de pagamentos efetivos:<\/strong> Ser\u00e1 necess\u00e1rio comprovar, por meio de documenta\u00e7\u00e3o fiscal eletr\u00f4nica, que os tributos (PIS, COFINS e IPI) foram efetivamente recolhidos pelos fornecedores.<br><strong>2. Planejamento financeiro:<\/strong> Os cr\u00e9ditos homologados poder\u00e3o ser usados para compensar a nova CBS em at\u00e9 240 parcelas, exigindo das empresas um rigoroso planejamento financeiro para minimizar os impactos no fluxo de caixa.<\/p>\n\n\n\n<div class=\"wp-block-image\"><figure class=\"aligncenter size-large\"><a href=\"http:\/\/www.ferrarimaquinas.com.br\/\"><img loading=\"lazy\" decoding=\"async\" width=\"300\" height=\"250\" src=\"https:\/\/jornalfatosenoticias.com.br\/wp-content\/uploads\/2022\/02\/FERRARI_MAQUINAS-E-FERRAMENTAS2.jpg\" alt=\"\" class=\"wp-image-27860\"\/><\/a><\/figure><\/div>\n\n\n\n<p><strong><span class=\"has-inline-color has-black-color\"><span style=\"text-decoration: underline;\">RESSARCIMENTO EM DINHEIRO<br><\/span><\/span><\/strong>Caso os cr\u00e9ditos n\u00e3o sejam utilizados para compensa\u00e7\u00e3o, as empresas poder\u00e3o solicitar o ressarcimento em dinheiro. No entanto, o prazo para que isso ocorra ainda precisa ser regulamentado, gerando incertezas que exigem aten\u00e7\u00e3o.<\/p>\n\n\n\n<div class=\"wp-block-image\"><figure class=\"aligncenter size-large is-resized\"><a href=\"https:\/\/www.facebook.com\/profile.php?id=100069289606145\"><img loading=\"lazy\" decoding=\"async\" src=\"https:\/\/jornalfatosenoticias.com.br\/wp-content\/uploads\/2024\/11\/Guaitolini-Contabilidade-1024x714.jpeg\" alt=\"\" class=\"wp-image-55808\" width=\"314\" height=\"219\" srcset=\"https:\/\/jornalfatosenoticias.com.br\/wp-content\/uploads\/2024\/11\/Guaitolini-Contabilidade-1024x714.jpeg 1024w, https:\/\/jornalfatosenoticias.com.br\/wp-content\/uploads\/2024\/11\/Guaitolini-Contabilidade-300x209.jpeg 300w, https:\/\/jornalfatosenoticias.com.br\/wp-content\/uploads\/2024\/11\/Guaitolini-Contabilidade-768x535.jpeg 768w, https:\/\/jornalfatosenoticias.com.br\/wp-content\/uploads\/2024\/11\/Guaitolini-Contabilidade.jpeg 1280w\" sizes=\"auto, (max-width: 314px) 100vw, 314px\" \/><\/a><\/figure><\/div>\n\n\n\n<p><strong><span class=\"has-inline-color has-black-color\"><span style=\"text-decoration: underline;\">OR\u00c7AMENTO TRIBUT\u00c1RIO: UMA ESTRAT\u00c9GIA ESSENCIAL<br><\/span><\/span><\/strong>A cria\u00e7\u00e3o de um or\u00e7amento tribut\u00e1rio s\u00f3lido ser\u00e1 fundamental para que as empresas enfrentem a transi\u00e7\u00e3o trazida pela reforma de forma eficiente. Al\u00e9m de mitigar riscos financeiros e garantir a liquidez necess\u00e1ria, essa ferramenta permitir\u00e1 aproveitar as oportunidades trazidas pelas novas regras tribut\u00e1rias, assegurando uma gest\u00e3o fiscal sustent\u00e1vel e estrat\u00e9gica.<\/p>\n\n\n\n<div class=\"wp-block-image\"><figure class=\"aligncenter size-large is-resized\"><a href=\"https:\/\/www.instagram.com\/esteiochurrascaria\/\"><img loading=\"lazy\" decoding=\"async\" src=\"https:\/\/jornalfatosenoticias.com.br\/wp-content\/uploads\/2022\/02\/LOGO-ESTEIO-1024x730.png\" alt=\"\" class=\"wp-image-27942\" width=\"317\" height=\"226\" srcset=\"https:\/\/jornalfatosenoticias.com.br\/wp-content\/uploads\/2022\/02\/LOGO-ESTEIO-1024x730.png 1024w, https:\/\/jornalfatosenoticias.com.br\/wp-content\/uploads\/2022\/02\/LOGO-ESTEIO-300x214.png 300w, https:\/\/jornalfatosenoticias.com.br\/wp-content\/uploads\/2022\/02\/LOGO-ESTEIO-768x548.png 768w, https:\/\/jornalfatosenoticias.com.br\/wp-content\/uploads\/2022\/02\/LOGO-ESTEIO.png 1123w\" sizes=\"auto, (max-width: 317px) 100vw, 317px\" \/><\/a><\/figure><\/div>\n\n\n\n<blockquote class=\"wp-block-quote is-layout-flow wp-block-quote-is-layout-flow\"><p><span class=\"has-inline-color has-luminous-vivid-orange-color\">Feliz Natal e um pr\u00f3spero Ano-Novo!<\/span><\/p><p><span class=\"has-inline-color has-luminous-vivid-orange-color\">A melhor maneira de colher bons frutos no pr\u00f3ximo ano \u00e9 escolher com sabedoria as sementes que voc\u00ea planta hoje<\/span><\/p><\/blockquote>\n\n\n\n<p><br><em><span class=\"has-inline-color has-black-color\">At\u00e9 a pr\u00f3xima semana, com mais estrat\u00e9gias para ajudar voc\u00ea a economizar tributos!<\/span><\/em><\/p>\n\n\n\n<div class=\"wp-block-image\"><figure class=\"alignleft size-large is-resized\"><img decoding=\"async\" src=\"https:\/\/jornalfatosenoticias.com.br\/wp-content\/uploads\/2024\/10\/rogerio-fernandes-e-kalyne-calais_PORTAL.jpg\" alt=\"\" class=\"wp-image-55150\" width=\"-120\" height=\"-59\" srcset=\"https:\/\/jornalfatosenoticias.com.br\/wp-content\/uploads\/2024\/10\/rogerio-fernandes-e-kalyne-calais_PORTAL.jpg 755w, https:\/\/jornalfatosenoticias.com.br\/wp-content\/uploads\/2024\/10\/rogerio-fernandes-e-kalyne-calais_PORTAL-300x149.jpg 300w\" sizes=\"(max-width: 755px) 100vw, 755px\" \/><\/figure><\/div>\n","protected":false},"excerpt":{"rendered":"<p>Com a reforma tribut\u00e1ria cada vez mais pr\u00f3xima, \u00e9 essencial que as empresas se preparem para essa transforma\u00e7\u00e3o significativa no sistema tribut\u00e1rio brasileiro Por\u00a0Rogerio Fernandes da Silva &amp; Kalyne Calais No dia 17 de dezembro de 2024, a C\u00e2mara dos Deputados aprovou um dos projetos que regulamentam a reforma tribut\u00e1ria, previamente revisado pelo Senado e [&hellip;]<\/p>\n","protected":false},"author":2,"featured_media":56507,"comment_status":"open","ping_status":"open","sticky":false,"template":"","format":"standard","meta":{"footnotes":""},"categories":[9],"tags":[24555,6677,4046,25786],"class_list":["post-56505","post","type-post","status-publish","format-standard","has-post-thumbnail","hentry","category-economia","tag-creditos-tributarios","tag-projeto-de-lei-complementar","tag-reforma-tributaria","tag-sistema-tributario-brasileiro"],"yoast_head":"<!-- This site is optimized with the Yoast SEO plugin v26.5 - https:\/\/yoast.com\/wordpress\/plugins\/seo\/ -->\n<title>Reforma tribut\u00e1ria e a utiliza\u00e7\u00e3o dos cr\u00e9ditos tribut\u00e1rios - Jornal Fatos e Not\u00edcias<\/title>\n<meta name=\"robots\" content=\"index, follow, max-snippet:-1, max-image-preview:large, max-video-preview:-1\" \/>\n<link rel=\"canonical\" href=\"https:\/\/jornalfatosenoticias.com.br\/index.php\/2024\/12\/19\/reforma-tributaria-e-a-utilizacao-dos-creditos-tributarios\/\" \/>\n<meta property=\"og:locale\" content=\"pt_BR\" \/>\n<meta property=\"og:type\" content=\"article\" \/>\n<meta property=\"og:title\" content=\"Reforma tribut\u00e1ria e a utiliza\u00e7\u00e3o dos cr\u00e9ditos tribut\u00e1rios - Jornal Fatos e Not\u00edcias\" \/>\n<meta property=\"og:description\" content=\"Com a reforma tribut\u00e1ria cada vez mais pr\u00f3xima, \u00e9 essencial que as empresas se preparem para essa transforma\u00e7\u00e3o significativa no sistema tribut\u00e1rio brasileiro Por\u00a0Rogerio Fernandes da Silva &amp; Kalyne Calais No dia 17 de dezembro de 2024, a C\u00e2mara dos Deputados aprovou um dos projetos que regulamentam a reforma tribut\u00e1ria, previamente revisado pelo Senado e [&hellip;]\" \/>\n<meta property=\"og:url\" content=\"https:\/\/jornalfatosenoticias.com.br\/index.php\/2024\/12\/19\/reforma-tributaria-e-a-utilizacao-dos-creditos-tributarios\/\" \/>\n<meta property=\"og:site_name\" content=\"Jornal Fatos e Not\u00edcias\" \/>\n<meta property=\"article:published_time\" content=\"2024-12-19T16:49:12+00:00\" \/>\n<meta property=\"article:modified_time\" content=\"2024-12-19T16:49:13+00:00\" \/>\n<meta property=\"og:image\" content=\"https:\/\/jornalfatosenoticias.com.br\/wp-content\/uploads\/2024\/12\/reforma-tributaria_Pinterest.jpg\" \/>\n\t<meta property=\"og:image:width\" content=\"735\" \/>\n\t<meta property=\"og:image:height\" content=\"420\" \/>\n\t<meta property=\"og:image:type\" content=\"image\/jpeg\" \/>\n<meta name=\"author\" content=\"Luzimara Fernandes\" \/>\n<meta name=\"twitter:card\" content=\"summary_large_image\" \/>\n<meta name=\"twitter:label1\" content=\"Escrito por\" \/>\n\t<meta name=\"twitter:data1\" content=\"Luzimara Fernandes\" \/>\n\t<meta name=\"twitter:label2\" content=\"Est. tempo de leitura\" \/>\n\t<meta name=\"twitter:data2\" content=\"3 minutos\" \/>\n<script type=\"application\/ld+json\" class=\"yoast-schema-graph\">{\"@context\":\"https:\/\/schema.org\",\"@graph\":[{\"@type\":\"Article\",\"@id\":\"https:\/\/jornalfatosenoticias.com.br\/index.php\/2024\/12\/19\/reforma-tributaria-e-a-utilizacao-dos-creditos-tributarios\/#article\",\"isPartOf\":{\"@id\":\"https:\/\/jornalfatosenoticias.com.br\/index.php\/2024\/12\/19\/reforma-tributaria-e-a-utilizacao-dos-creditos-tributarios\/\"},\"author\":{\"name\":\"Luzimara Fernandes\",\"@id\":\"https:\/\/jornalfatosenoticias.com.br\/#\/schema\/person\/d63837fa13ac8666eb9e74e0985d6f81\"},\"headline\":\"Reforma tribut\u00e1ria e a utiliza\u00e7\u00e3o dos cr\u00e9ditos tribut\u00e1rios\",\"datePublished\":\"2024-12-19T16:49:12+00:00\",\"dateModified\":\"2024-12-19T16:49:13+00:00\",\"mainEntityOfPage\":{\"@id\":\"https:\/\/jornalfatosenoticias.com.br\/index.php\/2024\/12\/19\/reforma-tributaria-e-a-utilizacao-dos-creditos-tributarios\/\"},\"wordCount\":657,\"commentCount\":0,\"publisher\":{\"@id\":\"https:\/\/jornalfatosenoticias.com.br\/#organization\"},\"image\":{\"@id\":\"https:\/\/jornalfatosenoticias.com.br\/index.php\/2024\/12\/19\/reforma-tributaria-e-a-utilizacao-dos-creditos-tributarios\/#primaryimage\"},\"thumbnailUrl\":\"https:\/\/jornalfatosenoticias.com.br\/wp-content\/uploads\/2024\/12\/reforma-tributaria_Pinterest.jpg\",\"keywords\":[\"cr\u00e9ditos tribut\u00e1rios\",\"Projeto de Lei Complementar\",\"Reforma Tribut\u00e1ria\",\"sistema tribut\u00e1rio brasileiro\"],\"articleSection\":[\"Economia\"],\"inLanguage\":\"pt-BR\",\"potentialAction\":[{\"@type\":\"CommentAction\",\"name\":\"Comment\",\"target\":[\"https:\/\/jornalfatosenoticias.com.br\/index.php\/2024\/12\/19\/reforma-tributaria-e-a-utilizacao-dos-creditos-tributarios\/#respond\"]}]},{\"@type\":\"WebPage\",\"@id\":\"https:\/\/jornalfatosenoticias.com.br\/index.php\/2024\/12\/19\/reforma-tributaria-e-a-utilizacao-dos-creditos-tributarios\/\",\"url\":\"https:\/\/jornalfatosenoticias.com.br\/index.php\/2024\/12\/19\/reforma-tributaria-e-a-utilizacao-dos-creditos-tributarios\/\",\"name\":\"Reforma tribut\u00e1ria e a utiliza\u00e7\u00e3o dos cr\u00e9ditos tribut\u00e1rios - Jornal Fatos e Not\u00edcias\",\"isPartOf\":{\"@id\":\"https:\/\/jornalfatosenoticias.com.br\/#website\"},\"primaryImageOfPage\":{\"@id\":\"https:\/\/jornalfatosenoticias.com.br\/index.php\/2024\/12\/19\/reforma-tributaria-e-a-utilizacao-dos-creditos-tributarios\/#primaryimage\"},\"image\":{\"@id\":\"https:\/\/jornalfatosenoticias.com.br\/index.php\/2024\/12\/19\/reforma-tributaria-e-a-utilizacao-dos-creditos-tributarios\/#primaryimage\"},\"thumbnailUrl\":\"https:\/\/jornalfatosenoticias.com.br\/wp-content\/uploads\/2024\/12\/reforma-tributaria_Pinterest.jpg\",\"datePublished\":\"2024-12-19T16:49:12+00:00\",\"dateModified\":\"2024-12-19T16:49:13+00:00\",\"breadcrumb\":{\"@id\":\"https:\/\/jornalfatosenoticias.com.br\/index.php\/2024\/12\/19\/reforma-tributaria-e-a-utilizacao-dos-creditos-tributarios\/#breadcrumb\"},\"inLanguage\":\"pt-BR\",\"potentialAction\":[{\"@type\":\"ReadAction\",\"target\":[\"https:\/\/jornalfatosenoticias.com.br\/index.php\/2024\/12\/19\/reforma-tributaria-e-a-utilizacao-dos-creditos-tributarios\/\"]}]},{\"@type\":\"ImageObject\",\"inLanguage\":\"pt-BR\",\"@id\":\"https:\/\/jornalfatosenoticias.com.br\/index.php\/2024\/12\/19\/reforma-tributaria-e-a-utilizacao-dos-creditos-tributarios\/#primaryimage\",\"url\":\"https:\/\/jornalfatosenoticias.com.br\/wp-content\/uploads\/2024\/12\/reforma-tributaria_Pinterest.jpg\",\"contentUrl\":\"https:\/\/jornalfatosenoticias.com.br\/wp-content\/uploads\/2024\/12\/reforma-tributaria_Pinterest.jpg\",\"width\":735,\"height\":420},{\"@type\":\"BreadcrumbList\",\"@id\":\"https:\/\/jornalfatosenoticias.com.br\/index.php\/2024\/12\/19\/reforma-tributaria-e-a-utilizacao-dos-creditos-tributarios\/#breadcrumb\",\"itemListElement\":[{\"@type\":\"ListItem\",\"position\":1,\"name\":\"In\u00edcio\",\"item\":\"https:\/\/jornalfatosenoticias.com.br\/\"},{\"@type\":\"ListItem\",\"position\":2,\"name\":\"Reforma tribut\u00e1ria e a utiliza\u00e7\u00e3o dos cr\u00e9ditos tribut\u00e1rios\"}]},{\"@type\":\"WebSite\",\"@id\":\"https:\/\/jornalfatosenoticias.com.br\/#website\",\"url\":\"https:\/\/jornalfatosenoticias.com.br\/\",\"name\":\"Jornal Fatos e Not\u00edcias\",\"description\":\"Not\u00edcias em geral\",\"publisher\":{\"@id\":\"https:\/\/jornalfatosenoticias.com.br\/#organization\"},\"potentialAction\":[{\"@type\":\"SearchAction\",\"target\":{\"@type\":\"EntryPoint\",\"urlTemplate\":\"https:\/\/jornalfatosenoticias.com.br\/?s={search_term_string}\"},\"query-input\":{\"@type\":\"PropertyValueSpecification\",\"valueRequired\":true,\"valueName\":\"search_term_string\"}}],\"inLanguage\":\"pt-BR\"},{\"@type\":\"Organization\",\"@id\":\"https:\/\/jornalfatosenoticias.com.br\/#organization\",\"name\":\"Jornal Fatos e Not\u00edcias\",\"url\":\"https:\/\/jornalfatosenoticias.com.br\/\",\"logo\":{\"@type\":\"ImageObject\",\"inLanguage\":\"pt-BR\",\"@id\":\"https:\/\/jornalfatosenoticias.com.br\/#\/schema\/logo\/image\/\",\"url\":\"https:\/\/jornalfatosenoticias.com.br\/wp-content\/uploads\/2020\/02\/logo120.png\",\"contentUrl\":\"https:\/\/jornalfatosenoticias.com.br\/wp-content\/uploads\/2020\/02\/logo120.png\",\"width\":1227,\"height\":120,\"caption\":\"Jornal Fatos e Not\u00edcias\"},\"image\":{\"@id\":\"https:\/\/jornalfatosenoticias.com.br\/#\/schema\/logo\/image\/\"}},{\"@type\":\"Person\",\"@id\":\"https:\/\/jornalfatosenoticias.com.br\/#\/schema\/person\/d63837fa13ac8666eb9e74e0985d6f81\",\"name\":\"Luzimara Fernandes\",\"image\":{\"@type\":\"ImageObject\",\"inLanguage\":\"pt-BR\",\"@id\":\"https:\/\/jornalfatosenoticias.com.br\/#\/schema\/person\/image\/\",\"url\":\"https:\/\/jornalfatosenoticias.com.br\/wp-content\/uploads\/2025\/05\/EU_portal.jpg\",\"contentUrl\":\"https:\/\/jornalfatosenoticias.com.br\/wp-content\/uploads\/2025\/05\/EU_portal.jpg\",\"caption\":\"Luzimara Fernandes\"},\"description\":\"Jornalista MTB 2358-ES\",\"sameAs\":[\"https:\/\/jornalfatosenoticias.com.br\"],\"url\":\"https:\/\/jornalfatosenoticias.com.br\/index.php\/author\/luzimara\/\"}]}<\/script>\n<!-- \/ Yoast SEO plugin. -->","yoast_head_json":{"title":"Reforma tribut\u00e1ria e a utiliza\u00e7\u00e3o dos cr\u00e9ditos tribut\u00e1rios - Jornal Fatos e Not\u00edcias","robots":{"index":"index","follow":"follow","max-snippet":"max-snippet:-1","max-image-preview":"max-image-preview:large","max-video-preview":"max-video-preview:-1"},"canonical":"https:\/\/jornalfatosenoticias.com.br\/index.php\/2024\/12\/19\/reforma-tributaria-e-a-utilizacao-dos-creditos-tributarios\/","og_locale":"pt_BR","og_type":"article","og_title":"Reforma tribut\u00e1ria e a utiliza\u00e7\u00e3o dos cr\u00e9ditos tribut\u00e1rios - Jornal Fatos e Not\u00edcias","og_description":"Com a reforma tribut\u00e1ria cada vez mais pr\u00f3xima, \u00e9 essencial que as empresas se preparem para essa transforma\u00e7\u00e3o significativa no sistema tribut\u00e1rio brasileiro Por\u00a0Rogerio Fernandes da Silva &amp; Kalyne Calais No dia 17 de dezembro de 2024, a C\u00e2mara dos Deputados aprovou um dos projetos que regulamentam a reforma tribut\u00e1ria, previamente revisado pelo Senado e [&hellip;]","og_url":"https:\/\/jornalfatosenoticias.com.br\/index.php\/2024\/12\/19\/reforma-tributaria-e-a-utilizacao-dos-creditos-tributarios\/","og_site_name":"Jornal Fatos e Not\u00edcias","article_published_time":"2024-12-19T16:49:12+00:00","article_modified_time":"2024-12-19T16:49:13+00:00","og_image":[{"width":735,"height":420,"url":"https:\/\/jornalfatosenoticias.com.br\/wp-content\/uploads\/2024\/12\/reforma-tributaria_Pinterest.jpg","type":"image\/jpeg"}],"author":"Luzimara Fernandes","twitter_card":"summary_large_image","twitter_misc":{"Escrito por":"Luzimara Fernandes","Est. tempo de leitura":"3 minutos"},"schema":{"@context":"https:\/\/schema.org","@graph":[{"@type":"Article","@id":"https:\/\/jornalfatosenoticias.com.br\/index.php\/2024\/12\/19\/reforma-tributaria-e-a-utilizacao-dos-creditos-tributarios\/#article","isPartOf":{"@id":"https:\/\/jornalfatosenoticias.com.br\/index.php\/2024\/12\/19\/reforma-tributaria-e-a-utilizacao-dos-creditos-tributarios\/"},"author":{"name":"Luzimara Fernandes","@id":"https:\/\/jornalfatosenoticias.com.br\/#\/schema\/person\/d63837fa13ac8666eb9e74e0985d6f81"},"headline":"Reforma tribut\u00e1ria e a utiliza\u00e7\u00e3o dos cr\u00e9ditos tribut\u00e1rios","datePublished":"2024-12-19T16:49:12+00:00","dateModified":"2024-12-19T16:49:13+00:00","mainEntityOfPage":{"@id":"https:\/\/jornalfatosenoticias.com.br\/index.php\/2024\/12\/19\/reforma-tributaria-e-a-utilizacao-dos-creditos-tributarios\/"},"wordCount":657,"commentCount":0,"publisher":{"@id":"https:\/\/jornalfatosenoticias.com.br\/#organization"},"image":{"@id":"https:\/\/jornalfatosenoticias.com.br\/index.php\/2024\/12\/19\/reforma-tributaria-e-a-utilizacao-dos-creditos-tributarios\/#primaryimage"},"thumbnailUrl":"https:\/\/jornalfatosenoticias.com.br\/wp-content\/uploads\/2024\/12\/reforma-tributaria_Pinterest.jpg","keywords":["cr\u00e9ditos tribut\u00e1rios","Projeto de Lei Complementar","Reforma Tribut\u00e1ria","sistema tribut\u00e1rio brasileiro"],"articleSection":["Economia"],"inLanguage":"pt-BR","potentialAction":[{"@type":"CommentAction","name":"Comment","target":["https:\/\/jornalfatosenoticias.com.br\/index.php\/2024\/12\/19\/reforma-tributaria-e-a-utilizacao-dos-creditos-tributarios\/#respond"]}]},{"@type":"WebPage","@id":"https:\/\/jornalfatosenoticias.com.br\/index.php\/2024\/12\/19\/reforma-tributaria-e-a-utilizacao-dos-creditos-tributarios\/","url":"https:\/\/jornalfatosenoticias.com.br\/index.php\/2024\/12\/19\/reforma-tributaria-e-a-utilizacao-dos-creditos-tributarios\/","name":"Reforma tribut\u00e1ria e a utiliza\u00e7\u00e3o dos cr\u00e9ditos tribut\u00e1rios - Jornal Fatos e Not\u00edcias","isPartOf":{"@id":"https:\/\/jornalfatosenoticias.com.br\/#website"},"primaryImageOfPage":{"@id":"https:\/\/jornalfatosenoticias.com.br\/index.php\/2024\/12\/19\/reforma-tributaria-e-a-utilizacao-dos-creditos-tributarios\/#primaryimage"},"image":{"@id":"https:\/\/jornalfatosenoticias.com.br\/index.php\/2024\/12\/19\/reforma-tributaria-e-a-utilizacao-dos-creditos-tributarios\/#primaryimage"},"thumbnailUrl":"https:\/\/jornalfatosenoticias.com.br\/wp-content\/uploads\/2024\/12\/reforma-tributaria_Pinterest.jpg","datePublished":"2024-12-19T16:49:12+00:00","dateModified":"2024-12-19T16:49:13+00:00","breadcrumb":{"@id":"https:\/\/jornalfatosenoticias.com.br\/index.php\/2024\/12\/19\/reforma-tributaria-e-a-utilizacao-dos-creditos-tributarios\/#breadcrumb"},"inLanguage":"pt-BR","potentialAction":[{"@type":"ReadAction","target":["https:\/\/jornalfatosenoticias.com.br\/index.php\/2024\/12\/19\/reforma-tributaria-e-a-utilizacao-dos-creditos-tributarios\/"]}]},{"@type":"ImageObject","inLanguage":"pt-BR","@id":"https:\/\/jornalfatosenoticias.com.br\/index.php\/2024\/12\/19\/reforma-tributaria-e-a-utilizacao-dos-creditos-tributarios\/#primaryimage","url":"https:\/\/jornalfatosenoticias.com.br\/wp-content\/uploads\/2024\/12\/reforma-tributaria_Pinterest.jpg","contentUrl":"https:\/\/jornalfatosenoticias.com.br\/wp-content\/uploads\/2024\/12\/reforma-tributaria_Pinterest.jpg","width":735,"height":420},{"@type":"BreadcrumbList","@id":"https:\/\/jornalfatosenoticias.com.br\/index.php\/2024\/12\/19\/reforma-tributaria-e-a-utilizacao-dos-creditos-tributarios\/#breadcrumb","itemListElement":[{"@type":"ListItem","position":1,"name":"In\u00edcio","item":"https:\/\/jornalfatosenoticias.com.br\/"},{"@type":"ListItem","position":2,"name":"Reforma tribut\u00e1ria e a utiliza\u00e7\u00e3o dos cr\u00e9ditos tribut\u00e1rios"}]},{"@type":"WebSite","@id":"https:\/\/jornalfatosenoticias.com.br\/#website","url":"https:\/\/jornalfatosenoticias.com.br\/","name":"Jornal Fatos e Not\u00edcias","description":"Not\u00edcias em geral","publisher":{"@id":"https:\/\/jornalfatosenoticias.com.br\/#organization"},"potentialAction":[{"@type":"SearchAction","target":{"@type":"EntryPoint","urlTemplate":"https:\/\/jornalfatosenoticias.com.br\/?s={search_term_string}"},"query-input":{"@type":"PropertyValueSpecification","valueRequired":true,"valueName":"search_term_string"}}],"inLanguage":"pt-BR"},{"@type":"Organization","@id":"https:\/\/jornalfatosenoticias.com.br\/#organization","name":"Jornal Fatos e Not\u00edcias","url":"https:\/\/jornalfatosenoticias.com.br\/","logo":{"@type":"ImageObject","inLanguage":"pt-BR","@id":"https:\/\/jornalfatosenoticias.com.br\/#\/schema\/logo\/image\/","url":"https:\/\/jornalfatosenoticias.com.br\/wp-content\/uploads\/2020\/02\/logo120.png","contentUrl":"https:\/\/jornalfatosenoticias.com.br\/wp-content\/uploads\/2020\/02\/logo120.png","width":1227,"height":120,"caption":"Jornal Fatos e Not\u00edcias"},"image":{"@id":"https:\/\/jornalfatosenoticias.com.br\/#\/schema\/logo\/image\/"}},{"@type":"Person","@id":"https:\/\/jornalfatosenoticias.com.br\/#\/schema\/person\/d63837fa13ac8666eb9e74e0985d6f81","name":"Luzimara Fernandes","image":{"@type":"ImageObject","inLanguage":"pt-BR","@id":"https:\/\/jornalfatosenoticias.com.br\/#\/schema\/person\/image\/","url":"https:\/\/jornalfatosenoticias.com.br\/wp-content\/uploads\/2025\/05\/EU_portal.jpg","contentUrl":"https:\/\/jornalfatosenoticias.com.br\/wp-content\/uploads\/2025\/05\/EU_portal.jpg","caption":"Luzimara Fernandes"},"description":"Jornalista MTB 2358-ES","sameAs":["https:\/\/jornalfatosenoticias.com.br"],"url":"https:\/\/jornalfatosenoticias.com.br\/index.php\/author\/luzimara\/"}]}},"cc_featured_image_caption":{"caption_text":"(Foto: Pinterest) ","source_text":"","source_url":""},"jetpack_featured_media_url":"https:\/\/jornalfatosenoticias.com.br\/wp-content\/uploads\/2024\/12\/reforma-tributaria_Pinterest.jpg","_links":{"self":[{"href":"https:\/\/jornalfatosenoticias.com.br\/index.php\/wp-json\/wp\/v2\/posts\/56505","targetHints":{"allow":["GET"]}}],"collection":[{"href":"https:\/\/jornalfatosenoticias.com.br\/index.php\/wp-json\/wp\/v2\/posts"}],"about":[{"href":"https:\/\/jornalfatosenoticias.com.br\/index.php\/wp-json\/wp\/v2\/types\/post"}],"author":[{"embeddable":true,"href":"https:\/\/jornalfatosenoticias.com.br\/index.php\/wp-json\/wp\/v2\/users\/2"}],"replies":[{"embeddable":true,"href":"https:\/\/jornalfatosenoticias.com.br\/index.php\/wp-json\/wp\/v2\/comments?post=56505"}],"version-history":[{"count":0,"href":"https:\/\/jornalfatosenoticias.com.br\/index.php\/wp-json\/wp\/v2\/posts\/56505\/revisions"}],"wp:featuredmedia":[{"embeddable":true,"href":"https:\/\/jornalfatosenoticias.com.br\/index.php\/wp-json\/wp\/v2\/media\/56507"}],"wp:attachment":[{"href":"https:\/\/jornalfatosenoticias.com.br\/index.php\/wp-json\/wp\/v2\/media?parent=56505"}],"wp:term":[{"taxonomy":"category","embeddable":true,"href":"https:\/\/jornalfatosenoticias.com.br\/index.php\/wp-json\/wp\/v2\/categories?post=56505"},{"taxonomy":"post_tag","embeddable":true,"href":"https:\/\/jornalfatosenoticias.com.br\/index.php\/wp-json\/wp\/v2\/tags?post=56505"}],"curies":[{"name":"wp","href":"https:\/\/api.w.org\/{rel}","templated":true}]}}