{"id":56509,"date":"2024-12-19T13:56:03","date_gmt":"2024-12-19T16:56:03","guid":{"rendered":"https:\/\/jornalfatosenoticias.com.br\/?p=56509"},"modified":"2024-12-19T13:56:04","modified_gmt":"2024-12-19T16:56:04","slug":"mais-um-apocalipse","status":"publish","type":"post","link":"https:\/\/jornalfatosenoticias.com.br\/index.php\/2024\/12\/19\/mais-um-apocalipse\/","title":{"rendered":"Mais um apocalipse"},"content":{"rendered":"\n<div class=\"wp-block-image\"><figure class=\"aligncenter size-large\"><a href=\"https:\/\/panper.com.br\/\"><img loading=\"lazy\" decoding=\"async\" width=\"1024\" height=\"111\" src=\"https:\/\/jornalfatosenoticias.com.br\/wp-content\/uploads\/2020\/02\/WhatsApp-Image-2022-09-23-at-12.09.18-1024x111.jpeg\" alt=\"\" class=\"wp-image-34527\" srcset=\"https:\/\/jornalfatosenoticias.com.br\/wp-content\/uploads\/2020\/02\/WhatsApp-Image-2022-09-23-at-12.09.18-1024x111.jpeg 1024w, https:\/\/jornalfatosenoticias.com.br\/wp-content\/uploads\/2020\/02\/WhatsApp-Image-2022-09-23-at-12.09.18-300x32.jpeg 300w, https:\/\/jornalfatosenoticias.com.br\/wp-content\/uploads\/2020\/02\/WhatsApp-Image-2022-09-23-at-12.09.18-768x83.jpeg 768w, https:\/\/jornalfatosenoticias.com.br\/wp-content\/uploads\/2020\/02\/WhatsApp-Image-2022-09-23-at-12.09.18.jpeg 1121w\" sizes=\"auto, (max-width: 1024px) 100vw, 1024px\" \/><\/a><\/figure><\/div>\n\n\n\n<p>Todo fim de ano \u00e9 a mesma coisa, a mesma correria pelas compras natalinas em meio a um turbilh\u00e3o de mensagens de f\u00e9, de paz e esperan\u00e7a, acompanhadas de in\u00fameras not\u00edcias dos pr\u00f3ximos apocalipses nossos de cada dia que v\u00e3o se acumulando. \u00c9 que o famigerado medo da morte e a ansiedade diante do desconhecido d\u00e3o asas \u00e0 imagina\u00e7\u00e3o humana e a todo o tipo de teoria fatalista e interpreta\u00e7\u00f5es distorcidas de alguns textos prof\u00e9ticos antigos de fim de mundo.<br>Uma terceira guerra mundial, uma nova peste, um terremoto, mais um \u201cbug do mil\u00eanio\u201d, a revolu\u00e7\u00e3o das m\u00e1quinas, a marca da besta ou um novo cometa que vai surgindo no horizonte. Naves espaciais invasoras, a volta do messias ou um novo apocalipse zumbi anunciado. Talvez, por ser finito, o homem carregue em seu DNA o gene da destrui\u00e7\u00e3o em sua pr\u00f3pria constitui\u00e7\u00e3o ou quem sabe carregue em sua mem\u00f3ria universal e c\u00f3smica a ideia de extin\u00e7\u00e3o.<\/p>\n\n\n\n<div class=\"wp-block-image\"><figure class=\"aligncenter size-large\"><a href=\"https:\/\/cesconetto.com.br\/\"><img loading=\"lazy\" decoding=\"async\" width=\"300\" height=\"250\" src=\"https:\/\/jornalfatosenoticias.com.br\/wp-content\/uploads\/2020\/02\/Banner-2.png\" alt=\"\" class=\"wp-image-43787\"\/><\/a><\/figure><\/div>\n\n\n\n<p>Talvez, a explica\u00e7\u00e3o para este fen\u00f4meno social de massa esteja na somat\u00f3ria de fatos que ocorrem na atualidades, tais como: a velocidade da informa\u00e7\u00e3o, o caos contempor\u00e2neo em que mergulhamos aliado \u00e0 loucura do mundo l\u00edquido, do capitalismo cada vez mais selvagem, de um mercado de consumo cada vez mais agressivo e ao cansa\u00e7o dos dias atuais. Talvez, este conjunto de fatores apare\u00e7a como causas dessa paranoia coletiva que faz surgir na maioria de n\u00f3s este gosto amargo de morte na boca.<\/p>\n\n\n\n<div class=\"wp-block-image\"><figure class=\"aligncenter size-large is-resized\"><a href=\"https:\/\/www.controlsystems.com.br\/\"><img loading=\"lazy\" decoding=\"async\" src=\"https:\/\/jornalfatosenoticias.com.br\/wp-content\/uploads\/2020\/02\/CONTROL-CS.jpg\" alt=\"\" class=\"wp-image-44991\" width=\"288\" height=\"345\" srcset=\"https:\/\/jornalfatosenoticias.com.br\/wp-content\/uploads\/2020\/02\/CONTROL-CS.jpg 834w, https:\/\/jornalfatosenoticias.com.br\/wp-content\/uploads\/2020\/02\/CONTROL-CS-250x300.jpg 250w, https:\/\/jornalfatosenoticias.com.br\/wp-content\/uploads\/2020\/02\/CONTROL-CS-768x921.jpg 768w\" sizes=\"auto, (max-width: 288px) 100vw, 288px\" \/><\/a><\/figure><\/div>\n\n\n\n<p>Eu c\u00e1 com os meus bot\u00f5es tamb\u00e9m ouso teorizar e acho que muito disso \u00e9 propaganda, ferramenta de marketing e mercantiliza\u00e7\u00e3o do quanto pior melhor e a negocia\u00e7\u00e3o de artigos de f\u00e9 e explico: j\u00e1 \u00e9 cedi\u00e7o que o medo e a culpa geram p\u00e2nico e ansiedade e isto vende. Este fen\u00f4meno somado ao conjunto de dogmas e cren\u00e7as limitantes que povoam o imagin\u00e1rio popular acarretam esta sensa\u00e7\u00e3o de desconforto geral e vende. Vende rem\u00e9dios, tratamentos m\u00e9dicos usuais e paranormais de todas as matizes e terapias de toda sorte, m\u00e9todos de cura e todo o tipo de artigo de f\u00e9, o que no fim garante um certo clientelismo por parte de muitos desavisados, enriquecendo os aproveitadores de plant\u00e3o.<\/p>\n\n\n\n<div class=\"wp-block-image\"><figure class=\"aligncenter size-large is-resized\"><a href=\"https:\/\/www.instagram.com\/vmais.midias\/\"><img loading=\"lazy\" decoding=\"async\" src=\"https:\/\/jornalfatosenoticias.com.br\/wp-content\/uploads\/2020\/02\/DE-MAIS-DESTAQUE-VMAIS-800X700.png\" alt=\"\" class=\"wp-image-53112\" width=\"336\" height=\"293\" srcset=\"https:\/\/jornalfatosenoticias.com.br\/wp-content\/uploads\/2020\/02\/DE-MAIS-DESTAQUE-VMAIS-800X700.png 800w, https:\/\/jornalfatosenoticias.com.br\/wp-content\/uploads\/2020\/02\/DE-MAIS-DESTAQUE-VMAIS-800X700-300x263.png 300w, https:\/\/jornalfatosenoticias.com.br\/wp-content\/uploads\/2020\/02\/DE-MAIS-DESTAQUE-VMAIS-800X700-768x672.png 768w\" sizes=\"auto, (max-width: 336px) 100vw, 336px\" \/><\/a><\/figure><\/div>\n\n\n\n<p>O medo da morte e a ideia de penas terr\u00edveis e eternas que nos acompanham desde a mitologia s\u00e3o o \u201ccarro chefe\u201d deste neg\u00f3cio lucrativo, que vai deste compra e venda de indulg\u00eancias at\u00e9 aquisi\u00e7\u00e3o de um peda\u00e7o de terra no c\u00e9u. Eu como matuto que sou n\u00e3o duvido de nada, mas desconfio de tudo e prefiro jogar tudo na conta da nossa heran\u00e7a m\u00edtica, teog\u00f4nica e m\u00edstica sobre tais assuntos e praticar a epoch\u00e9 dos gregos antigos.<\/p>\n\n\n\n<div class=\"wp-block-image\"><figure class=\"aligncenter size-large is-resized\"><a href=\"https:\/\/www.ithbrasil.com.br\/\"><img loading=\"lazy\" decoding=\"async\" src=\"https:\/\/jornalfatosenoticias.com.br\/wp-content\/uploads\/2023\/08\/ITH.jpeg\" alt=\"\" class=\"wp-image-44638\" width=\"313\" height=\"254\" srcset=\"https:\/\/jornalfatosenoticias.com.br\/wp-content\/uploads\/2023\/08\/ITH.jpeg 800w, https:\/\/jornalfatosenoticias.com.br\/wp-content\/uploads\/2023\/08\/ITH-300x244.jpeg 300w, https:\/\/jornalfatosenoticias.com.br\/wp-content\/uploads\/2023\/08\/ITH-768x624.jpeg 768w\" sizes=\"auto, (max-width: 313px) 100vw, 313px\" \/><\/a><\/figure><\/div>\n\n\n\n<p>E como eu n\u00e3o sei de nada, enquanto o mundo n\u00e3o se acaba eu sigo aqui na minha varanda, tomando uma ta\u00e7a de vinho, dando uma pitada em meu charuto, imerso em minhas reflex\u00f5es um tanto quanto amalucadas, com um papel e uma caneta na m\u00e3o, agradecendo e dando gra\u00e7as. Sem \u00e9 claro, me descuidar do meu celular vai que o mundo realmente se acaba e eu n\u00e3o consiga fotografar, filmar, fazer selfies e postar na internet tal acontecimento surreal t\u00e3o esperado e cataclism\u00e1tico, cheio de luz, de fogos, raios e explos\u00f5es de matizes variadas. Boas Festas e Feliz novo ano velho. Tim-tim!<\/p>\n\n\n\n<div class=\"wp-block-image\"><figure class=\"aligncenter size-large is-resized\"><a href=\"https:\/\/mizu.com.br\/\"><img loading=\"lazy\" decoding=\"async\" src=\"https:\/\/jornalfatosenoticias.com.br\/wp-content\/uploads\/2023\/03\/nova-logo-Marquetti.jpg\" alt=\"\" class=\"wp-image-40207\" width=\"329\" height=\"221\" srcset=\"https:\/\/jornalfatosenoticias.com.br\/wp-content\/uploads\/2023\/03\/nova-logo-Marquetti.jpg 643w, https:\/\/jornalfatosenoticias.com.br\/wp-content\/uploads\/2023\/03\/nova-logo-Marquetti-300x202.jpg 300w\" sizes=\"auto, (max-width: 329px) 100vw, 329px\" \/><\/a><\/figure><\/div>\n","protected":false},"excerpt":{"rendered":"<p>Todo fim de ano \u00e9 a mesma coisa, a mesma correria pelas compras natalinas em meio a um turbilh\u00e3o de mensagens de f\u00e9, de paz e esperan\u00e7a, acompanhadas de in\u00fameras not\u00edcias dos pr\u00f3ximos apocalipses nossos de cada dia que v\u00e3o se acumulando. \u00c9 que o famigerado medo da morte e a ansiedade diante do desconhecido [&hellip;]<\/p>\n","protected":false},"author":20,"featured_media":56510,"comment_status":"open","ping_status":"open","sticky":false,"template":"","format":"standard","meta":{"footnotes":""},"categories":[4],"tags":[17876,1574,3385,12144,6459,1492],"class_list":["post-56509","post","type-post","status-publish","format-standard","has-post-thumbnail","hentry","category-cultura","tag-apocalipse","tag-esperanca","tag-fe","tag-fim-de-ano","tag-natal","tag-paz"],"yoast_head":"<!-- This site is optimized with the Yoast SEO plugin v26.5 - https:\/\/yoast.com\/wordpress\/plugins\/seo\/ -->\n<title>Mais um apocalipse - Jornal Fatos e Not\u00edcias<\/title>\n<meta name=\"robots\" content=\"index, follow, max-snippet:-1, max-image-preview:large, max-video-preview:-1\" \/>\n<link rel=\"canonical\" href=\"https:\/\/jornalfatosenoticias.com.br\/index.php\/2024\/12\/19\/mais-um-apocalipse\/\" \/>\n<meta property=\"og:locale\" content=\"pt_BR\" \/>\n<meta property=\"og:type\" content=\"article\" \/>\n<meta property=\"og:title\" content=\"Mais um apocalipse - Jornal Fatos e Not\u00edcias\" \/>\n<meta property=\"og:description\" content=\"Todo fim de ano \u00e9 a mesma coisa, a mesma correria pelas compras natalinas em meio a um turbilh\u00e3o de mensagens de f\u00e9, de paz e esperan\u00e7a, acompanhadas de in\u00fameras not\u00edcias dos pr\u00f3ximos apocalipses nossos de cada dia que v\u00e3o se acumulando. \u00c9 que o famigerado medo da morte e a ansiedade diante do desconhecido [&hellip;]\" \/>\n<meta property=\"og:url\" content=\"https:\/\/jornalfatosenoticias.com.br\/index.php\/2024\/12\/19\/mais-um-apocalipse\/\" \/>\n<meta property=\"og:site_name\" content=\"Jornal Fatos e Not\u00edcias\" \/>\n<meta property=\"article:published_time\" content=\"2024-12-19T16:56:03+00:00\" \/>\n<meta property=\"article:modified_time\" content=\"2024-12-19T16:56:04+00:00\" \/>\n<meta property=\"og:image\" content=\"https:\/\/jornalfatosenoticias.com.br\/wp-content\/uploads\/2024\/12\/Apocalipse_Ze-Mario_CAPA.jpg\" \/>\n\t<meta property=\"og:image:width\" content=\"744\" \/>\n\t<meta property=\"og:image:height\" content=\"682\" \/>\n\t<meta property=\"og:image:type\" content=\"image\/jpeg\" \/>\n<meta name=\"author\" content=\"M\u00e1rio Vieira\" \/>\n<meta name=\"twitter:card\" content=\"summary_large_image\" \/>\n<meta name=\"twitter:label1\" content=\"Escrito por\" \/>\n\t<meta name=\"twitter:data1\" content=\"M\u00e1rio Vieira\" \/>\n\t<meta name=\"twitter:label2\" content=\"Est. tempo de leitura\" \/>\n\t<meta name=\"twitter:data2\" content=\"3 minutos\" \/>\n<script type=\"application\/ld+json\" class=\"yoast-schema-graph\">{\"@context\":\"https:\/\/schema.org\",\"@graph\":[{\"@type\":\"Article\",\"@id\":\"https:\/\/jornalfatosenoticias.com.br\/index.php\/2024\/12\/19\/mais-um-apocalipse\/#article\",\"isPartOf\":{\"@id\":\"https:\/\/jornalfatosenoticias.com.br\/index.php\/2024\/12\/19\/mais-um-apocalipse\/\"},\"author\":{\"name\":\"M\u00e1rio Vieira\",\"@id\":\"https:\/\/jornalfatosenoticias.com.br\/#\/schema\/person\/30ad7100d3327eb592fff379e3c2a827\"},\"headline\":\"Mais um apocalipse\",\"datePublished\":\"2024-12-19T16:56:03+00:00\",\"dateModified\":\"2024-12-19T16:56:04+00:00\",\"mainEntityOfPage\":{\"@id\":\"https:\/\/jornalfatosenoticias.com.br\/index.php\/2024\/12\/19\/mais-um-apocalipse\/\"},\"wordCount\":597,\"commentCount\":0,\"publisher\":{\"@id\":\"https:\/\/jornalfatosenoticias.com.br\/#organization\"},\"image\":{\"@id\":\"https:\/\/jornalfatosenoticias.com.br\/index.php\/2024\/12\/19\/mais-um-apocalipse\/#primaryimage\"},\"thumbnailUrl\":\"https:\/\/jornalfatosenoticias.com.br\/wp-content\/uploads\/2024\/12\/Apocalipse_Ze-Mario_CAPA.jpg\",\"keywords\":[\"apocalipse\",\"esperan\u00e7a\",\"f\u00e9\",\"fim de ano\",\"Natal\",\"paz\"],\"articleSection\":[\"Cultura\"],\"inLanguage\":\"pt-BR\",\"potentialAction\":[{\"@type\":\"CommentAction\",\"name\":\"Comment\",\"target\":[\"https:\/\/jornalfatosenoticias.com.br\/index.php\/2024\/12\/19\/mais-um-apocalipse\/#respond\"]}]},{\"@type\":\"WebPage\",\"@id\":\"https:\/\/jornalfatosenoticias.com.br\/index.php\/2024\/12\/19\/mais-um-apocalipse\/\",\"url\":\"https:\/\/jornalfatosenoticias.com.br\/index.php\/2024\/12\/19\/mais-um-apocalipse\/\",\"name\":\"Mais um apocalipse - Jornal Fatos e Not\u00edcias\",\"isPartOf\":{\"@id\":\"https:\/\/jornalfatosenoticias.com.br\/#website\"},\"primaryImageOfPage\":{\"@id\":\"https:\/\/jornalfatosenoticias.com.br\/index.php\/2024\/12\/19\/mais-um-apocalipse\/#primaryimage\"},\"image\":{\"@id\":\"https:\/\/jornalfatosenoticias.com.br\/index.php\/2024\/12\/19\/mais-um-apocalipse\/#primaryimage\"},\"thumbnailUrl\":\"https:\/\/jornalfatosenoticias.com.br\/wp-content\/uploads\/2024\/12\/Apocalipse_Ze-Mario_CAPA.jpg\",\"datePublished\":\"2024-12-19T16:56:03+00:00\",\"dateModified\":\"2024-12-19T16:56:04+00:00\",\"breadcrumb\":{\"@id\":\"https:\/\/jornalfatosenoticias.com.br\/index.php\/2024\/12\/19\/mais-um-apocalipse\/#breadcrumb\"},\"inLanguage\":\"pt-BR\",\"potentialAction\":[{\"@type\":\"ReadAction\",\"target\":[\"https:\/\/jornalfatosenoticias.com.br\/index.php\/2024\/12\/19\/mais-um-apocalipse\/\"]}]},{\"@type\":\"ImageObject\",\"inLanguage\":\"pt-BR\",\"@id\":\"https:\/\/jornalfatosenoticias.com.br\/index.php\/2024\/12\/19\/mais-um-apocalipse\/#primaryimage\",\"url\":\"https:\/\/jornalfatosenoticias.com.br\/wp-content\/uploads\/2024\/12\/Apocalipse_Ze-Mario_CAPA.jpg\",\"contentUrl\":\"https:\/\/jornalfatosenoticias.com.br\/wp-content\/uploads\/2024\/12\/Apocalipse_Ze-Mario_CAPA.jpg\",\"width\":744,\"height\":682},{\"@type\":\"BreadcrumbList\",\"@id\":\"https:\/\/jornalfatosenoticias.com.br\/index.php\/2024\/12\/19\/mais-um-apocalipse\/#breadcrumb\",\"itemListElement\":[{\"@type\":\"ListItem\",\"position\":1,\"name\":\"In\u00edcio\",\"item\":\"https:\/\/jornalfatosenoticias.com.br\/\"},{\"@type\":\"ListItem\",\"position\":2,\"name\":\"Mais um apocalipse\"}]},{\"@type\":\"WebSite\",\"@id\":\"https:\/\/jornalfatosenoticias.com.br\/#website\",\"url\":\"https:\/\/jornalfatosenoticias.com.br\/\",\"name\":\"Jornal Fatos e Not\u00edcias\",\"description\":\"Not\u00edcias em geral\",\"publisher\":{\"@id\":\"https:\/\/jornalfatosenoticias.com.br\/#organization\"},\"potentialAction\":[{\"@type\":\"SearchAction\",\"target\":{\"@type\":\"EntryPoint\",\"urlTemplate\":\"https:\/\/jornalfatosenoticias.com.br\/?s={search_term_string}\"},\"query-input\":{\"@type\":\"PropertyValueSpecification\",\"valueRequired\":true,\"valueName\":\"search_term_string\"}}],\"inLanguage\":\"pt-BR\"},{\"@type\":\"Organization\",\"@id\":\"https:\/\/jornalfatosenoticias.com.br\/#organization\",\"name\":\"Jornal Fatos e Not\u00edcias\",\"url\":\"https:\/\/jornalfatosenoticias.com.br\/\",\"logo\":{\"@type\":\"ImageObject\",\"inLanguage\":\"pt-BR\",\"@id\":\"https:\/\/jornalfatosenoticias.com.br\/#\/schema\/logo\/image\/\",\"url\":\"https:\/\/jornalfatosenoticias.com.br\/wp-content\/uploads\/2020\/02\/logo120.png\",\"contentUrl\":\"https:\/\/jornalfatosenoticias.com.br\/wp-content\/uploads\/2020\/02\/logo120.png\",\"width\":1227,\"height\":120,\"caption\":\"Jornal Fatos e Not\u00edcias\"},\"image\":{\"@id\":\"https:\/\/jornalfatosenoticias.com.br\/#\/schema\/logo\/image\/\"}},{\"@type\":\"Person\",\"@id\":\"https:\/\/jornalfatosenoticias.com.br\/#\/schema\/person\/30ad7100d3327eb592fff379e3c2a827\",\"name\":\"M\u00e1rio Vieira\",\"image\":{\"@type\":\"ImageObject\",\"inLanguage\":\"pt-BR\",\"@id\":\"https:\/\/jornalfatosenoticias.com.br\/#\/schema\/person\/image\/\",\"url\":\"https:\/\/jornalfatosenoticias.com.br\/wp-content\/uploads\/2023\/06\/MARIO-removebg-preview-150x150.png\",\"contentUrl\":\"https:\/\/jornalfatosenoticias.com.br\/wp-content\/uploads\/2023\/06\/MARIO-removebg-preview-150x150.png\",\"caption\":\"M\u00e1rio Vieira\"},\"description\":\"Capixaba, casado, autor e advogado\",\"url\":\"https:\/\/jornalfatosenoticias.com.br\/index.php\/author\/mario\/\"}]}<\/script>\n<!-- \/ Yoast SEO plugin. -->","yoast_head_json":{"title":"Mais um apocalipse - Jornal Fatos e Not\u00edcias","robots":{"index":"index","follow":"follow","max-snippet":"max-snippet:-1","max-image-preview":"max-image-preview:large","max-video-preview":"max-video-preview:-1"},"canonical":"https:\/\/jornalfatosenoticias.com.br\/index.php\/2024\/12\/19\/mais-um-apocalipse\/","og_locale":"pt_BR","og_type":"article","og_title":"Mais um apocalipse - Jornal Fatos e Not\u00edcias","og_description":"Todo fim de ano \u00e9 a mesma coisa, a mesma correria pelas compras natalinas em meio a um turbilh\u00e3o de mensagens de f\u00e9, de paz e esperan\u00e7a, acompanhadas de in\u00fameras not\u00edcias dos pr\u00f3ximos apocalipses nossos de cada dia que v\u00e3o se acumulando. \u00c9 que o famigerado medo da morte e a ansiedade diante do desconhecido [&hellip;]","og_url":"https:\/\/jornalfatosenoticias.com.br\/index.php\/2024\/12\/19\/mais-um-apocalipse\/","og_site_name":"Jornal Fatos e Not\u00edcias","article_published_time":"2024-12-19T16:56:03+00:00","article_modified_time":"2024-12-19T16:56:04+00:00","og_image":[{"width":744,"height":682,"url":"https:\/\/jornalfatosenoticias.com.br\/wp-content\/uploads\/2024\/12\/Apocalipse_Ze-Mario_CAPA.jpg","type":"image\/jpeg"}],"author":"M\u00e1rio Vieira","twitter_card":"summary_large_image","twitter_misc":{"Escrito por":"M\u00e1rio Vieira","Est. tempo de leitura":"3 minutos"},"schema":{"@context":"https:\/\/schema.org","@graph":[{"@type":"Article","@id":"https:\/\/jornalfatosenoticias.com.br\/index.php\/2024\/12\/19\/mais-um-apocalipse\/#article","isPartOf":{"@id":"https:\/\/jornalfatosenoticias.com.br\/index.php\/2024\/12\/19\/mais-um-apocalipse\/"},"author":{"name":"M\u00e1rio Vieira","@id":"https:\/\/jornalfatosenoticias.com.br\/#\/schema\/person\/30ad7100d3327eb592fff379e3c2a827"},"headline":"Mais um apocalipse","datePublished":"2024-12-19T16:56:03+00:00","dateModified":"2024-12-19T16:56:04+00:00","mainEntityOfPage":{"@id":"https:\/\/jornalfatosenoticias.com.br\/index.php\/2024\/12\/19\/mais-um-apocalipse\/"},"wordCount":597,"commentCount":0,"publisher":{"@id":"https:\/\/jornalfatosenoticias.com.br\/#organization"},"image":{"@id":"https:\/\/jornalfatosenoticias.com.br\/index.php\/2024\/12\/19\/mais-um-apocalipse\/#primaryimage"},"thumbnailUrl":"https:\/\/jornalfatosenoticias.com.br\/wp-content\/uploads\/2024\/12\/Apocalipse_Ze-Mario_CAPA.jpg","keywords":["apocalipse","esperan\u00e7a","f\u00e9","fim de ano","Natal","paz"],"articleSection":["Cultura"],"inLanguage":"pt-BR","potentialAction":[{"@type":"CommentAction","name":"Comment","target":["https:\/\/jornalfatosenoticias.com.br\/index.php\/2024\/12\/19\/mais-um-apocalipse\/#respond"]}]},{"@type":"WebPage","@id":"https:\/\/jornalfatosenoticias.com.br\/index.php\/2024\/12\/19\/mais-um-apocalipse\/","url":"https:\/\/jornalfatosenoticias.com.br\/index.php\/2024\/12\/19\/mais-um-apocalipse\/","name":"Mais um apocalipse - Jornal Fatos e Not\u00edcias","isPartOf":{"@id":"https:\/\/jornalfatosenoticias.com.br\/#website"},"primaryImageOfPage":{"@id":"https:\/\/jornalfatosenoticias.com.br\/index.php\/2024\/12\/19\/mais-um-apocalipse\/#primaryimage"},"image":{"@id":"https:\/\/jornalfatosenoticias.com.br\/index.php\/2024\/12\/19\/mais-um-apocalipse\/#primaryimage"},"thumbnailUrl":"https:\/\/jornalfatosenoticias.com.br\/wp-content\/uploads\/2024\/12\/Apocalipse_Ze-Mario_CAPA.jpg","datePublished":"2024-12-19T16:56:03+00:00","dateModified":"2024-12-19T16:56:04+00:00","breadcrumb":{"@id":"https:\/\/jornalfatosenoticias.com.br\/index.php\/2024\/12\/19\/mais-um-apocalipse\/#breadcrumb"},"inLanguage":"pt-BR","potentialAction":[{"@type":"ReadAction","target":["https:\/\/jornalfatosenoticias.com.br\/index.php\/2024\/12\/19\/mais-um-apocalipse\/"]}]},{"@type":"ImageObject","inLanguage":"pt-BR","@id":"https:\/\/jornalfatosenoticias.com.br\/index.php\/2024\/12\/19\/mais-um-apocalipse\/#primaryimage","url":"https:\/\/jornalfatosenoticias.com.br\/wp-content\/uploads\/2024\/12\/Apocalipse_Ze-Mario_CAPA.jpg","contentUrl":"https:\/\/jornalfatosenoticias.com.br\/wp-content\/uploads\/2024\/12\/Apocalipse_Ze-Mario_CAPA.jpg","width":744,"height":682},{"@type":"BreadcrumbList","@id":"https:\/\/jornalfatosenoticias.com.br\/index.php\/2024\/12\/19\/mais-um-apocalipse\/#breadcrumb","itemListElement":[{"@type":"ListItem","position":1,"name":"In\u00edcio","item":"https:\/\/jornalfatosenoticias.com.br\/"},{"@type":"ListItem","position":2,"name":"Mais um apocalipse"}]},{"@type":"WebSite","@id":"https:\/\/jornalfatosenoticias.com.br\/#website","url":"https:\/\/jornalfatosenoticias.com.br\/","name":"Jornal Fatos e Not\u00edcias","description":"Not\u00edcias em geral","publisher":{"@id":"https:\/\/jornalfatosenoticias.com.br\/#organization"},"potentialAction":[{"@type":"SearchAction","target":{"@type":"EntryPoint","urlTemplate":"https:\/\/jornalfatosenoticias.com.br\/?s={search_term_string}"},"query-input":{"@type":"PropertyValueSpecification","valueRequired":true,"valueName":"search_term_string"}}],"inLanguage":"pt-BR"},{"@type":"Organization","@id":"https:\/\/jornalfatosenoticias.com.br\/#organization","name":"Jornal Fatos e Not\u00edcias","url":"https:\/\/jornalfatosenoticias.com.br\/","logo":{"@type":"ImageObject","inLanguage":"pt-BR","@id":"https:\/\/jornalfatosenoticias.com.br\/#\/schema\/logo\/image\/","url":"https:\/\/jornalfatosenoticias.com.br\/wp-content\/uploads\/2020\/02\/logo120.png","contentUrl":"https:\/\/jornalfatosenoticias.com.br\/wp-content\/uploads\/2020\/02\/logo120.png","width":1227,"height":120,"caption":"Jornal Fatos e Not\u00edcias"},"image":{"@id":"https:\/\/jornalfatosenoticias.com.br\/#\/schema\/logo\/image\/"}},{"@type":"Person","@id":"https:\/\/jornalfatosenoticias.com.br\/#\/schema\/person\/30ad7100d3327eb592fff379e3c2a827","name":"M\u00e1rio Vieira","image":{"@type":"ImageObject","inLanguage":"pt-BR","@id":"https:\/\/jornalfatosenoticias.com.br\/#\/schema\/person\/image\/","url":"https:\/\/jornalfatosenoticias.com.br\/wp-content\/uploads\/2023\/06\/MARIO-removebg-preview-150x150.png","contentUrl":"https:\/\/jornalfatosenoticias.com.br\/wp-content\/uploads\/2023\/06\/MARIO-removebg-preview-150x150.png","caption":"M\u00e1rio Vieira"},"description":"Capixaba, casado, autor e advogado","url":"https:\/\/jornalfatosenoticias.com.br\/index.php\/author\/mario\/"}]}},"cc_featured_image_caption":{"caption_text":"(Foto: Arquivo pessoal) ","source_text":"","source_url":""},"jetpack_featured_media_url":"https:\/\/jornalfatosenoticias.com.br\/wp-content\/uploads\/2024\/12\/Apocalipse_Ze-Mario_CAPA.jpg","_links":{"self":[{"href":"https:\/\/jornalfatosenoticias.com.br\/index.php\/wp-json\/wp\/v2\/posts\/56509","targetHints":{"allow":["GET"]}}],"collection":[{"href":"https:\/\/jornalfatosenoticias.com.br\/index.php\/wp-json\/wp\/v2\/posts"}],"about":[{"href":"https:\/\/jornalfatosenoticias.com.br\/index.php\/wp-json\/wp\/v2\/types\/post"}],"author":[{"embeddable":true,"href":"https:\/\/jornalfatosenoticias.com.br\/index.php\/wp-json\/wp\/v2\/users\/20"}],"replies":[{"embeddable":true,"href":"https:\/\/jornalfatosenoticias.com.br\/index.php\/wp-json\/wp\/v2\/comments?post=56509"}],"version-history":[{"count":0,"href":"https:\/\/jornalfatosenoticias.com.br\/index.php\/wp-json\/wp\/v2\/posts\/56509\/revisions"}],"wp:featuredmedia":[{"embeddable":true,"href":"https:\/\/jornalfatosenoticias.com.br\/index.php\/wp-json\/wp\/v2\/media\/56510"}],"wp:attachment":[{"href":"https:\/\/jornalfatosenoticias.com.br\/index.php\/wp-json\/wp\/v2\/media?parent=56509"}],"wp:term":[{"taxonomy":"category","embeddable":true,"href":"https:\/\/jornalfatosenoticias.com.br\/index.php\/wp-json\/wp\/v2\/categories?post=56509"},{"taxonomy":"post_tag","embeddable":true,"href":"https:\/\/jornalfatosenoticias.com.br\/index.php\/wp-json\/wp\/v2\/tags?post=56509"}],"curies":[{"name":"wp","href":"https:\/\/api.w.org\/{rel}","templated":true}]}}