{"id":56519,"date":"2024-12-19T14:18:09","date_gmt":"2024-12-19T17:18:09","guid":{"rendered":"https:\/\/jornalfatosenoticias.com.br\/?p=56519"},"modified":"2024-12-19T14:18:11","modified_gmt":"2024-12-19T17:18:11","slug":"devocional-do-dia-ha-esperanca-para-a-arvore","status":"publish","type":"post","link":"https:\/\/jornalfatosenoticias.com.br\/index.php\/2024\/12\/19\/devocional-do-dia-ha-esperanca-para-a-arvore\/","title":{"rendered":"Devocional do Dia \u2014 h\u00e1 esperan\u00e7a para a \u00e1rvore"},"content":{"rendered":"\n<p><em><span class=\"has-inline-color has-black-color\">\u2018Porque h\u00e1 esperan\u00e7a para a \u00e1rvore que, se for cortada, ainda se renovar\u00e1, e n\u00e3o cessar\u00e3o os seus renovos&#8217;, J\u00f3 14:7<\/span><\/em><\/p>\n\n\n\n<p><span class=\"has-inline-color has-black-color\">Por<\/span>\u00a0<strong><a href=\"https:\/\/jornalfatosenoticias.com.br\/index.php\/2024\/10\/18\/devocional-do-dia-o-valor-do-reino-dos-ceus\/\">Pastora Luciene da Silva Cordeiro<\/a><\/strong><\/p>\n\n\n\n<div class=\"wp-block-image is-style-rounded\"><figure class=\"alignleft size-large is-resized\"><img loading=\"lazy\" decoding=\"async\" src=\"https:\/\/jornalfatosenoticias.com.br\/wp-content\/uploads\/2024\/12\/DSCN0183-removebg-preview-e1733445820576.png\" alt=\"\" class=\"wp-image-56191\" width=\"89\" height=\"126\"\/><\/figure><\/div>\n\n\n\n<p>As situa\u00e7\u00f5es adversas v\u00eam como vento contr\u00e1rio em nossas vidas, fazendo, muitas vezes, com que percamos as esperan\u00e7as, e at\u00e9 desacreditemos das promessas do Senhor, mas se estivermos com nossas ra\u00edzes firmes na palavra de Deus, passaremos pelas tempestades! Podemos perder as folhas, galhos, e at\u00e9 o tronco, mas o segredo est\u00e1 na raiz. Onde estamos arraigados? Se nossas ra\u00edzes est\u00e3o no Senhor, ent\u00e3o H\u00c1 ESPERAN\u00c7A PARA N\u00d3S.<\/p>\n\n\n\n<div class=\"wp-block-image\"><figure class=\"aligncenter size-large is-resized\"><a href=\"https:\/\/www.ithbrasil.com.br\/\"><img loading=\"lazy\" decoding=\"async\" src=\"https:\/\/jornalfatosenoticias.com.br\/wp-content\/uploads\/2023\/08\/ITH.jpeg\" alt=\"\" class=\"wp-image-44638\" width=\"329\" height=\"267\" srcset=\"https:\/\/jornalfatosenoticias.com.br\/wp-content\/uploads\/2023\/08\/ITH.jpeg 800w, https:\/\/jornalfatosenoticias.com.br\/wp-content\/uploads\/2023\/08\/ITH-300x244.jpeg 300w, https:\/\/jornalfatosenoticias.com.br\/wp-content\/uploads\/2023\/08\/ITH-768x624.jpeg 768w\" sizes=\"auto, (max-width: 329px) 100vw, 329px\" \/><\/a><\/figure><\/div>\n\n\n\n<p><strong>ORA\u00c7\u00c3O:<\/strong> Pai querido, que n\u00f3s sejamos como \u00e1rvores plantadas junto a ribeiros de \u00e1guas, que possamos estar arraigados no Senhor e na tua palavra, que n\u00e3o sejamos somente ouvintes mas tamb\u00e9m praticantes da tua verdade, ajuda-nos a confiar no Senhor quando os ventos parecem que v\u00e3o nos derrubar. Senhor nossa esperan\u00e7a est\u00e1 em Ti, oramos em nome do Senhor Jesus Cristo, autor e consumador da nossa f\u00e9! Am\u00e9m!<br>Baixe voc\u00ea tamb\u00e9m a B\u00edblia Sagrada do Crist\u00e3o\u00a0<strong><a href=\"https:\/\/play.google.com\/store\/apps\/details?id=com.harpacristagratuitaportuguesbrmasterfiveapps\">https:\/\/goo.gl\/2icbB6<\/a><\/strong>.<\/p>\n\n\n\n<div class=\"wp-block-image\"><figure class=\"aligncenter size-large is-resized\"><a href=\"https:\/\/www.facebook.com\/vetor.vix\/\"><img loading=\"lazy\" decoding=\"async\" src=\"https:\/\/jornalfatosenoticias.com.br\/wp-content\/uploads\/2023\/09\/vetorvix1024_1.jpg\" alt=\"\" class=\"wp-image-44868\" width=\"550\" height=\"146\" srcset=\"https:\/\/jornalfatosenoticias.com.br\/wp-content\/uploads\/2023\/09\/vetorvix1024_1.jpg 1024w, https:\/\/jornalfatosenoticias.com.br\/wp-content\/uploads\/2023\/09\/vetorvix1024_1-300x80.jpg 300w, https:\/\/jornalfatosenoticias.com.br\/wp-content\/uploads\/2023\/09\/vetorvix1024_1-768x205.jpg 768w\" sizes=\"auto, (max-width: 550px) 100vw, 550px\" \/><\/a><\/figure><\/div>\n\n\n\n<p><strong><span class=\"has-inline-color has-black-color\">Pastora Luciene da Silva Cordeiro<br><\/span><\/strong><em><span class=\"has-inline-color has-black-color\">Igreja Minist\u00e9rio Mission\u00e1rio de Intercess\u00e3o a Servi\u00e7o do Reino de Deus<\/span><\/em><\/p>\n","protected":false},"excerpt":{"rendered":"<p>\u2018Porque h\u00e1 esperan\u00e7a para a \u00e1rvore que, se for cortada, ainda se renovar\u00e1, e n\u00e3o cessar\u00e3o os seus renovos&#8217;, J\u00f3 14:7 Por\u00a0Pastora Luciene da Silva Cordeiro As situa\u00e7\u00f5es adversas v\u00eam como vento contr\u00e1rio em nossas vidas, fazendo, muitas vezes, com que percamos as esperan\u00e7as, e at\u00e9 desacreditemos das promessas do Senhor, mas se estivermos com [&hellip;]<\/p>\n","protected":false},"author":2,"featured_media":56520,"comment_status":"open","ping_status":"open","sticky":false,"template":"","format":"standard","meta":{"footnotes":""},"categories":[21140],"tags":[24044,1574,3385,25791],"class_list":["post-56519","post","type-post","status-publish","format-standard","has-post-thumbnail","hentry","category-religiao","tag-crenca","tag-esperanca","tag-fe","tag-renovo"],"yoast_head":"<!-- This site is optimized with the Yoast SEO plugin v26.5 - https:\/\/yoast.com\/wordpress\/plugins\/seo\/ -->\n<title>Devocional do Dia \u2014 h\u00e1 esperan\u00e7a para a \u00e1rvore - Jornal Fatos e Not\u00edcias<\/title>\n<meta name=\"robots\" content=\"index, follow, max-snippet:-1, max-image-preview:large, max-video-preview:-1\" \/>\n<link rel=\"canonical\" href=\"https:\/\/jornalfatosenoticias.com.br\/index.php\/2024\/12\/19\/devocional-do-dia-ha-esperanca-para-a-arvore\/\" \/>\n<meta property=\"og:locale\" content=\"pt_BR\" \/>\n<meta property=\"og:type\" content=\"article\" \/>\n<meta property=\"og:title\" content=\"Devocional do Dia \u2014 h\u00e1 esperan\u00e7a para a \u00e1rvore - Jornal Fatos e Not\u00edcias\" \/>\n<meta property=\"og:description\" content=\"\u2018Porque h\u00e1 esperan\u00e7a para a \u00e1rvore que, se for cortada, ainda se renovar\u00e1, e n\u00e3o cessar\u00e3o os seus renovos&#8217;, J\u00f3 14:7 Por\u00a0Pastora Luciene da Silva Cordeiro As situa\u00e7\u00f5es adversas v\u00eam como vento contr\u00e1rio em nossas vidas, fazendo, muitas vezes, com que percamos as esperan\u00e7as, e at\u00e9 desacreditemos das promessas do Senhor, mas se estivermos com [&hellip;]\" \/>\n<meta property=\"og:url\" content=\"https:\/\/jornalfatosenoticias.com.br\/index.php\/2024\/12\/19\/devocional-do-dia-ha-esperanca-para-a-arvore\/\" \/>\n<meta property=\"og:site_name\" content=\"Jornal Fatos e Not\u00edcias\" \/>\n<meta property=\"article:published_time\" content=\"2024-12-19T17:18:09+00:00\" \/>\n<meta property=\"article:modified_time\" content=\"2024-12-19T17:18:11+00:00\" \/>\n<meta property=\"og:image\" content=\"https:\/\/jornalfatosenoticias.com.br\/wp-content\/uploads\/2024\/12\/arvores-plantadas-junto-a-ribeiros-de-aguas_Pinterest.jpg\" \/>\n\t<meta property=\"og:image:width\" content=\"626\" \/>\n\t<meta property=\"og:image:height\" content=\"417\" \/>\n\t<meta property=\"og:image:type\" content=\"image\/jpeg\" \/>\n<meta name=\"author\" content=\"Luzimara Fernandes\" \/>\n<meta name=\"twitter:card\" content=\"summary_large_image\" \/>\n<meta name=\"twitter:label1\" content=\"Escrito por\" \/>\n\t<meta name=\"twitter:data1\" content=\"Luzimara Fernandes\" \/>\n\t<meta name=\"twitter:label2\" content=\"Est. tempo de leitura\" \/>\n\t<meta name=\"twitter:data2\" content=\"1 minuto\" \/>\n<script type=\"application\/ld+json\" class=\"yoast-schema-graph\">{\"@context\":\"https:\/\/schema.org\",\"@graph\":[{\"@type\":\"Article\",\"@id\":\"https:\/\/jornalfatosenoticias.com.br\/index.php\/2024\/12\/19\/devocional-do-dia-ha-esperanca-para-a-arvore\/#article\",\"isPartOf\":{\"@id\":\"https:\/\/jornalfatosenoticias.com.br\/index.php\/2024\/12\/19\/devocional-do-dia-ha-esperanca-para-a-arvore\/\"},\"author\":{\"name\":\"Luzimara Fernandes\",\"@id\":\"https:\/\/jornalfatosenoticias.com.br\/#\/schema\/person\/d63837fa13ac8666eb9e74e0985d6f81\"},\"headline\":\"Devocional do Dia \u2014 h\u00e1 esperan\u00e7a para a \u00e1rvore\",\"datePublished\":\"2024-12-19T17:18:09+00:00\",\"dateModified\":\"2024-12-19T17:18:11+00:00\",\"mainEntityOfPage\":{\"@id\":\"https:\/\/jornalfatosenoticias.com.br\/index.php\/2024\/12\/19\/devocional-do-dia-ha-esperanca-para-a-arvore\/\"},\"wordCount\":226,\"commentCount\":0,\"publisher\":{\"@id\":\"https:\/\/jornalfatosenoticias.com.br\/#organization\"},\"image\":{\"@id\":\"https:\/\/jornalfatosenoticias.com.br\/index.php\/2024\/12\/19\/devocional-do-dia-ha-esperanca-para-a-arvore\/#primaryimage\"},\"thumbnailUrl\":\"https:\/\/jornalfatosenoticias.com.br\/wp-content\/uploads\/2024\/12\/arvores-plantadas-junto-a-ribeiros-de-aguas_Pinterest.jpg\",\"keywords\":[\"cren\u00e7a\",\"esperan\u00e7a\",\"f\u00e9\",\"renovo\"],\"articleSection\":[\"Religi\u00e3o\"],\"inLanguage\":\"pt-BR\",\"potentialAction\":[{\"@type\":\"CommentAction\",\"name\":\"Comment\",\"target\":[\"https:\/\/jornalfatosenoticias.com.br\/index.php\/2024\/12\/19\/devocional-do-dia-ha-esperanca-para-a-arvore\/#respond\"]}]},{\"@type\":\"WebPage\",\"@id\":\"https:\/\/jornalfatosenoticias.com.br\/index.php\/2024\/12\/19\/devocional-do-dia-ha-esperanca-para-a-arvore\/\",\"url\":\"https:\/\/jornalfatosenoticias.com.br\/index.php\/2024\/12\/19\/devocional-do-dia-ha-esperanca-para-a-arvore\/\",\"name\":\"Devocional do Dia \u2014 h\u00e1 esperan\u00e7a para a \u00e1rvore - Jornal Fatos e Not\u00edcias\",\"isPartOf\":{\"@id\":\"https:\/\/jornalfatosenoticias.com.br\/#website\"},\"primaryImageOfPage\":{\"@id\":\"https:\/\/jornalfatosenoticias.com.br\/index.php\/2024\/12\/19\/devocional-do-dia-ha-esperanca-para-a-arvore\/#primaryimage\"},\"image\":{\"@id\":\"https:\/\/jornalfatosenoticias.com.br\/index.php\/2024\/12\/19\/devocional-do-dia-ha-esperanca-para-a-arvore\/#primaryimage\"},\"thumbnailUrl\":\"https:\/\/jornalfatosenoticias.com.br\/wp-content\/uploads\/2024\/12\/arvores-plantadas-junto-a-ribeiros-de-aguas_Pinterest.jpg\",\"datePublished\":\"2024-12-19T17:18:09+00:00\",\"dateModified\":\"2024-12-19T17:18:11+00:00\",\"breadcrumb\":{\"@id\":\"https:\/\/jornalfatosenoticias.com.br\/index.php\/2024\/12\/19\/devocional-do-dia-ha-esperanca-para-a-arvore\/#breadcrumb\"},\"inLanguage\":\"pt-BR\",\"potentialAction\":[{\"@type\":\"ReadAction\",\"target\":[\"https:\/\/jornalfatosenoticias.com.br\/index.php\/2024\/12\/19\/devocional-do-dia-ha-esperanca-para-a-arvore\/\"]}]},{\"@type\":\"ImageObject\",\"inLanguage\":\"pt-BR\",\"@id\":\"https:\/\/jornalfatosenoticias.com.br\/index.php\/2024\/12\/19\/devocional-do-dia-ha-esperanca-para-a-arvore\/#primaryimage\",\"url\":\"https:\/\/jornalfatosenoticias.com.br\/wp-content\/uploads\/2024\/12\/arvores-plantadas-junto-a-ribeiros-de-aguas_Pinterest.jpg\",\"contentUrl\":\"https:\/\/jornalfatosenoticias.com.br\/wp-content\/uploads\/2024\/12\/arvores-plantadas-junto-a-ribeiros-de-aguas_Pinterest.jpg\",\"width\":626,\"height\":417},{\"@type\":\"BreadcrumbList\",\"@id\":\"https:\/\/jornalfatosenoticias.com.br\/index.php\/2024\/12\/19\/devocional-do-dia-ha-esperanca-para-a-arvore\/#breadcrumb\",\"itemListElement\":[{\"@type\":\"ListItem\",\"position\":1,\"name\":\"In\u00edcio\",\"item\":\"https:\/\/jornalfatosenoticias.com.br\/\"},{\"@type\":\"ListItem\",\"position\":2,\"name\":\"Devocional do Dia \u2014 h\u00e1 esperan\u00e7a para a \u00e1rvore\"}]},{\"@type\":\"WebSite\",\"@id\":\"https:\/\/jornalfatosenoticias.com.br\/#website\",\"url\":\"https:\/\/jornalfatosenoticias.com.br\/\",\"name\":\"Jornal Fatos e Not\u00edcias\",\"description\":\"Not\u00edcias em geral\",\"publisher\":{\"@id\":\"https:\/\/jornalfatosenoticias.com.br\/#organization\"},\"potentialAction\":[{\"@type\":\"SearchAction\",\"target\":{\"@type\":\"EntryPoint\",\"urlTemplate\":\"https:\/\/jornalfatosenoticias.com.br\/?s={search_term_string}\"},\"query-input\":{\"@type\":\"PropertyValueSpecification\",\"valueRequired\":true,\"valueName\":\"search_term_string\"}}],\"inLanguage\":\"pt-BR\"},{\"@type\":\"Organization\",\"@id\":\"https:\/\/jornalfatosenoticias.com.br\/#organization\",\"name\":\"Jornal Fatos e Not\u00edcias\",\"url\":\"https:\/\/jornalfatosenoticias.com.br\/\",\"logo\":{\"@type\":\"ImageObject\",\"inLanguage\":\"pt-BR\",\"@id\":\"https:\/\/jornalfatosenoticias.com.br\/#\/schema\/logo\/image\/\",\"url\":\"https:\/\/jornalfatosenoticias.com.br\/wp-content\/uploads\/2020\/02\/logo120.png\",\"contentUrl\":\"https:\/\/jornalfatosenoticias.com.br\/wp-content\/uploads\/2020\/02\/logo120.png\",\"width\":1227,\"height\":120,\"caption\":\"Jornal Fatos e Not\u00edcias\"},\"image\":{\"@id\":\"https:\/\/jornalfatosenoticias.com.br\/#\/schema\/logo\/image\/\"}},{\"@type\":\"Person\",\"@id\":\"https:\/\/jornalfatosenoticias.com.br\/#\/schema\/person\/d63837fa13ac8666eb9e74e0985d6f81\",\"name\":\"Luzimara Fernandes\",\"image\":{\"@type\":\"ImageObject\",\"inLanguage\":\"pt-BR\",\"@id\":\"https:\/\/jornalfatosenoticias.com.br\/#\/schema\/person\/image\/\",\"url\":\"https:\/\/jornalfatosenoticias.com.br\/wp-content\/uploads\/2025\/05\/EU_portal.jpg\",\"contentUrl\":\"https:\/\/jornalfatosenoticias.com.br\/wp-content\/uploads\/2025\/05\/EU_portal.jpg\",\"caption\":\"Luzimara Fernandes\"},\"description\":\"Jornalista MTB 2358-ES\",\"sameAs\":[\"https:\/\/jornalfatosenoticias.com.br\"],\"url\":\"https:\/\/jornalfatosenoticias.com.br\/index.php\/author\/luzimara\/\"}]}<\/script>\n<!-- \/ Yoast SEO plugin. -->","yoast_head_json":{"title":"Devocional do Dia \u2014 h\u00e1 esperan\u00e7a para a \u00e1rvore - Jornal Fatos e Not\u00edcias","robots":{"index":"index","follow":"follow","max-snippet":"max-snippet:-1","max-image-preview":"max-image-preview:large","max-video-preview":"max-video-preview:-1"},"canonical":"https:\/\/jornalfatosenoticias.com.br\/index.php\/2024\/12\/19\/devocional-do-dia-ha-esperanca-para-a-arvore\/","og_locale":"pt_BR","og_type":"article","og_title":"Devocional do Dia \u2014 h\u00e1 esperan\u00e7a para a \u00e1rvore - Jornal Fatos e Not\u00edcias","og_description":"\u2018Porque h\u00e1 esperan\u00e7a para a \u00e1rvore que, se for cortada, ainda se renovar\u00e1, e n\u00e3o cessar\u00e3o os seus renovos&#8217;, J\u00f3 14:7 Por\u00a0Pastora Luciene da Silva Cordeiro As situa\u00e7\u00f5es adversas v\u00eam como vento contr\u00e1rio em nossas vidas, fazendo, muitas vezes, com que percamos as esperan\u00e7as, e at\u00e9 desacreditemos das promessas do Senhor, mas se estivermos com [&hellip;]","og_url":"https:\/\/jornalfatosenoticias.com.br\/index.php\/2024\/12\/19\/devocional-do-dia-ha-esperanca-para-a-arvore\/","og_site_name":"Jornal Fatos e Not\u00edcias","article_published_time":"2024-12-19T17:18:09+00:00","article_modified_time":"2024-12-19T17:18:11+00:00","og_image":[{"width":626,"height":417,"url":"https:\/\/jornalfatosenoticias.com.br\/wp-content\/uploads\/2024\/12\/arvores-plantadas-junto-a-ribeiros-de-aguas_Pinterest.jpg","type":"image\/jpeg"}],"author":"Luzimara Fernandes","twitter_card":"summary_large_image","twitter_misc":{"Escrito por":"Luzimara Fernandes","Est. tempo de leitura":"1 minuto"},"schema":{"@context":"https:\/\/schema.org","@graph":[{"@type":"Article","@id":"https:\/\/jornalfatosenoticias.com.br\/index.php\/2024\/12\/19\/devocional-do-dia-ha-esperanca-para-a-arvore\/#article","isPartOf":{"@id":"https:\/\/jornalfatosenoticias.com.br\/index.php\/2024\/12\/19\/devocional-do-dia-ha-esperanca-para-a-arvore\/"},"author":{"name":"Luzimara Fernandes","@id":"https:\/\/jornalfatosenoticias.com.br\/#\/schema\/person\/d63837fa13ac8666eb9e74e0985d6f81"},"headline":"Devocional do Dia \u2014 h\u00e1 esperan\u00e7a para a \u00e1rvore","datePublished":"2024-12-19T17:18:09+00:00","dateModified":"2024-12-19T17:18:11+00:00","mainEntityOfPage":{"@id":"https:\/\/jornalfatosenoticias.com.br\/index.php\/2024\/12\/19\/devocional-do-dia-ha-esperanca-para-a-arvore\/"},"wordCount":226,"commentCount":0,"publisher":{"@id":"https:\/\/jornalfatosenoticias.com.br\/#organization"},"image":{"@id":"https:\/\/jornalfatosenoticias.com.br\/index.php\/2024\/12\/19\/devocional-do-dia-ha-esperanca-para-a-arvore\/#primaryimage"},"thumbnailUrl":"https:\/\/jornalfatosenoticias.com.br\/wp-content\/uploads\/2024\/12\/arvores-plantadas-junto-a-ribeiros-de-aguas_Pinterest.jpg","keywords":["cren\u00e7a","esperan\u00e7a","f\u00e9","renovo"],"articleSection":["Religi\u00e3o"],"inLanguage":"pt-BR","potentialAction":[{"@type":"CommentAction","name":"Comment","target":["https:\/\/jornalfatosenoticias.com.br\/index.php\/2024\/12\/19\/devocional-do-dia-ha-esperanca-para-a-arvore\/#respond"]}]},{"@type":"WebPage","@id":"https:\/\/jornalfatosenoticias.com.br\/index.php\/2024\/12\/19\/devocional-do-dia-ha-esperanca-para-a-arvore\/","url":"https:\/\/jornalfatosenoticias.com.br\/index.php\/2024\/12\/19\/devocional-do-dia-ha-esperanca-para-a-arvore\/","name":"Devocional do Dia \u2014 h\u00e1 esperan\u00e7a para a \u00e1rvore - Jornal Fatos e Not\u00edcias","isPartOf":{"@id":"https:\/\/jornalfatosenoticias.com.br\/#website"},"primaryImageOfPage":{"@id":"https:\/\/jornalfatosenoticias.com.br\/index.php\/2024\/12\/19\/devocional-do-dia-ha-esperanca-para-a-arvore\/#primaryimage"},"image":{"@id":"https:\/\/jornalfatosenoticias.com.br\/index.php\/2024\/12\/19\/devocional-do-dia-ha-esperanca-para-a-arvore\/#primaryimage"},"thumbnailUrl":"https:\/\/jornalfatosenoticias.com.br\/wp-content\/uploads\/2024\/12\/arvores-plantadas-junto-a-ribeiros-de-aguas_Pinterest.jpg","datePublished":"2024-12-19T17:18:09+00:00","dateModified":"2024-12-19T17:18:11+00:00","breadcrumb":{"@id":"https:\/\/jornalfatosenoticias.com.br\/index.php\/2024\/12\/19\/devocional-do-dia-ha-esperanca-para-a-arvore\/#breadcrumb"},"inLanguage":"pt-BR","potentialAction":[{"@type":"ReadAction","target":["https:\/\/jornalfatosenoticias.com.br\/index.php\/2024\/12\/19\/devocional-do-dia-ha-esperanca-para-a-arvore\/"]}]},{"@type":"ImageObject","inLanguage":"pt-BR","@id":"https:\/\/jornalfatosenoticias.com.br\/index.php\/2024\/12\/19\/devocional-do-dia-ha-esperanca-para-a-arvore\/#primaryimage","url":"https:\/\/jornalfatosenoticias.com.br\/wp-content\/uploads\/2024\/12\/arvores-plantadas-junto-a-ribeiros-de-aguas_Pinterest.jpg","contentUrl":"https:\/\/jornalfatosenoticias.com.br\/wp-content\/uploads\/2024\/12\/arvores-plantadas-junto-a-ribeiros-de-aguas_Pinterest.jpg","width":626,"height":417},{"@type":"BreadcrumbList","@id":"https:\/\/jornalfatosenoticias.com.br\/index.php\/2024\/12\/19\/devocional-do-dia-ha-esperanca-para-a-arvore\/#breadcrumb","itemListElement":[{"@type":"ListItem","position":1,"name":"In\u00edcio","item":"https:\/\/jornalfatosenoticias.com.br\/"},{"@type":"ListItem","position":2,"name":"Devocional do Dia \u2014 h\u00e1 esperan\u00e7a para a \u00e1rvore"}]},{"@type":"WebSite","@id":"https:\/\/jornalfatosenoticias.com.br\/#website","url":"https:\/\/jornalfatosenoticias.com.br\/","name":"Jornal Fatos e Not\u00edcias","description":"Not\u00edcias em geral","publisher":{"@id":"https:\/\/jornalfatosenoticias.com.br\/#organization"},"potentialAction":[{"@type":"SearchAction","target":{"@type":"EntryPoint","urlTemplate":"https:\/\/jornalfatosenoticias.com.br\/?s={search_term_string}"},"query-input":{"@type":"PropertyValueSpecification","valueRequired":true,"valueName":"search_term_string"}}],"inLanguage":"pt-BR"},{"@type":"Organization","@id":"https:\/\/jornalfatosenoticias.com.br\/#organization","name":"Jornal Fatos e Not\u00edcias","url":"https:\/\/jornalfatosenoticias.com.br\/","logo":{"@type":"ImageObject","inLanguage":"pt-BR","@id":"https:\/\/jornalfatosenoticias.com.br\/#\/schema\/logo\/image\/","url":"https:\/\/jornalfatosenoticias.com.br\/wp-content\/uploads\/2020\/02\/logo120.png","contentUrl":"https:\/\/jornalfatosenoticias.com.br\/wp-content\/uploads\/2020\/02\/logo120.png","width":1227,"height":120,"caption":"Jornal Fatos e Not\u00edcias"},"image":{"@id":"https:\/\/jornalfatosenoticias.com.br\/#\/schema\/logo\/image\/"}},{"@type":"Person","@id":"https:\/\/jornalfatosenoticias.com.br\/#\/schema\/person\/d63837fa13ac8666eb9e74e0985d6f81","name":"Luzimara Fernandes","image":{"@type":"ImageObject","inLanguage":"pt-BR","@id":"https:\/\/jornalfatosenoticias.com.br\/#\/schema\/person\/image\/","url":"https:\/\/jornalfatosenoticias.com.br\/wp-content\/uploads\/2025\/05\/EU_portal.jpg","contentUrl":"https:\/\/jornalfatosenoticias.com.br\/wp-content\/uploads\/2025\/05\/EU_portal.jpg","caption":"Luzimara Fernandes"},"description":"Jornalista MTB 2358-ES","sameAs":["https:\/\/jornalfatosenoticias.com.br"],"url":"https:\/\/jornalfatosenoticias.com.br\/index.php\/author\/luzimara\/"}]}},"cc_featured_image_caption":{"caption_text":"(Foto: Pinterest) ","source_text":"","source_url":""},"jetpack_featured_media_url":"https:\/\/jornalfatosenoticias.com.br\/wp-content\/uploads\/2024\/12\/arvores-plantadas-junto-a-ribeiros-de-aguas_Pinterest.jpg","_links":{"self":[{"href":"https:\/\/jornalfatosenoticias.com.br\/index.php\/wp-json\/wp\/v2\/posts\/56519","targetHints":{"allow":["GET"]}}],"collection":[{"href":"https:\/\/jornalfatosenoticias.com.br\/index.php\/wp-json\/wp\/v2\/posts"}],"about":[{"href":"https:\/\/jornalfatosenoticias.com.br\/index.php\/wp-json\/wp\/v2\/types\/post"}],"author":[{"embeddable":true,"href":"https:\/\/jornalfatosenoticias.com.br\/index.php\/wp-json\/wp\/v2\/users\/2"}],"replies":[{"embeddable":true,"href":"https:\/\/jornalfatosenoticias.com.br\/index.php\/wp-json\/wp\/v2\/comments?post=56519"}],"version-history":[{"count":0,"href":"https:\/\/jornalfatosenoticias.com.br\/index.php\/wp-json\/wp\/v2\/posts\/56519\/revisions"}],"wp:featuredmedia":[{"embeddable":true,"href":"https:\/\/jornalfatosenoticias.com.br\/index.php\/wp-json\/wp\/v2\/media\/56520"}],"wp:attachment":[{"href":"https:\/\/jornalfatosenoticias.com.br\/index.php\/wp-json\/wp\/v2\/media?parent=56519"}],"wp:term":[{"taxonomy":"category","embeddable":true,"href":"https:\/\/jornalfatosenoticias.com.br\/index.php\/wp-json\/wp\/v2\/categories?post=56519"},{"taxonomy":"post_tag","embeddable":true,"href":"https:\/\/jornalfatosenoticias.com.br\/index.php\/wp-json\/wp\/v2\/tags?post=56519"}],"curies":[{"name":"wp","href":"https:\/\/api.w.org\/{rel}","templated":true}]}}