{"id":5652,"date":"2020-06-18T14:35:13","date_gmt":"2020-06-18T17:35:13","guid":{"rendered":"https:\/\/jornalfatosenoticias.com.br\/?p=5652"},"modified":"2020-06-18T14:35:17","modified_gmt":"2020-06-18T17:35:17","slug":"trabalho-voluntario-a-arte-de-servir-ao-proximo-com-amor-e-carinho","status":"publish","type":"post","link":"https:\/\/jornalfatosenoticias.com.br\/index.php\/2020\/06\/18\/trabalho-voluntario-a-arte-de-servir-ao-proximo-com-amor-e-carinho\/","title":{"rendered":"Trabalho  volunt\u00e1rio: a arte de servir ao pr\u00f3ximo com amor e carinho"},"content":{"rendered":"\n<h6 class=\"wp-block-heading\"><em>Projeto realiza ensaio fotogr\u00e1fico para mulheres em tratamento de c\u00e2ncer no momento em que elas est\u00e3o mais fragilizadas<\/em><\/h6>\n\n\n\n<p><em>Texto: Daniel Louzada<\/em><\/p>\n\n\n\n<p>O trabalho volunt\u00e1rio \u00e9 definido pela Lei 9.608\/1998 como a atividade n\u00e3o remunerada prestada por pessoa f\u00edsica a entidade p\u00fablica de qualquer natureza, ou a institui\u00e7\u00e3o privada de fins n\u00e3o lucrativos, que tenha objetivos c\u00edvicos, culturais, educacionais, cient\u00edficos, recreativos ou de assist\u00eancia social, inclusive mutualidade.<br>Essa iniciativa vai muito al\u00e9m de normas e leis, o desejo de ajudar o pr\u00f3ximo vem de pessoas que se colocam no lugar do outro, muitas vezes de indiv\u00edduos que j\u00e1 enfrentaram dificuldades semelhantes \u00e0s do pr\u00f3ximo, e est\u00e3o ali com o prop\u00f3sito de compartilhar experi\u00eancias ou ajudar a quem mais precisa.<\/p>\n\n\n\n<blockquote class=\"wp-block-quote is-layout-flow wp-block-quote-is-layout-flow\"><p>\u201cO intuito \u00e9 fazer com que elas consigam enxergar, nem que seja uma luz de esperan\u00e7a, alegria e f\u00e9, atrav\u00e9s dessas fotografias\u201d<\/p><\/blockquote>\n\n\n\n<p>Dentre os v\u00e1rios projetos volunt\u00e1rios, pode-se citar como exemplo o \u201cProjeto Vida\u201d, criado com o objetivo de trabalhar com mulheres que enfrentam o c\u00e2ncer, atrav\u00e9s da fotografia mostrando a beleza da alma de cada uma delas, a\u00e7\u00e3o esta que contribui para que enxerguem a vida com mais esperan\u00e7a mesmo passando por um momento t\u00e3o delicado.<br>\u201cO Projeto Vida\u201d, segundo o idealizador Jullius Nascimento, que tamb\u00e9m \u00e9 fot\u00f3grafo, h\u00e1 um ano sentiu o desejo de fazer \u201calgo maior\u201d com a fotografia. Al\u00e9m de eternizar momentos como casamentos, quis fazer algo que vai mais al\u00e9m, que possa vir da alma dessas mulheres. \u201cO intuito \u00e9 fazer com que elas consigam enxergar, nem que seja uma luz de esperan\u00e7a, alegria e f\u00e9 atrav\u00e9s dessas fotografias\u201d, ressalta Jullius.<\/p>\n\n\n\n<h4 class=\"wp-block-heading\">Como funciona<\/h4>\n\n\n\n<figure class=\"wp-block-image size-large\"><img loading=\"lazy\" decoding=\"async\" width=\"980\" height=\"515\" src=\"https:\/\/jornalfatosenoticias.com.br\/wp-content\/uploads\/2020\/06\/laco-outubro-rosa.jpg\" alt=\"\" class=\"wp-image-5654\" srcset=\"https:\/\/jornalfatosenoticias.com.br\/wp-content\/uploads\/2020\/06\/laco-outubro-rosa.jpg 980w, https:\/\/jornalfatosenoticias.com.br\/wp-content\/uploads\/2020\/06\/laco-outubro-rosa-300x158.jpg 300w, https:\/\/jornalfatosenoticias.com.br\/wp-content\/uploads\/2020\/06\/laco-outubro-rosa-768x404.jpg 768w\" sizes=\"auto, (max-width: 980px) 100vw, 980px\" \/><figcaption><em>S\u00edmbolo de preven\u00e7\u00e3o e combate ao c\u00e2ncer de mama (Foto: zenklub.com.br)<\/em><\/figcaption><\/figure>\n\n\n\n<p>O trabalho que envolve o ensaio fotogr\u00e1fico ocorre, principalmente, na fase do tratamento, em que elas come\u00e7am a perder os cabelos e, por esse motivo, est\u00e3o fragilizadas. O ensaio \u00e9 feito com o apoio de outro volunt\u00e1rio, o cabeleireiro Ant\u00f4nio Brandini, que \u00e9 respons\u00e1vel por cuidar da parte de maquiagem, a fim de deixar a autoestima feminina mais elevada.<\/p>\n\n\n\n<h4 class=\"wp-block-heading\">Dorcas, a guerreira que luta para vencer<\/h4>\n\n\n\n<figure class=\"wp-block-image size-large\"><img loading=\"lazy\" decoding=\"async\" width=\"980\" height=\"1000\" src=\"https:\/\/jornalfatosenoticias.com.br\/wp-content\/uploads\/2020\/06\/Dorcas1.jpg\" alt=\"\" class=\"wp-image-5653\" srcset=\"https:\/\/jornalfatosenoticias.com.br\/wp-content\/uploads\/2020\/06\/Dorcas1.jpg 980w, https:\/\/jornalfatosenoticias.com.br\/wp-content\/uploads\/2020\/06\/Dorcas1-294x300.jpg 294w, https:\/\/jornalfatosenoticias.com.br\/wp-content\/uploads\/2020\/06\/Dorcas1-768x784.jpg 768w\" sizes=\"auto, (max-width: 980px) 100vw, 980px\" \/><figcaption><em>Dorcas venceu o c\u00e2ncer de mama (Foto: Reprodu\u00e7\u00e3o\/Acervo pessoal)<\/em><\/figcaption><\/figure>\n\n\n\n<p>Dorcas hoje, \u00e9 um testemunho de algu\u00e9m que, mesmo no momento da adversidade, se apegou \u00e0 f\u00e9 e foi capaz de vencer o c\u00e2ncer de mama.<\/p>\n\n\n\n<figure class=\"wp-block-image size-large is-resized\"><img loading=\"lazy\" decoding=\"async\" src=\"https:\/\/jornalfatosenoticias.com.br\/wp-content\/uploads\/2020\/03\/dani-estudio-3.jpg\" alt=\"\" class=\"wp-image-2259\" width=\"153\" height=\"203\"\/><figcaption><strong>Daniel Louzada<br><\/strong><em><strong>Jornalista<br><\/strong>Cel.: (27) 99582-4331<\/em><\/figcaption><\/figure>\n","protected":false},"excerpt":{"rendered":"<p>Projeto realiza ensaio fotogr\u00e1fico para mulheres em tratamento de c\u00e2ncer no momento em que elas est\u00e3o mais fragilizadas Texto: Daniel Louzada O trabalho volunt\u00e1rio \u00e9 definido pela Lei 9.608\/1998 como a atividade n\u00e3o remunerada prestada por pessoa f\u00edsica a entidade p\u00fablica de qualquer natureza, ou a institui\u00e7\u00e3o privada de fins n\u00e3o lucrativos, que tenha objetivos [&hellip;]<\/p>\n","protected":false},"author":2,"featured_media":5655,"comment_status":"open","ping_status":"open","sticky":false,"template":"","format":"standard","meta":{"footnotes":""},"categories":[5],"tags":[3383,1574,3385,3384,1684],"class_list":["post-5652","post","type-post","status-publish","format-standard","has-post-thumbnail","hentry","category-geral","tag-cancer-de-mama","tag-esperanca","tag-fe","tag-luta","tag-voluntariado"],"yoast_head":"<!-- This site is optimized with the Yoast SEO plugin v26.5 - https:\/\/yoast.com\/wordpress\/plugins\/seo\/ -->\n<title>Trabalho volunt\u00e1rio: a arte de servir ao pr\u00f3ximo com amor e carinho - Jornal Fatos e Not\u00edcias<\/title>\n<meta name=\"robots\" content=\"index, follow, max-snippet:-1, max-image-preview:large, max-video-preview:-1\" \/>\n<link rel=\"canonical\" href=\"https:\/\/jornalfatosenoticias.com.br\/index.php\/2020\/06\/18\/trabalho-voluntario-a-arte-de-servir-ao-proximo-com-amor-e-carinho\/\" \/>\n<meta property=\"og:locale\" content=\"pt_BR\" \/>\n<meta property=\"og:type\" content=\"article\" \/>\n<meta property=\"og:title\" content=\"Trabalho volunt\u00e1rio: a arte de servir ao pr\u00f3ximo com amor e carinho - Jornal Fatos e Not\u00edcias\" \/>\n<meta property=\"og:description\" content=\"Projeto realiza ensaio fotogr\u00e1fico para mulheres em tratamento de c\u00e2ncer no momento em que elas est\u00e3o mais fragilizadas Texto: Daniel Louzada O trabalho volunt\u00e1rio \u00e9 definido pela Lei 9.608\/1998 como a atividade n\u00e3o remunerada prestada por pessoa f\u00edsica a entidade p\u00fablica de qualquer natureza, ou a institui\u00e7\u00e3o privada de fins n\u00e3o lucrativos, que tenha objetivos [&hellip;]\" \/>\n<meta property=\"og:url\" content=\"https:\/\/jornalfatosenoticias.com.br\/index.php\/2020\/06\/18\/trabalho-voluntario-a-arte-de-servir-ao-proximo-com-amor-e-carinho\/\" \/>\n<meta property=\"og:site_name\" content=\"Jornal Fatos e Not\u00edcias\" \/>\n<meta property=\"article:published_time\" content=\"2020-06-18T17:35:13+00:00\" \/>\n<meta property=\"article:modified_time\" content=\"2020-06-18T17:35:17+00:00\" \/>\n<meta property=\"og:image\" content=\"https:\/\/jornalfatosenoticias.com.br\/wp-content\/uploads\/2020\/06\/Dorcas_capa.jpg\" \/>\n\t<meta property=\"og:image:width\" content=\"979\" \/>\n\t<meta property=\"og:image:height\" content=\"783\" \/>\n\t<meta property=\"og:image:type\" content=\"image\/jpeg\" \/>\n<meta name=\"author\" content=\"Luzimara Fernandes\" \/>\n<meta name=\"twitter:card\" content=\"summary_large_image\" \/>\n<meta name=\"twitter:label1\" content=\"Escrito por\" \/>\n\t<meta name=\"twitter:data1\" content=\"Luzimara Fernandes\" \/>\n\t<meta name=\"twitter:label2\" content=\"Est. tempo de leitura\" \/>\n\t<meta name=\"twitter:data2\" content=\"2 minutos\" \/>\n<script type=\"application\/ld+json\" class=\"yoast-schema-graph\">{\"@context\":\"https:\/\/schema.org\",\"@graph\":[{\"@type\":\"Article\",\"@id\":\"https:\/\/jornalfatosenoticias.com.br\/index.php\/2020\/06\/18\/trabalho-voluntario-a-arte-de-servir-ao-proximo-com-amor-e-carinho\/#article\",\"isPartOf\":{\"@id\":\"https:\/\/jornalfatosenoticias.com.br\/index.php\/2020\/06\/18\/trabalho-voluntario-a-arte-de-servir-ao-proximo-com-amor-e-carinho\/\"},\"author\":{\"name\":\"Luzimara Fernandes\",\"@id\":\"https:\/\/jornalfatosenoticias.com.br\/#\/schema\/person\/d63837fa13ac8666eb9e74e0985d6f81\"},\"headline\":\"Trabalho volunt\u00e1rio: a arte de servir ao pr\u00f3ximo com amor e carinho\",\"datePublished\":\"2020-06-18T17:35:13+00:00\",\"dateModified\":\"2020-06-18T17:35:17+00:00\",\"mainEntityOfPage\":{\"@id\":\"https:\/\/jornalfatosenoticias.com.br\/index.php\/2020\/06\/18\/trabalho-voluntario-a-arte-de-servir-ao-proximo-com-amor-e-carinho\/\"},\"wordCount\":438,\"commentCount\":0,\"publisher\":{\"@id\":\"https:\/\/jornalfatosenoticias.com.br\/#organization\"},\"image\":{\"@id\":\"https:\/\/jornalfatosenoticias.com.br\/index.php\/2020\/06\/18\/trabalho-voluntario-a-arte-de-servir-ao-proximo-com-amor-e-carinho\/#primaryimage\"},\"thumbnailUrl\":\"https:\/\/jornalfatosenoticias.com.br\/wp-content\/uploads\/2020\/06\/Dorcas_capa.jpg\",\"keywords\":[\"c\u00e2ncer de mama\",\"esperan\u00e7a\",\"f\u00e9\",\"luta\",\"voluntariado\"],\"articleSection\":[\"Geral\"],\"inLanguage\":\"pt-BR\",\"potentialAction\":[{\"@type\":\"CommentAction\",\"name\":\"Comment\",\"target\":[\"https:\/\/jornalfatosenoticias.com.br\/index.php\/2020\/06\/18\/trabalho-voluntario-a-arte-de-servir-ao-proximo-com-amor-e-carinho\/#respond\"]}]},{\"@type\":\"WebPage\",\"@id\":\"https:\/\/jornalfatosenoticias.com.br\/index.php\/2020\/06\/18\/trabalho-voluntario-a-arte-de-servir-ao-proximo-com-amor-e-carinho\/\",\"url\":\"https:\/\/jornalfatosenoticias.com.br\/index.php\/2020\/06\/18\/trabalho-voluntario-a-arte-de-servir-ao-proximo-com-amor-e-carinho\/\",\"name\":\"Trabalho volunt\u00e1rio: a arte de servir ao pr\u00f3ximo com amor e carinho - Jornal Fatos e Not\u00edcias\",\"isPartOf\":{\"@id\":\"https:\/\/jornalfatosenoticias.com.br\/#website\"},\"primaryImageOfPage\":{\"@id\":\"https:\/\/jornalfatosenoticias.com.br\/index.php\/2020\/06\/18\/trabalho-voluntario-a-arte-de-servir-ao-proximo-com-amor-e-carinho\/#primaryimage\"},\"image\":{\"@id\":\"https:\/\/jornalfatosenoticias.com.br\/index.php\/2020\/06\/18\/trabalho-voluntario-a-arte-de-servir-ao-proximo-com-amor-e-carinho\/#primaryimage\"},\"thumbnailUrl\":\"https:\/\/jornalfatosenoticias.com.br\/wp-content\/uploads\/2020\/06\/Dorcas_capa.jpg\",\"datePublished\":\"2020-06-18T17:35:13+00:00\",\"dateModified\":\"2020-06-18T17:35:17+00:00\",\"breadcrumb\":{\"@id\":\"https:\/\/jornalfatosenoticias.com.br\/index.php\/2020\/06\/18\/trabalho-voluntario-a-arte-de-servir-ao-proximo-com-amor-e-carinho\/#breadcrumb\"},\"inLanguage\":\"pt-BR\",\"potentialAction\":[{\"@type\":\"ReadAction\",\"target\":[\"https:\/\/jornalfatosenoticias.com.br\/index.php\/2020\/06\/18\/trabalho-voluntario-a-arte-de-servir-ao-proximo-com-amor-e-carinho\/\"]}]},{\"@type\":\"ImageObject\",\"inLanguage\":\"pt-BR\",\"@id\":\"https:\/\/jornalfatosenoticias.com.br\/index.php\/2020\/06\/18\/trabalho-voluntario-a-arte-de-servir-ao-proximo-com-amor-e-carinho\/#primaryimage\",\"url\":\"https:\/\/jornalfatosenoticias.com.br\/wp-content\/uploads\/2020\/06\/Dorcas_capa.jpg\",\"contentUrl\":\"https:\/\/jornalfatosenoticias.com.br\/wp-content\/uploads\/2020\/06\/Dorcas_capa.jpg\",\"width\":979,\"height\":783},{\"@type\":\"BreadcrumbList\",\"@id\":\"https:\/\/jornalfatosenoticias.com.br\/index.php\/2020\/06\/18\/trabalho-voluntario-a-arte-de-servir-ao-proximo-com-amor-e-carinho\/#breadcrumb\",\"itemListElement\":[{\"@type\":\"ListItem\",\"position\":1,\"name\":\"In\u00edcio\",\"item\":\"https:\/\/jornalfatosenoticias.com.br\/\"},{\"@type\":\"ListItem\",\"position\":2,\"name\":\"Trabalho volunt\u00e1rio: a arte de servir ao pr\u00f3ximo com amor e carinho\"}]},{\"@type\":\"WebSite\",\"@id\":\"https:\/\/jornalfatosenoticias.com.br\/#website\",\"url\":\"https:\/\/jornalfatosenoticias.com.br\/\",\"name\":\"Jornal Fatos e Not\u00edcias\",\"description\":\"Not\u00edcias em geral\",\"publisher\":{\"@id\":\"https:\/\/jornalfatosenoticias.com.br\/#organization\"},\"potentialAction\":[{\"@type\":\"SearchAction\",\"target\":{\"@type\":\"EntryPoint\",\"urlTemplate\":\"https:\/\/jornalfatosenoticias.com.br\/?s={search_term_string}\"},\"query-input\":{\"@type\":\"PropertyValueSpecification\",\"valueRequired\":true,\"valueName\":\"search_term_string\"}}],\"inLanguage\":\"pt-BR\"},{\"@type\":\"Organization\",\"@id\":\"https:\/\/jornalfatosenoticias.com.br\/#organization\",\"name\":\"Jornal Fatos e Not\u00edcias\",\"url\":\"https:\/\/jornalfatosenoticias.com.br\/\",\"logo\":{\"@type\":\"ImageObject\",\"inLanguage\":\"pt-BR\",\"@id\":\"https:\/\/jornalfatosenoticias.com.br\/#\/schema\/logo\/image\/\",\"url\":\"https:\/\/jornalfatosenoticias.com.br\/wp-content\/uploads\/2020\/02\/logo120.png\",\"contentUrl\":\"https:\/\/jornalfatosenoticias.com.br\/wp-content\/uploads\/2020\/02\/logo120.png\",\"width\":1227,\"height\":120,\"caption\":\"Jornal Fatos e Not\u00edcias\"},\"image\":{\"@id\":\"https:\/\/jornalfatosenoticias.com.br\/#\/schema\/logo\/image\/\"}},{\"@type\":\"Person\",\"@id\":\"https:\/\/jornalfatosenoticias.com.br\/#\/schema\/person\/d63837fa13ac8666eb9e74e0985d6f81\",\"name\":\"Luzimara Fernandes\",\"image\":{\"@type\":\"ImageObject\",\"inLanguage\":\"pt-BR\",\"@id\":\"https:\/\/jornalfatosenoticias.com.br\/#\/schema\/person\/image\/\",\"url\":\"https:\/\/jornalfatosenoticias.com.br\/wp-content\/uploads\/2025\/05\/EU_portal.jpg\",\"contentUrl\":\"https:\/\/jornalfatosenoticias.com.br\/wp-content\/uploads\/2025\/05\/EU_portal.jpg\",\"caption\":\"Luzimara Fernandes\"},\"description\":\"Jornalista MTB 2358-ES\",\"sameAs\":[\"https:\/\/jornalfatosenoticias.com.br\"],\"url\":\"https:\/\/jornalfatosenoticias.com.br\/index.php\/author\/luzimara\/\"}]}<\/script>\n<!-- \/ Yoast SEO plugin. -->","yoast_head_json":{"title":"Trabalho volunt\u00e1rio: a arte de servir ao pr\u00f3ximo com amor e carinho - Jornal Fatos e Not\u00edcias","robots":{"index":"index","follow":"follow","max-snippet":"max-snippet:-1","max-image-preview":"max-image-preview:large","max-video-preview":"max-video-preview:-1"},"canonical":"https:\/\/jornalfatosenoticias.com.br\/index.php\/2020\/06\/18\/trabalho-voluntario-a-arte-de-servir-ao-proximo-com-amor-e-carinho\/","og_locale":"pt_BR","og_type":"article","og_title":"Trabalho volunt\u00e1rio: a arte de servir ao pr\u00f3ximo com amor e carinho - Jornal Fatos e Not\u00edcias","og_description":"Projeto realiza ensaio fotogr\u00e1fico para mulheres em tratamento de c\u00e2ncer no momento em que elas est\u00e3o mais fragilizadas Texto: Daniel Louzada O trabalho volunt\u00e1rio \u00e9 definido pela Lei 9.608\/1998 como a atividade n\u00e3o remunerada prestada por pessoa f\u00edsica a entidade p\u00fablica de qualquer natureza, ou a institui\u00e7\u00e3o privada de fins n\u00e3o lucrativos, que tenha objetivos [&hellip;]","og_url":"https:\/\/jornalfatosenoticias.com.br\/index.php\/2020\/06\/18\/trabalho-voluntario-a-arte-de-servir-ao-proximo-com-amor-e-carinho\/","og_site_name":"Jornal Fatos e Not\u00edcias","article_published_time":"2020-06-18T17:35:13+00:00","article_modified_time":"2020-06-18T17:35:17+00:00","og_image":[{"width":979,"height":783,"url":"https:\/\/jornalfatosenoticias.com.br\/wp-content\/uploads\/2020\/06\/Dorcas_capa.jpg","type":"image\/jpeg"}],"author":"Luzimara Fernandes","twitter_card":"summary_large_image","twitter_misc":{"Escrito por":"Luzimara Fernandes","Est. tempo de leitura":"2 minutos"},"schema":{"@context":"https:\/\/schema.org","@graph":[{"@type":"Article","@id":"https:\/\/jornalfatosenoticias.com.br\/index.php\/2020\/06\/18\/trabalho-voluntario-a-arte-de-servir-ao-proximo-com-amor-e-carinho\/#article","isPartOf":{"@id":"https:\/\/jornalfatosenoticias.com.br\/index.php\/2020\/06\/18\/trabalho-voluntario-a-arte-de-servir-ao-proximo-com-amor-e-carinho\/"},"author":{"name":"Luzimara Fernandes","@id":"https:\/\/jornalfatosenoticias.com.br\/#\/schema\/person\/d63837fa13ac8666eb9e74e0985d6f81"},"headline":"Trabalho volunt\u00e1rio: a arte de servir ao pr\u00f3ximo com amor e carinho","datePublished":"2020-06-18T17:35:13+00:00","dateModified":"2020-06-18T17:35:17+00:00","mainEntityOfPage":{"@id":"https:\/\/jornalfatosenoticias.com.br\/index.php\/2020\/06\/18\/trabalho-voluntario-a-arte-de-servir-ao-proximo-com-amor-e-carinho\/"},"wordCount":438,"commentCount":0,"publisher":{"@id":"https:\/\/jornalfatosenoticias.com.br\/#organization"},"image":{"@id":"https:\/\/jornalfatosenoticias.com.br\/index.php\/2020\/06\/18\/trabalho-voluntario-a-arte-de-servir-ao-proximo-com-amor-e-carinho\/#primaryimage"},"thumbnailUrl":"https:\/\/jornalfatosenoticias.com.br\/wp-content\/uploads\/2020\/06\/Dorcas_capa.jpg","keywords":["c\u00e2ncer de mama","esperan\u00e7a","f\u00e9","luta","voluntariado"],"articleSection":["Geral"],"inLanguage":"pt-BR","potentialAction":[{"@type":"CommentAction","name":"Comment","target":["https:\/\/jornalfatosenoticias.com.br\/index.php\/2020\/06\/18\/trabalho-voluntario-a-arte-de-servir-ao-proximo-com-amor-e-carinho\/#respond"]}]},{"@type":"WebPage","@id":"https:\/\/jornalfatosenoticias.com.br\/index.php\/2020\/06\/18\/trabalho-voluntario-a-arte-de-servir-ao-proximo-com-amor-e-carinho\/","url":"https:\/\/jornalfatosenoticias.com.br\/index.php\/2020\/06\/18\/trabalho-voluntario-a-arte-de-servir-ao-proximo-com-amor-e-carinho\/","name":"Trabalho volunt\u00e1rio: a arte de servir ao pr\u00f3ximo com amor e carinho - Jornal Fatos e Not\u00edcias","isPartOf":{"@id":"https:\/\/jornalfatosenoticias.com.br\/#website"},"primaryImageOfPage":{"@id":"https:\/\/jornalfatosenoticias.com.br\/index.php\/2020\/06\/18\/trabalho-voluntario-a-arte-de-servir-ao-proximo-com-amor-e-carinho\/#primaryimage"},"image":{"@id":"https:\/\/jornalfatosenoticias.com.br\/index.php\/2020\/06\/18\/trabalho-voluntario-a-arte-de-servir-ao-proximo-com-amor-e-carinho\/#primaryimage"},"thumbnailUrl":"https:\/\/jornalfatosenoticias.com.br\/wp-content\/uploads\/2020\/06\/Dorcas_capa.jpg","datePublished":"2020-06-18T17:35:13+00:00","dateModified":"2020-06-18T17:35:17+00:00","breadcrumb":{"@id":"https:\/\/jornalfatosenoticias.com.br\/index.php\/2020\/06\/18\/trabalho-voluntario-a-arte-de-servir-ao-proximo-com-amor-e-carinho\/#breadcrumb"},"inLanguage":"pt-BR","potentialAction":[{"@type":"ReadAction","target":["https:\/\/jornalfatosenoticias.com.br\/index.php\/2020\/06\/18\/trabalho-voluntario-a-arte-de-servir-ao-proximo-com-amor-e-carinho\/"]}]},{"@type":"ImageObject","inLanguage":"pt-BR","@id":"https:\/\/jornalfatosenoticias.com.br\/index.php\/2020\/06\/18\/trabalho-voluntario-a-arte-de-servir-ao-proximo-com-amor-e-carinho\/#primaryimage","url":"https:\/\/jornalfatosenoticias.com.br\/wp-content\/uploads\/2020\/06\/Dorcas_capa.jpg","contentUrl":"https:\/\/jornalfatosenoticias.com.br\/wp-content\/uploads\/2020\/06\/Dorcas_capa.jpg","width":979,"height":783},{"@type":"BreadcrumbList","@id":"https:\/\/jornalfatosenoticias.com.br\/index.php\/2020\/06\/18\/trabalho-voluntario-a-arte-de-servir-ao-proximo-com-amor-e-carinho\/#breadcrumb","itemListElement":[{"@type":"ListItem","position":1,"name":"In\u00edcio","item":"https:\/\/jornalfatosenoticias.com.br\/"},{"@type":"ListItem","position":2,"name":"Trabalho volunt\u00e1rio: a arte de servir ao pr\u00f3ximo com amor e carinho"}]},{"@type":"WebSite","@id":"https:\/\/jornalfatosenoticias.com.br\/#website","url":"https:\/\/jornalfatosenoticias.com.br\/","name":"Jornal Fatos e Not\u00edcias","description":"Not\u00edcias em geral","publisher":{"@id":"https:\/\/jornalfatosenoticias.com.br\/#organization"},"potentialAction":[{"@type":"SearchAction","target":{"@type":"EntryPoint","urlTemplate":"https:\/\/jornalfatosenoticias.com.br\/?s={search_term_string}"},"query-input":{"@type":"PropertyValueSpecification","valueRequired":true,"valueName":"search_term_string"}}],"inLanguage":"pt-BR"},{"@type":"Organization","@id":"https:\/\/jornalfatosenoticias.com.br\/#organization","name":"Jornal Fatos e Not\u00edcias","url":"https:\/\/jornalfatosenoticias.com.br\/","logo":{"@type":"ImageObject","inLanguage":"pt-BR","@id":"https:\/\/jornalfatosenoticias.com.br\/#\/schema\/logo\/image\/","url":"https:\/\/jornalfatosenoticias.com.br\/wp-content\/uploads\/2020\/02\/logo120.png","contentUrl":"https:\/\/jornalfatosenoticias.com.br\/wp-content\/uploads\/2020\/02\/logo120.png","width":1227,"height":120,"caption":"Jornal Fatos e Not\u00edcias"},"image":{"@id":"https:\/\/jornalfatosenoticias.com.br\/#\/schema\/logo\/image\/"}},{"@type":"Person","@id":"https:\/\/jornalfatosenoticias.com.br\/#\/schema\/person\/d63837fa13ac8666eb9e74e0985d6f81","name":"Luzimara Fernandes","image":{"@type":"ImageObject","inLanguage":"pt-BR","@id":"https:\/\/jornalfatosenoticias.com.br\/#\/schema\/person\/image\/","url":"https:\/\/jornalfatosenoticias.com.br\/wp-content\/uploads\/2025\/05\/EU_portal.jpg","contentUrl":"https:\/\/jornalfatosenoticias.com.br\/wp-content\/uploads\/2025\/05\/EU_portal.jpg","caption":"Luzimara Fernandes"},"description":"Jornalista MTB 2358-ES","sameAs":["https:\/\/jornalfatosenoticias.com.br"],"url":"https:\/\/jornalfatosenoticias.com.br\/index.php\/author\/luzimara\/"}]}},"cc_featured_image_caption":{"caption_text":"Dorcas (Foto: Reprodu\u00e7\u00e3o\/Acervo pessoal)\r\n","source_text":"","source_url":""},"jetpack_featured_media_url":"https:\/\/jornalfatosenoticias.com.br\/wp-content\/uploads\/2020\/06\/Dorcas_capa.jpg","_links":{"self":[{"href":"https:\/\/jornalfatosenoticias.com.br\/index.php\/wp-json\/wp\/v2\/posts\/5652","targetHints":{"allow":["GET"]}}],"collection":[{"href":"https:\/\/jornalfatosenoticias.com.br\/index.php\/wp-json\/wp\/v2\/posts"}],"about":[{"href":"https:\/\/jornalfatosenoticias.com.br\/index.php\/wp-json\/wp\/v2\/types\/post"}],"author":[{"embeddable":true,"href":"https:\/\/jornalfatosenoticias.com.br\/index.php\/wp-json\/wp\/v2\/users\/2"}],"replies":[{"embeddable":true,"href":"https:\/\/jornalfatosenoticias.com.br\/index.php\/wp-json\/wp\/v2\/comments?post=5652"}],"version-history":[{"count":0,"href":"https:\/\/jornalfatosenoticias.com.br\/index.php\/wp-json\/wp\/v2\/posts\/5652\/revisions"}],"wp:featuredmedia":[{"embeddable":true,"href":"https:\/\/jornalfatosenoticias.com.br\/index.php\/wp-json\/wp\/v2\/media\/5655"}],"wp:attachment":[{"href":"https:\/\/jornalfatosenoticias.com.br\/index.php\/wp-json\/wp\/v2\/media?parent=5652"}],"wp:term":[{"taxonomy":"category","embeddable":true,"href":"https:\/\/jornalfatosenoticias.com.br\/index.php\/wp-json\/wp\/v2\/categories?post=5652"},{"taxonomy":"post_tag","embeddable":true,"href":"https:\/\/jornalfatosenoticias.com.br\/index.php\/wp-json\/wp\/v2\/tags?post=5652"}],"curies":[{"name":"wp","href":"https:\/\/api.w.org\/{rel}","templated":true}]}}