{"id":56528,"date":"2024-12-19T14:36:58","date_gmt":"2024-12-19T17:36:58","guid":{"rendered":"https:\/\/jornalfatosenoticias.com.br\/?p=56528"},"modified":"2024-12-19T14:37:00","modified_gmt":"2024-12-19T17:37:00","slug":"mentiras-em-abundancia-escrupulos-em-escassez-parte-i","status":"publish","type":"post","link":"https:\/\/jornalfatosenoticias.com.br\/index.php\/2024\/12\/19\/mentiras-em-abundancia-escrupulos-em-escassez-parte-i\/","title":{"rendered":"Mentiras em abund\u00e2ncia. Escr\u00fapulos em escassez \u2014 Parte I"},"content":{"rendered":"\n<p><em><span class=\"has-inline-color has-black-color\">O PL votado, que foi alardeado como uma puni\u00e7\u00e3o a ped\u00f3filos, com a castra\u00e7\u00e3o qu\u00edmica, \u00e9 ouro de tolo. Parte de uma ilus\u00e3o de que o ped\u00f3filo \u00e9 algu\u00e9m hipersexualizado. Mentira!<\/span><\/em><\/p>\n\n\n\n<div class=\"wp-block-image\"><figure class=\"aligncenter size-large\"><a href=\"https:\/\/mizu.com.br\/\"><img loading=\"lazy\" decoding=\"async\" width=\"729\" height=\"90\" src=\"https:\/\/jornalfatosenoticias.com.br\/wp-content\/uploads\/2020\/02\/Logo_Mizu.png\" alt=\"\" class=\"wp-image-1441\" srcset=\"https:\/\/jornalfatosenoticias.com.br\/wp-content\/uploads\/2020\/02\/Logo_Mizu.png 729w, https:\/\/jornalfatosenoticias.com.br\/wp-content\/uploads\/2020\/02\/Logo_Mizu-300x37.png 300w\" sizes=\"auto, (max-width: 729px) 100vw, 729px\" \/><\/a><\/figure><\/div>\n\n\n\n<p>Poder\u00edamos trocar Mentiras por Inverdades ou por Desinforma\u00e7\u00e3o, termo que entrou no vocabul\u00e1rio do nosso cotidiano. Mas, a mim parece-me que, al\u00e9m de suavizar semanticamente, suaviza em sua intensidade proposital. S\u00e3o Mentiras. Apelidos que t\u00eam na confus\u00e3o seu ve\u00edculo de acobertamento de crimes contra a Crian\u00e7a.<br>Sem nenhum escr\u00fapulo s\u00e3o exibidos ditos que n\u00e3o possuem nem mesmo o senso comum, o conhecimento popular, qui\u00e7\u00e1 algum conhecimento cient\u00edfico. Esse, passa muito longe quando s\u00e3o presumidas afirma\u00e7\u00f5es infundadas. Como sabemos, a mentira \u00e9 a grande estrela de nosso tempo. Ent\u00e3o vemos profissionais se infiltrarem em \u00e1rea de conhecimento da qual n\u00e3o t\u00eam conhecimento nem, sequer, a autoridade necess\u00e1ria. Facilmente, escorregam com distor\u00e7\u00f5es transformando presun\u00e7\u00f5es em afirma\u00e7\u00f5es dogm\u00e1ticas sem nenhuma fundamenta\u00e7\u00e3o cient\u00edfica.<\/p>\n\n\n\n<div class=\"wp-block-image\"><figure class=\"aligncenter size-large is-resized\"><a href=\"https:\/\/www.facebook.com\/postobkr\/?locale=pt_BR\"><img loading=\"lazy\" decoding=\"async\" src=\"https:\/\/jornalfatosenoticias.com.br\/wp-content\/uploads\/2023\/08\/BKR-1024x1021.jpg\" alt=\"\" class=\"wp-image-44494\" width=\"302\" height=\"301\" srcset=\"https:\/\/jornalfatosenoticias.com.br\/wp-content\/uploads\/2023\/08\/BKR-1024x1021.jpg 1024w, https:\/\/jornalfatosenoticias.com.br\/wp-content\/uploads\/2023\/08\/BKR-300x300.jpg 300w, https:\/\/jornalfatosenoticias.com.br\/wp-content\/uploads\/2023\/08\/BKR-150x150.jpg 150w, https:\/\/jornalfatosenoticias.com.br\/wp-content\/uploads\/2023\/08\/BKR-768x766.jpg 768w, https:\/\/jornalfatosenoticias.com.br\/wp-content\/uploads\/2023\/08\/BKR.jpg 1080w\" sizes=\"auto, (max-width: 302px) 100vw, 302px\" \/><\/a><\/figure><\/div>\n\n\n\n<p>H\u00e1 alguns dias encontrei uma publica\u00e7\u00e3o de profissionais da \u00e1rea da sa\u00fade mental, que deviam prezar pela <strong>SA\u00daDE MENTAL,<\/strong> afirmando doen\u00e7as mentais \u201cfemininas\u201d. Como pode? Os p\u00e1thos n\u00e3o t\u00eam g\u00eanero. Excetuando-se, \u00e9 claro, o aparelho sexual e reprodutor, todas as situa\u00e7\u00f5es de adoecimento de algum \u00f3rg\u00e3o ou sistema, n\u00e3o seguem o g\u00eanero do portador, portanto n\u00e3o devem estar submetidos \u00e0 misoginia.<\/p>\n\n\n\n<div class=\"wp-block-image\"><figure class=\"aligncenter size-large is-resized\"><a href=\"https:\/\/www.instagram.com\/restaurantepegoretti\/\"><img loading=\"lazy\" decoding=\"async\" src=\"https:\/\/jornalfatosenoticias.com.br\/wp-content\/uploads\/2023\/12\/pegoretti-logo-pdf-1024x389.jpg\" alt=\"\" class=\"wp-image-47536\" width=\"432\" height=\"164\" srcset=\"https:\/\/jornalfatosenoticias.com.br\/wp-content\/uploads\/2023\/12\/pegoretti-logo-pdf-1024x389.jpg 1024w, https:\/\/jornalfatosenoticias.com.br\/wp-content\/uploads\/2023\/12\/pegoretti-logo-pdf-300x114.jpg 300w, https:\/\/jornalfatosenoticias.com.br\/wp-content\/uploads\/2023\/12\/pegoretti-logo-pdf-768x291.jpg 768w, https:\/\/jornalfatosenoticias.com.br\/wp-content\/uploads\/2023\/12\/pegoretti-logo-pdf.jpg 1120w\" sizes=\"auto, (max-width: 432px) 100vw, 432px\" \/><\/a><\/figure><\/div>\n\n\n\n<p>Ent\u00e3o, encontramos afirma\u00e7\u00f5es que misturam, sem crit\u00e9rio, altera\u00e7\u00f5es por rea\u00e7\u00e3o emocional e doen\u00e7as mentais, o quadro psicopatol\u00f3gico borderline, atribu\u00eddos, falsamente, \u00e0 mulher para fazer um link com um perfil feminino perverso e vingativo contra o pobre ex que \u00e9 inocentado at\u00e9 quando h\u00e1 materialidade de seus crimes.<\/p>\n\n\n\n<div class=\"wp-block-image\"><figure class=\"aligncenter size-large is-resized\"><a href=\"https:\/\/panper.com.br\/\"><img loading=\"lazy\" decoding=\"async\" src=\"https:\/\/jornalfatosenoticias.com.br\/wp-content\/uploads\/2023\/03\/logo-Panper_portal.jpg\" alt=\"\" class=\"wp-image-40208\" width=\"316\" height=\"219\" srcset=\"https:\/\/jornalfatosenoticias.com.br\/wp-content\/uploads\/2023\/03\/logo-Panper_portal.jpg 400w, https:\/\/jornalfatosenoticias.com.br\/wp-content\/uploads\/2023\/03\/logo-Panper_portal-300x208.jpg 300w\" sizes=\"auto, (max-width: 316px) 100vw, 316px\" \/><\/a><\/figure><\/div>\n\n\n\n<p>Assim, tamb\u00e9m espalham que crian\u00e7as s\u00e3o todas mentirosas, ou rob\u00f4s bobos, dominados pela mente perversa de uma m\u00e3e tachada de \u201calienadora\u201d, termo que n\u00e3o tem fundamento cient\u00edfico. Essa \u00e9 uma mentira que tamb\u00e9m se espalhou, desprovida de escr\u00fapulos t\u00e9cnico e te\u00f3rico, sem nenhum constrangimento \u00e9tico cab\u00edvel. <\/p>\n\n\n\n<div class=\"wp-block-image\"><figure class=\"aligncenter size-large\"><img loading=\"lazy\" decoding=\"async\" width=\"996\" height=\"558\" src=\"https:\/\/jornalfatosenoticias.com.br\/wp-content\/uploads\/2024\/12\/crianca-e-justica_freepik-ia.jpg\" alt=\"\" class=\"wp-image-56530\" srcset=\"https:\/\/jornalfatosenoticias.com.br\/wp-content\/uploads\/2024\/12\/crianca-e-justica_freepik-ia.jpg 996w, https:\/\/jornalfatosenoticias.com.br\/wp-content\/uploads\/2024\/12\/crianca-e-justica_freepik-ia-300x168.jpg 300w, https:\/\/jornalfatosenoticias.com.br\/wp-content\/uploads\/2024\/12\/crianca-e-justica_freepik-ia-768x430.jpg 768w\" sizes=\"auto, (max-width: 996px) 100vw, 996px\" \/><figcaption><em><span class=\"has-inline-color has-black-color\">(Foto: Freepik\/Gerada com IA)<\/span><\/em><\/figcaption><\/figure><\/div>\n\n\n\n<p>Se a crian\u00e7a sofre da falta de filtro social, se ela exp\u00f5e a verdade em qualquer momento, ou lugar, e quanto menor, mais \u201csincerismo\u201d expl\u00edcito fala, como pode que ela tenha suas lembran\u00e7as mn\u00eamicas manipuladas para fabricar uma falsifica\u00e7\u00e3o, ali\u00e1s nunca provada cientificamente? E o Poder dessa m\u00e3e \u00e9 t\u00e3o poderoso, (pleonasmo proposital da autora), que essa crian\u00e7a fala verbalmente, com detalhes que n\u00e3o tem capacidade cognitiva de arquivar, fala pelos desenhos, fala pela brincadeira com bonecos. Mas nada disso \u00e9 considerado. E a indu\u00e7\u00e3o aos agentes de justi\u00e7a \u00e9 a desqualifica\u00e7\u00e3o de suas lembran\u00e7as mn\u00eamicas de dores e sofrimentos que s\u00e3o atropelados e esmagados para que um criminoso seja acobertado e legitimado no cometimento dos crimes contra a crian\u00e7a. Ele ainda ganha de brinde a crian\u00e7a, e a m\u00e3e \u00e9 subtra\u00edda de sua vida, tachada de alta periculosidade.<\/p>\n\n\n\n<div class=\"wp-block-image\"><figure class=\"aligncenter size-large is-resized\"><a href=\"https:\/\/www.instagram.com\/esteiochurrascaria\/\"><img loading=\"lazy\" decoding=\"async\" src=\"https:\/\/jornalfatosenoticias.com.br\/wp-content\/uploads\/2022\/02\/LOGO-ESTEIO-1024x730.png\" alt=\"\" class=\"wp-image-27942\" width=\"332\" height=\"237\" srcset=\"https:\/\/jornalfatosenoticias.com.br\/wp-content\/uploads\/2022\/02\/LOGO-ESTEIO-1024x730.png 1024w, https:\/\/jornalfatosenoticias.com.br\/wp-content\/uploads\/2022\/02\/LOGO-ESTEIO-300x214.png 300w, https:\/\/jornalfatosenoticias.com.br\/wp-content\/uploads\/2022\/02\/LOGO-ESTEIO-768x548.png 768w, https:\/\/jornalfatosenoticias.com.br\/wp-content\/uploads\/2022\/02\/LOGO-ESTEIO.png 1123w\" sizes=\"auto, (max-width: 332px) 100vw, 332px\" \/><\/a><\/figure><\/div>\n\n\n\n<blockquote class=\"wp-block-quote is-layout-flow wp-block-quote-is-layout-flow\"><p><span class=\"has-inline-color has-luminous-vivid-orange-color\"><strong>N\u00e3o podemos esquecer que a Medida Protetiva n\u00e3o protege<\/strong><\/span><\/p><\/blockquote>\n\n\n\n<div class=\"wp-block-image\"><figure class=\"aligncenter size-large is-resized\"><a href=\"https:\/\/www.legisjuris.com.br\/\"><img loading=\"lazy\" decoding=\"async\" src=\"https:\/\/jornalfatosenoticias.com.br\/wp-content\/uploads\/2024\/09\/Legis-Juris-Consultoria_logo.jpg\" alt=\"\" class=\"wp-image-53915\" width=\"425\" height=\"178\" srcset=\"https:\/\/jornalfatosenoticias.com.br\/wp-content\/uploads\/2024\/09\/Legis-Juris-Consultoria_logo.jpg 969w, https:\/\/jornalfatosenoticias.com.br\/wp-content\/uploads\/2024\/09\/Legis-Juris-Consultoria_logo-300x126.jpg 300w, https:\/\/jornalfatosenoticias.com.br\/wp-content\/uploads\/2024\/09\/Legis-Juris-Consultoria_logo-768x322.jpg 768w\" sizes=\"auto, (max-width: 425px) 100vw, 425px\" \/><\/a><\/figure><\/div>\n\n\n\n<p><br>Para os lobistas dessa ideologia, que formam uma esp\u00e9cie de mil\u00edcia t\u00e9cnica-psicol\u00f3gica, o negacionismo garante falsas solu\u00e7\u00f5es que promovem a Priva\u00e7\u00e3o Materna Judicial com todas as suas sequelas permanentes, uma equa\u00e7\u00e3o do abandono materno, desastre humano t\u00e3o conhecido, e que causa tanta repulsa em todos n\u00f3s. Mas a \u201calienadora\u201d \u00e9 obrigada, pelo Estado, a praticar o abandono do filho, da filha, que pediu sua prote\u00e7\u00e3o ao denunciar o genitor criminoso.<\/p>\n\n\n\n<div class=\"wp-block-image\"><figure class=\"aligncenter size-large\"><img loading=\"lazy\" decoding=\"async\" width=\"740\" height=\"493\" src=\"https:\/\/jornalfatosenoticias.com.br\/wp-content\/uploads\/2024\/12\/criancas-abuso-por-parte-do-pas-_freepik.jpeg\" alt=\"\" class=\"wp-image-56529\" srcset=\"https:\/\/jornalfatosenoticias.com.br\/wp-content\/uploads\/2024\/12\/criancas-abuso-por-parte-do-pas-_freepik.jpeg 740w, https:\/\/jornalfatosenoticias.com.br\/wp-content\/uploads\/2024\/12\/criancas-abuso-por-parte-do-pas-_freepik-300x200.jpeg 300w\" sizes=\"auto, (max-width: 740px) 100vw, 740px\" \/><figcaption><em><span class=\"has-inline-color has-black-color\">(Foto: Freepik)<\/span><\/em><\/figcaption><\/figure><\/div>\n\n\n\n<p>Quanto \u00f3dio \u00e0 mulher. Quanto \u00f3dio \u00e0 maternidade. N\u00e3o por acaso, temos um aumento vertiginoso dos n\u00fameros de Feminic\u00eddio. Medidas Protetivas, est\u00e3o em grande parte das hist\u00f3rias de homens que n\u00e3o se conformaram com o t\u00e9rmino do relacionamento. E matam. O maior percentual dos Feminic\u00eddios \u00e9 cometido na frente das crian\u00e7as, filhos daquele assassino. Mas temos que conviver com posturas jur\u00eddicas que defendem agressores dizendo que aquele homem que espanca a mulher pode ser um mau marido, mas \u00e9 um bom pai. N\u00e3o conseguimos realizar essa m\u00e1gica. Espancar a m\u00e3e dos filhos, na presen\u00e7a f\u00edsica ou observada dos filhos. O Feminic\u00eddio n\u00e3o come\u00e7a por ele. Come\u00e7a pelas agress\u00f5es psicol\u00f3gicas, passa para os empurr\u00f5es e tapas, depois para o olho roxo e as costelas quebradas. Mas quando a Mulher vai buscar a prote\u00e7\u00e3o prometida pela lei, ela tem, sistematicamente, negada a Medida Protetiva para os filhos e, muitas vezes, negada para ela tamb\u00e9m.<\/p>\n\n\n\n<div class=\"wp-block-image\"><figure class=\"aligncenter size-large is-resized\"><a href=\"https:\/\/www.controlsystems.com.br\/\"><img loading=\"lazy\" decoding=\"async\" src=\"https:\/\/jornalfatosenoticias.com.br\/wp-content\/uploads\/2020\/02\/CONTROL-CS.jpg\" alt=\"\" class=\"wp-image-44991\" width=\"298\" height=\"357\" srcset=\"https:\/\/jornalfatosenoticias.com.br\/wp-content\/uploads\/2020\/02\/CONTROL-CS.jpg 834w, https:\/\/jornalfatosenoticias.com.br\/wp-content\/uploads\/2020\/02\/CONTROL-CS-250x300.jpg 250w, https:\/\/jornalfatosenoticias.com.br\/wp-content\/uploads\/2020\/02\/CONTROL-CS-768x921.jpg 768w\" sizes=\"auto, (max-width: 298px) 100vw, 298px\" \/><\/a><\/figure><\/div>\n\n\n\n<p>N\u00e3o podemos esquecer que a Medida Protetiva n\u00e3o protege. Outra mentira. Se a m\u00e3e vai ser obrigada a aceitar at\u00e9 o ex em sua casa para cumprir a tal guarda compartilhada, com a guilhotina armada da alega\u00e7\u00e3o de praticar atos alienadores, e ter a invers\u00e3o da guarda para unilateral beneficiando o genitor. Al\u00e9m disso, a Medida Protetiva n\u00e3o \u00e9 obedecida por muitos e muitos homens, e o cansa\u00e7o, produzido por processos sequenciados contra ela, associado ao medo de ser tachada de alienadora, faz com que ela n\u00e3o recorra \u00e0s Institui\u00e7\u00f5es que deveriam promover a Lei.<\/p>\n\n\n\n<div class=\"wp-block-image\"><figure class=\"aligncenter size-large\"><a href=\"http:\/\/www.ferrarimaquinas.com.br\/\"><img loading=\"lazy\" decoding=\"async\" width=\"300\" height=\"250\" src=\"https:\/\/jornalfatosenoticias.com.br\/wp-content\/uploads\/2022\/02\/FERRARI_MAQUINAS-E-FERRAMENTAS2.jpg\" alt=\"\" class=\"wp-image-27860\"\/><\/a><\/figure><\/div>\n\n\n\n<p>E o Parlamento espalha mentiras tamb\u00e9m. O PL votado, que foi alardeado como uma puni\u00e7\u00e3o a ped\u00f3filos, uma castra\u00e7\u00e3o qu\u00edmica \u00e9 ouro de tolo. Parte de uma ilus\u00e3o de que o ped\u00f3filo \u00e9 algu\u00e9m hipersexualizado. Mentira! Essa \u00e9 uma conduta que busca o Prazer do Poder absoluto. O Prazer sexual para o ped\u00f3filo \u00e9 pouco importante para ele. Enquanto ficarmos promovendo engana\u00e7\u00f5es, estaremos aumentando a \u00e1rea de atua\u00e7\u00e3o desses criminosos. A castra\u00e7\u00e3o qu\u00edmica, que tem sua execu\u00e7\u00e3o inconstitucional, serviria de \u00e1libi para os criminosos porque n\u00e3o soluciona a pedofilia. A menos que fosse acompanhada de uma s\u00e9rie de amputa\u00e7\u00f5es, come\u00e7ando pela lobotomia. M\u00e9todo de viol\u00eancia mais do que fascista.<br>Enfim, sobram mentiras, faltam escr\u00fapulos.<\/p>\n\n\n\n<div class=\"wp-block-image\"><figure class=\"aligncenter size-large is-resized\"><a href=\"https:\/\/www.facebook.com\/vetor.vix\/\"><img loading=\"lazy\" decoding=\"async\" src=\"https:\/\/jornalfatosenoticias.com.br\/wp-content\/uploads\/2023\/09\/vetorvix1024_1.jpg\" alt=\"\" class=\"wp-image-44868\" width=\"527\" height=\"140\" srcset=\"https:\/\/jornalfatosenoticias.com.br\/wp-content\/uploads\/2023\/09\/vetorvix1024_1.jpg 1024w, https:\/\/jornalfatosenoticias.com.br\/wp-content\/uploads\/2023\/09\/vetorvix1024_1-300x80.jpg 300w, https:\/\/jornalfatosenoticias.com.br\/wp-content\/uploads\/2023\/09\/vetorvix1024_1-768x205.jpg 768w\" sizes=\"auto, (max-width: 527px) 100vw, 527px\" \/><\/a><\/figure><\/div>\n","protected":false},"excerpt":{"rendered":"<p>O PL votado, que foi alardeado como uma puni\u00e7\u00e3o a ped\u00f3filos, com a castra\u00e7\u00e3o qu\u00edmica, \u00e9 ouro de tolo. Parte de uma ilus\u00e3o de que o ped\u00f3filo \u00e9 algu\u00e9m hipersexualizado. Mentira! Poder\u00edamos trocar Mentiras por Inverdades ou por Desinforma\u00e7\u00e3o, termo que entrou no vocabul\u00e1rio do nosso cotidiano. Mas, a mim parece-me que, al\u00e9m de suavizar [&hellip;]<\/p>\n","protected":false},"author":8,"featured_media":56531,"comment_status":"open","ping_status":"open","sticky":false,"template":"","format":"standard","meta":{"footnotes":""},"categories":[2522],"tags":[25796,25797,9851,1345,16146,3528,25798],"class_list":["post-56528","post","type-post","status-publish","format-standard","has-post-thumbnail","hentry","category-comportamento","tag-escrupulos","tag-falta-de-escrupulos","tag-injustica","tag-justica","tag-mentiras","tag-pedofilia","tag-pedofilos"],"yoast_head":"<!-- This site is optimized with the Yoast SEO plugin v26.5 - https:\/\/yoast.com\/wordpress\/plugins\/seo\/ -->\n<title>Mentiras em abund\u00e2ncia. Escr\u00fapulos em escassez \u2014 Parte I - Jornal Fatos e Not\u00edcias<\/title>\n<meta name=\"robots\" content=\"index, follow, max-snippet:-1, max-image-preview:large, max-video-preview:-1\" \/>\n<link rel=\"canonical\" href=\"https:\/\/jornalfatosenoticias.com.br\/index.php\/2024\/12\/19\/mentiras-em-abundancia-escrupulos-em-escassez-parte-i\/\" \/>\n<meta property=\"og:locale\" content=\"pt_BR\" \/>\n<meta property=\"og:type\" content=\"article\" \/>\n<meta property=\"og:title\" content=\"Mentiras em abund\u00e2ncia. Escr\u00fapulos em escassez \u2014 Parte I - Jornal Fatos e Not\u00edcias\" \/>\n<meta property=\"og:description\" content=\"O PL votado, que foi alardeado como uma puni\u00e7\u00e3o a ped\u00f3filos, com a castra\u00e7\u00e3o qu\u00edmica, \u00e9 ouro de tolo. Parte de uma ilus\u00e3o de que o ped\u00f3filo \u00e9 algu\u00e9m hipersexualizado. Mentira! Poder\u00edamos trocar Mentiras por Inverdades ou por Desinforma\u00e7\u00e3o, termo que entrou no vocabul\u00e1rio do nosso cotidiano. Mas, a mim parece-me que, al\u00e9m de suavizar [&hellip;]\" \/>\n<meta property=\"og:url\" content=\"https:\/\/jornalfatosenoticias.com.br\/index.php\/2024\/12\/19\/mentiras-em-abundancia-escrupulos-em-escassez-parte-i\/\" \/>\n<meta property=\"og:site_name\" content=\"Jornal Fatos e Not\u00edcias\" \/>\n<meta property=\"article:published_time\" content=\"2024-12-19T17:36:58+00:00\" \/>\n<meta property=\"article:modified_time\" content=\"2024-12-19T17:37:00+00:00\" \/>\n<meta property=\"og:image\" content=\"https:\/\/jornalfatosenoticias.com.br\/wp-content\/uploads\/2024\/12\/mae-perde-guarda_freepik-ia.jpg\" \/>\n\t<meta property=\"og:image:width\" content=\"996\" \/>\n\t<meta property=\"og:image:height\" content=\"558\" \/>\n\t<meta property=\"og:image:type\" content=\"image\/jpeg\" \/>\n<meta name=\"author\" content=\"Ana Maria Iencarelli\" \/>\n<meta name=\"twitter:card\" content=\"summary_large_image\" \/>\n<meta name=\"twitter:label1\" content=\"Escrito por\" \/>\n\t<meta name=\"twitter:data1\" content=\"Ana Maria Iencarelli\" \/>\n\t<meta name=\"twitter:label2\" content=\"Est. tempo de leitura\" \/>\n\t<meta name=\"twitter:data2\" content=\"5 minutos\" \/>\n<script type=\"application\/ld+json\" class=\"yoast-schema-graph\">{\"@context\":\"https:\/\/schema.org\",\"@graph\":[{\"@type\":\"Article\",\"@id\":\"https:\/\/jornalfatosenoticias.com.br\/index.php\/2024\/12\/19\/mentiras-em-abundancia-escrupulos-em-escassez-parte-i\/#article\",\"isPartOf\":{\"@id\":\"https:\/\/jornalfatosenoticias.com.br\/index.php\/2024\/12\/19\/mentiras-em-abundancia-escrupulos-em-escassez-parte-i\/\"},\"author\":{\"name\":\"Ana Maria Iencarelli\",\"@id\":\"https:\/\/jornalfatosenoticias.com.br\/#\/schema\/person\/c33fcf5fb02d729d3fec92c6737a22d1\"},\"headline\":\"Mentiras em abund\u00e2ncia. Escr\u00fapulos em escassez \u2014 Parte I\",\"datePublished\":\"2024-12-19T17:36:58+00:00\",\"dateModified\":\"2024-12-19T17:37:00+00:00\",\"mainEntityOfPage\":{\"@id\":\"https:\/\/jornalfatosenoticias.com.br\/index.php\/2024\/12\/19\/mentiras-em-abundancia-escrupulos-em-escassez-parte-i\/\"},\"wordCount\":1031,\"commentCount\":0,\"publisher\":{\"@id\":\"https:\/\/jornalfatosenoticias.com.br\/#organization\"},\"image\":{\"@id\":\"https:\/\/jornalfatosenoticias.com.br\/index.php\/2024\/12\/19\/mentiras-em-abundancia-escrupulos-em-escassez-parte-i\/#primaryimage\"},\"thumbnailUrl\":\"https:\/\/jornalfatosenoticias.com.br\/wp-content\/uploads\/2024\/12\/mae-perde-guarda_freepik-ia.jpg\",\"keywords\":[\"escr\u00fapulos\",\"falta de escr\u00fapulos\",\"injusti\u00e7a\",\"justi\u00e7a\",\"mentiras\",\"pedofilia\",\"ped\u00f3filos\"],\"articleSection\":[\"Comportamento &amp; Equil\u00edbrio\"],\"inLanguage\":\"pt-BR\",\"potentialAction\":[{\"@type\":\"CommentAction\",\"name\":\"Comment\",\"target\":[\"https:\/\/jornalfatosenoticias.com.br\/index.php\/2024\/12\/19\/mentiras-em-abundancia-escrupulos-em-escassez-parte-i\/#respond\"]}]},{\"@type\":\"WebPage\",\"@id\":\"https:\/\/jornalfatosenoticias.com.br\/index.php\/2024\/12\/19\/mentiras-em-abundancia-escrupulos-em-escassez-parte-i\/\",\"url\":\"https:\/\/jornalfatosenoticias.com.br\/index.php\/2024\/12\/19\/mentiras-em-abundancia-escrupulos-em-escassez-parte-i\/\",\"name\":\"Mentiras em abund\u00e2ncia. Escr\u00fapulos em escassez \u2014 Parte I - Jornal Fatos e Not\u00edcias\",\"isPartOf\":{\"@id\":\"https:\/\/jornalfatosenoticias.com.br\/#website\"},\"primaryImageOfPage\":{\"@id\":\"https:\/\/jornalfatosenoticias.com.br\/index.php\/2024\/12\/19\/mentiras-em-abundancia-escrupulos-em-escassez-parte-i\/#primaryimage\"},\"image\":{\"@id\":\"https:\/\/jornalfatosenoticias.com.br\/index.php\/2024\/12\/19\/mentiras-em-abundancia-escrupulos-em-escassez-parte-i\/#primaryimage\"},\"thumbnailUrl\":\"https:\/\/jornalfatosenoticias.com.br\/wp-content\/uploads\/2024\/12\/mae-perde-guarda_freepik-ia.jpg\",\"datePublished\":\"2024-12-19T17:36:58+00:00\",\"dateModified\":\"2024-12-19T17:37:00+00:00\",\"breadcrumb\":{\"@id\":\"https:\/\/jornalfatosenoticias.com.br\/index.php\/2024\/12\/19\/mentiras-em-abundancia-escrupulos-em-escassez-parte-i\/#breadcrumb\"},\"inLanguage\":\"pt-BR\",\"potentialAction\":[{\"@type\":\"ReadAction\",\"target\":[\"https:\/\/jornalfatosenoticias.com.br\/index.php\/2024\/12\/19\/mentiras-em-abundancia-escrupulos-em-escassez-parte-i\/\"]}]},{\"@type\":\"ImageObject\",\"inLanguage\":\"pt-BR\",\"@id\":\"https:\/\/jornalfatosenoticias.com.br\/index.php\/2024\/12\/19\/mentiras-em-abundancia-escrupulos-em-escassez-parte-i\/#primaryimage\",\"url\":\"https:\/\/jornalfatosenoticias.com.br\/wp-content\/uploads\/2024\/12\/mae-perde-guarda_freepik-ia.jpg\",\"contentUrl\":\"https:\/\/jornalfatosenoticias.com.br\/wp-content\/uploads\/2024\/12\/mae-perde-guarda_freepik-ia.jpg\",\"width\":996,\"height\":558},{\"@type\":\"BreadcrumbList\",\"@id\":\"https:\/\/jornalfatosenoticias.com.br\/index.php\/2024\/12\/19\/mentiras-em-abundancia-escrupulos-em-escassez-parte-i\/#breadcrumb\",\"itemListElement\":[{\"@type\":\"ListItem\",\"position\":1,\"name\":\"In\u00edcio\",\"item\":\"https:\/\/jornalfatosenoticias.com.br\/\"},{\"@type\":\"ListItem\",\"position\":2,\"name\":\"Mentiras em abund\u00e2ncia. Escr\u00fapulos em escassez \u2014 Parte I\"}]},{\"@type\":\"WebSite\",\"@id\":\"https:\/\/jornalfatosenoticias.com.br\/#website\",\"url\":\"https:\/\/jornalfatosenoticias.com.br\/\",\"name\":\"Jornal Fatos e Not\u00edcias\",\"description\":\"Not\u00edcias em geral\",\"publisher\":{\"@id\":\"https:\/\/jornalfatosenoticias.com.br\/#organization\"},\"potentialAction\":[{\"@type\":\"SearchAction\",\"target\":{\"@type\":\"EntryPoint\",\"urlTemplate\":\"https:\/\/jornalfatosenoticias.com.br\/?s={search_term_string}\"},\"query-input\":{\"@type\":\"PropertyValueSpecification\",\"valueRequired\":true,\"valueName\":\"search_term_string\"}}],\"inLanguage\":\"pt-BR\"},{\"@type\":\"Organization\",\"@id\":\"https:\/\/jornalfatosenoticias.com.br\/#organization\",\"name\":\"Jornal Fatos e Not\u00edcias\",\"url\":\"https:\/\/jornalfatosenoticias.com.br\/\",\"logo\":{\"@type\":\"ImageObject\",\"inLanguage\":\"pt-BR\",\"@id\":\"https:\/\/jornalfatosenoticias.com.br\/#\/schema\/logo\/image\/\",\"url\":\"https:\/\/jornalfatosenoticias.com.br\/wp-content\/uploads\/2020\/02\/logo120.png\",\"contentUrl\":\"https:\/\/jornalfatosenoticias.com.br\/wp-content\/uploads\/2020\/02\/logo120.png\",\"width\":1227,\"height\":120,\"caption\":\"Jornal Fatos e Not\u00edcias\"},\"image\":{\"@id\":\"https:\/\/jornalfatosenoticias.com.br\/#\/schema\/logo\/image\/\"}},{\"@type\":\"Person\",\"@id\":\"https:\/\/jornalfatosenoticias.com.br\/#\/schema\/person\/c33fcf5fb02d729d3fec92c6737a22d1\",\"name\":\"Ana Maria Iencarelli\",\"image\":{\"@type\":\"ImageObject\",\"inLanguage\":\"pt-BR\",\"@id\":\"https:\/\/jornalfatosenoticias.com.br\/#\/schema\/person\/image\/\",\"url\":\"https:\/\/jornalfatosenoticias.com.br\/wp-content\/uploads\/2020\/02\/Ana-Maria-Iencarelli-1-150x150.jpg\",\"contentUrl\":\"https:\/\/jornalfatosenoticias.com.br\/wp-content\/uploads\/2020\/02\/Ana-Maria-Iencarelli-1-150x150.jpg\",\"caption\":\"Ana Maria Iencarelli\"},\"description\":\"Psicanalista Cl\u00ednica, especializada no atendimento a Crian\u00e7as e Adolescentes. Presidente da ONG Vozes de Anjos.\",\"url\":\"https:\/\/jornalfatosenoticias.com.br\/index.php\/author\/anamaria\/\"}]}<\/script>\n<!-- \/ Yoast SEO plugin. -->","yoast_head_json":{"title":"Mentiras em abund\u00e2ncia. Escr\u00fapulos em escassez \u2014 Parte I - Jornal Fatos e Not\u00edcias","robots":{"index":"index","follow":"follow","max-snippet":"max-snippet:-1","max-image-preview":"max-image-preview:large","max-video-preview":"max-video-preview:-1"},"canonical":"https:\/\/jornalfatosenoticias.com.br\/index.php\/2024\/12\/19\/mentiras-em-abundancia-escrupulos-em-escassez-parte-i\/","og_locale":"pt_BR","og_type":"article","og_title":"Mentiras em abund\u00e2ncia. Escr\u00fapulos em escassez \u2014 Parte I - Jornal Fatos e Not\u00edcias","og_description":"O PL votado, que foi alardeado como uma puni\u00e7\u00e3o a ped\u00f3filos, com a castra\u00e7\u00e3o qu\u00edmica, \u00e9 ouro de tolo. Parte de uma ilus\u00e3o de que o ped\u00f3filo \u00e9 algu\u00e9m hipersexualizado. Mentira! Poder\u00edamos trocar Mentiras por Inverdades ou por Desinforma\u00e7\u00e3o, termo que entrou no vocabul\u00e1rio do nosso cotidiano. Mas, a mim parece-me que, al\u00e9m de suavizar [&hellip;]","og_url":"https:\/\/jornalfatosenoticias.com.br\/index.php\/2024\/12\/19\/mentiras-em-abundancia-escrupulos-em-escassez-parte-i\/","og_site_name":"Jornal Fatos e Not\u00edcias","article_published_time":"2024-12-19T17:36:58+00:00","article_modified_time":"2024-12-19T17:37:00+00:00","og_image":[{"width":996,"height":558,"url":"https:\/\/jornalfatosenoticias.com.br\/wp-content\/uploads\/2024\/12\/mae-perde-guarda_freepik-ia.jpg","type":"image\/jpeg"}],"author":"Ana Maria Iencarelli","twitter_card":"summary_large_image","twitter_misc":{"Escrito por":"Ana Maria Iencarelli","Est. tempo de leitura":"5 minutos"},"schema":{"@context":"https:\/\/schema.org","@graph":[{"@type":"Article","@id":"https:\/\/jornalfatosenoticias.com.br\/index.php\/2024\/12\/19\/mentiras-em-abundancia-escrupulos-em-escassez-parte-i\/#article","isPartOf":{"@id":"https:\/\/jornalfatosenoticias.com.br\/index.php\/2024\/12\/19\/mentiras-em-abundancia-escrupulos-em-escassez-parte-i\/"},"author":{"name":"Ana Maria Iencarelli","@id":"https:\/\/jornalfatosenoticias.com.br\/#\/schema\/person\/c33fcf5fb02d729d3fec92c6737a22d1"},"headline":"Mentiras em abund\u00e2ncia. Escr\u00fapulos em escassez \u2014 Parte I","datePublished":"2024-12-19T17:36:58+00:00","dateModified":"2024-12-19T17:37:00+00:00","mainEntityOfPage":{"@id":"https:\/\/jornalfatosenoticias.com.br\/index.php\/2024\/12\/19\/mentiras-em-abundancia-escrupulos-em-escassez-parte-i\/"},"wordCount":1031,"commentCount":0,"publisher":{"@id":"https:\/\/jornalfatosenoticias.com.br\/#organization"},"image":{"@id":"https:\/\/jornalfatosenoticias.com.br\/index.php\/2024\/12\/19\/mentiras-em-abundancia-escrupulos-em-escassez-parte-i\/#primaryimage"},"thumbnailUrl":"https:\/\/jornalfatosenoticias.com.br\/wp-content\/uploads\/2024\/12\/mae-perde-guarda_freepik-ia.jpg","keywords":["escr\u00fapulos","falta de escr\u00fapulos","injusti\u00e7a","justi\u00e7a","mentiras","pedofilia","ped\u00f3filos"],"articleSection":["Comportamento &amp; Equil\u00edbrio"],"inLanguage":"pt-BR","potentialAction":[{"@type":"CommentAction","name":"Comment","target":["https:\/\/jornalfatosenoticias.com.br\/index.php\/2024\/12\/19\/mentiras-em-abundancia-escrupulos-em-escassez-parte-i\/#respond"]}]},{"@type":"WebPage","@id":"https:\/\/jornalfatosenoticias.com.br\/index.php\/2024\/12\/19\/mentiras-em-abundancia-escrupulos-em-escassez-parte-i\/","url":"https:\/\/jornalfatosenoticias.com.br\/index.php\/2024\/12\/19\/mentiras-em-abundancia-escrupulos-em-escassez-parte-i\/","name":"Mentiras em abund\u00e2ncia. Escr\u00fapulos em escassez \u2014 Parte I - Jornal Fatos e Not\u00edcias","isPartOf":{"@id":"https:\/\/jornalfatosenoticias.com.br\/#website"},"primaryImageOfPage":{"@id":"https:\/\/jornalfatosenoticias.com.br\/index.php\/2024\/12\/19\/mentiras-em-abundancia-escrupulos-em-escassez-parte-i\/#primaryimage"},"image":{"@id":"https:\/\/jornalfatosenoticias.com.br\/index.php\/2024\/12\/19\/mentiras-em-abundancia-escrupulos-em-escassez-parte-i\/#primaryimage"},"thumbnailUrl":"https:\/\/jornalfatosenoticias.com.br\/wp-content\/uploads\/2024\/12\/mae-perde-guarda_freepik-ia.jpg","datePublished":"2024-12-19T17:36:58+00:00","dateModified":"2024-12-19T17:37:00+00:00","breadcrumb":{"@id":"https:\/\/jornalfatosenoticias.com.br\/index.php\/2024\/12\/19\/mentiras-em-abundancia-escrupulos-em-escassez-parte-i\/#breadcrumb"},"inLanguage":"pt-BR","potentialAction":[{"@type":"ReadAction","target":["https:\/\/jornalfatosenoticias.com.br\/index.php\/2024\/12\/19\/mentiras-em-abundancia-escrupulos-em-escassez-parte-i\/"]}]},{"@type":"ImageObject","inLanguage":"pt-BR","@id":"https:\/\/jornalfatosenoticias.com.br\/index.php\/2024\/12\/19\/mentiras-em-abundancia-escrupulos-em-escassez-parte-i\/#primaryimage","url":"https:\/\/jornalfatosenoticias.com.br\/wp-content\/uploads\/2024\/12\/mae-perde-guarda_freepik-ia.jpg","contentUrl":"https:\/\/jornalfatosenoticias.com.br\/wp-content\/uploads\/2024\/12\/mae-perde-guarda_freepik-ia.jpg","width":996,"height":558},{"@type":"BreadcrumbList","@id":"https:\/\/jornalfatosenoticias.com.br\/index.php\/2024\/12\/19\/mentiras-em-abundancia-escrupulos-em-escassez-parte-i\/#breadcrumb","itemListElement":[{"@type":"ListItem","position":1,"name":"In\u00edcio","item":"https:\/\/jornalfatosenoticias.com.br\/"},{"@type":"ListItem","position":2,"name":"Mentiras em abund\u00e2ncia. Escr\u00fapulos em escassez \u2014 Parte I"}]},{"@type":"WebSite","@id":"https:\/\/jornalfatosenoticias.com.br\/#website","url":"https:\/\/jornalfatosenoticias.com.br\/","name":"Jornal Fatos e Not\u00edcias","description":"Not\u00edcias em geral","publisher":{"@id":"https:\/\/jornalfatosenoticias.com.br\/#organization"},"potentialAction":[{"@type":"SearchAction","target":{"@type":"EntryPoint","urlTemplate":"https:\/\/jornalfatosenoticias.com.br\/?s={search_term_string}"},"query-input":{"@type":"PropertyValueSpecification","valueRequired":true,"valueName":"search_term_string"}}],"inLanguage":"pt-BR"},{"@type":"Organization","@id":"https:\/\/jornalfatosenoticias.com.br\/#organization","name":"Jornal Fatos e Not\u00edcias","url":"https:\/\/jornalfatosenoticias.com.br\/","logo":{"@type":"ImageObject","inLanguage":"pt-BR","@id":"https:\/\/jornalfatosenoticias.com.br\/#\/schema\/logo\/image\/","url":"https:\/\/jornalfatosenoticias.com.br\/wp-content\/uploads\/2020\/02\/logo120.png","contentUrl":"https:\/\/jornalfatosenoticias.com.br\/wp-content\/uploads\/2020\/02\/logo120.png","width":1227,"height":120,"caption":"Jornal Fatos e Not\u00edcias"},"image":{"@id":"https:\/\/jornalfatosenoticias.com.br\/#\/schema\/logo\/image\/"}},{"@type":"Person","@id":"https:\/\/jornalfatosenoticias.com.br\/#\/schema\/person\/c33fcf5fb02d729d3fec92c6737a22d1","name":"Ana Maria Iencarelli","image":{"@type":"ImageObject","inLanguage":"pt-BR","@id":"https:\/\/jornalfatosenoticias.com.br\/#\/schema\/person\/image\/","url":"https:\/\/jornalfatosenoticias.com.br\/wp-content\/uploads\/2020\/02\/Ana-Maria-Iencarelli-1-150x150.jpg","contentUrl":"https:\/\/jornalfatosenoticias.com.br\/wp-content\/uploads\/2020\/02\/Ana-Maria-Iencarelli-1-150x150.jpg","caption":"Ana Maria Iencarelli"},"description":"Psicanalista Cl\u00ednica, especializada no atendimento a Crian\u00e7as e Adolescentes. Presidente da ONG Vozes de Anjos.","url":"https:\/\/jornalfatosenoticias.com.br\/index.php\/author\/anamaria\/"}]}},"cc_featured_image_caption":{"caption_text":"(Foto: Freepik\/Gerada com IA) ","source_text":"","source_url":""},"jetpack_featured_media_url":"https:\/\/jornalfatosenoticias.com.br\/wp-content\/uploads\/2024\/12\/mae-perde-guarda_freepik-ia.jpg","_links":{"self":[{"href":"https:\/\/jornalfatosenoticias.com.br\/index.php\/wp-json\/wp\/v2\/posts\/56528","targetHints":{"allow":["GET"]}}],"collection":[{"href":"https:\/\/jornalfatosenoticias.com.br\/index.php\/wp-json\/wp\/v2\/posts"}],"about":[{"href":"https:\/\/jornalfatosenoticias.com.br\/index.php\/wp-json\/wp\/v2\/types\/post"}],"author":[{"embeddable":true,"href":"https:\/\/jornalfatosenoticias.com.br\/index.php\/wp-json\/wp\/v2\/users\/8"}],"replies":[{"embeddable":true,"href":"https:\/\/jornalfatosenoticias.com.br\/index.php\/wp-json\/wp\/v2\/comments?post=56528"}],"version-history":[{"count":0,"href":"https:\/\/jornalfatosenoticias.com.br\/index.php\/wp-json\/wp\/v2\/posts\/56528\/revisions"}],"wp:featuredmedia":[{"embeddable":true,"href":"https:\/\/jornalfatosenoticias.com.br\/index.php\/wp-json\/wp\/v2\/media\/56531"}],"wp:attachment":[{"href":"https:\/\/jornalfatosenoticias.com.br\/index.php\/wp-json\/wp\/v2\/media?parent=56528"}],"wp:term":[{"taxonomy":"category","embeddable":true,"href":"https:\/\/jornalfatosenoticias.com.br\/index.php\/wp-json\/wp\/v2\/categories?post=56528"},{"taxonomy":"post_tag","embeddable":true,"href":"https:\/\/jornalfatosenoticias.com.br\/index.php\/wp-json\/wp\/v2\/tags?post=56528"}],"curies":[{"name":"wp","href":"https:\/\/api.w.org\/{rel}","templated":true}]}}