{"id":56536,"date":"2024-12-19T15:01:04","date_gmt":"2024-12-19T18:01:04","guid":{"rendered":"https:\/\/jornalfatosenoticias.com.br\/?p=56536"},"modified":"2024-12-19T15:01:05","modified_gmt":"2024-12-19T18:01:05","slug":"camara-conclui-votacao-do-1-o-projeto-do-pacote-fiscal-e-derruba-volta-do-dpvat","status":"publish","type":"post","link":"https:\/\/jornalfatosenoticias.com.br\/index.php\/2024\/12\/19\/camara-conclui-votacao-do-1-o-projeto-do-pacote-fiscal-e-derruba-volta-do-dpvat\/","title":{"rendered":"C\u00e2mara conclui vota\u00e7\u00e3o do 1.\u00ba projeto do pacote fiscal e derruba volta do DPVAT"},"content":{"rendered":"\n<p><em><span class=\"has-inline-color has-black-color\">Ap\u00f3s acordo, projeto do pacote fiscal foi aprovado sem a volta do seguro DPVAT e com limite de bloqueio apenas para emendas n\u00e3o obrigat\u00f3rias<\/span><\/em><\/p>\n\n\n\n<p><span class=\"has-inline-color has-black-color\">Por <strong><a href=\"https:\/\/www.gazetadopovo.com.br\/autor\/camila-abrao\/\">Camila Abr\u00e3o<\/a><\/strong><\/span><\/p>\n\n\n\n<div class=\"wp-block-image\"><figure class=\"aligncenter size-large\"><a href=\"https:\/\/mizu.com.br\/\"><img loading=\"lazy\" decoding=\"async\" width=\"729\" height=\"90\" src=\"https:\/\/jornalfatosenoticias.com.br\/wp-content\/uploads\/2020\/02\/Logo_Mizu.png\" alt=\"\" class=\"wp-image-1441\" srcset=\"https:\/\/jornalfatosenoticias.com.br\/wp-content\/uploads\/2020\/02\/Logo_Mizu.png 729w, https:\/\/jornalfatosenoticias.com.br\/wp-content\/uploads\/2020\/02\/Logo_Mizu-300x37.png 300w\" sizes=\"auto, (max-width: 729px) 100vw, 729px\" \/><\/a><\/figure><\/div>\n\n\n\n<p>Ap\u00f3s acordo, o primeiro projeto do pacote fiscal foi aprovado, na noite desta quarta-feira (18), na C\u00e2mara dos Deputados com a revoga\u00e7\u00e3o da volta do Seguro Obrigat\u00f3rio para V\u00edtimas de Acidentes de Tr\u00e2nsito (SPVAT), que substitui o antigo DPVAT, e com a possibilidade de bloqueio apenas para emendas n\u00e3o impositivas. O texto-base da proposta foi aprovado na sess\u00e3o anterior, mas faltava a an\u00e1lise dos destaques apresentados para mudar o texto principal.<br>O projeto de lei complementar (PL) 210\/2024 autoriza o governo a limitar a concess\u00e3o de cr\u00e9ditos tribut\u00e1rios em caso de d\u00e9ficit nas contas p\u00fablicas. Durante a sess\u00e3o, os deputados aprovaram uma emenda para derrubar a volta do DPVAT, extinto em 2020, durante o governo Bolsonaro. A lei que retoma a cobran\u00e7a de seguro obrigat\u00f3rio de ve\u00edculos foi sancionada em maio deste ano por Lula (PT).<\/p>\n\n\n\n<div class=\"wp-block-image\"><figure class=\"aligncenter size-large\"><a href=\"https:\/\/cesconetto.com.br\/\"><img loading=\"lazy\" decoding=\"async\" width=\"300\" height=\"250\" src=\"https:\/\/jornalfatosenoticias.com.br\/wp-content\/uploads\/2022\/02\/Banner-2.png\" alt=\"\" class=\"wp-image-27877\"\/><\/a><\/figure><\/div>\n\n\n\n<p>Nesta ter\u00e7a (17), a oposi\u00e7\u00e3o acusou o governo de n\u00e3o cumprir o acordo feito antes da vota\u00e7\u00e3o e manter o DPVAT no texto. Hoje, o l\u00edder do governo, Jos\u00e9 Guimar\u00e3es (PT-CE), disse foi poss\u00edvel construir um \u201c\u00f3timo entendimento\u201d com todos os l\u00edderes. \u201cN\u00f3s conseguimos levar de volta o cancelamento do DPVAT, at\u00e9 porque os governadores n\u00e3o estavam encaminhando a lei que n\u00f3s aprovamos anteriormente aqui de reintrodu\u00e7\u00e3o do DPVAT\u201d, disse Guimar\u00e3es. Foram 444 votos pelo fim do seguro, 16 pela retomada e 1 absten\u00e7\u00e3o.<\/p>\n\n\n\n<div class=\"wp-block-image\"><figure class=\"aligncenter size-large is-resized\"><a href=\"https:\/\/www.legisjuris.com.br\/\"><img loading=\"lazy\" decoding=\"async\" src=\"https:\/\/jornalfatosenoticias.com.br\/wp-content\/uploads\/2024\/09\/Legis-Juris-Consultoria_logo.jpg\" alt=\"\" class=\"wp-image-53915\" width=\"380\" height=\"159\" srcset=\"https:\/\/jornalfatosenoticias.com.br\/wp-content\/uploads\/2024\/09\/Legis-Juris-Consultoria_logo.jpg 969w, https:\/\/jornalfatosenoticias.com.br\/wp-content\/uploads\/2024\/09\/Legis-Juris-Consultoria_logo-300x126.jpg 300w, https:\/\/jornalfatosenoticias.com.br\/wp-content\/uploads\/2024\/09\/Legis-Juris-Consultoria_logo-768x322.jpg 768w\" sizes=\"auto, (max-width: 380px) 100vw, 380px\" \/><\/a><\/figure><\/div>\n\n\n\n<p>O texto-base do PLP 210\/2024 permitia o bloqueio de emendas na mesma propor\u00e7\u00e3o das demais despesas discricion\u00e1rias, limitado a 15% das dota\u00e7\u00f5es. Com o acordo, ficou definido que o bloqueio ser\u00e1 limitado a emendas n\u00e3o impositivas, que o governo n\u00e3o tem obriga\u00e7\u00e3o de pagar. O projeto tamb\u00e9m limita o crescimento anual real do montante de despesas com pessoal e encargos de cada um dos Poderes e \u00f3rg\u00e3os aut\u00f4nomos acima de 0,6%, caso o Executivo registre d\u00e9ficit a partir de 2025.<\/p>\n\n\n\n<div class=\"wp-block-image\"><figure class=\"aligncenter size-large is-resized\"><a href=\"https:\/\/www.facebook.com\/profile.php?id=100069289606145\"><img loading=\"lazy\" decoding=\"async\" src=\"https:\/\/jornalfatosenoticias.com.br\/wp-content\/uploads\/2024\/11\/Guaitolini-Contabilidade-1024x714.jpeg\" alt=\"\" class=\"wp-image-55808\" width=\"343\" height=\"239\" srcset=\"https:\/\/jornalfatosenoticias.com.br\/wp-content\/uploads\/2024\/11\/Guaitolini-Contabilidade-1024x714.jpeg 1024w, https:\/\/jornalfatosenoticias.com.br\/wp-content\/uploads\/2024\/11\/Guaitolini-Contabilidade-300x209.jpeg 300w, https:\/\/jornalfatosenoticias.com.br\/wp-content\/uploads\/2024\/11\/Guaitolini-Contabilidade-768x535.jpeg 768w, https:\/\/jornalfatosenoticias.com.br\/wp-content\/uploads\/2024\/11\/Guaitolini-Contabilidade.jpeg 1280w\" sizes=\"auto, (max-width: 343px) 100vw, 343px\" \/><\/a><\/figure><\/div>\n\n\n\n<p>O governo tenta aprovar as medidas de corte de gastos antes do recesso parlamentar, previsto para o final desta semana. Mais cedo, o presidente do Senado, Rodrigo Pacheco (PSD-MG), afirmou que o pacote fiscal deve ser votado na sexta (20) em uma sess\u00e3o semipresencial.<\/p>\n\n\n\n<div class=\"wp-block-image\"><figure class=\"aligncenter size-large is-resized\"><a href=\"https:\/\/www.facebook.com\/vetor.vix\/\"><img loading=\"lazy\" decoding=\"async\" src=\"https:\/\/jornalfatosenoticias.com.br\/wp-content\/uploads\/2023\/09\/vetorvix1024_1.jpg\" alt=\"\" class=\"wp-image-44868\" width=\"554\" height=\"147\" srcset=\"https:\/\/jornalfatosenoticias.com.br\/wp-content\/uploads\/2023\/09\/vetorvix1024_1.jpg 1024w, https:\/\/jornalfatosenoticias.com.br\/wp-content\/uploads\/2023\/09\/vetorvix1024_1-300x80.jpg 300w, https:\/\/jornalfatosenoticias.com.br\/wp-content\/uploads\/2023\/09\/vetorvix1024_1-768x205.jpg 768w\" sizes=\"auto, (max-width: 554px) 100vw, 554px\" \/><\/a><\/figure><\/div>\n\n\n\n<p><strong><span class=\"has-inline-color has-black-color\">Pacote fiscal<br><\/span><\/strong>A expectativa \u00e9 que a C\u00e2mara comece a votar nesta noite outra proposta do pacote fiscal, o PL 4.614\/2024. O texto ajusta o ritmo de aumento dos gastos obrigat\u00f3rios considerando o arcabou\u00e7o fiscal, que limita o crescimento real das despesas a 70% da varia\u00e7\u00e3o da receita, sempre entre 0,6% e 2,5%.<\/p>\n\n\n\n<div class=\"wp-block-image\"><figure class=\"aligncenter size-large is-resized\"><a href=\"https:\/\/www.facebook.com\/postobkr\/?locale=pt_BR\"><img loading=\"lazy\" decoding=\"async\" src=\"https:\/\/jornalfatosenoticias.com.br\/wp-content\/uploads\/2023\/08\/BKR-1024x1021.jpg\" alt=\"\" class=\"wp-image-44494\" width=\"279\" height=\"278\" srcset=\"https:\/\/jornalfatosenoticias.com.br\/wp-content\/uploads\/2023\/08\/BKR-1024x1021.jpg 1024w, https:\/\/jornalfatosenoticias.com.br\/wp-content\/uploads\/2023\/08\/BKR-300x300.jpg 300w, https:\/\/jornalfatosenoticias.com.br\/wp-content\/uploads\/2023\/08\/BKR-150x150.jpg 150w, https:\/\/jornalfatosenoticias.com.br\/wp-content\/uploads\/2023\/08\/BKR-768x766.jpg 768w, https:\/\/jornalfatosenoticias.com.br\/wp-content\/uploads\/2023\/08\/BKR.jpg 1080w\" sizes=\"auto, (max-width: 279px) 100vw, 279px\" \/><\/a><\/figure><\/div>\n\n\n\n<p>O Executivo tamb\u00e9m protocolou uma proposta de emenda \u00e0 Constitui\u00e7\u00e3o (PEC 45\/2024) para alterar o teto de remunera\u00e7\u00e3o do servi\u00e7o p\u00fablico e limitar o acesso ao Benef\u00edcio de Presta\u00e7\u00e3o Continuada (BPC). A PEC, que ainda n\u00e3o foi votada, tamb\u00e9m prev\u00ea mudan\u00e7as nas regras para a concess\u00e3o do abono salarial, a complementa\u00e7\u00e3o ao Fundo de Manuten\u00e7\u00e3o e Desenvolvimento da Educa\u00e7\u00e3o B\u00e1sica (Fundeb), a altera\u00e7\u00e3o no Fundo Constitucional do Distrito Federal e a prorroga\u00e7\u00e3o da Desvincula\u00e7\u00e3o de Receitas da Uni\u00e3o (DRU).<\/p>\n\n\n\n<div class=\"wp-block-image\"><figure class=\"aligncenter size-large is-resized\"><a href=\"https:\/\/www.instagram.com\/serra4x4cambioautomatico\/\"><img loading=\"lazy\" decoding=\"async\" src=\"https:\/\/jornalfatosenoticias.com.br\/wp-content\/uploads\/2024\/08\/Serra-4x4-1-886x1024.jpg\" alt=\"\" class=\"wp-image-53632\" width=\"265\" height=\"306\" srcset=\"https:\/\/jornalfatosenoticias.com.br\/wp-content\/uploads\/2024\/08\/Serra-4x4-1-886x1024.jpg 886w, https:\/\/jornalfatosenoticias.com.br\/wp-content\/uploads\/2024\/08\/Serra-4x4-1-260x300.jpg 260w, https:\/\/jornalfatosenoticias.com.br\/wp-content\/uploads\/2024\/08\/Serra-4x4-1-768x888.jpg 768w, https:\/\/jornalfatosenoticias.com.br\/wp-content\/uploads\/2024\/08\/Serra-4x4-1.jpg 1181w\" sizes=\"auto, (max-width: 265px) 100vw, 265px\" \/><\/a><\/figure><\/div>\n\n\n\n<p><strong><em>Fonte: <a href=\"https:\/\/www.gazetadopovo.com.br\/economia\/camara-conclui-votacao-projeto-pacote-fiscal-derruba-volta-dpvat\/\">Gazeta do Povo<\/a><\/em><\/strong><\/p>\n","protected":false},"excerpt":{"rendered":"<p>Ap\u00f3s acordo, projeto do pacote fiscal foi aprovado sem a volta do seguro DPVAT e com limite de bloqueio apenas para emendas n\u00e3o obrigat\u00f3rias Por Camila Abr\u00e3o Ap\u00f3s acordo, o primeiro projeto do pacote fiscal foi aprovado, na noite desta quarta-feira (18), na C\u00e2mara dos Deputados com a revoga\u00e7\u00e3o da volta do Seguro Obrigat\u00f3rio para [&hellip;]<\/p>\n","protected":false},"author":3,"featured_media":56537,"comment_status":"open","ping_status":"open","sticky":false,"template":"","format":"standard","meta":{"footnotes":""},"categories":[10],"tags":[982,23467,25803,3429],"class_list":["post-56536","post","type-post","status-publish","format-standard","has-post-thumbnail","hentry","category-politica","tag-camara-dos-deputados","tag-dpvat","tag-pacote-fiscal","tag-votacao"],"yoast_head":"<!-- This site is optimized with the Yoast SEO plugin v26.5 - https:\/\/yoast.com\/wordpress\/plugins\/seo\/ -->\n<title>C\u00e2mara conclui vota\u00e7\u00e3o do 1.\u00ba projeto do pacote fiscal e derruba volta do DPVAT - Jornal Fatos e Not\u00edcias<\/title>\n<meta name=\"robots\" content=\"index, follow, max-snippet:-1, max-image-preview:large, max-video-preview:-1\" \/>\n<link rel=\"canonical\" href=\"https:\/\/jornalfatosenoticias.com.br\/index.php\/2024\/12\/19\/camara-conclui-votacao-do-1-o-projeto-do-pacote-fiscal-e-derruba-volta-do-dpvat\/\" \/>\n<meta property=\"og:locale\" content=\"pt_BR\" \/>\n<meta property=\"og:type\" content=\"article\" \/>\n<meta property=\"og:title\" content=\"C\u00e2mara conclui vota\u00e7\u00e3o do 1.\u00ba projeto do pacote fiscal e derruba volta do DPVAT - Jornal Fatos e Not\u00edcias\" \/>\n<meta property=\"og:description\" content=\"Ap\u00f3s acordo, projeto do pacote fiscal foi aprovado sem a volta do seguro DPVAT e com limite de bloqueio apenas para emendas n\u00e3o obrigat\u00f3rias Por Camila Abr\u00e3o Ap\u00f3s acordo, o primeiro projeto do pacote fiscal foi aprovado, na noite desta quarta-feira (18), na C\u00e2mara dos Deputados com a revoga\u00e7\u00e3o da volta do Seguro Obrigat\u00f3rio para [&hellip;]\" \/>\n<meta property=\"og:url\" content=\"https:\/\/jornalfatosenoticias.com.br\/index.php\/2024\/12\/19\/camara-conclui-votacao-do-1-o-projeto-do-pacote-fiscal-e-derruba-volta-do-dpvat\/\" \/>\n<meta property=\"og:site_name\" content=\"Jornal Fatos e Not\u00edcias\" \/>\n<meta property=\"article:published_time\" content=\"2024-12-19T18:01:04+00:00\" \/>\n<meta property=\"article:modified_time\" content=\"2024-12-19T18:01:05+00:00\" \/>\n<meta property=\"og:image\" content=\"https:\/\/jornalfatosenoticias.com.br\/wp-content\/uploads\/2024\/12\/camara-DPVAT.jpg\" \/>\n\t<meta property=\"og:image:width\" content=\"1984\" \/>\n\t<meta property=\"og:image:height\" content=\"1223\" \/>\n\t<meta property=\"og:image:type\" content=\"image\/jpeg\" \/>\n<meta name=\"author\" content=\"Haroldo Filho\" \/>\n<meta name=\"twitter:card\" content=\"summary_large_image\" \/>\n<meta name=\"twitter:label1\" content=\"Escrito por\" \/>\n\t<meta name=\"twitter:data1\" content=\"Haroldo Filho\" \/>\n\t<meta name=\"twitter:label2\" content=\"Est. tempo de leitura\" \/>\n\t<meta name=\"twitter:data2\" content=\"3 minutos\" \/>\n<script type=\"application\/ld+json\" class=\"yoast-schema-graph\">{\"@context\":\"https:\/\/schema.org\",\"@graph\":[{\"@type\":\"Article\",\"@id\":\"https:\/\/jornalfatosenoticias.com.br\/index.php\/2024\/12\/19\/camara-conclui-votacao-do-1-o-projeto-do-pacote-fiscal-e-derruba-volta-do-dpvat\/#article\",\"isPartOf\":{\"@id\":\"https:\/\/jornalfatosenoticias.com.br\/index.php\/2024\/12\/19\/camara-conclui-votacao-do-1-o-projeto-do-pacote-fiscal-e-derruba-volta-do-dpvat\/\"},\"author\":{\"name\":\"Haroldo Filho\",\"@id\":\"https:\/\/jornalfatosenoticias.com.br\/#\/schema\/person\/05c46cc25b42a5c27e004fb0fa6b4965\"},\"headline\":\"C\u00e2mara conclui vota\u00e7\u00e3o do 1.\u00ba projeto do pacote fiscal e derruba volta do DPVAT\",\"datePublished\":\"2024-12-19T18:01:04+00:00\",\"dateModified\":\"2024-12-19T18:01:05+00:00\",\"mainEntityOfPage\":{\"@id\":\"https:\/\/jornalfatosenoticias.com.br\/index.php\/2024\/12\/19\/camara-conclui-votacao-do-1-o-projeto-do-pacote-fiscal-e-derruba-volta-do-dpvat\/\"},\"wordCount\":573,\"commentCount\":0,\"publisher\":{\"@id\":\"https:\/\/jornalfatosenoticias.com.br\/#organization\"},\"image\":{\"@id\":\"https:\/\/jornalfatosenoticias.com.br\/index.php\/2024\/12\/19\/camara-conclui-votacao-do-1-o-projeto-do-pacote-fiscal-e-derruba-volta-do-dpvat\/#primaryimage\"},\"thumbnailUrl\":\"https:\/\/jornalfatosenoticias.com.br\/wp-content\/uploads\/2024\/12\/camara-DPVAT.jpg\",\"keywords\":[\"C\u00e2mara dos Deputados\",\"DPVAT\",\"pacote fiscal\",\"vota\u00e7\u00e3o\"],\"articleSection\":[\"Pol\u00edtica\"],\"inLanguage\":\"pt-BR\",\"potentialAction\":[{\"@type\":\"CommentAction\",\"name\":\"Comment\",\"target\":[\"https:\/\/jornalfatosenoticias.com.br\/index.php\/2024\/12\/19\/camara-conclui-votacao-do-1-o-projeto-do-pacote-fiscal-e-derruba-volta-do-dpvat\/#respond\"]}]},{\"@type\":\"WebPage\",\"@id\":\"https:\/\/jornalfatosenoticias.com.br\/index.php\/2024\/12\/19\/camara-conclui-votacao-do-1-o-projeto-do-pacote-fiscal-e-derruba-volta-do-dpvat\/\",\"url\":\"https:\/\/jornalfatosenoticias.com.br\/index.php\/2024\/12\/19\/camara-conclui-votacao-do-1-o-projeto-do-pacote-fiscal-e-derruba-volta-do-dpvat\/\",\"name\":\"C\u00e2mara conclui vota\u00e7\u00e3o do 1.\u00ba projeto do pacote fiscal e derruba volta do DPVAT - Jornal Fatos e Not\u00edcias\",\"isPartOf\":{\"@id\":\"https:\/\/jornalfatosenoticias.com.br\/#website\"},\"primaryImageOfPage\":{\"@id\":\"https:\/\/jornalfatosenoticias.com.br\/index.php\/2024\/12\/19\/camara-conclui-votacao-do-1-o-projeto-do-pacote-fiscal-e-derruba-volta-do-dpvat\/#primaryimage\"},\"image\":{\"@id\":\"https:\/\/jornalfatosenoticias.com.br\/index.php\/2024\/12\/19\/camara-conclui-votacao-do-1-o-projeto-do-pacote-fiscal-e-derruba-volta-do-dpvat\/#primaryimage\"},\"thumbnailUrl\":\"https:\/\/jornalfatosenoticias.com.br\/wp-content\/uploads\/2024\/12\/camara-DPVAT.jpg\",\"datePublished\":\"2024-12-19T18:01:04+00:00\",\"dateModified\":\"2024-12-19T18:01:05+00:00\",\"breadcrumb\":{\"@id\":\"https:\/\/jornalfatosenoticias.com.br\/index.php\/2024\/12\/19\/camara-conclui-votacao-do-1-o-projeto-do-pacote-fiscal-e-derruba-volta-do-dpvat\/#breadcrumb\"},\"inLanguage\":\"pt-BR\",\"potentialAction\":[{\"@type\":\"ReadAction\",\"target\":[\"https:\/\/jornalfatosenoticias.com.br\/index.php\/2024\/12\/19\/camara-conclui-votacao-do-1-o-projeto-do-pacote-fiscal-e-derruba-volta-do-dpvat\/\"]}]},{\"@type\":\"ImageObject\",\"inLanguage\":\"pt-BR\",\"@id\":\"https:\/\/jornalfatosenoticias.com.br\/index.php\/2024\/12\/19\/camara-conclui-votacao-do-1-o-projeto-do-pacote-fiscal-e-derruba-volta-do-dpvat\/#primaryimage\",\"url\":\"https:\/\/jornalfatosenoticias.com.br\/wp-content\/uploads\/2024\/12\/camara-DPVAT.jpg\",\"contentUrl\":\"https:\/\/jornalfatosenoticias.com.br\/wp-content\/uploads\/2024\/12\/camara-DPVAT.jpg\",\"width\":1984,\"height\":1223},{\"@type\":\"BreadcrumbList\",\"@id\":\"https:\/\/jornalfatosenoticias.com.br\/index.php\/2024\/12\/19\/camara-conclui-votacao-do-1-o-projeto-do-pacote-fiscal-e-derruba-volta-do-dpvat\/#breadcrumb\",\"itemListElement\":[{\"@type\":\"ListItem\",\"position\":1,\"name\":\"In\u00edcio\",\"item\":\"https:\/\/jornalfatosenoticias.com.br\/\"},{\"@type\":\"ListItem\",\"position\":2,\"name\":\"C\u00e2mara conclui vota\u00e7\u00e3o do 1.\u00ba projeto do pacote fiscal e derruba volta do DPVAT\"}]},{\"@type\":\"WebSite\",\"@id\":\"https:\/\/jornalfatosenoticias.com.br\/#website\",\"url\":\"https:\/\/jornalfatosenoticias.com.br\/\",\"name\":\"Jornal Fatos e Not\u00edcias\",\"description\":\"Not\u00edcias em geral\",\"publisher\":{\"@id\":\"https:\/\/jornalfatosenoticias.com.br\/#organization\"},\"potentialAction\":[{\"@type\":\"SearchAction\",\"target\":{\"@type\":\"EntryPoint\",\"urlTemplate\":\"https:\/\/jornalfatosenoticias.com.br\/?s={search_term_string}\"},\"query-input\":{\"@type\":\"PropertyValueSpecification\",\"valueRequired\":true,\"valueName\":\"search_term_string\"}}],\"inLanguage\":\"pt-BR\"},{\"@type\":\"Organization\",\"@id\":\"https:\/\/jornalfatosenoticias.com.br\/#organization\",\"name\":\"Jornal Fatos e Not\u00edcias\",\"url\":\"https:\/\/jornalfatosenoticias.com.br\/\",\"logo\":{\"@type\":\"ImageObject\",\"inLanguage\":\"pt-BR\",\"@id\":\"https:\/\/jornalfatosenoticias.com.br\/#\/schema\/logo\/image\/\",\"url\":\"https:\/\/jornalfatosenoticias.com.br\/wp-content\/uploads\/2020\/02\/logo120.png\",\"contentUrl\":\"https:\/\/jornalfatosenoticias.com.br\/wp-content\/uploads\/2020\/02\/logo120.png\",\"width\":1227,\"height\":120,\"caption\":\"Jornal Fatos e Not\u00edcias\"},\"image\":{\"@id\":\"https:\/\/jornalfatosenoticias.com.br\/#\/schema\/logo\/image\/\"}},{\"@type\":\"Person\",\"@id\":\"https:\/\/jornalfatosenoticias.com.br\/#\/schema\/person\/05c46cc25b42a5c27e004fb0fa6b4965\",\"name\":\"Haroldo Filho\",\"image\":{\"@type\":\"ImageObject\",\"inLanguage\":\"pt-BR\",\"@id\":\"https:\/\/jornalfatosenoticias.com.br\/#\/schema\/person\/image\/\",\"url\":\"https:\/\/jornalfatosenoticias.com.br\/wp-content\/uploads\/2025\/08\/WhatsApp-Image-2025-08-18-at-15.30.28-150x150.jpeg\",\"contentUrl\":\"https:\/\/jornalfatosenoticias.com.br\/wp-content\/uploads\/2025\/08\/WhatsApp-Image-2025-08-18-at-15.30.28-150x150.jpeg\",\"caption\":\"Haroldo Filho\"},\"description\":\"Jornalista \u2013 DRT: 0003818\/ES Coordenador-geral da ONG Educar para Crescer\",\"url\":\"https:\/\/jornalfatosenoticias.com.br\/index.php\/author\/haroldo\/\"}]}<\/script>\n<!-- \/ Yoast SEO plugin. -->","yoast_head_json":{"title":"C\u00e2mara conclui vota\u00e7\u00e3o do 1.\u00ba projeto do pacote fiscal e derruba volta do DPVAT - Jornal Fatos e Not\u00edcias","robots":{"index":"index","follow":"follow","max-snippet":"max-snippet:-1","max-image-preview":"max-image-preview:large","max-video-preview":"max-video-preview:-1"},"canonical":"https:\/\/jornalfatosenoticias.com.br\/index.php\/2024\/12\/19\/camara-conclui-votacao-do-1-o-projeto-do-pacote-fiscal-e-derruba-volta-do-dpvat\/","og_locale":"pt_BR","og_type":"article","og_title":"C\u00e2mara conclui vota\u00e7\u00e3o do 1.\u00ba projeto do pacote fiscal e derruba volta do DPVAT - Jornal Fatos e Not\u00edcias","og_description":"Ap\u00f3s acordo, projeto do pacote fiscal foi aprovado sem a volta do seguro DPVAT e com limite de bloqueio apenas para emendas n\u00e3o obrigat\u00f3rias Por Camila Abr\u00e3o Ap\u00f3s acordo, o primeiro projeto do pacote fiscal foi aprovado, na noite desta quarta-feira (18), na C\u00e2mara dos Deputados com a revoga\u00e7\u00e3o da volta do Seguro Obrigat\u00f3rio para [&hellip;]","og_url":"https:\/\/jornalfatosenoticias.com.br\/index.php\/2024\/12\/19\/camara-conclui-votacao-do-1-o-projeto-do-pacote-fiscal-e-derruba-volta-do-dpvat\/","og_site_name":"Jornal Fatos e Not\u00edcias","article_published_time":"2024-12-19T18:01:04+00:00","article_modified_time":"2024-12-19T18:01:05+00:00","og_image":[{"width":1984,"height":1223,"url":"https:\/\/jornalfatosenoticias.com.br\/wp-content\/uploads\/2024\/12\/camara-DPVAT.jpg","type":"image\/jpeg"}],"author":"Haroldo Filho","twitter_card":"summary_large_image","twitter_misc":{"Escrito por":"Haroldo Filho","Est. tempo de leitura":"3 minutos"},"schema":{"@context":"https:\/\/schema.org","@graph":[{"@type":"Article","@id":"https:\/\/jornalfatosenoticias.com.br\/index.php\/2024\/12\/19\/camara-conclui-votacao-do-1-o-projeto-do-pacote-fiscal-e-derruba-volta-do-dpvat\/#article","isPartOf":{"@id":"https:\/\/jornalfatosenoticias.com.br\/index.php\/2024\/12\/19\/camara-conclui-votacao-do-1-o-projeto-do-pacote-fiscal-e-derruba-volta-do-dpvat\/"},"author":{"name":"Haroldo Filho","@id":"https:\/\/jornalfatosenoticias.com.br\/#\/schema\/person\/05c46cc25b42a5c27e004fb0fa6b4965"},"headline":"C\u00e2mara conclui vota\u00e7\u00e3o do 1.\u00ba projeto do pacote fiscal e derruba volta do DPVAT","datePublished":"2024-12-19T18:01:04+00:00","dateModified":"2024-12-19T18:01:05+00:00","mainEntityOfPage":{"@id":"https:\/\/jornalfatosenoticias.com.br\/index.php\/2024\/12\/19\/camara-conclui-votacao-do-1-o-projeto-do-pacote-fiscal-e-derruba-volta-do-dpvat\/"},"wordCount":573,"commentCount":0,"publisher":{"@id":"https:\/\/jornalfatosenoticias.com.br\/#organization"},"image":{"@id":"https:\/\/jornalfatosenoticias.com.br\/index.php\/2024\/12\/19\/camara-conclui-votacao-do-1-o-projeto-do-pacote-fiscal-e-derruba-volta-do-dpvat\/#primaryimage"},"thumbnailUrl":"https:\/\/jornalfatosenoticias.com.br\/wp-content\/uploads\/2024\/12\/camara-DPVAT.jpg","keywords":["C\u00e2mara dos Deputados","DPVAT","pacote fiscal","vota\u00e7\u00e3o"],"articleSection":["Pol\u00edtica"],"inLanguage":"pt-BR","potentialAction":[{"@type":"CommentAction","name":"Comment","target":["https:\/\/jornalfatosenoticias.com.br\/index.php\/2024\/12\/19\/camara-conclui-votacao-do-1-o-projeto-do-pacote-fiscal-e-derruba-volta-do-dpvat\/#respond"]}]},{"@type":"WebPage","@id":"https:\/\/jornalfatosenoticias.com.br\/index.php\/2024\/12\/19\/camara-conclui-votacao-do-1-o-projeto-do-pacote-fiscal-e-derruba-volta-do-dpvat\/","url":"https:\/\/jornalfatosenoticias.com.br\/index.php\/2024\/12\/19\/camara-conclui-votacao-do-1-o-projeto-do-pacote-fiscal-e-derruba-volta-do-dpvat\/","name":"C\u00e2mara conclui vota\u00e7\u00e3o do 1.\u00ba projeto do pacote fiscal e derruba volta do DPVAT - Jornal Fatos e Not\u00edcias","isPartOf":{"@id":"https:\/\/jornalfatosenoticias.com.br\/#website"},"primaryImageOfPage":{"@id":"https:\/\/jornalfatosenoticias.com.br\/index.php\/2024\/12\/19\/camara-conclui-votacao-do-1-o-projeto-do-pacote-fiscal-e-derruba-volta-do-dpvat\/#primaryimage"},"image":{"@id":"https:\/\/jornalfatosenoticias.com.br\/index.php\/2024\/12\/19\/camara-conclui-votacao-do-1-o-projeto-do-pacote-fiscal-e-derruba-volta-do-dpvat\/#primaryimage"},"thumbnailUrl":"https:\/\/jornalfatosenoticias.com.br\/wp-content\/uploads\/2024\/12\/camara-DPVAT.jpg","datePublished":"2024-12-19T18:01:04+00:00","dateModified":"2024-12-19T18:01:05+00:00","breadcrumb":{"@id":"https:\/\/jornalfatosenoticias.com.br\/index.php\/2024\/12\/19\/camara-conclui-votacao-do-1-o-projeto-do-pacote-fiscal-e-derruba-volta-do-dpvat\/#breadcrumb"},"inLanguage":"pt-BR","potentialAction":[{"@type":"ReadAction","target":["https:\/\/jornalfatosenoticias.com.br\/index.php\/2024\/12\/19\/camara-conclui-votacao-do-1-o-projeto-do-pacote-fiscal-e-derruba-volta-do-dpvat\/"]}]},{"@type":"ImageObject","inLanguage":"pt-BR","@id":"https:\/\/jornalfatosenoticias.com.br\/index.php\/2024\/12\/19\/camara-conclui-votacao-do-1-o-projeto-do-pacote-fiscal-e-derruba-volta-do-dpvat\/#primaryimage","url":"https:\/\/jornalfatosenoticias.com.br\/wp-content\/uploads\/2024\/12\/camara-DPVAT.jpg","contentUrl":"https:\/\/jornalfatosenoticias.com.br\/wp-content\/uploads\/2024\/12\/camara-DPVAT.jpg","width":1984,"height":1223},{"@type":"BreadcrumbList","@id":"https:\/\/jornalfatosenoticias.com.br\/index.php\/2024\/12\/19\/camara-conclui-votacao-do-1-o-projeto-do-pacote-fiscal-e-derruba-volta-do-dpvat\/#breadcrumb","itemListElement":[{"@type":"ListItem","position":1,"name":"In\u00edcio","item":"https:\/\/jornalfatosenoticias.com.br\/"},{"@type":"ListItem","position":2,"name":"C\u00e2mara conclui vota\u00e7\u00e3o do 1.\u00ba projeto do pacote fiscal e derruba volta do DPVAT"}]},{"@type":"WebSite","@id":"https:\/\/jornalfatosenoticias.com.br\/#website","url":"https:\/\/jornalfatosenoticias.com.br\/","name":"Jornal Fatos e Not\u00edcias","description":"Not\u00edcias em geral","publisher":{"@id":"https:\/\/jornalfatosenoticias.com.br\/#organization"},"potentialAction":[{"@type":"SearchAction","target":{"@type":"EntryPoint","urlTemplate":"https:\/\/jornalfatosenoticias.com.br\/?s={search_term_string}"},"query-input":{"@type":"PropertyValueSpecification","valueRequired":true,"valueName":"search_term_string"}}],"inLanguage":"pt-BR"},{"@type":"Organization","@id":"https:\/\/jornalfatosenoticias.com.br\/#organization","name":"Jornal Fatos e Not\u00edcias","url":"https:\/\/jornalfatosenoticias.com.br\/","logo":{"@type":"ImageObject","inLanguage":"pt-BR","@id":"https:\/\/jornalfatosenoticias.com.br\/#\/schema\/logo\/image\/","url":"https:\/\/jornalfatosenoticias.com.br\/wp-content\/uploads\/2020\/02\/logo120.png","contentUrl":"https:\/\/jornalfatosenoticias.com.br\/wp-content\/uploads\/2020\/02\/logo120.png","width":1227,"height":120,"caption":"Jornal Fatos e Not\u00edcias"},"image":{"@id":"https:\/\/jornalfatosenoticias.com.br\/#\/schema\/logo\/image\/"}},{"@type":"Person","@id":"https:\/\/jornalfatosenoticias.com.br\/#\/schema\/person\/05c46cc25b42a5c27e004fb0fa6b4965","name":"Haroldo Filho","image":{"@type":"ImageObject","inLanguage":"pt-BR","@id":"https:\/\/jornalfatosenoticias.com.br\/#\/schema\/person\/image\/","url":"https:\/\/jornalfatosenoticias.com.br\/wp-content\/uploads\/2025\/08\/WhatsApp-Image-2025-08-18-at-15.30.28-150x150.jpeg","contentUrl":"https:\/\/jornalfatosenoticias.com.br\/wp-content\/uploads\/2025\/08\/WhatsApp-Image-2025-08-18-at-15.30.28-150x150.jpeg","caption":"Haroldo Filho"},"description":"Jornalista \u2013 DRT: 0003818\/ES Coordenador-geral da ONG Educar para Crescer","url":"https:\/\/jornalfatosenoticias.com.br\/index.php\/author\/haroldo\/"}]}},"cc_featured_image_caption":{"caption_text":"(Foto: Bruno Spada\/C\u00e2mara dos Deputados)","source_text":"","source_url":""},"jetpack_featured_media_url":"https:\/\/jornalfatosenoticias.com.br\/wp-content\/uploads\/2024\/12\/camara-DPVAT.jpg","_links":{"self":[{"href":"https:\/\/jornalfatosenoticias.com.br\/index.php\/wp-json\/wp\/v2\/posts\/56536","targetHints":{"allow":["GET"]}}],"collection":[{"href":"https:\/\/jornalfatosenoticias.com.br\/index.php\/wp-json\/wp\/v2\/posts"}],"about":[{"href":"https:\/\/jornalfatosenoticias.com.br\/index.php\/wp-json\/wp\/v2\/types\/post"}],"author":[{"embeddable":true,"href":"https:\/\/jornalfatosenoticias.com.br\/index.php\/wp-json\/wp\/v2\/users\/3"}],"replies":[{"embeddable":true,"href":"https:\/\/jornalfatosenoticias.com.br\/index.php\/wp-json\/wp\/v2\/comments?post=56536"}],"version-history":[{"count":0,"href":"https:\/\/jornalfatosenoticias.com.br\/index.php\/wp-json\/wp\/v2\/posts\/56536\/revisions"}],"wp:featuredmedia":[{"embeddable":true,"href":"https:\/\/jornalfatosenoticias.com.br\/index.php\/wp-json\/wp\/v2\/media\/56537"}],"wp:attachment":[{"href":"https:\/\/jornalfatosenoticias.com.br\/index.php\/wp-json\/wp\/v2\/media?parent=56536"}],"wp:term":[{"taxonomy":"category","embeddable":true,"href":"https:\/\/jornalfatosenoticias.com.br\/index.php\/wp-json\/wp\/v2\/categories?post=56536"},{"taxonomy":"post_tag","embeddable":true,"href":"https:\/\/jornalfatosenoticias.com.br\/index.php\/wp-json\/wp\/v2\/tags?post=56536"}],"curies":[{"name":"wp","href":"https:\/\/api.w.org\/{rel}","templated":true}]}}