{"id":56549,"date":"2024-12-20T12:52:39","date_gmt":"2024-12-20T15:52:39","guid":{"rendered":"https:\/\/jornalfatosenoticias.com.br\/?p=56549"},"modified":"2024-12-20T12:52:40","modified_gmt":"2024-12-20T15:52:40","slug":"sindrome-do-coracao-de-feriado-conheca-a-doenca-natalina","status":"publish","type":"post","link":"https:\/\/jornalfatosenoticias.com.br\/index.php\/2024\/12\/20\/sindrome-do-coracao-de-feriado-conheca-a-doenca-natalina\/","title":{"rendered":"\u201cS\u00edndrome do cora\u00e7\u00e3o de feriado\u201d: conhe\u00e7a a doen\u00e7a natalina"},"content":{"rendered":"\n<p><em><span class=\"has-inline-color has-black-color\">Embora o nome pare\u00e7a inofensivo, a s\u00edndrome causada pelo exagero no consumo de \u00e1lcool durante as festas de fim de ano \u00e9 perigosa<\/span><\/em><\/p>\n\n\n\n<p><span class=\"has-inline-color has-black-color\">Por <strong><a href=\"https:\/\/olhardigital.com.br\/author\/nayra-teles\/\">Nayra Teles<\/a><\/strong><\/span><\/p>\n\n\n\n<div class=\"wp-block-image\"><figure class=\"aligncenter size-large\"><a href=\"https:\/\/cesconetto.com.br\/\"><img loading=\"lazy\" decoding=\"async\" width=\"300\" height=\"250\" src=\"https:\/\/jornalfatosenoticias.com.br\/wp-content\/uploads\/2022\/02\/Banner-2.png\" alt=\"\" class=\"wp-image-27877\"\/><\/a><\/figure><\/div>\n\n\n\n<p><strong>Chegou dezembro e, com ele, as\u00a0<\/strong><a href=\"https:\/\/olhardigital.com.br\/tag\/final-de-ano\/\"><strong>festas de fim de ano<\/strong>.<\/a>\u00a0Consequentemente, as pessoas bebem mais. E \u00e9 a\u00ed que mora o perigo.\u00a0<strong>\u00c9 nesse per\u00edodo que ocorrem com mais frequ\u00eancia os casos da \u201cs\u00edndrome do\u00a0<a href=\"https:\/\/olhardigital.com.br\/tag\/coracao\/\">cora\u00e7\u00e3o<\/a>\u00a0de feriado\u201d.<\/strong>\u00a0Apesar do nome simp\u00e1tico, \u00e9 assim que\u00a0<strong>os m\u00e9dicos chamam a arritmia atrial<\/strong>\u00a0induzida pelo\u00a0<strong>consumo excessivo de\u00a0<a href=\"https:\/\/olhardigital.com.br\/tag\/alcool\/\">\u00e1lcool<\/a><\/strong>.<br>Quando tomamos um drink, o <strong>\u00e1lcool<\/strong>\u00a0vai direto para os nossos vasos sangu\u00edneos, sangue e sistema nervoso, afetando tamb\u00e9m o cora\u00e7\u00e3o. \u00c9 como um efeito domin\u00f3.<strong>\u00a0A subst\u00e2ncia perturba o\u00a0<a href=\"https:\/\/olhardigital.com.br\/tag\/sistema-nervoso\/\">sistema nervoso<\/a>, gerando desidrata\u00e7\u00e3o e inflama\u00e7\u00e3o<\/strong>.<strong>\u00a0Essas rea\u00e7\u00f5es, por sua vez, podem afetar o sistema el\u00e9trico do cora\u00e7\u00e3o e levar a um batimento card\u00edaco irregular.<\/strong><\/p>\n\n\n\n<div class=\"wp-block-image\"><figure class=\"aligncenter size-large is-resized\"><a href=\"https:\/\/hotelmarquetti.com.br\/\"><img loading=\"lazy\" decoding=\"async\" src=\"https:\/\/jornalfatosenoticias.com.br\/wp-content\/uploads\/2023\/03\/nova-logo-Marquetti.jpg\" alt=\"\" class=\"wp-image-40207\" width=\"343\" height=\"230\" srcset=\"https:\/\/jornalfatosenoticias.com.br\/wp-content\/uploads\/2023\/03\/nova-logo-Marquetti.jpg 643w, https:\/\/jornalfatosenoticias.com.br\/wp-content\/uploads\/2023\/03\/nova-logo-Marquetti-300x202.jpg 300w\" sizes=\"auto, (max-width: 343px) 100vw, 343px\" \/><\/a><\/figure><\/div>\n\n\n\n<p>A s\u00edndrome n\u00e3o atinge apenas aqueles que exageram no consumo de bebida durante as confraterniza\u00e7\u00f5es. Pessoas com hist\u00f3rico de problemas alco\u00f3licos ou que beberam muito durante a vida tamb\u00e9m tendem a apresentar desregula\u00e7\u00e3o no ritmo card\u00edaco.<\/p>\n\n\n\n<div class=\"wp-block-image\"><figure class=\"aligncenter size-large is-resized\"><a href=\"https:\/\/www.instagram.com\/ligadossaborespizzaria\/\"><img loading=\"lazy\" decoding=\"async\" src=\"https:\/\/jornalfatosenoticias.com.br\/wp-content\/uploads\/2024\/09\/WhatsApp-Image-2024-09-14-at-22.46.10-819x1024.jpeg\" alt=\"\" class=\"wp-image-54180\" width=\"282\" height=\"353\" srcset=\"https:\/\/jornalfatosenoticias.com.br\/wp-content\/uploads\/2024\/09\/WhatsApp-Image-2024-09-14-at-22.46.10-819x1024.jpeg 819w, https:\/\/jornalfatosenoticias.com.br\/wp-content\/uploads\/2024\/09\/WhatsApp-Image-2024-09-14-at-22.46.10-240x300.jpeg 240w, https:\/\/jornalfatosenoticias.com.br\/wp-content\/uploads\/2024\/09\/WhatsApp-Image-2024-09-14-at-22.46.10-768x960.jpeg 768w, https:\/\/jornalfatosenoticias.com.br\/wp-content\/uploads\/2024\/09\/WhatsApp-Image-2024-09-14-at-22.46.10.jpeg 1024w\" sizes=\"auto, (max-width: 282px) 100vw, 282px\" \/><\/a><\/figure><\/div>\n\n\n\n<p>Embora a maioria dos diagnosticados com a \u201cs\u00edndrome do cora\u00e7\u00e3o de feriado\u201d se recupere, existem riscos associados. <strong>Alguns pacientes podem desenvolver outro problema: a\u00a0<\/strong><a href=\"https:\/\/olhardigital.com.br\/tag\/fibrilacao-atrial\/\"><strong>fibrila\u00e7\u00e3o atrial<\/strong>,\u00a0<\/a>uma arritmia card\u00edaca caracterizada por batimentos card\u00edacos irregulares e acelerados.\u00a0<strong>Se n\u00e3o for adequadamente tratada, a chance de o indiv\u00edduo apresentar co\u00e1gulos sangu\u00edneos, derrame ou ataque card\u00edaco aumenta.<\/strong><\/p>\n\n\n\n<div class=\"wp-block-image\"><figure class=\"aligncenter size-large is-resized\"><a href=\"https:\/\/www.facebook.com\/profile.php?id=100069289606145\"><img loading=\"lazy\" decoding=\"async\" src=\"https:\/\/jornalfatosenoticias.com.br\/wp-content\/uploads\/2024\/11\/Guaitolini-Contabilidade-1024x714.jpeg\" alt=\"\" class=\"wp-image-55808\" width=\"355\" height=\"247\" srcset=\"https:\/\/jornalfatosenoticias.com.br\/wp-content\/uploads\/2024\/11\/Guaitolini-Contabilidade-1024x714.jpeg 1024w, https:\/\/jornalfatosenoticias.com.br\/wp-content\/uploads\/2024\/11\/Guaitolini-Contabilidade-300x209.jpeg 300w, https:\/\/jornalfatosenoticias.com.br\/wp-content\/uploads\/2024\/11\/Guaitolini-Contabilidade-768x535.jpeg 768w, https:\/\/jornalfatosenoticias.com.br\/wp-content\/uploads\/2024\/11\/Guaitolini-Contabilidade.jpeg 1280w\" sizes=\"auto, (max-width: 355px) 100vw, 355px\" \/><\/a><\/figure><\/div>\n\n\n\n<p>Uma maneira de prevenir a s\u00edndrome \u00e9 <strong>limitar o consumo de bebidas alco\u00f3licas durante as festividades<\/strong>. Tamb\u00e9m \u00e9 aconselh\u00e1vel\u00a0<strong>tomar \u00e1gua entre os drinks<\/strong>. Isso ajuda a diminuir os efeitos desidratantes do \u00e1lcool e reduz o risco de complica\u00e7\u00f5es no ritmo card\u00edaco. Al\u00e9m disso, a\u00a0<strong>pr\u00e1tica regular de exerc\u00edcios e uma alimenta\u00e7\u00e3o saud\u00e1vel<\/strong> deve ajudar a manter seu cora\u00e7\u00e3o seguro. Em resumo, aproveite as confraterniza\u00e7\u00f5es de fim de ano, mas n\u00e3o esque\u00e7a de cuidar da sua sa\u00fade.<\/p>\n\n\n\n<div class=\"wp-block-image\"><figure class=\"aligncenter size-large is-resized\"><a href=\"https:\/\/www.instagram.com\/serra4x4cambioautomatico\/\"><img loading=\"lazy\" decoding=\"async\" src=\"https:\/\/jornalfatosenoticias.com.br\/wp-content\/uploads\/2024\/08\/Serra-4x4-1-886x1024.jpg\" alt=\"\" class=\"wp-image-53632\" width=\"263\" height=\"304\" srcset=\"https:\/\/jornalfatosenoticias.com.br\/wp-content\/uploads\/2024\/08\/Serra-4x4-1-886x1024.jpg 886w, https:\/\/jornalfatosenoticias.com.br\/wp-content\/uploads\/2024\/08\/Serra-4x4-1-260x300.jpg 260w, https:\/\/jornalfatosenoticias.com.br\/wp-content\/uploads\/2024\/08\/Serra-4x4-1-768x888.jpg 768w, https:\/\/jornalfatosenoticias.com.br\/wp-content\/uploads\/2024\/08\/Serra-4x4-1.jpg 1181w\" sizes=\"auto, (max-width: 263px) 100vw, 263px\" \/><\/a><\/figure><\/div>\n\n\n\n<p><strong><em>Fonte: <a href=\"https:\/\/olhardigital.com.br\/2024\/12\/14\/medicina-e-saude\/sindrome-do-coracao-de-feriado-conheca-a-doenca-natalina\/\">Olhar Digital<\/a><\/em><\/strong><\/p>\n","protected":false},"excerpt":{"rendered":"<p>Embora o nome pare\u00e7a inofensivo, a s\u00edndrome causada pelo exagero no consumo de \u00e1lcool durante as festas de fim de ano \u00e9 perigosa Por Nayra Teles Chegou dezembro e, com ele, as\u00a0festas de fim de ano.\u00a0Consequentemente, as pessoas bebem mais. E \u00e9 a\u00ed que mora o perigo.\u00a0\u00c9 nesse per\u00edodo que ocorrem com mais frequ\u00eancia os [&hellip;]<\/p>\n","protected":false},"author":2,"featured_media":56550,"comment_status":"open","ping_status":"open","sticky":false,"template":"","format":"standard","meta":{"footnotes":""},"categories":[2522],"tags":[139,1221,12144,25808],"class_list":["post-56549","post","type-post","status-publish","format-standard","has-post-thumbnail","hentry","category-comportamento","tag-alcool","tag-coracao","tag-fim-de-ano","tag-sindrome-do-coracao-de-feriado"],"yoast_head":"<!-- This site is optimized with the Yoast SEO plugin v26.5 - https:\/\/yoast.com\/wordpress\/plugins\/seo\/ -->\n<title>\u201cS\u00edndrome do cora\u00e7\u00e3o de feriado\u201d: conhe\u00e7a a doen\u00e7a natalina - Jornal Fatos e Not\u00edcias<\/title>\n<meta name=\"robots\" content=\"index, follow, max-snippet:-1, max-image-preview:large, max-video-preview:-1\" \/>\n<link rel=\"canonical\" href=\"https:\/\/jornalfatosenoticias.com.br\/index.php\/2024\/12\/20\/sindrome-do-coracao-de-feriado-conheca-a-doenca-natalina\/\" \/>\n<meta property=\"og:locale\" content=\"pt_BR\" \/>\n<meta property=\"og:type\" content=\"article\" \/>\n<meta property=\"og:title\" content=\"\u201cS\u00edndrome do cora\u00e7\u00e3o de feriado\u201d: conhe\u00e7a a doen\u00e7a natalina - Jornal Fatos e Not\u00edcias\" \/>\n<meta property=\"og:description\" content=\"Embora o nome pare\u00e7a inofensivo, a s\u00edndrome causada pelo exagero no consumo de \u00e1lcool durante as festas de fim de ano \u00e9 perigosa Por Nayra Teles Chegou dezembro e, com ele, as\u00a0festas de fim de ano.\u00a0Consequentemente, as pessoas bebem mais. E \u00e9 a\u00ed que mora o perigo.\u00a0\u00c9 nesse per\u00edodo que ocorrem com mais frequ\u00eancia os [&hellip;]\" \/>\n<meta property=\"og:url\" content=\"https:\/\/jornalfatosenoticias.com.br\/index.php\/2024\/12\/20\/sindrome-do-coracao-de-feriado-conheca-a-doenca-natalina\/\" \/>\n<meta property=\"og:site_name\" content=\"Jornal Fatos e Not\u00edcias\" \/>\n<meta property=\"article:published_time\" content=\"2024-12-20T15:52:39+00:00\" \/>\n<meta property=\"article:modified_time\" content=\"2024-12-20T15:52:40+00:00\" \/>\n<meta property=\"og:image\" content=\"https:\/\/jornalfatosenoticias.com.br\/wp-content\/uploads\/2024\/12\/sindrome-do-coracao-de-feriado_istock.jpg\" \/>\n\t<meta property=\"og:image:width\" content=\"612\" \/>\n\t<meta property=\"og:image:height\" content=\"408\" \/>\n\t<meta property=\"og:image:type\" content=\"image\/jpeg\" \/>\n<meta name=\"author\" content=\"Luzimara Fernandes\" \/>\n<meta name=\"twitter:card\" content=\"summary_large_image\" \/>\n<meta name=\"twitter:label1\" content=\"Escrito por\" \/>\n\t<meta name=\"twitter:data1\" content=\"Luzimara Fernandes\" \/>\n\t<meta name=\"twitter:label2\" content=\"Est. tempo de leitura\" \/>\n\t<meta name=\"twitter:data2\" content=\"2 minutos\" \/>\n<script type=\"application\/ld+json\" class=\"yoast-schema-graph\">{\"@context\":\"https:\/\/schema.org\",\"@graph\":[{\"@type\":\"Article\",\"@id\":\"https:\/\/jornalfatosenoticias.com.br\/index.php\/2024\/12\/20\/sindrome-do-coracao-de-feriado-conheca-a-doenca-natalina\/#article\",\"isPartOf\":{\"@id\":\"https:\/\/jornalfatosenoticias.com.br\/index.php\/2024\/12\/20\/sindrome-do-coracao-de-feriado-conheca-a-doenca-natalina\/\"},\"author\":{\"name\":\"Luzimara Fernandes\",\"@id\":\"https:\/\/jornalfatosenoticias.com.br\/#\/schema\/person\/d63837fa13ac8666eb9e74e0985d6f81\"},\"headline\":\"\u201cS\u00edndrome do cora\u00e7\u00e3o de feriado\u201d: conhe\u00e7a a doen\u00e7a natalina\",\"datePublished\":\"2024-12-20T15:52:39+00:00\",\"dateModified\":\"2024-12-20T15:52:40+00:00\",\"mainEntityOfPage\":{\"@id\":\"https:\/\/jornalfatosenoticias.com.br\/index.php\/2024\/12\/20\/sindrome-do-coracao-de-feriado-conheca-a-doenca-natalina\/\"},\"wordCount\":367,\"commentCount\":0,\"publisher\":{\"@id\":\"https:\/\/jornalfatosenoticias.com.br\/#organization\"},\"image\":{\"@id\":\"https:\/\/jornalfatosenoticias.com.br\/index.php\/2024\/12\/20\/sindrome-do-coracao-de-feriado-conheca-a-doenca-natalina\/#primaryimage\"},\"thumbnailUrl\":\"https:\/\/jornalfatosenoticias.com.br\/wp-content\/uploads\/2024\/12\/sindrome-do-coracao-de-feriado_istock.jpg\",\"keywords\":[\"\u00e1lcool\",\"cora\u00e7\u00e3o\",\"fim de ano\",\"s\u00edndrome do cora\u00e7\u00e3o de feriado\"],\"articleSection\":[\"Comportamento &amp; Equil\u00edbrio\"],\"inLanguage\":\"pt-BR\",\"potentialAction\":[{\"@type\":\"CommentAction\",\"name\":\"Comment\",\"target\":[\"https:\/\/jornalfatosenoticias.com.br\/index.php\/2024\/12\/20\/sindrome-do-coracao-de-feriado-conheca-a-doenca-natalina\/#respond\"]}]},{\"@type\":\"WebPage\",\"@id\":\"https:\/\/jornalfatosenoticias.com.br\/index.php\/2024\/12\/20\/sindrome-do-coracao-de-feriado-conheca-a-doenca-natalina\/\",\"url\":\"https:\/\/jornalfatosenoticias.com.br\/index.php\/2024\/12\/20\/sindrome-do-coracao-de-feriado-conheca-a-doenca-natalina\/\",\"name\":\"\u201cS\u00edndrome do cora\u00e7\u00e3o de feriado\u201d: conhe\u00e7a a doen\u00e7a natalina - Jornal Fatos e Not\u00edcias\",\"isPartOf\":{\"@id\":\"https:\/\/jornalfatosenoticias.com.br\/#website\"},\"primaryImageOfPage\":{\"@id\":\"https:\/\/jornalfatosenoticias.com.br\/index.php\/2024\/12\/20\/sindrome-do-coracao-de-feriado-conheca-a-doenca-natalina\/#primaryimage\"},\"image\":{\"@id\":\"https:\/\/jornalfatosenoticias.com.br\/index.php\/2024\/12\/20\/sindrome-do-coracao-de-feriado-conheca-a-doenca-natalina\/#primaryimage\"},\"thumbnailUrl\":\"https:\/\/jornalfatosenoticias.com.br\/wp-content\/uploads\/2024\/12\/sindrome-do-coracao-de-feriado_istock.jpg\",\"datePublished\":\"2024-12-20T15:52:39+00:00\",\"dateModified\":\"2024-12-20T15:52:40+00:00\",\"breadcrumb\":{\"@id\":\"https:\/\/jornalfatosenoticias.com.br\/index.php\/2024\/12\/20\/sindrome-do-coracao-de-feriado-conheca-a-doenca-natalina\/#breadcrumb\"},\"inLanguage\":\"pt-BR\",\"potentialAction\":[{\"@type\":\"ReadAction\",\"target\":[\"https:\/\/jornalfatosenoticias.com.br\/index.php\/2024\/12\/20\/sindrome-do-coracao-de-feriado-conheca-a-doenca-natalina\/\"]}]},{\"@type\":\"ImageObject\",\"inLanguage\":\"pt-BR\",\"@id\":\"https:\/\/jornalfatosenoticias.com.br\/index.php\/2024\/12\/20\/sindrome-do-coracao-de-feriado-conheca-a-doenca-natalina\/#primaryimage\",\"url\":\"https:\/\/jornalfatosenoticias.com.br\/wp-content\/uploads\/2024\/12\/sindrome-do-coracao-de-feriado_istock.jpg\",\"contentUrl\":\"https:\/\/jornalfatosenoticias.com.br\/wp-content\/uploads\/2024\/12\/sindrome-do-coracao-de-feriado_istock.jpg\",\"width\":612,\"height\":408,\"caption\":\"Happy man\"},{\"@type\":\"BreadcrumbList\",\"@id\":\"https:\/\/jornalfatosenoticias.com.br\/index.php\/2024\/12\/20\/sindrome-do-coracao-de-feriado-conheca-a-doenca-natalina\/#breadcrumb\",\"itemListElement\":[{\"@type\":\"ListItem\",\"position\":1,\"name\":\"In\u00edcio\",\"item\":\"https:\/\/jornalfatosenoticias.com.br\/\"},{\"@type\":\"ListItem\",\"position\":2,\"name\":\"\u201cS\u00edndrome do cora\u00e7\u00e3o de feriado\u201d: conhe\u00e7a a doen\u00e7a natalina\"}]},{\"@type\":\"WebSite\",\"@id\":\"https:\/\/jornalfatosenoticias.com.br\/#website\",\"url\":\"https:\/\/jornalfatosenoticias.com.br\/\",\"name\":\"Jornal Fatos e Not\u00edcias\",\"description\":\"Not\u00edcias em geral\",\"publisher\":{\"@id\":\"https:\/\/jornalfatosenoticias.com.br\/#organization\"},\"potentialAction\":[{\"@type\":\"SearchAction\",\"target\":{\"@type\":\"EntryPoint\",\"urlTemplate\":\"https:\/\/jornalfatosenoticias.com.br\/?s={search_term_string}\"},\"query-input\":{\"@type\":\"PropertyValueSpecification\",\"valueRequired\":true,\"valueName\":\"search_term_string\"}}],\"inLanguage\":\"pt-BR\"},{\"@type\":\"Organization\",\"@id\":\"https:\/\/jornalfatosenoticias.com.br\/#organization\",\"name\":\"Jornal Fatos e Not\u00edcias\",\"url\":\"https:\/\/jornalfatosenoticias.com.br\/\",\"logo\":{\"@type\":\"ImageObject\",\"inLanguage\":\"pt-BR\",\"@id\":\"https:\/\/jornalfatosenoticias.com.br\/#\/schema\/logo\/image\/\",\"url\":\"https:\/\/jornalfatosenoticias.com.br\/wp-content\/uploads\/2020\/02\/logo120.png\",\"contentUrl\":\"https:\/\/jornalfatosenoticias.com.br\/wp-content\/uploads\/2020\/02\/logo120.png\",\"width\":1227,\"height\":120,\"caption\":\"Jornal Fatos e Not\u00edcias\"},\"image\":{\"@id\":\"https:\/\/jornalfatosenoticias.com.br\/#\/schema\/logo\/image\/\"}},{\"@type\":\"Person\",\"@id\":\"https:\/\/jornalfatosenoticias.com.br\/#\/schema\/person\/d63837fa13ac8666eb9e74e0985d6f81\",\"name\":\"Luzimara Fernandes\",\"image\":{\"@type\":\"ImageObject\",\"inLanguage\":\"pt-BR\",\"@id\":\"https:\/\/jornalfatosenoticias.com.br\/#\/schema\/person\/image\/\",\"url\":\"https:\/\/jornalfatosenoticias.com.br\/wp-content\/uploads\/2025\/05\/EU_portal.jpg\",\"contentUrl\":\"https:\/\/jornalfatosenoticias.com.br\/wp-content\/uploads\/2025\/05\/EU_portal.jpg\",\"caption\":\"Luzimara Fernandes\"},\"description\":\"Jornalista MTB 2358-ES\",\"sameAs\":[\"https:\/\/jornalfatosenoticias.com.br\"],\"url\":\"https:\/\/jornalfatosenoticias.com.br\/index.php\/author\/luzimara\/\"}]}<\/script>\n<!-- \/ Yoast SEO plugin. -->","yoast_head_json":{"title":"\u201cS\u00edndrome do cora\u00e7\u00e3o de feriado\u201d: conhe\u00e7a a doen\u00e7a natalina - Jornal Fatos e Not\u00edcias","robots":{"index":"index","follow":"follow","max-snippet":"max-snippet:-1","max-image-preview":"max-image-preview:large","max-video-preview":"max-video-preview:-1"},"canonical":"https:\/\/jornalfatosenoticias.com.br\/index.php\/2024\/12\/20\/sindrome-do-coracao-de-feriado-conheca-a-doenca-natalina\/","og_locale":"pt_BR","og_type":"article","og_title":"\u201cS\u00edndrome do cora\u00e7\u00e3o de feriado\u201d: conhe\u00e7a a doen\u00e7a natalina - Jornal Fatos e Not\u00edcias","og_description":"Embora o nome pare\u00e7a inofensivo, a s\u00edndrome causada pelo exagero no consumo de \u00e1lcool durante as festas de fim de ano \u00e9 perigosa Por Nayra Teles Chegou dezembro e, com ele, as\u00a0festas de fim de ano.\u00a0Consequentemente, as pessoas bebem mais. E \u00e9 a\u00ed que mora o perigo.\u00a0\u00c9 nesse per\u00edodo que ocorrem com mais frequ\u00eancia os [&hellip;]","og_url":"https:\/\/jornalfatosenoticias.com.br\/index.php\/2024\/12\/20\/sindrome-do-coracao-de-feriado-conheca-a-doenca-natalina\/","og_site_name":"Jornal Fatos e Not\u00edcias","article_published_time":"2024-12-20T15:52:39+00:00","article_modified_time":"2024-12-20T15:52:40+00:00","og_image":[{"width":612,"height":408,"url":"https:\/\/jornalfatosenoticias.com.br\/wp-content\/uploads\/2024\/12\/sindrome-do-coracao-de-feriado_istock.jpg","type":"image\/jpeg"}],"author":"Luzimara Fernandes","twitter_card":"summary_large_image","twitter_misc":{"Escrito por":"Luzimara Fernandes","Est. tempo de leitura":"2 minutos"},"schema":{"@context":"https:\/\/schema.org","@graph":[{"@type":"Article","@id":"https:\/\/jornalfatosenoticias.com.br\/index.php\/2024\/12\/20\/sindrome-do-coracao-de-feriado-conheca-a-doenca-natalina\/#article","isPartOf":{"@id":"https:\/\/jornalfatosenoticias.com.br\/index.php\/2024\/12\/20\/sindrome-do-coracao-de-feriado-conheca-a-doenca-natalina\/"},"author":{"name":"Luzimara Fernandes","@id":"https:\/\/jornalfatosenoticias.com.br\/#\/schema\/person\/d63837fa13ac8666eb9e74e0985d6f81"},"headline":"\u201cS\u00edndrome do cora\u00e7\u00e3o de feriado\u201d: conhe\u00e7a a doen\u00e7a natalina","datePublished":"2024-12-20T15:52:39+00:00","dateModified":"2024-12-20T15:52:40+00:00","mainEntityOfPage":{"@id":"https:\/\/jornalfatosenoticias.com.br\/index.php\/2024\/12\/20\/sindrome-do-coracao-de-feriado-conheca-a-doenca-natalina\/"},"wordCount":367,"commentCount":0,"publisher":{"@id":"https:\/\/jornalfatosenoticias.com.br\/#organization"},"image":{"@id":"https:\/\/jornalfatosenoticias.com.br\/index.php\/2024\/12\/20\/sindrome-do-coracao-de-feriado-conheca-a-doenca-natalina\/#primaryimage"},"thumbnailUrl":"https:\/\/jornalfatosenoticias.com.br\/wp-content\/uploads\/2024\/12\/sindrome-do-coracao-de-feriado_istock.jpg","keywords":["\u00e1lcool","cora\u00e7\u00e3o","fim de ano","s\u00edndrome do cora\u00e7\u00e3o de feriado"],"articleSection":["Comportamento &amp; Equil\u00edbrio"],"inLanguage":"pt-BR","potentialAction":[{"@type":"CommentAction","name":"Comment","target":["https:\/\/jornalfatosenoticias.com.br\/index.php\/2024\/12\/20\/sindrome-do-coracao-de-feriado-conheca-a-doenca-natalina\/#respond"]}]},{"@type":"WebPage","@id":"https:\/\/jornalfatosenoticias.com.br\/index.php\/2024\/12\/20\/sindrome-do-coracao-de-feriado-conheca-a-doenca-natalina\/","url":"https:\/\/jornalfatosenoticias.com.br\/index.php\/2024\/12\/20\/sindrome-do-coracao-de-feriado-conheca-a-doenca-natalina\/","name":"\u201cS\u00edndrome do cora\u00e7\u00e3o de feriado\u201d: conhe\u00e7a a doen\u00e7a natalina - Jornal Fatos e Not\u00edcias","isPartOf":{"@id":"https:\/\/jornalfatosenoticias.com.br\/#website"},"primaryImageOfPage":{"@id":"https:\/\/jornalfatosenoticias.com.br\/index.php\/2024\/12\/20\/sindrome-do-coracao-de-feriado-conheca-a-doenca-natalina\/#primaryimage"},"image":{"@id":"https:\/\/jornalfatosenoticias.com.br\/index.php\/2024\/12\/20\/sindrome-do-coracao-de-feriado-conheca-a-doenca-natalina\/#primaryimage"},"thumbnailUrl":"https:\/\/jornalfatosenoticias.com.br\/wp-content\/uploads\/2024\/12\/sindrome-do-coracao-de-feriado_istock.jpg","datePublished":"2024-12-20T15:52:39+00:00","dateModified":"2024-12-20T15:52:40+00:00","breadcrumb":{"@id":"https:\/\/jornalfatosenoticias.com.br\/index.php\/2024\/12\/20\/sindrome-do-coracao-de-feriado-conheca-a-doenca-natalina\/#breadcrumb"},"inLanguage":"pt-BR","potentialAction":[{"@type":"ReadAction","target":["https:\/\/jornalfatosenoticias.com.br\/index.php\/2024\/12\/20\/sindrome-do-coracao-de-feriado-conheca-a-doenca-natalina\/"]}]},{"@type":"ImageObject","inLanguage":"pt-BR","@id":"https:\/\/jornalfatosenoticias.com.br\/index.php\/2024\/12\/20\/sindrome-do-coracao-de-feriado-conheca-a-doenca-natalina\/#primaryimage","url":"https:\/\/jornalfatosenoticias.com.br\/wp-content\/uploads\/2024\/12\/sindrome-do-coracao-de-feriado_istock.jpg","contentUrl":"https:\/\/jornalfatosenoticias.com.br\/wp-content\/uploads\/2024\/12\/sindrome-do-coracao-de-feriado_istock.jpg","width":612,"height":408,"caption":"Happy man"},{"@type":"BreadcrumbList","@id":"https:\/\/jornalfatosenoticias.com.br\/index.php\/2024\/12\/20\/sindrome-do-coracao-de-feriado-conheca-a-doenca-natalina\/#breadcrumb","itemListElement":[{"@type":"ListItem","position":1,"name":"In\u00edcio","item":"https:\/\/jornalfatosenoticias.com.br\/"},{"@type":"ListItem","position":2,"name":"\u201cS\u00edndrome do cora\u00e7\u00e3o de feriado\u201d: conhe\u00e7a a doen\u00e7a natalina"}]},{"@type":"WebSite","@id":"https:\/\/jornalfatosenoticias.com.br\/#website","url":"https:\/\/jornalfatosenoticias.com.br\/","name":"Jornal Fatos e Not\u00edcias","description":"Not\u00edcias em geral","publisher":{"@id":"https:\/\/jornalfatosenoticias.com.br\/#organization"},"potentialAction":[{"@type":"SearchAction","target":{"@type":"EntryPoint","urlTemplate":"https:\/\/jornalfatosenoticias.com.br\/?s={search_term_string}"},"query-input":{"@type":"PropertyValueSpecification","valueRequired":true,"valueName":"search_term_string"}}],"inLanguage":"pt-BR"},{"@type":"Organization","@id":"https:\/\/jornalfatosenoticias.com.br\/#organization","name":"Jornal Fatos e Not\u00edcias","url":"https:\/\/jornalfatosenoticias.com.br\/","logo":{"@type":"ImageObject","inLanguage":"pt-BR","@id":"https:\/\/jornalfatosenoticias.com.br\/#\/schema\/logo\/image\/","url":"https:\/\/jornalfatosenoticias.com.br\/wp-content\/uploads\/2020\/02\/logo120.png","contentUrl":"https:\/\/jornalfatosenoticias.com.br\/wp-content\/uploads\/2020\/02\/logo120.png","width":1227,"height":120,"caption":"Jornal Fatos e Not\u00edcias"},"image":{"@id":"https:\/\/jornalfatosenoticias.com.br\/#\/schema\/logo\/image\/"}},{"@type":"Person","@id":"https:\/\/jornalfatosenoticias.com.br\/#\/schema\/person\/d63837fa13ac8666eb9e74e0985d6f81","name":"Luzimara Fernandes","image":{"@type":"ImageObject","inLanguage":"pt-BR","@id":"https:\/\/jornalfatosenoticias.com.br\/#\/schema\/person\/image\/","url":"https:\/\/jornalfatosenoticias.com.br\/wp-content\/uploads\/2025\/05\/EU_portal.jpg","contentUrl":"https:\/\/jornalfatosenoticias.com.br\/wp-content\/uploads\/2025\/05\/EU_portal.jpg","caption":"Luzimara Fernandes"},"description":"Jornalista MTB 2358-ES","sameAs":["https:\/\/jornalfatosenoticias.com.br"],"url":"https:\/\/jornalfatosenoticias.com.br\/index.php\/author\/luzimara\/"}]}},"cc_featured_image_caption":{"caption_text":"(Foto: iStock) ","source_text":"","source_url":""},"jetpack_featured_media_url":"https:\/\/jornalfatosenoticias.com.br\/wp-content\/uploads\/2024\/12\/sindrome-do-coracao-de-feriado_istock.jpg","_links":{"self":[{"href":"https:\/\/jornalfatosenoticias.com.br\/index.php\/wp-json\/wp\/v2\/posts\/56549","targetHints":{"allow":["GET"]}}],"collection":[{"href":"https:\/\/jornalfatosenoticias.com.br\/index.php\/wp-json\/wp\/v2\/posts"}],"about":[{"href":"https:\/\/jornalfatosenoticias.com.br\/index.php\/wp-json\/wp\/v2\/types\/post"}],"author":[{"embeddable":true,"href":"https:\/\/jornalfatosenoticias.com.br\/index.php\/wp-json\/wp\/v2\/users\/2"}],"replies":[{"embeddable":true,"href":"https:\/\/jornalfatosenoticias.com.br\/index.php\/wp-json\/wp\/v2\/comments?post=56549"}],"version-history":[{"count":0,"href":"https:\/\/jornalfatosenoticias.com.br\/index.php\/wp-json\/wp\/v2\/posts\/56549\/revisions"}],"wp:featuredmedia":[{"embeddable":true,"href":"https:\/\/jornalfatosenoticias.com.br\/index.php\/wp-json\/wp\/v2\/media\/56550"}],"wp:attachment":[{"href":"https:\/\/jornalfatosenoticias.com.br\/index.php\/wp-json\/wp\/v2\/media?parent=56549"}],"wp:term":[{"taxonomy":"category","embeddable":true,"href":"https:\/\/jornalfatosenoticias.com.br\/index.php\/wp-json\/wp\/v2\/categories?post=56549"},{"taxonomy":"post_tag","embeddable":true,"href":"https:\/\/jornalfatosenoticias.com.br\/index.php\/wp-json\/wp\/v2\/tags?post=56549"}],"curies":[{"name":"wp","href":"https:\/\/api.w.org\/{rel}","templated":true}]}}