{"id":56584,"date":"2024-12-26T20:13:21","date_gmt":"2024-12-26T23:13:21","guid":{"rendered":"https:\/\/jornalfatosenoticias.com.br\/?p=56584"},"modified":"2024-12-26T20:13:23","modified_gmt":"2024-12-26T23:13:23","slug":"aos-queridos-professores-um-feliz-2025","status":"publish","type":"post","link":"https:\/\/jornalfatosenoticias.com.br\/index.php\/2024\/12\/26\/aos-queridos-professores-um-feliz-2025\/","title":{"rendered":"Aos queridos professores, um feliz 2025!"},"content":{"rendered":"\n<div class=\"wp-block-image\"><figure class=\"aligncenter size-large\"><a href=\"https:\/\/mizu.com.br\/\"><img loading=\"lazy\" decoding=\"async\" width=\"729\" height=\"90\" src=\"https:\/\/jornalfatosenoticias.com.br\/wp-content\/uploads\/2020\/02\/Logo_Mizu.png\" alt=\"\" class=\"wp-image-1441\" srcset=\"https:\/\/jornalfatosenoticias.com.br\/wp-content\/uploads\/2020\/02\/Logo_Mizu.png 729w, https:\/\/jornalfatosenoticias.com.br\/wp-content\/uploads\/2020\/02\/Logo_Mizu-300x37.png 300w\" sizes=\"auto, (max-width: 729px) 100vw, 729px\" \/><\/a><\/figure><\/div>\n\n\n\n<p>Aos professores que, com sua paix\u00e3o, paci\u00eancia e comprometimento, moldam mentes, inspiram sonhos e deixam uma marca duradoura em nossas vidas. A esses grandes autores que dedicam suas vidas ao ensino, guiando-nos na busca do conhecimento e do crescimento pessoal. Aqui, deixamos registrado nosso carinho e reconhecimento a todos os mestres. Sei que muitos, nesse ano de 2024, com suas atitudes, trouxeram o brilho nos olhos de cada aluno, deixando a marca do reflexo do seu esfor\u00e7o e dedica\u00e7\u00e3o. Que nunca falte amor, paci\u00eancia e reconhecimento pelo trabalho incr\u00edvel que voc\u00eas fazem.<\/p>\n\n\n\n<div class=\"wp-block-image\"><figure class=\"aligncenter size-large is-resized\"><a href=\"https:\/\/www.ithbrasil.com.br\/\"><img loading=\"lazy\" decoding=\"async\" src=\"https:\/\/jornalfatosenoticias.com.br\/wp-content\/uploads\/2023\/08\/ITH.jpeg\" alt=\"\" class=\"wp-image-44638\" width=\"325\" height=\"264\" srcset=\"https:\/\/jornalfatosenoticias.com.br\/wp-content\/uploads\/2023\/08\/ITH.jpeg 800w, https:\/\/jornalfatosenoticias.com.br\/wp-content\/uploads\/2023\/08\/ITH-300x244.jpeg 300w, https:\/\/jornalfatosenoticias.com.br\/wp-content\/uploads\/2023\/08\/ITH-768x624.jpeg 768w\" sizes=\"auto, (max-width: 325px) 100vw, 325px\" \/><\/a><\/figure><\/div>\n\n\n\n<p>\u2022 Mestre, voc\u00ea \u00e9 a luz que ilumina nosso caminho!<br>\u2022 A educa\u00e7\u00e3o \u00e9 a chave para um futuro melhor. Obrigado por abrir portas!<br>\u2022 Voc\u00ea ensina com amor e dedica\u00e7\u00e3o. Gratid\u00e3o sempre!<br>\u2022 Cada aula sua \u00e9 um passo em dire\u00e7\u00e3o ao sucesso.<br>\u2022 Ser mestre \u00e9 ser um verdadeiro artista da educa\u00e7\u00e3o.<\/p>\n\n\n\n<div class=\"wp-block-image\"><figure class=\"aligncenter size-large is-resized\"><a href=\"https:\/\/hotelmarquetti.com.br\/\"><img loading=\"lazy\" decoding=\"async\" src=\"https:\/\/jornalfatosenoticias.com.br\/wp-content\/uploads\/2023\/03\/nova-logo-Marquetti.jpg\" alt=\"\" class=\"wp-image-40207\" width=\"323\" height=\"217\" srcset=\"https:\/\/jornalfatosenoticias.com.br\/wp-content\/uploads\/2023\/03\/nova-logo-Marquetti.jpg 643w, https:\/\/jornalfatosenoticias.com.br\/wp-content\/uploads\/2023\/03\/nova-logo-Marquetti-300x202.jpg 300w\" sizes=\"auto, (max-width: 323px) 100vw, 323px\" \/><\/a><\/figure><\/div>\n\n\n\n<p>2024 foi o ano em que os queridos professores fru\u00edram de maneira incr\u00edvel com a habilidade de despertar a curiosidade e promover amor pelo aprendizado. Muito. No final deste ano letivo, plantou motiva\u00e7\u00e3o por suas palavras inspiradoras. Um professor inesquec\u00edvel faz uso de v\u00e1rios m\u00e9todos, seja ele de exposi\u00e7\u00e3o pelo professor, de trabalho independente, de elabora\u00e7\u00e3o conjunta, de trabalho em grupo.<\/p>\n\n\n\n<div class=\"wp-block-image\"><figure class=\"aligncenter size-large is-resized\"><a href=\"https:\/\/www.instagram.com\/serra4x4cambioautomatico\/\"><img loading=\"lazy\" decoding=\"async\" src=\"https:\/\/jornalfatosenoticias.com.br\/wp-content\/uploads\/2024\/08\/Serra-4x4-1-886x1024.jpg\" alt=\"\" class=\"wp-image-53632\" width=\"306\" height=\"353\" srcset=\"https:\/\/jornalfatosenoticias.com.br\/wp-content\/uploads\/2024\/08\/Serra-4x4-1-886x1024.jpg 886w, https:\/\/jornalfatosenoticias.com.br\/wp-content\/uploads\/2024\/08\/Serra-4x4-1-260x300.jpg 260w, https:\/\/jornalfatosenoticias.com.br\/wp-content\/uploads\/2024\/08\/Serra-4x4-1-768x888.jpg 768w, https:\/\/jornalfatosenoticias.com.br\/wp-content\/uploads\/2024\/08\/Serra-4x4-1.jpg 1181w\" sizes=\"auto, (max-width: 306px) 100vw, 306px\" \/><\/a><\/figure><\/div>\n\n\n\n<p>Os m\u00e9todos e as t\u00e9cnicas utilizadas cabem a cada professor decidir dentro de suas necessidades e caracter\u00edsticas. Os professores encontram alegria em ver seus alunos crescerem e brilharem, desenvolvendo novas habilidades e terem sucesso acad\u00eamico. A felicidade de um professor vem de testemunhar o impacto que eles t\u00eam na vida de seus alunos e saber que est\u00e3o fazendo a diferen\u00e7a na forma\u00e7\u00e3o de seus futuros e que sejam os protagonistas, n\u00e3o apenas espectadores.<\/p>\n\n\n\n<div class=\"wp-block-image\"><figure class=\"aligncenter size-large is-resized\"><a href=\"https:\/\/www.instagram.com\/esteiochurrascaria\/\"><img loading=\"lazy\" decoding=\"async\" src=\"https:\/\/jornalfatosenoticias.com.br\/wp-content\/uploads\/2022\/02\/LOGO-ESTEIO-1024x730.png\" alt=\"\" class=\"wp-image-27942\" width=\"348\" height=\"248\" srcset=\"https:\/\/jornalfatosenoticias.com.br\/wp-content\/uploads\/2022\/02\/LOGO-ESTEIO-1024x730.png 1024w, https:\/\/jornalfatosenoticias.com.br\/wp-content\/uploads\/2022\/02\/LOGO-ESTEIO-300x214.png 300w, https:\/\/jornalfatosenoticias.com.br\/wp-content\/uploads\/2022\/02\/LOGO-ESTEIO-768x548.png 768w, https:\/\/jornalfatosenoticias.com.br\/wp-content\/uploads\/2022\/02\/LOGO-ESTEIO.png 1123w\" sizes=\"auto, (max-width: 348px) 100vw, 348px\" \/><\/a><\/figure><\/div>\n\n\n\n<p>O professor \u00e9 aquele que n\u00e3o mede esfor\u00e7os e desempenha um papel essencial no desenvolvimento dos alunos, mas tamb\u00e9m da forma\u00e7\u00e3o humana, sendo respons\u00e1vel por planejar e executar estrat\u00e9gias pedag\u00f3gicas adequadas ao est\u00e1gio de aprendizagem de cada estudante. Professores s\u00e3o aqueles que tornaram poss\u00edveis todas as impossibilidades no ano letivo, abra\u00e7ando a causa de cada aluno, principalmente dos alunos inclusivos, mas s\u00e3o, sobretudo, aqueles que sabem que ensinar \u00e9 praticar a mais bela e complexa arte da pedagogia positiva: cultivando a emo\u00e7\u00e3o e expandindo a intelig\u00eancia.<\/p>\n\n\n\n<div class=\"wp-block-image\"><figure class=\"aligncenter size-large is-resized\"><a href=\"https:\/\/www.instagram.com\/ligadossaborespizzaria\/\"><img loading=\"lazy\" decoding=\"async\" src=\"https:\/\/jornalfatosenoticias.com.br\/wp-content\/uploads\/2024\/09\/WhatsApp-Image-2024-09-14-at-22.46.10-819x1024.jpeg\" alt=\"\" class=\"wp-image-54180\" width=\"277\" height=\"346\" srcset=\"https:\/\/jornalfatosenoticias.com.br\/wp-content\/uploads\/2024\/09\/WhatsApp-Image-2024-09-14-at-22.46.10-819x1024.jpeg 819w, https:\/\/jornalfatosenoticias.com.br\/wp-content\/uploads\/2024\/09\/WhatsApp-Image-2024-09-14-at-22.46.10-240x300.jpeg 240w, https:\/\/jornalfatosenoticias.com.br\/wp-content\/uploads\/2024\/09\/WhatsApp-Image-2024-09-14-at-22.46.10-768x960.jpeg 768w, https:\/\/jornalfatosenoticias.com.br\/wp-content\/uploads\/2024\/09\/WhatsApp-Image-2024-09-14-at-22.46.10.jpeg 1024w\" sizes=\"auto, (max-width: 277px) 100vw, 277px\" \/><\/a><\/figure><\/div>\n\n\n\n<p>Quando se aproxima o final do ano pode-se sentir que a profiss\u00e3o de professor exige muita motiva\u00e7\u00e3o, alegria e dinamismo. Entretanto, nessa caminhada, muitas vezes, alguns professores, infelizmente, sentem-se desmotivados e sem alegria. Que 2025 seja um ano motivador e de reconhecimento ao of\u00edcio, com sal\u00e1rio digno e que se construa uma rotina de trabalho dentro do ambiente escolar que proporcione o melhor de si. <\/p>\n\n\n\n<div class=\"wp-block-image\"><figure class=\"aligncenter size-large\"><a href=\"https:\/\/cesconetto.com.br\/\"><img loading=\"lazy\" decoding=\"async\" width=\"300\" height=\"250\" src=\"https:\/\/jornalfatosenoticias.com.br\/wp-content\/uploads\/2020\/02\/Banner-2.png\" alt=\"\" class=\"wp-image-43787\"\/><\/a><\/figure><\/div>\n\n\n\n<blockquote class=\"wp-block-quote is-layout-flow wp-block-quote-is-layout-flow\"><p><span class=\"has-inline-color has-luminous-vivid-orange-color\">O maior educador n\u00e3o \u00e9 o que controla, mas o que liberta. N\u00e3o \u00e9 o que aponta os erros, mas o que os previne. N\u00e3o \u00e9 o que corrige comportamentos, mas o que ensina a refletir\u201d, Augusto Cury.<\/span><\/p><\/blockquote>\n\n\n\n<div class=\"wp-block-image\"><figure class=\"aligncenter size-large is-resized\"><a href=\"https:\/\/www.instagram.com\/restaurantepegoretti\/\"><img loading=\"lazy\" decoding=\"async\" src=\"https:\/\/jornalfatosenoticias.com.br\/wp-content\/uploads\/2023\/12\/pegoretti-logo-pdf-1024x389.jpg\" alt=\"\" class=\"wp-image-47536\" width=\"417\" height=\"158\" srcset=\"https:\/\/jornalfatosenoticias.com.br\/wp-content\/uploads\/2023\/12\/pegoretti-logo-pdf-1024x389.jpg 1024w, https:\/\/jornalfatosenoticias.com.br\/wp-content\/uploads\/2023\/12\/pegoretti-logo-pdf-300x114.jpg 300w, https:\/\/jornalfatosenoticias.com.br\/wp-content\/uploads\/2023\/12\/pegoretti-logo-pdf-768x291.jpg 768w, https:\/\/jornalfatosenoticias.com.br\/wp-content\/uploads\/2023\/12\/pegoretti-logo-pdf.jpg 1120w\" sizes=\"auto, (max-width: 417px) 100vw, 417px\" \/><\/a><\/figure><\/div>\n\n\n\n<p>Que este ano seja superado pelos desafios e intemp\u00e9ries enfrentados do ano corrente, que a felicidade, o amor, a esperan\u00e7a, a perseveran\u00e7a, a f\u00e9, a paz e a determina\u00e7\u00e3o venham em dobro no pr\u00f3ximo ano. A todos os professores, o nosso obrigado por tudo, e que continuem lutando e desbravando por uma educa\u00e7\u00e3o cada vez melhor, sempre. O per\u00edodo agora \u00e9 de descanso permitindo que os professores cuidem de si mesmos, dos seus desejos, recuperar energias e aventuras. <\/p>\n\n\n\n<div class=\"wp-block-image\"><figure class=\"aligncenter size-large is-resized\"><a href=\"https:\/\/www.instagram.com\/vmais.midias\/\"><img loading=\"lazy\" decoding=\"async\" src=\"https:\/\/jornalfatosenoticias.com.br\/wp-content\/uploads\/2020\/02\/DE-MAIS-DESTAQUE-VMAIS-800X700.png\" alt=\"\" class=\"wp-image-53112\" width=\"298\" height=\"260\" srcset=\"https:\/\/jornalfatosenoticias.com.br\/wp-content\/uploads\/2020\/02\/DE-MAIS-DESTAQUE-VMAIS-800X700.png 800w, https:\/\/jornalfatosenoticias.com.br\/wp-content\/uploads\/2020\/02\/DE-MAIS-DESTAQUE-VMAIS-800X700-300x263.png 300w, https:\/\/jornalfatosenoticias.com.br\/wp-content\/uploads\/2020\/02\/DE-MAIS-DESTAQUE-VMAIS-800X700-768x672.png 768w\" sizes=\"auto, (max-width: 298px) 100vw, 298px\" \/><\/a><\/figure><\/div>\n\n\n\n<p><strong><span class=\"has-inline-color has-vivid-purple-color\">As f\u00e9rias s\u00e3o importantes para a sa\u00fade mental dos professores, pois permitem que eles:<br><\/span><\/strong>\u2022 Desconectem-se do trabalho e dos estudos;<br>\u2022 Restaurem o equil\u00edbrio emocional;<br>\u2022 Recuperem a energia mental;<br>\u2022 Reduzam o risco de burnout;<br>\u2022 Previnam problemas de sa\u00fade mental, como ansiedade e depress\u00e3o;<br>\u2022 Fortale\u00e7am a resili\u00eancia emocional;<br>\u2022 Cultivem uma perspectiva positiva;<br>\u2022 Melhorem a qualidade de vida.<\/p>\n\n\n\n<div class=\"wp-block-image\"><figure class=\"aligncenter size-large is-resized\"><a href=\"https:\/\/www.facebook.com\/vetor.vix\/\"><img loading=\"lazy\" decoding=\"async\" src=\"https:\/\/jornalfatosenoticias.com.br\/wp-content\/uploads\/2023\/09\/vetorvix1024_1.jpg\" alt=\"\" class=\"wp-image-44868\" width=\"528\" height=\"140\" srcset=\"https:\/\/jornalfatosenoticias.com.br\/wp-content\/uploads\/2023\/09\/vetorvix1024_1.jpg 1024w, https:\/\/jornalfatosenoticias.com.br\/wp-content\/uploads\/2023\/09\/vetorvix1024_1-300x80.jpg 300w, https:\/\/jornalfatosenoticias.com.br\/wp-content\/uploads\/2023\/09\/vetorvix1024_1-768x205.jpg 768w\" sizes=\"auto, (max-width: 528px) 100vw, 528px\" \/><\/a><\/figure><\/div>\n\n\n\n<p>Essa \u00e9 a oportunidade que os professores se permitem para se desconectar das demandas profissionais e engajar-se em atividades prazerosas que venham proporcionar um al\u00edvio significativo do estresse acumulado.<\/p>\n","protected":false},"excerpt":{"rendered":"<p>Aos professores que, com sua paix\u00e3o, paci\u00eancia e comprometimento, moldam mentes, inspiram sonhos e deixam uma marca duradoura em nossas vidas. A esses grandes autores que dedicam suas vidas ao ensino, guiando-nos na busca do conhecimento e do crescimento pessoal. Aqui, deixamos registrado nosso carinho e reconhecimento a todos os mestres. Sei que muitos, nesse [&hellip;]<\/p>\n","protected":false},"author":35,"featured_media":56585,"comment_status":"open","ping_status":"open","sticky":false,"template":"","format":"standard","meta":{"footnotes":""},"categories":[7],"tags":[17544,24275,19010,3531,357,14049],"class_list":["post-56584","post","type-post","status-publish","format-standard","has-post-thumbnail","hentry","category-educacao","tag-ano-novo","tag-dedicacao","tag-mestres","tag-paciencia","tag-professores","tag-reconhecimento"],"yoast_head":"<!-- This site is optimized with the Yoast SEO plugin v26.5 - https:\/\/yoast.com\/wordpress\/plugins\/seo\/ -->\n<title>Aos queridos professores, um feliz 2025! - Jornal Fatos e Not\u00edcias<\/title>\n<meta name=\"robots\" content=\"index, follow, max-snippet:-1, max-image-preview:large, max-video-preview:-1\" \/>\n<link rel=\"canonical\" href=\"https:\/\/jornalfatosenoticias.com.br\/index.php\/2024\/12\/26\/aos-queridos-professores-um-feliz-2025\/\" \/>\n<meta property=\"og:locale\" content=\"pt_BR\" \/>\n<meta property=\"og:type\" content=\"article\" \/>\n<meta property=\"og:title\" content=\"Aos queridos professores, um feliz 2025! - Jornal Fatos e Not\u00edcias\" \/>\n<meta property=\"og:description\" content=\"Aos professores que, com sua paix\u00e3o, paci\u00eancia e comprometimento, moldam mentes, inspiram sonhos e deixam uma marca duradoura em nossas vidas. A esses grandes autores que dedicam suas vidas ao ensino, guiando-nos na busca do conhecimento e do crescimento pessoal. Aqui, deixamos registrado nosso carinho e reconhecimento a todos os mestres. Sei que muitos, nesse [&hellip;]\" \/>\n<meta property=\"og:url\" content=\"https:\/\/jornalfatosenoticias.com.br\/index.php\/2024\/12\/26\/aos-queridos-professores-um-feliz-2025\/\" \/>\n<meta property=\"og:site_name\" content=\"Jornal Fatos e Not\u00edcias\" \/>\n<meta property=\"article:published_time\" content=\"2024-12-26T23:13:21+00:00\" \/>\n<meta property=\"article:modified_time\" content=\"2024-12-26T23:13:23+00:00\" \/>\n<meta property=\"og:image\" content=\"https:\/\/jornalfatosenoticias.com.br\/wp-content\/uploads\/2024\/12\/texto-Leia-Flauzina_istock.jpg\" \/>\n\t<meta property=\"og:image:width\" content=\"612\" \/>\n\t<meta property=\"og:image:height\" content=\"397\" \/>\n\t<meta property=\"og:image:type\" content=\"image\/jpeg\" \/>\n<meta name=\"author\" content=\"L\u00e9ia Flauzina\" \/>\n<meta name=\"twitter:card\" content=\"summary_large_image\" \/>\n<meta name=\"twitter:label1\" content=\"Escrito por\" \/>\n\t<meta name=\"twitter:data1\" content=\"L\u00e9ia Flauzina\" \/>\n\t<meta name=\"twitter:label2\" content=\"Est. tempo de leitura\" \/>\n\t<meta name=\"twitter:data2\" content=\"3 minutos\" \/>\n<script type=\"application\/ld+json\" class=\"yoast-schema-graph\">{\"@context\":\"https:\/\/schema.org\",\"@graph\":[{\"@type\":\"Article\",\"@id\":\"https:\/\/jornalfatosenoticias.com.br\/index.php\/2024\/12\/26\/aos-queridos-professores-um-feliz-2025\/#article\",\"isPartOf\":{\"@id\":\"https:\/\/jornalfatosenoticias.com.br\/index.php\/2024\/12\/26\/aos-queridos-professores-um-feliz-2025\/\"},\"author\":{\"name\":\"L\u00e9ia Flauzina\",\"@id\":\"https:\/\/jornalfatosenoticias.com.br\/#\/schema\/person\/4a992c9d5e2ea219b74162b89d96b273\"},\"headline\":\"Aos queridos professores, um feliz 2025!\",\"datePublished\":\"2024-12-26T23:13:21+00:00\",\"dateModified\":\"2024-12-26T23:13:23+00:00\",\"mainEntityOfPage\":{\"@id\":\"https:\/\/jornalfatosenoticias.com.br\/index.php\/2024\/12\/26\/aos-queridos-professores-um-feliz-2025\/\"},\"wordCount\":683,\"commentCount\":0,\"publisher\":{\"@id\":\"https:\/\/jornalfatosenoticias.com.br\/#organization\"},\"image\":{\"@id\":\"https:\/\/jornalfatosenoticias.com.br\/index.php\/2024\/12\/26\/aos-queridos-professores-um-feliz-2025\/#primaryimage\"},\"thumbnailUrl\":\"https:\/\/jornalfatosenoticias.com.br\/wp-content\/uploads\/2024\/12\/texto-Leia-Flauzina_istock.jpg\",\"keywords\":[\"Ano Novo\",\"dedica\u00e7\u00e3o\",\"mestres\",\"paci\u00eancia\",\"professores\",\"reconhecimento\"],\"articleSection\":[\"Educa\u00e7\u00e3o\"],\"inLanguage\":\"pt-BR\",\"potentialAction\":[{\"@type\":\"CommentAction\",\"name\":\"Comment\",\"target\":[\"https:\/\/jornalfatosenoticias.com.br\/index.php\/2024\/12\/26\/aos-queridos-professores-um-feliz-2025\/#respond\"]}]},{\"@type\":\"WebPage\",\"@id\":\"https:\/\/jornalfatosenoticias.com.br\/index.php\/2024\/12\/26\/aos-queridos-professores-um-feliz-2025\/\",\"url\":\"https:\/\/jornalfatosenoticias.com.br\/index.php\/2024\/12\/26\/aos-queridos-professores-um-feliz-2025\/\",\"name\":\"Aos queridos professores, um feliz 2025! - Jornal Fatos e Not\u00edcias\",\"isPartOf\":{\"@id\":\"https:\/\/jornalfatosenoticias.com.br\/#website\"},\"primaryImageOfPage\":{\"@id\":\"https:\/\/jornalfatosenoticias.com.br\/index.php\/2024\/12\/26\/aos-queridos-professores-um-feliz-2025\/#primaryimage\"},\"image\":{\"@id\":\"https:\/\/jornalfatosenoticias.com.br\/index.php\/2024\/12\/26\/aos-queridos-professores-um-feliz-2025\/#primaryimage\"},\"thumbnailUrl\":\"https:\/\/jornalfatosenoticias.com.br\/wp-content\/uploads\/2024\/12\/texto-Leia-Flauzina_istock.jpg\",\"datePublished\":\"2024-12-26T23:13:21+00:00\",\"dateModified\":\"2024-12-26T23:13:23+00:00\",\"breadcrumb\":{\"@id\":\"https:\/\/jornalfatosenoticias.com.br\/index.php\/2024\/12\/26\/aos-queridos-professores-um-feliz-2025\/#breadcrumb\"},\"inLanguage\":\"pt-BR\",\"potentialAction\":[{\"@type\":\"ReadAction\",\"target\":[\"https:\/\/jornalfatosenoticias.com.br\/index.php\/2024\/12\/26\/aos-queridos-professores-um-feliz-2025\/\"]}]},{\"@type\":\"ImageObject\",\"inLanguage\":\"pt-BR\",\"@id\":\"https:\/\/jornalfatosenoticias.com.br\/index.php\/2024\/12\/26\/aos-queridos-professores-um-feliz-2025\/#primaryimage\",\"url\":\"https:\/\/jornalfatosenoticias.com.br\/wp-content\/uploads\/2024\/12\/texto-Leia-Flauzina_istock.jpg\",\"contentUrl\":\"https:\/\/jornalfatosenoticias.com.br\/wp-content\/uploads\/2024\/12\/texto-Leia-Flauzina_istock.jpg\",\"width\":612,\"height\":397},{\"@type\":\"BreadcrumbList\",\"@id\":\"https:\/\/jornalfatosenoticias.com.br\/index.php\/2024\/12\/26\/aos-queridos-professores-um-feliz-2025\/#breadcrumb\",\"itemListElement\":[{\"@type\":\"ListItem\",\"position\":1,\"name\":\"In\u00edcio\",\"item\":\"https:\/\/jornalfatosenoticias.com.br\/\"},{\"@type\":\"ListItem\",\"position\":2,\"name\":\"Aos queridos professores, um feliz 2025!\"}]},{\"@type\":\"WebSite\",\"@id\":\"https:\/\/jornalfatosenoticias.com.br\/#website\",\"url\":\"https:\/\/jornalfatosenoticias.com.br\/\",\"name\":\"Jornal Fatos e Not\u00edcias\",\"description\":\"Not\u00edcias em geral\",\"publisher\":{\"@id\":\"https:\/\/jornalfatosenoticias.com.br\/#organization\"},\"potentialAction\":[{\"@type\":\"SearchAction\",\"target\":{\"@type\":\"EntryPoint\",\"urlTemplate\":\"https:\/\/jornalfatosenoticias.com.br\/?s={search_term_string}\"},\"query-input\":{\"@type\":\"PropertyValueSpecification\",\"valueRequired\":true,\"valueName\":\"search_term_string\"}}],\"inLanguage\":\"pt-BR\"},{\"@type\":\"Organization\",\"@id\":\"https:\/\/jornalfatosenoticias.com.br\/#organization\",\"name\":\"Jornal Fatos e Not\u00edcias\",\"url\":\"https:\/\/jornalfatosenoticias.com.br\/\",\"logo\":{\"@type\":\"ImageObject\",\"inLanguage\":\"pt-BR\",\"@id\":\"https:\/\/jornalfatosenoticias.com.br\/#\/schema\/logo\/image\/\",\"url\":\"https:\/\/jornalfatosenoticias.com.br\/wp-content\/uploads\/2020\/02\/logo120.png\",\"contentUrl\":\"https:\/\/jornalfatosenoticias.com.br\/wp-content\/uploads\/2020\/02\/logo120.png\",\"width\":1227,\"height\":120,\"caption\":\"Jornal Fatos e Not\u00edcias\"},\"image\":{\"@id\":\"https:\/\/jornalfatosenoticias.com.br\/#\/schema\/logo\/image\/\"}},{\"@type\":\"Person\",\"@id\":\"https:\/\/jornalfatosenoticias.com.br\/#\/schema\/person\/4a992c9d5e2ea219b74162b89d96b273\",\"name\":\"L\u00e9ia Flauzina\",\"image\":{\"@type\":\"ImageObject\",\"inLanguage\":\"pt-BR\",\"@id\":\"https:\/\/jornalfatosenoticias.com.br\/#\/schema\/person\/image\/\",\"url\":\"https:\/\/jornalfatosenoticias.com.br\/wp-content\/uploads\/2024\/02\/Leia_Flauzina-removebg-preview-150x150.png\",\"contentUrl\":\"https:\/\/jornalfatosenoticias.com.br\/wp-content\/uploads\/2024\/02\/Leia_Flauzina-removebg-preview-150x150.png\",\"caption\":\"L\u00e9ia Flauzina\"},\"description\":\"Psicopedagoga, Neuropsicopedagoga, Especialista em Autismo, Neuroci\u00eancia, Aprendizagem e Mestre em Educa\u00e7\u00e3o, Escritora, Palestrante e Neuroterapeuta\",\"url\":\"https:\/\/jornalfatosenoticias.com.br\/index.php\/author\/leia-flauzina\/\"}]}<\/script>\n<!-- \/ Yoast SEO plugin. -->","yoast_head_json":{"title":"Aos queridos professores, um feliz 2025! - Jornal Fatos e Not\u00edcias","robots":{"index":"index","follow":"follow","max-snippet":"max-snippet:-1","max-image-preview":"max-image-preview:large","max-video-preview":"max-video-preview:-1"},"canonical":"https:\/\/jornalfatosenoticias.com.br\/index.php\/2024\/12\/26\/aos-queridos-professores-um-feliz-2025\/","og_locale":"pt_BR","og_type":"article","og_title":"Aos queridos professores, um feliz 2025! - Jornal Fatos e Not\u00edcias","og_description":"Aos professores que, com sua paix\u00e3o, paci\u00eancia e comprometimento, moldam mentes, inspiram sonhos e deixam uma marca duradoura em nossas vidas. A esses grandes autores que dedicam suas vidas ao ensino, guiando-nos na busca do conhecimento e do crescimento pessoal. Aqui, deixamos registrado nosso carinho e reconhecimento a todos os mestres. Sei que muitos, nesse [&hellip;]","og_url":"https:\/\/jornalfatosenoticias.com.br\/index.php\/2024\/12\/26\/aos-queridos-professores-um-feliz-2025\/","og_site_name":"Jornal Fatos e Not\u00edcias","article_published_time":"2024-12-26T23:13:21+00:00","article_modified_time":"2024-12-26T23:13:23+00:00","og_image":[{"width":612,"height":397,"url":"https:\/\/jornalfatosenoticias.com.br\/wp-content\/uploads\/2024\/12\/texto-Leia-Flauzina_istock.jpg","type":"image\/jpeg"}],"author":"L\u00e9ia Flauzina","twitter_card":"summary_large_image","twitter_misc":{"Escrito por":"L\u00e9ia Flauzina","Est. tempo de leitura":"3 minutos"},"schema":{"@context":"https:\/\/schema.org","@graph":[{"@type":"Article","@id":"https:\/\/jornalfatosenoticias.com.br\/index.php\/2024\/12\/26\/aos-queridos-professores-um-feliz-2025\/#article","isPartOf":{"@id":"https:\/\/jornalfatosenoticias.com.br\/index.php\/2024\/12\/26\/aos-queridos-professores-um-feliz-2025\/"},"author":{"name":"L\u00e9ia Flauzina","@id":"https:\/\/jornalfatosenoticias.com.br\/#\/schema\/person\/4a992c9d5e2ea219b74162b89d96b273"},"headline":"Aos queridos professores, um feliz 2025!","datePublished":"2024-12-26T23:13:21+00:00","dateModified":"2024-12-26T23:13:23+00:00","mainEntityOfPage":{"@id":"https:\/\/jornalfatosenoticias.com.br\/index.php\/2024\/12\/26\/aos-queridos-professores-um-feliz-2025\/"},"wordCount":683,"commentCount":0,"publisher":{"@id":"https:\/\/jornalfatosenoticias.com.br\/#organization"},"image":{"@id":"https:\/\/jornalfatosenoticias.com.br\/index.php\/2024\/12\/26\/aos-queridos-professores-um-feliz-2025\/#primaryimage"},"thumbnailUrl":"https:\/\/jornalfatosenoticias.com.br\/wp-content\/uploads\/2024\/12\/texto-Leia-Flauzina_istock.jpg","keywords":["Ano Novo","dedica\u00e7\u00e3o","mestres","paci\u00eancia","professores","reconhecimento"],"articleSection":["Educa\u00e7\u00e3o"],"inLanguage":"pt-BR","potentialAction":[{"@type":"CommentAction","name":"Comment","target":["https:\/\/jornalfatosenoticias.com.br\/index.php\/2024\/12\/26\/aos-queridos-professores-um-feliz-2025\/#respond"]}]},{"@type":"WebPage","@id":"https:\/\/jornalfatosenoticias.com.br\/index.php\/2024\/12\/26\/aos-queridos-professores-um-feliz-2025\/","url":"https:\/\/jornalfatosenoticias.com.br\/index.php\/2024\/12\/26\/aos-queridos-professores-um-feliz-2025\/","name":"Aos queridos professores, um feliz 2025! - Jornal Fatos e Not\u00edcias","isPartOf":{"@id":"https:\/\/jornalfatosenoticias.com.br\/#website"},"primaryImageOfPage":{"@id":"https:\/\/jornalfatosenoticias.com.br\/index.php\/2024\/12\/26\/aos-queridos-professores-um-feliz-2025\/#primaryimage"},"image":{"@id":"https:\/\/jornalfatosenoticias.com.br\/index.php\/2024\/12\/26\/aos-queridos-professores-um-feliz-2025\/#primaryimage"},"thumbnailUrl":"https:\/\/jornalfatosenoticias.com.br\/wp-content\/uploads\/2024\/12\/texto-Leia-Flauzina_istock.jpg","datePublished":"2024-12-26T23:13:21+00:00","dateModified":"2024-12-26T23:13:23+00:00","breadcrumb":{"@id":"https:\/\/jornalfatosenoticias.com.br\/index.php\/2024\/12\/26\/aos-queridos-professores-um-feliz-2025\/#breadcrumb"},"inLanguage":"pt-BR","potentialAction":[{"@type":"ReadAction","target":["https:\/\/jornalfatosenoticias.com.br\/index.php\/2024\/12\/26\/aos-queridos-professores-um-feliz-2025\/"]}]},{"@type":"ImageObject","inLanguage":"pt-BR","@id":"https:\/\/jornalfatosenoticias.com.br\/index.php\/2024\/12\/26\/aos-queridos-professores-um-feliz-2025\/#primaryimage","url":"https:\/\/jornalfatosenoticias.com.br\/wp-content\/uploads\/2024\/12\/texto-Leia-Flauzina_istock.jpg","contentUrl":"https:\/\/jornalfatosenoticias.com.br\/wp-content\/uploads\/2024\/12\/texto-Leia-Flauzina_istock.jpg","width":612,"height":397},{"@type":"BreadcrumbList","@id":"https:\/\/jornalfatosenoticias.com.br\/index.php\/2024\/12\/26\/aos-queridos-professores-um-feliz-2025\/#breadcrumb","itemListElement":[{"@type":"ListItem","position":1,"name":"In\u00edcio","item":"https:\/\/jornalfatosenoticias.com.br\/"},{"@type":"ListItem","position":2,"name":"Aos queridos professores, um feliz 2025!"}]},{"@type":"WebSite","@id":"https:\/\/jornalfatosenoticias.com.br\/#website","url":"https:\/\/jornalfatosenoticias.com.br\/","name":"Jornal Fatos e Not\u00edcias","description":"Not\u00edcias em geral","publisher":{"@id":"https:\/\/jornalfatosenoticias.com.br\/#organization"},"potentialAction":[{"@type":"SearchAction","target":{"@type":"EntryPoint","urlTemplate":"https:\/\/jornalfatosenoticias.com.br\/?s={search_term_string}"},"query-input":{"@type":"PropertyValueSpecification","valueRequired":true,"valueName":"search_term_string"}}],"inLanguage":"pt-BR"},{"@type":"Organization","@id":"https:\/\/jornalfatosenoticias.com.br\/#organization","name":"Jornal Fatos e Not\u00edcias","url":"https:\/\/jornalfatosenoticias.com.br\/","logo":{"@type":"ImageObject","inLanguage":"pt-BR","@id":"https:\/\/jornalfatosenoticias.com.br\/#\/schema\/logo\/image\/","url":"https:\/\/jornalfatosenoticias.com.br\/wp-content\/uploads\/2020\/02\/logo120.png","contentUrl":"https:\/\/jornalfatosenoticias.com.br\/wp-content\/uploads\/2020\/02\/logo120.png","width":1227,"height":120,"caption":"Jornal Fatos e Not\u00edcias"},"image":{"@id":"https:\/\/jornalfatosenoticias.com.br\/#\/schema\/logo\/image\/"}},{"@type":"Person","@id":"https:\/\/jornalfatosenoticias.com.br\/#\/schema\/person\/4a992c9d5e2ea219b74162b89d96b273","name":"L\u00e9ia Flauzina","image":{"@type":"ImageObject","inLanguage":"pt-BR","@id":"https:\/\/jornalfatosenoticias.com.br\/#\/schema\/person\/image\/","url":"https:\/\/jornalfatosenoticias.com.br\/wp-content\/uploads\/2024\/02\/Leia_Flauzina-removebg-preview-150x150.png","contentUrl":"https:\/\/jornalfatosenoticias.com.br\/wp-content\/uploads\/2024\/02\/Leia_Flauzina-removebg-preview-150x150.png","caption":"L\u00e9ia Flauzina"},"description":"Psicopedagoga, Neuropsicopedagoga, Especialista em Autismo, Neuroci\u00eancia, Aprendizagem e Mestre em Educa\u00e7\u00e3o, Escritora, Palestrante e Neuroterapeuta","url":"https:\/\/jornalfatosenoticias.com.br\/index.php\/author\/leia-flauzina\/"}]}},"cc_featured_image_caption":{"caption_text":"(Foto: iStock) ","source_text":"","source_url":""},"jetpack_featured_media_url":"https:\/\/jornalfatosenoticias.com.br\/wp-content\/uploads\/2024\/12\/texto-Leia-Flauzina_istock.jpg","_links":{"self":[{"href":"https:\/\/jornalfatosenoticias.com.br\/index.php\/wp-json\/wp\/v2\/posts\/56584","targetHints":{"allow":["GET"]}}],"collection":[{"href":"https:\/\/jornalfatosenoticias.com.br\/index.php\/wp-json\/wp\/v2\/posts"}],"about":[{"href":"https:\/\/jornalfatosenoticias.com.br\/index.php\/wp-json\/wp\/v2\/types\/post"}],"author":[{"embeddable":true,"href":"https:\/\/jornalfatosenoticias.com.br\/index.php\/wp-json\/wp\/v2\/users\/35"}],"replies":[{"embeddable":true,"href":"https:\/\/jornalfatosenoticias.com.br\/index.php\/wp-json\/wp\/v2\/comments?post=56584"}],"version-history":[{"count":0,"href":"https:\/\/jornalfatosenoticias.com.br\/index.php\/wp-json\/wp\/v2\/posts\/56584\/revisions"}],"wp:featuredmedia":[{"embeddable":true,"href":"https:\/\/jornalfatosenoticias.com.br\/index.php\/wp-json\/wp\/v2\/media\/56585"}],"wp:attachment":[{"href":"https:\/\/jornalfatosenoticias.com.br\/index.php\/wp-json\/wp\/v2\/media?parent=56584"}],"wp:term":[{"taxonomy":"category","embeddable":true,"href":"https:\/\/jornalfatosenoticias.com.br\/index.php\/wp-json\/wp\/v2\/categories?post=56584"},{"taxonomy":"post_tag","embeddable":true,"href":"https:\/\/jornalfatosenoticias.com.br\/index.php\/wp-json\/wp\/v2\/tags?post=56584"}],"curies":[{"name":"wp","href":"https:\/\/api.w.org\/{rel}","templated":true}]}}