{"id":56598,"date":"2024-12-26T20:47:22","date_gmt":"2024-12-26T23:47:22","guid":{"rendered":"https:\/\/jornalfatosenoticias.com.br\/?p=56598"},"modified":"2024-12-26T20:47:23","modified_gmt":"2024-12-26T23:47:23","slug":"a-liberdade-de-recomecar-como-liderar-com-clareza-e-proposito-em-tempos-de-transicao","status":"publish","type":"post","link":"https:\/\/jornalfatosenoticias.com.br\/index.php\/2024\/12\/26\/a-liberdade-de-recomecar-como-liderar-com-clareza-e-proposito-em-tempos-de-transicao\/","title":{"rendered":"A liberdade de recome\u00e7ar: como liderar com clareza e prop\u00f3sito em tempos de transi\u00e7\u00e3o"},"content":{"rendered":"\n<div class=\"wp-block-image\"><figure class=\"aligncenter size-large is-resized\"><a href=\"https:\/\/www.facebook.com\/vetor.vix\/\"><img loading=\"lazy\" decoding=\"async\" src=\"https:\/\/jornalfatosenoticias.com.br\/wp-content\/uploads\/2023\/09\/vetorvix1024_1.jpg\" alt=\"\" class=\"wp-image-44868\" width=\"599\" height=\"159\" srcset=\"https:\/\/jornalfatosenoticias.com.br\/wp-content\/uploads\/2023\/09\/vetorvix1024_1.jpg 1024w, https:\/\/jornalfatosenoticias.com.br\/wp-content\/uploads\/2023\/09\/vetorvix1024_1-300x80.jpg 300w, https:\/\/jornalfatosenoticias.com.br\/wp-content\/uploads\/2023\/09\/vetorvix1024_1-768x205.jpg 768w\" sizes=\"auto, (max-width: 599px) 100vw, 599px\" \/><\/a><\/figure><\/div>\n\n\n\n<p>O final de um ano e o in\u00edcio de outro sempre carregam consigo uma carga simb\u00f3lica poderosa. \u00c9 aquele momento em que paramos, ainda que brevemente, para refletir sobre o que ficou para tr\u00e1s e sonhar com o que vem pela frente. \u00c9 a hora de olhar nos olhos da nossa jornada e nos perguntar: onde chegamos? E, mais importante, para onde queremos ir?<br>Como mulheres e homens que lideram, vendem, planejam e transformam, temos a liberdade \u2014 e a responsabilidade \u2014 de usar esse intervalo como um portal. Um portal para escolhas mais conscientes, lideran\u00e7as mais emp\u00e1ticas e estrat\u00e9gias mais ousadas. A liberdade de recome\u00e7ar n\u00e3o \u00e9 apenas um privil\u00e9gio; \u00e9 um convite.<\/p>\n\n\n\n<div class=\"wp-block-image\"><figure class=\"aligncenter size-large is-resized\"><a href=\"https:\/\/www.facebook.com\/postobkr\/?locale=pt_BR\"><img loading=\"lazy\" decoding=\"async\" src=\"https:\/\/jornalfatosenoticias.com.br\/wp-content\/uploads\/2023\/08\/BKR-1024x1021.jpg\" alt=\"\" class=\"wp-image-44494\" width=\"314\" height=\"313\" srcset=\"https:\/\/jornalfatosenoticias.com.br\/wp-content\/uploads\/2023\/08\/BKR-1024x1021.jpg 1024w, https:\/\/jornalfatosenoticias.com.br\/wp-content\/uploads\/2023\/08\/BKR-300x300.jpg 300w, https:\/\/jornalfatosenoticias.com.br\/wp-content\/uploads\/2023\/08\/BKR-150x150.jpg 150w, https:\/\/jornalfatosenoticias.com.br\/wp-content\/uploads\/2023\/08\/BKR-768x766.jpg 768w, https:\/\/jornalfatosenoticias.com.br\/wp-content\/uploads\/2023\/08\/BKR.jpg 1080w\" sizes=\"auto, (max-width: 314px) 100vw, 314px\" \/><\/a><\/figure><\/div>\n\n\n\n<p><strong><span class=\"has-inline-color has-vivid-cyan-blue-color\">Liberdade para refletir: o que 2024 nos ensinou<br><\/span><\/strong>Antes de nos lan\u00e7armos nos planos para 2025, \u00e9 vital honrar o que vivemos. O que deu certo? O que nos tirou do eixo? Quais decis\u00f5es nos trouxeram resultados e quais nos ensinaram a ser mais resilientes? A liberdade de recome\u00e7ar come\u00e7a pela coragem de olhar para 2024 com generosidade. N\u00e3o se trata de uma lista fria de n\u00fameros ou metas, mas de uma an\u00e1lise humana e honesta. Equipes, mercados e clientes t\u00eam uma linguagem que vai al\u00e9m dos dados: ela fala de confian\u00e7a, prop\u00f3sito e conex\u00e3o.<\/p>\n\n\n\n<div class=\"wp-block-image\"><figure class=\"aligncenter size-large is-resized\"><a href=\"https:\/\/www.controlsystems.com.br\/\"><img loading=\"lazy\" decoding=\"async\" src=\"https:\/\/jornalfatosenoticias.com.br\/wp-content\/uploads\/2020\/02\/CONTROL-CS.jpg\" alt=\"\" class=\"wp-image-44991\" width=\"305\" height=\"365\" srcset=\"https:\/\/jornalfatosenoticias.com.br\/wp-content\/uploads\/2020\/02\/CONTROL-CS.jpg 834w, https:\/\/jornalfatosenoticias.com.br\/wp-content\/uploads\/2020\/02\/CONTROL-CS-250x300.jpg 250w, https:\/\/jornalfatosenoticias.com.br\/wp-content\/uploads\/2020\/02\/CONTROL-CS-768x921.jpg 768w\" sizes=\"auto, (max-width: 305px) 100vw, 305px\" \/><\/a><\/figure><\/div>\n\n\n\n<p><strong><span class=\"has-inline-color has-vivid-cyan-blue-color\">Liberdade para planejar: prop\u00f3sito como guia<br><\/span><\/strong>Ao olhar para 2025, o planejamento deixa de ser uma obriga\u00e7\u00e3o t\u00e9cnica e se torna um ato de cria\u00e7\u00e3o. O que queremos construir? Que impacto queremos deixar? Aqui, a liberdade de recome\u00e7ar exige clareza e prop\u00f3sito. Planejar sem prop\u00f3sito \u00e9 apenas preencher agendas. J\u00e1 um planejamento ancorado em valores \u2014 aqueles que nos movem \u2014 tem o poder de engajar equipes, encantar clientes e, acima de tudo, manter viva a paix\u00e3o pelo que fazemos.<br>Lembre-se: um bom planejamento n\u00e3o \u00e9 aquele que controla tudo, mas o que nos deixa prontos para navegar o imprevis\u00edvel com firmeza e flexibilidade.<\/p>\n\n\n\n<div class=\"wp-block-image\"><figure class=\"aligncenter size-large\"><a href=\"http:\/\/www.ferrarimaquinas.com.br\/\"><img loading=\"lazy\" decoding=\"async\" width=\"300\" height=\"250\" src=\"https:\/\/jornalfatosenoticias.com.br\/wp-content\/uploads\/2022\/02\/FERRARI_MAQUINAS-E-FERRAMENTAS2.jpg\" alt=\"\" class=\"wp-image-27860\"\/><\/a><\/figure><\/div>\n\n\n\n<p><strong><span class=\"has-inline-color has-vivid-cyan-blue-color\">Liberdade para liderar: inspira\u00e7\u00e3o no centro do palco<br><\/span><\/strong>No cora\u00e7\u00e3o de toda grande lideran\u00e7a est\u00e1 a inspira\u00e7\u00e3o. E inspira\u00e7\u00e3o n\u00e3o \u00e9 sobre ter todas as respostas, mas sobre fazer as perguntas certas:<br><strong><span class=\"has-inline-color has-black-color\">\u2022<\/span><\/strong> Como posso servir melhor minha equipe e meus clientes?<br><strong><span class=\"has-inline-color has-black-color\">\u2022<\/span><\/strong> Como posso ser um ponto de equil\u00edbrio e energia neste novo ciclo?<\/p>\n\n\n\n<div class=\"wp-block-image\"><figure class=\"aligncenter size-large is-resized\"><a href=\"https:\/\/www.ithbrasil.com.br\/\"><img loading=\"lazy\" decoding=\"async\" src=\"https:\/\/jornalfatosenoticias.com.br\/wp-content\/uploads\/2023\/08\/ITH.jpeg\" alt=\"\" class=\"wp-image-44638\" width=\"344\" height=\"279\" srcset=\"https:\/\/jornalfatosenoticias.com.br\/wp-content\/uploads\/2023\/08\/ITH.jpeg 800w, https:\/\/jornalfatosenoticias.com.br\/wp-content\/uploads\/2023\/08\/ITH-300x244.jpeg 300w, https:\/\/jornalfatosenoticias.com.br\/wp-content\/uploads\/2023\/08\/ITH-768x624.jpeg 768w\" sizes=\"auto, (max-width: 344px) 100vw, 344px\" \/><\/a><\/figure><\/div>\n\n\n\n<p>Liderar em tempos de transi\u00e7\u00e3o exige sensibilidade. As pessoas ao seu redor, sejam elas colaboradores, parceiros ou clientes, est\u00e3o t\u00e3o esperan\u00e7osas quanto receosas. Elas anseiam por clareza, mas tamb\u00e9m por humanidade. Aqui est\u00e1 o segredo: l\u00edderes que abra\u00e7am a liberdade de recome\u00e7ar n\u00e3o t\u00eam medo de mostrar sua vulnerabilidade. Elas inspiram n\u00e3o por serem perfeitas, mas por serem reais.<\/p>\n\n\n\n<div class=\"wp-block-image\"><figure class=\"aligncenter size-large is-resized\"><a href=\"https:\/\/www.facebook.com\/profile.php?id=100069289606145\"><img loading=\"lazy\" decoding=\"async\" src=\"https:\/\/jornalfatosenoticias.com.br\/wp-content\/uploads\/2024\/11\/Guaitolini-Contabilidade-1024x714.jpeg\" alt=\"\" class=\"wp-image-55808\" width=\"333\" height=\"232\" srcset=\"https:\/\/jornalfatosenoticias.com.br\/wp-content\/uploads\/2024\/11\/Guaitolini-Contabilidade-1024x714.jpeg 1024w, https:\/\/jornalfatosenoticias.com.br\/wp-content\/uploads\/2024\/11\/Guaitolini-Contabilidade-300x209.jpeg 300w, https:\/\/jornalfatosenoticias.com.br\/wp-content\/uploads\/2024\/11\/Guaitolini-Contabilidade-768x535.jpeg 768w, https:\/\/jornalfatosenoticias.com.br\/wp-content\/uploads\/2024\/11\/Guaitolini-Contabilidade.jpeg 1280w\" sizes=\"auto, (max-width: 333px) 100vw, 333px\" \/><\/a><\/figure><\/div>\n\n\n\n<p><strong><span class=\"has-inline-color has-vivid-cyan-blue-color\">Liberdade para mudar: adaptar \u00e9 poder<br><\/span><\/strong>Se h\u00e1 algo que 2024 nos ensinou \u2014 como tantos outros anos recentes \u2014 \u00e9 que o mundo n\u00e3o nos d\u00e1 garantias. Metas podem ser revistas, caminhos podem ser corrigidos, e tudo bem. A liberdade de recome\u00e7ar \u00e9, antes de tudo, a liberdade de mudar. Isso significa estar aberto a novas formas de vender, de comunicar, de entregar valor. Significa acolher a inova\u00e7\u00e3o, sem abandonar o essencial. N\u00e3o \u00e9 sobre mudar por mudar, mas sobre mudar para crescer.<\/p>\n\n\n\n<div class=\"wp-block-image\"><figure class=\"aligncenter size-large is-resized\"><a href=\"https:\/\/www.instagram.com\/ligadossaborespizzaria\/\"><img loading=\"lazy\" decoding=\"async\" src=\"https:\/\/jornalfatosenoticias.com.br\/wp-content\/uploads\/2020\/02\/WhatsApp-Image-2024-10-02-at-08.18.14-819x1024.jpeg\" alt=\"\" class=\"wp-image-54612\" width=\"347\" height=\"433\" srcset=\"https:\/\/jornalfatosenoticias.com.br\/wp-content\/uploads\/2020\/02\/WhatsApp-Image-2024-10-02-at-08.18.14-819x1024.jpeg 819w, https:\/\/jornalfatosenoticias.com.br\/wp-content\/uploads\/2020\/02\/WhatsApp-Image-2024-10-02-at-08.18.14-240x300.jpeg 240w, https:\/\/jornalfatosenoticias.com.br\/wp-content\/uploads\/2020\/02\/WhatsApp-Image-2024-10-02-at-08.18.14-768x960.jpeg 768w, https:\/\/jornalfatosenoticias.com.br\/wp-content\/uploads\/2020\/02\/WhatsApp-Image-2024-10-02-at-08.18.14.jpeg 1024w\" sizes=\"auto, (max-width: 347px) 100vw, 347px\" \/><\/a><\/figure><\/div>\n\n\n\n<p><strong><span class=\"has-inline-color has-vivid-cyan-blue-color\">Um recome\u00e7o com alma<br><\/span><\/strong>2025 est\u00e1 logo ali. Ele traz consigo promessas, desafios e possibilidades. O recome\u00e7o n\u00e3o precisa ser um salto apressado; ele pode ser um movimento consciente e cheio de inten\u00e7\u00e3o. Como mulheres e homens que lideram com prop\u00f3sito, temos a oportunidade de fazer dessa virada de ano algo mais do que um marco no calend\u00e1rio. Podemos transform\u00e1-la em um ato de liberdade. Liberdade para refletir, planejar, liderar e mudar \u2014 sempre com clareza, com empatia e com alma.<\/p>\n\n\n\n<div class=\"wp-block-image\"><figure class=\"aligncenter size-large is-resized\"><a href=\"https:\/\/www.instagram.com\/serra4x4cambioautomatico\/\"><img loading=\"lazy\" decoding=\"async\" src=\"https:\/\/jornalfatosenoticias.com.br\/wp-content\/uploads\/2024\/08\/Serra-4x4-1-886x1024.jpg\" alt=\"\" class=\"wp-image-53632\" width=\"296\" height=\"342\" srcset=\"https:\/\/jornalfatosenoticias.com.br\/wp-content\/uploads\/2024\/08\/Serra-4x4-1-886x1024.jpg 886w, https:\/\/jornalfatosenoticias.com.br\/wp-content\/uploads\/2024\/08\/Serra-4x4-1-260x300.jpg 260w, https:\/\/jornalfatosenoticias.com.br\/wp-content\/uploads\/2024\/08\/Serra-4x4-1-768x888.jpg 768w, https:\/\/jornalfatosenoticias.com.br\/wp-content\/uploads\/2024\/08\/Serra-4x4-1.jpg 1181w\" sizes=\"auto, (max-width: 296px) 100vw, 296px\" \/><\/a><\/figure><\/div>\n\n\n\n<p><em><strong><span class=\"has-inline-color has-vivid-cyan-blue-color\">Que venha 2025! Que venha com prop\u00f3sito. E que possamos, juntos, aceitar o convite de recome\u00e7ar.<\/span><\/strong><\/em><\/p>\n","protected":false},"excerpt":{"rendered":"<p>O final de um ano e o in\u00edcio de outro sempre carregam consigo uma carga simb\u00f3lica poderosa. \u00c9 aquele momento em que paramos, ainda que brevemente, para refletir sobre o que ficou para tr\u00e1s e sonhar com o que vem pela frente. \u00c9 a hora de olhar nos olhos da nossa jornada e nos perguntar: [&hellip;]<\/p>\n","protected":false},"author":37,"featured_media":56599,"comment_status":"open","ping_status":"open","sticky":false,"template":"","format":"standard","meta":{"footnotes":""},"categories":[5],"tags":[1211,20591,25830,12822,17098],"class_list":["post-56598","post","type-post","status-publish","format-standard","has-post-thumbnail","hentry","category-geral","tag-confianca","tag-jornada","tag-liderar","tag-planejamento","tag-recomeco"],"yoast_head":"<!-- This site is optimized with the Yoast SEO plugin v26.5 - https:\/\/yoast.com\/wordpress\/plugins\/seo\/ -->\n<title>A liberdade de recome\u00e7ar: como liderar com clareza e prop\u00f3sito em tempos de transi\u00e7\u00e3o - Jornal Fatos e Not\u00edcias<\/title>\n<meta name=\"robots\" content=\"index, follow, max-snippet:-1, max-image-preview:large, max-video-preview:-1\" \/>\n<link rel=\"canonical\" href=\"https:\/\/jornalfatosenoticias.com.br\/index.php\/2024\/12\/26\/a-liberdade-de-recomecar-como-liderar-com-clareza-e-proposito-em-tempos-de-transicao\/\" \/>\n<meta property=\"og:locale\" content=\"pt_BR\" \/>\n<meta property=\"og:type\" content=\"article\" \/>\n<meta property=\"og:title\" content=\"A liberdade de recome\u00e7ar: como liderar com clareza e prop\u00f3sito em tempos de transi\u00e7\u00e3o - Jornal Fatos e Not\u00edcias\" \/>\n<meta property=\"og:description\" content=\"O final de um ano e o in\u00edcio de outro sempre carregam consigo uma carga simb\u00f3lica poderosa. \u00c9 aquele momento em que paramos, ainda que brevemente, para refletir sobre o que ficou para tr\u00e1s e sonhar com o que vem pela frente. \u00c9 a hora de olhar nos olhos da nossa jornada e nos perguntar: [&hellip;]\" \/>\n<meta property=\"og:url\" content=\"https:\/\/jornalfatosenoticias.com.br\/index.php\/2024\/12\/26\/a-liberdade-de-recomecar-como-liderar-com-clareza-e-proposito-em-tempos-de-transicao\/\" \/>\n<meta property=\"og:site_name\" content=\"Jornal Fatos e Not\u00edcias\" \/>\n<meta property=\"article:published_time\" content=\"2024-12-26T23:47:22+00:00\" \/>\n<meta property=\"article:modified_time\" content=\"2024-12-26T23:47:23+00:00\" \/>\n<meta property=\"og:image\" content=\"https:\/\/jornalfatosenoticias.com.br\/wp-content\/uploads\/2024\/12\/como-liderar-com-clareza-e-proposito-em-tempos-de-transicao_Pinterest.jpg\" \/>\n\t<meta property=\"og:image:width\" content=\"736\" \/>\n\t<meta property=\"og:image:height\" content=\"471\" \/>\n\t<meta property=\"og:image:type\" content=\"image\/jpeg\" \/>\n<meta name=\"author\" content=\"Milena Rohr\" \/>\n<meta name=\"twitter:card\" content=\"summary_large_image\" \/>\n<meta name=\"twitter:label1\" content=\"Escrito por\" \/>\n\t<meta name=\"twitter:data1\" content=\"Milena Rohr\" \/>\n\t<meta name=\"twitter:label2\" content=\"Est. tempo de leitura\" \/>\n\t<meta name=\"twitter:data2\" content=\"3 minutos\" \/>\n<script type=\"application\/ld+json\" class=\"yoast-schema-graph\">{\"@context\":\"https:\/\/schema.org\",\"@graph\":[{\"@type\":\"Article\",\"@id\":\"https:\/\/jornalfatosenoticias.com.br\/index.php\/2024\/12\/26\/a-liberdade-de-recomecar-como-liderar-com-clareza-e-proposito-em-tempos-de-transicao\/#article\",\"isPartOf\":{\"@id\":\"https:\/\/jornalfatosenoticias.com.br\/index.php\/2024\/12\/26\/a-liberdade-de-recomecar-como-liderar-com-clareza-e-proposito-em-tempos-de-transicao\/\"},\"author\":{\"name\":\"Milena Rohr\",\"@id\":\"https:\/\/jornalfatosenoticias.com.br\/#\/schema\/person\/bd76a40517f387e41cc072b0d3c7d627\"},\"headline\":\"A liberdade de recome\u00e7ar: como liderar com clareza e prop\u00f3sito em tempos de transi\u00e7\u00e3o\",\"datePublished\":\"2024-12-26T23:47:22+00:00\",\"dateModified\":\"2024-12-26T23:47:23+00:00\",\"mainEntityOfPage\":{\"@id\":\"https:\/\/jornalfatosenoticias.com.br\/index.php\/2024\/12\/26\/a-liberdade-de-recomecar-como-liderar-com-clareza-e-proposito-em-tempos-de-transicao\/\"},\"wordCount\":659,\"commentCount\":0,\"publisher\":{\"@id\":\"https:\/\/jornalfatosenoticias.com.br\/#organization\"},\"image\":{\"@id\":\"https:\/\/jornalfatosenoticias.com.br\/index.php\/2024\/12\/26\/a-liberdade-de-recomecar-como-liderar-com-clareza-e-proposito-em-tempos-de-transicao\/#primaryimage\"},\"thumbnailUrl\":\"https:\/\/jornalfatosenoticias.com.br\/wp-content\/uploads\/2024\/12\/como-liderar-com-clareza-e-proposito-em-tempos-de-transicao_Pinterest.jpg\",\"keywords\":[\"confian\u00e7a\",\"jornada\",\"liderar\",\"planejamento\",\"recome\u00e7o\"],\"articleSection\":[\"Geral\"],\"inLanguage\":\"pt-BR\",\"potentialAction\":[{\"@type\":\"CommentAction\",\"name\":\"Comment\",\"target\":[\"https:\/\/jornalfatosenoticias.com.br\/index.php\/2024\/12\/26\/a-liberdade-de-recomecar-como-liderar-com-clareza-e-proposito-em-tempos-de-transicao\/#respond\"]}]},{\"@type\":\"WebPage\",\"@id\":\"https:\/\/jornalfatosenoticias.com.br\/index.php\/2024\/12\/26\/a-liberdade-de-recomecar-como-liderar-com-clareza-e-proposito-em-tempos-de-transicao\/\",\"url\":\"https:\/\/jornalfatosenoticias.com.br\/index.php\/2024\/12\/26\/a-liberdade-de-recomecar-como-liderar-com-clareza-e-proposito-em-tempos-de-transicao\/\",\"name\":\"A liberdade de recome\u00e7ar: como liderar com clareza e prop\u00f3sito em tempos de transi\u00e7\u00e3o - Jornal Fatos e Not\u00edcias\",\"isPartOf\":{\"@id\":\"https:\/\/jornalfatosenoticias.com.br\/#website\"},\"primaryImageOfPage\":{\"@id\":\"https:\/\/jornalfatosenoticias.com.br\/index.php\/2024\/12\/26\/a-liberdade-de-recomecar-como-liderar-com-clareza-e-proposito-em-tempos-de-transicao\/#primaryimage\"},\"image\":{\"@id\":\"https:\/\/jornalfatosenoticias.com.br\/index.php\/2024\/12\/26\/a-liberdade-de-recomecar-como-liderar-com-clareza-e-proposito-em-tempos-de-transicao\/#primaryimage\"},\"thumbnailUrl\":\"https:\/\/jornalfatosenoticias.com.br\/wp-content\/uploads\/2024\/12\/como-liderar-com-clareza-e-proposito-em-tempos-de-transicao_Pinterest.jpg\",\"datePublished\":\"2024-12-26T23:47:22+00:00\",\"dateModified\":\"2024-12-26T23:47:23+00:00\",\"breadcrumb\":{\"@id\":\"https:\/\/jornalfatosenoticias.com.br\/index.php\/2024\/12\/26\/a-liberdade-de-recomecar-como-liderar-com-clareza-e-proposito-em-tempos-de-transicao\/#breadcrumb\"},\"inLanguage\":\"pt-BR\",\"potentialAction\":[{\"@type\":\"ReadAction\",\"target\":[\"https:\/\/jornalfatosenoticias.com.br\/index.php\/2024\/12\/26\/a-liberdade-de-recomecar-como-liderar-com-clareza-e-proposito-em-tempos-de-transicao\/\"]}]},{\"@type\":\"ImageObject\",\"inLanguage\":\"pt-BR\",\"@id\":\"https:\/\/jornalfatosenoticias.com.br\/index.php\/2024\/12\/26\/a-liberdade-de-recomecar-como-liderar-com-clareza-e-proposito-em-tempos-de-transicao\/#primaryimage\",\"url\":\"https:\/\/jornalfatosenoticias.com.br\/wp-content\/uploads\/2024\/12\/como-liderar-com-clareza-e-proposito-em-tempos-de-transicao_Pinterest.jpg\",\"contentUrl\":\"https:\/\/jornalfatosenoticias.com.br\/wp-content\/uploads\/2024\/12\/como-liderar-com-clareza-e-proposito-em-tempos-de-transicao_Pinterest.jpg\",\"width\":736,\"height\":471},{\"@type\":\"BreadcrumbList\",\"@id\":\"https:\/\/jornalfatosenoticias.com.br\/index.php\/2024\/12\/26\/a-liberdade-de-recomecar-como-liderar-com-clareza-e-proposito-em-tempos-de-transicao\/#breadcrumb\",\"itemListElement\":[{\"@type\":\"ListItem\",\"position\":1,\"name\":\"In\u00edcio\",\"item\":\"https:\/\/jornalfatosenoticias.com.br\/\"},{\"@type\":\"ListItem\",\"position\":2,\"name\":\"A liberdade de recome\u00e7ar: como liderar com clareza e prop\u00f3sito em tempos de transi\u00e7\u00e3o\"}]},{\"@type\":\"WebSite\",\"@id\":\"https:\/\/jornalfatosenoticias.com.br\/#website\",\"url\":\"https:\/\/jornalfatosenoticias.com.br\/\",\"name\":\"Jornal Fatos e Not\u00edcias\",\"description\":\"Not\u00edcias em geral\",\"publisher\":{\"@id\":\"https:\/\/jornalfatosenoticias.com.br\/#organization\"},\"potentialAction\":[{\"@type\":\"SearchAction\",\"target\":{\"@type\":\"EntryPoint\",\"urlTemplate\":\"https:\/\/jornalfatosenoticias.com.br\/?s={search_term_string}\"},\"query-input\":{\"@type\":\"PropertyValueSpecification\",\"valueRequired\":true,\"valueName\":\"search_term_string\"}}],\"inLanguage\":\"pt-BR\"},{\"@type\":\"Organization\",\"@id\":\"https:\/\/jornalfatosenoticias.com.br\/#organization\",\"name\":\"Jornal Fatos e Not\u00edcias\",\"url\":\"https:\/\/jornalfatosenoticias.com.br\/\",\"logo\":{\"@type\":\"ImageObject\",\"inLanguage\":\"pt-BR\",\"@id\":\"https:\/\/jornalfatosenoticias.com.br\/#\/schema\/logo\/image\/\",\"url\":\"https:\/\/jornalfatosenoticias.com.br\/wp-content\/uploads\/2020\/02\/logo120.png\",\"contentUrl\":\"https:\/\/jornalfatosenoticias.com.br\/wp-content\/uploads\/2020\/02\/logo120.png\",\"width\":1227,\"height\":120,\"caption\":\"Jornal Fatos e Not\u00edcias\"},\"image\":{\"@id\":\"https:\/\/jornalfatosenoticias.com.br\/#\/schema\/logo\/image\/\"}},{\"@type\":\"Person\",\"@id\":\"https:\/\/jornalfatosenoticias.com.br\/#\/schema\/person\/bd76a40517f387e41cc072b0d3c7d627\",\"name\":\"Milena Rohr\",\"image\":{\"@type\":\"ImageObject\",\"inLanguage\":\"pt-BR\",\"@id\":\"https:\/\/jornalfatosenoticias.com.br\/#\/schema\/person\/image\/\",\"url\":\"https:\/\/jornalfatosenoticias.com.br\/wp-content\/uploads\/2026\/03\/Milena-Rohr_portal-150x150.jpg\",\"contentUrl\":\"https:\/\/jornalfatosenoticias.com.br\/wp-content\/uploads\/2026\/03\/Milena-Rohr_portal-150x150.jpg\",\"caption\":\"Milena Rohr\"},\"description\":\"Milena Rohr S\u00f3cia e diretora do MasterMind (Funda\u00e7\u00e3o Napoleon Hill), Gestora Empresarial, Embaixadora do BNI, Palestrante, Escritora, Colunista e Mentora FRST do Grupo Falconi\",\"url\":\"https:\/\/jornalfatosenoticias.com.br\/index.php\/author\/milena-rhor\/\"}]}<\/script>\n<!-- \/ Yoast SEO plugin. -->","yoast_head_json":{"title":"A liberdade de recome\u00e7ar: como liderar com clareza e prop\u00f3sito em tempos de transi\u00e7\u00e3o - Jornal Fatos e Not\u00edcias","robots":{"index":"index","follow":"follow","max-snippet":"max-snippet:-1","max-image-preview":"max-image-preview:large","max-video-preview":"max-video-preview:-1"},"canonical":"https:\/\/jornalfatosenoticias.com.br\/index.php\/2024\/12\/26\/a-liberdade-de-recomecar-como-liderar-com-clareza-e-proposito-em-tempos-de-transicao\/","og_locale":"pt_BR","og_type":"article","og_title":"A liberdade de recome\u00e7ar: como liderar com clareza e prop\u00f3sito em tempos de transi\u00e7\u00e3o - Jornal Fatos e Not\u00edcias","og_description":"O final de um ano e o in\u00edcio de outro sempre carregam consigo uma carga simb\u00f3lica poderosa. \u00c9 aquele momento em que paramos, ainda que brevemente, para refletir sobre o que ficou para tr\u00e1s e sonhar com o que vem pela frente. \u00c9 a hora de olhar nos olhos da nossa jornada e nos perguntar: [&hellip;]","og_url":"https:\/\/jornalfatosenoticias.com.br\/index.php\/2024\/12\/26\/a-liberdade-de-recomecar-como-liderar-com-clareza-e-proposito-em-tempos-de-transicao\/","og_site_name":"Jornal Fatos e Not\u00edcias","article_published_time":"2024-12-26T23:47:22+00:00","article_modified_time":"2024-12-26T23:47:23+00:00","og_image":[{"width":736,"height":471,"url":"https:\/\/jornalfatosenoticias.com.br\/wp-content\/uploads\/2024\/12\/como-liderar-com-clareza-e-proposito-em-tempos-de-transicao_Pinterest.jpg","type":"image\/jpeg"}],"author":"Milena Rohr","twitter_card":"summary_large_image","twitter_misc":{"Escrito por":"Milena Rohr","Est. tempo de leitura":"3 minutos"},"schema":{"@context":"https:\/\/schema.org","@graph":[{"@type":"Article","@id":"https:\/\/jornalfatosenoticias.com.br\/index.php\/2024\/12\/26\/a-liberdade-de-recomecar-como-liderar-com-clareza-e-proposito-em-tempos-de-transicao\/#article","isPartOf":{"@id":"https:\/\/jornalfatosenoticias.com.br\/index.php\/2024\/12\/26\/a-liberdade-de-recomecar-como-liderar-com-clareza-e-proposito-em-tempos-de-transicao\/"},"author":{"name":"Milena Rohr","@id":"https:\/\/jornalfatosenoticias.com.br\/#\/schema\/person\/bd76a40517f387e41cc072b0d3c7d627"},"headline":"A liberdade de recome\u00e7ar: como liderar com clareza e prop\u00f3sito em tempos de transi\u00e7\u00e3o","datePublished":"2024-12-26T23:47:22+00:00","dateModified":"2024-12-26T23:47:23+00:00","mainEntityOfPage":{"@id":"https:\/\/jornalfatosenoticias.com.br\/index.php\/2024\/12\/26\/a-liberdade-de-recomecar-como-liderar-com-clareza-e-proposito-em-tempos-de-transicao\/"},"wordCount":659,"commentCount":0,"publisher":{"@id":"https:\/\/jornalfatosenoticias.com.br\/#organization"},"image":{"@id":"https:\/\/jornalfatosenoticias.com.br\/index.php\/2024\/12\/26\/a-liberdade-de-recomecar-como-liderar-com-clareza-e-proposito-em-tempos-de-transicao\/#primaryimage"},"thumbnailUrl":"https:\/\/jornalfatosenoticias.com.br\/wp-content\/uploads\/2024\/12\/como-liderar-com-clareza-e-proposito-em-tempos-de-transicao_Pinterest.jpg","keywords":["confian\u00e7a","jornada","liderar","planejamento","recome\u00e7o"],"articleSection":["Geral"],"inLanguage":"pt-BR","potentialAction":[{"@type":"CommentAction","name":"Comment","target":["https:\/\/jornalfatosenoticias.com.br\/index.php\/2024\/12\/26\/a-liberdade-de-recomecar-como-liderar-com-clareza-e-proposito-em-tempos-de-transicao\/#respond"]}]},{"@type":"WebPage","@id":"https:\/\/jornalfatosenoticias.com.br\/index.php\/2024\/12\/26\/a-liberdade-de-recomecar-como-liderar-com-clareza-e-proposito-em-tempos-de-transicao\/","url":"https:\/\/jornalfatosenoticias.com.br\/index.php\/2024\/12\/26\/a-liberdade-de-recomecar-como-liderar-com-clareza-e-proposito-em-tempos-de-transicao\/","name":"A liberdade de recome\u00e7ar: como liderar com clareza e prop\u00f3sito em tempos de transi\u00e7\u00e3o - Jornal Fatos e Not\u00edcias","isPartOf":{"@id":"https:\/\/jornalfatosenoticias.com.br\/#website"},"primaryImageOfPage":{"@id":"https:\/\/jornalfatosenoticias.com.br\/index.php\/2024\/12\/26\/a-liberdade-de-recomecar-como-liderar-com-clareza-e-proposito-em-tempos-de-transicao\/#primaryimage"},"image":{"@id":"https:\/\/jornalfatosenoticias.com.br\/index.php\/2024\/12\/26\/a-liberdade-de-recomecar-como-liderar-com-clareza-e-proposito-em-tempos-de-transicao\/#primaryimage"},"thumbnailUrl":"https:\/\/jornalfatosenoticias.com.br\/wp-content\/uploads\/2024\/12\/como-liderar-com-clareza-e-proposito-em-tempos-de-transicao_Pinterest.jpg","datePublished":"2024-12-26T23:47:22+00:00","dateModified":"2024-12-26T23:47:23+00:00","breadcrumb":{"@id":"https:\/\/jornalfatosenoticias.com.br\/index.php\/2024\/12\/26\/a-liberdade-de-recomecar-como-liderar-com-clareza-e-proposito-em-tempos-de-transicao\/#breadcrumb"},"inLanguage":"pt-BR","potentialAction":[{"@type":"ReadAction","target":["https:\/\/jornalfatosenoticias.com.br\/index.php\/2024\/12\/26\/a-liberdade-de-recomecar-como-liderar-com-clareza-e-proposito-em-tempos-de-transicao\/"]}]},{"@type":"ImageObject","inLanguage":"pt-BR","@id":"https:\/\/jornalfatosenoticias.com.br\/index.php\/2024\/12\/26\/a-liberdade-de-recomecar-como-liderar-com-clareza-e-proposito-em-tempos-de-transicao\/#primaryimage","url":"https:\/\/jornalfatosenoticias.com.br\/wp-content\/uploads\/2024\/12\/como-liderar-com-clareza-e-proposito-em-tempos-de-transicao_Pinterest.jpg","contentUrl":"https:\/\/jornalfatosenoticias.com.br\/wp-content\/uploads\/2024\/12\/como-liderar-com-clareza-e-proposito-em-tempos-de-transicao_Pinterest.jpg","width":736,"height":471},{"@type":"BreadcrumbList","@id":"https:\/\/jornalfatosenoticias.com.br\/index.php\/2024\/12\/26\/a-liberdade-de-recomecar-como-liderar-com-clareza-e-proposito-em-tempos-de-transicao\/#breadcrumb","itemListElement":[{"@type":"ListItem","position":1,"name":"In\u00edcio","item":"https:\/\/jornalfatosenoticias.com.br\/"},{"@type":"ListItem","position":2,"name":"A liberdade de recome\u00e7ar: como liderar com clareza e prop\u00f3sito em tempos de transi\u00e7\u00e3o"}]},{"@type":"WebSite","@id":"https:\/\/jornalfatosenoticias.com.br\/#website","url":"https:\/\/jornalfatosenoticias.com.br\/","name":"Jornal Fatos e Not\u00edcias","description":"Not\u00edcias em geral","publisher":{"@id":"https:\/\/jornalfatosenoticias.com.br\/#organization"},"potentialAction":[{"@type":"SearchAction","target":{"@type":"EntryPoint","urlTemplate":"https:\/\/jornalfatosenoticias.com.br\/?s={search_term_string}"},"query-input":{"@type":"PropertyValueSpecification","valueRequired":true,"valueName":"search_term_string"}}],"inLanguage":"pt-BR"},{"@type":"Organization","@id":"https:\/\/jornalfatosenoticias.com.br\/#organization","name":"Jornal Fatos e Not\u00edcias","url":"https:\/\/jornalfatosenoticias.com.br\/","logo":{"@type":"ImageObject","inLanguage":"pt-BR","@id":"https:\/\/jornalfatosenoticias.com.br\/#\/schema\/logo\/image\/","url":"https:\/\/jornalfatosenoticias.com.br\/wp-content\/uploads\/2020\/02\/logo120.png","contentUrl":"https:\/\/jornalfatosenoticias.com.br\/wp-content\/uploads\/2020\/02\/logo120.png","width":1227,"height":120,"caption":"Jornal Fatos e Not\u00edcias"},"image":{"@id":"https:\/\/jornalfatosenoticias.com.br\/#\/schema\/logo\/image\/"}},{"@type":"Person","@id":"https:\/\/jornalfatosenoticias.com.br\/#\/schema\/person\/bd76a40517f387e41cc072b0d3c7d627","name":"Milena Rohr","image":{"@type":"ImageObject","inLanguage":"pt-BR","@id":"https:\/\/jornalfatosenoticias.com.br\/#\/schema\/person\/image\/","url":"https:\/\/jornalfatosenoticias.com.br\/wp-content\/uploads\/2026\/03\/Milena-Rohr_portal-150x150.jpg","contentUrl":"https:\/\/jornalfatosenoticias.com.br\/wp-content\/uploads\/2026\/03\/Milena-Rohr_portal-150x150.jpg","caption":"Milena Rohr"},"description":"Milena Rohr S\u00f3cia e diretora do MasterMind (Funda\u00e7\u00e3o Napoleon Hill), Gestora Empresarial, Embaixadora do BNI, Palestrante, Escritora, Colunista e Mentora FRST do Grupo Falconi","url":"https:\/\/jornalfatosenoticias.com.br\/index.php\/author\/milena-rhor\/"}]}},"cc_featured_image_caption":{"caption_text":"(Foto: Pinterest) ","source_text":"","source_url":""},"jetpack_featured_media_url":"https:\/\/jornalfatosenoticias.com.br\/wp-content\/uploads\/2024\/12\/como-liderar-com-clareza-e-proposito-em-tempos-de-transicao_Pinterest.jpg","_links":{"self":[{"href":"https:\/\/jornalfatosenoticias.com.br\/index.php\/wp-json\/wp\/v2\/posts\/56598","targetHints":{"allow":["GET"]}}],"collection":[{"href":"https:\/\/jornalfatosenoticias.com.br\/index.php\/wp-json\/wp\/v2\/posts"}],"about":[{"href":"https:\/\/jornalfatosenoticias.com.br\/index.php\/wp-json\/wp\/v2\/types\/post"}],"author":[{"embeddable":true,"href":"https:\/\/jornalfatosenoticias.com.br\/index.php\/wp-json\/wp\/v2\/users\/37"}],"replies":[{"embeddable":true,"href":"https:\/\/jornalfatosenoticias.com.br\/index.php\/wp-json\/wp\/v2\/comments?post=56598"}],"version-history":[{"count":0,"href":"https:\/\/jornalfatosenoticias.com.br\/index.php\/wp-json\/wp\/v2\/posts\/56598\/revisions"}],"wp:featuredmedia":[{"embeddable":true,"href":"https:\/\/jornalfatosenoticias.com.br\/index.php\/wp-json\/wp\/v2\/media\/56599"}],"wp:attachment":[{"href":"https:\/\/jornalfatosenoticias.com.br\/index.php\/wp-json\/wp\/v2\/media?parent=56598"}],"wp:term":[{"taxonomy":"category","embeddable":true,"href":"https:\/\/jornalfatosenoticias.com.br\/index.php\/wp-json\/wp\/v2\/categories?post=56598"},{"taxonomy":"post_tag","embeddable":true,"href":"https:\/\/jornalfatosenoticias.com.br\/index.php\/wp-json\/wp\/v2\/tags?post=56598"}],"curies":[{"name":"wp","href":"https:\/\/api.w.org\/{rel}","templated":true}]}}